{"id":2829,"date":"2023-08-02T13:44:05","date_gmt":"2023-08-02T13:44:05","guid":{"rendered":"https:\/\/www.belgae.be\/nl\/blog\/het-belgische-minimalisme-in-mode-in-zwart-en-wit\/"},"modified":"2023-08-02T13:47:54","modified_gmt":"2023-08-02T13:47:54","slug":"het-belgische-minimalisme-in-de-mode-zwart-en-wit","status":"publish","type":"post","link":"https:\/\/www.belgae.be\/nl\/blog\/het-belgische-minimalisme-in-de-mode-zwart-en-wit\/","title":{"rendered":"Het Belgische Minimalisme in Mode: In Zwart en Wit"},"content":{"rendered":"<p>Ontketen je innerlijke chic met &#8220;Belgisch Minimalisme in Mode: In Zwart en Wit&#8221;. Ontdek hoe Belgische ontwerpers meesterlijk eenvoud, elegantie en functionaliteit combineren. <\/p>\n<p>Duik in een wereld waar minder meer is. Leer waarom monochrome tinten het toppunt van tijdloze stijl zijn in deze modewereld.<\/p>\n<p>Maak je klaar voor een minimalistische revolutie die de wereldwijde mode-industrie op zijn kop zet!<\/p>\n<section class=\"contentTable_table\">\n<p class=\"contentTable_title\">Inhoudstafel: <\/p>\n<p class=\"contentTable_elem\"><a href=\"#balise_0\">1. Het Principe van Minimalisme in Mode: Schoonheid in Eenvoud<\/a><\/p>\n<p class=\"contentTable_elem\"><a href=\"#balise_1\">2. Korte Geschiedenis van Belgisch Minimalisme<\/a><\/p>\n<p class=\"contentTable_elem\"><a href=\"#balise_2\">3. De Rol van Belgi\u00eb in de Europese Minimalistische Beweging<\/a><\/p>\n<p class=\"contentTable_elem\"><a href=\"#balise_3\">4. De Pioniers van Belgisch Minimalisme in Grafische Kunst<\/a><\/p>\n<p class=\"contentTable_elem\"><a href=\"#balise_4\">5. De Invloed van Belgische Architectuur op Minimalisme in Mode<\/a><\/p>\n<p class=\"contentTable_elem\"><a href=\"#balise_5\">6. Gebruik van Zwart en Wit om Gestroomlijnde Silhouetten te Cre\u00ebren<\/a><\/p>\n<p class=\"contentTable_elem\"><a href=\"#balise_6\">7. De Favoriete Stoffen en Materialen in Minimalistische Mode<\/a><\/p>\n<p class=\"contentTable_elem\"><a href=\"#balise_7\">8. De Iconische Scheppers van Belgisch Minimalisme<\/a><\/p>\n<p class=\"contentTable_elem\"><a href=\"#balise_8\">9. Belgisch Minimalisme in Mode: Een Discrete Luxe<\/a><\/p>\n<p class=\"contentTable_elem\"><a href=\"#balise_9\">10. Belgisch Minimalisme en Duurzaamheid: Verantwoorde Praktijken in de Mode<\/a><\/p>\n<p class=\"contentTable_elem\"><a href=\"#balise_10\">11. Wetenschap: Waarom Mengen Zwart en Wit Zo Goed Als Kleuren?<\/a><\/p>\n<p class=\"contentTable_elem\"><a href=\"#balise_11\">12. Minimalisme en Psychologie: Analyse van de Effecten van Zwart en Wit op de Geest<\/a><\/p>\n<p class=\"contentTable_elem\"><a href=\"#balise_12\">13. De Toekomst van Belgisch Minimalisme: Voorspellingen over de Toekomstige Beweging<\/a><\/p>\n<\/section>\n<p><img loading=\"lazy\" decoding=\"async\" class=\"lazyload articleImageSquare_CGEN\" height=\"400\" width=\"400\" src=\"https:\/\/www.belgae.be\/imageHolder\/\/wp-content\/uploads\/sites\/2\/2023\/07\/loading-spinner-belgae.gif\" data-src=\"https:\/\/www.belgae.be\/imageHolder\/\/wp-content\/uploads\/sites\/2\/2023\/08\/tmpbuqafdau.jpg\" alt=\"tmpbuqafdau\" \/><\/p>\n<h2 id=\"balise_0\">Het Principe van Minimalisme in Mode: Schoonheid in Eenvoud<\/h2>\n<p>Minimalisme is meer dan alleen een design esthetiek; het is een levenswijze. In de wereld van mode, omarmt minimalisme eenvoud en strakke lijnen voor het cre\u00ebren van tijdloze stukken die elegantie uitstralen. <\/p>\n<p>Het Belgische minimalisme tilt dit concept nog verder door in elk kledingstuk een artistieke touch te integreren. Deze unieke benadering resulteert in subtiele ontwerpen met oog voor detail.<\/p>\n<p>De kracht ligt in de harmonie tussen vorm, functie en schoonheid. Het gaat niet alleen om wat zichtbaar is, maar ook om het onzichtbare dat bijdraagt aan de algehele ervaring.<\/p>\n<p>Door deze filosofie blijven minimalistische ontwerpen altijd relevant en modieuws-ongeacht trends of seizoenen. Het bewijst dat ware stijl nooit verouderd raakt.<\/p>\n<p>Dit maakt minimalisme tot een waardevolle investering &#8211; zowel op gebied van mode als lifestyle keuze &#8211; die jarenlang meegaat zonder zijn waarde of aantrekkingskracht te verliezen.<\/p>\n<p><img loading=\"lazy\" decoding=\"async\" class=\"lazyload articleImageSquare_CGEN\" height=\"400\" width=\"400\" src=\"https:\/\/www.belgae.be\/imageHolder\/\/wp-content\/uploads\/sites\/2\/2023\/07\/loading-spinner-belgae.gif\" data-src=\"https:\/\/www.belgae.be\/imageHolder\/\/wp-content\/uploads\/sites\/2\/2023\/08\/tmpctgg4veq.jpg\" alt=\"tmpctgg4veq\" \/><\/p>\n<h2 id=\"balise_1\">Korte Geschiedenis van Belgisch Minimalisme<\/h2>\n<p>Belgi\u00eb staat al lang bekend als een centrum voor creativiteit en innovatie, vooral op het gebied van mode. De wortels van de Belgische minimalisme vinden hun oorsprong in de jaren 80. Ontwerpers zoals Martin Margiela en Ann Demeulemeester kwamen toen naar voren met hun avant-garde benadering.<\/p>\n<p>Het land heeft altijd getalenteerde individuen gehuisvest die bereid zijn om conventies te doorbreken. Deze dappere houding heeft het pad geplaveid voor een unieke esthetiek die nu wereldwijd wordt erkend.<\/p>\n<p>De invloedrijke ontwerpen hebben niet alleen de manier veranderd waarop mensen over mode denken, maar ook hoe ze zich kleden. Het is deze impact die Belgi\u00eb op de kaart zet als toonaangevende speler in de internationale modewereld.<\/p>\n<p>Tegenwoordig blijft Belgi\u00eb nieuwe talenten produceren die trouw blijven aan deze erfenis van innovatie en originaliteit. Ze blijven grenzen verleggen, waardoor Belgi\u00eb \u00e9\u00e9n van &#8216;s werelds meest gerespecteerde modedestinaties is geworden.<\/p>\n<p><img loading=\"lazy\" decoding=\"async\" class=\"lazyload articleImageSquare_CGEN\" height=\"400\" width=\"400\" src=\"https:\/\/www.belgae.be\/imageHolder\/\/wp-content\/uploads\/sites\/2\/2023\/07\/loading-spinner-belgae.gif\" data-src=\"https:\/\/www.belgae.be\/imageHolder\/\/wp-content\/uploads\/sites\/2\/2023\/08\/tmpbt_1xuns.jpg\" alt=\"tmpbt_1xuns\" \/><\/p>\n<h2 id=\"balise_2\">De Rol van Belgi\u00eb in de Europese Minimalistische Beweging<\/h2>\n<p>Met zijn rijke culturele erfgoed, werd Belgi\u00eb snel cruciaal in het vormgeven van de Europese minimalistische beweging. De unieke mix van kunstzinnigheid en terughoudendheid trok aandacht uit alle hoeken, waardoor het een broedplaats werd voor echt opmerkelijk talent.<\/p>\n<p>Dankzij deze invloeden kon Belgi\u00eb zich onderscheiden op het wereldtoneel. De creatieve geesten hier hebben altijd hun stempel gedrukt met subtiele maar krachtige uitingen.<\/p>\n<p>Deze combinatie heeft ertoe geleid dat Belgi\u00eb niet alleen erkend wordt om zijn bier en wafels. Het is ook bekend om de bijdrage aan de kunstwereld, vooral binnen de minimalistische stroming.<\/p>\n<p>Het land straalt een bepaald niveau van verfijning uit dat zelden te vinden is elders. Dit maakt Belgium tot een gewild doel voor kenners en liefhebbers van minimalisme overal ter wereld.<\/p>\n<p>Kortom, Belgi\u00eb blijft indruk maken door haar vermogen om betekenisvolle impact te cre\u00ebren in diverse domeinen &#8211; niet in het minst binnen de grenzen van minimalisme.<\/p>\n<p><img loading=\"lazy\" decoding=\"async\" class=\"lazyload articleImageSquare_CGEN\" height=\"400\" width=\"400\" src=\"https:\/\/www.belgae.be\/imageHolder\/\/wp-content\/uploads\/sites\/2\/2023\/07\/loading-spinner-belgae.gif\" data-src=\"https:\/\/www.belgae.be\/imageHolder\/\/wp-content\/uploads\/sites\/2\/2023\/08\/tmpsvc7kmep.jpg\" alt=\"tmpsvc7kmep\" \/><\/p>\n<h2 id=\"balise_3\">De Pioniers van Belgisch Minimalisme in Grafische Kunst<\/h2>\n<p>Belgische kunstenaars zoals Ren\u00e9 Magritte en Piet Mondrian hebben in de vroege 20e eeuw de basis gelegd voor minimalistische grafische kunst. Hun gebruik van eenvoudige vormen, gedurfde kleuren en sterke composities inspireerde toekomstige generaties.<\/p>\n<p>Dit omvatte ook mensen die werkzaam waren binnen de modewereld. De invloed van deze pioniers is nog steeds zichtbaar in hedendaagse ontwerpen. <\/p>\n<p>Hun nalatenschap leeft voort, niet alleen door middel van hun werken zelf maar ook via het blijvende effect dat ze hebben op artiesten wereldwijd.<\/p>\n<p>In feite zijn veel moderne stijlen rechtstreeks terug te voeren naar hun baanbrekende idee\u00ebn. Het is een eerbetoon aan hun talent en visie dat we nu nog steeds putten uit hun inspiratiebronnen.<\/p>\n<p><img loading=\"lazy\" decoding=\"async\" class=\"lazyload articleImageSquare_CGEN\" height=\"400\" width=\"400\" src=\"https:\/\/www.belgae.be\/imageHolder\/\/wp-content\/uploads\/sites\/2\/2023\/07\/loading-spinner-belgae.gif\" data-src=\"https:\/\/www.belgae.be\/imageHolder\/\/wp-content\/uploads\/sites\/2\/2023\/08\/tmpnjwc6co7.jpg\" alt=\"tmpnjwc6co\" \/><\/p>\n<h2 id=\"balise_4\">De Invloed van Belgische Architectuur op Minimalisme in Mode<\/h2>\n<p>De architecturale wonderen verspreid over Belgi\u00eb hebben een diepgaande invloed gehad op modeontwerpers die inspiratie zoeken uit hun omgeving. Strakke lijnen, geometrische vormen en functionele ontwerpen zijn allemaal elementen ontleend aan de architectuur die hun weg vinden naar minimalistische kledingcollecties.<\/p>\n<p>Het is fascinerend hoe deze structuren de essentie van stijl kunnen be\u00efnvloeden. De naadloze integratie van designelementen in kledingstukken weerspiegelt de schoonheid en het nut van onze gebouwen. Zo wordt elke vezel, elk detail een ode aan ons erfgoed.<\/p>\n<p>In feite is mode meer dan alleen maar uiterlijk vertoon. Het is ook een manier om te communiceren, verhalen te vertellen en culturele identiteit uit te drukken. De impact hiervan kan worden gevoeld in elke hoek van Belgi\u00eb &#8211; in straten vol met historische charme tot moderne stadslandschappen.<\/p>\n<p>Dus als je door Belgi\u00eb reist, neem dan even de tijd om stil te staan bij hoe onze cultuur zich manifesteert via mode-uitingen \u2013 het zal je perspectief zeker verruimen!<\/p>\n<p><img loading=\"lazy\" decoding=\"async\" class=\"lazyload articleImageSquare_CGEN\" height=\"400\" width=\"400\" src=\"https:\/\/www.belgae.be\/imageHolder\/\/wp-content\/uploads\/sites\/2\/2023\/07\/loading-spinner-belgae.gif\" data-src=\"https:\/\/www.belgae.be\/imageHolder\/\/wp-content\/uploads\/sites\/2\/2023\/08\/tmpa4zc5_kq.jpg\" alt=\"tmpa4zc5_kq\" \/><\/p>\n<h2 id=\"balise_5\">Gebruik van Zwart en Wit om Gestroomlijnde Silhouetten te Cre\u00ebren<\/h2>\n<p>Minimalisme in mode kan niet worden besproken zonder de voorkeur voor zwart en wit te erkennen. Deze monochrome tinten dienen als fundamentele pilaren waarop gestroomlijnde silhouetten zijn gebouwd. Zwart en wit laten de structuur van het kledingstuk opvallen, waardoor het onberispelijke maatwerk wordt benadrukt.<\/p>\n<p>Het is essentieel om te begrijpen dat minimalisme meer is dan een esthetiek; Het is een filosofie die eenvoud vereert. De kracht ligt in zijn subtiele details &#8211; hoe minder er aanwezig is, hoe belangrijker elk element wordt.<\/p>\n<p>Deze stijl biedt ook ruimte voor persoonlijke interpretatie. Hoewel strikte regels ontbreken, draait minimalistische mode rond beheersing en terughoudendheid.<\/p>\n<p>Daarom hebben zwart-witte outfits zo&#8217;n sterke aantrekkingskracht binnen deze stroming: ze vormen de perfecte basis om te experimenteren met vorm, textuur en proporties zonder afgeleid te worden door kleur.<\/p>\n<p><img loading=\"lazy\" decoding=\"async\" class=\"lazyload articleImageSquare_CGEN\" height=\"400\" width=\"400\" src=\"https:\/\/www.belgae.be\/imageHolder\/\/wp-content\/uploads\/sites\/2\/2023\/07\/loading-spinner-belgae.gif\" data-src=\"https:\/\/www.belgae.be\/imageHolder\/\/wp-content\/uploads\/sites\/2\/2023\/08\/tmpaq51hiaa.jpg\" alt=\"tmpaq51hiaa\" \/><\/p>\n<h2 id=\"balise_6\">De Favoriete Stoffen en Materialen in Minimalistische Mode<\/h2>\n<p>Belgisch minimalisme legt grote nadruk op kwaliteitsmaterialen die de tand des tijds doorstaan. Luxe stoffen zoals fijne wol, zijde en kasjmier worden vaak gebruikt in minimalistische mode om zowel comfort als duurzaamheid te garanderen.<\/p>\n<p>Natuurlijke vezels spelen een sleutelrol bij het bereiken van een verfijnde maar moeiteloze look. Deze elementen zijn essentieel voor deze unieke esthetiek waarbij eenvoud en functionaliteit hand in hand gaan.<\/p>\n<p>Het resultaat is altijd elegant, tijdloos en onberispelijk vervaardigd. Elk detail wordt met uiterste precisie uitgewerkt, wat resoneert met de filosofie van &#8216;minder is meer&#8217;. <\/p>\n<p>Dus of je nu naar een belangrijke vergadering gaat of gewoon geniet van een ontspannen weekendje weg, Belgisch minimalisme zorgt ervoor dat je er altijd op je best uitziet zonder ooit aan comfort in te boeten.<\/p>\n<p><img loading=\"lazy\" decoding=\"async\" class=\"lazyload articleImageSquare_CGEN\" height=\"400\" width=\"400\" src=\"https:\/\/www.belgae.be\/imageHolder\/\/wp-content\/uploads\/sites\/2\/2023\/07\/loading-spinner-belgae.gif\" data-src=\"https:\/\/www.belgae.be\/imageHolder\/\/wp-content\/uploads\/sites\/2\/2023\/08\/tmpja7pacse.jpg\" alt=\"tmpja7pacse\" \/><\/p>\n<h2 id=\"balise_7\">De Iconische Scheppers van Belgisch Minimalisme<\/h2>\n<p>Sommige namen zijn synoniem geworden met Belgisch minimalisme vanwege hun baanbrekende bijdragen. Ontwerpers zoals Raf Simons, Dries Van Noten en Haider Ackermann hebben een onuitwisbare stempel op de industrie gedrukt door te herdefini\u00ebren wat het betekent om eenvoud te omarmen terwijl ze creatieve grenzen verleggen.<\/p>\n<p>Deze visionairen hebben de manier waarop we naar mode kijken fundamenteel veranderd. Ze hebben bewezen dat minder inderdaad meer kan zijn, en dat ingetogen elegantie zowel krachtig als subtiel kan zijn.<\/p>\n<p>Hun invloed is niet beperkt tot binnenlandse grenzen, maar wordt wereldwijd erkend en gevierd. Hun werk heeft een nieuwe standaard gezet voor innovatief ontwerp zonder concessies aan esthetiek of functionaliteit.<\/p>\n<p>Of het nu gaat om haute couture of ready-to-wear collecties, deze meesters van minimalisme blijven inspireren met hun unieke kijk op modeontwerp. Elk stuk draagt \u200b\u200bhun kenmerkende touch uit &#8211; een naadloze mix van traditie en moderniteit die altijd fris aanvoelt.<\/p>\n<p><img loading=\"lazy\" decoding=\"async\" class=\"lazyload articleImageSquare_CGEN\" height=\"400\" width=\"400\" src=\"https:\/\/www.belgae.be\/imageHolder\/\/wp-content\/uploads\/sites\/2\/2023\/07\/loading-spinner-belgae.gif\" data-src=\"https:\/\/www.belgae.be\/imageHolder\/\/wp-content\/uploads\/sites\/2\/2023\/08\/tmpkdswsj8f.jpg\" alt=\"tmpkdswsj8f\" \/><\/p>\n<h2 id=\"balise_8\">Belgisch Minimalisme in Mode: Een Discrete Luxe<\/h2>\n<p>Terwijl sommigen luxe kunnen associ\u00ebren met overdaad of excessiviteit, biedt het Belgische minimalisme een ander perspectief &#8211; dat van ingetogen elegantie. Het viert vakmanschap boven logo&#8217;s en richt zich op het cre\u00ebren van stukken die vluchtige trends weerstaan door tijdloze ontwerpprincipes.<\/p>\n<p>Hoewel de perceptie van luxe kan vari\u00ebren, herdefinieert Belgisch minimalisme deze notie. De focus ligt niet op extravagantie of overdrevenheid, maar eerder op subtiele verfijning.<\/p>\n<p>De viering is gericht op vakmanschap in plaats van merkherkenning. Het draait allemaal om het vervaardigen van items die niet ten prooi vallen aan voorbijgaande modegrillen.<\/p>\n<p>Dit wordt bereikt door te leunen naar tijdloze ontwerpprincipes. Deze principes zorgen ervoor dat elk stuk relevant blijft ongeacht de veranderende modetrends.<\/p>\n<p>In essentie transformeert Belgisch minimalisme luxe tot iets meer dan alleen uiterlijk vertoon; het wordt een weerspiegeling van kwaliteit en duurzaamheid.<\/p>\n<p><img loading=\"lazy\" decoding=\"async\" class=\"lazyload articleImageSquare_CGEN\" height=\"400\" width=\"400\" src=\"https:\/\/www.belgae.be\/imageHolder\/\/wp-content\/uploads\/sites\/2\/2023\/07\/loading-spinner-belgae.gif\" data-src=\"https:\/\/www.belgae.be\/imageHolder\/\/wp-content\/uploads\/sites\/2\/2023\/08\/tmpz2mlcsne.jpg\" alt=\"tmpz2mlcsne\" \/><\/p>\n<h2 id=\"balise_9\">Belgisch Minimalisme en Duurzaamheid: Verantwoorde Praktijken in de Mode<\/h2>\n<p>Duurzaamheid is in recente jaren steeds belangrijker geworden binnen de mode-industrie. Veel Belgische ontwerpers zijn voorstanders van ethische praktijken. Ze gebruiken milieuvriendelijke materialen en voeren eerlijke arbeidsnormen uit.<\/p>\n<p>Bovendien promoten ze het concept van slow fashion, dat excessieve consumptie ontmoedigt. Dit toont hun engagement om niet alleen stijlvolle, maar ook verantwoorde kleding te cre\u00ebren.<\/p>\n<p>Het initiatief van deze ontwerpers heeft een significant effect op de industrie als geheel. Het stimuleert anderen om hun productiemethodes te heroverwegen en meer duurzame opties te verkennen.<\/p>\n<p>Dit leidt tot een algemene verschuiving richting meer bewuste consumptie en productie binnen de modewereld. Samengevat draagt het bij aan een betere wereld door middel van mode.<\/p>\n<p><img loading=\"lazy\" decoding=\"async\" class=\"lazyload articleImageSquare_CGEN\" height=\"400\" width=\"400\" src=\"https:\/\/www.belgae.be\/imageHolder\/\/wp-content\/uploads\/sites\/2\/2023\/07\/loading-spinner-belgae.gif\" data-src=\"https:\/\/www.belgae.be\/imageHolder\/\/wp-content\/uploads\/sites\/2\/2023\/08\/tmp03jhsdik.jpg\" alt=\"tmp03jhsdik\" \/><\/p>\n<h2 id=\"balise_10\">Wetenschap: Waarom Mengen Zwart en Wit Zo Goed Als Kleuren?<\/h2>\n<p>De wetenschap achter zwart en wit ligt in hun contrasterende aard. Ze vertegenwoordigen uitersten van licht en donker op het kleurenspectrum. Deze scherpe tegenstelling cre\u00ebert een visuele impact.<\/p>\n<p>Dit laat andere elementen van ontwerp, zoals vorm of textuur, onbelemmerd stralen. In de wereld van design speelt contrast een cruciale rol. Zwart en wit zijn hier perfecte voorbeelden van.<\/p>\n<p>Ze bieden een duidelijk verschil dat gemakkelijk waarneembaar is voor het oog. Dit maakt ze ideaal voor gebruik in verschillende ontwerpelementen.<\/p>\n<p>Bovendien versterken ze ook de zichtbaarheid van andere kleuren wanneer deze samen worden gebruikt. Het resultaat?<\/p>\n<p> Een sterkere algemene esthetiek die echt indruk maakt bij elke waarnemer.<\/p>\n<p><img loading=\"lazy\" decoding=\"async\" class=\"lazyload articleImageSquare_CGEN\" height=\"400\" width=\"400\" src=\"https:\/\/www.belgae.be\/imageHolder\/\/wp-content\/uploads\/sites\/2\/2023\/07\/loading-spinner-belgae.gif\" data-src=\"https:\/\/www.belgae.be\/imageHolder\/\/wp-content\/uploads\/sites\/2\/2023\/08\/tmp6arqam8n.jpg\" alt=\"tmp6arqam8n\" \/><\/p>\n<h2 id=\"balise_11\">Minimalisme en Psychologie: Analyse van de Effecten van Zwart en Wit op de Geest<\/h2>\n<p>Psychologisch wordt zwart geassocieerd met kracht, verfijning en formaliteit. Het roept een gevoel van autoriteit en elegantie op. Wit symboliseert daarentegen puurheid, eenvoud en helderheid. De combinatie van deze kleuren in minimalistische mode kan een harmonieuze balans cre\u00ebren die diep resoneert bij individuen die zoeken naar verfijnde esthetiek.<\/p>\n<p>In de wereld van design speelt kleurkeuze een vitale rol. Zwart straalt zelfverzekerdheid uit, terwijl wit rust en sereniteit weerspiegelt. Samen vormen ze het perfecte paar voor wie houdt van minimalisme.<\/p>\n<p>De schoonheid schuilt in de subtiele balans tussen beide tinten: zwart voor dominantie, wit voor zuiverheid.<\/p>\n<p>Kleurgebruik is niet alleen esthetisch; het spreekt ook emoties aan waarmee mensen zich kunnen identificeren.<\/p>\n<p>Bij het streven naar stijlvolle eenvoud biedt de combinatie zwart-wit onbeperkte mogelijkheden.<\/p>\n<p>Het resultaat is altijd elegant, tijdloos en aantrekkelijk &#8211; kenmerken waar echte liefhebbers van minimalistische mode waarde aan hechten.<\/p>\n<p>Elk kledingstuk dat deze twee kleuren draagt straalt authenticiteit uit \u2013 iets wat gewild is in onze hedendaagse samenleving vol complexe trends.<\/p>\n<p><img loading=\"lazy\" decoding=\"async\" class=\"lazyload articleImageSquare_CGEN\" height=\"400\" width=\"400\" src=\"https:\/\/www.belgae.be\/imageHolder\/\/wp-content\/uploads\/sites\/2\/2023\/07\/loading-spinner-belgae.gif\" data-src=\"https:\/\/www.belgae.be\/imageHolder\/\/wp-content\/uploads\/sites\/2\/2023\/08\/tmpka6av2_x.jpg\" alt=\"tmpka6av2_x\" \/><\/p>\n<h2 id=\"balise_12\">De Toekomst van Belgisch Minimalisme: Voorspellingen over de Toekomstige Beweging<\/h2>\n<p>Belgisch minimalisme toont geen tekenen van vertraging; het blijft wereldwijd publiek boeien met zijn unieke mix van kunst en terughoudendheid. Naarmate duurzaamheid een steeds belangrijker focus wordt binnen de industrie als geheel, kunnen we verwachten dat Belgische ontwerpers voorop lopen door innovatieve maar verantwoorde collecties te cre\u00ebren voor de komende jaren.<\/p>\n<p>In conclusie, Belgisch minimalisme in mode vertegenwoordigt meer dan alleen kleding &#8211; het belichaamt een artistieke beweging die geworteld is in eenvoud en tijdloze ontwerpprincipes. Met zijn rijke geschiedenis geworteld in architectuur en grafische kunsten gecombineerd met visionaire ontwerpers die creatieve grenzen verleggen terwijl ze duurzame praktijken omarmen &#8211; Belgi\u00eb blijft aan de frontlinie staan \u200b\u200bvan deze boeiende esthetiek.<\/p>\n<p>Het Belgisch minimalisme gaat onverminderd voort. De unieke combinatie van artistiek vakmanschap en ingetogenheid houdt mensen overal ter wereld nog altijd bezig. Duurzaamheid wordt steeds prominenter binnen de industrie, dus verwacht dat onze nationale designers hierin het voortouw nemen door vernieuwende \u00e9n milieubewuste collecties op de markt te brengen.<\/p>\n","protected":false},"excerpt":{"rendered":"<p>Ontketen je innerlijke chic met &#8220;Belgisch Minimalisme in Mode: In Zwart en Wit&#8221;. Ontdek hoe Belgische ontwerpers meesterlijk eenvoud, elegantie en functionaliteit combineren.<\/p>\n","protected":false},"author":1,"featured_media":4336,"comment_status":"open","ping_status":"closed","sticky":false,"template":"","format":"standard","meta":{"_acf_changed":false,"_et_pb_use_builder":"","_et_pb_old_content":"","_et_gb_content_width":"","footnotes":""},"categories":[39],"tags":[],"class_list":["post-2829","post","type-post","status-publish","format-standard","has-post-thumbnail","hentry","category-belgium"],"acf":[],"yoast_head":"<!-- This site is optimized with the Yoast SEO plugin v27.5 - https:\/\/yoast.com\/product\/yoast-seo-wordpress\/ -->\n<title>Het Belgische Minimalisme in Mode: In Zwart en Wit | Belgae<\/title>\n<meta name=\"robots\" content=\"index, follow, max-snippet:-1, max-image-preview:large, max-video-preview:-1\" \/>\n<link rel=\"canonical\" href=\"https:\/\/www.belgae.be\/nl\/blog\/het-belgische-minimalisme-in-de-mode-zwart-en-wit\/\" \/>\n<meta property=\"og:locale\" content=\"nl_NL\" \/>\n<meta property=\"og:type\" content=\"article\" \/>\n<meta property=\"og:title\" content=\"Het Belgische Minimalisme in Mode: In Zwart en Wit | Belgae\" \/>\n<meta property=\"og:description\" content=\"Ontketen je innerlijke chic met &quot;Belgisch Minimalisme in Mode: In Zwart en Wit&quot;. Ontdek hoe Belgische ontwerpers meesterlijk eenvoud, elegantie en functionaliteit combineren.\" \/>\n<meta property=\"og:url\" content=\"https:\/\/www.belgae.be\/nl\/blog\/het-belgische-minimalisme-in-de-mode-zwart-en-wit\/\" \/>\n<meta property=\"og:site_name\" content=\"Belgae\" \/>\n<meta property=\"article:published_time\" content=\"2023-08-02T13:44:05+00:00\" \/>\n<meta property=\"article:modified_time\" content=\"2023-08-02T13:47:54+00:00\" \/>\n<meta name=\"author\" content=\"Cyril Gendarme\" \/>\n<meta name=\"twitter:card\" content=\"summary_large_image\" \/>\n<meta name=\"twitter:label1\" content=\"Geschreven door\" \/>\n\t<meta name=\"twitter:data1\" content=\"Cyril Gendarme\" \/>\n\t<meta name=\"twitter:label2\" content=\"Geschatte leestijd\" \/>\n\t<meta name=\"twitter:data2\" content=\"10 minuten\" \/>\n<script type=\"application\/ld+json\" class=\"yoast-schema-graph\">{\"@context\":\"https:\\\/\\\/schema.org\",\"@graph\":[{\"@type\":\"Article\",\"@id\":\"https:\\\/\\\/www.belgae.be\\\/nl\\\/blog\\\/het-belgische-minimalisme-in-de-mode-zwart-en-wit\\\/#article\",\"isPartOf\":{\"@id\":\"https:\\\/\\\/www.belgae.be\\\/nl\\\/blog\\\/het-belgische-minimalisme-in-de-mode-zwart-en-wit\\\/\"},\"author\":{\"name\":\"Cyril Gendarme\",\"@id\":\"https:\\\/\\\/www.belgae.be\\\/nl\\\/#\\\/schema\\\/person\\\/646b40b88212bc5335f9c4fa787df047\"},\"headline\":\"Het Belgische Minimalisme in Mode: In Zwart en Wit\",\"datePublished\":\"2023-08-02T13:44:05+00:00\",\"dateModified\":\"2023-08-02T13:47:54+00:00\",\"mainEntityOfPage\":{\"@id\":\"https:\\\/\\\/www.belgae.be\\\/nl\\\/blog\\\/het-belgische-minimalisme-in-de-mode-zwart-en-wit\\\/\"},\"wordCount\":2083,\"commentCount\":0,\"publisher\":{\"@id\":\"https:\\\/\\\/www.belgae.be\\\/nl\\\/#organization\"},\"image\":{\"@id\":\"https:\\\/\\\/www.belgae.be\\\/nl\\\/blog\\\/het-belgische-minimalisme-in-de-mode-zwart-en-wit\\\/#primaryimage\"},\"thumbnailUrl\":\"https:\\\/\\\/www.belgae.be\\\/nl\\\/wp-content\\\/uploads\\\/sites\\\/2\\\/2023\\\/08\\\/cyril_ge_minimalism_geometrical_black_and_white_illustration_b2fbf619-566f-49bb-b96a-e6e0f379a5ba-Copie.jpg\",\"articleSection\":[\"Belgium\"],\"inLanguage\":\"nl-NL\",\"potentialAction\":[{\"@type\":\"CommentAction\",\"name\":\"Comment\",\"target\":[\"https:\\\/\\\/www.belgae.be\\\/nl\\\/blog\\\/het-belgische-minimalisme-in-de-mode-zwart-en-wit\\\/#respond\"]}]},{\"@type\":\"WebPage\",\"@id\":\"https:\\\/\\\/www.belgae.be\\\/nl\\\/blog\\\/het-belgische-minimalisme-in-de-mode-zwart-en-wit\\\/\",\"url\":\"https:\\\/\\\/www.belgae.be\\\/nl\\\/blog\\\/het-belgische-minimalisme-in-de-mode-zwart-en-wit\\\/\",\"name\":\"Het Belgische Minimalisme in Mode: In Zwart en Wit | Belgae\",\"isPartOf\":{\"@id\":\"https:\\\/\\\/www.belgae.be\\\/nl\\\/#website\"},\"primaryImageOfPage\":{\"@id\":\"https:\\\/\\\/www.belgae.be\\\/nl\\\/blog\\\/het-belgische-minimalisme-in-de-mode-zwart-en-wit\\\/#primaryimage\"},\"image\":{\"@id\":\"https:\\\/\\\/www.belgae.be\\\/nl\\\/blog\\\/het-belgische-minimalisme-in-de-mode-zwart-en-wit\\\/#primaryimage\"},\"thumbnailUrl\":\"https:\\\/\\\/www.belgae.be\\\/nl\\\/wp-content\\\/uploads\\\/sites\\\/2\\\/2023\\\/08\\\/cyril_ge_minimalism_geometrical_black_and_white_illustration_b2fbf619-566f-49bb-b96a-e6e0f379a5ba-Copie.jpg\",\"datePublished\":\"2023-08-02T13:44:05+00:00\",\"dateModified\":\"2023-08-02T13:47:54+00:00\",\"breadcrumb\":{\"@id\":\"https:\\\/\\\/www.belgae.be\\\/nl\\\/blog\\\/het-belgische-minimalisme-in-de-mode-zwart-en-wit\\\/#breadcrumb\"},\"inLanguage\":\"nl-NL\",\"potentialAction\":[{\"@type\":\"ReadAction\",\"target\":[\"https:\\\/\\\/www.belgae.be\\\/nl\\\/blog\\\/het-belgische-minimalisme-in-de-mode-zwart-en-wit\\\/\"]}]},{\"@type\":\"ImageObject\",\"inLanguage\":\"nl-NL\",\"@id\":\"https:\\\/\\\/www.belgae.be\\\/nl\\\/blog\\\/het-belgische-minimalisme-in-de-mode-zwart-en-wit\\\/#primaryimage\",\"url\":\"https:\\\/\\\/www.belgae.be\\\/nl\\\/wp-content\\\/uploads\\\/sites\\\/2\\\/2023\\\/08\\\/cyril_ge_minimalism_geometrical_black_and_white_illustration_b2fbf619-566f-49bb-b96a-e6e0f379a5ba-Copie.jpg\",\"contentUrl\":\"https:\\\/\\\/www.belgae.be\\\/nl\\\/wp-content\\\/uploads\\\/sites\\\/2\\\/2023\\\/08\\\/cyril_ge_minimalism_geometrical_black_and_white_illustration_b2fbf619-566f-49bb-b96a-e6e0f379a5ba-Copie.jpg\"},{\"@type\":\"BreadcrumbList\",\"@id\":\"https:\\\/\\\/www.belgae.be\\\/nl\\\/blog\\\/het-belgische-minimalisme-in-de-mode-zwart-en-wit\\\/#breadcrumb\",\"itemListElement\":[{\"@type\":\"ListItem\",\"position\":1,\"name\":\"Accueil\",\"item\":\"https:\\\/\\\/www.belgae.be\\\/nl\\\/\"},{\"@type\":\"ListItem\",\"position\":2,\"name\":\"Het Belgische Minimalisme in Mode: In Zwart en Wit\"}]},{\"@type\":\"WebSite\",\"@id\":\"https:\\\/\\\/www.belgae.be\\\/nl\\\/#website\",\"url\":\"https:\\\/\\\/www.belgae.be\\\/nl\\\/\",\"name\":\"Belgae\",\"description\":\"Belgische Kunst &amp; Mode\",\"publisher\":{\"@id\":\"https:\\\/\\\/www.belgae.be\\\/nl\\\/#organization\"},\"potentialAction\":[{\"@type\":\"SearchAction\",\"target\":{\"@type\":\"EntryPoint\",\"urlTemplate\":\"https:\\\/\\\/www.belgae.be\\\/nl\\\/?s={search_term_string}\"},\"query-input\":{\"@type\":\"PropertyValueSpecification\",\"valueRequired\":true,\"valueName\":\"search_term_string\"}}],\"inLanguage\":\"nl-NL\"},{\"@type\":\"Organization\",\"@id\":\"https:\\\/\\\/www.belgae.be\\\/nl\\\/#organization\",\"name\":\"Belgae\",\"url\":\"https:\\\/\\\/www.belgae.be\\\/nl\\\/\",\"logo\":{\"@type\":\"ImageObject\",\"inLanguage\":\"nl-NL\",\"@id\":\"https:\\\/\\\/www.belgae.be\\\/nl\\\/#\\\/schema\\\/logo\\\/image\\\/\",\"url\":\"https:\\\/\\\/www.belgae.be\\\/nl\\\/wp-content\\\/uploads\\\/sites\\\/2\\\/2023\\\/07\\\/Sans-titre1-Copie.png\",\"contentUrl\":\"https:\\\/\\\/www.belgae.be\\\/nl\\\/wp-content\\\/uploads\\\/sites\\\/2\\\/2023\\\/07\\\/Sans-titre1-Copie.png\",\"width\":88,\"height\":88,\"caption\":\"Belgae\"},\"image\":{\"@id\":\"https:\\\/\\\/www.belgae.be\\\/nl\\\/#\\\/schema\\\/logo\\\/image\\\/\"}},{\"@type\":\"Person\",\"@id\":\"https:\\\/\\\/www.belgae.be\\\/nl\\\/#\\\/schema\\\/person\\\/646b40b88212bc5335f9c4fa787df047\",\"name\":\"Cyril Gendarme\",\"sameAs\":[\"https:\\\/\\\/www.belgae.be\"],\"url\":\"https:\\\/\\\/www.belgae.be\\\/nl\\\/blog\\\/author\\\/cgen\\\/\"}]}<\/script>\n<!-- \/ Yoast SEO plugin. -->","yoast_head_json":{"title":"Het Belgische Minimalisme in Mode: In Zwart en Wit | Belgae","robots":{"index":"index","follow":"follow","max-snippet":"max-snippet:-1","max-image-preview":"max-image-preview:large","max-video-preview":"max-video-preview:-1"},"canonical":"https:\/\/www.belgae.be\/nl\/blog\/het-belgische-minimalisme-in-de-mode-zwart-en-wit\/","og_locale":"nl_NL","og_type":"article","og_title":"Het Belgische Minimalisme in Mode: In Zwart en Wit | Belgae","og_description":"Ontketen je innerlijke chic met \"Belgisch Minimalisme in Mode: In Zwart en Wit\". Ontdek hoe Belgische ontwerpers meesterlijk eenvoud, elegantie en functionaliteit combineren.","og_url":"https:\/\/www.belgae.be\/nl\/blog\/het-belgische-minimalisme-in-de-mode-zwart-en-wit\/","og_site_name":"Belgae","article_published_time":"2023-08-02T13:44:05+00:00","article_modified_time":"2023-08-02T13:47:54+00:00","author":"Cyril Gendarme","twitter_card":"summary_large_image","twitter_misc":{"Geschreven door":"Cyril Gendarme","Geschatte leestijd":"10 minuten"},"schema":{"@context":"https:\/\/schema.org","@graph":[{"@type":"Article","@id":"https:\/\/www.belgae.be\/nl\/blog\/het-belgische-minimalisme-in-de-mode-zwart-en-wit\/#article","isPartOf":{"@id":"https:\/\/www.belgae.be\/nl\/blog\/het-belgische-minimalisme-in-de-mode-zwart-en-wit\/"},"author":{"name":"Cyril Gendarme","@id":"https:\/\/www.belgae.be\/nl\/#\/schema\/person\/646b40b88212bc5335f9c4fa787df047"},"headline":"Het Belgische Minimalisme in Mode: In Zwart en Wit","datePublished":"2023-08-02T13:44:05+00:00","dateModified":"2023-08-02T13:47:54+00:00","mainEntityOfPage":{"@id":"https:\/\/www.belgae.be\/nl\/blog\/het-belgische-minimalisme-in-de-mode-zwart-en-wit\/"},"wordCount":2083,"commentCount":0,"publisher":{"@id":"https:\/\/www.belgae.be\/nl\/#organization"},"image":{"@id":"https:\/\/www.belgae.be\/nl\/blog\/het-belgische-minimalisme-in-de-mode-zwart-en-wit\/#primaryimage"},"thumbnailUrl":"https:\/\/www.belgae.be\/nl\/wp-content\/uploads\/sites\/2\/2023\/08\/cyril_ge_minimalism_geometrical_black_and_white_illustration_b2fbf619-566f-49bb-b96a-e6e0f379a5ba-Copie.jpg","articleSection":["Belgium"],"inLanguage":"nl-NL","potentialAction":[{"@type":"CommentAction","name":"Comment","target":["https:\/\/www.belgae.be\/nl\/blog\/het-belgische-minimalisme-in-de-mode-zwart-en-wit\/#respond"]}]},{"@type":"WebPage","@id":"https:\/\/www.belgae.be\/nl\/blog\/het-belgische-minimalisme-in-de-mode-zwart-en-wit\/","url":"https:\/\/www.belgae.be\/nl\/blog\/het-belgische-minimalisme-in-de-mode-zwart-en-wit\/","name":"Het Belgische Minimalisme in Mode: In Zwart en Wit | Belgae","isPartOf":{"@id":"https:\/\/www.belgae.be\/nl\/#website"},"primaryImageOfPage":{"@id":"https:\/\/www.belgae.be\/nl\/blog\/het-belgische-minimalisme-in-de-mode-zwart-en-wit\/#primaryimage"},"image":{"@id":"https:\/\/www.belgae.be\/nl\/blog\/het-belgische-minimalisme-in-de-mode-zwart-en-wit\/#primaryimage"},"thumbnailUrl":"https:\/\/www.belgae.be\/nl\/wp-content\/uploads\/sites\/2\/2023\/08\/cyril_ge_minimalism_geometrical_black_and_white_illustration_b2fbf619-566f-49bb-b96a-e6e0f379a5ba-Copie.jpg","datePublished":"2023-08-02T13:44:05+00:00","dateModified":"2023-08-02T13:47:54+00:00","breadcrumb":{"@id":"https:\/\/www.belgae.be\/nl\/blog\/het-belgische-minimalisme-in-de-mode-zwart-en-wit\/#breadcrumb"},"inLanguage":"nl-NL","potentialAction":[{"@type":"ReadAction","target":["https:\/\/www.belgae.be\/nl\/blog\/het-belgische-minimalisme-in-de-mode-zwart-en-wit\/"]}]},{"@type":"ImageObject","inLanguage":"nl-NL","@id":"https:\/\/www.belgae.be\/nl\/blog\/het-belgische-minimalisme-in-de-mode-zwart-en-wit\/#primaryimage","url":"https:\/\/www.belgae.be\/nl\/wp-content\/uploads\/sites\/2\/2023\/08\/cyril_ge_minimalism_geometrical_black_and_white_illustration_b2fbf619-566f-49bb-b96a-e6e0f379a5ba-Copie.jpg","contentUrl":"https:\/\/www.belgae.be\/nl\/wp-content\/uploads\/sites\/2\/2023\/08\/cyril_ge_minimalism_geometrical_black_and_white_illustration_b2fbf619-566f-49bb-b96a-e6e0f379a5ba-Copie.jpg"},{"@type":"BreadcrumbList","@id":"https:\/\/www.belgae.be\/nl\/blog\/het-belgische-minimalisme-in-de-mode-zwart-en-wit\/#breadcrumb","itemListElement":[{"@type":"ListItem","position":1,"name":"Accueil","item":"https:\/\/www.belgae.be\/nl\/"},{"@type":"ListItem","position":2,"name":"Het Belgische Minimalisme in Mode: In Zwart en Wit"}]},{"@type":"WebSite","@id":"https:\/\/www.belgae.be\/nl\/#website","url":"https:\/\/www.belgae.be\/nl\/","name":"Belgae","description":"Belgische Kunst &amp; Mode","publisher":{"@id":"https:\/\/www.belgae.be\/nl\/#organization"},"potentialAction":[{"@type":"SearchAction","target":{"@type":"EntryPoint","urlTemplate":"https:\/\/www.belgae.be\/nl\/?s={search_term_string}"},"query-input":{"@type":"PropertyValueSpecification","valueRequired":true,"valueName":"search_term_string"}}],"inLanguage":"nl-NL"},{"@type":"Organization","@id":"https:\/\/www.belgae.be\/nl\/#organization","name":"Belgae","url":"https:\/\/www.belgae.be\/nl\/","logo":{"@type":"ImageObject","inLanguage":"nl-NL","@id":"https:\/\/www.belgae.be\/nl\/#\/schema\/logo\/image\/","url":"https:\/\/www.belgae.be\/nl\/wp-content\/uploads\/sites\/2\/2023\/07\/Sans-titre1-Copie.png","contentUrl":"https:\/\/www.belgae.be\/nl\/wp-content\/uploads\/sites\/2\/2023\/07\/Sans-titre1-Copie.png","width":88,"height":88,"caption":"Belgae"},"image":{"@id":"https:\/\/www.belgae.be\/nl\/#\/schema\/logo\/image\/"}},{"@type":"Person","@id":"https:\/\/www.belgae.be\/nl\/#\/schema\/person\/646b40b88212bc5335f9c4fa787df047","name":"Cyril Gendarme","sameAs":["https:\/\/www.belgae.be"],"url":"https:\/\/www.belgae.be\/nl\/blog\/author\/cgen\/"}]}},"_links":{"self":[{"href":"https:\/\/www.belgae.be\/nl\/wp-json\/wp\/v2\/posts\/2829","targetHints":{"allow":["GET"]}}],"collection":[{"href":"https:\/\/www.belgae.be\/nl\/wp-json\/wp\/v2\/posts"}],"about":[{"href":"https:\/\/www.belgae.be\/nl\/wp-json\/wp\/v2\/types\/post"}],"author":[{"embeddable":true,"href":"https:\/\/www.belgae.be\/nl\/wp-json\/wp\/v2\/users\/1"}],"replies":[{"embeddable":true,"href":"https:\/\/www.belgae.be\/nl\/wp-json\/wp\/v2\/comments?post=2829"}],"version-history":[{"count":0,"href":"https:\/\/www.belgae.be\/nl\/wp-json\/wp\/v2\/posts\/2829\/revisions"}],"wp:featuredmedia":[{"embeddable":true,"href":"https:\/\/www.belgae.be\/nl\/wp-json\/"}],"wp:attachment":[{"href":"https:\/\/www.belgae.be\/nl\/wp-json\/wp\/v2\/media?parent=2829"}],"wp:term":[{"taxonomy":"category","embeddable":true,"href":"https:\/\/www.belgae.be\/nl\/wp-json\/wp\/v2\/categories?post=2829"},{"taxonomy":"post_tag","embeddable":true,"href":"https:\/\/www.belgae.be\/nl\/wp-json\/wp\/v2\/tags?post=2829"}],"curies":[{"name":"wp","href":"https:\/\/api.w.org\/{rel}","templated":true}]}}