{"id":2957,"date":"2023-08-07T17:07:45","date_gmt":"2023-08-07T17:07:45","guid":{"rendered":"https:\/\/www.belgae.be\/fr\/blog\/defiles-de-mode-en-belgique\/"},"modified":"2023-08-07T17:48:55","modified_gmt":"2023-08-07T17:48:55","slug":"defiles-de-mode-en-belgique","status":"publish","type":"post","link":"https:\/\/www.belgae.be\/fr\/blog\/defiles-de-mode-en-belgique\/","title":{"rendered":"D\u00e9fil\u00e9s de mode et \u00e9v\u00e9nements en Belgique (16 \u00e0 ne pas manquer)"},"content":{"rendered":"<p>Lib\u00e9rez votre fashionista int\u00e9rieure et pr\u00e9parez-vous \u00e0 \u00eatre \u00e9bloui ! Les podiums belges sont bouillonnants, d\u00e9bordant de cr\u00e9ativit\u00e9 qui vous laissera sans voix. Au c\u0153ur de l&#8217;Europe, 16 \u00e9v\u00e9nements de mode incontournables vous attendent.<\/p>\n<p>Des designers avant-gardistes d&#8217;Anvers aux boutiques chic de Bruxelles, ces d\u00e9fil\u00e9s promettent un festin pour vos yeux. Alors attachez vos ceintures amateurs de style &#8211; il est temps d&#8217;explorer la Belgique comme jamais auparavant !<\/p>\n<section class=\"contentTable_table\">\n<p class=\"contentTable_title\">Table des mati\u00e8res :<\/p>\n<p class=\"contentTable_elem\"><a href=\"#balise_0\">1. Journ\u00e9es de la Mode \u00e0 Bruxelles<\/a><\/p>\n<p class=\"contentTable_elem\"><a href=\"#balise_1\">2. Festival de la Mode d&#8217;Anvers<\/a><\/p>\n<p class=\"contentTable_elem\"><a href=\"#balise_2\">3. Le D\u00e9fil\u00e9 de Mode de La Cambre<\/a><\/p>\n<p class=\"contentTable_elem\"><a href=\"#balise_3\">4. Week-end de la Mode \u00e0 Knokke<\/a><\/p>\n<p class=\"contentTable_elem\"><a href=\"#balise_4\">5. MODO Bruxelles<\/a><\/p>\n<p class=\"contentTable_elem\"><a href=\"#balise_5\">6. Festival Fashionclash<\/a><\/p>\n<p class=\"contentTable_elem\"><a href=\"#balise_6\">7. Flanders DC Discussions de Mode<\/a><\/p>\n<p class=\"contentTable_elem\"><a href=\"#balise_7\">8. Bruxelles Design Septembre<\/a><\/p>\n<p class=\"contentTable_elem\"><a href=\"#balise_8\">9. D\u00e9fil\u00e9 de Mode d&#8217;Anvers<\/a><\/p>\n<p class=\"contentTable_elem\"><a href=\"#balise_9\">10. Sommet de la Mode de Bruxelles<\/a><\/p>\n<p class=\"contentTable_elem\"><a href=\"#balise_10\">11. Mode Parcours<\/a><\/p>\n<p class=\"contentTable_elem\"><a href=\"#balise_11\">12. Salon de la Lingerie<\/a><\/p>\n<p class=\"contentTable_elem\"><a href=\"#balise_12\">13. H\u00f4tel Boutique et Foire de Mode<\/a><\/p>\n<p class=\"contentTable_elem\"><a href=\"#balise_13\">14. D\u00e9fil\u00e9 de Mode Leuven<\/a><\/p>\n<p class=\"contentTable_elem\"><a href=\"#balise_14\">15. March\u00e9 Vintage de Bruxelles<\/a><\/p>\n<p class=\"contentTable_elem\"><a href=\"#balise_15\">16. Festival du Film de Mode de Bruxelles<\/a><\/p>\n<\/section>\n<p><img loading=\"lazy\" decoding=\"async\" class=\"lazyload articleImageSquare_CGEN\" src=\"https:\/\/www.belgae.be\/imageHolder\/\/wp-content\/uploads\/sites\/2\/2023\/07\/loading-spinner-belgae.gif\" alt=\"tmp2g4zzow\" width=\"400\" height=\"400\" data-src=\"https:\/\/www.belgae.be\/imageHolder\/\/wp-content\/uploads\/sites\/2\/2023\/08\/tmp2g4zzow4.jpg\" \/><\/p>\n<h2 id=\"balise_0\">Journ\u00e9es de la Mode \u00e0 Bruxelles<\/h2>\n<p>Les d\u00e9fil\u00e9s de mode en Belgique sont synonymes des Brussels Fashion Days. C&#8217;est un \u00e9v\u00e9nement incontournable, dynamique et vibrant, qui rassemble les cr\u00e9ateurs talentueux du pays entier. Ils y trouvent une plateforme pour pr\u00e9senter leurs derni\u00e8res collections.<\/p>\n<p>Des styles avant-gardistes aux designs pr\u00eat-\u00e0-porter, cette extravagance de la mode offre quelque chose pour tous les go\u00fbts. Les amateurs de tendances actuelles ou futures trouveront leur bonheur lors de cet \u00e9v\u00e9nement exceptionnel.<\/p>\n<p>C&#8217;est au c\u0153ur m\u00eame du pays que se d\u00e9roule ce spectacle unique. Il invite \u00e0 d\u00e9couvrir l&#8217;innovation et la cr\u00e9ativit\u00e9 sans \u00e9gal des concepteurs belges dans le domaine de la mode.<\/p>\n<p>Les Brussels Fashion Days sont donc bien plus qu&#8217;un simple d\u00e9fil\u00e9: c&#8217;est une v\u00e9ritable f\u00eate du style et un hommage rendu \u00e0 l&#8217;industrie innovante qui fait avancer le monde de la mode en Belgique.<\/p>\n<p><img loading=\"lazy\" decoding=\"async\" class=\"lazyload articleImageSquare_CGEN\" src=\"https:\/\/www.belgae.be\/imageHolder\/\/wp-content\/uploads\/sites\/2\/2023\/07\/loading-spinner-belgae.gif\" alt=\"tmprgzpeqjn\" width=\"400\" height=\"400\" data-src=\"https:\/\/www.belgae.be\/imageHolder\/\/wp-content\/uploads\/sites\/2\/2023\/08\/tmprgzpeqjn.jpg\" \/><\/p>\n<h2 id=\"balise_1\">Festival de la Mode d&#8217;Anvers<\/h2>\n<p>Connue comme la capitale de la mode en Belgique, Anvers accueille son propre Festival de Mode d&#8217;Anvers. Cet \u00e9v\u00e9nement tr\u00e8s attendu c\u00e9l\u00e8bre tout ce qui rend la mode belge unique et innovante.<\/p>\n<p>Avec des d\u00e9fil\u00e9s mettant en vedette \u00e0 la fois des designers \u00e9tablis et \u00e9mergents, ainsi que des boutiques \u00e9ph\u00e9m\u00e8res et des exp\u00e9riences d&#8217;achat exclusives, ce festival capture v\u00e9ritablement l&#8217;essence du style avant-gardiste d&#8217;Anvers.<\/p>\n<p>Chaque ann\u00e9e, les passionn\u00e9s de mode affluent vers cette ville dynamique pour assister \u00e0 cet \u00e9v\u00e9nement spectaculaire. Un moment o\u00f9 le meilleur de l\u2019industrie se rassemble pour c\u00e9l\u00e9brer le talent cr\u00e9atif belge dans toute sa splendeur.<\/p>\n<p>Le Festival de Mode d\u2019Anvers est une vitrine incontournable pour tous ceux qui s\u2019int\u00e9ressent aux derni\u00e8res tendances et innovations dans le monde du design vestimentaire.<\/p>\n<p><img loading=\"lazy\" decoding=\"async\" class=\"lazyload articleImageSquare_CGEN\" src=\"https:\/\/www.belgae.be\/imageHolder\/\/wp-content\/uploads\/sites\/2\/2023\/07\/loading-spinner-belgae.gif\" alt=\"tmpmw1432ls\" width=\"400\" height=\"400\" data-src=\"https:\/\/www.belgae.be\/imageHolder\/\/wp-content\/uploads\/sites\/2\/2023\/08\/tmpmw1432ls.jpg\" \/><\/p>\n<h2 id=\"balise_2\">Le D\u00e9fil\u00e9 de Mode de La Cambre<\/h2>\n<p>La Cambre est l&#8217;une des \u00e9coles d&#8217;art les plus prestigieuses de Belgique, r\u00e9put\u00e9e pour encourager les jeunes talents dans diverses disciplines cr\u00e9atives, dont la mode. Le d\u00e9fil\u00e9 de mode La Cambre sert de plateforme \u00e0 ces designers en herbe pour montrer leurs comp\u00e9tences sur une sc\u00e8ne internationale. Attendez-vous \u00e0 des cr\u00e9ations qui repoussent les limites des normes traditionnelles de la mode.<\/p>\n<p>L&#8217;\u00e9tablissement belge se distingue par son engagement envers le d\u00e9veloppement artistique innovant. Au c\u0153ur du charme europ\u00e9en, on trouve une institution d\u00e9di\u00e9e au progr\u00e8s et \u00e0 la d\u00e9couverte.<\/p>\n<p>Chaque ann\u00e9e, le spectacle attire un public mondial avide d&#8217;innovation et d&#8217;excellence en mati\u00e8re de conception vestimentaire. Les cr\u00e9ateurs pr\u00e9sentent leur travail unique avec audace et originalit\u00e9.<\/p>\n<p>En somme, La Cambre fusionne art traditionnel et modernit\u00e9 stylistique pour cr\u00e9er un espace o\u00f9 l&#8217;imagination r\u00e8gne sans entrave. C&#8217;est ici que naissent les tendances futures &#8211; un lieu o\u00f9 chaque fil tiss\u00e9 raconte une histoire distincte.<\/p>\n<p><img loading=\"lazy\" decoding=\"async\" class=\"lazyload articleImageSquare_CGEN\" src=\"https:\/\/www.belgae.be\/imageHolder\/\/wp-content\/uploads\/sites\/2\/2023\/07\/loading-spinner-belgae.gif\" alt=\"tmp4ojm5vzw\" width=\"400\" height=\"400\" data-src=\"https:\/\/www.belgae.be\/imageHolder\/\/wp-content\/uploads\/sites\/2\/2023\/08\/tmp4ojm5vzw.jpg\" \/><\/p>\n<h2 id=\"balise_3\">Week-end de la Mode \u00e0 Knokke<\/h2>\n<p>Pour ceux qui cherchent un m\u00e9lange de luxe haut de gamme et de charme en bord de mer, le Weekend Mode \u00e0 Knokke est incontournable! Situ\u00e9 sur la magnifique c\u00f4te belge, cet \u00e9v\u00e9nement annuel allie des endroits superbes en bordure de plage avec des d\u00e9fil\u00e9s glamour par les meilleurs cr\u00e9ateurs. C&#8217;est l\u00e0 que les vibrations c\u00f4ti\u00e8res rencontrent le flair haute couture!<\/p>\n<p>Les amateurs d&#8217;haute couture appr\u00e9cieront l&#8217;\u00e9clat du weekend mode \u00e0 Knokke. Nich\u00e9 sur la sublime c\u00f4te belge, il promet une exp\u00e9rience inoubliable chaque ann\u00e9e. Imaginez : une fusion parfaite entre des lieux c\u00f4tiers pittoresques et des d\u00e9fil\u00e9s \u00e9tincelants orchestr\u00e9s par d&#8217;\u00e9minents designers.<\/p>\n<p>Le rendez-vous ultime pour tous ceux qui aspirent au luxe raffin\u00e9 coupl\u00e9 au charisme baln\u00e9aire : Le Weekend Mode \u00e0 Knokke! Il se d\u00e9ploie majestueusement sur la splendide littoral belge chaque ann\u00e9e. Les attraits sont nombreux &#8211; paysages c\u00f4tiers \u00e9blouissants servent comme toile aux spectacles somptueux pr\u00e9sent\u00e9es par les cr\u00e9ateurs renomm\u00e9s.<\/p>\n<p>La combinaison s\u00e9duisante du chic sophistiqu\u00e9 et du charme maritime vous attend au weekend mode \u00e0 Knokke ! Surplombant l&#8217;impeccable rivage belge, cette manifestation annuelle offre bien plus qu&#8217;une simple vitrine pour designers talentueux; elle donne vie aux tendances modes dans un cadre naturel enchanteur.<\/p>\n<p><img loading=\"lazy\" decoding=\"async\" class=\"lazyload articleImageSquare_CGEN\" src=\"https:\/\/www.belgae.be\/imageHolder\/\/wp-content\/uploads\/sites\/2\/2023\/07\/loading-spinner-belgae.gif\" alt=\"tmpfsssx68s\" width=\"400\" height=\"400\" data-src=\"https:\/\/www.belgae.be\/imageHolder\/\/wp-content\/uploads\/sites\/2\/2023\/08\/tmpfsssx68s.jpg\" \/><\/p>\n<h2 id=\"balise_4\">MODO Bruxelles<\/h2>\n<p>MODO Bruxelles met en avant la mode masculine contemporaine comme aucun autre \u00e9v\u00e9nement en Belgique ! Sa concentration exclusive sur les tendances de la mode masculine, qu&#8217;il s&#8217;agisse de streetwear d\u00e9contract\u00e9 ou de looks \u00e9l\u00e9gants sur mesure &#8211; MODO pr\u00e9sente des talents locaux aux c\u00f4t\u00e9s de marques internationales renomm\u00e9es sous un m\u00eame toit.<\/p>\n<p>Ce salon unique est une v\u00e9ritable vitrine pour le talent et l&#8217;innovation. Il offre une plateforme in\u00e9gal\u00e9e pour que les cr\u00e9ateurs puissent exprimer leur vision du style masculin moderne.<\/p>\n<p>L&#8217;\u00e9v\u00e9nement attire non seulement ceux qui sont dans l&#8217;industrie, mais aussi ceux qui aiment simplement regarder et appr\u00e9cier ce que la mode a \u00e0 offrir. C&#8217;est un rendez-vous incontournable pour tous ceux qui souhaitent rester au fait des derni\u00e8res tendances et innovations dans le domaine du pr\u00eat-\u00e0-porter masculin.<\/p>\n<p>Venez d\u00e9couvrir les collections r\u00e9volutionnaires pr\u00e9sent\u00e9es par MODO Bruxelles. Vous ne serez pas d\u00e9\u00e7u par l&#8217;excellence stylistique propos\u00e9e lors de cet \u00e9v\u00e9nement haut en couleur.<\/p>\n<p><img loading=\"lazy\" decoding=\"async\" class=\"lazyload articleImageSquare_CGEN\" src=\"https:\/\/www.belgae.be\/imageHolder\/\/wp-content\/uploads\/sites\/2\/2023\/07\/loading-spinner-belgae.gif\" alt=\"tmp_gwcs8l_\" width=\"400\" height=\"400\" data-src=\"https:\/\/www.belgae.be\/imageHolder\/\/wp-content\/uploads\/sites\/2\/2023\/08\/tmp_gwcs8l_.jpg\" \/><\/p>\n<h2 id=\"balise_5\">Festival Fashionclash<\/h2>\n<p>Le Festival Fashionclash rompt avec les id\u00e9es conventionnelles en c\u00e9l\u00e9brant la diversit\u00e9 dans le monde de la mode. Cet \u00e9v\u00e9nement avant-gardiste, qui se d\u00e9roule \u00e0 travers toute la Belgique, met en lumi\u00e8re le travail des cr\u00e9ateurs \u00e9mergents qui d\u00e9fient les normes et explorent de nouvelles perspectives.<\/p>\n<p>Attendez-vous \u00e0 des collections uniques qui repoussent les limites et red\u00e9finissent ce que signifie \u00eatre \u00e0 la mode. Leurs cr\u00e9ations audacieuses vous feront voir l&#8217;art vestimentaire sous un nouveau jour.<\/p>\n<p>Le rendez-vous est donc pris pour une immersion totale dans cet univers o\u00f9 r\u00e8gnent inventivit\u00e9 et originalit\u00e9. Que vous soyez amateur ou professionnel du secteur, ne manquez pas cette occasion unique d&#8217;explorer l&#8217;inconnu et de red\u00e9couvrir vos propres pr\u00e9f\u00e9rences stylistiques.<\/p>\n<p><img loading=\"lazy\" decoding=\"async\" class=\"lazyload articleImageSquare_CGEN\" src=\"https:\/\/www.belgae.be\/imageHolder\/\/wp-content\/uploads\/sites\/2\/2023\/07\/loading-spinner-belgae.gif\" alt=\"tmpk6fn5gzx\" width=\"400\" height=\"400\" data-src=\"https:\/\/www.belgae.be\/imageHolder\/\/wp-content\/uploads\/sites\/2\/2023\/08\/tmpk6fn5gzx.jpg\" \/><\/p>\n<h2 id=\"balise_6\">Flanders DC Discussions de Mode<\/h2>\n<p>Flanders DC Fashion Talks n&#8217;est pas un d\u00e9fil\u00e9 de mode typique, mais une plateforme stimulante pour les professionnels du secteur. Ils y discutent des derni\u00e8res tendances et d\u00e9fis de l&#8217;univers de la mode.<\/p>\n<p>Avec des tables rondes captivantes, des discours inspirants par des figures influentes et opportunit\u00e9s de r\u00e9seautage &#8211; cet \u00e9v\u00e9nement offre un aper\u00e7u pr\u00e9cieux sur l&#8217;avenir de la mode belge.<\/p>\n<p>Il sert d&#8217;espace pour \u00e9changer les id\u00e9es brillantes, partager les exp\u00e9riences collectives et propulser le domaine vers une nouvelle \u00e8re innovante. Les participants tirent parti d&#8217;une exp\u00e9rience enrichissante qui favorise le partage d&#8217;id\u00e9es avant-gardistes dans cette industrie dynamique.<\/p>\n<p>L&#8217;\u00e9v\u00e9nement vise \u00e0 engager activement tous ceux impliqu\u00e9s dans ce champ cr\u00e9atif passionnant, en offrant un acc\u00e8s in\u00e9gal\u00e9 aux penseurs progressistes et aux leaders visionnaires du monde fascinant qu&#8217;est la mode.<\/p>\n<p><img loading=\"lazy\" decoding=\"async\" class=\"lazyload articleImageSquare_CGEN\" src=\"https:\/\/www.belgae.be\/imageHolder\/\/wp-content\/uploads\/sites\/2\/2023\/07\/loading-spinner-belgae.gif\" alt=\"tmp7m4rq5wq\" width=\"400\" height=\"400\" data-src=\"https:\/\/www.belgae.be\/imageHolder\/\/wp-content\/uploads\/sites\/2\/2023\/08\/tmp7m4rq5wq.jpg\" \/><\/p>\n<h2 id=\"balise_7\">Bruxelles Design Septembre<\/h2>\n<p>Bruxelles Design Septembre englobe tous les aspects du design, y compris l&#8217;int\u00e9rieur et l&#8217;architecture. Il int\u00e8gre \u00e9galement des \u00e9l\u00e9ments passionnants provenant de la mode.<\/p>\n<p>Des expositions pr\u00e9sentent des v\u00eatements innovants aux ateliers qui explorent les pratiques de mode durable. Ce festival multidisciplinaire offre une vue holistique sur la cr\u00e9ativit\u00e9 dans la capitale vibrante de Belgique.<\/p>\n<p>Le monde du design rencontre celui de la haute couture lors d&#8217;\u00e9v\u00e9nements uniques. La fusion entre art et fonctionnalit\u00e9 se fait sentir \u00e0 chaque coin.<\/p>\n<p>La ville s&#8217;anime avec le talent artistique local ainsi que international lors ce mois d\u00e9di\u00e9 au design. Bruxelles devient une sc\u00e8ne mondiale pour l&#8217;innovation en mati\u00e8re de style et d&#8217;esth\u00e9tique.<\/p>\n<p>Venez d\u00e9couvrir comment le design fa\u00e7onne notre quotidien, depuis nos maisons jusqu&#8217;\u00e0 notre fa\u00e7on de nous habiller.<\/p>\n<p><img loading=\"lazy\" decoding=\"async\" class=\"lazyload articleImageSquare_CGEN\" src=\"https:\/\/www.belgae.be\/imageHolder\/\/wp-content\/uploads\/sites\/2\/2023\/07\/loading-spinner-belgae.gif\" alt=\"tmpcsugwm5i\" width=\"400\" height=\"400\" data-src=\"https:\/\/www.belgae.be\/imageHolder\/\/wp-content\/uploads\/sites\/2\/2023\/08\/tmpcsugwm5i.jpg\" \/><\/p>\n<h2 id=\"balise_8\">D\u00e9fil\u00e9 de Mode d&#8217;Anvers<\/h2>\n<p>Alors qu&#8217;Anvers maintient sa position de force dominante dans la mode mondiale, un d\u00e9fil\u00e9 de mode exclusif \u00e0 Anvers encapsule tout ce qui rend cette ville si remarquable. En mettant en vedette des cr\u00e9ateurs belges \u00e9tablis aux c\u00f4t\u00e9s de talents \u00e9mergents, ce spectacle sur piste r\u00e9affirme la position d&#8217;Anvers \u00e0 l&#8217;avant-garde du style.<\/p>\n<p>Un \u00e9v\u00e9nement phare pour les passionn\u00e9s et les professionnels du secteur. Un lieu o\u00f9 l&#8217;innovation rencontre le patrimoine et o\u00f9 le traditionnel se m\u00eale au contemporain.<\/p>\n<p>Le d\u00e9fil\u00e9 est plus qu&#8217;un simple spectacle : il est une c\u00e9l\u00e9bration des cr\u00e9ations audacieuses et innovantes qui caract\u00e9risent la sc\u00e8ne mode d&#8217;Anvers.<\/p>\n<p>Par cons\u00e9quent, cette vitrine offre une occasion unique d\u2019explorer les derni\u00e8res tendances tout en d\u00e9couvrant comment Anvers continue \u00e0 influencer le paysage stylistique mondial avec son approche avant-gardiste.<\/p>\n<p><img loading=\"lazy\" decoding=\"async\" class=\"lazyload articleImageSquare_CGEN\" src=\"https:\/\/www.belgae.be\/imageHolder\/\/wp-content\/uploads\/sites\/2\/2023\/07\/loading-spinner-belgae.gif\" alt=\"tmp2zttikhc\" width=\"400\" height=\"400\" data-src=\"https:\/\/www.belgae.be\/imageHolder\/\/wp-content\/uploads\/sites\/2\/2023\/08\/tmp2zttikhc.jpg\" \/><\/p>\n<h2 id=\"balise_9\">Sommet de la Mode de Bruxelles<\/h2>\n<p>Le Sommet de la Mode de Bruxelles r\u00e9unit des acteurs cl\u00e9s des sph\u00e8res nationales et internationales pour aborder les probl\u00e8mes de durabilit\u00e9 pr\u00e9valents dans l&#8217;industrie effr\u00e9n\u00e9e d&#8217;aujourd&#8217;hui.<\/p>\n<p>Gr\u00e2ce \u00e0 des conf\u00e9rences perspicaces ax\u00e9es sur les m\u00e9thodes de production \u00e9thiques ou les initiatives conscientes de l&#8217;environnement, ce sommet vise \u00e0 favoriser un changement positif tout en pr\u00e9servant le style.<\/p>\n<p>Cette rencontre majeure offre une plateforme unique pour d\u00e9battre, partager et mettre en \u0153uvre des solutions innovantes qui r\u00e9pondent aux d\u00e9fis du secteur.<\/p>\n<p>L&#8217;\u00e9v\u00e9nement sert aussi comme une occasion id\u00e9ale pour tisser des liens avec d&#8217;autres professionnels partageant les m\u00eames valeurs et visions du futur.<\/p>\n<p>Ensemble, nous pouvons cr\u00e9er un avenir plus vert sans compromettre la beaut\u00e9 ni le glamour inh\u00e9rents au monde fascinant de la mode.<\/p>\n<p><img loading=\"lazy\" decoding=\"async\" class=\"lazyload articleImageSquare_CGEN\" src=\"https:\/\/www.belgae.be\/imageHolder\/\/wp-content\/uploads\/sites\/2\/2023\/07\/loading-spinner-belgae.gif\" alt=\"tmpyq8qmw3e\" width=\"400\" height=\"400\" data-src=\"https:\/\/www.belgae.be\/imageHolder\/\/wp-content\/uploads\/sites\/2\/2023\/08\/tmpyq8qmw3e.jpg\" \/><\/p>\n<h2 id=\"balise_10\">Mode Parcours<\/h2>\n<p>Parcours Mode est une vitrine interactive qui invite les visiteurs dans les coulisses des studios de designers belges. Avec des visites guid\u00e9es offrant un aper\u00e7u des processus cr\u00e9atifs et des pr\u00e9sentations en direct mettant en valeur l&#8217;artisanat, les participants sont plong\u00e9s dans tous les aspects entourant leurs marques de design pr\u00e9f\u00e9r\u00e9es comme jamais auparavant.<\/p>\n<p>Des tours guid\u00e9s d\u00e9voilent le processus cr\u00e9atif derri\u00e8re chaque pi\u00e8ce unique. Les comp\u00e9tences artisanales sont mises \u00e0 l&#8217;honneur lors de pr\u00e9sentations dynamiques. L&#8217;immersion totale permet aux amateurs de mode d&#8217;avoir un contact direct avec leur marque designer favorite.<\/p>\n<p>Chaque aspect du monde du design est explor\u00e9 : la conception, la r\u00e9alisation et m\u00eame le marketing. Le tout se fait dans une atmosph\u00e8re conviviale o\u00f9 passionn\u00e9s et curieux peuvent \u00e9changer avec ces artisans talentueux.<\/p>\n<p>En somme, Parcours Mode offre une exp\u00e9rience in\u00e9dite pour d\u00e9couvrir le travail minutieux r\u00e9alis\u00e9 par nos designers belges ador\u00e9s! Venez vivre cette exp\u00e9rience immersif sans pareil autour du design belge.<\/p>\n<p><img loading=\"lazy\" decoding=\"async\" class=\"lazyload articleImageSquare_CGEN\" src=\"https:\/\/www.belgae.be\/imageHolder\/\/wp-content\/uploads\/sites\/2\/2023\/07\/loading-spinner-belgae.gif\" alt=\"tmp2_4cb_dc\" width=\"400\" height=\"400\" data-src=\"https:\/\/www.belgae.be\/imageHolder\/\/wp-content\/uploads\/sites\/2\/2023\/08\/tmp2_4cb_dc.jpg\" \/><\/p>\n<h2 id=\"balise_11\">Salon de la Lingerie<\/h2>\n<p>Dentelle, soie et charme &#8211; Salon de la Lingerie est une c\u00e9l\u00e9bration d\u00e9di\u00e9e \u00e0 l&#8217;univers de la lingerie. Cet \u00e9v\u00e9nement intimiste r\u00e9unit les cr\u00e9ateurs belges renomm\u00e9s pour pr\u00e9senter leurs derni\u00e8res cr\u00e9ations s\u00e9duisantes.<\/p>\n<p>Des ensembles en dentelle d\u00e9licate aux designs audacieux qui donnent du pouvoir \u00e0 celui qui les porte &#8211; ce spectacle prouve que sous-v\u00eatements peuvent allier confort et modernit\u00e9.<\/p>\n<p><img loading=\"lazy\" decoding=\"async\" class=\"lazyload articleImageSquare_CGEN\" src=\"https:\/\/www.belgae.be\/imageHolder\/\/wp-content\/uploads\/sites\/2\/2023\/07\/loading-spinner-belgae.gif\" alt=\"tmpjae1ky5g\" width=\"400\" height=\"400\" data-src=\"https:\/\/www.belgae.be\/imageHolder\/\/wp-content\/uploads\/sites\/2\/2023\/08\/tmpjae1ky5g.jpg\" \/><\/p>\n<h2 id=\"balise_12\">H\u00f4tel Boutique et Foire de Mode<\/h2>\n<p>L&#8217;H\u00f4tel Boutique et la Foire de Mode fusionnent deux \u00e9l\u00e9ments passionnants : des exp\u00e9riences d&#8217;h\u00e9bergement uniques avec des opportunit\u00e9s de shopping exclusives. La pr\u00e9sentation des collections de cr\u00e9ateurs locaux dans les h\u00f4tels boutiques branch\u00e9s sublime le concept du &#8220;shopping th\u00e9rapeutique&#8221; \u00e0 un nouveau niveau.<\/p>\n<p>Plongez-vous dans un environnement luxueux tout en d\u00e9couvrant les meilleures offres de mode belges! Offrez-vous une escapade inoubliable o\u00f9 le luxe et la mode se rencontrent, cr\u00e9ant ainsi une exp\u00e9rience unique en son genre.<\/p>\n<p>En r\u00e9sum\u00e9, c&#8217;est l&#8217;endroit id\u00e9al pour ceux qui cherchent \u00e0 combiner d\u00e9tente et d\u00e9couverte. Avec ses designs innovants expos\u00e9s au sein d&#8217;un cadre confortable, cet \u00e9v\u00e9nement promet une aventure hors du commun!<\/p>\n<p>Pour finir sur cette note all\u00e9chante, n&#8217;oubliez pas que chaque visite est l&#8217;occasion parfaite pour d\u00e9couvrir quelque chose de nouveau. Qu&#8217;il s&#8217;agisse d&#8217;une pi\u00e8ce unique ou d&#8217;une collection enti\u00e8re &#8211; il y a toujours quelque chose qui attend juste derri\u00e8re la porte suivante!<\/p>\n<p><img loading=\"lazy\" decoding=\"async\" class=\"lazyload articleImageSquare_CGEN\" src=\"https:\/\/www.belgae.be\/imageHolder\/\/wp-content\/uploads\/sites\/2\/2023\/07\/loading-spinner-belgae.gif\" alt=\"tmpa8kwqqbg\" width=\"400\" height=\"400\" data-src=\"https:\/\/www.belgae.be\/imageHolder\/\/wp-content\/uploads\/sites\/2\/2023\/08\/tmpa8kwqqbg.jpg\" \/><\/p>\n<h2 id=\"balise_13\">D\u00e9fil\u00e9 de Mode Leuven<\/h2>\n<p>Leuven, une cit\u00e9 dynamique r\u00e9put\u00e9e pour son histoire riche, accueille chaque ann\u00e9e un d\u00e9fil\u00e9 de mode. Des marques \u00e9tablies ainsi que des talents \u00e9mergents y pr\u00e9sentent leurs derni\u00e8res collections.<\/p>\n<p>Avec un m\u00e9lange d&#8217;\u00e9l\u00e9gance classique et de touche contemporaine mis en avant tout au long de l&#8217;\u00e9v\u00e9nement &#8211; le d\u00e9fil\u00e9 Mode Leuven place cette charmante ville solidement sur la carte mode de Belgique.<\/p>\n<p>L&#8217;attrait du spectacle ne se limite pas \u00e0 la piste. Les spectateurs sont \u00e9galement captiv\u00e9s par l&#8217;ambiance \u00e9lectrisante qui r\u00e8gne dans les coulisses et autour du podium. C&#8217;est une c\u00e9l\u00e9bration grandiose des nouvelles tendances qui donnent vie \u00e0 la sc\u00e8ne cr\u00e9ative belge.<\/p>\n<p>En somme, Leuven est plus qu&#8217;une simple ville historique ; elle est d\u00e9sormais reconnue comme une v\u00e9ritable capitale fashion gr\u00e2ce au d\u00e9fil\u00e9 Mode Show Leuven.<\/p>\n<p><img loading=\"lazy\" decoding=\"async\" class=\"lazyload articleImageSquare_CGEN\" src=\"https:\/\/www.belgae.be\/imageHolder\/\/wp-content\/uploads\/sites\/2\/2023\/07\/loading-spinner-belgae.gif\" alt=\"tmpy_w6q31p\" width=\"400\" height=\"400\" data-src=\"https:\/\/www.belgae.be\/imageHolder\/\/wp-content\/uploads\/sites\/2\/2023\/08\/tmpy_w6q31p.jpg\" \/><\/p>\n<h2 id=\"balise_14\">March\u00e9 Vintage de Bruxelles<\/h2>\n<p>Pour les amateurs de style intemporel ou ceux qui recherchent des pi\u00e8ces uniques d&#8217;\u00e9poques r\u00e9volues, le Brussels Vintage Market est une v\u00e9ritable caverne d&#8217;Ali Baba. Nich\u00e9 au c\u0153ur de lieux historiques \u00e0 couper le souffle tels que les Halles Saint-G\u00e9ry ou Tour &amp; Taxis.<\/p>\n<p>Ce march\u00e9 offre aux passionn\u00e9s de v\u00eatements vintage une infinit\u00e9 de possibilit\u00e9s pour cr\u00e9er des tenues vraiment uniques. Chaque visite promet la d\u00e9couverte d&#8217;un tr\u00e9sor cach\u00e9, qu&#8217;il s&#8217;agisse d&#8217;une robe swing des ann\u00e9es 50 ou d&#8217;un blouson en cuir vieilli.<\/p>\n<p>Avec autant de choix et tant \u00e0 explorer, il n&#8217;est pas \u00e9tonnant que ce march\u00e9 soit si appr\u00e9ci\u00e9 par ceux qui cherchent \u00e0 se d\u00e9marquer du lot avec leur sens du style personnel. Alors pourquoi attendre ?<\/p>\n<p>Venez d\u00e9couvrir tout ce que le Brussels Vintage Market a \u00e0 offrir !<\/p>\n<p><img loading=\"lazy\" decoding=\"async\" class=\"lazyload articleImageSquare_CGEN\" src=\"https:\/\/www.belgae.be\/imageHolder\/\/wp-content\/uploads\/sites\/2\/2023\/07\/loading-spinner-belgae.gif\" alt=\"tmph8ixolaj\" width=\"400\" height=\"400\" data-src=\"https:\/\/www.belgae.be\/imageHolder\/\/wp-content\/uploads\/sites\/2\/2023\/08\/tmph8ixolaj.jpg\" \/><\/p>\n<h2 id=\"balise_15\">Festival du Film de Mode de Bruxelles<\/h2>\n<p>Combinant deux formes d&#8217;art &#8211; la r\u00e9alisation de films et le design de mode &#8211; le Festival du Film de Mode de Bruxelles pr\u00e9sente des histoires visuelles captivantes cr\u00e9\u00e9es autour des v\u00eatements eux-m\u00eames. Gr\u00e2ce \u00e0 des courts m\u00e9trages explorant divers r\u00e9cits li\u00e9s \u00e0 l&#8217;esth\u00e9tique vestimentaire ou aux m\u00e9thodes narratives des marques, ce festival offre une perspective alternative sur notre perception de la mode au-del\u00e0 des d\u00e9fil\u00e9s traditionnels.<\/p>\n<p>La Belgique brille vraiment gr\u00e2ce \u00e0 sa gamme vari\u00e9e d&#8217;\u00e9v\u00e9nements li\u00e9s \u00e0 la mode. Des vitrines avant-gardistes aux discussions stimulantes, il y a quelque chose pour chaque passionn\u00e9 de mode dans ce pays artistique et vibrant. Alors, notez-le dans vos agendas et plongez-vous dans le monde de la mode belge!<\/p>\n<section class=\"cgen-outboundLinksSection\">\n<h2>Pour\u00a0approfondir le sujet<\/h2>\n<p>Quelques sources, ressources et r\u00e9f\u00e9rences :<\/p>\n<ul>\n<li><a href=\"https:\/\/brusselsfashiondays.be\/\" target=\"_blank\" rel=\"nofollow noopener\">Brussels Fashion Days<\/a><\/li>\n<li><a href=\"https:\/\/antwerpfashionweek.com\/\" target=\"_blank\" rel=\"nofollow noopener\">Antwerp Fashion Week<\/a><\/li>\n<li><a href=\"https:\/\/www.myknokke-heist.be\/fr\/commerces-participants-la-fashion-week\" target=\"_blank\" rel=\"nofollow noopener\">Commerces participants \u00e0 la Fashion Week | Toerisme Knokke-Heist<\/a><\/li>\n<li><a href=\"https:\/\/www.flandersdc.be\/en\/promotion\/fashion-talks\" target=\"_blank\" rel=\"nofollow noopener\"> Flanders DC &#8211; Fashion Talks <\/a><\/li>\n<li><a href=\"https:\/\/designseptember.be\/fr\" target=\"_blank\" rel=\"nofollow noopener\">Brussels Design September 2022 | Brussels Design September<\/a><\/li>\n<li><a href=\"https:\/\/lacambremodes.be\/fr\/\" target=\"_blank\" rel=\"nofollow noopener\">La Cambre Modes<\/a><\/li>\n<li><a href=\"https:\/\/showww.be\/\" target=\"_blank\" rel=\"nofollow noopener\">offSHOW | Royal Academy of Fine Arts Antwerp<\/a><\/li>\n<\/ul>\n<\/section>\n","protected":false},"excerpt":{"rendered":"<p>Lib\u00e9rez votre fashionista int\u00e9rieure et pr\u00e9parez-vous \u00e0 \u00eatre \u00e9bloui ! Les podiums belges sont bouillonnants, d\u00e9bordant de cr\u00e9ativit\u00e9 qui vous laissera sans voix.<\/p>\n","protected":false},"author":1,"featured_media":5285,"comment_status":"open","ping_status":"closed","sticky":false,"template":"","format":"standard","meta":{"_acf_changed":false,"_et_pb_use_builder":"","_et_pb_old_content":"","_et_gb_content_width":"","footnotes":""},"categories":[39],"tags":[],"class_list":["post-2957","post","type-post","status-publish","format-standard","has-post-thumbnail","hentry","category-belgium"],"acf":[],"yoast_head":"<!-- This site is optimized with the Yoast SEO plugin v27.5 - https:\/\/yoast.com\/product\/yoast-seo-wordpress\/ -->\n<title>D\u00e9fil\u00e9s de mode et \u00e9v\u00e9nements en Belgique (16 \u00e0 ne pas manquer) | Belgae<\/title>\n<meta name=\"robots\" content=\"index, follow, max-snippet:-1, max-image-preview:large, max-video-preview:-1\" \/>\n<link rel=\"canonical\" href=\"https:\/\/www.belgae.be\/fr\/blog\/defiles-de-mode-en-belgique\/\" \/>\n<meta property=\"og:locale\" content=\"fr_FR\" \/>\n<meta property=\"og:type\" content=\"article\" \/>\n<meta property=\"og:title\" content=\"D\u00e9fil\u00e9s de mode et \u00e9v\u00e9nements en Belgique (16 \u00e0 ne pas manquer) | Belgae\" \/>\n<meta property=\"og:description\" content=\"Lib\u00e9rez votre fashionista int\u00e9rieure et pr\u00e9parez-vous \u00e0 \u00eatre \u00e9bloui ! Les podiums belges sont bouillonnants, d\u00e9bordant de cr\u00e9ativit\u00e9 qui vous laissera sans voix.\" \/>\n<meta property=\"og:url\" content=\"https:\/\/www.belgae.be\/fr\/blog\/defiles-de-mode-en-belgique\/\" \/>\n<meta property=\"og:site_name\" content=\"Belgae\" \/>\n<meta property=\"article:published_time\" content=\"2023-08-07T17:07:45+00:00\" \/>\n<meta property=\"article:modified_time\" content=\"2023-08-07T17:48:55+00:00\" \/>\n<meta name=\"author\" content=\"Cyril Gendarme\" \/>\n<meta name=\"twitter:card\" content=\"summary_large_image\" \/>\n<meta name=\"twitter:label1\" content=\"\u00c9crit par\" \/>\n\t<meta name=\"twitter:data1\" content=\"Cyril Gendarme\" \/>\n\t<meta name=\"twitter:label2\" content=\"Dur\u00e9e de lecture estim\u00e9e\" \/>\n\t<meta name=\"twitter:data2\" content=\"16 minutes\" \/>\n<script type=\"application\/ld+json\" class=\"yoast-schema-graph\">{\"@context\":\"https:\\\/\\\/schema.org\",\"@graph\":[{\"@type\":\"Article\",\"@id\":\"https:\\\/\\\/www.belgae.be\\\/fr\\\/blog\\\/defiles-de-mode-en-belgique\\\/#article\",\"isPartOf\":{\"@id\":\"https:\\\/\\\/www.belgae.be\\\/fr\\\/blog\\\/defiles-de-mode-en-belgique\\\/\"},\"author\":{\"name\":\"Cyril Gendarme\",\"@id\":\"https:\\\/\\\/www.belgae.be\\\/fr\\\/#\\\/schema\\\/person\\\/646b40b88212bc5335f9c4fa787df047\"},\"headline\":\"D\u00e9fil\u00e9s de mode et \u00e9v\u00e9nements en Belgique (16 \u00e0 ne pas manquer)\",\"datePublished\":\"2023-08-07T17:07:45+00:00\",\"dateModified\":\"2023-08-07T17:48:55+00:00\",\"mainEntityOfPage\":{\"@id\":\"https:\\\/\\\/www.belgae.be\\\/fr\\\/blog\\\/defiles-de-mode-en-belgique\\\/\"},\"wordCount\":2704,\"commentCount\":0,\"publisher\":{\"@id\":\"https:\\\/\\\/www.belgae.be\\\/fr\\\/#organization\"},\"image\":{\"@id\":\"https:\\\/\\\/www.belgae.be\\\/fr\\\/blog\\\/defiles-de-mode-en-belgique\\\/#primaryimage\"},\"thumbnailUrl\":\"https:\\\/\\\/www.belgae.be\\\/fr\\\/wp-content\\\/uploads\\\/sites\\\/2\\\/2023\\\/08\\\/cyril_ge_Belgian_fashion_show_Franco-Belgian_comic_style_illust_374c86d0-3075-417c-9c07-3ba6eb29b0aa.webp\",\"articleSection\":[\"Belgium\"],\"inLanguage\":\"fr-FR\",\"potentialAction\":[{\"@type\":\"CommentAction\",\"name\":\"Comment\",\"target\":[\"https:\\\/\\\/www.belgae.be\\\/fr\\\/blog\\\/defiles-de-mode-en-belgique\\\/#respond\"]}]},{\"@type\":\"WebPage\",\"@id\":\"https:\\\/\\\/www.belgae.be\\\/fr\\\/blog\\\/defiles-de-mode-en-belgique\\\/\",\"url\":\"https:\\\/\\\/www.belgae.be\\\/fr\\\/blog\\\/defiles-de-mode-en-belgique\\\/\",\"name\":\"D\u00e9fil\u00e9s de mode et \u00e9v\u00e9nements en Belgique (16 \u00e0 ne pas manquer) | Belgae\",\"isPartOf\":{\"@id\":\"https:\\\/\\\/www.belgae.be\\\/fr\\\/#website\"},\"primaryImageOfPage\":{\"@id\":\"https:\\\/\\\/www.belgae.be\\\/fr\\\/blog\\\/defiles-de-mode-en-belgique\\\/#primaryimage\"},\"image\":{\"@id\":\"https:\\\/\\\/www.belgae.be\\\/fr\\\/blog\\\/defiles-de-mode-en-belgique\\\/#primaryimage\"},\"thumbnailUrl\":\"https:\\\/\\\/www.belgae.be\\\/fr\\\/wp-content\\\/uploads\\\/sites\\\/2\\\/2023\\\/08\\\/cyril_ge_Belgian_fashion_show_Franco-Belgian_comic_style_illust_374c86d0-3075-417c-9c07-3ba6eb29b0aa.webp\",\"datePublished\":\"2023-08-07T17:07:45+00:00\",\"dateModified\":\"2023-08-07T17:48:55+00:00\",\"breadcrumb\":{\"@id\":\"https:\\\/\\\/www.belgae.be\\\/fr\\\/blog\\\/defiles-de-mode-en-belgique\\\/#breadcrumb\"},\"inLanguage\":\"fr-FR\",\"potentialAction\":[{\"@type\":\"ReadAction\",\"target\":[\"https:\\\/\\\/www.belgae.be\\\/fr\\\/blog\\\/defiles-de-mode-en-belgique\\\/\"]}]},{\"@type\":\"ImageObject\",\"inLanguage\":\"fr-FR\",\"@id\":\"https:\\\/\\\/www.belgae.be\\\/fr\\\/blog\\\/defiles-de-mode-en-belgique\\\/#primaryimage\",\"url\":\"https:\\\/\\\/www.belgae.be\\\/fr\\\/wp-content\\\/uploads\\\/sites\\\/2\\\/2023\\\/08\\\/cyril_ge_Belgian_fashion_show_Franco-Belgian_comic_style_illust_374c86d0-3075-417c-9c07-3ba6eb29b0aa.webp\",\"contentUrl\":\"https:\\\/\\\/www.belgae.be\\\/fr\\\/wp-content\\\/uploads\\\/sites\\\/2\\\/2023\\\/08\\\/cyril_ge_Belgian_fashion_show_Franco-Belgian_comic_style_illust_374c86d0-3075-417c-9c07-3ba6eb29b0aa.webp\"},{\"@type\":\"BreadcrumbList\",\"@id\":\"https:\\\/\\\/www.belgae.be\\\/fr\\\/blog\\\/defiles-de-mode-en-belgique\\\/#breadcrumb\",\"itemListElement\":[{\"@type\":\"ListItem\",\"position\":1,\"name\":\"Accueil\",\"item\":\"https:\\\/\\\/www.belgae.be\\\/fr\\\/\"},{\"@type\":\"ListItem\",\"position\":2,\"name\":\"D\u00e9fil\u00e9s de mode et \u00e9v\u00e9nements en Belgique (16 \u00e0 ne pas manquer)\"}]},{\"@type\":\"WebSite\",\"@id\":\"https:\\\/\\\/www.belgae.be\\\/fr\\\/#website\",\"url\":\"https:\\\/\\\/www.belgae.be\\\/fr\\\/\",\"name\":\"Belgae\",\"description\":\"Art &amp; Mode Belge\",\"publisher\":{\"@id\":\"https:\\\/\\\/www.belgae.be\\\/fr\\\/#organization\"},\"potentialAction\":[{\"@type\":\"SearchAction\",\"target\":{\"@type\":\"EntryPoint\",\"urlTemplate\":\"https:\\\/\\\/www.belgae.be\\\/fr\\\/?s={search_term_string}\"},\"query-input\":{\"@type\":\"PropertyValueSpecification\",\"valueRequired\":true,\"valueName\":\"search_term_string\"}}],\"inLanguage\":\"fr-FR\"},{\"@type\":\"Organization\",\"@id\":\"https:\\\/\\\/www.belgae.be\\\/fr\\\/#organization\",\"name\":\"Belgae\",\"url\":\"https:\\\/\\\/www.belgae.be\\\/fr\\\/\",\"logo\":{\"@type\":\"ImageObject\",\"inLanguage\":\"fr-FR\",\"@id\":\"https:\\\/\\\/www.belgae.be\\\/fr\\\/#\\\/schema\\\/logo\\\/image\\\/\",\"url\":\"https:\\\/\\\/www.belgae.be\\\/fr\\\/wp-content\\\/uploads\\\/sites\\\/2\\\/2023\\\/07\\\/Sans-titre1-Copie.png\",\"contentUrl\":\"https:\\\/\\\/www.belgae.be\\\/fr\\\/wp-content\\\/uploads\\\/sites\\\/2\\\/2023\\\/07\\\/Sans-titre1-Copie.png\",\"width\":88,\"height\":88,\"caption\":\"Belgae\"},\"image\":{\"@id\":\"https:\\\/\\\/www.belgae.be\\\/fr\\\/#\\\/schema\\\/logo\\\/image\\\/\"}},{\"@type\":\"Person\",\"@id\":\"https:\\\/\\\/www.belgae.be\\\/fr\\\/#\\\/schema\\\/person\\\/646b40b88212bc5335f9c4fa787df047\",\"name\":\"Cyril Gendarme\",\"sameAs\":[\"https:\\\/\\\/www.belgae.be\"],\"url\":\"https:\\\/\\\/www.belgae.be\\\/fr\\\/blog\\\/author\\\/cgen\\\/\"}]}<\/script>\n<!-- \/ Yoast SEO plugin. -->","yoast_head_json":{"title":"D\u00e9fil\u00e9s de mode et \u00e9v\u00e9nements en Belgique (16 \u00e0 ne pas manquer) | Belgae","robots":{"index":"index","follow":"follow","max-snippet":"max-snippet:-1","max-image-preview":"max-image-preview:large","max-video-preview":"max-video-preview:-1"},"canonical":"https:\/\/www.belgae.be\/fr\/blog\/defiles-de-mode-en-belgique\/","og_locale":"fr_FR","og_type":"article","og_title":"D\u00e9fil\u00e9s de mode et \u00e9v\u00e9nements en Belgique (16 \u00e0 ne pas manquer) | Belgae","og_description":"Lib\u00e9rez votre fashionista int\u00e9rieure et pr\u00e9parez-vous \u00e0 \u00eatre \u00e9bloui ! Les podiums belges sont bouillonnants, d\u00e9bordant de cr\u00e9ativit\u00e9 qui vous laissera sans voix.","og_url":"https:\/\/www.belgae.be\/fr\/blog\/defiles-de-mode-en-belgique\/","og_site_name":"Belgae","article_published_time":"2023-08-07T17:07:45+00:00","article_modified_time":"2023-08-07T17:48:55+00:00","author":"Cyril Gendarme","twitter_card":"summary_large_image","twitter_misc":{"\u00c9crit par":"Cyril Gendarme","Dur\u00e9e de lecture estim\u00e9e":"16 minutes"},"schema":{"@context":"https:\/\/schema.org","@graph":[{"@type":"Article","@id":"https:\/\/www.belgae.be\/fr\/blog\/defiles-de-mode-en-belgique\/#article","isPartOf":{"@id":"https:\/\/www.belgae.be\/fr\/blog\/defiles-de-mode-en-belgique\/"},"author":{"name":"Cyril Gendarme","@id":"https:\/\/www.belgae.be\/fr\/#\/schema\/person\/646b40b88212bc5335f9c4fa787df047"},"headline":"D\u00e9fil\u00e9s de mode et \u00e9v\u00e9nements en Belgique (16 \u00e0 ne pas manquer)","datePublished":"2023-08-07T17:07:45+00:00","dateModified":"2023-08-07T17:48:55+00:00","mainEntityOfPage":{"@id":"https:\/\/www.belgae.be\/fr\/blog\/defiles-de-mode-en-belgique\/"},"wordCount":2704,"commentCount":0,"publisher":{"@id":"https:\/\/www.belgae.be\/fr\/#organization"},"image":{"@id":"https:\/\/www.belgae.be\/fr\/blog\/defiles-de-mode-en-belgique\/#primaryimage"},"thumbnailUrl":"https:\/\/www.belgae.be\/fr\/wp-content\/uploads\/sites\/2\/2023\/08\/cyril_ge_Belgian_fashion_show_Franco-Belgian_comic_style_illust_374c86d0-3075-417c-9c07-3ba6eb29b0aa.webp","articleSection":["Belgium"],"inLanguage":"fr-FR","potentialAction":[{"@type":"CommentAction","name":"Comment","target":["https:\/\/www.belgae.be\/fr\/blog\/defiles-de-mode-en-belgique\/#respond"]}]},{"@type":"WebPage","@id":"https:\/\/www.belgae.be\/fr\/blog\/defiles-de-mode-en-belgique\/","url":"https:\/\/www.belgae.be\/fr\/blog\/defiles-de-mode-en-belgique\/","name":"D\u00e9fil\u00e9s de mode et \u00e9v\u00e9nements en Belgique (16 \u00e0 ne pas manquer) | Belgae","isPartOf":{"@id":"https:\/\/www.belgae.be\/fr\/#website"},"primaryImageOfPage":{"@id":"https:\/\/www.belgae.be\/fr\/blog\/defiles-de-mode-en-belgique\/#primaryimage"},"image":{"@id":"https:\/\/www.belgae.be\/fr\/blog\/defiles-de-mode-en-belgique\/#primaryimage"},"thumbnailUrl":"https:\/\/www.belgae.be\/fr\/wp-content\/uploads\/sites\/2\/2023\/08\/cyril_ge_Belgian_fashion_show_Franco-Belgian_comic_style_illust_374c86d0-3075-417c-9c07-3ba6eb29b0aa.webp","datePublished":"2023-08-07T17:07:45+00:00","dateModified":"2023-08-07T17:48:55+00:00","breadcrumb":{"@id":"https:\/\/www.belgae.be\/fr\/blog\/defiles-de-mode-en-belgique\/#breadcrumb"},"inLanguage":"fr-FR","potentialAction":[{"@type":"ReadAction","target":["https:\/\/www.belgae.be\/fr\/blog\/defiles-de-mode-en-belgique\/"]}]},{"@type":"ImageObject","inLanguage":"fr-FR","@id":"https:\/\/www.belgae.be\/fr\/blog\/defiles-de-mode-en-belgique\/#primaryimage","url":"https:\/\/www.belgae.be\/fr\/wp-content\/uploads\/sites\/2\/2023\/08\/cyril_ge_Belgian_fashion_show_Franco-Belgian_comic_style_illust_374c86d0-3075-417c-9c07-3ba6eb29b0aa.webp","contentUrl":"https:\/\/www.belgae.be\/fr\/wp-content\/uploads\/sites\/2\/2023\/08\/cyril_ge_Belgian_fashion_show_Franco-Belgian_comic_style_illust_374c86d0-3075-417c-9c07-3ba6eb29b0aa.webp"},{"@type":"BreadcrumbList","@id":"https:\/\/www.belgae.be\/fr\/blog\/defiles-de-mode-en-belgique\/#breadcrumb","itemListElement":[{"@type":"ListItem","position":1,"name":"Accueil","item":"https:\/\/www.belgae.be\/fr\/"},{"@type":"ListItem","position":2,"name":"D\u00e9fil\u00e9s de mode et \u00e9v\u00e9nements en Belgique (16 \u00e0 ne pas manquer)"}]},{"@type":"WebSite","@id":"https:\/\/www.belgae.be\/fr\/#website","url":"https:\/\/www.belgae.be\/fr\/","name":"Belgae","description":"Art &amp; Mode Belge","publisher":{"@id":"https:\/\/www.belgae.be\/fr\/#organization"},"potentialAction":[{"@type":"SearchAction","target":{"@type":"EntryPoint","urlTemplate":"https:\/\/www.belgae.be\/fr\/?s={search_term_string}"},"query-input":{"@type":"PropertyValueSpecification","valueRequired":true,"valueName":"search_term_string"}}],"inLanguage":"fr-FR"},{"@type":"Organization","@id":"https:\/\/www.belgae.be\/fr\/#organization","name":"Belgae","url":"https:\/\/www.belgae.be\/fr\/","logo":{"@type":"ImageObject","inLanguage":"fr-FR","@id":"https:\/\/www.belgae.be\/fr\/#\/schema\/logo\/image\/","url":"https:\/\/www.belgae.be\/fr\/wp-content\/uploads\/sites\/2\/2023\/07\/Sans-titre1-Copie.png","contentUrl":"https:\/\/www.belgae.be\/fr\/wp-content\/uploads\/sites\/2\/2023\/07\/Sans-titre1-Copie.png","width":88,"height":88,"caption":"Belgae"},"image":{"@id":"https:\/\/www.belgae.be\/fr\/#\/schema\/logo\/image\/"}},{"@type":"Person","@id":"https:\/\/www.belgae.be\/fr\/#\/schema\/person\/646b40b88212bc5335f9c4fa787df047","name":"Cyril Gendarme","sameAs":["https:\/\/www.belgae.be"],"url":"https:\/\/www.belgae.be\/fr\/blog\/author\/cgen\/"}]}},"_links":{"self":[{"href":"https:\/\/www.belgae.be\/fr\/wp-json\/wp\/v2\/posts\/2957","targetHints":{"allow":["GET"]}}],"collection":[{"href":"https:\/\/www.belgae.be\/fr\/wp-json\/wp\/v2\/posts"}],"about":[{"href":"https:\/\/www.belgae.be\/fr\/wp-json\/wp\/v2\/types\/post"}],"author":[{"embeddable":true,"href":"https:\/\/www.belgae.be\/fr\/wp-json\/wp\/v2\/users\/1"}],"replies":[{"embeddable":true,"href":"https:\/\/www.belgae.be\/fr\/wp-json\/wp\/v2\/comments?post=2957"}],"version-history":[{"count":0,"href":"https:\/\/www.belgae.be\/fr\/wp-json\/wp\/v2\/posts\/2957\/revisions"}],"wp:featuredmedia":[{"embeddable":true,"href":"https:\/\/www.belgae.be\/fr\/wp-json\/"}],"wp:attachment":[{"href":"https:\/\/www.belgae.be\/fr\/wp-json\/wp\/v2\/media?parent=2957"}],"wp:term":[{"taxonomy":"category","embeddable":true,"href":"https:\/\/www.belgae.be\/fr\/wp-json\/wp\/v2\/categories?post=2957"},{"taxonomy":"post_tag","embeddable":true,"href":"https:\/\/www.belgae.be\/fr\/wp-json\/wp\/v2\/tags?post=2957"}],"curies":[{"name":"wp","href":"https:\/\/api.w.org\/{rel}","templated":true}]}}