{"id":2947,"date":"2023-08-03T13:43:02","date_gmt":"2023-08-03T13:43:02","guid":{"rendered":"https:\/\/www.belgae.be\/fr\/blog\/portant-du-beige\/"},"modified":"2023-08-03T13:43:02","modified_gmt":"2023-08-03T13:43:02","slug":"portant-du-beige","status":"publish","type":"post","link":"https:\/\/www.belgae.be\/fr\/blog\/portant-du-beige\/","title":{"rendered":"Porter du beige : combinaisons, psychologie, etc"},"content":{"rendered":"<p>Lib\u00e9rez le pouvoir du beige ! Cette teinte humble est bien plus qu&#8217;un choix s\u00fbr. Plongez dans l&#8217;univers de la mode beige et explorons ensemble son potentiel.<\/p>\n<p>Des combinaisons audacieuses \u00e0 une psychologie intrigante &#8211; tant de choses se cachent sous cette toile neutre, pr\u00eates \u00e0 \u00eatre d\u00e9couvertes par vous.<\/p>\n<p>Pr\u00e9parez-vous \u00e0 peindre votre style avec toutes les nuances de beige et d\u00e9filez avec une gr\u00e2ce in\u00e9gal\u00e9e par aucune autre palette de couleurs !<\/p>\n<section class=\"contentTable_table\">\n<p class=\"contentTable_title\">Table des mati\u00e8res : <\/p>\n<p class=\"contentTable_elem\"><a href=\"#balise_0\">1. Introduction : Comment porter la couleur beige ? <\/a><\/p>\n<p class=\"contentTable_elem\"><a href=\"#balise_1\">2. Quelles \u00e9motions sont exprim\u00e9es en portant la couleur beige ? <\/a><\/p>\n<p class=\"contentTable_elem\"><a href=\"#balise_2\">3. Associations : Quelles couleurs s&#8217;accordent avec le port de v\u00eatements beige ? <\/a><\/p>\n<p class=\"contentTable_elem\"><a href=\"#balise_3\">4. Quel teint s&#8217;accorde bien avec une tenue beige ? <\/a><\/p>\n<p class=\"contentTable_elem\"><a href=\"#balise_4\">5. La Meilleure Saison pour Porter la Couleur Beige<\/a><\/p>\n<p class=\"contentTable_elem\"><a href=\"#balise_5\">6. Porter des Chaussures Beige : Une Bonne Id\u00e9e ? <\/a><\/p>\n<p class=\"contentTable_elem\"><a href=\"#balise_6\">7. Faux Pas de la Mode : Erreurs Courantes \u00e0 \u00c9viter Lorsqu&#8217;on Porte du Beige<\/a><\/p>\n<p class=\"contentTable_elem\"><a href=\"#balise_7\">8. L&#8217;impact du port du couleur beige sur notre psychologie<\/a><\/p>\n<p class=\"contentTable_elem\"><a href=\"#balise_8\">9. Porter la Couleur Beige : Quelle Signification Spirituelle ? <\/a><\/p>\n<p class=\"contentTable_elem\"><a href=\"#balise_9\">10. Porter la couleur beige dans un r\u00eave : Quelle est la signification ? <\/a><\/p>\n<\/section>\n<p><img loading=\"lazy\" decoding=\"async\" class=\"lazyload articleImageSquare_CGEN\" height=\"400\" width=\"400\" src=\"https:\/\/www.belgae.be\/imageHolder\/\/wp-content\/uploads\/sites\/2\/2023\/07\/loading-spinner-belgae.gif\" data-src=\"https:\/\/www.belgae.be\/imageHolder\/\/wp-content\/uploads\/sites\/2\/2023\/08\/tmpz_p4bdbd.jpg\" alt=\"tmpz_p4bdbd\" \/><\/p>\n<h2 id=\"balise_0\">Introduction : Comment porter la couleur beige ? <\/h2>\n<p>Beige, cette teinte subtile et polyvalente qui s&#8217;int\u00e8gre sans effort dans toute garde-robe. C&#8217;est une couleur qui respire la sophistication et l&#8217;\u00e9l\u00e9gance intemporelle. Mais comment porter du beige sans avoir l&#8217;air d\u00e9lav\u00e9 ou ennuyeux?<\/p>\n<p> Pas de panique! Dans ce billet de blog, nous vous guiderons \u00e0 travers l&#8217;art de porter le beige avec style et assurance.<\/p>\n<p>Cette couleur neutre peut sembler intimidante au premier abord. Pourtant, elle est incroyablement versatile lorsqu&#8217;elle est bien utilis\u00e9e. Elle apporte une touche d&#8217;\u00e9l\u00e9gance discr\u00e8te \u00e0 n&#8217;importe quelle tenue tout en restant facile \u00e0 marier avec d&#8217;autres couleurs.<\/p>\n<p>Pas s\u00fbr par o\u00f9 commencer?<\/p>\n<p> Pensez aux basiques: un pull-over beige sur un jean bleu fonc\u00e9 fait toujours sensation. Ajoutez des accessoires pour donner plus de caract\u00e8re \u00e0 votre look.<\/p>\n<p>Et si vous voulez \u00eatre audacieux, pourquoi ne pas essayer un total look beige?<\/p>\n<p> Il suffit d&#8217;un peu d&#8217;imagination pour cr\u00e9er une allure chic et sophistiqu\u00e9e sans effort apparent.<\/p>\n<p><img loading=\"lazy\" decoding=\"async\" class=\"lazyload articleImageSquare_CGEN\" height=\"400\" width=\"400\" src=\"https:\/\/www.belgae.be\/imageHolder\/\/wp-content\/uploads\/sites\/2\/2023\/07\/loading-spinner-belgae.gif\" data-src=\"https:\/\/www.belgae.be\/imageHolder\/\/wp-content\/uploads\/sites\/2\/2023\/08\/tmpwm2uco0t.jpg\" alt=\"tmpwm2uco0t\" \/><\/p>\n<h2 id=\"balise_1\">Quelles \u00e9motions sont exprim\u00e9es en portant la couleur beige ? <\/h2>\n<p>Le beige est g\u00e9n\u00e9ralement li\u00e9 \u00e0 des sensations de calme, de chaleur et de d\u00e9tente. En portant une tenue dans ces nuances, on peut \u00e9voquer un sentiment de tranquillit\u00e9 tout en gardant un aspect moderne.<\/p>\n<p>Ce ton neutre permet \u00e0 votre personnalit\u00e9 d&#8217;\u00e9merger sans submerger les autres. Il s&#8217;agit d&#8217;une couleur qui offre une polyvalence \u00e9l\u00e9gante pour n&#8217;importe quelle garde-robe.<\/p>\n<p>Choisir le beige comme base vestimentaire est non seulement tendance mais \u00e9galement apaisant. C&#8217;est la teinte parfaite pour ceux qui cherchent \u00e0 allier style et confort au quotidien.<\/p>\n<p>Finalement, porter du beige c&#8217;est choisir l&#8217;\u00e9quilibre parfait entre simplicit\u00e9 et sophistication. Une invitation subtile \u00e0 se d\u00e9marquer tout en restant sobre.<\/p>\n<p><img loading=\"lazy\" decoding=\"async\" class=\"lazyload articleImageSquare_CGEN\" height=\"400\" width=\"400\" src=\"https:\/\/www.belgae.be\/imageHolder\/\/wp-content\/uploads\/sites\/2\/2023\/07\/loading-spinner-belgae.gif\" data-src=\"https:\/\/www.belgae.be\/imageHolder\/\/wp-content\/uploads\/sites\/2\/2023\/08\/tmpoti3pg5s.jpg\" alt=\"tmpoti3pg5s\" \/><\/p>\n<h2 id=\"balise_2\">Associations : Quelles couleurs s&#8217;accordent avec le port de v\u00eatements beige ? <\/h2>\n<p>Une des particularit\u00e9s appr\u00e9ciables du beige est sa polyvalence en mati\u00e8re d&#8217;association de couleurs. Que vous aimiez les contrastes audacieux ou les combinaisons plus harmonieuses, il y en a pour tous les go\u00fbts:<\/p>\n<p>Les teintes neutres comme le noir, le blanc, le gris : Ces associations classiques forment des tenues \u00e9l\u00e9gantes.<\/p>\n<p>Les nuances terreuses comme l&#8217;olive ou la terre de Sienne br\u00fbl\u00e9e: Elles donnent profondeur et richesse \u00e0 votre look global.<\/p>\n<p>Les pastels tels que rose poudr\u00e9 ou bleu ciel : Pour ceux qui recherchent une touche plus douce.<\/p>\n<p>Les tons joyaux comme vert \u00e9meraude ou bleu saphir: Pour faire une d\u00e9claration qui ressort sur un fond subtilement att\u00e9nu\u00e9.<\/p>\n<p><img loading=\"lazy\" decoding=\"async\" class=\"lazyload articleImageSquare_CGEN\" height=\"400\" width=\"400\" src=\"https:\/\/www.belgae.be\/imageHolder\/\/wp-content\/uploads\/sites\/2\/2023\/07\/loading-spinner-belgae.gif\" data-src=\"https:\/\/www.belgae.be\/imageHolder\/\/wp-content\/uploads\/sites\/2\/2023\/08\/tmpccw1shtk.jpg\" alt=\"tmpccw1shtk\" \/><\/p>\n<h2 id=\"balise_3\">Quel teint s&#8217;accorde bien avec une tenue beige ? <\/h2>\n<p>La beaut\u00e9 du beige r\u00e9side dans sa capacit\u00e9 \u00e0 sublimer diverses carnations de peau sans effort. Les personnes aux tons chauds peuvent se pencher vers des beiges cr\u00e9meux proches des teintes ivoire, tandis que les nuances plus froides peuvent opter pour des beiges sablonneux qui bordent les nuances de taupe.<\/p>\n<p>N&#8217;oubliez cependant pas; le choix personnel prime toujours sur les r\u00e8gles strictes! <\/p>\n<p>L&#8217;\u00e9loge du beige n&#8217;est pas seulement li\u00e9e \u00e0 sa polyvalence. C&#8217;est aussi une couleur apaisante et \u00e9l\u00e9gante qui s&#8217;int\u00e8gre facilement dans tous types d&#8217;environnements, qu&#8217;ils soient personnels ou professionnels.<\/p>\n<p>Finalement, il est important de rappeler que le plaisir visuel reste subjectif. Chacun a ses propres go\u00fbts en mati\u00e8re de couleurs et ce qui compte vraiment, c&#8217;est votre satisfaction personnelle.<\/p>\n<p><img loading=\"lazy\" decoding=\"async\" class=\"lazyload articleImageSquare_CGEN\" height=\"400\" width=\"400\" src=\"https:\/\/www.belgae.be\/imageHolder\/\/wp-content\/uploads\/sites\/2\/2023\/07\/loading-spinner-belgae.gif\" data-src=\"https:\/\/www.belgae.be\/imageHolder\/\/wp-content\/uploads\/sites\/2\/2023\/08\/tmp3f3x1dos.jpg\" alt=\"tmp3f3x1dos\" \/><\/p>\n<h2 id=\"balise_4\">La Meilleure Saison pour Porter la Couleur Beige<\/h2>\n<p>Bien que sans r\u00e8gles strictes, les v\u00eatements beiges ont tendance \u00e0 briller en certaines saisons. Le printemps et l&#8217;\u00e9t\u00e9 adoptent la l\u00e9g\u00e8ret\u00e9 du beige avec aisance, offrant une ambiance fra\u00eeche et a\u00e9r\u00e9e.<\/p>\n<p>En automne ou en hiver, des nuances plus profondes comme le chameau ou le marron peuvent apporter de la chaleur \u00e0 vos tenues. La polyvalence du beige lui permet de s&#8217;int\u00e9grer facilement dans toute garde-robe.<\/p>\n<p>Les nuances claires sont id\u00e9ales pour ajouter un sentiment d&#8217;espace et de lumi\u00e8re aux tenues estivales. Les tons plus fonc\u00e9s sont parfaits pour cr\u00e9er une atmosph\u00e8re cosy lors des mois les plus froids.<\/p>\n<p>Le beige offre \u00e9galement un excellent contraste avec d&#8217;autres couleurs, ce qui peut donner vie \u00e0 votre look. Quelle que soit la saison, il y a toujours une place pour le beige dans votre style vestimentaire.<\/p>\n<p><img loading=\"lazy\" decoding=\"async\" class=\"lazyload articleImageSquare_CGEN\" height=\"400\" width=\"400\" src=\"https:\/\/www.belgae.be\/imageHolder\/\/wp-content\/uploads\/sites\/2\/2023\/07\/loading-spinner-belgae.gif\" data-src=\"https:\/\/www.belgae.be\/imageHolder\/\/wp-content\/uploads\/sites\/2\/2023\/08\/tmpinph4315.jpg\" alt=\"tmpinph\" \/><\/p>\n<h2 id=\"balise_5\">Porter des Chaussures Beige : Une Bonne Id\u00e9e ? <\/h2>\n<p>Absolument! Les chaussures beiges sont incroyablement polyvalentes, car elles compl\u00e8tent facilement presque toutes les palettes de couleurs que vous choisissez pour votre tenue. <\/p>\n<p>Qu&#8217;il s&#8217;agisse de sandales, de baskets, de talons ou de bottes &#8211; porter des chaussures beiges ajoute une \u00e9l\u00e9gance discr\u00e8te qui allonge les jambes tout en gardant l&#8217;accent sur votre look global.<\/p>\n<p>C&#8217;est un choix s\u00fbr et toujours \u00e0 la mode. Il offre une vari\u00e9t\u00e9 d&#8217;options pour tous les styles et occasions.<\/p>\n<p>En fin du compte, opter pour des chaussures beiges est un moyen simple mais efficace d&#8217;am\u00e9liorer n&#8217;importe quelle tenue sans trop se soucier des combinaisons couleur.<\/p>\n<p>Donc si vous cherchez une option fiable qui peut augmenter le style g\u00e9n\u00e9ral avec facilit\u00e9 et sophistication &#8211; ne cherchez pas plus loin que la charmante nuance beige.<\/p>\n<p><img loading=\"lazy\" decoding=\"async\" class=\"lazyload articleImageSquare_CGEN\" height=\"400\" width=\"400\" src=\"https:\/\/www.belgae.be\/imageHolder\/\/wp-content\/uploads\/sites\/2\/2023\/07\/loading-spinner-belgae.gif\" data-src=\"https:\/\/www.belgae.be\/imageHolder\/\/wp-content\/uploads\/sites\/2\/2023\/08\/tmpeamfhysp.jpg\" alt=\"tmpeamfhysp\" \/><\/p>\n<h2 id=\"balise_6\">Faux Pas de la Mode : Erreurs Courantes \u00e0 \u00c9viter Lorsqu&#8217;on Porte du Beige<\/h2>\n<p>Bien que le beige soit ind\u00e9niablement \u00e9l\u00e9gant lorsqu&#8217;il est bien port\u00e9, il existe quelques pi\u00e8ges courants \u00e0 \u00e9viter :<\/p>\n<p>Surcharge de monotonie : Le m\u00e9lange de diff\u00e9rentes nuances de beige sans incorporer d&#8217;autres couleurs peut entra\u00eener un ensemble terne.<\/p>\n<p>V\u00eatements mal ajust\u00e9s : Assurez-vous d&#8217;une bonne coupe pour \u00e9viter une allure n\u00e9glig\u00e9e.<\/p>\n<p>Ignorer les textures : Exp\u00e9rimentez avec diff\u00e9rentes textures de tissus pour ajouter dimension et int\u00e9r\u00eat.<\/p>\n<p>Gardez ces conseils en t\u00eate comme lignes directrices mais n&#8217;h\u00e9sitez pas \u00e0 transgresser les normes vestimentaires si cela correspond \u00e0 votre style personnel !<\/p>\n<p><img loading=\"lazy\" decoding=\"async\" class=\"lazyload articleImageSquare_CGEN\" height=\"400\" width=\"400\" src=\"https:\/\/www.belgae.be\/imageHolder\/\/wp-content\/uploads\/sites\/2\/2023\/07\/loading-spinner-belgae.gif\" data-src=\"https:\/\/www.belgae.be\/imageHolder\/\/wp-content\/uploads\/sites\/2\/2023\/08\/tmpzb3v0181.jpg\" alt=\"tmpzb3v\" \/><\/p>\n<h2 id=\"balise_7\">L&#8217;impact du port du couleur beige sur notre psychologie<\/h2>\n<p>Les couleurs influencent grandement nos \u00e9motions et notre esprit ; le beige n&#8217;est pas une exception. Il favorise les sentiments de tranquillit\u00e9 en cr\u00e9ant un environnement d\u00e9pourvu de distractions. En portant cette teinte neutre pr\u00e8s de nos corps, nous invitons la s\u00e9r\u00e9nit\u00e9 dans nos vies tout en projetant une aura d&#8217;accessibilit\u00e9.<\/p>\n<p>L&#8217;impact des couleurs est puissant et profond. Le beige g\u00e9n\u00e8re un sentiment sp\u00e9cifique : celui du calme. Son effet apaisant provient surtout du fait qu&#8217;il cr\u00e9e un environnement sans distraction aucune.<\/p>\n<p>Le choix vestimentaire peut \u00e9galement jouer sur notre \u00e9tat d&#8217;esprit. Opter pour le beige, c&#8217;est inviter \u00e0 la qui\u00e9tude dans sa vie quotidienne. <\/p>\n<p>De plus, cela donne l&#8217;impression d&#8217;\u00eatre facilement accessible aux autres.<\/p>\n<p>En r\u00e9sum\u00e9, l&#8217;influence des couleurs ne se limite pas seulement \u00e0 ce que nous voyons autour de nous mais aussi \u00e0 ce que nous portons sur nous-m\u00eame.<\/p>\n<p><img loading=\"lazy\" decoding=\"async\" class=\"lazyload articleImageSquare_CGEN\" height=\"400\" width=\"400\" src=\"https:\/\/www.belgae.be\/imageHolder\/\/wp-content\/uploads\/sites\/2\/2023\/07\/loading-spinner-belgae.gif\" data-src=\"https:\/\/www.belgae.be\/imageHolder\/\/wp-content\/uploads\/sites\/2\/2023\/08\/tmpqd4d7aco.jpg\" alt=\"tmpqd4d7aco\" \/><\/p>\n<h2 id=\"balise_8\">Porter la Couleur Beige : Quelle Signification Spirituelle ? <\/h2>\n<p>Le beige a une signification spirituelle \u00e9troitement li\u00e9e \u00e0 la puret\u00e9 et \u00e0 la simplicit\u00e9 dans diverses cultures tout au long de l&#8217;histoire. Il symbolise la clart\u00e9 de pens\u00e9e ainsi que les \u00e9nergies d&#8217;ancrage qui nous aident \u00e0 rester connect\u00e9s, aussi bien en interne qu&#8217;en externe.<\/p>\n<p>Cependant, il est important de ne pas se fier uniquement au symbolisme des couleurs pour des significations spirituelles profondes. Au lieu de cela, elles peuvent servir comme un rappel doux de nos intentions et notre paix int\u00e9rieure. <\/p>\n<p>La couleur peut offrir une perspective unique sur le monde autour de nous. Le beige incarne cette r\u00e9alit\u00e9 avec sa capacit\u00e9 d&#8217;\u00e9quilibrer le physique et le mental.<\/p>\n<p>N&#8217;oublions pas que chaque teinte offre son propre message unique ; il suffit simplement d&#8217;\u00eatre r\u00e9ceptif aux subtilit\u00e9s qu&#8217;elle pr\u00e9sente.<\/p>\n<p>Ainsi, m\u00eame si les symboles color\u00e9s ne sont pas absolus, ils fournissent un pr\u00e9cieux guide pour naviguer dans notre voyage int\u00e9rieur vers l&#8217;autonomie personnelle et spirituelle.<\/p>\n<p><img loading=\"lazy\" decoding=\"async\" class=\"lazyload articleImageSquare_CGEN\" height=\"400\" width=\"400\" src=\"https:\/\/www.belgae.be\/imageHolder\/\/wp-content\/uploads\/sites\/2\/2023\/07\/loading-spinner-belgae.gif\" data-src=\"https:\/\/www.belgae.be\/imageHolder\/\/wp-content\/uploads\/sites\/2\/2023\/08\/tmp0r9zc2l0.jpg\" alt=\"tmp0r9zc2l\" \/><\/p>\n<h2 id=\"balise_9\">Porter la couleur beige dans un r\u00eave : Quelle est la signification ? <\/h2>\n<p>Les r\u00eaves sont des domaines myst\u00e9rieux o\u00f9 le symbolisme joue souvent un r\u00f4le. Se voir porter du beige en songe pourrait annoncer une p\u00e9riode de stabilit\u00e9 ou d&#8217;\u00e9quilibre \u00e0 venir dans la vie \u00e9veill\u00e9e. Accueillez l&#8217;\u00e9nergie apaisante de cette couleur et laissez-la vous guider vers la tranquillit\u00e9 face aux d\u00e9fis qui pourraient survenir.<\/p>\n<p>N&#8217;oubliez pas, les r\u00eaves ont une signification personnelle unique pour chaque individu ; faites confiance \u00e0 votre intuition lors de leur interpr\u00e9tation !<\/p>\n<p>Maintenant dot\u00e9 de ces connaissances sur le port du beige, avancez et adoptez l&#8217;\u00e9l\u00e9gance discr\u00e8te que cette teinte polyvalente offre. Laissez le beige devenir votre toile d&#8217;expression personnelle tout en d\u00e9gageant une assurance \u00e0 chaque pas !<\/p>\n","protected":false},"excerpt":{"rendered":"<p>Lib\u00e9rez le pouvoir du beige ! Cette teinte humble est bien plus qu&#8217;un choix s\u00fbr. Plongez dans l&#8217;univers de la mode beige et explorons ensemble son potentiel.<\/p>\n","protected":false},"author":1,"featured_media":5010,"comment_status":"open","ping_status":"","sticky":false,"template":"","format":"standard","meta":{"_acf_changed":false,"_et_pb_use_builder":"","_et_pb_old_content":"","_et_gb_content_width":"","footnotes":""},"categories":[38],"tags":[],"class_list":["post-2947","post","type-post","status-publish","format-standard","has-post-thumbnail","hentry","category-look-style"],"acf":[],"yoast_head":"<!-- This site is optimized with the Yoast SEO plugin v27.5 - https:\/\/yoast.com\/product\/yoast-seo-wordpress\/ -->\n<title>Porter du beige : combinaisons, psychologie, etc | Belgae<\/title>\n<meta name=\"robots\" content=\"index, follow, max-snippet:-1, max-image-preview:large, max-video-preview:-1\" \/>\n<link rel=\"canonical\" href=\"https:\/\/www.belgae.be\/fr\/blog\/portant-du-beige\/\" \/>\n<meta property=\"og:locale\" content=\"fr_FR\" \/>\n<meta property=\"og:type\" content=\"article\" \/>\n<meta property=\"og:title\" content=\"Porter du beige : combinaisons, psychologie, etc | Belgae\" \/>\n<meta property=\"og:description\" content=\"Lib\u00e9rez le pouvoir du beige ! Cette teinte humble est bien plus qu&#039;un choix s\u00fbr. Plongez dans l&#039;univers de la mode beige et explorons ensemble son potentiel.\" \/>\n<meta property=\"og:url\" content=\"https:\/\/www.belgae.be\/fr\/blog\/portant-du-beige\/\" \/>\n<meta property=\"og:site_name\" content=\"Belgae\" \/>\n<meta property=\"article:published_time\" content=\"2023-08-03T13:43:02+00:00\" \/>\n<meta property=\"og:image\" content=\"https:\/\/www.belgae.be\/imageHolder\/\/wp-content\/uploads\/sites\/2\/2023\/07\/loading-spinner-belgae.gif\" \/>\n<meta name=\"author\" content=\"Cyril Gendarme\" \/>\n<meta name=\"twitter:card\" content=\"summary_large_image\" \/>\n<meta name=\"twitter:label1\" content=\"\u00c9crit par\" \/>\n\t<meta name=\"twitter:data1\" content=\"Cyril Gendarme\" \/>\n\t<meta name=\"twitter:label2\" content=\"Dur\u00e9e de lecture estim\u00e9e\" \/>\n\t<meta name=\"twitter:data2\" content=\"8 minutes\" \/>\n<script type=\"application\/ld+json\" class=\"yoast-schema-graph\">{\"@context\":\"https:\\\/\\\/schema.org\",\"@graph\":[{\"@type\":\"Article\",\"@id\":\"https:\\\/\\\/www.belgae.be\\\/fr\\\/blog\\\/portant-du-beige\\\/#article\",\"isPartOf\":{\"@id\":\"https:\\\/\\\/www.belgae.be\\\/fr\\\/blog\\\/portant-du-beige\\\/\"},\"author\":{\"name\":\"Cyril Gendarme\",\"@id\":\"https:\\\/\\\/www.belgae.be\\\/fr\\\/#\\\/schema\\\/person\\\/646b40b88212bc5335f9c4fa787df047\"},\"headline\":\"Porter du beige : combinaisons, psychologie, etc\",\"datePublished\":\"2023-08-03T13:43:02+00:00\",\"mainEntityOfPage\":{\"@id\":\"https:\\\/\\\/www.belgae.be\\\/fr\\\/blog\\\/portant-du-beige\\\/\"},\"wordCount\":1605,\"commentCount\":0,\"publisher\":{\"@id\":\"https:\\\/\\\/www.belgae.be\\\/fr\\\/#organization\"},\"image\":{\"@id\":\"https:\\\/\\\/www.belgae.be\\\/fr\\\/blog\\\/portant-du-beige\\\/#primaryimage\"},\"thumbnailUrl\":\"https:\\\/\\\/www.belgae.be\\\/fr\\\/wp-content\\\/uploads\\\/sites\\\/2\\\/2023\\\/08\\\/cyril_ge_miscellaneous_pieces_of_clothing_black_and_white_Franc_87e7088e-6d3e-492f-9880-4ecaaca090b2-1.webp\",\"articleSection\":[\"Look &amp; Style\"],\"inLanguage\":\"fr-FR\",\"potentialAction\":[{\"@type\":\"CommentAction\",\"name\":\"Comment\",\"target\":[\"https:\\\/\\\/www.belgae.be\\\/fr\\\/blog\\\/portant-du-beige\\\/#respond\"]}]},{\"@type\":\"WebPage\",\"@id\":\"https:\\\/\\\/www.belgae.be\\\/fr\\\/blog\\\/portant-du-beige\\\/\",\"url\":\"https:\\\/\\\/www.belgae.be\\\/fr\\\/blog\\\/portant-du-beige\\\/\",\"name\":\"Porter du beige : combinaisons, psychologie, etc | Belgae\",\"isPartOf\":{\"@id\":\"https:\\\/\\\/www.belgae.be\\\/fr\\\/#website\"},\"primaryImageOfPage\":{\"@id\":\"https:\\\/\\\/www.belgae.be\\\/fr\\\/blog\\\/portant-du-beige\\\/#primaryimage\"},\"image\":{\"@id\":\"https:\\\/\\\/www.belgae.be\\\/fr\\\/blog\\\/portant-du-beige\\\/#primaryimage\"},\"thumbnailUrl\":\"https:\\\/\\\/www.belgae.be\\\/fr\\\/wp-content\\\/uploads\\\/sites\\\/2\\\/2023\\\/08\\\/cyril_ge_miscellaneous_pieces_of_clothing_black_and_white_Franc_87e7088e-6d3e-492f-9880-4ecaaca090b2-1.webp\",\"datePublished\":\"2023-08-03T13:43:02+00:00\",\"breadcrumb\":{\"@id\":\"https:\\\/\\\/www.belgae.be\\\/fr\\\/blog\\\/portant-du-beige\\\/#breadcrumb\"},\"inLanguage\":\"fr-FR\",\"potentialAction\":[{\"@type\":\"ReadAction\",\"target\":[\"https:\\\/\\\/www.belgae.be\\\/fr\\\/blog\\\/portant-du-beige\\\/\"]}]},{\"@type\":\"ImageObject\",\"inLanguage\":\"fr-FR\",\"@id\":\"https:\\\/\\\/www.belgae.be\\\/fr\\\/blog\\\/portant-du-beige\\\/#primaryimage\",\"url\":\"https:\\\/\\\/www.belgae.be\\\/fr\\\/wp-content\\\/uploads\\\/sites\\\/2\\\/2023\\\/08\\\/cyril_ge_miscellaneous_pieces_of_clothing_black_and_white_Franc_87e7088e-6d3e-492f-9880-4ecaaca090b2-1.webp\",\"contentUrl\":\"https:\\\/\\\/www.belgae.be\\\/fr\\\/wp-content\\\/uploads\\\/sites\\\/2\\\/2023\\\/08\\\/cyril_ge_miscellaneous_pieces_of_clothing_black_and_white_Franc_87e7088e-6d3e-492f-9880-4ecaaca090b2-1.webp\"},{\"@type\":\"BreadcrumbList\",\"@id\":\"https:\\\/\\\/www.belgae.be\\\/fr\\\/blog\\\/portant-du-beige\\\/#breadcrumb\",\"itemListElement\":[{\"@type\":\"ListItem\",\"position\":1,\"name\":\"Accueil\",\"item\":\"https:\\\/\\\/www.belgae.be\\\/fr\\\/\"},{\"@type\":\"ListItem\",\"position\":2,\"name\":\"Porter du beige : combinaisons, psychologie, etc\"}]},{\"@type\":\"WebSite\",\"@id\":\"https:\\\/\\\/www.belgae.be\\\/fr\\\/#website\",\"url\":\"https:\\\/\\\/www.belgae.be\\\/fr\\\/\",\"name\":\"Belgae\",\"description\":\"Art &amp; Mode Belge\",\"publisher\":{\"@id\":\"https:\\\/\\\/www.belgae.be\\\/fr\\\/#organization\"},\"potentialAction\":[{\"@type\":\"SearchAction\",\"target\":{\"@type\":\"EntryPoint\",\"urlTemplate\":\"https:\\\/\\\/www.belgae.be\\\/fr\\\/?s={search_term_string}\"},\"query-input\":{\"@type\":\"PropertyValueSpecification\",\"valueRequired\":true,\"valueName\":\"search_term_string\"}}],\"inLanguage\":\"fr-FR\"},{\"@type\":\"Organization\",\"@id\":\"https:\\\/\\\/www.belgae.be\\\/fr\\\/#organization\",\"name\":\"Belgae\",\"url\":\"https:\\\/\\\/www.belgae.be\\\/fr\\\/\",\"logo\":{\"@type\":\"ImageObject\",\"inLanguage\":\"fr-FR\",\"@id\":\"https:\\\/\\\/www.belgae.be\\\/fr\\\/#\\\/schema\\\/logo\\\/image\\\/\",\"url\":\"https:\\\/\\\/www.belgae.be\\\/fr\\\/wp-content\\\/uploads\\\/sites\\\/2\\\/2023\\\/07\\\/Sans-titre1-Copie.png\",\"contentUrl\":\"https:\\\/\\\/www.belgae.be\\\/fr\\\/wp-content\\\/uploads\\\/sites\\\/2\\\/2023\\\/07\\\/Sans-titre1-Copie.png\",\"width\":88,\"height\":88,\"caption\":\"Belgae\"},\"image\":{\"@id\":\"https:\\\/\\\/www.belgae.be\\\/fr\\\/#\\\/schema\\\/logo\\\/image\\\/\"}},{\"@type\":\"Person\",\"@id\":\"https:\\\/\\\/www.belgae.be\\\/fr\\\/#\\\/schema\\\/person\\\/646b40b88212bc5335f9c4fa787df047\",\"name\":\"Cyril Gendarme\",\"sameAs\":[\"https:\\\/\\\/www.belgae.be\"],\"url\":\"https:\\\/\\\/www.belgae.be\\\/fr\\\/blog\\\/author\\\/cgen\\\/\"}]}<\/script>\n<!-- \/ Yoast SEO plugin. -->","yoast_head_json":{"title":"Porter du beige : combinaisons, psychologie, etc | Belgae","robots":{"index":"index","follow":"follow","max-snippet":"max-snippet:-1","max-image-preview":"max-image-preview:large","max-video-preview":"max-video-preview:-1"},"canonical":"https:\/\/www.belgae.be\/fr\/blog\/portant-du-beige\/","og_locale":"fr_FR","og_type":"article","og_title":"Porter du beige : combinaisons, psychologie, etc | Belgae","og_description":"Lib\u00e9rez le pouvoir du beige ! Cette teinte humble est bien plus qu'un choix s\u00fbr. Plongez dans l'univers de la mode beige et explorons ensemble son potentiel.","og_url":"https:\/\/www.belgae.be\/fr\/blog\/portant-du-beige\/","og_site_name":"Belgae","article_published_time":"2023-08-03T13:43:02+00:00","og_image":[{"url":"https:\/\/www.belgae.be\/imageHolder\/\/wp-content\/uploads\/sites\/2\/2023\/07\/loading-spinner-belgae.gif","type":"","width":"","height":""}],"author":"Cyril Gendarme","twitter_card":"summary_large_image","twitter_misc":{"\u00c9crit par":"Cyril Gendarme","Dur\u00e9e de lecture estim\u00e9e":"8 minutes"},"schema":{"@context":"https:\/\/schema.org","@graph":[{"@type":"Article","@id":"https:\/\/www.belgae.be\/fr\/blog\/portant-du-beige\/#article","isPartOf":{"@id":"https:\/\/www.belgae.be\/fr\/blog\/portant-du-beige\/"},"author":{"name":"Cyril Gendarme","@id":"https:\/\/www.belgae.be\/fr\/#\/schema\/person\/646b40b88212bc5335f9c4fa787df047"},"headline":"Porter du beige : combinaisons, psychologie, etc","datePublished":"2023-08-03T13:43:02+00:00","mainEntityOfPage":{"@id":"https:\/\/www.belgae.be\/fr\/blog\/portant-du-beige\/"},"wordCount":1605,"commentCount":0,"publisher":{"@id":"https:\/\/www.belgae.be\/fr\/#organization"},"image":{"@id":"https:\/\/www.belgae.be\/fr\/blog\/portant-du-beige\/#primaryimage"},"thumbnailUrl":"https:\/\/www.belgae.be\/fr\/wp-content\/uploads\/sites\/2\/2023\/08\/cyril_ge_miscellaneous_pieces_of_clothing_black_and_white_Franc_87e7088e-6d3e-492f-9880-4ecaaca090b2-1.webp","articleSection":["Look &amp; Style"],"inLanguage":"fr-FR","potentialAction":[{"@type":"CommentAction","name":"Comment","target":["https:\/\/www.belgae.be\/fr\/blog\/portant-du-beige\/#respond"]}]},{"@type":"WebPage","@id":"https:\/\/www.belgae.be\/fr\/blog\/portant-du-beige\/","url":"https:\/\/www.belgae.be\/fr\/blog\/portant-du-beige\/","name":"Porter du beige : combinaisons, psychologie, etc | Belgae","isPartOf":{"@id":"https:\/\/www.belgae.be\/fr\/#website"},"primaryImageOfPage":{"@id":"https:\/\/www.belgae.be\/fr\/blog\/portant-du-beige\/#primaryimage"},"image":{"@id":"https:\/\/www.belgae.be\/fr\/blog\/portant-du-beige\/#primaryimage"},"thumbnailUrl":"https:\/\/www.belgae.be\/fr\/wp-content\/uploads\/sites\/2\/2023\/08\/cyril_ge_miscellaneous_pieces_of_clothing_black_and_white_Franc_87e7088e-6d3e-492f-9880-4ecaaca090b2-1.webp","datePublished":"2023-08-03T13:43:02+00:00","breadcrumb":{"@id":"https:\/\/www.belgae.be\/fr\/blog\/portant-du-beige\/#breadcrumb"},"inLanguage":"fr-FR","potentialAction":[{"@type":"ReadAction","target":["https:\/\/www.belgae.be\/fr\/blog\/portant-du-beige\/"]}]},{"@type":"ImageObject","inLanguage":"fr-FR","@id":"https:\/\/www.belgae.be\/fr\/blog\/portant-du-beige\/#primaryimage","url":"https:\/\/www.belgae.be\/fr\/wp-content\/uploads\/sites\/2\/2023\/08\/cyril_ge_miscellaneous_pieces_of_clothing_black_and_white_Franc_87e7088e-6d3e-492f-9880-4ecaaca090b2-1.webp","contentUrl":"https:\/\/www.belgae.be\/fr\/wp-content\/uploads\/sites\/2\/2023\/08\/cyril_ge_miscellaneous_pieces_of_clothing_black_and_white_Franc_87e7088e-6d3e-492f-9880-4ecaaca090b2-1.webp"},{"@type":"BreadcrumbList","@id":"https:\/\/www.belgae.be\/fr\/blog\/portant-du-beige\/#breadcrumb","itemListElement":[{"@type":"ListItem","position":1,"name":"Accueil","item":"https:\/\/www.belgae.be\/fr\/"},{"@type":"ListItem","position":2,"name":"Porter du beige : combinaisons, psychologie, etc"}]},{"@type":"WebSite","@id":"https:\/\/www.belgae.be\/fr\/#website","url":"https:\/\/www.belgae.be\/fr\/","name":"Belgae","description":"Art &amp; Mode Belge","publisher":{"@id":"https:\/\/www.belgae.be\/fr\/#organization"},"potentialAction":[{"@type":"SearchAction","target":{"@type":"EntryPoint","urlTemplate":"https:\/\/www.belgae.be\/fr\/?s={search_term_string}"},"query-input":{"@type":"PropertyValueSpecification","valueRequired":true,"valueName":"search_term_string"}}],"inLanguage":"fr-FR"},{"@type":"Organization","@id":"https:\/\/www.belgae.be\/fr\/#organization","name":"Belgae","url":"https:\/\/www.belgae.be\/fr\/","logo":{"@type":"ImageObject","inLanguage":"fr-FR","@id":"https:\/\/www.belgae.be\/fr\/#\/schema\/logo\/image\/","url":"https:\/\/www.belgae.be\/fr\/wp-content\/uploads\/sites\/2\/2023\/07\/Sans-titre1-Copie.png","contentUrl":"https:\/\/www.belgae.be\/fr\/wp-content\/uploads\/sites\/2\/2023\/07\/Sans-titre1-Copie.png","width":88,"height":88,"caption":"Belgae"},"image":{"@id":"https:\/\/www.belgae.be\/fr\/#\/schema\/logo\/image\/"}},{"@type":"Person","@id":"https:\/\/www.belgae.be\/fr\/#\/schema\/person\/646b40b88212bc5335f9c4fa787df047","name":"Cyril Gendarme","sameAs":["https:\/\/www.belgae.be"],"url":"https:\/\/www.belgae.be\/fr\/blog\/author\/cgen\/"}]}},"_links":{"self":[{"href":"https:\/\/www.belgae.be\/fr\/wp-json\/wp\/v2\/posts\/2947","targetHints":{"allow":["GET"]}}],"collection":[{"href":"https:\/\/www.belgae.be\/fr\/wp-json\/wp\/v2\/posts"}],"about":[{"href":"https:\/\/www.belgae.be\/fr\/wp-json\/wp\/v2\/types\/post"}],"author":[{"embeddable":true,"href":"https:\/\/www.belgae.be\/fr\/wp-json\/wp\/v2\/users\/1"}],"replies":[{"embeddable":true,"href":"https:\/\/www.belgae.be\/fr\/wp-json\/wp\/v2\/comments?post=2947"}],"version-history":[{"count":0,"href":"https:\/\/www.belgae.be\/fr\/wp-json\/wp\/v2\/posts\/2947\/revisions"}],"wp:featuredmedia":[{"embeddable":true,"href":"https:\/\/www.belgae.be\/fr\/wp-json\/"}],"wp:attachment":[{"href":"https:\/\/www.belgae.be\/fr\/wp-json\/wp\/v2\/media?parent=2947"}],"wp:term":[{"taxonomy":"category","embeddable":true,"href":"https:\/\/www.belgae.be\/fr\/wp-json\/wp\/v2\/categories?post=2947"},{"taxonomy":"post_tag","embeddable":true,"href":"https:\/\/www.belgae.be\/fr\/wp-json\/wp\/v2\/tags?post=2947"}],"curies":[{"name":"wp","href":"https:\/\/api.w.org\/{rel}","templated":true}]}}