{"id":2946,"date":"2023-08-03T13:42:47","date_gmt":"2023-08-03T13:42:47","guid":{"rendered":"https:\/\/www.belgae.be\/fr\/blog\/portant-du-bordeaux\/"},"modified":"2023-08-03T13:42:47","modified_gmt":"2023-08-03T13:42:47","slug":"portant-du-bordeaux","status":"publish","type":"post","link":"https:\/\/www.belgae.be\/fr\/blog\/portant-du-bordeaux\/","title":{"rendered":"Porter du bordeaux : combinaisons, psychologie, etc"},"content":{"rendered":"<p>Plongez dans le monde riche et audacieux du bordeaux ! Une couleur qui exprime la confiance et l&#8217;\u00e9l\u00e9gance. D\u00e9couvrez comment l&#8217;int\u00e9grer sans effort \u00e0 votre garde-robe dans ce guide \u00e9l\u00e9gant. Apprenez \u00e9galement sa psychologie fascinante !<\/p>\n<p>D\u00e9couvrez des combinaisons passionnantes avec le bordeaux &#8211; une teinte loin d&#8217;\u00eatre ordinaire. Laissez-la inspirer votre style et r\u00e9veiller le maverick de la mode en vous.<\/p>\n<p>D\u00e9couvrez pourquoi porter du bordeaux n&#8217;est pas simplement un choix vestimentaire ; c&#8217;est une attitude&#8230;une d\u00e9claration. Pr\u00eat pour le voyage ?<\/p>\n<section class=\"contentTable_table\">\n<p class=\"contentTable_title\">Table des mati\u00e8res : <\/p>\n<p class=\"contentTable_elem\"><a href=\"#balise_0\">1. Introduction : Comment Porter la Couleur Bordeaux ? <\/a><\/p>\n<p class=\"contentTable_elem\"><a href=\"#balise_1\">2. Quelle \u00e9motion est exprim\u00e9e en portant la couleur bordeaux ? <\/a><\/p>\n<p class=\"contentTable_elem\"><a href=\"#balise_2\">3. Associations : Quelles Couleurs Se Marient avec les V\u00eatements Bordeaux ? <\/a><\/p>\n<p class=\"contentTable_elem\"><a href=\"#balise_3\">4. Quelle teinte de peau s&#8217;accorde bien avec une tenue bordeaux ? <\/a><\/p>\n<p class=\"contentTable_elem\"><a href=\"#balise_4\">5. La meilleure saison pour porter la couleur marron<\/a><\/p>\n<p class=\"contentTable_elem\"><a href=\"#balise_5\">6. Porter des Chaussures Bordeaux : Une Bonne Id\u00e9e ? <\/a><\/p>\n<p class=\"contentTable_elem\"><a href=\"#balise_6\">7. Faux Pas de la Mode : Erreurs Communes \u00e0 \u00c9viter Lorsqu&#8217;on Porte du Bordeaux<\/a><\/p>\n<p class=\"contentTable_elem\"><a href=\"#balise_7\">8. L&#8217;impact du port de la couleur bordeaux sur notre psychologie<\/a><\/p>\n<p class=\"contentTable_elem\"><a href=\"#balise_8\">9. Porter la Couleur Marron : Quelle Signification Spirituelle ? <\/a><\/p>\n<p class=\"contentTable_elem\"><a href=\"#balise_9\">10. Je Portais la Couleur Bordeaux dans un R\u00eave : Quelle en est la Signification ? <\/a><\/p>\n<\/section>\n<p><img loading=\"lazy\" decoding=\"async\" class=\"lazyload articleImageSquare_CGEN\" height=\"400\" width=\"400\" src=\"https:\/\/www.belgae.be\/imageHolder\/\/wp-content\/uploads\/sites\/2\/2023\/07\/loading-spinner-belgae.gif\" data-src=\"https:\/\/www.belgae.be\/imageHolder\/\/wp-content\/uploads\/sites\/2\/2023\/08\/tmpop4dlfxs.jpg\" alt=\"tmpop4dlfxs\" \/><\/p>\n<h2 id=\"balise_0\">Introduction : Comment Porter la Couleur Bordeaux ? <\/h2>\n<p>Maron, la teinte profonde et riche qui se situe entre le rouge et le brun, est une couleur qui d\u00e9gage sophistication et \u00e9l\u00e9gance. Que vous cherchiez \u00e0 faire une d\u00e9claration de mode audacieuse ou \u00e0 ajouter de la profondeur \u00e0 votre tenue, porter du maron peut \u00eatre un excellent choix.<\/p>\n<p>Dans ce billet de blog, nous explorerons divers aspects du port du maron &#8211; comprendre son expression \u00e9motionnelle jusqu&#8217;\u00e0 d\u00e9couvrir des couleurs compl\u00e9mentaires pour des combinaisons \u00e9poustouflantes. Alors plongeons-nous! <\/p>\n<p>Que ce soit pour affirmer votre style ou enrichir votre look avec plus d&#8217;intensit\u00e9, opter pour le marron s&#8217;av\u00e8re toujours payant. Cette nuance pleine de caract\u00e8re entre rouge et brun conf\u00e8re sophistication et \u00e9l\u00e9gance.<\/p>\n<p>Explorez les multiples facettes que propose cette couleur dans notre dernier article sur notre blog : compr\u00e9hension de sa dimension \u00e9motionnelle mais aussi d\u00e9couverte des couleurs qu&#8217;elle sublime en association. N&#8217;attendez plus !<\/p>\n<p><img loading=\"lazy\" decoding=\"async\" class=\"lazyload articleImageSquare_CGEN\" height=\"400\" width=\"400\" src=\"https:\/\/www.belgae.be\/imageHolder\/\/wp-content\/uploads\/sites\/2\/2023\/07\/loading-spinner-belgae.gif\" data-src=\"https:\/\/www.belgae.be\/imageHolder\/\/wp-content\/uploads\/sites\/2\/2023\/08\/tmppz__t20y.jpg\" alt=\"tmppz__t20y\" \/><\/p>\n<h2 id=\"balise_1\">Quelle \u00e9motion est exprim\u00e9e en portant la couleur bordeaux ? <\/h2>\n<p>En termes d&#8217;\u00e9motions, le bordeaux poss\u00e8de une personnalit\u00e9 fascinante. Cette nuance captivante symbolise la puissance, la force, l&#8217;ambition et la passion.<\/p>\n<p>Elle \u00e9voque des sentiments de confiance et d&#8217;autorit\u00e9 tout en conservant un sens de chaleur et de sensualit\u00e9. <\/p>\n<p>Ce ton riche attire l\u2019attention sans \u00eatre trop audacieux ou bruyant. Il inspire un sentiment de confort luxueux tout en restant terre \u00e0 terre.<\/p>\n<p>Le bordeaux est souvent associ\u00e9 \u00e0 une sophistication discr\u00e8te et \u00e9l\u00e9gante. C\u2019est une couleur qui parle aux gens sur un niveau plus profond.<\/p>\n<p>Il n&#8217;est pas seulement visuellement attrayant; il a aussi le pouvoir d&#8217;\u00e9veiller des sensations fortes chez ceux qui le regardent.<\/p>\n<p><img loading=\"lazy\" decoding=\"async\" class=\"lazyload articleImageSquare_CGEN\" height=\"400\" width=\"400\" src=\"https:\/\/www.belgae.be\/imageHolder\/\/wp-content\/uploads\/sites\/2\/2023\/07\/loading-spinner-belgae.gif\" data-src=\"https:\/\/www.belgae.be\/imageHolder\/\/wp-content\/uploads\/sites\/2\/2023\/08\/tmpdsirmiuw.jpg\" alt=\"tmpdsirmiuw\" \/><\/p>\n<h2 id=\"balise_2\">Associations : Quelles Couleurs Se Marient avec les V\u00eatements Bordeaux ? <\/h2>\n<p>L&#8217;une des meilleures choses \u00e0 propos de la couleur bordeaux est sa polyvalence en mati\u00e8re d&#8217;association avec d&#8217;autres couleurs. Pour un look classique, optez pour des tons neutres comme le beige ou la cr\u00e8me; ils mettent en valeur la richesse du bordeaux sans le dominer. <\/p>\n<p>Si vous recherchez un contraste vibrant, essayez de l&#8217;associer avec des nuances telles que le jaune moutarde ou le vert sarcelle &#8211; ces associations inattendues cr\u00e9ent des tenues qui attirent l&#8217;\u0153il.<\/p>\n<p>La couleur bordeaux offre une vari\u00e9t\u00e9 incroyable lorsqu&#8217;il s&#8217;agit de s&#8217;accorder avec d&#8217;autres teintes. Les couleurs neutres comme le beige et la cr\u00e8me sont id\u00e9ales pour un style sobre et \u00e9l\u00e9gant, soulignant subtilement l&#8217;intensit\u00e9 du bordeaux sans \u00e9clipser sa beaut\u00e9.<\/p>\n<p>Pour ceux qui aiment les contrastes audacieux, associez votre pi\u00e8ce bordeaux \u00e0 des teintes vives telles que le jaune moutarde ou vert sarcelle. Ces combinaisons surprenantes seront certainement remarqu\u00e9es et appr\u00e9ci\u00e9es par tous.<\/p>\n<p>En somme, jouer avec les diff\u00e9rentes palettes peut aboutir \u00e0 une multitude de looks int\u00e9ressants gr\u00e2ce au pouvoir versatile du maroon.<\/p>\n<p><img loading=\"lazy\" decoding=\"async\" class=\"lazyload articleImageSquare_CGEN\" height=\"400\" width=\"400\" src=\"https:\/\/www.belgae.be\/imageHolder\/\/wp-content\/uploads\/sites\/2\/2023\/07\/loading-spinner-belgae.gif\" data-src=\"https:\/\/www.belgae.be\/imageHolder\/\/wp-content\/uploads\/sites\/2\/2023\/08\/tmpxbml_e4g.jpg\" alt=\"tmpxbml_e4g\" \/><\/p>\n<h2 id=\"balise_3\">Quelle teinte de peau s&#8217;accorde bien avec une tenue bordeaux ? <\/h2>\n<p>La s\u00e9duction de maroona r\u00e9side dans sa polyvalence : elle est port\u00e9e par des individus de toutes les carnations, faisant ressentir \u00e0 chacun un sentiment d&#8217;\u00e9merveillement. N\u00e9anmoins, il existe quelques conseils g\u00e9n\u00e9raux bas\u00e9s sur les sous-tons qui peuvent am\u00e9liorer votre allure globale :<\/p>\n<p>Les teints clairs : Les nuances plus l\u00e9g\u00e8res et plus sombres peuvent offrir des contrastes frappants contre les teints clairs.<\/p>\n<p>Pour ceux avec une peau moyenne : Ce type de carnation se pr\u00eate magnifiquement bien aux tons pastel ainsi qu&#8217;aux variations profondes du bordeaux. <\/p>\n<p>Quant aux teints fonc\u00e9s : Les nuances profondes du maroon offrent un look riche et royal, tandis que les tons plus l\u00e9gers assurent un contraste enchanteur.<\/p>\n<p><img loading=\"lazy\" decoding=\"async\" class=\"lazyload articleImageSquare_CGEN\" height=\"400\" width=\"400\" src=\"https:\/\/www.belgae.be\/imageHolder\/\/wp-content\/uploads\/sites\/2\/2023\/07\/loading-spinner-belgae.gif\" data-src=\"https:\/\/www.belgae.be\/imageHolder\/\/wp-content\/uploads\/sites\/2\/2023\/08\/tmpzbr1ff6i.jpg\" alt=\"tmpzbr1ff6i\" \/><\/p>\n<h2 id=\"balise_4\">La meilleure saison pour porter la couleur marron<\/h2>\n<p>Le bordeaux est une couleur qui se fond sans effort entre les saisons. Dans les mois plus frais comme l&#8217;automne ou l&#8217;hiver, il apporte chaleur et confort \u00e0 vos tenues. <\/p>\n<p>D&#8217;autre part, au printemps ou en \u00e9t\u00e9, incorporer des accents de bordeaux dans votre ensemble peut cr\u00e9er un \u00e9clat inattendu de sophistication contre des arri\u00e8res-plans vibrants.<\/p>\n<p>Cette tonalit\u00e9 profonde offre une polyvalence in\u00e9gal\u00e9e tout au long de l&#8217;ann\u00e9e. Elle ajoute non seulement du caract\u00e8re \u00e0 chaque look mais aussi une touche d\u2019\u00e9l\u00e9gance unique.<\/p>\n<p>En somme, le bordeaux est la couleur id\u00e9ale pour ceux qui recherchent un style intemporel avec une pointe d&#8217;originalit\u00e9. Il convient parfaitement aux personnes d\u00e9sireuses d&#8217;afficher leur individualit\u00e9 tout en restant \u00e9l\u00e9gantes et sophistiqu\u00e9es.<\/p>\n<p><img loading=\"lazy\" decoding=\"async\" class=\"lazyload articleImageSquare_CGEN\" height=\"400\" width=\"400\" src=\"https:\/\/www.belgae.be\/imageHolder\/\/wp-content\/uploads\/sites\/2\/2023\/07\/loading-spinner-belgae.gif\" data-src=\"https:\/\/www.belgae.be\/imageHolder\/\/wp-content\/uploads\/sites\/2\/2023\/08\/tmprutmxas4.jpg\" alt=\"tmprutmxas\" \/><\/p>\n<h2 id=\"balise_5\">Porter des Chaussures Bordeaux : Une Bonne Id\u00e9e ? <\/h2>\n<p>Absolument! Les chaussures Maroona sont non seulement visuellement attrayantes, mais aussi suffisamment polyvalentes pour compl\u00e9ter diverses tenues. Que vous portiez un jean d\u00e9contract\u00e9 ou que vous soyez habill\u00e9 en tenue formelle.<\/p>\n<p>Associer ces v\u00eatements avec des chaussures de couleur marron rehaussera votre style sans effort minimal. Elles ajoutent une touche d&#8217;\u00e9l\u00e9gance \u00e0 n&#8217;importe quelle tenue, tout en restant confortables et pratiques.<\/p>\n<p>Les chaussures Maroona offrent \u00e9galement une excellente durabilit\u00e9, ce qui signifie qu&#8217;elles peuvent r\u00e9sister aux rigueurs quotidiennes tout en conservant leur allure \u00e9l\u00e9gante. Donc, ils m\u00e9ritent certainement une place dans chaque garde-robe!<\/p>\n<p>En bref, les chaussures Maroona sont le choix id\u00e9al pour ceux qui cherchent \u00e0 am\u00e9liorer leur jeu de mode sans sacrifier le confort ou la praticit\u00e9. Alors pourquoi attendre?<\/p>\n<p> Commencez d\u00e8s maintenant \u00e0 ajouter cette pi\u00e8ce essentielle \u00e0 votre collection!<\/p>\n<p><img loading=\"lazy\" decoding=\"async\" class=\"lazyload articleImageSquare_CGEN\" height=\"400\" width=\"400\" src=\"https:\/\/www.belgae.be\/imageHolder\/\/wp-content\/uploads\/sites\/2\/2023\/07\/loading-spinner-belgae.gif\" data-src=\"https:\/\/www.belgae.be\/imageHolder\/\/wp-content\/uploads\/sites\/2\/2023\/08\/tmpzwtcsu4e.jpg\" alt=\"tmpzwtcsu4e\" \/><\/p>\n<h2 id=\"balise_6\">Faux Pas de la Mode : Erreurs Communes \u00e0 \u00c9viter Lorsqu&#8217;on Porte du Bordeaux<\/h2>\n<p>L&#8217;exp\u00e9rimentation cr\u00e9ative est encourag\u00e9e en mati\u00e8re de choix vestimentaires. Cependant, certains \u00e9cueils courants li\u00e9s au port du maroona doivent \u00eatre \u00e9vit\u00e9s :<\/p>\n<p>Monochrome accablant : les looks monochromes ont leur place dans la mode, mais un ensemble complet peut sembler trop fort. Pr\u00e9f\u00e9rez des tenues \u00e9quilibr\u00e9es avec des couleurs contrastantes.<\/p>\n<p>Sous-tonalit\u00e9s discordantes : il peut y avoir des conflits de sous-tonalit\u00e9s si certaines nuances de maroona ne s&#8217;accordent pas bien avec les sous-tonalit\u00e9s sp\u00e9cifiques de la peau. Pour \u00e9viter ce probl\u00e8me, essayez diff\u00e9rentes teintes dans le spectre (bourgogne, rouille) jusqu&#8217;\u00e0 trouver celle qui vous met en valeur.<\/p>\n<p>Il est essentiel d&#8217;\u00e9viter ces faux pas pour tirer le meilleur parti du maroona et faire une d\u00e9claration audacieuse tout en restant \u00e9l\u00e9gante et sophistiqu\u00e9e.<\/p>\n<p><img loading=\"lazy\" decoding=\"async\" class=\"lazyload articleImageSquare_CGEN\" height=\"400\" width=\"400\" src=\"https:\/\/www.belgae.be\/imageHolder\/\/wp-content\/uploads\/sites\/2\/2023\/07\/loading-spinner-belgae.gif\" data-src=\"https:\/\/www.belgae.be\/imageHolder\/\/wp-content\/uploads\/sites\/2\/2023\/08\/tmpk0zumarp.jpg\" alt=\"tmpk0zumarp\" \/><\/p>\n<h2 id=\"balise_7\">L&#8217;impact du port de la couleur bordeaux sur notre psychologie<\/h2>\n<p>Les couleurs ont des effets psychologiques remarquables sur nos esprits. Le bordeaux ne fait pas exception. Sa teinte profonde suscite des sentiments de stabilit\u00e9 et de s\u00e9curit\u00e9, tout en insufflant confiance et assurance en soi. Porter du bordeaux peut aider \u00e0 d\u00e9gager une autorit\u00e9 perceptible et \u00e9tablir une pr\u00e9sence marquante.<\/p>\n<p>La couleur bordeaux est puissante dans son impact mental. Elle peut transformer notre perception et influencer notre comportement d&#8217;une mani\u00e8re subtile mais significative. Lorsque nous interagissons avec cette couleur, elle a la capacit\u00e9 d&#8217;accentuer nos qualit\u00e9s positives.<\/p>\n<p>En utilisant le bordeaux dans votre tenue ou votre environnement, vous pouvez b\u00e9n\u00e9ficier de ses avantages psychologiques pr\u00e9cieux. Cette couleur peut renforcer votre confiance personnelle tout en projetant une image forte aux autres.<\/p>\n<p>Consid\u00e9rez l&#8217;utilisation du bordeaux pour am\u00e9liorer vos interactions quotidiennes. Vous serez surpris par l&#8217;effet positif que cette simple modification peut avoir sur votre vie quotidienne.<\/p>\n<p><img loading=\"lazy\" decoding=\"async\" class=\"lazyload articleImageSquare_CGEN\" height=\"400\" width=\"400\" src=\"https:\/\/www.belgae.be\/imageHolder\/\/wp-content\/uploads\/sites\/2\/2023\/07\/loading-spinner-belgae.gif\" data-src=\"https:\/\/www.belgae.be\/imageHolder\/\/wp-content\/uploads\/sites\/2\/2023\/08\/tmpnf7jqooe.jpg\" alt=\"tmpnf7jqooe\" \/><\/p>\n<h2 id=\"balise_8\">Porter la Couleur Marron : Quelle Signification Spirituelle ? <\/h2>\n<p>Maroona rev\u00eat une importance spirituelle dans diverses cultures. Souvent associ\u00e9e \u00e0 des qualit\u00e9s telles que le courage, la d\u00e9termination et la pers\u00e9v\u00e9rance. L&#8217;\u00e9nergie ancrante de cette couleur aide les individus \u00e0 se connecter avec leur force int\u00e9rieure et \u00e0 entreprendre des voyages transformationnels.<\/p>\n<p>Dans de nombreux contextes culturels, Maroona est un symbole puissant. Il incarne l&#8217;audace, le pouvoir de r\u00e9solution et l&#8217;endurance face aux d\u00e9fis.<\/p>\n<p>La vibration profonde qu&#8217;elle \u00e9met encourage la connexion au noyau intrins\u00e8que du soi. Elle inspire \u00e9galement pour commencer des parcours qui peuvent changer radicalement une vie.<\/p>\n<p>En conclusion, Maroona n&#8217;est pas seulement une couleur mais aussi un catalyseur d\u2019\u00e9volution personnelle. Elle favorise l&#8217;\u00e9tablissement d&#8217;un lien solide avec notre essence interne tout en stimulant le changement positif.<\/p>\n<p><img loading=\"lazy\" decoding=\"async\" class=\"lazyload articleImageSquare_CGEN\" height=\"400\" width=\"400\" src=\"https:\/\/www.belgae.be\/imageHolder\/\/wp-content\/uploads\/sites\/2\/2023\/07\/loading-spinner-belgae.gif\" data-src=\"https:\/\/www.belgae.be\/imageHolder\/\/wp-content\/uploads\/sites\/2\/2023\/08\/tmpeh0nx4fu.jpg\" alt=\"tmpeh0nx4fu\" \/><\/p>\n<h2 id=\"balise_9\">Je Portais la Couleur Bordeaux dans un R\u00eave : Quelle en est la Signification ? <\/h2>\n<p>Les r\u00eaves sont des royaumes myst\u00e9rieux qui transmettent parfois des messages symboliques \u00e0 travers des couleurs comme le bordeaux. <\/p>\n<p>Si vous avez port\u00e9 du bordeaux dans votre monde onirique, cela peut indiquer un besoin d&#8217;\u00e9mancipation ou d&#8217;accueillir le changement. Saisissez sans crainte les nouvelles opportunit\u00e9s!<\/p>\n<p>En conclusion, porter du bordeaux offre une multitude de possibilit\u00e9s pour exprimer votre cr\u00e9ativit\u00e9 \u00e0 travers vos choix vestimentaires. Que vous visiez un look sophistiqu\u00e9 ou que vous fassiez une d\u00e9claration audacieuse, cette teinte polyvalente garantit que vos tenues se distinguent de la foule tout en refl\u00e9tant votre personnalit\u00e9 unique.<\/p>\n<p>Alors allez-y &#8211; ajoutez quelques nuances richement ravissantes de bordeaux \u00e0 la palette de votre garde-robe et laissez-les lib\u00e9rer votre \u00e9nergie vibrante!<\/p>\n","protected":false},"excerpt":{"rendered":"<p>Plongez dans le monde riche et audacieux du bordeaux ! Une couleur qui exprime la confiance et l&#8217;\u00e9l\u00e9gance. D\u00e9couvrez comment l&#8217;int\u00e9grer sans effort \u00e0 votre garde-robe dans ce guide \u00e9l\u00e9gant.<\/p>\n","protected":false},"author":1,"featured_media":5009,"comment_status":"open","ping_status":"","sticky":false,"template":"","format":"standard","meta":{"_acf_changed":false,"_et_pb_use_builder":"","_et_pb_old_content":"","_et_gb_content_width":"","footnotes":""},"categories":[38],"tags":[],"class_list":["post-2946","post","type-post","status-publish","format-standard","has-post-thumbnail","hentry","category-look-style"],"acf":[],"yoast_head":"<!-- This site is optimized with the Yoast SEO plugin v27.5 - https:\/\/yoast.com\/product\/yoast-seo-wordpress\/ -->\n<title>Porter du bordeaux : combinaisons, psychologie, etc | Belgae<\/title>\n<meta name=\"robots\" content=\"index, follow, max-snippet:-1, max-image-preview:large, max-video-preview:-1\" \/>\n<link rel=\"canonical\" href=\"https:\/\/www.belgae.be\/fr\/blog\/portant-du-bordeaux\/\" \/>\n<meta property=\"og:locale\" content=\"fr_FR\" \/>\n<meta property=\"og:type\" content=\"article\" \/>\n<meta property=\"og:title\" content=\"Porter du bordeaux : combinaisons, psychologie, etc | Belgae\" \/>\n<meta property=\"og:description\" content=\"Plongez dans le monde riche et audacieux du bordeaux ! Une couleur qui exprime la confiance et l&#039;\u00e9l\u00e9gance. D\u00e9couvrez comment l&#039;int\u00e9grer sans effort \u00e0 votre garde-robe dans ce guide \u00e9l\u00e9gant.\" \/>\n<meta property=\"og:url\" content=\"https:\/\/www.belgae.be\/fr\/blog\/portant-du-bordeaux\/\" \/>\n<meta property=\"og:site_name\" content=\"Belgae\" \/>\n<meta property=\"article:published_time\" content=\"2023-08-03T13:42:47+00:00\" \/>\n<meta property=\"og:image\" content=\"https:\/\/www.belgae.be\/imageHolder\/\/wp-content\/uploads\/sites\/2\/2023\/07\/loading-spinner-belgae.gif\" \/>\n<meta name=\"author\" content=\"Cyril Gendarme\" \/>\n<meta name=\"twitter:card\" content=\"summary_large_image\" \/>\n<meta name=\"twitter:label1\" content=\"\u00c9crit par\" \/>\n\t<meta name=\"twitter:data1\" content=\"Cyril Gendarme\" \/>\n\t<meta name=\"twitter:label2\" content=\"Dur\u00e9e de lecture estim\u00e9e\" \/>\n\t<meta name=\"twitter:data2\" content=\"8 minutes\" \/>\n<script type=\"application\/ld+json\" class=\"yoast-schema-graph\">{\"@context\":\"https:\\\/\\\/schema.org\",\"@graph\":[{\"@type\":\"Article\",\"@id\":\"https:\\\/\\\/www.belgae.be\\\/fr\\\/blog\\\/portant-du-bordeaux\\\/#article\",\"isPartOf\":{\"@id\":\"https:\\\/\\\/www.belgae.be\\\/fr\\\/blog\\\/portant-du-bordeaux\\\/\"},\"author\":{\"name\":\"Cyril Gendarme\",\"@id\":\"https:\\\/\\\/www.belgae.be\\\/fr\\\/#\\\/schema\\\/person\\\/646b40b88212bc5335f9c4fa787df047\"},\"headline\":\"Porter du bordeaux : combinaisons, psychologie, etc\",\"datePublished\":\"2023-08-03T13:42:47+00:00\",\"mainEntityOfPage\":{\"@id\":\"https:\\\/\\\/www.belgae.be\\\/fr\\\/blog\\\/portant-du-bordeaux\\\/\"},\"wordCount\":1670,\"commentCount\":0,\"publisher\":{\"@id\":\"https:\\\/\\\/www.belgae.be\\\/fr\\\/#organization\"},\"image\":{\"@id\":\"https:\\\/\\\/www.belgae.be\\\/fr\\\/blog\\\/portant-du-bordeaux\\\/#primaryimage\"},\"thumbnailUrl\":\"https:\\\/\\\/www.belgae.be\\\/fr\\\/wp-content\\\/uploads\\\/sites\\\/2\\\/2023\\\/08\\\/cyril_ge_Brussel_black_and_white_Franco-Belgian_comic_style_bla_23a87677-5e79-4c37-9d5f-faaa16e3362d.jpg\",\"articleSection\":[\"Look &amp; Style\"],\"inLanguage\":\"fr-FR\",\"potentialAction\":[{\"@type\":\"CommentAction\",\"name\":\"Comment\",\"target\":[\"https:\\\/\\\/www.belgae.be\\\/fr\\\/blog\\\/portant-du-bordeaux\\\/#respond\"]}]},{\"@type\":\"WebPage\",\"@id\":\"https:\\\/\\\/www.belgae.be\\\/fr\\\/blog\\\/portant-du-bordeaux\\\/\",\"url\":\"https:\\\/\\\/www.belgae.be\\\/fr\\\/blog\\\/portant-du-bordeaux\\\/\",\"name\":\"Porter du bordeaux : combinaisons, psychologie, etc | Belgae\",\"isPartOf\":{\"@id\":\"https:\\\/\\\/www.belgae.be\\\/fr\\\/#website\"},\"primaryImageOfPage\":{\"@id\":\"https:\\\/\\\/www.belgae.be\\\/fr\\\/blog\\\/portant-du-bordeaux\\\/#primaryimage\"},\"image\":{\"@id\":\"https:\\\/\\\/www.belgae.be\\\/fr\\\/blog\\\/portant-du-bordeaux\\\/#primaryimage\"},\"thumbnailUrl\":\"https:\\\/\\\/www.belgae.be\\\/fr\\\/wp-content\\\/uploads\\\/sites\\\/2\\\/2023\\\/08\\\/cyril_ge_Brussel_black_and_white_Franco-Belgian_comic_style_bla_23a87677-5e79-4c37-9d5f-faaa16e3362d.jpg\",\"datePublished\":\"2023-08-03T13:42:47+00:00\",\"breadcrumb\":{\"@id\":\"https:\\\/\\\/www.belgae.be\\\/fr\\\/blog\\\/portant-du-bordeaux\\\/#breadcrumb\"},\"inLanguage\":\"fr-FR\",\"potentialAction\":[{\"@type\":\"ReadAction\",\"target\":[\"https:\\\/\\\/www.belgae.be\\\/fr\\\/blog\\\/portant-du-bordeaux\\\/\"]}]},{\"@type\":\"ImageObject\",\"inLanguage\":\"fr-FR\",\"@id\":\"https:\\\/\\\/www.belgae.be\\\/fr\\\/blog\\\/portant-du-bordeaux\\\/#primaryimage\",\"url\":\"https:\\\/\\\/www.belgae.be\\\/fr\\\/wp-content\\\/uploads\\\/sites\\\/2\\\/2023\\\/08\\\/cyril_ge_Brussel_black_and_white_Franco-Belgian_comic_style_bla_23a87677-5e79-4c37-9d5f-faaa16e3362d.jpg\",\"contentUrl\":\"https:\\\/\\\/www.belgae.be\\\/fr\\\/wp-content\\\/uploads\\\/sites\\\/2\\\/2023\\\/08\\\/cyril_ge_Brussel_black_and_white_Franco-Belgian_comic_style_bla_23a87677-5e79-4c37-9d5f-faaa16e3362d.jpg\"},{\"@type\":\"BreadcrumbList\",\"@id\":\"https:\\\/\\\/www.belgae.be\\\/fr\\\/blog\\\/portant-du-bordeaux\\\/#breadcrumb\",\"itemListElement\":[{\"@type\":\"ListItem\",\"position\":1,\"name\":\"Accueil\",\"item\":\"https:\\\/\\\/www.belgae.be\\\/fr\\\/\"},{\"@type\":\"ListItem\",\"position\":2,\"name\":\"Porter du bordeaux : combinaisons, psychologie, etc\"}]},{\"@type\":\"WebSite\",\"@id\":\"https:\\\/\\\/www.belgae.be\\\/fr\\\/#website\",\"url\":\"https:\\\/\\\/www.belgae.be\\\/fr\\\/\",\"name\":\"Belgae\",\"description\":\"Art &amp; Mode Belge\",\"publisher\":{\"@id\":\"https:\\\/\\\/www.belgae.be\\\/fr\\\/#organization\"},\"potentialAction\":[{\"@type\":\"SearchAction\",\"target\":{\"@type\":\"EntryPoint\",\"urlTemplate\":\"https:\\\/\\\/www.belgae.be\\\/fr\\\/?s={search_term_string}\"},\"query-input\":{\"@type\":\"PropertyValueSpecification\",\"valueRequired\":true,\"valueName\":\"search_term_string\"}}],\"inLanguage\":\"fr-FR\"},{\"@type\":\"Organization\",\"@id\":\"https:\\\/\\\/www.belgae.be\\\/fr\\\/#organization\",\"name\":\"Belgae\",\"url\":\"https:\\\/\\\/www.belgae.be\\\/fr\\\/\",\"logo\":{\"@type\":\"ImageObject\",\"inLanguage\":\"fr-FR\",\"@id\":\"https:\\\/\\\/www.belgae.be\\\/fr\\\/#\\\/schema\\\/logo\\\/image\\\/\",\"url\":\"https:\\\/\\\/www.belgae.be\\\/fr\\\/wp-content\\\/uploads\\\/sites\\\/2\\\/2023\\\/07\\\/Sans-titre1-Copie.png\",\"contentUrl\":\"https:\\\/\\\/www.belgae.be\\\/fr\\\/wp-content\\\/uploads\\\/sites\\\/2\\\/2023\\\/07\\\/Sans-titre1-Copie.png\",\"width\":88,\"height\":88,\"caption\":\"Belgae\"},\"image\":{\"@id\":\"https:\\\/\\\/www.belgae.be\\\/fr\\\/#\\\/schema\\\/logo\\\/image\\\/\"}},{\"@type\":\"Person\",\"@id\":\"https:\\\/\\\/www.belgae.be\\\/fr\\\/#\\\/schema\\\/person\\\/646b40b88212bc5335f9c4fa787df047\",\"name\":\"Cyril Gendarme\",\"sameAs\":[\"https:\\\/\\\/www.belgae.be\"],\"url\":\"https:\\\/\\\/www.belgae.be\\\/fr\\\/blog\\\/author\\\/cgen\\\/\"}]}<\/script>\n<!-- \/ Yoast SEO plugin. -->","yoast_head_json":{"title":"Porter du bordeaux : combinaisons, psychologie, etc | Belgae","robots":{"index":"index","follow":"follow","max-snippet":"max-snippet:-1","max-image-preview":"max-image-preview:large","max-video-preview":"max-video-preview:-1"},"canonical":"https:\/\/www.belgae.be\/fr\/blog\/portant-du-bordeaux\/","og_locale":"fr_FR","og_type":"article","og_title":"Porter du bordeaux : combinaisons, psychologie, etc | Belgae","og_description":"Plongez dans le monde riche et audacieux du bordeaux ! Une couleur qui exprime la confiance et l'\u00e9l\u00e9gance. D\u00e9couvrez comment l'int\u00e9grer sans effort \u00e0 votre garde-robe dans ce guide \u00e9l\u00e9gant.","og_url":"https:\/\/www.belgae.be\/fr\/blog\/portant-du-bordeaux\/","og_site_name":"Belgae","article_published_time":"2023-08-03T13:42:47+00:00","og_image":[{"url":"https:\/\/www.belgae.be\/imageHolder\/\/wp-content\/uploads\/sites\/2\/2023\/07\/loading-spinner-belgae.gif","type":"","width":"","height":""}],"author":"Cyril Gendarme","twitter_card":"summary_large_image","twitter_misc":{"\u00c9crit par":"Cyril Gendarme","Dur\u00e9e de lecture estim\u00e9e":"8 minutes"},"schema":{"@context":"https:\/\/schema.org","@graph":[{"@type":"Article","@id":"https:\/\/www.belgae.be\/fr\/blog\/portant-du-bordeaux\/#article","isPartOf":{"@id":"https:\/\/www.belgae.be\/fr\/blog\/portant-du-bordeaux\/"},"author":{"name":"Cyril Gendarme","@id":"https:\/\/www.belgae.be\/fr\/#\/schema\/person\/646b40b88212bc5335f9c4fa787df047"},"headline":"Porter du bordeaux : combinaisons, psychologie, etc","datePublished":"2023-08-03T13:42:47+00:00","mainEntityOfPage":{"@id":"https:\/\/www.belgae.be\/fr\/blog\/portant-du-bordeaux\/"},"wordCount":1670,"commentCount":0,"publisher":{"@id":"https:\/\/www.belgae.be\/fr\/#organization"},"image":{"@id":"https:\/\/www.belgae.be\/fr\/blog\/portant-du-bordeaux\/#primaryimage"},"thumbnailUrl":"https:\/\/www.belgae.be\/fr\/wp-content\/uploads\/sites\/2\/2023\/08\/cyril_ge_Brussel_black_and_white_Franco-Belgian_comic_style_bla_23a87677-5e79-4c37-9d5f-faaa16e3362d.jpg","articleSection":["Look &amp; Style"],"inLanguage":"fr-FR","potentialAction":[{"@type":"CommentAction","name":"Comment","target":["https:\/\/www.belgae.be\/fr\/blog\/portant-du-bordeaux\/#respond"]}]},{"@type":"WebPage","@id":"https:\/\/www.belgae.be\/fr\/blog\/portant-du-bordeaux\/","url":"https:\/\/www.belgae.be\/fr\/blog\/portant-du-bordeaux\/","name":"Porter du bordeaux : combinaisons, psychologie, etc | Belgae","isPartOf":{"@id":"https:\/\/www.belgae.be\/fr\/#website"},"primaryImageOfPage":{"@id":"https:\/\/www.belgae.be\/fr\/blog\/portant-du-bordeaux\/#primaryimage"},"image":{"@id":"https:\/\/www.belgae.be\/fr\/blog\/portant-du-bordeaux\/#primaryimage"},"thumbnailUrl":"https:\/\/www.belgae.be\/fr\/wp-content\/uploads\/sites\/2\/2023\/08\/cyril_ge_Brussel_black_and_white_Franco-Belgian_comic_style_bla_23a87677-5e79-4c37-9d5f-faaa16e3362d.jpg","datePublished":"2023-08-03T13:42:47+00:00","breadcrumb":{"@id":"https:\/\/www.belgae.be\/fr\/blog\/portant-du-bordeaux\/#breadcrumb"},"inLanguage":"fr-FR","potentialAction":[{"@type":"ReadAction","target":["https:\/\/www.belgae.be\/fr\/blog\/portant-du-bordeaux\/"]}]},{"@type":"ImageObject","inLanguage":"fr-FR","@id":"https:\/\/www.belgae.be\/fr\/blog\/portant-du-bordeaux\/#primaryimage","url":"https:\/\/www.belgae.be\/fr\/wp-content\/uploads\/sites\/2\/2023\/08\/cyril_ge_Brussel_black_and_white_Franco-Belgian_comic_style_bla_23a87677-5e79-4c37-9d5f-faaa16e3362d.jpg","contentUrl":"https:\/\/www.belgae.be\/fr\/wp-content\/uploads\/sites\/2\/2023\/08\/cyril_ge_Brussel_black_and_white_Franco-Belgian_comic_style_bla_23a87677-5e79-4c37-9d5f-faaa16e3362d.jpg"},{"@type":"BreadcrumbList","@id":"https:\/\/www.belgae.be\/fr\/blog\/portant-du-bordeaux\/#breadcrumb","itemListElement":[{"@type":"ListItem","position":1,"name":"Accueil","item":"https:\/\/www.belgae.be\/fr\/"},{"@type":"ListItem","position":2,"name":"Porter du bordeaux : combinaisons, psychologie, etc"}]},{"@type":"WebSite","@id":"https:\/\/www.belgae.be\/fr\/#website","url":"https:\/\/www.belgae.be\/fr\/","name":"Belgae","description":"Art &amp; Mode Belge","publisher":{"@id":"https:\/\/www.belgae.be\/fr\/#organization"},"potentialAction":[{"@type":"SearchAction","target":{"@type":"EntryPoint","urlTemplate":"https:\/\/www.belgae.be\/fr\/?s={search_term_string}"},"query-input":{"@type":"PropertyValueSpecification","valueRequired":true,"valueName":"search_term_string"}}],"inLanguage":"fr-FR"},{"@type":"Organization","@id":"https:\/\/www.belgae.be\/fr\/#organization","name":"Belgae","url":"https:\/\/www.belgae.be\/fr\/","logo":{"@type":"ImageObject","inLanguage":"fr-FR","@id":"https:\/\/www.belgae.be\/fr\/#\/schema\/logo\/image\/","url":"https:\/\/www.belgae.be\/fr\/wp-content\/uploads\/sites\/2\/2023\/07\/Sans-titre1-Copie.png","contentUrl":"https:\/\/www.belgae.be\/fr\/wp-content\/uploads\/sites\/2\/2023\/07\/Sans-titre1-Copie.png","width":88,"height":88,"caption":"Belgae"},"image":{"@id":"https:\/\/www.belgae.be\/fr\/#\/schema\/logo\/image\/"}},{"@type":"Person","@id":"https:\/\/www.belgae.be\/fr\/#\/schema\/person\/646b40b88212bc5335f9c4fa787df047","name":"Cyril Gendarme","sameAs":["https:\/\/www.belgae.be"],"url":"https:\/\/www.belgae.be\/fr\/blog\/author\/cgen\/"}]}},"_links":{"self":[{"href":"https:\/\/www.belgae.be\/fr\/wp-json\/wp\/v2\/posts\/2946","targetHints":{"allow":["GET"]}}],"collection":[{"href":"https:\/\/www.belgae.be\/fr\/wp-json\/wp\/v2\/posts"}],"about":[{"href":"https:\/\/www.belgae.be\/fr\/wp-json\/wp\/v2\/types\/post"}],"author":[{"embeddable":true,"href":"https:\/\/www.belgae.be\/fr\/wp-json\/wp\/v2\/users\/1"}],"replies":[{"embeddable":true,"href":"https:\/\/www.belgae.be\/fr\/wp-json\/wp\/v2\/comments?post=2946"}],"version-history":[{"count":0,"href":"https:\/\/www.belgae.be\/fr\/wp-json\/wp\/v2\/posts\/2946\/revisions"}],"wp:featuredmedia":[{"embeddable":true,"href":"https:\/\/www.belgae.be\/fr\/wp-json\/"}],"wp:attachment":[{"href":"https:\/\/www.belgae.be\/fr\/wp-json\/wp\/v2\/media?parent=2946"}],"wp:term":[{"taxonomy":"category","embeddable":true,"href":"https:\/\/www.belgae.be\/fr\/wp-json\/wp\/v2\/categories?post=2946"},{"taxonomy":"post_tag","embeddable":true,"href":"https:\/\/www.belgae.be\/fr\/wp-json\/wp\/v2\/tags?post=2946"}],"curies":[{"name":"wp","href":"https:\/\/api.w.org\/{rel}","templated":true}]}}