{"id":2944,"date":"2023-08-03T13:42:15","date_gmt":"2023-08-03T13:42:15","guid":{"rendered":"https:\/\/www.belgae.be\/fr\/blog\/portant-de-lor\/"},"modified":"2023-08-04T10:42:03","modified_gmt":"2023-08-04T10:42:03","slug":"portant-de-lor","status":"publish","type":"post","link":"https:\/\/www.belgae.be\/fr\/blog\/portant-de-lor\/","title":{"rendered":"Porter du dor\u00e9 : combinaisons, psychologie, etc"},"content":{"rendered":"<p>Pr\u00eat \u00e0 briller comme un diamant, ou mieux encore &#8211; de l&#8217;or ?<\/p>\n<p> Plongez dans le monde de la mode dor\u00e9e et d\u00e9couvrez ses effets psychologiques. D\u00e9couvrez des combinaisons de couleurs \u00e9tonnantes qui feront ressortir votre tenue dor\u00e9e !<\/p>\n<p>D\u00e9codons le luxe, le pouvoir et la chaleur associ\u00e9s \u00e0 cette teinte royale. Pr\u00e9parez-vous \u00e0 d\u00e9gager ce charme radieux car c&#8217;est l&#8217;heure pour vous de porter de l&#8217;or !<\/p>\n<section class=\"contentTable_table\">\n<p class=\"contentTable_title\">Table des mati\u00e8res : <\/p>\n<p class=\"contentTable_elem\"><a href=\"#balise_0\">1. Introduction : Comment Porter la Couleur Or ? <\/a><\/p>\n<p class=\"contentTable_elem\"><a href=\"#balise_1\">2. Quelle \u00e9motion est exprim\u00e9e en portant la couleur or ? <\/a><\/p>\n<p class=\"contentTable_elem\"><a href=\"#balise_2\">3. Associations : Quelles couleurs correspondent \u00e0 porter des v\u00eatements dor\u00e9s ? <\/a><\/p>\n<p class=\"contentTable_elem\"><a href=\"#balise_3\">4. Quel teint s&#8217;accorde bien avec une tenue dor\u00e9e ? <\/a><\/p>\n<p class=\"contentTable_elem\"><a href=\"#balise_4\">5. La Meilleure Saison pour Porter la Couleur Or<\/a><\/p>\n<p class=\"contentTable_elem\"><a href=\"#balise_5\">6. Porter des Chaussures en Or : Une Bonne Id\u00e9e ? <\/a><\/p>\n<p class=\"contentTable_elem\"><a href=\"#balise_6\">7. Faux Pas de la Mode : Erreurs Courantes \u00e0 \u00c9viter Lorsque Vous Portez de l&#8217;Or<\/a><\/p>\n<p class=\"contentTable_elem\"><a href=\"#balise_7\">8. L&#8217;impact du port de la couleur or sur notre psychologie<\/a><\/p>\n<p class=\"contentTable_elem\"><a href=\"#balise_8\">9. Porter la Couleur Or : Quelle Signification Spirituelle ? <\/a><\/p>\n<p class=\"contentTable_elem\"><a href=\"#balise_9\">10. Porter de l&#8217;Or en R\u00eave : Quelle est la Signification ? <\/a><\/p>\n<\/section>\n<p><img loading=\"lazy\" decoding=\"async\" class=\"lazyload articleImageSquare_CGEN\" height=\"400\" width=\"400\" src=\"https:\/\/www.belgae.be\/imageHolder\/\/wp-content\/uploads\/sites\/2\/2023\/07\/loading-spinner-belgae.gif\" data-src=\"https:\/\/www.belgae.be\/imageHolder\/\/wp-content\/uploads\/sites\/2\/2023\/08\/tmpzl88ohuh.jpg\" alt=\"tmpzl88ohuh\" \/><\/p>\n<h2 id=\"balise_0\">Introduction : Comment Porter la Couleur Or ? <\/h2>\n<p>L&#8217;or, la couleur du luxe et de l&#8217;opulence, est depuis longtemps un symbole de richesse et d&#8217;abondance. Que vous sortiez pour une soir\u00e9e en ville ou que vous souhaitiez simplement ajouter une touche de glamour \u00e0 votre look quotidien, porter du dor\u00e9 peut instantan\u00e9ment \u00e9lever votre style.<\/p>\n<p>Mais comment porter cette teinte scintillante sans en faire trop ?<\/p>\n<p> Plongeons dans le monde du port des couleurs or et d\u00e9couvrons quelques astuces qui vous aideront \u00e0 les ma\u00eetriser avec assurance.<\/p>\n<p>Le choix d&#8217;un bijou dor\u00e9 appropri\u00e9 peut \u00eatre d\u00e9licat. Il faut tenir compte non seulement de sa forme mais aussi de son tonalit\u00e9. Un bon conseil serait d&#8217;\u00e9quilibrer les pi\u00e8ces plus audacieuses avec des accessoires plus discrets pour \u00e9viter toute ostentation excessive.<\/p>\n<p>Enfin, n&#8217;h\u00e9sitez pas \u00e0 jouer avec diff\u00e9rentes nuances d\u2019or. Les tons chauds peuvent apporter une touche sophistiqu\u00e9e tandis que les nuances plus froides peuvent donner un aspect moderne et tendance.<\/p>\n<p><img loading=\"lazy\" decoding=\"async\" class=\"lazyload articleImageSquare_CGEN\" height=\"400\" width=\"400\" src=\"https:\/\/www.belgae.be\/imageHolder\/\/wp-content\/uploads\/sites\/2\/2023\/07\/loading-spinner-belgae.gif\" data-src=\"https:\/\/www.belgae.be\/imageHolder\/\/wp-content\/uploads\/sites\/2\/2023\/08\/tmpfbsqnj9j.jpg\" alt=\"tmpfbsqnj9j\" \/><\/p>\n<h2 id=\"balise_1\">Quelle \u00e9motion est exprim\u00e9e en portant la couleur or ? <\/h2>\n<p>En mati\u00e8re d&#8217;\u00e9motions, porter de l&#8217;or d\u00e9gage chaleur, optimisme et assurance. Cette teinte radieuse \u00e9voque des sentiments de r\u00e9ussite et d&#8217;accomplissement tout en favorisant la cr\u00e9ativit\u00e9 et l&#8217;inspiration.<\/p>\n<p>Que vous vous pr\u00e9pariez pour une pr\u00e9sentation importante ou que vous cherchiez simplement \u00e0 am\u00e9liorer votre humeur, v\u00eatir des habits dor\u00e9s pourrait \u00eatre exactement ce dont vous avez besoin.<\/p>\n<p>L&#8217;\u00e9clat du dor\u00e9 peut \u00e9galement apporter un sentiment de luxe et de prestige. Il stimule une perception positive qui transcende les cultures universelles.<\/p>\n<p>Alors n&#8217;h\u00e9sitez pas \u00e0 incorporer cette couleur puissante dans votre garde-robe. Vous serez surpris par le dynamisme qu&#8217;elle apporte ! Le port du dor\u00e9 est plus qu&#8217;une simple affirmation de style &#8211; il a le pouvoir d&#8217;am\u00e9liorer vos jours sous tous ses aspects.<\/p>\n<p><img loading=\"lazy\" decoding=\"async\" class=\"lazyload articleImageSquare_CGEN\" height=\"400\" width=\"400\" src=\"https:\/\/www.belgae.be\/imageHolder\/\/wp-content\/uploads\/sites\/2\/2023\/07\/loading-spinner-belgae.gif\" data-src=\"https:\/\/www.belgae.be\/imageHolder\/\/wp-content\/uploads\/sites\/2\/2023\/08\/tmpn9q9cij6.jpg\" alt=\"tmpn9q9cij\" \/><\/p>\n<h2 id=\"balise_2\">Associations : Quelles couleurs correspondent \u00e0 porter des v\u00eatements dor\u00e9s ? <\/h2>\n<p>L&#8217;association de couleurs avec l&#8217;or vise \u00e0 cr\u00e9er des ensembles harmonieux qui marquent les esprits. Voici quelques combinaisons fantastiques :<\/p>\n<p>1) Noir et Or : Ce duo classique ne d\u00e9\u00e7oit jamais ! Le contraste entre la finesse du noir et l&#8217;\u00e9l\u00e9gance dor\u00e9e cr\u00e9e un impact visuel saisissant.<\/p>\n<p>2) Blanc et Or : Obtenez une ambiance \u00e9th\u00e9r\u00e9e en associant des v\u00eatements blancs nets \u00e0 de subtiles touches d&#8217;embellissements ou accessoires dor\u00e9s.<\/p>\n<p>3) Bleu Marine et Or : Sophistiqu\u00e9 mais audacieux, le bleu marine sert de toile de fond parfaite pour des accents dor\u00e9s brillants.<\/p>\n<p>Rappelez-vous que ces points ne sont que des d\u00e9parts &#8211; n&#8217;h\u00e9sitez pas \u00e0 exp\u00e9rimenter avec d&#8217;autres nuances comme les rouges profonds ou les verts vibrants!<\/p>\n<p><img loading=\"lazy\" decoding=\"async\" class=\"lazyload articleImageSquare_CGEN\" height=\"400\" width=\"400\" src=\"https:\/\/www.belgae.be\/imageHolder\/\/wp-content\/uploads\/sites\/2\/2023\/07\/loading-spinner-belgae.gif\" data-src=\"https:\/\/www.belgae.be\/imageHolder\/\/wp-content\/uploads\/sites\/2\/2023\/08\/tmpp99rrcuc.jpg\" alt=\"tmpp99rrcuc\" \/><\/p>\n<h2 id=\"balise_3\">Quel teint s&#8217;accorde bien avec une tenue dor\u00e9e ? <\/h2>\n<p>La beaut\u00e9 du port de l&#8217;or r\u00e9side dans sa polyvalence sur divers tons de peau. Il compl\u00e8te les nuances chaudes, comme celles trouv\u00e9es dans la peau d&#8217;olive ou caramel, en am\u00e9liorant leur \u00e9clat naturel. D&#8217;un autre c\u00f4t\u00e9, les teintes plus froides comme les teints clairs peuvent cr\u00e9er un contraste frappant contre la luminosit\u00e9 de l&#8217;or.<\/p>\n<p>En fin de compte, n\u2019importe qui peut adopter cette couleur ; tout se r\u00e9duit au style personnel et \u00e0 la confiance! L&#8217;utilisation judicieuse du dor\u00e9 peut rehausser chaque aspect de votre look. Que ce soit pour une occasion sp\u00e9ciale ou simplement pour ajouter une touche d&#8217;\u00e9clat \u00e0 votre tenue quotidienne.<\/p>\n<p>Investir dans des bijoux en or est toujours un choix judicieux. Non seulement ils sont intemporels et \u00e9l\u00e9gants mais aussi ils ajoutent une dimension suppl\u00e9mentaire \u00e0 toute garde-robe.<\/p>\n<p>Rappelez-vous que le plus important est comment vous vous sentez lorsque vous portez ces pi\u00e8ces pr\u00e9cieuses.<\/p>\n<p><img loading=\"lazy\" decoding=\"async\" class=\"lazyload articleImageSquare_CGEN\" height=\"400\" width=\"400\" src=\"https:\/\/www.belgae.be\/imageHolder\/\/wp-content\/uploads\/sites\/2\/2023\/07\/loading-spinner-belgae.gif\" data-src=\"https:\/\/www.belgae.be\/imageHolder\/\/wp-content\/uploads\/sites\/2\/2023\/08\/tmp5ddze9vv.jpg\" alt=\"tmp5ddze9vv\" \/><\/p>\n<h2 id=\"balise_4\">La Meilleure Saison pour Porter la Couleur Or<\/h2>\n<p>Automne : Lorsque la nature explose en teintes chaudes de rouges et d&#8217;oranges durant l&#8217;automne, porter du dor\u00e9 ajoute une couche suppl\u00e9mentaire de richesse qui compl\u00e8te parfaitement la palette saisonni\u00e8re.<\/p>\n<p>2) Hiver : La p\u00e9riode des f\u00eates demande un peu d&#8217;\u00e9clat ! Adoptez l&#8217;esprit festif avec des accents dor\u00e9s qui \u00e9voquent la chaleur malgr\u00e9 le temps frisquet.<\/p>\n<p>3) Printemps\/\u00c9t\u00e9 : Infusez votre garde-robe estivale avec des touches scintillantes de dor\u00e9 &#8211; allant des robes l\u00e9g\u00e8res orn\u00e9es de fils m\u00e9talliques aux accessoires imposants qui attrapent sans effort les rayons du soleil.<\/p>\n<p><img loading=\"lazy\" decoding=\"async\" class=\"lazyload articleImageSquare_CGEN\" height=\"400\" width=\"400\" src=\"https:\/\/www.belgae.be\/imageHolder\/\/wp-content\/uploads\/sites\/2\/2023\/07\/loading-spinner-belgae.gif\" data-src=\"https:\/\/www.belgae.be\/imageHolder\/\/wp-content\/uploads\/sites\/2\/2023\/08\/tmp0iwh1vzm.jpg\" alt=\"tmp0iwh1vzm\" \/><\/p>\n<h2 id=\"balise_5\">Porter des Chaussures en Or : Une Bonne Id\u00e9e ? <\/h2>\n<p>Absolument ! En mati\u00e8re de choix de chaussures, porter une paire d&#8217;\u00e9blouissantes chaussures dor\u00e9es transforme instantan\u00e9ment toute tenue en un v\u00e9ritable spectacle. <\/p>\n<p>Que vous optiez pour des escarpins \u00e9l\u00e9gants ou des baskets confortables orn\u00e9es de d\u00e9tails dor\u00e9s, vos pieds attireront l&#8217;attention partout o\u00f9 vous allez.<\/p>\n<p>Les nuances brillantes et m\u00e9talliques du dor\u00e9 ajoutent une dimension luxueuse \u00e0 n&#8217;importe quel style. C&#8217;est la cl\u00e9 pour se d\u00e9marquer dans la foule.<\/p>\n<p>En somme, les chaussures dor\u00e9es sont bien plus qu&#8217;un simple accessoire : elles sont le reflet d&#8217;une personnalit\u00e9 audacieuse et glamour qui ne craint pas de briller.<\/p>\n<p><img loading=\"lazy\" decoding=\"async\" class=\"lazyload articleImageSquare_CGEN\" height=\"400\" width=\"400\" src=\"https:\/\/www.belgae.be\/imageHolder\/\/wp-content\/uploads\/sites\/2\/2023\/07\/loading-spinner-belgae.gif\" data-src=\"https:\/\/www.belgae.be\/imageHolder\/\/wp-content\/uploads\/sites\/2\/2023\/08\/tmpmetxh1y2.jpg\" alt=\"tmpmetxh1y\" \/><\/p>\n<h2 id=\"balise_6\">Faux Pas de la Mode : Erreurs Courantes \u00e0 \u00c9viter Lorsque Vous Portez de l&#8217;Or<\/h2>\n<p>Aussi tentant que soit le port de pi\u00e8ces de mode couleur or, certaines erreurs courantes doivent \u00eatre \u00e9vit\u00e9es:<\/p>\n<p>1) L&#8217;exc\u00e8s : Faire une d\u00e9claration est g\u00e9nial, mais \u00e9vitez d&#8217;en faire trop en vous limitant \u00e0 une ou deux pi\u00e8ces cl\u00e9s plut\u00f4t qu&#8217;\u00e0 vous parer de la t\u00eate aux pieds en v\u00eatements dor\u00e9s.<\/p>\n<p>2) Les accessoires discordants : Assurez-vous que vos bijoux et accessoires se compl\u00e8tent au lieu de rivaliser pour attirer l&#8217;attention. Optez pour des pi\u00e8ces subtiles qui rehaussent votre look global sans le submerger.<\/p>\n<p>3) Ignorer les proportions : Pr\u00eatez attention \u00e0 la coupe et au style des v\u00eatements dor\u00e9s. Ils doivent flatter votre silhouette, car les v\u00eatements mal ajust\u00e9s peuvent diminuer l&#8217;impact que vous recherchez.<\/p>\n<p><img loading=\"lazy\" decoding=\"async\" class=\"lazyload articleImageSquare_CGEN\" height=\"400\" width=\"400\" src=\"https:\/\/www.belgae.be\/imageHolder\/\/wp-content\/uploads\/sites\/2\/2023\/07\/loading-spinner-belgae.gif\" data-src=\"https:\/\/www.belgae.be\/imageHolder\/\/wp-content\/uploads\/sites\/2\/2023\/08\/tmpxxcwdm41.jpg\" alt=\"tmpxxcwdm\" \/><\/p>\n<h2 id=\"balise_7\">L&#8217;impact du port de la couleur or sur notre psychologie<\/h2>\n<p>Il n&#8217;est pas un secret que les couleurs ont un effet profond sur notre psych\u00e9. Porter du dor\u00e9 permet de b\u00e9n\u00e9ficier de ses avantages psychologiques tels qu&#8217;une confiance accrue, une positivit\u00e9 et une humeur \u00e9lev\u00e9es. L&#8217;\u00e9nergie rayonnante \u00e9mise par cette couleur stimule la cr\u00e9ativit\u00e9 et l&#8217;expression de soi tout en favorisant des sentiments d&#8217;abondance et de r\u00e9ussite.<\/p>\n<p>Les bienfaits du dor\u00e9 ne se limitent pas \u00e0 l&#8217;am\u00e9lioration de l&#8217;humeur. Ces tons chaleureux favorisent \u00e9galement le sentiment d&#8217;\u00e9l\u00e9gance et d&#8217;exclusivit\u00e9. <\/p>\n<p>De plus, ils sont souvent associ\u00e9s \u00e0 la richesse mat\u00e9rielle, ce qui peut susciter un sentiment g\u00e9n\u00e9ralis\u00e9 de prosp\u00e9rit\u00e9.<\/p>\n<p>L&#8217;utilisation judicieuse des couleurs peut avoir un impact significatif sur notre quotidien. Choisir le dor\u00e9 pour son style vestimentaire est donc bien plus qu&#8217;un simple choix esth\u00e9tique ; c&#8217;est aussi une mani\u00e8re efficace d&#8217;influencer positivement son \u00e9tat mental.<\/p>\n<p><img loading=\"lazy\" decoding=\"async\" class=\"lazyload articleImageSquare_CGEN\" height=\"400\" width=\"400\" src=\"https:\/\/www.belgae.be\/imageHolder\/\/wp-content\/uploads\/sites\/2\/2023\/07\/loading-spinner-belgae.gif\" data-src=\"https:\/\/www.belgae.be\/imageHolder\/\/wp-content\/uploads\/sites\/2\/2023\/08\/tmpow42evzd.jpg\" alt=\"tmpow42evzd\" \/><\/p>\n<h2 id=\"balise_8\">Porter la Couleur Or : Quelle Signification Spirituelle ? <\/h2>\n<p>Dans diverses cultures \u00e0 travers le monde, l&#8217;or rev\u00eat une profonde signification spirituelle. Il symbolise la puret\u00e9, l&#8217;\u00e9veil spirituel, la prosp\u00e9rit\u00e9 et la richesse &#8211; tant mat\u00e9rielle qu&#8217;\u00e9motionnelle. Aussi \u00e9voque-t-il une protection divine.<\/p>\n<p>L&#8217;introduction de cette couleur sacr\u00e9e dans votre garde-robe vous permet d&#8217;\u00e9tablir un lien personnel avec ces significations puissantes. L&#8217;or apporte une dimension suppl\u00e9mentaire \u00e0 votre style vestimentaire.<\/p>\n<p>Il est plus qu&#8217;une simple nuance attrayante ; il peut renforcer votre confiance en vous et enrichir vos interactions quotidiennes. Porter de l&#8217;or n&#8217;est pas seulement un choix stylistique mais aussi une affirmation personnelle des valeurs que vous ch\u00e9rissez.<\/p>\n<p>En fin de compte, incorporer l\u2019or dans votre tenue quotidienne est bien plus que suivre les tendances actuelles de mode. C\u2019est un moyen intime et personnel d\u2019honorer sa spiritualit\u00e9 tout en affirmant son individualit\u00e9.<\/p>\n<p><img loading=\"lazy\" decoding=\"async\" class=\"lazyload articleImageSquare_CGEN\" height=\"400\" width=\"400\" src=\"https:\/\/www.belgae.be\/imageHolder\/\/wp-content\/uploads\/sites\/2\/2023\/07\/loading-spinner-belgae.gif\" data-src=\"https:\/\/www.belgae.be\/imageHolder\/\/wp-content\/uploads\/sites\/2\/2023\/08\/tmp3yr4pvde.jpg\" alt=\"tmp3yr4pvde\" \/><\/p>\n<h2 id=\"balise_9\">Porter de l&#8217;Or en R\u00eave : Quelle est la Signification ? <\/h2>\n<p>Les r\u00eaves sont des royaumes myst\u00e9rieux o\u00f9 le symbolisme joue souvent un r\u00f4le principal. <\/p>\n<p>Si vous vous voyez porter ou observer quelqu&#8217;un porter de l&#8217;or dans un contexte de r\u00eave li\u00e9 \u00e0 des \u00e9motions positives comme la joie ou l&#8217;\u00e9panouissement, cela pourrait signifier une p\u00e9riode d&#8217;abondance ou de r\u00e9alisation imminente dans votre vie \u00e9veill\u00e9e.<\/p>\n<p>Cependant fascinants que puissent \u00eatre les r\u00eaves, il faut se souvenir que leurs interpr\u00e9tations varient d&#8217;une personne \u00e0 l&#8217;autre!<\/p>\n<p>Maintenant \u00e9quip\u00e9 avec des conseils sur comment porter la couleur or avec confiance dans diff\u00e9rents aspects de la vie &#8211; qu&#8217;il s&#8217;agisse du choix vestimentaire ou de comprendre ses significations plus profondes &#8211; avancez sans peur en brillant comme des rayons dor\u00e9s purs!<\/p>\n","protected":false},"excerpt":{"rendered":"<p>Pr\u00eat \u00e0 briller comme un diamant, ou mieux encore &#8211; de l&#8217;or ? Plongez dans le monde de la mode dor\u00e9e et d\u00e9couvrez ses effets psychologiques.<\/p>\n","protected":false},"author":1,"featured_media":5007,"comment_status":"open","ping_status":"closed","sticky":false,"template":"","format":"standard","meta":{"_acf_changed":false,"_et_pb_use_builder":"","_et_pb_old_content":"","_et_gb_content_width":"","footnotes":""},"categories":[38],"tags":[],"class_list":["post-2944","post","type-post","status-publish","format-standard","has-post-thumbnail","hentry","category-look-style"],"acf":[],"yoast_head":"<!-- This site is optimized with the Yoast SEO plugin v27.5 - https:\/\/yoast.com\/product\/yoast-seo-wordpress\/ -->\n<title>Porter du dor\u00e9 : combinaisons, psychologie, etc | Belgae<\/title>\n<meta name=\"robots\" content=\"index, follow, max-snippet:-1, max-image-preview:large, max-video-preview:-1\" \/>\n<link rel=\"canonical\" href=\"https:\/\/www.belgae.be\/fr\/blog\/portant-de-lor\/\" \/>\n<meta property=\"og:locale\" content=\"fr_FR\" \/>\n<meta property=\"og:type\" content=\"article\" \/>\n<meta property=\"og:title\" content=\"Porter du dor\u00e9 : combinaisons, psychologie, etc | Belgae\" \/>\n<meta property=\"og:description\" content=\"Pr\u00eat \u00e0 briller comme un diamant, ou mieux encore - de l&#039;or ? Plongez dans le monde de la mode dor\u00e9e et d\u00e9couvrez ses effets psychologiques.\" \/>\n<meta property=\"og:url\" content=\"https:\/\/www.belgae.be\/fr\/blog\/portant-de-lor\/\" \/>\n<meta property=\"og:site_name\" content=\"Belgae\" \/>\n<meta property=\"article:published_time\" content=\"2023-08-03T13:42:15+00:00\" \/>\n<meta property=\"article:modified_time\" content=\"2023-08-04T10:42:03+00:00\" \/>\n<meta name=\"author\" content=\"Cyril Gendarme\" \/>\n<meta name=\"twitter:card\" content=\"summary_large_image\" \/>\n<meta name=\"twitter:label1\" content=\"\u00c9crit par\" \/>\n\t<meta name=\"twitter:data1\" content=\"Cyril Gendarme\" \/>\n\t<meta name=\"twitter:label2\" content=\"Dur\u00e9e de lecture estim\u00e9e\" \/>\n\t<meta name=\"twitter:data2\" content=\"8 minutes\" \/>\n<script type=\"application\/ld+json\" class=\"yoast-schema-graph\">{\"@context\":\"https:\\\/\\\/schema.org\",\"@graph\":[{\"@type\":\"Article\",\"@id\":\"https:\\\/\\\/www.belgae.be\\\/fr\\\/blog\\\/portant-de-lor\\\/#article\",\"isPartOf\":{\"@id\":\"https:\\\/\\\/www.belgae.be\\\/fr\\\/blog\\\/portant-de-lor\\\/\"},\"author\":{\"name\":\"Cyril Gendarme\",\"@id\":\"https:\\\/\\\/www.belgae.be\\\/fr\\\/#\\\/schema\\\/person\\\/646b40b88212bc5335f9c4fa787df047\"},\"headline\":\"Porter du dor\u00e9 : combinaisons, psychologie, etc\",\"datePublished\":\"2023-08-03T13:42:15+00:00\",\"dateModified\":\"2023-08-04T10:42:03+00:00\",\"mainEntityOfPage\":{\"@id\":\"https:\\\/\\\/www.belgae.be\\\/fr\\\/blog\\\/portant-de-lor\\\/\"},\"wordCount\":1581,\"commentCount\":0,\"publisher\":{\"@id\":\"https:\\\/\\\/www.belgae.be\\\/fr\\\/#organization\"},\"image\":{\"@id\":\"https:\\\/\\\/www.belgae.be\\\/fr\\\/blog\\\/portant-de-lor\\\/#primaryimage\"},\"thumbnailUrl\":\"https:\\\/\\\/www.belgae.be\\\/fr\\\/wp-content\\\/uploads\\\/sites\\\/2\\\/2023\\\/08\\\/cyril_ge_miscellaneous_pieces_of_clothing_black_and_white_Franc_eaf49486-3963-411b-8204-9bebba448685.webp\",\"articleSection\":[\"Look &amp; Style\"],\"inLanguage\":\"fr-FR\",\"potentialAction\":[{\"@type\":\"CommentAction\",\"name\":\"Comment\",\"target\":[\"https:\\\/\\\/www.belgae.be\\\/fr\\\/blog\\\/portant-de-lor\\\/#respond\"]}]},{\"@type\":\"WebPage\",\"@id\":\"https:\\\/\\\/www.belgae.be\\\/fr\\\/blog\\\/portant-de-lor\\\/\",\"url\":\"https:\\\/\\\/www.belgae.be\\\/fr\\\/blog\\\/portant-de-lor\\\/\",\"name\":\"Porter du dor\u00e9 : combinaisons, psychologie, etc | Belgae\",\"isPartOf\":{\"@id\":\"https:\\\/\\\/www.belgae.be\\\/fr\\\/#website\"},\"primaryImageOfPage\":{\"@id\":\"https:\\\/\\\/www.belgae.be\\\/fr\\\/blog\\\/portant-de-lor\\\/#primaryimage\"},\"image\":{\"@id\":\"https:\\\/\\\/www.belgae.be\\\/fr\\\/blog\\\/portant-de-lor\\\/#primaryimage\"},\"thumbnailUrl\":\"https:\\\/\\\/www.belgae.be\\\/fr\\\/wp-content\\\/uploads\\\/sites\\\/2\\\/2023\\\/08\\\/cyril_ge_miscellaneous_pieces_of_clothing_black_and_white_Franc_eaf49486-3963-411b-8204-9bebba448685.webp\",\"datePublished\":\"2023-08-03T13:42:15+00:00\",\"dateModified\":\"2023-08-04T10:42:03+00:00\",\"breadcrumb\":{\"@id\":\"https:\\\/\\\/www.belgae.be\\\/fr\\\/blog\\\/portant-de-lor\\\/#breadcrumb\"},\"inLanguage\":\"fr-FR\",\"potentialAction\":[{\"@type\":\"ReadAction\",\"target\":[\"https:\\\/\\\/www.belgae.be\\\/fr\\\/blog\\\/portant-de-lor\\\/\"]}]},{\"@type\":\"ImageObject\",\"inLanguage\":\"fr-FR\",\"@id\":\"https:\\\/\\\/www.belgae.be\\\/fr\\\/blog\\\/portant-de-lor\\\/#primaryimage\",\"url\":\"https:\\\/\\\/www.belgae.be\\\/fr\\\/wp-content\\\/uploads\\\/sites\\\/2\\\/2023\\\/08\\\/cyril_ge_miscellaneous_pieces_of_clothing_black_and_white_Franc_eaf49486-3963-411b-8204-9bebba448685.webp\",\"contentUrl\":\"https:\\\/\\\/www.belgae.be\\\/fr\\\/wp-content\\\/uploads\\\/sites\\\/2\\\/2023\\\/08\\\/cyril_ge_miscellaneous_pieces_of_clothing_black_and_white_Franc_eaf49486-3963-411b-8204-9bebba448685.webp\"},{\"@type\":\"BreadcrumbList\",\"@id\":\"https:\\\/\\\/www.belgae.be\\\/fr\\\/blog\\\/portant-de-lor\\\/#breadcrumb\",\"itemListElement\":[{\"@type\":\"ListItem\",\"position\":1,\"name\":\"Accueil\",\"item\":\"https:\\\/\\\/www.belgae.be\\\/fr\\\/\"},{\"@type\":\"ListItem\",\"position\":2,\"name\":\"Porter du dor\u00e9 : combinaisons, psychologie, etc\"}]},{\"@type\":\"WebSite\",\"@id\":\"https:\\\/\\\/www.belgae.be\\\/fr\\\/#website\",\"url\":\"https:\\\/\\\/www.belgae.be\\\/fr\\\/\",\"name\":\"Belgae\",\"description\":\"Art &amp; Mode Belge\",\"publisher\":{\"@id\":\"https:\\\/\\\/www.belgae.be\\\/fr\\\/#organization\"},\"potentialAction\":[{\"@type\":\"SearchAction\",\"target\":{\"@type\":\"EntryPoint\",\"urlTemplate\":\"https:\\\/\\\/www.belgae.be\\\/fr\\\/?s={search_term_string}\"},\"query-input\":{\"@type\":\"PropertyValueSpecification\",\"valueRequired\":true,\"valueName\":\"search_term_string\"}}],\"inLanguage\":\"fr-FR\"},{\"@type\":\"Organization\",\"@id\":\"https:\\\/\\\/www.belgae.be\\\/fr\\\/#organization\",\"name\":\"Belgae\",\"url\":\"https:\\\/\\\/www.belgae.be\\\/fr\\\/\",\"logo\":{\"@type\":\"ImageObject\",\"inLanguage\":\"fr-FR\",\"@id\":\"https:\\\/\\\/www.belgae.be\\\/fr\\\/#\\\/schema\\\/logo\\\/image\\\/\",\"url\":\"https:\\\/\\\/www.belgae.be\\\/fr\\\/wp-content\\\/uploads\\\/sites\\\/2\\\/2023\\\/07\\\/Sans-titre1-Copie.png\",\"contentUrl\":\"https:\\\/\\\/www.belgae.be\\\/fr\\\/wp-content\\\/uploads\\\/sites\\\/2\\\/2023\\\/07\\\/Sans-titre1-Copie.png\",\"width\":88,\"height\":88,\"caption\":\"Belgae\"},\"image\":{\"@id\":\"https:\\\/\\\/www.belgae.be\\\/fr\\\/#\\\/schema\\\/logo\\\/image\\\/\"}},{\"@type\":\"Person\",\"@id\":\"https:\\\/\\\/www.belgae.be\\\/fr\\\/#\\\/schema\\\/person\\\/646b40b88212bc5335f9c4fa787df047\",\"name\":\"Cyril Gendarme\",\"sameAs\":[\"https:\\\/\\\/www.belgae.be\"],\"url\":\"https:\\\/\\\/www.belgae.be\\\/fr\\\/blog\\\/author\\\/cgen\\\/\"}]}<\/script>\n<!-- \/ Yoast SEO plugin. -->","yoast_head_json":{"title":"Porter du dor\u00e9 : combinaisons, psychologie, etc | Belgae","robots":{"index":"index","follow":"follow","max-snippet":"max-snippet:-1","max-image-preview":"max-image-preview:large","max-video-preview":"max-video-preview:-1"},"canonical":"https:\/\/www.belgae.be\/fr\/blog\/portant-de-lor\/","og_locale":"fr_FR","og_type":"article","og_title":"Porter du dor\u00e9 : combinaisons, psychologie, etc | Belgae","og_description":"Pr\u00eat \u00e0 briller comme un diamant, ou mieux encore - de l'or ? Plongez dans le monde de la mode dor\u00e9e et d\u00e9couvrez ses effets psychologiques.","og_url":"https:\/\/www.belgae.be\/fr\/blog\/portant-de-lor\/","og_site_name":"Belgae","article_published_time":"2023-08-03T13:42:15+00:00","article_modified_time":"2023-08-04T10:42:03+00:00","author":"Cyril Gendarme","twitter_card":"summary_large_image","twitter_misc":{"\u00c9crit par":"Cyril Gendarme","Dur\u00e9e de lecture estim\u00e9e":"8 minutes"},"schema":{"@context":"https:\/\/schema.org","@graph":[{"@type":"Article","@id":"https:\/\/www.belgae.be\/fr\/blog\/portant-de-lor\/#article","isPartOf":{"@id":"https:\/\/www.belgae.be\/fr\/blog\/portant-de-lor\/"},"author":{"name":"Cyril Gendarme","@id":"https:\/\/www.belgae.be\/fr\/#\/schema\/person\/646b40b88212bc5335f9c4fa787df047"},"headline":"Porter du dor\u00e9 : combinaisons, psychologie, etc","datePublished":"2023-08-03T13:42:15+00:00","dateModified":"2023-08-04T10:42:03+00:00","mainEntityOfPage":{"@id":"https:\/\/www.belgae.be\/fr\/blog\/portant-de-lor\/"},"wordCount":1581,"commentCount":0,"publisher":{"@id":"https:\/\/www.belgae.be\/fr\/#organization"},"image":{"@id":"https:\/\/www.belgae.be\/fr\/blog\/portant-de-lor\/#primaryimage"},"thumbnailUrl":"https:\/\/www.belgae.be\/fr\/wp-content\/uploads\/sites\/2\/2023\/08\/cyril_ge_miscellaneous_pieces_of_clothing_black_and_white_Franc_eaf49486-3963-411b-8204-9bebba448685.webp","articleSection":["Look &amp; Style"],"inLanguage":"fr-FR","potentialAction":[{"@type":"CommentAction","name":"Comment","target":["https:\/\/www.belgae.be\/fr\/blog\/portant-de-lor\/#respond"]}]},{"@type":"WebPage","@id":"https:\/\/www.belgae.be\/fr\/blog\/portant-de-lor\/","url":"https:\/\/www.belgae.be\/fr\/blog\/portant-de-lor\/","name":"Porter du dor\u00e9 : combinaisons, psychologie, etc | Belgae","isPartOf":{"@id":"https:\/\/www.belgae.be\/fr\/#website"},"primaryImageOfPage":{"@id":"https:\/\/www.belgae.be\/fr\/blog\/portant-de-lor\/#primaryimage"},"image":{"@id":"https:\/\/www.belgae.be\/fr\/blog\/portant-de-lor\/#primaryimage"},"thumbnailUrl":"https:\/\/www.belgae.be\/fr\/wp-content\/uploads\/sites\/2\/2023\/08\/cyril_ge_miscellaneous_pieces_of_clothing_black_and_white_Franc_eaf49486-3963-411b-8204-9bebba448685.webp","datePublished":"2023-08-03T13:42:15+00:00","dateModified":"2023-08-04T10:42:03+00:00","breadcrumb":{"@id":"https:\/\/www.belgae.be\/fr\/blog\/portant-de-lor\/#breadcrumb"},"inLanguage":"fr-FR","potentialAction":[{"@type":"ReadAction","target":["https:\/\/www.belgae.be\/fr\/blog\/portant-de-lor\/"]}]},{"@type":"ImageObject","inLanguage":"fr-FR","@id":"https:\/\/www.belgae.be\/fr\/blog\/portant-de-lor\/#primaryimage","url":"https:\/\/www.belgae.be\/fr\/wp-content\/uploads\/sites\/2\/2023\/08\/cyril_ge_miscellaneous_pieces_of_clothing_black_and_white_Franc_eaf49486-3963-411b-8204-9bebba448685.webp","contentUrl":"https:\/\/www.belgae.be\/fr\/wp-content\/uploads\/sites\/2\/2023\/08\/cyril_ge_miscellaneous_pieces_of_clothing_black_and_white_Franc_eaf49486-3963-411b-8204-9bebba448685.webp"},{"@type":"BreadcrumbList","@id":"https:\/\/www.belgae.be\/fr\/blog\/portant-de-lor\/#breadcrumb","itemListElement":[{"@type":"ListItem","position":1,"name":"Accueil","item":"https:\/\/www.belgae.be\/fr\/"},{"@type":"ListItem","position":2,"name":"Porter du dor\u00e9 : combinaisons, psychologie, etc"}]},{"@type":"WebSite","@id":"https:\/\/www.belgae.be\/fr\/#website","url":"https:\/\/www.belgae.be\/fr\/","name":"Belgae","description":"Art &amp; Mode Belge","publisher":{"@id":"https:\/\/www.belgae.be\/fr\/#organization"},"potentialAction":[{"@type":"SearchAction","target":{"@type":"EntryPoint","urlTemplate":"https:\/\/www.belgae.be\/fr\/?s={search_term_string}"},"query-input":{"@type":"PropertyValueSpecification","valueRequired":true,"valueName":"search_term_string"}}],"inLanguage":"fr-FR"},{"@type":"Organization","@id":"https:\/\/www.belgae.be\/fr\/#organization","name":"Belgae","url":"https:\/\/www.belgae.be\/fr\/","logo":{"@type":"ImageObject","inLanguage":"fr-FR","@id":"https:\/\/www.belgae.be\/fr\/#\/schema\/logo\/image\/","url":"https:\/\/www.belgae.be\/fr\/wp-content\/uploads\/sites\/2\/2023\/07\/Sans-titre1-Copie.png","contentUrl":"https:\/\/www.belgae.be\/fr\/wp-content\/uploads\/sites\/2\/2023\/07\/Sans-titre1-Copie.png","width":88,"height":88,"caption":"Belgae"},"image":{"@id":"https:\/\/www.belgae.be\/fr\/#\/schema\/logo\/image\/"}},{"@type":"Person","@id":"https:\/\/www.belgae.be\/fr\/#\/schema\/person\/646b40b88212bc5335f9c4fa787df047","name":"Cyril Gendarme","sameAs":["https:\/\/www.belgae.be"],"url":"https:\/\/www.belgae.be\/fr\/blog\/author\/cgen\/"}]}},"_links":{"self":[{"href":"https:\/\/www.belgae.be\/fr\/wp-json\/wp\/v2\/posts\/2944","targetHints":{"allow":["GET"]}}],"collection":[{"href":"https:\/\/www.belgae.be\/fr\/wp-json\/wp\/v2\/posts"}],"about":[{"href":"https:\/\/www.belgae.be\/fr\/wp-json\/wp\/v2\/types\/post"}],"author":[{"embeddable":true,"href":"https:\/\/www.belgae.be\/fr\/wp-json\/wp\/v2\/users\/1"}],"replies":[{"embeddable":true,"href":"https:\/\/www.belgae.be\/fr\/wp-json\/wp\/v2\/comments?post=2944"}],"version-history":[{"count":0,"href":"https:\/\/www.belgae.be\/fr\/wp-json\/wp\/v2\/posts\/2944\/revisions"}],"wp:featuredmedia":[{"embeddable":true,"href":"https:\/\/www.belgae.be\/fr\/wp-json\/"}],"wp:attachment":[{"href":"https:\/\/www.belgae.be\/fr\/wp-json\/wp\/v2\/media?parent=2944"}],"wp:term":[{"taxonomy":"category","embeddable":true,"href":"https:\/\/www.belgae.be\/fr\/wp-json\/wp\/v2\/categories?post=2944"},{"taxonomy":"post_tag","embeddable":true,"href":"https:\/\/www.belgae.be\/fr\/wp-json\/wp\/v2\/tags?post=2944"}],"curies":[{"name":"wp","href":"https:\/\/api.w.org\/{rel}","templated":true}]}}