{"id":2943,"date":"2023-08-03T13:42:00","date_gmt":"2023-08-03T13:42:00","guid":{"rendered":"https:\/\/www.belgae.be\/fr\/blog\/portant-du-cyan\/"},"modified":"2023-08-03T13:42:00","modified_gmt":"2023-08-03T13:42:00","slug":"portant-du-cyan","status":"publish","type":"post","link":"https:\/\/www.belgae.be\/fr\/blog\/portant-du-cyan\/","title":{"rendered":"Porter du cyan : combinaisons, psychologie, etc"},"content":{"rendered":"<p>Pr\u00e9parez-vous \u00e0 plonger dans le monde vibrant du cyan, une couleur loin d&#8217;\u00eatre timide ! <\/p>\n<p>Dans cet article, nous explorerons tout sur le port du cyan &#8211; ses combinaisons p\u00e9tillantes et sa psychologie intrigante.<\/p>\n<p>Pr\u00eat pour une aventure dans la mode ?<\/p>\n<p> Peignons votre garde-robe avec des nuances de cyan !<\/p>\n<section class=\"contentTable_table\">\n<p class=\"contentTable_title\">Table des mati\u00e8res : <\/p>\n<p class=\"contentTable_elem\"><a href=\"#balise_0\">1. Introduction : Comment Porter la Couleur Cyan ? <\/a><\/p>\n<p class=\"contentTable_elem\"><a href=\"#balise_1\">2. Quelle \u00e9motion est exprim\u00e9e en portant la couleur cyan ? <\/a><\/p>\n<p class=\"contentTable_elem\"><a href=\"#balise_2\">3. Associations : Quelles couleurs correspondent \u00e0 porter des v\u00eatements cyan ? <\/a><\/p>\n<p class=\"contentTable_elem\"><a href=\"#balise_3\">4. Quel teint s&#8217;accorde bien avec une tenue cyan ? <\/a><\/p>\n<p class=\"contentTable_elem\"><a href=\"#balise_4\">5. La Meilleure Saison Pour Porter la Couleur Cyan<\/a><\/p>\n<p class=\"contentTable_elem\"><a href=\"#balise_5\">6. Porter des Chaussures Cyan : Une Bonne Id\u00e9e ? <\/a><\/p>\n<p class=\"contentTable_elem\"><a href=\"#balise_6\">7. Faux Pas de la Mode : Erreurs Courantes \u00e0 \u00c9viter Lorsqu&#8217;on Porte du Cyan<\/a><\/p>\n<p class=\"contentTable_elem\"><a href=\"#balise_7\">8. L&#8217;impact du port de la couleur cyan sur notre psychologie<\/a><\/p>\n<p class=\"contentTable_elem\"><a href=\"#balise_8\">9. Porter la couleur Cyan : Quelle signification spirituelle ? <\/a><\/p>\n<p class=\"contentTable_elem\"><a href=\"#balise_9\">10. Je Portais la Couleur Cyan Dans un R\u00eave : Quelle en est la Signification ? <\/a><\/p>\n<\/section>\n<p><img loading=\"lazy\" decoding=\"async\" class=\"lazyload articleImageSquare_CGEN\" height=\"400\" width=\"400\" src=\"https:\/\/www.belgae.be\/imageHolder\/\/wp-content\/uploads\/sites\/2\/2023\/07\/loading-spinner-belgae.gif\" data-src=\"https:\/\/www.belgae.be\/imageHolder\/\/wp-content\/uploads\/sites\/2\/2023\/08\/tmp1wx4g12a.jpg\" alt=\"tmp1wx4g12a\" \/><\/p>\n<h2 id=\"balise_0\">Introduction : Comment Porter la Couleur Cyan ? <\/h2>\n<p>Pr\u00eat \u00e0 int\u00e9grer une touche de couleur vive \u00e0 votre garde-robe ?<\/p>\n<p> Ne cherchez pas plus loin que le cyan ! Cette nuance \u00e9poustouflante est s\u00fbre de faire tourner les t\u00eates et d&#8217;affirmer audacieusement votre style.<\/p>\n<p>Que vous d\u00e9couvriez cette teinte ou que vous soyez d\u00e9j\u00e0 fan, nous avons tous les conseils et astuces pour la porter avec assurance. <\/p>\n<p>Le cyan s&#8217;accorde parfaitement avec diverses tenues, apportant une sensation fra\u00eeche et dynamique. Il offre un contraste saisissant qui ne manquera pas d&#8217;attirer l&#8217;attention.<\/p>\n<p>N&#8217;h\u00e9sitez pas \u00e0 exp\u00e9rimenter diff\u00e9rentes combinaisons pour trouver celle qui correspond le mieux \u00e0 votre personnalit\u00e9 unique. Avec un peu de cr\u00e9ativit\u00e9, le cyan peut vraiment transformer vos looks quotidiens en quelque chose d&#8217;\u00e9blouissant !<\/p>\n<p>En r\u00e9sum\u00e9, adoptez le cyan pour donner vie \u00e0 vos tenues tout en faisant preuve d&#8217;une confiance incontestable dans votre sens du style.<\/p>\n<p><img loading=\"lazy\" decoding=\"async\" class=\"lazyload articleImageSquare_CGEN\" height=\"400\" width=\"400\" src=\"https:\/\/www.belgae.be\/imageHolder\/\/wp-content\/uploads\/sites\/2\/2023\/07\/loading-spinner-belgae.gif\" data-src=\"https:\/\/www.belgae.be\/imageHolder\/\/wp-content\/uploads\/sites\/2\/2023\/08\/tmphn9jypzh.jpg\" alt=\"tmphn9jypzh\" \/><\/p>\n<h2 id=\"balise_1\">Quelle \u00e9motion est exprim\u00e9e en portant la couleur cyan ? <\/h2>\n<p>Cyan est reconnu pour ses propri\u00e9t\u00e9s apaisantes et relaxantes. En portant cette couleur, des sentiments de tranquillit\u00e9, s\u00e9r\u00e9nit\u00e9 et relaxation peuvent \u00eatre \u00e9voqu\u00e9s. C&#8217;est comme poss\u00e9der une oasis personnelle en tout lieu!<\/p>\n<p>La teinte cyan a la capacit\u00e9 unique d&#8217;inspirer le calme int\u00e9rieur. Quand elle est adopt\u00e9e comme choix vestimentaire, elle peut v\u00e9hiculer un sentiment de paix profonde.<\/p>\n<p>De plus, l&#8217;aspect rafra\u00eechissant du cyan rappelle les images paisibles d&#8217;un lac tranquille ou d&#8217;un ciel bleu clair sans nuages.<\/p>\n<p>En somme, choisir le cyan c&#8217;est choisir un sanctuaire mobile qui vous accompagne partout o\u00f9 vous allez!<\/p>\n<p><img loading=\"lazy\" decoding=\"async\" class=\"lazyload articleImageSquare_CGEN\" height=\"400\" width=\"400\" src=\"https:\/\/www.belgae.be\/imageHolder\/\/wp-content\/uploads\/sites\/2\/2023\/07\/loading-spinner-belgae.gif\" data-src=\"https:\/\/www.belgae.be\/imageHolder\/\/wp-content\/uploads\/sites\/2\/2023\/08\/tmp2_1wo2il.jpg\" alt=\"tmp2_1wo2il\" \/><\/p>\n<h2 id=\"balise_2\">Associations : Quelles couleurs correspondent \u00e0 porter des v\u00eatements cyan ? <\/h2>\n<p>En mati\u00e8re d&#8217;association de couleurs avec des v\u00eatements cyan, les possibilit\u00e9s sont infinies! Pour un look accrocheur qui attire vraiment l&#8217;attention, essayez de combiner le cyan avec des nuances compl\u00e9mentaires comme le corail ou l&#8217;orange.<\/p>\n<p>Si vous pr\u00e9f\u00e9rez une approche plus subtile, optez pour des tons neutres comme le blanc ou le gris. Ils permettront au cyan de briller tout en ajoutant une touche de sophistication.<\/p>\n<p>N&#8217;h\u00e9sitez pas \u00e0 exp\u00e9rimenter et \u00e0 jouer avec diff\u00e9rentes combinaisons. Apr\u00e8s tout, la mode est avant tout un moyen d&#8217;expression personnelle!<\/p>\n<p>Rappelez-vous que peu importe ce que vous portez; c&#8217;est votre confiance et votre attitude qui font toute la diff\u00e9rence. Alors amusez-vous et n&#8217;h\u00e9sitez pas \u00e0 sortir des sentiers battus!<\/p>\n<p><img loading=\"lazy\" decoding=\"async\" class=\"lazyload articleImageSquare_CGEN\" height=\"400\" width=\"400\" src=\"https:\/\/www.belgae.be\/imageHolder\/\/wp-content\/uploads\/sites\/2\/2023\/07\/loading-spinner-belgae.gif\" data-src=\"https:\/\/www.belgae.be\/imageHolder\/\/wp-content\/uploads\/sites\/2\/2023\/08\/tmp4n3sjwmz.jpg\" alt=\"tmp4n3sjwmz\" \/><\/p>\n<h2 id=\"balise_3\">Quel teint s&#8217;accorde bien avec une tenue cyan ? <\/h2>\n<p>Porter du cyan pr\u00e9sente l&#8217;avantage de convenir \u00e0 diverses carnations de mani\u00e8re magnifique. Pour les peaux claires, le contraste entre la complexion et cette couleur vibrante procure un \u00e9clat \u00e9th\u00e9r\u00e9.<\/p>\n<p>Les personnes dot\u00e9es d&#8217;une peau m\u00e9dium ou olive peuvent accentuer leur chaleur naturelle en rev\u00eatant cette teinte. M\u00eame ceux avec des complexions plus fonc\u00e9es constateront que le port du cyan apporte une richesse et une profondeur \u00e0 leur apparence.<\/p>\n<p>Le choix du cyan est donc judicieux pour tous types de peau. Que vous cherchiez \u00e0 mettre en valeur votre teint clair, moyen ou fonc\u00e9, ce ton vibrant offre un effet visuellement attrayant qui ne manquera pas d&#8217;attirer l&#8217;attention.<\/p>\n<p>En somme, s&#8217;habiller en cyan est une strat\u00e9gie mode astucieuse permettant de sublimer toute vari\u00e9t\u00e9 de carnation cutan\u00e9e tout en ajoutant une touche dynamique et riche au look global.<\/p>\n<p><img loading=\"lazy\" decoding=\"async\" class=\"lazyload articleImageSquare_CGEN\" height=\"400\" width=\"400\" src=\"https:\/\/www.belgae.be\/imageHolder\/\/wp-content\/uploads\/sites\/2\/2023\/07\/loading-spinner-belgae.gif\" data-src=\"https:\/\/www.belgae.be\/imageHolder\/\/wp-content\/uploads\/sites\/2\/2023\/08\/tmpcpjiipn0.jpg\" alt=\"tmpcpjiipn\" \/><\/p>\n<h2 id=\"balise_4\">La Meilleure Saison Pour Porter la Couleur Cyan<\/h2>\n<p>Bien que porter n&#8217;importe quelle couleur ne soit jamais vraiment une erreur si elle vous fait vous sentir fabuleux, certaines saisons se pr\u00eatent particuli\u00e8rement bien \u00e0 l&#8217;exposition des nuances de cyan dans toute leur splendeur ! Le printemps semble taill\u00e9 sur mesure pour adopter des couleurs fra\u00eeches rappelant les fleurs en \u00e9closion ; l&#8217;\u00e9t\u00e9 appelle des palettes lumineuses refl\u00e9tant le ciel bleu clair, et l&#8217;automne offre une chance de se d\u00e9marquer contre les teintes chaudes de la nature. M\u00eame en hiver, porter du cyan peut servir de rappel joyeux des jours plus chauds.<\/p>\n<p>Les couleurs vives attirent le regard pendant les mois d&#8217;\u00e9t\u00e9. Les nuances \u00e9clatantes refl\u00e8tent parfaitement le ciel bleu sans nuages. Lorsque l&#8217;autumn arrive avec ses tons chauds et terreux, un contraste audacieux est cr\u00e9\u00e9 par ceux qui optent pour le cyan.<\/p>\n<p>Enfin, m\u00eame lorsque la temp\u00e9rature chute au c\u0153ur de l&#8217;hiver glacial, cette couleur reste optimiste. Porter du cyan donne un aper\u00e7u r\u00e9confortant des journ\u00e9es plus douces \u00e0 venir.<\/p>\n<p><img loading=\"lazy\" decoding=\"async\" class=\"lazyload articleImageSquare_CGEN\" height=\"400\" width=\"400\" src=\"https:\/\/www.belgae.be\/imageHolder\/\/wp-content\/uploads\/sites\/2\/2023\/07\/loading-spinner-belgae.gif\" data-src=\"https:\/\/www.belgae.be\/imageHolder\/\/wp-content\/uploads\/sites\/2\/2023\/08\/tmpo7wlt4q2.jpg\" alt=\"tmpo7wlt4q\" \/><\/p>\n<h2 id=\"balise_5\">Porter des Chaussures Cyan : Une Bonne Id\u00e9e ? <\/h2>\n<p>Absolument! Porter des chaussures cyan est une excellente mani\u00e8re d&#8217;ajouter une touche de couleur ludique \u00e0 toute tenue. Que vous portiez des baskets ou des talons, cette teinte vibrante rehaussera instantan\u00e9ment votre look du quotidien \u00e0 l&#8217;extraordinaire.<\/p>\n<p>Associez-les avec des tons neutres pour un impact maximal ou utilisez-les comme point central lors de la cr\u00e9ation d&#8217;ensembles audacieux et \u00e9clectiques. Cette nuance vivante offre non seulement un contraste frappant mais aussi un moyen unique d&#8217;affirmer votre style personnel.<\/p>\n<p>C&#8217;est l&#8217;accessoire parfait pour ceux qui cherchent \u00e0 se d\u00e9marquer parmi la foule. Les chaussures cyan sont polyvalentes, attrayantes et toujours en vogue. Alors n&#8217;h\u00e9sitez pas, faites le grand saut dans le monde color\u00e9 du cyan!<\/p>\n<p>En conclusion, les chaussures cyan sont plus qu&#8217;un simple accessoire mode &#8211; elles sont une affirmation de style audacieuse et vibrante qui ne manquera pas de faire tourner les t\u00eates!<\/p>\n<p><img loading=\"lazy\" decoding=\"async\" class=\"lazyload articleImageSquare_CGEN\" height=\"400\" width=\"400\" src=\"https:\/\/www.belgae.be\/imageHolder\/\/wp-content\/uploads\/sites\/2\/2023\/07\/loading-spinner-belgae.gif\" data-src=\"https:\/\/www.belgae.be\/imageHolder\/\/wp-content\/uploads\/sites\/2\/2023\/08\/tmpxj3xs_ph.jpg\" alt=\"tmpxj3xs_ph\" \/><\/p>\n<h2 id=\"balise_6\">Faux Pas de la Mode : Erreurs Courantes \u00e0 \u00c9viter Lorsqu&#8217;on Porte du Cyan<\/h2>\n<p>Bien que l&#8217;exp\u00e9rimentation et le style personnel soient encourag\u00e9s, il existe quelques erreurs de mode \u00e0 \u00e9viter lorsqu&#8217;on porte du cyan. Une erreur courante est d&#8217;en faire trop en incorporant trop de couleurs vives dans une seule tenue &#8211; n&#8217;oubliez pas que moins c&#8217;est souvent plus !<\/p>\n<p>De plus, faites attention aux nuances qui peuvent entrer en conflit avec la vivacit\u00e9 de vos v\u00eatements cyan ; au lieu de cela, optez pour des combinaisons harmonieuses qui mettent en valeur sa beaut\u00e9. <\/p>\n<p>Il est essentiel d&#8217;\u00e9quilibrer votre look pour obtenir un effet visuel attrayant sans \u00eatre accablant. Donc, lorsque vous choisissez des accessoires ou des pi\u00e8ces compl\u00e9mentaires pour votre tenue cyan, pensez \u00e0 leur impact sur l&#8217;apparence g\u00e9n\u00e9rale.<\/p>\n<p>En fin de compte, porter du cyan doit \u00eatre une exp\u00e9rience agr\u00e9able et amusante &#8211; alors profitez-en et exprimez-vous !<\/p>\n<p><img loading=\"lazy\" decoding=\"async\" class=\"lazyload articleImageSquare_CGEN\" height=\"400\" width=\"400\" src=\"https:\/\/www.belgae.be\/imageHolder\/\/wp-content\/uploads\/sites\/2\/2023\/07\/loading-spinner-belgae.gif\" data-src=\"https:\/\/www.belgae.be\/imageHolder\/\/wp-content\/uploads\/sites\/2\/2023\/08\/tmpxfxvcnf_.jpg\" alt=\"tmpxfxvcnf_\" \/><\/p>\n<h2 id=\"balise_7\">L&#8217;impact du port de la couleur cyan sur notre psychologie<\/h2>\n<p>Les couleurs ont des effets psychologiques sur notre humeur et nos \u00e9motions. C&#8217;est le cas du cyan ! Cette teinte sp\u00e9cifique favorise un sentiment de calme, de clart\u00e9 et d&#8217;harmonie en nous. Elle est reconnue pour diminuer les niveaux de stress tout en encourageant la d\u00e9tente et la concentration mentale.<\/p>\n<p>Non seulement vous aurez l&#8217;air fabuleux habill\u00e9 en cyan, mais vous vous sentirez \u00e9galement fantastique! Pensez \u00e0 cette couleur lors du choix de votre prochaine tenue. Son impact positif peut vraiment faire une diff\u00e9rence dans votre journ\u00e9e.<\/p>\n<p>N&#8217;h\u00e9sitez pas \u00e0 ajouter plus de cyan dans votre vie quotidienne. Que ce soit par le biais d&#8217;un v\u00eatement ou d&#8217;un \u00e9l\u00e9ment d\u00e9coratif chez soi, c&#8217;est une couleur qui a beaucoup \u00e0 offrir. Sa capacit\u00e9 \u00e0 apaiser l&#8217;esprit est r\u00e9ellement impressionnante.<\/p>\n<p>En fin compte, choisir le cyan peut \u00eatre b\u00e9n\u00e9fique pour bien plus que simplement am\u00e9liorer son apparence physique &#8211; il contribue aussi au bien-\u00eatre mental.<\/p>\n<p><img loading=\"lazy\" decoding=\"async\" class=\"lazyload articleImageSquare_CGEN\" height=\"400\" width=\"400\" src=\"https:\/\/www.belgae.be\/imageHolder\/\/wp-content\/uploads\/sites\/2\/2023\/07\/loading-spinner-belgae.gif\" data-src=\"https:\/\/www.belgae.be\/imageHolder\/\/wp-content\/uploads\/sites\/2\/2023\/08\/tmp8lw34hjz.jpg\" alt=\"tmp8lw34hjz\" \/><\/p>\n<h2 id=\"balise_8\">Porter la couleur Cyan : Quelle signification spirituelle ? <\/h2>\n<p>Dans les cercles spirituels, porter la couleur cyan symbolise la communication et l&#8217;expression de soi \u00e0 leur forme la plus pure. Cette nuance encourage un dialogue ouvert, tant en interne (avec soi-m\u00eame) qu&#8217;en externe (avec les autres). <\/p>\n<p>Arborer cette belle teinte peut aider \u00e0 aligner vos pens\u00e9es avec des intentions sinc\u00e8res tout en favorisant l&#8217;authenticit\u00e9 dans tous les aspects de la vie. C&#8217;est une fa\u00e7on d&#8217;affirmer son individualit\u00e9 et sa v\u00e9rit\u00e9 personnelle.<\/p>\n<p>La couleur cyan est \u00e9galement connue pour apporter une sensation d&#8217;apaisement et de tranquillit\u00e9. Elle a le pouvoir d&#8217;\u00e9quilibrer nos \u00e9nergies internes, nous permettant ainsi de naviguer dans notre parcours personnel avec confiance et assurance.<\/p>\n<p>En r\u00e9sum\u00e9, choisir le cyan comme couleur dominante dans votre garde-robe peut \u00eatre un moyen puissant pour renforcer votre expression personnelle et promouvoir une communication authentique.<\/p>\n<p><img loading=\"lazy\" decoding=\"async\" class=\"lazyload articleImageSquare_CGEN\" height=\"400\" width=\"400\" src=\"https:\/\/www.belgae.be\/imageHolder\/\/wp-content\/uploads\/sites\/2\/2023\/07\/loading-spinner-belgae.gif\" data-src=\"https:\/\/www.belgae.be\/imageHolder\/\/wp-content\/uploads\/sites\/2\/2023\/08\/tmpmxdap68x.jpg\" alt=\"tmpmxdap68x\" \/><\/p>\n<h2 id=\"balise_9\">Je Portais la Couleur Cyan Dans un R\u00eave : Quelle en est la Signification ? <\/h2>\n<p>Les r\u00eaves sont un domaine fascinant o\u00f9 notre subconscient communique souvent avec nous \u00e0 travers des symboles et des couleurs. Porter la couleur cyan dans votre r\u00eave pourrait symboliser un d\u00e9sir de tranquillit\u00e9, d&#8217;\u00e9quilibre \u00e9motionnel ou m\u00eame d&#8217;inspiration cr\u00e9ative.<\/p>\n<p>Cela peut \u00eatre une invitation \u00e0 explorer davantage ces aspects de vous-m\u00eame et \u00e0 embrasser l&#8217;\u00e9nergie apaisante que porte le cyan. Voil\u00e0 donc tout ce qu&#8217;il faut savoir sur le port du cyan! <\/p>\n<p>Cette teinte vibrante n&#8217;est pas seulement visuellement frappante mais rev\u00eat \u00e9galement une signification \u00e9motionnelle et spirituelle importante. Que vous cherchiez \u00e0 faire une d\u00e9claration de mode ou \u00e0 exploiter ses effets psychologiques, incorporer cette couleur dans votre garde-robe vous laissera sans aucun doute confiant, cool et pr\u00eat \u00e0 conqu\u00e9rir le monde!<\/p>\n","protected":false},"excerpt":{"rendered":"<p>Pr\u00e9parez-vous \u00e0 plonger dans le monde vibrant du cyan, une couleur loin d&#8217;\u00eatre timide !<\/p>\n","protected":false},"author":1,"featured_media":5006,"comment_status":"open","ping_status":"","sticky":false,"template":"","format":"standard","meta":{"_acf_changed":false,"_et_pb_use_builder":"","_et_pb_old_content":"","_et_gb_content_width":"","footnotes":""},"categories":[38],"tags":[],"class_list":["post-2943","post","type-post","status-publish","format-standard","has-post-thumbnail","hentry","category-look-style"],"acf":[],"yoast_head":"<!-- This site is optimized with the Yoast SEO plugin v27.5 - https:\/\/yoast.com\/product\/yoast-seo-wordpress\/ -->\n<title>Porter du cyan : combinaisons, psychologie, etc | Belgae<\/title>\n<meta name=\"robots\" content=\"index, follow, max-snippet:-1, max-image-preview:large, max-video-preview:-1\" \/>\n<link rel=\"canonical\" href=\"https:\/\/www.belgae.be\/fr\/blog\/portant-du-cyan\/\" \/>\n<meta property=\"og:locale\" content=\"fr_FR\" \/>\n<meta property=\"og:type\" content=\"article\" \/>\n<meta property=\"og:title\" content=\"Porter du cyan : combinaisons, psychologie, etc | Belgae\" \/>\n<meta property=\"og:description\" content=\"Pr\u00e9parez-vous \u00e0 plonger dans le monde vibrant du cyan, une couleur loin d&#039;\u00eatre timide !\" \/>\n<meta property=\"og:url\" content=\"https:\/\/www.belgae.be\/fr\/blog\/portant-du-cyan\/\" \/>\n<meta property=\"og:site_name\" content=\"Belgae\" \/>\n<meta property=\"article:published_time\" content=\"2023-08-03T13:42:00+00:00\" \/>\n<meta property=\"og:image\" content=\"https:\/\/www.belgae.be\/imageHolder\/\/wp-content\/uploads\/sites\/2\/2023\/07\/loading-spinner-belgae.gif\" \/>\n<meta name=\"author\" content=\"Cyril Gendarme\" \/>\n<meta name=\"twitter:card\" content=\"summary_large_image\" \/>\n<meta name=\"twitter:label1\" content=\"\u00c9crit par\" \/>\n\t<meta name=\"twitter:data1\" content=\"Cyril Gendarme\" \/>\n\t<meta name=\"twitter:label2\" content=\"Dur\u00e9e de lecture estim\u00e9e\" \/>\n\t<meta name=\"twitter:data2\" content=\"8 minutes\" \/>\n<script type=\"application\/ld+json\" class=\"yoast-schema-graph\">{\"@context\":\"https:\\\/\\\/schema.org\",\"@graph\":[{\"@type\":\"Article\",\"@id\":\"https:\\\/\\\/www.belgae.be\\\/fr\\\/blog\\\/portant-du-cyan\\\/#article\",\"isPartOf\":{\"@id\":\"https:\\\/\\\/www.belgae.be\\\/fr\\\/blog\\\/portant-du-cyan\\\/\"},\"author\":{\"name\":\"Cyril Gendarme\",\"@id\":\"https:\\\/\\\/www.belgae.be\\\/fr\\\/#\\\/schema\\\/person\\\/646b40b88212bc5335f9c4fa787df047\"},\"headline\":\"Porter du cyan : combinaisons, psychologie, etc\",\"datePublished\":\"2023-08-03T13:42:00+00:00\",\"mainEntityOfPage\":{\"@id\":\"https:\\\/\\\/www.belgae.be\\\/fr\\\/blog\\\/portant-du-cyan\\\/\"},\"wordCount\":1655,\"commentCount\":0,\"publisher\":{\"@id\":\"https:\\\/\\\/www.belgae.be\\\/fr\\\/#organization\"},\"image\":{\"@id\":\"https:\\\/\\\/www.belgae.be\\\/fr\\\/blog\\\/portant-du-cyan\\\/#primaryimage\"},\"thumbnailUrl\":\"https:\\\/\\\/www.belgae.be\\\/fr\\\/wp-content\\\/uploads\\\/sites\\\/2\\\/2023\\\/08\\\/cyril_ge_miscellaneous_pieces_of_clothing_Franco-Belgian_comic__e8f26b6c-7141-4c32-b9c0-c26504a2fabf.jpg\",\"articleSection\":[\"Look &amp; Style\"],\"inLanguage\":\"fr-FR\",\"potentialAction\":[{\"@type\":\"CommentAction\",\"name\":\"Comment\",\"target\":[\"https:\\\/\\\/www.belgae.be\\\/fr\\\/blog\\\/portant-du-cyan\\\/#respond\"]}]},{\"@type\":\"WebPage\",\"@id\":\"https:\\\/\\\/www.belgae.be\\\/fr\\\/blog\\\/portant-du-cyan\\\/\",\"url\":\"https:\\\/\\\/www.belgae.be\\\/fr\\\/blog\\\/portant-du-cyan\\\/\",\"name\":\"Porter du cyan : combinaisons, psychologie, etc | Belgae\",\"isPartOf\":{\"@id\":\"https:\\\/\\\/www.belgae.be\\\/fr\\\/#website\"},\"primaryImageOfPage\":{\"@id\":\"https:\\\/\\\/www.belgae.be\\\/fr\\\/blog\\\/portant-du-cyan\\\/#primaryimage\"},\"image\":{\"@id\":\"https:\\\/\\\/www.belgae.be\\\/fr\\\/blog\\\/portant-du-cyan\\\/#primaryimage\"},\"thumbnailUrl\":\"https:\\\/\\\/www.belgae.be\\\/fr\\\/wp-content\\\/uploads\\\/sites\\\/2\\\/2023\\\/08\\\/cyril_ge_miscellaneous_pieces_of_clothing_Franco-Belgian_comic__e8f26b6c-7141-4c32-b9c0-c26504a2fabf.jpg\",\"datePublished\":\"2023-08-03T13:42:00+00:00\",\"breadcrumb\":{\"@id\":\"https:\\\/\\\/www.belgae.be\\\/fr\\\/blog\\\/portant-du-cyan\\\/#breadcrumb\"},\"inLanguage\":\"fr-FR\",\"potentialAction\":[{\"@type\":\"ReadAction\",\"target\":[\"https:\\\/\\\/www.belgae.be\\\/fr\\\/blog\\\/portant-du-cyan\\\/\"]}]},{\"@type\":\"ImageObject\",\"inLanguage\":\"fr-FR\",\"@id\":\"https:\\\/\\\/www.belgae.be\\\/fr\\\/blog\\\/portant-du-cyan\\\/#primaryimage\",\"url\":\"https:\\\/\\\/www.belgae.be\\\/fr\\\/wp-content\\\/uploads\\\/sites\\\/2\\\/2023\\\/08\\\/cyril_ge_miscellaneous_pieces_of_clothing_Franco-Belgian_comic__e8f26b6c-7141-4c32-b9c0-c26504a2fabf.jpg\",\"contentUrl\":\"https:\\\/\\\/www.belgae.be\\\/fr\\\/wp-content\\\/uploads\\\/sites\\\/2\\\/2023\\\/08\\\/cyril_ge_miscellaneous_pieces_of_clothing_Franco-Belgian_comic__e8f26b6c-7141-4c32-b9c0-c26504a2fabf.jpg\"},{\"@type\":\"BreadcrumbList\",\"@id\":\"https:\\\/\\\/www.belgae.be\\\/fr\\\/blog\\\/portant-du-cyan\\\/#breadcrumb\",\"itemListElement\":[{\"@type\":\"ListItem\",\"position\":1,\"name\":\"Accueil\",\"item\":\"https:\\\/\\\/www.belgae.be\\\/fr\\\/\"},{\"@type\":\"ListItem\",\"position\":2,\"name\":\"Porter du cyan : combinaisons, psychologie, etc\"}]},{\"@type\":\"WebSite\",\"@id\":\"https:\\\/\\\/www.belgae.be\\\/fr\\\/#website\",\"url\":\"https:\\\/\\\/www.belgae.be\\\/fr\\\/\",\"name\":\"Belgae\",\"description\":\"Art &amp; Mode Belge\",\"publisher\":{\"@id\":\"https:\\\/\\\/www.belgae.be\\\/fr\\\/#organization\"},\"potentialAction\":[{\"@type\":\"SearchAction\",\"target\":{\"@type\":\"EntryPoint\",\"urlTemplate\":\"https:\\\/\\\/www.belgae.be\\\/fr\\\/?s={search_term_string}\"},\"query-input\":{\"@type\":\"PropertyValueSpecification\",\"valueRequired\":true,\"valueName\":\"search_term_string\"}}],\"inLanguage\":\"fr-FR\"},{\"@type\":\"Organization\",\"@id\":\"https:\\\/\\\/www.belgae.be\\\/fr\\\/#organization\",\"name\":\"Belgae\",\"url\":\"https:\\\/\\\/www.belgae.be\\\/fr\\\/\",\"logo\":{\"@type\":\"ImageObject\",\"inLanguage\":\"fr-FR\",\"@id\":\"https:\\\/\\\/www.belgae.be\\\/fr\\\/#\\\/schema\\\/logo\\\/image\\\/\",\"url\":\"https:\\\/\\\/www.belgae.be\\\/fr\\\/wp-content\\\/uploads\\\/sites\\\/2\\\/2023\\\/07\\\/Sans-titre1-Copie.png\",\"contentUrl\":\"https:\\\/\\\/www.belgae.be\\\/fr\\\/wp-content\\\/uploads\\\/sites\\\/2\\\/2023\\\/07\\\/Sans-titre1-Copie.png\",\"width\":88,\"height\":88,\"caption\":\"Belgae\"},\"image\":{\"@id\":\"https:\\\/\\\/www.belgae.be\\\/fr\\\/#\\\/schema\\\/logo\\\/image\\\/\"}},{\"@type\":\"Person\",\"@id\":\"https:\\\/\\\/www.belgae.be\\\/fr\\\/#\\\/schema\\\/person\\\/646b40b88212bc5335f9c4fa787df047\",\"name\":\"Cyril Gendarme\",\"sameAs\":[\"https:\\\/\\\/www.belgae.be\"],\"url\":\"https:\\\/\\\/www.belgae.be\\\/fr\\\/blog\\\/author\\\/cgen\\\/\"}]}<\/script>\n<!-- \/ Yoast SEO plugin. -->","yoast_head_json":{"title":"Porter du cyan : combinaisons, psychologie, etc | Belgae","robots":{"index":"index","follow":"follow","max-snippet":"max-snippet:-1","max-image-preview":"max-image-preview:large","max-video-preview":"max-video-preview:-1"},"canonical":"https:\/\/www.belgae.be\/fr\/blog\/portant-du-cyan\/","og_locale":"fr_FR","og_type":"article","og_title":"Porter du cyan : combinaisons, psychologie, etc | Belgae","og_description":"Pr\u00e9parez-vous \u00e0 plonger dans le monde vibrant du cyan, une couleur loin d'\u00eatre timide !","og_url":"https:\/\/www.belgae.be\/fr\/blog\/portant-du-cyan\/","og_site_name":"Belgae","article_published_time":"2023-08-03T13:42:00+00:00","og_image":[{"url":"https:\/\/www.belgae.be\/imageHolder\/\/wp-content\/uploads\/sites\/2\/2023\/07\/loading-spinner-belgae.gif","type":"","width":"","height":""}],"author":"Cyril Gendarme","twitter_card":"summary_large_image","twitter_misc":{"\u00c9crit par":"Cyril Gendarme","Dur\u00e9e de lecture estim\u00e9e":"8 minutes"},"schema":{"@context":"https:\/\/schema.org","@graph":[{"@type":"Article","@id":"https:\/\/www.belgae.be\/fr\/blog\/portant-du-cyan\/#article","isPartOf":{"@id":"https:\/\/www.belgae.be\/fr\/blog\/portant-du-cyan\/"},"author":{"name":"Cyril Gendarme","@id":"https:\/\/www.belgae.be\/fr\/#\/schema\/person\/646b40b88212bc5335f9c4fa787df047"},"headline":"Porter du cyan : combinaisons, psychologie, etc","datePublished":"2023-08-03T13:42:00+00:00","mainEntityOfPage":{"@id":"https:\/\/www.belgae.be\/fr\/blog\/portant-du-cyan\/"},"wordCount":1655,"commentCount":0,"publisher":{"@id":"https:\/\/www.belgae.be\/fr\/#organization"},"image":{"@id":"https:\/\/www.belgae.be\/fr\/blog\/portant-du-cyan\/#primaryimage"},"thumbnailUrl":"https:\/\/www.belgae.be\/fr\/wp-content\/uploads\/sites\/2\/2023\/08\/cyril_ge_miscellaneous_pieces_of_clothing_Franco-Belgian_comic__e8f26b6c-7141-4c32-b9c0-c26504a2fabf.jpg","articleSection":["Look &amp; Style"],"inLanguage":"fr-FR","potentialAction":[{"@type":"CommentAction","name":"Comment","target":["https:\/\/www.belgae.be\/fr\/blog\/portant-du-cyan\/#respond"]}]},{"@type":"WebPage","@id":"https:\/\/www.belgae.be\/fr\/blog\/portant-du-cyan\/","url":"https:\/\/www.belgae.be\/fr\/blog\/portant-du-cyan\/","name":"Porter du cyan : combinaisons, psychologie, etc | Belgae","isPartOf":{"@id":"https:\/\/www.belgae.be\/fr\/#website"},"primaryImageOfPage":{"@id":"https:\/\/www.belgae.be\/fr\/blog\/portant-du-cyan\/#primaryimage"},"image":{"@id":"https:\/\/www.belgae.be\/fr\/blog\/portant-du-cyan\/#primaryimage"},"thumbnailUrl":"https:\/\/www.belgae.be\/fr\/wp-content\/uploads\/sites\/2\/2023\/08\/cyril_ge_miscellaneous_pieces_of_clothing_Franco-Belgian_comic__e8f26b6c-7141-4c32-b9c0-c26504a2fabf.jpg","datePublished":"2023-08-03T13:42:00+00:00","breadcrumb":{"@id":"https:\/\/www.belgae.be\/fr\/blog\/portant-du-cyan\/#breadcrumb"},"inLanguage":"fr-FR","potentialAction":[{"@type":"ReadAction","target":["https:\/\/www.belgae.be\/fr\/blog\/portant-du-cyan\/"]}]},{"@type":"ImageObject","inLanguage":"fr-FR","@id":"https:\/\/www.belgae.be\/fr\/blog\/portant-du-cyan\/#primaryimage","url":"https:\/\/www.belgae.be\/fr\/wp-content\/uploads\/sites\/2\/2023\/08\/cyril_ge_miscellaneous_pieces_of_clothing_Franco-Belgian_comic__e8f26b6c-7141-4c32-b9c0-c26504a2fabf.jpg","contentUrl":"https:\/\/www.belgae.be\/fr\/wp-content\/uploads\/sites\/2\/2023\/08\/cyril_ge_miscellaneous_pieces_of_clothing_Franco-Belgian_comic__e8f26b6c-7141-4c32-b9c0-c26504a2fabf.jpg"},{"@type":"BreadcrumbList","@id":"https:\/\/www.belgae.be\/fr\/blog\/portant-du-cyan\/#breadcrumb","itemListElement":[{"@type":"ListItem","position":1,"name":"Accueil","item":"https:\/\/www.belgae.be\/fr\/"},{"@type":"ListItem","position":2,"name":"Porter du cyan : combinaisons, psychologie, etc"}]},{"@type":"WebSite","@id":"https:\/\/www.belgae.be\/fr\/#website","url":"https:\/\/www.belgae.be\/fr\/","name":"Belgae","description":"Art &amp; Mode Belge","publisher":{"@id":"https:\/\/www.belgae.be\/fr\/#organization"},"potentialAction":[{"@type":"SearchAction","target":{"@type":"EntryPoint","urlTemplate":"https:\/\/www.belgae.be\/fr\/?s={search_term_string}"},"query-input":{"@type":"PropertyValueSpecification","valueRequired":true,"valueName":"search_term_string"}}],"inLanguage":"fr-FR"},{"@type":"Organization","@id":"https:\/\/www.belgae.be\/fr\/#organization","name":"Belgae","url":"https:\/\/www.belgae.be\/fr\/","logo":{"@type":"ImageObject","inLanguage":"fr-FR","@id":"https:\/\/www.belgae.be\/fr\/#\/schema\/logo\/image\/","url":"https:\/\/www.belgae.be\/fr\/wp-content\/uploads\/sites\/2\/2023\/07\/Sans-titre1-Copie.png","contentUrl":"https:\/\/www.belgae.be\/fr\/wp-content\/uploads\/sites\/2\/2023\/07\/Sans-titre1-Copie.png","width":88,"height":88,"caption":"Belgae"},"image":{"@id":"https:\/\/www.belgae.be\/fr\/#\/schema\/logo\/image\/"}},{"@type":"Person","@id":"https:\/\/www.belgae.be\/fr\/#\/schema\/person\/646b40b88212bc5335f9c4fa787df047","name":"Cyril Gendarme","sameAs":["https:\/\/www.belgae.be"],"url":"https:\/\/www.belgae.be\/fr\/blog\/author\/cgen\/"}]}},"_links":{"self":[{"href":"https:\/\/www.belgae.be\/fr\/wp-json\/wp\/v2\/posts\/2943","targetHints":{"allow":["GET"]}}],"collection":[{"href":"https:\/\/www.belgae.be\/fr\/wp-json\/wp\/v2\/posts"}],"about":[{"href":"https:\/\/www.belgae.be\/fr\/wp-json\/wp\/v2\/types\/post"}],"author":[{"embeddable":true,"href":"https:\/\/www.belgae.be\/fr\/wp-json\/wp\/v2\/users\/1"}],"replies":[{"embeddable":true,"href":"https:\/\/www.belgae.be\/fr\/wp-json\/wp\/v2\/comments?post=2943"}],"version-history":[{"count":0,"href":"https:\/\/www.belgae.be\/fr\/wp-json\/wp\/v2\/posts\/2943\/revisions"}],"wp:featuredmedia":[{"embeddable":true,"href":"https:\/\/www.belgae.be\/fr\/wp-json\/"}],"wp:attachment":[{"href":"https:\/\/www.belgae.be\/fr\/wp-json\/wp\/v2\/media?parent=2943"}],"wp:term":[{"taxonomy":"category","embeddable":true,"href":"https:\/\/www.belgae.be\/fr\/wp-json\/wp\/v2\/categories?post=2943"},{"taxonomy":"post_tag","embeddable":true,"href":"https:\/\/www.belgae.be\/fr\/wp-json\/wp\/v2\/tags?post=2943"}],"curies":[{"name":"wp","href":"https:\/\/api.w.org\/{rel}","templated":true}]}}