{"id":2942,"date":"2023-08-03T13:41:45","date_gmt":"2023-08-03T13:41:45","guid":{"rendered":"https:\/\/www.belgae.be\/fr\/blog\/portant-du-magenta\/"},"modified":"2023-08-03T13:41:45","modified_gmt":"2023-08-03T13:41:45","slug":"portant-du-magenta","status":"publish","type":"post","link":"https:\/\/www.belgae.be\/fr\/blog\/portant-du-magenta\/","title":{"rendered":"Porter du magenta : combinaisons, psychologie, etc"},"content":{"rendered":"<p>Lib\u00e9rez votre fashionista int\u00e9rieure avec une touche de magenta ! Cet article explore la puissance, la psychologie et les combinaisons parfaites impliquant cette couleur audacieuse. <\/p>\n<p>Pr\u00e9parez-vous \u00e0 faire tourner les t\u00eates &#8211; il est temps de ma\u00eetriser l&#8217;art de porter du magenta.<\/p>\n<p>D\u00e9couvrez comment vous pouvez faire une d\u00e9claration sans dire un mot.<\/p>\n<section class=\"contentTable_table\">\n<p class=\"contentTable_title\">Table des mati\u00e8res : <\/p>\n<p class=\"contentTable_elem\"><a href=\"#balise_0\">1. Introduction : Comment porter la couleur magenta ? <\/a><\/p>\n<p class=\"contentTable_elem\"><a href=\"#balise_1\">2. Quelle \u00e9motion est exprim\u00e9e en portant la couleur magenta ? <\/a><\/p>\n<p class=\"contentTable_elem\"><a href=\"#balise_2\">3. Associations : Quelles couleurs se marient avec des v\u00eatements magenta ? <\/a><\/p>\n<p class=\"contentTable_elem\"><a href=\"#balise_3\">4. Quelle carnation s&#8217;accorde bien avec une tenue magenta ? <\/a><\/p>\n<p class=\"contentTable_elem\"><a href=\"#balise_4\">5. La Meilleure Saison pour Porter la Couleur Magenta<\/a><\/p>\n<p class=\"contentTable_elem\"><a href=\"#balise_5\">6. Porter des Chaussures Magenta : Une Bonne Id\u00e9e ? <\/a><\/p>\n<p class=\"contentTable_elem\"><a href=\"#balise_6\">7. Faux Pas de la Mode : Erreurs Communes \u00e0 \u00c9viter Lorsque Vous Portez du Magenta<\/a><\/p>\n<p class=\"contentTable_elem\"><a href=\"#balise_7\">8. L&#8217;Impact du Port de la Couleur Magenta sur notre Psychologie<\/a><\/p>\n<p class=\"contentTable_elem\"><a href=\"#balise_8\">9. Porter la Couleur Magenta Waring : Quelle Signification Spirituelle ? <\/a><\/p>\n<p class=\"contentTable_elem\"><a href=\"#balise_9\">10. Porter la couleur Magenta Waring dans un r\u00eave : Quelle est la signification ? <\/a><\/p>\n<\/section>\n<p><img loading=\"lazy\" decoding=\"async\" class=\"lazyload articleImageSquare_CGEN\" height=\"400\" width=\"400\" src=\"https:\/\/www.belgae.be\/imageHolder\/\/wp-content\/uploads\/sites\/2\/2023\/07\/loading-spinner-belgae.gif\" data-src=\"https:\/\/www.belgae.be\/imageHolder\/\/wp-content\/uploads\/sites\/2\/2023\/08\/tmp8tdlkzbk.jpg\" alt=\"tmp8tdlkzbk\" \/><\/p>\n<h2 id=\"balise_0\">Introduction : Comment porter la couleur magenta ? <\/h2>\n<p>Vous recherchez une couleur vibrante et accrocheuse pour ajouter un peu de pizzazz \u00e0 votre garde-robe ?<\/p>\n<p> Ne cherchez pas plus loin que le magenta ! Cette teinte audacieuse se situe exactement entre le rose et le violet sur le spectre des couleurs, d\u00e9gageant une \u00e9nergie puissante qui peut instantan\u00e9ment rehausser n&#8217;importe quelle tenue.<\/p>\n<p>Dans cet article de blog, nous allons explorer tout ce que vous devez savoir sur comment porter du magenta. De l&#8217;expression des \u00e9motions aux meilleures combinaisons possibles en passant par sa signification spirituelle.<\/p>\n<p>Le magenta est bien plus qu&#8217;une simple couleur. C&#8217;est un \u00e9tat d&#8217;esprit qui exprime la passion, l&#8217;\u00e9nergie et la confiance en soi. Il a \u00e9galement une signification spirituelle profonde li\u00e9e \u00e0 l&#8217;amour universel et la compassion.<\/p>\n<p>En termes de style vestimentaire, cette nuance peut \u00eatre associ\u00e9e avec succ\u00e8s \u00e0 diverses autres couleurs pour cr\u00e9er des looks saisissants. Qu&#8217;il s&#8217;agisse d&#8217;un accessoire ou d&#8217;une pi\u00e8ce principale dans votre ensemble, le magenta ne manquera pas de faire tourner les t\u00eates.<\/p>\n<p><img loading=\"lazy\" decoding=\"async\" class=\"lazyload articleImageSquare_CGEN\" height=\"400\" width=\"400\" src=\"https:\/\/www.belgae.be\/imageHolder\/\/wp-content\/uploads\/sites\/2\/2023\/07\/loading-spinner-belgae.gif\" data-src=\"https:\/\/www.belgae.be\/imageHolder\/\/wp-content\/uploads\/sites\/2\/2023\/08\/tmp53weq1__.jpg\" alt=\"tmp53weq1__\" \/><\/p>\n<h2 id=\"balise_1\">Quelle \u00e9motion est exprim\u00e9e en portant la couleur magenta ? <\/h2>\n<p>Magenta n&#8217;est pas pour les timides. Cette couleur rayonne de confiance, de cr\u00e9ativit\u00e9 et d&#8217;un sens in\u00e9branlable d&#8217;individualit\u00e9. Porter du magenta, c&#8217;est faire une d\u00e9claration &#8211; montrer au monde que l&#8217;on embrasse l&#8217;unicit\u00e9 tout en d\u00e9fiant les autres \u00e0 faire de m\u00eame.<\/p>\n<p>Alors que ce soit via une robe \u00e9poustouflante ou des accessoires aux \u00e9clats de magenta, pr\u00e9parez-vous \u00e0 attirer tous les regards o\u00f9 que vous alliez! Le magenta est audacieux et beau, un choix id\u00e9al pour ceux qui cherchent \u00e0 se d\u00e9marquer dans la foule.<\/p>\n<p>Cette couleur vibrant parle directement \u00e0 votre \u00e2me artistique. Elle invite chacun \u00e0 briser le moule et \u00eatre unique. Alors faites preuve d&#8217;audace aujourd&#8217;hui avec du magenta!<\/p>\n<p>La prochaine fois que vous aurez besoin d&#8217;une touche d&#8217;\u00e9clat dans votre vie quotidienne, pensez au magenta! C&#8217;est plus qu&#8217;une simple nuance sur le spectre des couleurs &#8211; c&#8217;est une affirmation personnelle forte qui ne passe jamais inaper\u00e7ue.<\/p>\n<p><img loading=\"lazy\" decoding=\"async\" class=\"lazyload articleImageSquare_CGEN\" height=\"400\" width=\"400\" src=\"https:\/\/www.belgae.be\/imageHolder\/\/wp-content\/uploads\/sites\/2\/2023\/07\/loading-spinner-belgae.gif\" data-src=\"https:\/\/www.belgae.be\/imageHolder\/\/wp-content\/uploads\/sites\/2\/2023\/08\/tmpyu05vbp2.jpg\" alt=\"tmpyu05vbp\" \/><\/p>\n<h2 id=\"balise_2\">Associations : Quelles couleurs se marient avec des v\u00eatements magenta ? <\/h2>\n<p>Bien que le magenta attire toute l&#8217;attention par lui-m\u00eame, sa combinaison avec des couleurs compl\u00e9mentaires cr\u00e9e des ensembles saisissants. Pour un look \u00e9l\u00e9gant, essayez de m\u00e9langer du noir ou du blanc avec une touche de magenta. Ces associations classiques feront crier votre tenue sophistication.<\/p>\n<p>Vous voulez quelque chose de plus audacieux?<\/p>\n<p> Optez pour des teintes contrastantes comme le sarcelle ou le jaune. Elles cr\u00e9ent des contrastes visuels dynamiques qui ne manquent pas d&#8217;\u00e9pater.<\/p>\n<p>Astuce mode : Le magenta et les couleurs vives sont vos alli\u00e9s pour cr\u00e9er une garde-robe impressionnante. Ne craignez pas d&#8217;exp\u00e9rimenter avec diff\u00e9rentes palettes; vous serez surpris par les r\u00e9sultats!<\/p>\n<p><img loading=\"lazy\" decoding=\"async\" class=\"lazyload articleImageSquare_CGEN\" height=\"400\" width=\"400\" src=\"https:\/\/www.belgae.be\/imageHolder\/\/wp-content\/uploads\/sites\/2\/2023\/07\/loading-spinner-belgae.gif\" data-src=\"https:\/\/www.belgae.be\/imageHolder\/\/wp-content\/uploads\/sites\/2\/2023\/08\/tmpd1r1t0x2.jpg\" alt=\"tmpd1r1t0x\" \/><\/p>\n<h2 id=\"balise_3\">Quelle carnation s&#8217;accorde bien avec une tenue magenta ? <\/h2>\n<p>L&#8217;un des avantages fantastiques du port de magentas est sa polyvalence sur diff\u00e9rentes couleurs de peau ! Que vous soyez une beaut\u00e9 \u00e0 la peau claire ou une diva au teint fonc\u00e9, tout le monde a sa nuance parfaite dans cette famille de couleurs. Les tons de peau plus clairs peuvent opter pour des variations pastel douces du magenta tandis que les complexions plus sombres portent sans effort des nuances plus profondes comme le fuchsia.<\/p>\n<p>La couleur magenta offre un \u00e9ventail impressionnant d&#8217;options adapt\u00e9es \u00e0 tous les types et toutes les nuances de peaux. Le choix entre une variation pastel douce ou un fuchsia vibrant peut rehausser votre look selon votre carnation. <\/p>\n<p>Cette palette vari\u00e9e permet aux personnes au teint clair comme aux personnes au teint fonc\u00e9 d&#8217;adopter avec confiance leur nuance pr\u00e9f\u00e9r\u00e9e dans cette gamme dynamique et versatile.<\/p>\n<p><img loading=\"lazy\" decoding=\"async\" class=\"lazyload articleImageSquare_CGEN\" height=\"400\" width=\"400\" src=\"https:\/\/www.belgae.be\/imageHolder\/\/wp-content\/uploads\/sites\/2\/2023\/07\/loading-spinner-belgae.gif\" data-src=\"https:\/\/www.belgae.be\/imageHolder\/\/wp-content\/uploads\/sites\/2\/2023\/08\/tmpdo71y06d.jpg\" alt=\"tmpdo71y06d\" \/><\/p>\n<h2 id=\"balise_4\">La Meilleure Saison pour Porter la Couleur Magenta<\/h2>\n<p>Magenta est particuli\u00e8rement \u00e9clatant pendant les mois les plus chauds, en faisant un choix id\u00e9al pour le printemps et l&#8217;\u00e9t\u00e9. Cette couleur vibre avec la floraison vibrante des fleurs et compl\u00e8te parfaitement le soleil brillant.<\/p>\n<p>Cependant, ne vous laissez pas limiter ! Avec son caract\u00e8re audacieux, le magenta peut ajouter une touche de chaleur m\u00eame pendant les saisons plus froides comme l&#8217;automne ou l&#8217;hiver lorsqu&#8217;il est associ\u00e9 judicieusement \u00e0 d&#8217;autres tons saisonniers. <\/p>\n<p>Le magenta se marie bien avec toutes les saisons. Son aspect audacieux fait ressortir la beaut\u00e9 naturelle qui nous entoure tout au long de l&#8217;ann\u00e9e. <\/p>\n<p>Ainsi, n&#8217;h\u00e9sitez pas \u00e0 int\u00e9grer cette couleur dans votre palette quelle que soit la p\u00e9riode de l\u2019ann\u00e9e.<\/p>\n<p><img loading=\"lazy\" decoding=\"async\" class=\"lazyload articleImageSquare_CGEN\" height=\"400\" width=\"400\" src=\"https:\/\/www.belgae.be\/imageHolder\/\/wp-content\/uploads\/sites\/2\/2023\/07\/loading-spinner-belgae.gif\" data-src=\"https:\/\/www.belgae.be\/imageHolder\/\/wp-content\/uploads\/sites\/2\/2023\/08\/tmpm4t7gtay.jpg\" alt=\"tmpm4t7gtay\" \/><\/p>\n<h2 id=\"balise_5\">Porter des Chaussures Magenta : Une Bonne Id\u00e9e ? <\/h2>\n<p>Absolument! Bien que les v\u00eatements soient souvent notre premi\u00e8re association avec le choix des couleurs, les chaussures sont un moyen fantastique d&#8217;incorporer du magenta dans votre tenue sans en faire trop. <\/p>\n<p>Que ce soit des escarpins, des baskets ou des bottes &#8211; le magenta ajoute cette touche inattendue \u00e0 n&#8217;importe quelle tenue tout en restant frais et \u00e0 la mode de la t\u00eate aux pieds.<\/p>\n<p>Les chaussures magentas peuvent vraiment faire une diff\u00e9rence. Elles ajoutent une dimension suppl\u00e9mentaire \u00e0 votre style, sans pour autant \u00eatre trop audacieuses ou d\u00e9cal\u00e9es.<\/p>\n<p>Donc si vous cherchez \u00e0 ajouter un peu de peps \u00e0 vos v\u00eatements habituels, pensez au magenta! C&#8217;est une couleur qui se marie bien avec presque tout et qui peut vraiment aider \u00e0 mettre en valeur vos meilleurs atouts.<\/p>\n<p><img loading=\"lazy\" decoding=\"async\" class=\"lazyload articleImageSquare_CGEN\" height=\"400\" width=\"400\" src=\"https:\/\/www.belgae.be\/imageHolder\/\/wp-content\/uploads\/sites\/2\/2023\/07\/loading-spinner-belgae.gif\" data-src=\"https:\/\/www.belgae.be\/imageHolder\/\/wp-content\/uploads\/sites\/2\/2023\/08\/tmpk5fm770h.jpg\" alt=\"tmpk5fm770h\" \/><\/p>\n<h2 id=\"balise_6\">Faux Pas de la Mode : Erreurs Communes \u00e0 \u00c9viter Lorsque Vous Portez du Magenta<\/h2>\n<p>Aussi brillamment que nous adorons porter du magenta, il y a certains pi\u00e8ges \u00e0 \u00e9viter. En faire trop en portant trop de cette nuance puissante en une seule fois pourrait plut\u00f4t \u00e9craser votre look au lieu de l&#8217;am\u00e9liorer ; la mod\u00e9ration est essentielle ici!<\/p>\n<p>De plus, des combinaisons discordantes ou le choix d&#8217;accessoires inappropri\u00e9s peuvent entraver plut\u00f4t qu&#8217;am\u00e9liorer votre jeu de style &#8211; alors trouvez un \u00e9quilibre entre audace et bon go\u00fbt pour un impact maximal! <\/p>\n<p>Il est donc crucial d&#8217;\u00e9viter ces erreurs courantes pour maximiser le potentiel du magenta dans vos tenues. Avec juste la bonne dose et les bons accessoires, vous pouvez transformer ce ton vibrant en une d\u00e9claration de mode puissante.<\/p>\n<p>En conclusion, bien que le magenta soit une couleur formidable avec beaucoup de punch, il doit \u00eatre utilis\u00e9 avec soin pour vraiment briller. Alors faites preuve de discernement dans vos choix vestimentaires et laissez le magenta faire son travail!<\/p>\n<p><img loading=\"lazy\" decoding=\"async\" class=\"lazyload articleImageSquare_CGEN\" height=\"400\" width=\"400\" src=\"https:\/\/www.belgae.be\/imageHolder\/\/wp-content\/uploads\/sites\/2\/2023\/07\/loading-spinner-belgae.gif\" data-src=\"https:\/\/www.belgae.be\/imageHolder\/\/wp-content\/uploads\/sites\/2\/2023\/08\/tmp1nl80nvh.jpg\" alt=\"tmp1nl80nvh\" \/><\/p>\n<h2 id=\"balise_7\">L&#8217;Impact du Port de la Couleur Magenta sur notre Psychologie<\/h2>\n<p>Les couleurs ont un immense pouvoir sur nos \u00e9motions et notre psychologie, y compris les magentas ! Des \u00e9tudes sugg\u00e8rent que porter cette teinte peut renforcer la confiance en soi tout en stimulant la cr\u00e9ativit\u00e9. Elle a \u00e9galement \u00e9t\u00e9 associ\u00e9e \u00e0 des sentiments de passion et de sensualit\u00e9 gr\u00e2ce \u00e0 sa proximit\u00e9 avec les rouges\/roses combin\u00e9e au charme myst\u00e9rieux du violet. Alors n&#8217;h\u00e9sitez pas \u2014 portez ces nuances avec assurance, sachant qu&#8217;elles influencent positivement aussi bien vous que ceux qui vous entourent !<\/p>\n<p>Enrichir son quotidien avec le magenta peut avoir un impact profond\u00e9ment positif. Non seulement cela am\u00e9liore l&#8217;estime de soi, mais cela nourrit \u00e9galement l&#8217;esprit d&#8217;innovation. Cette couleur vibrante est une alli\u00e9e pr\u00e9cieuse pour tous ceux qui cherchent \u00e0 dynamiser leur vie.<\/p>\n<p>La puissance du magenta ne se limite pas aux effets personnels ; elle affecte aussi ceux autour de nous. Porter ce ton vibrant permet non seulement d&#8217;amplifier son propre bien-\u00eatre, mais aussi d&#8217;influencer favorablement l&#8217;humeur des autres.<\/p>\n<p>Porter du magenta offre donc une double r\u00e9compense : c&#8217;est bon pour soi et b\u00e9n\u00e9fique pour autrui! Cela fait du choix de cette couleur audacieuse une d\u00e9cision v\u00e9ritablement gagnante-gagnante.<\/p>\n<p><img loading=\"lazy\" decoding=\"async\" class=\"lazyload articleImageSquare_CGEN\" height=\"400\" width=\"400\" src=\"https:\/\/www.belgae.be\/imageHolder\/\/wp-content\/uploads\/sites\/2\/2023\/07\/loading-spinner-belgae.gif\" data-src=\"https:\/\/www.belgae.be\/imageHolder\/\/wp-content\/uploads\/sites\/2\/2023\/08\/tmppbkfoy2q.jpg\" alt=\"tmppbkfoy2q\" \/><\/p>\n<h2 id=\"balise_8\">Porter la Couleur Magenta Waring : Quelle Signification Spirituelle ? <\/h2>\n<p>Au-del\u00e0 de son attrait visuel, le magenta rev\u00eat \u00e9galement une importance spirituelle. Souvent associ\u00e9 au chakra couronne &#8211; notre lien avec la conscience sup\u00e9rieure et la spiritualit\u00e9 &#8211; porter du magenta peut symboliser un profond sens de l&#8217;intuition et de l&#8217;illumination.<\/p>\n<p>Il nous encourage \u00e0 embrasser notre sagesse int\u00e9rieure tout en favorisant un \u00e9quilibre harmonieux entre l&#8217;esprit, le corps et l&#8217;\u00e2me. Le choix d&#8217;un v\u00eatement ou d&#8217;un accessoire en cette couleur peut indiquer une qu\u00eate personnelle pour plus de compr\u00e9hension et d&#8217;\u00e9panouissement dans ces domaines.<\/p>\n<p>Pour ceux qui cherchent \u00e0 renforcer leur connexion spirituelle, le magenta est un outil puissant. Il agit comme un catalyseur pour stimuler nos capacit\u00e9s intuitives, d\u00e9bloquer des niveaux plus \u00e9lev\u00e9s de conscience.<\/p>\n<p>En somme, porter du magenta n&#8217;est pas seulement une d\u00e9cision esth\u00e9tique; c&#8217;est aussi une affirmation forte sur votre cheminement personnel vers la r\u00e9alisation spirituelle.<\/p>\n<p><img loading=\"lazy\" decoding=\"async\" class=\"lazyload articleImageSquare_CGEN\" height=\"400\" width=\"400\" src=\"https:\/\/www.belgae.be\/imageHolder\/\/wp-content\/uploads\/sites\/2\/2023\/07\/loading-spinner-belgae.gif\" data-src=\"https:\/\/www.belgae.be\/imageHolder\/\/wp-content\/uploads\/sites\/2\/2023\/08\/tmpuasxgx82.jpg\" alt=\"tmpuasxgx\" \/><\/p>\n<h2 id=\"balise_9\">Porter la couleur Magenta Waring dans un r\u00eave : Quelle est la signification ? <\/h2>\n<p>Les r\u00eaves ont toujours suscit\u00e9 notre curiosit\u00e9 avec leurs messages cach\u00e9s ; il n&#8217;est donc pas \u00e9tonnant que m\u00eame le fait de r\u00eaver de porter du magenta ait un sens! De tels r\u00eaves pourraient indiquer une p\u00e9riode \u00e0 venir remplie de cr\u00e9ativit\u00e9 ou des moments o\u00f9 vous vous d\u00e9marquerez avec confiance. Pr\u00eatez attention \u00e0 ces r\u00eaves car ils pourraient \u00eatre votre subconscient qui vous incite \u00e0 embrasser vos qualit\u00e9s uniques!<\/p>\n<p>Et voil\u00e0, tout ce qu&#8217;il faut savoir sur le port du magenta! Alors allez-y, exp\u00e9rimentez sans peur et laissez cette couleur vibrante ajouter de l&#8217;excitation et de l&#8217;\u00e9nergie aussi bien dans vos choix vestimentaires que dans votre vie elle-m\u00eame.<\/p>\n<p>Am\u00e9liore la qualit\u00e9 du sommeil en pr\u00eatant attention aux messages cach\u00e9s dans les songes. Les visions nocturnes annon\u00e7ant une p\u00e9riode d\u2019explosion cr\u00e9ative ou une capacit\u00e9 accrue \u00e0 se distinguer sont souvent teint\u00e9es d\u2019une nuance vive comme le magenta.<\/p>\n<p>Comprendre la signification profonde des couleurs peut enrichir chaque aspect quotidien. Le vibrant magenta est plus qu&#8217;une simple couleur : c&#8217;est un catalyseur d&#8217;\u00e9nergie positive et audacieuse, capable d\u2019insuffler dynamisme et excitation tant dans les tenues quotidiennes que dans la vie en g\u00e9n\u00e9ral.<\/p>\n","protected":false},"excerpt":{"rendered":"<p>Lib\u00e9rez votre fashionista int\u00e9rieure avec une touche de magenta ! Cet article explore la puissance, la psychologie et les combinaisons parfaites impliquant cette couleur audacieuse.<\/p>\n","protected":false},"author":1,"featured_media":5005,"comment_status":"open","ping_status":"","sticky":false,"template":"","format":"standard","meta":{"_acf_changed":false,"_et_pb_use_builder":"","_et_pb_old_content":"","_et_gb_content_width":"","footnotes":""},"categories":[38],"tags":[],"class_list":["post-2942","post","type-post","status-publish","format-standard","has-post-thumbnail","hentry","category-look-style"],"acf":[],"yoast_head":"<!-- This site is optimized with the Yoast SEO plugin v27.5 - https:\/\/yoast.com\/product\/yoast-seo-wordpress\/ -->\n<title>Porter du magenta : combinaisons, psychologie, etc | Belgae<\/title>\n<meta name=\"robots\" content=\"index, follow, max-snippet:-1, max-image-preview:large, max-video-preview:-1\" \/>\n<link rel=\"canonical\" href=\"https:\/\/www.belgae.be\/fr\/blog\/portant-du-magenta\/\" \/>\n<meta property=\"og:locale\" content=\"fr_FR\" \/>\n<meta property=\"og:type\" content=\"article\" \/>\n<meta property=\"og:title\" content=\"Porter du magenta : combinaisons, psychologie, etc | Belgae\" \/>\n<meta property=\"og:description\" content=\"Lib\u00e9rez votre fashionista int\u00e9rieure avec une touche de magenta ! Cet article explore la puissance, la psychologie et les combinaisons parfaites impliquant cette couleur audacieuse.\" \/>\n<meta property=\"og:url\" content=\"https:\/\/www.belgae.be\/fr\/blog\/portant-du-magenta\/\" \/>\n<meta property=\"og:site_name\" content=\"Belgae\" \/>\n<meta property=\"article:published_time\" content=\"2023-08-03T13:41:45+00:00\" \/>\n<meta property=\"og:image\" content=\"https:\/\/www.belgae.be\/imageHolder\/\/wp-content\/uploads\/sites\/2\/2023\/07\/loading-spinner-belgae.gif\" \/>\n<meta name=\"author\" content=\"Cyril Gendarme\" \/>\n<meta name=\"twitter:card\" content=\"summary_large_image\" \/>\n<meta name=\"twitter:label1\" content=\"\u00c9crit par\" \/>\n\t<meta name=\"twitter:data1\" content=\"Cyril Gendarme\" \/>\n\t<meta name=\"twitter:label2\" content=\"Dur\u00e9e de lecture estim\u00e9e\" \/>\n\t<meta name=\"twitter:data2\" content=\"9 minutes\" \/>\n<script type=\"application\/ld+json\" class=\"yoast-schema-graph\">{\"@context\":\"https:\\\/\\\/schema.org\",\"@graph\":[{\"@type\":\"Article\",\"@id\":\"https:\\\/\\\/www.belgae.be\\\/fr\\\/blog\\\/portant-du-magenta\\\/#article\",\"isPartOf\":{\"@id\":\"https:\\\/\\\/www.belgae.be\\\/fr\\\/blog\\\/portant-du-magenta\\\/\"},\"author\":{\"name\":\"Cyril Gendarme\",\"@id\":\"https:\\\/\\\/www.belgae.be\\\/fr\\\/#\\\/schema\\\/person\\\/646b40b88212bc5335f9c4fa787df047\"},\"headline\":\"Porter du magenta : combinaisons, psychologie, etc\",\"datePublished\":\"2023-08-03T13:41:45+00:00\",\"mainEntityOfPage\":{\"@id\":\"https:\\\/\\\/www.belgae.be\\\/fr\\\/blog\\\/portant-du-magenta\\\/\"},\"wordCount\":1815,\"commentCount\":0,\"publisher\":{\"@id\":\"https:\\\/\\\/www.belgae.be\\\/fr\\\/#organization\"},\"image\":{\"@id\":\"https:\\\/\\\/www.belgae.be\\\/fr\\\/blog\\\/portant-du-magenta\\\/#primaryimage\"},\"thumbnailUrl\":\"https:\\\/\\\/www.belgae.be\\\/fr\\\/wp-content\\\/uploads\\\/sites\\\/2\\\/2023\\\/08\\\/cyril_ge_miscellaneous_pieces_of_clothing_black_and_white_Franc_67339df2-f7f8-43e0-b65c-5f84ce075d64-1.webp\",\"articleSection\":[\"Look &amp; Style\"],\"inLanguage\":\"fr-FR\",\"potentialAction\":[{\"@type\":\"CommentAction\",\"name\":\"Comment\",\"target\":[\"https:\\\/\\\/www.belgae.be\\\/fr\\\/blog\\\/portant-du-magenta\\\/#respond\"]}]},{\"@type\":\"WebPage\",\"@id\":\"https:\\\/\\\/www.belgae.be\\\/fr\\\/blog\\\/portant-du-magenta\\\/\",\"url\":\"https:\\\/\\\/www.belgae.be\\\/fr\\\/blog\\\/portant-du-magenta\\\/\",\"name\":\"Porter du magenta : combinaisons, psychologie, etc | Belgae\",\"isPartOf\":{\"@id\":\"https:\\\/\\\/www.belgae.be\\\/fr\\\/#website\"},\"primaryImageOfPage\":{\"@id\":\"https:\\\/\\\/www.belgae.be\\\/fr\\\/blog\\\/portant-du-magenta\\\/#primaryimage\"},\"image\":{\"@id\":\"https:\\\/\\\/www.belgae.be\\\/fr\\\/blog\\\/portant-du-magenta\\\/#primaryimage\"},\"thumbnailUrl\":\"https:\\\/\\\/www.belgae.be\\\/fr\\\/wp-content\\\/uploads\\\/sites\\\/2\\\/2023\\\/08\\\/cyril_ge_miscellaneous_pieces_of_clothing_black_and_white_Franc_67339df2-f7f8-43e0-b65c-5f84ce075d64-1.webp\",\"datePublished\":\"2023-08-03T13:41:45+00:00\",\"breadcrumb\":{\"@id\":\"https:\\\/\\\/www.belgae.be\\\/fr\\\/blog\\\/portant-du-magenta\\\/#breadcrumb\"},\"inLanguage\":\"fr-FR\",\"potentialAction\":[{\"@type\":\"ReadAction\",\"target\":[\"https:\\\/\\\/www.belgae.be\\\/fr\\\/blog\\\/portant-du-magenta\\\/\"]}]},{\"@type\":\"ImageObject\",\"inLanguage\":\"fr-FR\",\"@id\":\"https:\\\/\\\/www.belgae.be\\\/fr\\\/blog\\\/portant-du-magenta\\\/#primaryimage\",\"url\":\"https:\\\/\\\/www.belgae.be\\\/fr\\\/wp-content\\\/uploads\\\/sites\\\/2\\\/2023\\\/08\\\/cyril_ge_miscellaneous_pieces_of_clothing_black_and_white_Franc_67339df2-f7f8-43e0-b65c-5f84ce075d64-1.webp\",\"contentUrl\":\"https:\\\/\\\/www.belgae.be\\\/fr\\\/wp-content\\\/uploads\\\/sites\\\/2\\\/2023\\\/08\\\/cyril_ge_miscellaneous_pieces_of_clothing_black_and_white_Franc_67339df2-f7f8-43e0-b65c-5f84ce075d64-1.webp\"},{\"@type\":\"BreadcrumbList\",\"@id\":\"https:\\\/\\\/www.belgae.be\\\/fr\\\/blog\\\/portant-du-magenta\\\/#breadcrumb\",\"itemListElement\":[{\"@type\":\"ListItem\",\"position\":1,\"name\":\"Accueil\",\"item\":\"https:\\\/\\\/www.belgae.be\\\/fr\\\/\"},{\"@type\":\"ListItem\",\"position\":2,\"name\":\"Porter du magenta : combinaisons, psychologie, etc\"}]},{\"@type\":\"WebSite\",\"@id\":\"https:\\\/\\\/www.belgae.be\\\/fr\\\/#website\",\"url\":\"https:\\\/\\\/www.belgae.be\\\/fr\\\/\",\"name\":\"Belgae\",\"description\":\"Art &amp; Mode Belge\",\"publisher\":{\"@id\":\"https:\\\/\\\/www.belgae.be\\\/fr\\\/#organization\"},\"potentialAction\":[{\"@type\":\"SearchAction\",\"target\":{\"@type\":\"EntryPoint\",\"urlTemplate\":\"https:\\\/\\\/www.belgae.be\\\/fr\\\/?s={search_term_string}\"},\"query-input\":{\"@type\":\"PropertyValueSpecification\",\"valueRequired\":true,\"valueName\":\"search_term_string\"}}],\"inLanguage\":\"fr-FR\"},{\"@type\":\"Organization\",\"@id\":\"https:\\\/\\\/www.belgae.be\\\/fr\\\/#organization\",\"name\":\"Belgae\",\"url\":\"https:\\\/\\\/www.belgae.be\\\/fr\\\/\",\"logo\":{\"@type\":\"ImageObject\",\"inLanguage\":\"fr-FR\",\"@id\":\"https:\\\/\\\/www.belgae.be\\\/fr\\\/#\\\/schema\\\/logo\\\/image\\\/\",\"url\":\"https:\\\/\\\/www.belgae.be\\\/fr\\\/wp-content\\\/uploads\\\/sites\\\/2\\\/2023\\\/07\\\/Sans-titre1-Copie.png\",\"contentUrl\":\"https:\\\/\\\/www.belgae.be\\\/fr\\\/wp-content\\\/uploads\\\/sites\\\/2\\\/2023\\\/07\\\/Sans-titre1-Copie.png\",\"width\":88,\"height\":88,\"caption\":\"Belgae\"},\"image\":{\"@id\":\"https:\\\/\\\/www.belgae.be\\\/fr\\\/#\\\/schema\\\/logo\\\/image\\\/\"}},{\"@type\":\"Person\",\"@id\":\"https:\\\/\\\/www.belgae.be\\\/fr\\\/#\\\/schema\\\/person\\\/646b40b88212bc5335f9c4fa787df047\",\"name\":\"Cyril Gendarme\",\"sameAs\":[\"https:\\\/\\\/www.belgae.be\"],\"url\":\"https:\\\/\\\/www.belgae.be\\\/fr\\\/blog\\\/author\\\/cgen\\\/\"}]}<\/script>\n<!-- \/ Yoast SEO plugin. -->","yoast_head_json":{"title":"Porter du magenta : combinaisons, psychologie, etc | Belgae","robots":{"index":"index","follow":"follow","max-snippet":"max-snippet:-1","max-image-preview":"max-image-preview:large","max-video-preview":"max-video-preview:-1"},"canonical":"https:\/\/www.belgae.be\/fr\/blog\/portant-du-magenta\/","og_locale":"fr_FR","og_type":"article","og_title":"Porter du magenta : combinaisons, psychologie, etc | Belgae","og_description":"Lib\u00e9rez votre fashionista int\u00e9rieure avec une touche de magenta ! Cet article explore la puissance, la psychologie et les combinaisons parfaites impliquant cette couleur audacieuse.","og_url":"https:\/\/www.belgae.be\/fr\/blog\/portant-du-magenta\/","og_site_name":"Belgae","article_published_time":"2023-08-03T13:41:45+00:00","og_image":[{"url":"https:\/\/www.belgae.be\/imageHolder\/\/wp-content\/uploads\/sites\/2\/2023\/07\/loading-spinner-belgae.gif","type":"","width":"","height":""}],"author":"Cyril Gendarme","twitter_card":"summary_large_image","twitter_misc":{"\u00c9crit par":"Cyril Gendarme","Dur\u00e9e de lecture estim\u00e9e":"9 minutes"},"schema":{"@context":"https:\/\/schema.org","@graph":[{"@type":"Article","@id":"https:\/\/www.belgae.be\/fr\/blog\/portant-du-magenta\/#article","isPartOf":{"@id":"https:\/\/www.belgae.be\/fr\/blog\/portant-du-magenta\/"},"author":{"name":"Cyril Gendarme","@id":"https:\/\/www.belgae.be\/fr\/#\/schema\/person\/646b40b88212bc5335f9c4fa787df047"},"headline":"Porter du magenta : combinaisons, psychologie, etc","datePublished":"2023-08-03T13:41:45+00:00","mainEntityOfPage":{"@id":"https:\/\/www.belgae.be\/fr\/blog\/portant-du-magenta\/"},"wordCount":1815,"commentCount":0,"publisher":{"@id":"https:\/\/www.belgae.be\/fr\/#organization"},"image":{"@id":"https:\/\/www.belgae.be\/fr\/blog\/portant-du-magenta\/#primaryimage"},"thumbnailUrl":"https:\/\/www.belgae.be\/fr\/wp-content\/uploads\/sites\/2\/2023\/08\/cyril_ge_miscellaneous_pieces_of_clothing_black_and_white_Franc_67339df2-f7f8-43e0-b65c-5f84ce075d64-1.webp","articleSection":["Look &amp; Style"],"inLanguage":"fr-FR","potentialAction":[{"@type":"CommentAction","name":"Comment","target":["https:\/\/www.belgae.be\/fr\/blog\/portant-du-magenta\/#respond"]}]},{"@type":"WebPage","@id":"https:\/\/www.belgae.be\/fr\/blog\/portant-du-magenta\/","url":"https:\/\/www.belgae.be\/fr\/blog\/portant-du-magenta\/","name":"Porter du magenta : combinaisons, psychologie, etc | Belgae","isPartOf":{"@id":"https:\/\/www.belgae.be\/fr\/#website"},"primaryImageOfPage":{"@id":"https:\/\/www.belgae.be\/fr\/blog\/portant-du-magenta\/#primaryimage"},"image":{"@id":"https:\/\/www.belgae.be\/fr\/blog\/portant-du-magenta\/#primaryimage"},"thumbnailUrl":"https:\/\/www.belgae.be\/fr\/wp-content\/uploads\/sites\/2\/2023\/08\/cyril_ge_miscellaneous_pieces_of_clothing_black_and_white_Franc_67339df2-f7f8-43e0-b65c-5f84ce075d64-1.webp","datePublished":"2023-08-03T13:41:45+00:00","breadcrumb":{"@id":"https:\/\/www.belgae.be\/fr\/blog\/portant-du-magenta\/#breadcrumb"},"inLanguage":"fr-FR","potentialAction":[{"@type":"ReadAction","target":["https:\/\/www.belgae.be\/fr\/blog\/portant-du-magenta\/"]}]},{"@type":"ImageObject","inLanguage":"fr-FR","@id":"https:\/\/www.belgae.be\/fr\/blog\/portant-du-magenta\/#primaryimage","url":"https:\/\/www.belgae.be\/fr\/wp-content\/uploads\/sites\/2\/2023\/08\/cyril_ge_miscellaneous_pieces_of_clothing_black_and_white_Franc_67339df2-f7f8-43e0-b65c-5f84ce075d64-1.webp","contentUrl":"https:\/\/www.belgae.be\/fr\/wp-content\/uploads\/sites\/2\/2023\/08\/cyril_ge_miscellaneous_pieces_of_clothing_black_and_white_Franc_67339df2-f7f8-43e0-b65c-5f84ce075d64-1.webp"},{"@type":"BreadcrumbList","@id":"https:\/\/www.belgae.be\/fr\/blog\/portant-du-magenta\/#breadcrumb","itemListElement":[{"@type":"ListItem","position":1,"name":"Accueil","item":"https:\/\/www.belgae.be\/fr\/"},{"@type":"ListItem","position":2,"name":"Porter du magenta : combinaisons, psychologie, etc"}]},{"@type":"WebSite","@id":"https:\/\/www.belgae.be\/fr\/#website","url":"https:\/\/www.belgae.be\/fr\/","name":"Belgae","description":"Art &amp; Mode Belge","publisher":{"@id":"https:\/\/www.belgae.be\/fr\/#organization"},"potentialAction":[{"@type":"SearchAction","target":{"@type":"EntryPoint","urlTemplate":"https:\/\/www.belgae.be\/fr\/?s={search_term_string}"},"query-input":{"@type":"PropertyValueSpecification","valueRequired":true,"valueName":"search_term_string"}}],"inLanguage":"fr-FR"},{"@type":"Organization","@id":"https:\/\/www.belgae.be\/fr\/#organization","name":"Belgae","url":"https:\/\/www.belgae.be\/fr\/","logo":{"@type":"ImageObject","inLanguage":"fr-FR","@id":"https:\/\/www.belgae.be\/fr\/#\/schema\/logo\/image\/","url":"https:\/\/www.belgae.be\/fr\/wp-content\/uploads\/sites\/2\/2023\/07\/Sans-titre1-Copie.png","contentUrl":"https:\/\/www.belgae.be\/fr\/wp-content\/uploads\/sites\/2\/2023\/07\/Sans-titre1-Copie.png","width":88,"height":88,"caption":"Belgae"},"image":{"@id":"https:\/\/www.belgae.be\/fr\/#\/schema\/logo\/image\/"}},{"@type":"Person","@id":"https:\/\/www.belgae.be\/fr\/#\/schema\/person\/646b40b88212bc5335f9c4fa787df047","name":"Cyril Gendarme","sameAs":["https:\/\/www.belgae.be"],"url":"https:\/\/www.belgae.be\/fr\/blog\/author\/cgen\/"}]}},"_links":{"self":[{"href":"https:\/\/www.belgae.be\/fr\/wp-json\/wp\/v2\/posts\/2942","targetHints":{"allow":["GET"]}}],"collection":[{"href":"https:\/\/www.belgae.be\/fr\/wp-json\/wp\/v2\/posts"}],"about":[{"href":"https:\/\/www.belgae.be\/fr\/wp-json\/wp\/v2\/types\/post"}],"author":[{"embeddable":true,"href":"https:\/\/www.belgae.be\/fr\/wp-json\/wp\/v2\/users\/1"}],"replies":[{"embeddable":true,"href":"https:\/\/www.belgae.be\/fr\/wp-json\/wp\/v2\/comments?post=2942"}],"version-history":[{"count":0,"href":"https:\/\/www.belgae.be\/fr\/wp-json\/wp\/v2\/posts\/2942\/revisions"}],"wp:featuredmedia":[{"embeddable":true,"href":"https:\/\/www.belgae.be\/fr\/wp-json\/"}],"wp:attachment":[{"href":"https:\/\/www.belgae.be\/fr\/wp-json\/wp\/v2\/media?parent=2942"}],"wp:term":[{"taxonomy":"category","embeddable":true,"href":"https:\/\/www.belgae.be\/fr\/wp-json\/wp\/v2\/categories?post=2942"},{"taxonomy":"post_tag","embeddable":true,"href":"https:\/\/www.belgae.be\/fr\/wp-json\/wp\/v2\/tags?post=2942"}],"curies":[{"name":"wp","href":"https:\/\/api.w.org\/{rel}","templated":true}]}}