{"id":2941,"date":"2023-08-03T13:41:30","date_gmt":"2023-08-03T13:41:30","guid":{"rendered":"https:\/\/www.belgae.be\/fr\/blog\/portant-du-turquoise\/"},"modified":"2023-08-03T13:41:30","modified_gmt":"2023-08-03T13:41:30","slug":"portant-du-turquoise","status":"publish","type":"post","link":"https:\/\/www.belgae.be\/fr\/blog\/portant-du-turquoise\/","title":{"rendered":"Porter du turquoise : combinaisons, psychologie, etc"},"content":{"rendered":"<p>Plongez dans l&#8217;univers des couleurs avec nous alors que nous explorons le turquoise, une nuance qui fait sensation dans la mode. D\u00e9couvrez ses avantages psychologiques et apprenez \u00e0 la combiner \u00e9l\u00e9gamment pour un look inoubliable.<\/p>\n<p>Cette teinte vibrante n&#8217;est plus seulement r\u00e9serv\u00e9e aux sorties estivales \u00e0 la plage ! Elle a \u00e9volu\u00e9 pour devenir un incontournable des choix vestimentaires quotidiens. Alors d\u00e9couvrons ensemble tout ce qu&#8217;il y a \u00e0 savoir sur cette tonalit\u00e9 inspir\u00e9e des pierres pr\u00e9cieuses.<\/p>\n<section class=\"contentTable_table\">\n<p class=\"contentTable_title\">Table des mati\u00e8res : <\/p>\n<p class=\"contentTable_elem\"><a href=\"#balise_0\">1. Introduction : Comment Porter la Couleur Turquoise ? <\/a><\/p>\n<p class=\"contentTable_elem\"><a href=\"#balise_1\">2. Quelles \u00e9motions sont exprim\u00e9es en portant la couleur turquoise ? <\/a><\/p>\n<p class=\"contentTable_elem\"><a href=\"#balise_2\">3. Associations : Quelles Couleurs Correspondent \u00e0 Porter des V\u00eatements Turquoise ? <\/a><\/p>\n<p class=\"contentTable_elem\"><a href=\"#balise_3\">4. Quel teint s&#8217;accorde bien avec une tenue turquoise ? <\/a><\/p>\n<p class=\"contentTable_elem\"><a href=\"#balise_4\">5. La Meilleure Saison Pour Porter la Couleur Turquoise<\/a><\/p>\n<p class=\"contentTable_elem\"><a href=\"#balise_5\">6. Porter des Chaussures Turquoise : Une Bonne Id\u00e9e ? <\/a><\/p>\n<p class=\"contentTable_elem\"><a href=\"#balise_6\">7. Fautes de Mode : Erreurs Courantes \u00e0 \u00c9viter Lorsque Vous Portez du Turquoise<\/a><\/p>\n<p class=\"contentTable_elem\"><a href=\"#balise_7\">8. L&#8217;impact du port de la couleur turquoise sur notre psychologie<\/a><\/p>\n<p class=\"contentTable_elem\"><a href=\"#balise_8\">9. Porter la Couleur Turquoise : Quelle Signification Spirituelle cela-t-il? <\/a><\/p>\n<p class=\"contentTable_elem\"><a href=\"#balise_9\">10. J&#8217;ai Port\u00e9 la Couleur Turquoise dans un R\u00eave : Quelle en est la Signification ? <\/a><\/p>\n<\/section>\n<p><img loading=\"lazy\" decoding=\"async\" class=\"lazyload articleImageSquare_CGEN\" height=\"400\" width=\"400\" src=\"https:\/\/www.belgae.be\/imageHolder\/\/wp-content\/uploads\/sites\/2\/2023\/07\/loading-spinner-belgae.gif\" data-src=\"https:\/\/www.belgae.be\/imageHolder\/\/wp-content\/uploads\/sites\/2\/2023\/08\/tmpyd9jiacj.jpg\" alt=\"tmpyd9jiacj\" \/><\/p>\n<h2 id=\"balise_0\">Introduction : Comment Porter la Couleur Turquoise ? <\/h2>\n<p>Pr\u00eat \u00e0 affirmer votre style avec audace ?<\/p>\n<p> Ne cherchez pas plus loin que la couleur vibrante et captivante du turquoise ! Que ce soit dans les v\u00eatements, les accessoires ou m\u00eame les chaussures, porter du turquoise peut instantan\u00e9ment rehausser votre jeu de style. <\/p>\n<p>Mais comment adopter cette magnifique teinte sans en faire trop ?<\/p>\n<p> Plongeons dans quelques conseils pour ma\u00eetriser la tendance turquoise sans effort.<\/p>\n<p>Le choix d&#8217;un seul article de mode en turquoise est une approche s\u00fbre. Un sac \u00e0 main, une \u00e9charpe ou un bijou sont des options id\u00e9ales pour ajouter une touche de couleur vive.<\/p>\n<p>Assurez-vous cependant que le reste de vos tenues reste neutre. Cela garantira que le focus reste sur l&#8217;\u00e9l\u00e9ment turquoise.<\/p>\n<p>Pour ceux qui aiment prendre des risques, pourquoi ne pas opter pour une pi\u00e8ce statement comme un manteau ou un pantalon ?<\/p>\n<p> Le secret r\u00e9side dans l&#8217;\u00e9quilibre : gardez le reste simple et laissez la pi\u00e8ce phare briller.<\/p>\n<p><img loading=\"lazy\" decoding=\"async\" class=\"lazyload articleImageSquare_CGEN\" height=\"400\" width=\"400\" src=\"https:\/\/www.belgae.be\/imageHolder\/\/wp-content\/uploads\/sites\/2\/2023\/07\/loading-spinner-belgae.gif\" data-src=\"https:\/\/www.belgae.be\/imageHolder\/\/wp-content\/uploads\/sites\/2\/2023\/08\/tmphvbbzh5n.jpg\" alt=\"tmphvbbzh5n\" \/><\/p>\n<h2 id=\"balise_1\">Quelles \u00e9motions sont exprim\u00e9es en portant la couleur turquoise ? <\/h2>\n<p>Le turquoise apporte une bouff\u00e9e d&#8217;air frais \u00e0 votre garde-robe. Cette couleur envo\u00fbtante \u00e9voque des sentiments de tranquillit\u00e9, s\u00e9r\u00e9nit\u00e9 et optimisme. Elle d\u00e9gage une essence de calme tout en ajoutant une touche de vivacit\u00e9 \u00e0 toute tenue.<\/p>\n<p>Lorsqu&#8217;on se glisse dans quelque chose de turquoise, on se pr\u00e9pare \u00e0 diffuser la positivit\u00e9 partout o\u00f9 l&#8217;on va!<\/p>\n<p><img loading=\"lazy\" decoding=\"async\" class=\"lazyload articleImageSquare_CGEN\" height=\"400\" width=\"400\" src=\"https:\/\/www.belgae.be\/imageHolder\/\/wp-content\/uploads\/sites\/2\/2023\/07\/loading-spinner-belgae.gif\" data-src=\"https:\/\/www.belgae.be\/imageHolder\/\/wp-content\/uploads\/sites\/2\/2023\/08\/tmpuaz2bmff.jpg\" alt=\"tmpuaz2bmff\" \/><\/p>\n<h2 id=\"balise_2\">Associations : Quelles Couleurs Correspondent \u00e0 Porter des V\u00eatements Turquoise ? <\/h2>\n<p>En mati\u00e8re d&#8217;association de couleurs avec des pi\u00e8ces vestimentaires turquoise, les possibilit\u00e9s sont infinies! Pour un look rafra\u00eechissant qui ressort magnifiquement sur la teinte bleu-vert, optez pour du blanc pur ou des nuances d&#8217;ivoire.<\/p>\n<p>Si l&#8217;aventure vous tente et que vous voulez plus de contraste dans votre ensemble, essayez de combiner le turquoise avec du rose corail ou jaune soleil. Parlez d&#8217;une fa\u00e7on de faire tourner les t\u00eates!<\/p>\n<p>Les v\u00eatements en turquoise offrent une vari\u00e9t\u00e9 impressionnante. Le blanc \u00e9clatant et l&#8217;ivoire apportent un aspect frais et distinctif \u00e0 ces tenues.<\/p>\n<p>Et si on osait davantage?<\/p>\n<p> Le rose corail ou le jaune soleil associ\u00e9 au turquoise garantit un effet saisissant. C&#8217;est s\u00fbr, tous les regards seront riv\u00e9s sur vous!<\/p>\n<p><img loading=\"lazy\" decoding=\"async\" class=\"lazyload articleImageSquare_CGEN\" height=\"400\" width=\"400\" src=\"https:\/\/www.belgae.be\/imageHolder\/\/wp-content\/uploads\/sites\/2\/2023\/07\/loading-spinner-belgae.gif\" data-src=\"https:\/\/www.belgae.be\/imageHolder\/\/wp-content\/uploads\/sites\/2\/2023\/08\/tmpqpydmg8e.jpg\" alt=\"tmpqpydmg8e\" \/><\/p>\n<h2 id=\"balise_3\">Quel teint s&#8217;accorde bien avec une tenue turquoise ? <\/h2>\n<p>La beaut\u00e9 de porter du turquoise r\u00e9side dans sa capacit\u00e9 \u00e0 compl\u00e9menter parfaitement divers teints de peau. Des complexions porcelaine claires aux nuances d&#8217;olive profondes et tout ce qui se trouve entre les deux &#8211; chacun peut trouver son accord parfait au sein de cette palette polyvalente. N&#8217;h\u00e9sitez pas \u00e0 exp\u00e9rimenter ; embrassez la magie qui se produit lorsque votre teint rencontre cette nuance hypnotisante.<\/p>\n<p>Le pouvoir captivant du turquoise est universel, rendant chaque couleur de peau encore plus belle. Que vous soyez d&#8217;un ton ivoire d\u00e9licat ou que vous ayez une peau richement bronz\u00e9e, le turquoise ajoutera un \u00e9clat unique \u00e0 votre apparence. Osez \u00eatre audacieux ; laissez-vous envo\u00fbter par le charme irr\u00e9sistible du turquoise.<\/p>\n<p>Les possibilit\u00e9s sont infinies avec le turquoise comme choix vestimentaire principal ou accessoire color\u00e9. Il rehausse n&#8217;importe quel look avec une touche exotique inattendue et apporte un nouveau niveau d&#8217;\u00e9panouissement personnel gr\u00e2ce \u00e0 ses qualit\u00e9s m\u00e9tamorphiques incroyables.<\/p>\n<p><img loading=\"lazy\" decoding=\"async\" class=\"lazyload articleImageSquare_CGEN\" height=\"400\" width=\"400\" src=\"https:\/\/www.belgae.be\/imageHolder\/\/wp-content\/uploads\/sites\/2\/2023\/07\/loading-spinner-belgae.gif\" data-src=\"https:\/\/www.belgae.be\/imageHolder\/\/wp-content\/uploads\/sites\/2\/2023\/08\/tmpgsa_eqit.jpg\" alt=\"tmpgsa_eqit\" \/><\/p>\n<h2 id=\"balise_4\">La Meilleure Saison Pour Porter la Couleur Turquoise<\/h2>\n<p>Bien qu&#8217;il n&#8217;y ait pas de saison sp\u00e9cifique exclusivement d\u00e9di\u00e9e \u00e0 la couleur turquoise (apr\u00e8s tout, qui a besoin de r\u00e8gles ?<\/p>\n<p>), beaucoup associent cette teinte aux vibrations rafra\u00eechissantes du printemps et de l&#8217;\u00e9t\u00e9. <\/p>\n<p>Imaginez-vous fl\u00e2ner sur des plages sablonneuses ou participer \u00e0 des rassemblements en plein air anim\u00e9s &#8211; le turquoise capture sans effort l&#8217;essence m\u00eame de ces saisons ensoleill\u00e9es.<\/p>\n<p>L&#8217;utilisation audacieuse du turquoise peut apporter une bouff\u00e9e d&#8217;air frais dans n&#8217;importe quelle pi\u00e8ce, \u00e9voquant les eaux tropicales claires et les ciels bleus sans fin. Une v\u00e9ritable invitation au voyage.<\/p>\n<p>Que ce soit pour accessoiriser votre tenue estivale pr\u00e9f\u00e9r\u00e9e ou pour ajouter une touche exotique \u00e0 votre int\u00e9rieur, la couleur turquoise offre un m\u00e9lange parfait entre fra\u00eecheur et chaleur estivale.<\/p>\n<p>En somme, que vous soyez plut\u00f4t plage paradisiaque ou jardin luxuriant, laissez le charme op\u00e9rer avec cet irr\u00e9sistible appel au farniente que nous offre g\u00e9n\u00e9reusement la couleur turquoise.<\/p>\n<p><img loading=\"lazy\" decoding=\"async\" class=\"lazyload articleImageSquare_CGEN\" height=\"400\" width=\"400\" src=\"https:\/\/www.belgae.be\/imageHolder\/\/wp-content\/uploads\/sites\/2\/2023\/07\/loading-spinner-belgae.gif\" data-src=\"https:\/\/www.belgae.be\/imageHolder\/\/wp-content\/uploads\/sites\/2\/2023\/08\/tmp12k0g5r_.jpg\" alt=\"tmp12k0g5r_\" \/><\/p>\n<h2 id=\"balise_5\">Porter des Chaussures Turquoise : Une Bonne Id\u00e9e ? <\/h2>\n<p>Absolument! Porter des chaussures turquoise est une excellente m\u00e9thode pour ajouter une touche de personnalit\u00e9 \u00e0 votre tenue. Que vous optiez pour des sandales, des baskets, des talons ou des bottes dans cette nuance captivante, elles deviendront sans aucun doute un sujet de conversation partout o\u00f9 vous allez. Sortez avec confiance et laissez vos chaussures parler!<\/p>\n<p>La couleur turquoise attire l&#8217;attention et offre un contraste saisissant avec les tons neutres couramment utilis\u00e9s dans la mode. Elle apporte \u00e9galement une sensation rafra\u00eechissante lorsqu&#8217;elle est associ\u00e9e \u00e0 d&#8217;autres couleurs vives.<\/p>\n<p>Les accessoires comme les chaussures sont souvent n\u00e9glig\u00e9s lors du choix d&#8217;une tenue. Cependant, ils peuvent faire toute la diff\u00e9rence en ajoutant ce petit plus qui fait tourner les t\u00eates.<\/p>\n<p>En fin de compte, tout se r\u00e9sume au style personnel et aux pr\u00e9f\u00e9rences individuelles. Les chaussures turquoise peuvent \u00eatre audacieuses ou subtiles selon le reste de votre tenue.<\/p>\n<p><img loading=\"lazy\" decoding=\"async\" class=\"lazyload articleImageSquare_CGEN\" height=\"400\" width=\"400\" src=\"https:\/\/www.belgae.be\/imageHolder\/\/wp-content\/uploads\/sites\/2\/2023\/07\/loading-spinner-belgae.gif\" data-src=\"https:\/\/www.belgae.be\/imageHolder\/\/wp-content\/uploads\/sites\/2\/2023\/08\/tmp2_wcq04c.jpg\" alt=\"tmp2_wcq04c\" \/><\/p>\n<h2 id=\"balise_6\">Fautes de Mode : Erreurs Courantes \u00e0 \u00c9viter Lorsque Vous Portez du Turquoise<\/h2>\n<p>Porter du turquoise peut \u00eatre incroyablement \u00e9l\u00e9gant lorsqu&#8217;il est bien fait. Cependant, il y a quelques faux pas de la mode \u00e0 \u00e9viter. <\/p>\n<p>Une erreur courante consiste \u00e0 trop accessoiriser avec d&#8217;autres couleurs vives qui rivalisent pour attirer l&#8217;attention au lieu de compl\u00e9ter votre pi\u00e8ce turquoise. Il faut garder un \u00e9quilibre.<\/p>\n<p>Laissez cette teinte vibrante tenir le r\u00f4le principal tout en att\u00e9nuant les autres \u00e9l\u00e9ments. La clart\u00e9 et la simplicit\u00e9 sont essentielles pour que le turquoise puisse vraiment briller.<\/p>\n<p>Il ne faut jamais oublier que chaque couleur a sa propre signification et son propre impact visuel. Le turquoise n&#8217;est pas diff\u00e9rent.<\/p>\n<p>En fin de compte, porter du turquoise est une question d&#8217;\u00e9quilibre entre audace et discr\u00e9tion, entre dynamisme et tranquillit\u00e9.<\/p>\n<p>\u00c9vitez les erreurs courantes mentionn\u00e9es ci-dessus pour faire ressortir le meilleur de cette couleur magnifique.<\/p>\n<p><img loading=\"lazy\" decoding=\"async\" class=\"lazyload articleImageSquare_CGEN\" height=\"400\" width=\"400\" src=\"https:\/\/www.belgae.be\/imageHolder\/\/wp-content\/uploads\/sites\/2\/2023\/07\/loading-spinner-belgae.gif\" data-src=\"https:\/\/www.belgae.be\/imageHolder\/\/wp-content\/uploads\/sites\/2\/2023\/08\/tmp03y471vd.jpg\" alt=\"tmp03y471vd\" \/><\/p>\n<h2 id=\"balise_7\">L&#8217;impact du port de la couleur turquoise sur notre psychologie<\/h2>\n<p>Croyez-le ou non, les couleurs influencent notre humeur et nos \u00e9motions &#8211; le turquoise n&#8217;\u00e9chappe pas \u00e0 la r\u00e8gle! Cette nuance revigorante favorise la clart\u00e9, la cr\u00e9ativit\u00e9, l&#8217;\u00e9quilibre \u00e9motionnel et m\u00eame les comp\u00e9tences en communication. <\/p>\n<p>Donc, si vous \u00eates confront\u00e9 \u00e0 un blocage cr\u00e9atif ou si vous avez besoin d&#8217;un regain de confiance lors de discussions importantes &#8211; optez pour une tenue turquoise fabuleuse!<\/p>\n<p>En effet, le choix des couleurs peut avoir un impact significatif sur votre \u00e9tat d&#8217;esprit quotidien. Le turquoise est r\u00e9put\u00e9e pour son potentiel stimulant.<\/p>\n<p>Il ne s&#8217;agit pas seulement d&#8217;une couleur attrayante. Elle poss\u00e8de des qualit\u00e9s qui peuvent am\u00e9liorer votre bien-\u00eatre g\u00e9n\u00e9ral.<\/p>\n<p>Alors pourquoi ne pas essayer?<\/p>\n<p> Ajoutez une touche de turquoise dans votre vie et observez comment elle influence positivement vos journ\u00e9es!<\/p>\n<p><img loading=\"lazy\" decoding=\"async\" class=\"lazyload articleImageSquare_CGEN\" height=\"400\" width=\"400\" src=\"https:\/\/www.belgae.be\/imageHolder\/\/wp-content\/uploads\/sites\/2\/2023\/07\/loading-spinner-belgae.gif\" data-src=\"https:\/\/www.belgae.be\/imageHolder\/\/wp-content\/uploads\/sites\/2\/2023\/08\/tmpd20n7kig.jpg\" alt=\"tmpd20n7kig\" \/><\/p>\n<h2 id=\"balise_8\">Porter la Couleur Turquoise : Quelle Signification Spirituelle cela-t-il? <\/h2>\n<p>Au-del\u00e0 de son attrait esth\u00e9tique se cache une autre dimension : la signification spirituelle associ\u00e9e au port de la couleur turquoise. Dans diverses cultures du monde entier et \u00e0 travers l&#8217;histoire, cette teinte inspir\u00e9e par les gemmes a \u00e9t\u00e9 v\u00e9n\u00e9r\u00e9e comme un symbole de protection contre les \u00e9nergies n\u00e9gatives tout en favorisant l&#8217;harmonie int\u00e9rieure.<\/p>\n<p>La couleur turquoise porte en elle une richesse symbolique profonde. Elle est appr\u00e9ci\u00e9e pour sa beaut\u00e9 visuelle mais sa valeur d\u00e9passe largement le domaine esth\u00e9tique.<\/p>\n<p>Dans le monde entier, ce ton pr\u00e9cieux inspire respect et admiration. Il sert d&#8217;amulette protectrice, repoussant les forces n\u00e9fastes qui menacent notre bien-\u00eatre.<\/p>\n<p>En m\u00eame temps, il encourage un sentiment d&#8217;\u00e9quilibre et d&#8217;harmonie chez celui qui le porte. Cette harmonisation des \u00e9nergies internes renforce notre r\u00e9silience face aux d\u00e9fis quotidiens.<\/p>\n<p>Ainsi donc, choisir la couleur turquoise n&#8217;est pas qu&#8217;un choix stylistique ; c&#8217;est aussi embrasser une tradition ancestrale riche en symbolisme spirituel.<\/p>\n<p><img loading=\"lazy\" decoding=\"async\" class=\"lazyload articleImageSquare_CGEN\" height=\"400\" width=\"400\" src=\"https:\/\/www.belgae.be\/imageHolder\/\/wp-content\/uploads\/sites\/2\/2023\/07\/loading-spinner-belgae.gif\" data-src=\"https:\/\/www.belgae.be\/imageHolder\/\/wp-content\/uploads\/sites\/2\/2023\/08\/tmprl9y3swm.jpg\" alt=\"tmprl9y3swm\" \/><\/p>\n<h2 id=\"balise_9\">J&#8217;ai Port\u00e9 la Couleur Turquoise dans un R\u00eave : Quelle en est la Signification ? <\/h2>\n<p>Les r\u00eaves sont souvent porteurs de messages cach\u00e9s provenant de notre subconscient, y compris ceux o\u00f9 nous nous voyons orn\u00e9s en turquoise. Ce r\u00eave pourrait symboliser un d\u00e9sir d&#8217;\u00e9quilibre \u00e9motionnel, de croissance spirituelle ou m\u00eame d&#8217;entreprendre un voyage passionnant vers la d\u00e9couverte de soi. Accueillez le symbolisme et laissez-le vous guider vers des nouveaux d\u00e9parts.<\/p>\n<p>Voil\u00e0 donc une exploration approfondie du port de la couleur turquoise sous tous ses angles ! Arm\u00e9 d\u00e9sormais des connaissances sur sa polyvalence, les \u00e9motions qu&#8217;elle suscite et comment \u00e9viter les faux pas fashion &#8211; allez-y sans crainte et adoptez cette teinte captivante dans vos choix vestimentaires. Laissez votre style briller vivement comme l&#8217;eau vibrant en turquoise!<\/p>\n","protected":false},"excerpt":{"rendered":"<p>Plongez dans l&#8217;univers des couleurs avec nous alors que nous explorons le turquoise, une nuance qui fait sensation dans la mode.<\/p>\n","protected":false},"author":1,"featured_media":5004,"comment_status":"open","ping_status":"","sticky":false,"template":"","format":"standard","meta":{"_acf_changed":false,"_et_pb_use_builder":"","_et_pb_old_content":"","_et_gb_content_width":"","footnotes":""},"categories":[38],"tags":[],"class_list":["post-2941","post","type-post","status-publish","format-standard","has-post-thumbnail","hentry","category-look-style"],"acf":[],"yoast_head":"<!-- This site is optimized with the Yoast SEO plugin v27.5 - https:\/\/yoast.com\/product\/yoast-seo-wordpress\/ -->\n<title>Porter du turquoise : combinaisons, psychologie, etc | Belgae<\/title>\n<meta name=\"robots\" content=\"index, follow, max-snippet:-1, max-image-preview:large, max-video-preview:-1\" \/>\n<link rel=\"canonical\" href=\"https:\/\/www.belgae.be\/fr\/blog\/portant-du-turquoise\/\" \/>\n<meta property=\"og:locale\" content=\"fr_FR\" \/>\n<meta property=\"og:type\" content=\"article\" \/>\n<meta property=\"og:title\" content=\"Porter du turquoise : combinaisons, psychologie, etc | Belgae\" \/>\n<meta property=\"og:description\" content=\"Plongez dans l&#039;univers des couleurs avec nous alors que nous explorons le turquoise, une nuance qui fait sensation dans la mode.\" \/>\n<meta property=\"og:url\" content=\"https:\/\/www.belgae.be\/fr\/blog\/portant-du-turquoise\/\" \/>\n<meta property=\"og:site_name\" content=\"Belgae\" \/>\n<meta property=\"article:published_time\" content=\"2023-08-03T13:41:30+00:00\" \/>\n<meta property=\"og:image\" content=\"https:\/\/www.belgae.be\/imageHolder\/\/wp-content\/uploads\/sites\/2\/2023\/07\/loading-spinner-belgae.gif\" \/>\n<meta name=\"author\" content=\"Cyril Gendarme\" \/>\n<meta name=\"twitter:card\" content=\"summary_large_image\" \/>\n<meta name=\"twitter:label1\" content=\"\u00c9crit par\" \/>\n\t<meta name=\"twitter:data1\" content=\"Cyril Gendarme\" \/>\n\t<meta name=\"twitter:label2\" content=\"Dur\u00e9e de lecture estim\u00e9e\" \/>\n\t<meta name=\"twitter:data2\" content=\"8 minutes\" \/>\n<script type=\"application\/ld+json\" class=\"yoast-schema-graph\">{\"@context\":\"https:\\\/\\\/schema.org\",\"@graph\":[{\"@type\":\"Article\",\"@id\":\"https:\\\/\\\/www.belgae.be\\\/fr\\\/blog\\\/portant-du-turquoise\\\/#article\",\"isPartOf\":{\"@id\":\"https:\\\/\\\/www.belgae.be\\\/fr\\\/blog\\\/portant-du-turquoise\\\/\"},\"author\":{\"name\":\"Cyril Gendarme\",\"@id\":\"https:\\\/\\\/www.belgae.be\\\/fr\\\/#\\\/schema\\\/person\\\/646b40b88212bc5335f9c4fa787df047\"},\"headline\":\"Porter du turquoise : combinaisons, psychologie, etc\",\"datePublished\":\"2023-08-03T13:41:30+00:00\",\"mainEntityOfPage\":{\"@id\":\"https:\\\/\\\/www.belgae.be\\\/fr\\\/blog\\\/portant-du-turquoise\\\/\"},\"wordCount\":1679,\"commentCount\":0,\"publisher\":{\"@id\":\"https:\\\/\\\/www.belgae.be\\\/fr\\\/#organization\"},\"image\":{\"@id\":\"https:\\\/\\\/www.belgae.be\\\/fr\\\/blog\\\/portant-du-turquoise\\\/#primaryimage\"},\"thumbnailUrl\":\"https:\\\/\\\/www.belgae.be\\\/fr\\\/wp-content\\\/uploads\\\/sites\\\/2\\\/2023\\\/08\\\/cyril_ge_miscellaneous_pieces_of_clothing_black_and_white_Franc_1013d4dd-2db4-4f8a-8a00-b6d09f9ed209-1.webp\",\"articleSection\":[\"Look &amp; Style\"],\"inLanguage\":\"fr-FR\",\"potentialAction\":[{\"@type\":\"CommentAction\",\"name\":\"Comment\",\"target\":[\"https:\\\/\\\/www.belgae.be\\\/fr\\\/blog\\\/portant-du-turquoise\\\/#respond\"]}]},{\"@type\":\"WebPage\",\"@id\":\"https:\\\/\\\/www.belgae.be\\\/fr\\\/blog\\\/portant-du-turquoise\\\/\",\"url\":\"https:\\\/\\\/www.belgae.be\\\/fr\\\/blog\\\/portant-du-turquoise\\\/\",\"name\":\"Porter du turquoise : combinaisons, psychologie, etc | Belgae\",\"isPartOf\":{\"@id\":\"https:\\\/\\\/www.belgae.be\\\/fr\\\/#website\"},\"primaryImageOfPage\":{\"@id\":\"https:\\\/\\\/www.belgae.be\\\/fr\\\/blog\\\/portant-du-turquoise\\\/#primaryimage\"},\"image\":{\"@id\":\"https:\\\/\\\/www.belgae.be\\\/fr\\\/blog\\\/portant-du-turquoise\\\/#primaryimage\"},\"thumbnailUrl\":\"https:\\\/\\\/www.belgae.be\\\/fr\\\/wp-content\\\/uploads\\\/sites\\\/2\\\/2023\\\/08\\\/cyril_ge_miscellaneous_pieces_of_clothing_black_and_white_Franc_1013d4dd-2db4-4f8a-8a00-b6d09f9ed209-1.webp\",\"datePublished\":\"2023-08-03T13:41:30+00:00\",\"breadcrumb\":{\"@id\":\"https:\\\/\\\/www.belgae.be\\\/fr\\\/blog\\\/portant-du-turquoise\\\/#breadcrumb\"},\"inLanguage\":\"fr-FR\",\"potentialAction\":[{\"@type\":\"ReadAction\",\"target\":[\"https:\\\/\\\/www.belgae.be\\\/fr\\\/blog\\\/portant-du-turquoise\\\/\"]}]},{\"@type\":\"ImageObject\",\"inLanguage\":\"fr-FR\",\"@id\":\"https:\\\/\\\/www.belgae.be\\\/fr\\\/blog\\\/portant-du-turquoise\\\/#primaryimage\",\"url\":\"https:\\\/\\\/www.belgae.be\\\/fr\\\/wp-content\\\/uploads\\\/sites\\\/2\\\/2023\\\/08\\\/cyril_ge_miscellaneous_pieces_of_clothing_black_and_white_Franc_1013d4dd-2db4-4f8a-8a00-b6d09f9ed209-1.webp\",\"contentUrl\":\"https:\\\/\\\/www.belgae.be\\\/fr\\\/wp-content\\\/uploads\\\/sites\\\/2\\\/2023\\\/08\\\/cyril_ge_miscellaneous_pieces_of_clothing_black_and_white_Franc_1013d4dd-2db4-4f8a-8a00-b6d09f9ed209-1.webp\"},{\"@type\":\"BreadcrumbList\",\"@id\":\"https:\\\/\\\/www.belgae.be\\\/fr\\\/blog\\\/portant-du-turquoise\\\/#breadcrumb\",\"itemListElement\":[{\"@type\":\"ListItem\",\"position\":1,\"name\":\"Accueil\",\"item\":\"https:\\\/\\\/www.belgae.be\\\/fr\\\/\"},{\"@type\":\"ListItem\",\"position\":2,\"name\":\"Porter du turquoise : combinaisons, psychologie, etc\"}]},{\"@type\":\"WebSite\",\"@id\":\"https:\\\/\\\/www.belgae.be\\\/fr\\\/#website\",\"url\":\"https:\\\/\\\/www.belgae.be\\\/fr\\\/\",\"name\":\"Belgae\",\"description\":\"Art &amp; Mode Belge\",\"publisher\":{\"@id\":\"https:\\\/\\\/www.belgae.be\\\/fr\\\/#organization\"},\"potentialAction\":[{\"@type\":\"SearchAction\",\"target\":{\"@type\":\"EntryPoint\",\"urlTemplate\":\"https:\\\/\\\/www.belgae.be\\\/fr\\\/?s={search_term_string}\"},\"query-input\":{\"@type\":\"PropertyValueSpecification\",\"valueRequired\":true,\"valueName\":\"search_term_string\"}}],\"inLanguage\":\"fr-FR\"},{\"@type\":\"Organization\",\"@id\":\"https:\\\/\\\/www.belgae.be\\\/fr\\\/#organization\",\"name\":\"Belgae\",\"url\":\"https:\\\/\\\/www.belgae.be\\\/fr\\\/\",\"logo\":{\"@type\":\"ImageObject\",\"inLanguage\":\"fr-FR\",\"@id\":\"https:\\\/\\\/www.belgae.be\\\/fr\\\/#\\\/schema\\\/logo\\\/image\\\/\",\"url\":\"https:\\\/\\\/www.belgae.be\\\/fr\\\/wp-content\\\/uploads\\\/sites\\\/2\\\/2023\\\/07\\\/Sans-titre1-Copie.png\",\"contentUrl\":\"https:\\\/\\\/www.belgae.be\\\/fr\\\/wp-content\\\/uploads\\\/sites\\\/2\\\/2023\\\/07\\\/Sans-titre1-Copie.png\",\"width\":88,\"height\":88,\"caption\":\"Belgae\"},\"image\":{\"@id\":\"https:\\\/\\\/www.belgae.be\\\/fr\\\/#\\\/schema\\\/logo\\\/image\\\/\"}},{\"@type\":\"Person\",\"@id\":\"https:\\\/\\\/www.belgae.be\\\/fr\\\/#\\\/schema\\\/person\\\/646b40b88212bc5335f9c4fa787df047\",\"name\":\"Cyril Gendarme\",\"sameAs\":[\"https:\\\/\\\/www.belgae.be\"],\"url\":\"https:\\\/\\\/www.belgae.be\\\/fr\\\/blog\\\/author\\\/cgen\\\/\"}]}<\/script>\n<!-- \/ Yoast SEO plugin. -->","yoast_head_json":{"title":"Porter du turquoise : combinaisons, psychologie, etc | Belgae","robots":{"index":"index","follow":"follow","max-snippet":"max-snippet:-1","max-image-preview":"max-image-preview:large","max-video-preview":"max-video-preview:-1"},"canonical":"https:\/\/www.belgae.be\/fr\/blog\/portant-du-turquoise\/","og_locale":"fr_FR","og_type":"article","og_title":"Porter du turquoise : combinaisons, psychologie, etc | Belgae","og_description":"Plongez dans l'univers des couleurs avec nous alors que nous explorons le turquoise, une nuance qui fait sensation dans la mode.","og_url":"https:\/\/www.belgae.be\/fr\/blog\/portant-du-turquoise\/","og_site_name":"Belgae","article_published_time":"2023-08-03T13:41:30+00:00","og_image":[{"url":"https:\/\/www.belgae.be\/imageHolder\/\/wp-content\/uploads\/sites\/2\/2023\/07\/loading-spinner-belgae.gif","type":"","width":"","height":""}],"author":"Cyril Gendarme","twitter_card":"summary_large_image","twitter_misc":{"\u00c9crit par":"Cyril Gendarme","Dur\u00e9e de lecture estim\u00e9e":"8 minutes"},"schema":{"@context":"https:\/\/schema.org","@graph":[{"@type":"Article","@id":"https:\/\/www.belgae.be\/fr\/blog\/portant-du-turquoise\/#article","isPartOf":{"@id":"https:\/\/www.belgae.be\/fr\/blog\/portant-du-turquoise\/"},"author":{"name":"Cyril Gendarme","@id":"https:\/\/www.belgae.be\/fr\/#\/schema\/person\/646b40b88212bc5335f9c4fa787df047"},"headline":"Porter du turquoise : combinaisons, psychologie, etc","datePublished":"2023-08-03T13:41:30+00:00","mainEntityOfPage":{"@id":"https:\/\/www.belgae.be\/fr\/blog\/portant-du-turquoise\/"},"wordCount":1679,"commentCount":0,"publisher":{"@id":"https:\/\/www.belgae.be\/fr\/#organization"},"image":{"@id":"https:\/\/www.belgae.be\/fr\/blog\/portant-du-turquoise\/#primaryimage"},"thumbnailUrl":"https:\/\/www.belgae.be\/fr\/wp-content\/uploads\/sites\/2\/2023\/08\/cyril_ge_miscellaneous_pieces_of_clothing_black_and_white_Franc_1013d4dd-2db4-4f8a-8a00-b6d09f9ed209-1.webp","articleSection":["Look &amp; Style"],"inLanguage":"fr-FR","potentialAction":[{"@type":"CommentAction","name":"Comment","target":["https:\/\/www.belgae.be\/fr\/blog\/portant-du-turquoise\/#respond"]}]},{"@type":"WebPage","@id":"https:\/\/www.belgae.be\/fr\/blog\/portant-du-turquoise\/","url":"https:\/\/www.belgae.be\/fr\/blog\/portant-du-turquoise\/","name":"Porter du turquoise : combinaisons, psychologie, etc | Belgae","isPartOf":{"@id":"https:\/\/www.belgae.be\/fr\/#website"},"primaryImageOfPage":{"@id":"https:\/\/www.belgae.be\/fr\/blog\/portant-du-turquoise\/#primaryimage"},"image":{"@id":"https:\/\/www.belgae.be\/fr\/blog\/portant-du-turquoise\/#primaryimage"},"thumbnailUrl":"https:\/\/www.belgae.be\/fr\/wp-content\/uploads\/sites\/2\/2023\/08\/cyril_ge_miscellaneous_pieces_of_clothing_black_and_white_Franc_1013d4dd-2db4-4f8a-8a00-b6d09f9ed209-1.webp","datePublished":"2023-08-03T13:41:30+00:00","breadcrumb":{"@id":"https:\/\/www.belgae.be\/fr\/blog\/portant-du-turquoise\/#breadcrumb"},"inLanguage":"fr-FR","potentialAction":[{"@type":"ReadAction","target":["https:\/\/www.belgae.be\/fr\/blog\/portant-du-turquoise\/"]}]},{"@type":"ImageObject","inLanguage":"fr-FR","@id":"https:\/\/www.belgae.be\/fr\/blog\/portant-du-turquoise\/#primaryimage","url":"https:\/\/www.belgae.be\/fr\/wp-content\/uploads\/sites\/2\/2023\/08\/cyril_ge_miscellaneous_pieces_of_clothing_black_and_white_Franc_1013d4dd-2db4-4f8a-8a00-b6d09f9ed209-1.webp","contentUrl":"https:\/\/www.belgae.be\/fr\/wp-content\/uploads\/sites\/2\/2023\/08\/cyril_ge_miscellaneous_pieces_of_clothing_black_and_white_Franc_1013d4dd-2db4-4f8a-8a00-b6d09f9ed209-1.webp"},{"@type":"BreadcrumbList","@id":"https:\/\/www.belgae.be\/fr\/blog\/portant-du-turquoise\/#breadcrumb","itemListElement":[{"@type":"ListItem","position":1,"name":"Accueil","item":"https:\/\/www.belgae.be\/fr\/"},{"@type":"ListItem","position":2,"name":"Porter du turquoise : combinaisons, psychologie, etc"}]},{"@type":"WebSite","@id":"https:\/\/www.belgae.be\/fr\/#website","url":"https:\/\/www.belgae.be\/fr\/","name":"Belgae","description":"Art &amp; Mode Belge","publisher":{"@id":"https:\/\/www.belgae.be\/fr\/#organization"},"potentialAction":[{"@type":"SearchAction","target":{"@type":"EntryPoint","urlTemplate":"https:\/\/www.belgae.be\/fr\/?s={search_term_string}"},"query-input":{"@type":"PropertyValueSpecification","valueRequired":true,"valueName":"search_term_string"}}],"inLanguage":"fr-FR"},{"@type":"Organization","@id":"https:\/\/www.belgae.be\/fr\/#organization","name":"Belgae","url":"https:\/\/www.belgae.be\/fr\/","logo":{"@type":"ImageObject","inLanguage":"fr-FR","@id":"https:\/\/www.belgae.be\/fr\/#\/schema\/logo\/image\/","url":"https:\/\/www.belgae.be\/fr\/wp-content\/uploads\/sites\/2\/2023\/07\/Sans-titre1-Copie.png","contentUrl":"https:\/\/www.belgae.be\/fr\/wp-content\/uploads\/sites\/2\/2023\/07\/Sans-titre1-Copie.png","width":88,"height":88,"caption":"Belgae"},"image":{"@id":"https:\/\/www.belgae.be\/fr\/#\/schema\/logo\/image\/"}},{"@type":"Person","@id":"https:\/\/www.belgae.be\/fr\/#\/schema\/person\/646b40b88212bc5335f9c4fa787df047","name":"Cyril Gendarme","sameAs":["https:\/\/www.belgae.be"],"url":"https:\/\/www.belgae.be\/fr\/blog\/author\/cgen\/"}]}},"_links":{"self":[{"href":"https:\/\/www.belgae.be\/fr\/wp-json\/wp\/v2\/posts\/2941","targetHints":{"allow":["GET"]}}],"collection":[{"href":"https:\/\/www.belgae.be\/fr\/wp-json\/wp\/v2\/posts"}],"about":[{"href":"https:\/\/www.belgae.be\/fr\/wp-json\/wp\/v2\/types\/post"}],"author":[{"embeddable":true,"href":"https:\/\/www.belgae.be\/fr\/wp-json\/wp\/v2\/users\/1"}],"replies":[{"embeddable":true,"href":"https:\/\/www.belgae.be\/fr\/wp-json\/wp\/v2\/comments?post=2941"}],"version-history":[{"count":0,"href":"https:\/\/www.belgae.be\/fr\/wp-json\/wp\/v2\/posts\/2941\/revisions"}],"wp:featuredmedia":[{"embeddable":true,"href":"https:\/\/www.belgae.be\/fr\/wp-json\/"}],"wp:attachment":[{"href":"https:\/\/www.belgae.be\/fr\/wp-json\/wp\/v2\/media?parent=2941"}],"wp:term":[{"taxonomy":"category","embeddable":true,"href":"https:\/\/www.belgae.be\/fr\/wp-json\/wp\/v2\/categories?post=2941"},{"taxonomy":"post_tag","embeddable":true,"href":"https:\/\/www.belgae.be\/fr\/wp-json\/wp\/v2\/tags?post=2941"}],"curies":[{"name":"wp","href":"https:\/\/api.w.org\/{rel}","templated":true}]}}