{"id":2940,"date":"2023-08-03T13:41:14","date_gmt":"2023-08-03T13:41:14","guid":{"rendered":"https:\/\/www.belgae.be\/fr\/blog\/portant-du-gris\/"},"modified":"2023-08-03T13:41:14","modified_gmt":"2023-08-03T13:41:14","slug":"portant-du-gris","status":"publish","type":"post","link":"https:\/\/www.belgae.be\/fr\/blog\/portant-du-gris\/","title":{"rendered":"Porter du gris : combinaisons, psychologie, etc"},"content":{"rendered":"<p>Lib\u00e9rez la puissance du port du gris ! Ce n&#8217;est pas simplement une autre couleur ; c&#8217;est une d\u00e9claration, une attitude. Plongez dans cet article et d\u00e9couvrez comment ma\u00eetriser les combinaisons avec le gris, comprendre sa psychologie, et plus encore.<\/p>\n<p>Des vibrations m\u00e9tropolitaines chic aux esth\u00e9tiques minimalistes &#8211; apprenez pourquoi le gris est devenu un tel pr\u00e9curseur dans les cercles de la mode.<\/p>\n<p>Faire tourner les t\u00eates tout en restant confortable ?<\/p>\n<p> Absolument possible. Pr\u00e9parez-vous \u00e0 recevoir une inspiration stylistique s\u00e9rieuse qui transformera votre garde-robe pour toujours.<\/p>\n<section class=\"contentTable_table\">\n<p class=\"contentTable_title\">Table des mati\u00e8res : <\/p>\n<p class=\"contentTable_elem\"><a href=\"#balise_0\">1. Introduction : Comment Porter la Couleur Grise ? <\/a><\/p>\n<p class=\"contentTable_elem\"><a href=\"#balise_1\">2. Quelles \u00e9motions sont exprim\u00e9es en portant la couleur grise ? <\/a><\/p>\n<p class=\"contentTable_elem\"><a href=\"#balise_2\">3. Associations : Quelles couleurs s&#8217;accordent avec le port de v\u00eatements gris ? <\/a><\/p>\n<p class=\"contentTable_elem\"><a href=\"#balise_3\">4. Quel teint s&#8217;accorde bien avec une tenue grise ? <\/a><\/p>\n<p class=\"contentTable_elem\"><a href=\"#balise_4\">5. La Meilleure Saison pour Porter la Couleur Grise<\/a><\/p>\n<p class=\"contentTable_elem\"><a href=\"#balise_5\">6. Porter des Chaussures Grises : Une Bonne Id\u00e9e ? <\/a><\/p>\n<p class=\"contentTable_elem\"><a href=\"#balise_6\">7. Fautes de Mode : Erreurs Courantes \u00e0 \u00c9viter Lorsqu&#8217;on Porte du Gris<\/a><\/p>\n<p class=\"contentTable_elem\"><a href=\"#balise_7\">8. L&#8217;impact du port de la couleur grise sur notre psychologie<\/a><\/p>\n<p class=\"contentTable_elem\"><a href=\"#balise_8\">9. Porter la couleur grise : Quelle signification spirituelle cela-t-il? <\/a><\/p>\n<p class=\"contentTable_elem\"><a href=\"#balise_9\">10. J&#8217;ai Port\u00e9 du Gris Dans un R\u00eave : Quelle en est la Signification ? <\/a><\/p>\n<\/section>\n<p><img loading=\"lazy\" decoding=\"async\" class=\"lazyload articleImageSquare_CGEN\" height=\"400\" width=\"400\" src=\"https:\/\/www.belgae.be\/imageHolder\/\/wp-content\/uploads\/sites\/2\/2023\/07\/loading-spinner-belgae.gif\" data-src=\"https:\/\/www.belgae.be\/imageHolder\/\/wp-content\/uploads\/sites\/2\/2023\/08\/tmpxgo7m054.jpg\" alt=\"tmpxgo7m\" \/><\/p>\n<h2 id=\"balise_0\">Introduction : Comment Porter la Couleur Grise ? <\/h2>\n<p>Gris, la teinte de sophistication et de subtilit\u00e9, est d\u00e9sormais un incontournable dans la mode contemporaine. Que vous visiez un look monochrome \u00e9l\u00e9gant ou cherchiez \u00e0 cr\u00e9er une tenue chic sans effort, le gris peut \u00eatre votre couleur de pr\u00e9dilection.<\/p>\n<p>Dans cet article de blog, nous allons explorer divers aspects du port du gris. Nous fournirons des \u00e9claircissements sur comment adopter cette nuance polyvalente avec style.<\/p>\n<p>Que ce soit pour une soir\u00e9e glamour ou pour une sortie d\u00e9contract\u00e9e en journ\u00e9e, le gris offre une multitude d&#8217;options. Il s&#8217;adapte parfaitement \u00e0 tous les styles et toutes les occasions.<\/p>\n<p>En conclusion, l&#8217;universellement attrayant et neutre tonalit\u00e9 grise m\u00e9rite sa place dans chaque garde-robe. C&#8217;est plus qu&#8217;une simple couleur &#8211; c&#8217;est un symbole fort d&#8217;\u00e9l\u00e9gance intemporelle qui ne se d\u00e9mode jamais.<\/p>\n<p><img loading=\"lazy\" decoding=\"async\" class=\"lazyload articleImageSquare_CGEN\" height=\"400\" width=\"400\" src=\"https:\/\/www.belgae.be\/imageHolder\/\/wp-content\/uploads\/sites\/2\/2023\/07\/loading-spinner-belgae.gif\" data-src=\"https:\/\/www.belgae.be\/imageHolder\/\/wp-content\/uploads\/sites\/2\/2023\/08\/tmpvwk8dazp.jpg\" alt=\"tmpvwk8dazp\" \/><\/p>\n<h2 id=\"balise_1\">Quelles \u00e9motions sont exprim\u00e9es en portant la couleur grise ? <\/h2>\n<p>Le gris est souvent li\u00e9 \u00e0 la neutralit\u00e9 et l&#8217;\u00e9quilibre. Il d\u00e9gage une tranquillit\u00e9 tout en conservant un air d&#8217;\u00e9l\u00e9gance.<\/p>\n<p>En portant des v\u00eatements gris, on peut susciter des sentiments de s\u00e9r\u00e9nit\u00e9 et de ma\u00eetrise. Cela apporte \u00e9galement une touche de modernit\u00e9 \u00e0 votre tenue.<\/p>\n<p>L&#8217;association du gris avec la neutralit\u00e9 offre un \u00e9quilibre parfait. Cette couleur inspire non seulement le calme mais aussi l&#8217;\u00e9l\u00e9gance sophistiqu\u00e9e.<\/p>\n<p>Les v\u00eatements gris ne sont pas simplement \u00e9l\u00e9gants, ils procurent \u00e9galement une sensation d\u2019apaisement intense. Ils ajoutent ind\u00e9niablement une allure contemporaine \u00e0 toute tenue vestimentaire.<\/p>\n<p>Finalement, le choix du gris dans vos habits fait ressortir un sentiment profond de qui\u00e9tude combin\u00e9 avec une pointe distincte de modernisme chic.<\/p>\n<p><img loading=\"lazy\" decoding=\"async\" class=\"lazyload articleImageSquare_CGEN\" height=\"400\" width=\"400\" src=\"https:\/\/www.belgae.be\/imageHolder\/\/wp-content\/uploads\/sites\/2\/2023\/07\/loading-spinner-belgae.gif\" data-src=\"https:\/\/www.belgae.be\/imageHolder\/\/wp-content\/uploads\/sites\/2\/2023\/08\/tmpim4ai9g2.jpg\" alt=\"tmpim4ai9g\" \/><\/p>\n<h2 id=\"balise_2\">Associations : Quelles couleurs s&#8217;accordent avec le port de v\u00eatements gris ? <\/h2>\n<p>La beaut\u00e9 du gris r\u00e9side dans sa capacit\u00e9 \u00e0 se fondre sans effort avec presque toutes les autres couleurs du spectre. L&#8217;associer \u00e0 des teintes audacieuses comme le rouge ou le jaune cr\u00e9e des contrastes frappants qui attirent l&#8217;attention.<\/p>\n<p>Pour un look plus discret, optez pour des pastels doux comme le rose p\u00e2le ou le bleu poudr\u00e9 qui compl\u00e8tent les nuances froides pr\u00e9sentes dans la plupart des tons de gris. <\/p>\n<p>Ce mariage harmonieux entre ces couleurs offre une palette riche et vari\u00e9e, que ce soit pour votre garde-robe ou votre int\u00e9rieur. Les possibilit\u00e9s sont infinies gr\u00e2ce au dynamisme qu\u2019apporte cette couleur neutre.<\/p>\n<p>En somme, la polyvalence du gris est vraiment incomparable. Son adaptabilit\u00e9 aux diff\u00e9rentes palettes de couleurs en fait un choix incontournable pour ceux cherchant \u00e0 cr\u00e9er une ambiance unique et personnalis\u00e9e.<\/p>\n<p><img loading=\"lazy\" decoding=\"async\" class=\"lazyload articleImageSquare_CGEN\" height=\"400\" width=\"400\" src=\"https:\/\/www.belgae.be\/imageHolder\/\/wp-content\/uploads\/sites\/2\/2023\/07\/loading-spinner-belgae.gif\" data-src=\"https:\/\/www.belgae.be\/imageHolder\/\/wp-content\/uploads\/sites\/2\/2023\/08\/tmpgtp22w34.jpg\" alt=\"tmpgtp22w\" \/><\/p>\n<h2 id=\"balise_3\">Quel teint s&#8217;accorde bien avec une tenue grise ? <\/h2>\n<p>Un aspect remarquable du port du gris est sa polyvalence sur diff\u00e9rentes carnations. Les nuances plus claires comme le gris colombe font des merveilles pour les teints clairs car elles r\u00e9v\u00e8lent l&#8217;\u00e9clat naturel sans \u00e9clipser les traits d\u00e9licats.<\/p>\n<p>D&#8217;autre part, les gris charbon plus profonds am\u00e9liorent magnifiquement les teints fonc\u00e9s en fournissant de la profondeur et de la dimension. Ces couleurs peuvent transformer une tenue ordinaire en quelque chose d&#8217;extraordinaire.<\/p>\n<p>Le choix judicieux d&#8217;un ton de gris peut rehausser votre look global tout en restant subtil et \u00e9l\u00e9gant. C&#8217;est une couleur qui transcende saison apr\u00e8s saison, offrant constamment un style intemporel.<\/p>\n<p>En fin de compte, le secret r\u00e9side dans l&#8217;exp\u00e9rimentation avec diverses nuances jusqu&#8217;\u00e0 trouver celle qui convient parfaitement \u00e0 votre peau. Le port du gris n&#8217;a jamais \u00e9t\u00e9 aussi simple et pourtant si sophistiqu\u00e9.<\/p>\n<p><img loading=\"lazy\" decoding=\"async\" class=\"lazyload articleImageSquare_CGEN\" height=\"400\" width=\"400\" src=\"https:\/\/www.belgae.be\/imageHolder\/\/wp-content\/uploads\/sites\/2\/2023\/07\/loading-spinner-belgae.gif\" data-src=\"https:\/\/www.belgae.be\/imageHolder\/\/wp-content\/uploads\/sites\/2\/2023\/08\/tmpn_8vn7uk.jpg\" alt=\"tmpn_8vn7uk\" \/><\/p>\n<h2 id=\"balise_4\">La Meilleure Saison pour Porter la Couleur Grise<\/h2>\n<p>Bien que les r\u00e8gles strictes concernant l&#8217;habillement saisonnier ne soient plus d&#8217;actualit\u00e9, certaines saisons sont particuli\u00e8rement propices \u00e0 l&#8217;adoption de cette nuance sophistiqu\u00e9e. Les mois frais offrent une multitude d\u2019opportunit\u00e9s pour superposer diff\u00e9rentes nuances et textures de gris &#8211; imaginez des pulls en tricot douillet et des manteaux en laine sur mesure.<\/p>\n<p>Cependant, n&#8217;h\u00e9sitez pas \u00e0 incorporer le gris dans votre garde-robe estivale gr\u00e2ce \u00e0 des tissus l\u00e9gers comme le lin ou le coton a\u00e9r\u00e9. La polyvalence du gris permet une transition sans effort entre les saisons, tout en conservant un style \u00e9l\u00e9gant.<\/p>\n<p>L&#8217;utilisation strat\u00e9gique du gris dans la mode peut apporter profondeur et sophistication \u00e0 toute tenue. Que ce soit pour ajouter une touche chic ou simplement pour changer un peu, adopter le gris pourrait bien \u00eatre la cl\u00e9 d&#8217;un look r\u00e9ussi.<\/p>\n<p><img loading=\"lazy\" decoding=\"async\" class=\"lazyload articleImageSquare_CGEN\" height=\"400\" width=\"400\" src=\"https:\/\/www.belgae.be\/imageHolder\/\/wp-content\/uploads\/sites\/2\/2023\/07\/loading-spinner-belgae.gif\" data-src=\"https:\/\/www.belgae.be\/imageHolder\/\/wp-content\/uploads\/sites\/2\/2023\/08\/tmp55gwrten.jpg\" alt=\"tmp55gwrten\" \/><\/p>\n<h2 id=\"balise_5\">Porter des Chaussures Grises : Une Bonne Id\u00e9e ? <\/h2>\n<p>Absolument! Les chaussures grises peuvent \u00eatre l&#8217;ajout parfait \u00e0 n&#8217;importe quelle tenue, apportant une touche de modernit\u00e9 et de polyvalence. Elles servent de base neutre qui compl\u00e8te sans effort presque tous les sch\u00e9mas de couleurs que vous choisissez pour vos v\u00eatements.<\/p>\n<p>Des baskets grises \u00e9l\u00e9gantes pour des sorties d\u00e9contract\u00e9es aux talons gris \u00e9l\u00e9gants pour des occasions plus formelles, investir dans une paire de chaussures grises est sans aucun doute un choix judicieux. <\/p>\n<p>Elles s&#8217;accordent avec toutes les teintes et ajoutent du chic \u00e0 votre style. Que ce soit en cuir ou en su\u00e8de, elles sont toujours tendance.<\/p>\n<p>Pour conclure, si vous cherchez une paire qui allie confort et sophistication tout en restant discr\u00e8te mais efficace alors optez pour le gris!<\/p>\n<p><img loading=\"lazy\" decoding=\"async\" class=\"lazyload articleImageSquare_CGEN\" height=\"400\" width=\"400\" src=\"https:\/\/www.belgae.be\/imageHolder\/\/wp-content\/uploads\/sites\/2\/2023\/07\/loading-spinner-belgae.gif\" data-src=\"https:\/\/www.belgae.be\/imageHolder\/\/wp-content\/uploads\/sites\/2\/2023\/08\/tmpkmgtvl97.jpg\" alt=\"tmpkmgtvl\" \/><\/p>\n<h2 id=\"balise_6\">Fautes de Mode : Erreurs Courantes \u00e0 \u00c9viter Lorsqu&#8217;on Porte du Gris<\/h2>\n<p>Porter du gris peut rehausser votre style. Cependant, il est essentiel d&#8217;\u00e9viter certaines erreurs courantes. Une erreur fr\u00e9quente consiste \u00e0 porter des ensembles enti\u00e8rement gris sans int\u00e9grer d&#8217;autres couleurs ou textures &#8211; cela peut donner un aspect g\u00e9n\u00e9ral terne.<\/p>\n<p>Un autre faux pas est de jumeler diff\u00e9rentes nuances de gris qui se heurtent plut\u00f4t que s&#8217;harmonisent entre elles ; n&#8217;oubliez pas de pr\u00eater attention aux sous-tons lors de la cr\u00e9ation d&#8217;ensembles monochromes.<\/p>\n<p>Il est donc crucial de savoir comment bien utiliser le gris dans vos tenues pour \u00e9viter ces pi\u00e8ges et maximiser l&#8217;impact stylistique du coloris.<\/p>\n<p><img loading=\"lazy\" decoding=\"async\" class=\"lazyload articleImageSquare_CGEN\" height=\"400\" width=\"400\" src=\"https:\/\/www.belgae.be\/imageHolder\/\/wp-content\/uploads\/sites\/2\/2023\/07\/loading-spinner-belgae.gif\" data-src=\"https:\/\/www.belgae.be\/imageHolder\/\/wp-content\/uploads\/sites\/2\/2023\/08\/tmpceyt8acb.jpg\" alt=\"tmpceyt8acb\" \/><\/p>\n<h2 id=\"balise_7\">L&#8217;impact du port de la couleur grise sur notre psychologie<\/h2>\n<p>La psychologie des couleurs d\u00e9montre que porter du gris a des implications positives et n\u00e9gatives sur notre humeur et notre \u00e9tat d&#8217;esprit. D&#8217;une part, cela favorise les sentiments de calme, de tranquillit\u00e9 et d&#8217;introspection en raison de son association avec la neutralit\u00e9.<\/p>\n<p>Cependant, une exposition excessive au gris peut \u00e9galement conduire certains \u00e0 se sentir d\u00e9tach\u00e9s ou stagnants \u00e9motionnellement s&#8217;il n&#8217;est pas compens\u00e9 par des \u00e9l\u00e9ments vibrants dans leur environnement.<\/p>\n<p>Il est donc essentiel d&#8217;\u00e9quilibrer l&#8217;utilisation du gris avec d&#8217;autres couleurs plus vives pour maintenir un \u00e9quilibre \u00e9motionnel sain. En fin de compte, le choix des couleurs est tr\u00e8s personnel et doit \u00eatre adapt\u00e9 \u00e0 chaque individu pour refl\u00e9ter ses propres sentiments et aspirations.<\/p>\n<p><img loading=\"lazy\" decoding=\"async\" class=\"lazyload articleImageSquare_CGEN\" height=\"400\" width=\"400\" src=\"https:\/\/www.belgae.be\/imageHolder\/\/wp-content\/uploads\/sites\/2\/2023\/07\/loading-spinner-belgae.gif\" data-src=\"https:\/\/www.belgae.be\/imageHolder\/\/wp-content\/uploads\/sites\/2\/2023\/08\/tmp18jbzfb6.jpg\" alt=\"tmp18jbzfb\" \/><\/p>\n<h2 id=\"balise_8\">Porter la couleur grise : Quelle signification spirituelle cela-t-il? <\/h2>\n<p>Dans les cercles spirituels, la couleur grise symbolise la sagesse acquise gr\u00e2ce \u00e0 l&#8217;exp\u00e9rience. Elle repr\u00e9sente \u00e9galement un \u00e9quilibre entre les \u00e9nergies lumineuses et sombres pr\u00e9sentes dans le parcours de vie.<\/p>\n<p>En adoptant consciemment cette nuance pendant la m\u00e9ditation ou les pratiques d&#8217;introspection, on cherche un r\u00e9confort au milieu de l&#8217;incertitude. Cela permet de trouver une harmonie entre des forces oppos\u00e9es en soi.<\/p>\n<p>La couleur grise est donc plus qu&#8217;une simple teinte neutre. Elle est le reflet d&#8217;un \u00e9quilibre recherch\u00e9 et d&#8217;une sagesse profonde qui ne peut \u00eatre acquise que par l&#8217;exp\u00e9rience personnelle et int\u00e9rieure.<\/p>\n<p>Appr\u00e9cier cette couleur lors des moments introspectifs offre une perspective unique sur son propre voyage spirituel. C&#8217;est une invitation \u00e0 embrasser toutes les facettes de soi-m\u00eame afin de d\u00e9couvrir un sentiment profond\u00e9ment ancr\u00e9 d&#8217;\u00e9quilibre personnel.<\/p>\n<p><img loading=\"lazy\" decoding=\"async\" class=\"lazyload articleImageSquare_CGEN\" height=\"400\" width=\"400\" src=\"https:\/\/www.belgae.be\/imageHolder\/\/wp-content\/uploads\/sites\/2\/2023\/07\/loading-spinner-belgae.gif\" data-src=\"https:\/\/www.belgae.be\/imageHolder\/\/wp-content\/uploads\/sites\/2\/2023\/08\/tmpa5si4m2d.jpg\" alt=\"tmpa5si4m2d\" \/><\/p>\n<h2 id=\"balise_9\">J&#8217;ai Port\u00e9 du Gris Dans un R\u00eave : Quelle en est la Signification ? <\/h2>\n<p>L&#8217;interpr\u00e9tation des r\u00eaves est variable, mais porter du gris dans un r\u00eave signale souvent le besoin de clart\u00e9 et de stabilit\u00e9. Cela peut indiquer que vous recherchez l&#8217;\u00e9quilibre ou cherchez une r\u00e9solution au milieu d&#8217;\u00e9motions ou de situations conflictuelles dans votre vie quotidienne. Pr\u00eatez attention \u00e0 d&#8217;autres \u00e9l\u00e9ments dans le contexte du r\u00eave car ils peuvent fournir des informations suppl\u00e9mentaires sur sa signification.<\/p>\n<p>Le gris est sans aucun doute une couleur polyvalente qui ajoute facilement \u00e9l\u00e9gance et sophistication \u00e0 toute tenue. En comprenant comment l&#8217;utiliser efficacement, en consid\u00e9rant diverses combinaisons et facteurs tels que la carnation, la saisonnalit\u00e9 et la psychologie derri\u00e8re les couleurs; vous serez capable d&#8217;accueillir cette teinte avec assurance tout en faisant une d\u00e9claration styl\u00e9e o\u00f9 que vous alliez!<\/p>\n","protected":false},"excerpt":{"rendered":"<p>Lib\u00e9rez la puissance du port du gris ! Ce n&#8217;est pas simplement une autre couleur ; c&#8217;est une d\u00e9claration, une attitude.<\/p>\n","protected":false},"author":1,"featured_media":5003,"comment_status":"open","ping_status":"","sticky":false,"template":"","format":"standard","meta":{"_acf_changed":false,"_et_pb_use_builder":"","_et_pb_old_content":"","_et_gb_content_width":"","footnotes":""},"categories":[38],"tags":[],"class_list":["post-2940","post","type-post","status-publish","format-standard","has-post-thumbnail","hentry","category-look-style"],"acf":[],"yoast_head":"<!-- This site is optimized with the Yoast SEO plugin v27.5 - https:\/\/yoast.com\/product\/yoast-seo-wordpress\/ -->\n<title>Porter du gris : combinaisons, psychologie, etc | Belgae<\/title>\n<meta name=\"robots\" content=\"index, follow, max-snippet:-1, max-image-preview:large, max-video-preview:-1\" \/>\n<link rel=\"canonical\" href=\"https:\/\/www.belgae.be\/fr\/blog\/portant-du-gris\/\" \/>\n<meta property=\"og:locale\" content=\"fr_FR\" \/>\n<meta property=\"og:type\" content=\"article\" \/>\n<meta property=\"og:title\" content=\"Porter du gris : combinaisons, psychologie, etc | Belgae\" \/>\n<meta property=\"og:description\" content=\"Lib\u00e9rez la puissance du port du gris ! Ce n&#039;est pas simplement une autre couleur ; c&#039;est une d\u00e9claration, une attitude.\" \/>\n<meta property=\"og:url\" content=\"https:\/\/www.belgae.be\/fr\/blog\/portant-du-gris\/\" \/>\n<meta property=\"og:site_name\" content=\"Belgae\" \/>\n<meta property=\"article:published_time\" content=\"2023-08-03T13:41:14+00:00\" \/>\n<meta property=\"og:image\" content=\"https:\/\/www.belgae.be\/imageHolder\/\/wp-content\/uploads\/sites\/2\/2023\/07\/loading-spinner-belgae.gif\" \/>\n<meta name=\"author\" content=\"Cyril Gendarme\" \/>\n<meta name=\"twitter:card\" content=\"summary_large_image\" \/>\n<meta name=\"twitter:label1\" content=\"\u00c9crit par\" \/>\n\t<meta name=\"twitter:data1\" content=\"Cyril Gendarme\" \/>\n\t<meta name=\"twitter:label2\" content=\"Dur\u00e9e de lecture estim\u00e9e\" \/>\n\t<meta name=\"twitter:data2\" content=\"8 minutes\" \/>\n<script type=\"application\/ld+json\" class=\"yoast-schema-graph\">{\"@context\":\"https:\\\/\\\/schema.org\",\"@graph\":[{\"@type\":\"Article\",\"@id\":\"https:\\\/\\\/www.belgae.be\\\/fr\\\/blog\\\/portant-du-gris\\\/#article\",\"isPartOf\":{\"@id\":\"https:\\\/\\\/www.belgae.be\\\/fr\\\/blog\\\/portant-du-gris\\\/\"},\"author\":{\"name\":\"Cyril Gendarme\",\"@id\":\"https:\\\/\\\/www.belgae.be\\\/fr\\\/#\\\/schema\\\/person\\\/646b40b88212bc5335f9c4fa787df047\"},\"headline\":\"Porter du gris : combinaisons, psychologie, etc\",\"datePublished\":\"2023-08-03T13:41:14+00:00\",\"mainEntityOfPage\":{\"@id\":\"https:\\\/\\\/www.belgae.be\\\/fr\\\/blog\\\/portant-du-gris\\\/\"},\"wordCount\":1611,\"commentCount\":0,\"publisher\":{\"@id\":\"https:\\\/\\\/www.belgae.be\\\/fr\\\/#organization\"},\"image\":{\"@id\":\"https:\\\/\\\/www.belgae.be\\\/fr\\\/blog\\\/portant-du-gris\\\/#primaryimage\"},\"thumbnailUrl\":\"https:\\\/\\\/www.belgae.be\\\/fr\\\/wp-content\\\/uploads\\\/sites\\\/2\\\/2023\\\/08\\\/cyril_ge_people_wearing_clothes_Franco-Belgian_comic_style_blac_2be8a137-df08-437c-8dd4-b08386712494-1.webp\",\"articleSection\":[\"Look &amp; Style\"],\"inLanguage\":\"fr-FR\",\"potentialAction\":[{\"@type\":\"CommentAction\",\"name\":\"Comment\",\"target\":[\"https:\\\/\\\/www.belgae.be\\\/fr\\\/blog\\\/portant-du-gris\\\/#respond\"]}]},{\"@type\":\"WebPage\",\"@id\":\"https:\\\/\\\/www.belgae.be\\\/fr\\\/blog\\\/portant-du-gris\\\/\",\"url\":\"https:\\\/\\\/www.belgae.be\\\/fr\\\/blog\\\/portant-du-gris\\\/\",\"name\":\"Porter du gris : combinaisons, psychologie, etc | Belgae\",\"isPartOf\":{\"@id\":\"https:\\\/\\\/www.belgae.be\\\/fr\\\/#website\"},\"primaryImageOfPage\":{\"@id\":\"https:\\\/\\\/www.belgae.be\\\/fr\\\/blog\\\/portant-du-gris\\\/#primaryimage\"},\"image\":{\"@id\":\"https:\\\/\\\/www.belgae.be\\\/fr\\\/blog\\\/portant-du-gris\\\/#primaryimage\"},\"thumbnailUrl\":\"https:\\\/\\\/www.belgae.be\\\/fr\\\/wp-content\\\/uploads\\\/sites\\\/2\\\/2023\\\/08\\\/cyril_ge_people_wearing_clothes_Franco-Belgian_comic_style_blac_2be8a137-df08-437c-8dd4-b08386712494-1.webp\",\"datePublished\":\"2023-08-03T13:41:14+00:00\",\"breadcrumb\":{\"@id\":\"https:\\\/\\\/www.belgae.be\\\/fr\\\/blog\\\/portant-du-gris\\\/#breadcrumb\"},\"inLanguage\":\"fr-FR\",\"potentialAction\":[{\"@type\":\"ReadAction\",\"target\":[\"https:\\\/\\\/www.belgae.be\\\/fr\\\/blog\\\/portant-du-gris\\\/\"]}]},{\"@type\":\"ImageObject\",\"inLanguage\":\"fr-FR\",\"@id\":\"https:\\\/\\\/www.belgae.be\\\/fr\\\/blog\\\/portant-du-gris\\\/#primaryimage\",\"url\":\"https:\\\/\\\/www.belgae.be\\\/fr\\\/wp-content\\\/uploads\\\/sites\\\/2\\\/2023\\\/08\\\/cyril_ge_people_wearing_clothes_Franco-Belgian_comic_style_blac_2be8a137-df08-437c-8dd4-b08386712494-1.webp\",\"contentUrl\":\"https:\\\/\\\/www.belgae.be\\\/fr\\\/wp-content\\\/uploads\\\/sites\\\/2\\\/2023\\\/08\\\/cyril_ge_people_wearing_clothes_Franco-Belgian_comic_style_blac_2be8a137-df08-437c-8dd4-b08386712494-1.webp\"},{\"@type\":\"BreadcrumbList\",\"@id\":\"https:\\\/\\\/www.belgae.be\\\/fr\\\/blog\\\/portant-du-gris\\\/#breadcrumb\",\"itemListElement\":[{\"@type\":\"ListItem\",\"position\":1,\"name\":\"Accueil\",\"item\":\"https:\\\/\\\/www.belgae.be\\\/fr\\\/\"},{\"@type\":\"ListItem\",\"position\":2,\"name\":\"Porter du gris : combinaisons, psychologie, etc\"}]},{\"@type\":\"WebSite\",\"@id\":\"https:\\\/\\\/www.belgae.be\\\/fr\\\/#website\",\"url\":\"https:\\\/\\\/www.belgae.be\\\/fr\\\/\",\"name\":\"Belgae\",\"description\":\"Art &amp; Mode Belge\",\"publisher\":{\"@id\":\"https:\\\/\\\/www.belgae.be\\\/fr\\\/#organization\"},\"potentialAction\":[{\"@type\":\"SearchAction\",\"target\":{\"@type\":\"EntryPoint\",\"urlTemplate\":\"https:\\\/\\\/www.belgae.be\\\/fr\\\/?s={search_term_string}\"},\"query-input\":{\"@type\":\"PropertyValueSpecification\",\"valueRequired\":true,\"valueName\":\"search_term_string\"}}],\"inLanguage\":\"fr-FR\"},{\"@type\":\"Organization\",\"@id\":\"https:\\\/\\\/www.belgae.be\\\/fr\\\/#organization\",\"name\":\"Belgae\",\"url\":\"https:\\\/\\\/www.belgae.be\\\/fr\\\/\",\"logo\":{\"@type\":\"ImageObject\",\"inLanguage\":\"fr-FR\",\"@id\":\"https:\\\/\\\/www.belgae.be\\\/fr\\\/#\\\/schema\\\/logo\\\/image\\\/\",\"url\":\"https:\\\/\\\/www.belgae.be\\\/fr\\\/wp-content\\\/uploads\\\/sites\\\/2\\\/2023\\\/07\\\/Sans-titre1-Copie.png\",\"contentUrl\":\"https:\\\/\\\/www.belgae.be\\\/fr\\\/wp-content\\\/uploads\\\/sites\\\/2\\\/2023\\\/07\\\/Sans-titre1-Copie.png\",\"width\":88,\"height\":88,\"caption\":\"Belgae\"},\"image\":{\"@id\":\"https:\\\/\\\/www.belgae.be\\\/fr\\\/#\\\/schema\\\/logo\\\/image\\\/\"}},{\"@type\":\"Person\",\"@id\":\"https:\\\/\\\/www.belgae.be\\\/fr\\\/#\\\/schema\\\/person\\\/646b40b88212bc5335f9c4fa787df047\",\"name\":\"Cyril Gendarme\",\"sameAs\":[\"https:\\\/\\\/www.belgae.be\"],\"url\":\"https:\\\/\\\/www.belgae.be\\\/fr\\\/blog\\\/author\\\/cgen\\\/\"}]}<\/script>\n<!-- \/ Yoast SEO plugin. -->","yoast_head_json":{"title":"Porter du gris : combinaisons, psychologie, etc | Belgae","robots":{"index":"index","follow":"follow","max-snippet":"max-snippet:-1","max-image-preview":"max-image-preview:large","max-video-preview":"max-video-preview:-1"},"canonical":"https:\/\/www.belgae.be\/fr\/blog\/portant-du-gris\/","og_locale":"fr_FR","og_type":"article","og_title":"Porter du gris : combinaisons, psychologie, etc | Belgae","og_description":"Lib\u00e9rez la puissance du port du gris ! Ce n'est pas simplement une autre couleur ; c'est une d\u00e9claration, une attitude.","og_url":"https:\/\/www.belgae.be\/fr\/blog\/portant-du-gris\/","og_site_name":"Belgae","article_published_time":"2023-08-03T13:41:14+00:00","og_image":[{"url":"https:\/\/www.belgae.be\/imageHolder\/\/wp-content\/uploads\/sites\/2\/2023\/07\/loading-spinner-belgae.gif","type":"","width":"","height":""}],"author":"Cyril Gendarme","twitter_card":"summary_large_image","twitter_misc":{"\u00c9crit par":"Cyril Gendarme","Dur\u00e9e de lecture estim\u00e9e":"8 minutes"},"schema":{"@context":"https:\/\/schema.org","@graph":[{"@type":"Article","@id":"https:\/\/www.belgae.be\/fr\/blog\/portant-du-gris\/#article","isPartOf":{"@id":"https:\/\/www.belgae.be\/fr\/blog\/portant-du-gris\/"},"author":{"name":"Cyril Gendarme","@id":"https:\/\/www.belgae.be\/fr\/#\/schema\/person\/646b40b88212bc5335f9c4fa787df047"},"headline":"Porter du gris : combinaisons, psychologie, etc","datePublished":"2023-08-03T13:41:14+00:00","mainEntityOfPage":{"@id":"https:\/\/www.belgae.be\/fr\/blog\/portant-du-gris\/"},"wordCount":1611,"commentCount":0,"publisher":{"@id":"https:\/\/www.belgae.be\/fr\/#organization"},"image":{"@id":"https:\/\/www.belgae.be\/fr\/blog\/portant-du-gris\/#primaryimage"},"thumbnailUrl":"https:\/\/www.belgae.be\/fr\/wp-content\/uploads\/sites\/2\/2023\/08\/cyril_ge_people_wearing_clothes_Franco-Belgian_comic_style_blac_2be8a137-df08-437c-8dd4-b08386712494-1.webp","articleSection":["Look &amp; Style"],"inLanguage":"fr-FR","potentialAction":[{"@type":"CommentAction","name":"Comment","target":["https:\/\/www.belgae.be\/fr\/blog\/portant-du-gris\/#respond"]}]},{"@type":"WebPage","@id":"https:\/\/www.belgae.be\/fr\/blog\/portant-du-gris\/","url":"https:\/\/www.belgae.be\/fr\/blog\/portant-du-gris\/","name":"Porter du gris : combinaisons, psychologie, etc | Belgae","isPartOf":{"@id":"https:\/\/www.belgae.be\/fr\/#website"},"primaryImageOfPage":{"@id":"https:\/\/www.belgae.be\/fr\/blog\/portant-du-gris\/#primaryimage"},"image":{"@id":"https:\/\/www.belgae.be\/fr\/blog\/portant-du-gris\/#primaryimage"},"thumbnailUrl":"https:\/\/www.belgae.be\/fr\/wp-content\/uploads\/sites\/2\/2023\/08\/cyril_ge_people_wearing_clothes_Franco-Belgian_comic_style_blac_2be8a137-df08-437c-8dd4-b08386712494-1.webp","datePublished":"2023-08-03T13:41:14+00:00","breadcrumb":{"@id":"https:\/\/www.belgae.be\/fr\/blog\/portant-du-gris\/#breadcrumb"},"inLanguage":"fr-FR","potentialAction":[{"@type":"ReadAction","target":["https:\/\/www.belgae.be\/fr\/blog\/portant-du-gris\/"]}]},{"@type":"ImageObject","inLanguage":"fr-FR","@id":"https:\/\/www.belgae.be\/fr\/blog\/portant-du-gris\/#primaryimage","url":"https:\/\/www.belgae.be\/fr\/wp-content\/uploads\/sites\/2\/2023\/08\/cyril_ge_people_wearing_clothes_Franco-Belgian_comic_style_blac_2be8a137-df08-437c-8dd4-b08386712494-1.webp","contentUrl":"https:\/\/www.belgae.be\/fr\/wp-content\/uploads\/sites\/2\/2023\/08\/cyril_ge_people_wearing_clothes_Franco-Belgian_comic_style_blac_2be8a137-df08-437c-8dd4-b08386712494-1.webp"},{"@type":"BreadcrumbList","@id":"https:\/\/www.belgae.be\/fr\/blog\/portant-du-gris\/#breadcrumb","itemListElement":[{"@type":"ListItem","position":1,"name":"Accueil","item":"https:\/\/www.belgae.be\/fr\/"},{"@type":"ListItem","position":2,"name":"Porter du gris : combinaisons, psychologie, etc"}]},{"@type":"WebSite","@id":"https:\/\/www.belgae.be\/fr\/#website","url":"https:\/\/www.belgae.be\/fr\/","name":"Belgae","description":"Art &amp; Mode Belge","publisher":{"@id":"https:\/\/www.belgae.be\/fr\/#organization"},"potentialAction":[{"@type":"SearchAction","target":{"@type":"EntryPoint","urlTemplate":"https:\/\/www.belgae.be\/fr\/?s={search_term_string}"},"query-input":{"@type":"PropertyValueSpecification","valueRequired":true,"valueName":"search_term_string"}}],"inLanguage":"fr-FR"},{"@type":"Organization","@id":"https:\/\/www.belgae.be\/fr\/#organization","name":"Belgae","url":"https:\/\/www.belgae.be\/fr\/","logo":{"@type":"ImageObject","inLanguage":"fr-FR","@id":"https:\/\/www.belgae.be\/fr\/#\/schema\/logo\/image\/","url":"https:\/\/www.belgae.be\/fr\/wp-content\/uploads\/sites\/2\/2023\/07\/Sans-titre1-Copie.png","contentUrl":"https:\/\/www.belgae.be\/fr\/wp-content\/uploads\/sites\/2\/2023\/07\/Sans-titre1-Copie.png","width":88,"height":88,"caption":"Belgae"},"image":{"@id":"https:\/\/www.belgae.be\/fr\/#\/schema\/logo\/image\/"}},{"@type":"Person","@id":"https:\/\/www.belgae.be\/fr\/#\/schema\/person\/646b40b88212bc5335f9c4fa787df047","name":"Cyril Gendarme","sameAs":["https:\/\/www.belgae.be"],"url":"https:\/\/www.belgae.be\/fr\/blog\/author\/cgen\/"}]}},"_links":{"self":[{"href":"https:\/\/www.belgae.be\/fr\/wp-json\/wp\/v2\/posts\/2940","targetHints":{"allow":["GET"]}}],"collection":[{"href":"https:\/\/www.belgae.be\/fr\/wp-json\/wp\/v2\/posts"}],"about":[{"href":"https:\/\/www.belgae.be\/fr\/wp-json\/wp\/v2\/types\/post"}],"author":[{"embeddable":true,"href":"https:\/\/www.belgae.be\/fr\/wp-json\/wp\/v2\/users\/1"}],"replies":[{"embeddable":true,"href":"https:\/\/www.belgae.be\/fr\/wp-json\/wp\/v2\/comments?post=2940"}],"version-history":[{"count":0,"href":"https:\/\/www.belgae.be\/fr\/wp-json\/wp\/v2\/posts\/2940\/revisions"}],"wp:featuredmedia":[{"embeddable":true,"href":"https:\/\/www.belgae.be\/fr\/wp-json\/"}],"wp:attachment":[{"href":"https:\/\/www.belgae.be\/fr\/wp-json\/wp\/v2\/media?parent=2940"}],"wp:term":[{"taxonomy":"category","embeddable":true,"href":"https:\/\/www.belgae.be\/fr\/wp-json\/wp\/v2\/categories?post=2940"},{"taxonomy":"post_tag","embeddable":true,"href":"https:\/\/www.belgae.be\/fr\/wp-json\/wp\/v2\/tags?post=2940"}],"curies":[{"name":"wp","href":"https:\/\/api.w.org\/{rel}","templated":true}]}}