{"id":2939,"date":"2023-08-03T13:40:59","date_gmt":"2023-08-03T13:40:59","guid":{"rendered":"https:\/\/www.belgae.be\/fr\/blog\/portant-du-marron\/"},"modified":"2023-08-03T13:40:59","modified_gmt":"2023-08-03T13:40:59","slug":"portant-du-marron","status":"publish","type":"post","link":"https:\/\/www.belgae.be\/fr\/blog\/portant-du-marron\/","title":{"rendered":"Porter du marron : combinaisons, psychologie, etc"},"content":{"rendered":"<p>Lib\u00e9rez la puissance des nuances terreuses avec notre guide sur comment porter du marron ! Plongez dans un univers o\u00f9 la mode rencontre la psychologie, explorant comment cette couleur sous-estim\u00e9e peut transformer votre style.<\/p>\n<p>D\u00e9couvrez des combinaisons excitantes qui vous feront repenser tout ce que vous savez sur le marron dans les v\u00eatements.<\/p>\n<p>D\u00e9couvrez les secrets cach\u00e9s derri\u00e8re pourquoi nous ressentons certaines \u00e9motions en portant diff\u00e9rentes nuances de marron. R\u00e9volutionnons ensemble votre garde-robe !<\/p>\n<section class=\"contentTable_table\">\n<p class=\"contentTable_title\">Table des mati\u00e8res : <\/p>\n<p class=\"contentTable_elem\"><a href=\"#balise_0\">1. Introduction : Comment Porter la Couleur Marron ? <\/a><\/p>\n<p class=\"contentTable_elem\"><a href=\"#balise_1\">2. Quelles \u00e9motions sont exprim\u00e9es en portant la couleur marron ? <\/a><\/p>\n<p class=\"contentTable_elem\"><a href=\"#balise_2\">3. Associations : Quelles couleurs s&#8217;accordent avec les v\u00eatements marron ? <\/a><\/p>\n<p class=\"contentTable_elem\"><a href=\"#balise_3\">4. Quelle carnation s&#8217;accorde bien avec une tenue marron ? <\/a><\/p>\n<p class=\"contentTable_elem\"><a href=\"#balise_4\">5. La Meilleure Saison pour Porter la Couleur Marron<\/a><\/p>\n<p class=\"contentTable_elem\"><a href=\"#balise_5\">6. Porter des Chaussures Marron : Une Bonne Id\u00e9e ? <\/a><\/p>\n<p class=\"contentTable_elem\"><a href=\"#balise_6\">7. Faux Pas de la Mode : Erreurs Courantes \u00e0 \u00c9viter Lorsque vous Portez du Marron<\/a><\/p>\n<p class=\"contentTable_elem\"><a href=\"#balise_7\">8. L&#8217;Impact du Port de la Couleur Marron sur notre Psychologie<\/a><\/p>\n<p class=\"contentTable_elem\"><a href=\"#balise_8\">9. Porter la Couleur Marron : Quelle Signification Spirituelle ? <\/a><\/p>\n<p class=\"contentTable_elem\"><a href=\"#balise_9\">10. Porter la couleur marron dans un r\u00eave : quelle est la signification ? <\/a><\/p>\n<\/section>\n<p><img loading=\"lazy\" decoding=\"async\" class=\"lazyload articleImageSquare_CGEN\" height=\"400\" width=\"400\" src=\"https:\/\/www.belgae.be\/imageHolder\/\/wp-content\/uploads\/sites\/2\/2023\/07\/loading-spinner-belgae.gif\" data-src=\"https:\/\/www.belgae.be\/imageHolder\/\/wp-content\/uploads\/sites\/2\/2023\/08\/tmpkf_spab6.jpg\" alt=\"tmpkf_spab\" \/><\/p>\n<h2 id=\"balise_0\">Introduction : Comment Porter la Couleur Marron ? <\/h2>\n<p>En mati\u00e8re de mode, les couleurs jouent un r\u00f4le essentiel pour exprimer notre personnalit\u00e9 et notre style. Une couleur souvent n\u00e9glig\u00e9e est le brun. Bien que certains le consid\u00e8rent comme terne ou sans int\u00e9r\u00eat, porter du brun peut ajouter une profondeur et une sophistication \u00e0 votre tenue.<\/p>\n<p>Dans cet article de blog, nous explorerons les divers aspects du port du brun &#8211; de son impact \u00e9motionnel aux combinaisons appropri\u00e9es, en passant par sa signification spirituelle.<\/p>\n<p>Le choix des couleurs dans la mode n&#8217;est pas seulement une question d&#8217;esth\u00e9tique. Il a \u00e9galement un impact psychologique sur nous-m\u00eames et ceux qui nous entourent. Le brun est associ\u00e9 \u00e0 la stabilit\u00e9, au confort et \u00e0 la simplicit\u00e9.<\/p>\n<p>Il existe d&#8217;innombrables fa\u00e7ons d&#8217;int\u00e9grer le brun dans votre garde-robe quotidienne. Que ce soit avec des accessoires subtils ou des v\u00eatements d\u00e9claratifs, cette couleur versatile m\u00e9rite toute votre attention.<\/p>\n<p>En conclusion : ne sous-estimez jamais l&#8217;influence puissante qu&#8217;une simple couleur peut avoir sur vos tenues quotidiennes !<\/p>\n<p><img loading=\"lazy\" decoding=\"async\" class=\"lazyload articleImageSquare_CGEN\" height=\"400\" width=\"400\" src=\"https:\/\/www.belgae.be\/imageHolder\/\/wp-content\/uploads\/sites\/2\/2023\/07\/loading-spinner-belgae.gif\" data-src=\"https:\/\/www.belgae.be\/imageHolder\/\/wp-content\/uploads\/sites\/2\/2023\/08\/tmpqnwk2p27.jpg\" alt=\"tmpqnwk2p\" \/><\/p>\n<h2 id=\"balise_1\">Quelles \u00e9motions sont exprim\u00e9es en portant la couleur marron ? <\/h2>\n<p>Le brun est une teinte chaleureuse et terrestre qui \u00e9voque des sentiments de stabilit\u00e9, de fiabilit\u00e9 et de chaleur. Il d\u00e9gage un sentiment de confort tout en \u00e9tant ancr\u00e9 et accessible. <\/p>\n<p>Porter des v\u00eatements bruns projette une aura de confiance terre-\u00e0-terre avec juste la bonne touche d&#8217;\u00e9l\u00e9gance. Cette couleur met l&#8217;accent sur la solidit\u00e9, le naturel et donne \u00e0 ceux qui la portent un aspect rassurant.<\/p>\n<p>Son charme r\u00e9side dans sa capacit\u00e9 \u00e0 transmettre tranquillit\u00e9, s\u00e9r\u00e9nit\u00e9 sans jamais perdre en sophistication ou \u00e9l\u00e9gance. Une tenue marron est synonyme d&#8217;un style discret mais incontestablement chic.<\/p>\n<p>En conclusion, le brun combine parfaitement les notions d&#8217;\u00e9quilibre entre simplicit\u00e9 et luxe discret pour cr\u00e9er une pr\u00e9sence accueillante mais impressionnante.<\/p>\n<p><img loading=\"lazy\" decoding=\"async\" class=\"lazyload articleImageSquare_CGEN\" height=\"400\" width=\"400\" src=\"https:\/\/www.belgae.be\/imageHolder\/\/wp-content\/uploads\/sites\/2\/2023\/07\/loading-spinner-belgae.gif\" data-src=\"https:\/\/www.belgae.be\/imageHolder\/\/wp-content\/uploads\/sites\/2\/2023\/08\/tmpfyev_tnx.jpg\" alt=\"tmpfyev_tnx\" \/><\/p>\n<h2 id=\"balise_2\">Associations : Quelles couleurs s&#8217;accordent avec les v\u00eatements marron ? <\/h2>\n<p>On pourrait se demander quelles couleurs se marient bien avec les tenues marron. La beaut\u00e9 r\u00e9side dans la polyvalence de cette teinte ! Pour un look classique, associez diff\u00e9rentes nuances de beige ou de cr\u00e8me \u00e0 vos v\u00eatements marron pour une tenue chic sans effort.<\/p>\n<p>Si vous vous sentez audacieux, exp\u00e9rimentez avec des tons bijoux vibrants comme le vert \u00e9meraude ou le bleu saphir pour des contrastes saisissants. Pour ceux qui pr\u00e9f\u00e8rent des combinaisons plus subtiles, les pastels doux comme le rose poudr\u00e9 ou le bleu b\u00e9b\u00e9 font merveille lorsqu&#8217;ils sont associ\u00e9s \u00e0 des pi\u00e8ces marron.<\/p>\n<p>Et n&#8217;oublions pas le noir &#8211; il compl\u00e8te toujours n&#8217;importe quelle nuance!<\/p>\n<p><img loading=\"lazy\" decoding=\"async\" class=\"lazyload articleImageSquare_CGEN\" height=\"400\" width=\"400\" src=\"https:\/\/www.belgae.be\/imageHolder\/\/wp-content\/uploads\/sites\/2\/2023\/07\/loading-spinner-belgae.gif\" data-src=\"https:\/\/www.belgae.be\/imageHolder\/\/wp-content\/uploads\/sites\/2\/2023\/08\/tmpg1xrf62k.jpg\" alt=\"tmpg1xrf62k\" \/><\/p>\n<h2 id=\"balise_3\">Quelle carnation s&#8217;accorde bien avec une tenue marron ? <\/h2>\n<p>La beaut\u00e9 du brun est qu&#8217;il convient \u00e0 presque tous les teints! Des carnations claires aux tons plus profonds, il y a une nuance pour chacun. <\/p>\n<p>Si votre peau est plut\u00f4t claire, optez pour des teintes chaudes comme le caramel ou le miel qui mettront en valeur votre \u00e9clat naturel.<\/p>\n<p>En revanche, si vous avez un teint plus fonc\u00e9, adoptez des bruns chocolat\u00e9s riches ou m\u00eame l&#8217;acajou pour un look frappant et radieux. <\/p>\n<p>Le port du brun offre une palette de choix adapt\u00e9e \u00e0 chaque individu. Osez explorer cette gamme riche et polyvalente pour rehausser votre beaut\u00e9 naturelle.<\/p>\n<p>Que vous soyez doux comme le miel ou intense comme l&#8217;acajou, la couleur brune a quelque chose d&#8217;unique \u00e0 offrir. Faites ressortir vos traits distinctifs avec cette couleur versatile et intemporelle.<\/p>\n<p><img loading=\"lazy\" decoding=\"async\" class=\"lazyload articleImageSquare_CGEN\" height=\"400\" width=\"400\" src=\"https:\/\/www.belgae.be\/imageHolder\/\/wp-content\/uploads\/sites\/2\/2023\/07\/loading-spinner-belgae.gif\" data-src=\"https:\/\/www.belgae.be\/imageHolder\/\/wp-content\/uploads\/sites\/2\/2023\/08\/tmpj63hn4lt.jpg\" alt=\"tmpj63hn4lt\" \/><\/p>\n<h2 id=\"balise_4\">La Meilleure Saison pour Porter la Couleur Marron<\/h2>\n<p>Le brun est une couleur incroyablement polyvalente qui traverse les saisons. Cependant, elle brille particuli\u00e8rement durant les mois d&#8217;automne lorsque la palette de la nature se transforme en nuances chaudes d&#8217;or et d&#8217;orange. <\/p>\n<p>Adaptez-vous aux feuilles changeantes en incorporant diff\u00e9rentes nuances de brun dans votre garde-robe &#8211; des pulls douillets \u00e0 l\u2019outerwear \u00e9l\u00e9gante, vous vous fondrez sans effort dans le paysage automnal.<\/p>\n<p>Cela dit, ne vous limitez pas! Le brun peut \u00e9galement apporter de la chaleur aux tenues hivernales ou \u00eatre un changement rafra\u00eechissant au milieu des floraisons printani\u00e8res. M\u00eame pendant l&#8217;\u00e9t\u00e9, des teintes plus claires comme le beige ou le camel peuvent ajouter une touche de sophistication \u00e0 votre tenue baln\u00e9aire.<\/p>\n<p><img loading=\"lazy\" decoding=\"async\" class=\"lazyload articleImageSquare_CGEN\" height=\"400\" width=\"400\" src=\"https:\/\/www.belgae.be\/imageHolder\/\/wp-content\/uploads\/sites\/2\/2023\/07\/loading-spinner-belgae.gif\" data-src=\"https:\/\/www.belgae.be\/imageHolder\/\/wp-content\/uploads\/sites\/2\/2023\/08\/tmphvt08756.jpg\" alt=\"tmphvt\" \/><\/p>\n<h2 id=\"balise_5\">Porter des Chaussures Marron : Une Bonne Id\u00e9e ? <\/h2>\n<p>Absolument! Les chaussures brunes ne sont pas seulement une bonne id\u00e9e, mais aussi un ajout essentiel \u00e0 la collection de chaussures de toute personne soucieuse de la mode. Elles offrent une polyvalence in\u00e9gal\u00e9e par les autres couleurs, passant sans effort entre les sorties d\u00e9contract\u00e9es et les \u00e9v\u00e9nements formels.<\/p>\n<p>Pour les hommes, associer des chaussures en cuir marron avec des costumes navy cr\u00e9e un m\u00e9lange intemporel tout en ajoutant du caract\u00e8re et de la profondeur.<\/p>\n<p>Les dames peuvent opter pour des bottines dans des tons chocolat riches qui compl\u00e8tent parfaitement jeans, jupes ou robes!<\/p>\n<p><img loading=\"lazy\" decoding=\"async\" class=\"lazyload articleImageSquare_CGEN\" height=\"400\" width=\"400\" src=\"https:\/\/www.belgae.be\/imageHolder\/\/wp-content\/uploads\/sites\/2\/2023\/07\/loading-spinner-belgae.gif\" data-src=\"https:\/\/www.belgae.be\/imageHolder\/\/wp-content\/uploads\/sites\/2\/2023\/08\/tmpkbmbr9ks.jpg\" alt=\"tmpkbmbr9ks\" \/><\/p>\n<h2 id=\"balise_6\">Faux Pas de la Mode : Erreurs Courantes \u00e0 \u00c9viter Lorsque vous Portez du Marron<\/h2>\n<p>Porter du marron offre de nombreuses opportunit\u00e9s de style. Cependant, il y a des erreurs courantes \u00e0 \u00e9viter :<\/p>\n<p>1) M\u00e9langer trop de nuances diff\u00e9rentes de marron dans une seule tenue &#8211; limitez-vous \u00e0 deux tons compl\u00e9mentaires au maximum!<\/p>\n<p>2) Associer des accessoires noirs avec du marron &#8211; essayez plut\u00f4t d&#8217;opter pour des accessoires neutres qui s&#8217;harmonisent mieux.<\/p>\n<p>3) N\u00e9gliger l&#8217;ajustement ad\u00e9quat \u2013 assurez-vous que vos v\u00eatements vous vont bien car un mauvais ajustement diminue le charme g\u00e9n\u00e9ral, quel que soit le choix de la couleur. <\/p>\n<p>Gardez ces conseils en t\u00eate lors du choix d&#8217;une tenue. Chaque d\u00e9tail compte pour cr\u00e9er un look r\u00e9ussi et \u00e9l\u00e9gant. La cl\u00e9 est toujours dans les d\u00e9tails subtils qui font toute la diff\u00e9rence.<\/p>\n<p>En fin de compte, porter correctement du marron peut \u00eatre simple si vous suivez ces directives simples mais efficaces. Alors n&#8217;h\u00e9sitez pas \u00e0 exp\u00e9rimenter avec cette couleur classique!<\/p>\n<p><img loading=\"lazy\" decoding=\"async\" class=\"lazyload articleImageSquare_CGEN\" height=\"400\" width=\"400\" src=\"https:\/\/www.belgae.be\/imageHolder\/\/wp-content\/uploads\/sites\/2\/2023\/07\/loading-spinner-belgae.gif\" data-src=\"https:\/\/www.belgae.be\/imageHolder\/\/wp-content\/uploads\/sites\/2\/2023\/08\/tmpf8ekeq58.jpg\" alt=\"tmpf8ekeq\" \/><\/p>\n<h2 id=\"balise_7\">L&#8217;Impact du Port de la Couleur Marron sur notre Psychologie<\/h2>\n<p>Les couleurs ont des effets psychologiques profonds sur nos esprits et nos \u00e9motions ; porter du brun ne fait pas exception ! Comme mentionn\u00e9 pr\u00e9c\u00e9demment, le brun \u00e9voque des sentiments de stabilit\u00e9 et de fiabilit\u00e9. Il peut \u00e9galement cr\u00e9er un sentiment de s\u00e9curit\u00e9, vous faisant sentir plus ancr\u00e9 et connect\u00e9 \u00e0 votre environnement.<\/p>\n<p>De plus, porter du brun peut favoriser un sentiment d&#8217;accessibilit\u00e9 et de chaleur envers les autres, encourageant une communication ouverte.<\/p>\n<p><img loading=\"lazy\" decoding=\"async\" class=\"lazyload articleImageSquare_CGEN\" height=\"400\" width=\"400\" src=\"https:\/\/www.belgae.be\/imageHolder\/\/wp-content\/uploads\/sites\/2\/2023\/07\/loading-spinner-belgae.gif\" data-src=\"https:\/\/www.belgae.be\/imageHolder\/\/wp-content\/uploads\/sites\/2\/2023\/08\/tmp3tny8vf7.jpg\" alt=\"tmp3tny8vf\" \/><\/p>\n<h2 id=\"balise_8\">Porter la Couleur Marron : Quelle Signification Spirituelle ? <\/h2>\n<p>Du point de vue spirituel, la couleur marron symbolise l&#8217;ancrage dans l&#8217;\u00e9nergie de la nature. Elle repr\u00e9sente la stabilit\u00e9 et \u00eatre fermement enracin\u00e9 comme la terre sous nos pieds. En portant du marron avec intention ou en l&#8217;int\u00e9grant dans nos espaces de vie, nous invitons \u00e9quilibre et harmonie dans notre existence.<\/p>\n<p>La teinte marron fait r\u00e9f\u00e9rence \u00e0 une connexion profonde avec le monde naturel. C&#8217;est un rappel constant des racines solides que nous partageons tous avec M\u00e8re Nature elle-m\u00eame.<\/p>\n<p>Son utilisation d\u00e9lib\u00e9r\u00e9e peut apporter une s\u00e9r\u00e9nit\u00e9 tangible, cr\u00e9ant un sentiment d&#8217;unit\u00e9 entre soi et son environnement. Cette couleur favorise \u00e9galement un sentiment d&#8217;\u00e9quilibre &#8211; crucial pour maintenir une perspective saine sur le monde qui nous entoure.<\/p>\n<p>En conclusion, adopter cette nuance terreuse est plus qu&#8217;un choix esth\u00e9tique ; c&#8217;est embrasser pleinement les cadeaux cach\u00e9s que seul le r\u00e8gne naturel peut offrir : stabilit\u00e9, \u00e9quilibre et harmonie.<\/p>\n<p><img loading=\"lazy\" decoding=\"async\" class=\"lazyload articleImageSquare_CGEN\" height=\"400\" width=\"400\" src=\"https:\/\/www.belgae.be\/imageHolder\/\/wp-content\/uploads\/sites\/2\/2023\/07\/loading-spinner-belgae.gif\" data-src=\"https:\/\/www.belgae.be\/imageHolder\/\/wp-content\/uploads\/sites\/2\/2023\/08\/tmpbpj8cm7x.jpg\" alt=\"tmpbpj8cm7x\" \/><\/p>\n<h2 id=\"balise_9\">Porter la couleur marron dans un r\u00eave : quelle est la signification ? <\/h2>\n<p>Les r\u00eaves portent souvent des significations symboliques. Pourtant, leur interpr\u00e9tation est subjective car ils sont propres \u00e0 chaque individu. <\/p>\n<p>Si vous vous voyez porter du brun dans un r\u00eave, contextuellement pertinent \u00e0 votre vie \u00e0 ce moment-l\u00e0 &#8211; cela pourrait signifier trouver une stabilit\u00e9 au milieu de l&#8217;incertitude ou privil\u00e9gier la praticit\u00e9 sur l&#8217;extravagance.<\/p>\n<p>En conclusion, ne sous-estimez pas le pouvoir du brun! Cette couleur polyvalente a beaucoup plus de profondeur qu&#8217;il n&#8217;y para\u00eet &#8211; de son impact \u00e9motionnel sur nous-m\u00eames et les autres jusqu&#8217;\u00e0 sa capacit\u00e9 \u00e0 complimenter divers tons de peau. Alors allez-y &#8211; adoptez cette teinte chaleureuse en toutes saisons tout en \u00e9vitant les faux pas mode courants!<\/p>\n<p>La couleur brune peut \u00eatre bien plus que juste une nuance parmi d&#8217;autres dans votre garde-robe. Elle peut aussi repr\u00e9senter un \u00e9tat d&#8217;esprit, une philosophie ou m\u00eame un guide pour naviguer dans la complexit\u00e9 des interactions sociales et personnelles.<\/p>\n<p>Donc n&#8217;h\u00e9sitez pas! Que ce soit pour une occasion sp\u00e9ciale ou simplement pour ajouter quelque chose de nouveau et diff\u00e9rent \u00e0 vos tenues quotidiennes &#8211; choisissez le brun! C&#8217;est non seulement \u00e9l\u00e9gant mais aussi incroyablement versatile.<\/p>\n","protected":false},"excerpt":{"rendered":"<p>Lib\u00e9rez la puissance des nuances terreuses avec notre guide sur comment porter du marron !<\/p>\n","protected":false},"author":1,"featured_media":5002,"comment_status":"open","ping_status":"","sticky":false,"template":"","format":"standard","meta":{"_acf_changed":false,"_et_pb_use_builder":"","_et_pb_old_content":"","_et_gb_content_width":"","footnotes":""},"categories":[38],"tags":[],"class_list":["post-2939","post","type-post","status-publish","format-standard","has-post-thumbnail","hentry","category-look-style"],"acf":[],"yoast_head":"<!-- This site is optimized with the Yoast SEO plugin v27.5 - https:\/\/yoast.com\/product\/yoast-seo-wordpress\/ -->\n<title>Porter du marron : combinaisons, psychologie, etc | Belgae<\/title>\n<meta name=\"robots\" content=\"index, follow, max-snippet:-1, max-image-preview:large, max-video-preview:-1\" \/>\n<link rel=\"canonical\" href=\"https:\/\/www.belgae.be\/fr\/blog\/portant-du-marron\/\" \/>\n<meta property=\"og:locale\" content=\"fr_FR\" \/>\n<meta property=\"og:type\" content=\"article\" \/>\n<meta property=\"og:title\" content=\"Porter du marron : combinaisons, psychologie, etc | Belgae\" \/>\n<meta property=\"og:description\" content=\"Lib\u00e9rez la puissance des nuances terreuses avec notre guide sur comment porter du marron !\" \/>\n<meta property=\"og:url\" content=\"https:\/\/www.belgae.be\/fr\/blog\/portant-du-marron\/\" \/>\n<meta property=\"og:site_name\" content=\"Belgae\" \/>\n<meta property=\"article:published_time\" content=\"2023-08-03T13:40:59+00:00\" \/>\n<meta property=\"og:image\" content=\"https:\/\/www.belgae.be\/imageHolder\/\/wp-content\/uploads\/sites\/2\/2023\/07\/loading-spinner-belgae.gif\" \/>\n<meta name=\"author\" content=\"Cyril Gendarme\" \/>\n<meta name=\"twitter:card\" content=\"summary_large_image\" \/>\n<meta name=\"twitter:label1\" content=\"\u00c9crit par\" \/>\n\t<meta name=\"twitter:data1\" content=\"Cyril Gendarme\" \/>\n\t<meta name=\"twitter:label2\" content=\"Dur\u00e9e de lecture estim\u00e9e\" \/>\n\t<meta name=\"twitter:data2\" content=\"8 minutes\" \/>\n<script type=\"application\/ld+json\" class=\"yoast-schema-graph\">{\"@context\":\"https:\\\/\\\/schema.org\",\"@graph\":[{\"@type\":\"Article\",\"@id\":\"https:\\\/\\\/www.belgae.be\\\/fr\\\/blog\\\/portant-du-marron\\\/#article\",\"isPartOf\":{\"@id\":\"https:\\\/\\\/www.belgae.be\\\/fr\\\/blog\\\/portant-du-marron\\\/\"},\"author\":{\"name\":\"Cyril Gendarme\",\"@id\":\"https:\\\/\\\/www.belgae.be\\\/fr\\\/#\\\/schema\\\/person\\\/646b40b88212bc5335f9c4fa787df047\"},\"headline\":\"Porter du marron : combinaisons, psychologie, etc\",\"datePublished\":\"2023-08-03T13:40:59+00:00\",\"mainEntityOfPage\":{\"@id\":\"https:\\\/\\\/www.belgae.be\\\/fr\\\/blog\\\/portant-du-marron\\\/\"},\"wordCount\":1621,\"commentCount\":0,\"publisher\":{\"@id\":\"https:\\\/\\\/www.belgae.be\\\/fr\\\/#organization\"},\"image\":{\"@id\":\"https:\\\/\\\/www.belgae.be\\\/fr\\\/blog\\\/portant-du-marron\\\/#primaryimage\"},\"thumbnailUrl\":\"https:\\\/\\\/www.belgae.be\\\/fr\\\/wp-content\\\/uploads\\\/sites\\\/2\\\/2023\\\/08\\\/cyril_ge_miscellaneous_pieces_of_clothing_black_and_white_Franc_c807eb9e-031c-45e1-a390-f48635b4b831-1.webp\",\"articleSection\":[\"Look &amp; Style\"],\"inLanguage\":\"fr-FR\",\"potentialAction\":[{\"@type\":\"CommentAction\",\"name\":\"Comment\",\"target\":[\"https:\\\/\\\/www.belgae.be\\\/fr\\\/blog\\\/portant-du-marron\\\/#respond\"]}]},{\"@type\":\"WebPage\",\"@id\":\"https:\\\/\\\/www.belgae.be\\\/fr\\\/blog\\\/portant-du-marron\\\/\",\"url\":\"https:\\\/\\\/www.belgae.be\\\/fr\\\/blog\\\/portant-du-marron\\\/\",\"name\":\"Porter du marron : combinaisons, psychologie, etc | Belgae\",\"isPartOf\":{\"@id\":\"https:\\\/\\\/www.belgae.be\\\/fr\\\/#website\"},\"primaryImageOfPage\":{\"@id\":\"https:\\\/\\\/www.belgae.be\\\/fr\\\/blog\\\/portant-du-marron\\\/#primaryimage\"},\"image\":{\"@id\":\"https:\\\/\\\/www.belgae.be\\\/fr\\\/blog\\\/portant-du-marron\\\/#primaryimage\"},\"thumbnailUrl\":\"https:\\\/\\\/www.belgae.be\\\/fr\\\/wp-content\\\/uploads\\\/sites\\\/2\\\/2023\\\/08\\\/cyril_ge_miscellaneous_pieces_of_clothing_black_and_white_Franc_c807eb9e-031c-45e1-a390-f48635b4b831-1.webp\",\"datePublished\":\"2023-08-03T13:40:59+00:00\",\"breadcrumb\":{\"@id\":\"https:\\\/\\\/www.belgae.be\\\/fr\\\/blog\\\/portant-du-marron\\\/#breadcrumb\"},\"inLanguage\":\"fr-FR\",\"potentialAction\":[{\"@type\":\"ReadAction\",\"target\":[\"https:\\\/\\\/www.belgae.be\\\/fr\\\/blog\\\/portant-du-marron\\\/\"]}]},{\"@type\":\"ImageObject\",\"inLanguage\":\"fr-FR\",\"@id\":\"https:\\\/\\\/www.belgae.be\\\/fr\\\/blog\\\/portant-du-marron\\\/#primaryimage\",\"url\":\"https:\\\/\\\/www.belgae.be\\\/fr\\\/wp-content\\\/uploads\\\/sites\\\/2\\\/2023\\\/08\\\/cyril_ge_miscellaneous_pieces_of_clothing_black_and_white_Franc_c807eb9e-031c-45e1-a390-f48635b4b831-1.webp\",\"contentUrl\":\"https:\\\/\\\/www.belgae.be\\\/fr\\\/wp-content\\\/uploads\\\/sites\\\/2\\\/2023\\\/08\\\/cyril_ge_miscellaneous_pieces_of_clothing_black_and_white_Franc_c807eb9e-031c-45e1-a390-f48635b4b831-1.webp\"},{\"@type\":\"BreadcrumbList\",\"@id\":\"https:\\\/\\\/www.belgae.be\\\/fr\\\/blog\\\/portant-du-marron\\\/#breadcrumb\",\"itemListElement\":[{\"@type\":\"ListItem\",\"position\":1,\"name\":\"Accueil\",\"item\":\"https:\\\/\\\/www.belgae.be\\\/fr\\\/\"},{\"@type\":\"ListItem\",\"position\":2,\"name\":\"Porter du marron : combinaisons, psychologie, etc\"}]},{\"@type\":\"WebSite\",\"@id\":\"https:\\\/\\\/www.belgae.be\\\/fr\\\/#website\",\"url\":\"https:\\\/\\\/www.belgae.be\\\/fr\\\/\",\"name\":\"Belgae\",\"description\":\"Art &amp; Mode Belge\",\"publisher\":{\"@id\":\"https:\\\/\\\/www.belgae.be\\\/fr\\\/#organization\"},\"potentialAction\":[{\"@type\":\"SearchAction\",\"target\":{\"@type\":\"EntryPoint\",\"urlTemplate\":\"https:\\\/\\\/www.belgae.be\\\/fr\\\/?s={search_term_string}\"},\"query-input\":{\"@type\":\"PropertyValueSpecification\",\"valueRequired\":true,\"valueName\":\"search_term_string\"}}],\"inLanguage\":\"fr-FR\"},{\"@type\":\"Organization\",\"@id\":\"https:\\\/\\\/www.belgae.be\\\/fr\\\/#organization\",\"name\":\"Belgae\",\"url\":\"https:\\\/\\\/www.belgae.be\\\/fr\\\/\",\"logo\":{\"@type\":\"ImageObject\",\"inLanguage\":\"fr-FR\",\"@id\":\"https:\\\/\\\/www.belgae.be\\\/fr\\\/#\\\/schema\\\/logo\\\/image\\\/\",\"url\":\"https:\\\/\\\/www.belgae.be\\\/fr\\\/wp-content\\\/uploads\\\/sites\\\/2\\\/2023\\\/07\\\/Sans-titre1-Copie.png\",\"contentUrl\":\"https:\\\/\\\/www.belgae.be\\\/fr\\\/wp-content\\\/uploads\\\/sites\\\/2\\\/2023\\\/07\\\/Sans-titre1-Copie.png\",\"width\":88,\"height\":88,\"caption\":\"Belgae\"},\"image\":{\"@id\":\"https:\\\/\\\/www.belgae.be\\\/fr\\\/#\\\/schema\\\/logo\\\/image\\\/\"}},{\"@type\":\"Person\",\"@id\":\"https:\\\/\\\/www.belgae.be\\\/fr\\\/#\\\/schema\\\/person\\\/646b40b88212bc5335f9c4fa787df047\",\"name\":\"Cyril Gendarme\",\"sameAs\":[\"https:\\\/\\\/www.belgae.be\"],\"url\":\"https:\\\/\\\/www.belgae.be\\\/fr\\\/blog\\\/author\\\/cgen\\\/\"}]}<\/script>\n<!-- \/ Yoast SEO plugin. -->","yoast_head_json":{"title":"Porter du marron : combinaisons, psychologie, etc | Belgae","robots":{"index":"index","follow":"follow","max-snippet":"max-snippet:-1","max-image-preview":"max-image-preview:large","max-video-preview":"max-video-preview:-1"},"canonical":"https:\/\/www.belgae.be\/fr\/blog\/portant-du-marron\/","og_locale":"fr_FR","og_type":"article","og_title":"Porter du marron : combinaisons, psychologie, etc | Belgae","og_description":"Lib\u00e9rez la puissance des nuances terreuses avec notre guide sur comment porter du marron !","og_url":"https:\/\/www.belgae.be\/fr\/blog\/portant-du-marron\/","og_site_name":"Belgae","article_published_time":"2023-08-03T13:40:59+00:00","og_image":[{"url":"https:\/\/www.belgae.be\/imageHolder\/\/wp-content\/uploads\/sites\/2\/2023\/07\/loading-spinner-belgae.gif","type":"","width":"","height":""}],"author":"Cyril Gendarme","twitter_card":"summary_large_image","twitter_misc":{"\u00c9crit par":"Cyril Gendarme","Dur\u00e9e de lecture estim\u00e9e":"8 minutes"},"schema":{"@context":"https:\/\/schema.org","@graph":[{"@type":"Article","@id":"https:\/\/www.belgae.be\/fr\/blog\/portant-du-marron\/#article","isPartOf":{"@id":"https:\/\/www.belgae.be\/fr\/blog\/portant-du-marron\/"},"author":{"name":"Cyril Gendarme","@id":"https:\/\/www.belgae.be\/fr\/#\/schema\/person\/646b40b88212bc5335f9c4fa787df047"},"headline":"Porter du marron : combinaisons, psychologie, etc","datePublished":"2023-08-03T13:40:59+00:00","mainEntityOfPage":{"@id":"https:\/\/www.belgae.be\/fr\/blog\/portant-du-marron\/"},"wordCount":1621,"commentCount":0,"publisher":{"@id":"https:\/\/www.belgae.be\/fr\/#organization"},"image":{"@id":"https:\/\/www.belgae.be\/fr\/blog\/portant-du-marron\/#primaryimage"},"thumbnailUrl":"https:\/\/www.belgae.be\/fr\/wp-content\/uploads\/sites\/2\/2023\/08\/cyril_ge_miscellaneous_pieces_of_clothing_black_and_white_Franc_c807eb9e-031c-45e1-a390-f48635b4b831-1.webp","articleSection":["Look &amp; Style"],"inLanguage":"fr-FR","potentialAction":[{"@type":"CommentAction","name":"Comment","target":["https:\/\/www.belgae.be\/fr\/blog\/portant-du-marron\/#respond"]}]},{"@type":"WebPage","@id":"https:\/\/www.belgae.be\/fr\/blog\/portant-du-marron\/","url":"https:\/\/www.belgae.be\/fr\/blog\/portant-du-marron\/","name":"Porter du marron : combinaisons, psychologie, etc | Belgae","isPartOf":{"@id":"https:\/\/www.belgae.be\/fr\/#website"},"primaryImageOfPage":{"@id":"https:\/\/www.belgae.be\/fr\/blog\/portant-du-marron\/#primaryimage"},"image":{"@id":"https:\/\/www.belgae.be\/fr\/blog\/portant-du-marron\/#primaryimage"},"thumbnailUrl":"https:\/\/www.belgae.be\/fr\/wp-content\/uploads\/sites\/2\/2023\/08\/cyril_ge_miscellaneous_pieces_of_clothing_black_and_white_Franc_c807eb9e-031c-45e1-a390-f48635b4b831-1.webp","datePublished":"2023-08-03T13:40:59+00:00","breadcrumb":{"@id":"https:\/\/www.belgae.be\/fr\/blog\/portant-du-marron\/#breadcrumb"},"inLanguage":"fr-FR","potentialAction":[{"@type":"ReadAction","target":["https:\/\/www.belgae.be\/fr\/blog\/portant-du-marron\/"]}]},{"@type":"ImageObject","inLanguage":"fr-FR","@id":"https:\/\/www.belgae.be\/fr\/blog\/portant-du-marron\/#primaryimage","url":"https:\/\/www.belgae.be\/fr\/wp-content\/uploads\/sites\/2\/2023\/08\/cyril_ge_miscellaneous_pieces_of_clothing_black_and_white_Franc_c807eb9e-031c-45e1-a390-f48635b4b831-1.webp","contentUrl":"https:\/\/www.belgae.be\/fr\/wp-content\/uploads\/sites\/2\/2023\/08\/cyril_ge_miscellaneous_pieces_of_clothing_black_and_white_Franc_c807eb9e-031c-45e1-a390-f48635b4b831-1.webp"},{"@type":"BreadcrumbList","@id":"https:\/\/www.belgae.be\/fr\/blog\/portant-du-marron\/#breadcrumb","itemListElement":[{"@type":"ListItem","position":1,"name":"Accueil","item":"https:\/\/www.belgae.be\/fr\/"},{"@type":"ListItem","position":2,"name":"Porter du marron : combinaisons, psychologie, etc"}]},{"@type":"WebSite","@id":"https:\/\/www.belgae.be\/fr\/#website","url":"https:\/\/www.belgae.be\/fr\/","name":"Belgae","description":"Art &amp; Mode Belge","publisher":{"@id":"https:\/\/www.belgae.be\/fr\/#organization"},"potentialAction":[{"@type":"SearchAction","target":{"@type":"EntryPoint","urlTemplate":"https:\/\/www.belgae.be\/fr\/?s={search_term_string}"},"query-input":{"@type":"PropertyValueSpecification","valueRequired":true,"valueName":"search_term_string"}}],"inLanguage":"fr-FR"},{"@type":"Organization","@id":"https:\/\/www.belgae.be\/fr\/#organization","name":"Belgae","url":"https:\/\/www.belgae.be\/fr\/","logo":{"@type":"ImageObject","inLanguage":"fr-FR","@id":"https:\/\/www.belgae.be\/fr\/#\/schema\/logo\/image\/","url":"https:\/\/www.belgae.be\/fr\/wp-content\/uploads\/sites\/2\/2023\/07\/Sans-titre1-Copie.png","contentUrl":"https:\/\/www.belgae.be\/fr\/wp-content\/uploads\/sites\/2\/2023\/07\/Sans-titre1-Copie.png","width":88,"height":88,"caption":"Belgae"},"image":{"@id":"https:\/\/www.belgae.be\/fr\/#\/schema\/logo\/image\/"}},{"@type":"Person","@id":"https:\/\/www.belgae.be\/fr\/#\/schema\/person\/646b40b88212bc5335f9c4fa787df047","name":"Cyril Gendarme","sameAs":["https:\/\/www.belgae.be"],"url":"https:\/\/www.belgae.be\/fr\/blog\/author\/cgen\/"}]}},"_links":{"self":[{"href":"https:\/\/www.belgae.be\/fr\/wp-json\/wp\/v2\/posts\/2939","targetHints":{"allow":["GET"]}}],"collection":[{"href":"https:\/\/www.belgae.be\/fr\/wp-json\/wp\/v2\/posts"}],"about":[{"href":"https:\/\/www.belgae.be\/fr\/wp-json\/wp\/v2\/types\/post"}],"author":[{"embeddable":true,"href":"https:\/\/www.belgae.be\/fr\/wp-json\/wp\/v2\/users\/1"}],"replies":[{"embeddable":true,"href":"https:\/\/www.belgae.be\/fr\/wp-json\/wp\/v2\/comments?post=2939"}],"version-history":[{"count":0,"href":"https:\/\/www.belgae.be\/fr\/wp-json\/wp\/v2\/posts\/2939\/revisions"}],"wp:featuredmedia":[{"embeddable":true,"href":"https:\/\/www.belgae.be\/fr\/wp-json\/"}],"wp:attachment":[{"href":"https:\/\/www.belgae.be\/fr\/wp-json\/wp\/v2\/media?parent=2939"}],"wp:term":[{"taxonomy":"category","embeddable":true,"href":"https:\/\/www.belgae.be\/fr\/wp-json\/wp\/v2\/categories?post=2939"},{"taxonomy":"post_tag","embeddable":true,"href":"https:\/\/www.belgae.be\/fr\/wp-json\/wp\/v2\/tags?post=2939"}],"curies":[{"name":"wp","href":"https:\/\/api.w.org\/{rel}","templated":true}]}}