{"id":2938,"date":"2023-08-03T13:40:43","date_gmt":"2023-08-03T13:40:43","guid":{"rendered":"https:\/\/www.belgae.be\/fr\/blog\/portant-du-orange\/"},"modified":"2023-08-04T10:42:16","modified_gmt":"2023-08-04T10:42:16","slug":"portant-du-orange","status":"publish","type":"post","link":"https:\/\/www.belgae.be\/fr\/blog\/portant-du-orange\/","title":{"rendered":"Porter de l&#8217;orange : combinaisons, psychologie, etc"},"content":{"rendered":"<p>Lib\u00e9rez votre fashionista int\u00e9rieure et osez attirer l&#8217;attention avec une \u00e9clatante touche de couleur ! Cet article plonge dans le monde vibrant du port de l&#8217;orange. Nous explorons des combinaisons \u00e9lectrisantes, nous plongeons profond\u00e9ment dans sa psychologie, et plus encore.<\/p>\n<p>Pr\u00e9parez-vous \u00e0 sortir avec style alors que nous d\u00e9codons la teinte flamboyante qui est pr\u00eate \u00e0 r\u00e9volutionner les garde-robes du monde entier. Pr\u00e9parez-vous pour un voyage exaltant \u00e0 travers les r\u00eaves de tangerine !<\/p>\n<section class=\"contentTable_table\">\n<p class=\"contentTable_title\">Table des mati\u00e8res : <\/p>\n<p class=\"contentTable_elem\"><a href=\"#balise_0\">1. Introduction : Comment Porter du Orange<\/a><\/p>\n<p class=\"contentTable_elem\"><a href=\"#balise_1\">2. Quelles \u00e9motions sont exprim\u00e9es en portant du orange ? <\/a><\/p>\n<p class=\"contentTable_elem\"><a href=\"#balise_2\">3. Associations : Quelles couleurs s&#8217;accordent avec le port de v\u00eatements orange ? <\/a><\/p>\n<p class=\"contentTable_elem\"><a href=\"#balise_3\">4. Quel teint s&#8217;accorde bien avec une tenue orange ? <\/a><\/p>\n<p class=\"contentTable_elem\"><a href=\"#balise_4\">5. La Meilleure Saison Pour Porter la Couleur Orange<\/a><\/p>\n<p class=\"contentTable_elem\"><a href=\"#balise_5\">6. Porter des Chaussures Orange : Une Bonne Id\u00e9e ? <\/a><\/p>\n<p class=\"contentTable_elem\"><a href=\"#balise_6\">7. Faux Pas de Mode : Erreurs courantes \u00e0 \u00e9viter lorsque vous portez du orange<\/a><\/p>\n<p class=\"contentTable_elem\"><a href=\"#balise_7\">8. L&#8217;Impact du Port de la Couleur Orange sur notre Psychologie<\/a><\/p>\n<p class=\"contentTable_elem\"><a href=\"#balise_8\">9. Porter la couleur orange : Quelle signification spirituelle cela-t-il ? <\/a><\/p>\n<p class=\"contentTable_elem\"><a href=\"#balise_9\">10. Porter la couleur orange dans un r\u00eave : Quelle est la signification ? <\/a><\/p>\n<\/section>\n<p><img loading=\"lazy\" decoding=\"async\" class=\"lazyload articleImageSquare_CGEN\" height=\"400\" width=\"400\" src=\"https:\/\/www.belgae.be\/imageHolder\/\/wp-content\/uploads\/sites\/2\/2023\/07\/loading-spinner-belgae.gif\" data-src=\"https:\/\/www.belgae.be\/imageHolder\/\/wp-content\/uploads\/sites\/2\/2023\/08\/tmpnwcdl_0d.jpg\" alt=\"tmpnwcdl_0d\" \/><\/p>\n<h2 id=\"balise_0\">Introduction : Comment Porter du Orange<\/h2>\n<p>Pr\u00eat \u00e0 incorporer une touche de couleur et d&#8217;\u00e9nergie dans votre garde-robe ?<\/p>\n<p> Ne cherchez pas plus loin que la teinte vibrante de l&#8217;orange ! Cette nuance audacieuse et ludique a le pouvoir d&#8217;\u00e9lever instantan\u00e9ment n&#8217;importe quelle tenue.<\/p>\n<p>Que vous soyez novice en mati\u00e8re de port de l&#8217;orange ou que vous cherchiez des moyens nouveaux pour le styliser, ce guide est l\u00e0 pour vous aider. Il permettra d&#8217;afficher cette couleur remarquable avec assurance. <\/p>\n<p>Laissez-vous s\u00e9duire par la chaleur du orange, qui \u00e9voque les couchers de soleil estivaux et les agrumes juteux. Exp\u00e9rimentez avec diff\u00e9rentes nuances &#8211; du corail clair au rouille profond &#8211; pour d\u00e9couvrir celle qui convient le mieux \u00e0 votre peau.<\/p>\n<p>N&#8217;h\u00e9sitez plus : faites place \u00e0 l&#8217;orange dans votre vie quotidienne ! C&#8217;est un choix audacieux mais gratifiant, promis.<\/p>\n<p><img loading=\"lazy\" decoding=\"async\" class=\"lazyload articleImageSquare_CGEN\" height=\"400\" width=\"400\" src=\"https:\/\/www.belgae.be\/imageHolder\/\/wp-content\/uploads\/sites\/2\/2023\/07\/loading-spinner-belgae.gif\" data-src=\"https:\/\/www.belgae.be\/imageHolder\/\/wp-content\/uploads\/sites\/2\/2023\/08\/tmple_nsyru.jpg\" alt=\"tmple_nsyru\" \/><\/p>\n<h2 id=\"balise_1\">Quelles \u00e9motions sont exprim\u00e9es en portant du orange ? <\/h2>\n<p>L&#8217;orange est ind\u00e9niablement associ\u00e9 \u00e0 des sentiments d&#8217;enthousiasme, de cr\u00e9ativit\u00e9 et de joie. C&#8217;est comme un rayon de soleil sous forme vestimentaire ! En portant du orange, non seulement vous d\u00e9gagez une \u00e9nergie positive mais vous captez \u00e9galement l&#8217;attention de tous.<\/p>\n<p>Cette couleur vivante exhale une chaleur qui peut am\u00e9liorer votre humeur ainsi que celle des personnes autour de vous. Elle attire les regards tout en r\u00e9pandant la gaiet\u00e9. Lorsqu&#8217;on choisit l&#8217;orange, on opte pour la vitalit\u00e9 et le dynamisme.<\/p>\n<p>Porter du orange signifie embrasser le positivisme et attirer l&#8217;\u00e9nergie positive. Cette teinte vibrante offre un sentiment d&#8217;accueil chaleureux o\u00f9 qu&#8217;elle soit pr\u00e9sente. Nul ne peut r\u00e9sister \u00e0 sa vivacit\u00e9 contagieuse !<\/p>\n<p>En somme, l\u2019orange n\u2019est pas qu\u2019une simple couleur : c&#8217;est un v\u00e9ritable \u00e9tat d\u2019esprit qui suscite optimisme et bonheur chez ceux qui s&#8217;y adonnent.<\/p>\n<p><img loading=\"lazy\" decoding=\"async\" class=\"lazyload articleImageSquare_CGEN\" height=\"400\" width=\"400\" src=\"https:\/\/www.belgae.be\/imageHolder\/\/wp-content\/uploads\/sites\/2\/2023\/07\/loading-spinner-belgae.gif\" data-src=\"https:\/\/www.belgae.be\/imageHolder\/\/wp-content\/uploads\/sites\/2\/2023\/08\/tmpjwx0cs3p.jpg\" alt=\"tmpjwx0cs3p\" \/><\/p>\n<h2 id=\"balise_2\">Associations : Quelles couleurs s&#8217;accordent avec le port de v\u00eatements orange ? <\/h2>\n<p>En mati\u00e8re d&#8217;association de couleurs avec des v\u00eatements orange, les possibilit\u00e9s sont infinies et permettent \u00e0 la fois l&#8217;harmonie et le contraste. Pour un look harmonieux, optez pour des nuances dans le m\u00eame spectre chaud comme les jaunes ou les rouges.<\/p>\n<p>Si vous \u00eates plus attir\u00e9 par des combinaisons contrast\u00e9es qui r\u00e9veillent votre nature artistique, essayez d&#8217;ajouter quelques tons froids tels que bleus ou verts &#8211; ils feront une d\u00e9claration accrocheuse!<\/p>\n<p>Les v\u00eatements orange offrent un terrain d&#8217;experimentation riche en couleur. Laissez libre cours \u00e0 votre imagination en associant diff\u00e9rentes teintes. Trouvez l&#8217;\u00e9quilibre parfait entre harmonie et contraste pour cr\u00e9er une tenue unique.<\/p>\n<p>N&#8217;h\u00e9sitez pas \u00e0 jouer avec la palette de couleurs pour personnaliser vos tenues selon vos envies du moment. Les tons chauds apportent douceur tandis que les tons froids dynamisent &#8211; c&#8217;est ce m\u00e9lange qui rend chaque association unique!<\/p>\n<p><img loading=\"lazy\" decoding=\"async\" class=\"lazyload articleImageSquare_CGEN\" height=\"400\" width=\"400\" src=\"https:\/\/www.belgae.be\/imageHolder\/\/wp-content\/uploads\/sites\/2\/2023\/07\/loading-spinner-belgae.gif\" data-src=\"https:\/\/www.belgae.be\/imageHolder\/\/wp-content\/uploads\/sites\/2\/2023\/08\/tmp_qhgzuby.jpg\" alt=\"tmp_qhgzuby\" \/><\/p>\n<h2 id=\"balise_3\">Quel teint s&#8217;accorde bien avec une tenue orange ? <\/h2>\n<p>La beaut\u00e9 de la couleur orange r\u00e9side dans sa polyvalence pour diverses carnations. Ceux qui ont des teintes plus chaudes devraient adopter des oranges profonds comme la tangerine ou le terracotta ; ces nuances compl\u00e8tent magnifiquement leur teint.<\/p>\n<p>Les personnes \u00e0 sous-ton froid peuvent explorer des nuances plus claires telles que les pastels p\u00eache. Ces couleurs cr\u00e9ent un bel \u00e9quilibre entre leur ton de peau et cette nuance lumineuse.<\/p>\n<p>Porter du orange offre une multitude d&#8217;options, adapt\u00e9es \u00e0 chaque individu. Les tons vifs se marient parfaitement avec une peau chaude, tandis que les tons doux sont id\u00e9aux pour une carnation fra\u00eeche.<\/p>\n<p>En somme, l&#8217;orange est un choix judicieux pour tous ceux qui souhaitent ajouter une touche color\u00e9e \u00e0 leur garde-robe tout en valorisant leurs caract\u00e9ristiques naturelles. Quelle que soit votre nuance pr\u00e9f\u00e9r\u00e9e, vous trouverez certainement celle qui vous convient le mieux dans ce spectre dynamique.<\/p>\n<p><img loading=\"lazy\" decoding=\"async\" class=\"lazyload articleImageSquare_CGEN\" height=\"400\" width=\"400\" src=\"https:\/\/www.belgae.be\/imageHolder\/\/wp-content\/uploads\/sites\/2\/2023\/07\/loading-spinner-belgae.gif\" data-src=\"https:\/\/www.belgae.be\/imageHolder\/\/wp-content\/uploads\/sites\/2\/2023\/08\/tmpcx04kszm.jpg\" alt=\"tmpcx04kszm\" \/><\/p>\n<h2 id=\"balise_4\">La Meilleure Saison Pour Porter la Couleur Orange<\/h2>\n<p>Port\u00e9 toute l&#8217;ann\u00e9e mais particuli\u00e8rement c\u00e9l\u00e9br\u00e9 lors de certaines saisons &#8211; explorons plus en profondeur :<\/p>\n<p>Automne : Au moment o\u00f9 les feuilles prennent une teinte dor\u00e9e, pourquoi ne pas refl\u00e9ter la beaut\u00e9 de la nature en incorporant des tons orange chaleureux dans votre garde-robe ?<\/p>\n<p> Ils capturent parfaitement l&#8217;esprit douillet et vibrant de cette saison.<\/p>\n<p>\u00c9t\u00e9 : Profitez des journ\u00e9es baign\u00e9es de soleil avec une explosion d&#8217;\u00e9nergie gr\u00e2ce \u00e0 des oranges vives. Ils canalisent sans effort les vibrations tropicales et ajoutent un \u00e9clat instantan\u00e9 \u00e0 n&#8217;importe quelle tenue estivale.<\/p>\n<p>Printemps : \u00c0 mesure que les fleurs \u00e9closent, adoptez l&#8217;essence vivante du printemps avec des oranges pastel doux qui refl\u00e8tent un nouveau d\u00e9part.<\/p>\n<p><img loading=\"lazy\" decoding=\"async\" class=\"lazyload articleImageSquare_CGEN\" height=\"400\" width=\"400\" src=\"https:\/\/www.belgae.be\/imageHolder\/\/wp-content\/uploads\/sites\/2\/2023\/07\/loading-spinner-belgae.gif\" data-src=\"https:\/\/www.belgae.be\/imageHolder\/\/wp-content\/uploads\/sites\/2\/2023\/08\/tmp1bu7eas2.jpg\" alt=\"tmp1bu7eas\" \/><\/p>\n<h2 id=\"balise_5\">Porter des Chaussures Orange : Une Bonne Id\u00e9e ? <\/h2>\n<p>Absolument! Des chaussures orange sont un excellent choix pour ceux qui recherchent une pi\u00e8ce forte pour rehausser leur tenue. Qu&#8217;il s&#8217;agisse de baskets ou de talons, elles apportent personnalit\u00e9 et ludisme \u00e0 n&#8217;importe quel style.<\/p>\n<p>Associez-les avec des v\u00eatements neutres comme le denim ou le noir pour un impact maximal. Laissez ces chaussures \u00eatre la vedette!<\/p>\n<p>Les nuances vibrantes attirent l&#8217;attention et cr\u00e9ent un contraste saisissant. Il est temps d&#8217;\u00e9clairer votre garde-robe avec cette couleur audacieuse.<\/p>\n<p>Osez \u00eatre diff\u00e9rent et exprimez-vous librement gr\u00e2ce \u00e0 ces accessoires color\u00e9s. Les chaussures orange sont plus qu&#8217;un simple ajout \u00e0 votre collection &#8211; elles sont une d\u00e9claration de mode en soi!<\/p>\n<p><img loading=\"lazy\" decoding=\"async\" class=\"lazyload articleImageSquare_CGEN\" height=\"400\" width=\"400\" src=\"https:\/\/www.belgae.be\/imageHolder\/\/wp-content\/uploads\/sites\/2\/2023\/07\/loading-spinner-belgae.gif\" data-src=\"https:\/\/www.belgae.be\/imageHolder\/\/wp-content\/uploads\/sites\/2\/2023\/08\/tmp3ct_qoii.jpg\" alt=\"tmp3ct_qoii\" \/><\/p>\n<h2 id=\"balise_6\">Faux Pas de Mode : Erreurs courantes \u00e0 \u00e9viter lorsque vous portez du orange<\/h2>\n<p>Porter de l&#8217;orange peut \u00eatre incroyablement \u00e0 la mode si on le fait bien. Il est essentiel d&#8217;\u00e9viter certaines erreurs courantes :<\/p>\n<p>En faire trop : L&#8217;\u00e9quilibre est crucial ; ne vous submergez pas en orange des pieds \u00e0 la t\u00eate, sauf si vous voulez ressembler \u00e0 un plot de circulation !<\/p>\n<p>Couleurs discordantes : Soyez attentif lorsque vous associez diff\u00e9rentes nuances ensemble ; assurez-vous qu&#8217;elles se compl\u00e8tent plut\u00f4t que s&#8217;affrontent.<\/p>\n<p>Ignorer les proportions : Portez une attention particuli\u00e8re aux coupes qui mettent en valeur votre silhouette car les v\u00eatements trop amples ou serr\u00e9s pourraient ne pas mettre en valeur cette couleur captivante.<\/p>\n<p>La cl\u00e9 du succ\u00e8s r\u00e9side dans l&#8217;\u00e9quilibre et la coh\u00e9rence des couleurs choisies, tout comme le choix judicieux de vos tenues pour valoriser au mieux votre silhouette avec cette couleur vibrante et dynamique qu&#8217;est l&#8217;orange.<\/p>\n<p><img loading=\"lazy\" decoding=\"async\" class=\"lazyload articleImageSquare_CGEN\" height=\"400\" width=\"400\" src=\"https:\/\/www.belgae.be\/imageHolder\/\/wp-content\/uploads\/sites\/2\/2023\/07\/loading-spinner-belgae.gif\" data-src=\"https:\/\/www.belgae.be\/imageHolder\/\/wp-content\/uploads\/sites\/2\/2023\/08\/tmp50kitvvc.jpg\" alt=\"tmp50kitvvc\" \/><\/p>\n<h2 id=\"balise_7\">L&#8217;Impact du Port de la Couleur Orange sur notre Psychologie<\/h2>\n<p>Les couleurs ont des effets psychologiques remarquables sur nos \u00e9motions et notre comportement &#8211; l&#8217;orange n&#8217;est pas une exception ! Cette teinte vibrante stimule la cr\u00e9ativit\u00e9, favorise l&#8217;enthousiasme et augmente m\u00eame l&#8217;interaction sociale. Alors, si vous avez besoin d&#8217;un suppl\u00e9ment de motivation ou d&#8217;inspiration tout au long de votre journ\u00e9e, essayez de porter quelque chose en orange !<\/p>\n<p>En effet, cette couleur chaleureuse peut vraiment faire toute la diff\u00e9rence dans votre humeur quotidienne. Elle est connue pour apporter une touche dynamique \u00e0 n\u2019importe quelle tenue.<\/p>\n<p>De plus, il a \u00e9t\u00e9 prouv\u00e9 que les tons orang\u00e9s peuvent am\u00e9liorer le bien-\u00eatre g\u00e9n\u00e9ral. Ils offrent un sentiment rafra\u00eechissant d&#8217;\u00e9nergie positive qui peut aider \u00e0 combattre le stress et la fatigue.<\/p>\n<p>Alors pourquoi ne pas inviter davantage ce ton vibrant dans votre vie ?<\/p>\n<p> Que ce soit par le biais des v\u00eatements que vous portez ou des objets que vous utilisez tous les jours &#8211; laissez-vous inspirer par l&#8217;\u00e9nergie vivifiante du orange !<\/p>\n<p><img loading=\"lazy\" decoding=\"async\" class=\"lazyload articleImageSquare_CGEN\" height=\"400\" width=\"400\" src=\"https:\/\/www.belgae.be\/imageHolder\/\/wp-content\/uploads\/sites\/2\/2023\/07\/loading-spinner-belgae.gif\" data-src=\"https:\/\/www.belgae.be\/imageHolder\/\/wp-content\/uploads\/sites\/2\/2023\/08\/tmp9cx9mw2h.jpg\" alt=\"tmp9cx9mw2h\" \/><\/p>\n<h2 id=\"balise_8\">Porter la couleur orange : Quelle signification spirituelle cela-t-il ? <\/h2>\n<p>En spiritualit\u00e9, le port de l&#8217;orange symbolise un lien avec le chakra sacr\u00e9. Ce chakra est associ\u00e9 \u00e0 la cr\u00e9ativit\u00e9, \u00e0 la passion et au bien-\u00eatre \u00e9motionnel. Il repr\u00e9sente la vitalit\u00e9 et encourage \u00e0 embrasser sa v\u00e9ritable expression de soi.<\/p>\n<p>Lorsque vous choisissez des v\u00eatements ou des accessoires orange, vous pouvez puiser dans cette \u00e9nergie. Cela permet d&#8217;exploiter votre artiste int\u00e9rieur.<\/p>\n<p>La couleur orange en elle-m\u00eame est porteuse d&#8217;une forte connotation spirituelle. Elle invite au d\u00e9veloppement personnel tout en stimulant l&#8217;\u00e9panouissement artistique.<\/p>\n<p>Ainsi, s&#8217;habiller en orange peut \u00eatre consid\u00e9r\u00e9 comme une d\u00e9marche profond\u00e9ment personnelle et enrichissante. Elle favorise non seulement l&#8217;affirmation de soi mais aussi le d\u00e9ploiement de son potentiel cr\u00e9atif.<\/p>\n<p><img loading=\"lazy\" decoding=\"async\" class=\"lazyload articleImageSquare_CGEN\" height=\"400\" width=\"400\" src=\"https:\/\/www.belgae.be\/imageHolder\/\/wp-content\/uploads\/sites\/2\/2023\/07\/loading-spinner-belgae.gif\" data-src=\"https:\/\/www.belgae.be\/imageHolder\/\/wp-content\/uploads\/sites\/2\/2023\/08\/tmp8prhdmmk.jpg\" alt=\"tmp8prhdmmk\" \/><\/p>\n<h2 id=\"balise_9\">Porter la couleur orange dans un r\u00eave : Quelle est la signification ? <\/h2>\n<p>Les r\u00eaves sont des domaines myst\u00e9rieux o\u00f9 le symbolisme joue souvent un r\u00f4le essentiel. Se voir porter du orange dans un r\u00eave pourrait signifier de nouveaux d\u00e9parts ou des opportunit\u00e9s qui se pr\u00e9sentent \u00e0 vous.<\/p>\n<p>Cette couleur vibrante peut vous inciter \u00e0 embrasser le changement sans crainte et \u00e0 entreprendre les aventures passionnantes qui vous attendent.<\/p>\n<p>Apr\u00e8s avoir explor\u00e9 tous les aspects du port de l&#8217;orange &#8211; des conseils de mode \u00e0 l&#8217;impact psychologique &#8211; il est temps d&#8217;exprimer votre c\u00f4t\u00e9 artistique! Adoptez cette teinte \u00e9nerg\u00e9tique avec confiance et laissez sa chaleur illuminer votre garde-robe et votre esprit.<\/p>\n","protected":false},"excerpt":{"rendered":"<p>Lib\u00e9rez votre fashionista int\u00e9rieure et osez attirer l&#8217;attention avec une \u00e9clatante touche de couleur ! Cet article plonge dans le monde vibrant du port de l&#8217;orange.<\/p>\n","protected":false},"author":1,"featured_media":5001,"comment_status":"open","ping_status":"closed","sticky":false,"template":"","format":"standard","meta":{"_acf_changed":false,"_et_pb_use_builder":"","_et_pb_old_content":"","_et_gb_content_width":"","footnotes":""},"categories":[38],"tags":[],"class_list":["post-2938","post","type-post","status-publish","format-standard","has-post-thumbnail","hentry","category-look-style"],"acf":[],"yoast_head":"<!-- This site is optimized with the Yoast SEO plugin v27.5 - https:\/\/yoast.com\/product\/yoast-seo-wordpress\/ -->\n<title>Porter de l&#039;orange : combinaisons, psychologie, etc | Belgae<\/title>\n<meta name=\"robots\" content=\"index, follow, max-snippet:-1, max-image-preview:large, max-video-preview:-1\" \/>\n<link rel=\"canonical\" href=\"https:\/\/www.belgae.be\/fr\/blog\/portant-du-orange\/\" \/>\n<meta property=\"og:locale\" content=\"fr_FR\" \/>\n<meta property=\"og:type\" content=\"article\" \/>\n<meta property=\"og:title\" content=\"Porter de l&#039;orange : combinaisons, psychologie, etc | Belgae\" \/>\n<meta property=\"og:description\" content=\"Lib\u00e9rez votre fashionista int\u00e9rieure et osez attirer l&#039;attention avec une \u00e9clatante touche de couleur ! Cet article plonge dans le monde vibrant du port de l&#039;orange.\" \/>\n<meta property=\"og:url\" content=\"https:\/\/www.belgae.be\/fr\/blog\/portant-du-orange\/\" \/>\n<meta property=\"og:site_name\" content=\"Belgae\" \/>\n<meta property=\"article:published_time\" content=\"2023-08-03T13:40:43+00:00\" \/>\n<meta property=\"article:modified_time\" content=\"2023-08-04T10:42:16+00:00\" \/>\n<meta name=\"author\" content=\"Cyril Gendarme\" \/>\n<meta name=\"twitter:card\" content=\"summary_large_image\" \/>\n<meta name=\"twitter:label1\" content=\"\u00c9crit par\" \/>\n\t<meta name=\"twitter:data1\" content=\"Cyril Gendarme\" \/>\n\t<meta name=\"twitter:label2\" content=\"Dur\u00e9e de lecture estim\u00e9e\" \/>\n\t<meta name=\"twitter:data2\" content=\"8 minutes\" \/>\n<script type=\"application\/ld+json\" class=\"yoast-schema-graph\">{\"@context\":\"https:\\\/\\\/schema.org\",\"@graph\":[{\"@type\":\"Article\",\"@id\":\"https:\\\/\\\/www.belgae.be\\\/fr\\\/blog\\\/portant-du-orange\\\/#article\",\"isPartOf\":{\"@id\":\"https:\\\/\\\/www.belgae.be\\\/fr\\\/blog\\\/portant-du-orange\\\/\"},\"author\":{\"name\":\"Cyril Gendarme\",\"@id\":\"https:\\\/\\\/www.belgae.be\\\/fr\\\/#\\\/schema\\\/person\\\/646b40b88212bc5335f9c4fa787df047\"},\"headline\":\"Porter de l&#8217;orange : combinaisons, psychologie, etc\",\"datePublished\":\"2023-08-03T13:40:43+00:00\",\"dateModified\":\"2023-08-04T10:42:16+00:00\",\"mainEntityOfPage\":{\"@id\":\"https:\\\/\\\/www.belgae.be\\\/fr\\\/blog\\\/portant-du-orange\\\/\"},\"wordCount\":1617,\"commentCount\":0,\"publisher\":{\"@id\":\"https:\\\/\\\/www.belgae.be\\\/fr\\\/#organization\"},\"image\":{\"@id\":\"https:\\\/\\\/www.belgae.be\\\/fr\\\/blog\\\/portant-du-orange\\\/#primaryimage\"},\"thumbnailUrl\":\"https:\\\/\\\/www.belgae.be\\\/fr\\\/wp-content\\\/uploads\\\/sites\\\/2\\\/2023\\\/08\\\/cyril_ge_miscellaneous_pieces_of_clothing_black_and_white_Franc_69ff922f-0941-4e45-b91e-aa5d4d5686a8-1.webp\",\"articleSection\":[\"Look &amp; Style\"],\"inLanguage\":\"fr-FR\",\"potentialAction\":[{\"@type\":\"CommentAction\",\"name\":\"Comment\",\"target\":[\"https:\\\/\\\/www.belgae.be\\\/fr\\\/blog\\\/portant-du-orange\\\/#respond\"]}]},{\"@type\":\"WebPage\",\"@id\":\"https:\\\/\\\/www.belgae.be\\\/fr\\\/blog\\\/portant-du-orange\\\/\",\"url\":\"https:\\\/\\\/www.belgae.be\\\/fr\\\/blog\\\/portant-du-orange\\\/\",\"name\":\"Porter de l'orange : combinaisons, psychologie, etc | Belgae\",\"isPartOf\":{\"@id\":\"https:\\\/\\\/www.belgae.be\\\/fr\\\/#website\"},\"primaryImageOfPage\":{\"@id\":\"https:\\\/\\\/www.belgae.be\\\/fr\\\/blog\\\/portant-du-orange\\\/#primaryimage\"},\"image\":{\"@id\":\"https:\\\/\\\/www.belgae.be\\\/fr\\\/blog\\\/portant-du-orange\\\/#primaryimage\"},\"thumbnailUrl\":\"https:\\\/\\\/www.belgae.be\\\/fr\\\/wp-content\\\/uploads\\\/sites\\\/2\\\/2023\\\/08\\\/cyril_ge_miscellaneous_pieces_of_clothing_black_and_white_Franc_69ff922f-0941-4e45-b91e-aa5d4d5686a8-1.webp\",\"datePublished\":\"2023-08-03T13:40:43+00:00\",\"dateModified\":\"2023-08-04T10:42:16+00:00\",\"breadcrumb\":{\"@id\":\"https:\\\/\\\/www.belgae.be\\\/fr\\\/blog\\\/portant-du-orange\\\/#breadcrumb\"},\"inLanguage\":\"fr-FR\",\"potentialAction\":[{\"@type\":\"ReadAction\",\"target\":[\"https:\\\/\\\/www.belgae.be\\\/fr\\\/blog\\\/portant-du-orange\\\/\"]}]},{\"@type\":\"ImageObject\",\"inLanguage\":\"fr-FR\",\"@id\":\"https:\\\/\\\/www.belgae.be\\\/fr\\\/blog\\\/portant-du-orange\\\/#primaryimage\",\"url\":\"https:\\\/\\\/www.belgae.be\\\/fr\\\/wp-content\\\/uploads\\\/sites\\\/2\\\/2023\\\/08\\\/cyril_ge_miscellaneous_pieces_of_clothing_black_and_white_Franc_69ff922f-0941-4e45-b91e-aa5d4d5686a8-1.webp\",\"contentUrl\":\"https:\\\/\\\/www.belgae.be\\\/fr\\\/wp-content\\\/uploads\\\/sites\\\/2\\\/2023\\\/08\\\/cyril_ge_miscellaneous_pieces_of_clothing_black_and_white_Franc_69ff922f-0941-4e45-b91e-aa5d4d5686a8-1.webp\"},{\"@type\":\"BreadcrumbList\",\"@id\":\"https:\\\/\\\/www.belgae.be\\\/fr\\\/blog\\\/portant-du-orange\\\/#breadcrumb\",\"itemListElement\":[{\"@type\":\"ListItem\",\"position\":1,\"name\":\"Accueil\",\"item\":\"https:\\\/\\\/www.belgae.be\\\/fr\\\/\"},{\"@type\":\"ListItem\",\"position\":2,\"name\":\"Porter de l&#8217;orange : combinaisons, psychologie, etc\"}]},{\"@type\":\"WebSite\",\"@id\":\"https:\\\/\\\/www.belgae.be\\\/fr\\\/#website\",\"url\":\"https:\\\/\\\/www.belgae.be\\\/fr\\\/\",\"name\":\"Belgae\",\"description\":\"Art &amp; Mode Belge\",\"publisher\":{\"@id\":\"https:\\\/\\\/www.belgae.be\\\/fr\\\/#organization\"},\"potentialAction\":[{\"@type\":\"SearchAction\",\"target\":{\"@type\":\"EntryPoint\",\"urlTemplate\":\"https:\\\/\\\/www.belgae.be\\\/fr\\\/?s={search_term_string}\"},\"query-input\":{\"@type\":\"PropertyValueSpecification\",\"valueRequired\":true,\"valueName\":\"search_term_string\"}}],\"inLanguage\":\"fr-FR\"},{\"@type\":\"Organization\",\"@id\":\"https:\\\/\\\/www.belgae.be\\\/fr\\\/#organization\",\"name\":\"Belgae\",\"url\":\"https:\\\/\\\/www.belgae.be\\\/fr\\\/\",\"logo\":{\"@type\":\"ImageObject\",\"inLanguage\":\"fr-FR\",\"@id\":\"https:\\\/\\\/www.belgae.be\\\/fr\\\/#\\\/schema\\\/logo\\\/image\\\/\",\"url\":\"https:\\\/\\\/www.belgae.be\\\/fr\\\/wp-content\\\/uploads\\\/sites\\\/2\\\/2023\\\/07\\\/Sans-titre1-Copie.png\",\"contentUrl\":\"https:\\\/\\\/www.belgae.be\\\/fr\\\/wp-content\\\/uploads\\\/sites\\\/2\\\/2023\\\/07\\\/Sans-titre1-Copie.png\",\"width\":88,\"height\":88,\"caption\":\"Belgae\"},\"image\":{\"@id\":\"https:\\\/\\\/www.belgae.be\\\/fr\\\/#\\\/schema\\\/logo\\\/image\\\/\"}},{\"@type\":\"Person\",\"@id\":\"https:\\\/\\\/www.belgae.be\\\/fr\\\/#\\\/schema\\\/person\\\/646b40b88212bc5335f9c4fa787df047\",\"name\":\"Cyril Gendarme\",\"sameAs\":[\"https:\\\/\\\/www.belgae.be\"],\"url\":\"https:\\\/\\\/www.belgae.be\\\/fr\\\/blog\\\/author\\\/cgen\\\/\"}]}<\/script>\n<!-- \/ Yoast SEO plugin. -->","yoast_head_json":{"title":"Porter de l'orange : combinaisons, psychologie, etc | Belgae","robots":{"index":"index","follow":"follow","max-snippet":"max-snippet:-1","max-image-preview":"max-image-preview:large","max-video-preview":"max-video-preview:-1"},"canonical":"https:\/\/www.belgae.be\/fr\/blog\/portant-du-orange\/","og_locale":"fr_FR","og_type":"article","og_title":"Porter de l'orange : combinaisons, psychologie, etc | Belgae","og_description":"Lib\u00e9rez votre fashionista int\u00e9rieure et osez attirer l'attention avec une \u00e9clatante touche de couleur ! Cet article plonge dans le monde vibrant du port de l'orange.","og_url":"https:\/\/www.belgae.be\/fr\/blog\/portant-du-orange\/","og_site_name":"Belgae","article_published_time":"2023-08-03T13:40:43+00:00","article_modified_time":"2023-08-04T10:42:16+00:00","author":"Cyril Gendarme","twitter_card":"summary_large_image","twitter_misc":{"\u00c9crit par":"Cyril Gendarme","Dur\u00e9e de lecture estim\u00e9e":"8 minutes"},"schema":{"@context":"https:\/\/schema.org","@graph":[{"@type":"Article","@id":"https:\/\/www.belgae.be\/fr\/blog\/portant-du-orange\/#article","isPartOf":{"@id":"https:\/\/www.belgae.be\/fr\/blog\/portant-du-orange\/"},"author":{"name":"Cyril Gendarme","@id":"https:\/\/www.belgae.be\/fr\/#\/schema\/person\/646b40b88212bc5335f9c4fa787df047"},"headline":"Porter de l&#8217;orange : combinaisons, psychologie, etc","datePublished":"2023-08-03T13:40:43+00:00","dateModified":"2023-08-04T10:42:16+00:00","mainEntityOfPage":{"@id":"https:\/\/www.belgae.be\/fr\/blog\/portant-du-orange\/"},"wordCount":1617,"commentCount":0,"publisher":{"@id":"https:\/\/www.belgae.be\/fr\/#organization"},"image":{"@id":"https:\/\/www.belgae.be\/fr\/blog\/portant-du-orange\/#primaryimage"},"thumbnailUrl":"https:\/\/www.belgae.be\/fr\/wp-content\/uploads\/sites\/2\/2023\/08\/cyril_ge_miscellaneous_pieces_of_clothing_black_and_white_Franc_69ff922f-0941-4e45-b91e-aa5d4d5686a8-1.webp","articleSection":["Look &amp; Style"],"inLanguage":"fr-FR","potentialAction":[{"@type":"CommentAction","name":"Comment","target":["https:\/\/www.belgae.be\/fr\/blog\/portant-du-orange\/#respond"]}]},{"@type":"WebPage","@id":"https:\/\/www.belgae.be\/fr\/blog\/portant-du-orange\/","url":"https:\/\/www.belgae.be\/fr\/blog\/portant-du-orange\/","name":"Porter de l'orange : combinaisons, psychologie, etc | Belgae","isPartOf":{"@id":"https:\/\/www.belgae.be\/fr\/#website"},"primaryImageOfPage":{"@id":"https:\/\/www.belgae.be\/fr\/blog\/portant-du-orange\/#primaryimage"},"image":{"@id":"https:\/\/www.belgae.be\/fr\/blog\/portant-du-orange\/#primaryimage"},"thumbnailUrl":"https:\/\/www.belgae.be\/fr\/wp-content\/uploads\/sites\/2\/2023\/08\/cyril_ge_miscellaneous_pieces_of_clothing_black_and_white_Franc_69ff922f-0941-4e45-b91e-aa5d4d5686a8-1.webp","datePublished":"2023-08-03T13:40:43+00:00","dateModified":"2023-08-04T10:42:16+00:00","breadcrumb":{"@id":"https:\/\/www.belgae.be\/fr\/blog\/portant-du-orange\/#breadcrumb"},"inLanguage":"fr-FR","potentialAction":[{"@type":"ReadAction","target":["https:\/\/www.belgae.be\/fr\/blog\/portant-du-orange\/"]}]},{"@type":"ImageObject","inLanguage":"fr-FR","@id":"https:\/\/www.belgae.be\/fr\/blog\/portant-du-orange\/#primaryimage","url":"https:\/\/www.belgae.be\/fr\/wp-content\/uploads\/sites\/2\/2023\/08\/cyril_ge_miscellaneous_pieces_of_clothing_black_and_white_Franc_69ff922f-0941-4e45-b91e-aa5d4d5686a8-1.webp","contentUrl":"https:\/\/www.belgae.be\/fr\/wp-content\/uploads\/sites\/2\/2023\/08\/cyril_ge_miscellaneous_pieces_of_clothing_black_and_white_Franc_69ff922f-0941-4e45-b91e-aa5d4d5686a8-1.webp"},{"@type":"BreadcrumbList","@id":"https:\/\/www.belgae.be\/fr\/blog\/portant-du-orange\/#breadcrumb","itemListElement":[{"@type":"ListItem","position":1,"name":"Accueil","item":"https:\/\/www.belgae.be\/fr\/"},{"@type":"ListItem","position":2,"name":"Porter de l&#8217;orange : combinaisons, psychologie, etc"}]},{"@type":"WebSite","@id":"https:\/\/www.belgae.be\/fr\/#website","url":"https:\/\/www.belgae.be\/fr\/","name":"Belgae","description":"Art &amp; Mode Belge","publisher":{"@id":"https:\/\/www.belgae.be\/fr\/#organization"},"potentialAction":[{"@type":"SearchAction","target":{"@type":"EntryPoint","urlTemplate":"https:\/\/www.belgae.be\/fr\/?s={search_term_string}"},"query-input":{"@type":"PropertyValueSpecification","valueRequired":true,"valueName":"search_term_string"}}],"inLanguage":"fr-FR"},{"@type":"Organization","@id":"https:\/\/www.belgae.be\/fr\/#organization","name":"Belgae","url":"https:\/\/www.belgae.be\/fr\/","logo":{"@type":"ImageObject","inLanguage":"fr-FR","@id":"https:\/\/www.belgae.be\/fr\/#\/schema\/logo\/image\/","url":"https:\/\/www.belgae.be\/fr\/wp-content\/uploads\/sites\/2\/2023\/07\/Sans-titre1-Copie.png","contentUrl":"https:\/\/www.belgae.be\/fr\/wp-content\/uploads\/sites\/2\/2023\/07\/Sans-titre1-Copie.png","width":88,"height":88,"caption":"Belgae"},"image":{"@id":"https:\/\/www.belgae.be\/fr\/#\/schema\/logo\/image\/"}},{"@type":"Person","@id":"https:\/\/www.belgae.be\/fr\/#\/schema\/person\/646b40b88212bc5335f9c4fa787df047","name":"Cyril Gendarme","sameAs":["https:\/\/www.belgae.be"],"url":"https:\/\/www.belgae.be\/fr\/blog\/author\/cgen\/"}]}},"_links":{"self":[{"href":"https:\/\/www.belgae.be\/fr\/wp-json\/wp\/v2\/posts\/2938","targetHints":{"allow":["GET"]}}],"collection":[{"href":"https:\/\/www.belgae.be\/fr\/wp-json\/wp\/v2\/posts"}],"about":[{"href":"https:\/\/www.belgae.be\/fr\/wp-json\/wp\/v2\/types\/post"}],"author":[{"embeddable":true,"href":"https:\/\/www.belgae.be\/fr\/wp-json\/wp\/v2\/users\/1"}],"replies":[{"embeddable":true,"href":"https:\/\/www.belgae.be\/fr\/wp-json\/wp\/v2\/comments?post=2938"}],"version-history":[{"count":0,"href":"https:\/\/www.belgae.be\/fr\/wp-json\/wp\/v2\/posts\/2938\/revisions"}],"wp:featuredmedia":[{"embeddable":true,"href":"https:\/\/www.belgae.be\/fr\/wp-json\/"}],"wp:attachment":[{"href":"https:\/\/www.belgae.be\/fr\/wp-json\/wp\/v2\/media?parent=2938"}],"wp:term":[{"taxonomy":"category","embeddable":true,"href":"https:\/\/www.belgae.be\/fr\/wp-json\/wp\/v2\/categories?post=2938"},{"taxonomy":"post_tag","embeddable":true,"href":"https:\/\/www.belgae.be\/fr\/wp-json\/wp\/v2\/tags?post=2938"}],"curies":[{"name":"wp","href":"https:\/\/api.w.org\/{rel}","templated":true}]}}