{"id":2937,"date":"2023-08-03T13:40:28","date_gmt":"2023-08-03T13:40:28","guid":{"rendered":"https:\/\/www.belgae.be\/fr\/blog\/portant-du-violet\/"},"modified":"2023-08-03T13:40:28","modified_gmt":"2023-08-03T13:40:28","slug":"portant-du-violet","status":"publish","type":"post","link":"https:\/\/www.belgae.be\/fr\/blog\/portant-du-violet\/","title":{"rendered":"Porter du violet : combinaisons, psychologie, etc"},"content":{"rendered":"<p>Plongez dans le monde vibrant du violet, une couleur qui danse \u00e0 la fronti\u00e8re entre sophistication cool et passion chaleureuse. D\u00e9couvrez comment ma\u00eetriser sa puissance dans votre garde-robe, en l&#8217;associant avec d&#8217;autres teintes pour un impact maximal. D\u00e9couvrez la psychologie fascinante derri\u00e8re le port de cette nuance royale.<\/p>\n<p>Du lavande au prune, chaque variation raconte une histoire unique. Explorons ensemble comment vous pouvez utiliser ces nuances comme outils d&#8217;expression de soi \u00e0 travers la mode !<\/p>\n<section class=\"contentTable_table\">\n<p class=\"contentTable_title\">Table des mati\u00e8res : <\/p>\n<p class=\"contentTable_elem\"><a href=\"#balise_0\">1. Introduction : Comment Porter la Couleur Pourpre ? <\/a><\/p>\n<p class=\"contentTable_elem\"><a href=\"#balise_1\">2. Quelle \u00e9motion est exprim\u00e9e en portant la couleur pourpre ? <\/a><\/p>\n<p class=\"contentTable_elem\"><a href=\"#balise_2\">3. Associations : Quelles couleurs se marient avec le port de v\u00eatements violets ? <\/a><\/p>\n<p class=\"contentTable_elem\"><a href=\"#balise_3\">4. Quel teint s&#8217;accorde bien avec une tenue violette ? <\/a><\/p>\n<p class=\"contentTable_elem\"><a href=\"#balise_4\">5. La Meilleure Saison pour Porter la Couleur Pourpre<\/a><\/p>\n<p class=\"contentTable_elem\"><a href=\"#balise_5\">6. Porter des Chaussures Violettes : Une Bonne Id\u00e9e ? <\/a><\/p>\n<p class=\"contentTable_elem\"><a href=\"#balise_6\">7. Fautes de Mode : Erreurs Communes \u00e0 \u00c9viter Lorsqu&#8217;on Porte du Violet<\/a><\/p>\n<p class=\"contentTable_elem\"><a href=\"#balise_7\">8. L&#8217;Impact du Port de la Couleur Pourpre sur Notre Psychologie<\/a><\/p>\n<p class=\"contentTable_elem\"><a href=\"#balise_8\">9. Porter la Couleur Pourpre : Quelle Signification Spirituelle ? <\/a><\/p>\n<p class=\"contentTable_elem\"><a href=\"#balise_9\">10. Porter la couleur pourpre dans un r\u00eave : Quelle en est la signification ? <\/a><\/p>\n<\/section>\n<p><img loading=\"lazy\" decoding=\"async\" class=\"lazyload articleImageSquare_CGEN\" height=\"400\" width=\"400\" src=\"https:\/\/www.belgae.be\/imageHolder\/\/wp-content\/uploads\/sites\/2\/2023\/07\/loading-spinner-belgae.gif\" data-src=\"https:\/\/www.belgae.be\/imageHolder\/\/wp-content\/uploads\/sites\/2\/2023\/08\/tmpq5idf046.jpg\" alt=\"tmpq5idf\" \/><\/p>\n<h2 id=\"balise_0\">Introduction : Comment Porter la Couleur Pourpre ? <\/h2>\n<p>Le pourpre, couleur de la royaut\u00e9 et de la cr\u00e9ativit\u00e9, est depuis longtemps associ\u00e9 \u00e0 un sentiment de luxe et d&#8217;extravagance. Que vous soyez en tenue pour une occasion sp\u00e9ciale ou que vous ajoutiez une touche de couleur \u00e0 votre tenue quotidienne, porter du pourpre peut vous faire remarquer avec style.<\/p>\n<p>Cependant, comment porter cette nuance audacieuse sans en faire trop ?<\/p>\n<p> Examinons quelques conseils sur la mani\u00e8re d&#8217;oser le pourpre comme un professionnel de la mode.<\/p>\n<p>La cl\u00e9 est l&#8217;\u00e9quilibre. Comme toute autre couleur vive ou intense, le secret r\u00e9side dans l&#8217;utilisation mod\u00e9r\u00e9e. Associez-le \u00e0 des couleurs neutres comme le noir ou le blanc cass\u00e9 qui ne voleront pas sa vedette.<\/p>\n<p>En outre, gardez les accessoires au minimum quand vous portez du violet afin qu&#8217;ils n&#8217;\u00e9clipsent pas votre tenue principale.<\/p>\n<p>Finalement , rappelez-vous toujours que moins est plus lorsqu&#8217;il s&#8217;agit d\u2019utiliser des couleurs vives . Il suffit parfois juste d&#8217;un soup\u00e7on de violet pour cr\u00e9er un look vraiment chic et \u00e9l\u00e9gant .<\/p>\n<p><img loading=\"lazy\" decoding=\"async\" class=\"lazyload articleImageSquare_CGEN\" height=\"400\" width=\"400\" src=\"https:\/\/www.belgae.be\/imageHolder\/\/wp-content\/uploads\/sites\/2\/2023\/07\/loading-spinner-belgae.gif\" data-src=\"https:\/\/www.belgae.be\/imageHolder\/\/wp-content\/uploads\/sites\/2\/2023\/08\/tmp94u11fra.jpg\" alt=\"tmp94u11fra\" \/><\/p>\n<h2 id=\"balise_1\">Quelle \u00e9motion est exprim\u00e9e en portant la couleur pourpre ? <\/h2>\n<p>La psychologie des couleurs associ\u00e9e au port du violet est fascinante. Elle symbolise le pouvoir, l&#8217;ambition et l&#8217;individualit\u00e9 tout en \u00e9voquant des sentiments de myst\u00e8re et de spiritualit\u00e9.<\/p>\n<p>Rev\u00eatir une tenue aux nuances de violet d\u00e9gage confiance et sophistication. C&#8217;est un moyen d&#8217;affirmer votre personnalit\u00e9 unique.<\/p>\n<p>Le choix du violet dans la garde-robe n&#8217;est pas anodin. Il sugg\u00e8re une forte pr\u00e9sence, un esprit ind\u00e9pendant attir\u00e9 par les profondeurs insond\u00e9es.<\/p>\n<p>Chaque teinte pourpre donne son propre message subtil &#8211; \u00e0 la fois audacieux et r\u00e9serv\u00e9, plein d&#8217;espoirs non exprim\u00e9s ou simplement irr\u00e9sistible.<\/p>\n<p><img loading=\"lazy\" decoding=\"async\" class=\"lazyload articleImageSquare_CGEN\" height=\"400\" width=\"400\" src=\"https:\/\/www.belgae.be\/imageHolder\/\/wp-content\/uploads\/sites\/2\/2023\/07\/loading-spinner-belgae.gif\" data-src=\"https:\/\/www.belgae.be\/imageHolder\/\/wp-content\/uploads\/sites\/2\/2023\/08\/tmpyrgltxbp.jpg\" alt=\"tmpyrgltxbp\" \/><\/p>\n<h2 id=\"balise_2\">Associations : Quelles couleurs se marient avec le port de v\u00eatements violets ? <\/h2>\n<p>L&#8217;association judicieuse des couleurs est essentielle lors de la cr\u00e9ation d&#8217;une tenue mettant en valeur cette nuance noble. Pour un look \u00e9l\u00e9gant qui respire le raffinement, essayez d&#8217;associer les pourpres profonds avec des tons neutres tels que le noir ou le blanc.<\/p>\n<p>Si vous pr\u00e9f\u00e9rez quelque chose de plus vibrant et ludique, envisagez d&#8217;associer des nuances plus claires de violet avec des touches de jaune ou de rose pour un contraste saisissant. Il s\u2019agit l\u00e0 d\u2019un moyen s\u00fbr et efficace pour faire ressortir votre style unique tout en restant chic.<\/p>\n<p>La couleur peut transformer une tenue ordinaire en une d\u00e9claration audacieuse. Sachez donc comment marier vos teintes pour maximiser leur impact visuel sur votre ensemble. N&#8217;h\u00e9sitez pas \u00e0 exp\u00e9rimenter diff\u00e9rentes combinaisons jusqu&#8217;\u00e0 trouver celle qui correspond parfaitement \u00e0 votre personnalit\u00e9 et \u00e0 vos go\u00fbts.<\/p>\n<p><img loading=\"lazy\" decoding=\"async\" class=\"lazyload articleImageSquare_CGEN\" height=\"400\" width=\"400\" src=\"https:\/\/www.belgae.be\/imageHolder\/\/wp-content\/uploads\/sites\/2\/2023\/07\/loading-spinner-belgae.gif\" data-src=\"https:\/\/www.belgae.be\/imageHolder\/\/wp-content\/uploads\/sites\/2\/2023\/08\/tmpp44_4_qn.jpg\" alt=\"tmpp44_4_qn\" \/><\/p>\n<h2 id=\"balise_3\">Quel teint s&#8217;accorde bien avec une tenue violette ? <\/h2>\n<p>Porter du violet pr\u00e9sente un avantage majeur : sa polyvalence sur diff\u00e9rentes carnations ! Les chanceux aux tons chauds devraient se tourner vers des violets riches tels que le prune ou le bordeaux pour rehausser leur \u00e9clat naturel. <\/p>\n<p>D&#8217;autre part, les individus avec des nuances froides peuvent opter pour des teintes plus fra\u00eeches telles que la lavande ou le lilas qui compl\u00e8tent magnifiquement leur teint. Porter du violet est une fa\u00e7on remarquable de mettre en valeur la beaut\u00e9 naturelle de chaque peau.<\/p>\n<p>Que vous ayez une peau claire, olive ou fonc\u00e9e, il existe une nuance de violet qui peut am\u00e9liorer votre apparence g\u00e9n\u00e9rale et faire ressortir vos traits uniques. Le secret r\u00e9side dans le choix du bon ton adapt\u00e9 \u00e0 votre carnation sp\u00e9cifique.<\/p>\n<p>En somme, l&#8217;utilisation judicieuse du violet peut faire toute la diff\u00e9rence dans l&#8217;apparence globale d&#8217;une personne. Il s&#8217;agit donc d&#8217;un choix vestimentaire intelligent et \u00e9l\u00e9gant pour tous.<\/p>\n<p><img loading=\"lazy\" decoding=\"async\" class=\"lazyload articleImageSquare_CGEN\" height=\"400\" width=\"400\" src=\"https:\/\/www.belgae.be\/imageHolder\/\/wp-content\/uploads\/sites\/2\/2023\/07\/loading-spinner-belgae.gif\" data-src=\"https:\/\/www.belgae.be\/imageHolder\/\/wp-content\/uploads\/sites\/2\/2023\/08\/tmp9ilhcv5e.jpg\" alt=\"tmp9ilhcv5e\" \/><\/p>\n<h2 id=\"balise_4\">La Meilleure Saison pour Porter la Couleur Pourpre<\/h2>\n<p>Bien qu&#8217;il n&#8217;y ait plus de r\u00e8gles strictes en mati\u00e8re de choix vestimentaires saisonniers (youpi !), certaines saisons semblent particuli\u00e8rement bien adapt\u00e9es \u00e0 certaines couleurs. Le violet, avec ses nuances riches et chaleureuses, est parfait pour l&#8217;automne et l&#8217;hiver. <\/p>\n<p>Imaginez-vous envelopp\u00e9 dans un pull douillet couleur prune ou portant des accessoires d&#8217;un violet profond sur fond de feuilles d&#8217;automne &#8211; c&#8217;est tout simplement magique pour la mode! Les tons violets compl\u00e8tent merveilleusement les teintes chaudes et terreuses typiques des mois froids.<\/p>\n<p>Que ce soit une \u00e9charpe velout\u00e9e, un sac \u00e9l\u00e9gant ou m\u00eame une paire de gants douillets, le violet offre cette touche sp\u00e9ciale qui transforme toute tenue ordinaire en quelque chose d\u2019extraordinaire. Laissez votre style briller cet automne avec des touches subtiles mais impressionnantes de cette couleur royale.<\/p>\n<p><img loading=\"lazy\" decoding=\"async\" class=\"lazyload articleImageSquare_CGEN\" height=\"400\" width=\"400\" src=\"https:\/\/www.belgae.be\/imageHolder\/\/wp-content\/uploads\/sites\/2\/2023\/07\/loading-spinner-belgae.gif\" data-src=\"https:\/\/www.belgae.be\/imageHolder\/\/wp-content\/uploads\/sites\/2\/2023\/08\/tmpiljx1rkf.jpg\" alt=\"tmpiljx1rkf\" \/><\/p>\n<h2 id=\"balise_5\">Porter des Chaussures Violettes : Une Bonne Id\u00e9e ? <\/h2>\n<p>Absolument! Porter des chaussures violettes peut ajouter une touche de couleur inattendue \u00e0 n&#8217;importe quelle tenue et augmenter votre style d&#8217;un cran. <\/p>\n<p>Que vous choisissiez des talons violets vibrants ou que vous optiez pour des baskets lavande plus subtiles, des choix de chaussures audacieux comme ceux-ci sont s\u00fbrs de faire tourner les t\u00eates o\u00f9 que vous alliez. <\/p>\n<p>L&#8217;utilisation du violet dans vos accessoires vestimentaires est un moyen s\u00fbr d&#8217;exprimer votre individualit\u00e9 et d&#8217;affirmer votre sens du style unique. C&#8217;est une d\u00e9claration audacieuse qui ne manquera pas de se d\u00e9marquer.<\/p>\n<p>N&#8217;h\u00e9sitez donc pas \u00e0 exp\u00e9rimenter avec diff\u00e9rentes nuances et styles pour trouver celui qui correspond le mieux \u00e0 votre personnalit\u00e9. Vous serez surpris par l&#8217;effet qu&#8217;une simple paire de chaussures peut avoir sur toute une tenue.<\/p>\n<p><img loading=\"lazy\" decoding=\"async\" class=\"lazyload articleImageSquare_CGEN\" height=\"400\" width=\"400\" src=\"https:\/\/www.belgae.be\/imageHolder\/\/wp-content\/uploads\/sites\/2\/2023\/07\/loading-spinner-belgae.gif\" data-src=\"https:\/\/www.belgae.be\/imageHolder\/\/wp-content\/uploads\/sites\/2\/2023\/08\/tmp0b9tl0pt.jpg\" alt=\"tmp0b9tl0pt\" \/><\/p>\n<h2 id=\"balise_6\">Fautes de Mode : Erreurs Communes \u00e0 \u00c9viter Lorsqu&#8217;on Porte du Violet<\/h2>\n<p>Exp\u00e9rimenter avec la mode est toujours encourag\u00e9. Cependant, certaines erreurs courantes doivent \u00eatre \u00e9vit\u00e9es lors de l&#8217;int\u00e9gration du violet dans votre garde-robe. Un faux pas majeur consiste \u00e0 en faire trop en portant des tenues monochromatiques de la t\u00eate aux pieds dans les nuances de violet, sauf si vous optez pour un look sp\u00e9cifique.<\/p>\n<p>Au lieu de cela, essayez de m\u00e9langer diff\u00e9rentes nuances au sein d&#8217;une m\u00eame famille color\u00e9e. Ou \u00e9quilibrez les violets forts avec des v\u00eatements neutres pour cr\u00e9er une harmonie. Cette approche peut aider \u00e0 diversifier et am\u00e9liorer votre style personnel sans tomber dans le pi\u00e8ge du sur-stylage.<\/p>\n<p>Il est important d&#8217;exp\u00e9rimenter avec prudence et sensibilit\u00e9 stylistique car chaque couleur a son propre langage visuel unique qui parle directement \u00e0 ceux qui vous entourent.<\/p>\n<p><img loading=\"lazy\" decoding=\"async\" class=\"lazyload articleImageSquare_CGEN\" height=\"400\" width=\"400\" src=\"https:\/\/www.belgae.be\/imageHolder\/\/wp-content\/uploads\/sites\/2\/2023\/07\/loading-spinner-belgae.gif\" data-src=\"https:\/\/www.belgae.be\/imageHolder\/\/wp-content\/uploads\/sites\/2\/2023\/08\/tmp4mt3oo7e.jpg\" alt=\"tmp4mt3oo7e\" \/><\/p>\n<h2 id=\"balise_7\">L&#8217;Impact du Port de la Couleur Pourpre sur Notre Psychologie<\/h2>\n<p>L&#8217;impact des couleurs sur notre psychologie est ind\u00e9niable et le violet a des effets int\u00e9ressants sur nos esprits. Il stimule la cr\u00e9ativit\u00e9 tout en favorisant la pleine conscience et l&#8217;\u00e9panouissement spirituel.<\/p>\n<p>Int\u00e9grer des touches de cette teinte majestueuse dans votre vie quotidienne par le biais de v\u00eatements peut inspirer l&#8217;innovation et aider \u00e0 cultiver la paix int\u00e9rieure.<\/p>\n<p>C&#8217;est une couleur qui invite \u00e0 d\u00e9passer les limites du connu, \u00e0 explorer de nouveaux horizons intellectuels. Le violet repr\u00e9sente aussi une certaine forme d&#8217;intuition, celle qui nous guide vers ce qui n&#8217;est pas encore perceptible au premier regard.<\/p>\n<p>Portez du violet pour stimuler votre imagination, renforcer votre intuition ou simplement vous sentir plus paisible. Cette couleur peut transformer non seulement votre apparence mais aussi votre \u00e9tat d&#8217;esprit.<\/p>\n<p><img loading=\"lazy\" decoding=\"async\" class=\"lazyload articleImageSquare_CGEN\" height=\"400\" width=\"400\" src=\"https:\/\/www.belgae.be\/imageHolder\/\/wp-content\/uploads\/sites\/2\/2023\/07\/loading-spinner-belgae.gif\" data-src=\"https:\/\/www.belgae.be\/imageHolder\/\/wp-content\/uploads\/sites\/2\/2023\/08\/tmpopnm_842.jpg\" alt=\"tmpopnm_\" \/><\/p>\n<h2 id=\"balise_8\">Porter la Couleur Pourpre : Quelle Signification Spirituelle ? <\/h2>\n<p>Le pourpre a une signification spirituelle importante \u00e0 travers diverses cultures au fil de l&#8217;histoire. Souvent associ\u00e9 \u00e0 la spiritualit\u00e9, la sagesse, l&#8217;intuition et le lien divin; arborer cette nuance envo\u00fbtante peut servir de rappel pour embrasser son moi sup\u00e9rieur, tant dans les moments ordinaires que lors des occasions sp\u00e9ciales.<\/p>\n<p>De nombreuses traditions reconnaissent le pouvoir du pourpre. Cette couleur riche symbolise un \u00e9veil spirituel mais aussi une connexion profonde avec l&#8217;univers. Elle incite \u00e0 la r\u00e9flexion int\u00e9rieure et stimule notre intuition.<\/p>\n<p>Lorsque vous portez du pourpre ou que vous incorporez cette teinte dans votre environnement quotidien, c&#8217;est un rappel constant d&#8217;embrasser votre v\u00e9rit\u00e9 int\u00e9rieure. Cela aide \u00e9galement \u00e0 maintenir une perspective plus large sur la vie et encourage constamment vers une croissance personnelle continue.<\/p>\n<p>En conclusion, le choix d\u2019adopter le pourpre est bien plus qu&#8217;une simple pr\u00e9f\u00e9rence stylistique. C\u2019est avant tout un pas vers soi-m\u00eame \u2013 acceptant son individualit\u00e9 unique et sa place dans ce vaste univers.<\/p>\n<p><img loading=\"lazy\" decoding=\"async\" class=\"lazyload articleImageSquare_CGEN\" height=\"400\" width=\"400\" src=\"https:\/\/www.belgae.be\/imageHolder\/\/wp-content\/uploads\/sites\/2\/2023\/07\/loading-spinner-belgae.gif\" data-src=\"https:\/\/www.belgae.be\/imageHolder\/\/wp-content\/uploads\/sites\/2\/2023\/08\/tmpz8e_tu1v.jpg\" alt=\"tmpz8e_tu1v\" \/><\/p>\n<h2 id=\"balise_9\">Porter la couleur pourpre dans un r\u00eave : Quelle en est la signification ? <\/h2>\n<p>Les r\u00eaves, depuis longtemps, sont per\u00e7us comme porteurs de messages cach\u00e9s. Porter du violet dans un r\u00eave peut symboliser diff\u00e9rentes choses pour chacun. Cela pourrait signaler l&#8217;\u00e9veil de votre cr\u00e9ativit\u00e9 ou repr\u00e9senter une envie d&#8217;\u00e9volution spirituelle.<\/p>\n<p>L&#8217;exploration des symboles dans les r\u00eaves est subjective. Faites confiance \u00e0 votre intuition et r\u00e9fl\u00e9chissez \u00e0 ce que cette couleur vive signifie pour vous personnellement.<\/p>\n<p>En conclusion, n&#8217;h\u00e9sitez pas \u00e0 int\u00e9grer le violet dans votre garde-robe! Adoptez son charme royal et laissez-le exprimer votre style unique tout en faisant une d\u00e9claration sur qui vous \u00eates.<\/p>\n<p>Pensez \u00e0 bien assortir vos couleurs, tenez compte de la saison et \u00e9vitez les fautes de mode. Embrassez son impact psychologique ainsi que sa signification spirituelle &#8211; m\u00eame lorsqu&#8217;elle appara\u00eet dans les r\u00eaves.<\/p>\n<p>Alors allez-y! Portez cet ensemble violet avec assurance; apr\u00e8s tout, la vie est trop courte pour ne pas porter une couleur aussi puissante!<\/p>\n","protected":false},"excerpt":{"rendered":"<p>Plongez dans le monde vibrant du violet, une couleur qui danse \u00e0 la fronti\u00e8re entre sophistication cool et passion chaleureuse.<\/p>\n","protected":false},"author":1,"featured_media":5000,"comment_status":"open","ping_status":"","sticky":false,"template":"","format":"standard","meta":{"_acf_changed":false,"_et_pb_use_builder":"","_et_pb_old_content":"","_et_gb_content_width":"","footnotes":""},"categories":[38],"tags":[],"class_list":["post-2937","post","type-post","status-publish","format-standard","has-post-thumbnail","hentry","category-look-style"],"acf":[],"yoast_head":"<!-- This site is optimized with the Yoast SEO plugin v27.5 - https:\/\/yoast.com\/product\/yoast-seo-wordpress\/ -->\n<title>Porter du violet : combinaisons, psychologie, etc | Belgae<\/title>\n<meta name=\"robots\" content=\"index, follow, max-snippet:-1, max-image-preview:large, max-video-preview:-1\" \/>\n<link rel=\"canonical\" href=\"https:\/\/www.belgae.be\/fr\/blog\/portant-du-violet\/\" \/>\n<meta property=\"og:locale\" content=\"fr_FR\" \/>\n<meta property=\"og:type\" content=\"article\" \/>\n<meta property=\"og:title\" content=\"Porter du violet : combinaisons, psychologie, etc | Belgae\" \/>\n<meta property=\"og:description\" content=\"Plongez dans le monde vibrant du violet, une couleur qui danse \u00e0 la fronti\u00e8re entre sophistication cool et passion chaleureuse.\" \/>\n<meta property=\"og:url\" content=\"https:\/\/www.belgae.be\/fr\/blog\/portant-du-violet\/\" \/>\n<meta property=\"og:site_name\" content=\"Belgae\" \/>\n<meta property=\"article:published_time\" content=\"2023-08-03T13:40:28+00:00\" \/>\n<meta property=\"og:image\" content=\"https:\/\/www.belgae.be\/imageHolder\/\/wp-content\/uploads\/sites\/2\/2023\/07\/loading-spinner-belgae.gif\" \/>\n<meta name=\"author\" content=\"Cyril Gendarme\" \/>\n<meta name=\"twitter:card\" content=\"summary_large_image\" \/>\n<meta name=\"twitter:label1\" content=\"\u00c9crit par\" \/>\n\t<meta name=\"twitter:data1\" content=\"Cyril Gendarme\" \/>\n\t<meta name=\"twitter:label2\" content=\"Dur\u00e9e de lecture estim\u00e9e\" \/>\n\t<meta name=\"twitter:data2\" content=\"8 minutes\" \/>\n<script type=\"application\/ld+json\" class=\"yoast-schema-graph\">{\"@context\":\"https:\\\/\\\/schema.org\",\"@graph\":[{\"@type\":\"Article\",\"@id\":\"https:\\\/\\\/www.belgae.be\\\/fr\\\/blog\\\/portant-du-violet\\\/#article\",\"isPartOf\":{\"@id\":\"https:\\\/\\\/www.belgae.be\\\/fr\\\/blog\\\/portant-du-violet\\\/\"},\"author\":{\"name\":\"Cyril Gendarme\",\"@id\":\"https:\\\/\\\/www.belgae.be\\\/fr\\\/#\\\/schema\\\/person\\\/646b40b88212bc5335f9c4fa787df047\"},\"headline\":\"Porter du violet : combinaisons, psychologie, etc\",\"datePublished\":\"2023-08-03T13:40:28+00:00\",\"mainEntityOfPage\":{\"@id\":\"https:\\\/\\\/www.belgae.be\\\/fr\\\/blog\\\/portant-du-violet\\\/\"},\"wordCount\":1705,\"commentCount\":0,\"publisher\":{\"@id\":\"https:\\\/\\\/www.belgae.be\\\/fr\\\/#organization\"},\"image\":{\"@id\":\"https:\\\/\\\/www.belgae.be\\\/fr\\\/blog\\\/portant-du-violet\\\/#primaryimage\"},\"thumbnailUrl\":\"https:\\\/\\\/www.belgae.be\\\/fr\\\/wp-content\\\/uploads\\\/sites\\\/2\\\/2023\\\/08\\\/cyril_ge_mode_designers_create_clothing_Franco-Belgian_comic_st_6edf1a6b-1a21-4e26-aa1a-22bb8c866229-Copie.webp\",\"articleSection\":[\"Look &amp; Style\"],\"inLanguage\":\"fr-FR\",\"potentialAction\":[{\"@type\":\"CommentAction\",\"name\":\"Comment\",\"target\":[\"https:\\\/\\\/www.belgae.be\\\/fr\\\/blog\\\/portant-du-violet\\\/#respond\"]}]},{\"@type\":\"WebPage\",\"@id\":\"https:\\\/\\\/www.belgae.be\\\/fr\\\/blog\\\/portant-du-violet\\\/\",\"url\":\"https:\\\/\\\/www.belgae.be\\\/fr\\\/blog\\\/portant-du-violet\\\/\",\"name\":\"Porter du violet : combinaisons, psychologie, etc | Belgae\",\"isPartOf\":{\"@id\":\"https:\\\/\\\/www.belgae.be\\\/fr\\\/#website\"},\"primaryImageOfPage\":{\"@id\":\"https:\\\/\\\/www.belgae.be\\\/fr\\\/blog\\\/portant-du-violet\\\/#primaryimage\"},\"image\":{\"@id\":\"https:\\\/\\\/www.belgae.be\\\/fr\\\/blog\\\/portant-du-violet\\\/#primaryimage\"},\"thumbnailUrl\":\"https:\\\/\\\/www.belgae.be\\\/fr\\\/wp-content\\\/uploads\\\/sites\\\/2\\\/2023\\\/08\\\/cyril_ge_mode_designers_create_clothing_Franco-Belgian_comic_st_6edf1a6b-1a21-4e26-aa1a-22bb8c866229-Copie.webp\",\"datePublished\":\"2023-08-03T13:40:28+00:00\",\"breadcrumb\":{\"@id\":\"https:\\\/\\\/www.belgae.be\\\/fr\\\/blog\\\/portant-du-violet\\\/#breadcrumb\"},\"inLanguage\":\"fr-FR\",\"potentialAction\":[{\"@type\":\"ReadAction\",\"target\":[\"https:\\\/\\\/www.belgae.be\\\/fr\\\/blog\\\/portant-du-violet\\\/\"]}]},{\"@type\":\"ImageObject\",\"inLanguage\":\"fr-FR\",\"@id\":\"https:\\\/\\\/www.belgae.be\\\/fr\\\/blog\\\/portant-du-violet\\\/#primaryimage\",\"url\":\"https:\\\/\\\/www.belgae.be\\\/fr\\\/wp-content\\\/uploads\\\/sites\\\/2\\\/2023\\\/08\\\/cyril_ge_mode_designers_create_clothing_Franco-Belgian_comic_st_6edf1a6b-1a21-4e26-aa1a-22bb8c866229-Copie.webp\",\"contentUrl\":\"https:\\\/\\\/www.belgae.be\\\/fr\\\/wp-content\\\/uploads\\\/sites\\\/2\\\/2023\\\/08\\\/cyril_ge_mode_designers_create_clothing_Franco-Belgian_comic_st_6edf1a6b-1a21-4e26-aa1a-22bb8c866229-Copie.webp\"},{\"@type\":\"BreadcrumbList\",\"@id\":\"https:\\\/\\\/www.belgae.be\\\/fr\\\/blog\\\/portant-du-violet\\\/#breadcrumb\",\"itemListElement\":[{\"@type\":\"ListItem\",\"position\":1,\"name\":\"Accueil\",\"item\":\"https:\\\/\\\/www.belgae.be\\\/fr\\\/\"},{\"@type\":\"ListItem\",\"position\":2,\"name\":\"Porter du violet : combinaisons, psychologie, etc\"}]},{\"@type\":\"WebSite\",\"@id\":\"https:\\\/\\\/www.belgae.be\\\/fr\\\/#website\",\"url\":\"https:\\\/\\\/www.belgae.be\\\/fr\\\/\",\"name\":\"Belgae\",\"description\":\"Art &amp; Mode Belge\",\"publisher\":{\"@id\":\"https:\\\/\\\/www.belgae.be\\\/fr\\\/#organization\"},\"potentialAction\":[{\"@type\":\"SearchAction\",\"target\":{\"@type\":\"EntryPoint\",\"urlTemplate\":\"https:\\\/\\\/www.belgae.be\\\/fr\\\/?s={search_term_string}\"},\"query-input\":{\"@type\":\"PropertyValueSpecification\",\"valueRequired\":true,\"valueName\":\"search_term_string\"}}],\"inLanguage\":\"fr-FR\"},{\"@type\":\"Organization\",\"@id\":\"https:\\\/\\\/www.belgae.be\\\/fr\\\/#organization\",\"name\":\"Belgae\",\"url\":\"https:\\\/\\\/www.belgae.be\\\/fr\\\/\",\"logo\":{\"@type\":\"ImageObject\",\"inLanguage\":\"fr-FR\",\"@id\":\"https:\\\/\\\/www.belgae.be\\\/fr\\\/#\\\/schema\\\/logo\\\/image\\\/\",\"url\":\"https:\\\/\\\/www.belgae.be\\\/fr\\\/wp-content\\\/uploads\\\/sites\\\/2\\\/2023\\\/07\\\/Sans-titre1-Copie.png\",\"contentUrl\":\"https:\\\/\\\/www.belgae.be\\\/fr\\\/wp-content\\\/uploads\\\/sites\\\/2\\\/2023\\\/07\\\/Sans-titre1-Copie.png\",\"width\":88,\"height\":88,\"caption\":\"Belgae\"},\"image\":{\"@id\":\"https:\\\/\\\/www.belgae.be\\\/fr\\\/#\\\/schema\\\/logo\\\/image\\\/\"}},{\"@type\":\"Person\",\"@id\":\"https:\\\/\\\/www.belgae.be\\\/fr\\\/#\\\/schema\\\/person\\\/646b40b88212bc5335f9c4fa787df047\",\"name\":\"Cyril Gendarme\",\"sameAs\":[\"https:\\\/\\\/www.belgae.be\"],\"url\":\"https:\\\/\\\/www.belgae.be\\\/fr\\\/blog\\\/author\\\/cgen\\\/\"}]}<\/script>\n<!-- \/ Yoast SEO plugin. -->","yoast_head_json":{"title":"Porter du violet : combinaisons, psychologie, etc | Belgae","robots":{"index":"index","follow":"follow","max-snippet":"max-snippet:-1","max-image-preview":"max-image-preview:large","max-video-preview":"max-video-preview:-1"},"canonical":"https:\/\/www.belgae.be\/fr\/blog\/portant-du-violet\/","og_locale":"fr_FR","og_type":"article","og_title":"Porter du violet : combinaisons, psychologie, etc | Belgae","og_description":"Plongez dans le monde vibrant du violet, une couleur qui danse \u00e0 la fronti\u00e8re entre sophistication cool et passion chaleureuse.","og_url":"https:\/\/www.belgae.be\/fr\/blog\/portant-du-violet\/","og_site_name":"Belgae","article_published_time":"2023-08-03T13:40:28+00:00","og_image":[{"url":"https:\/\/www.belgae.be\/imageHolder\/\/wp-content\/uploads\/sites\/2\/2023\/07\/loading-spinner-belgae.gif","type":"","width":"","height":""}],"author":"Cyril Gendarme","twitter_card":"summary_large_image","twitter_misc":{"\u00c9crit par":"Cyril Gendarme","Dur\u00e9e de lecture estim\u00e9e":"8 minutes"},"schema":{"@context":"https:\/\/schema.org","@graph":[{"@type":"Article","@id":"https:\/\/www.belgae.be\/fr\/blog\/portant-du-violet\/#article","isPartOf":{"@id":"https:\/\/www.belgae.be\/fr\/blog\/portant-du-violet\/"},"author":{"name":"Cyril Gendarme","@id":"https:\/\/www.belgae.be\/fr\/#\/schema\/person\/646b40b88212bc5335f9c4fa787df047"},"headline":"Porter du violet : combinaisons, psychologie, etc","datePublished":"2023-08-03T13:40:28+00:00","mainEntityOfPage":{"@id":"https:\/\/www.belgae.be\/fr\/blog\/portant-du-violet\/"},"wordCount":1705,"commentCount":0,"publisher":{"@id":"https:\/\/www.belgae.be\/fr\/#organization"},"image":{"@id":"https:\/\/www.belgae.be\/fr\/blog\/portant-du-violet\/#primaryimage"},"thumbnailUrl":"https:\/\/www.belgae.be\/fr\/wp-content\/uploads\/sites\/2\/2023\/08\/cyril_ge_mode_designers_create_clothing_Franco-Belgian_comic_st_6edf1a6b-1a21-4e26-aa1a-22bb8c866229-Copie.webp","articleSection":["Look &amp; Style"],"inLanguage":"fr-FR","potentialAction":[{"@type":"CommentAction","name":"Comment","target":["https:\/\/www.belgae.be\/fr\/blog\/portant-du-violet\/#respond"]}]},{"@type":"WebPage","@id":"https:\/\/www.belgae.be\/fr\/blog\/portant-du-violet\/","url":"https:\/\/www.belgae.be\/fr\/blog\/portant-du-violet\/","name":"Porter du violet : combinaisons, psychologie, etc | Belgae","isPartOf":{"@id":"https:\/\/www.belgae.be\/fr\/#website"},"primaryImageOfPage":{"@id":"https:\/\/www.belgae.be\/fr\/blog\/portant-du-violet\/#primaryimage"},"image":{"@id":"https:\/\/www.belgae.be\/fr\/blog\/portant-du-violet\/#primaryimage"},"thumbnailUrl":"https:\/\/www.belgae.be\/fr\/wp-content\/uploads\/sites\/2\/2023\/08\/cyril_ge_mode_designers_create_clothing_Franco-Belgian_comic_st_6edf1a6b-1a21-4e26-aa1a-22bb8c866229-Copie.webp","datePublished":"2023-08-03T13:40:28+00:00","breadcrumb":{"@id":"https:\/\/www.belgae.be\/fr\/blog\/portant-du-violet\/#breadcrumb"},"inLanguage":"fr-FR","potentialAction":[{"@type":"ReadAction","target":["https:\/\/www.belgae.be\/fr\/blog\/portant-du-violet\/"]}]},{"@type":"ImageObject","inLanguage":"fr-FR","@id":"https:\/\/www.belgae.be\/fr\/blog\/portant-du-violet\/#primaryimage","url":"https:\/\/www.belgae.be\/fr\/wp-content\/uploads\/sites\/2\/2023\/08\/cyril_ge_mode_designers_create_clothing_Franco-Belgian_comic_st_6edf1a6b-1a21-4e26-aa1a-22bb8c866229-Copie.webp","contentUrl":"https:\/\/www.belgae.be\/fr\/wp-content\/uploads\/sites\/2\/2023\/08\/cyril_ge_mode_designers_create_clothing_Franco-Belgian_comic_st_6edf1a6b-1a21-4e26-aa1a-22bb8c866229-Copie.webp"},{"@type":"BreadcrumbList","@id":"https:\/\/www.belgae.be\/fr\/blog\/portant-du-violet\/#breadcrumb","itemListElement":[{"@type":"ListItem","position":1,"name":"Accueil","item":"https:\/\/www.belgae.be\/fr\/"},{"@type":"ListItem","position":2,"name":"Porter du violet : combinaisons, psychologie, etc"}]},{"@type":"WebSite","@id":"https:\/\/www.belgae.be\/fr\/#website","url":"https:\/\/www.belgae.be\/fr\/","name":"Belgae","description":"Art &amp; Mode Belge","publisher":{"@id":"https:\/\/www.belgae.be\/fr\/#organization"},"potentialAction":[{"@type":"SearchAction","target":{"@type":"EntryPoint","urlTemplate":"https:\/\/www.belgae.be\/fr\/?s={search_term_string}"},"query-input":{"@type":"PropertyValueSpecification","valueRequired":true,"valueName":"search_term_string"}}],"inLanguage":"fr-FR"},{"@type":"Organization","@id":"https:\/\/www.belgae.be\/fr\/#organization","name":"Belgae","url":"https:\/\/www.belgae.be\/fr\/","logo":{"@type":"ImageObject","inLanguage":"fr-FR","@id":"https:\/\/www.belgae.be\/fr\/#\/schema\/logo\/image\/","url":"https:\/\/www.belgae.be\/fr\/wp-content\/uploads\/sites\/2\/2023\/07\/Sans-titre1-Copie.png","contentUrl":"https:\/\/www.belgae.be\/fr\/wp-content\/uploads\/sites\/2\/2023\/07\/Sans-titre1-Copie.png","width":88,"height":88,"caption":"Belgae"},"image":{"@id":"https:\/\/www.belgae.be\/fr\/#\/schema\/logo\/image\/"}},{"@type":"Person","@id":"https:\/\/www.belgae.be\/fr\/#\/schema\/person\/646b40b88212bc5335f9c4fa787df047","name":"Cyril Gendarme","sameAs":["https:\/\/www.belgae.be"],"url":"https:\/\/www.belgae.be\/fr\/blog\/author\/cgen\/"}]}},"_links":{"self":[{"href":"https:\/\/www.belgae.be\/fr\/wp-json\/wp\/v2\/posts\/2937","targetHints":{"allow":["GET"]}}],"collection":[{"href":"https:\/\/www.belgae.be\/fr\/wp-json\/wp\/v2\/posts"}],"about":[{"href":"https:\/\/www.belgae.be\/fr\/wp-json\/wp\/v2\/types\/post"}],"author":[{"embeddable":true,"href":"https:\/\/www.belgae.be\/fr\/wp-json\/wp\/v2\/users\/1"}],"replies":[{"embeddable":true,"href":"https:\/\/www.belgae.be\/fr\/wp-json\/wp\/v2\/comments?post=2937"}],"version-history":[{"count":0,"href":"https:\/\/www.belgae.be\/fr\/wp-json\/wp\/v2\/posts\/2937\/revisions"}],"wp:featuredmedia":[{"embeddable":true,"href":"https:\/\/www.belgae.be\/fr\/wp-json\/"}],"wp:attachment":[{"href":"https:\/\/www.belgae.be\/fr\/wp-json\/wp\/v2\/media?parent=2937"}],"wp:term":[{"taxonomy":"category","embeddable":true,"href":"https:\/\/www.belgae.be\/fr\/wp-json\/wp\/v2\/categories?post=2937"},{"taxonomy":"post_tag","embeddable":true,"href":"https:\/\/www.belgae.be\/fr\/wp-json\/wp\/v2\/tags?post=2937"}],"curies":[{"name":"wp","href":"https:\/\/api.w.org\/{rel}","templated":true}]}}