{"id":2935,"date":"2023-08-03T13:39:56","date_gmt":"2023-08-03T13:39:56","guid":{"rendered":"https:\/\/www.belgae.be\/fr\/blog\/portant-du-blanc\/"},"modified":"2023-08-03T13:39:56","modified_gmt":"2023-08-03T13:39:56","slug":"portant-du-blanc","status":"publish","type":"post","link":"https:\/\/www.belgae.be\/fr\/blog\/portant-du-blanc\/","title":{"rendered":"Porter du blanc : combinaisons, psychologie, etc"},"content":{"rendered":"<p>Plongez dans l&#8217;univers du blanc ! Cette teinte est bien plus qu&#8217;une couleur &#8211; c&#8217;est une attitude, un choix de vie. D\u00e9couvrez sa psychologie et explorez d&#8217;innombrables combinaisons dans la mode.<\/p>\n<p>Le blanc peut sembler simple, mais il y a quelque chose d&#8217;ind\u00e9niablement captivant \u00e0 propos de cette nuance classique. Alors pourquoi ne pas franchir le pas et embrasser la magie du port du blanc ?<\/p>\n<p> Que votre voyage stylistique commence ici.<\/p>\n<section class=\"contentTable_table\">\n<p class=\"contentTable_title\">Table des mati\u00e8res : <\/p>\n<p class=\"contentTable_elem\"><a href=\"#balise_0\">1. Introduction : Comment Porter la Couleur Blanche ? <\/a><\/p>\n<p class=\"contentTable_elem\"><a href=\"#balise_1\">2. Quelles \u00e9motions sont exprim\u00e9es en portant la couleur blanche ? <\/a><\/p>\n<p class=\"contentTable_elem\"><a href=\"#balise_2\">3. Associations : Quelles Couleurs se Marient avec le Port de V\u00eatements Blancs ? <\/a><\/p>\n<p class=\"contentTable_elem\"><a href=\"#balise_3\">4. Quel teint s&#8217;accorde bien avec une tenue blanche ? <\/a><\/p>\n<p class=\"contentTable_elem\"><a href=\"#balise_4\">5. La Meilleure Saison Pour Porter la Couleur Blanche<\/a><\/p>\n<p class=\"contentTable_elem\"><a href=\"#balise_5\">6. Porter des Chaussures Blanches : Une Bonne Id\u00e9e ? <\/a><\/p>\n<p class=\"contentTable_elem\"><a href=\"#balise_6\">7. Faux Pas de la Mode : Erreurs Courantes \u00e0 \u00c9viter Lorsqu&#8217;on Porte du Blanc<\/a><\/p>\n<p class=\"contentTable_elem\"><a href=\"#balise_7\">8. L&#8217;impact du port de la couleur blanche sur notre psychologie<\/a><\/p>\n<p class=\"contentTable_elem\"><a href=\"#balise_8\">9. Porter la couleur blanche : Quelle signification spirituelle cela-t-il? <\/a><\/p>\n<p class=\"contentTable_elem\"><a href=\"#balise_9\">10. J&#8217;ai Port\u00e9 du Blanc Dans un R\u00eave : Quelle en est la Signification ? <\/a><\/p>\n<\/section>\n<p><img loading=\"lazy\" decoding=\"async\" class=\"lazyload articleImageSquare_CGEN\" height=\"400\" width=\"400\" src=\"https:\/\/www.belgae.be\/imageHolder\/\/wp-content\/uploads\/sites\/2\/2023\/07\/loading-spinner-belgae.gif\" data-src=\"https:\/\/www.belgae.be\/imageHolder\/\/wp-content\/uploads\/sites\/2\/2023\/08\/tmp2gilhrf4.jpg\" alt=\"tmp2gilhrf\" \/><\/p>\n<h2 id=\"balise_0\">Introduction : Comment Porter la Couleur Blanche ? <\/h2>\n<p>Le blanc est une couleur qui d\u00e9gage \u00e9l\u00e9gance, simplicit\u00e9 et puret\u00e9. Pas \u00e9tonnant que porter du blanc soit devenu un choix populaire dans le monde de la mode. Que vous portiez une tenue enti\u00e8rement blanche ou que vous incorporiez des pi\u00e8ces blanches \u00e0 votre tenue, il existe diverses fa\u00e7ons d&#8217;adopter cette teinte immacul\u00e9e.<\/p>\n<p>De plus, l&#8217;utilisation judicieuse du blanc peut faire ressortir les autres couleurs de votre garde-robe. Il sert \u00e9galement comme toile vierge pour permettre aux accessoires color\u00e9s de se distinguer davantage.<\/p>\n<p>Cependant, il est essentiel d&#8217;apprendre \u00e0 styliser correctement le blanc. Cela garantit non seulement qu&#8217;il compl\u00e8te parfaitement votre style personnel mais aussi qu&#8217;il ne devient pas ennuyeux ou monotone au fil du temps.<\/p>\n<p>En fin de compte, bien que simple en apparence, le blanc a beaucoup \u00e0 offrir lorsqu&#8217;il s&#8217;agit d&#8217;am\u00e9liorer l&#8217;esth\u00e9tique globale d&#8217;une tenue. Alors n&#8217;h\u00e9sitez pas : faites briller cette couleur avec confiance et style!<\/p>\n<p><img loading=\"lazy\" decoding=\"async\" class=\"lazyload articleImageSquare_CGEN\" height=\"400\" width=\"400\" src=\"https:\/\/www.belgae.be\/imageHolder\/\/wp-content\/uploads\/sites\/2\/2023\/07\/loading-spinner-belgae.gif\" data-src=\"https:\/\/www.belgae.be\/imageHolder\/\/wp-content\/uploads\/sites\/2\/2023\/08\/tmptluqlam8.jpg\" alt=\"tmptluqlam\" \/><\/p>\n<h2 id=\"balise_1\">Quelles \u00e9motions sont exprim\u00e9es en portant la couleur blanche ? <\/h2>\n<p>Porter du blanc peut \u00e9voquer diff\u00e9rentes \u00e9motions selon le contexte. En g\u00e9n\u00e9ral, il symbolise la propret\u00e9 et la fra\u00eecheur, ce qui en fait une couleur id\u00e9ale pour obtenir un look net et soign\u00e9.<\/p>\n<p>De plus, le blanc est souvent associ\u00e9 \u00e0 la paix et \u00e0 la tranquillit\u00e9 gr\u00e2ce \u00e0 son effet apaisant sur nos esprits. Il peut aider \u00e0 cr\u00e9er une atmosph\u00e8re d\u00e9tendue et sereine dans n&#8217;importe quelle situation.<\/p>\n<p>Par cons\u00e9quent, choisir de porter du blanc peut avoir des implications positives sur l&#8217;humeur g\u00e9n\u00e9rale. C&#8217;est pourquoi il reste une couleur populaire dans les choix de v\u00eatements.<\/p>\n<p>Que vous cherchiez un style sophistiqu\u00e9 ou d\u00e9contract\u00e9, le blanc a sa place dans votre garde-robe. Son universalit\u00e9 offre \u00e9galement beaucoup d&#8217;options pour m\u00e9langer et assortir avec d&#8217;autres couleurs.<\/p>\n<p><img loading=\"lazy\" decoding=\"async\" class=\"lazyload articleImageSquare_CGEN\" height=\"400\" width=\"400\" src=\"https:\/\/www.belgae.be\/imageHolder\/\/wp-content\/uploads\/sites\/2\/2023\/07\/loading-spinner-belgae.gif\" data-src=\"https:\/\/www.belgae.be\/imageHolder\/\/wp-content\/uploads\/sites\/2\/2023\/08\/tmpxt31ixfu.jpg\" alt=\"tmpxt31ixfu\" \/><\/p>\n<h2 id=\"balise_2\">Associations : Quelles Couleurs se Marient avec le Port de V\u00eatements Blancs ? <\/h2>\n<p>L&#8217;un des avantages de porter du blanc est sa polyvalence lorsqu&#8217;il est associ\u00e9 \u00e0 d&#8217;autres couleurs. De magnifiques contrastes peuvent \u00eatre cr\u00e9\u00e9s en le combinant avec des teintes audacieuses comme le rouge ou le bleu marine.<\/p>\n<p>Si une apparence plus douce est pr\u00e9f\u00e9r\u00e9e, les nuances pastel telles que le rose clair ou le vert menthe fonctionnent \u00e9galement tr\u00e8s bien. Porter du blanc offre donc une multitude d&#8217;options pour diversifier et \u00e9gayer votre garde-robe.<\/p>\n<p>Il suffit simplement de choisir la couleur qui correspond \u00e0 l&#8217;humeur du jour, et vous \u00eates pr\u00eat pour toute occasion. Que ce soit un \u00e9v\u00e9nement formel n\u00e9cessitant une \u00e9l\u00e9gance classique, ou un brunch d\u00e9contract\u00e9 o\u00f9 vous pouvez exp\u00e9rimenter avec des couleurs vives.<\/p>\n<p>En conclusion, ne sous-estimez jamais la puissance d&#8217;une tenue blanche bien assortie. Elle peut transformer n&#8217;importe quelle tenue ordinaire en quelque chose de vraiment sp\u00e9cial.<\/p>\n<p><img loading=\"lazy\" decoding=\"async\" class=\"lazyload articleImageSquare_CGEN\" height=\"400\" width=\"400\" src=\"https:\/\/www.belgae.be\/imageHolder\/\/wp-content\/uploads\/sites\/2\/2023\/07\/loading-spinner-belgae.gif\" data-src=\"https:\/\/www.belgae.be\/imageHolder\/\/wp-content\/uploads\/sites\/2\/2023\/08\/tmpnzh8ovg4.jpg\" alt=\"tmpnzh8ovg\" \/><\/p>\n<h2 id=\"balise_3\">Quel teint s&#8217;accorde bien avec une tenue blanche ? <\/h2>\n<p>Bien que tout le monde puisse porter du blanc quelle que soit la couleur de sa peau, certaines nuances de blanc peuvent mieux compl\u00e9ter des teints sp\u00e9cifiques que d&#8217;autres. Pour les peaux plus claires, les blancs vifs ont tendance \u00e0 am\u00e9liorer leur \u00e9clat naturel.<\/p>\n<p>Cependant, ceux avec des sous-tons plus chauds pourraient opter pour des blancs cass\u00e9s cr\u00e9meux qui ajoutent une touche chaleureuse sans submerger leur teint. Choisir la bonne nuance peut faire toute la diff\u00e9rence et mettre en valeur votre beaut\u00e9 naturelle.<\/p>\n<p>Il est donc essentiel d&#8217;exp\u00e9rimenter avec diff\u00e9rentes nuances pour trouver celle qui convient le mieux \u00e0 votre propre complexion unique. Ne vous limitez pas aux conventions traditionnelles mais explorez l&#8217;\u00e9ventail complet de possibilit\u00e9s offert par cette couleur intemporelle et universelle.<\/p>\n<p><img loading=\"lazy\" decoding=\"async\" class=\"lazyload articleImageSquare_CGEN\" height=\"400\" width=\"400\" src=\"https:\/\/www.belgae.be\/imageHolder\/\/wp-content\/uploads\/sites\/2\/2023\/07\/loading-spinner-belgae.gif\" data-src=\"https:\/\/www.belgae.be\/imageHolder\/\/wp-content\/uploads\/sites\/2\/2023\/08\/tmpdug_7rxk.jpg\" alt=\"tmpdug_7rxk\" \/><\/p>\n<h2 id=\"balise_4\">La Meilleure Saison Pour Porter la Couleur Blanche<\/h2>\n<p>Bien que traditionnellement associ\u00e9e aux tenues d&#8217;\u00e9t\u00e9 &#8211; imaginez de l\u00e9g\u00e8res robes d&#8217;\u00e9t\u00e9 et des pantalons en lin &#8211; la couleur blanche transcende d\u00e9sormais les saisons! Des tenues inspir\u00e9es par le pays des merveilles hivernal \u00e0 des looks printaniers frais ou m\u00eame \u00e9l\u00e9gants pour l&#8217;automne avec de confortables tricots; il n&#8217;y a jamais vraiment un mauvais moment pour porter cette teinte intemporelle!<\/p>\n<p>Le blanc offre une toile vierge, permettant une multitude de combinaisons. Il apporte fra\u00eecheur et \u00e9l\u00e9gance \u00e0 chaque look. Qu&#8217;il s&#8217;agisse d&#8217;une robe d\u00e9contract\u00e9e pour une journ\u00e9e estivale, ou d&#8217;un pull douillet lors des mois plus froids.<\/p>\n<p>En outre, cette nuance polyvalente peut \u00eatre stylis\u00e9e selon votre humeur. Elle peut \u00eatre chic et sophistiqu\u00e9e ou simple et minimaliste. Peu importe comment vous choisissez de la porter, elle restera toujours classique.<\/p>\n<p>Pour conclure, le blanc est bien plus qu&#8217;une simple couleur saisonni\u00e8re. C&#8217;est un choix audacieux qui ne se d\u00e9mode jamais! Donc peu importe la saison, n&#8217;h\u00e9sitez pas \u00e0 ajouter du blanc dans votre garde-robe!<\/p>\n<p><img loading=\"lazy\" decoding=\"async\" class=\"lazyload articleImageSquare_CGEN\" height=\"400\" width=\"400\" src=\"https:\/\/www.belgae.be\/imageHolder\/\/wp-content\/uploads\/sites\/2\/2023\/07\/loading-spinner-belgae.gif\" data-src=\"https:\/\/www.belgae.be\/imageHolder\/\/wp-content\/uploads\/sites\/2\/2023\/08\/tmplsrvwcn8.jpg\" alt=\"tmplsrvwcn\" \/><\/p>\n<h2 id=\"balise_5\">Porter des Chaussures Blanches : Une Bonne Id\u00e9e ? <\/h2>\n<p>Les chaussures blanches peuvent apporter une touche d&#8217;\u00e9l\u00e9gance \u00e0 n&#8217;importe quelle tenue, mais elles n\u00e9cessitent une r\u00e9flexion attentive. Elles attirent facilement la salet\u00e9 et les taches, il est donc essentiel de les garder propres pour un look soign\u00e9.<\/p>\n<p>Cependant, lorsqu&#8217;elles sont correctement styl\u00e9es, les chaussures blanches peuvent am\u00e9liorer votre esth\u00e9tique globale et faire une d\u00e9claration de mode audacieuse.<\/p>\n<p><img loading=\"lazy\" decoding=\"async\" class=\"lazyload articleImageSquare_CGEN\" height=\"400\" width=\"400\" src=\"https:\/\/www.belgae.be\/imageHolder\/\/wp-content\/uploads\/sites\/2\/2023\/07\/loading-spinner-belgae.gif\" data-src=\"https:\/\/www.belgae.be\/imageHolder\/\/wp-content\/uploads\/sites\/2\/2023\/08\/tmp92q3v6dl.jpg\" alt=\"tmp92q3v6dl\" \/><\/p>\n<h2 id=\"balise_6\">Faux Pas de la Mode : Erreurs Courantes \u00e0 \u00c9viter Lorsqu&#8217;on Porte du Blanc<\/h2>\n<p>Porter du blanc est ind\u00e9niablement chic, mais il y a des pi\u00e8ges courants \u00e0 \u00e9viter. Premi\u00e8rement, faites attention aux tissus transparents qui peuvent r\u00e9v\u00e9ler plus que ce que vous aviez pr\u00e9vu ! Deuxi\u00e8mement, assurez-vous d&#8217;avoir des sous-v\u00eatements appropri\u00e9s en nude ou dans des couleurs assorties pour \u00e9viter que les lignes inesth\u00e9tiques ne transparaissent.<\/p>\n<p>Enfin &#8211; n&#8217;ayez pas peur d&#8217;exp\u00e9rimenter avec diff\u00e9rentes textures et couches; les tenues monochromatiques b\u00e9n\u00e9ficient souvent de choix de tissus diversifi\u00e9s. Le style vestimentaire n\u00e9cessite une certaine audace pour sortir du lot. Un dernier conseil : un accessoire bien choisi peut faire toute la diff\u00e9rence !<\/p>\n<p>La cl\u00e9 est de rester fid\u00e8le \u00e0 son propre style tout en s&#8217;adaptant aux tendances actuelles. Les nuances subtiles et le jeu avec les textures peuvent apporter une touche unique \u00e0 votre look total blanc.<\/p>\n<p><img loading=\"lazy\" decoding=\"async\" class=\"lazyload articleImageSquare_CGEN\" height=\"400\" width=\"400\" src=\"https:\/\/www.belgae.be\/imageHolder\/\/wp-content\/uploads\/sites\/2\/2023\/07\/loading-spinner-belgae.gif\" data-src=\"https:\/\/www.belgae.be\/imageHolder\/\/wp-content\/uploads\/sites\/2\/2023\/08\/tmprbus1n02.jpg\" alt=\"tmprbus1n\" \/><\/p>\n<h2 id=\"balise_7\">L&#8217;impact du port de la couleur blanche sur notre psychologie<\/h2>\n<p>La couleur blanche a des effets psychologiques profonds sur nos esprits. Elle favorise la clart\u00e9 de pens\u00e9e tout en cr\u00e9ant une atmosph\u00e8re propice \u00e0 la cr\u00e9ativit\u00e9 et aux nouveaux d\u00e9parts.<\/p>\n<p>En outre, les \u00e9tudes ont montr\u00e9 que nous entourer de cette teinte pure aide \u00e0 r\u00e9duire les niveaux de stress. Elle provoque des sentiments de calme et s\u00e9r\u00e9nit\u00e9.<\/p>\n<p>Cette nuance immacul\u00e9e est donc plus qu&#8217;une simple couleur. C&#8217;est un puissant outil pour am\u00e9liorer notre bien-\u00eatre mental et \u00e9motionnel quotidien.<\/p>\n<p>Utilisons-la judicieusement dans nos espaces personnels pour b\u00e9n\u00e9ficier au maximum de ses avantages th\u00e9rapeutiques.<\/p>\n<p><img loading=\"lazy\" decoding=\"async\" class=\"lazyload articleImageSquare_CGEN\" height=\"400\" width=\"400\" src=\"https:\/\/www.belgae.be\/imageHolder\/\/wp-content\/uploads\/sites\/2\/2023\/07\/loading-spinner-belgae.gif\" data-src=\"https:\/\/www.belgae.be\/imageHolder\/\/wp-content\/uploads\/sites\/2\/2023\/08\/tmpq7t_qkx6.jpg\" alt=\"tmpq7t_qkx\" \/><\/p>\n<h2 id=\"balise_8\">Porter la couleur blanche : Quelle signification spirituelle cela-t-il? <\/h2>\n<p>Dans diverses cultures \u00e0 travers le monde, y compris les traditions occidentales, porter du blanc a une signification spirituelle. Il symbolise la puret\u00e9 et l&#8217;illumination dans des religions comme le christianisme ou l&#8217;hindouisme.<\/p>\n<p>Pour ces croyances, la couleur blanche repr\u00e9sente le voyage de l&#8217;\u00e2me vers une conscience plus \u00e9lev\u00e9e. Dans le christianisme par exemple, ce sont les robes de bapt\u00eame qui sont souvent d&#8217;un blanc immacul\u00e9.<\/p>\n<p>L&#8217;hindouisme n&#8217;est pas en reste non plus. Durant les c\u00e9r\u00e9monies religieuses hindoues, il est courant de voir des fid\u00e8les v\u00eatus d&#8217;une tenue blanche pour marquer leur d\u00e9votion et leur aspiration \u00e0 atteindre un niveau sup\u00e9rieur de spiritualit\u00e9.<\/p>\n<p>Ainsi donc, que ce soit en Occident ou dans d&#8217;autres r\u00e9gions du monde entier &#8211; porter du blanc transcende simplement l&#8217;esth\u00e9tique pour rev\u00eatir une dimension sacr\u00e9e profonde.<\/p>\n<p><img loading=\"lazy\" decoding=\"async\" class=\"lazyload articleImageSquare_CGEN\" height=\"400\" width=\"400\" src=\"https:\/\/www.belgae.be\/imageHolder\/\/wp-content\/uploads\/sites\/2\/2023\/07\/loading-spinner-belgae.gif\" data-src=\"https:\/\/www.belgae.be\/imageHolder\/\/wp-content\/uploads\/sites\/2\/2023\/08\/tmpjg4aghak.jpg\" alt=\"tmpjg4aghak\" \/><\/p>\n<h2 id=\"balise_9\">J&#8217;ai Port\u00e9 du Blanc Dans un R\u00eave : Quelle en est la Signification ? <\/h2>\n<p>Les r\u00eaves o\u00f9 l&#8217;on porte du blanc peuvent signaler une croissance personnelle ou une transformation dans le parcours de la vie. Cela t\u00e9moigne d&#8217;un effort pour atteindre la puret\u00e9 int\u00e9rieure malgr\u00e9 les d\u00e9fis rencontr\u00e9s chaque jour.<\/p>\n<p>La couleur blanche est souvent associ\u00e9e \u00e0 des notions de puret\u00e9, d&#8217;innocence et de nouveaut\u00e9. Dans un r\u00eave, elle peut signifier un d\u00e9sir de renouveau personnel et spirituel.<\/p>\n<p>En s&#8217;habillant en blanc dans un r\u00eave, on exprime son souhait de se purifier, d&#8217;\u00e9voluer positivement sur le plan personnel. On aspire \u00e0 \u00eatre meilleur face aux \u00e9preuves quotidiennes qui jalonnent notre existence.<\/p>\n<p>Ces visions nocturnes sont donc pr\u00e9cieuses : elles nous guident vers notre d\u00e9veloppement individuel. Elles indiquent que malgr\u00e9 les obstacles sur notre chemin, nous avons la capacit\u00e9 inn\u00e9e \u00e0 grandir et \u00e0 transformer nos vies pour le mieux.<\/p>\n","protected":false},"excerpt":{"rendered":"<p>Plongez dans l&#8217;univers du blanc ! Cette teinte est bien plus qu&#8217;une couleur &#8211; c&#8217;est une attitude, un choix de vie. D\u00e9couvrez sa psychologie et explorez d&#8217;innombrables combinaisons dans la mode.<\/p>\n","protected":false},"author":1,"featured_media":4998,"comment_status":"open","ping_status":"","sticky":false,"template":"","format":"standard","meta":{"_acf_changed":false,"_et_pb_use_builder":"","_et_pb_old_content":"","_et_gb_content_width":"","footnotes":""},"categories":[38],"tags":[],"class_list":["post-2935","post","type-post","status-publish","format-standard","has-post-thumbnail","hentry","category-look-style"],"acf":[],"yoast_head":"<!-- This site is optimized with the Yoast SEO plugin v27.5 - https:\/\/yoast.com\/product\/yoast-seo-wordpress\/ -->\n<title>Porter du blanc : combinaisons, psychologie, etc | Belgae<\/title>\n<meta name=\"robots\" content=\"index, follow, max-snippet:-1, max-image-preview:large, max-video-preview:-1\" \/>\n<link rel=\"canonical\" href=\"https:\/\/www.belgae.be\/fr\/blog\/portant-du-blanc\/\" \/>\n<meta property=\"og:locale\" content=\"fr_FR\" \/>\n<meta property=\"og:type\" content=\"article\" \/>\n<meta property=\"og:title\" content=\"Porter du blanc : combinaisons, psychologie, etc | Belgae\" \/>\n<meta property=\"og:description\" content=\"Plongez dans l&#039;univers du blanc ! Cette teinte est bien plus qu&#039;une couleur - c&#039;est une attitude, un choix de vie. D\u00e9couvrez sa psychologie et explorez d&#039;innombrables combinaisons dans la mode.\" \/>\n<meta property=\"og:url\" content=\"https:\/\/www.belgae.be\/fr\/blog\/portant-du-blanc\/\" \/>\n<meta property=\"og:site_name\" content=\"Belgae\" \/>\n<meta property=\"article:published_time\" content=\"2023-08-03T13:39:56+00:00\" \/>\n<meta property=\"og:image\" content=\"https:\/\/www.belgae.be\/imageHolder\/\/wp-content\/uploads\/sites\/2\/2023\/07\/loading-spinner-belgae.gif\" \/>\n<meta name=\"author\" content=\"Cyril Gendarme\" \/>\n<meta name=\"twitter:card\" content=\"summary_large_image\" \/>\n<meta name=\"twitter:label1\" content=\"\u00c9crit par\" \/>\n\t<meta name=\"twitter:data1\" content=\"Cyril Gendarme\" \/>\n\t<meta name=\"twitter:label2\" content=\"Dur\u00e9e de lecture estim\u00e9e\" \/>\n\t<meta name=\"twitter:data2\" content=\"8 minutes\" \/>\n<script type=\"application\/ld+json\" class=\"yoast-schema-graph\">{\"@context\":\"https:\\\/\\\/schema.org\",\"@graph\":[{\"@type\":\"Article\",\"@id\":\"https:\\\/\\\/www.belgae.be\\\/fr\\\/blog\\\/portant-du-blanc\\\/#article\",\"isPartOf\":{\"@id\":\"https:\\\/\\\/www.belgae.be\\\/fr\\\/blog\\\/portant-du-blanc\\\/\"},\"author\":{\"name\":\"Cyril Gendarme\",\"@id\":\"https:\\\/\\\/www.belgae.be\\\/fr\\\/#\\\/schema\\\/person\\\/646b40b88212bc5335f9c4fa787df047\"},\"headline\":\"Porter du blanc : combinaisons, psychologie, etc\",\"datePublished\":\"2023-08-03T13:39:56+00:00\",\"mainEntityOfPage\":{\"@id\":\"https:\\\/\\\/www.belgae.be\\\/fr\\\/blog\\\/portant-du-blanc\\\/\"},\"wordCount\":1628,\"commentCount\":0,\"publisher\":{\"@id\":\"https:\\\/\\\/www.belgae.be\\\/fr\\\/#organization\"},\"image\":{\"@id\":\"https:\\\/\\\/www.belgae.be\\\/fr\\\/blog\\\/portant-du-blanc\\\/#primaryimage\"},\"thumbnailUrl\":\"https:\\\/\\\/www.belgae.be\\\/fr\\\/wp-content\\\/uploads\\\/sites\\\/2\\\/2023\\\/08\\\/cyril_ge_miscellaneous_pieces_of_white_clothing_Franco-Belgian__1bed22f0-83c0-47d1-a940-560b23cdb475-1.webp\",\"articleSection\":[\"Look &amp; Style\"],\"inLanguage\":\"fr-FR\",\"potentialAction\":[{\"@type\":\"CommentAction\",\"name\":\"Comment\",\"target\":[\"https:\\\/\\\/www.belgae.be\\\/fr\\\/blog\\\/portant-du-blanc\\\/#respond\"]}]},{\"@type\":\"WebPage\",\"@id\":\"https:\\\/\\\/www.belgae.be\\\/fr\\\/blog\\\/portant-du-blanc\\\/\",\"url\":\"https:\\\/\\\/www.belgae.be\\\/fr\\\/blog\\\/portant-du-blanc\\\/\",\"name\":\"Porter du blanc : combinaisons, psychologie, etc | Belgae\",\"isPartOf\":{\"@id\":\"https:\\\/\\\/www.belgae.be\\\/fr\\\/#website\"},\"primaryImageOfPage\":{\"@id\":\"https:\\\/\\\/www.belgae.be\\\/fr\\\/blog\\\/portant-du-blanc\\\/#primaryimage\"},\"image\":{\"@id\":\"https:\\\/\\\/www.belgae.be\\\/fr\\\/blog\\\/portant-du-blanc\\\/#primaryimage\"},\"thumbnailUrl\":\"https:\\\/\\\/www.belgae.be\\\/fr\\\/wp-content\\\/uploads\\\/sites\\\/2\\\/2023\\\/08\\\/cyril_ge_miscellaneous_pieces_of_white_clothing_Franco-Belgian__1bed22f0-83c0-47d1-a940-560b23cdb475-1.webp\",\"datePublished\":\"2023-08-03T13:39:56+00:00\",\"breadcrumb\":{\"@id\":\"https:\\\/\\\/www.belgae.be\\\/fr\\\/blog\\\/portant-du-blanc\\\/#breadcrumb\"},\"inLanguage\":\"fr-FR\",\"potentialAction\":[{\"@type\":\"ReadAction\",\"target\":[\"https:\\\/\\\/www.belgae.be\\\/fr\\\/blog\\\/portant-du-blanc\\\/\"]}]},{\"@type\":\"ImageObject\",\"inLanguage\":\"fr-FR\",\"@id\":\"https:\\\/\\\/www.belgae.be\\\/fr\\\/blog\\\/portant-du-blanc\\\/#primaryimage\",\"url\":\"https:\\\/\\\/www.belgae.be\\\/fr\\\/wp-content\\\/uploads\\\/sites\\\/2\\\/2023\\\/08\\\/cyril_ge_miscellaneous_pieces_of_white_clothing_Franco-Belgian__1bed22f0-83c0-47d1-a940-560b23cdb475-1.webp\",\"contentUrl\":\"https:\\\/\\\/www.belgae.be\\\/fr\\\/wp-content\\\/uploads\\\/sites\\\/2\\\/2023\\\/08\\\/cyril_ge_miscellaneous_pieces_of_white_clothing_Franco-Belgian__1bed22f0-83c0-47d1-a940-560b23cdb475-1.webp\"},{\"@type\":\"BreadcrumbList\",\"@id\":\"https:\\\/\\\/www.belgae.be\\\/fr\\\/blog\\\/portant-du-blanc\\\/#breadcrumb\",\"itemListElement\":[{\"@type\":\"ListItem\",\"position\":1,\"name\":\"Accueil\",\"item\":\"https:\\\/\\\/www.belgae.be\\\/fr\\\/\"},{\"@type\":\"ListItem\",\"position\":2,\"name\":\"Porter du blanc : combinaisons, psychologie, etc\"}]},{\"@type\":\"WebSite\",\"@id\":\"https:\\\/\\\/www.belgae.be\\\/fr\\\/#website\",\"url\":\"https:\\\/\\\/www.belgae.be\\\/fr\\\/\",\"name\":\"Belgae\",\"description\":\"Art &amp; Mode Belge\",\"publisher\":{\"@id\":\"https:\\\/\\\/www.belgae.be\\\/fr\\\/#organization\"},\"potentialAction\":[{\"@type\":\"SearchAction\",\"target\":{\"@type\":\"EntryPoint\",\"urlTemplate\":\"https:\\\/\\\/www.belgae.be\\\/fr\\\/?s={search_term_string}\"},\"query-input\":{\"@type\":\"PropertyValueSpecification\",\"valueRequired\":true,\"valueName\":\"search_term_string\"}}],\"inLanguage\":\"fr-FR\"},{\"@type\":\"Organization\",\"@id\":\"https:\\\/\\\/www.belgae.be\\\/fr\\\/#organization\",\"name\":\"Belgae\",\"url\":\"https:\\\/\\\/www.belgae.be\\\/fr\\\/\",\"logo\":{\"@type\":\"ImageObject\",\"inLanguage\":\"fr-FR\",\"@id\":\"https:\\\/\\\/www.belgae.be\\\/fr\\\/#\\\/schema\\\/logo\\\/image\\\/\",\"url\":\"https:\\\/\\\/www.belgae.be\\\/fr\\\/wp-content\\\/uploads\\\/sites\\\/2\\\/2023\\\/07\\\/Sans-titre1-Copie.png\",\"contentUrl\":\"https:\\\/\\\/www.belgae.be\\\/fr\\\/wp-content\\\/uploads\\\/sites\\\/2\\\/2023\\\/07\\\/Sans-titre1-Copie.png\",\"width\":88,\"height\":88,\"caption\":\"Belgae\"},\"image\":{\"@id\":\"https:\\\/\\\/www.belgae.be\\\/fr\\\/#\\\/schema\\\/logo\\\/image\\\/\"}},{\"@type\":\"Person\",\"@id\":\"https:\\\/\\\/www.belgae.be\\\/fr\\\/#\\\/schema\\\/person\\\/646b40b88212bc5335f9c4fa787df047\",\"name\":\"Cyril Gendarme\",\"sameAs\":[\"https:\\\/\\\/www.belgae.be\"],\"url\":\"https:\\\/\\\/www.belgae.be\\\/fr\\\/blog\\\/author\\\/cgen\\\/\"}]}<\/script>\n<!-- \/ Yoast SEO plugin. -->","yoast_head_json":{"title":"Porter du blanc : combinaisons, psychologie, etc | Belgae","robots":{"index":"index","follow":"follow","max-snippet":"max-snippet:-1","max-image-preview":"max-image-preview:large","max-video-preview":"max-video-preview:-1"},"canonical":"https:\/\/www.belgae.be\/fr\/blog\/portant-du-blanc\/","og_locale":"fr_FR","og_type":"article","og_title":"Porter du blanc : combinaisons, psychologie, etc | Belgae","og_description":"Plongez dans l'univers du blanc ! Cette teinte est bien plus qu'une couleur - c'est une attitude, un choix de vie. D\u00e9couvrez sa psychologie et explorez d'innombrables combinaisons dans la mode.","og_url":"https:\/\/www.belgae.be\/fr\/blog\/portant-du-blanc\/","og_site_name":"Belgae","article_published_time":"2023-08-03T13:39:56+00:00","og_image":[{"url":"https:\/\/www.belgae.be\/imageHolder\/\/wp-content\/uploads\/sites\/2\/2023\/07\/loading-spinner-belgae.gif","type":"","width":"","height":""}],"author":"Cyril Gendarme","twitter_card":"summary_large_image","twitter_misc":{"\u00c9crit par":"Cyril Gendarme","Dur\u00e9e de lecture estim\u00e9e":"8 minutes"},"schema":{"@context":"https:\/\/schema.org","@graph":[{"@type":"Article","@id":"https:\/\/www.belgae.be\/fr\/blog\/portant-du-blanc\/#article","isPartOf":{"@id":"https:\/\/www.belgae.be\/fr\/blog\/portant-du-blanc\/"},"author":{"name":"Cyril Gendarme","@id":"https:\/\/www.belgae.be\/fr\/#\/schema\/person\/646b40b88212bc5335f9c4fa787df047"},"headline":"Porter du blanc : combinaisons, psychologie, etc","datePublished":"2023-08-03T13:39:56+00:00","mainEntityOfPage":{"@id":"https:\/\/www.belgae.be\/fr\/blog\/portant-du-blanc\/"},"wordCount":1628,"commentCount":0,"publisher":{"@id":"https:\/\/www.belgae.be\/fr\/#organization"},"image":{"@id":"https:\/\/www.belgae.be\/fr\/blog\/portant-du-blanc\/#primaryimage"},"thumbnailUrl":"https:\/\/www.belgae.be\/fr\/wp-content\/uploads\/sites\/2\/2023\/08\/cyril_ge_miscellaneous_pieces_of_white_clothing_Franco-Belgian__1bed22f0-83c0-47d1-a940-560b23cdb475-1.webp","articleSection":["Look &amp; Style"],"inLanguage":"fr-FR","potentialAction":[{"@type":"CommentAction","name":"Comment","target":["https:\/\/www.belgae.be\/fr\/blog\/portant-du-blanc\/#respond"]}]},{"@type":"WebPage","@id":"https:\/\/www.belgae.be\/fr\/blog\/portant-du-blanc\/","url":"https:\/\/www.belgae.be\/fr\/blog\/portant-du-blanc\/","name":"Porter du blanc : combinaisons, psychologie, etc | Belgae","isPartOf":{"@id":"https:\/\/www.belgae.be\/fr\/#website"},"primaryImageOfPage":{"@id":"https:\/\/www.belgae.be\/fr\/blog\/portant-du-blanc\/#primaryimage"},"image":{"@id":"https:\/\/www.belgae.be\/fr\/blog\/portant-du-blanc\/#primaryimage"},"thumbnailUrl":"https:\/\/www.belgae.be\/fr\/wp-content\/uploads\/sites\/2\/2023\/08\/cyril_ge_miscellaneous_pieces_of_white_clothing_Franco-Belgian__1bed22f0-83c0-47d1-a940-560b23cdb475-1.webp","datePublished":"2023-08-03T13:39:56+00:00","breadcrumb":{"@id":"https:\/\/www.belgae.be\/fr\/blog\/portant-du-blanc\/#breadcrumb"},"inLanguage":"fr-FR","potentialAction":[{"@type":"ReadAction","target":["https:\/\/www.belgae.be\/fr\/blog\/portant-du-blanc\/"]}]},{"@type":"ImageObject","inLanguage":"fr-FR","@id":"https:\/\/www.belgae.be\/fr\/blog\/portant-du-blanc\/#primaryimage","url":"https:\/\/www.belgae.be\/fr\/wp-content\/uploads\/sites\/2\/2023\/08\/cyril_ge_miscellaneous_pieces_of_white_clothing_Franco-Belgian__1bed22f0-83c0-47d1-a940-560b23cdb475-1.webp","contentUrl":"https:\/\/www.belgae.be\/fr\/wp-content\/uploads\/sites\/2\/2023\/08\/cyril_ge_miscellaneous_pieces_of_white_clothing_Franco-Belgian__1bed22f0-83c0-47d1-a940-560b23cdb475-1.webp"},{"@type":"BreadcrumbList","@id":"https:\/\/www.belgae.be\/fr\/blog\/portant-du-blanc\/#breadcrumb","itemListElement":[{"@type":"ListItem","position":1,"name":"Accueil","item":"https:\/\/www.belgae.be\/fr\/"},{"@type":"ListItem","position":2,"name":"Porter du blanc : combinaisons, psychologie, etc"}]},{"@type":"WebSite","@id":"https:\/\/www.belgae.be\/fr\/#website","url":"https:\/\/www.belgae.be\/fr\/","name":"Belgae","description":"Art &amp; Mode Belge","publisher":{"@id":"https:\/\/www.belgae.be\/fr\/#organization"},"potentialAction":[{"@type":"SearchAction","target":{"@type":"EntryPoint","urlTemplate":"https:\/\/www.belgae.be\/fr\/?s={search_term_string}"},"query-input":{"@type":"PropertyValueSpecification","valueRequired":true,"valueName":"search_term_string"}}],"inLanguage":"fr-FR"},{"@type":"Organization","@id":"https:\/\/www.belgae.be\/fr\/#organization","name":"Belgae","url":"https:\/\/www.belgae.be\/fr\/","logo":{"@type":"ImageObject","inLanguage":"fr-FR","@id":"https:\/\/www.belgae.be\/fr\/#\/schema\/logo\/image\/","url":"https:\/\/www.belgae.be\/fr\/wp-content\/uploads\/sites\/2\/2023\/07\/Sans-titre1-Copie.png","contentUrl":"https:\/\/www.belgae.be\/fr\/wp-content\/uploads\/sites\/2\/2023\/07\/Sans-titre1-Copie.png","width":88,"height":88,"caption":"Belgae"},"image":{"@id":"https:\/\/www.belgae.be\/fr\/#\/schema\/logo\/image\/"}},{"@type":"Person","@id":"https:\/\/www.belgae.be\/fr\/#\/schema\/person\/646b40b88212bc5335f9c4fa787df047","name":"Cyril Gendarme","sameAs":["https:\/\/www.belgae.be"],"url":"https:\/\/www.belgae.be\/fr\/blog\/author\/cgen\/"}]}},"_links":{"self":[{"href":"https:\/\/www.belgae.be\/fr\/wp-json\/wp\/v2\/posts\/2935","targetHints":{"allow":["GET"]}}],"collection":[{"href":"https:\/\/www.belgae.be\/fr\/wp-json\/wp\/v2\/posts"}],"about":[{"href":"https:\/\/www.belgae.be\/fr\/wp-json\/wp\/v2\/types\/post"}],"author":[{"embeddable":true,"href":"https:\/\/www.belgae.be\/fr\/wp-json\/wp\/v2\/users\/1"}],"replies":[{"embeddable":true,"href":"https:\/\/www.belgae.be\/fr\/wp-json\/wp\/v2\/comments?post=2935"}],"version-history":[{"count":0,"href":"https:\/\/www.belgae.be\/fr\/wp-json\/wp\/v2\/posts\/2935\/revisions"}],"wp:featuredmedia":[{"embeddable":true,"href":"https:\/\/www.belgae.be\/fr\/wp-json\/"}],"wp:attachment":[{"href":"https:\/\/www.belgae.be\/fr\/wp-json\/wp\/v2\/media?parent=2935"}],"wp:term":[{"taxonomy":"category","embeddable":true,"href":"https:\/\/www.belgae.be\/fr\/wp-json\/wp\/v2\/categories?post=2935"},{"taxonomy":"post_tag","embeddable":true,"href":"https:\/\/www.belgae.be\/fr\/wp-json\/wp\/v2\/tags?post=2935"}],"curies":[{"name":"wp","href":"https:\/\/api.w.org\/{rel}","templated":true}]}}