{"id":2934,"date":"2023-08-03T13:39:41","date_gmt":"2023-08-03T13:39:41","guid":{"rendered":"https:\/\/www.belgae.be\/fr\/blog\/portant-du-noir\/"},"modified":"2023-08-03T13:39:41","modified_gmt":"2023-08-03T13:39:41","slug":"portant-du-noir","status":"publish","type":"post","link":"https:\/\/www.belgae.be\/fr\/blog\/portant-du-noir\/","title":{"rendered":"Porter du noir : combinaisons, psychologie, etc"},"content":{"rendered":"<p>Lib\u00e9rez la puissance du noir ! Plongeons dans un univers o\u00f9 le noir est bien plus qu&#8217;une couleur, c&#8217;est une attitude. Nous explorerons comment dompter cette teinte intemporelle en des combinaisons mortelles et nous plongerons profond\u00e9ment dans ses implications psychologiques.<\/p>\n<p>Pr\u00e9parez-vous pour un voyage qui peint votre garde-robe de nuances de confiance, de s\u00e9duction et d&#8217;\u00e9l\u00e9gance !<\/p>\n<p>Alors attachez vos ceintures fashionistas &#8211; d\u00e9codons ensemble la magie derri\u00e8re le port du noir.<\/p>\n<section class=\"contentTable_table\">\n<p class=\"contentTable_title\">Table des mati\u00e8res : <\/p>\n<p class=\"contentTable_elem\"><a href=\"#balise_0\">1. Introduction : Comment Porter la Couleur Noire ? <\/a><\/p>\n<p class=\"contentTable_elem\"><a href=\"#balise_1\">2. Quelles \u00e9motions sont exprim\u00e9es en portant la couleur noire ? <\/a><\/p>\n<p class=\"contentTable_elem\"><a href=\"#balise_2\">3. Associations : Quelles couleurs se marient avec le port de v\u00eatements noirs ? <\/a><\/p>\n<p class=\"contentTable_elem\"><a href=\"#balise_3\">4. Quel teint s&#8217;accorde bien avec une tenue noire ? <\/a><\/p>\n<p class=\"contentTable_elem\"><a href=\"#balise_4\">5. La Meilleure Saison Pour Porter la Couleur Noire<\/a><\/p>\n<p class=\"contentTable_elem\"><a href=\"#balise_5\">6. Porter des chaussures noires : Une bonne id\u00e9e ? <\/a><\/p>\n<p class=\"contentTable_elem\"><a href=\"#balise_6\">7. Faux Pas de la Mode : Erreurs Communes \u00e0 \u00c9viter Lorsqu&#8217;on Porte du Noir<\/a><\/p>\n<p class=\"contentTable_elem\"><a href=\"#balise_7\">8. L&#8217;impact du port de la couleur noire sur notre psychologie<\/a><\/p>\n<p class=\"contentTable_elem\"><a href=\"#balise_8\">9. Porter la Couleur Noire : Quelle Signification Spirituelle ? <\/a><\/p>\n<p class=\"contentTable_elem\"><a href=\"#balise_9\">10. Porter du Noir dans un R\u00eave : Quelle est la Signification ? <\/a><\/p>\n<\/section>\n<p><img loading=\"lazy\" decoding=\"async\" class=\"lazyload articleImageSquare_CGEN\" height=\"400\" width=\"400\" src=\"https:\/\/www.belgae.be\/imageHolder\/\/wp-content\/uploads\/sites\/2\/2023\/07\/loading-spinner-belgae.gif\" data-src=\"https:\/\/www.belgae.be\/imageHolder\/\/wp-content\/uploads\/sites\/2\/2023\/08\/tmp1q7r4tlu.jpg\" alt=\"tmp1q7r4tlu\" \/><\/p>\n<h2 id=\"balise_0\">Introduction : Comment Porter la Couleur Noire ? <\/h2>\n<p>Le noir est une couleur intemporelle qui occupe une place sp\u00e9ciale dans le c\u0153ur des passionn\u00e9s de mode. Que vous soyez en tenue pour une occasion formelle ou optiez pour un look street style audacieux, le noir ne manque jamais de faire sensation.<\/p>\n<p>Mais comment porter la couleur noire?<\/p>\n<p> Plongeons-nous dans quelques astuces et conseils sur la mani\u00e8re d&#8217;adopter cette teinte polyvalente. <\/p>\n<p>Lorsqu&#8217;il s&#8217;agit de v\u00eatements noirs, il n&#8217;y a pas de r\u00e8gles strictes \u00e0 suivre. En fait, l&#8217;une des plus grandes forces du noir r\u00e9side dans sa capacit\u00e9 \u00e0 \u00eatre adapt\u00e9 selon vos go\u00fbts personnels.<\/p>\n<p>La cl\u00e9 est d&#8217;\u00e9quilibrer les textures et les coupes pour \u00e9viter un ensemble trop monotone. Par exemple, associer du cuir brillant avec un tricot doux peut cr\u00e9er un contraste int\u00e9ressant.<\/p>\n<p>En fin de compte, se sentir bien en portant du noir est ce qui compte vraiment!<\/p>\n<p><img loading=\"lazy\" decoding=\"async\" class=\"lazyload articleImageSquare_CGEN\" height=\"400\" width=\"400\" src=\"https:\/\/www.belgae.be\/imageHolder\/\/wp-content\/uploads\/sites\/2\/2023\/07\/loading-spinner-belgae.gif\" data-src=\"https:\/\/www.belgae.be\/imageHolder\/\/wp-content\/uploads\/sites\/2\/2023\/08\/tmpkiczfz40.jpg\" alt=\"tmpkiczfz\" \/><\/p>\n<h2 id=\"balise_1\">Quelles \u00e9motions sont exprim\u00e9es en portant la couleur noire ? <\/h2>\n<p>Porter du noir d\u00e9gage confiance, sophistication et puissance. Il peut \u00e9mettre un air de myst\u00e8re tout en vous faisant sentir \u00e9l\u00e9gant et soign\u00e9. Cette teinte sombre a longtemps \u00e9t\u00e9 associ\u00e9e \u00e0 l&#8217;\u00e9l\u00e9gance, l&#8217;autorit\u00e9 voire m\u00eame la r\u00e9bellion &#8211; tout d\u00e9pend de la mani\u00e8re dont vous choisissez de le porter!<\/p>\n<p>La couleur noire est synonyme d&#8217;un certain niveau d&#8217;assurance. Elle apporte une touche raffin\u00e9e qui ne manque pas d&#8217;imposer son influence. Sa pr\u00e9sence inspire un sentiment intrigant mais aussi harmonieux.<\/p>\n<p>Depuis des temps imm\u00e9moriaux, le noir est consid\u00e9r\u00e9 comme \u00e9tant chic et autoritaire. Parfois per\u00e7u comme rebelle, il se distingue par son caract\u00e8re unique selon sa mise en valeur.<\/p>\n<p>Finalement, choisir cette couleur pour votre tenue n&#8217;est pas anodin! Tout est question de style personnel quand il s&#8217;agit du noir dans la mode.<\/p>\n<p><img loading=\"lazy\" decoding=\"async\" class=\"lazyload articleImageSquare_CGEN\" height=\"400\" width=\"400\" src=\"https:\/\/www.belgae.be\/imageHolder\/\/wp-content\/uploads\/sites\/2\/2023\/07\/loading-spinner-belgae.gif\" data-src=\"https:\/\/www.belgae.be\/imageHolder\/\/wp-content\/uploads\/sites\/2\/2023\/08\/tmpniek9_ym.jpg\" alt=\"tmpniek9_ym\" \/><\/p>\n<h2 id=\"balise_2\">Associations : Quelles couleurs se marient avec le port de v\u00eatements noirs ? <\/h2>\n<p>L&#8217;une des plus grandes qualit\u00e9s du noir est sa capacit\u00e9 \u00e0 s&#8217;associer sans effort avec presque toutes les autres couleurs. Des looks monochromes classiques aux contrastes audacieux, les possibilit\u00e9s sont infinies !<\/p>\n<p>Essayez de combiner votre tenue noire avec des teintes vives comme le rouge ou le jaune pour une tenue qui attire l&#8217;\u0153il. Vous pouvez \u00e9galement opter pour des tons plus doux, tels que les pastels, pour une touche plus d\u00e9licate.<\/p>\n<p>N&#8217;h\u00e9sitez pas \u00e0 exp\u00e9rimenter et \u00e0 jouer avec diff\u00e9rentes combinaisons de couleurs. Le noir est un choix polyvalent qui offre d&#8217;infinies opportunit\u00e9s en mati\u00e8re de style.<\/p>\n<p>Alors la prochaine fois que vous cherchez quoi porter, pensez au noir ! Non seulement il est \u00e9l\u00e9gant et intemporel, mais il peut \u00e9galement apporter une touche d&#8217;\u00e9clat lorsqu&#8217;il est associ\u00e9 \u00e0 la bonne couleur.<\/p>\n<p><img loading=\"lazy\" decoding=\"async\" class=\"lazyload articleImageSquare_CGEN\" height=\"400\" width=\"400\" src=\"https:\/\/www.belgae.be\/imageHolder\/\/wp-content\/uploads\/sites\/2\/2023\/07\/loading-spinner-belgae.gif\" data-src=\"https:\/\/www.belgae.be\/imageHolder\/\/wp-content\/uploads\/sites\/2\/2023\/08\/tmp40csar4_.jpg\" alt=\"tmp40csar4_\" \/><\/p>\n<h2 id=\"balise_3\">Quel teint s&#8217;accorde bien avec une tenue noire ? <\/h2>\n<p>La beaut\u00e9 du noir r\u00e9side dans son attrait universel pour toutes les carnations. Quelle que soit la couleur de votre peau, cette teinte polyvalente sublime chacun \u00e0 sa mani\u00e8re! N&#8217;oubliez pas que jouer avec les accessoires et le maquillage peut accentuer davantage votre allure g\u00e9n\u00e9rale lorsque vous portez des v\u00eatements noirs.<\/p>\n<p>Le noir est plus qu&#8217;une simple couleur. C&#8217;est une d\u00e9claration de style qui transcende les fronti\u00e8res et embrasse l&#8217;universalit\u00e9. Peu importe le ton de la peau, il s&#8217;harmonise parfaitement avec tout.<\/p>\n<p>Les accessoires peuvent ajouter une touche d&#8217;\u00e9clat \u00e0 toute tenue noire. Des bijoux audacieux aux sacs \u00e9l\u00e9gants, chaque ajout contribue \u00e0 cr\u00e9er un look unique en son genre.<\/p>\n<p>Enfin, n&#8217;oublions pas l&#8217;influence du maquillage. Il peut rehausser ou att\u00e9nuer le drame d&#8217;une tenue noire selon vos pr\u00e9f\u00e9rences personnelles.<\/p>\n<p><img loading=\"lazy\" decoding=\"async\" class=\"lazyload articleImageSquare_CGEN\" height=\"400\" width=\"400\" src=\"https:\/\/www.belgae.be\/imageHolder\/\/wp-content\/uploads\/sites\/2\/2023\/07\/loading-spinner-belgae.gif\" data-src=\"https:\/\/www.belgae.be\/imageHolder\/\/wp-content\/uploads\/sites\/2\/2023\/08\/tmpmk1fl7a5.jpg\" alt=\"tmpmk1fl7a\" \/><\/p>\n<h2 id=\"balise_4\">La Meilleure Saison Pour Porter la Couleur Noire<\/h2>\n<p>Bien qu&#8217;il n&#8217;existe plus de r\u00e8gles strictes en mati\u00e8re de saisons et de couleurs (nous adorons briser ces normes d\u00e9mod\u00e9es!), beaucoup associent le port de teintes sombres comme le noir aux tendances mode automne\/hiver pour leur atmosph\u00e8re chaleureuse. <\/p>\n<p>Cependant, cela ne devrait pas vous emp\u00eacher d&#8217;adopter l&#8217;\u00e9l\u00e9gance du noir tout au long de l&#8217;ann\u00e9e. Associez-le \u00e0 des tissus l\u00e9gers et des silhouettes a\u00e9r\u00e9es pour un look adapt\u00e9 \u00e0 l&#8217;\u00e9t\u00e9 ou superposez-le avec des tricots douillets pendant les mois plus froids.<\/p>\n<p>N&#8217;h\u00e9sitez donc pas \u00e0 porter du noir quelle que soit la saison. Que ce soit en \u00e9t\u00e9 avec une robe l\u00e9g\u00e8re, ou en hiver avec un pull confortable, cette couleur s&#8217;accorde parfaitement bien toute l\u2019ann\u00e9e.<\/p>\n<p>Il est temps d&#8217;\u00e9craser les st\u00e9r\u00e9otypes li\u00e9s aux couleurs saisonni\u00e8res! Le chic intemporel du noir m\u00e9rite sa place dans chaque garde-robe, peu importe la temp\u00e9rature ext\u00e9rieure.<\/p>\n<p><img loading=\"lazy\" decoding=\"async\" class=\"lazyload articleImageSquare_CGEN\" height=\"400\" width=\"400\" src=\"https:\/\/www.belgae.be\/imageHolder\/\/wp-content\/uploads\/sites\/2\/2023\/07\/loading-spinner-belgae.gif\" data-src=\"https:\/\/www.belgae.be\/imageHolder\/\/wp-content\/uploads\/sites\/2\/2023\/08\/tmp79oifck5.jpg\" alt=\"tmp79oifck\" \/><\/p>\n<h2 id=\"balise_5\">Porter des chaussures noires : Une bonne id\u00e9e ? <\/h2>\n<p>Absolument ! Les chaussures noires sont un incontournable de la garde-robe qui peut rehausser sans effort n&#8217;importe quelle tenue. Que vous optiez pour des escarpins noirs classiques, des bottes \u00e9l\u00e9gantes ou des baskets tendance, elles ajoutent la touche finale parfaite \u00e0 votre ensemble global.<\/p>\n<p>De plus, les chaussures noires sont incroyablement polyvalentes et peuvent \u00eatre port\u00e9es avec pratiquement tout dans votre placard &#8211; c&#8217;est vraiment une victoire en mati\u00e8re de mode!<\/p>\n<p><img loading=\"lazy\" decoding=\"async\" class=\"lazyload articleImageSquare_CGEN\" height=\"400\" width=\"400\" src=\"https:\/\/www.belgae.be\/imageHolder\/\/wp-content\/uploads\/sites\/2\/2023\/07\/loading-spinner-belgae.gif\" data-src=\"https:\/\/www.belgae.be\/imageHolder\/\/wp-content\/uploads\/sites\/2\/2023\/08\/tmp8538zytb.jpg\" alt=\"tmp8538zytb\" \/><\/p>\n<h2 id=\"balise_6\">Faux Pas de la Mode : Erreurs Communes \u00e0 \u00c9viter Lorsqu&#8217;on Porte du Noir<\/h2>\n<p>Porter du noir est g\u00e9n\u00e9ralement une valeur s\u00fbre, mais il y a quelques erreurs \u00e0 \u00e9viter. Tout d&#8217;abord, ne m\u00e9langez pas plusieurs nuances de noir ensemble car elles pourraient jurer plut\u00f4t que de cr\u00e9er un look coh\u00e9rent. <\/p>\n<p>De plus, soyez attentif \u00e0 la fa\u00e7on dont vous accessoirisez &#8211; trop de couleurs vives pourraient \u00e9clipser l&#8217;\u00e9l\u00e9gance de votre tenue noire.<\/p>\n<p>Une autre astuce consiste \u00e0 rester simple avec les accessoires lorsque vous portez du noir. Les pi\u00e8ces audacieuses et color\u00e9es peuvent distraire et donner l&#8217;impression que votre tenue est surcharg\u00e9e. Pour maintenir le chic sans effort qui accompagne souvent le noir, optez pour des bijoux d\u00e9licats ou des chaussures simples.<\/p>\n<p>En somme, porter du noir n\u00e9cessite une certaine finesse pour obtenir un look \u00e9l\u00e9gant et sophistiqu\u00e9 sans para\u00eetre terne ou monotone. En respectant ces conseils simples mais essentiels, on peut facilement ma\u00eetriser l&#8217;art subtil d&#8217;une garde-robe en nuances de noir.<\/p>\n<p><img loading=\"lazy\" decoding=\"async\" class=\"lazyload articleImageSquare_CGEN\" height=\"400\" width=\"400\" src=\"https:\/\/www.belgae.be\/imageHolder\/\/wp-content\/uploads\/sites\/2\/2023\/07\/loading-spinner-belgae.gif\" data-src=\"https:\/\/www.belgae.be\/imageHolder\/\/wp-content\/uploads\/sites\/2\/2023\/08\/tmp3vi6mktd.jpg\" alt=\"tmp3vi6mktd\" \/><\/p>\n<h2 id=\"balise_7\">L&#8217;impact du port de la couleur noire sur notre psychologie<\/h2>\n<p>Saviez-vous que les couleurs ont des effets psychologiques sur notre humeur?<\/p>\n<p> Le noir symbolise souvent le pouvoir et l&#8217;autorit\u00e9, tout en favorisant des sentiments de protection et de confort. Il n&#8217;est donc pas \u00e9tonnant que nous choisissions notre petite robe noire pr\u00e9f\u00e9r\u00e9e lorsque nous souhaitons nous sentir confiantes et puissantes.<\/p>\n<p>Le choix d&#8217;une couleur peut avoir un impact significatif sur la fa\u00e7on dont on se per\u00e7oit soi-m\u00eame ainsi que sur l&#8217;impression qu&#8217;on donne aux autres. C&#8217;est pour cette raison qu&#8217;il est essentiel d&#8217;\u00eatre conscient du message v\u00e9hicul\u00e9 par les couleurs dans nos v\u00eatements.<\/p>\n<p>En conclusion, comprendre la signification des couleurs peut \u00eatre une cl\u00e9 pr\u00e9cieuse pour am\u00e9liorer son style personnel et son image publique. Donc, avant de choisir quoi porter, pensez \u00e0 ce que vos choix de couleur disent r\u00e9ellement!<\/p>\n<p><img loading=\"lazy\" decoding=\"async\" class=\"lazyload articleImageSquare_CGEN\" height=\"400\" width=\"400\" src=\"https:\/\/www.belgae.be\/imageHolder\/\/wp-content\/uploads\/sites\/2\/2023\/07\/loading-spinner-belgae.gif\" data-src=\"https:\/\/www.belgae.be\/imageHolder\/\/wp-content\/uploads\/sites\/2\/2023\/08\/tmp4p0oanh3.jpg\" alt=\"tmp4p0oanh\" \/><\/p>\n<h2 id=\"balise_8\">Porter la Couleur Noire : Quelle Signification Spirituelle ? <\/h2>\n<p>Spirituellement parlant, porter la couleur noire symbolise l&#8217;ancrage en soi de force et de r\u00e9silience. Elle signifie l&#8217;acceptation des ombres en nous ainsi que la navigation \u00e0 travers les d\u00e9fis de la vie avec gr\u00e2ce.<\/p>\n<p>Dans un sens plus profond, le noir repr\u00e9sente une puissance qui r\u00e9side au c\u0153ur m\u00eame de notre \u00eatre. Il est synonyme d&#8217;une d\u00e9termination in\u00e9branlable face aux adversit\u00e9s.<\/p>\n<p>Ce n&#8217;est pas simplement une couleur; c&#8217;est un \u00e9tat d&#8217;esprit. Une affirmation audacieuse du courage int\u00e9rieur que nous poss\u00e9dons tous.<\/p>\n<p>Ainsi, lorsque vous portez du noir, vous ne faites pas qu&#8217;afficher une mode ou suivre un style. Vous embrassez toute votre personnalit\u00e9 &#8211; vos forces et vos faiblesses &#8211; et affrontez le monde avec assurance.<\/p>\n<p>En somme, porter cette teinte est bien plus qu&#8217;un choix stylistique: c&#8217;est une v\u00e9ritable d\u00e9claration d&#8217;autonomie individuelle et spirituelle.<\/p>\n<p><img loading=\"lazy\" decoding=\"async\" class=\"lazyload articleImageSquare_CGEN\" height=\"400\" width=\"400\" src=\"https:\/\/www.belgae.be\/imageHolder\/\/wp-content\/uploads\/sites\/2\/2023\/07\/loading-spinner-belgae.gif\" data-src=\"https:\/\/www.belgae.be\/imageHolder\/\/wp-content\/uploads\/sites\/2\/2023\/08\/tmptokp2qmy.jpg\" alt=\"tmptokp2qmy\" \/><\/p>\n<h2 id=\"balise_9\">Porter du Noir dans un R\u00eave : Quelle est la Signification ? <\/h2>\n<p>Les r\u00eaves d\u00e9tiennent des significations symboliques uniques \u00e0 chaque individu ; leur interpr\u00e9tation n\u00e9cessite donc une r\u00e9flexion personnelle plut\u00f4t qu&#8217;une g\u00e9n\u00e9ralisation bas\u00e9e uniquement sur le symbolisme des couleurs.<\/p>\n<p>En conclusion, <\/p>\n<p>opter pour la couleur noire ouvre d&#8217;infinies possibilit\u00e9s dans la mode. De sa nature polyvalente aux \u00e9motions qu&#8217;elle \u00e9voque, le noir est une couleur qui transcende les tendances et reste un favori \u00e9ternel. Alors n&#8217;h\u00e9sitez pas, adoptez le pouvoir du noir dans votre garde-robe et laissez votre style briller ! <\/p>\n<p>C&#8217;est l&#8217;\u00e9clat de l&#8217;individualit\u00e9 que refl\u00e8te chaque r\u00eave. Chaque symbole porte en lui une signification profonde qui ne peut \u00eatre d\u00e9couverte que par introspection.<\/p>\n<p>Le choix de porter du noir offre non seulement un vaste champ d&#8217;exploration stylistique mais aussi l&#8217;occasion d&#8217;exprimer ses sentiments int\u00e9rieurs avec subtilit\u00e9 et \u00e9l\u00e9gance.<\/p>\n<p>La force r\u00e9sidant dans cette teinte sombre permet \u00e0 chacun d&#8217;affirmer son identit\u00e9 tout en restant au go\u00fbt du jour.<\/p>\n<p>Laissez-vous s\u00e9duire par ce classique ind\u00e9modable qui saura mettre en valeur votre singularit\u00e9!<\/p>\n","protected":false},"excerpt":{"rendered":"<p>Lib\u00e9rez la puissance du noir ! Plongeons dans un univers o\u00f9 le noir est bien plus qu&#8217;une couleur, c&#8217;est une attitude.<\/p>\n","protected":false},"author":1,"featured_media":4997,"comment_status":"open","ping_status":"","sticky":false,"template":"","format":"standard","meta":{"_acf_changed":false,"_et_pb_use_builder":"","_et_pb_old_content":"","_et_gb_content_width":"","footnotes":""},"categories":[38],"tags":[],"class_list":["post-2934","post","type-post","status-publish","format-standard","has-post-thumbnail","hentry","category-look-style"],"acf":[],"yoast_head":"<!-- This site is optimized with the Yoast SEO plugin v27.5 - https:\/\/yoast.com\/product\/yoast-seo-wordpress\/ -->\n<title>Porter du noir : combinaisons, psychologie, etc | Belgae<\/title>\n<meta name=\"robots\" content=\"index, follow, max-snippet:-1, max-image-preview:large, max-video-preview:-1\" \/>\n<link rel=\"canonical\" href=\"https:\/\/www.belgae.be\/fr\/blog\/portant-du-noir\/\" \/>\n<meta property=\"og:locale\" content=\"fr_FR\" \/>\n<meta property=\"og:type\" content=\"article\" \/>\n<meta property=\"og:title\" content=\"Porter du noir : combinaisons, psychologie, etc | Belgae\" \/>\n<meta property=\"og:description\" content=\"Lib\u00e9rez la puissance du noir ! Plongeons dans un univers o\u00f9 le noir est bien plus qu&#039;une couleur, c&#039;est une attitude.\" \/>\n<meta property=\"og:url\" content=\"https:\/\/www.belgae.be\/fr\/blog\/portant-du-noir\/\" \/>\n<meta property=\"og:site_name\" content=\"Belgae\" \/>\n<meta property=\"article:published_time\" content=\"2023-08-03T13:39:41+00:00\" \/>\n<meta property=\"og:image\" content=\"https:\/\/www.belgae.be\/imageHolder\/\/wp-content\/uploads\/sites\/2\/2023\/07\/loading-spinner-belgae.gif\" \/>\n<meta name=\"author\" content=\"Cyril Gendarme\" \/>\n<meta name=\"twitter:card\" content=\"summary_large_image\" \/>\n<meta name=\"twitter:label1\" content=\"\u00c9crit par\" \/>\n\t<meta name=\"twitter:data1\" content=\"Cyril Gendarme\" \/>\n\t<meta name=\"twitter:label2\" content=\"Dur\u00e9e de lecture estim\u00e9e\" \/>\n\t<meta name=\"twitter:data2\" content=\"9 minutes\" \/>\n<script type=\"application\/ld+json\" class=\"yoast-schema-graph\">{\"@context\":\"https:\\\/\\\/schema.org\",\"@graph\":[{\"@type\":\"Article\",\"@id\":\"https:\\\/\\\/www.belgae.be\\\/fr\\\/blog\\\/portant-du-noir\\\/#article\",\"isPartOf\":{\"@id\":\"https:\\\/\\\/www.belgae.be\\\/fr\\\/blog\\\/portant-du-noir\\\/\"},\"author\":{\"name\":\"Cyril Gendarme\",\"@id\":\"https:\\\/\\\/www.belgae.be\\\/fr\\\/#\\\/schema\\\/person\\\/646b40b88212bc5335f9c4fa787df047\"},\"headline\":\"Porter du noir : combinaisons, psychologie, etc\",\"datePublished\":\"2023-08-03T13:39:41+00:00\",\"mainEntityOfPage\":{\"@id\":\"https:\\\/\\\/www.belgae.be\\\/fr\\\/blog\\\/portant-du-noir\\\/\"},\"wordCount\":1718,\"commentCount\":0,\"publisher\":{\"@id\":\"https:\\\/\\\/www.belgae.be\\\/fr\\\/#organization\"},\"image\":{\"@id\":\"https:\\\/\\\/www.belgae.be\\\/fr\\\/blog\\\/portant-du-noir\\\/#primaryimage\"},\"thumbnailUrl\":\"https:\\\/\\\/www.belgae.be\\\/fr\\\/wp-content\\\/uploads\\\/sites\\\/2\\\/2023\\\/08\\\/cyril_ge_miscellaneous_pieces_of_black_clothing_Franco-Belgian__02924650-fe87-4bbb-b460-8529e4bfabfa-1.webp\",\"articleSection\":[\"Look &amp; Style\"],\"inLanguage\":\"fr-FR\",\"potentialAction\":[{\"@type\":\"CommentAction\",\"name\":\"Comment\",\"target\":[\"https:\\\/\\\/www.belgae.be\\\/fr\\\/blog\\\/portant-du-noir\\\/#respond\"]}]},{\"@type\":\"WebPage\",\"@id\":\"https:\\\/\\\/www.belgae.be\\\/fr\\\/blog\\\/portant-du-noir\\\/\",\"url\":\"https:\\\/\\\/www.belgae.be\\\/fr\\\/blog\\\/portant-du-noir\\\/\",\"name\":\"Porter du noir : combinaisons, psychologie, etc | Belgae\",\"isPartOf\":{\"@id\":\"https:\\\/\\\/www.belgae.be\\\/fr\\\/#website\"},\"primaryImageOfPage\":{\"@id\":\"https:\\\/\\\/www.belgae.be\\\/fr\\\/blog\\\/portant-du-noir\\\/#primaryimage\"},\"image\":{\"@id\":\"https:\\\/\\\/www.belgae.be\\\/fr\\\/blog\\\/portant-du-noir\\\/#primaryimage\"},\"thumbnailUrl\":\"https:\\\/\\\/www.belgae.be\\\/fr\\\/wp-content\\\/uploads\\\/sites\\\/2\\\/2023\\\/08\\\/cyril_ge_miscellaneous_pieces_of_black_clothing_Franco-Belgian__02924650-fe87-4bbb-b460-8529e4bfabfa-1.webp\",\"datePublished\":\"2023-08-03T13:39:41+00:00\",\"breadcrumb\":{\"@id\":\"https:\\\/\\\/www.belgae.be\\\/fr\\\/blog\\\/portant-du-noir\\\/#breadcrumb\"},\"inLanguage\":\"fr-FR\",\"potentialAction\":[{\"@type\":\"ReadAction\",\"target\":[\"https:\\\/\\\/www.belgae.be\\\/fr\\\/blog\\\/portant-du-noir\\\/\"]}]},{\"@type\":\"ImageObject\",\"inLanguage\":\"fr-FR\",\"@id\":\"https:\\\/\\\/www.belgae.be\\\/fr\\\/blog\\\/portant-du-noir\\\/#primaryimage\",\"url\":\"https:\\\/\\\/www.belgae.be\\\/fr\\\/wp-content\\\/uploads\\\/sites\\\/2\\\/2023\\\/08\\\/cyril_ge_miscellaneous_pieces_of_black_clothing_Franco-Belgian__02924650-fe87-4bbb-b460-8529e4bfabfa-1.webp\",\"contentUrl\":\"https:\\\/\\\/www.belgae.be\\\/fr\\\/wp-content\\\/uploads\\\/sites\\\/2\\\/2023\\\/08\\\/cyril_ge_miscellaneous_pieces_of_black_clothing_Franco-Belgian__02924650-fe87-4bbb-b460-8529e4bfabfa-1.webp\"},{\"@type\":\"BreadcrumbList\",\"@id\":\"https:\\\/\\\/www.belgae.be\\\/fr\\\/blog\\\/portant-du-noir\\\/#breadcrumb\",\"itemListElement\":[{\"@type\":\"ListItem\",\"position\":1,\"name\":\"Accueil\",\"item\":\"https:\\\/\\\/www.belgae.be\\\/fr\\\/\"},{\"@type\":\"ListItem\",\"position\":2,\"name\":\"Porter du noir : combinaisons, psychologie, etc\"}]},{\"@type\":\"WebSite\",\"@id\":\"https:\\\/\\\/www.belgae.be\\\/fr\\\/#website\",\"url\":\"https:\\\/\\\/www.belgae.be\\\/fr\\\/\",\"name\":\"Belgae\",\"description\":\"Art &amp; Mode Belge\",\"publisher\":{\"@id\":\"https:\\\/\\\/www.belgae.be\\\/fr\\\/#organization\"},\"potentialAction\":[{\"@type\":\"SearchAction\",\"target\":{\"@type\":\"EntryPoint\",\"urlTemplate\":\"https:\\\/\\\/www.belgae.be\\\/fr\\\/?s={search_term_string}\"},\"query-input\":{\"@type\":\"PropertyValueSpecification\",\"valueRequired\":true,\"valueName\":\"search_term_string\"}}],\"inLanguage\":\"fr-FR\"},{\"@type\":\"Organization\",\"@id\":\"https:\\\/\\\/www.belgae.be\\\/fr\\\/#organization\",\"name\":\"Belgae\",\"url\":\"https:\\\/\\\/www.belgae.be\\\/fr\\\/\",\"logo\":{\"@type\":\"ImageObject\",\"inLanguage\":\"fr-FR\",\"@id\":\"https:\\\/\\\/www.belgae.be\\\/fr\\\/#\\\/schema\\\/logo\\\/image\\\/\",\"url\":\"https:\\\/\\\/www.belgae.be\\\/fr\\\/wp-content\\\/uploads\\\/sites\\\/2\\\/2023\\\/07\\\/Sans-titre1-Copie.png\",\"contentUrl\":\"https:\\\/\\\/www.belgae.be\\\/fr\\\/wp-content\\\/uploads\\\/sites\\\/2\\\/2023\\\/07\\\/Sans-titre1-Copie.png\",\"width\":88,\"height\":88,\"caption\":\"Belgae\"},\"image\":{\"@id\":\"https:\\\/\\\/www.belgae.be\\\/fr\\\/#\\\/schema\\\/logo\\\/image\\\/\"}},{\"@type\":\"Person\",\"@id\":\"https:\\\/\\\/www.belgae.be\\\/fr\\\/#\\\/schema\\\/person\\\/646b40b88212bc5335f9c4fa787df047\",\"name\":\"Cyril Gendarme\",\"sameAs\":[\"https:\\\/\\\/www.belgae.be\"],\"url\":\"https:\\\/\\\/www.belgae.be\\\/fr\\\/blog\\\/author\\\/cgen\\\/\"}]}<\/script>\n<!-- \/ Yoast SEO plugin. -->","yoast_head_json":{"title":"Porter du noir : combinaisons, psychologie, etc | Belgae","robots":{"index":"index","follow":"follow","max-snippet":"max-snippet:-1","max-image-preview":"max-image-preview:large","max-video-preview":"max-video-preview:-1"},"canonical":"https:\/\/www.belgae.be\/fr\/blog\/portant-du-noir\/","og_locale":"fr_FR","og_type":"article","og_title":"Porter du noir : combinaisons, psychologie, etc | Belgae","og_description":"Lib\u00e9rez la puissance du noir ! Plongeons dans un univers o\u00f9 le noir est bien plus qu'une couleur, c'est une attitude.","og_url":"https:\/\/www.belgae.be\/fr\/blog\/portant-du-noir\/","og_site_name":"Belgae","article_published_time":"2023-08-03T13:39:41+00:00","og_image":[{"url":"https:\/\/www.belgae.be\/imageHolder\/\/wp-content\/uploads\/sites\/2\/2023\/07\/loading-spinner-belgae.gif","type":"","width":"","height":""}],"author":"Cyril Gendarme","twitter_card":"summary_large_image","twitter_misc":{"\u00c9crit par":"Cyril Gendarme","Dur\u00e9e de lecture estim\u00e9e":"9 minutes"},"schema":{"@context":"https:\/\/schema.org","@graph":[{"@type":"Article","@id":"https:\/\/www.belgae.be\/fr\/blog\/portant-du-noir\/#article","isPartOf":{"@id":"https:\/\/www.belgae.be\/fr\/blog\/portant-du-noir\/"},"author":{"name":"Cyril Gendarme","@id":"https:\/\/www.belgae.be\/fr\/#\/schema\/person\/646b40b88212bc5335f9c4fa787df047"},"headline":"Porter du noir : combinaisons, psychologie, etc","datePublished":"2023-08-03T13:39:41+00:00","mainEntityOfPage":{"@id":"https:\/\/www.belgae.be\/fr\/blog\/portant-du-noir\/"},"wordCount":1718,"commentCount":0,"publisher":{"@id":"https:\/\/www.belgae.be\/fr\/#organization"},"image":{"@id":"https:\/\/www.belgae.be\/fr\/blog\/portant-du-noir\/#primaryimage"},"thumbnailUrl":"https:\/\/www.belgae.be\/fr\/wp-content\/uploads\/sites\/2\/2023\/08\/cyril_ge_miscellaneous_pieces_of_black_clothing_Franco-Belgian__02924650-fe87-4bbb-b460-8529e4bfabfa-1.webp","articleSection":["Look &amp; Style"],"inLanguage":"fr-FR","potentialAction":[{"@type":"CommentAction","name":"Comment","target":["https:\/\/www.belgae.be\/fr\/blog\/portant-du-noir\/#respond"]}]},{"@type":"WebPage","@id":"https:\/\/www.belgae.be\/fr\/blog\/portant-du-noir\/","url":"https:\/\/www.belgae.be\/fr\/blog\/portant-du-noir\/","name":"Porter du noir : combinaisons, psychologie, etc | Belgae","isPartOf":{"@id":"https:\/\/www.belgae.be\/fr\/#website"},"primaryImageOfPage":{"@id":"https:\/\/www.belgae.be\/fr\/blog\/portant-du-noir\/#primaryimage"},"image":{"@id":"https:\/\/www.belgae.be\/fr\/blog\/portant-du-noir\/#primaryimage"},"thumbnailUrl":"https:\/\/www.belgae.be\/fr\/wp-content\/uploads\/sites\/2\/2023\/08\/cyril_ge_miscellaneous_pieces_of_black_clothing_Franco-Belgian__02924650-fe87-4bbb-b460-8529e4bfabfa-1.webp","datePublished":"2023-08-03T13:39:41+00:00","breadcrumb":{"@id":"https:\/\/www.belgae.be\/fr\/blog\/portant-du-noir\/#breadcrumb"},"inLanguage":"fr-FR","potentialAction":[{"@type":"ReadAction","target":["https:\/\/www.belgae.be\/fr\/blog\/portant-du-noir\/"]}]},{"@type":"ImageObject","inLanguage":"fr-FR","@id":"https:\/\/www.belgae.be\/fr\/blog\/portant-du-noir\/#primaryimage","url":"https:\/\/www.belgae.be\/fr\/wp-content\/uploads\/sites\/2\/2023\/08\/cyril_ge_miscellaneous_pieces_of_black_clothing_Franco-Belgian__02924650-fe87-4bbb-b460-8529e4bfabfa-1.webp","contentUrl":"https:\/\/www.belgae.be\/fr\/wp-content\/uploads\/sites\/2\/2023\/08\/cyril_ge_miscellaneous_pieces_of_black_clothing_Franco-Belgian__02924650-fe87-4bbb-b460-8529e4bfabfa-1.webp"},{"@type":"BreadcrumbList","@id":"https:\/\/www.belgae.be\/fr\/blog\/portant-du-noir\/#breadcrumb","itemListElement":[{"@type":"ListItem","position":1,"name":"Accueil","item":"https:\/\/www.belgae.be\/fr\/"},{"@type":"ListItem","position":2,"name":"Porter du noir : combinaisons, psychologie, etc"}]},{"@type":"WebSite","@id":"https:\/\/www.belgae.be\/fr\/#website","url":"https:\/\/www.belgae.be\/fr\/","name":"Belgae","description":"Art &amp; Mode Belge","publisher":{"@id":"https:\/\/www.belgae.be\/fr\/#organization"},"potentialAction":[{"@type":"SearchAction","target":{"@type":"EntryPoint","urlTemplate":"https:\/\/www.belgae.be\/fr\/?s={search_term_string}"},"query-input":{"@type":"PropertyValueSpecification","valueRequired":true,"valueName":"search_term_string"}}],"inLanguage":"fr-FR"},{"@type":"Organization","@id":"https:\/\/www.belgae.be\/fr\/#organization","name":"Belgae","url":"https:\/\/www.belgae.be\/fr\/","logo":{"@type":"ImageObject","inLanguage":"fr-FR","@id":"https:\/\/www.belgae.be\/fr\/#\/schema\/logo\/image\/","url":"https:\/\/www.belgae.be\/fr\/wp-content\/uploads\/sites\/2\/2023\/07\/Sans-titre1-Copie.png","contentUrl":"https:\/\/www.belgae.be\/fr\/wp-content\/uploads\/sites\/2\/2023\/07\/Sans-titre1-Copie.png","width":88,"height":88,"caption":"Belgae"},"image":{"@id":"https:\/\/www.belgae.be\/fr\/#\/schema\/logo\/image\/"}},{"@type":"Person","@id":"https:\/\/www.belgae.be\/fr\/#\/schema\/person\/646b40b88212bc5335f9c4fa787df047","name":"Cyril Gendarme","sameAs":["https:\/\/www.belgae.be"],"url":"https:\/\/www.belgae.be\/fr\/blog\/author\/cgen\/"}]}},"_links":{"self":[{"href":"https:\/\/www.belgae.be\/fr\/wp-json\/wp\/v2\/posts\/2934","targetHints":{"allow":["GET"]}}],"collection":[{"href":"https:\/\/www.belgae.be\/fr\/wp-json\/wp\/v2\/posts"}],"about":[{"href":"https:\/\/www.belgae.be\/fr\/wp-json\/wp\/v2\/types\/post"}],"author":[{"embeddable":true,"href":"https:\/\/www.belgae.be\/fr\/wp-json\/wp\/v2\/users\/1"}],"replies":[{"embeddable":true,"href":"https:\/\/www.belgae.be\/fr\/wp-json\/wp\/v2\/comments?post=2934"}],"version-history":[{"count":0,"href":"https:\/\/www.belgae.be\/fr\/wp-json\/wp\/v2\/posts\/2934\/revisions"}],"wp:featuredmedia":[{"embeddable":true,"href":"https:\/\/www.belgae.be\/fr\/wp-json\/"}],"wp:attachment":[{"href":"https:\/\/www.belgae.be\/fr\/wp-json\/wp\/v2\/media?parent=2934"}],"wp:term":[{"taxonomy":"category","embeddable":true,"href":"https:\/\/www.belgae.be\/fr\/wp-json\/wp\/v2\/categories?post=2934"},{"taxonomy":"post_tag","embeddable":true,"href":"https:\/\/www.belgae.be\/fr\/wp-json\/wp\/v2\/tags?post=2934"}],"curies":[{"name":"wp","href":"https:\/\/api.w.org\/{rel}","templated":true}]}}