{"id":2933,"date":"2023-08-03T13:39:26","date_gmt":"2023-08-03T13:39:26","guid":{"rendered":"https:\/\/www.belgae.be\/fr\/blog\/portant-du-jaune\/"},"modified":"2023-08-04T10:27:44","modified_gmt":"2023-08-04T10:27:44","slug":"portant-du-jaune","status":"publish","type":"post","link":"https:\/\/www.belgae.be\/fr\/blog\/portant-du-jaune\/","title":{"rendered":"Porter du jaune : combinaisons, psychologie, etc"},"content":{"rendered":"<p>Salut, amateurs de soleil ! Pr\u00eats \u00e0 rayonner de positivit\u00e9 avec la teinte la plus joyeuse du cercle chromatique ?<\/p>\n<p>Plongeons ensemble dans l&#8217;univers du jaune. Des combinaisons avant-gardistes en mode, aux impacts psychologiques et bien plus encore &#8211; nous sommes sur le point d&#8217;\u00e9clairer votre monde d&#8217;une nuance brillante de g\u00e9nial !<\/p>\n<p>Pr\u00e9parez-vous pour une inspiration stylistique s\u00e9rieuse alors que nous d\u00e9voilons les secrets pour porter cette teinte solaire. Attachez vos ceintures bouton-d&#8217;or \u2013 c\u2019est l\u2019heure de briller en jaune !<\/p>\n<section class=\"contentTable_table\">\n<p class=\"contentTable_title\">Table des mati\u00e8res :<\/p>\n<p class=\"contentTable_elem\"><a href=\"#balise_0\">1. Introduction : Comment Porter la Couleur Jaune ? <\/a><\/p>\n<p class=\"contentTable_elem\"><a href=\"#balise_1\">2. Quelles \u00e9motions sont exprim\u00e9es en portant la couleur jaune ? <\/a><\/p>\n<p class=\"contentTable_elem\"><a href=\"#balise_2\">3. Associations : Quelles couleurs se marient avec le v\u00eatement jaune ? <\/a><\/p>\n<p class=\"contentTable_elem\"><a href=\"#balise_3\">4. Quel teint s&#8217;accorde bien avec une tenue jaune ? <\/a><\/p>\n<p class=\"contentTable_elem\"><a href=\"#balise_4\">5. La Meilleure Saison pour Porter la Couleur Jaune<\/a><\/p>\n<p class=\"contentTable_elem\"><a href=\"#balise_5\">6. Porter des Chaussures Jaunes : Une Bonne Id\u00e9e ? <\/a><\/p>\n<p class=\"contentTable_elem\"><a href=\"#balise_6\">7. Faux Pas de la Mode : Erreurs Courantes \u00e0 \u00c9viter Lorsque Vous Portez du Jaune<\/a><\/p>\n<p class=\"contentTable_elem\"><a href=\"#balise_7\">8. L&#8217;impact du port de la couleur jaune sur notre psychologie<\/a><\/p>\n<p class=\"contentTable_elem\"><a href=\"#balise_8\">9. Porter la Couleur Jaune : Quelle Signification Spirituelle ? <\/a><\/p>\n<p class=\"contentTable_elem\"><a href=\"#balise_9\">10. Porter la couleur jaune dans un r\u00eave : quelle en est la signification ? <\/a><\/p>\n<\/section>\n<p><img loading=\"lazy\" decoding=\"async\" class=\"lazyload articleImageSquare_CGEN\" src=\"https:\/\/www.belgae.be\/imageHolder\/\/wp-content\/uploads\/sites\/2\/2023\/07\/loading-spinner-belgae.gif\" alt=\"tmpf28utqa\" width=\"400\" height=\"400\" data-src=\"https:\/\/www.belgae.be\/imageHolder\/\/wp-content\/uploads\/sites\/2\/2023\/08\/tmpf28utqa1.jpg\" \/><\/p>\n<h2 id=\"balise_0\">Introduction : Comment Porter la Couleur Jaune ?<\/h2>\n<p>Le jaune, couleur vibrante et \u00e9nergique du soleil, est un incontournable dans la garde-robe de chaque individu \u00e0 la pointe de la mode. Que vous cherchiez \u00e0 faire une d\u00e9claration audacieuse ou \u00e0 ajouter une touche d&#8217;\u00e9clat \u00e0 votre tenue, porter du jaune peut instantan\u00e9ment rehausser votre jeu de style.<\/p>\n<p>Mais comment exactement devrait-on porter cette teinte ensoleill\u00e9e?<\/p>\n<p>Plongeons dans le monde du port du jaune et d\u00e9couvrons quelques astuces excitantes!<\/p>\n<p>Que ce soit pour une soir\u00e9e chic ou une sortie d\u00e9contract\u00e9e, le jaune apporte toujours ce petit plus qui fait toute la diff\u00e9rence. Il suffit d&#8217;une pi\u00e8ce bien choisie pour transformer un look ordinaire en quelque chose d&#8217;extraordinaire.<\/p>\n<p>En fin de compte, il s&#8217;agit simplement d&#8217;\u00eatre audacieux et confiant. Avec le bon v\u00eatement jaune, tout est possible! Alors n&#8217;h\u00e9sitez pas &#8211; plongez-vous dans l&#8217;univers color\u00e9 qu&#8217;est le monde du port des couleurs vives aujourd&#8217;hui !<\/p>\n<p><img loading=\"lazy\" decoding=\"async\" class=\"lazyload articleImageSquare_CGEN\" src=\"https:\/\/www.belgae.be\/imageHolder\/\/wp-content\/uploads\/sites\/2\/2023\/07\/loading-spinner-belgae.gif\" alt=\"tmpm5wq9uxd\" width=\"400\" height=\"400\" data-src=\"https:\/\/www.belgae.be\/imageHolder\/\/wp-content\/uploads\/sites\/2\/2023\/08\/tmpm5wq9uxd.jpg\" \/><\/p>\n<h2 id=\"balise_1\">Quelles \u00e9motions sont exprim\u00e9es en portant la couleur jaune ?<\/h2>\n<p>Porter du jaune \u00e9voque des sentiments de joie, d&#8217;optimisme et de positivit\u00e9. Cette couleur vivante a le pouvoir d&#8217;\u00e9lever les esprits et d&#8217;apporter un sentiment de bonheur partout o\u00f9 elle se trouve.<\/p>\n<p>En incorporant des nuances comme le jaune citron ou la moutarde dor\u00e9e dans votre tenue, vous d\u00e9gagerez une confiance tout en montrant votre c\u00f4t\u00e9 ludique.<\/p>\n<p>Cette teinte ensoleill\u00e9e est plus qu&#8217;une simple couleur. Elle repr\u00e9sente une attitude, un \u00e9tat d&#8217;esprit qui inspire l&#8217;all\u00e9gresse et l&#8217;\u00e9nergie positive.<\/p>\n<p>Pourquoi ne pas essayer?<\/p>\n<p>Laissez-vous envelopper par son charme lumineux!<\/p>\n<p><img loading=\"lazy\" decoding=\"async\" class=\"lazyload articleImageSquare_CGEN\" src=\"https:\/\/www.belgae.be\/imageHolder\/\/wp-content\/uploads\/sites\/2\/2023\/07\/loading-spinner-belgae.gif\" alt=\"tmp9xwg6a0a\" width=\"400\" height=\"400\" data-src=\"https:\/\/www.belgae.be\/imageHolder\/\/wp-content\/uploads\/sites\/2\/2023\/08\/tmp9xwg6a0a.jpg\" \/><\/p>\n<h2 id=\"balise_2\">Associations : Quelles couleurs se marient avec le v\u00eatement jaune ?<\/h2>\n<p>En mati\u00e8re d&#8217;association de couleurs avec des v\u00eatements jaunes, les possibilit\u00e9s sont infinies. Elles permettent des contrastes frappants et des m\u00e9langes harmonieux. Pour un look qui attire l&#8217;attention, essayez de combiner du noir ou du bleu marine avec des accents jaunes.<\/p>\n<p>D&#8217;autre part, si la subtilit\u00e9 est pr\u00e9f\u00e9r\u00e9e sans compromettre le style, l&#8217;introduction de tons gris cr\u00e9e une combinaison \u00e9l\u00e9gante. Les nuances plus douces offrent une approche discr\u00e8te mais tout aussi chic pour int\u00e9grer le jaune dans votre garde-robe.<\/p>\n<p>L&#8217;utilisation strat\u00e9gique du blanc peut \u00e9galement ajouter une touche nette \u00e0 votre tenue. C&#8217;est un choix s\u00fbr pour ceux qui souhaitent exp\u00e9rimenter avec diff\u00e9rentes teintes sans risquer d&#8217;\u00eatre trop audacieux.<\/p>\n<p>En fin de compte, jouer avec les couleurs est un moyen passionnant d&#8217;exprimer sa personnalit\u00e9 et son sens unique du style. Il suffit donc d&#8217;un peu de cr\u00e9ativit\u00e9 et d&#8217;audace pour faire ressortir le meilleur en soi gr\u00e2ce aux v\u00eatements jaunes.<\/p>\n<p><img loading=\"lazy\" decoding=\"async\" class=\"lazyload articleImageSquare_CGEN\" src=\"https:\/\/www.belgae.be\/imageHolder\/\/wp-content\/uploads\/sites\/2\/2023\/07\/loading-spinner-belgae.gif\" alt=\"tmp4okkaz7g\" width=\"400\" height=\"400\" data-src=\"https:\/\/www.belgae.be\/imageHolder\/\/wp-content\/uploads\/sites\/2\/2023\/08\/tmp4okkaz7g.jpg\" \/><\/p>\n<h2 id=\"balise_3\">Quel teint s&#8217;accorde bien avec une tenue jaune ?<\/h2>\n<p>Peu importe votre teint &#8211; beaut\u00e9s \u00e0 la peau claire ou d\u00e9esses riches en m\u00e9lanine &#8211; le jaune peut \u00eatre universellement flatteur lorsqu&#8217;il est judicieusement choisi !<\/p>\n<p>Si vous avez un teint plus clair, optez pour des jaunes plus doux comme les nuances pastel. En revanche, ceux qui sont b\u00e9nis avec une peau plus fonc\u00e9e peuvent adopter des tons audacieux comme le souci ou le safran.<\/p>\n<p>Ainsi, l&#8217;attrait du jaune ne se limite pas \u00e0 une palette de couleurs sp\u00e9cifiques. Il s&#8217;\u00e9tend aux tons de peau et au-del\u00e0. Il suffit d&#8217;avoir confiance en soi et de choisir la bonne nuance selon son type de peau.<\/p>\n<p>En fin de compte, il n&#8217;y a pas deux personnes identiques dans ce monde. Chacun doit trouver sa propre nuance unique qui correspond non seulement \u00e0 leur couleur naturelle mais aussi \u00e0 leur personnalit\u00e9 individuelle.<\/p>\n<p>Le choix du bon ton peut transformer radicalement votre apparence g\u00e9n\u00e9rale. Alors n&#8217;h\u00e9sitez pas et explorez toutes les magnifiques nuances que cette couleur solaire a \u00e0 offrir !<\/p>\n<p><img loading=\"lazy\" decoding=\"async\" class=\"lazyload articleImageSquare_CGEN\" src=\"https:\/\/www.belgae.be\/imageHolder\/\/wp-content\/uploads\/sites\/2\/2023\/07\/loading-spinner-belgae.gif\" alt=\"tmpbd1cm7ep\" width=\"400\" height=\"400\" data-src=\"https:\/\/www.belgae.be\/imageHolder\/\/wp-content\/uploads\/sites\/2\/2023\/08\/tmpbd1cm7ep.jpg\" \/><\/p>\n<h2 id=\"balise_4\">La Meilleure Saison pour Porter la Couleur Jaune<\/h2>\n<p>Bien qu&#8217;il n&#8217;existe pas de r\u00e8gle stricte concernant les saisons pour porter des couleurs sp\u00e9cifiques, le jaune brille ind\u00e9niablement au printemps. C&#8217;est \u00e9galement la saison parfaite pour adopter cette couleur.<\/p>\n<p>En effet, le jaune capture sans effort l&#8217;essence du soleil estival. Cependant, ne vous laissez pas limiter! Porter du jaune peut apporter chaleur et \u00e9clat \u00e0 tout moment de l&#8217;ann\u00e9e.<\/p>\n<p>C&#8217;est une teinte qui transcende les saisons et s&#8217;adapte \u00e0 toutes les situations. Alors osez le jaune! Peu importe la p\u00e9riode de l&#8217;ann\u00e9e ou votre humeur du jour, cette couleur ajoutera toujours une touche d&#8217;\u00e9nergie positive \u00e0 votre look.<\/p>\n<p><img loading=\"lazy\" decoding=\"async\" class=\"lazyload articleImageSquare_CGEN\" src=\"https:\/\/www.belgae.be\/imageHolder\/\/wp-content\/uploads\/sites\/2\/2023\/07\/loading-spinner-belgae.gif\" alt=\"tmpe_cnftv\" width=\"400\" height=\"400\" data-src=\"https:\/\/www.belgae.be\/imageHolder\/\/wp-content\/uploads\/sites\/2\/2023\/08\/tmpe_cnftv8.jpg\" \/><\/p>\n<h2 id=\"balise_5\">Porter des Chaussures Jaunes : Une Bonne Id\u00e9e ?<\/h2>\n<p>Absolument! Pour ceux qui cherchent \u00e0 se d\u00e9marquer de mani\u00e8re unique, opter pour des chaussures jaunes est un excellent choix. Elles apportent une touche ludique \u00e0 n&#8217;importe quelle tenue tout en injectant de l&#8217;\u00e9nergie dans votre look global. Que ce soit des baskets ou des talons, vos pieds vont marcher sur le soleil!<\/p>\n<p>La mode est un moyen d&#8217;expression personnel et les chaussures jaunes peuvent vraiment faire ressortir votre personnalit\u00e9. En plus d&#8217;\u00eatre audacieux et dynamiques, elles sont aussi incroyablement polyvalentes.<\/p>\n<p>Que vous soyez quelqu&#8217;un qui pr\u00e9f\u00e8re un style classique ou tendance, il existe une paire de chaussures jaunes qui conviendra parfaitement \u00e0 vos go\u00fbts. Alors pourquoi ne pas essayer quelque chose de nouveau?<\/p>\n<p>Faites place au changement et laissez-vous s\u00e9duire par la chaleur du jaune.<\/p>\n<p>Ce n&#8217;est pas tous les jours que l&#8217;on voit quelqu&#8217;un porter des chaussures si vibrantes! Imaginez le regard admiratif des passants lorsque vous d\u00e9ambulerez avec assurance dans ces magnifiques souliers \u00e9clatants.<\/p>\n<p><img loading=\"lazy\" decoding=\"async\" class=\"lazyload articleImageSquare_CGEN\" src=\"https:\/\/www.belgae.be\/imageHolder\/\/wp-content\/uploads\/sites\/2\/2023\/07\/loading-spinner-belgae.gif\" alt=\"tmp2f4uf6vn\" width=\"400\" height=\"400\" data-src=\"https:\/\/www.belgae.be\/imageHolder\/\/wp-content\/uploads\/sites\/2\/2023\/08\/tmp2f4uf6vn.jpg\" \/><\/p>\n<h2 id=\"balise_6\">Faux Pas de la Mode : Erreurs Courantes \u00e0 \u00c9viter Lorsque Vous Portez du Jaune<\/h2>\n<p>Bien qu&#8217;il soit recommand\u00e9 d&#8217;exp\u00e9rimenter avec les couleurs et les styles, il existe quelques erreurs courantes \u00e0 \u00e9viter lorsqu&#8217;on porte des v\u00eatements jaunes.<\/p>\n<p>D&#8217;abord, n&#8217;en faites pas trop en vous habillant de la t\u00eate aux pieds en jaune vif &#8211; pr\u00e9f\u00e9rez plut\u00f4t m\u00e9langer les nuances. Ensuite, attention \u00e0 ne pas associer des pi\u00e8ces n\u00e9on-jaune \u00e0 d&#8217;autres \u00e9l\u00e9ments tout aussi \u00e9clatants sauf si vous cherchez une surcharge visuelle.<\/p>\n<p>Enfin, portez une attention particuli\u00e8re non seulement \u00e0 la coordination des couleurs mais aussi consid\u00e9rez comment diff\u00e9rents tissus interagissent entre eux. Faire preuve de discernement dans le choix du mat\u00e9riel peut faire toute la diff\u00e9rence dans l&#8217;apparence finale que vos v\u00eatements pr\u00e9sentent au monde ext\u00e9rieur.<\/p>\n<p>En somme, porter du jaune peut \u00eatre un d\u00e9fi amusant et r\u00e9compensant si on garde ces conseils cl\u00e9s en t\u00eate : mod\u00e9ration, harmonie des teintes et prise en compte du type de tissu utilis\u00e9.<\/p>\n<p><img loading=\"lazy\" decoding=\"async\" class=\"lazyload articleImageSquare_CGEN\" src=\"https:\/\/www.belgae.be\/imageHolder\/\/wp-content\/uploads\/sites\/2\/2023\/07\/loading-spinner-belgae.gif\" alt=\"tmppi8_ib\" width=\"400\" height=\"400\" data-src=\"https:\/\/www.belgae.be\/imageHolder\/\/wp-content\/uploads\/sites\/2\/2023\/08\/tmppi8_ib07.jpg\" \/><\/p>\n<h2 id=\"balise_7\">L&#8217;impact du port de la couleur jaune sur notre psychologie<\/h2>\n<p>Les couleurs ont des effets psychologiques profonds sur notre humeur. Porter du jaune favorise des sentiments tels que le bonheur, la chaleur et l&#8217;optimisme. Le jaune stimule l&#8217;activit\u00e9 mentale, nous rendant plus alertes et attentifs.<\/p>\n<p>Il n&#8217;est pas \u00e9tonnant que cette teinte dynamisante soit devenue synonyme de cr\u00e9ativit\u00e9 et d&#8217;inspiration. Que ce soit port\u00e9 subtilement ou audacieusement, le jaune booste nos esprits et encourage une pens\u00e9e positive tout au long de la journ\u00e9e.<\/p>\n<p>Ainsi, int\u00e9grer cette couleur vibrante dans votre garde-robe peut \u00eatre un excellent moyen d&#8217;\u00e9clairer vos journ\u00e9es grises en apportant une touche d&#8217;\u00e9nergie positive \u00e0 votre quotidien.<\/p>\n<p><img loading=\"lazy\" decoding=\"async\" class=\"lazyload articleImageSquare_CGEN\" src=\"https:\/\/www.belgae.be\/imageHolder\/\/wp-content\/uploads\/sites\/2\/2023\/07\/loading-spinner-belgae.gif\" alt=\"tmp8rb3zped\" width=\"400\" height=\"400\" data-src=\"https:\/\/www.belgae.be\/imageHolder\/\/wp-content\/uploads\/sites\/2\/2023\/08\/tmp8rb3zped.jpg\" \/><\/p>\n<h2 id=\"balise_8\">Porter la Couleur Jaune : Quelle Signification Spirituelle ?<\/h2>\n<p>En spiritualit\u00e9, le jaune symbolise l&#8217;illumination, l&#8217;intellect et la croissance spirituelle. De nombreux syst\u00e8mes de croyances associent cette couleur \u00e0 la sagesse, \u00e0 la pr\u00e9sence divine et au pouvoir personnel.<\/p>\n<p>Porter du jaune peut servir de rappel pour les personnes entamant leur voyage spirituel. C&#8217;est une affirmation visuelle d&#8217;\u00eatre ouvert, d&#8217;apprendre, de grandir et de se connecter profond\u00e9ment en soi.<\/p>\n<p>Le jaune est plus qu&#8217;une simple couleur dans ce contexte. Il devient un symbole puissant qui guide vers une meilleure compr\u00e9hension personnelle et universelle.<\/p>\n<p>Les b\u00e9n\u00e9fices sont multiples : \u00e9clairage int\u00e9rieur accru, augmentation du potentiel intellectuel mais aussi renforcement des liens avec son moi profond.<\/p>\n<p>C&#8217;est l\u00e0 toute la beaut\u00e9 du voyage spirituel : il n&#8217;y a pas deux parcours identiques. Chaque individu trouve sa propre voie vers l&#8217;\u00e9veil gr\u00e2ce aux outils qui lui parlent le plus ; ici le pouvoir \u00e9vocateur du jaune.<\/p>\n<p><img loading=\"lazy\" decoding=\"async\" class=\"lazyload articleImageSquare_CGEN\" src=\"https:\/\/www.belgae.be\/imageHolder\/\/wp-content\/uploads\/sites\/2\/2023\/07\/loading-spinner-belgae.gif\" alt=\"tmpiz5s__ss\" width=\"400\" height=\"400\" data-src=\"https:\/\/www.belgae.be\/imageHolder\/\/wp-content\/uploads\/sites\/2\/2023\/08\/tmpiz5s__ss.jpg\" \/><\/p>\n<h2 id=\"balise_9\">Porter la couleur jaune dans un r\u00eave : quelle en est la signification ?<\/h2>\n<p>Les songes envelopp\u00e9s d&#8217;un voile mystique invitent constamment \u00e0 l&#8217;interpr\u00e9tation. L&#8217;apparition du jaune au sein d&#8217;un r\u00eave augure potentiellement des moments joyeux, heureux ou l&#8217;\u00e9mergence d&#8217;opportunit\u00e9s in\u00e9dites.<\/p>\n<p>L&#8217;int\u00e9gration du coloris peut aussi r\u00e9v\u00e9ler une \u00e9closion imminente de cr\u00e9ativit\u00e9, voire exprimer le d\u00e9sir ardent d&#8217;une dose suppl\u00e9mentaire de positivit\u00e9 au c\u0153ur m\u00eame des routines quotidiennes.<\/p>\n<p>Il est essentiel toutefois, lorsqu&#8217;on tente d&#8217;en d\u00e9mystifier la signification profonde, se souvenir que chaque songe renferme en lui-m\u00eame sa propre port\u00e9e symbolique. Seul celui qui fait le r\u00eave a la capacit\u00e9 authentique d&#8217;en d\u00e9nouer les fils complexes gr\u00e2ce aux prismes individuels fa\u00e7onn\u00e9s par ses exp\u00e9riences personnelles distinctives ainsi qu&#8217;\u00e0 travers ses propres ressentis.<\/p>\n","protected":false},"excerpt":{"rendered":"<p>Salut, amateurs de soleil ! Pr\u00eats \u00e0 rayonner de positivit\u00e9 avec la teinte la plus joyeuse du cercle chromatique ? Plongeons ensemble dans l&#8217;univers du jaune.<\/p>\n","protected":false},"author":1,"featured_media":4996,"comment_status":"open","ping_status":"closed","sticky":false,"template":"","format":"standard","meta":{"_acf_changed":false,"_et_pb_use_builder":"","_et_pb_old_content":"","_et_gb_content_width":"","footnotes":""},"categories":[38],"tags":[],"class_list":["post-2933","post","type-post","status-publish","format-standard","has-post-thumbnail","hentry","category-look-style"],"acf":[],"yoast_head":"<!-- This site is optimized with the Yoast SEO plugin v27.5 - https:\/\/yoast.com\/product\/yoast-seo-wordpress\/ -->\n<title>Porter du jaune : combinaisons, psychologie, etc | Belgae<\/title>\n<meta name=\"robots\" content=\"index, follow, max-snippet:-1, max-image-preview:large, max-video-preview:-1\" \/>\n<link rel=\"canonical\" href=\"https:\/\/www.belgae.be\/fr\/blog\/portant-du-jaune\/\" \/>\n<meta property=\"og:locale\" content=\"fr_FR\" \/>\n<meta property=\"og:type\" content=\"article\" \/>\n<meta property=\"og:title\" content=\"Porter du jaune : combinaisons, psychologie, etc | Belgae\" \/>\n<meta property=\"og:description\" content=\"Salut, amateurs de soleil ! Pr\u00eats \u00e0 rayonner de positivit\u00e9 avec la teinte la plus joyeuse du cercle chromatique ? Plongeons ensemble dans l&#039;univers du jaune.\" \/>\n<meta property=\"og:url\" content=\"https:\/\/www.belgae.be\/fr\/blog\/portant-du-jaune\/\" \/>\n<meta property=\"og:site_name\" content=\"Belgae\" \/>\n<meta property=\"article:published_time\" content=\"2023-08-03T13:39:26+00:00\" \/>\n<meta property=\"article:modified_time\" content=\"2023-08-04T10:27:44+00:00\" \/>\n<meta name=\"author\" content=\"Cyril Gendarme\" \/>\n<meta name=\"twitter:card\" content=\"summary_large_image\" \/>\n<meta name=\"twitter:label1\" content=\"\u00c9crit par\" \/>\n\t<meta name=\"twitter:data1\" content=\"Cyril Gendarme\" \/>\n\t<meta name=\"twitter:label2\" content=\"Dur\u00e9e de lecture estim\u00e9e\" \/>\n\t<meta name=\"twitter:data2\" content=\"11 minutes\" \/>\n<script type=\"application\/ld+json\" class=\"yoast-schema-graph\">{\"@context\":\"https:\\\/\\\/schema.org\",\"@graph\":[{\"@type\":\"Article\",\"@id\":\"https:\\\/\\\/www.belgae.be\\\/fr\\\/blog\\\/portant-du-jaune\\\/#article\",\"isPartOf\":{\"@id\":\"https:\\\/\\\/www.belgae.be\\\/fr\\\/blog\\\/portant-du-jaune\\\/\"},\"author\":{\"name\":\"Cyril Gendarme\",\"@id\":\"https:\\\/\\\/www.belgae.be\\\/fr\\\/#\\\/schema\\\/person\\\/646b40b88212bc5335f9c4fa787df047\"},\"headline\":\"Porter du jaune : combinaisons, psychologie, etc\",\"datePublished\":\"2023-08-03T13:39:26+00:00\",\"dateModified\":\"2023-08-04T10:27:44+00:00\",\"mainEntityOfPage\":{\"@id\":\"https:\\\/\\\/www.belgae.be\\\/fr\\\/blog\\\/portant-du-jaune\\\/\"},\"wordCount\":1683,\"commentCount\":0,\"publisher\":{\"@id\":\"https:\\\/\\\/www.belgae.be\\\/fr\\\/#organization\"},\"image\":{\"@id\":\"https:\\\/\\\/www.belgae.be\\\/fr\\\/blog\\\/portant-du-jaune\\\/#primaryimage\"},\"thumbnailUrl\":\"https:\\\/\\\/www.belgae.be\\\/fr\\\/wp-content\\\/uploads\\\/sites\\\/2\\\/2023\\\/08\\\/cyril_ge_miscellaneous_pieces_of_clothing_splash_of_yellow_Fran_681e970c-9600-446c-a090-385d66df743e-1.webp\",\"articleSection\":[\"Look &amp; Style\"],\"inLanguage\":\"fr-FR\",\"potentialAction\":[{\"@type\":\"CommentAction\",\"name\":\"Comment\",\"target\":[\"https:\\\/\\\/www.belgae.be\\\/fr\\\/blog\\\/portant-du-jaune\\\/#respond\"]}]},{\"@type\":\"WebPage\",\"@id\":\"https:\\\/\\\/www.belgae.be\\\/fr\\\/blog\\\/portant-du-jaune\\\/\",\"url\":\"https:\\\/\\\/www.belgae.be\\\/fr\\\/blog\\\/portant-du-jaune\\\/\",\"name\":\"Porter du jaune : combinaisons, psychologie, etc | Belgae\",\"isPartOf\":{\"@id\":\"https:\\\/\\\/www.belgae.be\\\/fr\\\/#website\"},\"primaryImageOfPage\":{\"@id\":\"https:\\\/\\\/www.belgae.be\\\/fr\\\/blog\\\/portant-du-jaune\\\/#primaryimage\"},\"image\":{\"@id\":\"https:\\\/\\\/www.belgae.be\\\/fr\\\/blog\\\/portant-du-jaune\\\/#primaryimage\"},\"thumbnailUrl\":\"https:\\\/\\\/www.belgae.be\\\/fr\\\/wp-content\\\/uploads\\\/sites\\\/2\\\/2023\\\/08\\\/cyril_ge_miscellaneous_pieces_of_clothing_splash_of_yellow_Fran_681e970c-9600-446c-a090-385d66df743e-1.webp\",\"datePublished\":\"2023-08-03T13:39:26+00:00\",\"dateModified\":\"2023-08-04T10:27:44+00:00\",\"breadcrumb\":{\"@id\":\"https:\\\/\\\/www.belgae.be\\\/fr\\\/blog\\\/portant-du-jaune\\\/#breadcrumb\"},\"inLanguage\":\"fr-FR\",\"potentialAction\":[{\"@type\":\"ReadAction\",\"target\":[\"https:\\\/\\\/www.belgae.be\\\/fr\\\/blog\\\/portant-du-jaune\\\/\"]}]},{\"@type\":\"ImageObject\",\"inLanguage\":\"fr-FR\",\"@id\":\"https:\\\/\\\/www.belgae.be\\\/fr\\\/blog\\\/portant-du-jaune\\\/#primaryimage\",\"url\":\"https:\\\/\\\/www.belgae.be\\\/fr\\\/wp-content\\\/uploads\\\/sites\\\/2\\\/2023\\\/08\\\/cyril_ge_miscellaneous_pieces_of_clothing_splash_of_yellow_Fran_681e970c-9600-446c-a090-385d66df743e-1.webp\",\"contentUrl\":\"https:\\\/\\\/www.belgae.be\\\/fr\\\/wp-content\\\/uploads\\\/sites\\\/2\\\/2023\\\/08\\\/cyril_ge_miscellaneous_pieces_of_clothing_splash_of_yellow_Fran_681e970c-9600-446c-a090-385d66df743e-1.webp\"},{\"@type\":\"BreadcrumbList\",\"@id\":\"https:\\\/\\\/www.belgae.be\\\/fr\\\/blog\\\/portant-du-jaune\\\/#breadcrumb\",\"itemListElement\":[{\"@type\":\"ListItem\",\"position\":1,\"name\":\"Accueil\",\"item\":\"https:\\\/\\\/www.belgae.be\\\/fr\\\/\"},{\"@type\":\"ListItem\",\"position\":2,\"name\":\"Porter du jaune : combinaisons, psychologie, etc\"}]},{\"@type\":\"WebSite\",\"@id\":\"https:\\\/\\\/www.belgae.be\\\/fr\\\/#website\",\"url\":\"https:\\\/\\\/www.belgae.be\\\/fr\\\/\",\"name\":\"Belgae\",\"description\":\"Art &amp; Mode Belge\",\"publisher\":{\"@id\":\"https:\\\/\\\/www.belgae.be\\\/fr\\\/#organization\"},\"potentialAction\":[{\"@type\":\"SearchAction\",\"target\":{\"@type\":\"EntryPoint\",\"urlTemplate\":\"https:\\\/\\\/www.belgae.be\\\/fr\\\/?s={search_term_string}\"},\"query-input\":{\"@type\":\"PropertyValueSpecification\",\"valueRequired\":true,\"valueName\":\"search_term_string\"}}],\"inLanguage\":\"fr-FR\"},{\"@type\":\"Organization\",\"@id\":\"https:\\\/\\\/www.belgae.be\\\/fr\\\/#organization\",\"name\":\"Belgae\",\"url\":\"https:\\\/\\\/www.belgae.be\\\/fr\\\/\",\"logo\":{\"@type\":\"ImageObject\",\"inLanguage\":\"fr-FR\",\"@id\":\"https:\\\/\\\/www.belgae.be\\\/fr\\\/#\\\/schema\\\/logo\\\/image\\\/\",\"url\":\"https:\\\/\\\/www.belgae.be\\\/fr\\\/wp-content\\\/uploads\\\/sites\\\/2\\\/2023\\\/07\\\/Sans-titre1-Copie.png\",\"contentUrl\":\"https:\\\/\\\/www.belgae.be\\\/fr\\\/wp-content\\\/uploads\\\/sites\\\/2\\\/2023\\\/07\\\/Sans-titre1-Copie.png\",\"width\":88,\"height\":88,\"caption\":\"Belgae\"},\"image\":{\"@id\":\"https:\\\/\\\/www.belgae.be\\\/fr\\\/#\\\/schema\\\/logo\\\/image\\\/\"}},{\"@type\":\"Person\",\"@id\":\"https:\\\/\\\/www.belgae.be\\\/fr\\\/#\\\/schema\\\/person\\\/646b40b88212bc5335f9c4fa787df047\",\"name\":\"Cyril Gendarme\",\"sameAs\":[\"https:\\\/\\\/www.belgae.be\"],\"url\":\"https:\\\/\\\/www.belgae.be\\\/fr\\\/blog\\\/author\\\/cgen\\\/\"}]}<\/script>\n<!-- \/ Yoast SEO plugin. -->","yoast_head_json":{"title":"Porter du jaune : combinaisons, psychologie, etc | Belgae","robots":{"index":"index","follow":"follow","max-snippet":"max-snippet:-1","max-image-preview":"max-image-preview:large","max-video-preview":"max-video-preview:-1"},"canonical":"https:\/\/www.belgae.be\/fr\/blog\/portant-du-jaune\/","og_locale":"fr_FR","og_type":"article","og_title":"Porter du jaune : combinaisons, psychologie, etc | Belgae","og_description":"Salut, amateurs de soleil ! Pr\u00eats \u00e0 rayonner de positivit\u00e9 avec la teinte la plus joyeuse du cercle chromatique ? Plongeons ensemble dans l'univers du jaune.","og_url":"https:\/\/www.belgae.be\/fr\/blog\/portant-du-jaune\/","og_site_name":"Belgae","article_published_time":"2023-08-03T13:39:26+00:00","article_modified_time":"2023-08-04T10:27:44+00:00","author":"Cyril Gendarme","twitter_card":"summary_large_image","twitter_misc":{"\u00c9crit par":"Cyril Gendarme","Dur\u00e9e de lecture estim\u00e9e":"11 minutes"},"schema":{"@context":"https:\/\/schema.org","@graph":[{"@type":"Article","@id":"https:\/\/www.belgae.be\/fr\/blog\/portant-du-jaune\/#article","isPartOf":{"@id":"https:\/\/www.belgae.be\/fr\/blog\/portant-du-jaune\/"},"author":{"name":"Cyril Gendarme","@id":"https:\/\/www.belgae.be\/fr\/#\/schema\/person\/646b40b88212bc5335f9c4fa787df047"},"headline":"Porter du jaune : combinaisons, psychologie, etc","datePublished":"2023-08-03T13:39:26+00:00","dateModified":"2023-08-04T10:27:44+00:00","mainEntityOfPage":{"@id":"https:\/\/www.belgae.be\/fr\/blog\/portant-du-jaune\/"},"wordCount":1683,"commentCount":0,"publisher":{"@id":"https:\/\/www.belgae.be\/fr\/#organization"},"image":{"@id":"https:\/\/www.belgae.be\/fr\/blog\/portant-du-jaune\/#primaryimage"},"thumbnailUrl":"https:\/\/www.belgae.be\/fr\/wp-content\/uploads\/sites\/2\/2023\/08\/cyril_ge_miscellaneous_pieces_of_clothing_splash_of_yellow_Fran_681e970c-9600-446c-a090-385d66df743e-1.webp","articleSection":["Look &amp; Style"],"inLanguage":"fr-FR","potentialAction":[{"@type":"CommentAction","name":"Comment","target":["https:\/\/www.belgae.be\/fr\/blog\/portant-du-jaune\/#respond"]}]},{"@type":"WebPage","@id":"https:\/\/www.belgae.be\/fr\/blog\/portant-du-jaune\/","url":"https:\/\/www.belgae.be\/fr\/blog\/portant-du-jaune\/","name":"Porter du jaune : combinaisons, psychologie, etc | Belgae","isPartOf":{"@id":"https:\/\/www.belgae.be\/fr\/#website"},"primaryImageOfPage":{"@id":"https:\/\/www.belgae.be\/fr\/blog\/portant-du-jaune\/#primaryimage"},"image":{"@id":"https:\/\/www.belgae.be\/fr\/blog\/portant-du-jaune\/#primaryimage"},"thumbnailUrl":"https:\/\/www.belgae.be\/fr\/wp-content\/uploads\/sites\/2\/2023\/08\/cyril_ge_miscellaneous_pieces_of_clothing_splash_of_yellow_Fran_681e970c-9600-446c-a090-385d66df743e-1.webp","datePublished":"2023-08-03T13:39:26+00:00","dateModified":"2023-08-04T10:27:44+00:00","breadcrumb":{"@id":"https:\/\/www.belgae.be\/fr\/blog\/portant-du-jaune\/#breadcrumb"},"inLanguage":"fr-FR","potentialAction":[{"@type":"ReadAction","target":["https:\/\/www.belgae.be\/fr\/blog\/portant-du-jaune\/"]}]},{"@type":"ImageObject","inLanguage":"fr-FR","@id":"https:\/\/www.belgae.be\/fr\/blog\/portant-du-jaune\/#primaryimage","url":"https:\/\/www.belgae.be\/fr\/wp-content\/uploads\/sites\/2\/2023\/08\/cyril_ge_miscellaneous_pieces_of_clothing_splash_of_yellow_Fran_681e970c-9600-446c-a090-385d66df743e-1.webp","contentUrl":"https:\/\/www.belgae.be\/fr\/wp-content\/uploads\/sites\/2\/2023\/08\/cyril_ge_miscellaneous_pieces_of_clothing_splash_of_yellow_Fran_681e970c-9600-446c-a090-385d66df743e-1.webp"},{"@type":"BreadcrumbList","@id":"https:\/\/www.belgae.be\/fr\/blog\/portant-du-jaune\/#breadcrumb","itemListElement":[{"@type":"ListItem","position":1,"name":"Accueil","item":"https:\/\/www.belgae.be\/fr\/"},{"@type":"ListItem","position":2,"name":"Porter du jaune : combinaisons, psychologie, etc"}]},{"@type":"WebSite","@id":"https:\/\/www.belgae.be\/fr\/#website","url":"https:\/\/www.belgae.be\/fr\/","name":"Belgae","description":"Art &amp; Mode Belge","publisher":{"@id":"https:\/\/www.belgae.be\/fr\/#organization"},"potentialAction":[{"@type":"SearchAction","target":{"@type":"EntryPoint","urlTemplate":"https:\/\/www.belgae.be\/fr\/?s={search_term_string}"},"query-input":{"@type":"PropertyValueSpecification","valueRequired":true,"valueName":"search_term_string"}}],"inLanguage":"fr-FR"},{"@type":"Organization","@id":"https:\/\/www.belgae.be\/fr\/#organization","name":"Belgae","url":"https:\/\/www.belgae.be\/fr\/","logo":{"@type":"ImageObject","inLanguage":"fr-FR","@id":"https:\/\/www.belgae.be\/fr\/#\/schema\/logo\/image\/","url":"https:\/\/www.belgae.be\/fr\/wp-content\/uploads\/sites\/2\/2023\/07\/Sans-titre1-Copie.png","contentUrl":"https:\/\/www.belgae.be\/fr\/wp-content\/uploads\/sites\/2\/2023\/07\/Sans-titre1-Copie.png","width":88,"height":88,"caption":"Belgae"},"image":{"@id":"https:\/\/www.belgae.be\/fr\/#\/schema\/logo\/image\/"}},{"@type":"Person","@id":"https:\/\/www.belgae.be\/fr\/#\/schema\/person\/646b40b88212bc5335f9c4fa787df047","name":"Cyril Gendarme","sameAs":["https:\/\/www.belgae.be"],"url":"https:\/\/www.belgae.be\/fr\/blog\/author\/cgen\/"}]}},"_links":{"self":[{"href":"https:\/\/www.belgae.be\/fr\/wp-json\/wp\/v2\/posts\/2933","targetHints":{"allow":["GET"]}}],"collection":[{"href":"https:\/\/www.belgae.be\/fr\/wp-json\/wp\/v2\/posts"}],"about":[{"href":"https:\/\/www.belgae.be\/fr\/wp-json\/wp\/v2\/types\/post"}],"author":[{"embeddable":true,"href":"https:\/\/www.belgae.be\/fr\/wp-json\/wp\/v2\/users\/1"}],"replies":[{"embeddable":true,"href":"https:\/\/www.belgae.be\/fr\/wp-json\/wp\/v2\/comments?post=2933"}],"version-history":[{"count":0,"href":"https:\/\/www.belgae.be\/fr\/wp-json\/wp\/v2\/posts\/2933\/revisions"}],"wp:featuredmedia":[{"embeddable":true,"href":"https:\/\/www.belgae.be\/fr\/wp-json\/"}],"wp:attachment":[{"href":"https:\/\/www.belgae.be\/fr\/wp-json\/wp\/v2\/media?parent=2933"}],"wp:term":[{"taxonomy":"category","embeddable":true,"href":"https:\/\/www.belgae.be\/fr\/wp-json\/wp\/v2\/categories?post=2933"},{"taxonomy":"post_tag","embeddable":true,"href":"https:\/\/www.belgae.be\/fr\/wp-json\/wp\/v2\/tags?post=2933"}],"curies":[{"name":"wp","href":"https:\/\/api.w.org\/{rel}","templated":true}]}}