{"id":2931,"date":"2023-08-03T13:38:57","date_gmt":"2023-08-03T13:38:57","guid":{"rendered":"https:\/\/www.belgae.be\/fr\/blog\/portant-du-rouge\/"},"modified":"2023-08-03T13:38:57","modified_gmt":"2023-08-03T13:38:57","slug":"portant-du-rouge","status":"publish","type":"post","link":"https:\/\/www.belgae.be\/fr\/blog\/portant-du-rouge\/","title":{"rendered":"Porter du rouge : combinaisons, psychologie, etc"},"content":{"rendered":"<p>Lib\u00e9rez le pouvoir du charisme \u00e9carlate ! Plongez dans un monde o\u00f9 la mode rencontre la psychologie dans &#8220;Porter du Rouge : Combinaisons, Psychologie et Plus&#8221;. <\/p>\n<p>Explorez comment cette nuance vibrante peut transformer votre style tout en influen\u00e7ant subtilement la perception. D\u00e9couvrez l&#8217;art de combiner le rouge avec d&#8217;autres couleurs pour une d\u00e9claration percutante.<\/p>\n<p>La mode est bien plus que des v\u00eatements &#8211; c&#8217;est exprimer qui vous \u00eates, attirer l&#8217;attention et vous sentir fabuleux !<\/p>\n<section class=\"contentTable_table\">\n<p class=\"contentTable_title\">Table des mati\u00e8res : <\/p>\n<p class=\"contentTable_elem\"><a href=\"#balise_0\">1. Introduction : Comment porter du rouge ? <\/a><\/p>\n<p class=\"contentTable_elem\"><a href=\"#balise_1\">2. Quelles \u00e9motions sont exprim\u00e9es en portant du rouge ? <\/a><\/p>\n<p class=\"contentTable_elem\"><a href=\"#balise_2\">3. Associations : Quelles Couleurs S&#8217;accordent Avec les V\u00eatements Rouges ? <\/a><\/p>\n<p class=\"contentTable_elem\"><a href=\"#balise_3\">4. Quel teint s&#8217;accorde bien avec une tenue rouge ? <\/a><\/p>\n<p class=\"contentTable_elem\"><a href=\"#balise_4\">5. La Meilleure Saison pour Porter du Rouge<\/a><\/p>\n<p class=\"contentTable_elem\"><a href=\"#balise_5\">6. Porter des Chaussures Rouges : Une Bonne Id\u00e9e ? <\/a><\/p>\n<p class=\"contentTable_elem\"><a href=\"#balise_6\">7. Faux Pas de la Mode : Erreurs Courantes \u00e0 \u00c9viter Lorsqu&#8217;on Porte du Rouge<\/a><\/p>\n<p class=\"contentTable_elem\"><a href=\"#balise_7\">8. L&#8217;impact du port du rouge sur notre psychologie<\/a><\/p>\n<p class=\"contentTable_elem\"><a href=\"#balise_8\">9. Porter du Rouge : Quelle Signification Spirituelle ? <\/a><\/p>\n<p class=\"contentTable_elem\"><a href=\"#balise_9\">10. Porter du Rouge dans un R\u00eave : Quelle est la Signification ? <\/a><\/p>\n<\/section>\n<p><img loading=\"lazy\" decoding=\"async\" class=\"lazyload articleImageSquare_CGEN\" height=\"400\" width=\"400\" src=\"https:\/\/www.belgae.be\/imageHolder\/\/wp-content\/uploads\/sites\/2\/2023\/07\/loading-spinner-belgae.gif\" data-src=\"https:\/\/www.belgae.be\/imageHolder\/\/wp-content\/uploads\/sites\/2\/2023\/08\/tmpw2t5j4p8.jpg\" alt=\"tmpw2t5j4p\" \/><\/p>\n<h2 id=\"balise_0\">Introduction : Comment porter du rouge ? <\/h2>\n<p>Le rouge est une couleur qui exige l&#8217;attention. Il d\u00e9gage confiance, passion et \u00e9nergie comme aucune autre teinte. Cependant, porter du rouge peut intimider certaines personnes qui ne sont pas s\u00fbres de savoir comment l&#8217;int\u00e9grer efficacement dans leur garde-robe.<\/p>\n<p>Dans cet article de blog, nous allons explorer les diff\u00e9rents aspects du port du rouge &#8211; des \u00e9motions exprim\u00e9es par cette teinte vibrante aux combinaisons appropri\u00e9es avec d&#8217;autres couleurs.<\/p>\n<p>Alors pr\u00e9parez-vous \u00e0 faire une d\u00e9claration audacieuse avec vos choix de mode alors que nous plongeons dans le monde du port du rouge!<\/p>\n<p><img loading=\"lazy\" decoding=\"async\" class=\"lazyload articleImageSquare_CGEN\" height=\"400\" width=\"400\" src=\"https:\/\/www.belgae.be\/imageHolder\/\/wp-content\/uploads\/sites\/2\/2023\/07\/loading-spinner-belgae.gif\" data-src=\"https:\/\/www.belgae.be\/imageHolder\/\/wp-content\/uploads\/sites\/2\/2023\/08\/tmp6ea797c4.jpg\" alt=\"tmp6ea797c\" \/><\/p>\n<h2 id=\"balise_1\">Quelles \u00e9motions sont exprim\u00e9es en portant du rouge ? <\/h2>\n<p>Porter du rouge vous plonge instantan\u00e9ment dans un spectre d&#8217;\u00e9motions puissantes. Cette couleur ardente symbolise l&#8217;amour, le d\u00e9sir et la force tout en \u00e9voquant des sentiments d&#8217;excitation et d&#8217;aventure.<\/p>\n<p>La nature passionn\u00e9e du rouge en fait un choix id\u00e9al pour se d\u00e9marquer dans n&#8217;importe quel contexte ou exprimer une personnalit\u00e9 confiante. Les nuances vibrantes de cette teinte captivante peuvent transformer n&#8217;importe quelle tenue ordinaire en une d\u00e9claration audacieuse.<\/p>\n<p>Non seulement le rouge est associ\u00e9 \u00e0 la passion et \u00e0 l&#8217;\u00e9nergie, mais il peut aussi susciter une aura de myst\u00e8re et de sophistication. Que ce soit pour un \u00e9v\u00e9nement formel ou simplement pour ajouter une touche color\u00e9e \u00e0 votre quotidien, choisir le rouge peut \u00eatre synonyme d&#8217;affirmation de soi.<\/p>\n<p>En r\u00e9sum\u00e9, opter pour du rouge signifie embrasser son c\u00f4t\u00e9 audacieux tout en faisant preuve d&#8217;une assurance s\u00e9duisante. C&#8217;est plus qu&#8217;une simple couleur &#8211; c&#8217;est un moyen expressif de communiquer sans dire un mot.<\/p>\n<p><img loading=\"lazy\" decoding=\"async\" class=\"lazyload articleImageSquare_CGEN\" height=\"400\" width=\"400\" src=\"https:\/\/www.belgae.be\/imageHolder\/\/wp-content\/uploads\/sites\/2\/2023\/07\/loading-spinner-belgae.gif\" data-src=\"https:\/\/www.belgae.be\/imageHolder\/\/wp-content\/uploads\/sites\/2\/2023\/08\/tmpgb3wkgot.jpg\" alt=\"tmpgb3wkgot\" \/><\/p>\n<h2 id=\"balise_2\">Associations : Quelles Couleurs S&#8217;accordent Avec les V\u00eatements Rouges ? <\/h2>\n<p>Porter une tenue enti\u00e8rement rouge peut \u00eatre impressionnant, mais l&#8217;associer \u00e0 des couleurs compl\u00e9mentaires fait monter d&#8217;un cran votre jeu vestimentaire! Le noir est toujours un favori car il apporte sophistication et \u00e9l\u00e9gance lorsqu&#8217;il est associ\u00e9 \u00e0 du rouge. Pour ceux qui cherchent le contraste sans trop de drame, le blanc offre un fond propre contre lequel la vivacit\u00e9 du rouge brille vraiment.<\/p>\n<p>Si vous \u00eates d&#8217;humeur plus audacieuse, envisagez de combiner des nuances comme le bleu marine ou le violet profond avec des touches d&#8217;accessoires dor\u00e9s ou argent\u00e9s pour ajouter glamour et profondeur.<\/p>\n<p><img loading=\"lazy\" decoding=\"async\" class=\"lazyload articleImageSquare_CGEN\" height=\"400\" width=\"400\" src=\"https:\/\/www.belgae.be\/imageHolder\/\/wp-content\/uploads\/sites\/2\/2023\/07\/loading-spinner-belgae.gif\" data-src=\"https:\/\/www.belgae.be\/imageHolder\/\/wp-content\/uploads\/sites\/2\/2023\/08\/tmpxtw3rsm0.jpg\" alt=\"tmpxtw3rsm\" \/><\/p>\n<h2 id=\"balise_3\">Quel teint s&#8217;accorde bien avec une tenue rouge ? <\/h2>\n<p>Le rouge pr\u00e9sente l&#8217;avantage d&#8217;offrir une nuance pour chacun ! Si votre peau a des nuances chaudes (comme le jaune), optez pour les rouges tomate riches ou les tons corail. Ces couleurs intensifieront merveilleusement votre \u00e9clat naturel.<\/p>\n<p>Pour les sous-tons plus froids (tels que des teintes ros\u00e9es), choisissez des rouges profonds et pr\u00e9cieux comme le bourgogne ou le rubis. Ces couleurs offriront un contraste saisissant contre votre peau et r\u00e9v\u00e9leront son \u00e9clat naturel.<\/p>\n<p>Les avantages du rouge sont nombreux, notamment sa capacit\u00e9 \u00e0 s&#8217;adapter \u00e0 diff\u00e9rentes nuances de peau. Les tons chaleureux b\u00e9n\u00e9ficieront particuli\u00e8rement de rouges tomate intenses ou de coraux vibrants, qui rehausseront leur luminosit\u00e9 intrins\u00e8que.<\/p>\n<p>Inversement, ceux avec une complexion plus froide trouveraient leur match dans des rouges purs tels que le burgundy ou ruby, cr\u00e9ant ainsi un contraste dramatique tout en faisant ressortir la lumi\u00e8re naturelle de leur peau.<\/p>\n<p><img loading=\"lazy\" decoding=\"async\" class=\"lazyload articleImageSquare_CGEN\" height=\"400\" width=\"400\" src=\"https:\/\/www.belgae.be\/imageHolder\/\/wp-content\/uploads\/sites\/2\/2023\/07\/loading-spinner-belgae.gif\" data-src=\"https:\/\/www.belgae.be\/imageHolder\/\/wp-content\/uploads\/sites\/2\/2023\/08\/tmpg3ve33hm.jpg\" alt=\"tmpg3ve33hm\" \/><\/p>\n<h2 id=\"balise_4\">La Meilleure Saison pour Porter du Rouge<\/h2>\n<p>Le rouge traverse sans effort les saisons, mais certaines p\u00e9riodes de l&#8217;ann\u00e9e se pr\u00eatent particuli\u00e8rement bien \u00e0 cette teinte vibrante. Lorsque la palette de la nature vire vers des tons chauds en automne et en hiver, rev\u00eatir des v\u00eatements rouges compl\u00e8te parfaitement le paysage changeant de feuilles ou neigeux \u00e0 l&#8217;ext\u00e9rieur.<\/p>\n<p>Cela dit, cela ne signifie pas qu&#8217;il faut \u00e9viter le rouge au printemps et en \u00e9t\u00e9 ! Un \u00e9clat brillant de cerise peut insuffler une \u00e9nergie dans n&#8217;importe quelle tenue lors des journ\u00e9es ensoleill\u00e9es ou soir\u00e9es douces. Cela ajoute une touche ludique \u00e0 votre look global.<\/p>\n<p>Opter pour du rouge est toujours un choix judicieux. Que ce soit pendant les mois froids o\u00f9 il sert d&#8217;\u00e9cho aux couleurs chaleureuses environnantes, ou durant les mois plus cl\u00e9ments o\u00f9 il apporte un dynamisme joyeux et audacieux. Le rouge a d\u00e9finitivement sa place dans toute garde-robe respect\u00e9e.<\/p>\n<p><img loading=\"lazy\" decoding=\"async\" class=\"lazyload articleImageSquare_CGEN\" height=\"400\" width=\"400\" src=\"https:\/\/www.belgae.be\/imageHolder\/\/wp-content\/uploads\/sites\/2\/2023\/07\/loading-spinner-belgae.gif\" data-src=\"https:\/\/www.belgae.be\/imageHolder\/\/wp-content\/uploads\/sites\/2\/2023\/08\/tmpjj3werlk.jpg\" alt=\"tmpjj3werlk\" \/><\/p>\n<h2 id=\"balise_5\">Porter des Chaussures Rouges : Une Bonne Id\u00e9e ? <\/h2>\n<p>Absolument! Porter des chaussures rouges est une excellente mani\u00e8re de faire une d\u00e9claration audacieuse sans submerger votre tenue compl\u00e8te. Que ce soient des escarpins classiques pour les occasions formelles ou des baskets tendance pour les sorties d\u00e9contract\u00e9es, le choix du rouge apporte un twist inattendu tout en rehaussant facilement n&#8217;importe quelle tenue.<\/p>\n<p>Il faut simplement se souvenir que lorsqu&#8217;on porte des chaussures aussi frappantes dans une couleur si puissante, l&#8217;\u00e9quilibre est essentiel. Opter pour des v\u00eatements de couleurs neutres permet \u00e0 ces magnifiques souliers d&#8217;\u00eatre sous le feu des projecteurs tout en gardant l&#8217;aspect g\u00e9n\u00e9ral harmonieux. <\/p>\n<p>C&#8217;est ind\u00e9niable : choisir la bonne paire peut transformer votre style et attirer tous les regards sur vous ! Alors osez le rouge et laissez vos pieds parler avec confiance et \u00e9l\u00e9gance.<\/p>\n<p><img loading=\"lazy\" decoding=\"async\" class=\"lazyload articleImageSquare_CGEN\" height=\"400\" width=\"400\" src=\"https:\/\/www.belgae.be\/imageHolder\/\/wp-content\/uploads\/sites\/2\/2023\/07\/loading-spinner-belgae.gif\" data-src=\"https:\/\/www.belgae.be\/imageHolder\/\/wp-content\/uploads\/sites\/2\/2023\/08\/tmp2vxbpnyl.jpg\" alt=\"tmp2vxbpnyl\" \/><\/p>\n<h2 id=\"balise_6\">Faux Pas de la Mode : Erreurs Courantes \u00e0 \u00c9viter Lorsqu&#8217;on Porte du Rouge<\/h2>\n<p>En mati\u00e8re de mode, aucune r\u00e8gle n&#8217;est absolue. Cependant, l&#8217;individualit\u00e9 s&#8217;\u00e9panouit gr\u00e2ce \u00e0 l&#8217;exp\u00e9rimentation. Il est toutefois possible d&#8217;\u00e9viter certaines erreurs courantes lorsqu&#8217;on int\u00e8gre du rouge dans sa tenue.<\/p>\n<p>Premi\u00e8rement, il faut \u00e9viter d&#8217;en faire trop. Un exc\u00e8s peut nuire \u00e0 une apparence pourtant \u00e9l\u00e9gante. Plut\u00f4t que de porter du rouge \u00e9carlate de la t\u00eate aux pieds, essayez de m\u00e9langer diff\u00e9rentes nuances ou utilisez des accessoires color\u00e9s pour ajouter une touche distincte.<\/p>\n<p>Deuxi\u00e8mement, faites attention aux associations inappropri\u00e9es. Bien qu&#8217;il soit recommand\u00e9 d&#8217;essayer diff\u00e9rentes combinaisons; les motifs qui se heurtent et les teintes qui rivalisent peuvent cr\u00e9er un chaos visuel plut\u00f4t qu&#8217;une harmonie.<\/p>\n<p>Enfin, ne n\u00e9gligez pas les sous-tons. Comme mentionn\u00e9 pr\u00e9c\u00e9demment concernant l&#8217;accord avec le teint de peau; comprendre si le rouge est chaud ou froid vous aidera \u00e0 choisir des couleurs compl\u00e9mentaires qui valoriseront votre look global.<\/p>\n<p><img loading=\"lazy\" decoding=\"async\" class=\"lazyload articleImageSquare_CGEN\" height=\"400\" width=\"400\" src=\"https:\/\/www.belgae.be\/imageHolder\/\/wp-content\/uploads\/sites\/2\/2023\/07\/loading-spinner-belgae.gif\" data-src=\"https:\/\/www.belgae.be\/imageHolder\/\/wp-content\/uploads\/sites\/2\/2023\/08\/tmp7r_a1702.jpg\" alt=\"tmp7r_a\" \/><\/p>\n<h2 id=\"balise_7\">L&#8217;impact du port du rouge sur notre psychologie<\/h2>\n<p>Il est ind\u00e9niable que la couleur a un impact profond sur notre humeur et notre psychologie. En ce qui concerne le rouge, des recherches ont d\u00e9montr\u00e9 sa capacit\u00e9 \u00e0 augmenter le rythme cardiaque et \u00e0 stimuler les sentiments d&#8217;excitation. Il est \u00e9galement associ\u00e9 \u00e0 une confiance et une assertivit\u00e9 accrues &#8211; faisant de lui un choix id\u00e9al pour des r\u00e9unions importantes ou des rassemblements sociaux o\u00f9 l&#8217;on souhaite faire une impression durable.<\/p>\n<p>Cependant, il faut garder en t\u00eate qu&#8217;un exc\u00e8s de rouge pourrait conduire \u00e0 des sentiments d&#8217;agression ou de domination. La mod\u00e9ration est essentielle lorsqu&#8217;il s&#8217;agit d&#8217;utiliser la puissance de cette teinte vibrante !<\/p>\n<p><img loading=\"lazy\" decoding=\"async\" class=\"lazyload articleImageSquare_CGEN\" height=\"400\" width=\"400\" src=\"https:\/\/www.belgae.be\/imageHolder\/\/wp-content\/uploads\/sites\/2\/2023\/07\/loading-spinner-belgae.gif\" data-src=\"https:\/\/www.belgae.be\/imageHolder\/\/wp-content\/uploads\/sites\/2\/2023\/08\/tmpv1_sqyhm.jpg\" alt=\"tmpv1_sqyhm\" \/><\/p>\n<h2 id=\"balise_8\">Porter du Rouge : Quelle Signification Spirituelle ? <\/h2>\n<p>Dans de nombreuses cultures \u00e0 travers le monde, le rouge a une signification spirituelle profonde. Il symbolise l&#8217;\u00e9nergie, la vitalit\u00e9, le courage et m\u00eame la protection contre les forces n\u00e9gatives. Que ce soit port\u00e9 dans des tenues traditionnelles lors de c\u00e9r\u00e9monies ou incorpor\u00e9 dans des tenues quotidiennes comme un talisman personnel &#8211; embrasser la signification spirituelle du port du rouge peut \u00eatre stimulant.<\/p>\n<p>Il faut se souvenir que la spiritualit\u00e9 est tr\u00e8s personnelle &#8211; il est pr\u00e9f\u00e9rable de porter ce qui r\u00e9sonne avec vos propres convictions plut\u00f4t que d&#8217;adh\u00e9rer strictement aux interpr\u00e9tations externes.<\/p>\n<p><img loading=\"lazy\" decoding=\"async\" class=\"lazyload articleImageSquare_CGEN\" height=\"400\" width=\"400\" src=\"https:\/\/www.belgae.be\/imageHolder\/\/wp-content\/uploads\/sites\/2\/2023\/07\/loading-spinner-belgae.gif\" data-src=\"https:\/\/www.belgae.be\/imageHolder\/\/wp-content\/uploads\/sites\/2\/2023\/08\/tmpaj4e3qoe.jpg\" alt=\"tmpaj4e3qoe\" \/><\/p>\n<h2 id=\"balise_9\">Porter du Rouge dans un R\u00eave : Quelle est la Signification ? <\/h2>\n<p>Les r\u00eaves sont des royaumes myst\u00e9rieux emplis de symbolisme sp\u00e9cifique \u00e0 chaque r\u00eaveur. Porter des v\u00eatements rouges dans un contexte onirique pourrait signifier le renouveau d&#8217;une passion dans la vie \u00e9veill\u00e9e ! Sinon, les songes impliquant cette couleur vive pourraient indiquer des \u00e9motions intenses pr\u00eates \u00e0 s&#8217;exprimer.<\/p>\n<p>Lors de l&#8217;interpr\u00e9tation du sens des r\u00eaves, faites confiance en votre intuition avant tout. Seule d\u00e9tient la v\u00e9ritable signification de leurs importances dans votre parcours personnel.<\/p>\n<p>Avec ces nouvelles connaissances sur comment int\u00e9grer avec assurance les teintes audacieuses comme le rouge \u00e0 votre garde-robe, lib\u00e9rez vos inhibitions et r\u00e9v\u00e9lez votre fashionista int\u00e9rieure! N&#8217;oubliez pas &#8211; avoir du style ne se limite pas \u00e0 suivre les tendances; c&#8217;est aussi une expression authentique et sans peur de soi-m\u00eame. Alors, n&#8217;h\u00e9sitez plus et colorez la ville en rouge avec vos choix vestimentaires!<\/p>\n","protected":false},"excerpt":{"rendered":"<p>Lib\u00e9rez le pouvoir du charisme \u00e9carlate ! Plongez dans un monde o\u00f9 la mode rencontre la psychologie dans &#8220;Porter du Rouge : Combinaisons, Psychologie et Plus&#8221;.<\/p>\n","protected":false},"author":1,"featured_media":4994,"comment_status":"open","ping_status":"","sticky":false,"template":"","format":"standard","meta":{"_acf_changed":false,"_et_pb_use_builder":"","_et_pb_old_content":"","_et_gb_content_width":"","footnotes":""},"categories":[38],"tags":[],"class_list":["post-2931","post","type-post","status-publish","format-standard","has-post-thumbnail","hentry","category-look-style"],"acf":[],"yoast_head":"<!-- This site is optimized with the Yoast SEO plugin v27.5 - https:\/\/yoast.com\/product\/yoast-seo-wordpress\/ -->\n<title>Porter du rouge : combinaisons, psychologie, etc | Belgae<\/title>\n<meta name=\"robots\" content=\"index, follow, max-snippet:-1, max-image-preview:large, max-video-preview:-1\" \/>\n<link rel=\"canonical\" href=\"https:\/\/www.belgae.be\/fr\/blog\/portant-du-rouge\/\" \/>\n<meta property=\"og:locale\" content=\"fr_FR\" \/>\n<meta property=\"og:type\" content=\"article\" \/>\n<meta property=\"og:title\" content=\"Porter du rouge : combinaisons, psychologie, etc | Belgae\" \/>\n<meta property=\"og:description\" content=\"Lib\u00e9rez le pouvoir du charisme \u00e9carlate ! Plongez dans un monde o\u00f9 la mode rencontre la psychologie dans &quot;Porter du Rouge : Combinaisons, Psychologie et Plus&quot;.\" \/>\n<meta property=\"og:url\" content=\"https:\/\/www.belgae.be\/fr\/blog\/portant-du-rouge\/\" \/>\n<meta property=\"og:site_name\" content=\"Belgae\" \/>\n<meta property=\"article:published_time\" content=\"2023-08-03T13:38:57+00:00\" \/>\n<meta property=\"og:image\" content=\"https:\/\/www.belgae.be\/imageHolder\/\/wp-content\/uploads\/sites\/2\/2023\/07\/loading-spinner-belgae.gif\" \/>\n<meta name=\"author\" content=\"Cyril Gendarme\" \/>\n<meta name=\"twitter:card\" content=\"summary_large_image\" \/>\n<meta name=\"twitter:label1\" content=\"\u00c9crit par\" \/>\n\t<meta name=\"twitter:data1\" content=\"Cyril Gendarme\" \/>\n\t<meta name=\"twitter:label2\" content=\"Dur\u00e9e de lecture estim\u00e9e\" \/>\n\t<meta name=\"twitter:data2\" content=\"8 minutes\" \/>\n<script type=\"application\/ld+json\" class=\"yoast-schema-graph\">{\"@context\":\"https:\\\/\\\/schema.org\",\"@graph\":[{\"@type\":\"Article\",\"@id\":\"https:\\\/\\\/www.belgae.be\\\/fr\\\/blog\\\/portant-du-rouge\\\/#article\",\"isPartOf\":{\"@id\":\"https:\\\/\\\/www.belgae.be\\\/fr\\\/blog\\\/portant-du-rouge\\\/\"},\"author\":{\"name\":\"Cyril Gendarme\",\"@id\":\"https:\\\/\\\/www.belgae.be\\\/fr\\\/#\\\/schema\\\/person\\\/646b40b88212bc5335f9c4fa787df047\"},\"headline\":\"Porter du rouge : combinaisons, psychologie, etc\",\"datePublished\":\"2023-08-03T13:38:57+00:00\",\"mainEntityOfPage\":{\"@id\":\"https:\\\/\\\/www.belgae.be\\\/fr\\\/blog\\\/portant-du-rouge\\\/\"},\"wordCount\":1575,\"commentCount\":0,\"publisher\":{\"@id\":\"https:\\\/\\\/www.belgae.be\\\/fr\\\/#organization\"},\"image\":{\"@id\":\"https:\\\/\\\/www.belgae.be\\\/fr\\\/blog\\\/portant-du-rouge\\\/#primaryimage\"},\"thumbnailUrl\":\"https:\\\/\\\/www.belgae.be\\\/fr\\\/wp-content\\\/uploads\\\/sites\\\/2\\\/2023\\\/08\\\/cyril_ge_miscellaneous_pieces_of_clothing_splash_of_red_Franco-_3a97b5fa-0951-497e-869c-0f60012a52e3-1.webp\",\"articleSection\":[\"Look &amp; Style\"],\"inLanguage\":\"fr-FR\",\"potentialAction\":[{\"@type\":\"CommentAction\",\"name\":\"Comment\",\"target\":[\"https:\\\/\\\/www.belgae.be\\\/fr\\\/blog\\\/portant-du-rouge\\\/#respond\"]}]},{\"@type\":\"WebPage\",\"@id\":\"https:\\\/\\\/www.belgae.be\\\/fr\\\/blog\\\/portant-du-rouge\\\/\",\"url\":\"https:\\\/\\\/www.belgae.be\\\/fr\\\/blog\\\/portant-du-rouge\\\/\",\"name\":\"Porter du rouge : combinaisons, psychologie, etc | Belgae\",\"isPartOf\":{\"@id\":\"https:\\\/\\\/www.belgae.be\\\/fr\\\/#website\"},\"primaryImageOfPage\":{\"@id\":\"https:\\\/\\\/www.belgae.be\\\/fr\\\/blog\\\/portant-du-rouge\\\/#primaryimage\"},\"image\":{\"@id\":\"https:\\\/\\\/www.belgae.be\\\/fr\\\/blog\\\/portant-du-rouge\\\/#primaryimage\"},\"thumbnailUrl\":\"https:\\\/\\\/www.belgae.be\\\/fr\\\/wp-content\\\/uploads\\\/sites\\\/2\\\/2023\\\/08\\\/cyril_ge_miscellaneous_pieces_of_clothing_splash_of_red_Franco-_3a97b5fa-0951-497e-869c-0f60012a52e3-1.webp\",\"datePublished\":\"2023-08-03T13:38:57+00:00\",\"breadcrumb\":{\"@id\":\"https:\\\/\\\/www.belgae.be\\\/fr\\\/blog\\\/portant-du-rouge\\\/#breadcrumb\"},\"inLanguage\":\"fr-FR\",\"potentialAction\":[{\"@type\":\"ReadAction\",\"target\":[\"https:\\\/\\\/www.belgae.be\\\/fr\\\/blog\\\/portant-du-rouge\\\/\"]}]},{\"@type\":\"ImageObject\",\"inLanguage\":\"fr-FR\",\"@id\":\"https:\\\/\\\/www.belgae.be\\\/fr\\\/blog\\\/portant-du-rouge\\\/#primaryimage\",\"url\":\"https:\\\/\\\/www.belgae.be\\\/fr\\\/wp-content\\\/uploads\\\/sites\\\/2\\\/2023\\\/08\\\/cyril_ge_miscellaneous_pieces_of_clothing_splash_of_red_Franco-_3a97b5fa-0951-497e-869c-0f60012a52e3-1.webp\",\"contentUrl\":\"https:\\\/\\\/www.belgae.be\\\/fr\\\/wp-content\\\/uploads\\\/sites\\\/2\\\/2023\\\/08\\\/cyril_ge_miscellaneous_pieces_of_clothing_splash_of_red_Franco-_3a97b5fa-0951-497e-869c-0f60012a52e3-1.webp\"},{\"@type\":\"BreadcrumbList\",\"@id\":\"https:\\\/\\\/www.belgae.be\\\/fr\\\/blog\\\/portant-du-rouge\\\/#breadcrumb\",\"itemListElement\":[{\"@type\":\"ListItem\",\"position\":1,\"name\":\"Accueil\",\"item\":\"https:\\\/\\\/www.belgae.be\\\/fr\\\/\"},{\"@type\":\"ListItem\",\"position\":2,\"name\":\"Porter du rouge : combinaisons, psychologie, etc\"}]},{\"@type\":\"WebSite\",\"@id\":\"https:\\\/\\\/www.belgae.be\\\/fr\\\/#website\",\"url\":\"https:\\\/\\\/www.belgae.be\\\/fr\\\/\",\"name\":\"Belgae\",\"description\":\"Art &amp; Mode Belge\",\"publisher\":{\"@id\":\"https:\\\/\\\/www.belgae.be\\\/fr\\\/#organization\"},\"potentialAction\":[{\"@type\":\"SearchAction\",\"target\":{\"@type\":\"EntryPoint\",\"urlTemplate\":\"https:\\\/\\\/www.belgae.be\\\/fr\\\/?s={search_term_string}\"},\"query-input\":{\"@type\":\"PropertyValueSpecification\",\"valueRequired\":true,\"valueName\":\"search_term_string\"}}],\"inLanguage\":\"fr-FR\"},{\"@type\":\"Organization\",\"@id\":\"https:\\\/\\\/www.belgae.be\\\/fr\\\/#organization\",\"name\":\"Belgae\",\"url\":\"https:\\\/\\\/www.belgae.be\\\/fr\\\/\",\"logo\":{\"@type\":\"ImageObject\",\"inLanguage\":\"fr-FR\",\"@id\":\"https:\\\/\\\/www.belgae.be\\\/fr\\\/#\\\/schema\\\/logo\\\/image\\\/\",\"url\":\"https:\\\/\\\/www.belgae.be\\\/fr\\\/wp-content\\\/uploads\\\/sites\\\/2\\\/2023\\\/07\\\/Sans-titre1-Copie.png\",\"contentUrl\":\"https:\\\/\\\/www.belgae.be\\\/fr\\\/wp-content\\\/uploads\\\/sites\\\/2\\\/2023\\\/07\\\/Sans-titre1-Copie.png\",\"width\":88,\"height\":88,\"caption\":\"Belgae\"},\"image\":{\"@id\":\"https:\\\/\\\/www.belgae.be\\\/fr\\\/#\\\/schema\\\/logo\\\/image\\\/\"}},{\"@type\":\"Person\",\"@id\":\"https:\\\/\\\/www.belgae.be\\\/fr\\\/#\\\/schema\\\/person\\\/646b40b88212bc5335f9c4fa787df047\",\"name\":\"Cyril Gendarme\",\"sameAs\":[\"https:\\\/\\\/www.belgae.be\"],\"url\":\"https:\\\/\\\/www.belgae.be\\\/fr\\\/blog\\\/author\\\/cgen\\\/\"}]}<\/script>\n<!-- \/ Yoast SEO plugin. -->","yoast_head_json":{"title":"Porter du rouge : combinaisons, psychologie, etc | Belgae","robots":{"index":"index","follow":"follow","max-snippet":"max-snippet:-1","max-image-preview":"max-image-preview:large","max-video-preview":"max-video-preview:-1"},"canonical":"https:\/\/www.belgae.be\/fr\/blog\/portant-du-rouge\/","og_locale":"fr_FR","og_type":"article","og_title":"Porter du rouge : combinaisons, psychologie, etc | Belgae","og_description":"Lib\u00e9rez le pouvoir du charisme \u00e9carlate ! Plongez dans un monde o\u00f9 la mode rencontre la psychologie dans \"Porter du Rouge : Combinaisons, Psychologie et Plus\".","og_url":"https:\/\/www.belgae.be\/fr\/blog\/portant-du-rouge\/","og_site_name":"Belgae","article_published_time":"2023-08-03T13:38:57+00:00","og_image":[{"url":"https:\/\/www.belgae.be\/imageHolder\/\/wp-content\/uploads\/sites\/2\/2023\/07\/loading-spinner-belgae.gif","type":"","width":"","height":""}],"author":"Cyril Gendarme","twitter_card":"summary_large_image","twitter_misc":{"\u00c9crit par":"Cyril Gendarme","Dur\u00e9e de lecture estim\u00e9e":"8 minutes"},"schema":{"@context":"https:\/\/schema.org","@graph":[{"@type":"Article","@id":"https:\/\/www.belgae.be\/fr\/blog\/portant-du-rouge\/#article","isPartOf":{"@id":"https:\/\/www.belgae.be\/fr\/blog\/portant-du-rouge\/"},"author":{"name":"Cyril Gendarme","@id":"https:\/\/www.belgae.be\/fr\/#\/schema\/person\/646b40b88212bc5335f9c4fa787df047"},"headline":"Porter du rouge : combinaisons, psychologie, etc","datePublished":"2023-08-03T13:38:57+00:00","mainEntityOfPage":{"@id":"https:\/\/www.belgae.be\/fr\/blog\/portant-du-rouge\/"},"wordCount":1575,"commentCount":0,"publisher":{"@id":"https:\/\/www.belgae.be\/fr\/#organization"},"image":{"@id":"https:\/\/www.belgae.be\/fr\/blog\/portant-du-rouge\/#primaryimage"},"thumbnailUrl":"https:\/\/www.belgae.be\/fr\/wp-content\/uploads\/sites\/2\/2023\/08\/cyril_ge_miscellaneous_pieces_of_clothing_splash_of_red_Franco-_3a97b5fa-0951-497e-869c-0f60012a52e3-1.webp","articleSection":["Look &amp; Style"],"inLanguage":"fr-FR","potentialAction":[{"@type":"CommentAction","name":"Comment","target":["https:\/\/www.belgae.be\/fr\/blog\/portant-du-rouge\/#respond"]}]},{"@type":"WebPage","@id":"https:\/\/www.belgae.be\/fr\/blog\/portant-du-rouge\/","url":"https:\/\/www.belgae.be\/fr\/blog\/portant-du-rouge\/","name":"Porter du rouge : combinaisons, psychologie, etc | Belgae","isPartOf":{"@id":"https:\/\/www.belgae.be\/fr\/#website"},"primaryImageOfPage":{"@id":"https:\/\/www.belgae.be\/fr\/blog\/portant-du-rouge\/#primaryimage"},"image":{"@id":"https:\/\/www.belgae.be\/fr\/blog\/portant-du-rouge\/#primaryimage"},"thumbnailUrl":"https:\/\/www.belgae.be\/fr\/wp-content\/uploads\/sites\/2\/2023\/08\/cyril_ge_miscellaneous_pieces_of_clothing_splash_of_red_Franco-_3a97b5fa-0951-497e-869c-0f60012a52e3-1.webp","datePublished":"2023-08-03T13:38:57+00:00","breadcrumb":{"@id":"https:\/\/www.belgae.be\/fr\/blog\/portant-du-rouge\/#breadcrumb"},"inLanguage":"fr-FR","potentialAction":[{"@type":"ReadAction","target":["https:\/\/www.belgae.be\/fr\/blog\/portant-du-rouge\/"]}]},{"@type":"ImageObject","inLanguage":"fr-FR","@id":"https:\/\/www.belgae.be\/fr\/blog\/portant-du-rouge\/#primaryimage","url":"https:\/\/www.belgae.be\/fr\/wp-content\/uploads\/sites\/2\/2023\/08\/cyril_ge_miscellaneous_pieces_of_clothing_splash_of_red_Franco-_3a97b5fa-0951-497e-869c-0f60012a52e3-1.webp","contentUrl":"https:\/\/www.belgae.be\/fr\/wp-content\/uploads\/sites\/2\/2023\/08\/cyril_ge_miscellaneous_pieces_of_clothing_splash_of_red_Franco-_3a97b5fa-0951-497e-869c-0f60012a52e3-1.webp"},{"@type":"BreadcrumbList","@id":"https:\/\/www.belgae.be\/fr\/blog\/portant-du-rouge\/#breadcrumb","itemListElement":[{"@type":"ListItem","position":1,"name":"Accueil","item":"https:\/\/www.belgae.be\/fr\/"},{"@type":"ListItem","position":2,"name":"Porter du rouge : combinaisons, psychologie, etc"}]},{"@type":"WebSite","@id":"https:\/\/www.belgae.be\/fr\/#website","url":"https:\/\/www.belgae.be\/fr\/","name":"Belgae","description":"Art &amp; Mode Belge","publisher":{"@id":"https:\/\/www.belgae.be\/fr\/#organization"},"potentialAction":[{"@type":"SearchAction","target":{"@type":"EntryPoint","urlTemplate":"https:\/\/www.belgae.be\/fr\/?s={search_term_string}"},"query-input":{"@type":"PropertyValueSpecification","valueRequired":true,"valueName":"search_term_string"}}],"inLanguage":"fr-FR"},{"@type":"Organization","@id":"https:\/\/www.belgae.be\/fr\/#organization","name":"Belgae","url":"https:\/\/www.belgae.be\/fr\/","logo":{"@type":"ImageObject","inLanguage":"fr-FR","@id":"https:\/\/www.belgae.be\/fr\/#\/schema\/logo\/image\/","url":"https:\/\/www.belgae.be\/fr\/wp-content\/uploads\/sites\/2\/2023\/07\/Sans-titre1-Copie.png","contentUrl":"https:\/\/www.belgae.be\/fr\/wp-content\/uploads\/sites\/2\/2023\/07\/Sans-titre1-Copie.png","width":88,"height":88,"caption":"Belgae"},"image":{"@id":"https:\/\/www.belgae.be\/fr\/#\/schema\/logo\/image\/"}},{"@type":"Person","@id":"https:\/\/www.belgae.be\/fr\/#\/schema\/person\/646b40b88212bc5335f9c4fa787df047","name":"Cyril Gendarme","sameAs":["https:\/\/www.belgae.be"],"url":"https:\/\/www.belgae.be\/fr\/blog\/author\/cgen\/"}]}},"_links":{"self":[{"href":"https:\/\/www.belgae.be\/fr\/wp-json\/wp\/v2\/posts\/2931","targetHints":{"allow":["GET"]}}],"collection":[{"href":"https:\/\/www.belgae.be\/fr\/wp-json\/wp\/v2\/posts"}],"about":[{"href":"https:\/\/www.belgae.be\/fr\/wp-json\/wp\/v2\/types\/post"}],"author":[{"embeddable":true,"href":"https:\/\/www.belgae.be\/fr\/wp-json\/wp\/v2\/users\/1"}],"replies":[{"embeddable":true,"href":"https:\/\/www.belgae.be\/fr\/wp-json\/wp\/v2\/comments?post=2931"}],"version-history":[{"count":0,"href":"https:\/\/www.belgae.be\/fr\/wp-json\/wp\/v2\/posts\/2931\/revisions"}],"wp:featuredmedia":[{"embeddable":true,"href":"https:\/\/www.belgae.be\/fr\/wp-json\/"}],"wp:attachment":[{"href":"https:\/\/www.belgae.be\/fr\/wp-json\/wp\/v2\/media?parent=2931"}],"wp:term":[{"taxonomy":"category","embeddable":true,"href":"https:\/\/www.belgae.be\/fr\/wp-json\/wp\/v2\/categories?post=2931"},{"taxonomy":"post_tag","embeddable":true,"href":"https:\/\/www.belgae.be\/fr\/wp-json\/wp\/v2\/tags?post=2931"}],"curies":[{"name":"wp","href":"https:\/\/api.w.org\/{rel}","templated":true}]}}