{"id":2930,"date":"2023-08-03T13:38:41","date_gmt":"2023-08-03T13:38:41","guid":{"rendered":"https:\/\/www.belgae.be\/fr\/blog\/portant-du-bleu\/"},"modified":"2023-08-03T13:38:41","modified_gmt":"2023-08-03T13:38:41","slug":"portant-du-bleu","status":"publish","type":"post","link":"https:\/\/www.belgae.be\/fr\/blog\/portant-du-bleu\/","title":{"rendered":"Porter du bleu : combinaisons, psychologie, etc"},"content":{"rendered":"<p>Lib\u00e9rez le pouvoir du bleu ! Plongez dans une mer de saphir, de cobalt et d&#8217;azur. Cet article vous guidera sur comment ma\u00eetriser chaque nuance dans votre garde-robe.<\/p>\n<p>Explorez la psychologie derri\u00e8re cette teinte fra\u00eeche et d\u00e9couvrez pourquoi elle est aim\u00e9e partout dans le monde.<\/p>\n<p>Pr\u00e9parez-vous pour une s\u00e9rieuse inspiration stylistique alors que nous plongeons dans d&#8217;incroyables combinaisons qui vous feront ressentir tout sauf du blues !<\/p>\n<section class=\"contentTable_table\">\n<p class=\"contentTable_title\">Table des mati\u00e8res : <\/p>\n<p class=\"contentTable_elem\"><a href=\"#balise_0\">1. Introduction : Comment Porter la Couleur Bleue ? <\/a><\/p>\n<p class=\"contentTable_elem\"><a href=\"#balise_1\">2. Quelle \u00e9motion est exprim\u00e9e en portant la couleur bleue ? <\/a><\/p>\n<p class=\"contentTable_elem\"><a href=\"#balise_2\">3. Associations : Quelles couleurs se marient avec des v\u00eatements bleus ? <\/a><\/p>\n<p class=\"contentTable_elem\"><a href=\"#balise_3\">4. Quel teint s&#8217;accorde bien avec une tenue bleue ? <\/a><\/p>\n<p class=\"contentTable_elem\"><a href=\"#balise_4\">5. La Meilleure Saison pour Porter la Couleur Bleue<\/a><\/p>\n<p class=\"contentTable_elem\"><a href=\"#balise_5\">6. Porter des Chaussures Bleues : Une Bonne Id\u00e9e ? <\/a><\/p>\n<p class=\"contentTable_elem\"><a href=\"#balise_6\">7. Fautes de Mode : Erreurs Courantes \u00e0 \u00c9viter Lorsqu&#8217;on Porte du Bleu<\/a><\/p>\n<p class=\"contentTable_elem\"><a href=\"#balise_7\">8. L&#8217;impact du port du bleu sur notre psychologie<\/a><\/p>\n<p class=\"contentTable_elem\"><a href=\"#balise_8\">9. Porter du Bleu : Quelle Signification Spirituelle ? <\/a><\/p>\n<p class=\"contentTable_elem\"><a href=\"#balise_9\">10. Porter du Bleu : Quelle est la signification si je l&#8217;ai port\u00e9 dans un r\u00eave ? <\/a><\/p>\n<\/section>\n<p><img loading=\"lazy\" decoding=\"async\" class=\"lazyload articleImageSquare_CGEN\" height=\"400\" width=\"400\" src=\"https:\/\/www.belgae.be\/imageHolder\/\/wp-content\/uploads\/sites\/2\/2023\/07\/loading-spinner-belgae.gif\" data-src=\"https:\/\/www.belgae.be\/imageHolder\/\/wp-content\/uploads\/sites\/2\/2023\/08\/tmp6xqdq6l3.jpg\" alt=\"tmp6xqdq6l\" \/><\/p>\n<h2 id=\"balise_0\">Introduction : Comment Porter la Couleur Bleue ? <\/h2>\n<p>Le bleu, symbole de tranquillit\u00e9 et de s\u00e9r\u00e9nit\u00e9, a su trouver sa place dans la mode. Que vous portiez une robe azur \u00e9clatante ou un jean en denim, le bleu est polyvalent et peut \u00eatre stylis\u00e9 de multiples fa\u00e7ons.<\/p>\n<p>Dans ce billet de blog, nous allons explorer l&#8217;univers du port du bleu &#8211; comprendre son impact \u00e9motionnel jusqu&#8217;\u00e0 d\u00e9couvrir les combinaisons parfaites qui feront ressortir votre tenue.<\/p>\n<p>L&#8217;impact \u00e9motionnel du bleu est profond. Cette couleur apaise l&#8217;esprit et offre un sentiment d&#8217;\u00e9quilibre int\u00e9rieur. Elle symbolise \u00e9galement la confiance en soi et l&#8217;int\u00e9grit\u00e9.<\/p>\n<p>La versatilit\u00e9 du bleu lui permet d&#8217;\u00eatre associ\u00e9e \u00e0 diverses couleurs pour cr\u00e9er des looks \u00e9poustouflants. Des robes aux jeans, chaque v\u00eatement prend vie lorsqu&#8217;il est mari\u00e9 au bon ton de cette couleur sereine.<\/p>\n<p>Il ne fait aucun doute que le monde fascinant du port du bleu m\u00e9rite une exploration approfondie pour faire ressortir le meilleur dans vos tenues.<\/p>\n<p><img loading=\"lazy\" decoding=\"async\" class=\"lazyload articleImageSquare_CGEN\" height=\"400\" width=\"400\" src=\"https:\/\/www.belgae.be\/imageHolder\/\/wp-content\/uploads\/sites\/2\/2023\/07\/loading-spinner-belgae.gif\" data-src=\"https:\/\/www.belgae.be\/imageHolder\/\/wp-content\/uploads\/sites\/2\/2023\/08\/tmpqkocd_z4.jpg\" alt=\"tmpqkocd_z\" \/><\/p>\n<h2 id=\"balise_1\">Quelle \u00e9motion est exprim\u00e9e en portant la couleur bleue ? <\/h2>\n<p>Porter du bleu \u00e9voque un sentiment de calme et de stabilit\u00e9. Cela symbolise la fiabilit\u00e9 et inspire des sentiments de paix et d&#8217;harmonie. Afficher des nuances telles que le marine v\u00e9hicule l&#8217;autorit\u00e9 et la confiance, ce qui en fait un excellent choix pour les milieux professionnels.<\/p>\n<p>Le bleu est plus qu&#8217;une simple couleur. Il communique une aura sereine tout en exprimant une force tranquille. Des nuances plus profondes comme le marine sont id\u00e9ales dans les contextes formels, ajoutant une touche de sophistication \u00e0 votre tenue.<\/p>\n<p>De mani\u00e8re g\u00e9n\u00e9rale, cette teinte apporte non seulement un sens visuel mais aussi \u00e9motionnel \u00e0 ceux qui la portent ou l&#8217;observent. L&#8217;utilisation judicieuse du bleu peut donc avoir un impact significatif sur notre perception quotidienne.<\/p>\n<p>Choisir le bon ton peut \u00eatre crucial pour susciter les r\u00e9actions souhait\u00e9es chez autrui ou simplement se sentir bien dans sa peau.<\/p>\n<p><img loading=\"lazy\" decoding=\"async\" class=\"lazyload articleImageSquare_CGEN\" height=\"400\" width=\"400\" src=\"https:\/\/www.belgae.be\/imageHolder\/\/wp-content\/uploads\/sites\/2\/2023\/07\/loading-spinner-belgae.gif\" data-src=\"https:\/\/www.belgae.be\/imageHolder\/\/wp-content\/uploads\/sites\/2\/2023\/08\/tmpjl0vuhl0.jpg\" alt=\"tmpjl0vuhl\" \/><\/p>\n<h2 id=\"balise_2\">Associations : Quelles couleurs se marient avec des v\u00eatements bleus ? <\/h2>\n<p>Associer des couleurs au bleu offre une infinit\u00e9 de possibilit\u00e9s ! Pour un look classique, essayez d&#8217;associer le blanc \u00e0 diff\u00e9rentes nuances de bleu ; cela cr\u00e9e un contraste \u00e9l\u00e9gant. <\/p>\n<p>Si vous voulez quelque chose de plus audacieux, associez les bleus royaux ou cobalt \u00e0 des jaunes ou oranges vibrants pour une tenue qui attire l&#8217;\u0153il.<\/p>\n<p>Pour ceux qui recherchent la subtilit\u00e9, les pastels doux comme le rose poudr\u00e9 ou le vert menthe compl\u00e8tent magnifiquement les teintes claires telles que le bleu ciel. Alternativement, exp\u00e9rimentez en m\u00e9langeant divers tons au sein de la m\u00eame famille de couleurs : pensez aux hauts en bleu ciel l\u00e9ger associ\u00e9s \u00e0 des bas indigo profonds !<\/p>\n<p><img loading=\"lazy\" decoding=\"async\" class=\"lazyload articleImageSquare_CGEN\" height=\"400\" width=\"400\" src=\"https:\/\/www.belgae.be\/imageHolder\/\/wp-content\/uploads\/sites\/2\/2023\/07\/loading-spinner-belgae.gif\" data-src=\"https:\/\/www.belgae.be\/imageHolder\/\/wp-content\/uploads\/sites\/2\/2023\/08\/tmpi39byyul.jpg\" alt=\"tmpi39byyul\" \/><\/p>\n<h2 id=\"balise_3\">Quel teint s&#8217;accorde bien avec une tenue bleue ? <\/h2>\n<p>Un aspect remarquable du port du bleu est qu&#8217;il convient \u00e0 tous les types de peau! Les teints plus clairs rayonnent lorsqu&#8217;ils sont orn\u00e9s de nuances glaciales ou d&#8217;aqua p\u00e2le, tandis que les tons de peau plus profonds brillent vivement dans des teintes riches en saphir.<\/p>\n<p>Pour ceux qui ont des sous-tons chauds (pensez au beige dor\u00e9), optez pour des bleus plus chauds comme le turquoise ou le sarcelle pour am\u00e9liorer votre \u00e9clat naturel. Pour les individus aux tons frais (roses ros\u00e9es), choisissez des pervenches croustillantes ou des bleus glac\u00e9s pour cr\u00e9er un contraste frappant. <\/p>\n<p>Le choix judicieux du bon ton peut faire toute la diff\u00e9rence et mettre en valeur votre beaut\u00e9 naturelle. Que vous soyez fan de denim d\u00e9contract\u00e9, d&#8217;azur \u00e9l\u00e9gant ou d&#8217;indigo intense, il y a une nuance de bleu qui compl\u00e8te parfaitement chaque type et tonalit\u00e9 de peau.<\/p>\n<p><img loading=\"lazy\" decoding=\"async\" class=\"lazyload articleImageSquare_CGEN\" height=\"400\" width=\"400\" src=\"https:\/\/www.belgae.be\/imageHolder\/\/wp-content\/uploads\/sites\/2\/2023\/07\/loading-spinner-belgae.gif\" data-src=\"https:\/\/www.belgae.be\/imageHolder\/\/wp-content\/uploads\/sites\/2\/2023\/08\/tmpu3ld5ygd.jpg\" alt=\"tmpu3ld5ygd\" \/><\/p>\n<h2 id=\"balise_4\">La Meilleure Saison pour Porter la Couleur Bleue<\/h2>\n<p>Le bleu ne conna\u00eet pas de limites lorsqu&#8217;il s&#8217;agit de saisons! Pendant l&#8217;\u00e9t\u00e9, porter des robes l\u00e9g\u00e8res et a\u00e9r\u00e9es en bleu capture l&#8217;essence des cieux d\u00e9gag\u00e9s et des journ\u00e9es ensoleill\u00e9es. En automne, les teintes plus profondes comme le marine ou le cobalt apportent chaleur sans sacrifier le style.<\/p>\n<p>L&#8217;hiver accueille les pulls douillets en bleus nocturnes tandis que le printemps propose des nuances pastel \u00e9voquant les fleurs en floraison. Les diff\u00e9rentes nuances de cette couleur magnifique sont un moyen id\u00e9al pour exprimer votre personnalit\u00e9 tout au long de l&#8217;ann\u00e9e.<\/p>\n<p>Que vous soyez \u00e0 la recherche d&#8217;un look d\u00e9contract\u00e9 pour une journ\u00e9e d&#8217;\u00e9tude ou d&#8217;une tenue chic pour une soir\u00e9e entre amis, il y a toujours une teinte parfaite qui correspond \u00e0 vos besoins et refl\u00e8te votre humeur. Le bleu est synonyme de polyvalence dans la mode.<\/p>\n<p><img loading=\"lazy\" decoding=\"async\" class=\"lazyload articleImageSquare_CGEN\" height=\"400\" width=\"400\" src=\"https:\/\/www.belgae.be\/imageHolder\/\/wp-content\/uploads\/sites\/2\/2023\/07\/loading-spinner-belgae.gif\" data-src=\"https:\/\/www.belgae.be\/imageHolder\/\/wp-content\/uploads\/sites\/2\/2023\/08\/tmpsf02wu6e.jpg\" alt=\"tmpsf02wu6e\" \/><\/p>\n<h2 id=\"balise_5\">Porter des Chaussures Bleues : Une Bonne Id\u00e9e ? <\/h2>\n<p>Absolument! L&#8217;ajout d&#8217;une touche de couleur avec des chaussures bleues peut rehausser toute tenue, la faisant passer de l&#8217;ordinaire \u00e0 l&#8217;extraordinaire. Que vous d\u00e9filiez dans les rues de la ville ou que vous assistiez \u00e0 des r\u00e9unions informelles, le chaussure bleu ajoute un \u00e9l\u00e9ment ludique et unique qui est difficile \u00e0 ignorer.<\/p>\n<p>Assurez-vous simplement que la teinte de votre chaussure compl\u00e8te votre look global. Les nuances vives peuvent ajouter une certaine vivacit\u00e9, tandis que les tons plus doux offrent un contraste subtil mais saisissant. Une paire bien choisie peut vraiment faire ressortir une tenue.<\/p>\n<p>Alors n&#8217;h\u00e9sitez pas! Faites preuve d&#8217;un peu d&#8217;audace et optez pour le bleu lors du choix de vos prochaines chaussures. Vous serez surpris par l&#8217;\u00e9lan qu&#8217;il donne \u00e0 votre style personnel.<\/p>\n<p><img loading=\"lazy\" decoding=\"async\" class=\"lazyload articleImageSquare_CGEN\" height=\"400\" width=\"400\" src=\"https:\/\/www.belgae.be\/imageHolder\/\/wp-content\/uploads\/sites\/2\/2023\/07\/loading-spinner-belgae.gif\" data-src=\"https:\/\/www.belgae.be\/imageHolder\/\/wp-content\/uploads\/sites\/2\/2023\/08\/tmpg3g74fx6.jpg\" alt=\"tmpg3g74fx\" \/><\/p>\n<h2 id=\"balise_6\">Fautes de Mode : Erreurs Courantes \u00e0 \u00c9viter Lorsqu&#8217;on Porte du Bleu<\/h2>\n<p>Il existe une infinit\u00e9 de mani\u00e8res d&#8217;associer le bleu, mais il est crucial de ne pas en faire trop. Une erreur courante consiste \u00e0 combiner trop de nuances diff\u00e9rentes en m\u00eame temps &#8211; souvenez-vous que la simplicit\u00e9 est souvent pr\u00e9f\u00e9rable ! <\/p>\n<p>De plus, soyez prudent lorsque vous m\u00e9langez les motifs ; associer des imprim\u00e9s charg\u00e9s avec des bleus vifs peut cr\u00e9er un chaos visuel plut\u00f4t qu&#8217;une harmonie.<\/p>\n<p>Un autre faux pas mode inclut le n\u00e9gligement du bon ajustement &#8211; assurez-vous que vos v\u00eatements flattent votre silhouette, quelle que soit la teinte choisie! <\/p>\n<p>Faire correspondre correctement diff\u00e9rentes nuances et motifs peut sembler intimidant. Cependant, n&#8217;oubliez pas : l&#8217;\u00e9quilibre est la cl\u00e9. N&#8217;h\u00e9sitez pas \u00e0 exp\u00e9rimenter pour trouver ce qui fonctionne le mieux pour vous!<\/p>\n<p>En fin de compte, porter du bleu devrait \u00eatre amusant et exprimer votre personnalit\u00e9 unique. Alors d\u00e9tendez-vous, amusez-vous avec vos choix vestimentaires et rappelez-vous : moins c&#8217;est souvent plus quand il s&#8217;agit d&#8217;accorder des couleurs.<\/p>\n<p><img loading=\"lazy\" decoding=\"async\" class=\"lazyload articleImageSquare_CGEN\" height=\"400\" width=\"400\" src=\"https:\/\/www.belgae.be\/imageHolder\/\/wp-content\/uploads\/sites\/2\/2023\/07\/loading-spinner-belgae.gif\" data-src=\"https:\/\/www.belgae.be\/imageHolder\/\/wp-content\/uploads\/sites\/2\/2023\/08\/tmp3az0hm_b.jpg\" alt=\"tmp3az0hm_b\" \/><\/p>\n<h2 id=\"balise_7\">L&#8217;impact du port du bleu sur notre psychologie<\/h2>\n<p>D&#8217;un point de vue psychologique, porter du bleu a des effets apaisants sur nos esprits et nos corps. Il favorise la d\u00e9tente tout en r\u00e9duisant le stress en ralentissant le rythme cardiaque et en diminuant la pression art\u00e9rielle.<\/p>\n<p>De plus, les \u00e9tudes sugg\u00e8rent que les personnes qui portent du bleu sont per\u00e7ues comme des individus dignes de confiance qui d\u00e9gagent une certaine assurance &#8211; ce qui fait d&#8217;elle un choix excellent pour les r\u00e9unions importantes ou les entretiens d&#8217;embauche o\u00f9 la premi\u00e8re impression compte beaucoup.<\/p>\n<p><img loading=\"lazy\" decoding=\"async\" class=\"lazyload articleImageSquare_CGEN\" height=\"400\" width=\"400\" src=\"https:\/\/www.belgae.be\/imageHolder\/\/wp-content\/uploads\/sites\/2\/2023\/07\/loading-spinner-belgae.gif\" data-src=\"https:\/\/www.belgae.be\/imageHolder\/\/wp-content\/uploads\/sites\/2\/2023\/08\/tmpn5qhh8dg.jpg\" alt=\"tmpn5qhh8dg\" \/><\/p>\n<h2 id=\"balise_8\">Porter du Bleu : Quelle Signification Spirituelle ? <\/h2>\n<p>En mati\u00e8re de spiritualit\u00e9, le port du bleu est souvent associ\u00e9 \u00e0 l&#8217;expression de soi et \u00e0 la communication. Il symbolise le chakra de la gorge, qui r\u00e9git notre capacit\u00e9 \u00e0 nous exprimer authentiquement et \u00e0 dire notre v\u00e9rit\u00e9. Rev\u00eatir du bleu peut aider \u00e0 aligner ce centre d&#8217;\u00e9nergie, favorisant une communication claire et cultivant une connexion plus profonde avec soi-m\u00eame.<\/p>\n<p>Le choix des couleurs a un r\u00f4le essentiel dans notre bien-\u00eatre spirituel. Le bleu en particulier, repr\u00e9sente l&#8217;honn\u00eatet\u00e9 et l&#8217;intuition. C&#8217;est la couleur du chakra de la gorge &#8211; le canal par excellence pour partager nos pens\u00e9es les plus intimes.<\/p>\n<p>Porter cette teinte invite au dialogue sinc\u00e8re avec autrui mais aussi avec nous-m\u00eames. Elle encourage une expression pure et sans d\u00e9tour &#8211; un outil puissant pour renforcer sa confiance en soi.<\/p>\n<p>Finalement, rev\u00eatir cette couleur c&#8217;est se donner les moyens d&#8217;une introspection efficace : elle facilite l&#8217;acc\u00e8s aux zones cach\u00e9es de notre \u00eatre afin que nous puissions mieux comprendre nos d\u00e9sirs profonds.<\/p>\n<p><img loading=\"lazy\" decoding=\"async\" class=\"lazyload articleImageSquare_CGEN\" height=\"400\" width=\"400\" src=\"https:\/\/www.belgae.be\/imageHolder\/\/wp-content\/uploads\/sites\/2\/2023\/07\/loading-spinner-belgae.gif\" data-src=\"https:\/\/www.belgae.be\/imageHolder\/\/wp-content\/uploads\/sites\/2\/2023\/08\/tmp42ncoo7g.jpg\" alt=\"tmp42ncoo7g\" \/><\/p>\n<h2 id=\"balise_9\">Porter du Bleu : Quelle est la signification si je l&#8217;ai port\u00e9 dans un r\u00eave ? <\/h2>\n<p>Les r\u00eaves sont des royaumes myst\u00e9rieux o\u00f9 le symbolisme joue un r\u00f4le majeur. Porter du bleu dans un r\u00eave peut indiquer une qu\u00eate de s\u00e9r\u00e9nit\u00e9 ou de stabilit\u00e9 \u00e9motionnelle. Cela pourrait \u00e9galement symboliser la fiabilit\u00e9 ou la loyaut\u00e9 de ceux qui vous entourent.<\/p>\n<p>Rappelons que les r\u00eaves sont des exp\u00e9riences subjectives ; les interpr\u00e9tations personnelles ont plus d&#8217;importance que les significations g\u00e9n\u00e9rales pour d\u00e9crypter leur signification !<\/p>\n<p>En conclusion, porter du bleu nous permet de puiser dans son aura apaisante tout en exprimant notre individualit\u00e9 \u00e0 travers nos choix vestimentaires. Que ce soit pour des raisons symboliques ou simplement esth\u00e9tiques, l&#8217;int\u00e9gration de nuances de bleu dans votre garde-robe offre d&#8217;innombrables possibilit\u00e9s d&#8217;exploration stylistique !<\/p>\n","protected":false},"excerpt":{"rendered":"<p>Lib\u00e9rez le pouvoir du bleu ! Plongez dans une mer de saphir, de cobalt et d&#8217;azur. Cet article vous guidera sur comment ma\u00eetriser chaque nuance dans votre garde-robe.<\/p>\n","protected":false},"author":1,"featured_media":4993,"comment_status":"open","ping_status":"","sticky":false,"template":"","format":"standard","meta":{"_acf_changed":false,"_et_pb_use_builder":"","_et_pb_old_content":"","_et_gb_content_width":"","footnotes":""},"categories":[38],"tags":[],"class_list":["post-2930","post","type-post","status-publish","format-standard","has-post-thumbnail","hentry","category-look-style"],"acf":[],"yoast_head":"<!-- This site is optimized with the Yoast SEO plugin v27.5 - https:\/\/yoast.com\/product\/yoast-seo-wordpress\/ -->\n<title>Porter du bleu : combinaisons, psychologie, etc | Belgae<\/title>\n<meta name=\"robots\" content=\"index, follow, max-snippet:-1, max-image-preview:large, max-video-preview:-1\" \/>\n<link rel=\"canonical\" href=\"https:\/\/www.belgae.be\/fr\/blog\/portant-du-bleu\/\" \/>\n<meta property=\"og:locale\" content=\"fr_FR\" \/>\n<meta property=\"og:type\" content=\"article\" \/>\n<meta property=\"og:title\" content=\"Porter du bleu : combinaisons, psychologie, etc | Belgae\" \/>\n<meta property=\"og:description\" content=\"Lib\u00e9rez le pouvoir du bleu ! Plongez dans une mer de saphir, de cobalt et d&#039;azur. Cet article vous guidera sur comment ma\u00eetriser chaque nuance dans votre garde-robe.\" \/>\n<meta property=\"og:url\" content=\"https:\/\/www.belgae.be\/fr\/blog\/portant-du-bleu\/\" \/>\n<meta property=\"og:site_name\" content=\"Belgae\" \/>\n<meta property=\"article:published_time\" content=\"2023-08-03T13:38:41+00:00\" \/>\n<meta property=\"og:image\" content=\"https:\/\/www.belgae.be\/imageHolder\/\/wp-content\/uploads\/sites\/2\/2023\/07\/loading-spinner-belgae.gif\" \/>\n<meta name=\"author\" content=\"Cyril Gendarme\" \/>\n<meta name=\"twitter:card\" content=\"summary_large_image\" \/>\n<meta name=\"twitter:label1\" content=\"\u00c9crit par\" \/>\n\t<meta name=\"twitter:data1\" content=\"Cyril Gendarme\" \/>\n\t<meta name=\"twitter:label2\" content=\"Dur\u00e9e de lecture estim\u00e9e\" \/>\n\t<meta name=\"twitter:data2\" content=\"8 minutes\" \/>\n<script type=\"application\/ld+json\" class=\"yoast-schema-graph\">{\"@context\":\"https:\\\/\\\/schema.org\",\"@graph\":[{\"@type\":\"Article\",\"@id\":\"https:\\\/\\\/www.belgae.be\\\/fr\\\/blog\\\/portant-du-bleu\\\/#article\",\"isPartOf\":{\"@id\":\"https:\\\/\\\/www.belgae.be\\\/fr\\\/blog\\\/portant-du-bleu\\\/\"},\"author\":{\"name\":\"Cyril Gendarme\",\"@id\":\"https:\\\/\\\/www.belgae.be\\\/fr\\\/#\\\/schema\\\/person\\\/646b40b88212bc5335f9c4fa787df047\"},\"headline\":\"Porter du bleu : combinaisons, psychologie, etc\",\"datePublished\":\"2023-08-03T13:38:41+00:00\",\"mainEntityOfPage\":{\"@id\":\"https:\\\/\\\/www.belgae.be\\\/fr\\\/blog\\\/portant-du-bleu\\\/\"},\"wordCount\":1678,\"commentCount\":0,\"publisher\":{\"@id\":\"https:\\\/\\\/www.belgae.be\\\/fr\\\/#organization\"},\"image\":{\"@id\":\"https:\\\/\\\/www.belgae.be\\\/fr\\\/blog\\\/portant-du-bleu\\\/#primaryimage\"},\"thumbnailUrl\":\"https:\\\/\\\/www.belgae.be\\\/fr\\\/wp-content\\\/uploads\\\/sites\\\/2\\\/2023\\\/08\\\/cyril_ge_miscellaneous_pieces_of_clothing_black_and_white_Franc_854a51eb-509a-4eff-a455-b50dc5c19f81-3.webp\",\"articleSection\":[\"Look &amp; Style\"],\"inLanguage\":\"fr-FR\",\"potentialAction\":[{\"@type\":\"CommentAction\",\"name\":\"Comment\",\"target\":[\"https:\\\/\\\/www.belgae.be\\\/fr\\\/blog\\\/portant-du-bleu\\\/#respond\"]}]},{\"@type\":\"WebPage\",\"@id\":\"https:\\\/\\\/www.belgae.be\\\/fr\\\/blog\\\/portant-du-bleu\\\/\",\"url\":\"https:\\\/\\\/www.belgae.be\\\/fr\\\/blog\\\/portant-du-bleu\\\/\",\"name\":\"Porter du bleu : combinaisons, psychologie, etc | Belgae\",\"isPartOf\":{\"@id\":\"https:\\\/\\\/www.belgae.be\\\/fr\\\/#website\"},\"primaryImageOfPage\":{\"@id\":\"https:\\\/\\\/www.belgae.be\\\/fr\\\/blog\\\/portant-du-bleu\\\/#primaryimage\"},\"image\":{\"@id\":\"https:\\\/\\\/www.belgae.be\\\/fr\\\/blog\\\/portant-du-bleu\\\/#primaryimage\"},\"thumbnailUrl\":\"https:\\\/\\\/www.belgae.be\\\/fr\\\/wp-content\\\/uploads\\\/sites\\\/2\\\/2023\\\/08\\\/cyril_ge_miscellaneous_pieces_of_clothing_black_and_white_Franc_854a51eb-509a-4eff-a455-b50dc5c19f81-3.webp\",\"datePublished\":\"2023-08-03T13:38:41+00:00\",\"breadcrumb\":{\"@id\":\"https:\\\/\\\/www.belgae.be\\\/fr\\\/blog\\\/portant-du-bleu\\\/#breadcrumb\"},\"inLanguage\":\"fr-FR\",\"potentialAction\":[{\"@type\":\"ReadAction\",\"target\":[\"https:\\\/\\\/www.belgae.be\\\/fr\\\/blog\\\/portant-du-bleu\\\/\"]}]},{\"@type\":\"ImageObject\",\"inLanguage\":\"fr-FR\",\"@id\":\"https:\\\/\\\/www.belgae.be\\\/fr\\\/blog\\\/portant-du-bleu\\\/#primaryimage\",\"url\":\"https:\\\/\\\/www.belgae.be\\\/fr\\\/wp-content\\\/uploads\\\/sites\\\/2\\\/2023\\\/08\\\/cyril_ge_miscellaneous_pieces_of_clothing_black_and_white_Franc_854a51eb-509a-4eff-a455-b50dc5c19f81-3.webp\",\"contentUrl\":\"https:\\\/\\\/www.belgae.be\\\/fr\\\/wp-content\\\/uploads\\\/sites\\\/2\\\/2023\\\/08\\\/cyril_ge_miscellaneous_pieces_of_clothing_black_and_white_Franc_854a51eb-509a-4eff-a455-b50dc5c19f81-3.webp\"},{\"@type\":\"BreadcrumbList\",\"@id\":\"https:\\\/\\\/www.belgae.be\\\/fr\\\/blog\\\/portant-du-bleu\\\/#breadcrumb\",\"itemListElement\":[{\"@type\":\"ListItem\",\"position\":1,\"name\":\"Accueil\",\"item\":\"https:\\\/\\\/www.belgae.be\\\/fr\\\/\"},{\"@type\":\"ListItem\",\"position\":2,\"name\":\"Porter du bleu : combinaisons, psychologie, etc\"}]},{\"@type\":\"WebSite\",\"@id\":\"https:\\\/\\\/www.belgae.be\\\/fr\\\/#website\",\"url\":\"https:\\\/\\\/www.belgae.be\\\/fr\\\/\",\"name\":\"Belgae\",\"description\":\"Art &amp; Mode Belge\",\"publisher\":{\"@id\":\"https:\\\/\\\/www.belgae.be\\\/fr\\\/#organization\"},\"potentialAction\":[{\"@type\":\"SearchAction\",\"target\":{\"@type\":\"EntryPoint\",\"urlTemplate\":\"https:\\\/\\\/www.belgae.be\\\/fr\\\/?s={search_term_string}\"},\"query-input\":{\"@type\":\"PropertyValueSpecification\",\"valueRequired\":true,\"valueName\":\"search_term_string\"}}],\"inLanguage\":\"fr-FR\"},{\"@type\":\"Organization\",\"@id\":\"https:\\\/\\\/www.belgae.be\\\/fr\\\/#organization\",\"name\":\"Belgae\",\"url\":\"https:\\\/\\\/www.belgae.be\\\/fr\\\/\",\"logo\":{\"@type\":\"ImageObject\",\"inLanguage\":\"fr-FR\",\"@id\":\"https:\\\/\\\/www.belgae.be\\\/fr\\\/#\\\/schema\\\/logo\\\/image\\\/\",\"url\":\"https:\\\/\\\/www.belgae.be\\\/fr\\\/wp-content\\\/uploads\\\/sites\\\/2\\\/2023\\\/07\\\/Sans-titre1-Copie.png\",\"contentUrl\":\"https:\\\/\\\/www.belgae.be\\\/fr\\\/wp-content\\\/uploads\\\/sites\\\/2\\\/2023\\\/07\\\/Sans-titre1-Copie.png\",\"width\":88,\"height\":88,\"caption\":\"Belgae\"},\"image\":{\"@id\":\"https:\\\/\\\/www.belgae.be\\\/fr\\\/#\\\/schema\\\/logo\\\/image\\\/\"}},{\"@type\":\"Person\",\"@id\":\"https:\\\/\\\/www.belgae.be\\\/fr\\\/#\\\/schema\\\/person\\\/646b40b88212bc5335f9c4fa787df047\",\"name\":\"Cyril Gendarme\",\"sameAs\":[\"https:\\\/\\\/www.belgae.be\"],\"url\":\"https:\\\/\\\/www.belgae.be\\\/fr\\\/blog\\\/author\\\/cgen\\\/\"}]}<\/script>\n<!-- \/ Yoast SEO plugin. -->","yoast_head_json":{"title":"Porter du bleu : combinaisons, psychologie, etc | Belgae","robots":{"index":"index","follow":"follow","max-snippet":"max-snippet:-1","max-image-preview":"max-image-preview:large","max-video-preview":"max-video-preview:-1"},"canonical":"https:\/\/www.belgae.be\/fr\/blog\/portant-du-bleu\/","og_locale":"fr_FR","og_type":"article","og_title":"Porter du bleu : combinaisons, psychologie, etc | Belgae","og_description":"Lib\u00e9rez le pouvoir du bleu ! Plongez dans une mer de saphir, de cobalt et d'azur. Cet article vous guidera sur comment ma\u00eetriser chaque nuance dans votre garde-robe.","og_url":"https:\/\/www.belgae.be\/fr\/blog\/portant-du-bleu\/","og_site_name":"Belgae","article_published_time":"2023-08-03T13:38:41+00:00","og_image":[{"url":"https:\/\/www.belgae.be\/imageHolder\/\/wp-content\/uploads\/sites\/2\/2023\/07\/loading-spinner-belgae.gif","type":"","width":"","height":""}],"author":"Cyril Gendarme","twitter_card":"summary_large_image","twitter_misc":{"\u00c9crit par":"Cyril Gendarme","Dur\u00e9e de lecture estim\u00e9e":"8 minutes"},"schema":{"@context":"https:\/\/schema.org","@graph":[{"@type":"Article","@id":"https:\/\/www.belgae.be\/fr\/blog\/portant-du-bleu\/#article","isPartOf":{"@id":"https:\/\/www.belgae.be\/fr\/blog\/portant-du-bleu\/"},"author":{"name":"Cyril Gendarme","@id":"https:\/\/www.belgae.be\/fr\/#\/schema\/person\/646b40b88212bc5335f9c4fa787df047"},"headline":"Porter du bleu : combinaisons, psychologie, etc","datePublished":"2023-08-03T13:38:41+00:00","mainEntityOfPage":{"@id":"https:\/\/www.belgae.be\/fr\/blog\/portant-du-bleu\/"},"wordCount":1678,"commentCount":0,"publisher":{"@id":"https:\/\/www.belgae.be\/fr\/#organization"},"image":{"@id":"https:\/\/www.belgae.be\/fr\/blog\/portant-du-bleu\/#primaryimage"},"thumbnailUrl":"https:\/\/www.belgae.be\/fr\/wp-content\/uploads\/sites\/2\/2023\/08\/cyril_ge_miscellaneous_pieces_of_clothing_black_and_white_Franc_854a51eb-509a-4eff-a455-b50dc5c19f81-3.webp","articleSection":["Look &amp; Style"],"inLanguage":"fr-FR","potentialAction":[{"@type":"CommentAction","name":"Comment","target":["https:\/\/www.belgae.be\/fr\/blog\/portant-du-bleu\/#respond"]}]},{"@type":"WebPage","@id":"https:\/\/www.belgae.be\/fr\/blog\/portant-du-bleu\/","url":"https:\/\/www.belgae.be\/fr\/blog\/portant-du-bleu\/","name":"Porter du bleu : combinaisons, psychologie, etc | Belgae","isPartOf":{"@id":"https:\/\/www.belgae.be\/fr\/#website"},"primaryImageOfPage":{"@id":"https:\/\/www.belgae.be\/fr\/blog\/portant-du-bleu\/#primaryimage"},"image":{"@id":"https:\/\/www.belgae.be\/fr\/blog\/portant-du-bleu\/#primaryimage"},"thumbnailUrl":"https:\/\/www.belgae.be\/fr\/wp-content\/uploads\/sites\/2\/2023\/08\/cyril_ge_miscellaneous_pieces_of_clothing_black_and_white_Franc_854a51eb-509a-4eff-a455-b50dc5c19f81-3.webp","datePublished":"2023-08-03T13:38:41+00:00","breadcrumb":{"@id":"https:\/\/www.belgae.be\/fr\/blog\/portant-du-bleu\/#breadcrumb"},"inLanguage":"fr-FR","potentialAction":[{"@type":"ReadAction","target":["https:\/\/www.belgae.be\/fr\/blog\/portant-du-bleu\/"]}]},{"@type":"ImageObject","inLanguage":"fr-FR","@id":"https:\/\/www.belgae.be\/fr\/blog\/portant-du-bleu\/#primaryimage","url":"https:\/\/www.belgae.be\/fr\/wp-content\/uploads\/sites\/2\/2023\/08\/cyril_ge_miscellaneous_pieces_of_clothing_black_and_white_Franc_854a51eb-509a-4eff-a455-b50dc5c19f81-3.webp","contentUrl":"https:\/\/www.belgae.be\/fr\/wp-content\/uploads\/sites\/2\/2023\/08\/cyril_ge_miscellaneous_pieces_of_clothing_black_and_white_Franc_854a51eb-509a-4eff-a455-b50dc5c19f81-3.webp"},{"@type":"BreadcrumbList","@id":"https:\/\/www.belgae.be\/fr\/blog\/portant-du-bleu\/#breadcrumb","itemListElement":[{"@type":"ListItem","position":1,"name":"Accueil","item":"https:\/\/www.belgae.be\/fr\/"},{"@type":"ListItem","position":2,"name":"Porter du bleu : combinaisons, psychologie, etc"}]},{"@type":"WebSite","@id":"https:\/\/www.belgae.be\/fr\/#website","url":"https:\/\/www.belgae.be\/fr\/","name":"Belgae","description":"Art &amp; Mode Belge","publisher":{"@id":"https:\/\/www.belgae.be\/fr\/#organization"},"potentialAction":[{"@type":"SearchAction","target":{"@type":"EntryPoint","urlTemplate":"https:\/\/www.belgae.be\/fr\/?s={search_term_string}"},"query-input":{"@type":"PropertyValueSpecification","valueRequired":true,"valueName":"search_term_string"}}],"inLanguage":"fr-FR"},{"@type":"Organization","@id":"https:\/\/www.belgae.be\/fr\/#organization","name":"Belgae","url":"https:\/\/www.belgae.be\/fr\/","logo":{"@type":"ImageObject","inLanguage":"fr-FR","@id":"https:\/\/www.belgae.be\/fr\/#\/schema\/logo\/image\/","url":"https:\/\/www.belgae.be\/fr\/wp-content\/uploads\/sites\/2\/2023\/07\/Sans-titre1-Copie.png","contentUrl":"https:\/\/www.belgae.be\/fr\/wp-content\/uploads\/sites\/2\/2023\/07\/Sans-titre1-Copie.png","width":88,"height":88,"caption":"Belgae"},"image":{"@id":"https:\/\/www.belgae.be\/fr\/#\/schema\/logo\/image\/"}},{"@type":"Person","@id":"https:\/\/www.belgae.be\/fr\/#\/schema\/person\/646b40b88212bc5335f9c4fa787df047","name":"Cyril Gendarme","sameAs":["https:\/\/www.belgae.be"],"url":"https:\/\/www.belgae.be\/fr\/blog\/author\/cgen\/"}]}},"_links":{"self":[{"href":"https:\/\/www.belgae.be\/fr\/wp-json\/wp\/v2\/posts\/2930","targetHints":{"allow":["GET"]}}],"collection":[{"href":"https:\/\/www.belgae.be\/fr\/wp-json\/wp\/v2\/posts"}],"about":[{"href":"https:\/\/www.belgae.be\/fr\/wp-json\/wp\/v2\/types\/post"}],"author":[{"embeddable":true,"href":"https:\/\/www.belgae.be\/fr\/wp-json\/wp\/v2\/users\/1"}],"replies":[{"embeddable":true,"href":"https:\/\/www.belgae.be\/fr\/wp-json\/wp\/v2\/comments?post=2930"}],"version-history":[{"count":0,"href":"https:\/\/www.belgae.be\/fr\/wp-json\/wp\/v2\/posts\/2930\/revisions"}],"wp:featuredmedia":[{"embeddable":true,"href":"https:\/\/www.belgae.be\/fr\/wp-json\/"}],"wp:attachment":[{"href":"https:\/\/www.belgae.be\/fr\/wp-json\/wp\/v2\/media?parent=2930"}],"wp:term":[{"taxonomy":"category","embeddable":true,"href":"https:\/\/www.belgae.be\/fr\/wp-json\/wp\/v2\/categories?post=2930"},{"taxonomy":"post_tag","embeddable":true,"href":"https:\/\/www.belgae.be\/fr\/wp-json\/wp\/v2\/tags?post=2930"}],"curies":[{"name":"wp","href":"https:\/\/api.w.org\/{rel}","templated":true}]}}