{"id":2886,"date":"2023-08-02T17:23:07","date_gmt":"2023-08-02T17:23:07","guid":{"rendered":"https:\/\/www.belgae.be\/fr\/blog\/bruxelles-capitale-de-la-mode-de-la-belgique-et-de-leurope\/"},"modified":"2023-08-02T17:23:07","modified_gmt":"2023-08-02T17:23:07","slug":"bruxelles-capitale-de-la-mode-de-la-belgique-et-de-leurope","status":"publish","type":"post","link":"https:\/\/www.belgae.be\/fr\/blog\/bruxelles-capitale-de-la-mode-de-la-belgique-et-de-leurope\/","title":{"rendered":"Bruxelles : Capitale de la mode de la Belgique et de l&#8217;Europe"},"content":{"rendered":"<p>Attachez vos ceintures, amateurs de mode ! Bruxelles n&#8217;est pas seulement la capitale de la Belgique ; c&#8217;est un d\u00e9fil\u00e9 \u00e9blouissant pour le style avant-gardiste europ\u00e9en.<\/p>\n<p>Plongez-vous dans la ville o\u00f9 le chic rencontre l&#8217;excentricit\u00e9 et o\u00f9 la tradition s&#8217;entrelace avec l&#8217;innovation.<\/p>\n<p>Bruxelles &#8211; votre prochaine destination incontournable sur la carte mondiale de la mode.<\/p>\n<section class=\"contentTable_table\">\n<p class=\"contentTable_title\">Table des mati\u00e8res : <\/p>\n<p class=\"contentTable_elem\"><a href=\"#balise_0\">1. Introduction : Bruxelles, une ville embl\u00e9matique de la mode<\/a><\/p>\n<p class=\"contentTable_elem\"><a href=\"#balise_1\">2. L&#8217;influence de l&#8217;Art Nouveau sur la mode bruxelloise<\/a><\/p>\n<p class=\"contentTable_elem\"><a href=\"#balise_2\">3. Quartiers de la mode : adresses \u00e0 ne pas manquer<\/a><\/p>\n<p class=\"contentTable_elem\"><a href=\"#balise_3\">4. \u00c9coles de Mode \u00e0 Bruxelles<\/a><\/p>\n<p class=\"contentTable_elem\"><a href=\"#balise_4\">5. Cr\u00e9ateurs c\u00e9l\u00e8bres de Bruxelles<\/a><\/p>\n<p class=\"contentTable_elem\"><a href=\"#balise_5\">6. Semaine de la Mode \u00e0 Bruxelles<\/a><\/p>\n<p class=\"contentTable_elem\"><a href=\"#balise_6\">7. Mus\u00e9e de la Mode et de la Dentelle<\/a><\/p>\n<p class=\"contentTable_elem\"><a href=\"#balise_7\">8. Bruxelles et ses textiles historiques : du lin \u00e0 la dentelle<\/a><\/p>\n<p class=\"contentTable_elem\"><a href=\"#balise_8\">9. Magasins d&#8217;occasion \u00e0 Bruxelles<\/a><\/p>\n<\/section>\n<p><img loading=\"lazy\" decoding=\"async\" class=\"lazyload articleImageSquare_CGEN\" height=\"400\" width=\"400\" src=\"https:\/\/www.belgae.be\/imageHolder\/\/wp-content\/uploads\/sites\/2\/2023\/07\/loading-spinner-belgae.gif\" data-src=\"https:\/\/www.belgae.be\/imageHolder\/\/wp-content\/uploads\/sites\/2\/2023\/08\/tmpf5v245nl.jpg\" alt=\"tmpf5v245nl\" \/><\/p>\n<h2 id=\"balise_0\">Introduction : Bruxelles, une ville embl\u00e9matique de la mode<\/h2>\n<p>Bienvenue dans le monde vibrant et dynamique de Bruxelles, une ville qui m\u00e9lange sans effort l&#8217;histoire avec un style contemporain. R\u00e9put\u00e9e pour son architecture \u00e9blouissante, sa cuisine d\u00e9licieuse et son riche patrimoine culturel.<\/p>\n<p>Nul ne s&#8217;\u00e9tonne que Bruxelles se soit \u00e9galement impos\u00e9e comme une capitale de la mode florissante ces derni\u00e8res ann\u00e9es. Des cr\u00e9ations d&#8217;avant-garde \u00e0 l&#8217;\u00e9l\u00e9gance classique, ce centre cosmopolite offre quelque chose pour tous les passionn\u00e9s de mode.<\/p>\n<p>Plongez-vous dans cette m\u00e9tropole aux multiples facettes. Go\u00fbtez \u00e0 ses sp\u00e9cialit\u00e9s culinaires traditionnelles tout en admirant ses chefs-d&#8217;\u0153uvre architecturaux. Laissez-vous s\u00e9duire par la richesse de sa sc\u00e8ne artistique vari\u00e9e.<\/p>\n<p>Faites partie du rythme effr\u00e9n\u00e9 du c\u0153ur palpitant de l\u2019Europe! Explorez les nombreuses boutiques chics et haut-de-gamme qu&#8217;elle a \u00e0 offrir. N&#8217;h\u00e9sitez pas, venez d\u00e9couvrir le charme unique que seule Bruxelles peut offrir.<\/p>\n<p><img loading=\"lazy\" decoding=\"async\" class=\"lazyload articleImageSquare_CGEN\" height=\"400\" width=\"400\" src=\"https:\/\/www.belgae.be\/imageHolder\/\/wp-content\/uploads\/sites\/2\/2023\/07\/loading-spinner-belgae.gif\" data-src=\"https:\/\/www.belgae.be\/imageHolder\/\/wp-content\/uploads\/sites\/2\/2023\/08\/tmpvokat1i3.jpg\" alt=\"tmpvokat1i\" \/><\/p>\n<h2 id=\"balise_1\">L&#8217;influence de l&#8217;Art Nouveau sur la mode bruxelloise<\/h2>\n<p>L&#8217;engouement de Bruxelles pour l&#8217;art d\u00e9passe les toiles et les sculptures pour s\u2019immiscer dans le monde de la mode. Le mouvement embl\u00e9matique Art Nouveau a durablement marqu\u00e9 le paysage vestimentaire de la ville. Des cr\u00e9ateurs, inspir\u00e9s par des formes organiques naturelles et des d\u00e9tails complexes, int\u00e8grent ces \u00e9l\u00e9ments \u00e0 leurs \u0153uvres actuelles.<\/p>\n<p>Fl\u00e2nez dans les rues orn\u00e9es de fa\u00e7ades d\u00e9coratives ou entrez dans des boutiques proposant des robes \u00e9th\u00e9r\u00e9es qui rappellent cette \u00e9poque artistique influente. <\/p>\n<p>La fascination continue avec l&#8217;Art Nouveau se refl\u00e8te non seulement dans l&#8217;environnement urbain mais aussi sur les podiums contemporains. Les tendances d&#8217;hier continuent d&#8217;influencer fortement la couture moderne.<\/p>\n<p>Une promenade \u00e0 travers Bruxelles est une v\u00e9ritable immersion culturelle, o\u00f9 chaque coin r\u00e9v\u00e8le un hommage au pass\u00e9 artistique prestigieux du pays tout en mettant en valeur son pr\u00e9sent vibrant et dynamique.<\/p>\n<p><img loading=\"lazy\" decoding=\"async\" class=\"lazyload articleImageSquare_CGEN\" height=\"400\" width=\"400\" src=\"https:\/\/www.belgae.be\/imageHolder\/\/wp-content\/uploads\/sites\/2\/2023\/07\/loading-spinner-belgae.gif\" data-src=\"https:\/\/www.belgae.be\/imageHolder\/\/wp-content\/uploads\/sites\/2\/2023\/08\/tmpsqhhmup8.jpg\" alt=\"tmpsqhhmup\" \/><\/p>\n<h2 id=\"balise_2\">Quartiers de la mode : adresses \u00e0 ne pas manquer<\/h2>\n<p>Plongez-vous pleinement dans l&#8217;aspect branch\u00e9 de Bruxelles, en explorant ses quartiers diversifi\u00e9s regorgeant de boutiques uniques et de magasins conceptuels. Dirigez-vous vers la Rue Antoine Dansaert o\u00f9 vous trouverez des cr\u00e9ateurs belges avant-gardistes exposant leurs derni\u00e8res collections aux c\u00f4t\u00e9s de marques internationales repoussant les limites de la cr\u00e9ativit\u00e9.<\/p>\n<p>Le quartier du Sablon est une autre destination incontournable pour ceux qui recherchent des trouvailles luxueuses &#8211; allant des pi\u00e8ces haute couture \u00e0 d&#8217;exquises bijouteries.<\/p>\n<p>Pour les passionn\u00e9s du vintage \u00e0 la recherche d&#8217;objets uniques \u00e0 prix abordables, le quartier Marolles regorge de nombreux magasins d&#8217;occasion pr\u00eats \u00e0 \u00eatre explor\u00e9s. <\/p>\n<p>Ces destinations sont id\u00e9ales pour d\u00e9nicher des tr\u00e9sors cach\u00e9es tout en profitant du meilleur que Bruxelles a \u00e0 offrir. Chaque rue offre une exp\u00e9rience shopping unique, faisant ainsi ressortir le charme distinctif et l&#8217;\u00e9clat culturel propres \u00e0 cette ville vibrante.<\/p>\n<p><img loading=\"lazy\" decoding=\"async\" class=\"lazyload articleImageSquare_CGEN\" height=\"400\" width=\"400\" src=\"https:\/\/www.belgae.be\/imageHolder\/\/wp-content\/uploads\/sites\/2\/2023\/07\/loading-spinner-belgae.gif\" data-src=\"https:\/\/www.belgae.be\/imageHolder\/\/wp-content\/uploads\/sites\/2\/2023\/08\/tmp48l5glem.jpg\" alt=\"tmp48l5glem\" \/><\/p>\n<h2 id=\"balise_3\">\u00c9coles de Mode \u00e0 Bruxelles<\/h2>\n<p>On ne peut pas \u00e9voquer l&#8217;\u00e9mergence de Bruxelles comme capitale de la mode sans mentionner ses institutions respect\u00e9es qui cultivent les jeunes talents fa\u00e7onnant les tendances de demain. Ces \u00e9coles proposent des programmes complets couvrant tout, depuis les principes du design et techniques de cr\u00e9ation de patrons jusqu&#8217;aux pratiques durables r\u00e9volutionnant le secteur.<\/p>\n<p>D\u00e9bordants d&#8217;imagination, ces \u00e9tudiants dipl\u00f4m\u00e9s sont le moteur derri\u00e8re la sc\u00e8ne mode \u00e0 Bruxelles. Ils transforment constamment l&#8217;industrie avec leurs id\u00e9es innovantes et leur vision avant-gardiste.<\/p>\n<p>Avec une telle concentration d&#8217;esprits cr\u00e9atifs dans un seul endroit, il n&#8217;est pas surprenant que cette ville soit en train de s&#8217;imposer comme un leader mondial en terme de conception vestimentaire. Le futur est prometteur pour cette m\u00e9tropole dynamique qui continue \u00e0 nourrir et d\u00e9velopper son identit\u00e9 unique au sein du monde fashion international.<\/p>\n<p><img loading=\"lazy\" decoding=\"async\" class=\"lazyload articleImageSquare_CGEN\" height=\"400\" width=\"400\" src=\"https:\/\/www.belgae.be\/imageHolder\/\/wp-content\/uploads\/sites\/2\/2023\/07\/loading-spinner-belgae.gif\" data-src=\"https:\/\/www.belgae.be\/imageHolder\/\/wp-content\/uploads\/sites\/2\/2023\/08\/tmp3qh6xyw8.jpg\" alt=\"tmp3qh6xyw\" \/><\/p>\n<h2 id=\"balise_4\">Cr\u00e9ateurs c\u00e9l\u00e8bres de Bruxelles<\/h2>\n<p>Bruxelles est un terreau fertile pour le talent de conception incroyable, avec de nombreux noms renomm\u00e9s originaires de cette ville. Des cr\u00e9ations avant-gardistes de Martin Margiela aux impressions \u00e9clectiques de Dries Van Noten et aux silhouettes po\u00e9tiques d&#8217;Ann Demeulemeester &#8211; chaque designer apporte sa perspective unique \u00e0 la sc\u00e8ne mondiale de la mode.<\/p>\n<p>Ces visionnaires ont r\u00e9ussi \u00e0 placer Bruxelles sur la carte en tant que centre d&#8217;innovation et de cr\u00e9ativit\u00e9 dans l&#8217;industrie. Les designs audacieux et les motifs innovants contribuent au rayonnement international du style belge. Le flair artistique des designers bruxellois s&#8217;est impos\u00e9 comme une force incontournable sur le march\u00e9 global.<\/p>\n<p>Leurs contributions significatives ont fa\u00e7onn\u00e9 l&#8217;image contemporaine du design belge, refl\u00e9tant une fusion parfaite entre tradition artisanale et modernit\u00e9 stylistique. Gr\u00e2ce \u00e0 leur travail acharn\u00e9, Bruxelles continue d&#8217;\u00eatre reconnue comme un \u00e9picentre dynamique pour ceux qui cherchent l&#8217;excellence dans le monde complexe du design vestimentaire.<\/p>\n<p><img loading=\"lazy\" decoding=\"async\" class=\"lazyload articleImageSquare_CGEN\" height=\"400\" width=\"400\" src=\"https:\/\/www.belgae.be\/imageHolder\/\/wp-content\/uploads\/sites\/2\/2023\/07\/loading-spinner-belgae.gif\" data-src=\"https:\/\/www.belgae.be\/imageHolder\/\/wp-content\/uploads\/sites\/2\/2023\/08\/tmph8m77pdw.jpg\" alt=\"tmph8m77pdw\" \/><\/p>\n<h2 id=\"balise_5\">Semaine de la Mode \u00e0 Bruxelles<\/h2>\n<p>Pour d\u00e9couvrir comment la mode belge s\u00e9duit les publics, il suffit de se rendre \u00e0 la Semaine de la Mode de Bruxelles. Cet \u00e9v\u00e9nement semestriel met en avant des talents \u00e9mergents et des cr\u00e9ateurs confirm\u00e9s \u00e0 travers des d\u00e9fil\u00e9s, pr\u00e9sentations et expositions.<\/p>\n<p>Il repr\u00e9sente une plateforme stimulante qui c\u00e9l\u00e8bre la diversit\u00e9 tout en fa\u00e7onnant les tendances futures dans les march\u00e9s locaux et internationaux. La Semaine de la Mode offre un aper\u00e7u unique sur l&#8217;industrie dynamique du design belge.<\/p>\n<p>Les participants peuvent s&#8217;attendre \u00e0 \u00eatre inspir\u00e9s par une gamme \u00e9clectique d&#8217;esth\u00e9tiques innovantes provenant d&#8217;une vari\u00e9t\u00e9 incroyablement diverse de designers talentueux. Chaque saison apporte son lot d&#8217;id\u00e9es nouvelles, refl\u00e9tant le caract\u00e8re audacieux et avant-gardiste du paysage mode belge.<\/p>\n<p>La Semaine de la Mode est plus qu&#8217;un simple \u00e9v\u00e9nement : c&#8217;est un rendez-vous incontournable pour tous ceux qui appr\u00e9cient l&#8217;art vestimentaire sous toutes ses formes. Ne manquez pas cette occasion exceptionnelle pour admirer le meilleur que le secteur cr\u00e9atif belge a \u00e0 offrir.<\/p>\n<p><img loading=\"lazy\" decoding=\"async\" class=\"lazyload articleImageSquare_CGEN\" height=\"400\" width=\"400\" src=\"https:\/\/www.belgae.be\/imageHolder\/\/wp-content\/uploads\/sites\/2\/2023\/07\/loading-spinner-belgae.gif\" data-src=\"https:\/\/www.belgae.be\/imageHolder\/\/wp-content\/uploads\/sites\/2\/2023\/08\/tmpc7a2e8za.jpg\" alt=\"tmpc7a2e8za\" \/><\/p>\n<h2 id=\"balise_6\">Mus\u00e9e de la Mode et de la Dentelle<\/h2>\n<p>Entrez dans un univers o\u00f9 l&#8217;histoire rencontre la haute couture au Mus\u00e9e de la Mode et de la Dentelle \u00e0 Bruxelles. Ce mus\u00e9e rend hommage au riche patrimoine textile belge en pr\u00e9sentant des travaux de dentelle d\u00e9taill\u00e9s, des v\u00eatements exquis et des artefacts historiques.<\/p>\n<p>Il offre aux visiteurs une opportunit\u00e9 d&#8217;approfondir les techniques s\u00e9culaires tout en admirant les designs contemporains inspir\u00e9s par la tradition. Une visite ici vous fera sans aucun doute appr\u00e9cier \u00e0 la fois l&#8217;artisanat et l&#8217;innovation dans le domaine de la mode.<\/p>\n<p>Laissez-vous emporter par le charme du pass\u00e9, tout en d\u00e9couvrant comment il fa\u00e7onne le pr\u00e9sent et inspire l\u2019avenir du monde fashionista. Le Mus\u00e9e est plus qu&#8217;une simple vitrine pour les cr\u00e9ations textiles; c&#8217;est un lieu vivant qui respire avec chaque fil tiss\u00e9 dans son histoire captivante.<\/p>\n<p><img loading=\"lazy\" decoding=\"async\" class=\"lazyload articleImageSquare_CGEN\" height=\"400\" width=\"400\" src=\"https:\/\/www.belgae.be\/imageHolder\/\/wp-content\/uploads\/sites\/2\/2023\/07\/loading-spinner-belgae.gif\" data-src=\"https:\/\/www.belgae.be\/imageHolder\/\/wp-content\/uploads\/sites\/2\/2023\/08\/tmp6rj4msd9.jpg\" alt=\"tmp6rj4msd\" \/><\/p>\n<h2 id=\"balise_7\">Bruxelles et ses textiles historiques : du lin \u00e0 la dentelle<\/h2>\n<p>La Belgique est depuis longtemps associ\u00e9e aux textiles de haute qualit\u00e9, un fait qui ne surprend pas compte tenu de son pass\u00e9 illustre. Autrefois parmi les plus grands producteurs de lin fin en Europe au Moyen \u00c2ge, le pays est d\u00e9sormais synonyme de production d\u00e9licate de dentelle, affichant ainsi un h\u00e9ritage impressionnant.<\/p>\n<p>Bruxelles reste profond\u00e9ment ancr\u00e9e dans cet h\u00e9ritage, donnant naissance \u00e0 des interpr\u00e9tations modernes combin\u00e9es avec le savoir-faire traditionnel. Le r\u00e9sultat ?<\/p>\n<p> Des textiles qui respirent l&#8217;\u00e9l\u00e9gance, le charme et la sophistication &#8211; toutes marques distinctives du v\u00e9ritable style bruxellois.<\/p>\n<p>Offrant une fusion unique d&#8217;ancien et de nouveau, Bruxelles continue d&#8217;impressionner avec ses cr\u00e9ations textiles innovantes. Les v\u00eatements fabriqu\u00e9s ici sont non seulement beaux \u00e0 regarder mais aussi agr\u00e9ables \u00e0 porter gr\u00e2ce \u00e0 leur qualit\u00e9 sup\u00e9rieure.<\/p>\n<p>L&#8217;h\u00e9ritage textile belge s&#8217;\u00e9tend bien au-del\u00e0 des fronti\u00e8res nationales. Il a influenc\u00e9 la mode mondiale et continue d&#8217;\u00eatre une source d&#8217;inspiration pour les designers contemporains du monde entier.<\/p>\n<p><img loading=\"lazy\" decoding=\"async\" class=\"lazyload articleImageSquare_CGEN\" height=\"400\" width=\"400\" src=\"https:\/\/www.belgae.be\/imageHolder\/\/wp-content\/uploads\/sites\/2\/2023\/07\/loading-spinner-belgae.gif\" data-src=\"https:\/\/www.belgae.be\/imageHolder\/\/wp-content\/uploads\/sites\/2\/2023\/08\/tmp5mwzhg96.jpg\" alt=\"tmp5mwzhg\" \/><\/p>\n<h2 id=\"balise_8\">Magasins d&#8217;occasion \u00e0 Bruxelles<\/h2>\n<p>Pour ceux en qu\u00eate de mode unique et durable, d\u00e9couvrez le tr\u00e9sor des magasins d&#8217;occasion \u00e9parpill\u00e9s dans tout Bruxelles. Des boutiques vintage aux friperies, ces joyaux cach\u00e9s proposent une pl\u00e9thore de v\u00eatements pr\u00e9-aim\u00e9s qui n&#8217;attendent que d&#8217;\u00eatre d\u00e9couverts.<\/p>\n<p>Que vous soyez \u00e0 la recherche de pi\u00e8ces de cr\u00e9ateurs \u00e0 prix r\u00e9duits ou en qu\u00eate de styles r\u00e9tro qui font sensation, explorer la dynamique sc\u00e8ne seconde main du ville est une aventure en soi. <\/p>\n<p>En conclusion, lorsque l&#8217;on s&#8217;immerge dans le monde du statut capitaliste de la mode bruxelloise, il devient \u00e9vident que cette ville a beaucoup plus \u00e0 offrir que son charme historique seul. Avec sa communaut\u00e9 design florissante ses quartiers avant-gardistes et son riche h\u00e9ritage textile.<\/p>\n<p>Bruxelles prouve encore et encore pourquoi elle m\u00e9rite reconnaissance sur la sc\u00e8ne mondiale. Alors immergez-vous dans son \u00e9nergie artistique profitez-en pour d\u00e9couvrir tout ce qu&#8217;elle propose : depuis les designs avant-gardistes jusqu&#8217;\u00e0 l&#8217;\u00e9l\u00e9gance intemporelle &#8211; tout cela au sein m\u00eame cette m\u00e9tropole europ\u00e9enne anim\u00e9e connue comme \u00e9tant le bijou fashionable belge.<\/p>\n<section class=\"cgen-outboundLinksSection\">\n<h2>Pour\u00a0approfondir le sujet<\/h2>\n<p>Quelques sources, ressources et r\u00e9f\u00e9rences :<\/p>\n<ul>\n<li><a href=\"https:\/\/brusselsfashiondays.be\/fr\" target=\"_blank\" rel=\"nofollow noopener\">Brussels Fashion Days<\/a><\/li>\n<li><a href=\"https:\/\/www.visit.brussels\/fr\/visiteurs\/que-faire\/les-creatrices-bruxelloises---une-mode-ethique-et-durable-\" target=\"_blank\" rel=\"nofollow noopener\">Les cr\u00e9atrices bruxelloises : une mode \u00e9thique et durable  | Visit Brussels<\/a><\/li>\n<li><a href=\"https:\/\/www.fashionandlacemuseum.brussels\/fr\/\" target=\"_blank\" rel=\"nofollow noopener\">Home &#8211; Mus\u00e9e Mode &#038; Dentelle : Mus\u00e9e Mode &#038; Dentelle<\/a><\/li>\n<\/ul>\n<\/section>\n","protected":false},"excerpt":{"rendered":"<p>Attachez vos ceintures, amateurs de mode ! Bruxelles n&#8217;est pas seulement la capitale de la Belgique ; c&#8217;est un d\u00e9fil\u00e9 \u00e9blouissant pour le style avant-gardiste europ\u00e9en.<\/p>\n","protected":false},"author":1,"featured_media":4617,"comment_status":"open","ping_status":"","sticky":false,"template":"","format":"standard","meta":{"_acf_changed":false,"_et_pb_use_builder":"","_et_pb_old_content":"","_et_gb_content_width":"","footnotes":""},"categories":[39],"tags":[],"class_list":["post-2886","post","type-post","status-publish","format-standard","has-post-thumbnail","hentry","category-belgium"],"acf":[],"yoast_head":"<!-- This site is optimized with the Yoast SEO plugin v27.5 - https:\/\/yoast.com\/product\/yoast-seo-wordpress\/ -->\n<title>Bruxelles : Capitale de la mode de la Belgique et de l&#039;Europe | Belgae<\/title>\n<meta name=\"robots\" content=\"index, follow, max-snippet:-1, max-image-preview:large, max-video-preview:-1\" \/>\n<link rel=\"canonical\" href=\"https:\/\/www.belgae.be\/fr\/blog\/bruxelles-capitale-de-la-mode-de-la-belgique-et-de-leurope\/\" \/>\n<meta property=\"og:locale\" content=\"fr_FR\" \/>\n<meta property=\"og:type\" content=\"article\" \/>\n<meta property=\"og:title\" content=\"Bruxelles : Capitale de la mode de la Belgique et de l&#039;Europe | Belgae\" \/>\n<meta property=\"og:description\" content=\"Attachez vos ceintures, amateurs de mode ! Bruxelles n&#039;est pas seulement la capitale de la Belgique ; c&#039;est un d\u00e9fil\u00e9 \u00e9blouissant pour le style avant-gardiste europ\u00e9en.\" \/>\n<meta property=\"og:url\" content=\"https:\/\/www.belgae.be\/fr\/blog\/bruxelles-capitale-de-la-mode-de-la-belgique-et-de-leurope\/\" \/>\n<meta property=\"og:site_name\" content=\"Belgae\" \/>\n<meta property=\"article:published_time\" content=\"2023-08-02T17:23:07+00:00\" \/>\n<meta property=\"og:image\" content=\"https:\/\/www.belgae.be\/imageHolder\/\/wp-content\/uploads\/sites\/2\/2023\/07\/loading-spinner-belgae.gif\" \/>\n<meta name=\"author\" content=\"Cyril Gendarme\" \/>\n<meta name=\"twitter:card\" content=\"summary_large_image\" \/>\n<meta name=\"twitter:label1\" content=\"\u00c9crit par\" \/>\n\t<meta name=\"twitter:data1\" content=\"Cyril Gendarme\" \/>\n\t<meta name=\"twitter:label2\" content=\"Dur\u00e9e de lecture estim\u00e9e\" \/>\n\t<meta name=\"twitter:data2\" content=\"8 minutes\" \/>\n<script type=\"application\/ld+json\" class=\"yoast-schema-graph\">{\"@context\":\"https:\\\/\\\/schema.org\",\"@graph\":[{\"@type\":\"Article\",\"@id\":\"https:\\\/\\\/www.belgae.be\\\/fr\\\/blog\\\/bruxelles-capitale-de-la-mode-de-la-belgique-et-de-leurope\\\/#article\",\"isPartOf\":{\"@id\":\"https:\\\/\\\/www.belgae.be\\\/fr\\\/blog\\\/bruxelles-capitale-de-la-mode-de-la-belgique-et-de-leurope\\\/\"},\"author\":{\"name\":\"Cyril Gendarme\",\"@id\":\"https:\\\/\\\/www.belgae.be\\\/fr\\\/#\\\/schema\\\/person\\\/646b40b88212bc5335f9c4fa787df047\"},\"headline\":\"Bruxelles : Capitale de la mode de la Belgique et de l&#8217;Europe\",\"datePublished\":\"2023-08-02T17:23:07+00:00\",\"mainEntityOfPage\":{\"@id\":\"https:\\\/\\\/www.belgae.be\\\/fr\\\/blog\\\/bruxelles-capitale-de-la-mode-de-la-belgique-et-de-leurope\\\/\"},\"wordCount\":1669,\"commentCount\":0,\"publisher\":{\"@id\":\"https:\\\/\\\/www.belgae.be\\\/fr\\\/#organization\"},\"image\":{\"@id\":\"https:\\\/\\\/www.belgae.be\\\/fr\\\/blog\\\/bruxelles-capitale-de-la-mode-de-la-belgique-et-de-leurope\\\/#primaryimage\"},\"thumbnailUrl\":\"https:\\\/\\\/www.belgae.be\\\/fr\\\/wp-content\\\/uploads\\\/sites\\\/2\\\/2023\\\/08\\\/cyril_ge_Brussel_place_black_and_white_Franco-Belgian_comic_sty_0fd28d57-4e0f-4e0a-b3e1-1705c05874b8-9-1024x568-1.webp\",\"articleSection\":[\"Belgium\"],\"inLanguage\":\"fr-FR\",\"potentialAction\":[{\"@type\":\"CommentAction\",\"name\":\"Comment\",\"target\":[\"https:\\\/\\\/www.belgae.be\\\/fr\\\/blog\\\/bruxelles-capitale-de-la-mode-de-la-belgique-et-de-leurope\\\/#respond\"]}]},{\"@type\":\"WebPage\",\"@id\":\"https:\\\/\\\/www.belgae.be\\\/fr\\\/blog\\\/bruxelles-capitale-de-la-mode-de-la-belgique-et-de-leurope\\\/\",\"url\":\"https:\\\/\\\/www.belgae.be\\\/fr\\\/blog\\\/bruxelles-capitale-de-la-mode-de-la-belgique-et-de-leurope\\\/\",\"name\":\"Bruxelles : Capitale de la mode de la Belgique et de l'Europe | Belgae\",\"isPartOf\":{\"@id\":\"https:\\\/\\\/www.belgae.be\\\/fr\\\/#website\"},\"primaryImageOfPage\":{\"@id\":\"https:\\\/\\\/www.belgae.be\\\/fr\\\/blog\\\/bruxelles-capitale-de-la-mode-de-la-belgique-et-de-leurope\\\/#primaryimage\"},\"image\":{\"@id\":\"https:\\\/\\\/www.belgae.be\\\/fr\\\/blog\\\/bruxelles-capitale-de-la-mode-de-la-belgique-et-de-leurope\\\/#primaryimage\"},\"thumbnailUrl\":\"https:\\\/\\\/www.belgae.be\\\/fr\\\/wp-content\\\/uploads\\\/sites\\\/2\\\/2023\\\/08\\\/cyril_ge_Brussel_place_black_and_white_Franco-Belgian_comic_sty_0fd28d57-4e0f-4e0a-b3e1-1705c05874b8-9-1024x568-1.webp\",\"datePublished\":\"2023-08-02T17:23:07+00:00\",\"breadcrumb\":{\"@id\":\"https:\\\/\\\/www.belgae.be\\\/fr\\\/blog\\\/bruxelles-capitale-de-la-mode-de-la-belgique-et-de-leurope\\\/#breadcrumb\"},\"inLanguage\":\"fr-FR\",\"potentialAction\":[{\"@type\":\"ReadAction\",\"target\":[\"https:\\\/\\\/www.belgae.be\\\/fr\\\/blog\\\/bruxelles-capitale-de-la-mode-de-la-belgique-et-de-leurope\\\/\"]}]},{\"@type\":\"ImageObject\",\"inLanguage\":\"fr-FR\",\"@id\":\"https:\\\/\\\/www.belgae.be\\\/fr\\\/blog\\\/bruxelles-capitale-de-la-mode-de-la-belgique-et-de-leurope\\\/#primaryimage\",\"url\":\"https:\\\/\\\/www.belgae.be\\\/fr\\\/wp-content\\\/uploads\\\/sites\\\/2\\\/2023\\\/08\\\/cyril_ge_Brussel_place_black_and_white_Franco-Belgian_comic_sty_0fd28d57-4e0f-4e0a-b3e1-1705c05874b8-9-1024x568-1.webp\",\"contentUrl\":\"https:\\\/\\\/www.belgae.be\\\/fr\\\/wp-content\\\/uploads\\\/sites\\\/2\\\/2023\\\/08\\\/cyril_ge_Brussel_place_black_and_white_Franco-Belgian_comic_sty_0fd28d57-4e0f-4e0a-b3e1-1705c05874b8-9-1024x568-1.webp\"},{\"@type\":\"BreadcrumbList\",\"@id\":\"https:\\\/\\\/www.belgae.be\\\/fr\\\/blog\\\/bruxelles-capitale-de-la-mode-de-la-belgique-et-de-leurope\\\/#breadcrumb\",\"itemListElement\":[{\"@type\":\"ListItem\",\"position\":1,\"name\":\"Accueil\",\"item\":\"https:\\\/\\\/www.belgae.be\\\/fr\\\/\"},{\"@type\":\"ListItem\",\"position\":2,\"name\":\"Bruxelles : Capitale de la mode de la Belgique et de l&#8217;Europe\"}]},{\"@type\":\"WebSite\",\"@id\":\"https:\\\/\\\/www.belgae.be\\\/fr\\\/#website\",\"url\":\"https:\\\/\\\/www.belgae.be\\\/fr\\\/\",\"name\":\"Belgae\",\"description\":\"Art &amp; Mode Belge\",\"publisher\":{\"@id\":\"https:\\\/\\\/www.belgae.be\\\/fr\\\/#organization\"},\"potentialAction\":[{\"@type\":\"SearchAction\",\"target\":{\"@type\":\"EntryPoint\",\"urlTemplate\":\"https:\\\/\\\/www.belgae.be\\\/fr\\\/?s={search_term_string}\"},\"query-input\":{\"@type\":\"PropertyValueSpecification\",\"valueRequired\":true,\"valueName\":\"search_term_string\"}}],\"inLanguage\":\"fr-FR\"},{\"@type\":\"Organization\",\"@id\":\"https:\\\/\\\/www.belgae.be\\\/fr\\\/#organization\",\"name\":\"Belgae\",\"url\":\"https:\\\/\\\/www.belgae.be\\\/fr\\\/\",\"logo\":{\"@type\":\"ImageObject\",\"inLanguage\":\"fr-FR\",\"@id\":\"https:\\\/\\\/www.belgae.be\\\/fr\\\/#\\\/schema\\\/logo\\\/image\\\/\",\"url\":\"https:\\\/\\\/www.belgae.be\\\/fr\\\/wp-content\\\/uploads\\\/sites\\\/2\\\/2023\\\/07\\\/Sans-titre1-Copie.png\",\"contentUrl\":\"https:\\\/\\\/www.belgae.be\\\/fr\\\/wp-content\\\/uploads\\\/sites\\\/2\\\/2023\\\/07\\\/Sans-titre1-Copie.png\",\"width\":88,\"height\":88,\"caption\":\"Belgae\"},\"image\":{\"@id\":\"https:\\\/\\\/www.belgae.be\\\/fr\\\/#\\\/schema\\\/logo\\\/image\\\/\"}},{\"@type\":\"Person\",\"@id\":\"https:\\\/\\\/www.belgae.be\\\/fr\\\/#\\\/schema\\\/person\\\/646b40b88212bc5335f9c4fa787df047\",\"name\":\"Cyril Gendarme\",\"sameAs\":[\"https:\\\/\\\/www.belgae.be\"],\"url\":\"https:\\\/\\\/www.belgae.be\\\/fr\\\/blog\\\/author\\\/cgen\\\/\"}]}<\/script>\n<!-- \/ Yoast SEO plugin. -->","yoast_head_json":{"title":"Bruxelles : Capitale de la mode de la Belgique et de l'Europe | Belgae","robots":{"index":"index","follow":"follow","max-snippet":"max-snippet:-1","max-image-preview":"max-image-preview:large","max-video-preview":"max-video-preview:-1"},"canonical":"https:\/\/www.belgae.be\/fr\/blog\/bruxelles-capitale-de-la-mode-de-la-belgique-et-de-leurope\/","og_locale":"fr_FR","og_type":"article","og_title":"Bruxelles : Capitale de la mode de la Belgique et de l'Europe | Belgae","og_description":"Attachez vos ceintures, amateurs de mode ! Bruxelles n'est pas seulement la capitale de la Belgique ; c'est un d\u00e9fil\u00e9 \u00e9blouissant pour le style avant-gardiste europ\u00e9en.","og_url":"https:\/\/www.belgae.be\/fr\/blog\/bruxelles-capitale-de-la-mode-de-la-belgique-et-de-leurope\/","og_site_name":"Belgae","article_published_time":"2023-08-02T17:23:07+00:00","og_image":[{"url":"https:\/\/www.belgae.be\/imageHolder\/\/wp-content\/uploads\/sites\/2\/2023\/07\/loading-spinner-belgae.gif","type":"","width":"","height":""}],"author":"Cyril Gendarme","twitter_card":"summary_large_image","twitter_misc":{"\u00c9crit par":"Cyril Gendarme","Dur\u00e9e de lecture estim\u00e9e":"8 minutes"},"schema":{"@context":"https:\/\/schema.org","@graph":[{"@type":"Article","@id":"https:\/\/www.belgae.be\/fr\/blog\/bruxelles-capitale-de-la-mode-de-la-belgique-et-de-leurope\/#article","isPartOf":{"@id":"https:\/\/www.belgae.be\/fr\/blog\/bruxelles-capitale-de-la-mode-de-la-belgique-et-de-leurope\/"},"author":{"name":"Cyril Gendarme","@id":"https:\/\/www.belgae.be\/fr\/#\/schema\/person\/646b40b88212bc5335f9c4fa787df047"},"headline":"Bruxelles : Capitale de la mode de la Belgique et de l&#8217;Europe","datePublished":"2023-08-02T17:23:07+00:00","mainEntityOfPage":{"@id":"https:\/\/www.belgae.be\/fr\/blog\/bruxelles-capitale-de-la-mode-de-la-belgique-et-de-leurope\/"},"wordCount":1669,"commentCount":0,"publisher":{"@id":"https:\/\/www.belgae.be\/fr\/#organization"},"image":{"@id":"https:\/\/www.belgae.be\/fr\/blog\/bruxelles-capitale-de-la-mode-de-la-belgique-et-de-leurope\/#primaryimage"},"thumbnailUrl":"https:\/\/www.belgae.be\/fr\/wp-content\/uploads\/sites\/2\/2023\/08\/cyril_ge_Brussel_place_black_and_white_Franco-Belgian_comic_sty_0fd28d57-4e0f-4e0a-b3e1-1705c05874b8-9-1024x568-1.webp","articleSection":["Belgium"],"inLanguage":"fr-FR","potentialAction":[{"@type":"CommentAction","name":"Comment","target":["https:\/\/www.belgae.be\/fr\/blog\/bruxelles-capitale-de-la-mode-de-la-belgique-et-de-leurope\/#respond"]}]},{"@type":"WebPage","@id":"https:\/\/www.belgae.be\/fr\/blog\/bruxelles-capitale-de-la-mode-de-la-belgique-et-de-leurope\/","url":"https:\/\/www.belgae.be\/fr\/blog\/bruxelles-capitale-de-la-mode-de-la-belgique-et-de-leurope\/","name":"Bruxelles : Capitale de la mode de la Belgique et de l'Europe | Belgae","isPartOf":{"@id":"https:\/\/www.belgae.be\/fr\/#website"},"primaryImageOfPage":{"@id":"https:\/\/www.belgae.be\/fr\/blog\/bruxelles-capitale-de-la-mode-de-la-belgique-et-de-leurope\/#primaryimage"},"image":{"@id":"https:\/\/www.belgae.be\/fr\/blog\/bruxelles-capitale-de-la-mode-de-la-belgique-et-de-leurope\/#primaryimage"},"thumbnailUrl":"https:\/\/www.belgae.be\/fr\/wp-content\/uploads\/sites\/2\/2023\/08\/cyril_ge_Brussel_place_black_and_white_Franco-Belgian_comic_sty_0fd28d57-4e0f-4e0a-b3e1-1705c05874b8-9-1024x568-1.webp","datePublished":"2023-08-02T17:23:07+00:00","breadcrumb":{"@id":"https:\/\/www.belgae.be\/fr\/blog\/bruxelles-capitale-de-la-mode-de-la-belgique-et-de-leurope\/#breadcrumb"},"inLanguage":"fr-FR","potentialAction":[{"@type":"ReadAction","target":["https:\/\/www.belgae.be\/fr\/blog\/bruxelles-capitale-de-la-mode-de-la-belgique-et-de-leurope\/"]}]},{"@type":"ImageObject","inLanguage":"fr-FR","@id":"https:\/\/www.belgae.be\/fr\/blog\/bruxelles-capitale-de-la-mode-de-la-belgique-et-de-leurope\/#primaryimage","url":"https:\/\/www.belgae.be\/fr\/wp-content\/uploads\/sites\/2\/2023\/08\/cyril_ge_Brussel_place_black_and_white_Franco-Belgian_comic_sty_0fd28d57-4e0f-4e0a-b3e1-1705c05874b8-9-1024x568-1.webp","contentUrl":"https:\/\/www.belgae.be\/fr\/wp-content\/uploads\/sites\/2\/2023\/08\/cyril_ge_Brussel_place_black_and_white_Franco-Belgian_comic_sty_0fd28d57-4e0f-4e0a-b3e1-1705c05874b8-9-1024x568-1.webp"},{"@type":"BreadcrumbList","@id":"https:\/\/www.belgae.be\/fr\/blog\/bruxelles-capitale-de-la-mode-de-la-belgique-et-de-leurope\/#breadcrumb","itemListElement":[{"@type":"ListItem","position":1,"name":"Accueil","item":"https:\/\/www.belgae.be\/fr\/"},{"@type":"ListItem","position":2,"name":"Bruxelles : Capitale de la mode de la Belgique et de l&#8217;Europe"}]},{"@type":"WebSite","@id":"https:\/\/www.belgae.be\/fr\/#website","url":"https:\/\/www.belgae.be\/fr\/","name":"Belgae","description":"Art &amp; Mode Belge","publisher":{"@id":"https:\/\/www.belgae.be\/fr\/#organization"},"potentialAction":[{"@type":"SearchAction","target":{"@type":"EntryPoint","urlTemplate":"https:\/\/www.belgae.be\/fr\/?s={search_term_string}"},"query-input":{"@type":"PropertyValueSpecification","valueRequired":true,"valueName":"search_term_string"}}],"inLanguage":"fr-FR"},{"@type":"Organization","@id":"https:\/\/www.belgae.be\/fr\/#organization","name":"Belgae","url":"https:\/\/www.belgae.be\/fr\/","logo":{"@type":"ImageObject","inLanguage":"fr-FR","@id":"https:\/\/www.belgae.be\/fr\/#\/schema\/logo\/image\/","url":"https:\/\/www.belgae.be\/fr\/wp-content\/uploads\/sites\/2\/2023\/07\/Sans-titre1-Copie.png","contentUrl":"https:\/\/www.belgae.be\/fr\/wp-content\/uploads\/sites\/2\/2023\/07\/Sans-titre1-Copie.png","width":88,"height":88,"caption":"Belgae"},"image":{"@id":"https:\/\/www.belgae.be\/fr\/#\/schema\/logo\/image\/"}},{"@type":"Person","@id":"https:\/\/www.belgae.be\/fr\/#\/schema\/person\/646b40b88212bc5335f9c4fa787df047","name":"Cyril Gendarme","sameAs":["https:\/\/www.belgae.be"],"url":"https:\/\/www.belgae.be\/fr\/blog\/author\/cgen\/"}]}},"_links":{"self":[{"href":"https:\/\/www.belgae.be\/fr\/wp-json\/wp\/v2\/posts\/2886","targetHints":{"allow":["GET"]}}],"collection":[{"href":"https:\/\/www.belgae.be\/fr\/wp-json\/wp\/v2\/posts"}],"about":[{"href":"https:\/\/www.belgae.be\/fr\/wp-json\/wp\/v2\/types\/post"}],"author":[{"embeddable":true,"href":"https:\/\/www.belgae.be\/fr\/wp-json\/wp\/v2\/users\/1"}],"replies":[{"embeddable":true,"href":"https:\/\/www.belgae.be\/fr\/wp-json\/wp\/v2\/comments?post=2886"}],"version-history":[{"count":0,"href":"https:\/\/www.belgae.be\/fr\/wp-json\/wp\/v2\/posts\/2886\/revisions"}],"wp:featuredmedia":[{"embeddable":true,"href":"https:\/\/www.belgae.be\/fr\/wp-json\/"}],"wp:attachment":[{"href":"https:\/\/www.belgae.be\/fr\/wp-json\/wp\/v2\/media?parent=2886"}],"wp:term":[{"taxonomy":"category","embeddable":true,"href":"https:\/\/www.belgae.be\/fr\/wp-json\/wp\/v2\/categories?post=2886"},{"taxonomy":"post_tag","embeddable":true,"href":"https:\/\/www.belgae.be\/fr\/wp-json\/wp\/v2\/tags?post=2886"}],"curies":[{"name":"wp","href":"https:\/\/api.w.org\/{rel}","templated":true}]}}