{"id":2880,"date":"2023-08-02T17:17:36","date_gmt":"2023-08-02T17:17:36","guid":{"rendered":"https:\/\/www.belgae.be\/fr\/blog\/ecoles-de-mode-en-belgique-top-9\/"},"modified":"2023-08-03T08:23:04","modified_gmt":"2023-08-03T08:23:04","slug":"ecoles-de-mode-en-belgique-top-9","status":"publish","type":"post","link":"https:\/\/www.belgae.be\/fr\/blog\/ecoles-de-mode-en-belgique-top-9\/","title":{"rendered":"\u00c9coles de Mode en Belgique (Top #9)"},"content":{"rendered":"<p>Pr\u00e9parez-vous \u00e0 exhiber votre style sur le podium mondial ! La Belgique abrite certaines des \u00e9coles de mode les plus prestigieuses du monde. Plongeons au c\u0153ur de ce foyer de cr\u00e9ativit\u00e9 et explorons les 9 meilleures acad\u00e9mies de mode belges qui fa\u00e7onnent les tendances futures.<\/p>\n<p>Ils ne se contentent pas d&#8217;enseigner le design &#8211; ils fa\u00e7onnent des visionnaires du couture, inspirant une esth\u00e9tique audacieuse et des concepts innovants. Pr\u00eat pour un voyage vestimentaire ?<\/p>\n<p>Continuez \u00e0 lire !<\/p>\n<section class=\"contentTable_table\">\n<p class=\"contentTable_title\">Table des mati\u00e8res :<\/p>\n<p class=\"contentTable_elem\"><a href=\"#balise_0\">1. Le Cambre &#8211; Bruxelles<\/a><\/p>\n<p class=\"contentTable_elem\"><a href=\"#balise_1\">2. Acad\u00e9mie Royale des Beaux-Arts &#8211; Anvers\/Gand<\/a><\/p>\n<p class=\"contentTable_elem\"><a href=\"#balise_2\">3. Institut Fran\u00e7ais de la Mode &#8211; Anvers<\/a><\/p>\n<p class=\"contentTable_elem\"><a href=\"#balise_3\">4. Acad\u00e9mie de Mode d&#8217;Anvers &#8211; Anvers<\/a><\/p>\n<p class=\"contentTable_elem\"><a href=\"#balise_4\">5. Acad\u00e9mie Royale des Beaux-Arts &#8211; Bruxelles<\/a><\/p>\n<p class=\"contentTable_elem\"><a href=\"#balise_5\">6. Le Lyc\u00e9e Francisco Ferrer &#8211; Bruxelles<\/a><\/p>\n<p class=\"contentTable_elem\"><a href=\"#balise_6\">7. Le Lyc\u00e9e Albert Jacquard &#8211; Namur<\/a><\/p>\n<p class=\"contentTable_elem\"><a href=\"#balise_7\">8. \u00c9cole des Arts LUCA &#8211; Namur<\/a><\/p>\n<\/section>\n<p><img loading=\"lazy\" decoding=\"async\" class=\"lazyload articleImageSquare_CGEN\" src=\"https:\/\/www.belgae.be\/imageHolder\/\/wp-content\/uploads\/sites\/2\/2023\/07\/loading-spinner-belgae.gif\" alt=\"tmpa57z5q_j\" width=\"400\" height=\"400\" data-src=\"https:\/\/www.belgae.be\/imageHolder\/\/wp-content\/uploads\/sites\/2\/2023\/08\/tmpa57z5q_j.jpg\" \/><\/p>\n<h2 id=\"balise_0\">Le Cambre &#8211; Bruxelles<\/h2>\n<p>Si vous cherchez \u00e0 plonger dans la sc\u00e8ne de mode vibrante en Belgique, The Cambre est l&#8217;endroit id\u00e9al. Situ\u00e9 au c\u0153ur de Bruxelles, cet \u00e9tablissement prestigieux offre une gamme vari\u00e9e de programmes adapt\u00e9s aux aspirants designers et artistes.<\/p>\n<p>Que votre passion soit le design vestimentaire, l&#8217;art textile ou m\u00eame la cr\u00e9ation de costumes pour le th\u00e9\u00e2tre et le cin\u00e9ma, The Cambre r\u00e9pondra \u00e0 vos besoins. Avec un accent sur la cr\u00e9ativit\u00e9 et l&#8217;innovation, cette \u00e9cole fournit un environnement propice qui encourage l\u2019exp\u00e9rimentation et repousse les limites.<\/p>\n<p>Leur programme allie formation pratique avec connaissance th\u00e9orique pour assurer que les dipl\u00f4m\u00e9s sont des professionnels complets pr\u00eats \u00e0 faire leur marque sur l&#8217;industrie. Chez The Cambre on pr\u00e9pare non seulement des experts techniques mais aussi des visionnaires capables d&#8217;influencer positivement le monde du design.<\/p>\n<p><img loading=\"lazy\" decoding=\"async\" class=\"lazyload articleImageSquare_CGEN\" src=\"https:\/\/www.belgae.be\/imageHolder\/\/wp-content\/uploads\/sites\/2\/2023\/07\/loading-spinner-belgae.gif\" alt=\"tmpso3miqyh\" width=\"400\" height=\"400\" data-src=\"https:\/\/www.belgae.be\/imageHolder\/\/wp-content\/uploads\/sites\/2\/2023\/08\/tmpso3miqyh.jpg\" \/><\/p>\n<h2 id=\"balise_1\">Acad\u00e9mie Royale des Beaux-Arts &#8211; Anvers\/Gand<\/h2>\n<p>En mati\u00e8re d&#8217;\u00e9coles de mode en Belgique, l&#8217;Acad\u00e9mie Royale des Beaux-Arts situ\u00e9e \u00e0 Anvers et \u00e0 Gand est incontournable. Cette institution renomm\u00e9e a form\u00e9 certains des noms les plus influents de la mode belge, dont Dries Van Noten et Martin Margiela.<\/p>\n<p>Reconnue pour son approche avant-gardiste de l&#8217;enseignement du design, cette acad\u00e9mie favorise l&#8217;individualit\u00e9 tout en inculquant une solide expertise technique \u00e0 ses \u00e9l\u00e8ves. L&#8217;acc\u00e8s \u00e0 des installations ultramodernes associ\u00e9 aux collaborations avec diverses disciplines artistiques comme la photographie ou le design graphique propos\u00e9es par les d\u00e9partements s\u0153urs au sein de ces acad\u00e9mies assure une exp\u00e9rience d&#8217;apprentissage interdisciplinaire sans \u00e9gale.<\/p>\n<p><img loading=\"lazy\" decoding=\"async\" class=\"lazyload articleImageSquare_CGEN\" src=\"https:\/\/www.belgae.be\/imageHolder\/\/wp-content\/uploads\/sites\/2\/2023\/07\/loading-spinner-belgae.gif\" alt=\"tmpi8f4ot0_\" width=\"400\" height=\"400\" data-src=\"https:\/\/www.belgae.be\/imageHolder\/\/wp-content\/uploads\/sites\/2\/2023\/08\/tmpi8f4ot0_.jpg\" \/><\/p>\n<h2 id=\"balise_2\">Institut Fran\u00e7ais de la Mode &#8211; Anvers<\/h2>\n<p>Pour ceux qui cherchent une \u00e9ducation plus sp\u00e9cialis\u00e9e, centr\u00e9e uniquement sur le monde des marques de luxe haut de gamme et l&#8217;artisanat de couture, ne cherchez pas plus loin que l&#8217;Institut Fran\u00e7ais De La Mode situ\u00e9 ici m\u00eame au milieu de tout ce qui est \u00e0 la mode &#8211; Anvers! Cet institut se vante d&#8217;offrir des cours intensifs enseign\u00e9s exclusivement par des professionnels du secteur ayant travaill\u00e9 en \u00e9troite collaboration avec des maisons estim\u00e9es comme Chanel ou Givenchy elles-m\u00eames!<\/p>\n<p>L\u2019attraction du talent international venant de tous les horizons gr\u00e2ce \u00e0 sa r\u00e9putation seule en dit long sur ce qui attend les futurs \u00e9tudiants dans cet \u00e9tablissement prestigieux d\u00e9di\u00e9 enti\u00e8rement \u00e0 l\u2019art de la mode.<\/p>\n<p><img loading=\"lazy\" decoding=\"async\" class=\"lazyload articleImageSquare_CGEN\" src=\"https:\/\/www.belgae.be\/imageHolder\/\/wp-content\/uploads\/sites\/2\/2023\/07\/loading-spinner-belgae.gif\" alt=\"tmpai4hwahb\" width=\"400\" height=\"400\" data-src=\"https:\/\/www.belgae.be\/imageHolder\/\/wp-content\/uploads\/sites\/2\/2023\/08\/tmpai4hwahb.jpg\" \/><\/p>\n<h2 id=\"balise_3\">Acad\u00e9mie de Mode d&#8217;Anvers &#8211; Anvers<\/h2>\n<p>Si l&#8217;id\u00e9e est de trouver une institution dynamique et visionnaire qui repousse les limites en mati\u00e8re de design et de concept, l&#8217;Acad\u00e9mie de Mode d&#8217;Anvers doit \u00eatre consid\u00e9r\u00e9e. Cette \u00e9cole avant-gardiste a acquis une reconnaissance mondiale pour son approche non conventionnelle dans l&#8217;\u00e9ducation \u00e0 la mode.<\/p>\n<p>Mettant un accent particulier sur la cr\u00e9ativit\u00e9, l&#8217;exp\u00e9rimentation et la pens\u00e9e conceptuelle, elle incite ses \u00e9tudiants \u00e0 d\u00e9fier les normes traditionnelles tout en d\u00e9veloppant leur propre voix artistique. L\u2019acad\u00e9mie accorde \u00e9galement une grande importance aux collaborations industrielles et \u00e0 l&#8217;exposition internationale afin que ses dipl\u00f4m\u00e9s puissent s&#8217;int\u00e9grer sans heurts dans des carri\u00e8res r\u00e9ussies au sein du monde de la mode.<\/p>\n<p><img loading=\"lazy\" decoding=\"async\" class=\"lazyload articleImageSquare_CGEN\" src=\"https:\/\/www.belgae.be\/imageHolder\/\/wp-content\/uploads\/sites\/2\/2023\/07\/loading-spinner-belgae.gif\" alt=\"tmpuxyi8kn\" width=\"400\" height=\"400\" data-src=\"https:\/\/www.belgae.be\/imageHolder\/\/wp-content\/uploads\/sites\/2\/2023\/08\/tmpuxyi8kn5.jpg\" \/><\/p>\n<h2 id=\"balise_4\">Acad\u00e9mie Royale des Beaux-Arts &#8211; Bruxelles<\/h2>\n<p>Situ\u00e9e dans la capitale de la Belgique, l&#8217;Acad\u00e9mie Royale des Beaux-Arts propose divers programmes. Ces derniers sont destin\u00e9s non seulement aux designers en herbe, mais aussi aux stylistes, photographes ou m\u00eame journalistes d\u00e9sireux d&#8217;approfondir leur compr\u00e9hension de diff\u00e9rents aspects de cette industrie polyvalente.<\/p>\n<p>R\u00e9put\u00e9e pour son programme complet qui allie comp\u00e9tences pratiques et capacit\u00e9s de r\u00e9flexion critique \u00e0 travers des disciplines telles que le design graphique ou les arts textiles. Cette approche garantit que les \u00e9tudiants dipl\u00f4m\u00e9s disposent d&#8217;un ensemble de comp\u00e9tences polyvalentes pr\u00eates \u00e0 relever tous les d\u00e9fis qui se pr\u00e9sentent!<\/p>\n<p>L&#8217;excellence du curriculum permet aux futurs professionnels d&#8217;avoir une vision claire et pr\u00e9cise du monde artistique moderne. L&#8217;\u00e9tablissement fournit toutes les armes n\u00e9cessaires pour conqu\u00e9rir l&#8217;industrie cr\u00e9ative avec confiance et assurance.<\/p>\n<p><img loading=\"lazy\" decoding=\"async\" class=\"lazyload articleImageSquare_CGEN\" src=\"https:\/\/www.belgae.be\/imageHolder\/\/wp-content\/uploads\/sites\/2\/2023\/07\/loading-spinner-belgae.gif\" alt=\"tmpjgnqalsa\" width=\"400\" height=\"400\" data-src=\"https:\/\/www.belgae.be\/imageHolder\/\/wp-content\/uploads\/sites\/2\/2023\/08\/tmpjgnqalsa.jpg\" \/><\/p>\n<h2 id=\"balise_5\">Le Lyc\u00e9e Francisco Ferrer &#8211; Bruxelles<\/h2>\n<p>Pour ceux qui cherchent un point d&#8217;entr\u00e9e plus accessible dans le monde de l&#8217;\u00e9ducation \u00e0 la mode au niveau secondaire, ne cherchez pas plus loin que le Lyc\u00e9e Francisco Ferrer situ\u00e9 ici m\u00eame, au coeur de tout ce qui est \u00e0 la mode &#8211; Bruxelles!<\/p>\n<p>Ce sont les cours sp\u00e9cialis\u00e9s destin\u00e9s uniquement \u00e0 nourrir les cr\u00e9atifs en herbe d\u00e8s leur jeune \u00e2ge qui distinguent cet \u00e9tablissement des autres. En offrant une exp\u00e9rience pratique gr\u00e2ce aux ateliers dirig\u00e9s par des professionnels et un savoir th\u00e9orique dispens\u00e9 par des enseignants exp\u00e9riment\u00e9s, on garantit un d\u00e9veloppement holistique chez les jeunes esprits passionn\u00e9s par une carri\u00e8re dans la mode!<\/p>\n<p>La formation pratique alli\u00e9e \u00e0 l&#8217;apprentissage th\u00e9orique permet d&#8217;assurer le d\u00e9veloppement complet des futurs talents du monde de la mode. C&#8217;est cette approche int\u00e9grale qui fait du Lyc\u00e9e Francisco Ferrer une institution unique en son genre pour quiconque r\u00eave d&#8217;une carri\u00e8re brillante dans l&#8217;univers glamour et exigeant de la haute couture.<\/p>\n<p><img loading=\"lazy\" decoding=\"async\" class=\"lazyload articleImageSquare_CGEN\" src=\"https:\/\/www.belgae.be\/imageHolder\/\/wp-content\/uploads\/sites\/2\/2023\/07\/loading-spinner-belgae.gif\" alt=\"tmp0f49prc\" width=\"400\" height=\"400\" data-src=\"https:\/\/www.belgae.be\/imageHolder\/\/wp-content\/uploads\/sites\/2\/2023\/08\/tmp0f49prc3.jpg\" \/><\/p>\n<h2 id=\"balise_6\">Le Lyc\u00e9e Albert Jacquard &#8211; Namur<\/h2>\n<p>Situ\u00e9e \u00e0 Namur, une autre perle des institutions \u00e9ducatives belges se d\u00e9die enti\u00e8rement \u00e0 la formation des talents de demain dans le domaine des industries cr\u00e9atives, y compris mais sans s&#8217;y limiter&#8230;la mode! L&#8217;\u00c9cole Sup\u00e9rieure Albert Jacquard offre un programme d&#8217;\u00e9tudes complet qui allie connaissances th\u00e9oriques et comp\u00e9tences pratiques, offrant aux \u00e9tudiants une \u00e9ducation bien structur\u00e9e.<\/p>\n<p>Gr\u00e2ce aux collaborations et partenariats \u00e9tablis au sein m\u00eame de l&#8217;industrie, cette \u00e9cole assure que ses dipl\u00f4m\u00e9s sont \u00e9quip\u00e9s non seulement d&#8217;une expertise technique mais aussi d&#8217;une exp\u00e9rience concr\u00e8te pour prosp\u00e9rer dans leur domaine choisi!<\/p>\n<p>Une institution reconnue pour sa qualit\u00e9 p\u00e9dagogique. Les \u00e9tudiants b\u00e9n\u00e9ficient non seulement d&#8217;un enseignement approfondi mais \u00e9galement de contacts professionnels pr\u00e9cieux. De quoi pr\u00e9parer efficacement les futurs leaders du monde cr\u00e9atif.<\/p>\n<p>L&#8217;\u00e9cole sup\u00e9rieure Albert Jacquard est plus qu&#8217;un lieu d&#8217;apprentissage. C&#8217;est un tremplin vers un avenir prometteur dans les industries cr\u00e9atives. Une v\u00e9ritable passerelle entre la salle de classe et le march\u00e9 du travail comp\u00e9titif.<\/p>\n<p><img loading=\"lazy\" decoding=\"async\" class=\"lazyload articleImageSquare_CGEN\" src=\"https:\/\/www.belgae.be\/imageHolder\/\/wp-content\/uploads\/sites\/2\/2023\/07\/loading-spinner-belgae.gif\" alt=\"tmpf1rhpufl\" width=\"400\" height=\"400\" data-src=\"https:\/\/www.belgae.be\/imageHolder\/\/wp-content\/uploads\/sites\/2\/2023\/08\/tmpf1rhpufl.jpg\" \/><\/p>\n<h2 id=\"balise_7\">\u00c9cole des Arts LUCA &#8211; Namur<\/h2>\n<p>En derni\u00e8re position, mais certainement pas des moindres sur notre liste, se trouve l&#8217;\u00e9cole LUCA School of Arts situ\u00e9e \u00e0 Namur. Cet \u00e9tablissement se targue de favoriser la cr\u00e9ativit\u00e9 gr\u00e2ce \u00e0 des exp\u00e9riences d&#8217;apprentissage interdisciplinaires dans divers domaines artistiques, dont le design de mode.<\/p>\n<p>Avec un accent mis sur l&#8217;individualit\u00e9 et l&#8217;expression personnelle, LUCA pousse les \u00e9tudiants \u00e0 explorer leur propre voix unique tout en affinant leurs comp\u00e9tences techniques. L&#8217;environnement soutenant de l&#8217;\u00e9cole permet aux designers en herbe d&#8217;exp\u00e9rimenter librement et de repousser les limites cr\u00e9atives &#8211; toutes qualit\u00e9s essentielles pour r\u00e9ussir dans le paysage changeant du monde fashion actuel.<\/p>\n<p>Pour conclure, la Belgique peut se vanter d&#8217;un impressionnant \u00e9ventail d&#8217;\u00e9coles de mode offrant diverses opportunit\u00e9s \u00e9ducatives pour les designers aspirants. Que vous soyez attir\u00e9 par une exp\u00e9rimentation avant-gardiste ou un artisanat classique, il y a forc\u00e9ment un programme qui correspond parfaitement \u00e0 vos aspirations cr\u00e9atives!<\/p>\n<section class=\"cgen-outboundLinksSection\">\n<h2>Pour\u00a0approfondir le sujet<\/h2>\n<p>Quelques sources, ressources et r\u00e9f\u00e9rences :<\/p>\n<ul>\n<li><a href=\"https:\/\/www.lacambre.be\/en\" target=\"_blank\" rel=\"nofollow noopener\">\u00c9cole nationale sup\u00e9rieure des arts visuels de La Cambre (ENSAV)<\/a><\/li>\n<li><a href=\"https:\/\/www.ap-arts.be\/en\/education\/fashion\" target=\"_blank\" rel=\"nofollow noopener\">Fashion | Royal Academy of Fine Arts Antwerp<\/a><\/li>\n<li><a href=\"https:\/\/antwerp-fashion.be\/\" target=\"_blank\" rel=\"nofollow noopener\">Antwerp Fashion Department<\/a><\/li>\n<li><a href=\"https:\/\/arba-esa.be\/en\" target=\"_blank\" rel=\"nofollow noopener\">Homepage | Arba ESA<\/a><\/li>\n<li><a href=\"https:\/\/www.he-ferrer.eu\/\" target=\"_blank\" rel=\"nofollow noopener\">Haute Ecole Francisco Ferrer<\/a><\/li>\n<li><a href=\"https:\/\/www.heaj.be\/en\/\" target=\"_blank\" rel=\"nofollow noopener\">Haute Ecole Albert Jacquard<\/a><\/li>\n<li><a href=\"https:\/\/luca-arts.be\/en\" target=\"_blank\" rel=\"nofollow noopener\">LUCA | School of Arts<\/a><\/li>\n<\/ul>\n<\/section>\n","protected":false},"excerpt":{"rendered":"<p>Pr\u00e9parez-vous \u00e0 exhiber votre style sur le podium mondial ! La Belgique abrite certaines des \u00e9coles de mode les plus prestigieuses du monde.<\/p>\n","protected":false},"author":1,"featured_media":4611,"comment_status":"open","ping_status":"closed","sticky":false,"template":"","format":"standard","meta":{"_acf_changed":false,"_et_pb_use_builder":"","_et_pb_old_content":"","_et_gb_content_width":"","footnotes":""},"categories":[39],"tags":[],"class_list":["post-2880","post","type-post","status-publish","format-standard","has-post-thumbnail","hentry","category-belgium"],"acf":[],"yoast_head":"<!-- This site is optimized with the Yoast SEO plugin v27.5 - https:\/\/yoast.com\/product\/yoast-seo-wordpress\/ -->\n<title>\u00c9coles de Mode en Belgique (Top #9) | Belgae<\/title>\n<meta name=\"robots\" content=\"index, follow, max-snippet:-1, max-image-preview:large, max-video-preview:-1\" \/>\n<link rel=\"canonical\" href=\"https:\/\/www.belgae.be\/fr\/blog\/ecoles-de-mode-en-belgique-top-9\/\" \/>\n<meta property=\"og:locale\" content=\"fr_FR\" \/>\n<meta property=\"og:type\" content=\"article\" \/>\n<meta property=\"og:title\" content=\"\u00c9coles de Mode en Belgique (Top #9) | Belgae\" \/>\n<meta property=\"og:description\" content=\"Pr\u00e9parez-vous \u00e0 exhiber votre style sur le podium mondial ! La Belgique abrite certaines des \u00e9coles de mode les plus prestigieuses du monde.\" \/>\n<meta property=\"og:url\" content=\"https:\/\/www.belgae.be\/fr\/blog\/ecoles-de-mode-en-belgique-top-9\/\" \/>\n<meta property=\"og:site_name\" content=\"Belgae\" \/>\n<meta property=\"article:published_time\" content=\"2023-08-02T17:17:36+00:00\" \/>\n<meta property=\"article:modified_time\" content=\"2023-08-03T08:23:04+00:00\" \/>\n<meta name=\"author\" content=\"Cyril Gendarme\" \/>\n<meta name=\"twitter:card\" content=\"summary_large_image\" \/>\n<meta name=\"twitter:label1\" content=\"\u00c9crit par\" \/>\n\t<meta name=\"twitter:data1\" content=\"Cyril Gendarme\" \/>\n\t<meta name=\"twitter:label2\" content=\"Dur\u00e9e de lecture estim\u00e9e\" \/>\n\t<meta name=\"twitter:data2\" content=\"8 minutes\" \/>\n<script type=\"application\/ld+json\" class=\"yoast-schema-graph\">{\"@context\":\"https:\\\/\\\/schema.org\",\"@graph\":[{\"@type\":\"Article\",\"@id\":\"https:\\\/\\\/www.belgae.be\\\/fr\\\/blog\\\/ecoles-de-mode-en-belgique-top-9\\\/#article\",\"isPartOf\":{\"@id\":\"https:\\\/\\\/www.belgae.be\\\/fr\\\/blog\\\/ecoles-de-mode-en-belgique-top-9\\\/\"},\"author\":{\"name\":\"Cyril Gendarme\",\"@id\":\"https:\\\/\\\/www.belgae.be\\\/fr\\\/#\\\/schema\\\/person\\\/646b40b88212bc5335f9c4fa787df047\"},\"headline\":\"\u00c9coles de Mode en Belgique (Top #9)\",\"datePublished\":\"2023-08-02T17:17:36+00:00\",\"dateModified\":\"2023-08-03T08:23:04+00:00\",\"mainEntityOfPage\":{\"@id\":\"https:\\\/\\\/www.belgae.be\\\/fr\\\/blog\\\/ecoles-de-mode-en-belgique-top-9\\\/\"},\"wordCount\":1410,\"commentCount\":0,\"publisher\":{\"@id\":\"https:\\\/\\\/www.belgae.be\\\/fr\\\/#organization\"},\"image\":{\"@id\":\"https:\\\/\\\/www.belgae.be\\\/fr\\\/blog\\\/ecoles-de-mode-en-belgique-top-9\\\/#primaryimage\"},\"thumbnailUrl\":\"https:\\\/\\\/www.belgae.be\\\/fr\\\/wp-content\\\/uploads\\\/sites\\\/2\\\/2023\\\/08\\\/cyril_ge_a_school_of_stylism_with_a_teach_and_some_students_Fra_3786a2e1-a834-435b-acb6-fc1d417bad56-Copie-1024x567-1.jpg\",\"articleSection\":[\"Belgium\"],\"inLanguage\":\"fr-FR\",\"potentialAction\":[{\"@type\":\"CommentAction\",\"name\":\"Comment\",\"target\":[\"https:\\\/\\\/www.belgae.be\\\/fr\\\/blog\\\/ecoles-de-mode-en-belgique-top-9\\\/#respond\"]}]},{\"@type\":\"WebPage\",\"@id\":\"https:\\\/\\\/www.belgae.be\\\/fr\\\/blog\\\/ecoles-de-mode-en-belgique-top-9\\\/\",\"url\":\"https:\\\/\\\/www.belgae.be\\\/fr\\\/blog\\\/ecoles-de-mode-en-belgique-top-9\\\/\",\"name\":\"\u00c9coles de Mode en Belgique (Top #9) | Belgae\",\"isPartOf\":{\"@id\":\"https:\\\/\\\/www.belgae.be\\\/fr\\\/#website\"},\"primaryImageOfPage\":{\"@id\":\"https:\\\/\\\/www.belgae.be\\\/fr\\\/blog\\\/ecoles-de-mode-en-belgique-top-9\\\/#primaryimage\"},\"image\":{\"@id\":\"https:\\\/\\\/www.belgae.be\\\/fr\\\/blog\\\/ecoles-de-mode-en-belgique-top-9\\\/#primaryimage\"},\"thumbnailUrl\":\"https:\\\/\\\/www.belgae.be\\\/fr\\\/wp-content\\\/uploads\\\/sites\\\/2\\\/2023\\\/08\\\/cyril_ge_a_school_of_stylism_with_a_teach_and_some_students_Fra_3786a2e1-a834-435b-acb6-fc1d417bad56-Copie-1024x567-1.jpg\",\"datePublished\":\"2023-08-02T17:17:36+00:00\",\"dateModified\":\"2023-08-03T08:23:04+00:00\",\"breadcrumb\":{\"@id\":\"https:\\\/\\\/www.belgae.be\\\/fr\\\/blog\\\/ecoles-de-mode-en-belgique-top-9\\\/#breadcrumb\"},\"inLanguage\":\"fr-FR\",\"potentialAction\":[{\"@type\":\"ReadAction\",\"target\":[\"https:\\\/\\\/www.belgae.be\\\/fr\\\/blog\\\/ecoles-de-mode-en-belgique-top-9\\\/\"]}]},{\"@type\":\"ImageObject\",\"inLanguage\":\"fr-FR\",\"@id\":\"https:\\\/\\\/www.belgae.be\\\/fr\\\/blog\\\/ecoles-de-mode-en-belgique-top-9\\\/#primaryimage\",\"url\":\"https:\\\/\\\/www.belgae.be\\\/fr\\\/wp-content\\\/uploads\\\/sites\\\/2\\\/2023\\\/08\\\/cyril_ge_a_school_of_stylism_with_a_teach_and_some_students_Fra_3786a2e1-a834-435b-acb6-fc1d417bad56-Copie-1024x567-1.jpg\",\"contentUrl\":\"https:\\\/\\\/www.belgae.be\\\/fr\\\/wp-content\\\/uploads\\\/sites\\\/2\\\/2023\\\/08\\\/cyril_ge_a_school_of_stylism_with_a_teach_and_some_students_Fra_3786a2e1-a834-435b-acb6-fc1d417bad56-Copie-1024x567-1.jpg\"},{\"@type\":\"BreadcrumbList\",\"@id\":\"https:\\\/\\\/www.belgae.be\\\/fr\\\/blog\\\/ecoles-de-mode-en-belgique-top-9\\\/#breadcrumb\",\"itemListElement\":[{\"@type\":\"ListItem\",\"position\":1,\"name\":\"Accueil\",\"item\":\"https:\\\/\\\/www.belgae.be\\\/fr\\\/\"},{\"@type\":\"ListItem\",\"position\":2,\"name\":\"\u00c9coles de Mode en Belgique (Top #9)\"}]},{\"@type\":\"WebSite\",\"@id\":\"https:\\\/\\\/www.belgae.be\\\/fr\\\/#website\",\"url\":\"https:\\\/\\\/www.belgae.be\\\/fr\\\/\",\"name\":\"Belgae\",\"description\":\"Art &amp; Mode Belge\",\"publisher\":{\"@id\":\"https:\\\/\\\/www.belgae.be\\\/fr\\\/#organization\"},\"potentialAction\":[{\"@type\":\"SearchAction\",\"target\":{\"@type\":\"EntryPoint\",\"urlTemplate\":\"https:\\\/\\\/www.belgae.be\\\/fr\\\/?s={search_term_string}\"},\"query-input\":{\"@type\":\"PropertyValueSpecification\",\"valueRequired\":true,\"valueName\":\"search_term_string\"}}],\"inLanguage\":\"fr-FR\"},{\"@type\":\"Organization\",\"@id\":\"https:\\\/\\\/www.belgae.be\\\/fr\\\/#organization\",\"name\":\"Belgae\",\"url\":\"https:\\\/\\\/www.belgae.be\\\/fr\\\/\",\"logo\":{\"@type\":\"ImageObject\",\"inLanguage\":\"fr-FR\",\"@id\":\"https:\\\/\\\/www.belgae.be\\\/fr\\\/#\\\/schema\\\/logo\\\/image\\\/\",\"url\":\"https:\\\/\\\/www.belgae.be\\\/fr\\\/wp-content\\\/uploads\\\/sites\\\/2\\\/2023\\\/07\\\/Sans-titre1-Copie.png\",\"contentUrl\":\"https:\\\/\\\/www.belgae.be\\\/fr\\\/wp-content\\\/uploads\\\/sites\\\/2\\\/2023\\\/07\\\/Sans-titre1-Copie.png\",\"width\":88,\"height\":88,\"caption\":\"Belgae\"},\"image\":{\"@id\":\"https:\\\/\\\/www.belgae.be\\\/fr\\\/#\\\/schema\\\/logo\\\/image\\\/\"}},{\"@type\":\"Person\",\"@id\":\"https:\\\/\\\/www.belgae.be\\\/fr\\\/#\\\/schema\\\/person\\\/646b40b88212bc5335f9c4fa787df047\",\"name\":\"Cyril Gendarme\",\"sameAs\":[\"https:\\\/\\\/www.belgae.be\"],\"url\":\"https:\\\/\\\/www.belgae.be\\\/fr\\\/blog\\\/author\\\/cgen\\\/\"}]}<\/script>\n<!-- \/ Yoast SEO plugin. -->","yoast_head_json":{"title":"\u00c9coles de Mode en Belgique (Top #9) | Belgae","robots":{"index":"index","follow":"follow","max-snippet":"max-snippet:-1","max-image-preview":"max-image-preview:large","max-video-preview":"max-video-preview:-1"},"canonical":"https:\/\/www.belgae.be\/fr\/blog\/ecoles-de-mode-en-belgique-top-9\/","og_locale":"fr_FR","og_type":"article","og_title":"\u00c9coles de Mode en Belgique (Top #9) | Belgae","og_description":"Pr\u00e9parez-vous \u00e0 exhiber votre style sur le podium mondial ! La Belgique abrite certaines des \u00e9coles de mode les plus prestigieuses du monde.","og_url":"https:\/\/www.belgae.be\/fr\/blog\/ecoles-de-mode-en-belgique-top-9\/","og_site_name":"Belgae","article_published_time":"2023-08-02T17:17:36+00:00","article_modified_time":"2023-08-03T08:23:04+00:00","author":"Cyril Gendarme","twitter_card":"summary_large_image","twitter_misc":{"\u00c9crit par":"Cyril Gendarme","Dur\u00e9e de lecture estim\u00e9e":"8 minutes"},"schema":{"@context":"https:\/\/schema.org","@graph":[{"@type":"Article","@id":"https:\/\/www.belgae.be\/fr\/blog\/ecoles-de-mode-en-belgique-top-9\/#article","isPartOf":{"@id":"https:\/\/www.belgae.be\/fr\/blog\/ecoles-de-mode-en-belgique-top-9\/"},"author":{"name":"Cyril Gendarme","@id":"https:\/\/www.belgae.be\/fr\/#\/schema\/person\/646b40b88212bc5335f9c4fa787df047"},"headline":"\u00c9coles de Mode en Belgique (Top #9)","datePublished":"2023-08-02T17:17:36+00:00","dateModified":"2023-08-03T08:23:04+00:00","mainEntityOfPage":{"@id":"https:\/\/www.belgae.be\/fr\/blog\/ecoles-de-mode-en-belgique-top-9\/"},"wordCount":1410,"commentCount":0,"publisher":{"@id":"https:\/\/www.belgae.be\/fr\/#organization"},"image":{"@id":"https:\/\/www.belgae.be\/fr\/blog\/ecoles-de-mode-en-belgique-top-9\/#primaryimage"},"thumbnailUrl":"https:\/\/www.belgae.be\/fr\/wp-content\/uploads\/sites\/2\/2023\/08\/cyril_ge_a_school_of_stylism_with_a_teach_and_some_students_Fra_3786a2e1-a834-435b-acb6-fc1d417bad56-Copie-1024x567-1.jpg","articleSection":["Belgium"],"inLanguage":"fr-FR","potentialAction":[{"@type":"CommentAction","name":"Comment","target":["https:\/\/www.belgae.be\/fr\/blog\/ecoles-de-mode-en-belgique-top-9\/#respond"]}]},{"@type":"WebPage","@id":"https:\/\/www.belgae.be\/fr\/blog\/ecoles-de-mode-en-belgique-top-9\/","url":"https:\/\/www.belgae.be\/fr\/blog\/ecoles-de-mode-en-belgique-top-9\/","name":"\u00c9coles de Mode en Belgique (Top #9) | Belgae","isPartOf":{"@id":"https:\/\/www.belgae.be\/fr\/#website"},"primaryImageOfPage":{"@id":"https:\/\/www.belgae.be\/fr\/blog\/ecoles-de-mode-en-belgique-top-9\/#primaryimage"},"image":{"@id":"https:\/\/www.belgae.be\/fr\/blog\/ecoles-de-mode-en-belgique-top-9\/#primaryimage"},"thumbnailUrl":"https:\/\/www.belgae.be\/fr\/wp-content\/uploads\/sites\/2\/2023\/08\/cyril_ge_a_school_of_stylism_with_a_teach_and_some_students_Fra_3786a2e1-a834-435b-acb6-fc1d417bad56-Copie-1024x567-1.jpg","datePublished":"2023-08-02T17:17:36+00:00","dateModified":"2023-08-03T08:23:04+00:00","breadcrumb":{"@id":"https:\/\/www.belgae.be\/fr\/blog\/ecoles-de-mode-en-belgique-top-9\/#breadcrumb"},"inLanguage":"fr-FR","potentialAction":[{"@type":"ReadAction","target":["https:\/\/www.belgae.be\/fr\/blog\/ecoles-de-mode-en-belgique-top-9\/"]}]},{"@type":"ImageObject","inLanguage":"fr-FR","@id":"https:\/\/www.belgae.be\/fr\/blog\/ecoles-de-mode-en-belgique-top-9\/#primaryimage","url":"https:\/\/www.belgae.be\/fr\/wp-content\/uploads\/sites\/2\/2023\/08\/cyril_ge_a_school_of_stylism_with_a_teach_and_some_students_Fra_3786a2e1-a834-435b-acb6-fc1d417bad56-Copie-1024x567-1.jpg","contentUrl":"https:\/\/www.belgae.be\/fr\/wp-content\/uploads\/sites\/2\/2023\/08\/cyril_ge_a_school_of_stylism_with_a_teach_and_some_students_Fra_3786a2e1-a834-435b-acb6-fc1d417bad56-Copie-1024x567-1.jpg"},{"@type":"BreadcrumbList","@id":"https:\/\/www.belgae.be\/fr\/blog\/ecoles-de-mode-en-belgique-top-9\/#breadcrumb","itemListElement":[{"@type":"ListItem","position":1,"name":"Accueil","item":"https:\/\/www.belgae.be\/fr\/"},{"@type":"ListItem","position":2,"name":"\u00c9coles de Mode en Belgique (Top #9)"}]},{"@type":"WebSite","@id":"https:\/\/www.belgae.be\/fr\/#website","url":"https:\/\/www.belgae.be\/fr\/","name":"Belgae","description":"Art &amp; Mode Belge","publisher":{"@id":"https:\/\/www.belgae.be\/fr\/#organization"},"potentialAction":[{"@type":"SearchAction","target":{"@type":"EntryPoint","urlTemplate":"https:\/\/www.belgae.be\/fr\/?s={search_term_string}"},"query-input":{"@type":"PropertyValueSpecification","valueRequired":true,"valueName":"search_term_string"}}],"inLanguage":"fr-FR"},{"@type":"Organization","@id":"https:\/\/www.belgae.be\/fr\/#organization","name":"Belgae","url":"https:\/\/www.belgae.be\/fr\/","logo":{"@type":"ImageObject","inLanguage":"fr-FR","@id":"https:\/\/www.belgae.be\/fr\/#\/schema\/logo\/image\/","url":"https:\/\/www.belgae.be\/fr\/wp-content\/uploads\/sites\/2\/2023\/07\/Sans-titre1-Copie.png","contentUrl":"https:\/\/www.belgae.be\/fr\/wp-content\/uploads\/sites\/2\/2023\/07\/Sans-titre1-Copie.png","width":88,"height":88,"caption":"Belgae"},"image":{"@id":"https:\/\/www.belgae.be\/fr\/#\/schema\/logo\/image\/"}},{"@type":"Person","@id":"https:\/\/www.belgae.be\/fr\/#\/schema\/person\/646b40b88212bc5335f9c4fa787df047","name":"Cyril Gendarme","sameAs":["https:\/\/www.belgae.be"],"url":"https:\/\/www.belgae.be\/fr\/blog\/author\/cgen\/"}]}},"_links":{"self":[{"href":"https:\/\/www.belgae.be\/fr\/wp-json\/wp\/v2\/posts\/2880","targetHints":{"allow":["GET"]}}],"collection":[{"href":"https:\/\/www.belgae.be\/fr\/wp-json\/wp\/v2\/posts"}],"about":[{"href":"https:\/\/www.belgae.be\/fr\/wp-json\/wp\/v2\/types\/post"}],"author":[{"embeddable":true,"href":"https:\/\/www.belgae.be\/fr\/wp-json\/wp\/v2\/users\/1"}],"replies":[{"embeddable":true,"href":"https:\/\/www.belgae.be\/fr\/wp-json\/wp\/v2\/comments?post=2880"}],"version-history":[{"count":0,"href":"https:\/\/www.belgae.be\/fr\/wp-json\/wp\/v2\/posts\/2880\/revisions"}],"wp:featuredmedia":[{"embeddable":true,"href":"https:\/\/www.belgae.be\/fr\/wp-json\/"}],"wp:attachment":[{"href":"https:\/\/www.belgae.be\/fr\/wp-json\/wp\/v2\/media?parent=2880"}],"wp:term":[{"taxonomy":"category","embeddable":true,"href":"https:\/\/www.belgae.be\/fr\/wp-json\/wp\/v2\/categories?post=2880"},{"taxonomy":"post_tag","embeddable":true,"href":"https:\/\/www.belgae.be\/fr\/wp-json\/wp\/v2\/tags?post=2880"}],"curies":[{"name":"wp","href":"https:\/\/api.w.org\/{rel}","templated":true}]}}