{"id":2866,"date":"2023-08-02T14:48:16","date_gmt":"2023-08-02T14:48:16","guid":{"rendered":"https:\/\/www.belgae.be\/fr\/blog\/quelle-piece-de-mode-porter-lors-dun-festival-cet-ete\/"},"modified":"2023-08-02T14:48:16","modified_gmt":"2023-08-02T14:48:16","slug":"quelle-piece-de-mode-porter-lors-dun-festival-cet-ete","status":"publish","type":"post","link":"https:\/\/www.belgae.be\/fr\/blog\/quelle-piece-de-mode-porter-lors-dun-festival-cet-ete\/","title":{"rendered":"Quelle pi\u00e8ce de mode porter lors d&#8217;un festival cet \u00e9t\u00e9 ?"},"content":{"rendered":"<p>Pr\u00e9parez-vous \u00e0 faire tourner les t\u00eates pendant cette saison de festivals ! Nous plongeons au c\u0153ur du monde vibrant des festivals de musique estivaux, explorant les tendances mode les plus en vogue qui vous feront sortir du lot.<\/p>\n<p>Que ce soit pour un concert en plein jour sous le soleil ou une soir\u00e9e \u00e9lectrisante, nous avons pr\u00e9par\u00e9 votre guide de style. Commen\u00e7ons d\u00e8s maintenant \u00e0 cr\u00e9er votre garde-robe de festival ultime pour des souvenirs d&#8217;\u00e9t\u00e9 inoubliables !<\/p>\n<section class=\"contentTable_table\">\n<p class=\"contentTable_title\">Table des mati\u00e8res : <\/p>\n<p class=\"contentTable_elem\"><a href=\"#balise_0\">1. Vibrations de Festival : Comment choisir des v\u00eatements qui refl\u00e8tent l&#8217;esprit du festival<\/a><\/p>\n<p class=\"contentTable_elem\"><a href=\"#balise_1\">2. M\u00e9langez et Associez : Cr\u00e9ez des tenues uniques en associant diff\u00e9rentes pi\u00e8ces<\/a><\/p>\n<p class=\"contentTable_elem\"><a href=\"#balise_2\">3. Accessoires Scintillants : Des d\u00e9tails qui ajoutent de la magie \u00e0 votre allure<\/a><\/p>\n<p class=\"contentTable_elem\"><a href=\"#balise_3\">4. Chaussures confortables : Trouver le bon \u00e9quilibre entre style et praticit\u00e9<\/a><\/p>\n<p class=\"contentTable_elem\"><a href=\"#balise_4\">5. V\u00eatements Respirants : Choisissez des mati\u00e8res adapt\u00e9es pour de longues journ\u00e9es en plein air<\/a><\/p>\n<p class=\"contentTable_elem\"><a href=\"#balise_5\">6. Mode \u00c9thique au Festival : Soutenez les initiatives engag\u00e9es<\/a><\/p>\n<p class=\"contentTable_elem\"><a href=\"#balise_6\">7. Bricolage : Personnalisez vos v\u00eatements pour une touche personnelle au festival<\/a><\/p>\n<p class=\"contentTable_elem\"><a href=\"#balise_7\">8. Sac \u00e0 dos : Choisissez des sacs fonctionnels et tendance<\/a><\/p>\n<p class=\"contentTable_elem\"><a href=\"#balise_8\">9. Chapeaux de Festival : Accessoires essentiels pour la protection solaire<\/a><\/p>\n<p class=\"contentTable_elem\"><a href=\"#balise_9\">10. \u00c9quipement de Pluie : Soyez pr\u00eat \u00e0 affronter les averses tout en restant \u00e9l\u00e9gant<\/a><\/p>\n<p class=\"contentTable_elem\"><a href=\"#balise_10\">11. Adoptez le minimalisme : Choisissez la simplicit\u00e9 et l&#8217;efficacit\u00e9 lors des festivals<\/a><\/p>\n<\/section>\n<p><img loading=\"lazy\" decoding=\"async\" class=\"lazyload articleImageSquare_CGEN\" height=\"400\" width=\"400\" src=\"https:\/\/www.belgae.be\/imageHolder\/\/wp-content\/uploads\/sites\/2\/2023\/07\/loading-spinner-belgae.gif\" data-src=\"https:\/\/www.belgae.be\/imageHolder\/\/wp-content\/uploads\/sites\/2\/2023\/08\/tmprus6dxi3.jpg\" alt=\"tmprus6dxi\" \/><\/p>\n<h2 id=\"balise_0\">Vibrations de Festival : Comment choisir des v\u00eatements qui refl\u00e8tent l&#8217;esprit du festival<\/h2>\n<p>Les festivals sont une c\u00e9l\u00e9bration de la cr\u00e9ativit\u00e9, de la libert\u00e9 et de l&#8217;expression personnelle. En choisissant votre tenue pour un festival, laissez libre cours \u00e0 votre imagination ! Optez pour des couleurs vives, des motifs audacieux et des designs uniques qui captent l&#8217;essence m\u00eame de l&#8217;\u00e9v\u00e9nement.<\/p>\n<p>Que vous soyez adepte du chic boh\u00e8me ou du style urbain d\u00e9contract\u00e9 &#8211; ou m\u00eame d&#8217;un m\u00e9lange des deux &#8211; il n&#8217;y a pas de r\u00e8gles en mati\u00e8re de mode festivali\u00e8re. C&#8217;est le moment id\u00e9al pour exp\u00e9rimenter avec diff\u00e9rents styles et tendances.<\/p>\n<p>N&#8217;h\u00e9sitez pas \u00e0 sortir des sentiers battus. Soyez audacieux dans vos choix vestimentaires. Laissez parler votre style personnel car apr\u00e8s tout, les festivals sont avant tout une plateforme o\u00f9 chaque individu peut s&#8217;exprimer librement \u00e0 travers sa tenue.<\/p>\n<p><img loading=\"lazy\" decoding=\"async\" class=\"lazyload articleImageSquare_CGEN\" height=\"400\" width=\"400\" src=\"https:\/\/www.belgae.be\/imageHolder\/\/wp-content\/uploads\/sites\/2\/2023\/07\/loading-spinner-belgae.gif\" data-src=\"https:\/\/www.belgae.be\/imageHolder\/\/wp-content\/uploads\/sites\/2\/2023\/08\/tmpwukh6lmy.jpg\" alt=\"tmpwukh6lmy\" \/><\/p>\n<h2 id=\"balise_1\">M\u00e9langez et Associez : Cr\u00e9ez des tenues uniques en associant diff\u00e9rentes pi\u00e8ces<\/h2>\n<p>L&#8217;un des aspects les plus appr\u00e9ci\u00e9s des festivals est la possibilit\u00e9 d&#8217;exp\u00e9rimenter diff\u00e9rents styles et de cr\u00e9er des looks uniques. N&#8217;h\u00e9sitez pas \u00e0 m\u00e9langer diff\u00e9rentes pi\u00e8ces de votre garde-robe.<\/p>\n<p>Associez vos trouvailles vintage avec des basiques modernes, ou superposez des textures contrast\u00e9es pour une tenue \u00e9clectique qui se d\u00e9marque vraiment dans la foule. <\/p>\n<p>Les festivals sont l&#8217;occasion id\u00e9ale pour sortir de sa zone de confort stylistique et s&#8217;amuser avec la mode. Prenez le risque, vous ne savez jamais quel nouveau look pourrait finalement \u00eatre votre pr\u00e9f\u00e9r\u00e9.<\/p>\n<p>Donc, que vous assistiez \u00e0 un festival musical en plein air ou \u00e0 une soir\u00e9e litt\u00e9raire intime, rappelez-vous : il n&#8217;y a pas de r\u00e8gles quand il s&#8217;agit de style personnel au cours d&#8217;un festival ! Vivez cette libert\u00e9 pleinement et amusez-vous bien!<\/p>\n<p><img loading=\"lazy\" decoding=\"async\" class=\"lazyload articleImageSquare_CGEN\" height=\"400\" width=\"400\" src=\"https:\/\/www.belgae.be\/imageHolder\/\/wp-content\/uploads\/sites\/2\/2023\/07\/loading-spinner-belgae.gif\" data-src=\"https:\/\/www.belgae.be\/imageHolder\/\/wp-content\/uploads\/sites\/2\/2023\/08\/tmp1q_ab_uw.jpg\" alt=\"tmp1q_ab_uw\" \/><\/p>\n<h2 id=\"balise_2\">Accessoires Scintillants : Des d\u00e9tails qui ajoutent de la magie \u00e0 votre allure<\/h2>\n<p>Les accessoires peuvent faire ou ruiner une tenue \u00e0 tout festival. Ajoutez de l&#8217;\u00e9clat avec des bijoux audacieux tels que des colliers imposants ou des boucles d&#8217;oreilles surdimensionn\u00e9es. Amusez-vous avec des tatouages temporaires, des cha\u00eenes corporelles, des foulards color\u00e9s &#8211; tout est permis! Ces petits d\u00e9tails rehausseront votre apparence g\u00e9n\u00e9rale en ajoutant une touche de personnalit\u00e9.<\/p>\n<p>L&#8217;utilisation strat\u00e9gique d&#8217;accessoires peut transformer compl\u00e8tement un look festivalier. Des pi\u00e8ces ma\u00eetresses comme les gros colliers et les boucles d&#8217;oreilles extra-larges apportent du peps et attirent l&#8217;attention.<\/p>\n<p>N&#8217;h\u00e9sitez pas \u00e0 exp\u00e9rimenter : tatouages \u00e9ph\u00e9m\u00e8res, cha\u00eenes pour le corps, foulards aux teintes vives&#8230; Tout est possible ! Le but \u00e9tant de sublimer votre style tout en y insufflant votre singularit\u00e9.<\/p>\n<p>C&#8217;est dans ces d\u00e9tails minutieux que s&#8217;ancre v\u00e9ritablement la magie du style personnel lors d&#8217;un festival. Ils sont le reflet ultime de qui vous \u00eates et mettent en avant vos go\u00fbts distinctifs.<\/p>\n<p><img loading=\"lazy\" decoding=\"async\" class=\"lazyload articleImageSquare_CGEN\" height=\"400\" width=\"400\" src=\"https:\/\/www.belgae.be\/imageHolder\/\/wp-content\/uploads\/sites\/2\/2023\/07\/loading-spinner-belgae.gif\" data-src=\"https:\/\/www.belgae.be\/imageHolder\/\/wp-content\/uploads\/sites\/2\/2023\/08\/tmpe8oui8tw.jpg\" alt=\"tmpe8oui8tw\" \/><\/p>\n<h2 id=\"balise_3\">Chaussures confortables : Trouver le bon \u00e9quilibre entre style et praticit\u00e9<\/h2>\n<p>Lorsqu&#8217;on danse toute la journ\u00e9e sous le soleil (ou les \u00e9toiles), des chaussures confortables sont indispensables. Recherchez des options \u00e9l\u00e9gantes comme les baskets ou les sandales faites de mat\u00e9riaux respirants tels que la toile ou le cuir pour pouvoir danser sans sacrifier votre confort.<\/p>\n<p>La mode et le bien-\u00eatre ne doivent pas \u00eatre mutuellement exclusifs. Des chaussures tendance mais relaxantes peuvent ajouter du style \u00e0 votre tenue tout en vous permettant de bouger librement.<\/p>\n<p>Dans l&#8217;id\u00e9al, optez pour des mat\u00e9riaux qui favorisent une bonne a\u00e9ration du pied. Le cuir et la toile sont d&#8217;excellents choix car ils permettent \u00e0 vos pieds de respirer pendant ces longues journ\u00e9es actives.<\/p>\n<p>En fin de compte, il s&#8217;agit d&#8217;allier esth\u00e9tique et fonctionnalit\u00e9 lorsqu&#8217;il s&#8217;agit de choisir ses chaussures. Que ce soit sur une piste de danse torride ou sous un ciel \u00e9toil\u00e9 romantique, assurez-vous toujours que vos pieds se sentent aussi bien qu&#8217;ils en ont l&#8217;air.<\/p>\n<p><img loading=\"lazy\" decoding=\"async\" class=\"lazyload articleImageSquare_CGEN\" height=\"400\" width=\"400\" src=\"https:\/\/www.belgae.be\/imageHolder\/\/wp-content\/uploads\/sites\/2\/2023\/07\/loading-spinner-belgae.gif\" data-src=\"https:\/\/www.belgae.be\/imageHolder\/\/wp-content\/uploads\/sites\/2\/2023\/08\/tmp2kwagigl.jpg\" alt=\"tmp2kwagigl\" \/><\/p>\n<h2 id=\"balise_4\">V\u00eatements Respirants : Choisissez des mati\u00e8res adapt\u00e9es pour de longues journ\u00e9es en plein air<\/h2>\n<p>Les longues heures pass\u00e9es \u00e0 l&#8217;ext\u00e9rieur n\u00e9cessitent des v\u00eatements fabriqu\u00e9s dans des tissus l\u00e9gers permettant la circulation de l&#8217;air tout au long de la journ\u00e9e. Pensez aux m\u00e9langes de coton, aux robes en lin et aux hauts amples.<\/p>\n<p>Il est pr\u00e9f\u00e9rable d&#8217;\u00e9viter les mat\u00e9riaux synth\u00e9tiques lourds qui peuvent causer un inconfort lors des festivals d&#8217;\u00e9t\u00e9 chauds. La cl\u00e9 est le confort et la fonctionnalit\u00e9 pour profiter pleinement du plein air sans sacrifier son style.<\/p>\n<p>Choisir les bons v\u00eatements peut faire toute la diff\u00e9rence entre une exp\u00e9rience agr\u00e9able ou d\u00e9sagr\u00e9able pendant ces \u00e9v\u00e9nements ext\u00e9rieurs. Donc, n&#8217;h\u00e9sitez pas \u00e0 investir dans des articles de qualit\u00e9 qui garantissent le confort tout en restant \u00e9l\u00e9gants et tendance.<\/p>\n<p>En fin compte, il s\u2019agit non seulement d\u2019avoir fi\u00e8re allure mais aussi de se sentir bien dans sa peau malgr\u00e9 les d\u00e9fis m\u00e9t\u00e9orologiques que peuvent pr\u00e9senter ces festivals.<\/p>\n<p><img loading=\"lazy\" decoding=\"async\" class=\"lazyload articleImageSquare_CGEN\" height=\"400\" width=\"400\" src=\"https:\/\/www.belgae.be\/imageHolder\/\/wp-content\/uploads\/sites\/2\/2023\/07\/loading-spinner-belgae.gif\" data-src=\"https:\/\/www.belgae.be\/imageHolder\/\/wp-content\/uploads\/sites\/2\/2023\/08\/tmp2jbsgjpd.jpg\" alt=\"tmp2jbsgjpd\" \/><\/p>\n<h2 id=\"balise_5\">Mode \u00c9thique au Festival : Soutenez les initiatives engag\u00e9es<\/h2>\n<p>En tant que participant conscient de festivals, pourquoi ne pas soutenir les marques de mode \u00e9thiques qui priorisent les pratiques durables?<\/p>\n<p> Recherchez des v\u00eatements fabriqu\u00e9s \u00e0 partir de mat\u00e9riaux biologiques ou recycl\u00e9s. <\/p>\n<p>Choisir des options \u00e9cologiques permet non seulement d&#8217;appr\u00e9cier les festivit\u00e9s sans culpabilit\u00e9, mais aussi d&#8217;avoir un impact positif sur l&#8217;environnement. Ce choix d\u00e9montre une prise de conscience importante face aux enjeux environnementaux.<\/p>\n<p>Les marques \u00e9thiques sont essentielles pour promouvoir la durabilit\u00e9 dans l&#8217;industrie de la mode. Elles repr\u00e9sentent une alternative responsable aux fast-fashion destructrices pour notre plan\u00e8te.<\/p>\n<p>Ainsi, en optant pour ces marques lors du prochain festival, vous ferez plus qu&#8217;un simple geste fashion : vous contribuerez activement \u00e0 la pr\u00e9servation de notre belle Terre.<\/p>\n<p><img loading=\"lazy\" decoding=\"async\" class=\"lazyload articleImageSquare_CGEN\" height=\"400\" width=\"400\" src=\"https:\/\/www.belgae.be\/imageHolder\/\/wp-content\/uploads\/sites\/2\/2023\/07\/loading-spinner-belgae.gif\" data-src=\"https:\/\/www.belgae.be\/imageHolder\/\/wp-content\/uploads\/sites\/2\/2023\/08\/tmpr8yn2a80.jpg\" alt=\"tmpr8yn2a\" \/><\/p>\n<h2 id=\"balise_6\">Bricolage : Personnalisez vos v\u00eatements pour une touche personnelle au festival<\/h2>\n<p>Envie de vous d\u00e9marquer davantage?<\/p>\n<p> Faites preuve de cr\u00e9ativit\u00e9 et personnalisez vos v\u00eatements! Ajoutez des \u00e9cussons, des clous ou de la broderie \u00e0 votre veste en jean pr\u00e9f\u00e9r\u00e9e.<\/p>\n<p>Teignez d&#8217;anciens t-shirts avec du tie-dye dans des couleurs vibrantes. Ou bien cr\u00e9ez des motifs uniques avec de la peinture sur tissu. Les possibilit\u00e9s sont infinies pour ajouter cette touche personnelle!<\/p>\n<p>Avec un peu d&#8217;imagination, chaque pi\u00e8ce peut refl\u00e9ter votre style unique. Que ce soit une chemise vintage transform\u00e9e ou une paire de jeans us\u00e9s retravaill\u00e9s; chaque cr\u00e9ation est l&#8217;occasion d&#8217;exprimer qui vous \u00eates vraiment.<\/p>\n<p>Alors n&#8217;h\u00e9sitez pas, laissez libre cours \u00e0 votre imagination! Personnaliser ses v\u00eatements est non seulement amusant mais aussi gratifiant. C&#8217;est une excellente fa\u00e7on d&#8217;affirmer son individualit\u00e9 tout en recyclant ses vieux habits.<\/p>\n<p><img loading=\"lazy\" decoding=\"async\" class=\"lazyload articleImageSquare_CGEN\" height=\"400\" width=\"400\" src=\"https:\/\/www.belgae.be\/imageHolder\/\/wp-content\/uploads\/sites\/2\/2023\/07\/loading-spinner-belgae.gif\" data-src=\"https:\/\/www.belgae.be\/imageHolder\/\/wp-content\/uploads\/sites\/2\/2023\/08\/tmpga566snb.jpg\" alt=\"tmpga566snb\" \/><\/p>\n<h2 id=\"balise_7\">Sac \u00e0 dos : Choisissez des sacs fonctionnels et tendance<\/h2>\n<p>Un sac \u00e0 dos est un accessoire indispensable lors de tout festival. Il allie praticit\u00e9 et style ! Optez pour un mod\u00e8le avec plusieurs compartiments pour garder vos affaires bien organis\u00e9es pendant toute la journ\u00e9e.<\/p>\n<p>Ne n\u00e9gligez pas l&#8217;aspect esth\u00e9tique ; choisissez des motifs funky ou des couleurs audacieuses qui compl\u00e8tent votre tenue. C&#8217;est une mani\u00e8re simple mais efficace d&#8217;ajouter une touche personnelle \u00e0 votre look de festival.<\/p>\n<p>Il convient \u00e9galement de noter que le confort doit \u00eatre une priorit\u00e9. Vous porterez ce sac pendant plusieurs heures, assurez-vous donc qu&#8217;il soit confortable et adapt\u00e9 \u00e0 vos besoins sp\u00e9cifiques.<\/p>\n<p>En somme, le choix du bon sac \u00e0 dos peut faire toute la diff\u00e9rence lors d&#8217;un festival. Ne sous-estimez pas son importance : il peut transformer votre exp\u00e9rience en quelque chose d&#8217;inoubliable !<\/p>\n<p><img loading=\"lazy\" decoding=\"async\" class=\"lazyload articleImageSquare_CGEN\" height=\"400\" width=\"400\" src=\"https:\/\/www.belgae.be\/imageHolder\/\/wp-content\/uploads\/sites\/2\/2023\/07\/loading-spinner-belgae.gif\" data-src=\"https:\/\/www.belgae.be\/imageHolder\/\/wp-content\/uploads\/sites\/2\/2023\/08\/tmpdktrx6v4.jpg\" alt=\"tmpdktrx6v\" \/><\/p>\n<h2 id=\"balise_8\">Chapeaux de Festival : Accessoires essentiels pour la protection solaire<\/h2>\n<p>Prot\u00e9gez-vous lors de ces journ\u00e9es ardentes de festival en portant un chapeau \u00e9l\u00e9gant! Il vous prot\u00e9gera non seulement des rayons UV nocifs, mais ajoutera \u00e9galement du style \u00e0 votre tenue. <\/p>\n<p>Que vous pr\u00e9f\u00e9riez les chapeaux \u00e0 large bord, les styles boho d\u00e9contract\u00e9s ou les casquettes de baseball classiques &#8211; il y a quelque chose qui n&#8217;attend que vous pour compl\u00e9ter votre look!<\/p>\n<p>Il est essentiel d&#8217;\u00e9quilibrer confort et style. Un bon choix peut faire toute la diff\u00e9rence dans une journ\u00e9e chaude et ensoleill\u00e9e.<\/p>\n<p>Avec le bon accessoire, chaque exp\u00e9rience devient encore plus m\u00e9morable. Et quel meilleur accessoire qu&#8217;un beau chapeau?<\/p>\n<p>Alors ne sous-estimez pas l&#8217;impact d&#8217;un excellent couvre-chef sur votre exp\u00e9rience globale. C&#8217;est l&#8217;ajout parfait pour \u00eatre pr\u00eat \u00e0 tout ce que la journ\u00e9e r\u00e9serve.<\/p>\n<p>N&#8217;h\u00e9sitez pas et choisissez le v\u00f4tre d\u00e8s maintenant! Avec tant d&#8217;options disponibles, il y a s\u00fbrement un chapeau qui correspond parfaitement \u00e0 vos go\u00fbts personnels.<\/p>\n<p><img loading=\"lazy\" decoding=\"async\" class=\"lazyload articleImageSquare_CGEN\" height=\"400\" width=\"400\" src=\"https:\/\/www.belgae.be\/imageHolder\/\/wp-content\/uploads\/sites\/2\/2023\/07\/loading-spinner-belgae.gif\" data-src=\"https:\/\/www.belgae.be\/imageHolder\/\/wp-content\/uploads\/sites\/2\/2023\/08\/tmpnz6i8ur5.jpg\" alt=\"tmpnz6i8ur\" \/><\/p>\n<h2 id=\"balise_9\">\u00c9quipement de Pluie : Soyez pr\u00eat \u00e0 affronter les averses tout en restant \u00e9l\u00e9gant<\/h2>\n<p>Ne laissez pas la pluie g\u00e2cher (jeu de mots voulu) votre humeur pendant les festivals si vous \u00eates bien pr\u00e9par\u00e9! Investissez dans des v\u00eatements de pluie l\u00e9gers comme des vestes imperm\u00e9ables et des ponchos pliables pour rester au sec sans compromettre le style. <\/p>\n<p>Adoptez les bottes de pluie color\u00e9es, elles rendront le saut dans les flaques d&#8217;eau amusant!<\/p>\n<p>Rappelez-vous, la cl\u00e9 est l&#8217;anticipation. Lorsque vous \u00eates pr\u00eat pour tout type de temps, rien ne peut g\u00e2cher votre exp\u00e9rience festivali\u00e8re.<\/p>\n<p>Alors n&#8217;attendez plus! Pr\u00e9parez-vous maintenant et profitez pleinement du festival, quel que soit le temps qu&#8217;il fait. La musique continue \u00e0 jouer sous la pluie ou m\u00eame lorsqu&#8217;il fait beau.<\/p>\n<p>La prochaine fois que vous assisterez \u00e0 un festival musical en plein air, pensez aux conseils ci-dessus. Vous serez non seulement pr\u00eat mais aussi \u00e9l\u00e9gant peu importe ce que m\u00e8re nature d\u00e9cide d&#8217;envoyer sur son chemin.<\/p>\n<p><img loading=\"lazy\" decoding=\"async\" class=\"lazyload articleImageSquare_CGEN\" height=\"400\" width=\"400\" src=\"https:\/\/www.belgae.be\/imageHolder\/\/wp-content\/uploads\/sites\/2\/2023\/07\/loading-spinner-belgae.gif\" data-src=\"https:\/\/www.belgae.be\/imageHolder\/\/wp-content\/uploads\/sites\/2\/2023\/08\/tmpms7i5gjy.jpg\" alt=\"tmpms7i5gjy\" \/><\/p>\n<h2 id=\"balise_10\">Adoptez le minimalisme : Choisissez la simplicit\u00e9 et l&#8217;efficacit\u00e9 lors des festivals<\/h2>\n<p>Pour certains amateurs de festivals, moins signifie plus. Embrassez l&#8217;approche minimaliste en mettant l&#8217;accent sur l&#8217;efficacit\u00e9 et la simplicit\u00e9 dans vos choix vestimentaires. Optez pour des pi\u00e8ces polyvalentes qui peuvent \u00eatre m\u00e9lang\u00e9es et assorties sans effort tout au long du festival.<\/p>\n<p>De cette fa\u00e7on, vous passerez moins de temps \u00e0 vous soucier de ce que vous allez porter et plus de temps \u00e0 profiter pleinement du spectacle! Le but est d&#8217;\u00e9liminer le stress inutile li\u00e9 aux v\u00eatements.<\/p>\n<p>Soyez libre d\u2019exp\u00e9rience chaque instant pr\u00e9cieux qu\u2019offre le festival plut\u00f4t que perdre votre \u00e9nergie sur des d\u00e9tails mat\u00e9riels. Laissez place \u00e0 la spontan\u00e9it\u00e9, laissez-vous emporter par la musique!<\/p>\n<p>En adoptant une approche minimaliste, non seulement vous simplifierez votre exp\u00e9rience mais aussi gagnerez un confort suppl\u00e9mentaire bien n\u00e9cessaire lors des journ\u00e9es charg\u00e9es sous le soleil br\u00fblant ou les nuits fra\u00eeches sous les \u00e9toiles scintillantes.<\/p>\n","protected":false},"excerpt":{"rendered":"<p>Pr\u00e9parez-vous \u00e0 faire tourner les t\u00eates pendant cette saison de festivals !<\/p>\n","protected":false},"author":1,"featured_media":4401,"comment_status":"open","ping_status":"","sticky":false,"template":"","format":"standard","meta":{"_acf_changed":false,"_et_pb_use_builder":"","_et_pb_old_content":"","_et_gb_content_width":"","footnotes":""},"categories":[38],"tags":[],"class_list":["post-2866","post","type-post","status-publish","format-standard","has-post-thumbnail","hentry","category-look-style"],"acf":[],"yoast_head":"<!-- This site is optimized with the Yoast SEO plugin v27.5 - https:\/\/yoast.com\/product\/yoast-seo-wordpress\/ -->\n<title>Quelle pi\u00e8ce de mode porter lors d&#039;un festival cet \u00e9t\u00e9 ? | Belgae<\/title>\n<meta name=\"robots\" content=\"index, follow, max-snippet:-1, max-image-preview:large, max-video-preview:-1\" \/>\n<link rel=\"canonical\" href=\"https:\/\/www.belgae.be\/fr\/blog\/quelle-piece-de-mode-porter-lors-dun-festival-cet-ete\/\" \/>\n<meta property=\"og:locale\" content=\"fr_FR\" \/>\n<meta property=\"og:type\" content=\"article\" \/>\n<meta property=\"og:title\" content=\"Quelle pi\u00e8ce de mode porter lors d&#039;un festival cet \u00e9t\u00e9 ? | Belgae\" \/>\n<meta property=\"og:description\" content=\"Pr\u00e9parez-vous \u00e0 faire tourner les t\u00eates pendant cette saison de festivals !\" \/>\n<meta property=\"og:url\" content=\"https:\/\/www.belgae.be\/fr\/blog\/quelle-piece-de-mode-porter-lors-dun-festival-cet-ete\/\" \/>\n<meta property=\"og:site_name\" content=\"Belgae\" \/>\n<meta property=\"article:published_time\" content=\"2023-08-02T14:48:16+00:00\" \/>\n<meta property=\"og:image\" content=\"https:\/\/www.belgae.be\/imageHolder\/\/wp-content\/uploads\/sites\/2\/2023\/07\/loading-spinner-belgae.gif\" \/>\n<meta name=\"author\" content=\"Cyril Gendarme\" \/>\n<meta name=\"twitter:card\" content=\"summary_large_image\" \/>\n<meta name=\"twitter:label1\" content=\"\u00c9crit par\" \/>\n\t<meta name=\"twitter:data1\" content=\"Cyril Gendarme\" \/>\n\t<meta name=\"twitter:label2\" content=\"Dur\u00e9e de lecture estim\u00e9e\" \/>\n\t<meta name=\"twitter:data2\" content=\"10 minutes\" \/>\n<script type=\"application\/ld+json\" class=\"yoast-schema-graph\">{\"@context\":\"https:\\\/\\\/schema.org\",\"@graph\":[{\"@type\":\"Article\",\"@id\":\"https:\\\/\\\/www.belgae.be\\\/fr\\\/blog\\\/quelle-piece-de-mode-porter-lors-dun-festival-cet-ete\\\/#article\",\"isPartOf\":{\"@id\":\"https:\\\/\\\/www.belgae.be\\\/fr\\\/blog\\\/quelle-piece-de-mode-porter-lors-dun-festival-cet-ete\\\/\"},\"author\":{\"name\":\"Cyril Gendarme\",\"@id\":\"https:\\\/\\\/www.belgae.be\\\/fr\\\/#\\\/schema\\\/person\\\/646b40b88212bc5335f9c4fa787df047\"},\"headline\":\"Quelle pi\u00e8ce de mode porter lors d&#8217;un festival cet \u00e9t\u00e9 ?\",\"datePublished\":\"2023-08-02T14:48:16+00:00\",\"mainEntityOfPage\":{\"@id\":\"https:\\\/\\\/www.belgae.be\\\/fr\\\/blog\\\/quelle-piece-de-mode-porter-lors-dun-festival-cet-ete\\\/\"},\"wordCount\":2014,\"commentCount\":0,\"publisher\":{\"@id\":\"https:\\\/\\\/www.belgae.be\\\/fr\\\/#organization\"},\"image\":{\"@id\":\"https:\\\/\\\/www.belgae.be\\\/fr\\\/blog\\\/quelle-piece-de-mode-porter-lors-dun-festival-cet-ete\\\/#primaryimage\"},\"thumbnailUrl\":\"https:\\\/\\\/www.belgae.be\\\/fr\\\/wp-content\\\/uploads\\\/sites\\\/2\\\/2023\\\/08\\\/cyril_ge_a_techno_music_festival_Franco-Belgian_comic_style_bla_6ecb079c-7c4c-49e3-bc7a-fae395efd5e0-1024x568-1.jpg\",\"articleSection\":[\"Look &amp; Style\"],\"inLanguage\":\"fr-FR\",\"potentialAction\":[{\"@type\":\"CommentAction\",\"name\":\"Comment\",\"target\":[\"https:\\\/\\\/www.belgae.be\\\/fr\\\/blog\\\/quelle-piece-de-mode-porter-lors-dun-festival-cet-ete\\\/#respond\"]}]},{\"@type\":\"WebPage\",\"@id\":\"https:\\\/\\\/www.belgae.be\\\/fr\\\/blog\\\/quelle-piece-de-mode-porter-lors-dun-festival-cet-ete\\\/\",\"url\":\"https:\\\/\\\/www.belgae.be\\\/fr\\\/blog\\\/quelle-piece-de-mode-porter-lors-dun-festival-cet-ete\\\/\",\"name\":\"Quelle pi\u00e8ce de mode porter lors d'un festival cet \u00e9t\u00e9 ? | Belgae\",\"isPartOf\":{\"@id\":\"https:\\\/\\\/www.belgae.be\\\/fr\\\/#website\"},\"primaryImageOfPage\":{\"@id\":\"https:\\\/\\\/www.belgae.be\\\/fr\\\/blog\\\/quelle-piece-de-mode-porter-lors-dun-festival-cet-ete\\\/#primaryimage\"},\"image\":{\"@id\":\"https:\\\/\\\/www.belgae.be\\\/fr\\\/blog\\\/quelle-piece-de-mode-porter-lors-dun-festival-cet-ete\\\/#primaryimage\"},\"thumbnailUrl\":\"https:\\\/\\\/www.belgae.be\\\/fr\\\/wp-content\\\/uploads\\\/sites\\\/2\\\/2023\\\/08\\\/cyril_ge_a_techno_music_festival_Franco-Belgian_comic_style_bla_6ecb079c-7c4c-49e3-bc7a-fae395efd5e0-1024x568-1.jpg\",\"datePublished\":\"2023-08-02T14:48:16+00:00\",\"breadcrumb\":{\"@id\":\"https:\\\/\\\/www.belgae.be\\\/fr\\\/blog\\\/quelle-piece-de-mode-porter-lors-dun-festival-cet-ete\\\/#breadcrumb\"},\"inLanguage\":\"fr-FR\",\"potentialAction\":[{\"@type\":\"ReadAction\",\"target\":[\"https:\\\/\\\/www.belgae.be\\\/fr\\\/blog\\\/quelle-piece-de-mode-porter-lors-dun-festival-cet-ete\\\/\"]}]},{\"@type\":\"ImageObject\",\"inLanguage\":\"fr-FR\",\"@id\":\"https:\\\/\\\/www.belgae.be\\\/fr\\\/blog\\\/quelle-piece-de-mode-porter-lors-dun-festival-cet-ete\\\/#primaryimage\",\"url\":\"https:\\\/\\\/www.belgae.be\\\/fr\\\/wp-content\\\/uploads\\\/sites\\\/2\\\/2023\\\/08\\\/cyril_ge_a_techno_music_festival_Franco-Belgian_comic_style_bla_6ecb079c-7c4c-49e3-bc7a-fae395efd5e0-1024x568-1.jpg\",\"contentUrl\":\"https:\\\/\\\/www.belgae.be\\\/fr\\\/wp-content\\\/uploads\\\/sites\\\/2\\\/2023\\\/08\\\/cyril_ge_a_techno_music_festival_Franco-Belgian_comic_style_bla_6ecb079c-7c4c-49e3-bc7a-fae395efd5e0-1024x568-1.jpg\"},{\"@type\":\"BreadcrumbList\",\"@id\":\"https:\\\/\\\/www.belgae.be\\\/fr\\\/blog\\\/quelle-piece-de-mode-porter-lors-dun-festival-cet-ete\\\/#breadcrumb\",\"itemListElement\":[{\"@type\":\"ListItem\",\"position\":1,\"name\":\"Accueil\",\"item\":\"https:\\\/\\\/www.belgae.be\\\/fr\\\/\"},{\"@type\":\"ListItem\",\"position\":2,\"name\":\"Quelle pi\u00e8ce de mode porter lors d&#8217;un festival cet \u00e9t\u00e9 ?\"}]},{\"@type\":\"WebSite\",\"@id\":\"https:\\\/\\\/www.belgae.be\\\/fr\\\/#website\",\"url\":\"https:\\\/\\\/www.belgae.be\\\/fr\\\/\",\"name\":\"Belgae\",\"description\":\"Art &amp; Mode Belge\",\"publisher\":{\"@id\":\"https:\\\/\\\/www.belgae.be\\\/fr\\\/#organization\"},\"potentialAction\":[{\"@type\":\"SearchAction\",\"target\":{\"@type\":\"EntryPoint\",\"urlTemplate\":\"https:\\\/\\\/www.belgae.be\\\/fr\\\/?s={search_term_string}\"},\"query-input\":{\"@type\":\"PropertyValueSpecification\",\"valueRequired\":true,\"valueName\":\"search_term_string\"}}],\"inLanguage\":\"fr-FR\"},{\"@type\":\"Organization\",\"@id\":\"https:\\\/\\\/www.belgae.be\\\/fr\\\/#organization\",\"name\":\"Belgae\",\"url\":\"https:\\\/\\\/www.belgae.be\\\/fr\\\/\",\"logo\":{\"@type\":\"ImageObject\",\"inLanguage\":\"fr-FR\",\"@id\":\"https:\\\/\\\/www.belgae.be\\\/fr\\\/#\\\/schema\\\/logo\\\/image\\\/\",\"url\":\"https:\\\/\\\/www.belgae.be\\\/fr\\\/wp-content\\\/uploads\\\/sites\\\/2\\\/2023\\\/07\\\/Sans-titre1-Copie.png\",\"contentUrl\":\"https:\\\/\\\/www.belgae.be\\\/fr\\\/wp-content\\\/uploads\\\/sites\\\/2\\\/2023\\\/07\\\/Sans-titre1-Copie.png\",\"width\":88,\"height\":88,\"caption\":\"Belgae\"},\"image\":{\"@id\":\"https:\\\/\\\/www.belgae.be\\\/fr\\\/#\\\/schema\\\/logo\\\/image\\\/\"}},{\"@type\":\"Person\",\"@id\":\"https:\\\/\\\/www.belgae.be\\\/fr\\\/#\\\/schema\\\/person\\\/646b40b88212bc5335f9c4fa787df047\",\"name\":\"Cyril Gendarme\",\"sameAs\":[\"https:\\\/\\\/www.belgae.be\"],\"url\":\"https:\\\/\\\/www.belgae.be\\\/fr\\\/blog\\\/author\\\/cgen\\\/\"}]}<\/script>\n<!-- \/ Yoast SEO plugin. -->","yoast_head_json":{"title":"Quelle pi\u00e8ce de mode porter lors d'un festival cet \u00e9t\u00e9 ? | Belgae","robots":{"index":"index","follow":"follow","max-snippet":"max-snippet:-1","max-image-preview":"max-image-preview:large","max-video-preview":"max-video-preview:-1"},"canonical":"https:\/\/www.belgae.be\/fr\/blog\/quelle-piece-de-mode-porter-lors-dun-festival-cet-ete\/","og_locale":"fr_FR","og_type":"article","og_title":"Quelle pi\u00e8ce de mode porter lors d'un festival cet \u00e9t\u00e9 ? | Belgae","og_description":"Pr\u00e9parez-vous \u00e0 faire tourner les t\u00eates pendant cette saison de festivals !","og_url":"https:\/\/www.belgae.be\/fr\/blog\/quelle-piece-de-mode-porter-lors-dun-festival-cet-ete\/","og_site_name":"Belgae","article_published_time":"2023-08-02T14:48:16+00:00","og_image":[{"url":"https:\/\/www.belgae.be\/imageHolder\/\/wp-content\/uploads\/sites\/2\/2023\/07\/loading-spinner-belgae.gif","type":"","width":"","height":""}],"author":"Cyril Gendarme","twitter_card":"summary_large_image","twitter_misc":{"\u00c9crit par":"Cyril Gendarme","Dur\u00e9e de lecture estim\u00e9e":"10 minutes"},"schema":{"@context":"https:\/\/schema.org","@graph":[{"@type":"Article","@id":"https:\/\/www.belgae.be\/fr\/blog\/quelle-piece-de-mode-porter-lors-dun-festival-cet-ete\/#article","isPartOf":{"@id":"https:\/\/www.belgae.be\/fr\/blog\/quelle-piece-de-mode-porter-lors-dun-festival-cet-ete\/"},"author":{"name":"Cyril Gendarme","@id":"https:\/\/www.belgae.be\/fr\/#\/schema\/person\/646b40b88212bc5335f9c4fa787df047"},"headline":"Quelle pi\u00e8ce de mode porter lors d&#8217;un festival cet \u00e9t\u00e9 ?","datePublished":"2023-08-02T14:48:16+00:00","mainEntityOfPage":{"@id":"https:\/\/www.belgae.be\/fr\/blog\/quelle-piece-de-mode-porter-lors-dun-festival-cet-ete\/"},"wordCount":2014,"commentCount":0,"publisher":{"@id":"https:\/\/www.belgae.be\/fr\/#organization"},"image":{"@id":"https:\/\/www.belgae.be\/fr\/blog\/quelle-piece-de-mode-porter-lors-dun-festival-cet-ete\/#primaryimage"},"thumbnailUrl":"https:\/\/www.belgae.be\/fr\/wp-content\/uploads\/sites\/2\/2023\/08\/cyril_ge_a_techno_music_festival_Franco-Belgian_comic_style_bla_6ecb079c-7c4c-49e3-bc7a-fae395efd5e0-1024x568-1.jpg","articleSection":["Look &amp; Style"],"inLanguage":"fr-FR","potentialAction":[{"@type":"CommentAction","name":"Comment","target":["https:\/\/www.belgae.be\/fr\/blog\/quelle-piece-de-mode-porter-lors-dun-festival-cet-ete\/#respond"]}]},{"@type":"WebPage","@id":"https:\/\/www.belgae.be\/fr\/blog\/quelle-piece-de-mode-porter-lors-dun-festival-cet-ete\/","url":"https:\/\/www.belgae.be\/fr\/blog\/quelle-piece-de-mode-porter-lors-dun-festival-cet-ete\/","name":"Quelle pi\u00e8ce de mode porter lors d'un festival cet \u00e9t\u00e9 ? | Belgae","isPartOf":{"@id":"https:\/\/www.belgae.be\/fr\/#website"},"primaryImageOfPage":{"@id":"https:\/\/www.belgae.be\/fr\/blog\/quelle-piece-de-mode-porter-lors-dun-festival-cet-ete\/#primaryimage"},"image":{"@id":"https:\/\/www.belgae.be\/fr\/blog\/quelle-piece-de-mode-porter-lors-dun-festival-cet-ete\/#primaryimage"},"thumbnailUrl":"https:\/\/www.belgae.be\/fr\/wp-content\/uploads\/sites\/2\/2023\/08\/cyril_ge_a_techno_music_festival_Franco-Belgian_comic_style_bla_6ecb079c-7c4c-49e3-bc7a-fae395efd5e0-1024x568-1.jpg","datePublished":"2023-08-02T14:48:16+00:00","breadcrumb":{"@id":"https:\/\/www.belgae.be\/fr\/blog\/quelle-piece-de-mode-porter-lors-dun-festival-cet-ete\/#breadcrumb"},"inLanguage":"fr-FR","potentialAction":[{"@type":"ReadAction","target":["https:\/\/www.belgae.be\/fr\/blog\/quelle-piece-de-mode-porter-lors-dun-festival-cet-ete\/"]}]},{"@type":"ImageObject","inLanguage":"fr-FR","@id":"https:\/\/www.belgae.be\/fr\/blog\/quelle-piece-de-mode-porter-lors-dun-festival-cet-ete\/#primaryimage","url":"https:\/\/www.belgae.be\/fr\/wp-content\/uploads\/sites\/2\/2023\/08\/cyril_ge_a_techno_music_festival_Franco-Belgian_comic_style_bla_6ecb079c-7c4c-49e3-bc7a-fae395efd5e0-1024x568-1.jpg","contentUrl":"https:\/\/www.belgae.be\/fr\/wp-content\/uploads\/sites\/2\/2023\/08\/cyril_ge_a_techno_music_festival_Franco-Belgian_comic_style_bla_6ecb079c-7c4c-49e3-bc7a-fae395efd5e0-1024x568-1.jpg"},{"@type":"BreadcrumbList","@id":"https:\/\/www.belgae.be\/fr\/blog\/quelle-piece-de-mode-porter-lors-dun-festival-cet-ete\/#breadcrumb","itemListElement":[{"@type":"ListItem","position":1,"name":"Accueil","item":"https:\/\/www.belgae.be\/fr\/"},{"@type":"ListItem","position":2,"name":"Quelle pi\u00e8ce de mode porter lors d&#8217;un festival cet \u00e9t\u00e9 ?"}]},{"@type":"WebSite","@id":"https:\/\/www.belgae.be\/fr\/#website","url":"https:\/\/www.belgae.be\/fr\/","name":"Belgae","description":"Art &amp; Mode Belge","publisher":{"@id":"https:\/\/www.belgae.be\/fr\/#organization"},"potentialAction":[{"@type":"SearchAction","target":{"@type":"EntryPoint","urlTemplate":"https:\/\/www.belgae.be\/fr\/?s={search_term_string}"},"query-input":{"@type":"PropertyValueSpecification","valueRequired":true,"valueName":"search_term_string"}}],"inLanguage":"fr-FR"},{"@type":"Organization","@id":"https:\/\/www.belgae.be\/fr\/#organization","name":"Belgae","url":"https:\/\/www.belgae.be\/fr\/","logo":{"@type":"ImageObject","inLanguage":"fr-FR","@id":"https:\/\/www.belgae.be\/fr\/#\/schema\/logo\/image\/","url":"https:\/\/www.belgae.be\/fr\/wp-content\/uploads\/sites\/2\/2023\/07\/Sans-titre1-Copie.png","contentUrl":"https:\/\/www.belgae.be\/fr\/wp-content\/uploads\/sites\/2\/2023\/07\/Sans-titre1-Copie.png","width":88,"height":88,"caption":"Belgae"},"image":{"@id":"https:\/\/www.belgae.be\/fr\/#\/schema\/logo\/image\/"}},{"@type":"Person","@id":"https:\/\/www.belgae.be\/fr\/#\/schema\/person\/646b40b88212bc5335f9c4fa787df047","name":"Cyril Gendarme","sameAs":["https:\/\/www.belgae.be"],"url":"https:\/\/www.belgae.be\/fr\/blog\/author\/cgen\/"}]}},"_links":{"self":[{"href":"https:\/\/www.belgae.be\/fr\/wp-json\/wp\/v2\/posts\/2866","targetHints":{"allow":["GET"]}}],"collection":[{"href":"https:\/\/www.belgae.be\/fr\/wp-json\/wp\/v2\/posts"}],"about":[{"href":"https:\/\/www.belgae.be\/fr\/wp-json\/wp\/v2\/types\/post"}],"author":[{"embeddable":true,"href":"https:\/\/www.belgae.be\/fr\/wp-json\/wp\/v2\/users\/1"}],"replies":[{"embeddable":true,"href":"https:\/\/www.belgae.be\/fr\/wp-json\/wp\/v2\/comments?post=2866"}],"version-history":[{"count":0,"href":"https:\/\/www.belgae.be\/fr\/wp-json\/wp\/v2\/posts\/2866\/revisions"}],"wp:featuredmedia":[{"embeddable":true,"href":"https:\/\/www.belgae.be\/fr\/wp-json\/"}],"wp:attachment":[{"href":"https:\/\/www.belgae.be\/fr\/wp-json\/wp\/v2\/media?parent=2866"}],"wp:term":[{"taxonomy":"category","embeddable":true,"href":"https:\/\/www.belgae.be\/fr\/wp-json\/wp\/v2\/categories?post=2866"},{"taxonomy":"post_tag","embeddable":true,"href":"https:\/\/www.belgae.be\/fr\/wp-json\/wp\/v2\/tags?post=2866"}],"curies":[{"name":"wp","href":"https:\/\/api.w.org\/{rel}","templated":true}]}}