{"id":2864,"date":"2023-08-02T14:47:48","date_gmt":"2023-08-02T14:47:48","guid":{"rendered":"https:\/\/www.belgae.be\/fr\/blog\/t-shirt-de-designer-pour-le-monde-professionnel-bonne-idee\/"},"modified":"2023-08-02T14:51:25","modified_gmt":"2023-08-02T14:51:25","slug":"t-shirt-de-designer-pour-le-milieu-pro-bonne-idee","status":"publish","type":"post","link":"https:\/\/www.belgae.be\/fr\/blog\/t-shirt-de-designer-pour-le-milieu-pro-bonne-idee\/","title":{"rendered":"T-shirt de designer pour le monde professionnel : bonne id\u00e9e ?"},"content":{"rendered":"<p>Lib\u00e9rant la puissance du chic d\u00e9contract\u00e9, les t-shirts de cr\u00e9ateur bouleversent le monde professionnel. Mais est-ce une bonne id\u00e9e?<\/p>\n<p> Plongeons dans cette r\u00e9bellion stylistique!<\/p>\n<p>Nous explorons comment nous pouvons allier confort et professionnalisme, et analysons si ces t-shirts ont leur place dans les couloirs des entreprises. Attachez vos ceintures pour un voyage vestimentaire passionnant!<\/p>\n<section class=\"contentTable_table\">\n<p class=\"contentTable_title\">Table des mati\u00e8res : <\/p>\n<p class=\"contentTable_elem\"><a href=\"#balise_0\">1. L&#8217;Ascension des T-Shirts de Cr\u00e9ateur<\/a><\/p>\n<p class=\"contentTable_elem\"><a href=\"#balise_1\">2. Savoir Quand et Comment les Porter avec \u00c9l\u00e9gance<\/a><\/p>\n<p class=\"contentTable_elem\"><a href=\"#balise_2\">3. T-shirt de designer comme cadeau d&#8217;affaires original<\/a><\/p>\n<p class=\"contentTable_elem\"><a href=\"#balise_3\">4. Les Coupes et Mat\u00e9riaux Appropri\u00e9s<\/a><\/p>\n<p class=\"contentTable_elem\"><a href=\"#balise_4\">5. Cr\u00e9ez un Look Chic et D\u00e9contract\u00e9 avec un T-Shirt de Designer<\/a><\/p>\n<p class=\"contentTable_elem\"><a href=\"#balise_5\">6. Costumes et T-Shirts Superpos\u00e9s : Allier \u00c9l\u00e9gance Formelle \u00e0 une Touche Moderne<\/a><\/p>\n<p class=\"contentTable_elem\"><a href=\"#balise_6\">7. Quelques astuces pour \u00e9viter les gaffes<\/a><\/p>\n<p class=\"contentTable_elem\"><a href=\"#balise_7\">8. Vendredi d\u00e9contract\u00e9 : Comment int\u00e9grer des T-shirts de cr\u00e9ateur<\/a><\/p>\n<p class=\"contentTable_elem\"><a href=\"#balise_8\">9. Un T-shirt Personnalis\u00e9 Pour Promouvoir Votre Entreprise Avec \u00c9l\u00e9gance<\/a><\/p>\n<p class=\"contentTable_elem\"><a href=\"#balise_9\">10. Le R\u00f4le du T-Shirt dans le Code Vestimentaire des Start-Ups<\/a><\/p>\n<\/section>\n<p><img loading=\"lazy\" decoding=\"async\" class=\"lazyload articleImageSquare_CGEN\" height=\"400\" width=\"400\" src=\"https:\/\/www.belgae.be\/imageHolder\/\/wp-content\/uploads\/sites\/2\/2023\/07\/loading-spinner-belgae.gif\" data-src=\"https:\/\/www.belgae.be\/imageHolder\/\/wp-content\/uploads\/sites\/2\/2023\/08\/tmpwzt18_0w.jpg\" alt=\"tmpwzt18_0w\" \/><\/p>\n<h2 id=\"balise_0\">L&#8217;Ascension des T-Shirts de Cr\u00e9ateur<\/h2>\n<p>Les jours o\u00f9 les t-shirts \u00e9taient consid\u00e9r\u00e9s uniquement comme des v\u00eatements d\u00e9contract\u00e9s sont r\u00e9volus. \u00c0 pr\u00e9sent, les t-shirts de cr\u00e9ateurs ont conquis le monde de la mode et se trouvent dans toutes les garde-robes. Avec leurs designs uniques, leurs mat\u00e9riaux de haute qualit\u00e9 et leur souci du d\u00e9tail, ces chemises se sont distingu\u00e9es pour passer d&#8217;un simple v\u00eatement \u00e0 une expression artistique.<\/p>\n<p>Il est clair que l&#8217;attrait des t-shirts design ne s&#8217;estompe pas avec le temps. Au contraire, ils continuent d&#8217;\u00e9voluer en adaptant constamment des motifs innovants qui captent l&#8217;int\u00e9r\u00eat public.<\/p>\n<p>En fin de compte, ce n&#8217;est pas seulement la qualit\u00e9 sup\u00e9rieure ou l&#8217;apparence unique qui distingue ces articles vestimentaires. C&#8217;est plut\u00f4t la capacit\u00e9 d&#8217;un designer \u00e0 transformer un morceau ordinaire de tissu en une \u0153uvre d&#8217;art portable impressionnante.<\/p>\n<p>Ainsi donc, chaque fois que vous portez un tel article vestimentaire distinctif; vous ne faites pas qu&#8217;exposer votre style personnel mais aussi partager votre sensibilit\u00e9 esth\u00e9tique avec le monde.<\/p>\n<p><img loading=\"lazy\" decoding=\"async\" class=\"lazyload articleImageSquare_CGEN\" height=\"400\" width=\"400\" src=\"https:\/\/www.belgae.be\/imageHolder\/\/wp-content\/uploads\/sites\/2\/2023\/07\/loading-spinner-belgae.gif\" data-src=\"https:\/\/www.belgae.be\/imageHolder\/\/wp-content\/uploads\/sites\/2\/2023\/08\/tmpftexg5lu.jpg\" alt=\"tmpftexg5lu\" \/><\/p>\n<h2 id=\"balise_1\">Savoir Quand et Comment les Porter avec \u00c9l\u00e9gance<\/h2>\n<p>Bien que les t-shirts de cr\u00e9ateur puissent \u00eatre \u00e0 la mode, il est important de savoir quand et comment les porter avec \u00e9l\u00e9gance. Les associer \u00e0 des pantalons ou des jupes sur mesure ajoute instantan\u00e9ment une touche de sophistication tout en conservant le confort.<\/p>\n<p>Optez pour des couleurs neutres ou des motifs classiques qui se fondent sans effort dans votre tenue professionnelle existante. Cette strat\u00e9gie assure une transition fluide entre diff\u00e9rents environnements et occasions, du bureau au d\u00eener chic.<\/p>\n<p>En fin de compte, l&#8217;\u00e9l\u00e9gance r\u00e9side non seulement dans l&#8217;apparence ext\u00e9rieure mais aussi dans la confiance int\u00e9rieure. <\/p>\n<p>Ainsi, choisissez un t-shirt qui refl\u00e8te votre style individuel tout en respectant le code vestimentaire professionnel.<\/p>\n<p>Ainsi donc, porter un t-shirt designer ne signifie pas n\u00e9cessairement renoncer au professionnalisme. Avec quelques astuces simples et judicieuses, vous pouvez marier mode et fonctionnalit\u00e9 sans effort.<\/p>\n<p><img loading=\"lazy\" decoding=\"async\" class=\"lazyload articleImageSquare_CGEN\" height=\"400\" width=\"400\" src=\"https:\/\/www.belgae.be\/imageHolder\/\/wp-content\/uploads\/sites\/2\/2023\/07\/loading-spinner-belgae.gif\" data-src=\"https:\/\/www.belgae.be\/imageHolder\/\/wp-content\/uploads\/sites\/2\/2023\/08\/tmpa5ihw_bk.jpg\" alt=\"tmpa5ihw_bk\" \/><\/p>\n<h2 id=\"balise_2\">T-shirt de designer comme cadeau d&#8217;affaires original<\/h2>\n<p>En qu\u00eate d&#8217;un cadeau d&#8217;affaires r\u00e9fl\u00e9chi ?<\/p>\n<p> Choisissez un t-shirt de cr\u00e9ateur ! C&#8217;est l&#8217;option parfaite. Non seulement cela d\u00e9montre votre reconnaissance, mais permet \u00e9galement aux destinataires d&#8217;exprimer leur individualit\u00e9 \u00e0 travers la mode.<\/p>\n<p>De plus, vous soutiendrez des artistes locaux qui investissent toute leur cr\u00e9ativit\u00e9 dans chaque conception. Ce faisant, vous contribuez \u00e0 enrichir et diversifier le paysage artistique local en offrant une plateforme aux talents \u00e9mergents.<\/p>\n<p>Ce type de cadeau est donc bien plus qu\u2019un simple article vestimentaire. Il s\u2019agit aussi d\u2019une marque de respect envers le travail acharn\u00e9 et l\u2019engagement des artisans locaux. <\/p>\n<p>Ainsi, donner un t-shirt designer comme cadeau professionnel n\u2019est pas seulement \u00e9l\u00e9gant \u2013 c\u2019est socialement responsable.<\/p>\n<p>Alors n&#8217;h\u00e9sitez plus! Faites preuve d&#8217;originalit\u00e9 et choisissez un t-shirt design pour votre prochain cadeau corporatif! Vous ne regretterez pas cette d\u00e9cision qui allie style unique et support du talent local.<\/p>\n<p><img loading=\"lazy\" decoding=\"async\" class=\"lazyload articleImageSquare_CGEN\" height=\"400\" width=\"400\" src=\"https:\/\/www.belgae.be\/imageHolder\/\/wp-content\/uploads\/sites\/2\/2023\/07\/loading-spinner-belgae.gif\" data-src=\"https:\/\/www.belgae.be\/imageHolder\/\/wp-content\/uploads\/sites\/2\/2023\/08\/tmpznssnj5e.jpg\" alt=\"tmpznssnj5e\" \/><\/p>\n<h2 id=\"balise_3\">Les Coupes et Mat\u00e9riaux Appropri\u00e9s<\/h2>\n<p>Lors du choix d&#8217;un t-shirt de designer pour le monde professionnel, pr\u00eatez attention \u00e0 sa coupe et \u00e0 sa composition mat\u00e9rielle. Recherchez des options bien taill\u00e9es qui mettent en valeur votre silhouette sans compromettre le confort. Les tissus de haute qualit\u00e9 comme le coton biologique ou les m\u00e9langes de bambou assurent la durabilit\u00e9 tout en offrant une respirabilit\u00e9 tout au long des journ\u00e9es de travail.<\/p>\n<p>Assurez-vous que la coupe est flatteuse mais \u00e9galement pratique et appropri\u00e9e pour l&#8217;environnement professionnel. Une mauvaise s\u00e9lection peut donner une impression n\u00e9glig\u00e9e plut\u00f4t que soign\u00e9e.<\/p>\n<p>Le choix du bon mat\u00e9riau est \u00e9galement crucial. Le coton biologique et les m\u00e9langes de bambou sont non seulement durables, mais aussi doux sur la peau, ce qui permet un port confortable m\u00eame lors des journ\u00e9es les plus charg\u00e9es.<\/p>\n<p>En somme, choisir un t-shirt design pour le bureau n\u00e9cessite une r\u00e9flexion approfondie sur son style, sa coupe et son mat\u00e9riel afin d&#8217;assurer un look chic sans sacrifier le confort ni la praticit\u00e9.<\/p>\n<p><img loading=\"lazy\" decoding=\"async\" class=\"lazyload articleImageSquare_CGEN\" height=\"400\" width=\"400\" src=\"https:\/\/www.belgae.be\/imageHolder\/\/wp-content\/uploads\/sites\/2\/2023\/07\/loading-spinner-belgae.gif\" data-src=\"https:\/\/www.belgae.be\/imageHolder\/\/wp-content\/uploads\/sites\/2\/2023\/08\/tmpee0ju19u.jpg\" alt=\"tmpee0ju19u\" \/><\/p>\n<h2 id=\"balise_4\">Cr\u00e9ez un Look Chic et D\u00e9contract\u00e9 avec un T-Shirt de Designer<\/h2>\n<p>Un look chic mais d\u00e9contract\u00e9 peut facilement \u00eatre obtenu en associant votre t-shirt de cr\u00e9ateur pr\u00e9f\u00e9r\u00e9 avec un jean ou un pantalon. Privil\u00e9giez des teintes plus sombres telles que le noir ou le bleu marine. Ajoutez quelques accessoires \u00e9l\u00e9gants tels que des bijoux imposants ou des ceintures en cuir.<\/p>\n<p>Cette combinaison sans effort d\u00e9gage une confiance tout en vous laissant de l&#8217;espace pour l&#8217;expression personnelle. Il est possible d&#8217;\u00e9voquer \u00e0 la fois sophistication et confort, sans jamais sacrifier son style unique.<\/p>\n<p>En m\u00e9langeant les pi\u00e8ces haut de gamme avec les basiques du quotidien, on cr\u00e9e un \u00e9quilibre parfait entre luxe et simplicit\u00e9. Le r\u00e9sultat?<\/p>\n<p> Un ensemble irr\u00e9sistiblement trendy qui ne manque pas d&#8217;attirer les regards admiratifs.<\/p>\n<p>N&#8217;h\u00e9sitez pas \u00e0 exp\u00e9rimenter avec diff\u00e9rentes marques et styles pour trouver celui qui correspond le mieux \u00e0 votre personnalit\u00e9. Apr\u00e8s tout, la mode n&#8217;est qu&#8217;une extension de soi-m\u00eame!<\/p>\n<p><img loading=\"lazy\" decoding=\"async\" class=\"lazyload articleImageSquare_CGEN\" height=\"400\" width=\"400\" src=\"https:\/\/www.belgae.be\/imageHolder\/\/wp-content\/uploads\/sites\/2\/2023\/07\/loading-spinner-belgae.gif\" data-src=\"https:\/\/www.belgae.be\/imageHolder\/\/wp-content\/uploads\/sites\/2\/2023\/08\/tmp7hjh0cq1.jpg\" alt=\"tmp7hjh0cq\" \/><\/p>\n<h2 id=\"balise_5\">Costumes et T-Shirts Superpos\u00e9s : Allier \u00c9l\u00e9gance Formelle \u00e0 une Touche Moderne<\/h2>\n<p>Qui a affirm\u00e9 que les costumes doivent \u00eatre ennuyeux?<\/p>\n<p> Brisez le moule traditionnel en int\u00e9grant un t-shirt de designer dans votre ensemble de costume. Optez pour un blazer bien ajust\u00e9, des pantalons sur mesure ou une jupe, et associez-le \u00e0 un tee-shirt graphique accrocheur en dessous.<\/p>\n<p>Cette torsion inattendue ajoute une touche moderne \u00e0 la tenue formelle sans compromettre le professionnalisme. Jouer avec la mode n&#8217;est pas seulement amusant mais aussi original et audacieux. C&#8217;est l&#8217;opportunit\u00e9 parfaite pour exprimer votre individualit\u00e9 tout en respectant les codes du travail.<\/p>\n<p>Le m\u00e9lange d&#8217;\u00e9l\u00e9ments d\u00e9contract\u00e9s et formels cr\u00e9e un \u00e9quilibre parfait entre style personnel et exigences professionnelles. N&#8217;h\u00e9sitez pas \u00e0 exp\u00e9rimenter avec diff\u00e9rentes combinaisons pour trouver celle qui correspond le mieux \u00e0 votre personnalit\u00e9 unique.<\/p>\n<p><img loading=\"lazy\" decoding=\"async\" class=\"lazyload articleImageSquare_CGEN\" height=\"400\" width=\"400\" src=\"https:\/\/www.belgae.be\/imageHolder\/\/wp-content\/uploads\/sites\/2\/2023\/07\/loading-spinner-belgae.gif\" data-src=\"https:\/\/www.belgae.be\/imageHolder\/\/wp-content\/uploads\/sites\/2\/2023\/08\/tmp4gycw2be.jpg\" alt=\"tmp4gycw2be\" \/><\/p>\n<h2 id=\"balise_6\">Quelques astuces pour \u00e9viter les gaffes<\/h2>\n<p>Bien que les t-shirts de cr\u00e9ateurs puissent faire une forte impression dans un environnement professionnel, il existe des r\u00e8gles \u00e0 respecter pour \u00e9viter toute faute de go\u00fbt. Assurez-vous que le design est raffin\u00e9 et en accord avec la politique vestimentaire de votre lieu de travail.<\/p>\n<p>De plus, faites attention \u00e0 la coupe. Optez pour des chemises qui mettent en valeur votre silhouette sans \u00eatre trop serr\u00e9es ou r\u00e9v\u00e9latrices. Il est important d&#8217;\u00e9quilibrer style et professionnalisme afin d&#8217;exprimer au mieux votre personnalit\u00e9 tout en respectant l&#8217;environnement dans lequel vous \u00e9voluez.<\/p>\n<p>En fin de compte, l&#8217;objectif n&#8217;est pas seulement d&#8217;\u00eatre \u00e9l\u00e9gant mais aussi appropri\u00e9. Rappelez-vous toujours qu&#8217;un choix judicieux peut am\u00e9liorer consid\u00e9rablement votre image professionnelle.<\/p>\n<p><img loading=\"lazy\" decoding=\"async\" class=\"lazyload articleImageSquare_CGEN\" height=\"400\" width=\"400\" src=\"https:\/\/www.belgae.be\/imageHolder\/\/wp-content\/uploads\/sites\/2\/2023\/07\/loading-spinner-belgae.gif\" data-src=\"https:\/\/www.belgae.be\/imageHolder\/\/wp-content\/uploads\/sites\/2\/2023\/08\/tmp1wrhz_jh.jpg\" alt=\"tmp1wrhz_jh\" \/><\/p>\n<h2 id=\"balise_7\">Vendredi d\u00e9contract\u00e9 : Comment int\u00e9grer des T-shirts de cr\u00e9ateur<\/h2>\n<p>Les vendredis d\u00e9contract\u00e9s sont l&#8217;occasion id\u00e9ale pour mettre en avant votre style personnel tout en conservant un certain professionnalisme. Associer un t-shirt de cr\u00e9ateur \u00e9l\u00e9gant \u00e0 des jeans ou chinos sur mesure cr\u00e9e instantan\u00e9ment une allure cool sans effort, adapt\u00e9e aux heures de bureau et aux sorties apr\u00e8s le travail.<\/p>\n<p>Il est possible d&#8217;exprimer sa personnalit\u00e9 et son sens du style sans compromettre l&#8217;image professionnelle. Un simple t-shirt designer peut transformer une tenue ordinaire en quelque chose d&#8217;extraordinaire.<\/p>\n<p>Non seulement cette tenue est confortable, mais elle vous permet \u00e9galement de passer facilement du bureau \u00e0 la d\u00e9tente post-travail. Donnez-vous la libert\u00e9 d&#8217;\u00eatre vous-m\u00eame tout en respectant les codes vestimentaires du lieu de travail.<\/p>\n<p>En fin de compte, ces vendredis d\u00e9contract\u00e9s offrent plus qu&#8217;une pause dans la routine habituelle. Ils donnent aussi une chance unique pour faire preuve d&#8217;un sens aigu\u00eb du style avec juste ce qu&#8217;il faut d&#8217;attitude nonchalante.<\/p>\n<p><img loading=\"lazy\" decoding=\"async\" class=\"lazyload articleImageSquare_CGEN\" height=\"400\" width=\"400\" src=\"https:\/\/www.belgae.be\/imageHolder\/\/wp-content\/uploads\/sites\/2\/2023\/07\/loading-spinner-belgae.gif\" data-src=\"https:\/\/www.belgae.be\/imageHolder\/\/wp-content\/uploads\/sites\/2\/2023\/08\/tmpp_rowhgr.jpg\" alt=\"tmpp_rowhgr\" \/><\/p>\n<h2 id=\"balise_8\">Un T-shirt Personnalis\u00e9 Pour Promouvoir Votre Entreprise Avec \u00c9l\u00e9gance<\/h2>\n<p>\u00c0 la recherche de nouvelles m\u00e9thodes pour promouvoir votre entreprise?<\/p>\n<p> Pensez \u00e0 cr\u00e9er des t-shirts design personnalis\u00e9s avec le logo ou le slogan de votre soci\u00e9t\u00e9. Non seulement cela contribuera \u00e0 accro\u00eetre la notori\u00e9t\u00e9 de la marque, mais aussi \u00e0 renforcer l&#8217;unit\u00e9 parmi les employ\u00e9s lorsqu&#8217;ils les portent pendant des activit\u00e9s d&#8217;\u00e9quipe ou des \u00e9v\u00e9nements sp\u00e9ciaux.<\/p>\n<p>N&#8217;h\u00e9sitez pas \u00e0 utiliser cette strat\u00e9gie marketing innovante. Elle offre une visibilit\u00e9 suppl\u00e9mentaire et un sentiment d&#8217;appartenance accru pour vos collaborateurs. <\/p>\n<p>De plus, elle peut \u00eatre une excellente id\u00e9e cadeau pour vos clients et partenaires.<\/p>\n<p>Au final, ces t-shirts sur mesure sont bien plus qu&#8217;un simple v\u00eatement &#8211; ils sont un outil promotionnel puissant qui peut faire grandir votre entreprise au-del\u00e0 de ses fronti\u00e8res actuelles. Alors pourquoi ne pas donner vie \u00e0 cette id\u00e9e d\u00e8s aujourd&#8217;hui ?<\/p>\n<p><img loading=\"lazy\" decoding=\"async\" class=\"lazyload articleImageSquare_CGEN\" height=\"400\" width=\"400\" src=\"https:\/\/www.belgae.be\/imageHolder\/\/wp-content\/uploads\/sites\/2\/2023\/07\/loading-spinner-belgae.gif\" data-src=\"https:\/\/www.belgae.be\/imageHolder\/\/wp-content\/uploads\/sites\/2\/2023\/08\/tmpgl4jfwpe.jpg\" alt=\"tmpgl4jfwpe\" \/><\/p>\n<h2 id=\"balise_9\">Le R\u00f4le du T-Shirt dans le Code Vestimentaire des Start-Ups<\/h2>\n<p>Les start-ups adoptent souvent des codes vestimentaires plus d\u00e9contract\u00e9s par rapport aux environnements corporatifs traditionnels. Les t-shirts de cr\u00e9ateurs jouent un r\u00f4le essentiel dans l&#8217;expression de la cr\u00e9ativit\u00e9 au sein de ces espaces tout en favorisant une camaraderie entre coll\u00e8gues qui appr\u00e9cient les designs uniques et l&#8217;expression artistique.<\/p>\n<p>En conclusion, l&#8217;\u00e9mergence des t-shirts design a r\u00e9volutionn\u00e9 notre perception des v\u00eatements d\u00e9contract\u00e9s dans les milieux professionnels. Ces v\u00eatements polyvalents permettent \u00e0 chacun d&#8217;exprimer son individualit\u00e9 tout en conservant \u00e9l\u00e9gance et sophistication durant leur journ\u00e9e de travail.<\/p>\n<p>Pourquoi ne pas suivre cette tendance et apporter une touche contemporaine \u00e0 votre garde-robe professionnelle ?<\/p>\n","protected":false},"excerpt":{"rendered":"<p>Lib\u00e9rant la puissance du chic d\u00e9contract\u00e9, les t-shirts de cr\u00e9ateur bouleversent le monde professionnel. Mais est-ce une bonne id\u00e9e? Plongeons dans cette r\u00e9bellion stylistique!<\/p>\n","protected":false},"author":1,"featured_media":4399,"comment_status":"open","ping_status":"closed","sticky":false,"template":"","format":"standard","meta":{"_acf_changed":false,"_et_pb_use_builder":"","_et_pb_old_content":"","_et_gb_content_width":"","footnotes":""},"categories":[37],"tags":[],"class_list":["post-2864","post","type-post","status-publish","format-standard","has-post-thumbnail","hentry","category-trends-lifestyle"],"acf":[],"yoast_head":"<!-- This site is optimized with the Yoast SEO plugin v27.5 - https:\/\/yoast.com\/product\/yoast-seo-wordpress\/ -->\n<title>T-shirt de designer pour le monde professionnel : bonne id\u00e9e ? | Belgae<\/title>\n<meta name=\"robots\" content=\"index, follow, max-snippet:-1, max-image-preview:large, max-video-preview:-1\" \/>\n<link rel=\"canonical\" href=\"https:\/\/www.belgae.be\/fr\/blog\/t-shirt-de-designer-pour-le-milieu-pro-bonne-idee\/\" \/>\n<meta property=\"og:locale\" content=\"fr_FR\" \/>\n<meta property=\"og:type\" content=\"article\" \/>\n<meta property=\"og:title\" content=\"T-shirt de designer pour le monde professionnel : bonne id\u00e9e ? | Belgae\" \/>\n<meta property=\"og:description\" content=\"Lib\u00e9rant la puissance du chic d\u00e9contract\u00e9, les t-shirts de cr\u00e9ateur bouleversent le monde professionnel. Mais est-ce une bonne id\u00e9e? Plongeons dans cette r\u00e9bellion stylistique!\" \/>\n<meta property=\"og:url\" content=\"https:\/\/www.belgae.be\/fr\/blog\/t-shirt-de-designer-pour-le-milieu-pro-bonne-idee\/\" \/>\n<meta property=\"og:site_name\" content=\"Belgae\" \/>\n<meta property=\"article:published_time\" content=\"2023-08-02T14:47:48+00:00\" \/>\n<meta property=\"article:modified_time\" content=\"2023-08-02T14:51:25+00:00\" \/>\n<meta name=\"author\" content=\"Cyril Gendarme\" \/>\n<meta name=\"twitter:card\" content=\"summary_large_image\" \/>\n<meta name=\"twitter:label1\" content=\"\u00c9crit par\" \/>\n\t<meta name=\"twitter:data1\" content=\"Cyril Gendarme\" \/>\n\t<meta name=\"twitter:label2\" content=\"Dur\u00e9e de lecture estim\u00e9e\" \/>\n\t<meta name=\"twitter:data2\" content=\"9 minutes\" \/>\n<script type=\"application\/ld+json\" class=\"yoast-schema-graph\">{\"@context\":\"https:\\\/\\\/schema.org\",\"@graph\":[{\"@type\":\"Article\",\"@id\":\"https:\\\/\\\/www.belgae.be\\\/fr\\\/blog\\\/t-shirt-de-designer-pour-le-milieu-pro-bonne-idee\\\/#article\",\"isPartOf\":{\"@id\":\"https:\\\/\\\/www.belgae.be\\\/fr\\\/blog\\\/t-shirt-de-designer-pour-le-milieu-pro-bonne-idee\\\/\"},\"author\":{\"name\":\"Cyril Gendarme\",\"@id\":\"https:\\\/\\\/www.belgae.be\\\/fr\\\/#\\\/schema\\\/person\\\/646b40b88212bc5335f9c4fa787df047\"},\"headline\":\"T-shirt de designer pour le monde professionnel : bonne id\u00e9e ?\",\"datePublished\":\"2023-08-02T14:47:48+00:00\",\"dateModified\":\"2023-08-02T14:51:25+00:00\",\"mainEntityOfPage\":{\"@id\":\"https:\\\/\\\/www.belgae.be\\\/fr\\\/blog\\\/t-shirt-de-designer-pour-le-milieu-pro-bonne-idee\\\/\"},\"wordCount\":1740,\"commentCount\":0,\"publisher\":{\"@id\":\"https:\\\/\\\/www.belgae.be\\\/fr\\\/#organization\"},\"image\":{\"@id\":\"https:\\\/\\\/www.belgae.be\\\/fr\\\/blog\\\/t-shirt-de-designer-pour-le-milieu-pro-bonne-idee\\\/#primaryimage\"},\"thumbnailUrl\":\"https:\\\/\\\/www.belgae.be\\\/fr\\\/wp-content\\\/uploads\\\/sites\\\/2\\\/2023\\\/08\\\/cyril_ge_a_guy_wearing_a_t-shirt_in_an_open_space_office_Franco_2efb22f4-c0e0-4353-a486-aa7cdc2a679c-1024x568-1.jpg\",\"articleSection\":[\"Trends &amp; Lifestyle\"],\"inLanguage\":\"fr-FR\",\"potentialAction\":[{\"@type\":\"CommentAction\",\"name\":\"Comment\",\"target\":[\"https:\\\/\\\/www.belgae.be\\\/fr\\\/blog\\\/t-shirt-de-designer-pour-le-milieu-pro-bonne-idee\\\/#respond\"]}]},{\"@type\":\"WebPage\",\"@id\":\"https:\\\/\\\/www.belgae.be\\\/fr\\\/blog\\\/t-shirt-de-designer-pour-le-milieu-pro-bonne-idee\\\/\",\"url\":\"https:\\\/\\\/www.belgae.be\\\/fr\\\/blog\\\/t-shirt-de-designer-pour-le-milieu-pro-bonne-idee\\\/\",\"name\":\"T-shirt de designer pour le monde professionnel : bonne id\u00e9e ? | Belgae\",\"isPartOf\":{\"@id\":\"https:\\\/\\\/www.belgae.be\\\/fr\\\/#website\"},\"primaryImageOfPage\":{\"@id\":\"https:\\\/\\\/www.belgae.be\\\/fr\\\/blog\\\/t-shirt-de-designer-pour-le-milieu-pro-bonne-idee\\\/#primaryimage\"},\"image\":{\"@id\":\"https:\\\/\\\/www.belgae.be\\\/fr\\\/blog\\\/t-shirt-de-designer-pour-le-milieu-pro-bonne-idee\\\/#primaryimage\"},\"thumbnailUrl\":\"https:\\\/\\\/www.belgae.be\\\/fr\\\/wp-content\\\/uploads\\\/sites\\\/2\\\/2023\\\/08\\\/cyril_ge_a_guy_wearing_a_t-shirt_in_an_open_space_office_Franco_2efb22f4-c0e0-4353-a486-aa7cdc2a679c-1024x568-1.jpg\",\"datePublished\":\"2023-08-02T14:47:48+00:00\",\"dateModified\":\"2023-08-02T14:51:25+00:00\",\"breadcrumb\":{\"@id\":\"https:\\\/\\\/www.belgae.be\\\/fr\\\/blog\\\/t-shirt-de-designer-pour-le-milieu-pro-bonne-idee\\\/#breadcrumb\"},\"inLanguage\":\"fr-FR\",\"potentialAction\":[{\"@type\":\"ReadAction\",\"target\":[\"https:\\\/\\\/www.belgae.be\\\/fr\\\/blog\\\/t-shirt-de-designer-pour-le-milieu-pro-bonne-idee\\\/\"]}]},{\"@type\":\"ImageObject\",\"inLanguage\":\"fr-FR\",\"@id\":\"https:\\\/\\\/www.belgae.be\\\/fr\\\/blog\\\/t-shirt-de-designer-pour-le-milieu-pro-bonne-idee\\\/#primaryimage\",\"url\":\"https:\\\/\\\/www.belgae.be\\\/fr\\\/wp-content\\\/uploads\\\/sites\\\/2\\\/2023\\\/08\\\/cyril_ge_a_guy_wearing_a_t-shirt_in_an_open_space_office_Franco_2efb22f4-c0e0-4353-a486-aa7cdc2a679c-1024x568-1.jpg\",\"contentUrl\":\"https:\\\/\\\/www.belgae.be\\\/fr\\\/wp-content\\\/uploads\\\/sites\\\/2\\\/2023\\\/08\\\/cyril_ge_a_guy_wearing_a_t-shirt_in_an_open_space_office_Franco_2efb22f4-c0e0-4353-a486-aa7cdc2a679c-1024x568-1.jpg\"},{\"@type\":\"BreadcrumbList\",\"@id\":\"https:\\\/\\\/www.belgae.be\\\/fr\\\/blog\\\/t-shirt-de-designer-pour-le-milieu-pro-bonne-idee\\\/#breadcrumb\",\"itemListElement\":[{\"@type\":\"ListItem\",\"position\":1,\"name\":\"Accueil\",\"item\":\"https:\\\/\\\/www.belgae.be\\\/fr\\\/\"},{\"@type\":\"ListItem\",\"position\":2,\"name\":\"T-shirt de designer pour le monde professionnel : bonne id\u00e9e ?\"}]},{\"@type\":\"WebSite\",\"@id\":\"https:\\\/\\\/www.belgae.be\\\/fr\\\/#website\",\"url\":\"https:\\\/\\\/www.belgae.be\\\/fr\\\/\",\"name\":\"Belgae\",\"description\":\"Art &amp; Mode Belge\",\"publisher\":{\"@id\":\"https:\\\/\\\/www.belgae.be\\\/fr\\\/#organization\"},\"potentialAction\":[{\"@type\":\"SearchAction\",\"target\":{\"@type\":\"EntryPoint\",\"urlTemplate\":\"https:\\\/\\\/www.belgae.be\\\/fr\\\/?s={search_term_string}\"},\"query-input\":{\"@type\":\"PropertyValueSpecification\",\"valueRequired\":true,\"valueName\":\"search_term_string\"}}],\"inLanguage\":\"fr-FR\"},{\"@type\":\"Organization\",\"@id\":\"https:\\\/\\\/www.belgae.be\\\/fr\\\/#organization\",\"name\":\"Belgae\",\"url\":\"https:\\\/\\\/www.belgae.be\\\/fr\\\/\",\"logo\":{\"@type\":\"ImageObject\",\"inLanguage\":\"fr-FR\",\"@id\":\"https:\\\/\\\/www.belgae.be\\\/fr\\\/#\\\/schema\\\/logo\\\/image\\\/\",\"url\":\"https:\\\/\\\/www.belgae.be\\\/fr\\\/wp-content\\\/uploads\\\/sites\\\/2\\\/2023\\\/07\\\/Sans-titre1-Copie.png\",\"contentUrl\":\"https:\\\/\\\/www.belgae.be\\\/fr\\\/wp-content\\\/uploads\\\/sites\\\/2\\\/2023\\\/07\\\/Sans-titre1-Copie.png\",\"width\":88,\"height\":88,\"caption\":\"Belgae\"},\"image\":{\"@id\":\"https:\\\/\\\/www.belgae.be\\\/fr\\\/#\\\/schema\\\/logo\\\/image\\\/\"}},{\"@type\":\"Person\",\"@id\":\"https:\\\/\\\/www.belgae.be\\\/fr\\\/#\\\/schema\\\/person\\\/646b40b88212bc5335f9c4fa787df047\",\"name\":\"Cyril Gendarme\",\"sameAs\":[\"https:\\\/\\\/www.belgae.be\"],\"url\":\"https:\\\/\\\/www.belgae.be\\\/fr\\\/blog\\\/author\\\/cgen\\\/\"}]}<\/script>\n<!-- \/ Yoast SEO plugin. -->","yoast_head_json":{"title":"T-shirt de designer pour le monde professionnel : bonne id\u00e9e ? | Belgae","robots":{"index":"index","follow":"follow","max-snippet":"max-snippet:-1","max-image-preview":"max-image-preview:large","max-video-preview":"max-video-preview:-1"},"canonical":"https:\/\/www.belgae.be\/fr\/blog\/t-shirt-de-designer-pour-le-milieu-pro-bonne-idee\/","og_locale":"fr_FR","og_type":"article","og_title":"T-shirt de designer pour le monde professionnel : bonne id\u00e9e ? | Belgae","og_description":"Lib\u00e9rant la puissance du chic d\u00e9contract\u00e9, les t-shirts de cr\u00e9ateur bouleversent le monde professionnel. Mais est-ce une bonne id\u00e9e? Plongeons dans cette r\u00e9bellion stylistique!","og_url":"https:\/\/www.belgae.be\/fr\/blog\/t-shirt-de-designer-pour-le-milieu-pro-bonne-idee\/","og_site_name":"Belgae","article_published_time":"2023-08-02T14:47:48+00:00","article_modified_time":"2023-08-02T14:51:25+00:00","author":"Cyril Gendarme","twitter_card":"summary_large_image","twitter_misc":{"\u00c9crit par":"Cyril Gendarme","Dur\u00e9e de lecture estim\u00e9e":"9 minutes"},"schema":{"@context":"https:\/\/schema.org","@graph":[{"@type":"Article","@id":"https:\/\/www.belgae.be\/fr\/blog\/t-shirt-de-designer-pour-le-milieu-pro-bonne-idee\/#article","isPartOf":{"@id":"https:\/\/www.belgae.be\/fr\/blog\/t-shirt-de-designer-pour-le-milieu-pro-bonne-idee\/"},"author":{"name":"Cyril Gendarme","@id":"https:\/\/www.belgae.be\/fr\/#\/schema\/person\/646b40b88212bc5335f9c4fa787df047"},"headline":"T-shirt de designer pour le monde professionnel : bonne id\u00e9e ?","datePublished":"2023-08-02T14:47:48+00:00","dateModified":"2023-08-02T14:51:25+00:00","mainEntityOfPage":{"@id":"https:\/\/www.belgae.be\/fr\/blog\/t-shirt-de-designer-pour-le-milieu-pro-bonne-idee\/"},"wordCount":1740,"commentCount":0,"publisher":{"@id":"https:\/\/www.belgae.be\/fr\/#organization"},"image":{"@id":"https:\/\/www.belgae.be\/fr\/blog\/t-shirt-de-designer-pour-le-milieu-pro-bonne-idee\/#primaryimage"},"thumbnailUrl":"https:\/\/www.belgae.be\/fr\/wp-content\/uploads\/sites\/2\/2023\/08\/cyril_ge_a_guy_wearing_a_t-shirt_in_an_open_space_office_Franco_2efb22f4-c0e0-4353-a486-aa7cdc2a679c-1024x568-1.jpg","articleSection":["Trends &amp; Lifestyle"],"inLanguage":"fr-FR","potentialAction":[{"@type":"CommentAction","name":"Comment","target":["https:\/\/www.belgae.be\/fr\/blog\/t-shirt-de-designer-pour-le-milieu-pro-bonne-idee\/#respond"]}]},{"@type":"WebPage","@id":"https:\/\/www.belgae.be\/fr\/blog\/t-shirt-de-designer-pour-le-milieu-pro-bonne-idee\/","url":"https:\/\/www.belgae.be\/fr\/blog\/t-shirt-de-designer-pour-le-milieu-pro-bonne-idee\/","name":"T-shirt de designer pour le monde professionnel : bonne id\u00e9e ? | Belgae","isPartOf":{"@id":"https:\/\/www.belgae.be\/fr\/#website"},"primaryImageOfPage":{"@id":"https:\/\/www.belgae.be\/fr\/blog\/t-shirt-de-designer-pour-le-milieu-pro-bonne-idee\/#primaryimage"},"image":{"@id":"https:\/\/www.belgae.be\/fr\/blog\/t-shirt-de-designer-pour-le-milieu-pro-bonne-idee\/#primaryimage"},"thumbnailUrl":"https:\/\/www.belgae.be\/fr\/wp-content\/uploads\/sites\/2\/2023\/08\/cyril_ge_a_guy_wearing_a_t-shirt_in_an_open_space_office_Franco_2efb22f4-c0e0-4353-a486-aa7cdc2a679c-1024x568-1.jpg","datePublished":"2023-08-02T14:47:48+00:00","dateModified":"2023-08-02T14:51:25+00:00","breadcrumb":{"@id":"https:\/\/www.belgae.be\/fr\/blog\/t-shirt-de-designer-pour-le-milieu-pro-bonne-idee\/#breadcrumb"},"inLanguage":"fr-FR","potentialAction":[{"@type":"ReadAction","target":["https:\/\/www.belgae.be\/fr\/blog\/t-shirt-de-designer-pour-le-milieu-pro-bonne-idee\/"]}]},{"@type":"ImageObject","inLanguage":"fr-FR","@id":"https:\/\/www.belgae.be\/fr\/blog\/t-shirt-de-designer-pour-le-milieu-pro-bonne-idee\/#primaryimage","url":"https:\/\/www.belgae.be\/fr\/wp-content\/uploads\/sites\/2\/2023\/08\/cyril_ge_a_guy_wearing_a_t-shirt_in_an_open_space_office_Franco_2efb22f4-c0e0-4353-a486-aa7cdc2a679c-1024x568-1.jpg","contentUrl":"https:\/\/www.belgae.be\/fr\/wp-content\/uploads\/sites\/2\/2023\/08\/cyril_ge_a_guy_wearing_a_t-shirt_in_an_open_space_office_Franco_2efb22f4-c0e0-4353-a486-aa7cdc2a679c-1024x568-1.jpg"},{"@type":"BreadcrumbList","@id":"https:\/\/www.belgae.be\/fr\/blog\/t-shirt-de-designer-pour-le-milieu-pro-bonne-idee\/#breadcrumb","itemListElement":[{"@type":"ListItem","position":1,"name":"Accueil","item":"https:\/\/www.belgae.be\/fr\/"},{"@type":"ListItem","position":2,"name":"T-shirt de designer pour le monde professionnel : bonne id\u00e9e ?"}]},{"@type":"WebSite","@id":"https:\/\/www.belgae.be\/fr\/#website","url":"https:\/\/www.belgae.be\/fr\/","name":"Belgae","description":"Art &amp; Mode Belge","publisher":{"@id":"https:\/\/www.belgae.be\/fr\/#organization"},"potentialAction":[{"@type":"SearchAction","target":{"@type":"EntryPoint","urlTemplate":"https:\/\/www.belgae.be\/fr\/?s={search_term_string}"},"query-input":{"@type":"PropertyValueSpecification","valueRequired":true,"valueName":"search_term_string"}}],"inLanguage":"fr-FR"},{"@type":"Organization","@id":"https:\/\/www.belgae.be\/fr\/#organization","name":"Belgae","url":"https:\/\/www.belgae.be\/fr\/","logo":{"@type":"ImageObject","inLanguage":"fr-FR","@id":"https:\/\/www.belgae.be\/fr\/#\/schema\/logo\/image\/","url":"https:\/\/www.belgae.be\/fr\/wp-content\/uploads\/sites\/2\/2023\/07\/Sans-titre1-Copie.png","contentUrl":"https:\/\/www.belgae.be\/fr\/wp-content\/uploads\/sites\/2\/2023\/07\/Sans-titre1-Copie.png","width":88,"height":88,"caption":"Belgae"},"image":{"@id":"https:\/\/www.belgae.be\/fr\/#\/schema\/logo\/image\/"}},{"@type":"Person","@id":"https:\/\/www.belgae.be\/fr\/#\/schema\/person\/646b40b88212bc5335f9c4fa787df047","name":"Cyril Gendarme","sameAs":["https:\/\/www.belgae.be"],"url":"https:\/\/www.belgae.be\/fr\/blog\/author\/cgen\/"}]}},"_links":{"self":[{"href":"https:\/\/www.belgae.be\/fr\/wp-json\/wp\/v2\/posts\/2864","targetHints":{"allow":["GET"]}}],"collection":[{"href":"https:\/\/www.belgae.be\/fr\/wp-json\/wp\/v2\/posts"}],"about":[{"href":"https:\/\/www.belgae.be\/fr\/wp-json\/wp\/v2\/types\/post"}],"author":[{"embeddable":true,"href":"https:\/\/www.belgae.be\/fr\/wp-json\/wp\/v2\/users\/1"}],"replies":[{"embeddable":true,"href":"https:\/\/www.belgae.be\/fr\/wp-json\/wp\/v2\/comments?post=2864"}],"version-history":[{"count":0,"href":"https:\/\/www.belgae.be\/fr\/wp-json\/wp\/v2\/posts\/2864\/revisions"}],"wp:featuredmedia":[{"embeddable":true,"href":"https:\/\/www.belgae.be\/fr\/wp-json\/"}],"wp:attachment":[{"href":"https:\/\/www.belgae.be\/fr\/wp-json\/wp\/v2\/media?parent=2864"}],"wp:term":[{"taxonomy":"category","embeddable":true,"href":"https:\/\/www.belgae.be\/fr\/wp-json\/wp\/v2\/categories?post=2864"},{"taxonomy":"post_tag","embeddable":true,"href":"https:\/\/www.belgae.be\/fr\/wp-json\/wp\/v2\/tags?post=2864"}],"curies":[{"name":"wp","href":"https:\/\/api.w.org\/{rel}","templated":true}]}}