{"id":2861,"date":"2023-08-02T14:13:20","date_gmt":"2023-08-02T14:13:20","guid":{"rendered":"https:\/\/www.belgae.be\/fr\/blog\/avoir-son-propre-style-ou-suivre-les-tendances-savoir-concilier\/"},"modified":"2023-08-02T14:16:11","modified_gmt":"2023-08-02T14:16:11","slug":"avoir-son-style-ou-suivre-les-tendances-savoir-concilier","status":"publish","type":"post","link":"https:\/\/www.belgae.be\/fr\/blog\/avoir-son-style-ou-suivre-les-tendances-savoir-concilier\/","title":{"rendered":"Avoir son propre style ou suivre les tendances : savoir concilier"},"content":{"rendered":"<p>D\u00e9filez sur le podium de la vie en exhibant votre propre style ou suivez les derni\u00e8res tendances ?<\/p>\n<p>Un choix d\u00e9licat, n&#8217;est-ce pas ?<\/p>\n<p>Cet article r\u00e9v\u00e8le tout sur comment concilier ces philosophies de mode. Faites tourner les t\u00eates et restez pertinent sans perdre de vue qui vous \u00eates !<\/p>\n<p>La mode est une forme d&#8217;expression de soi ; il s&#8217;agit d&#8217;\u00eatre fid\u00e8le \u00e0 soi-m\u00eame tout en suivant ce qui est \u00e0 la mode. Plongeons dans cette fusion excitante !<\/p>\n<section class=\"contentTable_table\">\n<p class=\"contentTable_title\">Table des mati\u00e8res :<\/p>\n<p class=\"contentTable_elem\"><a href=\"#balise_0\">1. Comprendre son style : Un voyage de d\u00e9couverte de soi<\/a><\/p>\n<p class=\"contentTable_elem\"><a href=\"#balise_1\">2. Identifier les tendances actuelles : Un regard sur la mode du moment<\/a><\/p>\n<p class=\"contentTable_elem\"><a href=\"#balise_2\">3. Accessoires Polyvalents : Ajoutez une touche moderne \u00e0 votre apparence<\/a><\/p>\n<p class=\"contentTable_elem\"><a href=\"#balise_3\">4. Puisez votre inspiration chez les ic\u00f4nes de style : Cr\u00e9ez des looks intemporels et modernes<\/a><\/p>\n<p class=\"contentTable_elem\"><a href=\"#balise_4\">5. L&#8217;Art de la Superposition : Int\u00e9grer des pi\u00e8ces \u00e0 la mode dans les tenues de tous les jours<\/a><\/p>\n<p class=\"contentTable_elem\"><a href=\"#balise_5\">6. \u00c9vitez les tendances \u00e9ph\u00e9m\u00e8res : Optez pour des pi\u00e8ces durables et intemporelles<\/a><\/p>\n<p class=\"contentTable_elem\"><a href=\"#balise_6\">7. Personnaliser vos v\u00eatements : une mani\u00e8re unique d&#8217;adopter les tendances<\/a><\/p>\n<p class=\"contentTable_elem\"><a href=\"#balise_7\">8. L&#8217;attitude compte : Comment la confiance rend n&#8217;importe quel look tendance<\/a><\/p>\n<p class=\"contentTable_elem\"><a href=\"#balise_8\">9. L&#8217;importance de l&#8217;ajustement : Comment les coupes modernes am\u00e9liorent votre style<\/a><\/p>\n<p class=\"contentTable_elem\"><a href=\"#balise_9\">10. Mode locale et artisanale : Soutenir les tendances tout en valorisant la culture<\/a><\/p>\n<\/section>\n<p><img loading=\"lazy\" decoding=\"async\" class=\"lazyload articleImageSquare_CGEN\" height=\"400\" width=\"400\" src=\"https:\/\/www.belgae.be\/imageHolder\/\/wp-content\/uploads\/sites\/2\/2023\/07\/loading-spinner-belgae.gif\" data-src=\"https:\/\/www.belgae.be\/imageHolder\/\/wp-content\/uploads\/sites\/2\/2023\/08\/tmpur7l5h6x.jpg\" alt=\"tmpur7l5h6x\"><\/p>\n<h2 id=\"balise_0\">Comprendre son style : Un voyage de d\u00e9couverte de soi<\/h2>\n<p>D\u00e9couvrir son style unique est comparable \u00e0 une aventure palpitante. Il s&#8217;agit de comprendre qui l&#8217;on est et d&#8217;exprimer cette identit\u00e9 \u00e0 travers les v\u00eatements port\u00e9s. Prenez le temps d&#8217;explorer diff\u00e9rents styles de mode.<\/p>\n<p>Exp\u00e9rimentez divers looks, pr\u00eatez attention \u00e0 ce qui vous fait vous sentir confiant et confortable. C&#8217;est plus qu&#8217;un simple choix vestimentaire, c&#8217;est une forme d&#8217;autod\u00e9termination personnelle.<\/p>\n<p>Le style n&#8217;est pas juste une affaire de tendances passag\u00e8res ou actuelles : il doit refl\u00e9ter votre v\u00e9ritable moi int\u00e9rieur. Faites preuve de courage et osez sortir des sentiers battus en mati\u00e8re de mode.<\/p>\n<p>En fin de compte, trouver son propre style revient \u00e0 cr\u00e9er un lien entre soi-m\u00eame et le monde ext\u00e9rieur par le biais des v\u00eatements que l&#8217;on choisit avec soin pour porter chaque jour.<\/p>\n<p><img loading=\"lazy\" decoding=\"async\" class=\"lazyload articleImageSquare_CGEN\" height=\"400\" width=\"400\" src=\"https:\/\/www.belgae.be\/imageHolder\/\/wp-content\/uploads\/sites\/2\/2023\/07\/loading-spinner-belgae.gif\" data-src=\"https:\/\/www.belgae.be\/imageHolder\/\/wp-content\/uploads\/sites\/2\/2023\/08\/tmpvadv__b6.jpg\" alt=\"tmpvadv__b\"><\/p>\n<h2 id=\"balise_1\">Identifier les tendances actuelles : Un regard sur la mode du moment<\/h2>\n<p>Bien que poss\u00e9der son propre style soit essentiel, rester au courant des tendances actuelles peut aider \u00e0 garder une garde-robe fra\u00eeche et moderne. Restez \u00e0 jour en parcourant les magazines de mode, en suivant les blogueurs influents sur les plateformes de m\u00e9dias sociaux ou m\u00eame en observant le style vestimentaire dans votre ville.<\/p>\n<p>Incorporez des pi\u00e8ces tendance dans vos tenues tout en conservant une touche individualiste. C&#8217;est un excellent moyen pour ajouter du piquant sans perdre votre identit\u00e9 unique. Les tendances sont temporaires mais le style est \u00e9ternel, alors n&#8217;oubliez pas d&#8217;y mettre votre grain de sel.<\/p>\n<p>Il ne faut pas oublier non plus que la mode doit \u00eatre amusante. Exp\u00e9rimentez avec diff\u00e9rents looks et textures pour d\u00e9couvrir ce qui fonctionne le mieux pour vous. N&#8217;h\u00e9sitez pas \u00e0 sortir des sentiers battus et osez \u00eatre diff\u00e9rent !<\/p>\n<p>Enfin, n&#8217;oubliez jamais que la confiance est la cl\u00e9 du succ\u00e8s : si vous \u00eates s\u00fbrs de vous dans ce que vous portez, cela se verra!<\/p>\n<p><img loading=\"lazy\" decoding=\"async\" class=\"lazyload articleImageSquare_CGEN\" height=\"400\" width=\"400\" src=\"https:\/\/www.belgae.be\/imageHolder\/\/wp-content\/uploads\/sites\/2\/2023\/07\/loading-spinner-belgae.gif\" data-src=\"https:\/\/www.belgae.be\/imageHolder\/\/wp-content\/uploads\/sites\/2\/2023\/08\/tmpv4rbtqzc.jpg\" alt=\"tmpv4rbtqzc\"><\/p>\n<h2 id=\"balise_2\">Accessoires Polyvalents : Ajoutez une touche moderne \u00e0 votre apparence<\/h2>\n<p>Les accessoires poss\u00e8dent le pouvoir de transformer n&#8217;importe quelle tenue de base en quelque chose d&#8217;extraordinaire. Il vaut la peine d&#8217;investir dans des accessoires polyvalents qui peuvent \u00eatre agenc\u00e9s facilement avec diff\u00e9rentes tenues.<\/p>\n<p>Qu&#8217;il s&#8217;agisse de boucles d&#8217;oreilles audacieuses, de foulards color\u00e9s ou de ceintures funky &#8211; ces petits d\u00e9tails ajoutent une touche contemporaine \u00e0 tout ce que vous portez.<\/p>\n<p>Investir dans ces pi\u00e8ces est une d\u00e9cision sage. Ils apportent un \u00e9clat unique \u00e0 votre style et vous permettent d&#8217;afficher votre personnalit\u00e9 sans effort.<\/p>\n<p>Ces \u00e9l\u00e9ments sont plus qu&#8217;un simple compl\u00e9ment \u00e0 votre look. Ils sont l&#8217;\u00e9lan cr\u00e9atif qui donne vie \u00e0 vos tenues, les transformant en expressions dynamiques du moi int\u00e9rieur.<\/p>\n<p>En fin de compte, c&#8217;est cette expression personnelle qui cr\u00e9e un impact durable sur ceux que nous rencontrons chaque jour.<\/p>\n<p><img loading=\"lazy\" decoding=\"async\" class=\"lazyload articleImageSquare_CGEN\" height=\"400\" width=\"400\" src=\"https:\/\/www.belgae.be\/imageHolder\/\/wp-content\/uploads\/sites\/2\/2023\/07\/loading-spinner-belgae.gif\" data-src=\"https:\/\/www.belgae.be\/imageHolder\/\/wp-content\/uploads\/sites\/2\/2023\/08\/tmp81hdvtv3.jpg\" alt=\"tmp81hdvtv\"><\/p>\n<h2 id=\"balise_3\">Puisez votre inspiration chez les ic\u00f4nes de style : Cr\u00e9ez des looks intemporels et modernes<\/h2>\n<p>Les ic\u00f4nes de style \u00e0 travers l&#8217;histoire ont laiss\u00e9 des h\u00e9ritages qui continuent d&#8217;influencer aujourd&#8217;hui. Cherchez l&#8217;inspiration chez les individus qui incarnent des \u00e9l\u00e9ments d&#8217;intemporalit\u00e9 et d&#8217;innovation dans leur style personnel.<\/p>\n<p>L\u2019\u00e9l\u00e9gance d&#8217;Audrey Hepburn combin\u00e9e \u00e0 l\u2019audace de Rihanna, peut-\u00eatre ?<\/p>\n<p>En m\u00ealant les influences de plusieurs \u00e9poques, vous cr\u00e9erez des looks styl\u00e9s qui transcendent les tendances \u00e9ph\u00e9m\u00e8res.<\/p>\n<p>Leur impact sur le monde du style est ind\u00e9niable. Ils nous montrent comment exprimer notre individualit\u00e9 tout en restant fid\u00e8les aux classiques. Cela offre une nouvelle perspective sur ce que signifie \u00eatre v\u00e9ritablement chic.<\/p>\n<p>La cl\u00e9 pour cr\u00e9er un look unique r\u00e9side dans la combinaison judicieuse de diff\u00e9rents styles et \u00e9poques. Le r\u00e9sultat final est souvent une tenue intemporelle avec juste assez flair moderne pour se d\u00e9marquer sans en faire trop.<\/p>\n<p><img loading=\"lazy\" decoding=\"async\" class=\"lazyload articleImageSquare_CGEN\" height=\"400\" width=\"400\" src=\"https:\/\/www.belgae.be\/imageHolder\/\/wp-content\/uploads\/sites\/2\/2023\/07\/loading-spinner-belgae.gif\" data-src=\"https:\/\/www.belgae.be\/imageHolder\/\/wp-content\/uploads\/sites\/2\/2023\/08\/tmp78bfr6yy.jpg\" alt=\"tmp78bfr6yy\"><\/p>\n<h2 id=\"balise_4\">L&#8217;Art de la Superposition : Int\u00e9grer des pi\u00e8ces \u00e0 la mode dans les tenues de tous les jours<\/h2>\n<p>La superposition n&#8217;est pas seulement pratique pendant les mois les plus froids; elle permet \u00e9galement une infinit\u00e9 de possibilit\u00e9s pour cr\u00e9er des tenues \u00e0 la mode tout au long de l&#8217;ann\u00e9e! M\u00e9langez textures, couleurs et motifs &#8211; amusez-vous jusqu&#8217;\u00e0 ce que quelque chose attire votre regard! Associez des hauts courts sur des cols roul\u00e9s ou des vestes oversized sur des robes. L&#8217;essentiel est d&#8217;exp\u00e9rimenter et de trouver des combinaisons qui vous font sentir en confiance.<\/p>\n<p>La cl\u00e9 du style r\u00e9side dans l&#8217;experimentation. Essayez diff\u00e9rentes combinaisons jusqu&#8217;\u00e0 trouver celle qui refl\u00e8te votre personnalit\u00e9. Une veste oversize peut transformer une robe simple en un look chic et d\u00e9contract\u00e9.<\/p>\n<p>Les possibilit\u00e9s sont infinies avec la superposition. Vous pouvez jouer avec les textures, m\u00e9langer diff\u00e9rents motifs ou associer plusieurs couleurs pour obtenir le look parfait.<\/p>\n<p>N&#8217;h\u00e9sitez pas \u00e0 essayer diff\u00e9rents styles : un top court port\u00e9 sur un col roul\u00e9 peut donner une touche moderne \u00e0 votre tenue, tandis qu&#8217;une veste oversized port\u00e9e par-dessus une robe peut ajouter du volume et de l&#8217;int\u00e9r\u00eat visuel.<\/p>\n<p>Rappelez-vous toujours que le but ultime est d&#8217;avoir confiance en soi. Alors continuez d\u2019exp\u00e9rimentez jusqu\u2019\u00e0 ce que vous trouviez ce qui fonctionne le mieux pour vous!<\/p>\n<p><img loading=\"lazy\" decoding=\"async\" class=\"lazyload articleImageSquare_CGEN\" height=\"400\" width=\"400\" src=\"https:\/\/www.belgae.be\/imageHolder\/\/wp-content\/uploads\/sites\/2\/2023\/07\/loading-spinner-belgae.gif\" data-src=\"https:\/\/www.belgae.be\/imageHolder\/\/wp-content\/uploads\/sites\/2\/2023\/08\/tmpywwhj8og.jpg\" alt=\"tmpywwhj8og\"><\/p>\n<h2 id=\"balise_5\">\u00c9vitez les tendances \u00e9ph\u00e9m\u00e8res : Optez pour des pi\u00e8ces durables et intemporelles<\/h2>\n<p>Bien qu&#8217;il soit amusant de jouer avec les nouvelles tendances de la mode, n&#8217;oubliez pas que certaines d&#8217;entre elles vont et viennent aussi vite que le changement des saisons. Au lieu d&#8217;investir massivement dans des articles \u00e0 la mode, concentrez-vous sur l&#8217;\u00e9tablissement d&#8217;une base compos\u00e9e d&#8217;incontournables intemporels.<\/p>\n<p>Par exemple, une paire de jeans bien ajust\u00e9s ou une chemise blanche classique \u00e0 boutons. Ces pi\u00e8ces resteront toujours \u00e9l\u00e9gantes peu importe ce qui est actuellement en vogue.<\/p>\n<p>Gardez cela \u00e0 l&#8217;esprit lorsque vous faites du shopping. Les basiques sont un investissement s\u00fbr pour votre garde-robe et ils ne se d\u00e9modent jamais.<\/p>\n<p>En r\u00e9sum\u00e9, jouez avec les tendances mais construisez votre style autour des essentiels ind\u00e9modables.<\/p>\n<p><img loading=\"lazy\" decoding=\"async\" class=\"lazyload articleImageSquare_CGEN\" height=\"400\" width=\"400\" src=\"https:\/\/www.belgae.be\/imageHolder\/\/wp-content\/uploads\/sites\/2\/2023\/07\/loading-spinner-belgae.gif\" data-src=\"https:\/\/www.belgae.be\/imageHolder\/\/wp-content\/uploads\/sites\/2\/2023\/08\/tmpi615967v.jpg\" alt=\"tmpi615967v\"><\/p>\n<h2 id=\"balise_6\">Personnaliser vos v\u00eatements : une mani\u00e8re unique d&#8217;adopter les tendances<\/h2>\n<p>Rendez votre garde-robe unique en personnalisant vos v\u00eatements ! Ajoutez des \u00e9cussons, de la broderie ou m\u00eame des techniques de d\u00e9tresse pour redonner vie \u00e0 d&#8217;anciens habits.<\/p>\n<p>Cela vous permet non seulement de suivre les tendances actuelles mais aussi d&#8217;exhiber votre cr\u00e9ativit\u00e9.<\/p>\n<p>De plus, cela garantit que personne d&#8217;autre ne poss\u00e8de la m\u00eame tenue !<\/p>\n<p>Il n&#8217;y a rien de mieux que le sentiment d&#8217;avoir une pi\u00e8ce qui est r\u00e9ellement unique en son genre. C&#8217;est un moyen s\u00fbr et efficace pour se d\u00e9marquer dans une foule.<\/p>\n<p>Alors, qu&#8217;attendez-vous ?<\/p>\n<p>Commencez d\u00e8s aujourd&#8217;hui \u00e0 transformer vos anciens v\u00eatements en nouvelles pi\u00e8ces branch\u00e9es !<\/p>\n<p><img loading=\"lazy\" decoding=\"async\" class=\"lazyload articleImageSquare_CGEN\" height=\"400\" width=\"400\" src=\"https:\/\/www.belgae.be\/imageHolder\/\/wp-content\/uploads\/sites\/2\/2023\/07\/loading-spinner-belgae.gif\" data-src=\"https:\/\/www.belgae.be\/imageHolder\/\/wp-content\/uploads\/sites\/2\/2023\/08\/tmp4w6ncyli.jpg\" alt=\"tmp4w6ncyli\"><\/p>\n<h2 id=\"balise_7\">L&#8217;attitude compte : Comment la confiance rend n&#8217;importe quel look tendance<\/h2>\n<p>Peu importe \u00e0 quel point une tenue peut \u00eatre \u00e0 la mode, si elle n&#8217;est pas port\u00e9e avec confiance, elle n&#8217;aura pas le m\u00eame impact. Embrassez qui vous \u00eates et laissez votre personnalit\u00e9 transpara\u00eetre dans chaque choix de tenue. Lorsque vous d\u00e9gagez de l&#8217;assurance, tout ce que vous portez devient cool sans effort.<\/p>\n<p>Quel que soit le chic d&#8217;un ensemble vestimentaire, sans assurance pour le porter, son effet s\u2019amoindrit. Acceptez-vous tels que vous \u00eates et permettez \u00e0 votre caract\u00e8re unique d\u2019influencer vos d\u00e9cisions vestimentaires. D\u00e9bordant de confiance en soi, tout v\u00eatement rev\u00eat un charme naturellement \u00e9l\u00e9gant.<\/p>\n<p>M\u00eame la plus tendance des tenues perd son \u00e9clat si on ne la porte pas avec assurance. Affirmez-vous et laissez votre personnalit\u00e9 influencer chacun de vos choix vestimentaires. Une fois arm\u00e9(e) d&#8217;une solide auto-assurance , toute pi\u00e8ce devient instantan\u00e9ment styl\u00e9e.<\/p>\n<p>Un v\u00eatement branch\u00e9 perd sa superbe s&#8217;il est port\u00e9 sans conviction . Assumez pleinement qui vous \u00eates et faites briller votre personnalit\u00e9 au travers des habits choisis . En faisant preuve d&#8217;une grande assurance , chaque article arbore un look incontestablement trendy.<\/p>\n<p><img loading=\"lazy\" decoding=\"async\" class=\"lazyload articleImageSquare_CGEN\" height=\"400\" width=\"400\" src=\"https:\/\/www.belgae.be\/imageHolder\/\/wp-content\/uploads\/sites\/2\/2023\/07\/loading-spinner-belgae.gif\" data-src=\"https:\/\/www.belgae.be\/imageHolder\/\/wp-content\/uploads\/sites\/2\/2023\/08\/tmpcsm9g9s2.jpg\" alt=\"tmpcsm9g9s\"><\/p>\n<h2 id=\"balise_8\">L&#8217;importance de l&#8217;ajustement : Comment les coupes modernes am\u00e9liorent votre style<\/h2>\n<p>Une bonne coupe peut transformer un v\u00eatement ordinaire en extraordinaire. Pr\u00eatez attention aux d\u00e9tails de la couture lors de vos achats vestimentaires.<\/p>\n<p>Que ce soit le choix d&#8217;un pantalon qui flatte les morphologies sp\u00e9cifiques ou l&#8217;optique pour des vestes aux silhouettes contemporaines, ces petits ajustements peuvent faire toute la diff\u00e9rence.<\/p>\n<p>Ils am\u00e9liorent consid\u00e9rablement votre style global. Les petites modifications apport\u00e9es \u00e0 une garde-robe peuvent avoir un impact majeur sur l&#8217;apparence g\u00e9n\u00e9rale.<\/p>\n<p>Ne sous-estimez jamais l&#8217;importance d&#8217;une bonne coupe dans le monde de la mode. C&#8217;est souvent le petit d\u00e9tail qui fait sortir une tenue du lot et vous permet de briller avec \u00e9l\u00e9gance et sophistication.<\/p>\n<p>Prenez donc toujours soin de choisir des v\u00eatements bien coup\u00e9s lorsque vous faites du shopping, car ils ont le pouvoir non seulement d&#8217;am\u00e9liorer votre look mais aussi votre confiance en vous.<\/p>\n<p><img loading=\"lazy\" decoding=\"async\" class=\"lazyload articleImageSquare_CGEN\" height=\"400\" width=\"400\" src=\"https:\/\/www.belgae.be\/imageHolder\/\/wp-content\/uploads\/sites\/2\/2023\/07\/loading-spinner-belgae.gif\" data-src=\"https:\/\/www.belgae.be\/imageHolder\/\/wp-content\/uploads\/sites\/2\/2023\/08\/tmp9u8s3odi.jpg\" alt=\"tmp9u8s3odi\"><\/p>\n<h2 id=\"balise_9\">Mode locale et artisanale : Soutenir les tendances tout en valorisant la culture<\/h2>\n<p>Soutenez les cr\u00e9ateurs et artisans locaux qui infusent leurs cr\u00e9ations d&#8217;influences culturelles ! En incorporant des \u00e9l\u00e9ments traditionnels dans des designs modernes &#8211; tels que des tissus tiss\u00e9s \u00e0 la main ou des imprim\u00e9s indig\u00e8nes &#8211; vous resterez non seulement \u00e0 la mode, mais contribuerez \u00e9galement \u00e0 la pr\u00e9servation et \u00e0 la c\u00e9l\u00e9bration du patrimoine culturel.<\/p>\n<p>Afficher votre individualit\u00e9 tout en soutenant le talent local ?<\/p>\n<p>C&#8217;est une situation gagnant-gagnant ! Stimulez l&#8217;\u00e9conomie locale, participez activement au maintien de techniques ancestrales. Chaque achat est un vote pour un monde plus durable et diversifi\u00e9.<\/p>\n<p>Les produits faits main ont une \u00e2me, ils racontent une histoire. Ils sont le reflet d&#8217;un savoir-faire unique transmis de g\u00e9n\u00e9ration en g\u00e9n\u00e9ration. Faites partie de cette histoire en choisissant consciemment ce que vous achetez.<\/p>\n<p>En conclusion, valorisez les artisans locaux pour enrichir votre style personnel tout en conservant nos traditions vivantes. Vous \u00eates s\u00fbrs de faire tourner les t\u00eates avec ces pi\u00e8ces uniques!<\/p>\n","protected":false},"excerpt":{"rendered":"<p>D\u00e9filez sur le podium de la vie en exhibant votre propre style ou suivez les derni\u00e8res tendances ? Un choix d\u00e9licat, n&#8217;est-ce pas ?<\/p>\n","protected":false},"author":1,"featured_media":4368,"comment_status":"open","ping_status":"closed","sticky":false,"template":"","format":"standard","meta":{"_acf_changed":false,"_et_pb_use_builder":"","_et_pb_old_content":"","_et_gb_content_width":"","footnotes":""},"categories":[37],"tags":[],"class_list":["post-2861","post","type-post","status-publish","format-standard","has-post-thumbnail","hentry","category-trends-lifestyle"],"acf":[],"yoast_head":"<!-- This site is optimized with the Yoast SEO plugin v27.5 - https:\/\/yoast.com\/product\/yoast-seo-wordpress\/ -->\n<title>Avoir son propre style ou suivre les tendances : savoir concilier | Belgae<\/title>\n<meta name=\"robots\" content=\"index, follow, max-snippet:-1, max-image-preview:large, max-video-preview:-1\" \/>\n<link rel=\"canonical\" href=\"https:\/\/www.belgae.be\/fr\/blog\/avoir-son-style-ou-suivre-les-tendances-savoir-concilier\/\" \/>\n<meta property=\"og:locale\" content=\"fr_FR\" \/>\n<meta property=\"og:type\" content=\"article\" \/>\n<meta property=\"og:title\" content=\"Avoir son propre style ou suivre les tendances : savoir concilier | Belgae\" \/>\n<meta property=\"og:description\" content=\"D\u00e9filez sur le podium de la vie en exhibant votre propre style ou suivez les derni\u00e8res tendances ? Un choix d\u00e9licat, n&#039;est-ce pas ?\" \/>\n<meta property=\"og:url\" content=\"https:\/\/www.belgae.be\/fr\/blog\/avoir-son-style-ou-suivre-les-tendances-savoir-concilier\/\" \/>\n<meta property=\"og:site_name\" content=\"Belgae\" \/>\n<meta property=\"article:published_time\" content=\"2023-08-02T14:13:20+00:00\" \/>\n<meta property=\"article:modified_time\" content=\"2023-08-02T14:16:11+00:00\" \/>\n<meta name=\"author\" content=\"Cyril Gendarme\" \/>\n<meta name=\"twitter:card\" content=\"summary_large_image\" \/>\n<meta name=\"twitter:label1\" content=\"\u00c9crit par\" \/>\n\t<meta name=\"twitter:data1\" content=\"Cyril Gendarme\" \/>\n\t<meta name=\"twitter:label2\" content=\"Dur\u00e9e de lecture estim\u00e9e\" \/>\n\t<meta name=\"twitter:data2\" content=\"11 minutes\" \/>\n<script type=\"application\/ld+json\" class=\"yoast-schema-graph\">{\"@context\":\"https:\\\/\\\/schema.org\",\"@graph\":[{\"@type\":\"Article\",\"@id\":\"https:\\\/\\\/www.belgae.be\\\/fr\\\/blog\\\/avoir-son-style-ou-suivre-les-tendances-savoir-concilier\\\/#article\",\"isPartOf\":{\"@id\":\"https:\\\/\\\/www.belgae.be\\\/fr\\\/blog\\\/avoir-son-style-ou-suivre-les-tendances-savoir-concilier\\\/\"},\"author\":{\"name\":\"Cyril Gendarme\",\"@id\":\"https:\\\/\\\/www.belgae.be\\\/fr\\\/#\\\/schema\\\/person\\\/646b40b88212bc5335f9c4fa787df047\"},\"headline\":\"Avoir son propre style ou suivre les tendances : savoir concilier\",\"datePublished\":\"2023-08-02T14:13:20+00:00\",\"dateModified\":\"2023-08-02T14:16:11+00:00\",\"mainEntityOfPage\":{\"@id\":\"https:\\\/\\\/www.belgae.be\\\/fr\\\/blog\\\/avoir-son-style-ou-suivre-les-tendances-savoir-concilier\\\/\"},\"wordCount\":1881,\"commentCount\":0,\"publisher\":{\"@id\":\"https:\\\/\\\/www.belgae.be\\\/fr\\\/#organization\"},\"image\":{\"@id\":\"https:\\\/\\\/www.belgae.be\\\/fr\\\/blog\\\/avoir-son-style-ou-suivre-les-tendances-savoir-concilier\\\/#primaryimage\"},\"thumbnailUrl\":\"https:\\\/\\\/www.belgae.be\\\/fr\\\/wp-content\\\/uploads\\\/sites\\\/2\\\/2023\\\/08\\\/cyril_ge_minimalism_Franco-Belgian_comic_style_black_and_white__a305050b-b08b-427e-8179-d2bba65592e8-1.jpg\",\"articleSection\":[\"Trends &amp; Lifestyle\"],\"inLanguage\":\"fr-FR\",\"potentialAction\":[{\"@type\":\"CommentAction\",\"name\":\"Comment\",\"target\":[\"https:\\\/\\\/www.belgae.be\\\/fr\\\/blog\\\/avoir-son-style-ou-suivre-les-tendances-savoir-concilier\\\/#respond\"]}]},{\"@type\":\"WebPage\",\"@id\":\"https:\\\/\\\/www.belgae.be\\\/fr\\\/blog\\\/avoir-son-style-ou-suivre-les-tendances-savoir-concilier\\\/\",\"url\":\"https:\\\/\\\/www.belgae.be\\\/fr\\\/blog\\\/avoir-son-style-ou-suivre-les-tendances-savoir-concilier\\\/\",\"name\":\"Avoir son propre style ou suivre les tendances : savoir concilier | Belgae\",\"isPartOf\":{\"@id\":\"https:\\\/\\\/www.belgae.be\\\/fr\\\/#website\"},\"primaryImageOfPage\":{\"@id\":\"https:\\\/\\\/www.belgae.be\\\/fr\\\/blog\\\/avoir-son-style-ou-suivre-les-tendances-savoir-concilier\\\/#primaryimage\"},\"image\":{\"@id\":\"https:\\\/\\\/www.belgae.be\\\/fr\\\/blog\\\/avoir-son-style-ou-suivre-les-tendances-savoir-concilier\\\/#primaryimage\"},\"thumbnailUrl\":\"https:\\\/\\\/www.belgae.be\\\/fr\\\/wp-content\\\/uploads\\\/sites\\\/2\\\/2023\\\/08\\\/cyril_ge_minimalism_Franco-Belgian_comic_style_black_and_white__a305050b-b08b-427e-8179-d2bba65592e8-1.jpg\",\"datePublished\":\"2023-08-02T14:13:20+00:00\",\"dateModified\":\"2023-08-02T14:16:11+00:00\",\"breadcrumb\":{\"@id\":\"https:\\\/\\\/www.belgae.be\\\/fr\\\/blog\\\/avoir-son-style-ou-suivre-les-tendances-savoir-concilier\\\/#breadcrumb\"},\"inLanguage\":\"fr-FR\",\"potentialAction\":[{\"@type\":\"ReadAction\",\"target\":[\"https:\\\/\\\/www.belgae.be\\\/fr\\\/blog\\\/avoir-son-style-ou-suivre-les-tendances-savoir-concilier\\\/\"]}]},{\"@type\":\"ImageObject\",\"inLanguage\":\"fr-FR\",\"@id\":\"https:\\\/\\\/www.belgae.be\\\/fr\\\/blog\\\/avoir-son-style-ou-suivre-les-tendances-savoir-concilier\\\/#primaryimage\",\"url\":\"https:\\\/\\\/www.belgae.be\\\/fr\\\/wp-content\\\/uploads\\\/sites\\\/2\\\/2023\\\/08\\\/cyril_ge_minimalism_Franco-Belgian_comic_style_black_and_white__a305050b-b08b-427e-8179-d2bba65592e8-1.jpg\",\"contentUrl\":\"https:\\\/\\\/www.belgae.be\\\/fr\\\/wp-content\\\/uploads\\\/sites\\\/2\\\/2023\\\/08\\\/cyril_ge_minimalism_Franco-Belgian_comic_style_black_and_white__a305050b-b08b-427e-8179-d2bba65592e8-1.jpg\"},{\"@type\":\"BreadcrumbList\",\"@id\":\"https:\\\/\\\/www.belgae.be\\\/fr\\\/blog\\\/avoir-son-style-ou-suivre-les-tendances-savoir-concilier\\\/#breadcrumb\",\"itemListElement\":[{\"@type\":\"ListItem\",\"position\":1,\"name\":\"Accueil\",\"item\":\"https:\\\/\\\/www.belgae.be\\\/fr\\\/\"},{\"@type\":\"ListItem\",\"position\":2,\"name\":\"Avoir son propre style ou suivre les tendances : savoir concilier\"}]},{\"@type\":\"WebSite\",\"@id\":\"https:\\\/\\\/www.belgae.be\\\/fr\\\/#website\",\"url\":\"https:\\\/\\\/www.belgae.be\\\/fr\\\/\",\"name\":\"Belgae\",\"description\":\"Art &amp; Mode Belge\",\"publisher\":{\"@id\":\"https:\\\/\\\/www.belgae.be\\\/fr\\\/#organization\"},\"potentialAction\":[{\"@type\":\"SearchAction\",\"target\":{\"@type\":\"EntryPoint\",\"urlTemplate\":\"https:\\\/\\\/www.belgae.be\\\/fr\\\/?s={search_term_string}\"},\"query-input\":{\"@type\":\"PropertyValueSpecification\",\"valueRequired\":true,\"valueName\":\"search_term_string\"}}],\"inLanguage\":\"fr-FR\"},{\"@type\":\"Organization\",\"@id\":\"https:\\\/\\\/www.belgae.be\\\/fr\\\/#organization\",\"name\":\"Belgae\",\"url\":\"https:\\\/\\\/www.belgae.be\\\/fr\\\/\",\"logo\":{\"@type\":\"ImageObject\",\"inLanguage\":\"fr-FR\",\"@id\":\"https:\\\/\\\/www.belgae.be\\\/fr\\\/#\\\/schema\\\/logo\\\/image\\\/\",\"url\":\"https:\\\/\\\/www.belgae.be\\\/fr\\\/wp-content\\\/uploads\\\/sites\\\/2\\\/2023\\\/07\\\/Sans-titre1-Copie.png\",\"contentUrl\":\"https:\\\/\\\/www.belgae.be\\\/fr\\\/wp-content\\\/uploads\\\/sites\\\/2\\\/2023\\\/07\\\/Sans-titre1-Copie.png\",\"width\":88,\"height\":88,\"caption\":\"Belgae\"},\"image\":{\"@id\":\"https:\\\/\\\/www.belgae.be\\\/fr\\\/#\\\/schema\\\/logo\\\/image\\\/\"}},{\"@type\":\"Person\",\"@id\":\"https:\\\/\\\/www.belgae.be\\\/fr\\\/#\\\/schema\\\/person\\\/646b40b88212bc5335f9c4fa787df047\",\"name\":\"Cyril Gendarme\",\"sameAs\":[\"https:\\\/\\\/www.belgae.be\"],\"url\":\"https:\\\/\\\/www.belgae.be\\\/fr\\\/blog\\\/author\\\/cgen\\\/\"}]}<\/script>\n<!-- \/ Yoast SEO plugin. -->","yoast_head_json":{"title":"Avoir son propre style ou suivre les tendances : savoir concilier | Belgae","robots":{"index":"index","follow":"follow","max-snippet":"max-snippet:-1","max-image-preview":"max-image-preview:large","max-video-preview":"max-video-preview:-1"},"canonical":"https:\/\/www.belgae.be\/fr\/blog\/avoir-son-style-ou-suivre-les-tendances-savoir-concilier\/","og_locale":"fr_FR","og_type":"article","og_title":"Avoir son propre style ou suivre les tendances : savoir concilier | Belgae","og_description":"D\u00e9filez sur le podium de la vie en exhibant votre propre style ou suivez les derni\u00e8res tendances ? Un choix d\u00e9licat, n'est-ce pas ?","og_url":"https:\/\/www.belgae.be\/fr\/blog\/avoir-son-style-ou-suivre-les-tendances-savoir-concilier\/","og_site_name":"Belgae","article_published_time":"2023-08-02T14:13:20+00:00","article_modified_time":"2023-08-02T14:16:11+00:00","author":"Cyril Gendarme","twitter_card":"summary_large_image","twitter_misc":{"\u00c9crit par":"Cyril Gendarme","Dur\u00e9e de lecture estim\u00e9e":"11 minutes"},"schema":{"@context":"https:\/\/schema.org","@graph":[{"@type":"Article","@id":"https:\/\/www.belgae.be\/fr\/blog\/avoir-son-style-ou-suivre-les-tendances-savoir-concilier\/#article","isPartOf":{"@id":"https:\/\/www.belgae.be\/fr\/blog\/avoir-son-style-ou-suivre-les-tendances-savoir-concilier\/"},"author":{"name":"Cyril Gendarme","@id":"https:\/\/www.belgae.be\/fr\/#\/schema\/person\/646b40b88212bc5335f9c4fa787df047"},"headline":"Avoir son propre style ou suivre les tendances : savoir concilier","datePublished":"2023-08-02T14:13:20+00:00","dateModified":"2023-08-02T14:16:11+00:00","mainEntityOfPage":{"@id":"https:\/\/www.belgae.be\/fr\/blog\/avoir-son-style-ou-suivre-les-tendances-savoir-concilier\/"},"wordCount":1881,"commentCount":0,"publisher":{"@id":"https:\/\/www.belgae.be\/fr\/#organization"},"image":{"@id":"https:\/\/www.belgae.be\/fr\/blog\/avoir-son-style-ou-suivre-les-tendances-savoir-concilier\/#primaryimage"},"thumbnailUrl":"https:\/\/www.belgae.be\/fr\/wp-content\/uploads\/sites\/2\/2023\/08\/cyril_ge_minimalism_Franco-Belgian_comic_style_black_and_white__a305050b-b08b-427e-8179-d2bba65592e8-1.jpg","articleSection":["Trends &amp; Lifestyle"],"inLanguage":"fr-FR","potentialAction":[{"@type":"CommentAction","name":"Comment","target":["https:\/\/www.belgae.be\/fr\/blog\/avoir-son-style-ou-suivre-les-tendances-savoir-concilier\/#respond"]}]},{"@type":"WebPage","@id":"https:\/\/www.belgae.be\/fr\/blog\/avoir-son-style-ou-suivre-les-tendances-savoir-concilier\/","url":"https:\/\/www.belgae.be\/fr\/blog\/avoir-son-style-ou-suivre-les-tendances-savoir-concilier\/","name":"Avoir son propre style ou suivre les tendances : savoir concilier | Belgae","isPartOf":{"@id":"https:\/\/www.belgae.be\/fr\/#website"},"primaryImageOfPage":{"@id":"https:\/\/www.belgae.be\/fr\/blog\/avoir-son-style-ou-suivre-les-tendances-savoir-concilier\/#primaryimage"},"image":{"@id":"https:\/\/www.belgae.be\/fr\/blog\/avoir-son-style-ou-suivre-les-tendances-savoir-concilier\/#primaryimage"},"thumbnailUrl":"https:\/\/www.belgae.be\/fr\/wp-content\/uploads\/sites\/2\/2023\/08\/cyril_ge_minimalism_Franco-Belgian_comic_style_black_and_white__a305050b-b08b-427e-8179-d2bba65592e8-1.jpg","datePublished":"2023-08-02T14:13:20+00:00","dateModified":"2023-08-02T14:16:11+00:00","breadcrumb":{"@id":"https:\/\/www.belgae.be\/fr\/blog\/avoir-son-style-ou-suivre-les-tendances-savoir-concilier\/#breadcrumb"},"inLanguage":"fr-FR","potentialAction":[{"@type":"ReadAction","target":["https:\/\/www.belgae.be\/fr\/blog\/avoir-son-style-ou-suivre-les-tendances-savoir-concilier\/"]}]},{"@type":"ImageObject","inLanguage":"fr-FR","@id":"https:\/\/www.belgae.be\/fr\/blog\/avoir-son-style-ou-suivre-les-tendances-savoir-concilier\/#primaryimage","url":"https:\/\/www.belgae.be\/fr\/wp-content\/uploads\/sites\/2\/2023\/08\/cyril_ge_minimalism_Franco-Belgian_comic_style_black_and_white__a305050b-b08b-427e-8179-d2bba65592e8-1.jpg","contentUrl":"https:\/\/www.belgae.be\/fr\/wp-content\/uploads\/sites\/2\/2023\/08\/cyril_ge_minimalism_Franco-Belgian_comic_style_black_and_white__a305050b-b08b-427e-8179-d2bba65592e8-1.jpg"},{"@type":"BreadcrumbList","@id":"https:\/\/www.belgae.be\/fr\/blog\/avoir-son-style-ou-suivre-les-tendances-savoir-concilier\/#breadcrumb","itemListElement":[{"@type":"ListItem","position":1,"name":"Accueil","item":"https:\/\/www.belgae.be\/fr\/"},{"@type":"ListItem","position":2,"name":"Avoir son propre style ou suivre les tendances : savoir concilier"}]},{"@type":"WebSite","@id":"https:\/\/www.belgae.be\/fr\/#website","url":"https:\/\/www.belgae.be\/fr\/","name":"Belgae","description":"Art &amp; Mode Belge","publisher":{"@id":"https:\/\/www.belgae.be\/fr\/#organization"},"potentialAction":[{"@type":"SearchAction","target":{"@type":"EntryPoint","urlTemplate":"https:\/\/www.belgae.be\/fr\/?s={search_term_string}"},"query-input":{"@type":"PropertyValueSpecification","valueRequired":true,"valueName":"search_term_string"}}],"inLanguage":"fr-FR"},{"@type":"Organization","@id":"https:\/\/www.belgae.be\/fr\/#organization","name":"Belgae","url":"https:\/\/www.belgae.be\/fr\/","logo":{"@type":"ImageObject","inLanguage":"fr-FR","@id":"https:\/\/www.belgae.be\/fr\/#\/schema\/logo\/image\/","url":"https:\/\/www.belgae.be\/fr\/wp-content\/uploads\/sites\/2\/2023\/07\/Sans-titre1-Copie.png","contentUrl":"https:\/\/www.belgae.be\/fr\/wp-content\/uploads\/sites\/2\/2023\/07\/Sans-titre1-Copie.png","width":88,"height":88,"caption":"Belgae"},"image":{"@id":"https:\/\/www.belgae.be\/fr\/#\/schema\/logo\/image\/"}},{"@type":"Person","@id":"https:\/\/www.belgae.be\/fr\/#\/schema\/person\/646b40b88212bc5335f9c4fa787df047","name":"Cyril Gendarme","sameAs":["https:\/\/www.belgae.be"],"url":"https:\/\/www.belgae.be\/fr\/blog\/author\/cgen\/"}]}},"_links":{"self":[{"href":"https:\/\/www.belgae.be\/fr\/wp-json\/wp\/v2\/posts\/2861","targetHints":{"allow":["GET"]}}],"collection":[{"href":"https:\/\/www.belgae.be\/fr\/wp-json\/wp\/v2\/posts"}],"about":[{"href":"https:\/\/www.belgae.be\/fr\/wp-json\/wp\/v2\/types\/post"}],"author":[{"embeddable":true,"href":"https:\/\/www.belgae.be\/fr\/wp-json\/wp\/v2\/users\/1"}],"replies":[{"embeddable":true,"href":"https:\/\/www.belgae.be\/fr\/wp-json\/wp\/v2\/comments?post=2861"}],"version-history":[{"count":0,"href":"https:\/\/www.belgae.be\/fr\/wp-json\/wp\/v2\/posts\/2861\/revisions"}],"wp:featuredmedia":[{"embeddable":true,"href":"https:\/\/www.belgae.be\/fr\/wp-json\/"}],"wp:attachment":[{"href":"https:\/\/www.belgae.be\/fr\/wp-json\/wp\/v2\/media?parent=2861"}],"wp:term":[{"taxonomy":"category","embeddable":true,"href":"https:\/\/www.belgae.be\/fr\/wp-json\/wp\/v2\/categories?post=2861"},{"taxonomy":"post_tag","embeddable":true,"href":"https:\/\/www.belgae.be\/fr\/wp-json\/wp\/v2\/tags?post=2861"}],"curies":[{"name":"wp","href":"https:\/\/api.w.org\/{rel}","templated":true}]}}