{"id":2856,"date":"2023-08-02T13:43:47","date_gmt":"2023-08-02T13:43:47","guid":{"rendered":"https:\/\/www.belgae.be\/fr\/blog\/mannequins-et-modeles-belges-top-11\/"},"modified":"2023-08-02T13:43:47","modified_gmt":"2023-08-02T13:43:47","slug":"mannequins-et-modeles-belges-top-11","status":"publish","type":"post","link":"https:\/\/www.belgae.be\/fr\/blog\/mannequins-et-modeles-belges-top-11\/","title":{"rendered":"Mannequins et Mod\u00e8les Belges (Top #11)"},"content":{"rendered":"<p>Pr\u00e9parez-vous \u00e0 vous d\u00e9lecter de la cr\u00e8me de la cr\u00e8me de la beaut\u00e9 belge! Nous allons plonger t\u00eate baiss\u00e9e dans l&#8217;univers de la mode en Belgique, en vous pr\u00e9sentant nos 11 choix parmi les mod\u00e8les et mannequins exceptionnels.<\/p>\n<p>Des reines des podiums aux \u00e9toiles des magazines, ces talents red\u00e9finissent les normes du style mondial. Alors attachez votre ceinture; il est temps pour un voyage \u00e9l\u00e9gant \u00e0 travers le meilleur de la Belgique!<\/p>\n<section class=\"contentTable_table\">\n<p class=\"contentTable_title\">Table des mati\u00e8res : <\/p>\n<p class=\"contentTable_elem\"><a href=\"#balise_0\">1. Elise Crombez &#8211; Silhouette \u00c9th\u00e9r\u00e9e, Le\u00e7on de Minimalisme Sophistiqu\u00e9<\/a><\/p>\n<p class=\"contentTable_elem\"><a href=\"#balise_1\">2. C\u00e9sar Casier &#8211; L&#8217;ic\u00f4ne Androgyne, R\u00e9volutionnant la Masculinit\u00e9 Chic<\/a><\/p>\n<p class=\"contentTable_elem\"><a href=\"#balise_2\">3. Ingrid Seynhaeve &#8211; \u00c9blouissante Siva du Podium, Incarnation du Glamour Moderne<\/a><\/p>\n<p class=\"contentTable_elem\"><a href=\"#balise_3\">4. Rosemary Vandenbroucke &#8211; \u00c9quilibre gracieux entre la Mode et la Philanthropie<\/a><\/p>\n<p class=\"contentTable_elem\"><a href=\"#balise_4\">5. Elodie Ou\u00e9draogo &#8211; Sprintant vers la Mode<\/a><\/p>\n<p class=\"contentTable_elem\"><a href=\"#balise_5\">6. Yumi Lambert &#8211; Enchanteresse \u00c9nigmatique<\/a><\/p>\n<p class=\"contentTable_elem\"><a href=\"#balise_6\">7. Adinda Kennedy &#8211; Tourbillon Cr\u00e9atif<\/a><\/p>\n<p class=\"contentTable_elem\"><a href=\"#balise_7\">8. An Oost &#8211; La Muse Flamboyante<\/a><\/p>\n<p class=\"contentTable_elem\"><a href=\"#balise_8\">9. Elisa Matilla &#8211; Toile Vivante des Grands Designers<\/a><\/p>\n<p class=\"contentTable_elem\"><a href=\"#balise_9\">10. Kim Peers &#8211; L&#8217;ic\u00f4ne Souterraine<\/a><\/p>\n<p class=\"contentTable_elem\"><a href=\"#balise_10\">11. Ingrid Lederhaas-Okun &#8211; Ambassadrice du Tissage<\/a><\/p>\n<\/section>\n<p><img loading=\"lazy\" decoding=\"async\" class=\"lazyload articleImageSquare_CGEN\" height=\"400\" width=\"400\" src=\"https:\/\/www.belgae.be\/imageHolder\/\/wp-content\/uploads\/sites\/2\/2023\/07\/loading-spinner-belgae.gif\" data-src=\"https:\/\/www.belgae.be\/imageHolder\/\/wp-content\/uploads\/sites\/2\/2023\/08\/tmpvhu5mavk.jpg\" alt=\"tmpvhu5mavk\" \/><\/p>\n<h2 id=\"balise_0\">Elise Crombez &#8211; Silhouette \u00c9th\u00e9r\u00e9e, Le\u00e7on de Minimalisme Sophistiqu\u00e9<\/h2>\n<p>La Belgique a engendr\u00e9 des talents extraordinaires dans l&#8217;industrie de la mode, et Elise Crombez ne fait pas exception. Elle incarne une le\u00e7on de minimalisme sophistiqu\u00e9 avec sa silhouette \u00e9th\u00e9r\u00e9e et sa pr\u00e9sence captivante sur le podium.<\/p>\n<p>Sa capacit\u00e9 \u00e0 mettre en valeur les designs avec une gr\u00e2ce et une aisance sans effort fait d&#8217;elle une v\u00e9ritable ic\u00f4ne dans le monde du mannequinat. Son allure \u00e9l\u00e9gante d\u00e9montre un style raffin\u00e9 qui conquiert les amateurs de mode du monde entier.<\/p>\n<p>Elle est non seulement reconnue pour son travail remarquable sur les podiums, mais aussi pour son impact significatif dans l&#8217;univers de la haute couture. Sa pr\u00e9sence dynamique continue d&#8217;influencer positivement l&#8217;industrie mondiale.<\/p>\n<p>Crombez reste un exemple lumineux pour tous ceux qui aspirent \u00e0 se faire un nom dans cette industrie comp\u00e9titive. En r\u00e9sum\u00e9, elle repr\u00e9sente parfaitement la beaut\u00e9 intemporelle que peut offrir la Belgique au monde de la mode.<\/p>\n<p><img loading=\"lazy\" decoding=\"async\" class=\"lazyload articleImageSquare_CGEN\" height=\"400\" width=\"400\" src=\"https:\/\/www.belgae.be\/imageHolder\/\/wp-content\/uploads\/sites\/2\/2023\/07\/loading-spinner-belgae.gif\" data-src=\"https:\/\/www.belgae.be\/imageHolder\/\/wp-content\/uploads\/sites\/2\/2023\/08\/tmpun8qdj77.jpg\" alt=\"tmpun8qdj\" \/><\/p>\n<h2 id=\"balise_1\">C\u00e9sar Casier &#8211; L&#8217;ic\u00f4ne Androgyne, R\u00e9volutionnant la Masculinit\u00e9 Chic<\/h2>\n<p>Cesar Casier, le mannequin belge, est reconnu pour son audace \u00e0 briser les limites et red\u00e9finir les notions traditionnelles de masculinit\u00e9. Il se distingue comme une ic\u00f4ne androgyne qui d\u00e9fie sans crainte les normes soci\u00e9tales gr\u00e2ce \u00e0 son style unique.<\/p>\n<p>En r\u00e9volutionnant la chic masculinit\u00e9, il inspire un nombre incalculable d&#8217;individus \u00e0 embrasser leur v\u00e9ritable identit\u00e9 sans se conformer aux st\u00e9r\u00e9otypes. <\/p>\n<p>Son influence transcende l&#8217;esth\u00e9tique conventionnelle et pousse chacun \u00e0 explorer sa propre expression de soi au-del\u00e0 des attentes pr\u00e9con\u00e7ues. Ses actions encouragent l&#8217;affirmation personnelle dans une soci\u00e9t\u00e9 souvent trop rigide en mati\u00e8re de genre.<\/p>\n<p>L&#8217;impact positif qu&#8217;il a sur ses admirateurs prouve que Cesar Casier n&#8217;est pas seulement un mod\u00e8le mais aussi une source d&#8217;inspiration pour ceux qui cherchent leur propre voie vers l&#8217;autonomisation.<\/p>\n<p><img loading=\"lazy\" decoding=\"async\" class=\"lazyload articleImageSquare_CGEN\" height=\"400\" width=\"400\" src=\"https:\/\/www.belgae.be\/imageHolder\/\/wp-content\/uploads\/sites\/2\/2023\/07\/loading-spinner-belgae.gif\" data-src=\"https:\/\/www.belgae.be\/imageHolder\/\/wp-content\/uploads\/sites\/2\/2023\/08\/tmpkvxtaevn.jpg\" alt=\"tmpkvxtaevn\" \/><\/p>\n<h2 id=\"balise_2\">Ingrid Seynhaeve &#8211; \u00c9blouissante Siva du Podium, Incarnation du Glamour Moderne<\/h2>\n<p>En ce qui concerne l&#8217;incarnation du glamour moderne sur les podiums du monde entier, Ingrid Seynhaeve brille comme aucune autre. Sa pr\u00e9sence \u00e9blouissante captive le public alors qu&#8217;elle d\u00e9file sans effort avec confiance et \u00e9l\u00e9gance.<\/p>\n<p>Elle est l&#8217;\u00e9pitom\u00e9 de tout ce qui est glamour dans la mode contemporaine. Elle laisse une impression durable partout o\u00f9 elle passe.<\/p>\n<p>Ingrid Seynhaeve symbolise la f\u00e9minit\u00e9 chic et sophistiqu\u00e9e. Son allure audacieuse s\u00e9duit, son style inimitable marquant les esprits.<\/p>\n<p>Avec assurance et gr\u00e2ce, elle illumine chaque d\u00e9fil\u00e9 de mode auquel elle participe. Dans le domaine de la haute couture, Ingrid Seynhaeve r\u00e8gne en ma\u00eetresse incontest\u00e9e.<\/p>\n<p>Chaque apparition d&#8217;Ingrid fait sensation sur les podiums internationaux. La beaut\u00e9 captivante d&#8217;Ingrid Seynhaeve continue \u00e0 fasciner le monde de la mode.<\/p>\n<p><img loading=\"lazy\" decoding=\"async\" class=\"lazyload articleImageSquare_CGEN\" height=\"400\" width=\"400\" src=\"https:\/\/www.belgae.be\/imageHolder\/\/wp-content\/uploads\/sites\/2\/2023\/07\/loading-spinner-belgae.gif\" data-src=\"https:\/\/www.belgae.be\/imageHolder\/\/wp-content\/uploads\/sites\/2\/2023\/08\/tmpbe10c1nu.jpg\" alt=\"tmpbe10c1nu\" \/><\/p>\n<h2 id=\"balise_3\">Rosemary Vandenbroucke &#8211; \u00c9quilibre gracieux entre la Mode et la Philanthropie<\/h2>\n<p>Rosemary Vandenbroucke embellit non seulement les magazines de haute couture, mais incarne \u00e9galement des initiatives philanthropiques au sein de l&#8217;industrie. Elle d\u00e9montre que beaut\u00e9 et impact positif sur la soci\u00e9t\u00e9 peuvent aller de pair gr\u00e2ce \u00e0 son \u00e9quilibre gracieux entre ses engagements dans le monde de la mode et ses actions bienveillantes.<\/p>\n<p>Avec une pr\u00e9sence constante dans les magazines haut de gamme, Rosemary Vandenbroucke est plus qu&#8217;un simple visage attrayant. Son travail philanthropique au sein du secteur fait d&#8217;elle un mod\u00e8le pour tous ceux qui cherchent \u00e0 faire une diff\u00e9rence.<\/p>\n<p>L&#8217;\u00e9quilibre qu&#8217;elle maintient entre sa carri\u00e8re dans la mode et ses efforts pour aider autrui est vraiment admirable. C&#8217;est cette combinaison unique d&#8217;engagement envers la beaut\u00e9 et l&#8217;am\u00e9lioration du monde qui fait briller Rosemary parmi tant d&#8217;autres figures publiques.<\/p>\n<p>En d\u00e9finitive, Rosemary Vandenbroucke illustre parfaitement comment allier avec gr\u00e2ce influence positive sur le monde et obligations professionnelles dans l&#8217;univers impitoyablement comp\u00e9titif de la haute couture.<\/p>\n<p><img loading=\"lazy\" decoding=\"async\" class=\"lazyload articleImageSquare_CGEN\" height=\"400\" width=\"400\" src=\"https:\/\/www.belgae.be\/imageHolder\/\/wp-content\/uploads\/sites\/2\/2023\/07\/loading-spinner-belgae.gif\" data-src=\"https:\/\/www.belgae.be\/imageHolder\/\/wp-content\/uploads\/sites\/2\/2023\/08\/tmpe82b06bz.jpg\" alt=\"tmpe82b06bz\" \/><\/p>\n<h2 id=\"balise_4\">Elodie Ou\u00e9draogo &#8211; Sprintant vers la Mode<\/h2>\n<p>Elodie Ou\u00e9draogo, une ancienne athl\u00e8te olympique de Belgique, a fait son entr\u00e9e dans le monde de la mode \u00e0 toute vitesse. Des lignes c\u00e9lestes qui mettent en valeur sa silhouette athl\u00e9tique et son charme ind\u00e9niable l&#8217;ont aid\u00e9e \u00e0 passer sans effort de la piste aux d\u00e9fil\u00e9s haute couture.<\/p>\n<p>Le parcours d&#8217;Elodie sert d&#8217;inspiration pour ceux qui croient en la poursuite passionn\u00e9e de leurs r\u00eaves. Avec une d\u00e9termination sans faille, elle a prouv\u00e9 que les limites sont faites pour \u00eatre repouss\u00e9es.<\/p>\n<p>S&#8217;\u00e9panouissant dans un nouvel environnement cr\u00e9atif apr\u00e8s des ann\u00e9es sur les pistes d&#8217;athl\u00e9tisme, Elodie montre qu&#8217;il est possible d&#8217;avoir du succ\u00e8s dans plusieurs domaines. Sa transition r\u00e9ussie vers le monde glamour et exigeant du stylisme est un exemple parfait de r\u00e9invention personnelle.<\/p>\n<p>Son histoire illustre comment l&#8217;on peut transformer ses talents et ses passions en carri\u00e8re florissante. Elle rappelle \u00e9galement que tout est possible lorsque nous avons le courage d&#8217;affronter nos peurs et de suivre notre chemin unique.<\/p>\n<p><img loading=\"lazy\" decoding=\"async\" class=\"lazyload articleImageSquare_CGEN\" height=\"400\" width=\"400\" src=\"https:\/\/www.belgae.be\/imageHolder\/\/wp-content\/uploads\/sites\/2\/2023\/07\/loading-spinner-belgae.gif\" data-src=\"https:\/\/www.belgae.be\/imageHolder\/\/wp-content\/uploads\/sites\/2\/2023\/08\/tmp825wib0l.jpg\" alt=\"tmp825wib0l\" \/><\/p>\n<h2 id=\"balise_5\">Yumi Lambert &#8211; Enchanteresse \u00c9nigmatique<\/h2>\n<p>Yumi Lambert d\u00e9gage un charme \u00e9nigmatique qui captive tous ceux qui la voient. Ce mannequin belge est reconnu pour harmoniser des traits ang\u00e9liques \u00e0 chaque pas qu&#8217;elle fait sur le podium. Sa beaut\u00e9 unique et sa pr\u00e9sence magn\u00e9tique font de Yumi une v\u00e9ritable enchanteresse dans l&#8217;industrie de la mode.<\/p>\n<p>Lambert a su se distinguer parmi les plus grands noms du monde de la haute couture. Son allure myst\u00e9rieuse attire invariablement l&#8217;attention, faisant d&#8217;elle une ic\u00f4ne ind\u00e9niable du style et de l&#8217;\u00e9l\u00e9gance.<\/p>\n<p>Chacune des apparitions publiques de Yumi est marqu\u00e9e par son don inn\u00e9 pour subjuguer les spectateurs avec sa gr\u00e2ce naturelle. Elle incarne parfaitement cette essence glamour recherch\u00e9e par tant d&#8217;autres dans le domaine du mannequinat.<\/p>\n<p>Son rayonnement transcende bien au-del\u00e0 des fronti\u00e8res, inspirant ainsi un public international avec son look raffin\u00e9 et sophistiqu\u00e9. Avec Yumi Lambert, on assiste \u00e0 une r\u00e9volution silencieuse mais puissante dans le paysage dynamique de la mode contemporaine.<\/p>\n<p><img loading=\"lazy\" decoding=\"async\" class=\"lazyload articleImageSquare_CGEN\" height=\"400\" width=\"400\" src=\"https:\/\/www.belgae.be\/imageHolder\/\/wp-content\/uploads\/sites\/2\/2023\/07\/loading-spinner-belgae.gif\" data-src=\"https:\/\/www.belgae.be\/imageHolder\/\/wp-content\/uploads\/sites\/2\/2023\/08\/tmpch6ba99p.jpg\" alt=\"tmpch6ba99p\" \/><\/p>\n<h2 id=\"balise_6\">Adinda Kennedy &#8211; Tourbillon Cr\u00e9atif<\/h2>\n<p>Adinda Kennedy n&#8217;est pas simplement un autre visage dans la foule. Elle est une tornade cr\u00e9ative qui provoque une temp\u00eate m\u00e9diatique mondiale. Originaire de Belgique, en tant qu&#8217;artiste et mod\u00e8le, Adinda apporte innovation et expression artistique \u00e0 chaque projet qu&#8217;elle entreprend.<\/p>\n<p>Sa capacit\u00e9 \u00e0 capturer l&#8217;attention par des approches non conventionnelles la distingue comme l&#8217;un des talents les plus excitants d&#8217;aujourd&#8217;hui. Son originalit\u00e9 fait d&#8217;elle une v\u00e9ritable force dans le monde de l&#8217;art et du mannequinat.<\/p>\n<p>Chaque initiative prise par Adinda est marqu\u00e9e par son empreinte unique. Son impact sur le paysage m\u00e9diatique global ne peut \u00eatre sous-estim\u00e9.<\/p>\n<p>Elle a r\u00e9ussi \u00e0 se forger un nom gr\u00e2ce \u00e0 sa vision artistique audacieuse, r\u00e9volutionnant ainsi notre perception de ce que signifie \u00eatre un artiste ou un mod\u00e8le aujourd&#8217;hui.<\/p>\n<p>En conclusion, Adinda Kennedy red\u00e9finit constamment les normes \u00e9tablies avec son approche innovante et avant-gardiste du monde artistique.<\/p>\n<p><img loading=\"lazy\" decoding=\"async\" class=\"lazyload articleImageSquare_CGEN\" height=\"400\" width=\"400\" src=\"https:\/\/www.belgae.be\/imageHolder\/\/wp-content\/uploads\/sites\/2\/2023\/07\/loading-spinner-belgae.gif\" data-src=\"https:\/\/www.belgae.be\/imageHolder\/\/wp-content\/uploads\/sites\/2\/2023\/08\/tmp0x2g0uno.jpg\" alt=\"tmp0x2g0uno\" \/><\/p>\n<h2 id=\"balise_7\">An Oost &#8211; La Muse Flamboyante<\/h2>\n<p>An Oost se distingue comme bien plus qu&#8217;une muse &#8211; elle incarne l&#8217;exub\u00e9rance comme nulle autre. Atteignant des sommets tant en talent qu&#8217;en choix de style, An repousse les limites.<\/p>\n<p>Elle inspire les cr\u00e9ateurs du monde entier par sa pr\u00e9sence captivante sur les podiums \u00e0 travers le globe. Son audace et son charme sont ind\u00e9niables. Elle est une source d&#8217;inspiration constante pour ceux qui cherchent \u00e0 innover dans la mode.<\/p>\n<p>Chaque apparition d&#8217;An Oost est un \u00e9v\u00e9nement en soi, attirant l&#8217;attention non seulement pour ses tenues audacieuses mais aussi pour la gr\u00e2ce avec laquelle elle porte chaque cr\u00e9ation. Sa confiance et son assurance font d&#8217;elle une ic\u00f4ne incontestable de l&#8217;industrie de la mode.<\/p>\n<p>Son influence d\u00e9passe largement le cadre des d\u00e9fil\u00e9s, touchant tous ceux qui appr\u00e9cient le vrai style et l&#8217;originalit\u00e9 dans un monde souvent trop uniforme. An Oost est v\u00e9ritablement unique en son genre, incarnant une flamboyance rarement vue ailleurs.<\/p>\n<p><img loading=\"lazy\" decoding=\"async\" class=\"lazyload articleImageSquare_CGEN\" height=\"400\" width=\"400\" src=\"https:\/\/www.belgae.be\/imageHolder\/\/wp-content\/uploads\/sites\/2\/2023\/07\/loading-spinner-belgae.gif\" data-src=\"https:\/\/www.belgae.be\/imageHolder\/\/wp-content\/uploads\/sites\/2\/2023\/08\/tmp332pwb8s.jpg\" alt=\"tmp332pwb8s\" \/><\/p>\n<h2 id=\"balise_8\">Elisa Matilla &#8211; Toile Vivante des Grands Designers<\/h2>\n<p>La Belgique regorge de mannequins talentueux mais peu peuvent rivaliser avec Elisa Matilla en tant que toile vivante pour les cr\u00e9ations des grands designers. Elle pr\u00e9sente habilement des designs complexes avec une \u00e9motion brod\u00e9e dans chaque v\u00eatement qu&#8217;elle porte, t\u00e9moignant de la capacit\u00e9 d&#8217;Elisa \u00e0 donner vie \u00e0 la mode.<\/p>\n<p>Le monde du mannequinat belge est riche et vari\u00e9. Toutefois, Elisa Matilla se distingue nettement par sa capacit\u00e9 unique \u00e0 animer les cr\u00e9ations des plus c\u00e9l\u00e8bres stylistes. Son don pour mettre en valeur l&#8217;art sartorial complexe fait d&#8217;elle une v\u00e9ritable muse pour ces ma\u00eetres du design.<\/p>\n<p>Chaque tenue port\u00e9e par Elisa raconte une histoire tiss\u00e9e d&#8217;\u00e9motions subtiles et profondes. C&#8217;est cette sensibilit\u00e9 qui permet aux v\u00eatements de prendre vie sur elle, faisant ainsi resplendir toutes les nuances artistiques imagin\u00e9es par le designer.<\/p>\n<p>L&#8217;excellence d&#8217;Elisa Matilla ne r\u00e9side pas seulement dans son allure ou son style ind\u00e9niables, mais \u00e9galement dans sa facult\u00e9 singuli\u00e8re \u00e0 transmettre l&#8217;esprit m\u00eame du styliste au travers de ses tenues sophistiqu\u00e9es.<\/p>\n<p><img loading=\"lazy\" decoding=\"async\" class=\"lazyload articleImageSquare_CGEN\" height=\"400\" width=\"400\" src=\"https:\/\/www.belgae.be\/imageHolder\/\/wp-content\/uploads\/sites\/2\/2023\/07\/loading-spinner-belgae.gif\" data-src=\"https:\/\/www.belgae.be\/imageHolder\/\/wp-content\/uploads\/sites\/2\/2023\/08\/tmpvzlay18f.jpg\" alt=\"tmpvzlay18f\" \/><\/p>\n<h2 id=\"balise_9\">Kim Peers &#8211; L&#8217;ic\u00f4ne Souterraine<\/h2>\n<p>Kim Peers se distingue des autres mannequins. C&#8217;est une ic\u00f4ne underground qui d\u00e9fie audacieusement les codes soci\u00e9taux gr\u00e2ce \u00e0 son style unique. Avec un penchant pour la subversion, Kim remet en question les notions traditionnelles de beaut\u00e9 et encourage autrui \u00e0 embrasser leur individualit\u00e9 sans se conformer aux attentes conventionnelles.<\/p>\n<p>Elle transcende les normes \u00e9tablies avec une audace incontestable. Son attitude rebelle lui permet d&#8217;affirmer sa singularit\u00e9 tout en influen\u00e7ant positivement ceux qui l&#8217;entourent.<\/p>\n<p>Son style personnel, tranchant et distinctif, fait d&#8217;elle plus qu&#8217;un simple mannequin : elle est une v\u00e9ritable figure de proue du mouvement alternatif. Elle incarne le changement et la r\u00e9bellion contre le statu quo.<\/p>\n<p>En conclusion, Kim Peers n&#8217;est pas seulement un mod\u00e8le dans l&#8217;industrie de la mode mais aussi un symbole puissant d&#8217;autonomie personnelle et de non-conformisme dans notre soci\u00e9t\u00e9 actuelle.<\/p>\n<p><img loading=\"lazy\" decoding=\"async\" class=\"lazyload articleImageSquare_CGEN\" height=\"400\" width=\"400\" src=\"https:\/\/www.belgae.be\/imageHolder\/\/wp-content\/uploads\/sites\/2\/2023\/07\/loading-spinner-belgae.gif\" data-src=\"https:\/\/www.belgae.be\/imageHolder\/\/wp-content\/uploads\/sites\/2\/2023\/08\/tmpkb9n6i96.jpg\" alt=\"tmpkb9n6i\" \/><\/p>\n<h2 id=\"balise_10\">Ingrid Lederhaas-Okun &#8211; Ambassadrice du Tissage<\/h2>\n<p>Ingrid Lederhaas-Okun occupe le r\u00f4le d&#8217;ambassadrice du tissage, repr\u00e9sentant la Belgique avec une \u00e9l\u00e9gance incorpor\u00e9e dans chaque aspect de son travail. Sa capacit\u00e9 \u00e0 fusionner sans effort la mode et la culture cr\u00e9e une tapisserie qui met en valeur l&#8217;h\u00e9ritage riche de la Belgique tout en embrassant les tendances contemporaines du design.<\/p>\n<p>Ingrid tisse ensemble tradition et innovation, marquant ind\u00e9l\u00e9bilement le monde de la mode. Son oeuvre est un hommage vivant au patrimoine belge, int\u00e9grant des \u00e9l\u00e9ments modernes pour cr\u00e9er un style unique.<\/p>\n<p>Elle a r\u00e9ussi \u00e0 se faire un nom sur l&#8217;\u00e9chiquier international gr\u00e2ce \u00e0 ses cr\u00e9ations exceptionnelles qui refl\u00e8tent parfaitement sa vision artistique. C&#8217;est cette approche innovante et respectueuse des traditions qui fait d&#8217;elle une figure embl\u00e9matique dans son domaine.<\/p>\n<p>Son travail est constamment admir\u00e9 pour sa finesse et son attention aux d\u00e9tails, caract\u00e9ristiques cl\u00e9s qui distinguent ses designs. Chaque pi\u00e8ce qu&#8217;elle cr\u00e9e \u00e9voque une histoire profonde li\u00e9e aux racines culturelles belges tout en restant r\u00e9solument moderne.<\/p>\n","protected":false},"excerpt":{"rendered":"<p>Pr\u00e9parez-vous \u00e0 vous d\u00e9lecter de la cr\u00e8me de la cr\u00e8me de la beaut\u00e9 belge!<\/p>\n","protected":false},"author":1,"featured_media":4335,"comment_status":"open","ping_status":"","sticky":false,"template":"","format":"standard","meta":{"_acf_changed":false,"_et_pb_use_builder":"","_et_pb_old_content":"","_et_gb_content_width":"","footnotes":""},"categories":[39],"tags":[],"class_list":["post-2856","post","type-post","status-publish","format-standard","has-post-thumbnail","hentry","category-belgium"],"acf":[],"yoast_head":"<!-- This site is optimized with the Yoast SEO plugin v27.5 - https:\/\/yoast.com\/product\/yoast-seo-wordpress\/ -->\n<title>Mannequins et Mod\u00e8les Belges (Top #11) | Belgae<\/title>\n<meta name=\"robots\" content=\"index, follow, max-snippet:-1, max-image-preview:large, max-video-preview:-1\" \/>\n<link rel=\"canonical\" href=\"https:\/\/www.belgae.be\/fr\/blog\/mannequins-et-modeles-belges-top-11\/\" \/>\n<meta property=\"og:locale\" content=\"fr_FR\" \/>\n<meta property=\"og:type\" content=\"article\" \/>\n<meta property=\"og:title\" content=\"Mannequins et Mod\u00e8les Belges (Top #11) | Belgae\" \/>\n<meta property=\"og:description\" content=\"Pr\u00e9parez-vous \u00e0 vous d\u00e9lecter de la cr\u00e8me de la cr\u00e8me de la beaut\u00e9 belge!\" \/>\n<meta property=\"og:url\" content=\"https:\/\/www.belgae.be\/fr\/blog\/mannequins-et-modeles-belges-top-11\/\" \/>\n<meta property=\"og:site_name\" content=\"Belgae\" \/>\n<meta property=\"article:published_time\" content=\"2023-08-02T13:43:47+00:00\" \/>\n<meta property=\"og:image\" content=\"https:\/\/www.belgae.be\/imageHolder\/\/wp-content\/uploads\/sites\/2\/2023\/07\/loading-spinner-belgae.gif\" \/>\n<meta name=\"author\" content=\"Cyril Gendarme\" \/>\n<meta name=\"twitter:card\" content=\"summary_large_image\" \/>\n<meta name=\"twitter:label1\" content=\"\u00c9crit par\" \/>\n\t<meta name=\"twitter:data1\" content=\"Cyril Gendarme\" \/>\n\t<meta name=\"twitter:label2\" content=\"Dur\u00e9e de lecture estim\u00e9e\" \/>\n\t<meta name=\"twitter:data2\" content=\"10 minutes\" \/>\n<script type=\"application\/ld+json\" class=\"yoast-schema-graph\">{\"@context\":\"https:\\\/\\\/schema.org\",\"@graph\":[{\"@type\":\"Article\",\"@id\":\"https:\\\/\\\/www.belgae.be\\\/fr\\\/blog\\\/mannequins-et-modeles-belges-top-11\\\/#article\",\"isPartOf\":{\"@id\":\"https:\\\/\\\/www.belgae.be\\\/fr\\\/blog\\\/mannequins-et-modeles-belges-top-11\\\/\"},\"author\":{\"name\":\"Cyril Gendarme\",\"@id\":\"https:\\\/\\\/www.belgae.be\\\/fr\\\/#\\\/schema\\\/person\\\/646b40b88212bc5335f9c4fa787df047\"},\"headline\":\"Mannequins et Mod\u00e8les Belges (Top #11)\",\"datePublished\":\"2023-08-02T13:43:47+00:00\",\"mainEntityOfPage\":{\"@id\":\"https:\\\/\\\/www.belgae.be\\\/fr\\\/blog\\\/mannequins-et-modeles-belges-top-11\\\/\"},\"wordCount\":2026,\"commentCount\":0,\"publisher\":{\"@id\":\"https:\\\/\\\/www.belgae.be\\\/fr\\\/#organization\"},\"image\":{\"@id\":\"https:\\\/\\\/www.belgae.be\\\/fr\\\/blog\\\/mannequins-et-modeles-belges-top-11\\\/#primaryimage\"},\"thumbnailUrl\":\"https:\\\/\\\/www.belgae.be\\\/fr\\\/wp-content\\\/uploads\\\/sites\\\/2\\\/2023\\\/08\\\/cyril_ge_some_ultra_oversized_clothing_wore_by_models_in_an_ove_4c293d22-b6f7-46d6-991a-e9de0ca56de0.jpg\",\"articleSection\":[\"Belgium\"],\"inLanguage\":\"fr-FR\",\"potentialAction\":[{\"@type\":\"CommentAction\",\"name\":\"Comment\",\"target\":[\"https:\\\/\\\/www.belgae.be\\\/fr\\\/blog\\\/mannequins-et-modeles-belges-top-11\\\/#respond\"]}]},{\"@type\":\"WebPage\",\"@id\":\"https:\\\/\\\/www.belgae.be\\\/fr\\\/blog\\\/mannequins-et-modeles-belges-top-11\\\/\",\"url\":\"https:\\\/\\\/www.belgae.be\\\/fr\\\/blog\\\/mannequins-et-modeles-belges-top-11\\\/\",\"name\":\"Mannequins et Mod\u00e8les Belges (Top #11) | Belgae\",\"isPartOf\":{\"@id\":\"https:\\\/\\\/www.belgae.be\\\/fr\\\/#website\"},\"primaryImageOfPage\":{\"@id\":\"https:\\\/\\\/www.belgae.be\\\/fr\\\/blog\\\/mannequins-et-modeles-belges-top-11\\\/#primaryimage\"},\"image\":{\"@id\":\"https:\\\/\\\/www.belgae.be\\\/fr\\\/blog\\\/mannequins-et-modeles-belges-top-11\\\/#primaryimage\"},\"thumbnailUrl\":\"https:\\\/\\\/www.belgae.be\\\/fr\\\/wp-content\\\/uploads\\\/sites\\\/2\\\/2023\\\/08\\\/cyril_ge_some_ultra_oversized_clothing_wore_by_models_in_an_ove_4c293d22-b6f7-46d6-991a-e9de0ca56de0.jpg\",\"datePublished\":\"2023-08-02T13:43:47+00:00\",\"breadcrumb\":{\"@id\":\"https:\\\/\\\/www.belgae.be\\\/fr\\\/blog\\\/mannequins-et-modeles-belges-top-11\\\/#breadcrumb\"},\"inLanguage\":\"fr-FR\",\"potentialAction\":[{\"@type\":\"ReadAction\",\"target\":[\"https:\\\/\\\/www.belgae.be\\\/fr\\\/blog\\\/mannequins-et-modeles-belges-top-11\\\/\"]}]},{\"@type\":\"ImageObject\",\"inLanguage\":\"fr-FR\",\"@id\":\"https:\\\/\\\/www.belgae.be\\\/fr\\\/blog\\\/mannequins-et-modeles-belges-top-11\\\/#primaryimage\",\"url\":\"https:\\\/\\\/www.belgae.be\\\/fr\\\/wp-content\\\/uploads\\\/sites\\\/2\\\/2023\\\/08\\\/cyril_ge_some_ultra_oversized_clothing_wore_by_models_in_an_ove_4c293d22-b6f7-46d6-991a-e9de0ca56de0.jpg\",\"contentUrl\":\"https:\\\/\\\/www.belgae.be\\\/fr\\\/wp-content\\\/uploads\\\/sites\\\/2\\\/2023\\\/08\\\/cyril_ge_some_ultra_oversized_clothing_wore_by_models_in_an_ove_4c293d22-b6f7-46d6-991a-e9de0ca56de0.jpg\"},{\"@type\":\"BreadcrumbList\",\"@id\":\"https:\\\/\\\/www.belgae.be\\\/fr\\\/blog\\\/mannequins-et-modeles-belges-top-11\\\/#breadcrumb\",\"itemListElement\":[{\"@type\":\"ListItem\",\"position\":1,\"name\":\"Accueil\",\"item\":\"https:\\\/\\\/www.belgae.be\\\/fr\\\/\"},{\"@type\":\"ListItem\",\"position\":2,\"name\":\"Mannequins et Mod\u00e8les Belges (Top #11)\"}]},{\"@type\":\"WebSite\",\"@id\":\"https:\\\/\\\/www.belgae.be\\\/fr\\\/#website\",\"url\":\"https:\\\/\\\/www.belgae.be\\\/fr\\\/\",\"name\":\"Belgae\",\"description\":\"Art &amp; Mode Belge\",\"publisher\":{\"@id\":\"https:\\\/\\\/www.belgae.be\\\/fr\\\/#organization\"},\"potentialAction\":[{\"@type\":\"SearchAction\",\"target\":{\"@type\":\"EntryPoint\",\"urlTemplate\":\"https:\\\/\\\/www.belgae.be\\\/fr\\\/?s={search_term_string}\"},\"query-input\":{\"@type\":\"PropertyValueSpecification\",\"valueRequired\":true,\"valueName\":\"search_term_string\"}}],\"inLanguage\":\"fr-FR\"},{\"@type\":\"Organization\",\"@id\":\"https:\\\/\\\/www.belgae.be\\\/fr\\\/#organization\",\"name\":\"Belgae\",\"url\":\"https:\\\/\\\/www.belgae.be\\\/fr\\\/\",\"logo\":{\"@type\":\"ImageObject\",\"inLanguage\":\"fr-FR\",\"@id\":\"https:\\\/\\\/www.belgae.be\\\/fr\\\/#\\\/schema\\\/logo\\\/image\\\/\",\"url\":\"https:\\\/\\\/www.belgae.be\\\/fr\\\/wp-content\\\/uploads\\\/sites\\\/2\\\/2023\\\/07\\\/Sans-titre1-Copie.png\",\"contentUrl\":\"https:\\\/\\\/www.belgae.be\\\/fr\\\/wp-content\\\/uploads\\\/sites\\\/2\\\/2023\\\/07\\\/Sans-titre1-Copie.png\",\"width\":88,\"height\":88,\"caption\":\"Belgae\"},\"image\":{\"@id\":\"https:\\\/\\\/www.belgae.be\\\/fr\\\/#\\\/schema\\\/logo\\\/image\\\/\"}},{\"@type\":\"Person\",\"@id\":\"https:\\\/\\\/www.belgae.be\\\/fr\\\/#\\\/schema\\\/person\\\/646b40b88212bc5335f9c4fa787df047\",\"name\":\"Cyril Gendarme\",\"sameAs\":[\"https:\\\/\\\/www.belgae.be\"],\"url\":\"https:\\\/\\\/www.belgae.be\\\/fr\\\/blog\\\/author\\\/cgen\\\/\"}]}<\/script>\n<!-- \/ Yoast SEO plugin. -->","yoast_head_json":{"title":"Mannequins et Mod\u00e8les Belges (Top #11) | Belgae","robots":{"index":"index","follow":"follow","max-snippet":"max-snippet:-1","max-image-preview":"max-image-preview:large","max-video-preview":"max-video-preview:-1"},"canonical":"https:\/\/www.belgae.be\/fr\/blog\/mannequins-et-modeles-belges-top-11\/","og_locale":"fr_FR","og_type":"article","og_title":"Mannequins et Mod\u00e8les Belges (Top #11) | Belgae","og_description":"Pr\u00e9parez-vous \u00e0 vous d\u00e9lecter de la cr\u00e8me de la cr\u00e8me de la beaut\u00e9 belge!","og_url":"https:\/\/www.belgae.be\/fr\/blog\/mannequins-et-modeles-belges-top-11\/","og_site_name":"Belgae","article_published_time":"2023-08-02T13:43:47+00:00","og_image":[{"url":"https:\/\/www.belgae.be\/imageHolder\/\/wp-content\/uploads\/sites\/2\/2023\/07\/loading-spinner-belgae.gif","type":"","width":"","height":""}],"author":"Cyril Gendarme","twitter_card":"summary_large_image","twitter_misc":{"\u00c9crit par":"Cyril Gendarme","Dur\u00e9e de lecture estim\u00e9e":"10 minutes"},"schema":{"@context":"https:\/\/schema.org","@graph":[{"@type":"Article","@id":"https:\/\/www.belgae.be\/fr\/blog\/mannequins-et-modeles-belges-top-11\/#article","isPartOf":{"@id":"https:\/\/www.belgae.be\/fr\/blog\/mannequins-et-modeles-belges-top-11\/"},"author":{"name":"Cyril Gendarme","@id":"https:\/\/www.belgae.be\/fr\/#\/schema\/person\/646b40b88212bc5335f9c4fa787df047"},"headline":"Mannequins et Mod\u00e8les Belges (Top #11)","datePublished":"2023-08-02T13:43:47+00:00","mainEntityOfPage":{"@id":"https:\/\/www.belgae.be\/fr\/blog\/mannequins-et-modeles-belges-top-11\/"},"wordCount":2026,"commentCount":0,"publisher":{"@id":"https:\/\/www.belgae.be\/fr\/#organization"},"image":{"@id":"https:\/\/www.belgae.be\/fr\/blog\/mannequins-et-modeles-belges-top-11\/#primaryimage"},"thumbnailUrl":"https:\/\/www.belgae.be\/fr\/wp-content\/uploads\/sites\/2\/2023\/08\/cyril_ge_some_ultra_oversized_clothing_wore_by_models_in_an_ove_4c293d22-b6f7-46d6-991a-e9de0ca56de0.jpg","articleSection":["Belgium"],"inLanguage":"fr-FR","potentialAction":[{"@type":"CommentAction","name":"Comment","target":["https:\/\/www.belgae.be\/fr\/blog\/mannequins-et-modeles-belges-top-11\/#respond"]}]},{"@type":"WebPage","@id":"https:\/\/www.belgae.be\/fr\/blog\/mannequins-et-modeles-belges-top-11\/","url":"https:\/\/www.belgae.be\/fr\/blog\/mannequins-et-modeles-belges-top-11\/","name":"Mannequins et Mod\u00e8les Belges (Top #11) | Belgae","isPartOf":{"@id":"https:\/\/www.belgae.be\/fr\/#website"},"primaryImageOfPage":{"@id":"https:\/\/www.belgae.be\/fr\/blog\/mannequins-et-modeles-belges-top-11\/#primaryimage"},"image":{"@id":"https:\/\/www.belgae.be\/fr\/blog\/mannequins-et-modeles-belges-top-11\/#primaryimage"},"thumbnailUrl":"https:\/\/www.belgae.be\/fr\/wp-content\/uploads\/sites\/2\/2023\/08\/cyril_ge_some_ultra_oversized_clothing_wore_by_models_in_an_ove_4c293d22-b6f7-46d6-991a-e9de0ca56de0.jpg","datePublished":"2023-08-02T13:43:47+00:00","breadcrumb":{"@id":"https:\/\/www.belgae.be\/fr\/blog\/mannequins-et-modeles-belges-top-11\/#breadcrumb"},"inLanguage":"fr-FR","potentialAction":[{"@type":"ReadAction","target":["https:\/\/www.belgae.be\/fr\/blog\/mannequins-et-modeles-belges-top-11\/"]}]},{"@type":"ImageObject","inLanguage":"fr-FR","@id":"https:\/\/www.belgae.be\/fr\/blog\/mannequins-et-modeles-belges-top-11\/#primaryimage","url":"https:\/\/www.belgae.be\/fr\/wp-content\/uploads\/sites\/2\/2023\/08\/cyril_ge_some_ultra_oversized_clothing_wore_by_models_in_an_ove_4c293d22-b6f7-46d6-991a-e9de0ca56de0.jpg","contentUrl":"https:\/\/www.belgae.be\/fr\/wp-content\/uploads\/sites\/2\/2023\/08\/cyril_ge_some_ultra_oversized_clothing_wore_by_models_in_an_ove_4c293d22-b6f7-46d6-991a-e9de0ca56de0.jpg"},{"@type":"BreadcrumbList","@id":"https:\/\/www.belgae.be\/fr\/blog\/mannequins-et-modeles-belges-top-11\/#breadcrumb","itemListElement":[{"@type":"ListItem","position":1,"name":"Accueil","item":"https:\/\/www.belgae.be\/fr\/"},{"@type":"ListItem","position":2,"name":"Mannequins et Mod\u00e8les Belges (Top #11)"}]},{"@type":"WebSite","@id":"https:\/\/www.belgae.be\/fr\/#website","url":"https:\/\/www.belgae.be\/fr\/","name":"Belgae","description":"Art &amp; Mode Belge","publisher":{"@id":"https:\/\/www.belgae.be\/fr\/#organization"},"potentialAction":[{"@type":"SearchAction","target":{"@type":"EntryPoint","urlTemplate":"https:\/\/www.belgae.be\/fr\/?s={search_term_string}"},"query-input":{"@type":"PropertyValueSpecification","valueRequired":true,"valueName":"search_term_string"}}],"inLanguage":"fr-FR"},{"@type":"Organization","@id":"https:\/\/www.belgae.be\/fr\/#organization","name":"Belgae","url":"https:\/\/www.belgae.be\/fr\/","logo":{"@type":"ImageObject","inLanguage":"fr-FR","@id":"https:\/\/www.belgae.be\/fr\/#\/schema\/logo\/image\/","url":"https:\/\/www.belgae.be\/fr\/wp-content\/uploads\/sites\/2\/2023\/07\/Sans-titre1-Copie.png","contentUrl":"https:\/\/www.belgae.be\/fr\/wp-content\/uploads\/sites\/2\/2023\/07\/Sans-titre1-Copie.png","width":88,"height":88,"caption":"Belgae"},"image":{"@id":"https:\/\/www.belgae.be\/fr\/#\/schema\/logo\/image\/"}},{"@type":"Person","@id":"https:\/\/www.belgae.be\/fr\/#\/schema\/person\/646b40b88212bc5335f9c4fa787df047","name":"Cyril Gendarme","sameAs":["https:\/\/www.belgae.be"],"url":"https:\/\/www.belgae.be\/fr\/blog\/author\/cgen\/"}]}},"_links":{"self":[{"href":"https:\/\/www.belgae.be\/fr\/wp-json\/wp\/v2\/posts\/2856","targetHints":{"allow":["GET"]}}],"collection":[{"href":"https:\/\/www.belgae.be\/fr\/wp-json\/wp\/v2\/posts"}],"about":[{"href":"https:\/\/www.belgae.be\/fr\/wp-json\/wp\/v2\/types\/post"}],"author":[{"embeddable":true,"href":"https:\/\/www.belgae.be\/fr\/wp-json\/wp\/v2\/users\/1"}],"replies":[{"embeddable":true,"href":"https:\/\/www.belgae.be\/fr\/wp-json\/wp\/v2\/comments?post=2856"}],"version-history":[{"count":0,"href":"https:\/\/www.belgae.be\/fr\/wp-json\/wp\/v2\/posts\/2856\/revisions"}],"wp:featuredmedia":[{"embeddable":true,"href":"https:\/\/www.belgae.be\/fr\/wp-json\/"}],"wp:attachment":[{"href":"https:\/\/www.belgae.be\/fr\/wp-json\/wp\/v2\/media?parent=2856"}],"wp:term":[{"taxonomy":"category","embeddable":true,"href":"https:\/\/www.belgae.be\/fr\/wp-json\/wp\/v2\/categories?post=2856"},{"taxonomy":"post_tag","embeddable":true,"href":"https:\/\/www.belgae.be\/fr\/wp-json\/wp\/v2\/tags?post=2856"}],"curies":[{"name":"wp","href":"https:\/\/api.w.org\/{rel}","templated":true}]}}