{"id":2855,"date":"2023-08-02T13:11:03","date_gmt":"2023-08-02T13:11:03","guid":{"rendered":"https:\/\/www.belgae.be\/fr\/blog\/createurs-de-mode-la-belgique-un-vivier-de-talents\/"},"modified":"2023-08-02T13:11:03","modified_gmt":"2023-08-02T13:11:03","slug":"createurs-de-mode-la-belgique-un-vivier-de-talents","status":"publish","type":"post","link":"https:\/\/www.belgae.be\/fr\/blog\/createurs-de-mode-la-belgique-un-vivier-de-talents\/","title":{"rendered":"Cr\u00e9ateurs de Mode : La Belgique, un Vivier de Talents"},"content":{"rendered":"<p>Salut les amateurs de mode ! Vous \u00eates-vous d\u00e9j\u00e0 demand\u00e9 d&#8217;o\u00f9 proviennent certains des styles les plus avant-gardistes du monde ?<\/p>\n<p> Eh bien, attachez vos ceintures ! La Belgique ne se r\u00e9sume pas \u00e0 ses gaufres et sa bi\u00e8re. C&#8217;est un vivier de talents \u00e9mergents dans le domaine de la couture !<\/p>\n<p>Ce petit pays fait des remous importants dans les cercles internationaux du style. Plongeons dans ce vortex vibrant et d\u00e9couvrons ce qui fait vibrer les cr\u00e9ateurs belges !<\/p>\n<section class=\"contentTable_table\">\n<p class=\"contentTable_title\">Table des mati\u00e8res : <\/p>\n<p class=\"contentTable_elem\"><a href=\"#balise_0\">1. Dries Van Noten : Ma\u00eetre des Motifs et de l&#8217;\u00c9l\u00e9gance Excentrique<\/a><\/p>\n<p class=\"contentTable_elem\"><a href=\"#balise_1\">2. Raf Simons : Designer de mode avant-gardiste visionnaire<\/a><\/p>\n<p class=\"contentTable_elem\"><a href=\"#balise_2\">3. Olivier Theyskens : L&#8217;alliance de la romance et de l&#8217;audace<\/a><\/p>\n<p class=\"contentTable_elem\"><a href=\"#balise_3\">4. Ann Demeulemeester : La Reine du Minimalisme Sombre<\/a><\/p>\n<p class=\"contentTable_elem\"><a href=\"#balise_4\">5. Martin Margiela : Le Pionnier \u00c9nigmatique de la Mode D\u00e9constructiviste<\/a><\/p>\n<p class=\"contentTable_elem\"><a href=\"#balise_5\">6. A.F Vandevorst : La fusion parfaite entre le Punk et le Chic<\/a><\/p>\n<p class=\"contentTable_elem\"><a href=\"#balise_6\">7. V\u00e9ronique Branquinho : L&#8217;\u00e9quilibre entre la f\u00e9minit\u00e9 et la sobri\u00e9t\u00e9<\/a><\/p>\n<p class=\"contentTable_elem\"><a href=\"#balise_7\">8. Christian Wijnants : L&#8217;harmonie des couleurs et des textures<\/a><\/p>\n<p class=\"contentTable_elem\"><a href=\"#balise_8\">9. Dirk Van Saene : Originalit\u00e9 Flamboyante<\/a><\/p>\n<p class=\"contentTable_elem\"><a href=\"#balise_9\">10. Bruno Pieters : Mode \u00c9thique et Responsable<\/a><\/p>\n<p class=\"contentTable_elem\"><a href=\"#balise_10\">11. Cedric Charlier : Innovation En Mouvement<\/a><\/p>\n<p class=\"contentTable_elem\"><a href=\"#balise_11\">12. Jean-Paul Knott : L&#8217;\u00e9l\u00e9gance classique revisit\u00e9e<\/a><\/p>\n<p class=\"contentTable_elem\"><a href=\"#balise_12\">13. Anthony Vaccarello : Sensualit\u00e9 Moderne<\/a><\/p>\n<p class=\"contentTable_elem\"><a href=\"#balise_13\">14. Kris Van Assche : Red\u00e9finissant l&#8217;\u00c9l\u00e9gance Masculine<\/a><\/p>\n<p class=\"contentTable_elem\"><a href=\"#balise_14\">15. Marina Yee : Cr\u00e9ativit\u00e9 Exp\u00e9rimentale<\/a><\/p>\n<p class=\"contentTable_elem\"><a href=\"#balise_15\">16. Haider Ackermann : Sophistication Raffin\u00e9e<\/a><\/p>\n<p class=\"contentTable_elem\"><a href=\"#balise_16\">17. Peter Pilotto : Impressions graphiques et color\u00e9es<\/a><\/p>\n<p class=\"contentTable_elem\"><a href=\"#balise_17\">18. Diane von Furstenberg : La Marque Internationale des Femmes (Belgo-Am\u00e9ricaine)<\/a><\/p>\n<p class=\"contentTable_elem\"><a href=\"#balise_18\">19. Tim Van Steenbergen : La Fusion Du Luxe Et Du Contemporain<\/a><\/p>\n<p class=\"contentTable_elem\"><a href=\"#balise_19\">20. Kaat Tilley : La Po\u00e9sie Dans la Mode<\/a><\/p>\n<\/section>\n<p><img loading=\"lazy\" decoding=\"async\" class=\"lazyload articleImageSquare_CGEN\" height=\"400\" width=\"400\" src=\"https:\/\/www.belgae.be\/imageHolder\/\/wp-content\/uploads\/sites\/2\/2023\/07\/loading-spinner-belgae.gif\" data-src=\"https:\/\/www.belgae.be\/imageHolder\/\/wp-content\/uploads\/sites\/2\/2023\/08\/tmpq4ig_90f.jpg\" alt=\"tmpq4ig_90f\" \/><\/p>\n<h2 id=\"balise_0\">Dries Van Noten : Ma\u00eetre des Motifs et de l&#8217;\u00c9l\u00e9gance Excentrique<\/h2>\n<p>En ce qui concerne les cr\u00e9ateurs de mode belges, Dries Van Noten est un nom incontournable. R\u00e9put\u00e9 pour son utilisation magistrale des motifs et son \u00e9l\u00e9gance excentrique, Van Noten est devenu synonyme de designs uniques qui combinent sans effort les couleurs, imprim\u00e9s et textures. Ses collections sont une v\u00e9ritable c\u00e9l\u00e9bration de l&#8217;individualit\u00e9 et de l&#8217;expression personnelle.<\/p>\n<p>C&#8217;est dans le paysage riche et vari\u00e9 du design belge que se distingue la marque Dries Van Noten. La ma\u00eetrise exceptionnelle des motifs par ce designer ainsi que son sens aigu\u00eb d&#8217;une \u00e9l\u00e9gance sortant des sentiers battus font sa renomm\u00e9e mondiale.<\/p>\n<p>Associant avec brio couleurs vives, impressions diverses et textures audacieuses, chaque cr\u00e9ation porte la signature unique du talentueux styliste. Les collections propos\u00e9es sont plus qu&#8217;un simple d\u00e9fil\u00e9 vestimentaire &#8211; elles c\u00e9l\u00e8brent avec panache l&#8217;affirmation individuelle \u00e0 travers le choix stylistique.<\/p>\n<p>Dries Van Noten ne propose pas simplement une mode ; il offre une expression artistique singuli\u00e8re o\u00f9 chaque pi\u00e8ce repr\u00e9sente un hymne \u00e0 soi-m\u00eame.<\/p>\n<p><img loading=\"lazy\" decoding=\"async\" class=\"lazyload articleImageSquare_CGEN\" height=\"400\" width=\"400\" src=\"https:\/\/www.belgae.be\/imageHolder\/\/wp-content\/uploads\/sites\/2\/2023\/07\/loading-spinner-belgae.gif\" data-src=\"https:\/\/www.belgae.be\/imageHolder\/\/wp-content\/uploads\/sites\/2\/2023\/08\/tmphceasdgr.jpg\" alt=\"tmphceasdgr\" \/><\/p>\n<h2 id=\"balise_1\">Raf Simons : Designer de mode avant-gardiste visionnaire<\/h2>\n<p>Raf Simons est l&#8217;incarnation du design de mode avant-gardiste en Belgique. Gr\u00e2ce \u00e0 une approche innovante du style et un \u0153il pour repousser les limites, il bouscule constamment les codes en fusionnant l&#8217;art haut de gamme avec des influences de la culture urbaine.<\/p>\n<p>Les cr\u00e9ations de Simons d\u00e9fient les normes conventionnelles tout en conservant un sens du luxe portable. Il s&#8217;impose comme une figure incontournable dans le domaine, alliant audace et raffinement dans chaque pi\u00e8ce qu&#8217;il con\u00e7oit.<\/p>\n<p>Sa vision unique a r\u00e9volutionn\u00e9 l&#8217;univers fashion, faisant \u00e9cho aux tendances actuelles sans jamais se d\u00e9partir d&#8217;une originalit\u00e9 marqu\u00e9e. <\/p>\n<p>Ainsi, Raf Simons incarne parfaitement la transition entre tradition et modernit\u00e9 qui caract\u00e9rise le paysage stylistique contemporain.<\/p>\n<p>Chaque collection qu&#8217;il pr\u00e9sente est un v\u00e9ritable tourbillon d&#8217;id\u00e9es novatrices qui red\u00e9finissent ce que signifie \u00eatre \u00e0 la pointe de la mode aujourd&#8217;hui.<\/p>\n<p><img loading=\"lazy\" decoding=\"async\" class=\"lazyload articleImageSquare_CGEN\" height=\"400\" width=\"400\" src=\"https:\/\/www.belgae.be\/imageHolder\/\/wp-content\/uploads\/sites\/2\/2023\/07\/loading-spinner-belgae.gif\" data-src=\"https:\/\/www.belgae.be\/imageHolder\/\/wp-content\/uploads\/sites\/2\/2023\/08\/tmpfuihw_vm.jpg\" alt=\"tmpfuihw_vm\" \/><\/p>\n<h2 id=\"balise_2\">Olivier Theyskens : L&#8217;alliance de la romance et de l&#8217;audace<\/h2>\n<p>Olivier Theyskens fusionne romantisme et audace dans ses cr\u00e9ations comme aucun autre designer. Ses cr\u00e9ations \u00e9th\u00e9r\u00e9es mais audacieuses mettent en avant des d\u00e9tails complexes combin\u00e9s \u00e0 des \u00e9l\u00e9ments inattendus qui captivent les audiences du monde entier.<\/p>\n<p>Des robes de tapis rouge aux pi\u00e8ces pr\u00eat-\u00e0-porter, chaque v\u00eatement raconte sa propre histoire \u00e0 travers la fusion parfaite de la f\u00e9minit\u00e9 d\u00e9licate et de l&#8217;audace sans peur.<\/p>\n<p>Le travail d&#8217;Olivier Theyskens est une symphonie visuelle qui attire le regard. Chaque cr\u00e9ation est un chef-d&#8217;\u0153uvre unique, alliant avec brio tradition couturi\u00e8re et modernit\u00e9 affirm\u00e9e.<\/p>\n<p>En fin de compte, Olivier Theyskens ne cr\u00e9e pas simplement des v\u00eatements &#8211; il fa\u00e7onne des r\u00eaves sartoriaux pour ceux qui cherchent quelque chose au-del\u00e0 du commun. Son style distinctif a marqu\u00e9 l&#8217;univers de la mode, instaurant une nouvelle norme d&#8217;excellence artistique et conceptuelle.<\/p>\n<p><img loading=\"lazy\" decoding=\"async\" class=\"lazyload articleImageSquare_CGEN\" height=\"400\" width=\"400\" src=\"https:\/\/www.belgae.be\/imageHolder\/\/wp-content\/uploads\/sites\/2\/2023\/07\/loading-spinner-belgae.gif\" data-src=\"https:\/\/www.belgae.be\/imageHolder\/\/wp-content\/uploads\/sites\/2\/2023\/08\/tmphvu21hk4.jpg\" alt=\"tmphvu21hk\" \/><\/p>\n<h2 id=\"balise_3\">Ann Demeulemeester : La Reine du Minimalisme Sombre<\/h2>\n<p>Ann Demeulemeester r\u00e8gne en tant que reine du minimalisme sombre au sein des cercles de design de mode belge. Son esth\u00e9tique signature noir sur noir incarne une \u00e9l\u00e9gance discr\u00e8te infus\u00e9e d&#8217;une subtile r\u00e9bellion.<\/p>\n<p>Gr\u00e2ce \u00e0 son savoir-faire expert, elle parvient \u00e0 cr\u00e9er des v\u00eatements qui d\u00e9gagent une puissance malgr\u00e9 leur simplicit\u00e9. Cela la rend unique dans l&#8217;industrie.<\/p>\n<p>La cr\u00e9atrice belge Ann Demeulemeester est connue pour sa ma\u00eetrise du minimalisme sombre. Sa palette principalement noire \u00e9voque un m\u00e9lange d&#8217;\u00e9l\u00e9gance et de r\u00e9bellion subtile.<\/p>\n<p>Son expertise permet la cr\u00e9ation de pi\u00e8ces simples mais puissantes, ce qui fait d&#8217;elle une figure unique dans le monde du design de mode.<\/p>\n<p><img loading=\"lazy\" decoding=\"async\" class=\"lazyload articleImageSquare_CGEN\" height=\"400\" width=\"400\" src=\"https:\/\/www.belgae.be\/imageHolder\/\/wp-content\/uploads\/sites\/2\/2023\/07\/loading-spinner-belgae.gif\" data-src=\"https:\/\/www.belgae.be\/imageHolder\/\/wp-content\/uploads\/sites\/2\/2023\/08\/tmpo9rzvhzb.jpg\" alt=\"tmpo9rzvhzb\" \/><\/p>\n<h2 id=\"balise_4\">Martin Margiela : Le Pionnier \u00c9nigmatique de la Mode D\u00e9constructiviste<\/h2>\n<p>La personnalit\u00e9 \u00e9nigmatique de Martin Margiela refl\u00e8te son travail r\u00e9volutionnaire dans la mode d\u00e9constructive. Ses cr\u00e9ations remettent en question les notions traditionnelles de confection des v\u00eatements, pr\u00e9sentant souvent des silhouettes non conventionnelles et des coutures apparentes.<\/p>\n<p>L&#8217;approche avant-gardiste de Margiela a laiss\u00e9 une marque ind\u00e9l\u00e9bile sur le monde de la mode. Elle incite d&#8217;innombrables designers \u00e0 sortir des sentiers battus.<\/p>\n<p>Les designs audacieux et novateurs ont transform\u00e9 l&#8217;industrie, donnant naissance \u00e0 un nouveau langage stylistique. Le style unique du cr\u00e9ateur belge continue d&#8217;influencer fortement l&#8217;esth\u00e9tique contemporaine.<\/p>\n<p>Ainsi, Martin Margiela reste une source incontournable d\u2019inspiration pour les nouveaux talents \u00e9mergents dans le domaine du design vestimentaire.<\/p>\n<p><img loading=\"lazy\" decoding=\"async\" class=\"lazyload articleImageSquare_CGEN\" height=\"400\" width=\"400\" src=\"https:\/\/www.belgae.be\/imageHolder\/\/wp-content\/uploads\/sites\/2\/2023\/07\/loading-spinner-belgae.gif\" data-src=\"https:\/\/www.belgae.be\/imageHolder\/\/wp-content\/uploads\/sites\/2\/2023\/08\/tmpa9l02sw4.jpg\" alt=\"tmpa9l02sw\" \/><\/p>\n<h2 id=\"balise_5\">A.F Vandevorst : La fusion parfaite entre le Punk et le Chic<\/h2>\n<p>A.F Vandevorst fusionne sans effort l&#8217;esth\u00e9tique punk avec une sophistication chic dans ses collections. Reconnus pour leurs cr\u00e9ations audacieuses mais \u00e9l\u00e9gantes, ce duo de designers apporte un m\u00e9lange unique de r\u00e9bellion et de raffinement sur le podium. Leur capacit\u00e9 \u00e0 fusionner des \u00e9l\u00e9ments contrast\u00e9s en toute fluidit\u00e9 les distingue parmi d&#8217;autres designers belges.<\/p>\n<p>Le style inimitable d&#8217;A.F Vandevorst est captivant. L&#8217;audace se m\u00eale \u00e0 l&#8217;\u00e9l\u00e9gance dans chaque conception, faisant tourner toutes les t\u00eates lors des d\u00e9fil\u00e9s. Ce sont ces contrastes qui font la signature du duo.<\/p>\n<p>En fin de compte, ce qui fait vraiment ressortir A.F Vandevorst est leur approche unique du design. Ils osent d\u00e9fier les conventions tout en proposant des v\u00eatements hautement sophistiqu\u00e9s. C&#8217;est cette dichotomie qui cr\u00e9e un attrait ind\u00e9niable et continue d&#8217;\u00e9tablir A.F Vandevorst comme une force dominante dans le monde du design belge.<\/p>\n<p><img loading=\"lazy\" decoding=\"async\" class=\"lazyload articleImageSquare_CGEN\" height=\"400\" width=\"400\" src=\"https:\/\/www.belgae.be\/imageHolder\/\/wp-content\/uploads\/sites\/2\/2023\/07\/loading-spinner-belgae.gif\" data-src=\"https:\/\/www.belgae.be\/imageHolder\/\/wp-content\/uploads\/sites\/2\/2023\/08\/tmp0rck2sh9.jpg\" alt=\"tmp0rck2sh\" \/><\/p>\n<h2 id=\"balise_6\">V\u00e9ronique Branquinho : L&#8217;\u00e9quilibre entre la f\u00e9minit\u00e9 et la sobri\u00e9t\u00e9<\/h2>\n<p>V\u00e9ronique Branquinho trouve un \u00e9quilibre harmonieux entre f\u00e9minit\u00e9 et sobri\u00e9t\u00e9 dans ses cr\u00e9ations. Les lignes pures, la couture impeccable et les d\u00e9tails subtils caract\u00e9risent son travail.<\/p>\n<p>Elle cr\u00e9e des v\u00eatements qui d\u00e9gagent une confiance discr\u00e8te tout en c\u00e9l\u00e9brant la force f\u00e9minine. Ses pi\u00e8ces intemporelles sont appr\u00e9ci\u00e9es par les femmes qui valorisent l&#8217;\u00e9l\u00e9gance discr\u00e8te.<\/p>\n<p>La signature de V\u00e9ronique est clairement visible dans chaque conception. Elle apporte une sophistication sans effort \u00e0 l&#8217;univers de la mode, alliant style classique et modernit\u00e9.<\/p>\n<p>Ses collections, \u00e9l\u00e9gamment construites avec une attention m\u00e9ticuleuse aux d\u00e9tails, sont r\u00e9v\u00e9latrices d&#8217;une vision unique. Une vision o\u00f9 le minimalisme rencontre le raffinement pour cr\u00e9er quelque chose de vraiment sp\u00e9cial.<\/p>\n<p><img loading=\"lazy\" decoding=\"async\" class=\"lazyload articleImageSquare_CGEN\" height=\"400\" width=\"400\" src=\"https:\/\/www.belgae.be\/imageHolder\/\/wp-content\/uploads\/sites\/2\/2023\/07\/loading-spinner-belgae.gif\" data-src=\"https:\/\/www.belgae.be\/imageHolder\/\/wp-content\/uploads\/sites\/2\/2023\/08\/tmpuvcxh_yr.jpg\" alt=\"tmpuvcxh_yr\" \/><\/p>\n<h2 id=\"balise_7\">Christian Wijnants : L&#8217;harmonie des couleurs et des textures<\/h2>\n<p>Christian Wijnants est renomm\u00e9 pour son talent exceptionnel en mati\u00e8re de combinaison harmonieuse de couleurs et textures dans ses collections. Il utilise des imprim\u00e9s vibrants et des tissus tactiles.<\/p>\n<p>Chaque pi\u00e8ce qu&#8217;il cr\u00e9e raconte sa propre histoire vivante \u00e0 travers une palette soigneusement organis\u00e9e qui \u00e9voque l&#8217;\u00e9motion. Ces cr\u00e9ations stimulent les sens avec leur richesse visuelle.<\/p>\n<p>Les collections de Wijnants sont un v\u00e9ritable festin pour les yeux, offrant un m\u00e9lange unique d&#8217;esth\u00e9tique sophistiqu\u00e9e et d&#8217;audace artistique. Son travail est une c\u00e9l\u00e9bration constante du design innovant, toujours pr\u00eat \u00e0 surprendre avec quelque chose de nouveau.<\/p>\n<p>En conclusion, le style distinctif de Christian Wijnants marque l&#8217;univers mode par sa ma\u00eetrise remarquable des nuances color\u00e9es et la subtilit\u00e9 texturale. Ses \u0153uvres sont plus que simplement attrayantes &#8211; elles invitent au voyage sensoriel.<\/p>\n<p><img loading=\"lazy\" decoding=\"async\" class=\"lazyload articleImageSquare_CGEN\" height=\"400\" width=\"400\" src=\"https:\/\/www.belgae.be\/imageHolder\/\/wp-content\/uploads\/sites\/2\/2023\/07\/loading-spinner-belgae.gif\" data-src=\"https:\/\/www.belgae.be\/imageHolder\/\/wp-content\/uploads\/sites\/2\/2023\/08\/tmpv5my5o87.jpg\" alt=\"tmpv5my5o\" \/><\/p>\n<h2 id=\"balise_8\">Dirk Van Saene : Originalit\u00e9 Flamboyante<\/h2>\n<p>Dirk Van Saene incarne une originalit\u00e9 flamboyante comme aucun autre cr\u00e9ateur sur notre liste. Il exp\u00e9rimente sans crainte avec des formes, des mat\u00e9riaux et des motifs. Cela donne lieu \u00e0 des cr\u00e9ations fantaisistes qui mettent en valeur sa vision artistique sans compromettre la portabilit\u00e9 ou le confort.<\/p>\n<p>Pionnier dans son domaine, il n&#8217;h\u00e9site pas \u00e0 explorer les limites du design de mode. Ses \u0153uvres sont audacieuses et innovantes, alliant esth\u00e9tique unique et fonctionnalit\u00e9 pratique.<\/p>\n<p>Chaque pi\u00e8ce qu&#8217;il cr\u00e9e est un chef-d&#8217;\u0153uvre d&#8217;art vestimentaire. Elles refl\u00e8tent non seulement un sens aigu du style mais aussi une compr\u00e9hension profonde de l&#8217;esth\u00e9tisme contemporain.<\/p>\n<p>Sa ma\u00eetrise exceptionnelle lui permet de transformer les id\u00e9es abstraites en r\u00e9alit\u00e9s tangibles pleines d&#8217;\u00e9clat et de caract\u00e8re. Son travail illustre parfaitement comment la passion peut v\u00e9ritablement transformer le monde du design.<\/p>\n<p><img loading=\"lazy\" decoding=\"async\" class=\"lazyload articleImageSquare_CGEN\" height=\"400\" width=\"400\" src=\"https:\/\/www.belgae.be\/imageHolder\/\/wp-content\/uploads\/sites\/2\/2023\/07\/loading-spinner-belgae.gif\" data-src=\"https:\/\/www.belgae.be\/imageHolder\/\/wp-content\/uploads\/sites\/2\/2023\/08\/tmp7jb79ccl.jpg\" alt=\"tmp7jb79ccl\" \/><\/p>\n<h2 id=\"balise_9\">Bruno Pieters : Mode \u00c9thique et Responsable<\/h2>\n<p>Bruno Pieters transcende l&#8217;esth\u00e9tique en d\u00e9fendant des pratiques \u00e9thiques au sein de l&#8217;industrie de la mode gr\u00e2ce \u00e0 sa marque \u00e9ponyme. Engag\u00e9 envers la durabilit\u00e9 et le commerce \u00e9quitable, Pieters cr\u00e9e des collections aussi conscientes qu&#8217;\u00e9l\u00e9gantes.<\/p>\n<p>Ses cr\u00e9ations d\u00e9montrent que la mode peut \u00eatre \u00e0 la fois belle et responsable. Chaque pi\u00e8ce est un t\u00e9moignage du d\u00e9vouement de Pieters pour une industrie plus respectueuse. Il prouve que le style n&#8217;a pas besoin d&#8217;\u00eatre sacrifi\u00e9 pour les principes.<\/p>\n<p>La vision innovante de Bruno place son travail dans une cat\u00e9gorie \u00e0 part. Il est synonyme d&#8217;une nouvelle \u00e8re dans l&#8217;industrie, o\u00f9 qualit\u00e9 rime avec responsabilit\u00e9 sociale et environnementale.<\/p>\n<p>En fin de compte, Bruno Pieters red\u00e9finit ce que signifie \u00eatre un cr\u00e9ateur de mode au 21\u00e8me si\u00e8cle &#8211; prouvant qu&#8217;il est possible d&#8217;allier beaut\u00e9 ext\u00e9rieure et int\u00e9grit\u00e9 int\u00e9rieure sans compromis.<\/p>\n<p><img loading=\"lazy\" decoding=\"async\" class=\"lazyload articleImageSquare_CGEN\" height=\"400\" width=\"400\" src=\"https:\/\/www.belgae.be\/imageHolder\/\/wp-content\/uploads\/sites\/2\/2023\/07\/loading-spinner-belgae.gif\" data-src=\"https:\/\/www.belgae.be\/imageHolder\/\/wp-content\/uploads\/sites\/2\/2023\/08\/tmpxplmfqhs.jpg\" alt=\"tmpxplmfqhs\" \/><\/p>\n<h2 id=\"balise_10\">Cedric Charlier : Innovation En Mouvement<\/h2>\n<p>Cedric Charlier est reconnu pour son approche innovante du design, particuli\u00e8rement en termes de mouvement. Il m\u00e9lange sans effort la structure avec la fluidit\u00e9, cr\u00e9ant des v\u00eatements qui drapent avec gr\u00e2ce le corps tout en conservant une touche contemporaine.<\/p>\n<p>Avec chaque collection, il repousse les limites et d\u00e9fie les notions traditionnelles de construction de v\u00eatements. Son travail se distingue par son audace et sa vision avant-gardiste. <\/p>\n<p>Charlier ne cesse d&#8217;\u00e9tonner dans l&#8217;industrie de la mode avec ses designs uniques qui allient \u00e0 merveille esth\u00e9tique et fonctionnalit\u00e9. Sa compr\u00e9hension intuitive des formes lui permet d&#8217;innover constamment.<\/p>\n<p>Chaque pi\u00e8ce con\u00e7ue par Charlier t\u00e9moigne d&#8217;une ma\u00eetrise exceptionnelle du style moderne : \u00e9l\u00e9gance discr\u00e8te, sophistication subtile et originalit\u00e9 marqu\u00e9e sont au rendez-vous.<\/p>\n<p>En somme, Cedric Charlier r\u00e9volutionne le domaine du design vestimentaire gr\u00e2ce \u00e0 une cr\u00e9ativit\u00e9 sans borne et une technique impeccable.<\/p>\n<p><img loading=\"lazy\" decoding=\"async\" class=\"lazyload articleImageSquare_CGEN\" height=\"400\" width=\"400\" src=\"https:\/\/www.belgae.be\/imageHolder\/\/wp-content\/uploads\/sites\/2\/2023\/07\/loading-spinner-belgae.gif\" data-src=\"https:\/\/www.belgae.be\/imageHolder\/\/wp-content\/uploads\/sites\/2\/2023\/08\/tmp3a22ohsg.jpg\" alt=\"tmp3a22ohsg\" \/><\/p>\n<h2 id=\"balise_11\">Jean-Paul Knott : L&#8217;\u00e9l\u00e9gance classique revisit\u00e9e<\/h2>\n<p>Jean-Paul Knott red\u00e9finit l&#8217;\u00e9l\u00e9gance classique \u00e0 travers sa r\u00e9interpr\u00e9tation des silhouettes intemporelles. Reconnu pour son tailleur impeccable et son attention aux d\u00e9tails, il insuffle une nouvelle vie aux styles embl\u00e9matiques.<\/p>\n<p>Il le fait en ajoutant des twists inattendus ou en modernisant les \u00e9l\u00e9ments traditionnels. Cela donne lieu \u00e0 des cr\u00e9ations qui respirent la sophistication avec une perspective fra\u00eeche. Ces designs uniques captent l\u2019attention tout en restant fid\u00e8les au charme intemporel de la mode classique.<\/p>\n<p>Chaque pi\u00e8ce est con\u00e7ue avec soin, refl\u00e9tant ainsi le talent exceptionnel de Jean-Paul Knott pour transformer les tendances \u00e9ph\u00e9m\u00e8res en v\u00e9ritables \u0153uvres d&#8217;art durables.<\/p>\n<p>Ainsi, chaque cr\u00e9ation sign\u00e9e Jean-Paul Knott devient non seulement un v\u00eatement mais aussi une expression artistique authentique et saisissante du luxe contemporain.<\/p>\n<p>En somme, Jean-Paul Knott sublime le pass\u00e9 tout en embrassant r\u00e9solument l&#8217;avenir &#8211; offrant ainsi une exp\u00e9rience stylistique unique qui transcende les modes passag\u00e8res.<\/p>\n<p><img loading=\"lazy\" decoding=\"async\" class=\"lazyload articleImageSquare_CGEN\" height=\"400\" width=\"400\" src=\"https:\/\/www.belgae.be\/imageHolder\/\/wp-content\/uploads\/sites\/2\/2023\/07\/loading-spinner-belgae.gif\" data-src=\"https:\/\/www.belgae.be\/imageHolder\/\/wp-content\/uploads\/sites\/2\/2023\/08\/tmpovd50qx3.jpg\" alt=\"tmpovd50qx\" \/><\/p>\n<h2 id=\"balise_12\">Anthony Vaccarello : Sensualit\u00e9 Moderne<\/h2>\n<p>Anthony Vaccarello est devenu synonyme de sensualit\u00e9 moderne dans les cercles de la mode belge. Ses cr\u00e9ations se caract\u00e9risent souvent par des coupes audacieuses, une asym\u00e9trie et une exposition strat\u00e9gique. Elles capturent sans effort la force f\u00e9minine tout en adoptant un esth\u00e9tisme provocateur.<\/p>\n<p>Dans le monde du design contemporain, Anthony Vaccarello a su s&#8217;affirmer comme l&#8217;incarnation m\u00eame d&#8217;une sensualit\u00e9 nouvelle g\u00e9n\u00e9ration au sein du paysage stylistique belge. Ses oeuvres sont marqu\u00e9es par un jeu audacieux sur les formes, flirtant avec l&#8217;asym\u00e9trie et mettant en avant des d\u00e9voilements calcul\u00e9s.<\/p>\n<p>Toujours \u00e0 la pointe des tendances actuelles, Anthony Vaccarello incarne parfaitement cette vision moderniste de la mode en Belgique o\u00f9 sensualit\u00e9 rime avec avant-gardisme. Il n&#8217;h\u00e9site pas \u00e0 utiliser pour ses designs des coupes risqu\u00e9es ainsi que l&#8217;asym\u00e9trie pour mettre en valeur le corps f\u00e9minin.<\/p>\n<p>Sa mani\u00e8re unique d&#8217;introduire une touche provocatrice dans son travail fait \u00e9cho \u00e0 sa volont\u00e9 constante d&#8217;exalter non seulement la beaut\u00e9 mais aussi le pouvoir inh\u00e9rrents \u00e0 toute femme.<\/p>\n<p><img loading=\"lazy\" decoding=\"async\" class=\"lazyload articleImageSquare_CGEN\" height=\"400\" width=\"400\" src=\"https:\/\/www.belgae.be\/imageHolder\/\/wp-content\/uploads\/sites\/2\/2023\/07\/loading-spinner-belgae.gif\" data-src=\"https:\/\/www.belgae.be\/imageHolder\/\/wp-content\/uploads\/sites\/2\/2023\/08\/tmpsarzfnic.jpg\" alt=\"tmpsarzfnic\" \/><\/p>\n<h2 id=\"balise_13\">Kris Van Assche : Red\u00e9finissant l&#8217;\u00c9l\u00e9gance Masculine<\/h2>\n<p>Kris Van Assche r\u00e9invente l&#8217;\u00e9l\u00e9gance masculine gr\u00e2ce \u00e0 son artisanat minutieux et son sens aigu du d\u00e9tail. La fusion des codes classiques de la mode masculine avec les influences contemporaines donne naissance \u00e0 des collections qui red\u00e9finissent la sophistication sur mesure sans sacrifier le confort ou la masculinit\u00e9.<\/p>\n<p>L&#8217;int\u00e9r\u00eat de Kris pour le d\u00e9tail est ce qui rend chaque pi\u00e8ce unique. Son approche innovante d\u00e9fie constamment les normes \u00e9tablies, introduisant une nouvelle dimension dans l&#8217;art de s&#8217;habiller pour hommes.<\/p>\n<p>La philosophie derri\u00e8re ses cr\u00e9ations repose sur un m\u00e9lange harmonieux entre tradition et modernit\u00e9. Les influences actuelles sont savamment tiss\u00e9es dans chaque cr\u00e9ation, tout en respectant les codes intemporels du style masculin.<\/p>\n<p>Le r\u00e9sultat final est une collection qui allie parfaitement sophistication et fonctionnalit\u00e9 &#8211; offrant aux hommes d&#8217;aujourd&#8217;hui un choix vestimentaire raffin\u00e9 mais facilement portable au quotidien. Aucun compromis n&#8217;est fait sur le confort, garantissant que chaque pi\u00e8ce est aussi agr\u00e9able \u00e0 porter qu&#8217;elle ne l&#8217;est \u00e0 regarder.<\/p>\n<p><img loading=\"lazy\" decoding=\"async\" class=\"lazyload articleImageSquare_CGEN\" height=\"400\" width=\"400\" src=\"https:\/\/www.belgae.be\/imageHolder\/\/wp-content\/uploads\/sites\/2\/2023\/07\/loading-spinner-belgae.gif\" data-src=\"https:\/\/www.belgae.be\/imageHolder\/\/wp-content\/uploads\/sites\/2\/2023\/08\/tmp5ubp33n_.jpg\" alt=\"tmp5ubp33n_\" \/><\/p>\n<h2 id=\"balise_14\">Marina Yee : Cr\u00e9ativit\u00e9 Exp\u00e9rimentale<\/h2>\n<p>Marina Yee est acclam\u00e9e pour son approche exp\u00e9rimentale de la cr\u00e9ativit\u00e9 dans le domaine du design de mode. Ses pi\u00e8ces d&#8217;avant-garde remettent en question les normes conventionnelles en explorant des mat\u00e9riaux, des formes et des textures non conventionnels &#8211; transformant les v\u00eatements en \u0153uvres d&#8217;art portables qui provoquent la r\u00e9flexion et inspirent l&#8217;expression individuelle.<\/p>\n<p>Reconnue pour sa capacit\u00e9 \u00e0 repousser les limites, elle utilise une palette vari\u00e9e pour ses conceptions. Chaque cr\u00e9ation refl\u00e8te un m\u00e9lange unique de passion, innovation et audace artistique.<\/p>\n<p>Les pi\u00e8ces sign\u00e9es Marina Yee sont plus que de simples v\u00eatements. Elles repr\u00e9sentent une vision novatrice qui rompt avec l\u2019ordinaire. Leur singularit\u00e9 se trouve dans leur capacit\u00e9 \u00e0 susciter \u00e9motion et admiration chez ceux qui ont le privil\u00e8ge de les porter ou simplement admirer.<\/p>\n<p>La mode n&#8217;est pas seulement une affaire d&#8217;apparence mais aussi un moyen puissant d\u2019exprimer sa personnalit\u00e9. Avec Marina Yee au volant, chaque morceau devient un manifeste personnel permettant aux individus de mettre en avant leur individualisme distinctif.<\/p>\n<p><img loading=\"lazy\" decoding=\"async\" class=\"lazyload articleImageSquare_CGEN\" height=\"400\" width=\"400\" src=\"https:\/\/www.belgae.be\/imageHolder\/\/wp-content\/uploads\/sites\/2\/2023\/07\/loading-spinner-belgae.gif\" data-src=\"https:\/\/www.belgae.be\/imageHolder\/\/wp-content\/uploads\/sites\/2\/2023\/08\/tmpva6oz1b6.jpg\" alt=\"tmpva6oz1b\" \/><\/p>\n<h2 id=\"balise_15\">Haider Ackermann : Sophistication Raffin\u00e9e<\/h2>\n<p>Haider Ackermann est c\u00e9l\u00e8bre pour sa sophistication raffin\u00e9e et son impeccable artisanat. Ses cr\u00e9ations d\u00e9voilent un \u00e9quilibre parfait entre fluidit\u00e9 et structure, g\u00e9n\u00e9rant des v\u00eatements qui rehaussent sans effort la silhouette de celui qui les porte, tout en exsudant une \u00e9l\u00e9gance intemporelle.<\/p>\n<p>Connue \u00e0 travers le monde entier, la marque Haider Ackermann se distingue par ses designs sophistiqu\u00e9s. Le talent exceptionnel de cet artisan permet aux v\u00eatements d&#8217;augmenter naturellement l&#8217;allure de ceux qui les portent.<\/p>\n<p>En combinant fluidit\u00e9 et structure dans chaque cr\u00e9ation, il donne vie \u00e0 des pi\u00e8ces vestimentaires empreintes d&#8217;une gr\u00e2ce intemporelle. Le sens du d\u00e9tail qu&#8217;il apporte dans son travail refl\u00e8te une v\u00e9ritable passion pour l&#8217;excellence.<\/p>\n<p>Chaque design sign\u00e9 Haider Ackermann t\u00e9moigne d&#8217;un savoir-faire incontestable dans l&#8217;art de sublimer la silhouette humaine. Les formes sont valoris\u00e9es avec finesse et discr\u00e9tion pour offrir un rendu visuellement attrayant.<\/p>\n<p>Refl\u00e9tant une vision unique du style contemporain, ces cr\u00e9ations incarnent parfaitement ce que devrait \u00eatre le summum du luxe moderne : \u00e9l\u00e9gance simple mais captivante.<\/p>\n<p><img loading=\"lazy\" decoding=\"async\" class=\"lazyload articleImageSquare_CGEN\" height=\"400\" width=\"400\" src=\"https:\/\/www.belgae.be\/imageHolder\/\/wp-content\/uploads\/sites\/2\/2023\/07\/loading-spinner-belgae.gif\" data-src=\"https:\/\/www.belgae.be\/imageHolder\/\/wp-content\/uploads\/sites\/2\/2023\/08\/tmpvop4viam.jpg\" alt=\"tmpvop4viam\" \/><\/p>\n<h2 id=\"balise_16\">Peter Pilotto : Impressions graphiques et color\u00e9es<\/h2>\n<p>Peter Pilotto est synonyme d&#8217;imprim\u00e9s graphiques et color\u00e9s qui embrassent audace et vivacit\u00e9. Reconnus pour leurs motifs uniques, formes dynamiques et d\u00e9tails minutieux, chacune de leurs cr\u00e9ations refl\u00e8te une c\u00e9l\u00e9bration de l&#8217;individualit\u00e9 \u00e0 travers des visuels saisissants.<\/p>\n<p>Leur marque se distingue par son originalit\u00e9 sans faille. Chaque pi\u00e8ce produite est un hommage \u00e0 la diversit\u00e9, mettant en avant des designs audacieux qui ne passent pas inaper\u00e7us. <\/p>\n<p>L&#8217;esprit innovant de Peter Pilotto a su conqu\u00e9rir le monde du pr\u00eat-\u00e0-porter avec ses collections toujours plus surprenantes. Leurs v\u00eatements sont une v\u00e9ritable explosion de couleurs et d&#8217;\u00e9nergie.<\/p>\n<p>En d\u00e9finitive, choisir Peter Pilotto c&#8217;est opter pour une mode expressive o\u00f9 chaque tenue devient source d&#8217;inspiration. C&#8217;est s&#8217;affranchir des conventions pour laisser libre cours \u00e0 sa propre identit\u00e9 stylistique.<\/p>\n<p><img loading=\"lazy\" decoding=\"async\" class=\"lazyload articleImageSquare_CGEN\" height=\"400\" width=\"400\" src=\"https:\/\/www.belgae.be\/imageHolder\/\/wp-content\/uploads\/sites\/2\/2023\/07\/loading-spinner-belgae.gif\" data-src=\"https:\/\/www.belgae.be\/imageHolder\/\/wp-content\/uploads\/sites\/2\/2023\/08\/tmp2lt83clv.jpg\" alt=\"tmp2lt83clv\" \/><\/p>\n<h2 id=\"balise_17\">Diane von Furstenberg : La Marque Internationale des Femmes (Belgo-Am\u00e9ricaine)<\/h2>\n<p>Diane von Furstenberg, bien qu&#8217;elle soit n\u00e9e en Belgique, a transform\u00e9 sa marque \u00e9ponyme en un symbole international de l&#8217;autonomisation des femmes. Reconnue pour ses robes portefeuille embl\u00e9matiques et ses imprim\u00e9s vibrants, elle a r\u00e9volutionn\u00e9 l&#8217;industrie de la mode.<\/p>\n<p>Elle pr\u00f4ne l&#8217;auto-expression par le v\u00eatement &#8211; faisant sentir chaque femme confiante dans sa propre peau. Son impact sur le monde de la mode est ind\u00e9niable. Diane von Furstenberg reste une figure inspirante pour toutes les femmes \u00e0 travers le globe.<\/p>\n<p>Son style unique et audacieux continue d&#8217;influencer les tendances actuelles. Les cr\u00e9ations de Diane sont synonymes d&#8217;\u00e9l\u00e9gance et d&#8217;autonomie f\u00e9minine. Elles permettent \u00e0 chaque femme d&#8217;affirmer son identit\u00e9 avec assurance.<\/p>\n<p>La philosophie derri\u00e8re la marque Diane von Furstenberg est claire : donner aux femmes les moyens de se sentir belles et fortes, peu importe leur parcours ou leurs d\u00e9fis personnels.<\/p>\n<p><img loading=\"lazy\" decoding=\"async\" class=\"lazyload articleImageSquare_CGEN\" height=\"400\" width=\"400\" src=\"https:\/\/www.belgae.be\/imageHolder\/\/wp-content\/uploads\/sites\/2\/2023\/07\/loading-spinner-belgae.gif\" data-src=\"https:\/\/www.belgae.be\/imageHolder\/\/wp-content\/uploads\/sites\/2\/2023\/08\/tmpyl7xioj0.jpg\" alt=\"tmpyl7xioj\" \/><\/p>\n<h2 id=\"balise_18\">Tim Van Steenbergen : La Fusion Du Luxe Et Du Contemporain<\/h2>\n<p>Tim Van Steenbergen fusionne sans effort le luxe avec des \u00e9l\u00e9ments de design contemporain pour cr\u00e9er des pi\u00e8ces \u00e0 la fois opulentes et accessibles. Avec une attention m\u00e9ticuleuse aux d\u00e9tails combin\u00e9e \u00e0 des techniques innovantes, il r\u00e9alise des collections qui brouillent la ligne entre l&#8217;art et la portabilit\u00e9.<\/p>\n<p>Les cr\u00e9ations de Tim Van Steenbergen sont le fruit d&#8217;une parfaite harmonie entre l&#8217;opulence du luxe et les tendances actuelles du design. Sa minutie dans les d\u00e9tails, associ\u00e9e \u00e0 son utilisation de techniques avant-gardistes, lui permettent d&#8217;offrir au public des collections uniques.<\/p>\n<p>Le travail acharn\u00e9 de Tim Van Steenbergen donne naissance \u00e0 une mode accessible tout en \u00e9tant luxueuse. Son sens du d\u00e9tail met en valeur chaque cr\u00e9ation gr\u00e2ce \u00e0 sa ma\u00eetrise technique novatrice.<\/p>\n<p>En somme, Tim Van Steenberger est un artisan dont chaque collection d\u00e9fie les limites conventionnelles de l&#8217;art vestimentaire.<\/p>\n<p><img loading=\"lazy\" decoding=\"async\" class=\"lazyload articleImageSquare_CGEN\" height=\"400\" width=\"400\" src=\"https:\/\/www.belgae.be\/imageHolder\/\/wp-content\/uploads\/sites\/2\/2023\/07\/loading-spinner-belgae.gif\" data-src=\"https:\/\/www.belgae.be\/imageHolder\/\/wp-content\/uploads\/sites\/2\/2023\/08\/tmprmwmht3o.jpg\" alt=\"tmprmwmht3o\" \/><\/p>\n<h2 id=\"balise_19\">Kaat Tilley : La Po\u00e9sie Dans la Mode<\/h2>\n<p>Kaat Tilley \u00e9tait plus qu&#8217;une cr\u00e9atrice de mode dou\u00e9e. Elle \u00e9tait une artiste qui transformait les tissus en chefs-d&#8217;\u0153uvre po\u00e9tiques. Ses cr\u00e9ations \u00e9th\u00e9r\u00e9es se caract\u00e9risaient par un drap\u00e9 d\u00e9licat, des motifs floraux et des silhouettes romantiques, provoquant des \u00e9motions comparables \u00e0 la lecture de vers d&#8217;un beau po\u00e8me.<\/p>\n<p>En conclusion,<\/p>\n<p>Ces designers belges ont marqu\u00e9 ind\u00e9l\u00e9bilement la sc\u00e8ne mondiale avec leurs styles distinctifs allant du avant-garde d\u00e9constructif au minimalisme sombre ou \u00e0 l&#8217;originalit\u00e9 flamboyante. Chacun apporte quelque chose d&#8217;unique &#8211; que ce soit une fusion de punk et chic, l&#8217;\u00e9quilibre entre f\u00e9minit\u00e9 et sobri\u00e9t\u00e9 ou un engagement ind\u00e9fectible pour la mode \u00e9thique. Ces designers continuent d&#8217;inspirer et de fa\u00e7onner l&#8217;avenir de la mode avec leurs id\u00e9es innovantes, leur savoir-faire impeccable et leur cr\u00e9ativit\u00e9 sans limites. La mode belge est sans aucun doute une force avec laquelle il faut compter dans le secteur.<\/p>\n","protected":false},"excerpt":{"rendered":"<p>Salut les amateurs de mode ! Vous \u00eates-vous d\u00e9j\u00e0 demand\u00e9 d&#8217;o\u00f9 proviennent certains des styles les plus avant-gardistes du monde ? Eh bien, attachez vos ceintures !<\/p>\n","protected":false},"author":1,"featured_media":4296,"comment_status":"open","ping_status":"","sticky":false,"template":"","format":"standard","meta":{"_acf_changed":false,"_et_pb_use_builder":"","_et_pb_old_content":"","_et_gb_content_width":"","footnotes":""},"categories":[39],"tags":[],"class_list":["post-2855","post","type-post","status-publish","format-standard","has-post-thumbnail","hentry","category-belgium"],"acf":[],"yoast_head":"<!-- This site is optimized with the Yoast SEO plugin v27.5 - https:\/\/yoast.com\/product\/yoast-seo-wordpress\/ -->\n<title>Cr\u00e9ateurs de Mode : La Belgique, un Vivier de Talents | Belgae<\/title>\n<meta name=\"robots\" content=\"index, follow, max-snippet:-1, max-image-preview:large, max-video-preview:-1\" \/>\n<link rel=\"canonical\" href=\"https:\/\/www.belgae.be\/fr\/blog\/createurs-de-mode-la-belgique-un-vivier-de-talents\/\" \/>\n<meta property=\"og:locale\" content=\"fr_FR\" \/>\n<meta property=\"og:type\" content=\"article\" \/>\n<meta property=\"og:title\" content=\"Cr\u00e9ateurs de Mode : La Belgique, un Vivier de Talents | Belgae\" \/>\n<meta property=\"og:description\" content=\"Salut les amateurs de mode ! Vous \u00eates-vous d\u00e9j\u00e0 demand\u00e9 d&#039;o\u00f9 proviennent certains des styles les plus avant-gardistes du monde ? Eh bien, attachez vos ceintures !\" \/>\n<meta property=\"og:url\" content=\"https:\/\/www.belgae.be\/fr\/blog\/createurs-de-mode-la-belgique-un-vivier-de-talents\/\" \/>\n<meta property=\"og:site_name\" content=\"Belgae\" \/>\n<meta property=\"article:published_time\" content=\"2023-08-02T13:11:03+00:00\" \/>\n<meta property=\"og:image\" content=\"https:\/\/www.belgae.be\/imageHolder\/\/wp-content\/uploads\/sites\/2\/2023\/07\/loading-spinner-belgae.gif\" \/>\n<meta name=\"author\" content=\"Cyril Gendarme\" \/>\n<meta name=\"twitter:card\" content=\"summary_large_image\" \/>\n<meta name=\"twitter:label1\" content=\"\u00c9crit par\" \/>\n\t<meta name=\"twitter:data1\" content=\"Cyril Gendarme\" \/>\n\t<meta name=\"twitter:label2\" content=\"Dur\u00e9e de lecture estim\u00e9e\" \/>\n\t<meta name=\"twitter:data2\" content=\"17 minutes\" \/>\n<script type=\"application\/ld+json\" class=\"yoast-schema-graph\">{\"@context\":\"https:\\\/\\\/schema.org\",\"@graph\":[{\"@type\":\"Article\",\"@id\":\"https:\\\/\\\/www.belgae.be\\\/fr\\\/blog\\\/createurs-de-mode-la-belgique-un-vivier-de-talents\\\/#article\",\"isPartOf\":{\"@id\":\"https:\\\/\\\/www.belgae.be\\\/fr\\\/blog\\\/createurs-de-mode-la-belgique-un-vivier-de-talents\\\/\"},\"author\":{\"name\":\"Cyril Gendarme\",\"@id\":\"https:\\\/\\\/www.belgae.be\\\/fr\\\/#\\\/schema\\\/person\\\/646b40b88212bc5335f9c4fa787df047\"},\"headline\":\"Cr\u00e9ateurs de Mode : La Belgique, un Vivier de Talents\",\"datePublished\":\"2023-08-02T13:11:03+00:00\",\"mainEntityOfPage\":{\"@id\":\"https:\\\/\\\/www.belgae.be\\\/fr\\\/blog\\\/createurs-de-mode-la-belgique-un-vivier-de-talents\\\/\"},\"wordCount\":3501,\"commentCount\":0,\"publisher\":{\"@id\":\"https:\\\/\\\/www.belgae.be\\\/fr\\\/#organization\"},\"image\":{\"@id\":\"https:\\\/\\\/www.belgae.be\\\/fr\\\/blog\\\/createurs-de-mode-la-belgique-un-vivier-de-talents\\\/#primaryimage\"},\"thumbnailUrl\":\"https:\\\/\\\/www.belgae.be\\\/fr\\\/wp-content\\\/uploads\\\/sites\\\/2\\\/2023\\\/08\\\/cyril_ge_a_paint_palette_Franco-Belgian_comic_style_black_and_w_398eb956-38c1-402d-83e4-e5553a67f966.jpg\",\"articleSection\":[\"Belgium\"],\"inLanguage\":\"fr-FR\",\"potentialAction\":[{\"@type\":\"CommentAction\",\"name\":\"Comment\",\"target\":[\"https:\\\/\\\/www.belgae.be\\\/fr\\\/blog\\\/createurs-de-mode-la-belgique-un-vivier-de-talents\\\/#respond\"]}]},{\"@type\":\"WebPage\",\"@id\":\"https:\\\/\\\/www.belgae.be\\\/fr\\\/blog\\\/createurs-de-mode-la-belgique-un-vivier-de-talents\\\/\",\"url\":\"https:\\\/\\\/www.belgae.be\\\/fr\\\/blog\\\/createurs-de-mode-la-belgique-un-vivier-de-talents\\\/\",\"name\":\"Cr\u00e9ateurs de Mode : La Belgique, un Vivier de Talents | Belgae\",\"isPartOf\":{\"@id\":\"https:\\\/\\\/www.belgae.be\\\/fr\\\/#website\"},\"primaryImageOfPage\":{\"@id\":\"https:\\\/\\\/www.belgae.be\\\/fr\\\/blog\\\/createurs-de-mode-la-belgique-un-vivier-de-talents\\\/#primaryimage\"},\"image\":{\"@id\":\"https:\\\/\\\/www.belgae.be\\\/fr\\\/blog\\\/createurs-de-mode-la-belgique-un-vivier-de-talents\\\/#primaryimage\"},\"thumbnailUrl\":\"https:\\\/\\\/www.belgae.be\\\/fr\\\/wp-content\\\/uploads\\\/sites\\\/2\\\/2023\\\/08\\\/cyril_ge_a_paint_palette_Franco-Belgian_comic_style_black_and_w_398eb956-38c1-402d-83e4-e5553a67f966.jpg\",\"datePublished\":\"2023-08-02T13:11:03+00:00\",\"breadcrumb\":{\"@id\":\"https:\\\/\\\/www.belgae.be\\\/fr\\\/blog\\\/createurs-de-mode-la-belgique-un-vivier-de-talents\\\/#breadcrumb\"},\"inLanguage\":\"fr-FR\",\"potentialAction\":[{\"@type\":\"ReadAction\",\"target\":[\"https:\\\/\\\/www.belgae.be\\\/fr\\\/blog\\\/createurs-de-mode-la-belgique-un-vivier-de-talents\\\/\"]}]},{\"@type\":\"ImageObject\",\"inLanguage\":\"fr-FR\",\"@id\":\"https:\\\/\\\/www.belgae.be\\\/fr\\\/blog\\\/createurs-de-mode-la-belgique-un-vivier-de-talents\\\/#primaryimage\",\"url\":\"https:\\\/\\\/www.belgae.be\\\/fr\\\/wp-content\\\/uploads\\\/sites\\\/2\\\/2023\\\/08\\\/cyril_ge_a_paint_palette_Franco-Belgian_comic_style_black_and_w_398eb956-38c1-402d-83e4-e5553a67f966.jpg\",\"contentUrl\":\"https:\\\/\\\/www.belgae.be\\\/fr\\\/wp-content\\\/uploads\\\/sites\\\/2\\\/2023\\\/08\\\/cyril_ge_a_paint_palette_Franco-Belgian_comic_style_black_and_w_398eb956-38c1-402d-83e4-e5553a67f966.jpg\"},{\"@type\":\"BreadcrumbList\",\"@id\":\"https:\\\/\\\/www.belgae.be\\\/fr\\\/blog\\\/createurs-de-mode-la-belgique-un-vivier-de-talents\\\/#breadcrumb\",\"itemListElement\":[{\"@type\":\"ListItem\",\"position\":1,\"name\":\"Accueil\",\"item\":\"https:\\\/\\\/www.belgae.be\\\/fr\\\/\"},{\"@type\":\"ListItem\",\"position\":2,\"name\":\"Cr\u00e9ateurs de Mode : La Belgique, un Vivier de Talents\"}]},{\"@type\":\"WebSite\",\"@id\":\"https:\\\/\\\/www.belgae.be\\\/fr\\\/#website\",\"url\":\"https:\\\/\\\/www.belgae.be\\\/fr\\\/\",\"name\":\"Belgae\",\"description\":\"Art &amp; Mode Belge\",\"publisher\":{\"@id\":\"https:\\\/\\\/www.belgae.be\\\/fr\\\/#organization\"},\"potentialAction\":[{\"@type\":\"SearchAction\",\"target\":{\"@type\":\"EntryPoint\",\"urlTemplate\":\"https:\\\/\\\/www.belgae.be\\\/fr\\\/?s={search_term_string}\"},\"query-input\":{\"@type\":\"PropertyValueSpecification\",\"valueRequired\":true,\"valueName\":\"search_term_string\"}}],\"inLanguage\":\"fr-FR\"},{\"@type\":\"Organization\",\"@id\":\"https:\\\/\\\/www.belgae.be\\\/fr\\\/#organization\",\"name\":\"Belgae\",\"url\":\"https:\\\/\\\/www.belgae.be\\\/fr\\\/\",\"logo\":{\"@type\":\"ImageObject\",\"inLanguage\":\"fr-FR\",\"@id\":\"https:\\\/\\\/www.belgae.be\\\/fr\\\/#\\\/schema\\\/logo\\\/image\\\/\",\"url\":\"https:\\\/\\\/www.belgae.be\\\/fr\\\/wp-content\\\/uploads\\\/sites\\\/2\\\/2023\\\/07\\\/Sans-titre1-Copie.png\",\"contentUrl\":\"https:\\\/\\\/www.belgae.be\\\/fr\\\/wp-content\\\/uploads\\\/sites\\\/2\\\/2023\\\/07\\\/Sans-titre1-Copie.png\",\"width\":88,\"height\":88,\"caption\":\"Belgae\"},\"image\":{\"@id\":\"https:\\\/\\\/www.belgae.be\\\/fr\\\/#\\\/schema\\\/logo\\\/image\\\/\"}},{\"@type\":\"Person\",\"@id\":\"https:\\\/\\\/www.belgae.be\\\/fr\\\/#\\\/schema\\\/person\\\/646b40b88212bc5335f9c4fa787df047\",\"name\":\"Cyril Gendarme\",\"sameAs\":[\"https:\\\/\\\/www.belgae.be\"],\"url\":\"https:\\\/\\\/www.belgae.be\\\/fr\\\/blog\\\/author\\\/cgen\\\/\"}]}<\/script>\n<!-- \/ Yoast SEO plugin. -->","yoast_head_json":{"title":"Cr\u00e9ateurs de Mode : La Belgique, un Vivier de Talents | Belgae","robots":{"index":"index","follow":"follow","max-snippet":"max-snippet:-1","max-image-preview":"max-image-preview:large","max-video-preview":"max-video-preview:-1"},"canonical":"https:\/\/www.belgae.be\/fr\/blog\/createurs-de-mode-la-belgique-un-vivier-de-talents\/","og_locale":"fr_FR","og_type":"article","og_title":"Cr\u00e9ateurs de Mode : La Belgique, un Vivier de Talents | Belgae","og_description":"Salut les amateurs de mode ! Vous \u00eates-vous d\u00e9j\u00e0 demand\u00e9 d'o\u00f9 proviennent certains des styles les plus avant-gardistes du monde ? Eh bien, attachez vos ceintures !","og_url":"https:\/\/www.belgae.be\/fr\/blog\/createurs-de-mode-la-belgique-un-vivier-de-talents\/","og_site_name":"Belgae","article_published_time":"2023-08-02T13:11:03+00:00","og_image":[{"url":"https:\/\/www.belgae.be\/imageHolder\/\/wp-content\/uploads\/sites\/2\/2023\/07\/loading-spinner-belgae.gif","type":"","width":"","height":""}],"author":"Cyril Gendarme","twitter_card":"summary_large_image","twitter_misc":{"\u00c9crit par":"Cyril Gendarme","Dur\u00e9e de lecture estim\u00e9e":"17 minutes"},"schema":{"@context":"https:\/\/schema.org","@graph":[{"@type":"Article","@id":"https:\/\/www.belgae.be\/fr\/blog\/createurs-de-mode-la-belgique-un-vivier-de-talents\/#article","isPartOf":{"@id":"https:\/\/www.belgae.be\/fr\/blog\/createurs-de-mode-la-belgique-un-vivier-de-talents\/"},"author":{"name":"Cyril Gendarme","@id":"https:\/\/www.belgae.be\/fr\/#\/schema\/person\/646b40b88212bc5335f9c4fa787df047"},"headline":"Cr\u00e9ateurs de Mode : La Belgique, un Vivier de Talents","datePublished":"2023-08-02T13:11:03+00:00","mainEntityOfPage":{"@id":"https:\/\/www.belgae.be\/fr\/blog\/createurs-de-mode-la-belgique-un-vivier-de-talents\/"},"wordCount":3501,"commentCount":0,"publisher":{"@id":"https:\/\/www.belgae.be\/fr\/#organization"},"image":{"@id":"https:\/\/www.belgae.be\/fr\/blog\/createurs-de-mode-la-belgique-un-vivier-de-talents\/#primaryimage"},"thumbnailUrl":"https:\/\/www.belgae.be\/fr\/wp-content\/uploads\/sites\/2\/2023\/08\/cyril_ge_a_paint_palette_Franco-Belgian_comic_style_black_and_w_398eb956-38c1-402d-83e4-e5553a67f966.jpg","articleSection":["Belgium"],"inLanguage":"fr-FR","potentialAction":[{"@type":"CommentAction","name":"Comment","target":["https:\/\/www.belgae.be\/fr\/blog\/createurs-de-mode-la-belgique-un-vivier-de-talents\/#respond"]}]},{"@type":"WebPage","@id":"https:\/\/www.belgae.be\/fr\/blog\/createurs-de-mode-la-belgique-un-vivier-de-talents\/","url":"https:\/\/www.belgae.be\/fr\/blog\/createurs-de-mode-la-belgique-un-vivier-de-talents\/","name":"Cr\u00e9ateurs de Mode : La Belgique, un Vivier de Talents | Belgae","isPartOf":{"@id":"https:\/\/www.belgae.be\/fr\/#website"},"primaryImageOfPage":{"@id":"https:\/\/www.belgae.be\/fr\/blog\/createurs-de-mode-la-belgique-un-vivier-de-talents\/#primaryimage"},"image":{"@id":"https:\/\/www.belgae.be\/fr\/blog\/createurs-de-mode-la-belgique-un-vivier-de-talents\/#primaryimage"},"thumbnailUrl":"https:\/\/www.belgae.be\/fr\/wp-content\/uploads\/sites\/2\/2023\/08\/cyril_ge_a_paint_palette_Franco-Belgian_comic_style_black_and_w_398eb956-38c1-402d-83e4-e5553a67f966.jpg","datePublished":"2023-08-02T13:11:03+00:00","breadcrumb":{"@id":"https:\/\/www.belgae.be\/fr\/blog\/createurs-de-mode-la-belgique-un-vivier-de-talents\/#breadcrumb"},"inLanguage":"fr-FR","potentialAction":[{"@type":"ReadAction","target":["https:\/\/www.belgae.be\/fr\/blog\/createurs-de-mode-la-belgique-un-vivier-de-talents\/"]}]},{"@type":"ImageObject","inLanguage":"fr-FR","@id":"https:\/\/www.belgae.be\/fr\/blog\/createurs-de-mode-la-belgique-un-vivier-de-talents\/#primaryimage","url":"https:\/\/www.belgae.be\/fr\/wp-content\/uploads\/sites\/2\/2023\/08\/cyril_ge_a_paint_palette_Franco-Belgian_comic_style_black_and_w_398eb956-38c1-402d-83e4-e5553a67f966.jpg","contentUrl":"https:\/\/www.belgae.be\/fr\/wp-content\/uploads\/sites\/2\/2023\/08\/cyril_ge_a_paint_palette_Franco-Belgian_comic_style_black_and_w_398eb956-38c1-402d-83e4-e5553a67f966.jpg"},{"@type":"BreadcrumbList","@id":"https:\/\/www.belgae.be\/fr\/blog\/createurs-de-mode-la-belgique-un-vivier-de-talents\/#breadcrumb","itemListElement":[{"@type":"ListItem","position":1,"name":"Accueil","item":"https:\/\/www.belgae.be\/fr\/"},{"@type":"ListItem","position":2,"name":"Cr\u00e9ateurs de Mode : La Belgique, un Vivier de Talents"}]},{"@type":"WebSite","@id":"https:\/\/www.belgae.be\/fr\/#website","url":"https:\/\/www.belgae.be\/fr\/","name":"Belgae","description":"Art &amp; Mode Belge","publisher":{"@id":"https:\/\/www.belgae.be\/fr\/#organization"},"potentialAction":[{"@type":"SearchAction","target":{"@type":"EntryPoint","urlTemplate":"https:\/\/www.belgae.be\/fr\/?s={search_term_string}"},"query-input":{"@type":"PropertyValueSpecification","valueRequired":true,"valueName":"search_term_string"}}],"inLanguage":"fr-FR"},{"@type":"Organization","@id":"https:\/\/www.belgae.be\/fr\/#organization","name":"Belgae","url":"https:\/\/www.belgae.be\/fr\/","logo":{"@type":"ImageObject","inLanguage":"fr-FR","@id":"https:\/\/www.belgae.be\/fr\/#\/schema\/logo\/image\/","url":"https:\/\/www.belgae.be\/fr\/wp-content\/uploads\/sites\/2\/2023\/07\/Sans-titre1-Copie.png","contentUrl":"https:\/\/www.belgae.be\/fr\/wp-content\/uploads\/sites\/2\/2023\/07\/Sans-titre1-Copie.png","width":88,"height":88,"caption":"Belgae"},"image":{"@id":"https:\/\/www.belgae.be\/fr\/#\/schema\/logo\/image\/"}},{"@type":"Person","@id":"https:\/\/www.belgae.be\/fr\/#\/schema\/person\/646b40b88212bc5335f9c4fa787df047","name":"Cyril Gendarme","sameAs":["https:\/\/www.belgae.be"],"url":"https:\/\/www.belgae.be\/fr\/blog\/author\/cgen\/"}]}},"_links":{"self":[{"href":"https:\/\/www.belgae.be\/fr\/wp-json\/wp\/v2\/posts\/2855","targetHints":{"allow":["GET"]}}],"collection":[{"href":"https:\/\/www.belgae.be\/fr\/wp-json\/wp\/v2\/posts"}],"about":[{"href":"https:\/\/www.belgae.be\/fr\/wp-json\/wp\/v2\/types\/post"}],"author":[{"embeddable":true,"href":"https:\/\/www.belgae.be\/fr\/wp-json\/wp\/v2\/users\/1"}],"replies":[{"embeddable":true,"href":"https:\/\/www.belgae.be\/fr\/wp-json\/wp\/v2\/comments?post=2855"}],"version-history":[{"count":0,"href":"https:\/\/www.belgae.be\/fr\/wp-json\/wp\/v2\/posts\/2855\/revisions"}],"wp:featuredmedia":[{"embeddable":true,"href":"https:\/\/www.belgae.be\/fr\/wp-json\/"}],"wp:attachment":[{"href":"https:\/\/www.belgae.be\/fr\/wp-json\/wp\/v2\/media?parent=2855"}],"wp:term":[{"taxonomy":"category","embeddable":true,"href":"https:\/\/www.belgae.be\/fr\/wp-json\/wp\/v2\/categories?post=2855"},{"taxonomy":"post_tag","embeddable":true,"href":"https:\/\/www.belgae.be\/fr\/wp-json\/wp\/v2\/tags?post=2855"}],"curies":[{"name":"wp","href":"https:\/\/api.w.org\/{rel}","templated":true}]}}