{"id":2851,"date":"2023-08-02T12:25:54","date_gmt":"2023-08-02T12:25:54","guid":{"rendered":"https:\/\/www.belgae.be\/fr\/blog\/choisir-une-tenue-une-etape-du-rituel-matinal\/"},"modified":"2023-08-02T12:27:39","modified_gmt":"2023-08-02T12:27:39","slug":"choisir-sa-tenue-une-etape-du-rituel-du-matin","status":"publish","type":"post","link":"https:\/\/www.belgae.be\/fr\/blog\/choisir-sa-tenue-une-etape-du-rituel-du-matin\/","title":{"rendered":"Choisir une Tenue : Une \u00c9tape du Rituel Matinal"},"content":{"rendered":"<p>Commencez la journ\u00e9e avec style ! Choisir une tenue ne se r\u00e9sume pas seulement \u00e0 s&#8217;habiller, c&#8217;est un rituel matinal qui d\u00e9finit votre ambiance pour toute la journ\u00e9e.<\/p>\n<p>Lib\u00e9rez votre cr\u00e9ativit\u00e9 et exprimez-vous \u00e0 travers la mode chaque matin. Cet article vous guidera sur comment rendre cette t\u00e2che quotidienne non seulement plus facile mais aussi amusante et inspirante.<\/p>\n<p>Transformons les matins &#8216;Je n&#8217;ai rien \u00e0 porter&#8217; en moments &#8216;wow&#8217; !<\/p>\n<section class=\"contentTable_table\">\n<p class=\"contentTable_title\">Table des mati\u00e8res : <\/p>\n<p class=\"contentTable_elem\"><a href=\"#balise_0\">1. Le choix de la tenue dans votre rituel matinal : une \u00e9tape importante<\/a><\/p>\n<p class=\"contentTable_elem\"><a href=\"#balise_1\">2. Des v\u00eatements de qualit\u00e9 vous mettent \u00e0 l&#8217;aise pour toute la journ\u00e9e !<\/a><\/p>\n<p class=\"contentTable_elem\"><a href=\"#balise_2\">3. Cr\u00e9ez une garde-robe organis\u00e9e pour faciliter la s\u00e9lection de tenues<\/a><\/p>\n<p class=\"contentTable_elem\"><a href=\"#balise_3\">4. L&#8217;influence des couleurs sur notre humeur<\/a><\/p>\n<p class=\"contentTable_elem\"><a href=\"#balise_4\">5. Adaptez votre tenue en fonction de vos activit\u00e9s pour la journ\u00e9e<\/a><\/p>\n<p class=\"contentTable_elem\"><a href=\"#balise_5\">6. Astuce : Pr\u00e9parez vos tenues \u00e0 l&#8217;avance pour gagner du temps le matin<\/a><\/p>\n<p class=\"contentTable_elem\"><a href=\"#balise_6\">7. L&#8217;impact de la m\u00e9t\u00e9o sur votre tenue : restez ouvert au changement<\/a><\/p>\n<\/section>\n<p><img loading=\"lazy\" decoding=\"async\" class=\"lazyload articleImageSquare_CGEN\" height=\"400\" width=\"400\" src=\"https:\/\/www.belgae.be\/imageHolder\/\/wp-content\/uploads\/sites\/2\/2023\/07\/loading-spinner-belgae.gif\" data-src=\"https:\/\/www.belgae.be\/imageHolder\/\/wp-content\/uploads\/sites\/2\/2023\/08\/tmp9k7j44c6.jpg\" alt=\"tmp9k7j44c\" \/><\/p>\n<h2 id=\"balise_0\">Le choix de la tenue dans votre rituel matinal : une \u00e9tape importante<\/h2>\n<p>Ah, les matin\u00e9es. Certains les adorent, d&#8217;autres les d\u00e9testent, mais nous devons tous relever le d\u00e9fi de choisir notre tenue pour la journ\u00e9e \u00e0 venir. Croyez-le ou non, cette d\u00e9cision apparemment simple peut en fait donner le ton \u00e0 votre journ\u00e9e enti\u00e8re ! Alors pourquoi ne pas faire en sorte que cela compte ?<\/p>\n<p> Prendre du temps et des efforts pour s\u00e9lectionner votre tenue peut augmenter votre confiance et vous donner ce petit pep suppl\u00e9mentaire dans votre d\u00e9marche.<\/p>\n<p>Les v\u00eatements sont plus qu&#8217;un simple moyen de couvrir notre corps. Ils repr\u00e9sentent une expression personnelle qui a un impact significatif sur la fa\u00e7on dont nous sommes per\u00e7us par les autres. Chaque choix vestimentaire est une opportunit\u00e9 d&#8217;afficher notre individualit\u00e9 et nos go\u00fbts uniques.<\/p>\n<p>Alors la prochaine fois que vous \u00eates devant l&#8217;armoire h\u00e9sitant sur quoi mettre, rappelez-vous : chaque jour est une nouvelle occasion de briller avec style.<\/p>\n<p><img loading=\"lazy\" decoding=\"async\" class=\"lazyload articleImageSquare_CGEN\" height=\"400\" width=\"400\" src=\"https:\/\/www.belgae.be\/imageHolder\/\/wp-content\/uploads\/sites\/2\/2023\/07\/loading-spinner-belgae.gif\" data-src=\"https:\/\/www.belgae.be\/imageHolder\/\/wp-content\/uploads\/sites\/2\/2023\/08\/tmpmuejd0x2.jpg\" alt=\"tmpmuejd0x\" \/><\/p>\n<h2 id=\"balise_1\">Des v\u00eatements de qualit\u00e9 vous mettent \u00e0 l&#8217;aise pour toute la journ\u00e9e !<\/h2>\n<p>Avez-vous d\u00e9j\u00e0 port\u00e9 quelque chose qui vous a rendu mal \u00e0 l&#8217;aise ou conscient de vous-m\u00eame?<\/p>\n<p> Il n&#8217;est pas un secret que notre humeur est grandement influenc\u00e9e par le confort que nous ressentons dans notre propre peau (ou v\u00eatements!). <\/p>\n<p>Lorsque vous choisissez une tenue qui sied bien et vous fait sentir bien, cela donne le ton positif pour le reste de la journ\u00e9e. Alors allez-y et arborez ces v\u00eatements qui font rayonner votre confiance en soi!<\/p>\n<p><img loading=\"lazy\" decoding=\"async\" class=\"lazyload articleImageSquare_CGEN\" height=\"400\" width=\"400\" src=\"https:\/\/www.belgae.be\/imageHolder\/\/wp-content\/uploads\/sites\/2\/2023\/07\/loading-spinner-belgae.gif\" data-src=\"https:\/\/www.belgae.be\/imageHolder\/\/wp-content\/uploads\/sites\/2\/2023\/08\/tmpq052xz3n.jpg\" alt=\"tmpq052xz3n\" \/><\/p>\n<h2 id=\"balise_2\">Cr\u00e9ez une garde-robe organis\u00e9e pour faciliter la s\u00e9lection de tenues<\/h2>\n<p>Un placard en d\u00e9sordre \u00e9quivant \u00e0 un esprit en d\u00e9sordre &#8211; personne n&#8217;a le temps de fouiller dans des piles de chaussettes d\u00e9pareill\u00e9es! Organiser votre garde-robe est essentiel pour simplifier votre routine matinale.<\/p>\n<p>Investissez du temps pour faire le tri, cat\u00e9goriser les articles par type ou couleur et cr\u00e9er des tenues \u00e0 l&#8217;avance afin qu&#8217;elles soient pr\u00eates lorsque l&#8217;inspiration vous frappe. <\/p>\n<p>L&#8217;organisation est la cl\u00e9 d&#8217;un style impeccable et d&#8217;une tranquillit\u00e9 d&#8217;esprit accrue. \u00c0 travers cette action, vous gagnerez non seulement du temps chaque jour, mais aussi une meilleure compr\u00e9hension de votre propre style.<\/p>\n<p>En effet, avoir une vue claire sur vos v\u00eatements facilite grandement la coordination et l\u2019\u00e9laboration des tenues. Plus besoin de stresser devant un placard plein \u00e0 craquer sans savoir quoi mettre!<\/p>\n<p>Il s\u2019agit donc bien plus que juste ranger : c\u2019est optimiser son quotidien tout en apprenant davantage sur ses go\u00fbts personnels.<\/p>\n<p><img loading=\"lazy\" decoding=\"async\" class=\"lazyload articleImageSquare_CGEN\" height=\"400\" width=\"400\" src=\"https:\/\/www.belgae.be\/imageHolder\/\/wp-content\/uploads\/sites\/2\/2023\/07\/loading-spinner-belgae.gif\" data-src=\"https:\/\/www.belgae.be\/imageHolder\/\/wp-content\/uploads\/sites\/2\/2023\/08\/tmphj6flns9.jpg\" alt=\"tmphj6flns\" \/><\/p>\n<h2 id=\"balise_3\">L&#8217;influence des couleurs sur notre humeur<\/h2>\n<p>Les couleurs poss\u00e8dent une capacit\u00e9 magique d&#8217;influencer nos \u00e9motions sans que nous en soyons conscients! Optez pour des teintes vibrantes comme le jaune si vous recherchez un surplus d&#8217;\u00e9nergie tout au long de la journ\u00e9e. <\/p>\n<p>Pr\u00e9f\u00e9rez les bleus apaisants si vous aspirez \u00e0 plus de s\u00e9r\u00e9nit\u00e9. Jouez avec diff\u00e9rentes nuances en fonction de vos envies &#8211; car qui a dit que la mode ne pouvait pas \u00eatre \u00e0 la fois amusante et fonctionnelle?<\/p>\n<p>Chaque couleur a son propre charme et sa propre influence sur notre humeur. Ne sous-estimez jamais leur pouvoir. Elles peuvent transformer une journ\u00e9e ordinaire en quelque chose d&#8217;extraordinaire.<\/p>\n<p>Alors, n&#8217;h\u00e9sitez pas \u00e0 exp\u00e9rimenter avec les couleurs dans votre vie quotidienne pour voir comment elles peuvent affecter positivement votre humeur et votre bien-\u00eatre g\u00e9n\u00e9ral.<\/p>\n<p><img loading=\"lazy\" decoding=\"async\" class=\"lazyload articleImageSquare_CGEN\" height=\"400\" width=\"400\" src=\"https:\/\/www.belgae.be\/imageHolder\/\/wp-content\/uploads\/sites\/2\/2023\/07\/loading-spinner-belgae.gif\" data-src=\"https:\/\/www.belgae.be\/imageHolder\/\/wp-content\/uploads\/sites\/2\/2023\/08\/tmpzn0udx56.jpg\" alt=\"tmpzn0udx\" \/><\/p>\n<h2 id=\"balise_4\">Adaptez votre tenue en fonction de vos activit\u00e9s pour la journ\u00e9e<\/h2>\n<p>Vos activit\u00e9s quotidiennes sont d\u00e9terminantes pour choisir la tenue qui vous convient le mieux. Si votre journ\u00e9e est charg\u00e9e de r\u00e9unions et de rendez-vous, privil\u00e9giez une tenue professionnelle mais confortable.<\/p>\n<p>D&#8217;un autre c\u00f4t\u00e9, si votre emploi du temps implique des activit\u00e9s physiques ou des rencontres informelles avec des amis, optez pour un look athleisure \u00e0 la mode! S&#8217;habiller correctement peut augmenter \u00e0 la fois votre confort et votre productivit\u00e9.<\/p>\n<p>Ainsi, l&#8217;importance d&#8217;une garde-robe flexible ne doit pas \u00eatre sous-estim\u00e9e. Elle offre non seulement un moyen facile d&#8217;\u00eatre toujours bien habill\u00e9, mais aussi une fa\u00e7on pratique de maximiser son efficacit\u00e9 tout au long de la journ\u00e9e.<\/p>\n<p>En fin de compte, il s&#8217;agit moins de suivre les derni\u00e8res tendances que d\u2019opter pour ce qui vous fait sentir bien dans votre peau. Apr\u00e8s tout, c&#8217;est l\u00e0 que r\u00e9side le v\u00e9ritable pouvoir d&#8217;une bonne tenue.<\/p>\n<p><img loading=\"lazy\" decoding=\"async\" class=\"lazyload articleImageSquare_CGEN\" height=\"400\" width=\"400\" src=\"https:\/\/www.belgae.be\/imageHolder\/\/wp-content\/uploads\/sites\/2\/2023\/07\/loading-spinner-belgae.gif\" data-src=\"https:\/\/www.belgae.be\/imageHolder\/\/wp-content\/uploads\/sites\/2\/2023\/08\/tmpabdofqml.jpg\" alt=\"tmpabdofqml\" \/><\/p>\n<h2 id=\"balise_5\">Astuce : Pr\u00e9parez vos tenues \u00e0 l&#8217;avance pour gagner du temps le matin<\/h2>\n<p>Soyons r\u00e9alistes, les matins ne sont pas toujours notre moment le plus productif de la journ\u00e9e. C&#8217;est pourquoi pr\u00e9parer vos tenues \u00e0 l&#8217;avance peut \u00eatre un v\u00e9ritable changement de jeu! Prenez du temps la veille pour planifier ce que vous porterez en fonction de votre emploi du temps et de vos pr\u00e9f\u00e9rences.<\/p>\n<p>Non seulement cela permet d&#8217;\u00e9conomiser des minutes pr\u00e9cieuses le matin, mais cela donne aussi l&#8217;occasion d&#8217;exp\u00e9rimenter avec diff\u00e9rentes combinaisons sans se sentir press\u00e9. Faire cette petite t\u00e2che nocturne peut faire toute la diff\u00e9rence dans votre routine quotidienne.<\/p>\n<p>Avoir une strat\u00e9gie vestimentaire bien d\u00e9finie rendra chaque matin\u00e9e plus agr\u00e9able et moins stressante. Alors n&#8217;h\u00e9sitez pas \u00e0 prendre quelques instants chaque soir pour penser \u00e0 votre look du lendemain! Vous serez surpris par l&#8217;impact positif que cela aura sur le reste de votre journ\u00e9e.<\/p>\n<p><img loading=\"lazy\" decoding=\"async\" class=\"lazyload articleImageSquare_CGEN\" height=\"400\" width=\"400\" src=\"https:\/\/www.belgae.be\/imageHolder\/\/wp-content\/uploads\/sites\/2\/2023\/07\/loading-spinner-belgae.gif\" data-src=\"https:\/\/www.belgae.be\/imageHolder\/\/wp-content\/uploads\/sites\/2\/2023\/08\/tmpkjql10xr.jpg\" alt=\"tmpkjql10xr\" \/><\/p>\n<h2 id=\"balise_6\">L&#8217;impact de la m\u00e9t\u00e9o sur votre tenue : restez ouvert au changement<\/h2>\n<p>M\u00e8re Nature a parfois une fa\u00e7on surprenante de nous \u00e9tonner \u2013 ensoleill\u00e9 un instant, pluie battante l&#8217;instant suivant ! Il est essentiel de rester flexible dans le choix des v\u00eatements pour naviguer avec succ\u00e8s dans des conditions m\u00e9t\u00e9orologiques impr\u00e9visibles. <\/p>\n<p>Ayez toujours \u00e0 port\u00e9e de main des pi\u00e8ces polyvalentes comme les indispensables superpositions ou les vestes imperm\u00e9ables. <\/p>\n<p>Ainsi, quelles que soient les surprises qui vous attendent \u00e0 l&#8217;ext\u00e9rieur, vous \u00eates pr\u00e9par\u00e9s sans compromettre votre style.<\/p>\n<p>Voil\u00e0 donc la solution \u2013 choisir une tenue le matin n&#8217;a pas besoin d&#8217;\u00eatre une t\u00e2che intimidante ; au contraire, faites-en une partie excitante du d\u00e9but de chaque journ\u00e9e ! En pr\u00eatant attention \u00e0 comment nos v\u00eatements nous font nous sentir et en organisant efficacement notre garde-robe, on se pr\u00e9pare non seulement pour un grand style mais aussi pour am\u00e9liorer notre humeur et confiance tout au long de la journ\u00e9e.<\/p>\n<p>Alors allez-y avec \u00e9l\u00e9gance ces matins-l\u00e0 et conqu\u00e9rir ce qui vient sur votre chemin!<\/p>\n","protected":false},"excerpt":{"rendered":"<p>Commencez la journ\u00e9e avec style ! Choisir une tenue ne se r\u00e9sume pas seulement \u00e0 s&#8217;habiller, c&#8217;est un rituel matinal qui d\u00e9finit votre ambiance pour toute la journ\u00e9e.<\/p>\n","protected":false},"author":1,"featured_media":4238,"comment_status":"open","ping_status":"closed","sticky":false,"template":"","format":"standard","meta":{"_acf_changed":false,"_et_pb_use_builder":"","_et_pb_old_content":"","_et_gb_content_width":"","footnotes":""},"categories":[37],"tags":[],"class_list":["post-2851","post","type-post","status-publish","format-standard","has-post-thumbnail","hentry","category-trends-lifestyle"],"acf":[],"yoast_head":"<!-- This site is optimized with the Yoast SEO plugin v27.5 - https:\/\/yoast.com\/product\/yoast-seo-wordpress\/ -->\n<title>Choisir une Tenue : Une \u00c9tape du Rituel Matinal | Belgae<\/title>\n<meta name=\"robots\" content=\"index, follow, max-snippet:-1, max-image-preview:large, max-video-preview:-1\" \/>\n<link rel=\"canonical\" href=\"https:\/\/www.belgae.be\/fr\/blog\/choisir-sa-tenue-une-etape-du-rituel-du-matin\/\" \/>\n<meta property=\"og:locale\" content=\"fr_FR\" \/>\n<meta property=\"og:type\" content=\"article\" \/>\n<meta property=\"og:title\" content=\"Choisir une Tenue : Une \u00c9tape du Rituel Matinal | Belgae\" \/>\n<meta property=\"og:description\" content=\"Commencez la journ\u00e9e avec style ! Choisir une tenue ne se r\u00e9sume pas seulement \u00e0 s&#039;habiller, c&#039;est un rituel matinal qui d\u00e9finit votre ambiance pour toute la journ\u00e9e.\" \/>\n<meta property=\"og:url\" content=\"https:\/\/www.belgae.be\/fr\/blog\/choisir-sa-tenue-une-etape-du-rituel-du-matin\/\" \/>\n<meta property=\"og:site_name\" content=\"Belgae\" \/>\n<meta property=\"article:published_time\" content=\"2023-08-02T12:25:54+00:00\" \/>\n<meta property=\"article:modified_time\" content=\"2023-08-02T12:27:39+00:00\" \/>\n<meta name=\"author\" content=\"Cyril Gendarme\" \/>\n<meta name=\"twitter:card\" content=\"summary_large_image\" \/>\n<meta name=\"twitter:label1\" content=\"\u00c9crit par\" \/>\n\t<meta name=\"twitter:data1\" content=\"Cyril Gendarme\" \/>\n\t<meta name=\"twitter:label2\" content=\"Dur\u00e9e de lecture estim\u00e9e\" \/>\n\t<meta name=\"twitter:data2\" content=\"6 minutes\" \/>\n<script type=\"application\/ld+json\" class=\"yoast-schema-graph\">{\"@context\":\"https:\\\/\\\/schema.org\",\"@graph\":[{\"@type\":\"Article\",\"@id\":\"https:\\\/\\\/www.belgae.be\\\/fr\\\/blog\\\/choisir-sa-tenue-une-etape-du-rituel-du-matin\\\/#article\",\"isPartOf\":{\"@id\":\"https:\\\/\\\/www.belgae.be\\\/fr\\\/blog\\\/choisir-sa-tenue-une-etape-du-rituel-du-matin\\\/\"},\"author\":{\"name\":\"Cyril Gendarme\",\"@id\":\"https:\\\/\\\/www.belgae.be\\\/fr\\\/#\\\/schema\\\/person\\\/646b40b88212bc5335f9c4fa787df047\"},\"headline\":\"Choisir une Tenue : Une \u00c9tape du Rituel Matinal\",\"datePublished\":\"2023-08-02T12:25:54+00:00\",\"dateModified\":\"2023-08-02T12:27:39+00:00\",\"mainEntityOfPage\":{\"@id\":\"https:\\\/\\\/www.belgae.be\\\/fr\\\/blog\\\/choisir-sa-tenue-une-etape-du-rituel-du-matin\\\/\"},\"wordCount\":1257,\"commentCount\":0,\"publisher\":{\"@id\":\"https:\\\/\\\/www.belgae.be\\\/fr\\\/#organization\"},\"image\":{\"@id\":\"https:\\\/\\\/www.belgae.be\\\/fr\\\/blog\\\/choisir-sa-tenue-une-etape-du-rituel-du-matin\\\/#primaryimage\"},\"thumbnailUrl\":\"https:\\\/\\\/www.belgae.be\\\/fr\\\/wp-content\\\/uploads\\\/sites\\\/2\\\/2023\\\/08\\\/cyril_ge_a_girl_getting_out_of_bed_in_the_morning_Franco-Belgia_5424199c-9e4e-4bf0-ae9a-0b7c468bc834-Copie-2.jpg\",\"articleSection\":[\"Trends &amp; Lifestyle\"],\"inLanguage\":\"fr-FR\",\"potentialAction\":[{\"@type\":\"CommentAction\",\"name\":\"Comment\",\"target\":[\"https:\\\/\\\/www.belgae.be\\\/fr\\\/blog\\\/choisir-sa-tenue-une-etape-du-rituel-du-matin\\\/#respond\"]}]},{\"@type\":\"WebPage\",\"@id\":\"https:\\\/\\\/www.belgae.be\\\/fr\\\/blog\\\/choisir-sa-tenue-une-etape-du-rituel-du-matin\\\/\",\"url\":\"https:\\\/\\\/www.belgae.be\\\/fr\\\/blog\\\/choisir-sa-tenue-une-etape-du-rituel-du-matin\\\/\",\"name\":\"Choisir une Tenue : Une \u00c9tape du Rituel Matinal | Belgae\",\"isPartOf\":{\"@id\":\"https:\\\/\\\/www.belgae.be\\\/fr\\\/#website\"},\"primaryImageOfPage\":{\"@id\":\"https:\\\/\\\/www.belgae.be\\\/fr\\\/blog\\\/choisir-sa-tenue-une-etape-du-rituel-du-matin\\\/#primaryimage\"},\"image\":{\"@id\":\"https:\\\/\\\/www.belgae.be\\\/fr\\\/blog\\\/choisir-sa-tenue-une-etape-du-rituel-du-matin\\\/#primaryimage\"},\"thumbnailUrl\":\"https:\\\/\\\/www.belgae.be\\\/fr\\\/wp-content\\\/uploads\\\/sites\\\/2\\\/2023\\\/08\\\/cyril_ge_a_girl_getting_out_of_bed_in_the_morning_Franco-Belgia_5424199c-9e4e-4bf0-ae9a-0b7c468bc834-Copie-2.jpg\",\"datePublished\":\"2023-08-02T12:25:54+00:00\",\"dateModified\":\"2023-08-02T12:27:39+00:00\",\"breadcrumb\":{\"@id\":\"https:\\\/\\\/www.belgae.be\\\/fr\\\/blog\\\/choisir-sa-tenue-une-etape-du-rituel-du-matin\\\/#breadcrumb\"},\"inLanguage\":\"fr-FR\",\"potentialAction\":[{\"@type\":\"ReadAction\",\"target\":[\"https:\\\/\\\/www.belgae.be\\\/fr\\\/blog\\\/choisir-sa-tenue-une-etape-du-rituel-du-matin\\\/\"]}]},{\"@type\":\"ImageObject\",\"inLanguage\":\"fr-FR\",\"@id\":\"https:\\\/\\\/www.belgae.be\\\/fr\\\/blog\\\/choisir-sa-tenue-une-etape-du-rituel-du-matin\\\/#primaryimage\",\"url\":\"https:\\\/\\\/www.belgae.be\\\/fr\\\/wp-content\\\/uploads\\\/sites\\\/2\\\/2023\\\/08\\\/cyril_ge_a_girl_getting_out_of_bed_in_the_morning_Franco-Belgia_5424199c-9e4e-4bf0-ae9a-0b7c468bc834-Copie-2.jpg\",\"contentUrl\":\"https:\\\/\\\/www.belgae.be\\\/fr\\\/wp-content\\\/uploads\\\/sites\\\/2\\\/2023\\\/08\\\/cyril_ge_a_girl_getting_out_of_bed_in_the_morning_Franco-Belgia_5424199c-9e4e-4bf0-ae9a-0b7c468bc834-Copie-2.jpg\"},{\"@type\":\"BreadcrumbList\",\"@id\":\"https:\\\/\\\/www.belgae.be\\\/fr\\\/blog\\\/choisir-sa-tenue-une-etape-du-rituel-du-matin\\\/#breadcrumb\",\"itemListElement\":[{\"@type\":\"ListItem\",\"position\":1,\"name\":\"Accueil\",\"item\":\"https:\\\/\\\/www.belgae.be\\\/fr\\\/\"},{\"@type\":\"ListItem\",\"position\":2,\"name\":\"Choisir une Tenue : Une \u00c9tape du Rituel Matinal\"}]},{\"@type\":\"WebSite\",\"@id\":\"https:\\\/\\\/www.belgae.be\\\/fr\\\/#website\",\"url\":\"https:\\\/\\\/www.belgae.be\\\/fr\\\/\",\"name\":\"Belgae\",\"description\":\"Art &amp; Mode Belge\",\"publisher\":{\"@id\":\"https:\\\/\\\/www.belgae.be\\\/fr\\\/#organization\"},\"potentialAction\":[{\"@type\":\"SearchAction\",\"target\":{\"@type\":\"EntryPoint\",\"urlTemplate\":\"https:\\\/\\\/www.belgae.be\\\/fr\\\/?s={search_term_string}\"},\"query-input\":{\"@type\":\"PropertyValueSpecification\",\"valueRequired\":true,\"valueName\":\"search_term_string\"}}],\"inLanguage\":\"fr-FR\"},{\"@type\":\"Organization\",\"@id\":\"https:\\\/\\\/www.belgae.be\\\/fr\\\/#organization\",\"name\":\"Belgae\",\"url\":\"https:\\\/\\\/www.belgae.be\\\/fr\\\/\",\"logo\":{\"@type\":\"ImageObject\",\"inLanguage\":\"fr-FR\",\"@id\":\"https:\\\/\\\/www.belgae.be\\\/fr\\\/#\\\/schema\\\/logo\\\/image\\\/\",\"url\":\"https:\\\/\\\/www.belgae.be\\\/fr\\\/wp-content\\\/uploads\\\/sites\\\/2\\\/2023\\\/07\\\/Sans-titre1-Copie.png\",\"contentUrl\":\"https:\\\/\\\/www.belgae.be\\\/fr\\\/wp-content\\\/uploads\\\/sites\\\/2\\\/2023\\\/07\\\/Sans-titre1-Copie.png\",\"width\":88,\"height\":88,\"caption\":\"Belgae\"},\"image\":{\"@id\":\"https:\\\/\\\/www.belgae.be\\\/fr\\\/#\\\/schema\\\/logo\\\/image\\\/\"}},{\"@type\":\"Person\",\"@id\":\"https:\\\/\\\/www.belgae.be\\\/fr\\\/#\\\/schema\\\/person\\\/646b40b88212bc5335f9c4fa787df047\",\"name\":\"Cyril Gendarme\",\"sameAs\":[\"https:\\\/\\\/www.belgae.be\"],\"url\":\"https:\\\/\\\/www.belgae.be\\\/fr\\\/blog\\\/author\\\/cgen\\\/\"}]}<\/script>\n<!-- \/ Yoast SEO plugin. -->","yoast_head_json":{"title":"Choisir une Tenue : Une \u00c9tape du Rituel Matinal | Belgae","robots":{"index":"index","follow":"follow","max-snippet":"max-snippet:-1","max-image-preview":"max-image-preview:large","max-video-preview":"max-video-preview:-1"},"canonical":"https:\/\/www.belgae.be\/fr\/blog\/choisir-sa-tenue-une-etape-du-rituel-du-matin\/","og_locale":"fr_FR","og_type":"article","og_title":"Choisir une Tenue : Une \u00c9tape du Rituel Matinal | Belgae","og_description":"Commencez la journ\u00e9e avec style ! Choisir une tenue ne se r\u00e9sume pas seulement \u00e0 s'habiller, c'est un rituel matinal qui d\u00e9finit votre ambiance pour toute la journ\u00e9e.","og_url":"https:\/\/www.belgae.be\/fr\/blog\/choisir-sa-tenue-une-etape-du-rituel-du-matin\/","og_site_name":"Belgae","article_published_time":"2023-08-02T12:25:54+00:00","article_modified_time":"2023-08-02T12:27:39+00:00","author":"Cyril Gendarme","twitter_card":"summary_large_image","twitter_misc":{"\u00c9crit par":"Cyril Gendarme","Dur\u00e9e de lecture estim\u00e9e":"6 minutes"},"schema":{"@context":"https:\/\/schema.org","@graph":[{"@type":"Article","@id":"https:\/\/www.belgae.be\/fr\/blog\/choisir-sa-tenue-une-etape-du-rituel-du-matin\/#article","isPartOf":{"@id":"https:\/\/www.belgae.be\/fr\/blog\/choisir-sa-tenue-une-etape-du-rituel-du-matin\/"},"author":{"name":"Cyril Gendarme","@id":"https:\/\/www.belgae.be\/fr\/#\/schema\/person\/646b40b88212bc5335f9c4fa787df047"},"headline":"Choisir une Tenue : Une \u00c9tape du Rituel Matinal","datePublished":"2023-08-02T12:25:54+00:00","dateModified":"2023-08-02T12:27:39+00:00","mainEntityOfPage":{"@id":"https:\/\/www.belgae.be\/fr\/blog\/choisir-sa-tenue-une-etape-du-rituel-du-matin\/"},"wordCount":1257,"commentCount":0,"publisher":{"@id":"https:\/\/www.belgae.be\/fr\/#organization"},"image":{"@id":"https:\/\/www.belgae.be\/fr\/blog\/choisir-sa-tenue-une-etape-du-rituel-du-matin\/#primaryimage"},"thumbnailUrl":"https:\/\/www.belgae.be\/fr\/wp-content\/uploads\/sites\/2\/2023\/08\/cyril_ge_a_girl_getting_out_of_bed_in_the_morning_Franco-Belgia_5424199c-9e4e-4bf0-ae9a-0b7c468bc834-Copie-2.jpg","articleSection":["Trends &amp; Lifestyle"],"inLanguage":"fr-FR","potentialAction":[{"@type":"CommentAction","name":"Comment","target":["https:\/\/www.belgae.be\/fr\/blog\/choisir-sa-tenue-une-etape-du-rituel-du-matin\/#respond"]}]},{"@type":"WebPage","@id":"https:\/\/www.belgae.be\/fr\/blog\/choisir-sa-tenue-une-etape-du-rituel-du-matin\/","url":"https:\/\/www.belgae.be\/fr\/blog\/choisir-sa-tenue-une-etape-du-rituel-du-matin\/","name":"Choisir une Tenue : Une \u00c9tape du Rituel Matinal | Belgae","isPartOf":{"@id":"https:\/\/www.belgae.be\/fr\/#website"},"primaryImageOfPage":{"@id":"https:\/\/www.belgae.be\/fr\/blog\/choisir-sa-tenue-une-etape-du-rituel-du-matin\/#primaryimage"},"image":{"@id":"https:\/\/www.belgae.be\/fr\/blog\/choisir-sa-tenue-une-etape-du-rituel-du-matin\/#primaryimage"},"thumbnailUrl":"https:\/\/www.belgae.be\/fr\/wp-content\/uploads\/sites\/2\/2023\/08\/cyril_ge_a_girl_getting_out_of_bed_in_the_morning_Franco-Belgia_5424199c-9e4e-4bf0-ae9a-0b7c468bc834-Copie-2.jpg","datePublished":"2023-08-02T12:25:54+00:00","dateModified":"2023-08-02T12:27:39+00:00","breadcrumb":{"@id":"https:\/\/www.belgae.be\/fr\/blog\/choisir-sa-tenue-une-etape-du-rituel-du-matin\/#breadcrumb"},"inLanguage":"fr-FR","potentialAction":[{"@type":"ReadAction","target":["https:\/\/www.belgae.be\/fr\/blog\/choisir-sa-tenue-une-etape-du-rituel-du-matin\/"]}]},{"@type":"ImageObject","inLanguage":"fr-FR","@id":"https:\/\/www.belgae.be\/fr\/blog\/choisir-sa-tenue-une-etape-du-rituel-du-matin\/#primaryimage","url":"https:\/\/www.belgae.be\/fr\/wp-content\/uploads\/sites\/2\/2023\/08\/cyril_ge_a_girl_getting_out_of_bed_in_the_morning_Franco-Belgia_5424199c-9e4e-4bf0-ae9a-0b7c468bc834-Copie-2.jpg","contentUrl":"https:\/\/www.belgae.be\/fr\/wp-content\/uploads\/sites\/2\/2023\/08\/cyril_ge_a_girl_getting_out_of_bed_in_the_morning_Franco-Belgia_5424199c-9e4e-4bf0-ae9a-0b7c468bc834-Copie-2.jpg"},{"@type":"BreadcrumbList","@id":"https:\/\/www.belgae.be\/fr\/blog\/choisir-sa-tenue-une-etape-du-rituel-du-matin\/#breadcrumb","itemListElement":[{"@type":"ListItem","position":1,"name":"Accueil","item":"https:\/\/www.belgae.be\/fr\/"},{"@type":"ListItem","position":2,"name":"Choisir une Tenue : Une \u00c9tape du Rituel Matinal"}]},{"@type":"WebSite","@id":"https:\/\/www.belgae.be\/fr\/#website","url":"https:\/\/www.belgae.be\/fr\/","name":"Belgae","description":"Art &amp; Mode Belge","publisher":{"@id":"https:\/\/www.belgae.be\/fr\/#organization"},"potentialAction":[{"@type":"SearchAction","target":{"@type":"EntryPoint","urlTemplate":"https:\/\/www.belgae.be\/fr\/?s={search_term_string}"},"query-input":{"@type":"PropertyValueSpecification","valueRequired":true,"valueName":"search_term_string"}}],"inLanguage":"fr-FR"},{"@type":"Organization","@id":"https:\/\/www.belgae.be\/fr\/#organization","name":"Belgae","url":"https:\/\/www.belgae.be\/fr\/","logo":{"@type":"ImageObject","inLanguage":"fr-FR","@id":"https:\/\/www.belgae.be\/fr\/#\/schema\/logo\/image\/","url":"https:\/\/www.belgae.be\/fr\/wp-content\/uploads\/sites\/2\/2023\/07\/Sans-titre1-Copie.png","contentUrl":"https:\/\/www.belgae.be\/fr\/wp-content\/uploads\/sites\/2\/2023\/07\/Sans-titre1-Copie.png","width":88,"height":88,"caption":"Belgae"},"image":{"@id":"https:\/\/www.belgae.be\/fr\/#\/schema\/logo\/image\/"}},{"@type":"Person","@id":"https:\/\/www.belgae.be\/fr\/#\/schema\/person\/646b40b88212bc5335f9c4fa787df047","name":"Cyril Gendarme","sameAs":["https:\/\/www.belgae.be"],"url":"https:\/\/www.belgae.be\/fr\/blog\/author\/cgen\/"}]}},"_links":{"self":[{"href":"https:\/\/www.belgae.be\/fr\/wp-json\/wp\/v2\/posts\/2851","targetHints":{"allow":["GET"]}}],"collection":[{"href":"https:\/\/www.belgae.be\/fr\/wp-json\/wp\/v2\/posts"}],"about":[{"href":"https:\/\/www.belgae.be\/fr\/wp-json\/wp\/v2\/types\/post"}],"author":[{"embeddable":true,"href":"https:\/\/www.belgae.be\/fr\/wp-json\/wp\/v2\/users\/1"}],"replies":[{"embeddable":true,"href":"https:\/\/www.belgae.be\/fr\/wp-json\/wp\/v2\/comments?post=2851"}],"version-history":[{"count":0,"href":"https:\/\/www.belgae.be\/fr\/wp-json\/wp\/v2\/posts\/2851\/revisions"}],"wp:featuredmedia":[{"embeddable":true,"href":"https:\/\/www.belgae.be\/fr\/wp-json\/"}],"wp:attachment":[{"href":"https:\/\/www.belgae.be\/fr\/wp-json\/wp\/v2\/media?parent=2851"}],"wp:term":[{"taxonomy":"category","embeddable":true,"href":"https:\/\/www.belgae.be\/fr\/wp-json\/wp\/v2\/categories?post=2851"},{"taxonomy":"post_tag","embeddable":true,"href":"https:\/\/www.belgae.be\/fr\/wp-json\/wp\/v2\/tags?post=2851"}],"curies":[{"name":"wp","href":"https:\/\/api.w.org\/{rel}","templated":true}]}}