{"id":2994,"date":"2023-08-07T17:08:38","date_gmt":"2023-08-07T17:08:38","guid":{"rendered":"https:\/\/www.belgae.be\/de\/blog\/modenschauen-in-belgien\/"},"modified":"2023-08-07T17:48:38","modified_gmt":"2023-08-07T17:48:38","slug":"modenschauen-in-belgien","status":"publish","type":"post","link":"https:\/\/www.belgae.be\/de\/blog\/modenschauen-in-belgien\/","title":{"rendered":"Modenschauen und Veranstaltungen in Belgien (16 nicht zu verpassende)"},"content":{"rendered":"<p>Entfesseln Sie Ihre innere Modequeen und machen Sie sich bereit, verzaubert zu werden! Belgiens Laufstege sind hei\u00df, voller Kreativit\u00e4t, die Ihnen den Atem rauben wird. Im Herzen Europas warten 16 unverzichtbare Modenschauen auf Sie.<\/p>\n<p>Von Antwerpens avantgardistischen Designern bis hin zu Br\u00fcssels schicken Boutiquen versprechen diese Shows ein Fest f\u00fcr Ihre Augen. Also schnallen Sie sich an, liebe Modebegeisterte &#8211; es ist Zeit, Belgien wie nie zuvor zu erkunden!<\/p>\n<section class=\"contentTable_table\">\n<p class=\"contentTable_title\">Inhalt:<\/p>\n<p class=\"contentTable_elem\"><a href=\"#balise_0\">1. Br\u00fcsseler Modetage<\/a><\/p>\n<p class=\"contentTable_elem\"><a href=\"#balise_1\">2. Antwerp Modefestival<\/a><\/p>\n<p class=\"contentTable_elem\"><a href=\"#balise_2\">3. La Cambre Modenschau<\/a><\/p>\n<p class=\"contentTable_elem\"><a href=\"#balise_3\">4. Knokke Mode Wochenende<\/a><\/p>\n<p class=\"contentTable_elem\"><a href=\"#balise_4\">5. MODO Br\u00fcssel<\/a><\/p>\n<p class=\"contentTable_elem\"><a href=\"#balise_5\">6. Fashionclash Festival<\/a><\/p>\n<p class=\"contentTable_elem\"><a href=\"#balise_6\">7. Flanders DC Modediskussionen<\/a><\/p>\n<p class=\"contentTable_elem\"><a href=\"#balise_7\">8. Br\u00fcssel Design September<\/a><\/p>\n<p class=\"contentTable_elem\"><a href=\"#balise_8\">9. Antwerp Modenschau<\/a><\/p>\n<p class=\"contentTable_elem\"><a href=\"#balise_9\">10. Br\u00fcsseler Modegipfel<\/a><\/p>\n<p class=\"contentTable_elem\"><a href=\"#balise_10\">11. Parkour-Modus<\/a><\/p>\n<p class=\"contentTable_elem\"><a href=\"#balise_11\">12. Dessous-Salon<\/a><\/p>\n<p class=\"contentTable_elem\"><a href=\"#balise_12\">13. Boutique-Hotel und Modemesse<\/a><\/p>\n<p class=\"contentTable_elem\"><a href=\"#balise_13\">14. Modenschau Leuven<\/a><\/p>\n<p class=\"contentTable_elem\"><a href=\"#balise_14\">15. Br\u00fcsseler Vintage Markt<\/a><\/p>\n<p class=\"contentTable_elem\"><a href=\"#balise_15\">16. Br\u00fcsseler Modefilmfestival<\/a><\/p>\n<\/section>\n<p><img loading=\"lazy\" decoding=\"async\" class=\"lazyload articleImageSquare_CGEN\" src=\"https:\/\/www.belgae.be\/imageHolder\/\/wp-content\/uploads\/sites\/2\/2023\/07\/loading-spinner-belgae.gif\" alt=\"tmp2g4zzow\" width=\"400\" height=\"400\" data-src=\"https:\/\/www.belgae.be\/imageHolder\/\/wp-content\/uploads\/sites\/2\/2023\/08\/tmp2g4zzow4.jpg\" \/><\/p>\n<h2 id=\"balise_0\">Br\u00fcsseler Modetage<\/h2>\n<p>Bei Modeschauen in Belgien ist Brussels Fashion Days ein unverzichtbares Ereignis. Diese dynamische und lebendige Pr\u00e4sentation bringt talentierte Designer aus dem ganzen Land zusammen. Sie bietet ihnen eine Plattform, um ihre neuesten Kollektionen zu pr\u00e4sentieren.<\/p>\n<p>Von avantgardistischen Stilen bis hin zu tragfertigen Designs bietet dieses Modefest etwas f\u00fcr jeden Geschmack. Es lockt Modeliebhaber mit einer Vielfalt an Trends und Innovationen. Ein Paradies f\u00fcr alle, die sich gerne inspirieren lassen oder einfach nur die neueste Mode genie\u00dfen m\u00f6chten.<\/p>\n<p>Dieses Event ist mehr als nur eine Modenschau &#8211; es ist ein Festival der Kreativit\u00e4t, das den belgischen Designern gewidmet ist. Jeder Aspekt des Events tr\u00e4gt dazu bei, dass die Teilnehmer in eine Welt voller Chic und Sch\u00f6nheit eintauchen k\u00f6nnen.<\/p>\n<p>Kurz gesagt: Die Brussels Fashion Days sind ein Highlight im Kalender jedes modebewussten Menschen in Belgien.<\/p>\n<p><img loading=\"lazy\" decoding=\"async\" class=\"lazyload articleImageSquare_CGEN\" src=\"https:\/\/www.belgae.be\/imageHolder\/\/wp-content\/uploads\/sites\/2\/2023\/07\/loading-spinner-belgae.gif\" alt=\"tmprgzpeqjn\" width=\"400\" height=\"400\" data-src=\"https:\/\/www.belgae.be\/imageHolder\/\/wp-content\/uploads\/sites\/2\/2023\/08\/tmprgzpeqjn.jpg\" \/><\/p>\n<h2 id=\"balise_1\">Antwerp Modefestival<\/h2>\n<p>Bekannt als die Modehauptstadt Belgiens, beherbergt Antwerpen sein eigenes Antwerp Fashion Festival. Dieses mit Spannung erwartete Ereignis feiert alles, was die belgische Mode einzigartig und innovativ macht.<\/p>\n<p>Mit Modeschauen, die sowohl etablierte als auch aufstrebende Designer pr\u00e4sentieren, sowie Pop-up-Stores und exklusiven Einkaufserlebnissen. Dieses Festival f\u00e4ngt wirklich das Wesen des avantgardistischen Stils von Antwerpen ein.<\/p>\n<p>Es bietet eine Plattform f\u00fcr Kreative aus der ganzen Welt, um ihre neuesten Designs zu pr\u00e4sentieren und neue Trends zu setzen. Es ist mehr als nur eine Modenschau; es ist eine Feier der Kreativit\u00e4t und Innovation in der Modewelt.<\/p>\n<p><img loading=\"lazy\" decoding=\"async\" class=\"lazyload articleImageSquare_CGEN\" src=\"https:\/\/www.belgae.be\/imageHolder\/\/wp-content\/uploads\/sites\/2\/2023\/07\/loading-spinner-belgae.gif\" alt=\"tmpmw1432ls\" width=\"400\" height=\"400\" data-src=\"https:\/\/www.belgae.be\/imageHolder\/\/wp-content\/uploads\/sites\/2\/2023\/08\/tmpmw1432ls.jpg\" \/><\/p>\n<h2 id=\"balise_2\">La Cambre Modenschau<\/h2>\n<p>La Cambre geh\u00f6rt zu den renommiertesten Kunstschulen Belgiens. Sie ist bekannt f\u00fcr die F\u00f6rderung junger Talente in verschiedenen kreativen Disziplinen, einschlie\u00dflich Modedesign. Die La Cambre Modenschau bietet diesen aufstrebenden Designern eine Plattform, um ihre F\u00e4higkeiten auf internationaler B\u00fchne zu pr\u00e4sentieren.<\/p>\n<p>Erwarten Sie bahnbrechende Kreationen, die die Grenzen traditioneller Modekonventionen \u00fcberschreiten. Die Schule hat sich einen Namen gemacht durch ihren einzigartigen Ansatz und ihre konsequente Neuerfindung des Ausdrucks durch Kleidungsdesign.<\/p>\n<p>Dieses Ereignis zieht j\u00e4hrlich eine Vielzahl von Besuchern aus der ganzen Welt an und bietet den Studenten wertvolle M\u00f6glichkeiten zur Vernetzung mit Branchengr\u00f6\u00dfen. Es dient auch als Sprungbrett f\u00fcr viele ihrer Karrieren im Bereich der High-Fashion-Industrie.<\/p>\n<p>Mit ihrem unerm\u00fcdlichen Streben nach Innovation setzt La Cambre immer wieder neue Standards in der Kunst- und Designwelt.<\/p>\n<p><img loading=\"lazy\" decoding=\"async\" class=\"lazyload articleImageSquare_CGEN\" src=\"https:\/\/www.belgae.be\/imageHolder\/\/wp-content\/uploads\/sites\/2\/2023\/07\/loading-spinner-belgae.gif\" alt=\"tmp4ojm5vzw\" width=\"400\" height=\"400\" data-src=\"https:\/\/www.belgae.be\/imageHolder\/\/wp-content\/uploads\/sites\/2\/2023\/08\/tmp4ojm5vzw.jpg\" \/><\/p>\n<h2 id=\"balise_3\">Knokke Mode Wochenende<\/h2>\n<p>Wer eine Mischung aus gehobenem Luxus und maritimem Charme sucht, sollte das Knokke Fashion Weekend nicht verpassen! Dieses j\u00e4hrliche Ereignis an der wundersch\u00f6nen belgischen K\u00fcste vereint atemberaubende Strandorte mit glamour\u00f6sen Laufstegshows von erstklassigen Designern. Hier treffen K\u00fcstenstimmungen auf hochmodisches Flair!<\/p>\n<p>Das Knokke Fashion Weekend ist ein absolutes Muss f\u00fcr alle Mode-Liebhaber. Es bietet die perfekte Gelegenheit, neue Trends zu entdecken und sich von den neuesten Kollektionen inspirieren zu lassen.<\/p>\n<p>Die Location direkt am Meer macht dieses Event noch spezieller. Die frische Meeresbrise gemischt mit dem Glanz der Modewelt schafft eine unvergleichliche Atmosph\u00e4re.<\/p>\n<p>Mit seiner Kombination aus luxuri\u00f6sem Ambiente und kreativem Ausdruck hat das Knokke Fashion Weekend etwas f\u00fcr jeden Geschmack zu bieten. Verpasst nicht diese einzigartige Chance, Teil einer exquisiten Modeerfahrung zu sein.<\/p>\n<p><img loading=\"lazy\" decoding=\"async\" class=\"lazyload articleImageSquare_CGEN\" src=\"https:\/\/www.belgae.be\/imageHolder\/\/wp-content\/uploads\/sites\/2\/2023\/07\/loading-spinner-belgae.gif\" alt=\"tmpfsssx68s\" width=\"400\" height=\"400\" data-src=\"https:\/\/www.belgae.be\/imageHolder\/\/wp-content\/uploads\/sites\/2\/2023\/08\/tmpfsssx68s.jpg\" \/><\/p>\n<h2 id=\"balise_4\">MODO Br\u00fcssel<\/h2>\n<p>MODO Br\u00fcssel hebt die zeitgen\u00f6ssische Herrenmode wie keine andere Show in Belgien hervor! Der alleinige Fokus liegt auf den Trends der Herrenbekleidung. Sie umfasst l\u00e4ssige Streetwear oder raffinierte, ma\u00dfgeschneiderte Looks.<\/p>\n<p>MODO stellt lokale Talente neben renommierten internationalen Marken unter einem Dach vor. Diese Veranstaltung ist ein Muss f\u00fcr jeden modebewussten Mann, der immer einen Schritt voraus sein m\u00f6chte.<\/p>\n<p>Die Mischung aus etablierten und aufstrebenden Designern bietet eine breite Palette an Stilen und Einfl\u00fcssen. So wird jeder Geschmack getroffen und das Publikum kann sich inspirieren lassen.<\/p>\n<p>Egal ob man nach dem neuesten Trend sucht oder einfach nur seine Garderobe auffrischen m\u00f6chte \u2013 bei MODO findet man alles was das Herz begehrt!<\/p>\n<p>Mit einer Vielfalt von Labels zur Auswahl, bringt diese Show die Modebranche zusammen und f\u00f6rdert den Austausch von Ideen. Es ist mehr als nur eine Modenschau &#8211; es ist eine Bewegung!<\/p>\n<p><img loading=\"lazy\" decoding=\"async\" class=\"lazyload articleImageSquare_CGEN\" src=\"https:\/\/www.belgae.be\/imageHolder\/\/wp-content\/uploads\/sites\/2\/2023\/07\/loading-spinner-belgae.gif\" alt=\"tmp_gwcs8l_\" width=\"400\" height=\"400\" data-src=\"https:\/\/www.belgae.be\/imageHolder\/\/wp-content\/uploads\/sites\/2\/2023\/08\/tmp_gwcs8l_.jpg\" \/><\/p>\n<h2 id=\"balise_5\">Fashionclash Festival<\/h2>\n<p>Das Fashionclash Festival bricht mit konventionellen Vorstellungen und feiert die Vielfalt in der Modewelt. Diese innovative Veranstaltung, die an verschiedenen Orten in ganz Belgien stattfindet, pr\u00e4sentiert die Arbeiten aufstrebender Designer, die Normen herausfordern und neue Perspektiven erforschen.<\/p>\n<p>Erwarten Sie einzigartige Kollektionen, die Grenzen \u00fcberschreiten und neu definieren was es bedeutet modisch zu sein. Das Event bietet eine B\u00fchne f\u00fcr Kreativit\u00e4t und Originalit\u00e4t im Designprozess. Es ist mehr als nur eine Modenschau; es ist ein kulturelles Erlebnis.<\/p>\n<p>Inspirierende Einblicke erwarten Besucher bei diesem j\u00e4hrlichen Spektakel. Vom Haute Couture bis zur Stra\u00dfenmode gibt das Festival einen umfassenden \u00dcberblick \u00fcber aktuelle Trends und zuk\u00fcnftige Richtungen der Branche.<\/p>\n<p>Mit einem Fokus auf Nachhaltigkeit demonstriert das Fashionclash Festival auch sein Engagement f\u00fcr verantwortungsvolles Design. Es zeigt auf beeindruckende Weise wie Mode unsere Gesellschaft formt.<\/p>\n<p><img loading=\"lazy\" decoding=\"async\" class=\"lazyload articleImageSquare_CGEN\" src=\"https:\/\/www.belgae.be\/imageHolder\/\/wp-content\/uploads\/sites\/2\/2023\/07\/loading-spinner-belgae.gif\" alt=\"tmpk6fn5gzx\" width=\"400\" height=\"400\" data-src=\"https:\/\/www.belgae.be\/imageHolder\/\/wp-content\/uploads\/sites\/2\/2023\/08\/tmpk6fn5gzx.jpg\" \/><\/p>\n<h2 id=\"balise_6\">Flanders DC Modediskussionen<\/h2>\n<p>Flanders DC Fashion Talks ist keine gew\u00f6hnliche Modenschau, sondern eine Plattform zum Nachdenken f\u00fcr Branchenprofis, um die neuesten Trends und Herausforderungen in der Modebranche zu diskutieren. Mit anregenden Podiumsdiskussionen, inspirierenden Vortr\u00e4gen von einflussreichen Pers\u00f6nlichkeiten und Networking-M\u00f6glichkeiten bietet diese Veranstaltung wertvolle Einblicke in die Zukunft der belgischen Mode.<\/p>\n<p>Mit einer Vielzahl interaktiver Elemente l\u00e4dt Flanders DC Fashion Talks dazu ein, sich aktiv zu beteiligen. Expertenaustausch und gemeinsames Lernen stehen im Mittelpunkt dieser dynamischen Veranstaltung.<\/p>\n<p>Das Event zielt darauf ab, den Teilnehmern einen tiefgreifenden Einblick in die aktuellen Themen der Branche zu geben. Es erm\u00f6glicht ihnen auch das Kn\u00fcpfen wichtiger Kontakte und das Erlangen fundierten Wissens \u00fcber zuk\u00fcnftige Entwicklungen.<\/p>\n<p>Die Bedeutung des Events geht weit \u00fcber reine Informationsvermittlung hinaus. Es dient als Inspirationsquelle f\u00fcr alle Beteiligten &#8211; vom angehenden Designer bis hin zur etablierten Marke.<\/p>\n<p>Flanders DC Fashion Talks setzt neue Ma\u00dfst\u00e4be f\u00fcr innovative Diskurse innerhalb der Modeszene Belgiens.<\/p>\n<p><img loading=\"lazy\" decoding=\"async\" class=\"lazyload articleImageSquare_CGEN\" src=\"https:\/\/www.belgae.be\/imageHolder\/\/wp-content\/uploads\/sites\/2\/2023\/07\/loading-spinner-belgae.gif\" alt=\"tmp7m4rq5wq\" width=\"400\" height=\"400\" data-src=\"https:\/\/www.belgae.be\/imageHolder\/\/wp-content\/uploads\/sites\/2\/2023\/08\/tmp7m4rq5wq.jpg\" \/><\/p>\n<h2 id=\"balise_7\">Br\u00fcssel Design September<\/h2>\n<p>Obwohl Brussels Design September alle Aspekte des Designs umfasst, einschlie\u00dflich Innenarchitektur und Architektur, integriert es auch aufregende Elemente aus der Welt der Mode. Von Ausstellungen, die innovative Kleidungsst\u00fccke pr\u00e4sentieren bis zu Workshops zur Erkundung nachhaltiger Modetrends &#8211; dieses multidisziplin\u00e4re Festival bietet eine ganzheitliche Sicht auf Kreativit\u00e4t in Belgiens pulsierender Hauptstadt.<\/p>\n<p>Der Event zieht Experten und Liebhaber gleicherma\u00dfen an. Es ist ein Ort f\u00fcr Inspiration, Austausch von Ideen und das Entdecken neuer Trends. Mit einer Vielzahl von Veranstaltungen bietet er M\u00f6glichkeiten f\u00fcr jedermann.<\/p>\n<p>Innovative Kleidungsst\u00fccke stehen im Mittelpunkt vieler Ausstellungen w\u00e4hrend des Festivals. Sie bieten den Besuchern einen Einblick in die neuesten Modeentwicklungen.<\/p>\n<p>Nachhaltige Praktiken sind ein zentraler Aspekt des Events. Workshops zum Thema Nachhaltigkeit bieten den Teilnehmern n\u00fctzliche Kenntnisse und F\u00e4higkeiten rund um gr\u00fcne Modethemen.<\/p>\n<p>Schlie\u00dflich dient Brussels Design September als Schaufenster f\u00fcr Belgiens bl\u00fchende Kreativszene innerhalb seiner lebhaften Hauptstadt.<\/p>\n<p><img loading=\"lazy\" decoding=\"async\" class=\"lazyload articleImageSquare_CGEN\" src=\"https:\/\/www.belgae.be\/imageHolder\/\/wp-content\/uploads\/sites\/2\/2023\/07\/loading-spinner-belgae.gif\" alt=\"tmpcsugwm5i\" width=\"400\" height=\"400\" data-src=\"https:\/\/www.belgae.be\/imageHolder\/\/wp-content\/uploads\/sites\/2\/2023\/08\/tmpcsugwm5i.jpg\" \/><\/p>\n<h2 id=\"balise_8\">Antwerp Modenschau<\/h2>\n<p>Da Antwerpen weiterhin eine herausragende Rolle in der globalen Mode spielt, fasst eine exklusive Modenschau alles zusammen, was diese Stadt so bemerkenswert macht. Sie pr\u00e4sentiert etablierte belgische Designer und Nachwuchstalente.<\/p>\n<p>Diese Laufsteg-Veranstaltung best\u00e4tigt erneut die Position von Antwerpen an der Spitze des avantgardistischen Stils. Die Auswahl der Designer ist sorgf\u00e4ltig kuratiert, um sicherzustellen, dass nur die besten und innovativsten Ideen vorgestellt werden.<\/p>\n<p>Die Kreativit\u00e4t und Originalit\u00e4t jeder Kollektion sind beeindruckend. Jeder Designer bringt einen einzigartigen Ansatz mit sich und belebt das Modewesen auf seine Weise neu.<\/p>\n<p>Es ist nicht nur ein Ort f\u00fcr Designermode &#8211; es ist auch ein Sprungbrett f\u00fcr neue Talente. Es bietet den perfekten Rahmen zur Pr\u00e4sentation ihrer Arbeit vor einer internationalen Zielgruppe.<\/p>\n<p>Insgesamt spiegelt diese Veranstaltung den Geist von Antwerpen wider: dynamisch, erfinderisch und stets bereit zu \u00fcberraschen.<\/p>\n<p><img loading=\"lazy\" decoding=\"async\" class=\"lazyload articleImageSquare_CGEN\" src=\"https:\/\/www.belgae.be\/imageHolder\/\/wp-content\/uploads\/sites\/2\/2023\/07\/loading-spinner-belgae.gif\" alt=\"tmp2zttikhc\" width=\"400\" height=\"400\" data-src=\"https:\/\/www.belgae.be\/imageHolder\/\/wp-content\/uploads\/sites\/2\/2023\/08\/tmp2zttikhc.jpg\" \/><\/p>\n<h2 id=\"balise_9\">Br\u00fcsseler Modegipfel<\/h2>\n<p>Das Br\u00fcsseler Modegipfel versammelt wichtige Akteure aus nationalen und internationalen Bereichen, um Nachhaltigkeitsprobleme zu adressieren, die in der heutigen schnelllebigen Industrie vorherrschen. Durch aufschlussreiche Konferenzen, die sich auf ethische Produktionsmethoden oder umweltbewusste Initiativen konzentrieren &#8211; zielt dieses Gipfeltreffen darauf ab, positive Ver\u00e4nderungen zu f\u00f6rdern und dabei den Stil intakt zu halten!<\/p>\n<p>Die Veranstaltung ist ein Schaufenster f\u00fcr zukunftsorientierte Denker. Hier wird eine Plattform geboten f\u00fcr Diskussion und Austausch \u00fcber nachhaltige Praktiken in der Modeindustrie.<\/p>\n<p>Mit einer Mischung aus Vortr\u00e4gen, Workshops und Networking-Gelegenheiten bietet das Gipfeltreffen eine F\u00fclle von M\u00f6glichkeiten zur Weiterbildung. Es geht darum, neue Wege zur Verbesserung der Branchengesundheit zu erforschen.<\/p>\n<p>Ziel ist es also nicht nur, Bewusstsein f\u00fcr Umweltauswirkungen zu schaffen sondern auch L\u00f6sungsans\u00e4tze anzubieten. Der Modewirtschaft soll so geholfen werden einen verantwortungsbewussten Weg einzuschlagen.<\/p>\n<p><img loading=\"lazy\" decoding=\"async\" class=\"lazyload articleImageSquare_CGEN\" src=\"https:\/\/www.belgae.be\/imageHolder\/\/wp-content\/uploads\/sites\/2\/2023\/07\/loading-spinner-belgae.gif\" alt=\"tmpyq8qmw3e\" width=\"400\" height=\"400\" data-src=\"https:\/\/www.belgae.be\/imageHolder\/\/wp-content\/uploads\/sites\/2\/2023\/08\/tmpyq8qmw3e.jpg\" \/><\/p>\n<h2 id=\"balise_10\">Parkour-Modus<\/h2>\n<p>Parcours Mode ist eine interaktive Ausstellung, die Besucher hinter die Kulissen von belgischen Designerstudios einl\u00e4dt! Mit gef\u00fchrten Touren, welche Einblicke in kreative Prozesse bieten und Live-Pr\u00e4sentationen, die handwerkliches Geschick hervorheben &#8211; Tauchen Teilnehmer in alle Aspekte rund um ihre Lieblingsdesignermarken ein f\u00fcr ein Erlebnis wie kein anderes!<\/p>\n<p>Erkunden Sie das Herzst\u00fcck der Designwelt. Entdecken Sie verborgene Sch\u00e4tze und verstehen Sie den Weg vom Konzept zur Kreation. Lassen Sie sich von der Leidenschaft anstecken.<\/p>\n<p>Innovative Techniken werden vorgef\u00fchrt und ausgezeichnetes Handwerk pr\u00e4sentiert. Hier wird Mode zum greifbaren Erlebnis.<\/p>\n<p>Lernen Sie Ihre Lieblingsmarken auf eine ganz neue Art kennen. Nehmen sie an der Reise teil und erleben sie hautnah die Faszination Design.<\/p>\n<p><img loading=\"lazy\" decoding=\"async\" class=\"lazyload articleImageSquare_CGEN\" src=\"https:\/\/www.belgae.be\/imageHolder\/\/wp-content\/uploads\/sites\/2\/2023\/07\/loading-spinner-belgae.gif\" alt=\"tmp2_4cb_dc\" width=\"400\" height=\"400\" data-src=\"https:\/\/www.belgae.be\/imageHolder\/\/wp-content\/uploads\/sites\/2\/2023\/08\/tmp2_4cb_dc.jpg\" \/><\/p>\n<h2 id=\"balise_11\">Dessous-Salon<\/h2>\n<p>Spitze, Seide und Verf\u00fchrung &#8211; Salon de la Lingerie ist ein Fest f\u00fcr alle Dinge der Unterw\u00e4sche! Dieses intime Event vereint renommierte belgische Dessous-Designer. Sie pr\u00e4sentieren ihre neuesten verf\u00fchrerischen Kreationen.<\/p>\n<p>Von zarten Spitzen-Sets bis zu gewagten Designs, die den Tr\u00e4ger st\u00e4rken &#8211; diese Show beweist, dass Unterw\u00e4sche sowohl bequem als auch modisch sein kann. Es handelt sich um eine Veranstaltung, bei der Stil und Komfort Hand in Hand gehen.<\/p>\n<p>Die Ausstellung bietet eine Vielzahl von Optionen f\u00fcr jeden Geschmack. Ob man nun etwas Schlichtes oder etwas Gewagtes sucht; es gibt f\u00fcr jeden etwas Passendes.<\/p>\n<p>Das Hauptziel dieser Veranstaltung ist es, das Bewusstsein daf\u00fcr zu sch\u00e4rfen dass Dessous mehr sind als nur ein notwendiges \u00dcbel \u2013 sie k\u00f6nnen auch einen Hauch von Luxus im Alltag bieten.<\/p>\n<p><img loading=\"lazy\" decoding=\"async\" class=\"lazyload articleImageSquare_CGEN\" src=\"https:\/\/www.belgae.be\/imageHolder\/\/wp-content\/uploads\/sites\/2\/2023\/07\/loading-spinner-belgae.gif\" alt=\"tmpjae1ky5g\" width=\"400\" height=\"400\" data-src=\"https:\/\/www.belgae.be\/imageHolder\/\/wp-content\/uploads\/sites\/2\/2023\/08\/tmpjae1ky5g.jpg\" \/><\/p>\n<h2 id=\"balise_12\">Boutique-Hotel und Modemesse<\/h2>\n<p>Das Boutique-Hotel und die Mode-Messe verbinden zwei spannende Elemente: einzigartige Unterkunftserlebnisse mit exklusiven Einkaufsm\u00f6glichkeiten. Die Pr\u00e4sentation von Kollektionen lokaler Designer in trendigen Boutique-Hotels hebt das Konzept der &#8220;Einzelhandelstherapie&#8221; auf eine neue Ebene. Tauchen Sie ein in luxuri\u00f6se Umgebungen, w\u00e4hrend Sie Belgiens feinste Modeangebote entdecken!<\/p>\n<p>Eine sorgf\u00e4ltig kuratierte Auswahl an Designermode erwartet Besucher in diesen stilvollen Hotels. Jedes St\u00fcck ist handverlesen und spiegelt den unverwechselbaren Stil des jeweiligen Designers wider.<\/p>\n<p>Verw\u00f6hnen Sie sich selbst mit einem Aufenthalt, der sowohl komfortabel als auch modisch ist. Entdecken Sie verborgene Sch\u00e4tze belgischer Modedesigner und lassen sich von deren Kreativit\u00e4t inspirieren.<\/p>\n<p>Diese Erlebnisse bieten mehr als nur einen Ort zum Schlafen &#8211; sie sind eine Einladung, die Welt des Designs zu erkunden und gleichzeitig die bequemsten Unterk\u00fcnfte zu genie\u00dfen.<\/p>\n<p><img loading=\"lazy\" decoding=\"async\" class=\"lazyload articleImageSquare_CGEN\" src=\"https:\/\/www.belgae.be\/imageHolder\/\/wp-content\/uploads\/sites\/2\/2023\/07\/loading-spinner-belgae.gif\" alt=\"tmpa8kwqqbg\" width=\"400\" height=\"400\" data-src=\"https:\/\/www.belgae.be\/imageHolder\/\/wp-content\/uploads\/sites\/2\/2023\/08\/tmpa8kwqqbg.jpg\" \/><\/p>\n<h2 id=\"balise_13\">Modenschau Leuven<\/h2>\n<p>Leuven, eine lebhafte Stadt bekannt f\u00fcr ihre reiche Geschichte, veranstaltet j\u00e4hrlich eine Mode Show. Hier pr\u00e4sentieren sowohl etablierte Marken als auch aufstrebende Talente ihre neuesten Kollektionen auf dem Laufsteg.<\/p>\n<p>Mit einer Mischung aus klassischer Eleganz und zeitgen\u00f6ssischem Flair, die w\u00e4hrend der gesamten Veranstaltung zur Schau gestellt wird &#8211; setzt die Mode Show Leuven diese charmante Stadt fest auf Belgiens Modenkarte.<\/p>\n<p>Die Vielfalt und Kreativit\u00e4t des Angebots machen dieses Event zu einem Highlight im kulturellen Kalender der Stadt. Jedes Jahr zieht es Tausende von Besuchern an und f\u00f6rdert das Ansehen Leuvens als Zentrum f\u00fcr Design und Innovation.<\/p>\n<p>Die Mode Show ist mehr als nur ein Schaufenster f\u00fcr Kleidung &#8211; es ist auch eine Plattform f\u00fcr neue Ideen und Inspiration in der Welt der Mode. Es bietet den Teilnehmern die M\u00f6glichkeit, Kontakte zu kn\u00fcpfen, sich inspirieren zu lassen und ihre Arbeit einem breiten Publikum vorzustellen.<\/p>\n<p><img loading=\"lazy\" decoding=\"async\" class=\"lazyload articleImageSquare_CGEN\" src=\"https:\/\/www.belgae.be\/imageHolder\/\/wp-content\/uploads\/sites\/2\/2023\/07\/loading-spinner-belgae.gif\" alt=\"tmpy_w6q31p\" width=\"400\" height=\"400\" data-src=\"https:\/\/www.belgae.be\/imageHolder\/\/wp-content\/uploads\/sites\/2\/2023\/08\/tmpy_w6q31p.jpg\" \/><\/p>\n<h2 id=\"balise_14\">Br\u00fcsseler Vintage Markt<\/h2>\n<p>F\u00fcr alle, die zeitlosen Stil sch\u00e4tzen oder einzigartige St\u00fccke aus vergangenen Zeiten suchen, ist der Br\u00fcsseler Vintage-Markt ein absoluter Schatz! Vor der beeindruckenden Kulisse historischer Veranstaltungsorte wie Halles Saint-G\u00e9ry oder Tour &amp; Taxis &#8211; bietet dieser Markt Liebhabern von Vintage-Kleidung unendliche M\u00f6glichkeiten bei der Zusammenstellung einmaliger Outfits.<\/p>\n<p>Dieser Markt ist nicht nur eine Quelle f\u00fcr Modefreaks. Es bietet auch eine breite Palette an Retro-Accessoires, M\u00f6beln und Dekorationsst\u00fccken. Erwecken Sie Ihr Interieur mit einem Hauch von Nostalgie zum Leben!<\/p>\n<p>Es gibt nichts Vergleichbares wie das Durchsuchen alter Kisten auf der Suche nach dem perfekten Fundst\u00fcck. Der Br\u00fcsseler Vintage-Markt macht dieses Erlebnis m\u00f6glich jeden ersten Sonntag im Monat.<\/p>\n<p>Bei jedem Besuch entdecken Sie neue Sch\u00e4tze und lernen gleichzeitig mehr \u00fcber die Geschichte hinter den Gegenst\u00e4nden kennen. Ein wahrhaft inspirierendes Shopping-Erlebnis erwartet Sie hier!<\/p>\n<p><img loading=\"lazy\" decoding=\"async\" class=\"lazyload articleImageSquare_CGEN\" src=\"https:\/\/www.belgae.be\/imageHolder\/\/wp-content\/uploads\/sites\/2\/2023\/07\/loading-spinner-belgae.gif\" alt=\"tmph8ixolaj\" width=\"400\" height=\"400\" data-src=\"https:\/\/www.belgae.be\/imageHolder\/\/wp-content\/uploads\/sites\/2\/2023\/08\/tmph8ixolaj.jpg\" \/><\/p>\n<h2 id=\"balise_15\">Br\u00fcsseler Modefilmfestival<\/h2>\n<p>Das Zusammenspiel von zwei Kunstformen &#8211; Filmemachen und Modedesign &#8211; wird beim Br\u00fcsseler Fashion-Film-Festival pr\u00e4sentiert. Hier stehen faszinierende visuelle Geschichten, die sich um Kleidungsst\u00fccke selbst drehen, im Vordergrund.<\/p>\n<p>Kurzfilme erforschen vielf\u00e4ltige Erz\u00e4hlungen in Bezug auf Kleidungs\u00e4sthetik oder Markenerz\u00e4hlmethoden. Dieses Festival bietet einen alternativen Blick auf unsere Wahrnehmung von Mode jenseits traditioneller Laufstegshows.<\/p>\n<p>Belgien strahlt durch seine vielf\u00e4ltige Palette an Modeveranstaltungen wirklich aus. Von avantgardistischen Schauen bis hin zu zum Nachdenken anregenden Diskussionen ist f\u00fcr jeden Modebegeisterten in diesem k\u00fcnstlerisch lebendigen Land etwas dabei.<\/p>\n<p>Also markieren Sie Ihre Kalender und tauchen Sie ein in die Welt der belgischen Mode!<\/p>\n<section class=\"cgen-outboundLinksSection\">\n<h2>Um das Thema zu vertiefen<\/h2>\n<p>Einige Quellen, Ressourcen und Referenzen :<\/p>\n<ul>\n<li><a href=\"https:\/\/brusselsfashiondays.be\/en\/\" target=\"_blank\" rel=\"nofollow noopener\">Brussels Fashion Days<\/a><\/li>\n<li><a href=\"https:\/\/antwerpfashionweek.com\/\" target=\"_blank\" rel=\"nofollow noopener\">Antwerp Fashion Week<\/a><\/li>\n<li><a href=\"https:\/\/www.myknokke-heist.be\/de\/teilnehmende-haendler-fashion-week\" target=\"_blank\" rel=\"nofollow noopener\">Teilnehmende H\u00e4ndler Fashion Week | Toerisme Knokke-Heist<\/a><\/li>\n<li><a href=\"https:\/\/www.flandersdc.be\/en\/promotion\/fashion-talks\" target=\"_blank\" rel=\"nofollow noopener\"> Flanders DC &#8211; Fashion Talks <\/a><\/li>\n<li><a title=\"Unleashing Creativity: Brussels Design Expo 2023!\" href=\"https:\/\/designseptember.be\/en\" target=\"_blank\" rel=\"nofollow noopener\">Brussels Design September 2023 | Brussels Design September<\/a><\/li>\n<li><a href=\"https:\/\/lacambremodes.be\/en\/\" target=\"_blank\" rel=\"nofollow noopener\">La Cambre Modes<\/a><\/li>\n<li><a title=\"Unveiling 2023: The Fashion Revolution Unleashed\" href=\"https:\/\/showww.be\/\" target=\"_blank\" rel=\"nofollow noopener\">offSHOW | Royal Academy of Fine Arts Antwerp<\/a><\/li>\n<\/ul>\n<\/section>\n","protected":false},"excerpt":{"rendered":"<p>Entfesseln Sie Ihre innere Modequeen und machen Sie sich bereit, verzaubert zu werden! Belgiens Laufstege sind hei\u00df, voller Kreativit\u00e4t, die Ihnen den Atem rauben wird.<\/p>\n","protected":false},"author":1,"featured_media":5285,"comment_status":"open","ping_status":"closed","sticky":false,"template":"","format":"standard","meta":{"_acf_changed":false,"_et_pb_use_builder":"","_et_pb_old_content":"","_et_gb_content_width":"","footnotes":""},"categories":[39],"tags":[],"class_list":["post-2994","post","type-post","status-publish","format-standard","has-post-thumbnail","hentry","category-belgium"],"acf":[],"yoast_head":"<!-- This site is optimized with the Yoast SEO plugin v27.5 - https:\/\/yoast.com\/product\/yoast-seo-wordpress\/ -->\n<title>Modenschauen und Veranstaltungen in Belgien (16 nicht zu verpassende) | Belgae<\/title>\n<meta name=\"robots\" content=\"index, follow, max-snippet:-1, max-image-preview:large, max-video-preview:-1\" \/>\n<link rel=\"canonical\" href=\"https:\/\/www.belgae.be\/de\/blog\/modenschauen-in-belgien\/\" \/>\n<meta property=\"og:locale\" content=\"de_DE\" \/>\n<meta property=\"og:type\" content=\"article\" \/>\n<meta property=\"og:title\" content=\"Modenschauen und Veranstaltungen in Belgien (16 nicht zu verpassende) | Belgae\" \/>\n<meta property=\"og:description\" content=\"Entfesseln Sie Ihre innere Modequeen und machen Sie sich bereit, verzaubert zu werden! Belgiens Laufstege sind hei\u00df, voller Kreativit\u00e4t, die Ihnen den Atem rauben wird.\" \/>\n<meta property=\"og:url\" content=\"https:\/\/www.belgae.be\/de\/blog\/modenschauen-in-belgien\/\" \/>\n<meta property=\"og:site_name\" content=\"Belgae\" \/>\n<meta property=\"article:published_time\" content=\"2023-08-07T17:08:38+00:00\" \/>\n<meta property=\"article:modified_time\" content=\"2023-08-07T17:48:38+00:00\" \/>\n<meta name=\"author\" content=\"Cyril Gendarme\" \/>\n<meta name=\"twitter:card\" content=\"summary_large_image\" \/>\n<meta name=\"twitter:label1\" content=\"Verfasst von\" \/>\n\t<meta name=\"twitter:data1\" content=\"Cyril Gendarme\" \/>\n\t<meta name=\"twitter:label2\" content=\"Gesch\u00e4tzte Lesezeit\" \/>\n\t<meta name=\"twitter:data2\" content=\"16\u00a0Minuten\" \/>\n<script type=\"application\/ld+json\" class=\"yoast-schema-graph\">{\"@context\":\"https:\\\/\\\/schema.org\",\"@graph\":[{\"@type\":\"Article\",\"@id\":\"https:\\\/\\\/www.belgae.be\\\/de\\\/blog\\\/modenschauen-in-belgien\\\/#article\",\"isPartOf\":{\"@id\":\"https:\\\/\\\/www.belgae.be\\\/de\\\/blog\\\/modenschauen-in-belgien\\\/\"},\"author\":{\"name\":\"Cyril Gendarme\",\"@id\":\"https:\\\/\\\/www.belgae.be\\\/de\\\/#\\\/schema\\\/person\\\/646b40b88212bc5335f9c4fa787df047\"},\"headline\":\"Modenschauen und Veranstaltungen in Belgien (16 nicht zu verpassende)\",\"datePublished\":\"2023-08-07T17:08:38+00:00\",\"dateModified\":\"2023-08-07T17:48:38+00:00\",\"mainEntityOfPage\":{\"@id\":\"https:\\\/\\\/www.belgae.be\\\/de\\\/blog\\\/modenschauen-in-belgien\\\/\"},\"wordCount\":2396,\"commentCount\":0,\"publisher\":{\"@id\":\"https:\\\/\\\/www.belgae.be\\\/de\\\/#organization\"},\"image\":{\"@id\":\"https:\\\/\\\/www.belgae.be\\\/de\\\/blog\\\/modenschauen-in-belgien\\\/#primaryimage\"},\"thumbnailUrl\":\"https:\\\/\\\/www.belgae.be\\\/de\\\/wp-content\\\/uploads\\\/sites\\\/2\\\/2023\\\/08\\\/cyril_ge_Belgian_fashion_show_Franco-Belgian_comic_style_illust_374c86d0-3075-417c-9c07-3ba6eb29b0aa.webp\",\"articleSection\":[\"Belgium\"],\"inLanguage\":\"de\",\"potentialAction\":[{\"@type\":\"CommentAction\",\"name\":\"Comment\",\"target\":[\"https:\\\/\\\/www.belgae.be\\\/de\\\/blog\\\/modenschauen-in-belgien\\\/#respond\"]}]},{\"@type\":\"WebPage\",\"@id\":\"https:\\\/\\\/www.belgae.be\\\/de\\\/blog\\\/modenschauen-in-belgien\\\/\",\"url\":\"https:\\\/\\\/www.belgae.be\\\/de\\\/blog\\\/modenschauen-in-belgien\\\/\",\"name\":\"Modenschauen und Veranstaltungen in Belgien (16 nicht zu verpassende) | Belgae\",\"isPartOf\":{\"@id\":\"https:\\\/\\\/www.belgae.be\\\/de\\\/#website\"},\"primaryImageOfPage\":{\"@id\":\"https:\\\/\\\/www.belgae.be\\\/de\\\/blog\\\/modenschauen-in-belgien\\\/#primaryimage\"},\"image\":{\"@id\":\"https:\\\/\\\/www.belgae.be\\\/de\\\/blog\\\/modenschauen-in-belgien\\\/#primaryimage\"},\"thumbnailUrl\":\"https:\\\/\\\/www.belgae.be\\\/de\\\/wp-content\\\/uploads\\\/sites\\\/2\\\/2023\\\/08\\\/cyril_ge_Belgian_fashion_show_Franco-Belgian_comic_style_illust_374c86d0-3075-417c-9c07-3ba6eb29b0aa.webp\",\"datePublished\":\"2023-08-07T17:08:38+00:00\",\"dateModified\":\"2023-08-07T17:48:38+00:00\",\"breadcrumb\":{\"@id\":\"https:\\\/\\\/www.belgae.be\\\/de\\\/blog\\\/modenschauen-in-belgien\\\/#breadcrumb\"},\"inLanguage\":\"de\",\"potentialAction\":[{\"@type\":\"ReadAction\",\"target\":[\"https:\\\/\\\/www.belgae.be\\\/de\\\/blog\\\/modenschauen-in-belgien\\\/\"]}]},{\"@type\":\"ImageObject\",\"inLanguage\":\"de\",\"@id\":\"https:\\\/\\\/www.belgae.be\\\/de\\\/blog\\\/modenschauen-in-belgien\\\/#primaryimage\",\"url\":\"https:\\\/\\\/www.belgae.be\\\/de\\\/wp-content\\\/uploads\\\/sites\\\/2\\\/2023\\\/08\\\/cyril_ge_Belgian_fashion_show_Franco-Belgian_comic_style_illust_374c86d0-3075-417c-9c07-3ba6eb29b0aa.webp\",\"contentUrl\":\"https:\\\/\\\/www.belgae.be\\\/de\\\/wp-content\\\/uploads\\\/sites\\\/2\\\/2023\\\/08\\\/cyril_ge_Belgian_fashion_show_Franco-Belgian_comic_style_illust_374c86d0-3075-417c-9c07-3ba6eb29b0aa.webp\"},{\"@type\":\"BreadcrumbList\",\"@id\":\"https:\\\/\\\/www.belgae.be\\\/de\\\/blog\\\/modenschauen-in-belgien\\\/#breadcrumb\",\"itemListElement\":[{\"@type\":\"ListItem\",\"position\":1,\"name\":\"Accueil\",\"item\":\"https:\\\/\\\/www.belgae.be\\\/de\\\/\"},{\"@type\":\"ListItem\",\"position\":2,\"name\":\"Modenschauen und Veranstaltungen in Belgien (16 nicht zu verpassende)\"}]},{\"@type\":\"WebSite\",\"@id\":\"https:\\\/\\\/www.belgae.be\\\/de\\\/#website\",\"url\":\"https:\\\/\\\/www.belgae.be\\\/de\\\/\",\"name\":\"Belgae\",\"description\":\"Belgische Kunst &amp; Mode\",\"publisher\":{\"@id\":\"https:\\\/\\\/www.belgae.be\\\/de\\\/#organization\"},\"potentialAction\":[{\"@type\":\"SearchAction\",\"target\":{\"@type\":\"EntryPoint\",\"urlTemplate\":\"https:\\\/\\\/www.belgae.be\\\/de\\\/?s={search_term_string}\"},\"query-input\":{\"@type\":\"PropertyValueSpecification\",\"valueRequired\":true,\"valueName\":\"search_term_string\"}}],\"inLanguage\":\"de\"},{\"@type\":\"Organization\",\"@id\":\"https:\\\/\\\/www.belgae.be\\\/de\\\/#organization\",\"name\":\"Belgae\",\"url\":\"https:\\\/\\\/www.belgae.be\\\/de\\\/\",\"logo\":{\"@type\":\"ImageObject\",\"inLanguage\":\"de\",\"@id\":\"https:\\\/\\\/www.belgae.be\\\/de\\\/#\\\/schema\\\/logo\\\/image\\\/\",\"url\":\"https:\\\/\\\/www.belgae.be\\\/de\\\/wp-content\\\/uploads\\\/sites\\\/2\\\/2023\\\/07\\\/Sans-titre1-Copie.png\",\"contentUrl\":\"https:\\\/\\\/www.belgae.be\\\/de\\\/wp-content\\\/uploads\\\/sites\\\/2\\\/2023\\\/07\\\/Sans-titre1-Copie.png\",\"width\":88,\"height\":88,\"caption\":\"Belgae\"},\"image\":{\"@id\":\"https:\\\/\\\/www.belgae.be\\\/de\\\/#\\\/schema\\\/logo\\\/image\\\/\"}},{\"@type\":\"Person\",\"@id\":\"https:\\\/\\\/www.belgae.be\\\/de\\\/#\\\/schema\\\/person\\\/646b40b88212bc5335f9c4fa787df047\",\"name\":\"Cyril Gendarme\",\"sameAs\":[\"https:\\\/\\\/www.belgae.be\"],\"url\":\"https:\\\/\\\/www.belgae.be\\\/de\\\/blog\\\/author\\\/cgen\\\/\"}]}<\/script>\n<!-- \/ Yoast SEO plugin. -->","yoast_head_json":{"title":"Modenschauen und Veranstaltungen in Belgien (16 nicht zu verpassende) | Belgae","robots":{"index":"index","follow":"follow","max-snippet":"max-snippet:-1","max-image-preview":"max-image-preview:large","max-video-preview":"max-video-preview:-1"},"canonical":"https:\/\/www.belgae.be\/de\/blog\/modenschauen-in-belgien\/","og_locale":"de_DE","og_type":"article","og_title":"Modenschauen und Veranstaltungen in Belgien (16 nicht zu verpassende) | Belgae","og_description":"Entfesseln Sie Ihre innere Modequeen und machen Sie sich bereit, verzaubert zu werden! Belgiens Laufstege sind hei\u00df, voller Kreativit\u00e4t, die Ihnen den Atem rauben wird.","og_url":"https:\/\/www.belgae.be\/de\/blog\/modenschauen-in-belgien\/","og_site_name":"Belgae","article_published_time":"2023-08-07T17:08:38+00:00","article_modified_time":"2023-08-07T17:48:38+00:00","author":"Cyril Gendarme","twitter_card":"summary_large_image","twitter_misc":{"Verfasst von":"Cyril Gendarme","Gesch\u00e4tzte Lesezeit":"16\u00a0Minuten"},"schema":{"@context":"https:\/\/schema.org","@graph":[{"@type":"Article","@id":"https:\/\/www.belgae.be\/de\/blog\/modenschauen-in-belgien\/#article","isPartOf":{"@id":"https:\/\/www.belgae.be\/de\/blog\/modenschauen-in-belgien\/"},"author":{"name":"Cyril Gendarme","@id":"https:\/\/www.belgae.be\/de\/#\/schema\/person\/646b40b88212bc5335f9c4fa787df047"},"headline":"Modenschauen und Veranstaltungen in Belgien (16 nicht zu verpassende)","datePublished":"2023-08-07T17:08:38+00:00","dateModified":"2023-08-07T17:48:38+00:00","mainEntityOfPage":{"@id":"https:\/\/www.belgae.be\/de\/blog\/modenschauen-in-belgien\/"},"wordCount":2396,"commentCount":0,"publisher":{"@id":"https:\/\/www.belgae.be\/de\/#organization"},"image":{"@id":"https:\/\/www.belgae.be\/de\/blog\/modenschauen-in-belgien\/#primaryimage"},"thumbnailUrl":"https:\/\/www.belgae.be\/de\/wp-content\/uploads\/sites\/2\/2023\/08\/cyril_ge_Belgian_fashion_show_Franco-Belgian_comic_style_illust_374c86d0-3075-417c-9c07-3ba6eb29b0aa.webp","articleSection":["Belgium"],"inLanguage":"de","potentialAction":[{"@type":"CommentAction","name":"Comment","target":["https:\/\/www.belgae.be\/de\/blog\/modenschauen-in-belgien\/#respond"]}]},{"@type":"WebPage","@id":"https:\/\/www.belgae.be\/de\/blog\/modenschauen-in-belgien\/","url":"https:\/\/www.belgae.be\/de\/blog\/modenschauen-in-belgien\/","name":"Modenschauen und Veranstaltungen in Belgien (16 nicht zu verpassende) | Belgae","isPartOf":{"@id":"https:\/\/www.belgae.be\/de\/#website"},"primaryImageOfPage":{"@id":"https:\/\/www.belgae.be\/de\/blog\/modenschauen-in-belgien\/#primaryimage"},"image":{"@id":"https:\/\/www.belgae.be\/de\/blog\/modenschauen-in-belgien\/#primaryimage"},"thumbnailUrl":"https:\/\/www.belgae.be\/de\/wp-content\/uploads\/sites\/2\/2023\/08\/cyril_ge_Belgian_fashion_show_Franco-Belgian_comic_style_illust_374c86d0-3075-417c-9c07-3ba6eb29b0aa.webp","datePublished":"2023-08-07T17:08:38+00:00","dateModified":"2023-08-07T17:48:38+00:00","breadcrumb":{"@id":"https:\/\/www.belgae.be\/de\/blog\/modenschauen-in-belgien\/#breadcrumb"},"inLanguage":"de","potentialAction":[{"@type":"ReadAction","target":["https:\/\/www.belgae.be\/de\/blog\/modenschauen-in-belgien\/"]}]},{"@type":"ImageObject","inLanguage":"de","@id":"https:\/\/www.belgae.be\/de\/blog\/modenschauen-in-belgien\/#primaryimage","url":"https:\/\/www.belgae.be\/de\/wp-content\/uploads\/sites\/2\/2023\/08\/cyril_ge_Belgian_fashion_show_Franco-Belgian_comic_style_illust_374c86d0-3075-417c-9c07-3ba6eb29b0aa.webp","contentUrl":"https:\/\/www.belgae.be\/de\/wp-content\/uploads\/sites\/2\/2023\/08\/cyril_ge_Belgian_fashion_show_Franco-Belgian_comic_style_illust_374c86d0-3075-417c-9c07-3ba6eb29b0aa.webp"},{"@type":"BreadcrumbList","@id":"https:\/\/www.belgae.be\/de\/blog\/modenschauen-in-belgien\/#breadcrumb","itemListElement":[{"@type":"ListItem","position":1,"name":"Accueil","item":"https:\/\/www.belgae.be\/de\/"},{"@type":"ListItem","position":2,"name":"Modenschauen und Veranstaltungen in Belgien (16 nicht zu verpassende)"}]},{"@type":"WebSite","@id":"https:\/\/www.belgae.be\/de\/#website","url":"https:\/\/www.belgae.be\/de\/","name":"Belgae","description":"Belgische Kunst &amp; Mode","publisher":{"@id":"https:\/\/www.belgae.be\/de\/#organization"},"potentialAction":[{"@type":"SearchAction","target":{"@type":"EntryPoint","urlTemplate":"https:\/\/www.belgae.be\/de\/?s={search_term_string}"},"query-input":{"@type":"PropertyValueSpecification","valueRequired":true,"valueName":"search_term_string"}}],"inLanguage":"de"},{"@type":"Organization","@id":"https:\/\/www.belgae.be\/de\/#organization","name":"Belgae","url":"https:\/\/www.belgae.be\/de\/","logo":{"@type":"ImageObject","inLanguage":"de","@id":"https:\/\/www.belgae.be\/de\/#\/schema\/logo\/image\/","url":"https:\/\/www.belgae.be\/de\/wp-content\/uploads\/sites\/2\/2023\/07\/Sans-titre1-Copie.png","contentUrl":"https:\/\/www.belgae.be\/de\/wp-content\/uploads\/sites\/2\/2023\/07\/Sans-titre1-Copie.png","width":88,"height":88,"caption":"Belgae"},"image":{"@id":"https:\/\/www.belgae.be\/de\/#\/schema\/logo\/image\/"}},{"@type":"Person","@id":"https:\/\/www.belgae.be\/de\/#\/schema\/person\/646b40b88212bc5335f9c4fa787df047","name":"Cyril Gendarme","sameAs":["https:\/\/www.belgae.be"],"url":"https:\/\/www.belgae.be\/de\/blog\/author\/cgen\/"}]}},"_links":{"self":[{"href":"https:\/\/www.belgae.be\/de\/wp-json\/wp\/v2\/posts\/2994","targetHints":{"allow":["GET"]}}],"collection":[{"href":"https:\/\/www.belgae.be\/de\/wp-json\/wp\/v2\/posts"}],"about":[{"href":"https:\/\/www.belgae.be\/de\/wp-json\/wp\/v2\/types\/post"}],"author":[{"embeddable":true,"href":"https:\/\/www.belgae.be\/de\/wp-json\/wp\/v2\/users\/1"}],"replies":[{"embeddable":true,"href":"https:\/\/www.belgae.be\/de\/wp-json\/wp\/v2\/comments?post=2994"}],"version-history":[{"count":0,"href":"https:\/\/www.belgae.be\/de\/wp-json\/wp\/v2\/posts\/2994\/revisions"}],"wp:featuredmedia":[{"embeddable":true,"href":"https:\/\/www.belgae.be\/de\/wp-json\/"}],"wp:attachment":[{"href":"https:\/\/www.belgae.be\/de\/wp-json\/wp\/v2\/media?parent=2994"}],"wp:term":[{"taxonomy":"category","embeddable":true,"href":"https:\/\/www.belgae.be\/de\/wp-json\/wp\/v2\/categories?post=2994"},{"taxonomy":"post_tag","embeddable":true,"href":"https:\/\/www.belgae.be\/de\/wp-json\/wp\/v2\/tags?post=2994"}],"curies":[{"name":"wp","href":"https:\/\/api.w.org\/{rel}","templated":true}]}}