{"id":2954,"date":"2023-08-03T13:42:53","date_gmt":"2023-08-03T13:42:53","guid":{"rendered":"https:\/\/www.belgae.be\/de\/blog\/traegt-maroon\/"},"modified":"2023-08-04T10:42:48","modified_gmt":"2023-08-04T10:42:48","slug":"traegt-maroon","status":"publish","type":"post","link":"https:\/\/www.belgae.be\/de\/blog\/traegt-maroon\/","title":{"rendered":"Weinrot tragen: Kombinationen, Psychologie usw"},"content":{"rendered":"<p>Tauchen Sie ein in die reiche, k\u00fchne Welt von Maroon! Eine Farbe, die Selbstbewusstsein und Klasse ausstrahlt. Erforschen Sie, wie man sie m\u00fchelos in Ihre Garderobe integriert mit diesem stilvollen Leitfaden. Lernen Sie auch seine faszinierende Psychologie kennen!<\/p>\n<p>Entdecken Sie spannende Kombinationen mit Maroon &#8211; einem Farbton, der alles andere als gew\u00f6hnlich ist. Lassen Sie ihn Ihren Stil inspirieren und den Mode-Maverick in Ihnen wecken.<\/p>\n<p>Finden Sie heraus, warum das Tragen von Maroon nicht nur eine Kleiderwahl ist; es ist eine Einstellung&#8230;eine Aussage. Sind Sie bereit f\u00fcr die Reise?<\/p>\n<section class=\"contentTable_table\">\n<p class=\"contentTable_title\">Inhalt:<\/p>\n<p class=\"contentTable_elem\"><a href=\"#balise_0\">1. Einf\u00fchrung: Wie tr\u00e4gt man die Farbe Burgunderrot? <\/a><\/p>\n<p class=\"contentTable_elem\"><a href=\"#balise_1\">2. Welche Emotion wird durch das Tragen der Farbe Maroon ausgedr\u00fcckt? <\/a><\/p>\n<p class=\"contentTable_elem\"><a href=\"#balise_2\">3. Kombinationen: Welche Farben passen zu Maroon Kleidung? <\/a><\/p>\n<p class=\"contentTable_elem\"><a href=\"#balise_3\">4. Welcher Hautton passt gut zu einem Maroon-Outfit? <\/a><\/p>\n<p class=\"contentTable_elem\"><a href=\"#balise_4\">5. Die beste Jahreszeit, um die Farbe Maroon zu tragen<\/a><\/p>\n<p class=\"contentTable_elem\"><a href=\"#balise_5\">6. Das Tragen von Maroonschuhen: Eine gute Idee? <\/a><\/p>\n<p class=\"contentTable_elem\"><a href=\"#balise_6\">7. Modefehler: H\u00e4ufige Fehler, die man beim Tragen von Weinrot vermeiden sollte<\/a><\/p>\n<p class=\"contentTable_elem\"><a href=\"#balise_7\">8. Die Auswirkungen des Tragens der Farbe Maroon auf unsere Psychologie<\/a><\/p>\n<p class=\"contentTable_elem\"><a href=\"#balise_8\">9. Tragen der Maroon Farbe: Welche spirituelle Bedeutung? <\/a><\/p>\n<p class=\"contentTable_elem\"><a href=\"#balise_9\">10. Ich habe im Traum die Farbe Maroon getragen: Was bedeutet das? <\/a><\/p>\n<\/section>\n<p><img loading=\"lazy\" decoding=\"async\" class=\"lazyload articleImageSquare_CGEN\" height=\"400\" width=\"400\" src=\"https:\/\/www.belgae.be\/imageHolder\/\/wp-content\/uploads\/sites\/2\/2023\/07\/loading-spinner-belgae.gif\" data-src=\"https:\/\/www.belgae.be\/imageHolder\/\/wp-content\/uploads\/sites\/2\/2023\/08\/tmpop4dlfxs.jpg\" alt=\"tmpop4dlfxs\"><\/p>\n<h2 id=\"balise_0\">Einf\u00fchrung: Wie tr\u00e4gt man die Farbe Burgunderrot?<\/h2>\n<p>Maroon, ein tiefes und reichhaltiges Farbton zwischen Rot und Braun, strahlt Raffinesse und Eleganz aus. Ob Sie eine k\u00fchne Modeaussage machen oder Ihrem Ensemble Tiefe verleihen m\u00f6chten, ist Maroon eine hervorragende Wahl. In diesem Blog-Beitrag werden wir verschiedene Aspekte des Tragens von Maroon untersuchen &#8211; vom Verst\u00e4ndnis seiner emotionalen Ausdrucksweise bis zur Entdeckung komplement\u00e4rer Farben f\u00fcr atemberaubende Kombinationen. Also lasst uns eintauchen!<\/p>\n<p>Die Auswahl der richtigen Kleidungsfarbe kann einen gro\u00dfen Unterschied machen. Die Farbe Maroon hat die F\u00e4higkeit zu beeindrucken und gleichzeitig Klasse auszustrahlen.<\/p>\n<p>Ob als Hauptfarbe eines Outfits oder als Akzent, diese tiefe Rot-Braun-Nuance bringt W\u00e4rme in Ihren Look.<\/p>\n<p>Erfahren Sie mehr \u00fcber das emotionale Ausdruckspotential von Maroon in unserer n\u00e4chsten Diskussion.<\/p>\n<p>Entdecken Sie auch die besten Farbkombinationen mit Maroon f\u00fcr atemberaubende Looks!<\/p>\n<p>Bereiten wir uns also darauf vor, diesen faszinierenden Ton zu erkunden! Tauchen wir ein in die Welt von Maroon.<\/p>\n<p><img loading=\"lazy\" decoding=\"async\" class=\"lazyload articleImageSquare_CGEN\" height=\"400\" width=\"400\" src=\"https:\/\/www.belgae.be\/imageHolder\/\/wp-content\/uploads\/sites\/2\/2023\/07\/loading-spinner-belgae.gif\" data-src=\"https:\/\/www.belgae.be\/imageHolder\/\/wp-content\/uploads\/sites\/2\/2023\/08\/tmppz__t20y.jpg\" alt=\"tmppz__t20y\"><\/p>\n<h2 id=\"balise_1\">Welche Emotion wird durch das Tragen der Farbe Maroon ausgedr\u00fcckt?<\/h2>\n<p>In der Welt der Emotionen hat Maroon eine faszinierende Pers\u00f6nlichkeit. Diese fesselnde Farbe symbolisiert Kraft, St\u00e4rke, Ehrgeiz und Leidenschaft.<\/p>\n<p>Es weckt Gef\u00fchle von Selbstvertrauen und Autorit\u00e4t, w\u00e4hrend es eine Atmosph\u00e4re von W\u00e4rme und Sinnlichkeit bewahrt. Dieser intensive Farbton steht f\u00fcr Mut und Entschlossenheit.<\/p>\n<p>Die dunklen Untert\u00f6ne strahlen eine tiefe Ruhe aus. Sie vermitteln ein Gef\u00fchl von Sicherheit und Geborgenheit. Gleichzeitig bleibt die leidenschaftliche Intensit\u00e4t erhalten.<\/p>\n<p>Maroon ist mehr als nur eine Farbe auf einer Palette; es ist ein Ausdruck tief empfundener Emotionen. Es repr\u00e4sentiert einen starken Willen und den unerm\u00fcdlichen Drang nach Erfolg.<\/p>\n<p><img loading=\"lazy\" decoding=\"async\" class=\"lazyload articleImageSquare_CGEN\" height=\"400\" width=\"400\" src=\"https:\/\/www.belgae.be\/imageHolder\/\/wp-content\/uploads\/sites\/2\/2023\/07\/loading-spinner-belgae.gif\" data-src=\"https:\/\/www.belgae.be\/imageHolder\/\/wp-content\/uploads\/sites\/2\/2023\/08\/tmpdsirmiuw.jpg\" alt=\"tmpdsirmiuw\"><\/p>\n<h2 id=\"balise_2\">Kombinationen: Welche Farben passen zu Maroon Kleidung?<\/h2>\n<p>Eines der besten Dinge beim Tragen von Bordeauxrot ist seine Vielseitigkeit in Bezug auf die Kombination mit anderen Farben. F\u00fcr einen klassischen Look w\u00e4hlen Sie neutrale T\u00f6ne wie Beige oder Creme; sie heben das reiche Bordeauxrot m\u00fchelos hervor, ohne es zu \u00fcbert\u00f6nen. Wenn Sie einen lebhaften Kontrast suchen, versuchen Sie es mit Farbt\u00f6nen wie Senfgelb oder T\u00fcrkisgr\u00fcn &#8211; diese unerwarteten Kombinationen erzeugen auff\u00e4llige Outfits.<\/p>\n<p>Bordeauxrot l\u00e4sst sich nahtlos in jede Garderobe integrieren und bietet eine F\u00fclle an Styling-M\u00f6glichkeiten. Es steht f\u00fcr Raffinesse und Stilbewusstsein, weshalb es bei Modebegeisterten beliebt ist.<\/p>\n<p>Stellen Sie sicher, dass Ihre Kleidungsfarben gut harmonieren. Die richtigen Farbkombinationen k\u00f6nnen ein einfaches Outfit in etwas Besonderes verwandeln.<\/p>\n<p>Experimentieren lohnt sich immer! Ob kr\u00e4ftiges Gelb oder sanftes Gr\u00fcn &#8211; probieren Sie verschiedene Paarungen aus und entdecken Sie Ihren pers\u00f6nlichen Favoriten.<\/p>\n<p><img loading=\"lazy\" decoding=\"async\" class=\"lazyload articleImageSquare_CGEN\" height=\"400\" width=\"400\" src=\"https:\/\/www.belgae.be\/imageHolder\/\/wp-content\/uploads\/sites\/2\/2023\/07\/loading-spinner-belgae.gif\" data-src=\"https:\/\/www.belgae.be\/imageHolder\/\/wp-content\/uploads\/sites\/2\/2023\/08\/tmpxbml_e4g.jpg\" alt=\"tmpxbml_e4g\"><\/p>\n<h2 id=\"balise_3\">Welcher Hautton passt gut zu einem Maroon-Outfit?<\/h2>\n<p>Die Sch\u00f6nheit von Maroona offenbart sich in ihrer Vielseitigkeit. Sie kann von Menschen verschiedener Hautt\u00f6ne getragen werden und l\u00e4sst jeden fantastisch aussehen! Es gibt jedoch einige allgemeine Richtlinien basierend auf Untert\u00f6nen, die das Gesamtbild verbessern k\u00f6nnen:<\/p>\n<p>Helle Hautt\u00f6ne: Hellere Schattierungen oder dunklere T\u00f6ne erzeugen beeindruckende Kontraste gegen\u00fcber heller Haut.<\/p>\n<p>Mittlere Hautt\u00f6ne: Mittlere Farbnuancen eignen sich wunderbar f\u00fcr mittelhelle Haut. Man kann sowohl in hellpastellene Farbt\u00f6nen als auch in tieferen Burgundvarianten sicher experimentieren.<\/p>\n<p>Dunkle Hautt\u00f6ne: Tiefe Maroon-Tinten verleihen dunklerer Haut ein reichhaltiges und k\u00f6nigliches Aussehen, w\u00e4hrend hellere Nuancen einen bezauberndes Gegenspiel bieten k\u00f6nnen.<\/p>\n<p>Diese Empfehlungen sind dazu gedacht, das Beste aus jedem Hautton herauszuholen und dabei zu helfen, eine noch strahlendere Erscheinung zu erreichen.<\/p>\n<p><img loading=\"lazy\" decoding=\"async\" class=\"lazyload articleImageSquare_CGEN\" height=\"400\" width=\"400\" src=\"https:\/\/www.belgae.be\/imageHolder\/\/wp-content\/uploads\/sites\/2\/2023\/07\/loading-spinner-belgae.gif\" data-src=\"https:\/\/www.belgae.be\/imageHolder\/\/wp-content\/uploads\/sites\/2\/2023\/08\/tmpzbr1ff6i.jpg\" alt=\"tmpzbr1ff6i\"><\/p>\n<h2 id=\"balise_4\">Die beste Jahreszeit, um die Farbe Maroon zu tragen<\/h2>\n<p>Maroon ist eine Farbe, die m\u00fchelos zwischen den Jahreszeiten wechselt. In k\u00fchleren Monaten wie Herbst oder Winter verleiht sie Ihren Outfits W\u00e4rme und Gem\u00fctlichkeit. Andererseits kann das Einbinden von Maroon-Akzenten in Ihre Garderobe w\u00e4hrend des Fr\u00fchlings oder Sommers einen unerwarteten Hauch von Raffinesse gegen lebendige Hintergr\u00fcnde schaffen.<\/p>\n<p>In der kalten Jahreszeit f\u00fcgt Maroon Ihrer Kleidung eine wohnliche Note hinzu. Es bietet ein Gef\u00fchl von Komfort und Eleganz, das Sie warm h\u00e4lt.<\/p>\n<p>Im Fr\u00fchjahr und Sommer setzt Maroon \u00fcberraschende Akzente. Die Verwendung dieser Farbe in Ihrem Outfit bringt einen gewissen Grad an Finesse mit sich, der Ihr Aussehen aufwertet.<\/p>\n<p>Vor allem gegen kontrastreiche Hintergr\u00fcnde sticht diese Farbwahl hervor. Sie erzeugt ein ausgepr\u00e4gtes Gef\u00fchl von Stilbewusstsein und hebt Ihr Modeempfinden auf die n\u00e4chste Ebene.<\/p>\n<p><img loading=\"lazy\" decoding=\"async\" class=\"lazyload articleImageSquare_CGEN\" height=\"400\" width=\"400\" src=\"https:\/\/www.belgae.be\/imageHolder\/\/wp-content\/uploads\/sites\/2\/2023\/07\/loading-spinner-belgae.gif\" data-src=\"https:\/\/www.belgae.be\/imageHolder\/\/wp-content\/uploads\/sites\/2\/2023\/08\/tmprutmxas4.jpg\" alt=\"tmprutmxas\"><\/p>\n<h2 id=\"balise_5\">Das Tragen von Maroonschuhen: Eine gute Idee?<\/h2>\n<p>Sicher! Maroona Schuhe sind nicht nur optisch ansprechend, sondern auch vielseitig genug, um verschiedene Outfits zu erg\u00e4nzen. Egal ob Sie l\u00e4ssige Jeans tragen oder in formeller Kleidung gekleidet sind.<\/p>\n<p>Das Kombinieren mit maroonfarbenem Schuhwerk wird Ihr Stilspiel mit minimalem Aufwand steigern. Diese Art von Fu\u00dfbekleidung ist die perfekte Wahl f\u00fcr alle, die auf der Suche nach einem modischen Upgrade sind.<\/p>\n<p>Der einzigartige Farbton f\u00fcgt jedem Ensemble einen Hauch von Raffinesse hinzu und l\u00e4sst es sofort eleganter wirken. Es ist eine einfache M\u00f6glichkeit, Ihren Look zu verbessern und gleichzeitig stilvoll auszusehen.<\/p>\n<p>Maroona-Schuhe bieten eine ausgezeichnete Balance zwischen Komfort und Stil. Sie k\u00f6nnen sie den ganzen Tag tragen ohne sich unwohl zu f\u00fchlen oder Ihre F\u00fc\u00dfe schmerzen zuf\u00fcgen.<\/p>\n<p>Mit ihrer Vielseitigkeit und ihrem hervorragenden Design werden Maroona-Schuhe sicherlich jeden beeindrucken, der Wert auf Mode legt.<\/p>\n<p><img loading=\"lazy\" decoding=\"async\" class=\"lazyload articleImageSquare_CGEN\" height=\"400\" width=\"400\" src=\"https:\/\/www.belgae.be\/imageHolder\/\/wp-content\/uploads\/sites\/2\/2023\/07\/loading-spinner-belgae.gif\" data-src=\"https:\/\/www.belgae.be\/imageHolder\/\/wp-content\/uploads\/sites\/2\/2023\/08\/tmpzwtcsu4e.jpg\" alt=\"tmpzwtcsu4e\"><\/p>\n<h2 id=\"balise_6\">Modefehler: H\u00e4ufige Fehler, die man beim Tragen von Weinrot vermeiden sollte<\/h2>\n<p>Kreatives Experimentieren im Bereich Mode ist immer ermutigend. Dennoch gibt es einige h\u00e4ufige Fehler beim Tragen von Maroona, die vermieden werden sollten:<\/p>\n<p>\u00dcberw\u00e4ltigender Monochrom: Obwohl monochrome Looks ihren Platz in Modetrends haben, kann ein Outfit, das komplett in dieser Farbe gehalten ist, \u00fcberm\u00e4chtig wirken. Stattdessen sollte man ausgewogene Ensembles w\u00e4hlen und Kontrastfarben einbauen.<\/p>\n<p>Kollidierende Untert\u00f6ne: Es k\u00f6nnen Unterschiede auftreten, wenn bestimmte Schattierungen von Maroona nicht gut mit spezifischen Hautuntert\u00f6nen harmonieren. Um dieses Problem zu vermeiden k\u00f6nnten Sie verschiedene Nuancen innerhalb des Spektrums (Burgunder,Rost) ausprobieren bis Sie eine finden die Ihnen am besten steht.<\/p>\n<p>Verschiedene T\u00f6nungen bieten eine Vielfalt an M\u00f6glichkeiten und erm\u00f6glichen eine individuelle Anpassung an den pers\u00f6nlichen Stil und Teint. Experimentierung hilft dabei herauszufinden was am besten passt.<\/p>\n<p><img loading=\"lazy\" decoding=\"async\" class=\"lazyload articleImageSquare_CGEN\" height=\"400\" width=\"400\" src=\"https:\/\/www.belgae.be\/imageHolder\/\/wp-content\/uploads\/sites\/2\/2023\/07\/loading-spinner-belgae.gif\" data-src=\"https:\/\/www.belgae.be\/imageHolder\/\/wp-content\/uploads\/sites\/2\/2023\/08\/tmpk0zumarp.jpg\" alt=\"tmpk0zumarp\"><\/p>\n<h2 id=\"balise_7\">Die Auswirkungen des Tragens der Farbe Maroon auf unsere Psychologie<\/h2>\n<p>Die Farben haben bemerkenswerte psychologische Auswirkungen auf unsere Gedanken &#8211; und das ist keine Ausnahme. Der tiefe Farbton von Maroon erzeugt Gef\u00fchle von Stabilit\u00e4t und Sicherheit, w\u00e4hrend er gleichzeitig Vertrauen weckt und das Selbstbewusstsein st\u00e4rkt. Das Tragen von Maroon kann dazu beitragen, eine Autorit\u00e4t auszustrahlen und eine eindrucksvolle Pr\u00e4senz zu etablieren.<\/p>\n<p>Diese tiefgr\u00fcndige Wahrnehmung der Farbe geht \u00fcber die blo\u00dfe \u00c4sthetik hinaus. Sie verbindet uns mit unseren innersten Emotionen und kann uns helfen, unser wahres Potenzial zu entfalten.<\/p>\n<p>Egal ob in der Mode oder im Design, Maroon hat sich als kraftvolles Werkzeug erwiesen. Es bringt nicht nur Tiefe in ein Outfit oder einen Raum sondern es inspiriert auch Mut und Entschlossenheit.<\/p>\n<p>Zusammengefasst: Die Wahl f\u00fcr Maroon ist mehr als nur eine Entscheidung f\u00fcr eine bestimmte Farbe &#8211; sie ist ein Statement des Selbstvertrauens and der Bestimmtheit.<\/p>\n<p><img loading=\"lazy\" decoding=\"async\" class=\"lazyload articleImageSquare_CGEN\" height=\"400\" width=\"400\" src=\"https:\/\/www.belgae.be\/imageHolder\/\/wp-content\/uploads\/sites\/2\/2023\/07\/loading-spinner-belgae.gif\" data-src=\"https:\/\/www.belgae.be\/imageHolder\/\/wp-content\/uploads\/sites\/2\/2023\/08\/tmpnf7jqooe.jpg\" alt=\"tmpnf7jqooe\"><\/p>\n<h2 id=\"balise_8\">Tragen der Maroon Farbe: Welche spirituelle Bedeutung?<\/h2>\n<p>Maroona hat in verschiedenen Kulturen eine spirituelle Bedeutung. H\u00e4ufig wird sie mit Eigenschaften wie Mut, Entschlossenheit und Ausdauer in Verbindung gebracht.<\/p>\n<p>Die erdende Energie dieser Farbe hilft Menschen dabei, sich mit ihrer inneren St\u00e4rke zu verbinden. Sie begleitet sie auf ihren transformativen Reisen.<\/p>\n<p>Diese kraftvolle Farbschattierung f\u00f6rdert die Selbstwahrnehmung und kann als treibende Kraft hinter pers\u00f6nlichem Wachstum dienen. Maroona ist mehr als nur eine einfache Farbe &#8211; es ist ein Symbol f\u00fcr innere St\u00e4rke und Best\u00e4ndigkeit.<\/p>\n<p><img loading=\"lazy\" decoding=\"async\" class=\"lazyload articleImageSquare_CGEN\" height=\"400\" width=\"400\" src=\"https:\/\/www.belgae.be\/imageHolder\/\/wp-content\/uploads\/sites\/2\/2023\/07\/loading-spinner-belgae.gif\" data-src=\"https:\/\/www.belgae.be\/imageHolder\/\/wp-content\/uploads\/sites\/2\/2023\/08\/tmpeh0nx4fu.jpg\" alt=\"tmpeh0nx4fu\"><\/p>\n<h2 id=\"balise_9\">Ich habe im Traum die Farbe Maroon getragen: Was bedeutet das?<\/h2>\n<p>Tr\u00e4ume sind geheimnisvolle Bereiche, die manchmal symbolische Botschaften durch Farben wie Maroon \u00fcbermitteln. Wenn Sie in Ihrer Traumwelt die Farbe Maroon getragen haben, k\u00f6nnte dies auf einen Bedarf an St\u00e4rkung oder Ver\u00e4nderungsannahme hinweisen. Nutzen Sie neue M\u00f6glichkeiten ohne Angst!<\/p>\n<p>Das Tragen von Maroon bietet eine Vielzahl von M\u00f6glichkeiten, sich kreativ durch Modeauswahl auszudr\u00fccken. Ob Sie einen anspruchsvollen Look anstreben oder ein mutiges Statement abgeben m\u00f6chten, diese vielseitige Nuance stellt sicher, dass Ihre Outfits sich von der Masse abheben und Ihre einzigartige Pers\u00f6nlichkeit widerspiegeln.<\/p>\n<p>F\u00fcgen Sie also einige faszinierend reiche Schattierungen von Maroon zu Ihrer Garderobenpalette hinzu und lassen sie Ihre lebendige Energie entfesseln!<\/p>\n","protected":false},"excerpt":{"rendered":"<p>Tauchen Sie ein in die reiche, k\u00fchne Welt von Maroon! Eine Farbe, die Selbstbewusstsein und Klasse ausstrahlt.<\/p>\n","protected":false},"author":1,"featured_media":5009,"comment_status":"open","ping_status":"closed","sticky":false,"template":"","format":"standard","meta":{"_acf_changed":false,"_et_pb_use_builder":"","_et_pb_old_content":"","_et_gb_content_width":"","footnotes":""},"categories":[38],"tags":[],"class_list":["post-2954","post","type-post","status-publish","format-standard","has-post-thumbnail","hentry","category-look-style"],"acf":[],"yoast_head":"<!-- This site is optimized with the Yoast SEO plugin v27.5 - https:\/\/yoast.com\/product\/yoast-seo-wordpress\/ -->\n<title>Weinrot tragen: Kombinationen, Psychologie usw | Belgae<\/title>\n<meta name=\"robots\" content=\"index, follow, max-snippet:-1, max-image-preview:large, max-video-preview:-1\" \/>\n<link rel=\"canonical\" href=\"https:\/\/www.belgae.be\/de\/blog\/traegt-maroon\/\" \/>\n<meta property=\"og:locale\" content=\"de_DE\" \/>\n<meta property=\"og:type\" content=\"article\" \/>\n<meta property=\"og:title\" content=\"Weinrot tragen: Kombinationen, Psychologie usw | Belgae\" \/>\n<meta property=\"og:description\" content=\"Tauchen Sie ein in die reiche, k\u00fchne Welt von Maroon! Eine Farbe, die Selbstbewusstsein und Klasse ausstrahlt.\" \/>\n<meta property=\"og:url\" content=\"https:\/\/www.belgae.be\/de\/blog\/traegt-maroon\/\" \/>\n<meta property=\"og:site_name\" content=\"Belgae\" \/>\n<meta property=\"article:published_time\" content=\"2023-08-03T13:42:53+00:00\" \/>\n<meta property=\"article:modified_time\" content=\"2023-08-04T10:42:48+00:00\" \/>\n<meta name=\"author\" content=\"Cyril Gendarme\" \/>\n<meta name=\"twitter:card\" content=\"summary_large_image\" \/>\n<meta name=\"twitter:label1\" content=\"Verfasst von\" \/>\n\t<meta name=\"twitter:data1\" content=\"Cyril Gendarme\" \/>\n\t<meta name=\"twitter:label2\" content=\"Gesch\u00e4tzte Lesezeit\" \/>\n\t<meta name=\"twitter:data2\" content=\"11\u00a0Minuten\" \/>\n<script type=\"application\/ld+json\" class=\"yoast-schema-graph\">{\"@context\":\"https:\\\/\\\/schema.org\",\"@graph\":[{\"@type\":\"Article\",\"@id\":\"https:\\\/\\\/www.belgae.be\\\/de\\\/blog\\\/traegt-maroon\\\/#article\",\"isPartOf\":{\"@id\":\"https:\\\/\\\/www.belgae.be\\\/de\\\/blog\\\/traegt-maroon\\\/\"},\"author\":{\"name\":\"Cyril Gendarme\",\"@id\":\"https:\\\/\\\/www.belgae.be\\\/de\\\/#\\\/schema\\\/person\\\/646b40b88212bc5335f9c4fa787df047\"},\"headline\":\"Weinrot tragen: Kombinationen, Psychologie usw\",\"datePublished\":\"2023-08-03T13:42:53+00:00\",\"dateModified\":\"2023-08-04T10:42:48+00:00\",\"mainEntityOfPage\":{\"@id\":\"https:\\\/\\\/www.belgae.be\\\/de\\\/blog\\\/traegt-maroon\\\/\"},\"wordCount\":1570,\"commentCount\":0,\"publisher\":{\"@id\":\"https:\\\/\\\/www.belgae.be\\\/de\\\/#organization\"},\"image\":{\"@id\":\"https:\\\/\\\/www.belgae.be\\\/de\\\/blog\\\/traegt-maroon\\\/#primaryimage\"},\"thumbnailUrl\":\"https:\\\/\\\/www.belgae.be\\\/de\\\/wp-content\\\/uploads\\\/sites\\\/2\\\/2023\\\/08\\\/cyril_ge_Brussel_black_and_white_Franco-Belgian_comic_style_bla_23a87677-5e79-4c37-9d5f-faaa16e3362d.jpg\",\"articleSection\":[\"Look &amp; Style\"],\"inLanguage\":\"de\",\"potentialAction\":[{\"@type\":\"CommentAction\",\"name\":\"Comment\",\"target\":[\"https:\\\/\\\/www.belgae.be\\\/de\\\/blog\\\/traegt-maroon\\\/#respond\"]}]},{\"@type\":\"WebPage\",\"@id\":\"https:\\\/\\\/www.belgae.be\\\/de\\\/blog\\\/traegt-maroon\\\/\",\"url\":\"https:\\\/\\\/www.belgae.be\\\/de\\\/blog\\\/traegt-maroon\\\/\",\"name\":\"Weinrot tragen: Kombinationen, Psychologie usw | Belgae\",\"isPartOf\":{\"@id\":\"https:\\\/\\\/www.belgae.be\\\/de\\\/#website\"},\"primaryImageOfPage\":{\"@id\":\"https:\\\/\\\/www.belgae.be\\\/de\\\/blog\\\/traegt-maroon\\\/#primaryimage\"},\"image\":{\"@id\":\"https:\\\/\\\/www.belgae.be\\\/de\\\/blog\\\/traegt-maroon\\\/#primaryimage\"},\"thumbnailUrl\":\"https:\\\/\\\/www.belgae.be\\\/de\\\/wp-content\\\/uploads\\\/sites\\\/2\\\/2023\\\/08\\\/cyril_ge_Brussel_black_and_white_Franco-Belgian_comic_style_bla_23a87677-5e79-4c37-9d5f-faaa16e3362d.jpg\",\"datePublished\":\"2023-08-03T13:42:53+00:00\",\"dateModified\":\"2023-08-04T10:42:48+00:00\",\"breadcrumb\":{\"@id\":\"https:\\\/\\\/www.belgae.be\\\/de\\\/blog\\\/traegt-maroon\\\/#breadcrumb\"},\"inLanguage\":\"de\",\"potentialAction\":[{\"@type\":\"ReadAction\",\"target\":[\"https:\\\/\\\/www.belgae.be\\\/de\\\/blog\\\/traegt-maroon\\\/\"]}]},{\"@type\":\"ImageObject\",\"inLanguage\":\"de\",\"@id\":\"https:\\\/\\\/www.belgae.be\\\/de\\\/blog\\\/traegt-maroon\\\/#primaryimage\",\"url\":\"https:\\\/\\\/www.belgae.be\\\/de\\\/wp-content\\\/uploads\\\/sites\\\/2\\\/2023\\\/08\\\/cyril_ge_Brussel_black_and_white_Franco-Belgian_comic_style_bla_23a87677-5e79-4c37-9d5f-faaa16e3362d.jpg\",\"contentUrl\":\"https:\\\/\\\/www.belgae.be\\\/de\\\/wp-content\\\/uploads\\\/sites\\\/2\\\/2023\\\/08\\\/cyril_ge_Brussel_black_and_white_Franco-Belgian_comic_style_bla_23a87677-5e79-4c37-9d5f-faaa16e3362d.jpg\"},{\"@type\":\"BreadcrumbList\",\"@id\":\"https:\\\/\\\/www.belgae.be\\\/de\\\/blog\\\/traegt-maroon\\\/#breadcrumb\",\"itemListElement\":[{\"@type\":\"ListItem\",\"position\":1,\"name\":\"Accueil\",\"item\":\"https:\\\/\\\/www.belgae.be\\\/de\\\/\"},{\"@type\":\"ListItem\",\"position\":2,\"name\":\"Weinrot tragen: Kombinationen, Psychologie usw\"}]},{\"@type\":\"WebSite\",\"@id\":\"https:\\\/\\\/www.belgae.be\\\/de\\\/#website\",\"url\":\"https:\\\/\\\/www.belgae.be\\\/de\\\/\",\"name\":\"Belgae\",\"description\":\"Belgische Kunst &amp; Mode\",\"publisher\":{\"@id\":\"https:\\\/\\\/www.belgae.be\\\/de\\\/#organization\"},\"potentialAction\":[{\"@type\":\"SearchAction\",\"target\":{\"@type\":\"EntryPoint\",\"urlTemplate\":\"https:\\\/\\\/www.belgae.be\\\/de\\\/?s={search_term_string}\"},\"query-input\":{\"@type\":\"PropertyValueSpecification\",\"valueRequired\":true,\"valueName\":\"search_term_string\"}}],\"inLanguage\":\"de\"},{\"@type\":\"Organization\",\"@id\":\"https:\\\/\\\/www.belgae.be\\\/de\\\/#organization\",\"name\":\"Belgae\",\"url\":\"https:\\\/\\\/www.belgae.be\\\/de\\\/\",\"logo\":{\"@type\":\"ImageObject\",\"inLanguage\":\"de\",\"@id\":\"https:\\\/\\\/www.belgae.be\\\/de\\\/#\\\/schema\\\/logo\\\/image\\\/\",\"url\":\"https:\\\/\\\/www.belgae.be\\\/de\\\/wp-content\\\/uploads\\\/sites\\\/2\\\/2023\\\/07\\\/Sans-titre1-Copie.png\",\"contentUrl\":\"https:\\\/\\\/www.belgae.be\\\/de\\\/wp-content\\\/uploads\\\/sites\\\/2\\\/2023\\\/07\\\/Sans-titre1-Copie.png\",\"width\":88,\"height\":88,\"caption\":\"Belgae\"},\"image\":{\"@id\":\"https:\\\/\\\/www.belgae.be\\\/de\\\/#\\\/schema\\\/logo\\\/image\\\/\"}},{\"@type\":\"Person\",\"@id\":\"https:\\\/\\\/www.belgae.be\\\/de\\\/#\\\/schema\\\/person\\\/646b40b88212bc5335f9c4fa787df047\",\"name\":\"Cyril Gendarme\",\"sameAs\":[\"https:\\\/\\\/www.belgae.be\"],\"url\":\"https:\\\/\\\/www.belgae.be\\\/de\\\/blog\\\/author\\\/cgen\\\/\"}]}<\/script>\n<!-- \/ Yoast SEO plugin. -->","yoast_head_json":{"title":"Weinrot tragen: Kombinationen, Psychologie usw | Belgae","robots":{"index":"index","follow":"follow","max-snippet":"max-snippet:-1","max-image-preview":"max-image-preview:large","max-video-preview":"max-video-preview:-1"},"canonical":"https:\/\/www.belgae.be\/de\/blog\/traegt-maroon\/","og_locale":"de_DE","og_type":"article","og_title":"Weinrot tragen: Kombinationen, Psychologie usw | Belgae","og_description":"Tauchen Sie ein in die reiche, k\u00fchne Welt von Maroon! Eine Farbe, die Selbstbewusstsein und Klasse ausstrahlt.","og_url":"https:\/\/www.belgae.be\/de\/blog\/traegt-maroon\/","og_site_name":"Belgae","article_published_time":"2023-08-03T13:42:53+00:00","article_modified_time":"2023-08-04T10:42:48+00:00","author":"Cyril Gendarme","twitter_card":"summary_large_image","twitter_misc":{"Verfasst von":"Cyril Gendarme","Gesch\u00e4tzte Lesezeit":"11\u00a0Minuten"},"schema":{"@context":"https:\/\/schema.org","@graph":[{"@type":"Article","@id":"https:\/\/www.belgae.be\/de\/blog\/traegt-maroon\/#article","isPartOf":{"@id":"https:\/\/www.belgae.be\/de\/blog\/traegt-maroon\/"},"author":{"name":"Cyril Gendarme","@id":"https:\/\/www.belgae.be\/de\/#\/schema\/person\/646b40b88212bc5335f9c4fa787df047"},"headline":"Weinrot tragen: Kombinationen, Psychologie usw","datePublished":"2023-08-03T13:42:53+00:00","dateModified":"2023-08-04T10:42:48+00:00","mainEntityOfPage":{"@id":"https:\/\/www.belgae.be\/de\/blog\/traegt-maroon\/"},"wordCount":1570,"commentCount":0,"publisher":{"@id":"https:\/\/www.belgae.be\/de\/#organization"},"image":{"@id":"https:\/\/www.belgae.be\/de\/blog\/traegt-maroon\/#primaryimage"},"thumbnailUrl":"https:\/\/www.belgae.be\/de\/wp-content\/uploads\/sites\/2\/2023\/08\/cyril_ge_Brussel_black_and_white_Franco-Belgian_comic_style_bla_23a87677-5e79-4c37-9d5f-faaa16e3362d.jpg","articleSection":["Look &amp; Style"],"inLanguage":"de","potentialAction":[{"@type":"CommentAction","name":"Comment","target":["https:\/\/www.belgae.be\/de\/blog\/traegt-maroon\/#respond"]}]},{"@type":"WebPage","@id":"https:\/\/www.belgae.be\/de\/blog\/traegt-maroon\/","url":"https:\/\/www.belgae.be\/de\/blog\/traegt-maroon\/","name":"Weinrot tragen: Kombinationen, Psychologie usw | Belgae","isPartOf":{"@id":"https:\/\/www.belgae.be\/de\/#website"},"primaryImageOfPage":{"@id":"https:\/\/www.belgae.be\/de\/blog\/traegt-maroon\/#primaryimage"},"image":{"@id":"https:\/\/www.belgae.be\/de\/blog\/traegt-maroon\/#primaryimage"},"thumbnailUrl":"https:\/\/www.belgae.be\/de\/wp-content\/uploads\/sites\/2\/2023\/08\/cyril_ge_Brussel_black_and_white_Franco-Belgian_comic_style_bla_23a87677-5e79-4c37-9d5f-faaa16e3362d.jpg","datePublished":"2023-08-03T13:42:53+00:00","dateModified":"2023-08-04T10:42:48+00:00","breadcrumb":{"@id":"https:\/\/www.belgae.be\/de\/blog\/traegt-maroon\/#breadcrumb"},"inLanguage":"de","potentialAction":[{"@type":"ReadAction","target":["https:\/\/www.belgae.be\/de\/blog\/traegt-maroon\/"]}]},{"@type":"ImageObject","inLanguage":"de","@id":"https:\/\/www.belgae.be\/de\/blog\/traegt-maroon\/#primaryimage","url":"https:\/\/www.belgae.be\/de\/wp-content\/uploads\/sites\/2\/2023\/08\/cyril_ge_Brussel_black_and_white_Franco-Belgian_comic_style_bla_23a87677-5e79-4c37-9d5f-faaa16e3362d.jpg","contentUrl":"https:\/\/www.belgae.be\/de\/wp-content\/uploads\/sites\/2\/2023\/08\/cyril_ge_Brussel_black_and_white_Franco-Belgian_comic_style_bla_23a87677-5e79-4c37-9d5f-faaa16e3362d.jpg"},{"@type":"BreadcrumbList","@id":"https:\/\/www.belgae.be\/de\/blog\/traegt-maroon\/#breadcrumb","itemListElement":[{"@type":"ListItem","position":1,"name":"Accueil","item":"https:\/\/www.belgae.be\/de\/"},{"@type":"ListItem","position":2,"name":"Weinrot tragen: Kombinationen, Psychologie usw"}]},{"@type":"WebSite","@id":"https:\/\/www.belgae.be\/de\/#website","url":"https:\/\/www.belgae.be\/de\/","name":"Belgae","description":"Belgische Kunst &amp; Mode","publisher":{"@id":"https:\/\/www.belgae.be\/de\/#organization"},"potentialAction":[{"@type":"SearchAction","target":{"@type":"EntryPoint","urlTemplate":"https:\/\/www.belgae.be\/de\/?s={search_term_string}"},"query-input":{"@type":"PropertyValueSpecification","valueRequired":true,"valueName":"search_term_string"}}],"inLanguage":"de"},{"@type":"Organization","@id":"https:\/\/www.belgae.be\/de\/#organization","name":"Belgae","url":"https:\/\/www.belgae.be\/de\/","logo":{"@type":"ImageObject","inLanguage":"de","@id":"https:\/\/www.belgae.be\/de\/#\/schema\/logo\/image\/","url":"https:\/\/www.belgae.be\/de\/wp-content\/uploads\/sites\/2\/2023\/07\/Sans-titre1-Copie.png","contentUrl":"https:\/\/www.belgae.be\/de\/wp-content\/uploads\/sites\/2\/2023\/07\/Sans-titre1-Copie.png","width":88,"height":88,"caption":"Belgae"},"image":{"@id":"https:\/\/www.belgae.be\/de\/#\/schema\/logo\/image\/"}},{"@type":"Person","@id":"https:\/\/www.belgae.be\/de\/#\/schema\/person\/646b40b88212bc5335f9c4fa787df047","name":"Cyril Gendarme","sameAs":["https:\/\/www.belgae.be"],"url":"https:\/\/www.belgae.be\/de\/blog\/author\/cgen\/"}]}},"_links":{"self":[{"href":"https:\/\/www.belgae.be\/de\/wp-json\/wp\/v2\/posts\/2954","targetHints":{"allow":["GET"]}}],"collection":[{"href":"https:\/\/www.belgae.be\/de\/wp-json\/wp\/v2\/posts"}],"about":[{"href":"https:\/\/www.belgae.be\/de\/wp-json\/wp\/v2\/types\/post"}],"author":[{"embeddable":true,"href":"https:\/\/www.belgae.be\/de\/wp-json\/wp\/v2\/users\/1"}],"replies":[{"embeddable":true,"href":"https:\/\/www.belgae.be\/de\/wp-json\/wp\/v2\/comments?post=2954"}],"version-history":[{"count":0,"href":"https:\/\/www.belgae.be\/de\/wp-json\/wp\/v2\/posts\/2954\/revisions"}],"wp:featuredmedia":[{"embeddable":true,"href":"https:\/\/www.belgae.be\/de\/wp-json\/"}],"wp:attachment":[{"href":"https:\/\/www.belgae.be\/de\/wp-json\/wp\/v2\/media?parent=2954"}],"wp:term":[{"taxonomy":"category","embeddable":true,"href":"https:\/\/www.belgae.be\/de\/wp-json\/wp\/v2\/categories?post=2954"},{"taxonomy":"post_tag","embeddable":true,"href":"https:\/\/www.belgae.be\/de\/wp-json\/wp\/v2\/tags?post=2954"}],"curies":[{"name":"wp","href":"https:\/\/api.w.org\/{rel}","templated":true}]}}