{"id":2951,"date":"2023-08-03T13:42:05","date_gmt":"2023-08-03T13:42:05","guid":{"rendered":"https:\/\/www.belgae.be\/de\/blog\/cyan-tragen\/"},"modified":"2023-08-03T13:42:05","modified_gmt":"2023-08-03T13:42:05","slug":"cyan-tragen","status":"publish","type":"post","link":"https:\/\/www.belgae.be\/de\/blog\/cyan-tragen\/","title":{"rendered":"Cyan tragen: Kombinationen, Psychologie, usw"},"content":{"rendered":"<p>Machen Sie sich bereit, in die lebendige Welt von Cyan einzutauchen, einer Farbe, die alles andere als sch\u00fcchtern ist! In diesem Artikel werden wir alles \u00fcber das Tragen von Cyan erkunden &#8211; seine spritzigen Kombinationen und faszinierende Psychologie. <\/p>\n<p>Bereit f\u00fcr ein Abenteuer in der Mode?<\/p>\n<p> Lassen Sie uns Ihre Garderobe mit Schattierungen von Cyan bemalen!<\/p>\n<section class=\"contentTable_table\">\n<p class=\"contentTable_title\">Inhalt: <\/p>\n<p class=\"contentTable_elem\"><a href=\"#balise_0\">1. Einf\u00fchrung: Wie tr\u00e4gt man die Farbe Cyan? <\/a><\/p>\n<p class=\"contentTable_elem\"><a href=\"#balise_1\">2. Welche Emotionen werden durch das Tragen der Farbe Cyan ausgedr\u00fcckt? <\/a><\/p>\n<p class=\"contentTable_elem\"><a href=\"#balise_2\">3. Kombinationen: Welche Farben passen zu Cyan-Kleidung? <\/a><\/p>\n<p class=\"contentTable_elem\"><a href=\"#balise_3\">4. Welcher Hautton passt gut zu einem Cyan-Outfit? <\/a><\/p>\n<p class=\"contentTable_elem\"><a href=\"#balise_4\">5. Die beste Jahreszeit, um die Farbe Cyan zu tragen<\/a><\/p>\n<p class=\"contentTable_elem\"><a href=\"#balise_5\">6. Cyanfarbene Schuhe tragen: Eine gute Idee? <\/a><\/p>\n<p class=\"contentTable_elem\"><a href=\"#balise_6\">7. Mode-Fauxpas: H\u00e4ufige Fehler, die man vermeiden sollte, wenn man Cyan tr\u00e4gt<\/a><\/p>\n<p class=\"contentTable_elem\"><a href=\"#balise_7\">8. Die Auswirkungen des Tragens der Farbe Cyan auf unsere Psychologie<\/a><\/p>\n<p class=\"contentTable_elem\"><a href=\"#balise_8\">9. Tragen der Farbe Cyan: Welche spirituelle Bedeutung? <\/a><\/p>\n<p class=\"contentTable_elem\"><a href=\"#balise_9\">10. Ich habe in einem Traum die Farbe Cyan getragen: Was ist die Bedeutung? <\/a><\/p>\n<\/section>\n<p><img loading=\"lazy\" decoding=\"async\" class=\"lazyload articleImageSquare_CGEN\" height=\"400\" width=\"400\" src=\"https:\/\/www.belgae.be\/imageHolder\/\/wp-content\/uploads\/sites\/2\/2023\/07\/loading-spinner-belgae.gif\" data-src=\"https:\/\/www.belgae.be\/imageHolder\/\/wp-content\/uploads\/sites\/2\/2023\/08\/tmp1wx4g12a.jpg\" alt=\"tmp1wx4g12a\" \/><\/p>\n<h2 id=\"balise_0\">Einf\u00fchrung: Wie tr\u00e4gt man die Farbe Cyan? <\/h2>\n<p>Bereit, deiner Garderobe einen Hauch lebendiger Farbe zu verleihen?<\/p>\n<p> Trage Cyan! Diese atemberaubende Nuance ist ein sicherer Hingucker und setzt ein mutiges Statement. Ob du diese Farbnuance erst entdeckst oder bereits Fan bist, hier findest du alle Tipps und Tricks f\u00fcr selbstbewussten Style.<\/p>\n<p>Cyan kann auf vielf\u00e4ltige Weisen getragen werden. Es passt perfekt zu Jeans oder l\u00e4sst sich elegant mit Schwarz kombinieren. Ein cyanfarbenes Kleid w\u00e4re auch eine ausgezeichnete Wahl f\u00fcr besondere Anl\u00e4sse.<\/p>\n<p>Vergiss nicht, Accessoires hinzuzuf\u00fcgen! Schmuck in Silber- oder Goldt\u00f6nen erg\u00e4nzt das Outfit wunderbar. Auch Taschen und Schuhe in neutralen Farbt\u00f6nen sind ideal dazu.<\/p>\n<p>Am Ende des Tages geht es darum, Spa\u00df an Mode zu haben und sich wohlzuf\u00fchlen &#8211; also sei mutig! Mit diesen Tipps wird jeder Look mit Cyan zum Erfolg.<\/p>\n<p><img loading=\"lazy\" decoding=\"async\" class=\"lazyload articleImageSquare_CGEN\" height=\"400\" width=\"400\" src=\"https:\/\/www.belgae.be\/imageHolder\/\/wp-content\/uploads\/sites\/2\/2023\/07\/loading-spinner-belgae.gif\" data-src=\"https:\/\/www.belgae.be\/imageHolder\/\/wp-content\/uploads\/sites\/2\/2023\/08\/tmphn9jypzh.jpg\" alt=\"tmphn9jypzh\" \/><\/p>\n<h2 id=\"balise_1\">Welche Emotionen werden durch das Tragen der Farbe Cyan ausgedr\u00fcckt? <\/h2>\n<p>Cyan ist bekannt f\u00fcr seine beruhigenden und wohltuenden Eigenschaften. Tragen Sie diese Farbe, l\u00f6st sie Gef\u00fchle von Ruhe, Gelassenheit und Entspannung aus. Es ist so als ob man eine pers\u00f6nliche Oase \u00fcberall hin mitnimmt!<\/p>\n<p>Verbessern des Textes f\u00fcr ein optimiertes Ranking:<\/p>\n<p>Die Farbe Cyan strahlt Beruhigung und Wohlsein aus. Bei ihrer Verwendung entfaltet sich eine Atmosph\u00e4re der Stille, des Friedens sowie der Erholung. Gleichsam einer mobilen Wohlf\u00fchlzone begleitet sie ihren Tr\u00e4ger.<\/p>\n<p>Die Pr\u00e4senz von Cyan bringt Harmonie und Ausgeglichenheit hervor. Diese Nuance schafft ein Ambiente voller Frieden, Ruhe und Regeneration &#8211; vergleichbar mit einem tragbaren Zufluchtsort.<\/p>\n<p>Mit dem Einsatz von Cyan wird jeder Ort zu einer Quelle der Ruhe. Diese Schattierung wirkt wie ein tragbares Refugium zur Entspannung &#8211; es entsteht eine Aura vollkommenen inneren Friedens.<\/p>\n<p>Das Anlegen von Cyan verwandelt jede Umgebung in einen Raum puren Komforts. Es erzeugt das Gef\u00fchl eines transportablen R\u00fcckzugsorts &#8211; perfekt zum Abschalten nach einem langen Tag.<\/p>\n<p>Insgesamt vermittelt die Farbe Cyan durch ihre sanfte Energie entspannte Stimmungen \u2013 gleichsam einer Oase des Wohlbefindens an jedem Ort!<\/p>\n<p><img loading=\"lazy\" decoding=\"async\" class=\"lazyload articleImageSquare_CGEN\" height=\"400\" width=\"400\" src=\"https:\/\/www.belgae.be\/imageHolder\/\/wp-content\/uploads\/sites\/2\/2023\/07\/loading-spinner-belgae.gif\" data-src=\"https:\/\/www.belgae.be\/imageHolder\/\/wp-content\/uploads\/sites\/2\/2023\/08\/tmp2_1wo2il.jpg\" alt=\"tmp2_1wo2il\" \/><\/p>\n<h2 id=\"balise_2\">Kombinationen: Welche Farben passen zu Cyan-Kleidung? <\/h2>\n<p>Beim Kombinieren von Farben mit cyanfarbener Kleidung sind die M\u00f6glichkeiten endlos! F\u00fcr einen auff\u00e4lligen Look, der wirklich hervorsticht, probieren Sie Cyan mit komplement\u00e4ren Farbt\u00f6nen wie Koralle oder Orange zu kombinieren. Wenn Sie einen subtileren Ansatz bevorzugen, w\u00e4hlen Sie neutrale T\u00f6ne wie Wei\u00df oder Grau &#8211; sie lassen das Cyan leuchten und f\u00fcgen gleichzeitig Raffinesse hinzu.<\/p>\n<p>Farbkombinationen k\u00f6nnen ein Outfit zum Leben erwecken. Und wenn es um cyanfarbene Kleidung geht, ist die Auswahl gro\u00dfartig! Starke Akzente setzen?<\/p>\n<p> Probieren Sie Koralle oder Orange aus. Diese Farben harmonisieren perfekt miteinander und sorgen f\u00fcr den extra Wow-Effekt.<\/p>\n<p>Aber auch sanftere T\u00f6ne haben ihren Reiz. Neutraler Wei\u00df- oder Grauton l\u00e4sst das Cyan strahlen und verleiht dem Ganzen eine edle Note. Es ist immer wieder erstaunlich, welche Wirkung die richtige Farbwahl auf den Gesamteindruck eines Outfits hat!<\/p>\n<p>Egal ob mutig und schrill oder dezent und klassisch: Mit Cyan kann man einfach nichts falsch machen!<\/p>\n<p><img loading=\"lazy\" decoding=\"async\" class=\"lazyload articleImageSquare_CGEN\" height=\"400\" width=\"400\" src=\"https:\/\/www.belgae.be\/imageHolder\/\/wp-content\/uploads\/sites\/2\/2023\/07\/loading-spinner-belgae.gif\" data-src=\"https:\/\/www.belgae.be\/imageHolder\/\/wp-content\/uploads\/sites\/2\/2023\/08\/tmp4n3sjwmz.jpg\" alt=\"tmp4n3sjwmz\" \/><\/p>\n<h2 id=\"balise_3\">Welcher Hautton passt gut zu einem Cyan-Outfit? <\/h2>\n<p>Das Tragen von Cyan hat den gro\u00dfen Vorteil, dass es zu verschiedenen Hautt\u00f6nen wunderbar passt. Bei heller Haut entsteht durch den Kontrast zur lebhaften Farbe ein \u00e4therischer Glanz. Diejenigen mit mittlerem oder olivfarbenem Teint k\u00f6nnen ihre nat\u00fcrliche W\u00e4rme mit dieser Nuance unterstreichen.<\/p>\n<p>Selbst Menschen mit dunkleren Teints werden feststellen, dass Cyan ihrer Erscheinung eine reiche Tiefe verleiht. Diese Farbe bietet einen harmonischen Ausgleich und l\u00e4sst die Haut gesund und strahlend aussehen. Es ist eine universelle Wahl f\u00fcr alle Sch\u00f6nheitsliebhaber.<\/p>\n<p>Es lohnt sich also definitiv, in Kleidungsst\u00fccke in dieser auff\u00e4lligen Farbe zu investieren! Sie wird Ihre Garderobe aufwerten und Ihnen das Selbstvertrauen geben, um mutig Ihren individuellen Stil auszudr\u00fccken.<\/p>\n<p><img loading=\"lazy\" decoding=\"async\" class=\"lazyload articleImageSquare_CGEN\" height=\"400\" width=\"400\" src=\"https:\/\/www.belgae.be\/imageHolder\/\/wp-content\/uploads\/sites\/2\/2023\/07\/loading-spinner-belgae.gif\" data-src=\"https:\/\/www.belgae.be\/imageHolder\/\/wp-content\/uploads\/sites\/2\/2023\/08\/tmpcpjiipn0.jpg\" alt=\"tmpcpjiipn\" \/><\/p>\n<h2 id=\"balise_4\">Die beste Jahreszeit, um die Farbe Cyan zu tragen<\/h2>\n<p>Obwohl es nie wirklich eine falsche Zeit gibt, irgendeine Farbe zu tragen, wenn sie Sie fabelhaft f\u00fchlen l\u00e4sst &#8211; einige Jahreszeiten eignen sich besonders gut daf\u00fcr, cyanfarbene T\u00f6ne in all ihrer Pracht zur Schau zu stellen! Der Fr\u00fchling scheint wie gemacht f\u00fcr frische Farben, die an bl\u00fchende Blumen erinnern.<\/p>\n<p>Der Sommer ruft nach leuchtenden Paletten, die den klaren blauen Himmel widerspiegeln. Der Herbst bietet die M\u00f6glichkeit sich gegen\u00fcber den warmen Farbt\u00f6nen der Natur abzuheben. Selbst im Winter kann das Tragen von Cyan als fr\u00f6hliche Erinnerung an w\u00e4rmere Tage wirken.<\/p>\n<p>In jeder Saison hat Cyan seinen Platz. Es ist ein Ausdruck von Freude und Lebendigkeit. Egal ob Fr\u00fchling oder Winter &#8211; mit dieser Farbe k\u00f6nnen Sie immer strahlen! Also z\u00f6gern Sie nicht l\u00e4nger und bringen Sie etwas mehr Cyan in Ihr Leben!<\/p>\n<p>Das Tragen von Cyan wird Ihre Stimmung aufhellen und Ihren Tag erhellen. Probieren Sie es aus und erleben Sie selbst den Unterschied!<\/p>\n<p><img loading=\"lazy\" decoding=\"async\" class=\"lazyload articleImageSquare_CGEN\" height=\"400\" width=\"400\" src=\"https:\/\/www.belgae.be\/imageHolder\/\/wp-content\/uploads\/sites\/2\/2023\/07\/loading-spinner-belgae.gif\" data-src=\"https:\/\/www.belgae.be\/imageHolder\/\/wp-content\/uploads\/sites\/2\/2023\/08\/tmpo7wlt4q2.jpg\" alt=\"tmpo7wlt4q\" \/><\/p>\n<h2 id=\"balise_5\">Cyanfarbene Schuhe tragen: Eine gute Idee? <\/h2>\n<p>Nat\u00fcrlich! Cyanfarbene Schuhe zu tragen ist eine hervorragende M\u00f6glichkeit, jedem Outfit einen verspielten Farbtupfer zu verleihen. Egal ob mit Sneakers oder High Heels, dieser leuchtende Farbton hebt Ihr Aussehen sofort von gew\u00f6hnlich auf au\u00dfergew\u00f6hnlich.<\/p>\n<p>Kombinieren Sie sie mit neutralen T\u00f6nen f\u00fcr den gr\u00f6\u00dftm\u00f6glichen Effekt. Nutzen Sie sie als Mittelpunkt bei der Gestaltung mutiger und eklektischer Ensembles. Es besteht kein Zweifel daran, dass cyanfarbene Schuhe ein modisches Statement setzen k\u00f6nnen.<\/p>\n<p>Erforschen Sie die vielseitigen M\u00f6glichkeiten dieses auff\u00e4lligen Farbtnos in Ihrer Garderobe und lassen Sie Ihre Kreativit\u00e4t freien Lauf! Mit cyanfarbenen Schuhen kann man nie falsch liegen &#8211; sie sind immer ein Hingucker.<\/p>\n<p><img loading=\"lazy\" decoding=\"async\" class=\"lazyload articleImageSquare_CGEN\" height=\"400\" width=\"400\" src=\"https:\/\/www.belgae.be\/imageHolder\/\/wp-content\/uploads\/sites\/2\/2023\/07\/loading-spinner-belgae.gif\" data-src=\"https:\/\/www.belgae.be\/imageHolder\/\/wp-content\/uploads\/sites\/2\/2023\/08\/tmpxj3xs_ph.jpg\" alt=\"tmpxj3xs_ph\" \/><\/p>\n<h2 id=\"balise_6\">Mode-Fauxpas: H\u00e4ufige Fehler, die man vermeiden sollte, wenn man Cyan tr\u00e4gt<\/h2>\n<p>Obwohl Experimentierfreude und pers\u00f6nlicher Stil hochgesch\u00e4tzt werden, gibt es einige Modefehler, die vermieden werden sollten. Ein weit verbreiteter Fehler ist das \u00dcbertreiben mit zu vielen leuchtenden Farben in einem Outfit &#8211; oft ist weniger mehr!<\/p>\n<p>Seien Sie sich bewusst von kollidierenden T\u00f6nen, die m\u00f6glicherweise mit der Lebendigkeit Ihrer Kleidung konkurrieren k\u00f6nnten. Stattdessen streben Sie harmonische Kombinationen an, die deren Sch\u00f6nheit unterstreichen.<\/p>\n<p>Es kann verlockend sein, mutige Entscheidungen zu treffen und aufzufallen. Dennoch sollte man immer daran denken: Balance ist der Schl\u00fcssel zur Perfektion! Vermeiden Sie \u00fcberm\u00e4\u00dfiges Hinzuf\u00fcgen von Accessoires oder auff\u00e4lligen Mustern.<\/p>\n<p>Die Wahl der richtigen Farbkombination kann einen gro\u00dfen Unterschied machen. W\u00e4hlen Sie weise aus und lassen Ihre Kleidung f\u00fcr sich selbst sprechen!<\/p>\n<p><img loading=\"lazy\" decoding=\"async\" class=\"lazyload articleImageSquare_CGEN\" height=\"400\" width=\"400\" src=\"https:\/\/www.belgae.be\/imageHolder\/\/wp-content\/uploads\/sites\/2\/2023\/07\/loading-spinner-belgae.gif\" data-src=\"https:\/\/www.belgae.be\/imageHolder\/\/wp-content\/uploads\/sites\/2\/2023\/08\/tmpxfxvcnf_.jpg\" alt=\"tmpxfxvcnf_\" \/><\/p>\n<h2 id=\"balise_7\">Die Auswirkungen des Tragens der Farbe Cyan auf unsere Psychologie<\/h2>\n<p>Farben beeinflussen unsere Stimmung und Emotionen psychologisch &#8211; dazu geh\u00f6rt auch das Tragen von Cyan! Diese spezielle Nuance f\u00f6rdert Gef\u00fchle der Ruhe, Klarheit und Harmonie in uns. Es ist bekannt daf\u00fcr, Stresslevel zu reduzieren und Entspannung sowie geistige Konzentration anzuregen.<\/p>\n<p>Sie werden also nicht nur fabelhaft aussehen in cyanfarbener Kleidung, sondern sich auch fantastisch f\u00fchlen! Man kann sagen, dass die Farbe Cyan sowohl f\u00fcr den K\u00f6rper als auch f\u00fcr den Geist Vorteile hat. Es handelt sich um eine Farbe mit doppelter Wirkung!<\/p>\n<p>Zusammengefasst l\u00e4sst sich sagen: Die Wahl einer cyanfarbenen Garderobe bringt nicht nur \u00e4sthetische Vorteile mit sich. Sie tr\u00e4gt ebenso zur allgemeinen Verbesserung des Wohlbefindens bei. Probieren Sie es selbst aus: F\u00fcgen Sie mehr Cyan zu Ihrem Alltag hinzu!<\/p>\n<p><img loading=\"lazy\" decoding=\"async\" class=\"lazyload articleImageSquare_CGEN\" height=\"400\" width=\"400\" src=\"https:\/\/www.belgae.be\/imageHolder\/\/wp-content\/uploads\/sites\/2\/2023\/07\/loading-spinner-belgae.gif\" data-src=\"https:\/\/www.belgae.be\/imageHolder\/\/wp-content\/uploads\/sites\/2\/2023\/08\/tmp8lw34hjz.jpg\" alt=\"tmp8lw34hjz\" \/><\/p>\n<h2 id=\"balise_8\">Tragen der Farbe Cyan: Welche spirituelle Bedeutung? <\/h2>\n<p>In spirituellen Kreisen repr\u00e4sentiert das Tragen der Farbe Cyan Kommunikation und Selbstausdruck in ihrer reinsten Form. Es f\u00f6rdert den offenen Dialog sowohl intern (mit sich selbst) als auch extern (mit anderen). <\/p>\n<p>Das Anziehen dieser sch\u00f6nen Schattierung kann dabei helfen, Ihre Gedanken mit aufrichtigen Absichten abzustimmen und Authentizit\u00e4t in allen Lebensbereichen zu f\u00f6rdern. Das Hervorbringen von Ehrlichkeit ist ein Hauptmerkmal dieses faszinierenden Farbtons.<\/p>\n<p>Cyan symbolisiert nicht nur klare Gespr\u00e4che, sondern auch die Bereitschaft zur Zuh\u00f6rerschaft. Es ermutigt uns dazu, aufmerksam zuzuh\u00f6ren und auf diese Weise tieferes Verst\u00e4ndnis und Mitgef\u00fchl f\u00fcr andere zu entwickeln.<\/p>\n<p>Es ist also nicht verwunderlich, dass Cyan oft als eine Art &#8220;spirituelles Werkzeug&#8221; gesehen wird &#8211; es hilft uns dabei, unsere Wahrheiten auszudr\u00fccken und echte Beziehungen aufzubauen.<\/p>\n<p><img loading=\"lazy\" decoding=\"async\" class=\"lazyload articleImageSquare_CGEN\" height=\"400\" width=\"400\" src=\"https:\/\/www.belgae.be\/imageHolder\/\/wp-content\/uploads\/sites\/2\/2023\/07\/loading-spinner-belgae.gif\" data-src=\"https:\/\/www.belgae.be\/imageHolder\/\/wp-content\/uploads\/sites\/2\/2023\/08\/tmpmxdap68x.jpg\" alt=\"tmpmxdap68x\" \/><\/p>\n<h2 id=\"balise_9\">Ich habe in einem Traum die Farbe Cyan getragen: Was ist die Bedeutung? <\/h2>\n<p>Tr\u00e4ume sind ein faszinierendes Reich, in dem unser Unterbewusstsein oft durch Symbole und Farben mit uns kommuniziert. Das Tragen der Farbe Cyan im Traum k\u00f6nnte einen Wunsch nach Ruhe, emotionaler Ausgeglichenheit oder sogar kreativer Inspiration symbolisieren.<\/p>\n<p>Es k\u00f6nnte eine Einladung sein, diese Aspekte Ihrer selbst weiter zu erkunden und die beruhigende Energie zu umarmen, die das Tragen von Cyan mit sich bringt. Nun kennen Sie alles \u00fcber das Tragen von Cyan! Diese lebendige Nuance ist nicht nur optisch auff\u00e4llig.<\/p>\n<p>Sie tr\u00e4gt auch bedeutende emotionale und spirituelle Bedeutungen in sich. Ob Sie ein modisches Statement setzen oder seine psychologischen Effekte nutzen m\u00f6chten &#8211; die Integration dieser Farbe in Ihre Garderobe wird Sie zweifellos selbstbewusst, cool f\u00fchlen lassen und bereit sein, die Welt zu erobern!<\/p>\n","protected":false},"excerpt":{"rendered":"<p>Machen Sie sich bereit, in die lebendige Welt von Cyan einzutauchen, einer Farbe, die alles andere als sch\u00fcchtern ist!<\/p>\n","protected":false},"author":1,"featured_media":5006,"comment_status":"open","ping_status":"","sticky":false,"template":"","format":"standard","meta":{"_acf_changed":false,"_et_pb_use_builder":"","_et_pb_old_content":"","_et_gb_content_width":"","footnotes":""},"categories":[38],"tags":[],"class_list":["post-2951","post","type-post","status-publish","format-standard","has-post-thumbnail","hentry","category-look-style"],"acf":[],"yoast_head":"<!-- This site is optimized with the Yoast SEO plugin v27.5 - https:\/\/yoast.com\/product\/yoast-seo-wordpress\/ -->\n<title>Cyan tragen: Kombinationen, Psychologie, usw | Belgae<\/title>\n<meta name=\"robots\" content=\"index, follow, max-snippet:-1, max-image-preview:large, max-video-preview:-1\" \/>\n<link rel=\"canonical\" href=\"https:\/\/www.belgae.be\/de\/blog\/cyan-tragen\/\" \/>\n<meta property=\"og:locale\" content=\"de_DE\" \/>\n<meta property=\"og:type\" content=\"article\" \/>\n<meta property=\"og:title\" content=\"Cyan tragen: Kombinationen, Psychologie, usw | Belgae\" \/>\n<meta property=\"og:description\" content=\"Machen Sie sich bereit, in die lebendige Welt von Cyan einzutauchen, einer Farbe, die alles andere als sch\u00fcchtern ist!\" \/>\n<meta property=\"og:url\" content=\"https:\/\/www.belgae.be\/de\/blog\/cyan-tragen\/\" \/>\n<meta property=\"og:site_name\" content=\"Belgae\" \/>\n<meta property=\"article:published_time\" content=\"2023-08-03T13:42:05+00:00\" \/>\n<meta property=\"og:image\" content=\"https:\/\/www.belgae.be\/imageHolder\/\/wp-content\/uploads\/sites\/2\/2023\/07\/loading-spinner-belgae.gif\" \/>\n<meta name=\"author\" content=\"Cyril Gendarme\" \/>\n<meta name=\"twitter:card\" content=\"summary_large_image\" \/>\n<meta name=\"twitter:label1\" content=\"Verfasst von\" \/>\n\t<meta name=\"twitter:data1\" content=\"Cyril Gendarme\" \/>\n\t<meta name=\"twitter:label2\" content=\"Gesch\u00e4tzte Lesezeit\" \/>\n\t<meta name=\"twitter:data2\" content=\"8\u00a0Minuten\" \/>\n<script type=\"application\/ld+json\" class=\"yoast-schema-graph\">{\"@context\":\"https:\\\/\\\/schema.org\",\"@graph\":[{\"@type\":\"Article\",\"@id\":\"https:\\\/\\\/www.belgae.be\\\/de\\\/blog\\\/cyan-tragen\\\/#article\",\"isPartOf\":{\"@id\":\"https:\\\/\\\/www.belgae.be\\\/de\\\/blog\\\/cyan-tragen\\\/\"},\"author\":{\"name\":\"Cyril Gendarme\",\"@id\":\"https:\\\/\\\/www.belgae.be\\\/de\\\/#\\\/schema\\\/person\\\/646b40b88212bc5335f9c4fa787df047\"},\"headline\":\"Cyan tragen: Kombinationen, Psychologie, usw\",\"datePublished\":\"2023-08-03T13:42:05+00:00\",\"mainEntityOfPage\":{\"@id\":\"https:\\\/\\\/www.belgae.be\\\/de\\\/blog\\\/cyan-tragen\\\/\"},\"wordCount\":1647,\"commentCount\":0,\"publisher\":{\"@id\":\"https:\\\/\\\/www.belgae.be\\\/de\\\/#organization\"},\"image\":{\"@id\":\"https:\\\/\\\/www.belgae.be\\\/de\\\/blog\\\/cyan-tragen\\\/#primaryimage\"},\"thumbnailUrl\":\"https:\\\/\\\/www.belgae.be\\\/de\\\/wp-content\\\/uploads\\\/sites\\\/2\\\/2023\\\/08\\\/cyril_ge_miscellaneous_pieces_of_clothing_Franco-Belgian_comic__e8f26b6c-7141-4c32-b9c0-c26504a2fabf.jpg\",\"articleSection\":[\"Look &amp; Style\"],\"inLanguage\":\"de\",\"potentialAction\":[{\"@type\":\"CommentAction\",\"name\":\"Comment\",\"target\":[\"https:\\\/\\\/www.belgae.be\\\/de\\\/blog\\\/cyan-tragen\\\/#respond\"]}]},{\"@type\":\"WebPage\",\"@id\":\"https:\\\/\\\/www.belgae.be\\\/de\\\/blog\\\/cyan-tragen\\\/\",\"url\":\"https:\\\/\\\/www.belgae.be\\\/de\\\/blog\\\/cyan-tragen\\\/\",\"name\":\"Cyan tragen: Kombinationen, Psychologie, usw | Belgae\",\"isPartOf\":{\"@id\":\"https:\\\/\\\/www.belgae.be\\\/de\\\/#website\"},\"primaryImageOfPage\":{\"@id\":\"https:\\\/\\\/www.belgae.be\\\/de\\\/blog\\\/cyan-tragen\\\/#primaryimage\"},\"image\":{\"@id\":\"https:\\\/\\\/www.belgae.be\\\/de\\\/blog\\\/cyan-tragen\\\/#primaryimage\"},\"thumbnailUrl\":\"https:\\\/\\\/www.belgae.be\\\/de\\\/wp-content\\\/uploads\\\/sites\\\/2\\\/2023\\\/08\\\/cyril_ge_miscellaneous_pieces_of_clothing_Franco-Belgian_comic__e8f26b6c-7141-4c32-b9c0-c26504a2fabf.jpg\",\"datePublished\":\"2023-08-03T13:42:05+00:00\",\"breadcrumb\":{\"@id\":\"https:\\\/\\\/www.belgae.be\\\/de\\\/blog\\\/cyan-tragen\\\/#breadcrumb\"},\"inLanguage\":\"de\",\"potentialAction\":[{\"@type\":\"ReadAction\",\"target\":[\"https:\\\/\\\/www.belgae.be\\\/de\\\/blog\\\/cyan-tragen\\\/\"]}]},{\"@type\":\"ImageObject\",\"inLanguage\":\"de\",\"@id\":\"https:\\\/\\\/www.belgae.be\\\/de\\\/blog\\\/cyan-tragen\\\/#primaryimage\",\"url\":\"https:\\\/\\\/www.belgae.be\\\/de\\\/wp-content\\\/uploads\\\/sites\\\/2\\\/2023\\\/08\\\/cyril_ge_miscellaneous_pieces_of_clothing_Franco-Belgian_comic__e8f26b6c-7141-4c32-b9c0-c26504a2fabf.jpg\",\"contentUrl\":\"https:\\\/\\\/www.belgae.be\\\/de\\\/wp-content\\\/uploads\\\/sites\\\/2\\\/2023\\\/08\\\/cyril_ge_miscellaneous_pieces_of_clothing_Franco-Belgian_comic__e8f26b6c-7141-4c32-b9c0-c26504a2fabf.jpg\"},{\"@type\":\"BreadcrumbList\",\"@id\":\"https:\\\/\\\/www.belgae.be\\\/de\\\/blog\\\/cyan-tragen\\\/#breadcrumb\",\"itemListElement\":[{\"@type\":\"ListItem\",\"position\":1,\"name\":\"Accueil\",\"item\":\"https:\\\/\\\/www.belgae.be\\\/de\\\/\"},{\"@type\":\"ListItem\",\"position\":2,\"name\":\"Cyan tragen: Kombinationen, Psychologie, usw\"}]},{\"@type\":\"WebSite\",\"@id\":\"https:\\\/\\\/www.belgae.be\\\/de\\\/#website\",\"url\":\"https:\\\/\\\/www.belgae.be\\\/de\\\/\",\"name\":\"Belgae\",\"description\":\"Belgische Kunst &amp; Mode\",\"publisher\":{\"@id\":\"https:\\\/\\\/www.belgae.be\\\/de\\\/#organization\"},\"potentialAction\":[{\"@type\":\"SearchAction\",\"target\":{\"@type\":\"EntryPoint\",\"urlTemplate\":\"https:\\\/\\\/www.belgae.be\\\/de\\\/?s={search_term_string}\"},\"query-input\":{\"@type\":\"PropertyValueSpecification\",\"valueRequired\":true,\"valueName\":\"search_term_string\"}}],\"inLanguage\":\"de\"},{\"@type\":\"Organization\",\"@id\":\"https:\\\/\\\/www.belgae.be\\\/de\\\/#organization\",\"name\":\"Belgae\",\"url\":\"https:\\\/\\\/www.belgae.be\\\/de\\\/\",\"logo\":{\"@type\":\"ImageObject\",\"inLanguage\":\"de\",\"@id\":\"https:\\\/\\\/www.belgae.be\\\/de\\\/#\\\/schema\\\/logo\\\/image\\\/\",\"url\":\"https:\\\/\\\/www.belgae.be\\\/de\\\/wp-content\\\/uploads\\\/sites\\\/2\\\/2023\\\/07\\\/Sans-titre1-Copie.png\",\"contentUrl\":\"https:\\\/\\\/www.belgae.be\\\/de\\\/wp-content\\\/uploads\\\/sites\\\/2\\\/2023\\\/07\\\/Sans-titre1-Copie.png\",\"width\":88,\"height\":88,\"caption\":\"Belgae\"},\"image\":{\"@id\":\"https:\\\/\\\/www.belgae.be\\\/de\\\/#\\\/schema\\\/logo\\\/image\\\/\"}},{\"@type\":\"Person\",\"@id\":\"https:\\\/\\\/www.belgae.be\\\/de\\\/#\\\/schema\\\/person\\\/646b40b88212bc5335f9c4fa787df047\",\"name\":\"Cyril Gendarme\",\"sameAs\":[\"https:\\\/\\\/www.belgae.be\"],\"url\":\"https:\\\/\\\/www.belgae.be\\\/de\\\/blog\\\/author\\\/cgen\\\/\"}]}<\/script>\n<!-- \/ Yoast SEO plugin. -->","yoast_head_json":{"title":"Cyan tragen: Kombinationen, Psychologie, usw | Belgae","robots":{"index":"index","follow":"follow","max-snippet":"max-snippet:-1","max-image-preview":"max-image-preview:large","max-video-preview":"max-video-preview:-1"},"canonical":"https:\/\/www.belgae.be\/de\/blog\/cyan-tragen\/","og_locale":"de_DE","og_type":"article","og_title":"Cyan tragen: Kombinationen, Psychologie, usw | Belgae","og_description":"Machen Sie sich bereit, in die lebendige Welt von Cyan einzutauchen, einer Farbe, die alles andere als sch\u00fcchtern ist!","og_url":"https:\/\/www.belgae.be\/de\/blog\/cyan-tragen\/","og_site_name":"Belgae","article_published_time":"2023-08-03T13:42:05+00:00","og_image":[{"url":"https:\/\/www.belgae.be\/imageHolder\/\/wp-content\/uploads\/sites\/2\/2023\/07\/loading-spinner-belgae.gif","type":"","width":"","height":""}],"author":"Cyril Gendarme","twitter_card":"summary_large_image","twitter_misc":{"Verfasst von":"Cyril Gendarme","Gesch\u00e4tzte Lesezeit":"8\u00a0Minuten"},"schema":{"@context":"https:\/\/schema.org","@graph":[{"@type":"Article","@id":"https:\/\/www.belgae.be\/de\/blog\/cyan-tragen\/#article","isPartOf":{"@id":"https:\/\/www.belgae.be\/de\/blog\/cyan-tragen\/"},"author":{"name":"Cyril Gendarme","@id":"https:\/\/www.belgae.be\/de\/#\/schema\/person\/646b40b88212bc5335f9c4fa787df047"},"headline":"Cyan tragen: Kombinationen, Psychologie, usw","datePublished":"2023-08-03T13:42:05+00:00","mainEntityOfPage":{"@id":"https:\/\/www.belgae.be\/de\/blog\/cyan-tragen\/"},"wordCount":1647,"commentCount":0,"publisher":{"@id":"https:\/\/www.belgae.be\/de\/#organization"},"image":{"@id":"https:\/\/www.belgae.be\/de\/blog\/cyan-tragen\/#primaryimage"},"thumbnailUrl":"https:\/\/www.belgae.be\/de\/wp-content\/uploads\/sites\/2\/2023\/08\/cyril_ge_miscellaneous_pieces_of_clothing_Franco-Belgian_comic__e8f26b6c-7141-4c32-b9c0-c26504a2fabf.jpg","articleSection":["Look &amp; Style"],"inLanguage":"de","potentialAction":[{"@type":"CommentAction","name":"Comment","target":["https:\/\/www.belgae.be\/de\/blog\/cyan-tragen\/#respond"]}]},{"@type":"WebPage","@id":"https:\/\/www.belgae.be\/de\/blog\/cyan-tragen\/","url":"https:\/\/www.belgae.be\/de\/blog\/cyan-tragen\/","name":"Cyan tragen: Kombinationen, Psychologie, usw | Belgae","isPartOf":{"@id":"https:\/\/www.belgae.be\/de\/#website"},"primaryImageOfPage":{"@id":"https:\/\/www.belgae.be\/de\/blog\/cyan-tragen\/#primaryimage"},"image":{"@id":"https:\/\/www.belgae.be\/de\/blog\/cyan-tragen\/#primaryimage"},"thumbnailUrl":"https:\/\/www.belgae.be\/de\/wp-content\/uploads\/sites\/2\/2023\/08\/cyril_ge_miscellaneous_pieces_of_clothing_Franco-Belgian_comic__e8f26b6c-7141-4c32-b9c0-c26504a2fabf.jpg","datePublished":"2023-08-03T13:42:05+00:00","breadcrumb":{"@id":"https:\/\/www.belgae.be\/de\/blog\/cyan-tragen\/#breadcrumb"},"inLanguage":"de","potentialAction":[{"@type":"ReadAction","target":["https:\/\/www.belgae.be\/de\/blog\/cyan-tragen\/"]}]},{"@type":"ImageObject","inLanguage":"de","@id":"https:\/\/www.belgae.be\/de\/blog\/cyan-tragen\/#primaryimage","url":"https:\/\/www.belgae.be\/de\/wp-content\/uploads\/sites\/2\/2023\/08\/cyril_ge_miscellaneous_pieces_of_clothing_Franco-Belgian_comic__e8f26b6c-7141-4c32-b9c0-c26504a2fabf.jpg","contentUrl":"https:\/\/www.belgae.be\/de\/wp-content\/uploads\/sites\/2\/2023\/08\/cyril_ge_miscellaneous_pieces_of_clothing_Franco-Belgian_comic__e8f26b6c-7141-4c32-b9c0-c26504a2fabf.jpg"},{"@type":"BreadcrumbList","@id":"https:\/\/www.belgae.be\/de\/blog\/cyan-tragen\/#breadcrumb","itemListElement":[{"@type":"ListItem","position":1,"name":"Accueil","item":"https:\/\/www.belgae.be\/de\/"},{"@type":"ListItem","position":2,"name":"Cyan tragen: Kombinationen, Psychologie, usw"}]},{"@type":"WebSite","@id":"https:\/\/www.belgae.be\/de\/#website","url":"https:\/\/www.belgae.be\/de\/","name":"Belgae","description":"Belgische Kunst &amp; Mode","publisher":{"@id":"https:\/\/www.belgae.be\/de\/#organization"},"potentialAction":[{"@type":"SearchAction","target":{"@type":"EntryPoint","urlTemplate":"https:\/\/www.belgae.be\/de\/?s={search_term_string}"},"query-input":{"@type":"PropertyValueSpecification","valueRequired":true,"valueName":"search_term_string"}}],"inLanguage":"de"},{"@type":"Organization","@id":"https:\/\/www.belgae.be\/de\/#organization","name":"Belgae","url":"https:\/\/www.belgae.be\/de\/","logo":{"@type":"ImageObject","inLanguage":"de","@id":"https:\/\/www.belgae.be\/de\/#\/schema\/logo\/image\/","url":"https:\/\/www.belgae.be\/de\/wp-content\/uploads\/sites\/2\/2023\/07\/Sans-titre1-Copie.png","contentUrl":"https:\/\/www.belgae.be\/de\/wp-content\/uploads\/sites\/2\/2023\/07\/Sans-titre1-Copie.png","width":88,"height":88,"caption":"Belgae"},"image":{"@id":"https:\/\/www.belgae.be\/de\/#\/schema\/logo\/image\/"}},{"@type":"Person","@id":"https:\/\/www.belgae.be\/de\/#\/schema\/person\/646b40b88212bc5335f9c4fa787df047","name":"Cyril Gendarme","sameAs":["https:\/\/www.belgae.be"],"url":"https:\/\/www.belgae.be\/de\/blog\/author\/cgen\/"}]}},"_links":{"self":[{"href":"https:\/\/www.belgae.be\/de\/wp-json\/wp\/v2\/posts\/2951","targetHints":{"allow":["GET"]}}],"collection":[{"href":"https:\/\/www.belgae.be\/de\/wp-json\/wp\/v2\/posts"}],"about":[{"href":"https:\/\/www.belgae.be\/de\/wp-json\/wp\/v2\/types\/post"}],"author":[{"embeddable":true,"href":"https:\/\/www.belgae.be\/de\/wp-json\/wp\/v2\/users\/1"}],"replies":[{"embeddable":true,"href":"https:\/\/www.belgae.be\/de\/wp-json\/wp\/v2\/comments?post=2951"}],"version-history":[{"count":0,"href":"https:\/\/www.belgae.be\/de\/wp-json\/wp\/v2\/posts\/2951\/revisions"}],"wp:featuredmedia":[{"embeddable":true,"href":"https:\/\/www.belgae.be\/de\/wp-json\/"}],"wp:attachment":[{"href":"https:\/\/www.belgae.be\/de\/wp-json\/wp\/v2\/media?parent=2951"}],"wp:term":[{"taxonomy":"category","embeddable":true,"href":"https:\/\/www.belgae.be\/de\/wp-json\/wp\/v2\/categories?post=2951"},{"taxonomy":"post_tag","embeddable":true,"href":"https:\/\/www.belgae.be\/de\/wp-json\/wp\/v2\/tags?post=2951"}],"curies":[{"name":"wp","href":"https:\/\/api.w.org\/{rel}","templated":true}]}}