{"id":2950,"date":"2023-08-03T13:41:51","date_gmt":"2023-08-03T13:41:51","guid":{"rendered":"https:\/\/www.belgae.be\/de\/blog\/magenta-tragen\/"},"modified":"2023-08-03T13:41:51","modified_gmt":"2023-08-03T13:41:51","slug":"magenta-tragen","status":"publish","type":"post","link":"https:\/\/www.belgae.be\/de\/blog\/magenta-tragen\/","title":{"rendered":"Magenta tragen: Kombinationen, Psychologie usw"},"content":{"rendered":"<p>Entfesseln Sie Ihre innere Modeg\u00f6ttin mit einem Hauch von Magenta! Dieser Artikel erforscht die Kraft, Psychologie und perfekte Kombinationen dieses mutigen Farbtons.<\/p>\n<p>Machen Sie sich bereit, Aufsehen zu erregen &#8211; es ist Zeit, die Kunst des Tragens von Magenta zu meistern.<\/p>\n<p>Entdecken Sie, wie Sie eine Aussage treffen k\u00f6nnen ohne ein Wort zu sagen.<\/p>\n<section class=\"contentTable_table\">\n<p class=\"contentTable_title\">Inhalt: <\/p>\n<p class=\"contentTable_elem\"><a href=\"#balise_0\">1. Einf\u00fchrung: Wie tr\u00e4gt man die Farbe Magenta? <\/a><\/p>\n<p class=\"contentTable_elem\"><a href=\"#balise_1\">2. Welche Emotion wird durch das Tragen der Farbe Magenta ausgedr\u00fcckt? <\/a><\/p>\n<p class=\"contentTable_elem\"><a href=\"#balise_2\">3. Kombinationen: Welche Farben passen zu magentafarbener Kleidung? <\/a><\/p>\n<p class=\"contentTable_elem\"><a href=\"#balise_3\">4. Welcher Hautton passt gut zu einem magentafarbenen Outfit? <\/a><\/p>\n<p class=\"contentTable_elem\"><a href=\"#balise_4\">5. Die beste Jahreszeit, um die Farbe Magenta zu tragen<\/a><\/p>\n<p class=\"contentTable_elem\"><a href=\"#balise_5\">6. Magenta Schuhe tragen: Eine gute Idee? <\/a><\/p>\n<p class=\"contentTable_elem\"><a href=\"#balise_6\">7. Mode-Fauxpas: H\u00e4ufige Fehler, die man beim Tragen von Magenta vermeiden sollte<\/a><\/p>\n<p class=\"contentTable_elem\"><a href=\"#balise_7\">8. Die Auswirkungen des Tragens der Farbe Magenta auf unsere Psychologie<\/a><\/p>\n<p class=\"contentTable_elem\"><a href=\"#balise_8\">9. Das Tragen der Farbe Magenta: Was ist die spirituelle Bedeutung? <\/a><\/p>\n<p class=\"contentTable_elem\"><a href=\"#balise_9\">10. Das Tragen der Farbe Magenta im Traum: Was ist die Bedeutung? <\/a><\/p>\n<\/section>\n<p><img loading=\"lazy\" decoding=\"async\" class=\"lazyload articleImageSquare_CGEN\" height=\"400\" width=\"400\" src=\"https:\/\/www.belgae.be\/imageHolder\/\/wp-content\/uploads\/sites\/2\/2023\/07\/loading-spinner-belgae.gif\" data-src=\"https:\/\/www.belgae.be\/imageHolder\/\/wp-content\/uploads\/sites\/2\/2023\/08\/tmp8tdlkzbk.jpg\" alt=\"tmp8tdlkzbk\" \/><\/p>\n<h2 id=\"balise_0\">Einf\u00fchrung: Wie tr\u00e4gt man die Farbe Magenta? <\/h2>\n<p>Suchen Sie eine lebhafte und auff\u00e4llige Farbe, um Ihrer Garderobe etwas Pep zu verleihen?<\/p>\n<p> Dann ist Magenta genau das Richtige! Diese k\u00fchne Nuance liegt genau zwischen Rosa und Lila auf dem Farbspektrum und strahlt eine starke Energie aus, die jedes Outfit sofort aufwertet. <\/p>\n<p>In diesem Blogbeitrag tauchen wir tief in alles ein, was Sie \u00fcber das Tragen von Magenta wissen m\u00fcssen &#8211; von den Emotionen, die es ausdr\u00fcckt bis hin zu den besten Kombinationen und sogar seiner spirituellen Bedeutung. <\/p>\n<p>Magenta steht f\u00fcr Kraft und Lebendigkeit. Es ist mehr als nur eine modische Wahl; es hat auch tiefe symbolische Bedeutungen. Dieser Beitrag enth\u00fcllt alle Geheimnisse dieser dynamischen Farbe.<\/p>\n<p>Ob Sie einen Hauch davon in Ihr t\u00e4gliches Ensemble einf\u00fchren oder einen vollen Look kreieren m\u00f6chten: Wir haben alle Tipps parat! Entdecke jetzt die Welt der Magentat\u00f6ne!<\/p>\n<p><img loading=\"lazy\" decoding=\"async\" class=\"lazyload articleImageSquare_CGEN\" height=\"400\" width=\"400\" src=\"https:\/\/www.belgae.be\/imageHolder\/\/wp-content\/uploads\/sites\/2\/2023\/07\/loading-spinner-belgae.gif\" data-src=\"https:\/\/www.belgae.be\/imageHolder\/\/wp-content\/uploads\/sites\/2\/2023\/08\/tmp53weq1__.jpg\" alt=\"tmp53weq1__\" \/><\/p>\n<h2 id=\"balise_1\">Welche Emotion wird durch das Tragen der Farbe Magenta ausgedr\u00fcckt? <\/h2>\n<p>Magenta ist nichts f\u00fcr Zartbesaitete. Es strahlt Selbstbewusstsein, Kreativit\u00e4t und eine unverwechselbare Individualit\u00e4t aus. Magenta zu tragen bedeutet, ein Statement abzugeben &#8211; der Welt mitteilen, dass Einzigartigkeit angenommen wird und andere dazu ermutigen das Gleiche zu tun.<\/p>\n<p>Ob durch ein atemberaubendes Kleid oder Accessoires mit Akzenten in Magenta &#8211; bereiten Sie sich darauf vor, Aufmerksamkeit auf sich zu ziehen. Jeder Ort wird zum Laufsteg! <\/p>\n<p>Ein Hauch von Mut geh\u00f6rt dazu. Doch wenn man diesen Schritt wagt und die faszinierende Farbe Magenta tr\u00e4gt, dann ist eines sicher: Man bleibt in Erinnerung!<\/p>\n<p>Erwarten Sie nicht weniger als Bewunderung f\u00fcr Ihr gewagtes Mode-Statement: leuchtendes Magenta! \u00dcberall dort wo sie auftauchen werden K\u00f6pfe nach Ihnen drehen.<\/p>\n<p><img loading=\"lazy\" decoding=\"async\" class=\"lazyload articleImageSquare_CGEN\" height=\"400\" width=\"400\" src=\"https:\/\/www.belgae.be\/imageHolder\/\/wp-content\/uploads\/sites\/2\/2023\/07\/loading-spinner-belgae.gif\" data-src=\"https:\/\/www.belgae.be\/imageHolder\/\/wp-content\/uploads\/sites\/2\/2023\/08\/tmpyu05vbp2.jpg\" alt=\"tmpyu05vbp\" \/><\/p>\n<h2 id=\"balise_2\">Kombinationen: Welche Farben passen zu magentafarbener Kleidung? <\/h2>\n<p>Magenta zieht alle Aufmerksamkeit auf sich. Doch in Kombination mit erg\u00e4nzenden Farben entstehen beeindruckende Ensembles. F\u00fcr einen eleganten Look kann man es mit Schwarz oder Wei\u00df und Akzenten von Magenta kombinieren; diese klassischen Paarungen verleihen jedem Outfit eine Ausstrahlung von Raffinesse.<\/p>\n<p>F\u00fcr etwas Mutigeres kann man kontrastierende Farbt\u00f6ne wie T\u00fcrkis oder Gelb w\u00e4hlen &#8211; sie erzeugen dynamische visuelle Kontraste, die garantiert alle Blicke auf sich ziehen.<\/p>\n<p><img loading=\"lazy\" decoding=\"async\" class=\"lazyload articleImageSquare_CGEN\" height=\"400\" width=\"400\" src=\"https:\/\/www.belgae.be\/imageHolder\/\/wp-content\/uploads\/sites\/2\/2023\/07\/loading-spinner-belgae.gif\" data-src=\"https:\/\/www.belgae.be\/imageHolder\/\/wp-content\/uploads\/sites\/2\/2023\/08\/tmpd1r1t0x2.jpg\" alt=\"tmpd1r1t0x\" \/><\/p>\n<h2 id=\"balise_3\">Welcher Hautton passt gut zu einem magentafarbenen Outfit? <\/h2>\n<p>Das Tragen von Magentat\u00f6nen bietet eine fantastische Vielseitigkeit f\u00fcr verschiedene Hautt\u00f6ne! Ob hellh\u00e4utige Sch\u00f6nheiten oder tief get\u00f6nte Divas \u2013 jeder findet in dieser Farbfamilie seinen perfekten Ton. Hellere Hautt\u00f6ne bevorzugen m\u00f6glicherweise sanftere Pastellvariationen von Magenta, w\u00e4hrend dunklere Teints tiefe T\u00f6ne wie Fuchsia m\u00fchelos und ohne Unterbrechung meistern.<\/p>\n<p>Magenta ist eine universelle Farbe, die jedem steht. Ihre Flexibilit\u00e4t erstreckt sich auf alle Hautfarben und -schattierungen. Es gibt keine Beschr\u00e4nkungen oder Einschr\u00e4nkungen bei der Wahl des richtigen Magentatons.<\/p>\n<p>Es ist wichtig zu beachten, dass nicht nur helle Hauttypen profitieren k\u00f6nnen. Dunkle Haut kann auch lebendige und tiefe Tinten mit Leichtigkeit tragen. Fuchsia zum Beispiel harmoniert wunderbar mit dunklerer Pigmentierung.<\/p>\n<p>Letztlich ist es die pers\u00f6nliche Vorliebe, die entscheidet welcher Farbton am besten passt. Jede Variation von magenta hat ihren eigenen Charme und kann das Erscheinungsbild einer Person verbessern.<\/p>\n<p><img loading=\"lazy\" decoding=\"async\" class=\"lazyload articleImageSquare_CGEN\" height=\"400\" width=\"400\" src=\"https:\/\/www.belgae.be\/imageHolder\/\/wp-content\/uploads\/sites\/2\/2023\/07\/loading-spinner-belgae.gif\" data-src=\"https:\/\/www.belgae.be\/imageHolder\/\/wp-content\/uploads\/sites\/2\/2023\/08\/tmpdo71y06d.jpg\" alt=\"tmpdo71y06d\" \/><\/p>\n<h2 id=\"balise_4\">Die beste Jahreszeit, um die Farbe Magenta zu tragen<\/h2>\n<p>Magenta strahlt wirklich in den w\u00e4rmeren Monaten, was es zu einer idealen Wahl f\u00fcr Fr\u00fchling und Sommer macht. Diese Farbe harmoniert mit der lebendigen Bl\u00fcte von Blumen und erg\u00e4nzt das helle Sonnenlicht perfekt. Doch lassen Sie sich dadurch nicht einschr\u00e4nken! Mit seiner k\u00fchnen Natur kann Magenta auch in k\u00e4lteren Jahreszeiten wie Herbst oder Winter eine Spur W\u00e4rme hinzuf\u00fcgen, wenn es sorgf\u00e4ltig mit anderen saisonalen T\u00f6nen kombiniert wird.<\/p>\n<p>In den w\u00e4rmeren Monaten kommt Magenta besonders zur Geltung. Es ist daher die ideale Wahl f\u00fcr Fr\u00fchling und Sommer. Die Farbe steht im Einklang mit bl\u00fchenden Blumen und passt perfekt zum hellen Sonnenschein.<\/p>\n<p>Lassen Sie sich jedoch nicht darauf beschr\u00e4nken! Dank seiner intensiven Ausstrahlung verleiht Magenta auch in k\u00e4lteren Jahreszeiten wie Herbst oder Winter W\u00e4rme &#8211; vorausgesetzt, es wird geschickt mit anderen saisonalen Nuancen kombiniert.<\/p>\n<p><img loading=\"lazy\" decoding=\"async\" class=\"lazyload articleImageSquare_CGEN\" height=\"400\" width=\"400\" src=\"https:\/\/www.belgae.be\/imageHolder\/\/wp-content\/uploads\/sites\/2\/2023\/07\/loading-spinner-belgae.gif\" data-src=\"https:\/\/www.belgae.be\/imageHolder\/\/wp-content\/uploads\/sites\/2\/2023\/08\/tmpm4t7gtay.jpg\" alt=\"tmpm4t7gtay\" \/><\/p>\n<h2 id=\"balise_5\">Magenta Schuhe tragen: Eine gute Idee? <\/h2>\n<p>Absolut! Obwohl Kleidung h\u00e4ufig unsere erste Assoziation mit Farbwahlen ist, sind Schuhe eine fantastische M\u00f6glichkeit, Magenta in Ihr Outfit zu integrieren, ohne es zu \u00fcbertreiben. <\/p>\n<p>Ob Pumps, Sneakers oder Stiefel &#8211; magentafarbene Schuhe verleihen jedem Ensemble den unerwarteten Kick und halten alles von Kopf bis Fu\u00df frisch und modisch.<\/p>\n<p>Die Verwendung von bunten Farben wie Magenta kann das gesamte Erscheinungsbild verbessern. Es f\u00fcgt nicht nur einen Hauch von Einzigartigkeit hinzu sondern bringt auch Pers\u00f6nlichkeit zum Ausdruck.<\/p>\n<p>Magenta als auff\u00e4llige Wahl f\u00fcr Schuhwerk kann die Aufmerksamkeit auf sich ziehen und dabei helfen, ein gew\u00f6hnliches Outfit in etwas Besonderes zu verwandeln. <\/p>\n<p>Mit der richtigen Kombination k\u00f6nnen diese farbigen Accessoires dazu beitragen, dass Sie sich stilvoll und selbstbewusst f\u00fchlen.<\/p>\n<p><img loading=\"lazy\" decoding=\"async\" class=\"lazyload articleImageSquare_CGEN\" height=\"400\" width=\"400\" src=\"https:\/\/www.belgae.be\/imageHolder\/\/wp-content\/uploads\/sites\/2\/2023\/07\/loading-spinner-belgae.gif\" data-src=\"https:\/\/www.belgae.be\/imageHolder\/\/wp-content\/uploads\/sites\/2\/2023\/08\/tmpk5fm770h.jpg\" alt=\"tmpk5fm770h\" \/><\/p>\n<h2 id=\"balise_6\">Mode-Fauxpas: H\u00e4ufige Fehler, die man beim Tragen von Magenta vermeiden sollte<\/h2>\n<p>So sehr wir es lieben, brillante Magentat\u00f6ne zu tragen, gibt es einige Fallstricke, die vermieden werden sollten. Es zu \u00fcbertreiben und diese starke Farbe auf einmal zu viel zu tragen k\u00f6nnte Ihren Look eher dominieren als verbessern; M\u00e4\u00dfigung ist hier das Schl\u00fcsselwort! Zus\u00e4tzlich k\u00f6nnen kollidierende Kombinationen oder unpassendes Zubeh\u00f6r Ihr Stilspiel eher behindern als verbessern &#8211; also finden Sie eine Balance zwischen mutig und geschmackvoll f\u00fcr maximale Wirkung!<\/p>\n<p>Das Tragen von leuchtenden Magentafarben kann ein echter Hingucker sein. Dennoch sollte man vorsichtig sein, um den eigenen Auftritt nicht negativ zu beeinflussen. Ein Zuviel dieser kr\u00e4ftigen Nuance kann schnell \u00fcberladen wirken und den gew\u00fcnschten Effekt ins Gegenteil verkehren.<\/p>\n<p>Es gilt daher: weniger ist oft mehr! Unpassende Accessoires oder farbliche Fehlgriffe k\u00f6nnen zudem schnell st\u00f6ren statt dem Outfit das gewisse Etwas verleihen. Daher empfiehlt sich ein ausgewogenes Verh\u00e4ltnis zwischen Mut zur Farbe und stilvollem Understatement.<\/p>\n<p>Mit der richtigen Balance l\u00e4sst sich mit Magenta so mancher Fashion-Auftritt zum strahlenden Mittelpunkt machen!<\/p>\n<p><img loading=\"lazy\" decoding=\"async\" class=\"lazyload articleImageSquare_CGEN\" height=\"400\" width=\"400\" src=\"https:\/\/www.belgae.be\/imageHolder\/\/wp-content\/uploads\/sites\/2\/2023\/07\/loading-spinner-belgae.gif\" data-src=\"https:\/\/www.belgae.be\/imageHolder\/\/wp-content\/uploads\/sites\/2\/2023\/08\/tmp1nl80nvh.jpg\" alt=\"tmp1nl80nvh\" \/><\/p>\n<h2 id=\"balise_7\">Die Auswirkungen des Tragens der Farbe Magenta auf unsere Psychologie<\/h2>\n<p><img loading=\"lazy\" decoding=\"async\" class=\"lazyload articleImageSquare_CGEN\" height=\"400\" width=\"400\" src=\"https:\/\/www.belgae.be\/imageHolder\/\/wp-content\/uploads\/sites\/2\/2023\/07\/loading-spinner-belgae.gif\" data-src=\"https:\/\/www.belgae.be\/imageHolder\/\/wp-content\/uploads\/sites\/2\/2023\/08\/tmppbkfoy2q.jpg\" alt=\"tmppbkfoy2q\" \/><\/p>\n<h2 id=\"balise_8\">Das Tragen der Farbe Magenta: Was ist die spirituelle Bedeutung? <\/h2>\n<p>Jenseits seiner visuellen Anziehungskraft hat Magenta auch eine spirituelle Bedeutung. H\u00e4ufig wird es mit dem Kronenchakra in Verbindung gebracht &#8211; unserer Verbindung zu h\u00f6herem Bewusstsein und Spiritualit\u00e4t. Das Tragen von Magenta kann ein tiefes Gef\u00fchl von Intuition und Erleuchtung symbolisieren.<\/p>\n<p>Dies regt uns an, unsere innere Weisheit anzunehmen und f\u00f6rdert gleichzeitig ein harmonisches Gleichgewicht zwischen Geist, K\u00f6rper und Seele. Es ist mehr als nur eine Farbe; es ist ein kraftvolles Symbol f\u00fcr Wachstum, Transformation und tiefe innere Einsicht.<\/p>\n<p>Es erinnert uns daran, dass wir nicht nur physische Wesen sind. Wir sind auch spirituelle Wesen mit einer tiefgreifenden F\u00e4higkeit zur Intuition, Empathie und Liebe.<\/p>\n<p>Magenta bietet einen sanften Weg zur Selbsterkenntnis durch seine beruhigende Pr\u00e4senz. Es hilft dabei, den inneren Frieden zu finden sowie die eigene Spiritualit\u00e4t besser zu verstehen und auszudr\u00fccken.<\/p>\n<p><img loading=\"lazy\" decoding=\"async\" class=\"lazyload articleImageSquare_CGEN\" height=\"400\" width=\"400\" src=\"https:\/\/www.belgae.be\/imageHolder\/\/wp-content\/uploads\/sites\/2\/2023\/07\/loading-spinner-belgae.gif\" data-src=\"https:\/\/www.belgae.be\/imageHolder\/\/wp-content\/uploads\/sites\/2\/2023\/08\/tmpuasxgx82.jpg\" alt=\"tmpuasxgx\" \/><\/p>\n<h2 id=\"balise_9\">Das Tragen der Farbe Magenta im Traum: Was ist die Bedeutung? <\/h2>\n<p>Tr\u00e4ume haben uns schon immer mit ihren verborgenen Botschaften fasziniert; daher ist es keine \u00dcberraschung, dass sogar Tr\u00e4ume von Magenta-Bekleidung eine Bedeutung haben! Solche Tr\u00e4ume k\u00f6nnten auf eine bevorstehende Zeit voller Kreativit\u00e4t hinweisen oder Momente, in denen Sie selbstbewusst aus der Menge hervorstechen. Achten Sie auf diese Tr\u00e4ume, da sie ein Hinweis Ihres Unterbewusstseins sein k\u00f6nnten, Ihre einzigartigen Eigenschaften zu umarmen!<\/p>\n<p>Und damit h\u00e4tten wir alles Wissenswerte \u00fcber das Tragen der Farbe Magenta! Also los geht&#8217;s, experimentieren Sie ohne Angst und lassen Sie diesen lebendigen Farbton sowohl Ihre Garderobenauswahl als auch Ihr Leben selbst mit Aufregung und Energie erf\u00fcllen.<\/p>\n","protected":false},"excerpt":{"rendered":"<p>Entfesseln Sie Ihre innere Modeg\u00f6ttin mit einem Hauch von Magenta! Dieser Artikel erforscht die Kraft, Psychologie und perfekte Kombinationen dieses mutigen Farbtons.<\/p>\n","protected":false},"author":1,"featured_media":5005,"comment_status":"open","ping_status":"","sticky":false,"template":"","format":"standard","meta":{"_acf_changed":false,"_et_pb_use_builder":"","_et_pb_old_content":"","_et_gb_content_width":"","footnotes":""},"categories":[38],"tags":[],"class_list":["post-2950","post","type-post","status-publish","format-standard","has-post-thumbnail","hentry","category-look-style"],"acf":[],"yoast_head":"<!-- This site is optimized with the Yoast SEO plugin v27.5 - https:\/\/yoast.com\/product\/yoast-seo-wordpress\/ -->\n<title>Magenta tragen: Kombinationen, Psychologie usw | Belgae<\/title>\n<meta name=\"robots\" content=\"index, follow, max-snippet:-1, max-image-preview:large, max-video-preview:-1\" \/>\n<link rel=\"canonical\" href=\"https:\/\/www.belgae.be\/de\/blog\/magenta-tragen\/\" \/>\n<meta property=\"og:locale\" content=\"de_DE\" \/>\n<meta property=\"og:type\" content=\"article\" \/>\n<meta property=\"og:title\" content=\"Magenta tragen: Kombinationen, Psychologie usw | Belgae\" \/>\n<meta property=\"og:description\" content=\"Entfesseln Sie Ihre innere Modeg\u00f6ttin mit einem Hauch von Magenta! Dieser Artikel erforscht die Kraft, Psychologie und perfekte Kombinationen dieses mutigen Farbtons.\" \/>\n<meta property=\"og:url\" content=\"https:\/\/www.belgae.be\/de\/blog\/magenta-tragen\/\" \/>\n<meta property=\"og:site_name\" content=\"Belgae\" \/>\n<meta property=\"article:published_time\" content=\"2023-08-03T13:41:51+00:00\" \/>\n<meta property=\"og:image\" content=\"https:\/\/www.belgae.be\/imageHolder\/\/wp-content\/uploads\/sites\/2\/2023\/07\/loading-spinner-belgae.gif\" \/>\n<meta name=\"author\" content=\"Cyril Gendarme\" \/>\n<meta name=\"twitter:card\" content=\"summary_large_image\" \/>\n<meta name=\"twitter:label1\" content=\"Verfasst von\" \/>\n\t<meta name=\"twitter:data1\" content=\"Cyril Gendarme\" \/>\n\t<meta name=\"twitter:label2\" content=\"Gesch\u00e4tzte Lesezeit\" \/>\n\t<meta name=\"twitter:data2\" content=\"7\u00a0Minuten\" \/>\n<script type=\"application\/ld+json\" class=\"yoast-schema-graph\">{\"@context\":\"https:\\\/\\\/schema.org\",\"@graph\":[{\"@type\":\"Article\",\"@id\":\"https:\\\/\\\/www.belgae.be\\\/de\\\/blog\\\/magenta-tragen\\\/#article\",\"isPartOf\":{\"@id\":\"https:\\\/\\\/www.belgae.be\\\/de\\\/blog\\\/magenta-tragen\\\/\"},\"author\":{\"name\":\"Cyril Gendarme\",\"@id\":\"https:\\\/\\\/www.belgae.be\\\/de\\\/#\\\/schema\\\/person\\\/646b40b88212bc5335f9c4fa787df047\"},\"headline\":\"Magenta tragen: Kombinationen, Psychologie usw\",\"datePublished\":\"2023-08-03T13:41:51+00:00\",\"mainEntityOfPage\":{\"@id\":\"https:\\\/\\\/www.belgae.be\\\/de\\\/blog\\\/magenta-tragen\\\/\"},\"wordCount\":1431,\"commentCount\":0,\"publisher\":{\"@id\":\"https:\\\/\\\/www.belgae.be\\\/de\\\/#organization\"},\"image\":{\"@id\":\"https:\\\/\\\/www.belgae.be\\\/de\\\/blog\\\/magenta-tragen\\\/#primaryimage\"},\"thumbnailUrl\":\"https:\\\/\\\/www.belgae.be\\\/de\\\/wp-content\\\/uploads\\\/sites\\\/2\\\/2023\\\/08\\\/cyril_ge_miscellaneous_pieces_of_clothing_black_and_white_Franc_67339df2-f7f8-43e0-b65c-5f84ce075d64-1.webp\",\"articleSection\":[\"Look &amp; Style\"],\"inLanguage\":\"de\",\"potentialAction\":[{\"@type\":\"CommentAction\",\"name\":\"Comment\",\"target\":[\"https:\\\/\\\/www.belgae.be\\\/de\\\/blog\\\/magenta-tragen\\\/#respond\"]}]},{\"@type\":\"WebPage\",\"@id\":\"https:\\\/\\\/www.belgae.be\\\/de\\\/blog\\\/magenta-tragen\\\/\",\"url\":\"https:\\\/\\\/www.belgae.be\\\/de\\\/blog\\\/magenta-tragen\\\/\",\"name\":\"Magenta tragen: Kombinationen, Psychologie usw | Belgae\",\"isPartOf\":{\"@id\":\"https:\\\/\\\/www.belgae.be\\\/de\\\/#website\"},\"primaryImageOfPage\":{\"@id\":\"https:\\\/\\\/www.belgae.be\\\/de\\\/blog\\\/magenta-tragen\\\/#primaryimage\"},\"image\":{\"@id\":\"https:\\\/\\\/www.belgae.be\\\/de\\\/blog\\\/magenta-tragen\\\/#primaryimage\"},\"thumbnailUrl\":\"https:\\\/\\\/www.belgae.be\\\/de\\\/wp-content\\\/uploads\\\/sites\\\/2\\\/2023\\\/08\\\/cyril_ge_miscellaneous_pieces_of_clothing_black_and_white_Franc_67339df2-f7f8-43e0-b65c-5f84ce075d64-1.webp\",\"datePublished\":\"2023-08-03T13:41:51+00:00\",\"breadcrumb\":{\"@id\":\"https:\\\/\\\/www.belgae.be\\\/de\\\/blog\\\/magenta-tragen\\\/#breadcrumb\"},\"inLanguage\":\"de\",\"potentialAction\":[{\"@type\":\"ReadAction\",\"target\":[\"https:\\\/\\\/www.belgae.be\\\/de\\\/blog\\\/magenta-tragen\\\/\"]}]},{\"@type\":\"ImageObject\",\"inLanguage\":\"de\",\"@id\":\"https:\\\/\\\/www.belgae.be\\\/de\\\/blog\\\/magenta-tragen\\\/#primaryimage\",\"url\":\"https:\\\/\\\/www.belgae.be\\\/de\\\/wp-content\\\/uploads\\\/sites\\\/2\\\/2023\\\/08\\\/cyril_ge_miscellaneous_pieces_of_clothing_black_and_white_Franc_67339df2-f7f8-43e0-b65c-5f84ce075d64-1.webp\",\"contentUrl\":\"https:\\\/\\\/www.belgae.be\\\/de\\\/wp-content\\\/uploads\\\/sites\\\/2\\\/2023\\\/08\\\/cyril_ge_miscellaneous_pieces_of_clothing_black_and_white_Franc_67339df2-f7f8-43e0-b65c-5f84ce075d64-1.webp\"},{\"@type\":\"BreadcrumbList\",\"@id\":\"https:\\\/\\\/www.belgae.be\\\/de\\\/blog\\\/magenta-tragen\\\/#breadcrumb\",\"itemListElement\":[{\"@type\":\"ListItem\",\"position\":1,\"name\":\"Accueil\",\"item\":\"https:\\\/\\\/www.belgae.be\\\/de\\\/\"},{\"@type\":\"ListItem\",\"position\":2,\"name\":\"Magenta tragen: Kombinationen, Psychologie usw\"}]},{\"@type\":\"WebSite\",\"@id\":\"https:\\\/\\\/www.belgae.be\\\/de\\\/#website\",\"url\":\"https:\\\/\\\/www.belgae.be\\\/de\\\/\",\"name\":\"Belgae\",\"description\":\"Belgische Kunst &amp; Mode\",\"publisher\":{\"@id\":\"https:\\\/\\\/www.belgae.be\\\/de\\\/#organization\"},\"potentialAction\":[{\"@type\":\"SearchAction\",\"target\":{\"@type\":\"EntryPoint\",\"urlTemplate\":\"https:\\\/\\\/www.belgae.be\\\/de\\\/?s={search_term_string}\"},\"query-input\":{\"@type\":\"PropertyValueSpecification\",\"valueRequired\":true,\"valueName\":\"search_term_string\"}}],\"inLanguage\":\"de\"},{\"@type\":\"Organization\",\"@id\":\"https:\\\/\\\/www.belgae.be\\\/de\\\/#organization\",\"name\":\"Belgae\",\"url\":\"https:\\\/\\\/www.belgae.be\\\/de\\\/\",\"logo\":{\"@type\":\"ImageObject\",\"inLanguage\":\"de\",\"@id\":\"https:\\\/\\\/www.belgae.be\\\/de\\\/#\\\/schema\\\/logo\\\/image\\\/\",\"url\":\"https:\\\/\\\/www.belgae.be\\\/de\\\/wp-content\\\/uploads\\\/sites\\\/2\\\/2023\\\/07\\\/Sans-titre1-Copie.png\",\"contentUrl\":\"https:\\\/\\\/www.belgae.be\\\/de\\\/wp-content\\\/uploads\\\/sites\\\/2\\\/2023\\\/07\\\/Sans-titre1-Copie.png\",\"width\":88,\"height\":88,\"caption\":\"Belgae\"},\"image\":{\"@id\":\"https:\\\/\\\/www.belgae.be\\\/de\\\/#\\\/schema\\\/logo\\\/image\\\/\"}},{\"@type\":\"Person\",\"@id\":\"https:\\\/\\\/www.belgae.be\\\/de\\\/#\\\/schema\\\/person\\\/646b40b88212bc5335f9c4fa787df047\",\"name\":\"Cyril Gendarme\",\"sameAs\":[\"https:\\\/\\\/www.belgae.be\"],\"url\":\"https:\\\/\\\/www.belgae.be\\\/de\\\/blog\\\/author\\\/cgen\\\/\"}]}<\/script>\n<!-- \/ Yoast SEO plugin. -->","yoast_head_json":{"title":"Magenta tragen: Kombinationen, Psychologie usw | Belgae","robots":{"index":"index","follow":"follow","max-snippet":"max-snippet:-1","max-image-preview":"max-image-preview:large","max-video-preview":"max-video-preview:-1"},"canonical":"https:\/\/www.belgae.be\/de\/blog\/magenta-tragen\/","og_locale":"de_DE","og_type":"article","og_title":"Magenta tragen: Kombinationen, Psychologie usw | Belgae","og_description":"Entfesseln Sie Ihre innere Modeg\u00f6ttin mit einem Hauch von Magenta! Dieser Artikel erforscht die Kraft, Psychologie und perfekte Kombinationen dieses mutigen Farbtons.","og_url":"https:\/\/www.belgae.be\/de\/blog\/magenta-tragen\/","og_site_name":"Belgae","article_published_time":"2023-08-03T13:41:51+00:00","og_image":[{"url":"https:\/\/www.belgae.be\/imageHolder\/\/wp-content\/uploads\/sites\/2\/2023\/07\/loading-spinner-belgae.gif","type":"","width":"","height":""}],"author":"Cyril Gendarme","twitter_card":"summary_large_image","twitter_misc":{"Verfasst von":"Cyril Gendarme","Gesch\u00e4tzte Lesezeit":"7\u00a0Minuten"},"schema":{"@context":"https:\/\/schema.org","@graph":[{"@type":"Article","@id":"https:\/\/www.belgae.be\/de\/blog\/magenta-tragen\/#article","isPartOf":{"@id":"https:\/\/www.belgae.be\/de\/blog\/magenta-tragen\/"},"author":{"name":"Cyril Gendarme","@id":"https:\/\/www.belgae.be\/de\/#\/schema\/person\/646b40b88212bc5335f9c4fa787df047"},"headline":"Magenta tragen: Kombinationen, Psychologie usw","datePublished":"2023-08-03T13:41:51+00:00","mainEntityOfPage":{"@id":"https:\/\/www.belgae.be\/de\/blog\/magenta-tragen\/"},"wordCount":1431,"commentCount":0,"publisher":{"@id":"https:\/\/www.belgae.be\/de\/#organization"},"image":{"@id":"https:\/\/www.belgae.be\/de\/blog\/magenta-tragen\/#primaryimage"},"thumbnailUrl":"https:\/\/www.belgae.be\/de\/wp-content\/uploads\/sites\/2\/2023\/08\/cyril_ge_miscellaneous_pieces_of_clothing_black_and_white_Franc_67339df2-f7f8-43e0-b65c-5f84ce075d64-1.webp","articleSection":["Look &amp; Style"],"inLanguage":"de","potentialAction":[{"@type":"CommentAction","name":"Comment","target":["https:\/\/www.belgae.be\/de\/blog\/magenta-tragen\/#respond"]}]},{"@type":"WebPage","@id":"https:\/\/www.belgae.be\/de\/blog\/magenta-tragen\/","url":"https:\/\/www.belgae.be\/de\/blog\/magenta-tragen\/","name":"Magenta tragen: Kombinationen, Psychologie usw | Belgae","isPartOf":{"@id":"https:\/\/www.belgae.be\/de\/#website"},"primaryImageOfPage":{"@id":"https:\/\/www.belgae.be\/de\/blog\/magenta-tragen\/#primaryimage"},"image":{"@id":"https:\/\/www.belgae.be\/de\/blog\/magenta-tragen\/#primaryimage"},"thumbnailUrl":"https:\/\/www.belgae.be\/de\/wp-content\/uploads\/sites\/2\/2023\/08\/cyril_ge_miscellaneous_pieces_of_clothing_black_and_white_Franc_67339df2-f7f8-43e0-b65c-5f84ce075d64-1.webp","datePublished":"2023-08-03T13:41:51+00:00","breadcrumb":{"@id":"https:\/\/www.belgae.be\/de\/blog\/magenta-tragen\/#breadcrumb"},"inLanguage":"de","potentialAction":[{"@type":"ReadAction","target":["https:\/\/www.belgae.be\/de\/blog\/magenta-tragen\/"]}]},{"@type":"ImageObject","inLanguage":"de","@id":"https:\/\/www.belgae.be\/de\/blog\/magenta-tragen\/#primaryimage","url":"https:\/\/www.belgae.be\/de\/wp-content\/uploads\/sites\/2\/2023\/08\/cyril_ge_miscellaneous_pieces_of_clothing_black_and_white_Franc_67339df2-f7f8-43e0-b65c-5f84ce075d64-1.webp","contentUrl":"https:\/\/www.belgae.be\/de\/wp-content\/uploads\/sites\/2\/2023\/08\/cyril_ge_miscellaneous_pieces_of_clothing_black_and_white_Franc_67339df2-f7f8-43e0-b65c-5f84ce075d64-1.webp"},{"@type":"BreadcrumbList","@id":"https:\/\/www.belgae.be\/de\/blog\/magenta-tragen\/#breadcrumb","itemListElement":[{"@type":"ListItem","position":1,"name":"Accueil","item":"https:\/\/www.belgae.be\/de\/"},{"@type":"ListItem","position":2,"name":"Magenta tragen: Kombinationen, Psychologie usw"}]},{"@type":"WebSite","@id":"https:\/\/www.belgae.be\/de\/#website","url":"https:\/\/www.belgae.be\/de\/","name":"Belgae","description":"Belgische Kunst &amp; Mode","publisher":{"@id":"https:\/\/www.belgae.be\/de\/#organization"},"potentialAction":[{"@type":"SearchAction","target":{"@type":"EntryPoint","urlTemplate":"https:\/\/www.belgae.be\/de\/?s={search_term_string}"},"query-input":{"@type":"PropertyValueSpecification","valueRequired":true,"valueName":"search_term_string"}}],"inLanguage":"de"},{"@type":"Organization","@id":"https:\/\/www.belgae.be\/de\/#organization","name":"Belgae","url":"https:\/\/www.belgae.be\/de\/","logo":{"@type":"ImageObject","inLanguage":"de","@id":"https:\/\/www.belgae.be\/de\/#\/schema\/logo\/image\/","url":"https:\/\/www.belgae.be\/de\/wp-content\/uploads\/sites\/2\/2023\/07\/Sans-titre1-Copie.png","contentUrl":"https:\/\/www.belgae.be\/de\/wp-content\/uploads\/sites\/2\/2023\/07\/Sans-titre1-Copie.png","width":88,"height":88,"caption":"Belgae"},"image":{"@id":"https:\/\/www.belgae.be\/de\/#\/schema\/logo\/image\/"}},{"@type":"Person","@id":"https:\/\/www.belgae.be\/de\/#\/schema\/person\/646b40b88212bc5335f9c4fa787df047","name":"Cyril Gendarme","sameAs":["https:\/\/www.belgae.be"],"url":"https:\/\/www.belgae.be\/de\/blog\/author\/cgen\/"}]}},"_links":{"self":[{"href":"https:\/\/www.belgae.be\/de\/wp-json\/wp\/v2\/posts\/2950","targetHints":{"allow":["GET"]}}],"collection":[{"href":"https:\/\/www.belgae.be\/de\/wp-json\/wp\/v2\/posts"}],"about":[{"href":"https:\/\/www.belgae.be\/de\/wp-json\/wp\/v2\/types\/post"}],"author":[{"embeddable":true,"href":"https:\/\/www.belgae.be\/de\/wp-json\/wp\/v2\/users\/1"}],"replies":[{"embeddable":true,"href":"https:\/\/www.belgae.be\/de\/wp-json\/wp\/v2\/comments?post=2950"}],"version-history":[{"count":0,"href":"https:\/\/www.belgae.be\/de\/wp-json\/wp\/v2\/posts\/2950\/revisions"}],"wp:featuredmedia":[{"embeddable":true,"href":"https:\/\/www.belgae.be\/de\/wp-json\/"}],"wp:attachment":[{"href":"https:\/\/www.belgae.be\/de\/wp-json\/wp\/v2\/media?parent=2950"}],"wp:term":[{"taxonomy":"category","embeddable":true,"href":"https:\/\/www.belgae.be\/de\/wp-json\/wp\/v2\/categories?post=2950"},{"taxonomy":"post_tag","embeddable":true,"href":"https:\/\/www.belgae.be\/de\/wp-json\/wp\/v2\/tags?post=2950"}],"curies":[{"name":"wp","href":"https:\/\/api.w.org\/{rel}","templated":true}]}}