{"id":2947,"date":"2023-08-03T13:41:05","date_gmt":"2023-08-03T13:41:05","guid":{"rendered":"https:\/\/www.belgae.be\/de\/blog\/braun-tragend\/"},"modified":"2023-08-04T10:28:11","modified_gmt":"2023-08-04T10:28:11","slug":"braun-tragend","status":"publish","type":"post","link":"https:\/\/www.belgae.be\/de\/blog\/braun-tragend\/","title":{"rendered":"Braun Tragen: Kombinationen, Psychologie, usw"},"content":{"rendered":"<p>Entfesseln Sie die Kraft erdiger T\u00f6ne mit unserem Leitfaden zum Tragen von Braun! Tauchen Sie ein in eine Welt, in der Mode auf Psychologie trifft und erforschen Sie, wie diese untersch\u00e4tzte Farbe Ihren Stil ver\u00e4ndern kann.<\/p>\n<p>Entdecken Sie aufregende Kombinationen, die Ihre gesamte Sichtweise auf Braun in der Kleidung ver\u00e4ndern werden.<\/p>\n<p>Enth\u00fcllen Sie die verborgenen Geheimnisse dahinter, warum wir bestimmte Emotionen empfinden, wenn wir verschiedene Braunt\u00f6ne tragen. Lassen Sie uns gemeinsam Ihre Garderobe revolutionieren!<\/p>\n<section class=\"contentTable_table\">\n<p class=\"contentTable_title\">Inhalt:<\/p>\n<p class=\"contentTable_elem\"><a href=\"#balise_0\">1. Einf\u00fchrung: Wie tr\u00e4gt man die Farbe Braun? <\/a><\/p>\n<p class=\"contentTable_elem\"><a href=\"#balise_1\">2. Welche Gef\u00fchle werden durch das Tragen der Farbe Braun ausgedr\u00fcckt? <\/a><\/p>\n<p class=\"contentTable_elem\"><a href=\"#balise_2\">3. Kombinationen: Welche Farben passen zu brauner Kleidung? <\/a><\/p>\n<p class=\"contentTable_elem\"><a href=\"#balise_3\">4. Welcher Hautton passt gut zu einem braunen Outfit? <\/a><\/p>\n<p class=\"contentTable_elem\"><a href=\"#balise_4\">5. Die beste Jahreszeit, um die Farbe Braun zu tragen<\/a><\/p>\n<p class=\"contentTable_elem\"><a href=\"#balise_5\">6. Braune Schuhe Tragen: Eine Gute Idee? <\/a><\/p>\n<p class=\"contentTable_elem\"><a href=\"#balise_6\">7. Mode-Fauxpas: H\u00e4ufige Fehler, die vermieden werden sollten, wenn man Braun tr\u00e4gt<\/a><\/p>\n<p class=\"contentTable_elem\"><a href=\"#balise_7\">8. Die Auswirkungen des Tragens der Farbe Braun auf unsere Psychologie<\/a><\/p>\n<p class=\"contentTable_elem\"><a href=\"#balise_8\">9. Das Tragen der Farbe Braun: Was bedeutet es spirituell? <\/a><\/p>\n<p class=\"contentTable_elem\"><a href=\"#balise_9\">10. Das Tragen der Farbe Braun in einem Traum: Was bedeutet das? <\/a><\/p>\n<\/section>\n<p><img loading=\"lazy\" decoding=\"async\" class=\"lazyload articleImageSquare_CGEN\" height=\"400\" width=\"400\" src=\"https:\/\/www.belgae.be\/imageHolder\/\/wp-content\/uploads\/sites\/2\/2023\/07\/loading-spinner-belgae.gif\" data-src=\"https:\/\/www.belgae.be\/imageHolder\/\/wp-content\/uploads\/sites\/2\/2023\/08\/tmpkf_spab6.jpg\" alt=\"tmpkf_spab\"><\/p>\n<h2 id=\"balise_0\">Einf\u00fchrung: Wie tr\u00e4gt man die Farbe Braun?<\/h2>\n<p>In der Modewelt spielen Farben eine entscheidende Rolle bei der Ausdrucksweise unserer Pers\u00f6nlichkeit und Stils. Eine solche oft \u00fcbersehene Farbe ist Braun. Einige k\u00f6nnten es als langweilig oder uninteressant empfinden, aber das Tragen von Braun kann tats\u00e4chlich Tiefe und Raffinesse zu Ihrem Outfit hinzuf\u00fcgen.<\/p>\n<p>In diesem Beitrag werden die verschiedenen Aspekte des Tragens von Braun erforscht &#8211; von seiner emotionalen Wirkung bis hin zu geeigneten Kombinationen und sogar seiner spirituellen Bedeutung.<\/p>\n<p>Farben sind mehr als nur visuelle Elemente, sie beeinflussen auch unsere Emotionen. So strahlt beispielsweise Braun Geborgenheit und Sicherheit aus. Es steht f\u00fcr Erdverbundenheit, Zuverl\u00e4ssigkeit und Solidit\u00e4t.<\/p>\n<p>Dar\u00fcber hinaus l\u00e4sst sich Braun vielseitig kombinieren: mit Pastellt\u00f6nen f\u00fcr einen sanften Look oder mit kr\u00e4ftigen Farben wie Rot oder Blau f\u00fcr einen mutigeren Ausdruck.<\/p>\n<p>Braun hat auch eine tiefe spirituelle Bedeutung in vielen Kulturen; es symbolisiert Humilit\u00e4t, Ehrlichkeit sowie Naturverbundenheit.<\/p>\n<p><img loading=\"lazy\" decoding=\"async\" class=\"lazyload articleImageSquare_CGEN\" height=\"400\" width=\"400\" src=\"https:\/\/www.belgae.be\/imageHolder\/\/wp-content\/uploads\/sites\/2\/2023\/07\/loading-spinner-belgae.gif\" data-src=\"https:\/\/www.belgae.be\/imageHolder\/\/wp-content\/uploads\/sites\/2\/2023\/08\/tmpqnwk2p27.jpg\" alt=\"tmpqnwk2p\"><\/p>\n<h2 id=\"balise_1\">Welche Gef\u00fchle werden durch das Tragen der Farbe Braun ausgedr\u00fcckt?<\/h2>\n<p>Braun ist ein warmer, erdiger Ton, der Gef\u00fchle von Stabilit\u00e4t, Zuverl\u00e4ssigkeit und W\u00e4rme hervorruft. Es strahlt einen Sinn f\u00fcr Komfort aus und ist gleichzeitig bodenst\u00e4ndig und ansprechend. Bei dem Tragen brauner Kleidung wird eine Aura des bodenst\u00e4ndigen Selbstvertrauens mit genau der richtigen Note von Eleganz projiziert.<\/p>\n<p>Durch die Wahl dieser Farbe f\u00fcr Ihre Garderobe zeigen Sie anderen Ihre nat\u00fcrliche Einfachheit. Braun steht f\u00fcr Ruhe und Gelassenheit in einer oft chaotischen Welt. Es spricht auch Menschen an, die Wert auf Qualit\u00e4t legen.<\/p>\n<p>Es sagt: &#8220;Ich bin zuverl\u00e4ssig&#8221;. Mit brauner Kleidung k\u00f6nnen Sie diese Botschaft ohne Worte vermitteln. Dieses stille Selbstbewusstsein macht es zu einer ausgezeichneten Wahl sowohl im professionellen als auch im pers\u00f6nlichen Umfeld.<\/p>\n<p>Insgesamt gesehen hat Braun viel zu bieten: Anziehungskraft, Vertrauen sowie eine subtile Raffinesse.<\/p>\n<p><img loading=\"lazy\" decoding=\"async\" class=\"lazyload articleImageSquare_CGEN\" height=\"400\" width=\"400\" src=\"https:\/\/www.belgae.be\/imageHolder\/\/wp-content\/uploads\/sites\/2\/2023\/07\/loading-spinner-belgae.gif\" data-src=\"https:\/\/www.belgae.be\/imageHolder\/\/wp-content\/uploads\/sites\/2\/2023\/08\/tmpfyev_tnx.jpg\" alt=\"tmpfyev_tnx\"><\/p>\n<h2 id=\"balise_2\">Kombinationen: Welche Farben passen zu brauner Kleidung?<\/h2>\n<p>Man k\u00f6nnte sich fragen, welche Farben gut zu braunen Outfits passen?<\/p>\n<p>Die Sch\u00f6nheit liegt in der Vielseitigkeit dieser Nuance! F\u00fcr einen klassischen Look kombinieren Sie verschiedene Beiget\u00f6ne oder Creme mit Ihren Braunt\u00f6nen f\u00fcr ein m\u00fchelos schickes Ensemble.<\/p>\n<p>Wenn Sie mutig sind, experimentieren Sie mit leuchtenden Juwelent\u00f6nen wie Smaragdgr\u00fcn oder Saphirblau f\u00fcr auff\u00e4llige Kontraste. F\u00fcr diejenigen, die subtilere Kombinationen bevorzugen, funktionieren sanfte Pastellt\u00f6ne wie Blush Pink oder Babyblau Wunder, wenn sie neben braunen Teilen getragen werden.<\/p>\n<p>Und vergessen wir nicht Schwarz &#8211; es erg\u00e4nzt immer jeden Ton! So k\u00f6nnen vielf\u00e4ltige und ansprechende Looks gestaltet werden.<\/p>\n<p><img loading=\"lazy\" decoding=\"async\" class=\"lazyload articleImageSquare_CGEN\" height=\"400\" width=\"400\" src=\"https:\/\/www.belgae.be\/imageHolder\/\/wp-content\/uploads\/sites\/2\/2023\/07\/loading-spinner-belgae.gif\" data-src=\"https:\/\/www.belgae.be\/imageHolder\/\/wp-content\/uploads\/sites\/2\/2023\/08\/tmpg1xrf62k.jpg\" alt=\"tmpg1xrf62k\"><\/p>\n<h2 id=\"balise_3\">Welcher Hautton passt gut zu einem braunen Outfit?<\/h2>\n<p>Das Tragen von Braun hat den Vorteil, dass es zu fast jedem Hautton passt! Von helleren bis tieferen T\u00f6nen &#8211; f\u00fcr jeden gibt es einen passenden Farbton.<\/p>\n<p>Bei hellerer Haut sollten Sie sich f\u00fcr w\u00e4rmere Nuancen wie Karamell- oder Honigbraun entscheiden, die Ihren nat\u00fcrlichen Schimmer betonen.<\/p>\n<p>F\u00fcr dunklere Hautt\u00f6ne sind reiche Schokoladenbraunt\u00f6ne oder sogar Mahagoni ideal geeignet, um einen auff\u00e4lligen und strahlenden Look zu erzielen.<\/p>\n<p>Diese Farbauswahl erm\u00f6glicht eine individuelle Anpassung an den eigenen Teint und sorgt so stets f\u00fcr ein harmonisches Gesamtbild.<\/p>\n<p><img loading=\"lazy\" decoding=\"async\" class=\"lazyload articleImageSquare_CGEN\" height=\"400\" width=\"400\" src=\"https:\/\/www.belgae.be\/imageHolder\/\/wp-content\/uploads\/sites\/2\/2023\/07\/loading-spinner-belgae.gif\" data-src=\"https:\/\/www.belgae.be\/imageHolder\/\/wp-content\/uploads\/sites\/2\/2023\/08\/tmpj63hn4lt.jpg\" alt=\"tmpj63hn4lt\"><\/p>\n<h2 id=\"balise_4\">Die beste Jahreszeit, um die Farbe Braun zu tragen<\/h2>\n<p>Braun ist eine \u00e4u\u00dferst vielseitige Farbe, die alle Jahreszeiten \u00fcberdauert. Sie gl\u00e4nzt jedoch besonders in den Herbstmonaten, wenn sich die Palette der Natur in warme Gold- und Oranget\u00f6ne verwandelt.<\/p>\n<p>Umarmen Sie das ver\u00e4ndernde Laub, indem Sie verschiedene Braunnuancen in Ihre Garderobe einbauen &#8211; von gem\u00fctlichen Pullovern bis hin zu stylischer Oberbekleidung. So f\u00fcgen Sie sich m\u00fchelos in die herbstliche Landschaft ein.<\/p>\n<p>Davon abgesehen sollten wir uns nicht einschr\u00e4nken! Braun kann auch W\u00e4rme zu Winteroutfits bringen oder eine erfrischende Abwechslung unter Fr\u00fchlingsblumen sein. Selbst im Sommer k\u00f6nnen hellere T\u00f6ne wie Beige oder Kamel Ihrer Strandkleidung einen Hauch von Eleganz verleihen.<\/p>\n<p><img loading=\"lazy\" decoding=\"async\" class=\"lazyload articleImageSquare_CGEN\" height=\"400\" width=\"400\" src=\"https:\/\/www.belgae.be\/imageHolder\/\/wp-content\/uploads\/sites\/2\/2023\/07\/loading-spinner-belgae.gif\" data-src=\"https:\/\/www.belgae.be\/imageHolder\/\/wp-content\/uploads\/sites\/2\/2023\/08\/tmphvt08756.jpg\" alt=\"tmphvt\"><\/p>\n<h2 id=\"balise_5\">Braune Schuhe Tragen: Eine Gute Idee?<\/h2>\n<p>Nat\u00fcrlich! Braune Schuhe sind nicht nur eine gute Idee, sondern auch eine unverzichtbare Erg\u00e4nzung f\u00fcr jede modebewusste Person. Ihre Vielseitigkeit wird von keiner anderen Farbe erreicht \u2013 sie wechseln nahtlos zwischen l\u00e4ssigen Ausfl\u00fcgen und formellen Veranstaltungen.<\/p>\n<p>F\u00fcr Herren ergibt die Kombination aus braunen Lederschuhen mit Marineanz\u00fcgen einen zeitlosen Look und f\u00fcgt Charakter sowie Tiefe hinzu.<\/p>\n<p>Damen k\u00f6nnen sich f\u00fcr Stiefeletten in reichen Schokoladent\u00f6nen entscheiden, die Jeans, R\u00f6cke oder Kleider perfekt erg\u00e4nzen.<\/p>\n<p><img loading=\"lazy\" decoding=\"async\" class=\"lazyload articleImageSquare_CGEN\" height=\"400\" width=\"400\" src=\"https:\/\/www.belgae.be\/imageHolder\/\/wp-content\/uploads\/sites\/2\/2023\/07\/loading-spinner-belgae.gif\" data-src=\"https:\/\/www.belgae.be\/imageHolder\/\/wp-content\/uploads\/sites\/2\/2023\/08\/tmpkbmbr9ks.jpg\" alt=\"tmpkbmbr9ks\"><\/p>\n<h2 id=\"balise_6\">Mode-Fauxpas: H\u00e4ufige Fehler, die vermieden werden sollten, wenn man Braun tr\u00e4gt<\/h2>\n<p>Beim Tragen von Braun er\u00f6ffnen sich zahlreiche Stilm\u00f6glichkeiten, doch es gibt einige g\u00e4ngige Fehler, die es zu vermeiden gilt:<\/p>\n<p>1) Zu viele verschiedene Braunt\u00f6ne in einem Outfit zu mischen &#8211; beschr\u00e4nken Sie sich auf h\u00f6chstens zwei komplement\u00e4re T\u00f6ne!<\/p>\n<p>2) Schwarze Accessoires mit Braun zu kombinieren &#8211; versuchen Sie stattdessen, neutrale Accessoires auszuw\u00e4hlen, die besser harmonieren.<\/p>\n<p>3) Die richtige Passform vernachl\u00e4ssigen \u2013 stellen Sie sicher, dass Ihre Kleidung gut sitzt. Unpassende Kleidungsst\u00fccke mindern den Gesamteindruck unabh\u00e4ngig von der Farbwahl.<\/p>\n<p><img loading=\"lazy\" decoding=\"async\" class=\"lazyload articleImageSquare_CGEN\" height=\"400\" width=\"400\" src=\"https:\/\/www.belgae.be\/imageHolder\/\/wp-content\/uploads\/sites\/2\/2023\/07\/loading-spinner-belgae.gif\" data-src=\"https:\/\/www.belgae.be\/imageHolder\/\/wp-content\/uploads\/sites\/2\/2023\/08\/tmpf8ekeq58.jpg\" alt=\"tmpf8ekeq\"><\/p>\n<h2 id=\"balise_7\">Die Auswirkungen des Tragens der Farbe Braun auf unsere Psychologie<\/h2>\n<p>Farben haben tiefgreifende psychologische Auswirkungen auf unsere Gedanken und Emotionen. Das Tragen von Braun macht da keine Ausnahme! Wie bereits erw\u00e4hnt, weckt Braun Gef\u00fchle der Stabilit\u00e4t und Zuverl\u00e4ssigkeit.<\/p>\n<p>Dar\u00fcber hinaus kann es ein Gef\u00fchl von Sicherheit erzeugen. Sie f\u00fchlen sich mehr mit Ihrer Umgebung verbunden und geerdet. Au\u00dferdem f\u00f6rdert das Tragen von Braun eine Atmosph\u00e4re der Zug\u00e4nglichkeit und W\u00e4rme gegen\u00fcber anderen, was offene Kommunikation beg\u00fcnstigt.<\/p>\n<p>Insgesamt bietet die Farbe Braun viele positive Aspekte f\u00fcr Ihre emotionale Gesundheit und Ihr soziales Leben. Es ist also eine kluge Wahl, wenn es um Kleidung geht!<\/p>\n<p><img loading=\"lazy\" decoding=\"async\" class=\"lazyload articleImageSquare_CGEN\" height=\"400\" width=\"400\" src=\"https:\/\/www.belgae.be\/imageHolder\/\/wp-content\/uploads\/sites\/2\/2023\/07\/loading-spinner-belgae.gif\" data-src=\"https:\/\/www.belgae.be\/imageHolder\/\/wp-content\/uploads\/sites\/2\/2023\/08\/tmp3tny8vf7.jpg\" alt=\"tmp3tny8vf\"><\/p>\n<h2 id=\"balise_8\">Das Tragen der Farbe Braun: Was bedeutet es spirituell?<\/h2>\n<p>Aus spiritueller Sicht symbolisiert die Farbe Braun das Verankern in der Energie der Natur. Sie repr\u00e4sentiert Stabilit\u00e4t und fest verwurzelt sein, wie die Erde unter unseren F\u00fc\u00dfen.<\/p>\n<p>Wenn wir Braun bewusst tragen oder es in unsere Wohnr\u00e4ume integrieren, laden wir Balance und Harmonie in unser Leben ein. Diese Farbe kann uns dabei helfen, Ruhe zu finden und einen Ausgleich im hektischen Alltag zu schaffen.<\/p>\n<p>Braun steht auch f\u00fcr Bodenst\u00e4ndigkeit und Zuverl\u00e4ssigkeit sowie f\u00fcr W\u00e4rme und Komfort. Es ist eine beruhigende Farbe, die uns hilft, uns sicherer zu f\u00fchlen.<\/p>\n<p>Insgesamt bietet die Nutzung von Braun eine M\u00f6glichkeit zur Selbstreflexion. Es erinnert an den Wert des einfachen Lebens und f\u00f6rdert ein Gef\u00fchl von Frieden und Zufriedenheit mit dem gegenw\u00e4rtigen Moment.<\/p>\n<p><img loading=\"lazy\" decoding=\"async\" class=\"lazyload articleImageSquare_CGEN\" height=\"400\" width=\"400\" src=\"https:\/\/www.belgae.be\/imageHolder\/\/wp-content\/uploads\/sites\/2\/2023\/07\/loading-spinner-belgae.gif\" data-src=\"https:\/\/www.belgae.be\/imageHolder\/\/wp-content\/uploads\/sites\/2\/2023\/08\/tmpbpj8cm7x.jpg\" alt=\"tmpbpj8cm7x\"><\/p>\n<h2 id=\"balise_9\">Das Tragen der Farbe Braun in einem Traum: Was bedeutet das?<\/h2>\n<p>Tr\u00e4ume haben oft symbolische Bedeutungen, doch ihre Interpretation ist subjektiv, da sie f\u00fcr jeden Einzelnen einzigartig sind. Sollten Sie sich in einem Traum mit Bezug zu Ihrem aktuellen Leben in Braun kleiden, k\u00f6nnte dies auf die Suche nach Stabilit\u00e4t inmitten von Unsicherheit hinweisen oder darauf hindeuten, dass Praktikabilit\u00e4t Vorrang vor Extravaganz hat.<\/p>\n<p>Zum Abschluss: Untersch\u00e4tzen Sie nie die Kraft von Braun! Diese vielseitige Farbe bietet viel mehr Tiefe als auf den ersten Blick erkennbar &#8211; angefangen bei ihrer emotionalen Wirkung auf uns und andere bis hin zu ihrer F\u00e4higkeit, verschiedene Hautt\u00f6ne zu erg\u00e4nzen. Also nur zu &#8211; umarmen Sie diesen warmen Farbton in allen Jahreszeiten und vermeiden Sie dabei g\u00e4ngige Mode-Fehltritte!<\/p>\n","protected":false},"excerpt":{"rendered":"<p>Entfesseln Sie die Kraft erdiger T\u00f6ne mit unserem Leitfaden zum Tragen von Braun!<\/p>\n","protected":false},"author":1,"featured_media":5002,"comment_status":"open","ping_status":"closed","sticky":false,"template":"","format":"standard","meta":{"_acf_changed":false,"_et_pb_use_builder":"","_et_pb_old_content":"","_et_gb_content_width":"","footnotes":""},"categories":[38],"tags":[],"class_list":["post-2947","post","type-post","status-publish","format-standard","has-post-thumbnail","hentry","category-look-style"],"acf":[],"yoast_head":"<!-- This site is optimized with the Yoast SEO plugin v27.5 - https:\/\/yoast.com\/product\/yoast-seo-wordpress\/ -->\n<title>Braun Tragen: Kombinationen, Psychologie, usw | Belgae<\/title>\n<meta name=\"robots\" content=\"index, follow, max-snippet:-1, max-image-preview:large, max-video-preview:-1\" \/>\n<link rel=\"canonical\" href=\"https:\/\/www.belgae.be\/de\/blog\/braun-tragend\/\" \/>\n<meta property=\"og:locale\" content=\"de_DE\" \/>\n<meta property=\"og:type\" content=\"article\" \/>\n<meta property=\"og:title\" content=\"Braun Tragen: Kombinationen, Psychologie, usw | Belgae\" \/>\n<meta property=\"og:description\" content=\"Entfesseln Sie die Kraft erdiger T\u00f6ne mit unserem Leitfaden zum Tragen von Braun!\" \/>\n<meta property=\"og:url\" content=\"https:\/\/www.belgae.be\/de\/blog\/braun-tragend\/\" \/>\n<meta property=\"og:site_name\" content=\"Belgae\" \/>\n<meta property=\"article:published_time\" content=\"2023-08-03T13:41:05+00:00\" \/>\n<meta property=\"article:modified_time\" content=\"2023-08-04T10:28:11+00:00\" \/>\n<meta name=\"author\" content=\"Cyril Gendarme\" \/>\n<meta name=\"twitter:card\" content=\"summary_large_image\" \/>\n<meta name=\"twitter:label1\" content=\"Verfasst von\" \/>\n\t<meta name=\"twitter:data1\" content=\"Cyril Gendarme\" \/>\n\t<meta name=\"twitter:label2\" content=\"Gesch\u00e4tzte Lesezeit\" \/>\n\t<meta name=\"twitter:data2\" content=\"10\u00a0Minuten\" \/>\n<script type=\"application\/ld+json\" class=\"yoast-schema-graph\">{\"@context\":\"https:\\\/\\\/schema.org\",\"@graph\":[{\"@type\":\"Article\",\"@id\":\"https:\\\/\\\/www.belgae.be\\\/de\\\/blog\\\/braun-tragend\\\/#article\",\"isPartOf\":{\"@id\":\"https:\\\/\\\/www.belgae.be\\\/de\\\/blog\\\/braun-tragend\\\/\"},\"author\":{\"name\":\"Cyril Gendarme\",\"@id\":\"https:\\\/\\\/www.belgae.be\\\/de\\\/#\\\/schema\\\/person\\\/646b40b88212bc5335f9c4fa787df047\"},\"headline\":\"Braun Tragen: Kombinationen, Psychologie, usw\",\"datePublished\":\"2023-08-03T13:41:05+00:00\",\"dateModified\":\"2023-08-04T10:28:11+00:00\",\"mainEntityOfPage\":{\"@id\":\"https:\\\/\\\/www.belgae.be\\\/de\\\/blog\\\/braun-tragend\\\/\"},\"wordCount\":1411,\"commentCount\":0,\"publisher\":{\"@id\":\"https:\\\/\\\/www.belgae.be\\\/de\\\/#organization\"},\"image\":{\"@id\":\"https:\\\/\\\/www.belgae.be\\\/de\\\/blog\\\/braun-tragend\\\/#primaryimage\"},\"thumbnailUrl\":\"https:\\\/\\\/www.belgae.be\\\/de\\\/wp-content\\\/uploads\\\/sites\\\/2\\\/2023\\\/08\\\/cyril_ge_miscellaneous_pieces_of_clothing_black_and_white_Franc_c807eb9e-031c-45e1-a390-f48635b4b831-1.webp\",\"articleSection\":[\"Look &amp; Style\"],\"inLanguage\":\"de\",\"potentialAction\":[{\"@type\":\"CommentAction\",\"name\":\"Comment\",\"target\":[\"https:\\\/\\\/www.belgae.be\\\/de\\\/blog\\\/braun-tragend\\\/#respond\"]}]},{\"@type\":\"WebPage\",\"@id\":\"https:\\\/\\\/www.belgae.be\\\/de\\\/blog\\\/braun-tragend\\\/\",\"url\":\"https:\\\/\\\/www.belgae.be\\\/de\\\/blog\\\/braun-tragend\\\/\",\"name\":\"Braun Tragen: Kombinationen, Psychologie, usw | Belgae\",\"isPartOf\":{\"@id\":\"https:\\\/\\\/www.belgae.be\\\/de\\\/#website\"},\"primaryImageOfPage\":{\"@id\":\"https:\\\/\\\/www.belgae.be\\\/de\\\/blog\\\/braun-tragend\\\/#primaryimage\"},\"image\":{\"@id\":\"https:\\\/\\\/www.belgae.be\\\/de\\\/blog\\\/braun-tragend\\\/#primaryimage\"},\"thumbnailUrl\":\"https:\\\/\\\/www.belgae.be\\\/de\\\/wp-content\\\/uploads\\\/sites\\\/2\\\/2023\\\/08\\\/cyril_ge_miscellaneous_pieces_of_clothing_black_and_white_Franc_c807eb9e-031c-45e1-a390-f48635b4b831-1.webp\",\"datePublished\":\"2023-08-03T13:41:05+00:00\",\"dateModified\":\"2023-08-04T10:28:11+00:00\",\"breadcrumb\":{\"@id\":\"https:\\\/\\\/www.belgae.be\\\/de\\\/blog\\\/braun-tragend\\\/#breadcrumb\"},\"inLanguage\":\"de\",\"potentialAction\":[{\"@type\":\"ReadAction\",\"target\":[\"https:\\\/\\\/www.belgae.be\\\/de\\\/blog\\\/braun-tragend\\\/\"]}]},{\"@type\":\"ImageObject\",\"inLanguage\":\"de\",\"@id\":\"https:\\\/\\\/www.belgae.be\\\/de\\\/blog\\\/braun-tragend\\\/#primaryimage\",\"url\":\"https:\\\/\\\/www.belgae.be\\\/de\\\/wp-content\\\/uploads\\\/sites\\\/2\\\/2023\\\/08\\\/cyril_ge_miscellaneous_pieces_of_clothing_black_and_white_Franc_c807eb9e-031c-45e1-a390-f48635b4b831-1.webp\",\"contentUrl\":\"https:\\\/\\\/www.belgae.be\\\/de\\\/wp-content\\\/uploads\\\/sites\\\/2\\\/2023\\\/08\\\/cyril_ge_miscellaneous_pieces_of_clothing_black_and_white_Franc_c807eb9e-031c-45e1-a390-f48635b4b831-1.webp\"},{\"@type\":\"BreadcrumbList\",\"@id\":\"https:\\\/\\\/www.belgae.be\\\/de\\\/blog\\\/braun-tragend\\\/#breadcrumb\",\"itemListElement\":[{\"@type\":\"ListItem\",\"position\":1,\"name\":\"Accueil\",\"item\":\"https:\\\/\\\/www.belgae.be\\\/de\\\/\"},{\"@type\":\"ListItem\",\"position\":2,\"name\":\"Braun Tragen: Kombinationen, Psychologie, usw\"}]},{\"@type\":\"WebSite\",\"@id\":\"https:\\\/\\\/www.belgae.be\\\/de\\\/#website\",\"url\":\"https:\\\/\\\/www.belgae.be\\\/de\\\/\",\"name\":\"Belgae\",\"description\":\"Belgische Kunst &amp; Mode\",\"publisher\":{\"@id\":\"https:\\\/\\\/www.belgae.be\\\/de\\\/#organization\"},\"potentialAction\":[{\"@type\":\"SearchAction\",\"target\":{\"@type\":\"EntryPoint\",\"urlTemplate\":\"https:\\\/\\\/www.belgae.be\\\/de\\\/?s={search_term_string}\"},\"query-input\":{\"@type\":\"PropertyValueSpecification\",\"valueRequired\":true,\"valueName\":\"search_term_string\"}}],\"inLanguage\":\"de\"},{\"@type\":\"Organization\",\"@id\":\"https:\\\/\\\/www.belgae.be\\\/de\\\/#organization\",\"name\":\"Belgae\",\"url\":\"https:\\\/\\\/www.belgae.be\\\/de\\\/\",\"logo\":{\"@type\":\"ImageObject\",\"inLanguage\":\"de\",\"@id\":\"https:\\\/\\\/www.belgae.be\\\/de\\\/#\\\/schema\\\/logo\\\/image\\\/\",\"url\":\"https:\\\/\\\/www.belgae.be\\\/de\\\/wp-content\\\/uploads\\\/sites\\\/2\\\/2023\\\/07\\\/Sans-titre1-Copie.png\",\"contentUrl\":\"https:\\\/\\\/www.belgae.be\\\/de\\\/wp-content\\\/uploads\\\/sites\\\/2\\\/2023\\\/07\\\/Sans-titre1-Copie.png\",\"width\":88,\"height\":88,\"caption\":\"Belgae\"},\"image\":{\"@id\":\"https:\\\/\\\/www.belgae.be\\\/de\\\/#\\\/schema\\\/logo\\\/image\\\/\"}},{\"@type\":\"Person\",\"@id\":\"https:\\\/\\\/www.belgae.be\\\/de\\\/#\\\/schema\\\/person\\\/646b40b88212bc5335f9c4fa787df047\",\"name\":\"Cyril Gendarme\",\"sameAs\":[\"https:\\\/\\\/www.belgae.be\"],\"url\":\"https:\\\/\\\/www.belgae.be\\\/de\\\/blog\\\/author\\\/cgen\\\/\"}]}<\/script>\n<!-- \/ Yoast SEO plugin. -->","yoast_head_json":{"title":"Braun Tragen: Kombinationen, Psychologie, usw | Belgae","robots":{"index":"index","follow":"follow","max-snippet":"max-snippet:-1","max-image-preview":"max-image-preview:large","max-video-preview":"max-video-preview:-1"},"canonical":"https:\/\/www.belgae.be\/de\/blog\/braun-tragend\/","og_locale":"de_DE","og_type":"article","og_title":"Braun Tragen: Kombinationen, Psychologie, usw | Belgae","og_description":"Entfesseln Sie die Kraft erdiger T\u00f6ne mit unserem Leitfaden zum Tragen von Braun!","og_url":"https:\/\/www.belgae.be\/de\/blog\/braun-tragend\/","og_site_name":"Belgae","article_published_time":"2023-08-03T13:41:05+00:00","article_modified_time":"2023-08-04T10:28:11+00:00","author":"Cyril Gendarme","twitter_card":"summary_large_image","twitter_misc":{"Verfasst von":"Cyril Gendarme","Gesch\u00e4tzte Lesezeit":"10\u00a0Minuten"},"schema":{"@context":"https:\/\/schema.org","@graph":[{"@type":"Article","@id":"https:\/\/www.belgae.be\/de\/blog\/braun-tragend\/#article","isPartOf":{"@id":"https:\/\/www.belgae.be\/de\/blog\/braun-tragend\/"},"author":{"name":"Cyril Gendarme","@id":"https:\/\/www.belgae.be\/de\/#\/schema\/person\/646b40b88212bc5335f9c4fa787df047"},"headline":"Braun Tragen: Kombinationen, Psychologie, usw","datePublished":"2023-08-03T13:41:05+00:00","dateModified":"2023-08-04T10:28:11+00:00","mainEntityOfPage":{"@id":"https:\/\/www.belgae.be\/de\/blog\/braun-tragend\/"},"wordCount":1411,"commentCount":0,"publisher":{"@id":"https:\/\/www.belgae.be\/de\/#organization"},"image":{"@id":"https:\/\/www.belgae.be\/de\/blog\/braun-tragend\/#primaryimage"},"thumbnailUrl":"https:\/\/www.belgae.be\/de\/wp-content\/uploads\/sites\/2\/2023\/08\/cyril_ge_miscellaneous_pieces_of_clothing_black_and_white_Franc_c807eb9e-031c-45e1-a390-f48635b4b831-1.webp","articleSection":["Look &amp; Style"],"inLanguage":"de","potentialAction":[{"@type":"CommentAction","name":"Comment","target":["https:\/\/www.belgae.be\/de\/blog\/braun-tragend\/#respond"]}]},{"@type":"WebPage","@id":"https:\/\/www.belgae.be\/de\/blog\/braun-tragend\/","url":"https:\/\/www.belgae.be\/de\/blog\/braun-tragend\/","name":"Braun Tragen: Kombinationen, Psychologie, usw | Belgae","isPartOf":{"@id":"https:\/\/www.belgae.be\/de\/#website"},"primaryImageOfPage":{"@id":"https:\/\/www.belgae.be\/de\/blog\/braun-tragend\/#primaryimage"},"image":{"@id":"https:\/\/www.belgae.be\/de\/blog\/braun-tragend\/#primaryimage"},"thumbnailUrl":"https:\/\/www.belgae.be\/de\/wp-content\/uploads\/sites\/2\/2023\/08\/cyril_ge_miscellaneous_pieces_of_clothing_black_and_white_Franc_c807eb9e-031c-45e1-a390-f48635b4b831-1.webp","datePublished":"2023-08-03T13:41:05+00:00","dateModified":"2023-08-04T10:28:11+00:00","breadcrumb":{"@id":"https:\/\/www.belgae.be\/de\/blog\/braun-tragend\/#breadcrumb"},"inLanguage":"de","potentialAction":[{"@type":"ReadAction","target":["https:\/\/www.belgae.be\/de\/blog\/braun-tragend\/"]}]},{"@type":"ImageObject","inLanguage":"de","@id":"https:\/\/www.belgae.be\/de\/blog\/braun-tragend\/#primaryimage","url":"https:\/\/www.belgae.be\/de\/wp-content\/uploads\/sites\/2\/2023\/08\/cyril_ge_miscellaneous_pieces_of_clothing_black_and_white_Franc_c807eb9e-031c-45e1-a390-f48635b4b831-1.webp","contentUrl":"https:\/\/www.belgae.be\/de\/wp-content\/uploads\/sites\/2\/2023\/08\/cyril_ge_miscellaneous_pieces_of_clothing_black_and_white_Franc_c807eb9e-031c-45e1-a390-f48635b4b831-1.webp"},{"@type":"BreadcrumbList","@id":"https:\/\/www.belgae.be\/de\/blog\/braun-tragend\/#breadcrumb","itemListElement":[{"@type":"ListItem","position":1,"name":"Accueil","item":"https:\/\/www.belgae.be\/de\/"},{"@type":"ListItem","position":2,"name":"Braun Tragen: Kombinationen, Psychologie, usw"}]},{"@type":"WebSite","@id":"https:\/\/www.belgae.be\/de\/#website","url":"https:\/\/www.belgae.be\/de\/","name":"Belgae","description":"Belgische Kunst &amp; Mode","publisher":{"@id":"https:\/\/www.belgae.be\/de\/#organization"},"potentialAction":[{"@type":"SearchAction","target":{"@type":"EntryPoint","urlTemplate":"https:\/\/www.belgae.be\/de\/?s={search_term_string}"},"query-input":{"@type":"PropertyValueSpecification","valueRequired":true,"valueName":"search_term_string"}}],"inLanguage":"de"},{"@type":"Organization","@id":"https:\/\/www.belgae.be\/de\/#organization","name":"Belgae","url":"https:\/\/www.belgae.be\/de\/","logo":{"@type":"ImageObject","inLanguage":"de","@id":"https:\/\/www.belgae.be\/de\/#\/schema\/logo\/image\/","url":"https:\/\/www.belgae.be\/de\/wp-content\/uploads\/sites\/2\/2023\/07\/Sans-titre1-Copie.png","contentUrl":"https:\/\/www.belgae.be\/de\/wp-content\/uploads\/sites\/2\/2023\/07\/Sans-titre1-Copie.png","width":88,"height":88,"caption":"Belgae"},"image":{"@id":"https:\/\/www.belgae.be\/de\/#\/schema\/logo\/image\/"}},{"@type":"Person","@id":"https:\/\/www.belgae.be\/de\/#\/schema\/person\/646b40b88212bc5335f9c4fa787df047","name":"Cyril Gendarme","sameAs":["https:\/\/www.belgae.be"],"url":"https:\/\/www.belgae.be\/de\/blog\/author\/cgen\/"}]}},"_links":{"self":[{"href":"https:\/\/www.belgae.be\/de\/wp-json\/wp\/v2\/posts\/2947","targetHints":{"allow":["GET"]}}],"collection":[{"href":"https:\/\/www.belgae.be\/de\/wp-json\/wp\/v2\/posts"}],"about":[{"href":"https:\/\/www.belgae.be\/de\/wp-json\/wp\/v2\/types\/post"}],"author":[{"embeddable":true,"href":"https:\/\/www.belgae.be\/de\/wp-json\/wp\/v2\/users\/1"}],"replies":[{"embeddable":true,"href":"https:\/\/www.belgae.be\/de\/wp-json\/wp\/v2\/comments?post=2947"}],"version-history":[{"count":0,"href":"https:\/\/www.belgae.be\/de\/wp-json\/wp\/v2\/posts\/2947\/revisions"}],"wp:featuredmedia":[{"embeddable":true,"href":"https:\/\/www.belgae.be\/de\/wp-json\/"}],"wp:attachment":[{"href":"https:\/\/www.belgae.be\/de\/wp-json\/wp\/v2\/media?parent=2947"}],"wp:term":[{"taxonomy":"category","embeddable":true,"href":"https:\/\/www.belgae.be\/de\/wp-json\/wp\/v2\/categories?post=2947"},{"taxonomy":"post_tag","embeddable":true,"href":"https:\/\/www.belgae.be\/de\/wp-json\/wp\/v2\/tags?post=2947"}],"curies":[{"name":"wp","href":"https:\/\/api.w.org\/{rel}","templated":true}]}}