{"id":2946,"date":"2023-08-03T13:40:49","date_gmt":"2023-08-03T13:40:49","guid":{"rendered":"https:\/\/www.belgae.be\/de\/blog\/orange-tragen\/"},"modified":"2023-08-04T10:43:15","modified_gmt":"2023-08-04T10:43:15","slug":"orange-tragen","status":"publish","type":"post","link":"https:\/\/www.belgae.be\/de\/blog\/orange-tragen\/","title":{"rendered":"Orange tragen: Kombinationen, Psychologie, usw"},"content":{"rendered":"<p>Entfesseln Sie Ihre innere Modequeen und wagen Sie es, mit einem strahlenden Farbtupfer aufzufallen! Dieser Artikel taucht ein in die lebendige Welt des Tragens von Orange. Wir erforschen elektrisierende Kombinationen, tauchen tief in seine Psychologie ein und mehr.<\/p>\n<p>Machen Sie sich bereit, stilvoll aufzutreten, w\u00e4hrend wir den sizzling Farbton entschl\u00fcsseln, der dabei ist, Kleiderschr\u00e4nke weltweit zu revolutionieren. Bereiten Sie sich vor auf eine atemberaubende Reise durch Tangerine-Tr\u00e4ume!<\/p>\n<section class=\"contentTable_table\">\n<p class=\"contentTable_title\">Inhalt:<\/p>\n<p class=\"contentTable_elem\"><a href=\"#balise_0\">1. Einf\u00fchrung: Wie man Orange tr\u00e4gt<\/a><\/p>\n<p class=\"contentTable_elem\"><a href=\"#balise_1\">2. Welche Emotionen werden durch das Tragen von Orange ausgedr\u00fcckt? <\/a><\/p>\n<p class=\"contentTable_elem\"><a href=\"#balise_2\">3. Kombinationen: Welche Farben passen zu orangener Kleidung? <\/a><\/p>\n<p class=\"contentTable_elem\"><a href=\"#balise_3\">4. Welcher Hautton passt gut zu einem orangefarbenen Outfit? <\/a><\/p>\n<p class=\"contentTable_elem\"><a href=\"#balise_4\">5. Die beste Jahreszeit, um die Farbe Orange zu tragen<\/a><\/p>\n<p class=\"contentTable_elem\"><a href=\"#balise_5\">6. Das Tragen von orangefarbenen Schuhen: Eine gute Idee? <\/a><\/p>\n<p class=\"contentTable_elem\"><a href=\"#balise_6\">7. Mode-Fauxpas: H\u00e4ufige Fehler, die man beim Tragen von Orange vermeiden sollte<\/a><\/p>\n<p class=\"contentTable_elem\"><a href=\"#balise_7\">8. Die Auswirkungen des Tragens der Farbe Orange auf unsere Psychologie<\/a><\/p>\n<p class=\"contentTable_elem\"><a href=\"#balise_8\">9. Das Tragen der Farbe Orange: Welche spirituelle Bedeutung hat es? <\/a><\/p>\n<p class=\"contentTable_elem\"><a href=\"#balise_9\">10. Das Tragen der Farbe Orange in einem Traum: Was bedeutet das? <\/a><\/p>\n<\/section>\n<p><img loading=\"lazy\" decoding=\"async\" class=\"lazyload articleImageSquare_CGEN\" height=\"400\" width=\"400\" src=\"https:\/\/www.belgae.be\/imageHolder\/\/wp-content\/uploads\/sites\/2\/2023\/07\/loading-spinner-belgae.gif\" data-src=\"https:\/\/www.belgae.be\/imageHolder\/\/wp-content\/uploads\/sites\/2\/2023\/08\/tmpnwcdl_0d.jpg\" alt=\"tmpnwcdl_0d\"><\/p>\n<h2 id=\"balise_0\">Einf\u00fchrung: Wie man Orange tr\u00e4gt<\/h2>\n<p>M\u00f6chten Sie Ihrer Garderobe Farbe und Energie verleihen?<\/p>\n<p>Dann ist die leuchtende Farbe Orange genau das Richtige f\u00fcr Sie! Diese kr\u00e4ftige und spielerische Nuance hat die Kraft, jedes Outfit sofort aufzuwerten. Ob Sie zum ersten Mal Orange tragen oder nach neuen M\u00f6glichkeiten suchen, es zu stylen: dieser Leitfaden hilft Ihnen dabei, diese auff\u00e4llige Farbe mit Selbstvertrauen zu tragen.<\/p>\n<p>Orange ist mehr als nur eine kraftvolle Wahl. Es kann auch als Symbol der Kreativit\u00e4t angesehen werden. Wenn Sie also ein wenig Inspiration ben\u00f6tigen, sind orangefarbene Kleidungsst\u00fccke eine hervorragende Option.<\/p>\n<p>Egal ob in Form von Accessoires oder Bekleidung &#8211; orange bietet zahlreiche Styling-M\u00f6glichkeiten. Experimentieren Sie mit verschiedenen T\u00f6nen und Materialien um Ihren individuellen Look zu kreieren.<\/p>\n<p>Vergessen wir nicht den Einfluss von Orange auf unsere Stimmung: Es kann uns fr\u00f6hlich machen und unseren Tag erhellen. Also warum nicht diesen positiven Effekt nutzen und Ihrem Outfit einen orangefarbenen Touch geben?<\/p>\n<p>Unabh\u00e4ngig davon wie sehr sie sich bereits an diese lebendige Farbwahl gew\u00f6hnt haben: In diesem Guide finden sie vielf\u00e4ltige Anregungen zur Integration von Orange in Ihre Garderobe.<\/p>\n<p><img loading=\"lazy\" decoding=\"async\" class=\"lazyload articleImageSquare_CGEN\" height=\"400\" width=\"400\" src=\"https:\/\/www.belgae.be\/imageHolder\/\/wp-content\/uploads\/sites\/2\/2023\/07\/loading-spinner-belgae.gif\" data-src=\"https:\/\/www.belgae.be\/imageHolder\/\/wp-content\/uploads\/sites\/2\/2023\/08\/tmple_nsyru.jpg\" alt=\"tmple_nsyru\"><\/p>\n<h2 id=\"balise_1\">Welche Emotionen werden durch das Tragen von Orange ausgedr\u00fcckt?<\/h2>\n<p>Orange wird zweifellos mit Gef\u00fchlen von Begeisterung, Kreativit\u00e4t und Freude in Verbindung gebracht. Es ist wie Sonnenschein in Kleidungsform!<\/p>\n<p>Beim Tragen von Orange strahlt man nicht nur Positivit\u00e4t aus, sondern f\u00e4ngt auch die Aufmerksamkeit aller auf. Diese lebendige Farbe verstr\u00f6mt W\u00e4rme und kann Ihre Stimmung sowie die der Menschen um Sie herum steigern.<\/p>\n<p>Es besteht kein Zweifel daran, dass Orange eine starke emotionale Wirkung hat. Man k\u00f6nnte sogar sagen, es ist ein echter Stimmungsverst\u00e4rker!<\/p>\n<p>Egal ob im Alltag oder bei besonderen Anl\u00e4ssen &#8211; das Tragen von Orange hinterl\u00e4sst immer einen bleibenden Eindruck. Probieren Sie es aus und erleben Sie den Unterschied!<\/p>\n<p><img loading=\"lazy\" decoding=\"async\" class=\"lazyload articleImageSquare_CGEN\" height=\"400\" width=\"400\" src=\"https:\/\/www.belgae.be\/imageHolder\/\/wp-content\/uploads\/sites\/2\/2023\/07\/loading-spinner-belgae.gif\" data-src=\"https:\/\/www.belgae.be\/imageHolder\/\/wp-content\/uploads\/sites\/2\/2023\/08\/tmpjwx0cs3p.jpg\" alt=\"tmpjwx0cs3p\"><\/p>\n<h2 id=\"balise_2\">Kombinationen: Welche Farben passen zu orangener Kleidung?<\/h2>\n<p>Wenn es darum geht, Farben mit orangefarbenen Kleidungsst\u00fccken zu kombinieren, gibt es endlose M\u00f6glichkeiten f\u00fcr Harmonie und Kontrast. F\u00fcr einen harmonischen Look w\u00e4hlen Sie T\u00f6ne aus dem gleichen warmen Spektrum wie Gelb oder Rot.<\/p>\n<p>Kontrastreiche Kombinationen k\u00f6nnten Ihre k\u00fcnstlerische Natur mehr ansprechen. Versuchen Sie dann, einige k\u00fchle T\u00f6ne wie Blau oder Gr\u00fcn hinzuzuf\u00fcgen &#8211; sie werden eine auff\u00e4llige Aussage machen!<\/p>\n<p>Es ist wichtig zu beachten, dass die Wahl der Farbkombination von Ihrem pers\u00f6nlichen Stil abh\u00e4ngt. Experimentieren Sie also ruhig und finden Sie heraus, was am besten zu Ihnen passt.<\/p>\n<p>Denken Sie daran: Mode soll Spa\u00df machen! Es gibt keine festgelegten Regeln daf\u00fcr, welche Farben zusammenpassen und welche nicht. Seien Sie mutig in Ihrer Auswahl und lassen sich von den Trends inspirieren.<\/p>\n<p><img loading=\"lazy\" decoding=\"async\" class=\"lazyload articleImageSquare_CGEN\" height=\"400\" width=\"400\" src=\"https:\/\/www.belgae.be\/imageHolder\/\/wp-content\/uploads\/sites\/2\/2023\/07\/loading-spinner-belgae.gif\" data-src=\"https:\/\/www.belgae.be\/imageHolder\/\/wp-content\/uploads\/sites\/2\/2023\/08\/tmp_qhgzuby.jpg\" alt=\"tmp_qhgzuby\"><\/p>\n<h2 id=\"balise_3\">Welcher Hautton passt gut zu einem orangefarbenen Outfit?<\/h2>\n<p>Die Sch\u00f6nheit des Tragens von Orange liegt in seiner Vielseitigkeit \u00fcber verschiedene Hautt\u00f6ne. Menschen mit w\u00e4rmeren Untert\u00f6nen sollten reiche Oranget\u00f6ne wie Tangerine oder Terrakotta umarmen; diese Farben erg\u00e4nzen ihren Teint wundersch\u00f6n.<\/p>\n<p>Hautt\u00f6ne mit k\u00fchleren Untert\u00f6nen k\u00f6nnen leichtere Nuancen wie pfirsichfarbene Pastellt\u00f6ne erkunden, die eine sch\u00f6ne Balance zwischen ihrem Hautton und dem hellen Farbton schaffen.<\/p>\n<p>Der Einsatz dieser leuchtenden Nuance kann das Aussehen dramatisch verbessern und einen frischen, lebendigen Look erzeugen. Es ist an der Zeit, den Mut zu haben, dieses fesselnde Farbspektrum zu erkunden.<\/p>\n<p>Unabh\u00e4ngig vom Hautton hat jeder die Chance, seine pers\u00f6nliche Note hinzuzuf\u00fcgen und mit verschiedenen Orangetonen zu experimentieren. Die Ergebnisse k\u00f6nnten \u00fcberraschend sein!<\/p>\n<p><img loading=\"lazy\" decoding=\"async\" class=\"lazyload articleImageSquare_CGEN\" height=\"400\" width=\"400\" src=\"https:\/\/www.belgae.be\/imageHolder\/\/wp-content\/uploads\/sites\/2\/2023\/07\/loading-spinner-belgae.gif\" data-src=\"https:\/\/www.belgae.be\/imageHolder\/\/wp-content\/uploads\/sites\/2\/2023\/08\/tmpcx04kszm.jpg\" alt=\"tmpcx04kszm\"><\/p>\n<h2 id=\"balise_4\">Die beste Jahreszeit, um die Farbe Orange zu tragen<\/h2>\n<p>Das ganze Jahr \u00fcber getragen, aber besonders in bestimmten Jahreszeiten gefeiert &#8211; lassen Sie uns tiefer eintauchen:<\/p>\n<p>Herbst: Wenn die Bl\u00e4tter drau\u00dfen goldbraun werden, warum spiegeln wir nicht die Sch\u00f6nheit der Natur wider, indem wir warme Oranget\u00f6ne in unsere Garderobe einbeziehen?<\/p>\n<p>Es f\u00e4ngt perfekt den gem\u00fctlichen und lebendigen Geist dieser Saison ein.<\/p>\n<p>Sommer: Umarmen Sie die sonnenverw\u00f6hnten Tage mit einem Energieausbruch durch leuchtende Orangen. Sie vermitteln m\u00fchelos tropische Stimmungen und verleihen jedem Sommerensemble einen sofortigen Glanz.<\/p>\n<p>Fr\u00fchling: W\u00e4hrend Blumen bl\u00fchen, umarmen Sie das lebhafte Wesen des Fr\u00fchlings mit weichen Pastellorangen, die neue Anf\u00e4nge widerspiegeln.<\/p>\n<p><img loading=\"lazy\" decoding=\"async\" class=\"lazyload articleImageSquare_CGEN\" height=\"400\" width=\"400\" src=\"https:\/\/www.belgae.be\/imageHolder\/\/wp-content\/uploads\/sites\/2\/2023\/07\/loading-spinner-belgae.gif\" data-src=\"https:\/\/www.belgae.be\/imageHolder\/\/wp-content\/uploads\/sites\/2\/2023\/08\/tmp1bu7eas2.jpg\" alt=\"tmp1bu7eas\"><\/p>\n<h2 id=\"balise_5\">Das Tragen von orangefarbenen Schuhen: Eine gute Idee?<\/h2>\n<p>Nat\u00fcrlich! Auf der Suche nach einem Statement-Teil, um Ihr Outfit aufzuwerten, sind orangefarbene Schuhe eine hervorragende Wahl. Ob Sneakers oder Heels, sie bringen Pers\u00f6nlichkeit und Verspieltheit in jeden Look. Kombinieren Sie diese mit neutralen Kleidungsst\u00fccken wie Denim oder Schwarz f\u00fcr maximale Wirkung &#8211; lassen Sie die Schuhe im Mittelpunkt stehen!<\/p>\n<p>Orange Schuhe sind nicht nur auff\u00e4llig, sondern auch vielseitig. Die kr\u00e4ftige Farbe kann zu vielen verschiedenen Anl\u00e4ssen getragen werden. Egal ob tags\u00fcber bei der Arbeit oder abends beim Ausgehen.<\/p>\n<p>Die Farbe Orange strahlt Lebensfreude aus und ist daher perfekt f\u00fcr modische Experimente geeignet. Es ist ein mutiger Zug, aber einer der sich lohnt! Mit orangefarbenen Schuhen k\u00f6nnen Sie sicher sein, dass Ihr Stil bemerkt wird.<\/p>\n<p>Vergessen Sie nicht: Mode sollte Spa\u00df machen! Orangefarbene Schuhe bieten die perfekte M\u00f6glichkeit dazu.<\/p>\n<p><img loading=\"lazy\" decoding=\"async\" class=\"lazyload articleImageSquare_CGEN\" height=\"400\" width=\"400\" src=\"https:\/\/www.belgae.be\/imageHolder\/\/wp-content\/uploads\/sites\/2\/2023\/07\/loading-spinner-belgae.gif\" data-src=\"https:\/\/www.belgae.be\/imageHolder\/\/wp-content\/uploads\/sites\/2\/2023\/08\/tmp3ct_qoii.jpg\" alt=\"tmp3ct_qoii\"><\/p>\n<h2 id=\"balise_6\">Mode-Fauxpas: H\u00e4ufige Fehler, die man beim Tragen von Orange vermeiden sollte<\/h2>\n<p>Das Tragen von Orange kann unglaublich modisch sein, wenn es richtig gemacht wird. Es ist jedoch wichtig, einige h\u00e4ufige Fehler zu vermeiden:<\/p>\n<p>\u00dcbertreibung: Gleichgewicht ist das A und O; \u00fcbersch\u00fctten Sie sich nicht mit orange von Kopf bis Fu\u00df, es sei denn, Sie m\u00f6chten wie ein Verkehrskegel aussehen!<\/p>\n<p>Zusammenprallende Farben: Seien Sie achtsam bei der Kombination verschiedener Nuancen; stellen Sie sicher, dass sie sich erg\u00e4nzen anstatt gegeneinander zu konkurrieren.<\/p>\n<p>Vernachl\u00e4ssigung der Proportionen: Achten Sie darauf, wie bestimmte Schnitte Ihre K\u00f6rperform schmeicheln &#8211; \u00fcberm\u00e4\u00dfig lockere oder enge Kleidungsst\u00fccke k\u00f6nnten dieser fesselnden Farbe vielleicht nicht gerecht werden.<\/p>\n<p><img loading=\"lazy\" decoding=\"async\" class=\"lazyload articleImageSquare_CGEN\" height=\"400\" width=\"400\" src=\"https:\/\/www.belgae.be\/imageHolder\/\/wp-content\/uploads\/sites\/2\/2023\/07\/loading-spinner-belgae.gif\" data-src=\"https:\/\/www.belgae.be\/imageHolder\/\/wp-content\/uploads\/sites\/2\/2023\/08\/tmp50kitvvc.jpg\" alt=\"tmp50kitvvc\"><\/p>\n<h2 id=\"balise_7\">Die Auswirkungen des Tragens der Farbe Orange auf unsere Psychologie<\/h2>\n<p>Farben haben erstaunliche psychologische Auswirkungen auf unsere Emotionen und unser Verhalten &#8211; Orange macht da keine Ausnahme! Dieser lebhafte Farbton stimuliert die Kreativit\u00e4t, f\u00f6rdert die Begeisterung und erh\u00f6ht sogar die soziale Interaktion.<\/p>\n<p>Ben\u00f6tigst du w\u00e4hrend deines Tages einen zus\u00e4tzlichen Motivationsschub oder Inspiration?<\/p>\n<p>Versuche dann, etwas Oranges zu tragen!<\/p>\n<p><img loading=\"lazy\" decoding=\"async\" class=\"lazyload articleImageSquare_CGEN\" height=\"400\" width=\"400\" src=\"https:\/\/www.belgae.be\/imageHolder\/\/wp-content\/uploads\/sites\/2\/2023\/07\/loading-spinner-belgae.gif\" data-src=\"https:\/\/www.belgae.be\/imageHolder\/\/wp-content\/uploads\/sites\/2\/2023\/08\/tmp9cx9mw2h.jpg\" alt=\"tmp9cx9mw2h\"><\/p>\n<h2 id=\"balise_8\">Das Tragen der Farbe Orange: Welche spirituelle Bedeutung hat es?<\/h2>\n<p>In der Spiritualit\u00e4t steht das Tragen von Orange f\u00fcr eine Verbindung zum Sakralchakra. Diese Assoziation ist verbunden mit Kreativit\u00e4t, Leidenschaft und emotionalem Wohlbefinden. Es symbolisiert Vitalit\u00e4t und f\u00f6rdert die Annahme der eigenen wahren Selbstdarstellung.<\/p>\n<p>Indem man orange Kleidung oder Accessoires tr\u00e4gt, kann man diese Energie nutzen und den inneren K\u00fcnstler aktivieren. Die Farbe Orange hat eine positive Ausstrahlung auf unsere Stimmung und unser allgemeines Wohlbefinden.<\/p>\n<p>Es inspiriert uns dazu, unser volles Potenzial auszusch\u00f6pfen und unserer Leidenschaft nachzugehen. Durch das Annehmen dieser energetischen Eigenschaften k\u00f6nnen wir ein erf\u00fcllteres Leben f\u00fchren.<\/p>\n<p>Das Tragen von Orange ist mehr als nur ein modisches Statement &#8211; es ist ein Weg zur Selbstentdeckung. Nutzen Sie also die Kraft des Orangetons, um Ihre kreative Seite zu wecken.<\/p>\n<p><img loading=\"lazy\" decoding=\"async\" class=\"lazyload articleImageSquare_CGEN\" height=\"400\" width=\"400\" src=\"https:\/\/www.belgae.be\/imageHolder\/\/wp-content\/uploads\/sites\/2\/2023\/07\/loading-spinner-belgae.gif\" data-src=\"https:\/\/www.belgae.be\/imageHolder\/\/wp-content\/uploads\/sites\/2\/2023\/08\/tmp8prhdmmk.jpg\" alt=\"tmp8prhdmmk\"><\/p>\n<h2 id=\"balise_9\">Das Tragen der Farbe Orange in einem Traum: Was bedeutet das?<\/h2>\n<p>Tr\u00e4ume sind geheimnisvolle Bereiche, in denen Symbolik oft eine wesentliche Rolle spielt. Wenn man sich im Traum in Orange kleidet, k\u00f6nnte dies neue Anf\u00e4nge oder Chancen signalisieren, die auf einen zukommen. Diese lebhafte Farbe fordert m\u00f6glicherweise dazu auf, Ver\u00e4nderungen furchtlos zu umarmen und spannende Abenteuer anzutreten.<\/p>\n<p>Nachdem alle Aspekte des Tragens von Orange untersucht wurden &#8211; von Modetipps bis zur psychologischen Wirkung &#8211; ist es an der Zeit f\u00fcr den k\u00fcnstlerischen Ausdruck! Umarme diesen energetischen Farbton selbstbewusst und lass seine W\u00e4rme sowohl deine Garderobe als auch deinen Geist erleuchten.<\/p>\n","protected":false},"excerpt":{"rendered":"<p>Entfesseln Sie Ihre innere Modequeen und wagen Sie es, mit einem strahlenden Farbtupfer aufzufallen! Dieser Artikel taucht ein in die lebendige Welt des Tragens von Orange.<\/p>\n","protected":false},"author":1,"featured_media":5001,"comment_status":"open","ping_status":"closed","sticky":false,"template":"","format":"standard","meta":{"_acf_changed":false,"_et_pb_use_builder":"","_et_pb_old_content":"","_et_gb_content_width":"","footnotes":""},"categories":[38],"tags":[],"class_list":["post-2946","post","type-post","status-publish","format-standard","has-post-thumbnail","hentry","category-look-style"],"acf":[],"yoast_head":"<!-- This site is optimized with the Yoast SEO plugin v27.5 - https:\/\/yoast.com\/product\/yoast-seo-wordpress\/ -->\n<title>Orange tragen: Kombinationen, Psychologie, usw | Belgae<\/title>\n<meta name=\"robots\" content=\"index, follow, max-snippet:-1, max-image-preview:large, max-video-preview:-1\" \/>\n<link rel=\"canonical\" href=\"https:\/\/www.belgae.be\/de\/blog\/orange-tragen\/\" \/>\n<meta property=\"og:locale\" content=\"de_DE\" \/>\n<meta property=\"og:type\" content=\"article\" \/>\n<meta property=\"og:title\" content=\"Orange tragen: Kombinationen, Psychologie, usw | Belgae\" \/>\n<meta property=\"og:description\" content=\"Entfesseln Sie Ihre innere Modequeen und wagen Sie es, mit einem strahlenden Farbtupfer aufzufallen! Dieser Artikel taucht ein in die lebendige Welt des Tragens von Orange.\" \/>\n<meta property=\"og:url\" content=\"https:\/\/www.belgae.be\/de\/blog\/orange-tragen\/\" \/>\n<meta property=\"og:site_name\" content=\"Belgae\" \/>\n<meta property=\"article:published_time\" content=\"2023-08-03T13:40:49+00:00\" \/>\n<meta property=\"article:modified_time\" content=\"2023-08-04T10:43:15+00:00\" \/>\n<meta name=\"author\" content=\"Cyril Gendarme\" \/>\n<meta name=\"twitter:card\" content=\"summary_large_image\" \/>\n<meta name=\"twitter:label1\" content=\"Verfasst von\" \/>\n\t<meta name=\"twitter:data1\" content=\"Cyril Gendarme\" \/>\n\t<meta name=\"twitter:label2\" content=\"Gesch\u00e4tzte Lesezeit\" \/>\n\t<meta name=\"twitter:data2\" content=\"10\u00a0Minuten\" \/>\n<script type=\"application\/ld+json\" class=\"yoast-schema-graph\">{\"@context\":\"https:\\\/\\\/schema.org\",\"@graph\":[{\"@type\":\"Article\",\"@id\":\"https:\\\/\\\/www.belgae.be\\\/de\\\/blog\\\/orange-tragen\\\/#article\",\"isPartOf\":{\"@id\":\"https:\\\/\\\/www.belgae.be\\\/de\\\/blog\\\/orange-tragen\\\/\"},\"author\":{\"name\":\"Cyril Gendarme\",\"@id\":\"https:\\\/\\\/www.belgae.be\\\/de\\\/#\\\/schema\\\/person\\\/646b40b88212bc5335f9c4fa787df047\"},\"headline\":\"Orange tragen: Kombinationen, Psychologie, usw\",\"datePublished\":\"2023-08-03T13:40:49+00:00\",\"dateModified\":\"2023-08-04T10:43:15+00:00\",\"mainEntityOfPage\":{\"@id\":\"https:\\\/\\\/www.belgae.be\\\/de\\\/blog\\\/orange-tragen\\\/\"},\"wordCount\":1453,\"commentCount\":0,\"publisher\":{\"@id\":\"https:\\\/\\\/www.belgae.be\\\/de\\\/#organization\"},\"image\":{\"@id\":\"https:\\\/\\\/www.belgae.be\\\/de\\\/blog\\\/orange-tragen\\\/#primaryimage\"},\"thumbnailUrl\":\"https:\\\/\\\/www.belgae.be\\\/de\\\/wp-content\\\/uploads\\\/sites\\\/2\\\/2023\\\/08\\\/cyril_ge_miscellaneous_pieces_of_clothing_black_and_white_Franc_69ff922f-0941-4e45-b91e-aa5d4d5686a8-1.webp\",\"articleSection\":[\"Look &amp; Style\"],\"inLanguage\":\"de\",\"potentialAction\":[{\"@type\":\"CommentAction\",\"name\":\"Comment\",\"target\":[\"https:\\\/\\\/www.belgae.be\\\/de\\\/blog\\\/orange-tragen\\\/#respond\"]}]},{\"@type\":\"WebPage\",\"@id\":\"https:\\\/\\\/www.belgae.be\\\/de\\\/blog\\\/orange-tragen\\\/\",\"url\":\"https:\\\/\\\/www.belgae.be\\\/de\\\/blog\\\/orange-tragen\\\/\",\"name\":\"Orange tragen: Kombinationen, Psychologie, usw | Belgae\",\"isPartOf\":{\"@id\":\"https:\\\/\\\/www.belgae.be\\\/de\\\/#website\"},\"primaryImageOfPage\":{\"@id\":\"https:\\\/\\\/www.belgae.be\\\/de\\\/blog\\\/orange-tragen\\\/#primaryimage\"},\"image\":{\"@id\":\"https:\\\/\\\/www.belgae.be\\\/de\\\/blog\\\/orange-tragen\\\/#primaryimage\"},\"thumbnailUrl\":\"https:\\\/\\\/www.belgae.be\\\/de\\\/wp-content\\\/uploads\\\/sites\\\/2\\\/2023\\\/08\\\/cyril_ge_miscellaneous_pieces_of_clothing_black_and_white_Franc_69ff922f-0941-4e45-b91e-aa5d4d5686a8-1.webp\",\"datePublished\":\"2023-08-03T13:40:49+00:00\",\"dateModified\":\"2023-08-04T10:43:15+00:00\",\"breadcrumb\":{\"@id\":\"https:\\\/\\\/www.belgae.be\\\/de\\\/blog\\\/orange-tragen\\\/#breadcrumb\"},\"inLanguage\":\"de\",\"potentialAction\":[{\"@type\":\"ReadAction\",\"target\":[\"https:\\\/\\\/www.belgae.be\\\/de\\\/blog\\\/orange-tragen\\\/\"]}]},{\"@type\":\"ImageObject\",\"inLanguage\":\"de\",\"@id\":\"https:\\\/\\\/www.belgae.be\\\/de\\\/blog\\\/orange-tragen\\\/#primaryimage\",\"url\":\"https:\\\/\\\/www.belgae.be\\\/de\\\/wp-content\\\/uploads\\\/sites\\\/2\\\/2023\\\/08\\\/cyril_ge_miscellaneous_pieces_of_clothing_black_and_white_Franc_69ff922f-0941-4e45-b91e-aa5d4d5686a8-1.webp\",\"contentUrl\":\"https:\\\/\\\/www.belgae.be\\\/de\\\/wp-content\\\/uploads\\\/sites\\\/2\\\/2023\\\/08\\\/cyril_ge_miscellaneous_pieces_of_clothing_black_and_white_Franc_69ff922f-0941-4e45-b91e-aa5d4d5686a8-1.webp\"},{\"@type\":\"BreadcrumbList\",\"@id\":\"https:\\\/\\\/www.belgae.be\\\/de\\\/blog\\\/orange-tragen\\\/#breadcrumb\",\"itemListElement\":[{\"@type\":\"ListItem\",\"position\":1,\"name\":\"Accueil\",\"item\":\"https:\\\/\\\/www.belgae.be\\\/de\\\/\"},{\"@type\":\"ListItem\",\"position\":2,\"name\":\"Orange tragen: Kombinationen, Psychologie, usw\"}]},{\"@type\":\"WebSite\",\"@id\":\"https:\\\/\\\/www.belgae.be\\\/de\\\/#website\",\"url\":\"https:\\\/\\\/www.belgae.be\\\/de\\\/\",\"name\":\"Belgae\",\"description\":\"Belgische Kunst &amp; Mode\",\"publisher\":{\"@id\":\"https:\\\/\\\/www.belgae.be\\\/de\\\/#organization\"},\"potentialAction\":[{\"@type\":\"SearchAction\",\"target\":{\"@type\":\"EntryPoint\",\"urlTemplate\":\"https:\\\/\\\/www.belgae.be\\\/de\\\/?s={search_term_string}\"},\"query-input\":{\"@type\":\"PropertyValueSpecification\",\"valueRequired\":true,\"valueName\":\"search_term_string\"}}],\"inLanguage\":\"de\"},{\"@type\":\"Organization\",\"@id\":\"https:\\\/\\\/www.belgae.be\\\/de\\\/#organization\",\"name\":\"Belgae\",\"url\":\"https:\\\/\\\/www.belgae.be\\\/de\\\/\",\"logo\":{\"@type\":\"ImageObject\",\"inLanguage\":\"de\",\"@id\":\"https:\\\/\\\/www.belgae.be\\\/de\\\/#\\\/schema\\\/logo\\\/image\\\/\",\"url\":\"https:\\\/\\\/www.belgae.be\\\/de\\\/wp-content\\\/uploads\\\/sites\\\/2\\\/2023\\\/07\\\/Sans-titre1-Copie.png\",\"contentUrl\":\"https:\\\/\\\/www.belgae.be\\\/de\\\/wp-content\\\/uploads\\\/sites\\\/2\\\/2023\\\/07\\\/Sans-titre1-Copie.png\",\"width\":88,\"height\":88,\"caption\":\"Belgae\"},\"image\":{\"@id\":\"https:\\\/\\\/www.belgae.be\\\/de\\\/#\\\/schema\\\/logo\\\/image\\\/\"}},{\"@type\":\"Person\",\"@id\":\"https:\\\/\\\/www.belgae.be\\\/de\\\/#\\\/schema\\\/person\\\/646b40b88212bc5335f9c4fa787df047\",\"name\":\"Cyril Gendarme\",\"sameAs\":[\"https:\\\/\\\/www.belgae.be\"],\"url\":\"https:\\\/\\\/www.belgae.be\\\/de\\\/blog\\\/author\\\/cgen\\\/\"}]}<\/script>\n<!-- \/ Yoast SEO plugin. -->","yoast_head_json":{"title":"Orange tragen: Kombinationen, Psychologie, usw | Belgae","robots":{"index":"index","follow":"follow","max-snippet":"max-snippet:-1","max-image-preview":"max-image-preview:large","max-video-preview":"max-video-preview:-1"},"canonical":"https:\/\/www.belgae.be\/de\/blog\/orange-tragen\/","og_locale":"de_DE","og_type":"article","og_title":"Orange tragen: Kombinationen, Psychologie, usw | Belgae","og_description":"Entfesseln Sie Ihre innere Modequeen und wagen Sie es, mit einem strahlenden Farbtupfer aufzufallen! Dieser Artikel taucht ein in die lebendige Welt des Tragens von Orange.","og_url":"https:\/\/www.belgae.be\/de\/blog\/orange-tragen\/","og_site_name":"Belgae","article_published_time":"2023-08-03T13:40:49+00:00","article_modified_time":"2023-08-04T10:43:15+00:00","author":"Cyril Gendarme","twitter_card":"summary_large_image","twitter_misc":{"Verfasst von":"Cyril Gendarme","Gesch\u00e4tzte Lesezeit":"10\u00a0Minuten"},"schema":{"@context":"https:\/\/schema.org","@graph":[{"@type":"Article","@id":"https:\/\/www.belgae.be\/de\/blog\/orange-tragen\/#article","isPartOf":{"@id":"https:\/\/www.belgae.be\/de\/blog\/orange-tragen\/"},"author":{"name":"Cyril Gendarme","@id":"https:\/\/www.belgae.be\/de\/#\/schema\/person\/646b40b88212bc5335f9c4fa787df047"},"headline":"Orange tragen: Kombinationen, Psychologie, usw","datePublished":"2023-08-03T13:40:49+00:00","dateModified":"2023-08-04T10:43:15+00:00","mainEntityOfPage":{"@id":"https:\/\/www.belgae.be\/de\/blog\/orange-tragen\/"},"wordCount":1453,"commentCount":0,"publisher":{"@id":"https:\/\/www.belgae.be\/de\/#organization"},"image":{"@id":"https:\/\/www.belgae.be\/de\/blog\/orange-tragen\/#primaryimage"},"thumbnailUrl":"https:\/\/www.belgae.be\/de\/wp-content\/uploads\/sites\/2\/2023\/08\/cyril_ge_miscellaneous_pieces_of_clothing_black_and_white_Franc_69ff922f-0941-4e45-b91e-aa5d4d5686a8-1.webp","articleSection":["Look &amp; Style"],"inLanguage":"de","potentialAction":[{"@type":"CommentAction","name":"Comment","target":["https:\/\/www.belgae.be\/de\/blog\/orange-tragen\/#respond"]}]},{"@type":"WebPage","@id":"https:\/\/www.belgae.be\/de\/blog\/orange-tragen\/","url":"https:\/\/www.belgae.be\/de\/blog\/orange-tragen\/","name":"Orange tragen: Kombinationen, Psychologie, usw | Belgae","isPartOf":{"@id":"https:\/\/www.belgae.be\/de\/#website"},"primaryImageOfPage":{"@id":"https:\/\/www.belgae.be\/de\/blog\/orange-tragen\/#primaryimage"},"image":{"@id":"https:\/\/www.belgae.be\/de\/blog\/orange-tragen\/#primaryimage"},"thumbnailUrl":"https:\/\/www.belgae.be\/de\/wp-content\/uploads\/sites\/2\/2023\/08\/cyril_ge_miscellaneous_pieces_of_clothing_black_and_white_Franc_69ff922f-0941-4e45-b91e-aa5d4d5686a8-1.webp","datePublished":"2023-08-03T13:40:49+00:00","dateModified":"2023-08-04T10:43:15+00:00","breadcrumb":{"@id":"https:\/\/www.belgae.be\/de\/blog\/orange-tragen\/#breadcrumb"},"inLanguage":"de","potentialAction":[{"@type":"ReadAction","target":["https:\/\/www.belgae.be\/de\/blog\/orange-tragen\/"]}]},{"@type":"ImageObject","inLanguage":"de","@id":"https:\/\/www.belgae.be\/de\/blog\/orange-tragen\/#primaryimage","url":"https:\/\/www.belgae.be\/de\/wp-content\/uploads\/sites\/2\/2023\/08\/cyril_ge_miscellaneous_pieces_of_clothing_black_and_white_Franc_69ff922f-0941-4e45-b91e-aa5d4d5686a8-1.webp","contentUrl":"https:\/\/www.belgae.be\/de\/wp-content\/uploads\/sites\/2\/2023\/08\/cyril_ge_miscellaneous_pieces_of_clothing_black_and_white_Franc_69ff922f-0941-4e45-b91e-aa5d4d5686a8-1.webp"},{"@type":"BreadcrumbList","@id":"https:\/\/www.belgae.be\/de\/blog\/orange-tragen\/#breadcrumb","itemListElement":[{"@type":"ListItem","position":1,"name":"Accueil","item":"https:\/\/www.belgae.be\/de\/"},{"@type":"ListItem","position":2,"name":"Orange tragen: Kombinationen, Psychologie, usw"}]},{"@type":"WebSite","@id":"https:\/\/www.belgae.be\/de\/#website","url":"https:\/\/www.belgae.be\/de\/","name":"Belgae","description":"Belgische Kunst &amp; Mode","publisher":{"@id":"https:\/\/www.belgae.be\/de\/#organization"},"potentialAction":[{"@type":"SearchAction","target":{"@type":"EntryPoint","urlTemplate":"https:\/\/www.belgae.be\/de\/?s={search_term_string}"},"query-input":{"@type":"PropertyValueSpecification","valueRequired":true,"valueName":"search_term_string"}}],"inLanguage":"de"},{"@type":"Organization","@id":"https:\/\/www.belgae.be\/de\/#organization","name":"Belgae","url":"https:\/\/www.belgae.be\/de\/","logo":{"@type":"ImageObject","inLanguage":"de","@id":"https:\/\/www.belgae.be\/de\/#\/schema\/logo\/image\/","url":"https:\/\/www.belgae.be\/de\/wp-content\/uploads\/sites\/2\/2023\/07\/Sans-titre1-Copie.png","contentUrl":"https:\/\/www.belgae.be\/de\/wp-content\/uploads\/sites\/2\/2023\/07\/Sans-titre1-Copie.png","width":88,"height":88,"caption":"Belgae"},"image":{"@id":"https:\/\/www.belgae.be\/de\/#\/schema\/logo\/image\/"}},{"@type":"Person","@id":"https:\/\/www.belgae.be\/de\/#\/schema\/person\/646b40b88212bc5335f9c4fa787df047","name":"Cyril Gendarme","sameAs":["https:\/\/www.belgae.be"],"url":"https:\/\/www.belgae.be\/de\/blog\/author\/cgen\/"}]}},"_links":{"self":[{"href":"https:\/\/www.belgae.be\/de\/wp-json\/wp\/v2\/posts\/2946","targetHints":{"allow":["GET"]}}],"collection":[{"href":"https:\/\/www.belgae.be\/de\/wp-json\/wp\/v2\/posts"}],"about":[{"href":"https:\/\/www.belgae.be\/de\/wp-json\/wp\/v2\/types\/post"}],"author":[{"embeddable":true,"href":"https:\/\/www.belgae.be\/de\/wp-json\/wp\/v2\/users\/1"}],"replies":[{"embeddable":true,"href":"https:\/\/www.belgae.be\/de\/wp-json\/wp\/v2\/comments?post=2946"}],"version-history":[{"count":0,"href":"https:\/\/www.belgae.be\/de\/wp-json\/wp\/v2\/posts\/2946\/revisions"}],"wp:featuredmedia":[{"embeddable":true,"href":"https:\/\/www.belgae.be\/de\/wp-json\/"}],"wp:attachment":[{"href":"https:\/\/www.belgae.be\/de\/wp-json\/wp\/v2\/media?parent=2946"}],"wp:term":[{"taxonomy":"category","embeddable":true,"href":"https:\/\/www.belgae.be\/de\/wp-json\/wp\/v2\/categories?post=2946"},{"taxonomy":"post_tag","embeddable":true,"href":"https:\/\/www.belgae.be\/de\/wp-json\/wp\/v2\/tags?post=2946"}],"curies":[{"name":"wp","href":"https:\/\/api.w.org\/{rel}","templated":true}]}}