{"id":2945,"date":"2023-08-03T13:40:33","date_gmt":"2023-08-03T13:40:33","guid":{"rendered":"https:\/\/www.belgae.be\/de\/blog\/lila-tragen\/"},"modified":"2023-08-04T10:43:21","modified_gmt":"2023-08-04T10:43:21","slug":"lila-tragen","status":"publish","type":"post","link":"https:\/\/www.belgae.be\/de\/blog\/lila-tragen\/","title":{"rendered":"Lila tragen: Kombinationen, Psychologie, usw"},"content":{"rendered":"<p>Tauchen Sie ein in die lebendige Welt von Lila, einer Farbe, die auf dem Grat zwischen k\u00fchler Eleganz und warmer Leidenschaft tanzt. Entdecken Sie, wie Sie ihre Kraft in Ihrer Garderobe meistern k\u00f6nnen, indem Sie sie mit anderen T\u00f6nen f\u00fcr maximale Wirkung kombinieren. Erforschen Sie die faszinierende Psychologie hinter dem Tragen dieses k\u00f6niglichen Farbtons.<\/p>\n<p>Von Lavendel bis Pflaume erz\u00e4hlt jede Variation eine einzigartige Geschichte. Lassen Sie uns gemeinsam erforschen, wie Sie diese Schattierungen als Werkzeuge zur Selbstdarstellung durch Mode verwenden k\u00f6nnen!<\/p>\n<section class=\"contentTable_table\">\n<p class=\"contentTable_title\">Inhalt:<\/p>\n<p class=\"contentTable_elem\"><a href=\"#balise_0\">1. Einf\u00fchrung: Wie tr\u00e4gt man die Farbe Lila? <\/a><\/p>\n<p class=\"contentTable_elem\"><a href=\"#balise_1\">2. Welche Emotionen werden durch das Tragen der Farbe Lila ausgedr\u00fcckt? <\/a><\/p>\n<p class=\"contentTable_elem\"><a href=\"#balise_2\">3. Kombinationen: Welche Farben passen zu lila Kleidung? <\/a><\/p>\n<p class=\"contentTable_elem\"><a href=\"#balise_3\">4. Welcher Hauttyp passt gut zu einem lila Outfit? <\/a><\/p>\n<p class=\"contentTable_elem\"><a href=\"#balise_4\">5. Die beste Jahreszeit, um die Farbe Lila zu tragen<\/a><\/p>\n<p class=\"contentTable_elem\"><a href=\"#balise_5\">6. Lila Schuhe tragen: Eine gute Idee? <\/a><\/p>\n<p class=\"contentTable_elem\"><a href=\"#balise_6\">7. Mode-Fauxpas: H\u00e4ufige Fehler, die Sie vermeiden sollten, wenn Sie Lila tragen<\/a><\/p>\n<p class=\"contentTable_elem\"><a href=\"#balise_7\">8. Die Auswirkungen des Tragens der Farbe Lila auf unsere Psychologie<\/a><\/p>\n<p class=\"contentTable_elem\"><a href=\"#balise_8\">9. Tragen der Farbe Lila: Welche spirituelle Bedeutung? <\/a><\/p>\n<p class=\"contentTable_elem\"><a href=\"#balise_9\">10. Das Tragen der Farbe Lila in einem Traum: Was bedeutet das? <\/a><\/p>\n<\/section>\n<p><img loading=\"lazy\" decoding=\"async\" class=\"lazyload articleImageSquare_CGEN\" height=\"400\" width=\"400\" src=\"https:\/\/www.belgae.be\/imageHolder\/\/wp-content\/uploads\/sites\/2\/2023\/07\/loading-spinner-belgae.gif\" data-src=\"https:\/\/www.belgae.be\/imageHolder\/\/wp-content\/uploads\/sites\/2\/2023\/08\/tmpq5idf046.jpg\" alt=\"tmpq5idf\"><\/p>\n<h2 id=\"balise_0\">Einf\u00fchrung: Wie tr\u00e4gt man die Farbe Lila?<\/h2>\n<p>Lila, die Farbe der K\u00f6nige und Kreativit\u00e4t, steht seit langem f\u00fcr Luxus und Pracht. Ob bei besonderen Anl\u00e4ssen oder als farblicher Akzent im Alltagsoutfit \u2013 Lila l\u00e4sst Sie stilvoll hervorstechen. Doch wie tr\u00e4gt man diesen kraftvollen Farbton ohne \u00dcbertreibung?<\/p>\n<p>Hier sind einige Tipps zum Tragen von Lila wie ein Modeprofi.<\/p>\n<p>Die Wahl des richtigen Lilatons ist entscheidend. W\u00e4hlen Sie einen Ton, der zu Ihrem Hautton passt. Helle Hautt\u00f6ne neigen dazu, mit Pastelllilas gut auszusehen, w\u00e4hrend dunklere Hautt\u00f6ne kr\u00e4ftigere T\u00f6ne erg\u00e4nzen k\u00f6nnen.<\/p>\n<p>Es ist wichtig, das Outfit richtig zu balancieren. Wenn Ihr Hauptteil lila ist, halten Sie den Rest Ihres Outfits neutral um nicht zu \u00fcbertreiben.<\/p>\n<p>Denken Sie daran: Accessoires k\u00f6nnen Ihren Look aufwerten! Ein lila Armband oder eine Handtasche kann genug sein um Aufmerksamkeit auf sich zu ziehen.<\/p>\n<p>Experimentieren Sie! Modetrends \u00e4ndern sich st\u00e4ndig und es gibt keine festgelegten Regeln beim Styling mit Farben.<\/p>\n<p><img loading=\"lazy\" decoding=\"async\" class=\"lazyload articleImageSquare_CGEN\" height=\"400\" width=\"400\" src=\"https:\/\/www.belgae.be\/imageHolder\/\/wp-content\/uploads\/sites\/2\/2023\/07\/loading-spinner-belgae.gif\" data-src=\"https:\/\/www.belgae.be\/imageHolder\/\/wp-content\/uploads\/sites\/2\/2023\/08\/tmp94u11fra.jpg\" alt=\"tmp94u11fra\"><\/p>\n<h2 id=\"balise_1\">Welche Emotionen werden durch das Tragen der Farbe Lila ausgedr\u00fcckt?<\/h2>\n<p>Die Farbpsychologie hinter der Farbe Lila ist faszinierend. Sie steht f\u00fcr Macht, Ehrgeiz und Individualit\u00e4t, w\u00e4hrend sie gleichzeitig Gef\u00fchle von Geheimnis und Spiritualit\u00e4t hervorruft. Wenn ein Outfit in Schattierungen von Lila getragen wird, strahlt es Selbstvertrauen und Raffinesse aus.<\/p>\n<p>Gleichzeitig macht man eine Aussage \u00fcber seine einzigartige Pers\u00f6nlichkeit. Die Verwendung dieser Farbe kann einen starken Einfluss auf die Wahrnehmung haben. Es gibt viele Aspekte zu ber\u00fccksichtigen bei der Auswahl des perfekten lila Kleidungsst\u00fcckes.<\/p>\n<p>Ein solches Outfit kann definitiv Aufmerksamkeit erregen. Es hat die F\u00e4higkeit, sowohl Eleganz als auch einen Hauch von Dramatik zu vermitteln. Daher sollte man sich bewusst f\u00fcr diese besondere Farbe entscheiden.<\/p>\n<p>Es ist wichtig zu wissen, dass das Tragen von Lila nicht nur modisch aussieht sondern auch tiefe symbolische Bedeutungen hat.<\/p>\n<p><img loading=\"lazy\" decoding=\"async\" class=\"lazyload articleImageSquare_CGEN\" height=\"400\" width=\"400\" src=\"https:\/\/www.belgae.be\/imageHolder\/\/wp-content\/uploads\/sites\/2\/2023\/07\/loading-spinner-belgae.gif\" data-src=\"https:\/\/www.belgae.be\/imageHolder\/\/wp-content\/uploads\/sites\/2\/2023\/08\/tmpyrgltxbp.jpg\" alt=\"tmpyrgltxbp\"><\/p>\n<h2 id=\"balise_2\">Kombinationen: Welche Farben passen zu lila Kleidung?<\/h2>\n<p>Farben klug zu kombinieren ist entscheidend, wenn es um die Gestaltung eines Ensembles in der k\u00f6niglichen Farbnuance geht. F\u00fcr einen eleganten Look, der Raffinesse ausstrahlt, probieren Sie tiefe Violett-T\u00f6ne mit neutralen Farbt\u00f6nen wie Schwarz oder Wei\u00df zu kombinieren.<\/p>\n<p>Wenn etwas Lebhafteres und Verspielteres bevorzugt wird, sollten hellere Violettt\u00f6ne mit Akzenten von Gelb oder Rosa f\u00fcr einen auff\u00e4lligen Kontrast in Betracht gezogen werden. Dieser Mix kann ein Outfit wirklich zum Strahlen bringen und gleichzeitig eine gewisse Frische verleihen.<\/p>\n<p>Unabh\u00e4ngig davon welche Kombination gew\u00e4hlt wird, spielt das richtige Verst\u00e4ndnis von Farbschemata eine entscheidende Rolle bei der Schaffung eines harmonischen Looks. Daher sollte immer darauf geachtet werden die Balance zwischen den verschiedenen T\u00f6nen zu wahren.<\/p>\n<p>Erinnerung: Der Schl\u00fcssel zur perfekten Zusammenstellung liegt im Experimentieren und Erforschen verschiedener M\u00f6glichkeiten bis das ideale Ensemble gefunden wurde!<\/p>\n<p><img loading=\"lazy\" decoding=\"async\" class=\"lazyload articleImageSquare_CGEN\" height=\"400\" width=\"400\" src=\"https:\/\/www.belgae.be\/imageHolder\/\/wp-content\/uploads\/sites\/2\/2023\/07\/loading-spinner-belgae.gif\" data-src=\"https:\/\/www.belgae.be\/imageHolder\/\/wp-content\/uploads\/sites\/2\/2023\/08\/tmpp44_4_qn.jpg\" alt=\"tmpp44_4_qn\"><\/p>\n<h2 id=\"balise_3\">Welcher Hauttyp passt gut zu einem lila Outfit?<\/h2>\n<p>Einer der Vorteile von Lila ist seine Vielseitigkeit bei verschiedenen Hautt\u00f6nen! Menschen mit warmen Untert\u00f6nen sollten sich f\u00fcr satte Purpurt\u00f6ne wie Pflaume oder Burgunder entscheiden, um ihren nat\u00fcrlichen Glanz zu verst\u00e4rken.<\/p>\n<p>Auf der anderen Seite k\u00f6nnen Personen mit k\u00fchlen Untert\u00f6nen k\u00fchlere Nuancen w\u00e4hlen. Farben wie Lavendel oder Flieder erg\u00e4nzen ihr Teint wundersch\u00f6n.<\/p>\n<p>Es geht nicht nur darum, modisch auszusehen. Es geht auch darum, den richtigen Ton zu finden, der die nat\u00fcrliche Sch\u00f6nheit hervorhebt und das Beste in jedem zum Vorschein bringt.<\/p>\n<p>Tragen Sie also mutig Lila! Ob warme oder k\u00fchle T\u00f6ne &#8211; es gibt immer eine Nuance von Lila, die perfekt passt und ein strahlendes Aussehen garantiert.<\/p>\n<p><img loading=\"lazy\" decoding=\"async\" class=\"lazyload articleImageSquare_CGEN\" height=\"400\" width=\"400\" src=\"https:\/\/www.belgae.be\/imageHolder\/\/wp-content\/uploads\/sites\/2\/2023\/07\/loading-spinner-belgae.gif\" data-src=\"https:\/\/www.belgae.be\/imageHolder\/\/wp-content\/uploads\/sites\/2\/2023\/08\/tmp9ilhcv5e.jpg\" alt=\"tmp9ilhcv5e\"><\/p>\n<h2 id=\"balise_4\">Die beste Jahreszeit, um die Farbe Lila zu tragen<\/h2>\n<p>Obwohl es keine festen Regeln mehr f\u00fcr saisonale Modeauswahl gibt (Hurra!), neigen bestimmte Jahreszeiten dazu, sich besonders gut f\u00fcr spezifische Farben zu eignen. Lila, mit seinen reichen und gem\u00fctlichen Untert\u00f6nen, ist perfekt f\u00fcr Herbst und Winter.<\/p>\n<p>Stellen Sie sich vor, eingewickelt in einen kuscheligen lila Pullover oder tiefviolette Accessoires gegen das Hintergrundbild von Herbstbl\u00e4ttern zu schaukeln &#8211; es ist pure Mode-Magie!<\/p>\n<p>Eine solche Wahl der Garderobe kann die Stimmung eines jeden Tages verbessern. Es bringt Eleganz und eine gewisse Mystik mit sich.<\/p>\n<p>Es ist nicht nur modisch ansprechend; es hilft auch dabei den pers\u00f6nlichen Stil zum Ausdruck bringen. Ein Hauch von Lila kann jedem Outfit eine besondere Note verleihen.<\/p>\n<p>Mit einer Vielfalt an Schattierungen zur Auswahl bietet Lila unbegrenzte M\u00f6glichkeiten zur Kreativit\u00e4t. Nutzen Sie diese M\u00f6glichkeit um Ihre einzigartige Pers\u00f6nlichkeit hervorzuheben.<\/p>\n<p><img loading=\"lazy\" decoding=\"async\" class=\"lazyload articleImageSquare_CGEN\" height=\"400\" width=\"400\" src=\"https:\/\/www.belgae.be\/imageHolder\/\/wp-content\/uploads\/sites\/2\/2023\/07\/loading-spinner-belgae.gif\" data-src=\"https:\/\/www.belgae.be\/imageHolder\/\/wp-content\/uploads\/sites\/2\/2023\/08\/tmpiljx1rkf.jpg\" alt=\"tmpiljx1rkf\"><\/p>\n<h2 id=\"balise_5\">Lila Schuhe tragen: Eine gute Idee?<\/h2>\n<p>Nat\u00fcrlich! Lila Schuhe zu tragen kann jeder Garderobe einen unvorhersehbaren Farbtupfer hinzuf\u00fcgen und Ihr Modebewusstsein auf eine neue Stufe heben. Es spielt keine Rolle, ob Sie sich f\u00fcr lebendige violette High Heels entscheiden oder subtilere Lavendel-Sneaker bevorzugen.<\/p>\n<p>Mutige Schuhwahl wie diese sind garantiert ein Hingucker, egal wo Sie auftauchen. Jeder Outfit wird durch das Tragen von lila Schuhen verbessert. Von auff\u00e4lligen violetten Abs\u00e4tzen bis hin zu dezenteren Lavendel-Turnschuhen ist die Auswahl an mutigen Fu\u00dfbekleidungen riesig.<\/p>\n<p>Mit solch einer Wahl zieht man definitiv Blicke auf sich, unabh\u00e4ngig vom Ort des Geschehens. So werden Ihre modischen Entscheidungen nie unbemerkt bleiben und Ihren pers\u00f6nlichen Stil unterstreichen.<\/p>\n<p><img loading=\"lazy\" decoding=\"async\" class=\"lazyload articleImageSquare_CGEN\" height=\"400\" width=\"400\" src=\"https:\/\/www.belgae.be\/imageHolder\/\/wp-content\/uploads\/sites\/2\/2023\/07\/loading-spinner-belgae.gif\" data-src=\"https:\/\/www.belgae.be\/imageHolder\/\/wp-content\/uploads\/sites\/2\/2023\/08\/tmp0b9tl0pt.jpg\" alt=\"tmp0b9tl0pt\"><\/p>\n<h2 id=\"balise_6\">Mode-Fauxpas: H\u00e4ufige Fehler, die Sie vermeiden sollten, wenn Sie Lila tragen<\/h2>\n<p>Beim Experimentieren mit Mode wird immer ermutigt, es gibt jedoch einige h\u00e4ufige Fehler, die vermieden werden sollten. Ein gro\u00dfer Fauxpas ist der \u00dcberschuss an lila T\u00f6nen in einem Outfit, es sei denn, Sie zielen auf einen bestimmten thematischen Look ab.<\/p>\n<p>Versuchen Sie stattdessen, verschiedene Nuancen innerhalb derselben Farbfamilie zu mischen. Alternativ k\u00f6nnen starke Lila-T\u00f6ne mit neutralen Kleidungsst\u00fccken ausgeglichen werden um Harmonie zu schaffen.<\/p>\n<p>Lila kann eine kraftvolle und vielseitige Farbe sein. Es ist wichtig diese richtig einzusetzen und das Beste daraus zu machen. Vermeiden Sie einfach die oben genannten Fehler und genie\u00dfen Sie die Vielfalt dieser faszinierenden Farbe in Ihrer Garderobe.<\/p>\n<p><img loading=\"lazy\" decoding=\"async\" class=\"lazyload articleImageSquare_CGEN\" height=\"400\" width=\"400\" src=\"https:\/\/www.belgae.be\/imageHolder\/\/wp-content\/uploads\/sites\/2\/2023\/07\/loading-spinner-belgae.gif\" data-src=\"https:\/\/www.belgae.be\/imageHolder\/\/wp-content\/uploads\/sites\/2\/2023\/08\/tmp4mt3oo7e.jpg\" alt=\"tmp4mt3oo7e\"><\/p>\n<h2 id=\"balise_7\">Die Auswirkungen des Tragens der Farbe Lila auf unsere Psychologie<\/h2>\n<p>Die Wirkung von Farben auf unsere Psyche ist unbestreitbar und Lila hat einige interessante Effekte auf unseren Geist. Es stimuliert die Kreativit\u00e4t und f\u00f6rdert gleichzeitig Achtsamkeit und spirituelles Wachstum.<\/p>\n<p>Durch das Einbringen dieses majest\u00e4tischen Tons in Ihren Alltag durch Kleidung kann Innovation inspiriert werden. Zudem hilft es, innere Ruhe zu kultivieren.<\/p>\n<p>Farben spielen eine wichtige Rolle f\u00fcr unser psychisches Wohlbefinden. Lila insbesondere hat dabei faszinierende Auswirkungen. Diese k\u00f6nigliche Farbe regt nicht nur die Kreativit\u00e4t an, sondern f\u00f6rdert auch die Achtsamkeit.<\/p>\n<p>Das Tragen dieser ausdrucksstarken Farbe im t\u00e4glichen Leben kann zudem dazu beitragen, einen Zustand innerer Gelassenheit zu erreichen und spirituelles Wachstum anzusto\u00dfen.<\/p>\n<p><img loading=\"lazy\" decoding=\"async\" class=\"lazyload articleImageSquare_CGEN\" height=\"400\" width=\"400\" src=\"https:\/\/www.belgae.be\/imageHolder\/\/wp-content\/uploads\/sites\/2\/2023\/07\/loading-spinner-belgae.gif\" data-src=\"https:\/\/www.belgae.be\/imageHolder\/\/wp-content\/uploads\/sites\/2\/2023\/08\/tmpopnm_842.jpg\" alt=\"tmpopnm_\"><\/p>\n<h2 id=\"balise_8\">Tragen der Farbe Lila: Welche spirituelle Bedeutung?<\/h2>\n<p>Lila hat im Laufe der Geschichte in verschiedenen Kulturen eine bedeutende spirituelle Bedeutung. H\u00e4ufig wird es mit Spiritualit\u00e4t, Weisheit, Intuition und g\u00f6ttlicher Verbindung assoziiert. Das Tragen dieser bezaubernden Farbe kann als Erinnerung dienen, das h\u00f6here Selbst sowohl in allt\u00e4glichen Momenten als auch bei besonderen Anl\u00e4ssen zu umarmen.<\/p>\n<p>In vielen Traditionen symbolisiert Lila ein tieferes Bewusstsein und eine starke Bindung zum Universum. Es ist mehr als nur eine \u00e4sthetisch ansprechende Farbe; es ist ein Leuchtfeuer der Inspiration und des inneren Wachstums.<\/p>\n<p>Egal ob man sich f\u00fcr einen Hauch von Lila auf einem Schal entscheidet oder ein komplettes Outfit in dieser tiefgr\u00fcndigen Nuance w\u00e4hlt &#8211; die Botschaft bleibt gleich: Ein Aufruf zur Selbsterkenntnis und zum Streben nach gr\u00f6\u00dferem Wissen.<\/p>\n<p>Es geht nicht nur darum, modische Statements zu setzen. Vielmehr erinnert uns Lila daran, unseren geistigen Horizont zu erweitern und unsere innere St\u00e4rke zu erkennen.<\/p>\n<p><img loading=\"lazy\" decoding=\"async\" class=\"lazyload articleImageSquare_CGEN\" height=\"400\" width=\"400\" src=\"https:\/\/www.belgae.be\/imageHolder\/\/wp-content\/uploads\/sites\/2\/2023\/07\/loading-spinner-belgae.gif\" data-src=\"https:\/\/www.belgae.be\/imageHolder\/\/wp-content\/uploads\/sites\/2\/2023\/08\/tmpz8e_tu1v.jpg\" alt=\"tmpz8e_tu1v\"><\/p>\n<h2 id=\"balise_9\">Das Tragen der Farbe Lila in einem Traum: Was bedeutet das?<\/h2>\n<p>Tr\u00e4ume gelten seit langem als Tr\u00e4ger verborgener Botschaften und das Tragen der Farbe Lila im Traum kann f\u00fcr jeden Einzelnen unterschiedliche Dinge symbolisieren. Es k\u00f6nnte das Erwachen Ihrer Kreativit\u00e4t anzeigen oder den Wunsch nach spirituellem Wachstum repr\u00e4sentieren. Die Erforschung von Symbolismus in Tr\u00e4umen ist subjektiv, also vertrauen Sie auf Ihre Intuition und reflektieren Sie, was dieser lebendige Farbton f\u00fcr Sie pers\u00f6nlich bedeutet.<\/p>\n<p>Schlussfolgernd sollte man nicht z\u00f6gern, Lila in die eigene Garderobe zu integrieren! Akzeptiere ihren k\u00f6niglichen Charme und lasse sie deinen einzigartigen Stil ausdr\u00fccken, w\u00e4hrend du eine Aussage \u00fcber dich selbst machst. Denken daran die Farben weise zu kombinieren, ber\u00fccksichtige die Jahreszeit und vermeide modische Fehltritte.<\/p>\n<p>Nutze ihre psychologische Auswirkung sowie ihre spirituelle Bedeutung &#8211; auch wenn sie in Tr\u00e4umen auftaucht. Also los geht&#8217;s! Zeigt das lila Outfit mit Selbstvertrauen; immerhin ist das Leben zu kurz um nicht so eine erm\u00e4chtigende Farbe zu tragen!<\/p>\n","protected":false},"excerpt":{"rendered":"<p>Tauchen Sie ein in die lebendige Welt von Lila, einer Farbe, die auf dem Grat zwischen k\u00fchler Eleganz und warmer Leidenschaft tanzt.<\/p>\n","protected":false},"author":1,"featured_media":5000,"comment_status":"open","ping_status":"closed","sticky":false,"template":"","format":"standard","meta":{"_acf_changed":false,"_et_pb_use_builder":"","_et_pb_old_content":"","_et_gb_content_width":"","footnotes":""},"categories":[38],"tags":[],"class_list":["post-2945","post","type-post","status-publish","format-standard","has-post-thumbnail","hentry","category-look-style"],"acf":[],"yoast_head":"<!-- This site is optimized with the Yoast SEO plugin v27.5 - https:\/\/yoast.com\/product\/yoast-seo-wordpress\/ -->\n<title>Lila tragen: Kombinationen, Psychologie, usw | Belgae<\/title>\n<meta name=\"robots\" content=\"index, follow, max-snippet:-1, max-image-preview:large, max-video-preview:-1\" \/>\n<link rel=\"canonical\" href=\"https:\/\/www.belgae.be\/de\/blog\/lila-tragen\/\" \/>\n<meta property=\"og:locale\" content=\"de_DE\" \/>\n<meta property=\"og:type\" content=\"article\" \/>\n<meta property=\"og:title\" content=\"Lila tragen: Kombinationen, Psychologie, usw | Belgae\" \/>\n<meta property=\"og:description\" content=\"Tauchen Sie ein in die lebendige Welt von Lila, einer Farbe, die auf dem Grat zwischen k\u00fchler Eleganz und warmer Leidenschaft tanzt.\" \/>\n<meta property=\"og:url\" content=\"https:\/\/www.belgae.be\/de\/blog\/lila-tragen\/\" \/>\n<meta property=\"og:site_name\" content=\"Belgae\" \/>\n<meta property=\"article:published_time\" content=\"2023-08-03T13:40:33+00:00\" \/>\n<meta property=\"article:modified_time\" content=\"2023-08-04T10:43:21+00:00\" \/>\n<meta name=\"author\" content=\"Cyril Gendarme\" \/>\n<meta name=\"twitter:card\" content=\"summary_large_image\" \/>\n<meta name=\"twitter:label1\" content=\"Verfasst von\" \/>\n\t<meta name=\"twitter:data1\" content=\"Cyril Gendarme\" \/>\n\t<meta name=\"twitter:label2\" content=\"Gesch\u00e4tzte Lesezeit\" \/>\n\t<meta name=\"twitter:data2\" content=\"11\u00a0Minuten\" \/>\n<script type=\"application\/ld+json\" class=\"yoast-schema-graph\">{\"@context\":\"https:\\\/\\\/schema.org\",\"@graph\":[{\"@type\":\"Article\",\"@id\":\"https:\\\/\\\/www.belgae.be\\\/de\\\/blog\\\/lila-tragen\\\/#article\",\"isPartOf\":{\"@id\":\"https:\\\/\\\/www.belgae.be\\\/de\\\/blog\\\/lila-tragen\\\/\"},\"author\":{\"name\":\"Cyril Gendarme\",\"@id\":\"https:\\\/\\\/www.belgae.be\\\/de\\\/#\\\/schema\\\/person\\\/646b40b88212bc5335f9c4fa787df047\"},\"headline\":\"Lila tragen: Kombinationen, Psychologie, usw\",\"datePublished\":\"2023-08-03T13:40:33+00:00\",\"dateModified\":\"2023-08-04T10:43:21+00:00\",\"mainEntityOfPage\":{\"@id\":\"https:\\\/\\\/www.belgae.be\\\/de\\\/blog\\\/lila-tragen\\\/\"},\"wordCount\":1621,\"commentCount\":0,\"publisher\":{\"@id\":\"https:\\\/\\\/www.belgae.be\\\/de\\\/#organization\"},\"image\":{\"@id\":\"https:\\\/\\\/www.belgae.be\\\/de\\\/blog\\\/lila-tragen\\\/#primaryimage\"},\"thumbnailUrl\":\"https:\\\/\\\/www.belgae.be\\\/de\\\/wp-content\\\/uploads\\\/sites\\\/2\\\/2023\\\/08\\\/cyril_ge_mode_designers_create_clothing_Franco-Belgian_comic_st_6edf1a6b-1a21-4e26-aa1a-22bb8c866229-Copie.webp\",\"articleSection\":[\"Look &amp; Style\"],\"inLanguage\":\"de\",\"potentialAction\":[{\"@type\":\"CommentAction\",\"name\":\"Comment\",\"target\":[\"https:\\\/\\\/www.belgae.be\\\/de\\\/blog\\\/lila-tragen\\\/#respond\"]}]},{\"@type\":\"WebPage\",\"@id\":\"https:\\\/\\\/www.belgae.be\\\/de\\\/blog\\\/lila-tragen\\\/\",\"url\":\"https:\\\/\\\/www.belgae.be\\\/de\\\/blog\\\/lila-tragen\\\/\",\"name\":\"Lila tragen: Kombinationen, Psychologie, usw | Belgae\",\"isPartOf\":{\"@id\":\"https:\\\/\\\/www.belgae.be\\\/de\\\/#website\"},\"primaryImageOfPage\":{\"@id\":\"https:\\\/\\\/www.belgae.be\\\/de\\\/blog\\\/lila-tragen\\\/#primaryimage\"},\"image\":{\"@id\":\"https:\\\/\\\/www.belgae.be\\\/de\\\/blog\\\/lila-tragen\\\/#primaryimage\"},\"thumbnailUrl\":\"https:\\\/\\\/www.belgae.be\\\/de\\\/wp-content\\\/uploads\\\/sites\\\/2\\\/2023\\\/08\\\/cyril_ge_mode_designers_create_clothing_Franco-Belgian_comic_st_6edf1a6b-1a21-4e26-aa1a-22bb8c866229-Copie.webp\",\"datePublished\":\"2023-08-03T13:40:33+00:00\",\"dateModified\":\"2023-08-04T10:43:21+00:00\",\"breadcrumb\":{\"@id\":\"https:\\\/\\\/www.belgae.be\\\/de\\\/blog\\\/lila-tragen\\\/#breadcrumb\"},\"inLanguage\":\"de\",\"potentialAction\":[{\"@type\":\"ReadAction\",\"target\":[\"https:\\\/\\\/www.belgae.be\\\/de\\\/blog\\\/lila-tragen\\\/\"]}]},{\"@type\":\"ImageObject\",\"inLanguage\":\"de\",\"@id\":\"https:\\\/\\\/www.belgae.be\\\/de\\\/blog\\\/lila-tragen\\\/#primaryimage\",\"url\":\"https:\\\/\\\/www.belgae.be\\\/de\\\/wp-content\\\/uploads\\\/sites\\\/2\\\/2023\\\/08\\\/cyril_ge_mode_designers_create_clothing_Franco-Belgian_comic_st_6edf1a6b-1a21-4e26-aa1a-22bb8c866229-Copie.webp\",\"contentUrl\":\"https:\\\/\\\/www.belgae.be\\\/de\\\/wp-content\\\/uploads\\\/sites\\\/2\\\/2023\\\/08\\\/cyril_ge_mode_designers_create_clothing_Franco-Belgian_comic_st_6edf1a6b-1a21-4e26-aa1a-22bb8c866229-Copie.webp\"},{\"@type\":\"BreadcrumbList\",\"@id\":\"https:\\\/\\\/www.belgae.be\\\/de\\\/blog\\\/lila-tragen\\\/#breadcrumb\",\"itemListElement\":[{\"@type\":\"ListItem\",\"position\":1,\"name\":\"Accueil\",\"item\":\"https:\\\/\\\/www.belgae.be\\\/de\\\/\"},{\"@type\":\"ListItem\",\"position\":2,\"name\":\"Lila tragen: Kombinationen, Psychologie, usw\"}]},{\"@type\":\"WebSite\",\"@id\":\"https:\\\/\\\/www.belgae.be\\\/de\\\/#website\",\"url\":\"https:\\\/\\\/www.belgae.be\\\/de\\\/\",\"name\":\"Belgae\",\"description\":\"Belgische Kunst &amp; Mode\",\"publisher\":{\"@id\":\"https:\\\/\\\/www.belgae.be\\\/de\\\/#organization\"},\"potentialAction\":[{\"@type\":\"SearchAction\",\"target\":{\"@type\":\"EntryPoint\",\"urlTemplate\":\"https:\\\/\\\/www.belgae.be\\\/de\\\/?s={search_term_string}\"},\"query-input\":{\"@type\":\"PropertyValueSpecification\",\"valueRequired\":true,\"valueName\":\"search_term_string\"}}],\"inLanguage\":\"de\"},{\"@type\":\"Organization\",\"@id\":\"https:\\\/\\\/www.belgae.be\\\/de\\\/#organization\",\"name\":\"Belgae\",\"url\":\"https:\\\/\\\/www.belgae.be\\\/de\\\/\",\"logo\":{\"@type\":\"ImageObject\",\"inLanguage\":\"de\",\"@id\":\"https:\\\/\\\/www.belgae.be\\\/de\\\/#\\\/schema\\\/logo\\\/image\\\/\",\"url\":\"https:\\\/\\\/www.belgae.be\\\/de\\\/wp-content\\\/uploads\\\/sites\\\/2\\\/2023\\\/07\\\/Sans-titre1-Copie.png\",\"contentUrl\":\"https:\\\/\\\/www.belgae.be\\\/de\\\/wp-content\\\/uploads\\\/sites\\\/2\\\/2023\\\/07\\\/Sans-titre1-Copie.png\",\"width\":88,\"height\":88,\"caption\":\"Belgae\"},\"image\":{\"@id\":\"https:\\\/\\\/www.belgae.be\\\/de\\\/#\\\/schema\\\/logo\\\/image\\\/\"}},{\"@type\":\"Person\",\"@id\":\"https:\\\/\\\/www.belgae.be\\\/de\\\/#\\\/schema\\\/person\\\/646b40b88212bc5335f9c4fa787df047\",\"name\":\"Cyril Gendarme\",\"sameAs\":[\"https:\\\/\\\/www.belgae.be\"],\"url\":\"https:\\\/\\\/www.belgae.be\\\/de\\\/blog\\\/author\\\/cgen\\\/\"}]}<\/script>\n<!-- \/ Yoast SEO plugin. -->","yoast_head_json":{"title":"Lila tragen: Kombinationen, Psychologie, usw | Belgae","robots":{"index":"index","follow":"follow","max-snippet":"max-snippet:-1","max-image-preview":"max-image-preview:large","max-video-preview":"max-video-preview:-1"},"canonical":"https:\/\/www.belgae.be\/de\/blog\/lila-tragen\/","og_locale":"de_DE","og_type":"article","og_title":"Lila tragen: Kombinationen, Psychologie, usw | Belgae","og_description":"Tauchen Sie ein in die lebendige Welt von Lila, einer Farbe, die auf dem Grat zwischen k\u00fchler Eleganz und warmer Leidenschaft tanzt.","og_url":"https:\/\/www.belgae.be\/de\/blog\/lila-tragen\/","og_site_name":"Belgae","article_published_time":"2023-08-03T13:40:33+00:00","article_modified_time":"2023-08-04T10:43:21+00:00","author":"Cyril Gendarme","twitter_card":"summary_large_image","twitter_misc":{"Verfasst von":"Cyril Gendarme","Gesch\u00e4tzte Lesezeit":"11\u00a0Minuten"},"schema":{"@context":"https:\/\/schema.org","@graph":[{"@type":"Article","@id":"https:\/\/www.belgae.be\/de\/blog\/lila-tragen\/#article","isPartOf":{"@id":"https:\/\/www.belgae.be\/de\/blog\/lila-tragen\/"},"author":{"name":"Cyril Gendarme","@id":"https:\/\/www.belgae.be\/de\/#\/schema\/person\/646b40b88212bc5335f9c4fa787df047"},"headline":"Lila tragen: Kombinationen, Psychologie, usw","datePublished":"2023-08-03T13:40:33+00:00","dateModified":"2023-08-04T10:43:21+00:00","mainEntityOfPage":{"@id":"https:\/\/www.belgae.be\/de\/blog\/lila-tragen\/"},"wordCount":1621,"commentCount":0,"publisher":{"@id":"https:\/\/www.belgae.be\/de\/#organization"},"image":{"@id":"https:\/\/www.belgae.be\/de\/blog\/lila-tragen\/#primaryimage"},"thumbnailUrl":"https:\/\/www.belgae.be\/de\/wp-content\/uploads\/sites\/2\/2023\/08\/cyril_ge_mode_designers_create_clothing_Franco-Belgian_comic_st_6edf1a6b-1a21-4e26-aa1a-22bb8c866229-Copie.webp","articleSection":["Look &amp; Style"],"inLanguage":"de","potentialAction":[{"@type":"CommentAction","name":"Comment","target":["https:\/\/www.belgae.be\/de\/blog\/lila-tragen\/#respond"]}]},{"@type":"WebPage","@id":"https:\/\/www.belgae.be\/de\/blog\/lila-tragen\/","url":"https:\/\/www.belgae.be\/de\/blog\/lila-tragen\/","name":"Lila tragen: Kombinationen, Psychologie, usw | Belgae","isPartOf":{"@id":"https:\/\/www.belgae.be\/de\/#website"},"primaryImageOfPage":{"@id":"https:\/\/www.belgae.be\/de\/blog\/lila-tragen\/#primaryimage"},"image":{"@id":"https:\/\/www.belgae.be\/de\/blog\/lila-tragen\/#primaryimage"},"thumbnailUrl":"https:\/\/www.belgae.be\/de\/wp-content\/uploads\/sites\/2\/2023\/08\/cyril_ge_mode_designers_create_clothing_Franco-Belgian_comic_st_6edf1a6b-1a21-4e26-aa1a-22bb8c866229-Copie.webp","datePublished":"2023-08-03T13:40:33+00:00","dateModified":"2023-08-04T10:43:21+00:00","breadcrumb":{"@id":"https:\/\/www.belgae.be\/de\/blog\/lila-tragen\/#breadcrumb"},"inLanguage":"de","potentialAction":[{"@type":"ReadAction","target":["https:\/\/www.belgae.be\/de\/blog\/lila-tragen\/"]}]},{"@type":"ImageObject","inLanguage":"de","@id":"https:\/\/www.belgae.be\/de\/blog\/lila-tragen\/#primaryimage","url":"https:\/\/www.belgae.be\/de\/wp-content\/uploads\/sites\/2\/2023\/08\/cyril_ge_mode_designers_create_clothing_Franco-Belgian_comic_st_6edf1a6b-1a21-4e26-aa1a-22bb8c866229-Copie.webp","contentUrl":"https:\/\/www.belgae.be\/de\/wp-content\/uploads\/sites\/2\/2023\/08\/cyril_ge_mode_designers_create_clothing_Franco-Belgian_comic_st_6edf1a6b-1a21-4e26-aa1a-22bb8c866229-Copie.webp"},{"@type":"BreadcrumbList","@id":"https:\/\/www.belgae.be\/de\/blog\/lila-tragen\/#breadcrumb","itemListElement":[{"@type":"ListItem","position":1,"name":"Accueil","item":"https:\/\/www.belgae.be\/de\/"},{"@type":"ListItem","position":2,"name":"Lila tragen: Kombinationen, Psychologie, usw"}]},{"@type":"WebSite","@id":"https:\/\/www.belgae.be\/de\/#website","url":"https:\/\/www.belgae.be\/de\/","name":"Belgae","description":"Belgische Kunst &amp; Mode","publisher":{"@id":"https:\/\/www.belgae.be\/de\/#organization"},"potentialAction":[{"@type":"SearchAction","target":{"@type":"EntryPoint","urlTemplate":"https:\/\/www.belgae.be\/de\/?s={search_term_string}"},"query-input":{"@type":"PropertyValueSpecification","valueRequired":true,"valueName":"search_term_string"}}],"inLanguage":"de"},{"@type":"Organization","@id":"https:\/\/www.belgae.be\/de\/#organization","name":"Belgae","url":"https:\/\/www.belgae.be\/de\/","logo":{"@type":"ImageObject","inLanguage":"de","@id":"https:\/\/www.belgae.be\/de\/#\/schema\/logo\/image\/","url":"https:\/\/www.belgae.be\/de\/wp-content\/uploads\/sites\/2\/2023\/07\/Sans-titre1-Copie.png","contentUrl":"https:\/\/www.belgae.be\/de\/wp-content\/uploads\/sites\/2\/2023\/07\/Sans-titre1-Copie.png","width":88,"height":88,"caption":"Belgae"},"image":{"@id":"https:\/\/www.belgae.be\/de\/#\/schema\/logo\/image\/"}},{"@type":"Person","@id":"https:\/\/www.belgae.be\/de\/#\/schema\/person\/646b40b88212bc5335f9c4fa787df047","name":"Cyril Gendarme","sameAs":["https:\/\/www.belgae.be"],"url":"https:\/\/www.belgae.be\/de\/blog\/author\/cgen\/"}]}},"_links":{"self":[{"href":"https:\/\/www.belgae.be\/de\/wp-json\/wp\/v2\/posts\/2945","targetHints":{"allow":["GET"]}}],"collection":[{"href":"https:\/\/www.belgae.be\/de\/wp-json\/wp\/v2\/posts"}],"about":[{"href":"https:\/\/www.belgae.be\/de\/wp-json\/wp\/v2\/types\/post"}],"author":[{"embeddable":true,"href":"https:\/\/www.belgae.be\/de\/wp-json\/wp\/v2\/users\/1"}],"replies":[{"embeddable":true,"href":"https:\/\/www.belgae.be\/de\/wp-json\/wp\/v2\/comments?post=2945"}],"version-history":[{"count":0,"href":"https:\/\/www.belgae.be\/de\/wp-json\/wp\/v2\/posts\/2945\/revisions"}],"wp:featuredmedia":[{"embeddable":true,"href":"https:\/\/www.belgae.be\/de\/wp-json\/"}],"wp:attachment":[{"href":"https:\/\/www.belgae.be\/de\/wp-json\/wp\/v2\/media?parent=2945"}],"wp:term":[{"taxonomy":"category","embeddable":true,"href":"https:\/\/www.belgae.be\/de\/wp-json\/wp\/v2\/categories?post=2945"},{"taxonomy":"post_tag","embeddable":true,"href":"https:\/\/www.belgae.be\/de\/wp-json\/wp\/v2\/tags?post=2945"}],"curies":[{"name":"wp","href":"https:\/\/api.w.org\/{rel}","templated":true}]}}