{"id":2943,"date":"2023-08-03T13:40:02","date_gmt":"2023-08-03T13:40:02","guid":{"rendered":"https:\/\/www.belgae.be\/de\/blog\/traegt-weiss\/"},"modified":"2023-08-04T10:28:14","modified_gmt":"2023-08-04T10:28:14","slug":"traegt-weiss","status":"publish","type":"post","link":"https:\/\/www.belgae.be\/de\/blog\/traegt-weiss\/","title":{"rendered":"Wei\u00df Tragen: Kombinationen, Psychologie usw"},"content":{"rendered":"<p>Tauchen Sie ein in die Welt des Wei\u00df! Diese Nuance ist mehr als nur eine Farbe &#8211; sie ist eine Einstellung, eine Lebensstilwahl. Entdecken Sie ihre Psychologie und erkunden Sie unz\u00e4hlige Kombinationen in der Mode.<\/p>\n<p>Wei\u00df mag einfach erscheinen, aber es gibt etwas unbestreitbar Faszinierendes an diesem klassischen Farbton. Warum also nicht den Sprung wagen und die Magie des Tragens von Wei\u00df umarmen?<\/p>\n<p>Lassen Sie Ihre Stilreise hier beginnen.<\/p>\n<section class=\"contentTable_table\">\n<p class=\"contentTable_title\">Inhalt:<\/p>\n<p class=\"contentTable_elem\"><a href=\"#balise_0\">1. Einf\u00fchrung: Wie tr\u00e4gt man die Farbe Wei\u00df? <\/a><\/p>\n<p class=\"contentTable_elem\"><a href=\"#balise_1\">2. Welche Emotionen werden durch das Tragen der Farbe Wei\u00df ausgedr\u00fcckt? <\/a><\/p>\n<p class=\"contentTable_elem\"><a href=\"#balise_2\">3. Kombinationen: Welche Farben passen zu wei\u00dfer Kleidung? <\/a><\/p>\n<p class=\"contentTable_elem\"><a href=\"#balise_3\">4. Welcher Hautton passt gut zu einem wei\u00dfen Outfit? <\/a><\/p>\n<p class=\"contentTable_elem\"><a href=\"#balise_4\">5. Die beste Jahreszeit, um die Farbe Wei\u00df zu tragen<\/a><\/p>\n<p class=\"contentTable_elem\"><a href=\"#balise_5\">6. Wei\u00dfe Schuhe tragen: Eine gute Idee? <\/a><\/p>\n<p class=\"contentTable_elem\"><a href=\"#balise_6\">7. Mode-Fauxpas: H\u00e4ufige Fehler, die man vermeiden sollte, wenn man Wei\u00df tr\u00e4gt<\/a><\/p>\n<p class=\"contentTable_elem\"><a href=\"#balise_7\">8. Die Auswirkungen des Tragens der Farbe Wei\u00df auf unsere Psychologie<\/a><\/p>\n<p class=\"contentTable_elem\"><a href=\"#balise_8\">9. Tragen der wei\u00dfen Farbe: Welche spirituelle Bedeutung hat sie? <\/a><\/p>\n<p class=\"contentTable_elem\"><a href=\"#balise_9\">10. Ich habe in einem Traum die Farbe Wei\u00df getragen: Was ist die Bedeutung? <\/a><\/p>\n<\/section>\n<p><img loading=\"lazy\" decoding=\"async\" class=\"lazyload articleImageSquare_CGEN\" height=\"400\" width=\"400\" src=\"https:\/\/www.belgae.be\/imageHolder\/\/wp-content\/uploads\/sites\/2\/2023\/07\/loading-spinner-belgae.gif\" data-src=\"https:\/\/www.belgae.be\/imageHolder\/\/wp-content\/uploads\/sites\/2\/2023\/08\/tmp2gilhrf4.jpg\" alt=\"tmp2gilhrf\"><\/p>\n<h2 id=\"balise_0\">Einf\u00fchrung: Wie tr\u00e4gt man die Farbe Wei\u00df?<\/h2>\n<p>Wei\u00df ist eine Farbe, die Eleganz, Einfachheit und Reinheit ausstrahlt. Es ist kein Wunder, dass das Tragen von Wei\u00df in der Modewelt so beliebt geworden ist. Es gibt verschiedene M\u00f6glichkeiten, diese makellose Nuance zu pr\u00e4sentieren.<\/p>\n<p>Ob Sie ein komplett wei\u00dfes Outfit tragen oder wei\u00dfe St\u00fccke in Ihr Ensemble integrieren &#8211; es bleibt Ihnen \u00fcberlassen. Die Kombination mit anderen Farben kann ebenfalls ansprechend sein.<\/p>\n<p>Denken Sie daran: Mode hat keine Regeln. Experimentieren und kreative Entscheidungen treffen sind Schl\u00fcsselaspekte beim Styling. Wei\u00df bietet viele M\u00f6glichkeiten zur pers\u00f6nlichen Entfaltung.<\/p>\n<p>Abschlie\u00dfend l\u00e4sst sich sagen: Mit dem richtigen Styling wird Wei\u00df nie langweilig!<\/p>\n<p><img loading=\"lazy\" decoding=\"async\" class=\"lazyload articleImageSquare_CGEN\" height=\"400\" width=\"400\" src=\"https:\/\/www.belgae.be\/imageHolder\/\/wp-content\/uploads\/sites\/2\/2023\/07\/loading-spinner-belgae.gif\" data-src=\"https:\/\/www.belgae.be\/imageHolder\/\/wp-content\/uploads\/sites\/2\/2023\/08\/tmptluqlam8.jpg\" alt=\"tmptluqlam\"><\/p>\n<h2 id=\"balise_1\">Welche Emotionen werden durch das Tragen der Farbe Wei\u00df ausgedr\u00fcckt?<\/h2>\n<p>Das Tragen von Wei\u00df kann je nach Kontext unterschiedliche Emotionen hervorrufen. Im Allgemeinen symbolisiert es Sauberkeit und Frische, was es ideal f\u00fcr einen scharfen und gepflegten Look macht.<\/p>\n<p>Zus\u00e4tzlich wird Wei\u00df oft mit Frieden und Ruhe in Verbindung gebracht, aufgrund seiner beruhigenden Wirkung auf unseren Geist.<\/p>\n<p><img loading=\"lazy\" decoding=\"async\" class=\"lazyload articleImageSquare_CGEN\" height=\"400\" width=\"400\" src=\"https:\/\/www.belgae.be\/imageHolder\/\/wp-content\/uploads\/sites\/2\/2023\/07\/loading-spinner-belgae.gif\" data-src=\"https:\/\/www.belgae.be\/imageHolder\/\/wp-content\/uploads\/sites\/2\/2023\/08\/tmpxt31ixfu.jpg\" alt=\"tmpxt31ixfu\"><\/p>\n<h2 id=\"balise_2\">Kombinationen: Welche Farben passen zu wei\u00dfer Kleidung?<\/h2>\n<p>Eines der gro\u00dfartigen Dinge beim Tragen von Wei\u00df ist seine Vielseitigkeit in Kombination mit anderen Farben. Durch die Verbindung mit kr\u00e4ftigen T\u00f6nen wie Rot oder Marineblau lassen sich atemberaubende Kontraste erzeugen.<\/p>\n<p>Wenn Sie einen weicheren Look bevorzugen, funktionieren Pastellt\u00f6ne wie Hellrosa oder Minzgr\u00fcn auch wunderbar gut. Ein wei\u00dfes Outfit bietet unendliche M\u00f6glichkeiten zur Stilvariation und l\u00e4sst sich leicht an jeden Anlass anpassen.<\/p>\n<p>Es strahlt Einfachheit und Klasse aus, bleibt aber dennoch modisch aktuell. Ob f\u00fcr eine sommerliche Gartenparty oder ein formelles Gesch\u00e4ftstreffen &#8211; Wei\u00df passt immer perfekt zusammen.<\/p>\n<p><img loading=\"lazy\" decoding=\"async\" class=\"lazyload articleImageSquare_CGEN\" height=\"400\" width=\"400\" src=\"https:\/\/www.belgae.be\/imageHolder\/\/wp-content\/uploads\/sites\/2\/2023\/07\/loading-spinner-belgae.gif\" data-src=\"https:\/\/www.belgae.be\/imageHolder\/\/wp-content\/uploads\/sites\/2\/2023\/08\/tmpnzh8ovg4.jpg\" alt=\"tmpnzh8ovg\"><\/p>\n<h2 id=\"balise_3\">Welcher Hautton passt gut zu einem wei\u00dfen Outfit?<\/h2>\n<p>Unabh\u00e4ngig vom Hautton kann jeder wei\u00df tragen. Dennoch k\u00f6nnen bestimmte Wei\u00dft\u00f6ne spezielle Teints besser hervorheben als andere. F\u00fcr hellere Hauttypen tendieren strahlende Wei\u00dft\u00f6ne dazu, ihren nat\u00fcrlichen Glanz zu verst\u00e4rken.<\/p>\n<p>Personen mit w\u00e4rmeren Untert\u00f6nen k\u00f6nnten sich f\u00fcr cremige Off-Whites entscheiden, die W\u00e4rme hinzuf\u00fcgen ohne ihre Gesichtsfarbe zu \u00fcberw\u00e4ltigen. Es ist wichtig, den richtigen Ton auszuw\u00e4hlen, um die individuelle Sch\u00f6nheit jedes Einzelnen optimal zur Geltung zu bringen.<\/p>\n<p>Die Wahl des passenden Wei\u00dftons kann dabei helfen, das Beste aus dem pers\u00f6nlichen Hautton herauszuholen und ihn perfekt in Szene zu setzen. So wird Kleidung nicht nur zum Ausdruck der Pers\u00f6nlichkeit sondern auch zum Highlight der eigenen nat\u00fcrlichen Sch\u00f6nheit.<\/p>\n<p><img loading=\"lazy\" decoding=\"async\" class=\"lazyload articleImageSquare_CGEN\" height=\"400\" width=\"400\" src=\"https:\/\/www.belgae.be\/imageHolder\/\/wp-content\/uploads\/sites\/2\/2023\/07\/loading-spinner-belgae.gif\" data-src=\"https:\/\/www.belgae.be\/imageHolder\/\/wp-content\/uploads\/sites\/2\/2023\/08\/tmpdug_7rxk.jpg\" alt=\"tmpdug_7rxk\"><\/p>\n<h2 id=\"balise_4\">Die beste Jahreszeit, um die Farbe Wei\u00df zu tragen<\/h2>\n<p>Obwohl traditionell mit Sommerkleidung verbunden &#8211; denken Sie an luftige Sonnenkleider und Leinenhosen &#8211; ist das Tragen von Wei\u00df heutzutage jahreszeitunabh\u00e4ngig! Von winterlichen Outfits, die an ein Winterwunderland erinnern, bis hin zu frischen Fr\u00fchlingslooks oder sogar eleganten Herbstensembles mit gem\u00fctlichen Strickwaren; es gibt wirklich nie eine falsche Zeit, diesen zeitlosen Farbton zu tragen!<\/p>\n<p>Wei\u00df ist mehr als nur eine saisonale Modefarbe. Es hat sich als fester Bestandteil jeder Garderobe etabliert. Ob Sie nun einen k\u00fchlen Wintertag erwarten oder die ersten warmen Sonnenstrahlen des Fr\u00fchlings begr\u00fc\u00dfen wollen.<\/p>\n<p>Es spielt keine Rolle, ob Sie sich f\u00fcr einen entspannten Tag in der Stadt kleiden oder ein schickes Abendevent planen. Die Eleganz von Wei\u00df l\u00e4sst sich problemlos in jeden Look integrieren.<\/p>\n<p>Denken Sie daran: Es gibt keine Regeln mehr im modernen Modedesign. Jede Jahreszeit ist perfekt geeignet um diese zeitlose Farbe zur Schau zu stellen.<\/p>\n<p><img loading=\"lazy\" decoding=\"async\" class=\"lazyload articleImageSquare_CGEN\" height=\"400\" width=\"400\" src=\"https:\/\/www.belgae.be\/imageHolder\/\/wp-content\/uploads\/sites\/2\/2023\/07\/loading-spinner-belgae.gif\" data-src=\"https:\/\/www.belgae.be\/imageHolder\/\/wp-content\/uploads\/sites\/2\/2023\/08\/tmplsrvwcn8.jpg\" alt=\"tmplsrvwcn\"><\/p>\n<h2 id=\"balise_5\">Wei\u00dfe Schuhe tragen: Eine gute Idee?<\/h2>\n<p>Wei\u00dfe Schuhe k\u00f6nnen jedem Outfit einen Hauch von Raffinesse verleihen, erfordern jedoch sorgf\u00e4ltige \u00dcberlegungen. Sie ziehen leicht Schmutz und Flecken an, daher ist es unerl\u00e4sslich, sie sauber zu halten f\u00fcr diesen gepflegten Look.<\/p>\n<p>Dennoch k\u00f6nnen wei\u00dfe Schuhe, wenn sie richtig gestylt sind, Ihre gesamte \u00c4sthetik aufwerten und eine mutige modische Aussage treffen. Es geht darum, das richtige Gleichgewicht zu finden zwischen Stil und Pflegeaufwand.<\/p>\n<p>Das Tragen wei\u00dfer Schuhe kann ein gewisses Risiko sein. Aber mit der entsprechenden Aufmerksamkeit f\u00fcr Details l\u00e4sst sich dieses Risiko minimieren. Ein strahlendes Wei\u00df kann wirklich den Unterschied machen in Ihrem Erscheinungsbild.<\/p>\n<p>Es lohnt sich also definitiv die M\u00fche um diese Art von Mode-Statement zu betonen. Mit der richtigen Handhabung werden wei\u00dfe Schuhe sicherlich Ihren pers\u00f6nlichen Stil verbessern und Ihnen helfen einen bleibenden Eindruck zu hinterlassen.<\/p>\n<p><img loading=\"lazy\" decoding=\"async\" class=\"lazyload articleImageSquare_CGEN\" height=\"400\" width=\"400\" src=\"https:\/\/www.belgae.be\/imageHolder\/\/wp-content\/uploads\/sites\/2\/2023\/07\/loading-spinner-belgae.gif\" data-src=\"https:\/\/www.belgae.be\/imageHolder\/\/wp-content\/uploads\/sites\/2\/2023\/08\/tmp92q3v6dl.jpg\" alt=\"tmp92q3v6dl\"><\/p>\n<h2 id=\"balise_6\">Mode-Fauxpas: H\u00e4ufige Fehler, die man vermeiden sollte, wenn man Wei\u00df tr\u00e4gt<\/h2>\n<p>Das Tragen von Wei\u00df ist zweifellos schick, doch es gibt einige h\u00e4ufige Fehler, die man vermeiden sollte. Zun\u00e4chst einmal sollten durchsichtige Stoffe vermieden werden, da sie mehr enth\u00fcllen k\u00f6nnten als beabsichtigt! Dar\u00fcber hinaus ist es wichtig, passende Unterw\u00e4sche in Nude oder \u00e4hnlichen Farben zu tragen.<\/p>\n<p>Dies verhindert unsch\u00f6ne Linien, die durchscheinen k\u00f6nnen. Abschlie\u00dfend &#8211; keine Angst vor dem Experimentieren mit verschiedenen Texturen und Schichten; monochrome Outfits profitieren oft von vielf\u00e4ltigen Stoffauswahl!<\/p>\n<p><img loading=\"lazy\" decoding=\"async\" class=\"lazyload articleImageSquare_CGEN\" height=\"400\" width=\"400\" src=\"https:\/\/www.belgae.be\/imageHolder\/\/wp-content\/uploads\/sites\/2\/2023\/07\/loading-spinner-belgae.gif\" data-src=\"https:\/\/www.belgae.be\/imageHolder\/\/wp-content\/uploads\/sites\/2\/2023\/08\/tmprbus1n02.jpg\" alt=\"tmprbus1n\"><\/p>\n<h2 id=\"balise_7\">Die Auswirkungen des Tragens der Farbe Wei\u00df auf unsere Psychologie<\/h2>\n<p>Die Farbe Wei\u00df hat tiefgreifende psychologische Auswirkungen auf unseren Geist. Sie f\u00f6rdert die Klarheit des Denkens und schafft eine Atmosph\u00e4re, die Kreativit\u00e4t und neue Anf\u00e4nge beg\u00fcnstigt.<\/p>\n<p>Dar\u00fcber hinaus haben Studien gezeigt, dass das Umgeben von dieser reinen Nuance dazu beitr\u00e4gt, Stresslevel zu reduzieren. Es l\u00f6st Gef\u00fchle von Ruhe und Gelassenheit aus.<\/p>\n<p>Insgesamt l\u00e4sst sich sagen: Wei\u00df ist nicht nur eine einfache Farbe. Es ist ein m\u00e4chtiges Werkzeug zur Verbesserung der mentalen Gesundheit. Nutzen wir es weise!<\/p>\n<p><img loading=\"lazy\" decoding=\"async\" class=\"lazyload articleImageSquare_CGEN\" height=\"400\" width=\"400\" src=\"https:\/\/www.belgae.be\/imageHolder\/\/wp-content\/uploads\/sites\/2\/2023\/07\/loading-spinner-belgae.gif\" data-src=\"https:\/\/www.belgae.be\/imageHolder\/\/wp-content\/uploads\/sites\/2\/2023\/08\/tmpq7t_qkx6.jpg\" alt=\"tmpq7t_qkx\"><\/p>\n<h2 id=\"balise_8\">Tragen der wei\u00dfen Farbe: Welche spirituelle Bedeutung hat sie?<\/h2>\n<p>In unterschiedlichen Kulturen rund um den Globus, einschlie\u00dflich der westlichen Traditionen, hat das Tragen von Wei\u00df spirituelle Bedeutung. Diese Farbe symbolisiert Reinheit und Erleuchtung in Religionen wie dem Christentum (Taufkleider) oder Hinduismus (wei\u00dfe Kleidung bei religi\u00f6sen Zeremonien). Sie repr\u00e4sentiert die Reise der Seele hin zu einem h\u00f6heren Bewusstsein.<\/p>\n<p>Das Tragen von Wei\u00df steht f\u00fcr ein Streben nach Spiritualit\u00e4t und Transzendenz. Es ist eine universelle Botschaft des Friedens und der Hoffnung. In vielen Kulturen spiegelt es auch einen \u00dcbergang wider &#8211; vom Materiellen zum Spirituellen, vom Irdischen zum G\u00f6ttlichen.<\/p>\n<p>Die Symbolik von Wei\u00df geht weit \u00fcber die Grenzen einzelner L\u00e4nder hinaus. Sie best\u00e4tigt das Bestreben nach Einheit in Vielfalt, was sich besonders im Dialog zwischen verschiedenen Glaubensrichtungen zeigt.<\/p>\n<p>Letztlich betont diese Farbe die innere Wahrheit jedes Individuums auf seiner eigenen spirituellen Reise. Es erinnert an den st\u00e4ndigen Fluss des Lebens und unsere Rolle darin als Suchende nach gr\u00f6\u00dferem Verst\u00e4ndnis und tieferem Sinn.<\/p>\n<p><img loading=\"lazy\" decoding=\"async\" class=\"lazyload articleImageSquare_CGEN\" height=\"400\" width=\"400\" src=\"https:\/\/www.belgae.be\/imageHolder\/\/wp-content\/uploads\/sites\/2\/2023\/07\/loading-spinner-belgae.gif\" data-src=\"https:\/\/www.belgae.be\/imageHolder\/\/wp-content\/uploads\/sites\/2\/2023\/08\/tmpjg4aghak.jpg\" alt=\"tmpjg4aghak\"><\/p>\n<h2 id=\"balise_9\">Ich habe in einem Traum die Farbe Wei\u00df getragen: Was ist die Bedeutung?<\/h2>\n<p>Tr\u00e4ume, in denen Wei\u00df getragen wird, k\u00f6nnten auf pers\u00f6nliches Wachstum oder Transformation hindeuten. Sie streben nach Reinheit in sich selbst trotz der t\u00e4glichen Herausforderungen.<\/p>\n<p>Diese Erlebnisse k\u00f6nnen ein Zeichen f\u00fcr eine innere Reise sein. Sie symbolisieren den Wunsch nach Ver\u00e4nderung und Verbesserung im Leben.<\/p>\n<p>Es ist wichtig zu beachten, dass diese Tr\u00e4ume nicht unbedingt negativ sind. Sie zeigen oft die F\u00e4higkeit zur Anpassung an neue Situationen und Umst\u00e4nde auf.<\/p>\n<p>Zusammenfassend l\u00e4sst sich sagen, dass das Tragen von Wei\u00df in Tr\u00e4umen h\u00e4ufig mit positiven Aspekten des Lebens verbunden ist. Es repr\u00e4sentiert Hoffnung und Optimismus gegen\u00fcber zuk\u00fcnftigen Ereignissen.<\/p>\n<p>Jedoch sollte man immer daran denken, dass jede Traumdeutung subjektiv ist und von individuellen Erfahrungen abh\u00e4ngt.<\/p>\n","protected":false},"excerpt":{"rendered":"<p>Tauchen Sie ein in die Welt des Wei\u00df! Diese Nuance ist mehr als nur eine Farbe &#8211; sie ist eine Einstellung, eine Lebensstilwahl.<\/p>\n","protected":false},"author":1,"featured_media":4998,"comment_status":"open","ping_status":"closed","sticky":false,"template":"","format":"standard","meta":{"_acf_changed":false,"_et_pb_use_builder":"","_et_pb_old_content":"","_et_gb_content_width":"","footnotes":""},"categories":[38],"tags":[],"class_list":["post-2943","post","type-post","status-publish","format-standard","has-post-thumbnail","hentry","category-look-style"],"acf":[],"yoast_head":"<!-- This site is optimized with the Yoast SEO plugin v27.5 - https:\/\/yoast.com\/product\/yoast-seo-wordpress\/ -->\n<title>Wei\u00df Tragen: Kombinationen, Psychologie usw | Belgae<\/title>\n<meta name=\"robots\" content=\"index, follow, max-snippet:-1, max-image-preview:large, max-video-preview:-1\" \/>\n<link rel=\"canonical\" href=\"https:\/\/www.belgae.be\/de\/blog\/traegt-weiss\/\" \/>\n<meta property=\"og:locale\" content=\"de_DE\" \/>\n<meta property=\"og:type\" content=\"article\" \/>\n<meta property=\"og:title\" content=\"Wei\u00df Tragen: Kombinationen, Psychologie usw | Belgae\" \/>\n<meta property=\"og:description\" content=\"Tauchen Sie ein in die Welt des Wei\u00df! Diese Nuance ist mehr als nur eine Farbe - sie ist eine Einstellung, eine Lebensstilwahl.\" \/>\n<meta property=\"og:url\" content=\"https:\/\/www.belgae.be\/de\/blog\/traegt-weiss\/\" \/>\n<meta property=\"og:site_name\" content=\"Belgae\" \/>\n<meta property=\"article:published_time\" content=\"2023-08-03T13:40:02+00:00\" \/>\n<meta property=\"article:modified_time\" content=\"2023-08-04T10:28:14+00:00\" \/>\n<meta name=\"author\" content=\"Cyril Gendarme\" \/>\n<meta name=\"twitter:card\" content=\"summary_large_image\" \/>\n<meta name=\"twitter:label1\" content=\"Verfasst von\" \/>\n\t<meta name=\"twitter:data1\" content=\"Cyril Gendarme\" \/>\n\t<meta name=\"twitter:label2\" content=\"Gesch\u00e4tzte Lesezeit\" \/>\n\t<meta name=\"twitter:data2\" content=\"10\u00a0Minuten\" \/>\n<script type=\"application\/ld+json\" class=\"yoast-schema-graph\">{\"@context\":\"https:\\\/\\\/schema.org\",\"@graph\":[{\"@type\":\"Article\",\"@id\":\"https:\\\/\\\/www.belgae.be\\\/de\\\/blog\\\/traegt-weiss\\\/#article\",\"isPartOf\":{\"@id\":\"https:\\\/\\\/www.belgae.be\\\/de\\\/blog\\\/traegt-weiss\\\/\"},\"author\":{\"name\":\"Cyril Gendarme\",\"@id\":\"https:\\\/\\\/www.belgae.be\\\/de\\\/#\\\/schema\\\/person\\\/646b40b88212bc5335f9c4fa787df047\"},\"headline\":\"Wei\u00df Tragen: Kombinationen, Psychologie usw\",\"datePublished\":\"2023-08-03T13:40:02+00:00\",\"dateModified\":\"2023-08-04T10:28:14+00:00\",\"mainEntityOfPage\":{\"@id\":\"https:\\\/\\\/www.belgae.be\\\/de\\\/blog\\\/traegt-weiss\\\/\"},\"wordCount\":1408,\"commentCount\":0,\"publisher\":{\"@id\":\"https:\\\/\\\/www.belgae.be\\\/de\\\/#organization\"},\"image\":{\"@id\":\"https:\\\/\\\/www.belgae.be\\\/de\\\/blog\\\/traegt-weiss\\\/#primaryimage\"},\"thumbnailUrl\":\"https:\\\/\\\/www.belgae.be\\\/de\\\/wp-content\\\/uploads\\\/sites\\\/2\\\/2023\\\/08\\\/cyril_ge_miscellaneous_pieces_of_white_clothing_Franco-Belgian__1bed22f0-83c0-47d1-a940-560b23cdb475-1.webp\",\"articleSection\":[\"Look &amp; Style\"],\"inLanguage\":\"de\",\"potentialAction\":[{\"@type\":\"CommentAction\",\"name\":\"Comment\",\"target\":[\"https:\\\/\\\/www.belgae.be\\\/de\\\/blog\\\/traegt-weiss\\\/#respond\"]}]},{\"@type\":\"WebPage\",\"@id\":\"https:\\\/\\\/www.belgae.be\\\/de\\\/blog\\\/traegt-weiss\\\/\",\"url\":\"https:\\\/\\\/www.belgae.be\\\/de\\\/blog\\\/traegt-weiss\\\/\",\"name\":\"Wei\u00df Tragen: Kombinationen, Psychologie usw | Belgae\",\"isPartOf\":{\"@id\":\"https:\\\/\\\/www.belgae.be\\\/de\\\/#website\"},\"primaryImageOfPage\":{\"@id\":\"https:\\\/\\\/www.belgae.be\\\/de\\\/blog\\\/traegt-weiss\\\/#primaryimage\"},\"image\":{\"@id\":\"https:\\\/\\\/www.belgae.be\\\/de\\\/blog\\\/traegt-weiss\\\/#primaryimage\"},\"thumbnailUrl\":\"https:\\\/\\\/www.belgae.be\\\/de\\\/wp-content\\\/uploads\\\/sites\\\/2\\\/2023\\\/08\\\/cyril_ge_miscellaneous_pieces_of_white_clothing_Franco-Belgian__1bed22f0-83c0-47d1-a940-560b23cdb475-1.webp\",\"datePublished\":\"2023-08-03T13:40:02+00:00\",\"dateModified\":\"2023-08-04T10:28:14+00:00\",\"breadcrumb\":{\"@id\":\"https:\\\/\\\/www.belgae.be\\\/de\\\/blog\\\/traegt-weiss\\\/#breadcrumb\"},\"inLanguage\":\"de\",\"potentialAction\":[{\"@type\":\"ReadAction\",\"target\":[\"https:\\\/\\\/www.belgae.be\\\/de\\\/blog\\\/traegt-weiss\\\/\"]}]},{\"@type\":\"ImageObject\",\"inLanguage\":\"de\",\"@id\":\"https:\\\/\\\/www.belgae.be\\\/de\\\/blog\\\/traegt-weiss\\\/#primaryimage\",\"url\":\"https:\\\/\\\/www.belgae.be\\\/de\\\/wp-content\\\/uploads\\\/sites\\\/2\\\/2023\\\/08\\\/cyril_ge_miscellaneous_pieces_of_white_clothing_Franco-Belgian__1bed22f0-83c0-47d1-a940-560b23cdb475-1.webp\",\"contentUrl\":\"https:\\\/\\\/www.belgae.be\\\/de\\\/wp-content\\\/uploads\\\/sites\\\/2\\\/2023\\\/08\\\/cyril_ge_miscellaneous_pieces_of_white_clothing_Franco-Belgian__1bed22f0-83c0-47d1-a940-560b23cdb475-1.webp\"},{\"@type\":\"BreadcrumbList\",\"@id\":\"https:\\\/\\\/www.belgae.be\\\/de\\\/blog\\\/traegt-weiss\\\/#breadcrumb\",\"itemListElement\":[{\"@type\":\"ListItem\",\"position\":1,\"name\":\"Accueil\",\"item\":\"https:\\\/\\\/www.belgae.be\\\/de\\\/\"},{\"@type\":\"ListItem\",\"position\":2,\"name\":\"Wei\u00df Tragen: Kombinationen, Psychologie usw\"}]},{\"@type\":\"WebSite\",\"@id\":\"https:\\\/\\\/www.belgae.be\\\/de\\\/#website\",\"url\":\"https:\\\/\\\/www.belgae.be\\\/de\\\/\",\"name\":\"Belgae\",\"description\":\"Belgische Kunst &amp; Mode\",\"publisher\":{\"@id\":\"https:\\\/\\\/www.belgae.be\\\/de\\\/#organization\"},\"potentialAction\":[{\"@type\":\"SearchAction\",\"target\":{\"@type\":\"EntryPoint\",\"urlTemplate\":\"https:\\\/\\\/www.belgae.be\\\/de\\\/?s={search_term_string}\"},\"query-input\":{\"@type\":\"PropertyValueSpecification\",\"valueRequired\":true,\"valueName\":\"search_term_string\"}}],\"inLanguage\":\"de\"},{\"@type\":\"Organization\",\"@id\":\"https:\\\/\\\/www.belgae.be\\\/de\\\/#organization\",\"name\":\"Belgae\",\"url\":\"https:\\\/\\\/www.belgae.be\\\/de\\\/\",\"logo\":{\"@type\":\"ImageObject\",\"inLanguage\":\"de\",\"@id\":\"https:\\\/\\\/www.belgae.be\\\/de\\\/#\\\/schema\\\/logo\\\/image\\\/\",\"url\":\"https:\\\/\\\/www.belgae.be\\\/de\\\/wp-content\\\/uploads\\\/sites\\\/2\\\/2023\\\/07\\\/Sans-titre1-Copie.png\",\"contentUrl\":\"https:\\\/\\\/www.belgae.be\\\/de\\\/wp-content\\\/uploads\\\/sites\\\/2\\\/2023\\\/07\\\/Sans-titre1-Copie.png\",\"width\":88,\"height\":88,\"caption\":\"Belgae\"},\"image\":{\"@id\":\"https:\\\/\\\/www.belgae.be\\\/de\\\/#\\\/schema\\\/logo\\\/image\\\/\"}},{\"@type\":\"Person\",\"@id\":\"https:\\\/\\\/www.belgae.be\\\/de\\\/#\\\/schema\\\/person\\\/646b40b88212bc5335f9c4fa787df047\",\"name\":\"Cyril Gendarme\",\"sameAs\":[\"https:\\\/\\\/www.belgae.be\"],\"url\":\"https:\\\/\\\/www.belgae.be\\\/de\\\/blog\\\/author\\\/cgen\\\/\"}]}<\/script>\n<!-- \/ Yoast SEO plugin. -->","yoast_head_json":{"title":"Wei\u00df Tragen: Kombinationen, Psychologie usw | Belgae","robots":{"index":"index","follow":"follow","max-snippet":"max-snippet:-1","max-image-preview":"max-image-preview:large","max-video-preview":"max-video-preview:-1"},"canonical":"https:\/\/www.belgae.be\/de\/blog\/traegt-weiss\/","og_locale":"de_DE","og_type":"article","og_title":"Wei\u00df Tragen: Kombinationen, Psychologie usw | Belgae","og_description":"Tauchen Sie ein in die Welt des Wei\u00df! Diese Nuance ist mehr als nur eine Farbe - sie ist eine Einstellung, eine Lebensstilwahl.","og_url":"https:\/\/www.belgae.be\/de\/blog\/traegt-weiss\/","og_site_name":"Belgae","article_published_time":"2023-08-03T13:40:02+00:00","article_modified_time":"2023-08-04T10:28:14+00:00","author":"Cyril Gendarme","twitter_card":"summary_large_image","twitter_misc":{"Verfasst von":"Cyril Gendarme","Gesch\u00e4tzte Lesezeit":"10\u00a0Minuten"},"schema":{"@context":"https:\/\/schema.org","@graph":[{"@type":"Article","@id":"https:\/\/www.belgae.be\/de\/blog\/traegt-weiss\/#article","isPartOf":{"@id":"https:\/\/www.belgae.be\/de\/blog\/traegt-weiss\/"},"author":{"name":"Cyril Gendarme","@id":"https:\/\/www.belgae.be\/de\/#\/schema\/person\/646b40b88212bc5335f9c4fa787df047"},"headline":"Wei\u00df Tragen: Kombinationen, Psychologie usw","datePublished":"2023-08-03T13:40:02+00:00","dateModified":"2023-08-04T10:28:14+00:00","mainEntityOfPage":{"@id":"https:\/\/www.belgae.be\/de\/blog\/traegt-weiss\/"},"wordCount":1408,"commentCount":0,"publisher":{"@id":"https:\/\/www.belgae.be\/de\/#organization"},"image":{"@id":"https:\/\/www.belgae.be\/de\/blog\/traegt-weiss\/#primaryimage"},"thumbnailUrl":"https:\/\/www.belgae.be\/de\/wp-content\/uploads\/sites\/2\/2023\/08\/cyril_ge_miscellaneous_pieces_of_white_clothing_Franco-Belgian__1bed22f0-83c0-47d1-a940-560b23cdb475-1.webp","articleSection":["Look &amp; Style"],"inLanguage":"de","potentialAction":[{"@type":"CommentAction","name":"Comment","target":["https:\/\/www.belgae.be\/de\/blog\/traegt-weiss\/#respond"]}]},{"@type":"WebPage","@id":"https:\/\/www.belgae.be\/de\/blog\/traegt-weiss\/","url":"https:\/\/www.belgae.be\/de\/blog\/traegt-weiss\/","name":"Wei\u00df Tragen: Kombinationen, Psychologie usw | Belgae","isPartOf":{"@id":"https:\/\/www.belgae.be\/de\/#website"},"primaryImageOfPage":{"@id":"https:\/\/www.belgae.be\/de\/blog\/traegt-weiss\/#primaryimage"},"image":{"@id":"https:\/\/www.belgae.be\/de\/blog\/traegt-weiss\/#primaryimage"},"thumbnailUrl":"https:\/\/www.belgae.be\/de\/wp-content\/uploads\/sites\/2\/2023\/08\/cyril_ge_miscellaneous_pieces_of_white_clothing_Franco-Belgian__1bed22f0-83c0-47d1-a940-560b23cdb475-1.webp","datePublished":"2023-08-03T13:40:02+00:00","dateModified":"2023-08-04T10:28:14+00:00","breadcrumb":{"@id":"https:\/\/www.belgae.be\/de\/blog\/traegt-weiss\/#breadcrumb"},"inLanguage":"de","potentialAction":[{"@type":"ReadAction","target":["https:\/\/www.belgae.be\/de\/blog\/traegt-weiss\/"]}]},{"@type":"ImageObject","inLanguage":"de","@id":"https:\/\/www.belgae.be\/de\/blog\/traegt-weiss\/#primaryimage","url":"https:\/\/www.belgae.be\/de\/wp-content\/uploads\/sites\/2\/2023\/08\/cyril_ge_miscellaneous_pieces_of_white_clothing_Franco-Belgian__1bed22f0-83c0-47d1-a940-560b23cdb475-1.webp","contentUrl":"https:\/\/www.belgae.be\/de\/wp-content\/uploads\/sites\/2\/2023\/08\/cyril_ge_miscellaneous_pieces_of_white_clothing_Franco-Belgian__1bed22f0-83c0-47d1-a940-560b23cdb475-1.webp"},{"@type":"BreadcrumbList","@id":"https:\/\/www.belgae.be\/de\/blog\/traegt-weiss\/#breadcrumb","itemListElement":[{"@type":"ListItem","position":1,"name":"Accueil","item":"https:\/\/www.belgae.be\/de\/"},{"@type":"ListItem","position":2,"name":"Wei\u00df Tragen: Kombinationen, Psychologie usw"}]},{"@type":"WebSite","@id":"https:\/\/www.belgae.be\/de\/#website","url":"https:\/\/www.belgae.be\/de\/","name":"Belgae","description":"Belgische Kunst &amp; Mode","publisher":{"@id":"https:\/\/www.belgae.be\/de\/#organization"},"potentialAction":[{"@type":"SearchAction","target":{"@type":"EntryPoint","urlTemplate":"https:\/\/www.belgae.be\/de\/?s={search_term_string}"},"query-input":{"@type":"PropertyValueSpecification","valueRequired":true,"valueName":"search_term_string"}}],"inLanguage":"de"},{"@type":"Organization","@id":"https:\/\/www.belgae.be\/de\/#organization","name":"Belgae","url":"https:\/\/www.belgae.be\/de\/","logo":{"@type":"ImageObject","inLanguage":"de","@id":"https:\/\/www.belgae.be\/de\/#\/schema\/logo\/image\/","url":"https:\/\/www.belgae.be\/de\/wp-content\/uploads\/sites\/2\/2023\/07\/Sans-titre1-Copie.png","contentUrl":"https:\/\/www.belgae.be\/de\/wp-content\/uploads\/sites\/2\/2023\/07\/Sans-titre1-Copie.png","width":88,"height":88,"caption":"Belgae"},"image":{"@id":"https:\/\/www.belgae.be\/de\/#\/schema\/logo\/image\/"}},{"@type":"Person","@id":"https:\/\/www.belgae.be\/de\/#\/schema\/person\/646b40b88212bc5335f9c4fa787df047","name":"Cyril Gendarme","sameAs":["https:\/\/www.belgae.be"],"url":"https:\/\/www.belgae.be\/de\/blog\/author\/cgen\/"}]}},"_links":{"self":[{"href":"https:\/\/www.belgae.be\/de\/wp-json\/wp\/v2\/posts\/2943","targetHints":{"allow":["GET"]}}],"collection":[{"href":"https:\/\/www.belgae.be\/de\/wp-json\/wp\/v2\/posts"}],"about":[{"href":"https:\/\/www.belgae.be\/de\/wp-json\/wp\/v2\/types\/post"}],"author":[{"embeddable":true,"href":"https:\/\/www.belgae.be\/de\/wp-json\/wp\/v2\/users\/1"}],"replies":[{"embeddable":true,"href":"https:\/\/www.belgae.be\/de\/wp-json\/wp\/v2\/comments?post=2943"}],"version-history":[{"count":0,"href":"https:\/\/www.belgae.be\/de\/wp-json\/wp\/v2\/posts\/2943\/revisions"}],"wp:featuredmedia":[{"embeddable":true,"href":"https:\/\/www.belgae.be\/de\/wp-json\/"}],"wp:attachment":[{"href":"https:\/\/www.belgae.be\/de\/wp-json\/wp\/v2\/media?parent=2943"}],"wp:term":[{"taxonomy":"category","embeddable":true,"href":"https:\/\/www.belgae.be\/de\/wp-json\/wp\/v2\/categories?post=2943"},{"taxonomy":"post_tag","embeddable":true,"href":"https:\/\/www.belgae.be\/de\/wp-json\/wp\/v2\/tags?post=2943"}],"curies":[{"name":"wp","href":"https:\/\/api.w.org\/{rel}","templated":true}]}}