{"id":2940,"date":"2023-08-03T13:39:17","date_gmt":"2023-08-03T13:39:17","guid":{"rendered":"https:\/\/www.belgae.be\/de\/blog\/gruen-tragen\/"},"modified":"2023-08-04T10:28:19","modified_gmt":"2023-08-04T10:28:19","slug":"gruen-tragen","status":"publish","type":"post","link":"https:\/\/www.belgae.be\/de\/blog\/gruen-tragen\/","title":{"rendered":"Gr\u00fcn Tragen: Kombinationen, Psychologie usw"},"content":{"rendered":"<p>Entfesseln Sie Ihre innere Modeg\u00f6ttin und tauchen Sie ein in die lebendige Welt des Gr\u00fcns! Von Mint bis Smaragd, entdecken Sie, wie das Tragen dieser Farbe die Stimmung aufhellt, Kreativit\u00e4t inspiriert und eine mutige Aussage trifft. Entdecken Sie atemberaubende Kombinationen, die jede Nuance von Gr\u00fcn zum Strahlen bringen!<\/p>\n<p>Gr\u00fcn steht nicht nur f\u00fcr Umweltbewusstsein &#8211; es geht auch um Stilpers\u00f6nlichkeit. Lassen Sie uns die Psychologie hinter dieser Farbe entschl\u00fcsseln, w\u00e4hrend wir umwerfende Outfits f\u00fcr jeden Anlass kreieren.<\/p>\n<p>Machen Sie sich bereit, Chic neu zu definieren mit einem starken gr\u00fcnen Spiel!<\/p>\n<section class=\"contentTable_table\">\n<p class=\"contentTable_title\">Inhalt:<\/p>\n<p class=\"contentTable_elem\"><a href=\"#balise_0\">1. Einleitung: Wie tr\u00e4gt man die Farbe Gr\u00fcn? <\/a><\/p>\n<p class=\"contentTable_elem\"><a href=\"#balise_1\">2. Welche Gef\u00fchle werden durch das Tragen der Farbe Gr\u00fcn ausgedr\u00fcckt? <\/a><\/p>\n<p class=\"contentTable_elem\"><a href=\"#balise_2\">3. Kombinationen: Welche Farben passen zu gr\u00fcner Kleidung? <\/a><\/p>\n<p class=\"contentTable_elem\"><a href=\"#balise_3\">4. Welcher Hauttyp harmoniert gut mit einem gr\u00fcnen Outfit? <\/a><\/p>\n<p class=\"contentTable_elem\"><a href=\"#balise_4\">5. Die beste Jahreszeit, um die Farbe Gr\u00fcn zu tragen<\/a><\/p>\n<p class=\"contentTable_elem\"><a href=\"#balise_5\">6. Gr\u00fcne Schuhe tragen: Eine gute Idee? <\/a><\/p>\n<p class=\"contentTable_elem\"><a href=\"#balise_6\">7. Mode-Fauxpas: H\u00e4ufige Fehler, die Sie vermeiden sollten, wenn Sie Gr\u00fcn tragen<\/a><\/p>\n<p class=\"contentTable_elem\"><a href=\"#balise_7\">8. Die Auswirkungen des Tragens der Farbe Gr\u00fcn auf unsere Psychologie<\/a><\/p>\n<p class=\"contentTable_elem\"><a href=\"#balise_8\">9. Das Tragen der Farbe Gr\u00fcn: Welche spirituelle Bedeutung? <\/a><\/p>\n<p class=\"contentTable_elem\"><a href=\"#balise_9\">10. Das Tragen der Farbe Gr\u00fcn in einem Traum: Was bedeutet das? <\/a><\/p>\n<\/section>\n<p><img loading=\"lazy\" decoding=\"async\" class=\"lazyload articleImageSquare_CGEN\" height=\"400\" width=\"400\" src=\"https:\/\/www.belgae.be\/imageHolder\/\/wp-content\/uploads\/sites\/2\/2023\/07\/loading-spinner-belgae.gif\" data-src=\"https:\/\/www.belgae.be\/imageHolder\/\/wp-content\/uploads\/sites\/2\/2023\/08\/tmpouv86lo2.jpg\" alt=\"tmpouv86lo\"><\/p>\n<h2 id=\"balise_0\">Einleitung: Wie tr\u00e4gt man die Farbe Gr\u00fcn?<\/h2>\n<p>Gr\u00fcn ist eine lebendige und erfrischende Farbe, die jedem Outfit einen Hauch von Leben verleihen kann. Egal ob Sie ein kantiges Aussehen anstreben oder etwas eleganter wirken m\u00f6chten, Gr\u00fcn zu tragen kann eine fantastische Wahl sein.<\/p>\n<p>Aber wie tr\u00e4gt man es ohne auszusehen wie der Frohe Gr\u00fcne Riese?<\/p>\n<p>Keine Angst! In diesem Blogbeitrag werden wir alles erforschen: Von emotionalen Ausdr\u00fccken bis hin zur Abstimmung von Farben und Hautt\u00f6nen. So k\u00f6nnen Sie selbstbewusst Ihre Lieblingsfarbe Gr\u00fcn rocken.<\/p>\n<p>Emotionale Ausdr\u00fccke spielen bei der Wahl Ihrer Kleidungsfarbe eine gro\u00dfe Rolle. Gr\u00fcn symbolisiert Natur, Frische und Lebendigkeit &#8211; Eigenschaften, die Ihr Outfit zum Strahlen bringen k\u00f6nnen.<\/p>\n<p>Die Kombination von gr\u00fcner Kleidung mit anderen Farben ist ebenfalls wichtig f\u00fcr Ihren Look. Erfahren Sie in diesem Beitrag mehr \u00fcber harmonierende Farbkombinationen.<\/p>\n<p>Zuletzt sollten auch Hautt\u00f6ne ber\u00fccksichtigt werden beim Tragen von Gr\u00fcn . Mit den richtigen Tipps aus unserem Blog wird jede Nuance Ihres Teints hervorgehoben.<\/p>\n<p><img loading=\"lazy\" decoding=\"async\" class=\"lazyload articleImageSquare_CGEN\" height=\"400\" width=\"400\" src=\"https:\/\/www.belgae.be\/imageHolder\/\/wp-content\/uploads\/sites\/2\/2023\/07\/loading-spinner-belgae.gif\" data-src=\"https:\/\/www.belgae.be\/imageHolder\/\/wp-content\/uploads\/sites\/2\/2023\/08\/tmpf9f277z0.jpg\" alt=\"tmpf9f277z\"><\/p>\n<h2 id=\"balise_1\">Welche Gef\u00fchle werden durch das Tragen der Farbe Gr\u00fcn ausgedr\u00fcckt?<\/h2>\n<p>In Bezug auf Emotionen hat Gr\u00fcn viel zu bieten! Diese vielseitige Farbe steht f\u00fcr Wachstum, Harmonie, Ausgleich und Erneuerung. Oft wird sie mit der Natur in Verbindung gebracht und l\u00f6st Gef\u00fchle von Ruhe und Frische aus.<\/p>\n<p>Wenn Sie gr\u00fcne Elemente in Ihre Garderobe einbauen, strahlen Sie diese positiven Schwingungen aus. Gleichzeitig setzen Sie ein modisches Statement.<\/p>\n<p>Gr\u00fcn ist eine hervorragende Wahl f\u00fcr alle, die sich nach einem Hauch von Nat\u00fcrlichkeit sehnen. Es kann dazu beitragen, dass Ihr Outfit nicht nur stilvoll aussieht, sondern auch positive Energie vermittelt.<\/p>\n<p>Vergessen Sie nicht: Mode ist mehr als nur Kleidung. Es handelt sich um eine M\u00f6glichkeit zur Selbstdarstellung und zum Ausdruck Ihrer Pers\u00f6nlichkeit &#8211; warum also nicht etwas Neues ausprobieren?<\/p>\n<p>Vielleicht entdecken Sie ja eine neue Liebe zu Gr\u00fcn!<\/p>\n<p><img loading=\"lazy\" decoding=\"async\" class=\"lazyload articleImageSquare_CGEN\" height=\"400\" width=\"400\" src=\"https:\/\/www.belgae.be\/imageHolder\/\/wp-content\/uploads\/sites\/2\/2023\/07\/loading-spinner-belgae.gif\" data-src=\"https:\/\/www.belgae.be\/imageHolder\/\/wp-content\/uploads\/sites\/2\/2023\/08\/tmpiomuh2il.jpg\" alt=\"tmpiomuh2il\"><\/p>\n<h2 id=\"balise_2\">Kombinationen: Welche Farben passen zu gr\u00fcner Kleidung?<\/h2>\n<p>Die Sch\u00f6nheit von Gr\u00fcn besteht darin, dass es m\u00fchelos zu verschiedenen anderen Farbt\u00f6nen passt. Um auff\u00e4llige Outfits zu kreieren, die sich abheben und dennoch Harmonie in deinem Aussehen bewahren:<\/p>\n<p>Kombiniere dunkle Gr\u00fcnt\u00f6ne mit neutralen Farben wie Schwarz oder Wei\u00df f\u00fcr einen eleganten Kontrast.<\/p>\n<p>F\u00fcr eine spielerische Abwechslung probiere mutige Gr\u00fcnt\u00f6ne mit leuchtenden Gelb- oder Pinkt\u00f6nen aus.<\/p>\n<p>Erdige T\u00f6ne wie Braun eignen sich gut, wenn du ein organisches Gef\u00fchl suchst.<\/p>\n<p>Wenn gewagte Kontraste das sind, was dich am meisten begeistert: Experimentiere! Paare helle Gr\u00fcnt\u00f6ne mit Blau oder Lila!<\/p>\n<p>Denke immer daran &#8211; Modegesetze wurden dazu gemacht um gebrochen zu werden; Z\u00f6gere nicht Dinge nach deinem pers\u00f6nlichen Geschmack durcheinanderzubringen!<\/p>\n<p><img loading=\"lazy\" decoding=\"async\" class=\"lazyload articleImageSquare_CGEN\" height=\"400\" width=\"400\" src=\"https:\/\/www.belgae.be\/imageHolder\/\/wp-content\/uploads\/sites\/2\/2023\/07\/loading-spinner-belgae.gif\" data-src=\"https:\/\/www.belgae.be\/imageHolder\/\/wp-content\/uploads\/sites\/2\/2023\/08\/tmph56v5fo9.jpg\" alt=\"tmph56v5fo\"><\/p>\n<h2 id=\"balise_3\">Welcher Hauttyp harmoniert gut mit einem gr\u00fcnen Outfit?<\/h2>\n<p>Ein hervorragendes Merkmal von gr\u00fcner Kleidung ist ihre Vielseitigkeit bei verschiedenen Hautt\u00f6nen:<\/p>\n<p>Helle Teints neigen dazu, mit hellen oder pastellfarbenen Gr\u00fcnt\u00f6nen zu strahlen.<\/p>\n<p>Mittlere Hautt\u00f6ne k\u00f6nnen eine breite Palette von Gr\u00fcns tragen, von lebhaftem Limettengr\u00fcn bis tiefem Smaragd.<\/p>\n<p>Dunklere Teints werden wundersch\u00f6n durch reiche und juwelenfarbene Gr\u00fcnt\u00f6ne erg\u00e4nzt.<\/p>\n<p>Letztendlich besteht der Schl\u00fcssel darin, mit verschiedenen Nuancen zu experimentieren, bis Sie finden, was am besten zu Ihrer einzigartigen F\u00e4rbung passt.<\/p>\n<p><img loading=\"lazy\" decoding=\"async\" class=\"lazyload articleImageSquare_CGEN\" height=\"400\" width=\"400\" src=\"https:\/\/www.belgae.be\/imageHolder\/\/wp-content\/uploads\/sites\/2\/2023\/07\/loading-spinner-belgae.gif\" data-src=\"https:\/\/www.belgae.be\/imageHolder\/\/wp-content\/uploads\/sites\/2\/2023\/08\/tmpjcb2ho50.jpg\" alt=\"tmpjcb2ho\"><\/p>\n<h2 id=\"balise_4\">Die beste Jahreszeit, um die Farbe Gr\u00fcn zu tragen<\/h2>\n<p>Es gibt keine strikte Regel, wann es angemessen ist, Gr\u00fcn zu tragen. Allerdings eignen sich bestimmte Jahreszeiten besonders gut:<\/p>\n<p>Fr\u00fchling: Verk\u00f6rpert das Gef\u00fchl der Erneuerung durch frische und leuchtende Gr\u00fcnt\u00f6ne in Ihren Outfits.<\/p>\n<p>Sommer: W\u00e4hlen Sie hellere Gr\u00fcnt\u00f6ne wie Minze oder Seeschaum, die unter der brennenden Sonne K\u00fchle ausstrahlen.<\/p>\n<p>Herbst: Entdecken Sie tiefere T\u00f6ne wie Olive oder Waldgr\u00fcn, die perfekt mit den wechselnden Farben der Natur im Herbst harmonieren.<\/p>\n<p>Winter: F\u00fcgen Sie an kalten Tagen eine Note von W\u00e4rme hinzu, indem Sie dunklere Gr\u00fcnt\u00f6ne wie Smaragd in Kombination mit gem\u00fctlichen Stoffen tragen.<\/p>\n<p>Diese Hinweise dienen dazu, Ihre Garderobe optimal auf jede Jahreszeit abzustimmen und dabei stets stilvoll auszusehen.<\/p>\n<p><img loading=\"lazy\" decoding=\"async\" class=\"lazyload articleImageSquare_CGEN\" height=\"400\" width=\"400\" src=\"https:\/\/www.belgae.be\/imageHolder\/\/wp-content\/uploads\/sites\/2\/2023\/07\/loading-spinner-belgae.gif\" data-src=\"https:\/\/www.belgae.be\/imageHolder\/\/wp-content\/uploads\/sites\/2\/2023\/08\/tmpn19u8_ls.jpg\" alt=\"tmpn19u8_ls\"><\/p>\n<h2 id=\"balise_5\">Gr\u00fcne Schuhe tragen: Eine gute Idee?<\/h2>\n<p>Nat\u00fcrlich! Gr\u00fcne Schuhe k\u00f6nnen ein hervorragender Weg sein, um eine k\u00fchne Modeaussage zu treffen. Ob Sneaker, Abs\u00e4tze, Stiefel oder Flache in verschiedenen Nuancen &#8211; von subtilen Moost\u00f6nen bis hin zu auff\u00e4lligen Neonoptionen &#8211; z\u00f6gern Sie nicht, etwas gr\u00fcnes Schuhwerk zur Schau zu stellen!<\/p>\n<p>Das Tragen von gr\u00fcnen Schuhen kann viele Vorteile haben. Es ist eine einfache M\u00f6glichkeit, jedem Outfit einen Hauch von Farbe und Pers\u00f6nlichkeit hinzuzuf\u00fcgen.<\/p>\n<p>Die Wahl der richtigen Farbnuance kann auch dazu beitragen, Ihren individuellen Stil zum Ausdruck zu bringen. Von tiefem Smaragdgr\u00fcn bis hinzu leuchtendem Neongr\u00fcn gibt es zahlreiche Optionen zur Auswahl.<\/p>\n<p>Ein weiterer Pluspunkt: Gr\u00fcn l\u00e4sst sich mit vielen anderen Farben kombinieren und bietet so vielf\u00e4ltige Styling-M\u00f6glichkeiten. Egal ob casual oder schick \u2013 mit gr\u00fcnen Schuhen setzen Sie immer ein Statement!<\/p>\n<p>Schlie\u00dflich sollte Mode Spa\u00df machen und die eigene Individualit\u00e4t widerspiegeln. Also warum nicht mal was Neues ausprobieren?<\/p>\n<p>Mut zur Farbe \u2013 vor allem zur Gr\u00fcn!<\/p>\n<p><img loading=\"lazy\" decoding=\"async\" class=\"lazyload articleImageSquare_CGEN\" height=\"400\" width=\"400\" src=\"https:\/\/www.belgae.be\/imageHolder\/\/wp-content\/uploads\/sites\/2\/2023\/07\/loading-spinner-belgae.gif\" data-src=\"https:\/\/www.belgae.be\/imageHolder\/\/wp-content\/uploads\/sites\/2\/2023\/08\/tmp84tq_ddz.jpg\" alt=\"tmp84tq_ddz\"><\/p>\n<h2 id=\"balise_6\">Mode-Fauxpas: H\u00e4ufige Fehler, die Sie vermeiden sollten, wenn Sie Gr\u00fcn tragen<\/h2>\n<p>So sehr wir es lieben, unsere Lieblingsfarbe zu zeigen, sollten wir diese h\u00e4ufigen Fehler vermeiden:<\/p>\n<p>\u00dcbertreibung \u2013 Ein komplett gr\u00fcnes Outfit mag verlockend sein (Hallo St.Patrick&#8217;s Day), aber denken Sie daran: Weniger ist oft mehr!<\/p>\n<p>Nicht passende Gr\u00fcnt\u00f6ne \u2013 Bedenken Sie, dass nicht jeder Farbton gut miteinander harmoniert; stellen Sie sicher, dass sie zusammenarbeiten und nicht gegeneinander konkurrieren.<\/p>\n<p>Ignorieren von Untert\u00f6nen \u2013 Achten Sie auf die Untert\u00f6ne Ihrer gr\u00fcnen Kleidung. K\u00fchle Gr\u00fcnt\u00f6ne passen besser zu k\u00fchlen Accessoires und warme Gr\u00fcnt\u00f6ne harmonieren gut mit w\u00e4rmeren Nuancen.<\/p>\n<p>Fehlendes Gleichgewicht &#8211; Gr\u00fcn kann erdr\u00fcckend sein wenn es nicht richtig ausbalanciert wird; sorgen Sie f\u00fcr Harmonie indem sie komplement\u00e4re Farben oder neutrale T\u00f6nungen in Ihr Outfit einbinden.<\/p>\n<p>Denken Sie daran: Mode ist eine Kunstform ohne Grenzen f\u00fcr Kreativit\u00e4t!<\/p>\n<p><img loading=\"lazy\" decoding=\"async\" class=\"lazyload articleImageSquare_CGEN\" height=\"400\" width=\"400\" src=\"https:\/\/www.belgae.be\/imageHolder\/\/wp-content\/uploads\/sites\/2\/2023\/07\/loading-spinner-belgae.gif\" data-src=\"https:\/\/www.belgae.be\/imageHolder\/\/wp-content\/uploads\/sites\/2\/2023\/08\/tmpmy7yggw_.jpg\" alt=\"tmpmy7yggw_\"><\/p>\n<h2 id=\"balise_7\">Die Auswirkungen des Tragens der Farbe Gr\u00fcn auf unsere Psychologie<\/h2>\n<p>Farbpsychologie legt nahe, dass das Tragen von Gr\u00fcn positive Auswirkungen auf unsere Emotionen und Denkweise haben kann. Es f\u00f6rdert Gef\u00fchle der Ruhe, Entspannung und sogar pers\u00f6nliches Wachstum.<\/p>\n<p>Beim n\u00e4chsten Mal, wenn Sie sich gestresst f\u00fchlen oder inneren Frieden brauchen, ziehen Sie einfach etwas Gr\u00fcnes an und lassen Sie es seine Magie wirken!<\/p>\n<p>Tragen von gr\u00fcner Kleidung kann also eine einfache Methode sein, um den emotionalen Zustand zu verbessern. Probieren Sie es aus und erleben die beruhigende Kraft der Farbe Gr\u00fcn!<\/p>\n<p>Diese Farbtherapie ist leicht in den Alltag zu integrieren. Also warum nicht heute mit einem gr\u00fcnen Outfit starten?<\/p>\n<p>Die positiven Effekte werden sicherlich nicht lange auf sich warten lassen.<\/p>\n<p><img loading=\"lazy\" decoding=\"async\" class=\"lazyload articleImageSquare_CGEN\" height=\"400\" width=\"400\" src=\"https:\/\/www.belgae.be\/imageHolder\/\/wp-content\/uploads\/sites\/2\/2023\/07\/loading-spinner-belgae.gif\" data-src=\"https:\/\/www.belgae.be\/imageHolder\/\/wp-content\/uploads\/sites\/2\/2023\/08\/tmpmk0pnugh.jpg\" alt=\"tmpmk0pnugh\"><\/p>\n<h2 id=\"balise_8\">Das Tragen der Farbe Gr\u00fcn: Welche spirituelle Bedeutung?<\/h2>\n<p>In zahlreichen Kulturen weltweit hat Gr\u00fcn eine spirituelle Bedeutung. H\u00e4ufig wird es mit Erneuerung und Wiedergeburt in Verbindung gebracht, dies aufgrund seiner Beziehung zu den Zyklen der Natur &#8211; wie pr\u00e4chtige W\u00e4lder oder bl\u00fchende G\u00e4rten. Diese Farbe symbolisiert die Hoffnung auf neue Anf\u00e4nge.<\/p>\n<p>Unabh\u00e4ngig davon, ob diese \u00dcberzeugungen pers\u00f6nlich \u00fcbernommen werden oder einfach nur die Symbolik dahinter gesch\u00e4tzt wird &#8211; das Tragen von Gr\u00fcn kann als Erinnerung dienen, Ver\u00e4nderungen anzunehmen und dabei fest in unseren Wurzeln verankert zu bleiben.<\/p>\n<p>Die Wahl dieser speziellen Farbe kann ein Ausdruck der Anerkennung f\u00fcr ihr tieferes Bedeutungsverm\u00f6gen sein. Sie erinnert uns daran, dass wir st\u00e4ndig wachsen und uns weiterentwickeln k\u00f6nnen, w\u00e4hrend wir gleichzeitig unsere Herkunft ehren.<\/p>\n<p>Es ist also nicht \u00fcberraschend, dass viele Menschen sich dazu entschieden haben, gr\u00fcne Kleidungsst\u00fccke zu tragen. Es geht um mehr als nur Mode \u2013 es ist eine Art Lebensphilosophie.<\/p>\n<p><img loading=\"lazy\" decoding=\"async\" class=\"lazyload articleImageSquare_CGEN\" height=\"400\" width=\"400\" src=\"https:\/\/www.belgae.be\/imageHolder\/\/wp-content\/uploads\/sites\/2\/2023\/07\/loading-spinner-belgae.gif\" data-src=\"https:\/\/www.belgae.be\/imageHolder\/\/wp-content\/uploads\/sites\/2\/2023\/08\/tmppjl3d3ya.jpg\" alt=\"tmppjl3d3ya\"><\/p>\n<h2 id=\"balise_9\">Das Tragen der Farbe Gr\u00fcn in einem Traum: Was bedeutet das?<\/h2>\n<p>Tr\u00e4ume sind geheimnisvolle Bereiche, gef\u00fcllt mit symbolischen Botschaften unseres Unterbewusstseins! Wenn Sie sich in Ihrer Traumlandschaft in Gr\u00fcnt\u00f6nen wiederfinden:<\/p>\n<p>Dies k\u00f6nnte auf kommendes Wachstum und Wohlstand hinweisen.<\/p>\n<p>Alternativ k\u00f6nnte es auf die Heilung von vergangenen emotionalen Verletzungen hindeuten.<\/p>\n<p>Obwohl Traumdeutungen stark zwischen Individuen variieren, basierend auf ihren einzigartigen Erfahrungen und kulturellen Hintergr\u00fcnden &#8211; bedenken Sie, dass letztlich nur Sie den Schl\u00fcssel zur Entschl\u00fcsselung dieser Symbole besitzen. Speziell im Kontext Ihrer eigenen Lebensreise.<\/p>\n","protected":false},"excerpt":{"rendered":"<p>Entfesseln Sie Ihre innere Modeg\u00f6ttin und tauchen Sie ein in die lebendige Welt des Gr\u00fcns!<\/p>\n","protected":false},"author":1,"featured_media":4995,"comment_status":"open","ping_status":"closed","sticky":false,"template":"","format":"standard","meta":{"_acf_changed":false,"_et_pb_use_builder":"","_et_pb_old_content":"","_et_gb_content_width":"","footnotes":""},"categories":[38],"tags":[],"class_list":["post-2940","post","type-post","status-publish","format-standard","has-post-thumbnail","hentry","category-look-style"],"acf":[],"yoast_head":"<!-- This site is optimized with the Yoast SEO plugin v27.5 - https:\/\/yoast.com\/product\/yoast-seo-wordpress\/ -->\n<title>Gr\u00fcn Tragen: Kombinationen, Psychologie usw | Belgae<\/title>\n<meta name=\"robots\" content=\"index, follow, max-snippet:-1, max-image-preview:large, max-video-preview:-1\" \/>\n<link rel=\"canonical\" href=\"https:\/\/www.belgae.be\/de\/blog\/gruen-tragen\/\" \/>\n<meta property=\"og:locale\" content=\"de_DE\" \/>\n<meta property=\"og:type\" content=\"article\" \/>\n<meta property=\"og:title\" content=\"Gr\u00fcn Tragen: Kombinationen, Psychologie usw | Belgae\" \/>\n<meta property=\"og:description\" content=\"Entfesseln Sie Ihre innere Modeg\u00f6ttin und tauchen Sie ein in die lebendige Welt des Gr\u00fcns!\" \/>\n<meta property=\"og:url\" content=\"https:\/\/www.belgae.be\/de\/blog\/gruen-tragen\/\" \/>\n<meta property=\"og:site_name\" content=\"Belgae\" \/>\n<meta property=\"article:published_time\" content=\"2023-08-03T13:39:17+00:00\" \/>\n<meta property=\"article:modified_time\" content=\"2023-08-04T10:28:19+00:00\" \/>\n<meta name=\"author\" content=\"Cyril Gendarme\" \/>\n<meta name=\"twitter:card\" content=\"summary_large_image\" \/>\n<meta name=\"twitter:label1\" content=\"Verfasst von\" \/>\n\t<meta name=\"twitter:data1\" content=\"Cyril Gendarme\" \/>\n\t<meta name=\"twitter:label2\" content=\"Gesch\u00e4tzte Lesezeit\" \/>\n\t<meta name=\"twitter:data2\" content=\"10\u00a0Minuten\" \/>\n<script type=\"application\/ld+json\" class=\"yoast-schema-graph\">{\"@context\":\"https:\\\/\\\/schema.org\",\"@graph\":[{\"@type\":\"Article\",\"@id\":\"https:\\\/\\\/www.belgae.be\\\/de\\\/blog\\\/gruen-tragen\\\/#article\",\"isPartOf\":{\"@id\":\"https:\\\/\\\/www.belgae.be\\\/de\\\/blog\\\/gruen-tragen\\\/\"},\"author\":{\"name\":\"Cyril Gendarme\",\"@id\":\"https:\\\/\\\/www.belgae.be\\\/de\\\/#\\\/schema\\\/person\\\/646b40b88212bc5335f9c4fa787df047\"},\"headline\":\"Gr\u00fcn Tragen: Kombinationen, Psychologie usw\",\"datePublished\":\"2023-08-03T13:39:17+00:00\",\"dateModified\":\"2023-08-04T10:28:19+00:00\",\"mainEntityOfPage\":{\"@id\":\"https:\\\/\\\/www.belgae.be\\\/de\\\/blog\\\/gruen-tragen\\\/\"},\"wordCount\":1618,\"commentCount\":0,\"publisher\":{\"@id\":\"https:\\\/\\\/www.belgae.be\\\/de\\\/#organization\"},\"image\":{\"@id\":\"https:\\\/\\\/www.belgae.be\\\/de\\\/blog\\\/gruen-tragen\\\/#primaryimage\"},\"thumbnailUrl\":\"https:\\\/\\\/www.belgae.be\\\/de\\\/wp-content\\\/uploads\\\/sites\\\/2\\\/2023\\\/08\\\/cyril_ge_miscellaneous_pieces_of_clothing_a_small_one_being_gre_ae836e23-c104-4dfb-9f32-7360403aacde-1.webp\",\"articleSection\":[\"Look &amp; Style\"],\"inLanguage\":\"de\",\"potentialAction\":[{\"@type\":\"CommentAction\",\"name\":\"Comment\",\"target\":[\"https:\\\/\\\/www.belgae.be\\\/de\\\/blog\\\/gruen-tragen\\\/#respond\"]}]},{\"@type\":\"WebPage\",\"@id\":\"https:\\\/\\\/www.belgae.be\\\/de\\\/blog\\\/gruen-tragen\\\/\",\"url\":\"https:\\\/\\\/www.belgae.be\\\/de\\\/blog\\\/gruen-tragen\\\/\",\"name\":\"Gr\u00fcn Tragen: Kombinationen, Psychologie usw | Belgae\",\"isPartOf\":{\"@id\":\"https:\\\/\\\/www.belgae.be\\\/de\\\/#website\"},\"primaryImageOfPage\":{\"@id\":\"https:\\\/\\\/www.belgae.be\\\/de\\\/blog\\\/gruen-tragen\\\/#primaryimage\"},\"image\":{\"@id\":\"https:\\\/\\\/www.belgae.be\\\/de\\\/blog\\\/gruen-tragen\\\/#primaryimage\"},\"thumbnailUrl\":\"https:\\\/\\\/www.belgae.be\\\/de\\\/wp-content\\\/uploads\\\/sites\\\/2\\\/2023\\\/08\\\/cyril_ge_miscellaneous_pieces_of_clothing_a_small_one_being_gre_ae836e23-c104-4dfb-9f32-7360403aacde-1.webp\",\"datePublished\":\"2023-08-03T13:39:17+00:00\",\"dateModified\":\"2023-08-04T10:28:19+00:00\",\"breadcrumb\":{\"@id\":\"https:\\\/\\\/www.belgae.be\\\/de\\\/blog\\\/gruen-tragen\\\/#breadcrumb\"},\"inLanguage\":\"de\",\"potentialAction\":[{\"@type\":\"ReadAction\",\"target\":[\"https:\\\/\\\/www.belgae.be\\\/de\\\/blog\\\/gruen-tragen\\\/\"]}]},{\"@type\":\"ImageObject\",\"inLanguage\":\"de\",\"@id\":\"https:\\\/\\\/www.belgae.be\\\/de\\\/blog\\\/gruen-tragen\\\/#primaryimage\",\"url\":\"https:\\\/\\\/www.belgae.be\\\/de\\\/wp-content\\\/uploads\\\/sites\\\/2\\\/2023\\\/08\\\/cyril_ge_miscellaneous_pieces_of_clothing_a_small_one_being_gre_ae836e23-c104-4dfb-9f32-7360403aacde-1.webp\",\"contentUrl\":\"https:\\\/\\\/www.belgae.be\\\/de\\\/wp-content\\\/uploads\\\/sites\\\/2\\\/2023\\\/08\\\/cyril_ge_miscellaneous_pieces_of_clothing_a_small_one_being_gre_ae836e23-c104-4dfb-9f32-7360403aacde-1.webp\"},{\"@type\":\"BreadcrumbList\",\"@id\":\"https:\\\/\\\/www.belgae.be\\\/de\\\/blog\\\/gruen-tragen\\\/#breadcrumb\",\"itemListElement\":[{\"@type\":\"ListItem\",\"position\":1,\"name\":\"Accueil\",\"item\":\"https:\\\/\\\/www.belgae.be\\\/de\\\/\"},{\"@type\":\"ListItem\",\"position\":2,\"name\":\"Gr\u00fcn Tragen: Kombinationen, Psychologie usw\"}]},{\"@type\":\"WebSite\",\"@id\":\"https:\\\/\\\/www.belgae.be\\\/de\\\/#website\",\"url\":\"https:\\\/\\\/www.belgae.be\\\/de\\\/\",\"name\":\"Belgae\",\"description\":\"Belgische Kunst &amp; Mode\",\"publisher\":{\"@id\":\"https:\\\/\\\/www.belgae.be\\\/de\\\/#organization\"},\"potentialAction\":[{\"@type\":\"SearchAction\",\"target\":{\"@type\":\"EntryPoint\",\"urlTemplate\":\"https:\\\/\\\/www.belgae.be\\\/de\\\/?s={search_term_string}\"},\"query-input\":{\"@type\":\"PropertyValueSpecification\",\"valueRequired\":true,\"valueName\":\"search_term_string\"}}],\"inLanguage\":\"de\"},{\"@type\":\"Organization\",\"@id\":\"https:\\\/\\\/www.belgae.be\\\/de\\\/#organization\",\"name\":\"Belgae\",\"url\":\"https:\\\/\\\/www.belgae.be\\\/de\\\/\",\"logo\":{\"@type\":\"ImageObject\",\"inLanguage\":\"de\",\"@id\":\"https:\\\/\\\/www.belgae.be\\\/de\\\/#\\\/schema\\\/logo\\\/image\\\/\",\"url\":\"https:\\\/\\\/www.belgae.be\\\/de\\\/wp-content\\\/uploads\\\/sites\\\/2\\\/2023\\\/07\\\/Sans-titre1-Copie.png\",\"contentUrl\":\"https:\\\/\\\/www.belgae.be\\\/de\\\/wp-content\\\/uploads\\\/sites\\\/2\\\/2023\\\/07\\\/Sans-titre1-Copie.png\",\"width\":88,\"height\":88,\"caption\":\"Belgae\"},\"image\":{\"@id\":\"https:\\\/\\\/www.belgae.be\\\/de\\\/#\\\/schema\\\/logo\\\/image\\\/\"}},{\"@type\":\"Person\",\"@id\":\"https:\\\/\\\/www.belgae.be\\\/de\\\/#\\\/schema\\\/person\\\/646b40b88212bc5335f9c4fa787df047\",\"name\":\"Cyril Gendarme\",\"sameAs\":[\"https:\\\/\\\/www.belgae.be\"],\"url\":\"https:\\\/\\\/www.belgae.be\\\/de\\\/blog\\\/author\\\/cgen\\\/\"}]}<\/script>\n<!-- \/ Yoast SEO plugin. -->","yoast_head_json":{"title":"Gr\u00fcn Tragen: Kombinationen, Psychologie usw | Belgae","robots":{"index":"index","follow":"follow","max-snippet":"max-snippet:-1","max-image-preview":"max-image-preview:large","max-video-preview":"max-video-preview:-1"},"canonical":"https:\/\/www.belgae.be\/de\/blog\/gruen-tragen\/","og_locale":"de_DE","og_type":"article","og_title":"Gr\u00fcn Tragen: Kombinationen, Psychologie usw | Belgae","og_description":"Entfesseln Sie Ihre innere Modeg\u00f6ttin und tauchen Sie ein in die lebendige Welt des Gr\u00fcns!","og_url":"https:\/\/www.belgae.be\/de\/blog\/gruen-tragen\/","og_site_name":"Belgae","article_published_time":"2023-08-03T13:39:17+00:00","article_modified_time":"2023-08-04T10:28:19+00:00","author":"Cyril Gendarme","twitter_card":"summary_large_image","twitter_misc":{"Verfasst von":"Cyril Gendarme","Gesch\u00e4tzte Lesezeit":"10\u00a0Minuten"},"schema":{"@context":"https:\/\/schema.org","@graph":[{"@type":"Article","@id":"https:\/\/www.belgae.be\/de\/blog\/gruen-tragen\/#article","isPartOf":{"@id":"https:\/\/www.belgae.be\/de\/blog\/gruen-tragen\/"},"author":{"name":"Cyril Gendarme","@id":"https:\/\/www.belgae.be\/de\/#\/schema\/person\/646b40b88212bc5335f9c4fa787df047"},"headline":"Gr\u00fcn Tragen: Kombinationen, Psychologie usw","datePublished":"2023-08-03T13:39:17+00:00","dateModified":"2023-08-04T10:28:19+00:00","mainEntityOfPage":{"@id":"https:\/\/www.belgae.be\/de\/blog\/gruen-tragen\/"},"wordCount":1618,"commentCount":0,"publisher":{"@id":"https:\/\/www.belgae.be\/de\/#organization"},"image":{"@id":"https:\/\/www.belgae.be\/de\/blog\/gruen-tragen\/#primaryimage"},"thumbnailUrl":"https:\/\/www.belgae.be\/de\/wp-content\/uploads\/sites\/2\/2023\/08\/cyril_ge_miscellaneous_pieces_of_clothing_a_small_one_being_gre_ae836e23-c104-4dfb-9f32-7360403aacde-1.webp","articleSection":["Look &amp; Style"],"inLanguage":"de","potentialAction":[{"@type":"CommentAction","name":"Comment","target":["https:\/\/www.belgae.be\/de\/blog\/gruen-tragen\/#respond"]}]},{"@type":"WebPage","@id":"https:\/\/www.belgae.be\/de\/blog\/gruen-tragen\/","url":"https:\/\/www.belgae.be\/de\/blog\/gruen-tragen\/","name":"Gr\u00fcn Tragen: Kombinationen, Psychologie usw | Belgae","isPartOf":{"@id":"https:\/\/www.belgae.be\/de\/#website"},"primaryImageOfPage":{"@id":"https:\/\/www.belgae.be\/de\/blog\/gruen-tragen\/#primaryimage"},"image":{"@id":"https:\/\/www.belgae.be\/de\/blog\/gruen-tragen\/#primaryimage"},"thumbnailUrl":"https:\/\/www.belgae.be\/de\/wp-content\/uploads\/sites\/2\/2023\/08\/cyril_ge_miscellaneous_pieces_of_clothing_a_small_one_being_gre_ae836e23-c104-4dfb-9f32-7360403aacde-1.webp","datePublished":"2023-08-03T13:39:17+00:00","dateModified":"2023-08-04T10:28:19+00:00","breadcrumb":{"@id":"https:\/\/www.belgae.be\/de\/blog\/gruen-tragen\/#breadcrumb"},"inLanguage":"de","potentialAction":[{"@type":"ReadAction","target":["https:\/\/www.belgae.be\/de\/blog\/gruen-tragen\/"]}]},{"@type":"ImageObject","inLanguage":"de","@id":"https:\/\/www.belgae.be\/de\/blog\/gruen-tragen\/#primaryimage","url":"https:\/\/www.belgae.be\/de\/wp-content\/uploads\/sites\/2\/2023\/08\/cyril_ge_miscellaneous_pieces_of_clothing_a_small_one_being_gre_ae836e23-c104-4dfb-9f32-7360403aacde-1.webp","contentUrl":"https:\/\/www.belgae.be\/de\/wp-content\/uploads\/sites\/2\/2023\/08\/cyril_ge_miscellaneous_pieces_of_clothing_a_small_one_being_gre_ae836e23-c104-4dfb-9f32-7360403aacde-1.webp"},{"@type":"BreadcrumbList","@id":"https:\/\/www.belgae.be\/de\/blog\/gruen-tragen\/#breadcrumb","itemListElement":[{"@type":"ListItem","position":1,"name":"Accueil","item":"https:\/\/www.belgae.be\/de\/"},{"@type":"ListItem","position":2,"name":"Gr\u00fcn Tragen: Kombinationen, Psychologie usw"}]},{"@type":"WebSite","@id":"https:\/\/www.belgae.be\/de\/#website","url":"https:\/\/www.belgae.be\/de\/","name":"Belgae","description":"Belgische Kunst &amp; Mode","publisher":{"@id":"https:\/\/www.belgae.be\/de\/#organization"},"potentialAction":[{"@type":"SearchAction","target":{"@type":"EntryPoint","urlTemplate":"https:\/\/www.belgae.be\/de\/?s={search_term_string}"},"query-input":{"@type":"PropertyValueSpecification","valueRequired":true,"valueName":"search_term_string"}}],"inLanguage":"de"},{"@type":"Organization","@id":"https:\/\/www.belgae.be\/de\/#organization","name":"Belgae","url":"https:\/\/www.belgae.be\/de\/","logo":{"@type":"ImageObject","inLanguage":"de","@id":"https:\/\/www.belgae.be\/de\/#\/schema\/logo\/image\/","url":"https:\/\/www.belgae.be\/de\/wp-content\/uploads\/sites\/2\/2023\/07\/Sans-titre1-Copie.png","contentUrl":"https:\/\/www.belgae.be\/de\/wp-content\/uploads\/sites\/2\/2023\/07\/Sans-titre1-Copie.png","width":88,"height":88,"caption":"Belgae"},"image":{"@id":"https:\/\/www.belgae.be\/de\/#\/schema\/logo\/image\/"}},{"@type":"Person","@id":"https:\/\/www.belgae.be\/de\/#\/schema\/person\/646b40b88212bc5335f9c4fa787df047","name":"Cyril Gendarme","sameAs":["https:\/\/www.belgae.be"],"url":"https:\/\/www.belgae.be\/de\/blog\/author\/cgen\/"}]}},"_links":{"self":[{"href":"https:\/\/www.belgae.be\/de\/wp-json\/wp\/v2\/posts\/2940","targetHints":{"allow":["GET"]}}],"collection":[{"href":"https:\/\/www.belgae.be\/de\/wp-json\/wp\/v2\/posts"}],"about":[{"href":"https:\/\/www.belgae.be\/de\/wp-json\/wp\/v2\/types\/post"}],"author":[{"embeddable":true,"href":"https:\/\/www.belgae.be\/de\/wp-json\/wp\/v2\/users\/1"}],"replies":[{"embeddable":true,"href":"https:\/\/www.belgae.be\/de\/wp-json\/wp\/v2\/comments?post=2940"}],"version-history":[{"count":0,"href":"https:\/\/www.belgae.be\/de\/wp-json\/wp\/v2\/posts\/2940\/revisions"}],"wp:featuredmedia":[{"embeddable":true,"href":"https:\/\/www.belgae.be\/de\/wp-json\/"}],"wp:attachment":[{"href":"https:\/\/www.belgae.be\/de\/wp-json\/wp\/v2\/media?parent=2940"}],"wp:term":[{"taxonomy":"category","embeddable":true,"href":"https:\/\/www.belgae.be\/de\/wp-json\/wp\/v2\/categories?post=2940"},{"taxonomy":"post_tag","embeddable":true,"href":"https:\/\/www.belgae.be\/de\/wp-json\/wp\/v2\/tags?post=2940"}],"curies":[{"name":"wp","href":"https:\/\/api.w.org\/{rel}","templated":true}]}}