{"id":2939,"date":"2023-08-03T13:39:02","date_gmt":"2023-08-03T13:39:02","guid":{"rendered":"https:\/\/www.belgae.be\/de\/blog\/rot-tragen\/"},"modified":"2023-08-04T10:43:38","modified_gmt":"2023-08-04T10:43:38","slug":"rot-tragen","status":"publish","type":"post","link":"https:\/\/www.belgae.be\/de\/blog\/rot-tragen\/","title":{"rendered":"Rot tragen: Kombinationen, Psychologie, usw"},"content":{"rendered":"<p>Entfesseln Sie die Kraft der karmesinroten Ausstrahlung! Tauchen Sie ein in eine Welt, wo Mode auf Psychologie trifft in &#8220;Tragen von Rot: Kombinationen, Psychologie und mehr&#8221;.<\/p>\n<p>Erforschen Sie, wie diese lebendige Farbe Ihr Stilspiel ver\u00e4ndern kann und dabei subtil die Wahrnehmung beeinflusst. Entdecken Sie die Kunst, Rot mit anderen Farben zu kombinieren f\u00fcr eine eindrucksvolle Aussage.<\/p>\n<p>Mode ist mehr als nur Kleidung &#8211; es geht darum sich auszudr\u00fccken, Aufmerksamkeit zu erregen und sich fantastisch zu f\u00fchlen!<\/p>\n<section class=\"contentTable_table\">\n<p class=\"contentTable_title\">Inhalt:<\/p>\n<p class=\"contentTable_elem\"><a href=\"#balise_0\">1. Einf\u00fchrung: Wie tr\u00e4gt man Rot? <\/a><\/p>\n<p class=\"contentTable_elem\"><a href=\"#balise_1\">2. Welche Emotionen werden durch das Tragen von Rot ausgedr\u00fcckt? <\/a><\/p>\n<p class=\"contentTable_elem\"><a href=\"#balise_2\">3. Kombinationen: Welche Farben passen zu roter Kleidung? <\/a><\/p>\n<p class=\"contentTable_elem\"><a href=\"#balise_3\">4. Welcher Hautton passt gut zu einem roten Outfit? <\/a><\/p>\n<p class=\"contentTable_elem\"><a href=\"#balise_4\">5. Die beste Jahreszeit, um Rot zu tragen<\/a><\/p>\n<p class=\"contentTable_elem\"><a href=\"#balise_5\">6. Rote Schuhe tragen: Eine gute Idee? <\/a><\/p>\n<p class=\"contentTable_elem\"><a href=\"#balise_6\">7. Mode-Fauxpas: H\u00e4ufige Fehler, die Sie vermeiden sollten, wenn Sie Rot tragen<\/a><\/p>\n<p class=\"contentTable_elem\"><a href=\"#balise_7\">8. Die Auswirkungen des Tragens von Rot auf unsere Psychologie<\/a><\/p>\n<p class=\"contentTable_elem\"><a href=\"#balise_8\">9. Rot Tragen: Was ist die spirituelle Bedeutung? <\/a><\/p>\n<p class=\"contentTable_elem\"><a href=\"#balise_9\">10. Das Tragen der Farbe Rot in einem Traum: Was bedeutet das? <\/a><\/p>\n<\/section>\n<p><img loading=\"lazy\" decoding=\"async\" class=\"lazyload articleImageSquare_CGEN\" height=\"400\" width=\"400\" src=\"https:\/\/www.belgae.be\/imageHolder\/\/wp-content\/uploads\/sites\/2\/2023\/07\/loading-spinner-belgae.gif\" data-src=\"https:\/\/www.belgae.be\/imageHolder\/\/wp-content\/uploads\/sites\/2\/2023\/08\/tmpw2t5j4p8.jpg\" alt=\"tmpw2t5j4p\"><\/p>\n<h2 id=\"balise_0\">Einf\u00fchrung: Wie tr\u00e4gt man Rot?<\/h2>\n<p>Rot ist eine Farbe, die Aufmerksamkeit erfordert. Sie strahlt Selbstvertrauen, Leidenschaft und Energie aus wie keine andere Nuance. Das Tragen von Rot kann jedoch f\u00fcr einige Menschen einsch\u00fcchternd sein, die unsicher sind, wie sie es effektiv in ihre Garderobe integrieren k\u00f6nnen.<\/p>\n<p>In diesem Blogbeitrag werden wir die verschiedenen Aspekte des Tragens von Rot erkunden &#8211; von den Emotionen, die diese lebendige Farbe ausdr\u00fcckt bis hin zu passenden Kombinationen mit anderen Farben. Machen Sie sich also bereit f\u00fcr ein mutiges Statement mit Ihren Modeauswahl w\u00e4hrend wir in die Welt des Tragens von Rot eintauchen!<\/p>\n<p>Dieses intensive Pigment wartet nur darauf entdeckt zu werden. Lassen Sie Ihre \u00c4ngste los und umarmen Sie den Reiz der roten Kleidung! Mit unseren Tipps wird das Hervorheben Ihrer Pers\u00f6nlichkeit durch Mode zum Kinderspiel.<\/p>\n<p><img loading=\"lazy\" decoding=\"async\" class=\"lazyload articleImageSquare_CGEN\" height=\"400\" width=\"400\" src=\"https:\/\/www.belgae.be\/imageHolder\/\/wp-content\/uploads\/sites\/2\/2023\/07\/loading-spinner-belgae.gif\" data-src=\"https:\/\/www.belgae.be\/imageHolder\/\/wp-content\/uploads\/sites\/2\/2023\/08\/tmp6ea797c4.jpg\" alt=\"tmp6ea797c\"><\/p>\n<h2 id=\"balise_1\">Welche Emotionen werden durch das Tragen von Rot ausgedr\u00fcckt?<\/h2>\n<p>Wenn Rot getragen wird, werden sofort eine Reihe von starken Emotionen ausgel\u00f6st. Diese feurige Farbe symbolisiert Liebe, Verlangen und St\u00e4rke und weckt gleichzeitig Gef\u00fchle von Aufregung und Abenteuerlust. Die leidenschaftliche Natur des Rot macht es zur idealen Wahl f\u00fcr alle, die in jeder Umgebung auffallen oder ihre selbstbewusste Pers\u00f6nlichkeit ausdr\u00fccken wollen.<\/p>\n<p>Rot ist mehr als nur eine Farbe &#8211; es ist ein Statement. Es vermittelt Leidenschaft und Energie, kann aber auch W\u00e4rme und Gem\u00fctlichkeit hervorrufen. Tragen Sie rot mit Selbstvertrauen!<\/p>\n<p>Schlussendlich kann das Tragen dieser kraftvollen Farbe dazu beitragen, den eigenen Stil zu definieren. Sowohl bei formellen Anl\u00e4ssen als auch im Alltag setzt Rot immer ein Zeichen.<\/p>\n<p>Es gibt keinen besseren Weg um sich selbstbewusst zu pr\u00e4sentieren als durch das Aussenden der starken Message die diese kr\u00e4ftige Farbe tr\u00e4gt: Ich bin hier um gesehen zu werden!<\/p>\n<p><img loading=\"lazy\" decoding=\"async\" class=\"lazyload articleImageSquare_CGEN\" height=\"400\" width=\"400\" src=\"https:\/\/www.belgae.be\/imageHolder\/\/wp-content\/uploads\/sites\/2\/2023\/07\/loading-spinner-belgae.gif\" data-src=\"https:\/\/www.belgae.be\/imageHolder\/\/wp-content\/uploads\/sites\/2\/2023\/08\/tmpgb3wkgot.jpg\" alt=\"tmpgb3wkgot\"><\/p>\n<h2 id=\"balise_2\">Kombinationen: Welche Farben passen zu roter Kleidung?<\/h2>\n<p>Obwohl eine Aussage in komplett roter Kleidung an sich beeindruckend sein kann, bringt die Kombination mit komplement\u00e4ren Farben Ihr Outfit auf ein neues Level! Schwarz ist ein ewiger Favorit, da es Eleganz und Raffinesse hinzuf\u00fcgt, wenn es mit roten Kleidungsst\u00fccken kombiniert wird.<\/p>\n<p>F\u00fcr diejenigen, die Kontrast suchen aber nicht zu viel Drama wollen, bietet Wei\u00df einen sauberen Hintergrund gegen den das Rot wirklich strahlt. Wenn Sie mutiger sind, sollten Sie \u00fcberlegen Schattierungen wie Marineblau oder tiefes Lila zu kombinieren.<\/p>\n<p>F\u00fcgen Sie dazu goldene oder silberne Accessoires f\u00fcr zus\u00e4tzlichen Glamour und Tiefe hinzu. Dieser Mix erzeugt eine wunderbare Vielfalt von Stilen und l\u00e4sst das Rot noch lebendiger wirken.<\/p>\n<p><img loading=\"lazy\" decoding=\"async\" class=\"lazyload articleImageSquare_CGEN\" height=\"400\" width=\"400\" src=\"https:\/\/www.belgae.be\/imageHolder\/\/wp-content\/uploads\/sites\/2\/2023\/07\/loading-spinner-belgae.gif\" data-src=\"https:\/\/www.belgae.be\/imageHolder\/\/wp-content\/uploads\/sites\/2\/2023\/08\/tmpxtw3rsm0.jpg\" alt=\"tmpxtw3rsm\"><\/p>\n<h2 id=\"balise_3\">Welcher Hautton passt gut zu einem roten Outfit?<\/h2>\n<p>Das Tragen von Rot bietet f\u00fcr jeden den passenden Farbton! Bei warmen Untert\u00f6nen in der Haut (denken Sie an gelbliche Nuancen), entscheiden Sie sich am besten f\u00fcr kr\u00e4ftige Tomatenrot- oder Korallent\u00f6ne. Diese betonen Ihre nat\u00fcrliche Ausstrahlung auf wunderbare Weise.<\/p>\n<p>Bei k\u00fchleren Untert\u00f6nen (wie zum Beispiel rosa T\u00f6nungen) sind tiefere, juwelenartige Rott\u00f6ne wie Burgund oder Rubin zu empfehlen. Diese Farben bieten einen auff\u00e4lligen Kontrast zu Ihrer Haut und bringen ihre nat\u00fcrliche Leuchtkraft zur Geltung.<\/p>\n<p><img loading=\"lazy\" decoding=\"async\" class=\"lazyload articleImageSquare_CGEN\" height=\"400\" width=\"400\" src=\"https:\/\/www.belgae.be\/imageHolder\/\/wp-content\/uploads\/sites\/2\/2023\/07\/loading-spinner-belgae.gif\" data-src=\"https:\/\/www.belgae.be\/imageHolder\/\/wp-content\/uploads\/sites\/2\/2023\/08\/tmpg3ve33hm.jpg\" alt=\"tmpg3ve33hm\"><\/p>\n<h2 id=\"balise_4\">Die beste Jahreszeit, um Rot zu tragen<\/h2>\n<p>Rot durchdringt die Jahreszeiten m\u00fchelos, doch bestimmte Zeiten des Jahres eignen sich besonders gut f\u00fcr diese lebhafte Farbe. Im Herbst und Winter, wenn sich die Palette der Natur in Richtung warmer T\u00f6ne verschiebt, erg\u00e4nzt rote Kleidung perfekt das wechselnde Laub oder die schneebedeckten Landschaften drau\u00dfen.<\/p>\n<p>Das bedeutet jedoch nicht, dass man im Fr\u00fchling und Sommer vor dem Tragen von Rot zur\u00fcckschrecken sollte! Ein leuchtender Kirschrot kann an sonnigen Tagen oder lauen Abenden Energie in jedes Outfit injizieren. Es f\u00fcgt Ihrem Gesamtlook eine spielerische Note hinzu.<\/p>\n<p><img loading=\"lazy\" decoding=\"async\" class=\"lazyload articleImageSquare_CGEN\" height=\"400\" width=\"400\" src=\"https:\/\/www.belgae.be\/imageHolder\/\/wp-content\/uploads\/sites\/2\/2023\/07\/loading-spinner-belgae.gif\" data-src=\"https:\/\/www.belgae.be\/imageHolder\/\/wp-content\/uploads\/sites\/2\/2023\/08\/tmpjj3werlk.jpg\" alt=\"tmpjj3werlk\"><\/p>\n<h2 id=\"balise_5\">Rote Schuhe tragen: Eine gute Idee?<\/h2>\n<p>Absolut! Rote Schuhe zu tragen ist eine hervorragende M\u00f6glichkeit, ein mutiges Statement abzugeben, ohne Ihr gesamtes Ensemble zu \u00fcberw\u00e4ltigen. Ob es sich um klassische Pumps f\u00fcr formelle Anl\u00e4sse oder trendige Sneakers f\u00fcr l\u00e4ssige Ausfl\u00fcge handelt \u2013 rotes Schuhwerk f\u00fcgt eine unerwartete Wendung hinzu und hebt jedes Outfit m\u00fchelos auf.<\/p>\n<p>Beachten Sie nur, dass beim Tragen von auff\u00e4lligen Schuhen in einer so kraftvollen Farbe das Gleichgewicht wichtig ist. Wenn Sie sich f\u00fcr neutral gef\u00e4rbte Kleidung entscheiden, k\u00f6nnen diese feurigen Treter die Hauptrolle \u00fcbernehmen und dabei den Gesamtlook harmonisch halten.<\/p>\n<p><img loading=\"lazy\" decoding=\"async\" class=\"lazyload articleImageSquare_CGEN\" height=\"400\" width=\"400\" src=\"https:\/\/www.belgae.be\/imageHolder\/\/wp-content\/uploads\/sites\/2\/2023\/07\/loading-spinner-belgae.gif\" data-src=\"https:\/\/www.belgae.be\/imageHolder\/\/wp-content\/uploads\/sites\/2\/2023\/08\/tmp2vxbpnyl.jpg\" alt=\"tmp2vxbpnyl\"><\/p>\n<h2 id=\"balise_6\">Mode-Fauxpas: H\u00e4ufige Fehler, die Sie vermeiden sollten, wenn Sie Rot tragen<\/h2>\n<p>In der Modewelt gibt es keine strengen Regeln, denn pers\u00f6nlicher Stil lebt von Experimenten. Dennoch lassen sich einige h\u00e4ufige Fehler leicht vermeiden, wenn man Rot in seine Outfits einbindet:<\/p>\n<p>Erstens: \u00dcbertreibung. Zu viel von allem kann selbst den stilvollsten Look \u00fcberw\u00e4ltigen. Anstatt komplett in kr\u00e4ftigen Karminrot-Kleidungsst\u00fccken zu erscheinen, versuchen Sie verschiedene T\u00f6ne zu mischen oder setzen Sie gezielte Farbakzente durch Accessoires.<\/p>\n<p>Zweitens: Unpassende Kombinationen. Obwohl das Experimentieren mit Zusammenstellungen ermutigt wird; kollidierende Muster und konkurrierende Farben k\u00f6nnen eher visuelles Chaos als Harmonie hervorrufen.<\/p>\n<p>Drittens: Untersch\u00e4tzung von Untert\u00f6nen. Wie bereits erw\u00e4hnt im Hinblick auf die \u00dcbereinstimmung des Hauttons, kann das Verst\u00e4ndnis f\u00fcr die Untert\u00f6ne in Rot (warm oder k\u00fchl) dabei helfen, erg\u00e4nzende Farben auszuw\u00e4hlen, die Ihren Gesamtlook verbessern.<\/p>\n<p><img loading=\"lazy\" decoding=\"async\" class=\"lazyload articleImageSquare_CGEN\" height=\"400\" width=\"400\" src=\"https:\/\/www.belgae.be\/imageHolder\/\/wp-content\/uploads\/sites\/2\/2023\/07\/loading-spinner-belgae.gif\" data-src=\"https:\/\/www.belgae.be\/imageHolder\/\/wp-content\/uploads\/sites\/2\/2023\/08\/tmp7r_a1702.jpg\" alt=\"tmp7r_a\"><\/p>\n<h2 id=\"balise_7\">Die Auswirkungen des Tragens von Rot auf unsere Psychologie<\/h2>\n<p>Farbe hat zweifellos einen tiefgreifenden Einfluss auf unsere Stimmung und Psychologie. Im Fall von Rot, haben Studien dessen F\u00e4higkeit nachgewiesen, die Herzfrequenz zu erh\u00f6hen und Gef\u00fchle der Aufregung zu stimulieren.<\/p>\n<p>Zudem wird es mit gesteigertem Selbstvertrauen und Durchsetzungsverm\u00f6gen in Verbindung gebracht &#8211; was es zur idealen Wahl f\u00fcr wichtige Treffen oder soziale Veranstaltungen macht, bei denen man einen bleibenden Eindruck hinterlassen m\u00f6chte.<\/p>\n<p>Allerdings sollte beachtet werden: Zu viel Rot k\u00f6nnte Gef\u00fchle von Aggression oder Dominanz hervorrufen. M\u00e4\u00dfigung ist entscheidend beim Nutzen der Kraft dieser lebhaften Farbe!<\/p>\n<p><img loading=\"lazy\" decoding=\"async\" class=\"lazyload articleImageSquare_CGEN\" height=\"400\" width=\"400\" src=\"https:\/\/www.belgae.be\/imageHolder\/\/wp-content\/uploads\/sites\/2\/2023\/07\/loading-spinner-belgae.gif\" data-src=\"https:\/\/www.belgae.be\/imageHolder\/\/wp-content\/uploads\/sites\/2\/2023\/08\/tmpv1_sqyhm.jpg\" alt=\"tmpv1_sqyhm\"><\/p>\n<h2 id=\"balise_8\">Rot Tragen: Was ist die spirituelle Bedeutung?<\/h2>\n<p>In vielen Kulturen weltweit hat Rot eine tiefe spirituelle Bedeutung. Es symbolisiert Energie, Lebenskraft, Mut und sogar Schutz vor negativen Kr\u00e4ften. Ob als Teil der traditionellen Kleidung bei Zeremonien getragen oder in den t\u00e4glichen Outfits als pers\u00f6nlicher Talisman eingebunden \u2013 die spirituelle Bedeutung von Rot zu erkennen kann erm\u00e4chtigend sein.<\/p>\n<p>Denken Sie daran; Spiritualit\u00e4t ist zutiefst pers\u00f6nlich &#8211; tragen Sie das, was mit Ihren eigenen \u00dcberzeugungen resoniert, anstatt sich streng an externe Interpretationen zu halten.<\/p>\n<p>Die Farbe Rot steht f\u00fcr Leidenschaft und Kraft. Ob es nun um Modetrends geht oder um kulturelle Rituale, die Verwendung dieser kr\u00e4ftigen Farbe hat mehrere Dimensionen.<\/p>\n<p>Vergessen wir nicht: Jeder Mensch interpretiert Symbolik auf seine eigene Art und Weise. W\u00e4hlen Sie also ausdrucksstarke rote Elemente basierend auf Ihrer einzigartigen Perspektive.<\/p>\n<p><img loading=\"lazy\" decoding=\"async\" class=\"lazyload articleImageSquare_CGEN\" height=\"400\" width=\"400\" src=\"https:\/\/www.belgae.be\/imageHolder\/\/wp-content\/uploads\/sites\/2\/2023\/07\/loading-spinner-belgae.gif\" data-src=\"https:\/\/www.belgae.be\/imageHolder\/\/wp-content\/uploads\/sites\/2\/2023\/08\/tmpaj4e3qoe.jpg\" alt=\"tmpaj4e3qoe\"><\/p>\n<h2 id=\"balise_9\">Das Tragen der Farbe Rot in einem Traum: Was bedeutet das?<\/h2>\n<p>Tr\u00e4ume sind geheimnisvolle Bereiche, gef\u00fcllt mit Symbolen, einzigartig f\u00fcr jeden Tr\u00e4umer. Das Tragen von roter Kleidung in einem Traum k\u00f6nnte eine neu entflammte Leidenschaft im wachen Leben darstellen! Alternativ k\u00f6nnten Tr\u00e4ume, die diese lebendige Farbe beinhalten, intensive Emotionen symbolisieren, die unter der Oberfl\u00e4che brodeln und auf Ausdruck warten.<\/p>\n<p>Vertrauen Sie beim Interpretieren der Bedeutung von Tr\u00e4umen immer Ihrer Intuition. Nur Sie besitzen den Einblick in ihre wahre Bedeutung innerhalb Ihrer eigenen Lebensreise.<\/p>\n<p>Jetzt ausgestattet mit Wissen dar\u00fcber, wie man selbstbewusst kr\u00e4ftige T\u00f6ne wie Rot in seine Garderobe integriert &#8211; lassen Sie Ihre Hemmungen los und entfesseln Sie Ihre innere Modeg\u00f6ttin! Denken Sie daran: Stil geht nicht nur um das Folgen von Trends; es geht darum sich authentisch und furchtlos auszudr\u00fccken. Also gehen sie voran und malen sie die Stadt rot mit Ihren Modewahlen!<\/p>\n","protected":false},"excerpt":{"rendered":"<p>Entfesseln Sie die Kraft der karmesinroten Ausstrahlung! Tauchen Sie ein in eine Welt, wo Mode auf Psychologie trifft in &#8220;Tragen von Rot: Kombinationen, Psychologie und mehr&#8221;.<\/p>\n","protected":false},"author":1,"featured_media":4994,"comment_status":"open","ping_status":"closed","sticky":false,"template":"","format":"standard","meta":{"_acf_changed":false,"_et_pb_use_builder":"","_et_pb_old_content":"","_et_gb_content_width":"","footnotes":""},"categories":[38],"tags":[],"class_list":["post-2939","post","type-post","status-publish","format-standard","has-post-thumbnail","hentry","category-look-style"],"acf":[],"yoast_head":"<!-- This site is optimized with the Yoast SEO plugin v27.5 - https:\/\/yoast.com\/product\/yoast-seo-wordpress\/ -->\n<title>Rot tragen: Kombinationen, Psychologie, usw | Belgae<\/title>\n<meta name=\"robots\" content=\"index, follow, max-snippet:-1, max-image-preview:large, max-video-preview:-1\" \/>\n<link rel=\"canonical\" href=\"https:\/\/www.belgae.be\/de\/blog\/rot-tragen\/\" \/>\n<meta property=\"og:locale\" content=\"de_DE\" \/>\n<meta property=\"og:type\" content=\"article\" \/>\n<meta property=\"og:title\" content=\"Rot tragen: Kombinationen, Psychologie, usw | Belgae\" \/>\n<meta property=\"og:description\" content=\"Entfesseln Sie die Kraft der karmesinroten Ausstrahlung! Tauchen Sie ein in eine Welt, wo Mode auf Psychologie trifft in &quot;Tragen von Rot: Kombinationen, Psychologie und mehr&quot;.\" \/>\n<meta property=\"og:url\" content=\"https:\/\/www.belgae.be\/de\/blog\/rot-tragen\/\" \/>\n<meta property=\"og:site_name\" content=\"Belgae\" \/>\n<meta property=\"article:published_time\" content=\"2023-08-03T13:39:02+00:00\" \/>\n<meta property=\"article:modified_time\" content=\"2023-08-04T10:43:38+00:00\" \/>\n<meta name=\"author\" content=\"Cyril Gendarme\" \/>\n<meta name=\"twitter:card\" content=\"summary_large_image\" \/>\n<meta name=\"twitter:label1\" content=\"Verfasst von\" \/>\n\t<meta name=\"twitter:data1\" content=\"Cyril Gendarme\" \/>\n\t<meta name=\"twitter:label2\" content=\"Gesch\u00e4tzte Lesezeit\" \/>\n\t<meta name=\"twitter:data2\" content=\"10\u00a0Minuten\" \/>\n<script type=\"application\/ld+json\" class=\"yoast-schema-graph\">{\"@context\":\"https:\\\/\\\/schema.org\",\"@graph\":[{\"@type\":\"Article\",\"@id\":\"https:\\\/\\\/www.belgae.be\\\/de\\\/blog\\\/rot-tragen\\\/#article\",\"isPartOf\":{\"@id\":\"https:\\\/\\\/www.belgae.be\\\/de\\\/blog\\\/rot-tragen\\\/\"},\"author\":{\"name\":\"Cyril Gendarme\",\"@id\":\"https:\\\/\\\/www.belgae.be\\\/de\\\/#\\\/schema\\\/person\\\/646b40b88212bc5335f9c4fa787df047\"},\"headline\":\"Rot tragen: Kombinationen, Psychologie, usw\",\"datePublished\":\"2023-08-03T13:39:02+00:00\",\"dateModified\":\"2023-08-04T10:43:38+00:00\",\"mainEntityOfPage\":{\"@id\":\"https:\\\/\\\/www.belgae.be\\\/de\\\/blog\\\/rot-tragen\\\/\"},\"wordCount\":1437,\"commentCount\":0,\"publisher\":{\"@id\":\"https:\\\/\\\/www.belgae.be\\\/de\\\/#organization\"},\"image\":{\"@id\":\"https:\\\/\\\/www.belgae.be\\\/de\\\/blog\\\/rot-tragen\\\/#primaryimage\"},\"thumbnailUrl\":\"https:\\\/\\\/www.belgae.be\\\/de\\\/wp-content\\\/uploads\\\/sites\\\/2\\\/2023\\\/08\\\/cyril_ge_miscellaneous_pieces_of_clothing_splash_of_red_Franco-_3a97b5fa-0951-497e-869c-0f60012a52e3-1.webp\",\"articleSection\":[\"Look &amp; Style\"],\"inLanguage\":\"de\",\"potentialAction\":[{\"@type\":\"CommentAction\",\"name\":\"Comment\",\"target\":[\"https:\\\/\\\/www.belgae.be\\\/de\\\/blog\\\/rot-tragen\\\/#respond\"]}]},{\"@type\":\"WebPage\",\"@id\":\"https:\\\/\\\/www.belgae.be\\\/de\\\/blog\\\/rot-tragen\\\/\",\"url\":\"https:\\\/\\\/www.belgae.be\\\/de\\\/blog\\\/rot-tragen\\\/\",\"name\":\"Rot tragen: Kombinationen, Psychologie, usw | Belgae\",\"isPartOf\":{\"@id\":\"https:\\\/\\\/www.belgae.be\\\/de\\\/#website\"},\"primaryImageOfPage\":{\"@id\":\"https:\\\/\\\/www.belgae.be\\\/de\\\/blog\\\/rot-tragen\\\/#primaryimage\"},\"image\":{\"@id\":\"https:\\\/\\\/www.belgae.be\\\/de\\\/blog\\\/rot-tragen\\\/#primaryimage\"},\"thumbnailUrl\":\"https:\\\/\\\/www.belgae.be\\\/de\\\/wp-content\\\/uploads\\\/sites\\\/2\\\/2023\\\/08\\\/cyril_ge_miscellaneous_pieces_of_clothing_splash_of_red_Franco-_3a97b5fa-0951-497e-869c-0f60012a52e3-1.webp\",\"datePublished\":\"2023-08-03T13:39:02+00:00\",\"dateModified\":\"2023-08-04T10:43:38+00:00\",\"breadcrumb\":{\"@id\":\"https:\\\/\\\/www.belgae.be\\\/de\\\/blog\\\/rot-tragen\\\/#breadcrumb\"},\"inLanguage\":\"de\",\"potentialAction\":[{\"@type\":\"ReadAction\",\"target\":[\"https:\\\/\\\/www.belgae.be\\\/de\\\/blog\\\/rot-tragen\\\/\"]}]},{\"@type\":\"ImageObject\",\"inLanguage\":\"de\",\"@id\":\"https:\\\/\\\/www.belgae.be\\\/de\\\/blog\\\/rot-tragen\\\/#primaryimage\",\"url\":\"https:\\\/\\\/www.belgae.be\\\/de\\\/wp-content\\\/uploads\\\/sites\\\/2\\\/2023\\\/08\\\/cyril_ge_miscellaneous_pieces_of_clothing_splash_of_red_Franco-_3a97b5fa-0951-497e-869c-0f60012a52e3-1.webp\",\"contentUrl\":\"https:\\\/\\\/www.belgae.be\\\/de\\\/wp-content\\\/uploads\\\/sites\\\/2\\\/2023\\\/08\\\/cyril_ge_miscellaneous_pieces_of_clothing_splash_of_red_Franco-_3a97b5fa-0951-497e-869c-0f60012a52e3-1.webp\"},{\"@type\":\"BreadcrumbList\",\"@id\":\"https:\\\/\\\/www.belgae.be\\\/de\\\/blog\\\/rot-tragen\\\/#breadcrumb\",\"itemListElement\":[{\"@type\":\"ListItem\",\"position\":1,\"name\":\"Accueil\",\"item\":\"https:\\\/\\\/www.belgae.be\\\/de\\\/\"},{\"@type\":\"ListItem\",\"position\":2,\"name\":\"Rot tragen: Kombinationen, Psychologie, usw\"}]},{\"@type\":\"WebSite\",\"@id\":\"https:\\\/\\\/www.belgae.be\\\/de\\\/#website\",\"url\":\"https:\\\/\\\/www.belgae.be\\\/de\\\/\",\"name\":\"Belgae\",\"description\":\"Belgische Kunst &amp; Mode\",\"publisher\":{\"@id\":\"https:\\\/\\\/www.belgae.be\\\/de\\\/#organization\"},\"potentialAction\":[{\"@type\":\"SearchAction\",\"target\":{\"@type\":\"EntryPoint\",\"urlTemplate\":\"https:\\\/\\\/www.belgae.be\\\/de\\\/?s={search_term_string}\"},\"query-input\":{\"@type\":\"PropertyValueSpecification\",\"valueRequired\":true,\"valueName\":\"search_term_string\"}}],\"inLanguage\":\"de\"},{\"@type\":\"Organization\",\"@id\":\"https:\\\/\\\/www.belgae.be\\\/de\\\/#organization\",\"name\":\"Belgae\",\"url\":\"https:\\\/\\\/www.belgae.be\\\/de\\\/\",\"logo\":{\"@type\":\"ImageObject\",\"inLanguage\":\"de\",\"@id\":\"https:\\\/\\\/www.belgae.be\\\/de\\\/#\\\/schema\\\/logo\\\/image\\\/\",\"url\":\"https:\\\/\\\/www.belgae.be\\\/de\\\/wp-content\\\/uploads\\\/sites\\\/2\\\/2023\\\/07\\\/Sans-titre1-Copie.png\",\"contentUrl\":\"https:\\\/\\\/www.belgae.be\\\/de\\\/wp-content\\\/uploads\\\/sites\\\/2\\\/2023\\\/07\\\/Sans-titre1-Copie.png\",\"width\":88,\"height\":88,\"caption\":\"Belgae\"},\"image\":{\"@id\":\"https:\\\/\\\/www.belgae.be\\\/de\\\/#\\\/schema\\\/logo\\\/image\\\/\"}},{\"@type\":\"Person\",\"@id\":\"https:\\\/\\\/www.belgae.be\\\/de\\\/#\\\/schema\\\/person\\\/646b40b88212bc5335f9c4fa787df047\",\"name\":\"Cyril Gendarme\",\"sameAs\":[\"https:\\\/\\\/www.belgae.be\"],\"url\":\"https:\\\/\\\/www.belgae.be\\\/de\\\/blog\\\/author\\\/cgen\\\/\"}]}<\/script>\n<!-- \/ Yoast SEO plugin. -->","yoast_head_json":{"title":"Rot tragen: Kombinationen, Psychologie, usw | Belgae","robots":{"index":"index","follow":"follow","max-snippet":"max-snippet:-1","max-image-preview":"max-image-preview:large","max-video-preview":"max-video-preview:-1"},"canonical":"https:\/\/www.belgae.be\/de\/blog\/rot-tragen\/","og_locale":"de_DE","og_type":"article","og_title":"Rot tragen: Kombinationen, Psychologie, usw | Belgae","og_description":"Entfesseln Sie die Kraft der karmesinroten Ausstrahlung! Tauchen Sie ein in eine Welt, wo Mode auf Psychologie trifft in \"Tragen von Rot: Kombinationen, Psychologie und mehr\".","og_url":"https:\/\/www.belgae.be\/de\/blog\/rot-tragen\/","og_site_name":"Belgae","article_published_time":"2023-08-03T13:39:02+00:00","article_modified_time":"2023-08-04T10:43:38+00:00","author":"Cyril Gendarme","twitter_card":"summary_large_image","twitter_misc":{"Verfasst von":"Cyril Gendarme","Gesch\u00e4tzte Lesezeit":"10\u00a0Minuten"},"schema":{"@context":"https:\/\/schema.org","@graph":[{"@type":"Article","@id":"https:\/\/www.belgae.be\/de\/blog\/rot-tragen\/#article","isPartOf":{"@id":"https:\/\/www.belgae.be\/de\/blog\/rot-tragen\/"},"author":{"name":"Cyril Gendarme","@id":"https:\/\/www.belgae.be\/de\/#\/schema\/person\/646b40b88212bc5335f9c4fa787df047"},"headline":"Rot tragen: Kombinationen, Psychologie, usw","datePublished":"2023-08-03T13:39:02+00:00","dateModified":"2023-08-04T10:43:38+00:00","mainEntityOfPage":{"@id":"https:\/\/www.belgae.be\/de\/blog\/rot-tragen\/"},"wordCount":1437,"commentCount":0,"publisher":{"@id":"https:\/\/www.belgae.be\/de\/#organization"},"image":{"@id":"https:\/\/www.belgae.be\/de\/blog\/rot-tragen\/#primaryimage"},"thumbnailUrl":"https:\/\/www.belgae.be\/de\/wp-content\/uploads\/sites\/2\/2023\/08\/cyril_ge_miscellaneous_pieces_of_clothing_splash_of_red_Franco-_3a97b5fa-0951-497e-869c-0f60012a52e3-1.webp","articleSection":["Look &amp; Style"],"inLanguage":"de","potentialAction":[{"@type":"CommentAction","name":"Comment","target":["https:\/\/www.belgae.be\/de\/blog\/rot-tragen\/#respond"]}]},{"@type":"WebPage","@id":"https:\/\/www.belgae.be\/de\/blog\/rot-tragen\/","url":"https:\/\/www.belgae.be\/de\/blog\/rot-tragen\/","name":"Rot tragen: Kombinationen, Psychologie, usw | Belgae","isPartOf":{"@id":"https:\/\/www.belgae.be\/de\/#website"},"primaryImageOfPage":{"@id":"https:\/\/www.belgae.be\/de\/blog\/rot-tragen\/#primaryimage"},"image":{"@id":"https:\/\/www.belgae.be\/de\/blog\/rot-tragen\/#primaryimage"},"thumbnailUrl":"https:\/\/www.belgae.be\/de\/wp-content\/uploads\/sites\/2\/2023\/08\/cyril_ge_miscellaneous_pieces_of_clothing_splash_of_red_Franco-_3a97b5fa-0951-497e-869c-0f60012a52e3-1.webp","datePublished":"2023-08-03T13:39:02+00:00","dateModified":"2023-08-04T10:43:38+00:00","breadcrumb":{"@id":"https:\/\/www.belgae.be\/de\/blog\/rot-tragen\/#breadcrumb"},"inLanguage":"de","potentialAction":[{"@type":"ReadAction","target":["https:\/\/www.belgae.be\/de\/blog\/rot-tragen\/"]}]},{"@type":"ImageObject","inLanguage":"de","@id":"https:\/\/www.belgae.be\/de\/blog\/rot-tragen\/#primaryimage","url":"https:\/\/www.belgae.be\/de\/wp-content\/uploads\/sites\/2\/2023\/08\/cyril_ge_miscellaneous_pieces_of_clothing_splash_of_red_Franco-_3a97b5fa-0951-497e-869c-0f60012a52e3-1.webp","contentUrl":"https:\/\/www.belgae.be\/de\/wp-content\/uploads\/sites\/2\/2023\/08\/cyril_ge_miscellaneous_pieces_of_clothing_splash_of_red_Franco-_3a97b5fa-0951-497e-869c-0f60012a52e3-1.webp"},{"@type":"BreadcrumbList","@id":"https:\/\/www.belgae.be\/de\/blog\/rot-tragen\/#breadcrumb","itemListElement":[{"@type":"ListItem","position":1,"name":"Accueil","item":"https:\/\/www.belgae.be\/de\/"},{"@type":"ListItem","position":2,"name":"Rot tragen: Kombinationen, Psychologie, usw"}]},{"@type":"WebSite","@id":"https:\/\/www.belgae.be\/de\/#website","url":"https:\/\/www.belgae.be\/de\/","name":"Belgae","description":"Belgische Kunst &amp; Mode","publisher":{"@id":"https:\/\/www.belgae.be\/de\/#organization"},"potentialAction":[{"@type":"SearchAction","target":{"@type":"EntryPoint","urlTemplate":"https:\/\/www.belgae.be\/de\/?s={search_term_string}"},"query-input":{"@type":"PropertyValueSpecification","valueRequired":true,"valueName":"search_term_string"}}],"inLanguage":"de"},{"@type":"Organization","@id":"https:\/\/www.belgae.be\/de\/#organization","name":"Belgae","url":"https:\/\/www.belgae.be\/de\/","logo":{"@type":"ImageObject","inLanguage":"de","@id":"https:\/\/www.belgae.be\/de\/#\/schema\/logo\/image\/","url":"https:\/\/www.belgae.be\/de\/wp-content\/uploads\/sites\/2\/2023\/07\/Sans-titre1-Copie.png","contentUrl":"https:\/\/www.belgae.be\/de\/wp-content\/uploads\/sites\/2\/2023\/07\/Sans-titre1-Copie.png","width":88,"height":88,"caption":"Belgae"},"image":{"@id":"https:\/\/www.belgae.be\/de\/#\/schema\/logo\/image\/"}},{"@type":"Person","@id":"https:\/\/www.belgae.be\/de\/#\/schema\/person\/646b40b88212bc5335f9c4fa787df047","name":"Cyril Gendarme","sameAs":["https:\/\/www.belgae.be"],"url":"https:\/\/www.belgae.be\/de\/blog\/author\/cgen\/"}]}},"_links":{"self":[{"href":"https:\/\/www.belgae.be\/de\/wp-json\/wp\/v2\/posts\/2939","targetHints":{"allow":["GET"]}}],"collection":[{"href":"https:\/\/www.belgae.be\/de\/wp-json\/wp\/v2\/posts"}],"about":[{"href":"https:\/\/www.belgae.be\/de\/wp-json\/wp\/v2\/types\/post"}],"author":[{"embeddable":true,"href":"https:\/\/www.belgae.be\/de\/wp-json\/wp\/v2\/users\/1"}],"replies":[{"embeddable":true,"href":"https:\/\/www.belgae.be\/de\/wp-json\/wp\/v2\/comments?post=2939"}],"version-history":[{"count":0,"href":"https:\/\/www.belgae.be\/de\/wp-json\/wp\/v2\/posts\/2939\/revisions"}],"wp:featuredmedia":[{"embeddable":true,"href":"https:\/\/www.belgae.be\/de\/wp-json\/"}],"wp:attachment":[{"href":"https:\/\/www.belgae.be\/de\/wp-json\/wp\/v2\/media?parent=2939"}],"wp:term":[{"taxonomy":"category","embeddable":true,"href":"https:\/\/www.belgae.be\/de\/wp-json\/wp\/v2\/categories?post=2939"},{"taxonomy":"post_tag","embeddable":true,"href":"https:\/\/www.belgae.be\/de\/wp-json\/wp\/v2\/tags?post=2939"}],"curies":[{"name":"wp","href":"https:\/\/api.w.org\/{rel}","templated":true}]}}