{"id":2938,"date":"2023-08-03T13:38:48","date_gmt":"2023-08-03T13:38:48","guid":{"rendered":"https:\/\/www.belgae.be\/de\/blog\/traegt-blau\/"},"modified":"2023-08-04T10:43:46","modified_gmt":"2023-08-04T10:43:46","slug":"traegt-blau","status":"publish","type":"post","link":"https:\/\/www.belgae.be\/de\/blog\/traegt-blau\/","title":{"rendered":"Blau tragen: Kombinationen, Psychologie, usw"},"content":{"rendered":"<p>Entfesseln Sie die Kraft des Blauen! Tauchen Sie ein in ein Meer aus Saphir, Kobalt und Azur. Dieser Artikel wird Ihnen zeigen, wie Sie jeden Farbton in Ihrer Garderobe meistern k\u00f6nnen.<\/p>\n<p>Erforschen Sie die Psychologie hinter dieser k\u00fchlen Farbe und entdecken Sie, warum sie weltweit geliebt wird.<\/p>\n<p>Machen Sie sich bereit f\u00fcr einige ernsthafte Stilinspirationen, w\u00e4hrend wir uns in fabelhafte Kombinationen vertiefen, die alles andere als blau machen werden!<\/p>\n<section class=\"contentTable_table\">\n<p class=\"contentTable_title\">Inhalt:<\/p>\n<p class=\"contentTable_elem\"><a href=\"#balise_0\">1. Einf\u00fchrung: Wie tr\u00e4gt man die Farbe Blau? <\/a><\/p>\n<p class=\"contentTable_elem\"><a href=\"#balise_1\">2. Welche Emotionen werden durch das Tragen der Farbe Blau ausgedr\u00fcckt? <\/a><\/p>\n<p class=\"contentTable_elem\"><a href=\"#balise_2\">3. Kombinationen: Welche Farben passen zu blauer Kleidung? <\/a><\/p>\n<p class=\"contentTable_elem\"><a href=\"#balise_3\">4. Welcher Hautton passt gut zu einem blauen Outfit? <\/a><\/p>\n<p class=\"contentTable_elem\"><a href=\"#balise_4\">5. Die beste Jahreszeit, um die Farbe Blau zu tragen<\/a><\/p>\n<p class=\"contentTable_elem\"><a href=\"#balise_5\">6. Blaue Schuhe tragen: Eine gute Idee? <\/a><\/p>\n<p class=\"contentTable_elem\"><a href=\"#balise_6\">7. Mode-Fauxpas: H\u00e4ufige Fehler, die Sie vermeiden sollten, wenn Sie Blau tragen<\/a><\/p>\n<p class=\"contentTable_elem\"><a href=\"#balise_7\">8. Die Auswirkungen des Tragens von Blau auf unsere Psychologie<\/a><\/p>\n<p class=\"contentTable_elem\"><a href=\"#balise_8\">9. Blaue Farbe tragen: Was ist die spirituelle Bedeutung? <\/a><\/p>\n<p class=\"contentTable_elem\"><a href=\"#balise_9\">10. Blaue Farbe tragen: Was bedeutet es, wenn ich sie in einem Traum getragen habe? <\/a><\/p>\n<\/section>\n<p><img loading=\"lazy\" decoding=\"async\" class=\"lazyload articleImageSquare_CGEN\" height=\"400\" width=\"400\" src=\"https:\/\/www.belgae.be\/imageHolder\/\/wp-content\/uploads\/sites\/2\/2023\/07\/loading-spinner-belgae.gif\" data-src=\"https:\/\/www.belgae.be\/imageHolder\/\/wp-content\/uploads\/sites\/2\/2023\/08\/tmp6xqdq6l3.jpg\" alt=\"tmp6xqdq6l\"><\/p>\n<h2 id=\"balise_0\">Einf\u00fchrung: Wie tr\u00e4gt man die Farbe Blau?<\/h2>\n<p>Blau, die Farbe der Ruhe und Gelassenheit, ist zu einem Grundnahrungsmittel in der Mode geworden. Ob man ein leuchtendes azurblaues Kleid tr\u00e4gt oder sich f\u00fcr Jeans entscheidet, blau ist vielseitig und kann auf unz\u00e4hlige Weise gestylt werden.<\/p>\n<p>In diesem Blogbeitrag werden wir die Welt des Tragens von Blau erkunden &#8211; vom Verst\u00e4ndnis seiner emotionalen Wirkung bis hin zur Suche nach den perfekten Kombinationen, die Ihr Outfit zum Leuchten bringen.<\/p>\n<p>Mit seinen beruhigenden Eigenschaften hat Blau einen festen Platz in unserer Garderobe gefunden. Es spiegelt eine tiefe Verbundenheit mit Natur und Friedlichkeit wider.<\/p>\n<p>Egal ob Sie es mutig mit einem azurblauen Kleid angehen oder das subtile Charme einer Jeans bevorzugen: Die M\u00f6glichkeiten sind endlos. Bleiben Sie dran f\u00fcr mehr Einblicke in diese faszinierende Farbwelt!<\/p>\n<p><img loading=\"lazy\" decoding=\"async\" class=\"lazyload articleImageSquare_CGEN\" height=\"400\" width=\"400\" src=\"https:\/\/www.belgae.be\/imageHolder\/\/wp-content\/uploads\/sites\/2\/2023\/07\/loading-spinner-belgae.gif\" data-src=\"https:\/\/www.belgae.be\/imageHolder\/\/wp-content\/uploads\/sites\/2\/2023\/08\/tmpqkocd_z4.jpg\" alt=\"tmpqkocd_z\"><\/p>\n<h2 id=\"balise_1\">Welche Emotionen werden durch das Tragen der Farbe Blau ausgedr\u00fcckt?<\/h2>\n<p>Das Tragen von Blau vermittelt ein Gef\u00fchl von Ruhe und Stabilit\u00e4t. Es symbolisiert Vertrauensw\u00fcrdigkeit und Zuverl\u00e4ssigkeit, w\u00e4hrend es gleichzeitig Gef\u00fchle von Frieden und Harmonie f\u00f6rdert. Das Anziehen von Farbt\u00f6nen wie Marineblau strahlt Autorit\u00e4t und Selbstbewusstsein aus, was es zu einer hervorragenden Wahl f\u00fcr professionelle Umgebungen macht.<\/p>\n<p>In der Modeindustrie steht Blau oft f\u00fcr Eleganz und Raffinesse. Die Farbe hat die F\u00e4higkeit, eine Atmosph\u00e4re der Seriosit\u00e4t zu schaffen, die in Gesch\u00e4ftskreisen sehr gesch\u00e4tzt wird. Dar\u00fcber hinaus kann sie das allgemeine Wohlbefinden steigern.<\/p>\n<p>Marineblau ist besonders beliebt bei Menschen in F\u00fchrungspositionen. Es repr\u00e4sentiert nicht nur Professionalit\u00e4t, sondern auch Kontrolle \u00fcber Situationen. Daher wird diese Farbe h\u00e4ufig in formellen Kleidungsst\u00fccken verwendet.<\/p>\n<p>Zum Schluss l\u00e4sst sich sagen: Bei blauer Kleidung geht es um mehr als nur Mode &#8211; sie bietet vielf\u00e4ltige M\u00f6glichkeiten zur Pers\u00f6nlichkeitsentfaltung.<\/p>\n<p><img loading=\"lazy\" decoding=\"async\" class=\"lazyload articleImageSquare_CGEN\" height=\"400\" width=\"400\" src=\"https:\/\/www.belgae.be\/imageHolder\/\/wp-content\/uploads\/sites\/2\/2023\/07\/loading-spinner-belgae.gif\" data-src=\"https:\/\/www.belgae.be\/imageHolder\/\/wp-content\/uploads\/sites\/2\/2023\/08\/tmpjl0vuhl0.jpg\" alt=\"tmpjl0vuhl\"><\/p>\n<h2 id=\"balise_2\">Kombinationen: Welche Farben passen zu blauer Kleidung?<\/h2>\n<p>Die Kombination von Farben mit Blau bietet unendliche M\u00f6glichkeiten! F\u00fcr einen klassischen Look, versuchen Sie Wei\u00df mit verschiedenen Blaut\u00f6nen zu kombinieren; es entsteht ein eleganter Kontrast.<\/p>\n<p>Wer etwas mutiger sein m\u00f6chte, kann k\u00f6nigliches oder Kobaltblau mit leuchtenden Gelb- oder Oranget\u00f6nen f\u00fcr ein auff\u00e4lliges Ensemble zusammenstellen.<\/p>\n<p>F\u00fcr diejenigen, die Subtilit\u00e4t suchen, erg\u00e4nzen sanfte Pastellt\u00f6ne wie zartes Rosa oder Minzgr\u00fcn hellere Nuancen wie Babyblau wundersch\u00f6n. Alternativ k\u00f6nnen Sie auch verschiedene T\u00f6ne innerhalb derselben Farbfamilie mischen &#8211; denken Sie an hellblaue Oberteile gepaart mit tiefem Indigo f\u00fcr Unterteile!<\/p>\n<p><img loading=\"lazy\" decoding=\"async\" class=\"lazyload articleImageSquare_CGEN\" height=\"400\" width=\"400\" src=\"https:\/\/www.belgae.be\/imageHolder\/\/wp-content\/uploads\/sites\/2\/2023\/07\/loading-spinner-belgae.gif\" data-src=\"https:\/\/www.belgae.be\/imageHolder\/\/wp-content\/uploads\/sites\/2\/2023\/08\/tmpi39byyul.jpg\" alt=\"tmpi39byyul\"><\/p>\n<h2 id=\"balise_3\">Welcher Hautton passt gut zu einem blauen Outfit?<\/h2>\n<p>Ein bemerkenswerter Aspekt beim Tragen von Blau ist, dass es zu allen Hautt\u00f6nen passt! Hellere Teints strahlen in eisblauen oder hellen Aqua-T\u00f6nen, w\u00e4hrend tiefere Hautt\u00f6ne in satten Saphirfarben leuchten.<\/p>\n<p>Bei warmen Untert\u00f6nen (denken Sie an goldenes Beige) sollten Sie w\u00e4rmere Blaut\u00f6ne wie T\u00fcrkis oder Petrol w\u00e4hlen, um Ihren nat\u00fcrlichen Glanz zu verst\u00e4rken. Bei k\u00fchler get\u00f6nten Personen (rosige Rosa-T\u00f6nungen), greifen Sie zu knackigen Fliedertonen oder eisblauen Farbt\u00f6nungen f\u00fcr einen auffallenden Kontrast.<\/p>\n<p>Das Tragen von Blau kann einen wesentlichen Unterschied machen und Ihre nat\u00fcrliche Sch\u00f6nheit hervorheben. Es geht darum, die richtigen Tonalit\u00e4ten auszuw\u00e4hlen und sie mit Ihrem individuellen Stil zu kombinieren.<\/p>\n<p>Die Wahl der passenden Farbe kann Ihr Aussehen verbessern und Ihnen ein frisches Gef\u00fchl verleihen. Probieren Sie verschiedene Nuancen aus und entdecken Sie den perfekten Ton f\u00fcr sich!<\/p>\n<p><img loading=\"lazy\" decoding=\"async\" class=\"lazyload articleImageSquare_CGEN\" height=\"400\" width=\"400\" src=\"https:\/\/www.belgae.be\/imageHolder\/\/wp-content\/uploads\/sites\/2\/2023\/07\/loading-spinner-belgae.gif\" data-src=\"https:\/\/www.belgae.be\/imageHolder\/\/wp-content\/uploads\/sites\/2\/2023\/08\/tmpu3ld5ygd.jpg\" alt=\"tmpu3ld5ygd\"><\/p>\n<h2 id=\"balise_4\">Die beste Jahreszeit, um die Farbe Blau zu tragen<\/h2>\n<p>Blau kennt keine Grenzen, wenn es um Jahreszeiten geht! Im Sommer fangen leichte und luftige blaue Kleider die Essenz von klarem Himmel und sonnigen Tagen ein. Mit dem \u00dcbergang in den Herbst bringen tiefere Nuancen wie Marine oder Kobalt W\u00e4rme ohne Stileinbu\u00dfen.<\/p>\n<p>Winter begr\u00fc\u00dft gem\u00fctliche Pullover in Mitternachtsblaut\u00f6nen, w\u00e4hrend der Fr\u00fchling Pastellt\u00f6ne hervorbringt, die an bl\u00fchende Blumen erinnern. Jede Saison hat ihren eigenen Farbton von Blau &#8211; eine unendliche Vielfalt an M\u00f6glichkeiten.<\/p>\n<p>Mit einer solchen Auswahl kann man nie einen Fehltritt machen. Es ist immer das perfekte Blau f\u00fcr jeden Anlass verf\u00fcgbar. Bleiben Sie stilvoll mit dieser zeitlosen Farbe durch alle vier Jahreszeiten hindurch.<\/p>\n<p><img loading=\"lazy\" decoding=\"async\" class=\"lazyload articleImageSquare_CGEN\" height=\"400\" width=\"400\" src=\"https:\/\/www.belgae.be\/imageHolder\/\/wp-content\/uploads\/sites\/2\/2023\/07\/loading-spinner-belgae.gif\" data-src=\"https:\/\/www.belgae.be\/imageHolder\/\/wp-content\/uploads\/sites\/2\/2023\/08\/tmpsf02wu6e.jpg\" alt=\"tmpsf02wu6e\"><\/p>\n<h2 id=\"balise_5\">Blaue Schuhe tragen: Eine gute Idee?<\/h2>\n<p>Nat\u00fcrlich! Eine Farbtupfer mit blauen Schuhen kann jedes Outfit von gew\u00f6hnlich zu au\u00dfergew\u00f6hnlich aufwerten. Ob Sie nun durch die Stadt schlendern oder an lockeren Treffen teilnehmen, blaue Schuhe verleihen ein Element der Verspieltheit und Einzigartigkeit, das schwer zu ignorieren ist.<\/p>\n<p>Vergewissern Sie sich nur, dass Ihr Schuhfarbton Ihr Gesamtbild erg\u00e4nzt. Es spielt keine Rolle ob es eine l\u00e4ssige Veranstaltung oder ein formelles Meeting ist &#8211; blaue Schuhe k\u00f6nnen wirklich einen Unterschied machen.<\/p>\n<p>Sie sind nicht nur eine stilvolle Erg\u00e4nzung zu Ihrem Kleiderschrank, sondern auch ein Ausdruck Ihrer Pers\u00f6nlichkeit und Ihres individuellen Stils. W\u00e4hlen Sie also weise und lassen Sie Ihre blauen Schuhe f\u00fcr sich sprechen!<\/p>\n<p>Es gibt keinen besseren Weg um Aufmerksamkeit auf sich selbst zu ziehen als mit einem Paar auff\u00e4lliger blauer Schuhe. Probieren sie es aus!<\/p>\n<p><img loading=\"lazy\" decoding=\"async\" class=\"lazyload articleImageSquare_CGEN\" height=\"400\" width=\"400\" src=\"https:\/\/www.belgae.be\/imageHolder\/\/wp-content\/uploads\/sites\/2\/2023\/07\/loading-spinner-belgae.gif\" data-src=\"https:\/\/www.belgae.be\/imageHolder\/\/wp-content\/uploads\/sites\/2\/2023\/08\/tmpg3g74fx6.jpg\" alt=\"tmpg3g74fx\"><\/p>\n<h2 id=\"balise_6\">Mode-Fauxpas: H\u00e4ufige Fehler, die Sie vermeiden sollten, wenn Sie Blau tragen<\/h2>\n<p>Es gibt unz\u00e4hlige M\u00f6glichkeiten, Blau zu tragen, aber es ist wichtig, es nicht zu \u00fcbertreiben. Ein h\u00e4ufiger Fehler besteht darin, allzu viele verschiedene T\u00f6ne gleichzeitig zu kombinieren \u2013 weniger ist oft mehr!<\/p>\n<p>Seien Sie vorsichtig bei der Kombination von Mustern; lebhafte Drucke mit intensiven Blaut\u00f6nen k\u00f6nnen eher visuelles Chaos als Harmonie erzeugen.<\/p>\n<p>Ein weiterer modischer Fehltritt beinhaltet die Vernachl\u00e4ssigung einer korrekten Passform \u2013 stellen Sie sicher, dass Ihre Kleidung Ihre K\u00f6rperform schmeichelt, unabh\u00e4ngig von der gew\u00e4hlten Farbe!<\/p>\n<p><img loading=\"lazy\" decoding=\"async\" class=\"lazyload articleImageSquare_CGEN\" height=\"400\" width=\"400\" src=\"https:\/\/www.belgae.be\/imageHolder\/\/wp-content\/uploads\/sites\/2\/2023\/07\/loading-spinner-belgae.gif\" data-src=\"https:\/\/www.belgae.be\/imageHolder\/\/wp-content\/uploads\/sites\/2\/2023\/08\/tmp3az0hm_b.jpg\" alt=\"tmp3az0hm_b\"><\/p>\n<h2 id=\"balise_7\">Die Auswirkungen des Tragens von Blau auf unsere Psychologie<\/h2>\n<p>Aus psychologischer Sicht hat das Tragen von Blau beruhigende Wirkungen auf unseren Geist und K\u00f6rper. Es f\u00f6rdert die Entspannung und reduziert Stress, indem es den Herzschlag verlangsamt und den Blutdruck senkt.<\/p>\n<p>Dar\u00fcber hinaus legen Studien nahe, dass Menschen in blauer Kleidung als vertrauensw\u00fcrdige Individuen wahrgenommen werden. Sie strahlen Selbstvertrauen aus &#8211; eine ausgezeichnete Wahl f\u00fcr wichtige Treffen oder Vorstellungsgespr\u00e4che, bei denen der erste Eindruck entscheidend ist.<\/p>\n<p>Zusammenfassend l\u00e4sst sich sagen: Blau wirkt beruhigend auf uns alle. Es hilft uns zu entspannen und unser Stressniveau zu senken. Gleichzeitig erzeugt es einen positiven ersten Eindruck bei anderen Menschen durch seine Assoziation mit Vertrauensw\u00fcrdigkeit und Selbstvertrauen.<\/p>\n<p><img loading=\"lazy\" decoding=\"async\" class=\"lazyload articleImageSquare_CGEN\" height=\"400\" width=\"400\" src=\"https:\/\/www.belgae.be\/imageHolder\/\/wp-content\/uploads\/sites\/2\/2023\/07\/loading-spinner-belgae.gif\" data-src=\"https:\/\/www.belgae.be\/imageHolder\/\/wp-content\/uploads\/sites\/2\/2023\/08\/tmpn5qhh8dg.jpg\" alt=\"tmpn5qhh8dg\"><\/p>\n<h2 id=\"balise_8\">Blaue Farbe tragen: Was ist die spirituelle Bedeutung?<\/h2>\n<p>Im spirituellen Kontext steht das Tragen von Blau h\u00e4ufig f\u00fcr Selbstausdruck und Kommunikation. Es symbolisiert das Hals-Chakra, welches unsere F\u00e4higkeit zur authentischen Selbst\u00e4u\u00dferung und Wahrheitsfindung steuert. Das Anziehen von Blau kann helfen, dieses Energiezentrum auszurichten, was klare Kommunikation f\u00f6rdert und eine tiefere Verbindung mit dem eigenen Ich beg\u00fcnstigt.<\/p>\n<p>Oft wird in der Spiritualit\u00e4t die Farbe Blau als Mittel zur Verbesserung der Kommunikationsf\u00e4higkeiten angesehen. Sie repr\u00e4sentiert das Hals-Chakra &#8211; den Bereich, der unser Verm\u00f6gen zu wahrhaftiger Selbstdarstellung regelt.<\/p>\n<p>Blau zu tragen kann dabei helfen, diese spezielle Energiequelle ins Gleichgewicht zu bringen. Dies wiederum unterst\u00fctzt eindeutige Ausdrucksweise und erm\u00f6glicht eine intensivere Auseinandersetzung mit dem eigenen Sein.<\/p>\n<p>Das Nutzen blauer Kleidungsst\u00fccke dient also nicht nur \u00e4sthetischen Zwecken: Es erf\u00fcllt auch einen tieferen spirituellen Sinn durch F\u00f6rderung des inneren Dialogs sowie einer ehrlichen Kommunikation nach au\u00dfen hin.<\/p>\n<p><img loading=\"lazy\" decoding=\"async\" class=\"lazyload articleImageSquare_CGEN\" height=\"400\" width=\"400\" src=\"https:\/\/www.belgae.be\/imageHolder\/\/wp-content\/uploads\/sites\/2\/2023\/07\/loading-spinner-belgae.gif\" data-src=\"https:\/\/www.belgae.be\/imageHolder\/\/wp-content\/uploads\/sites\/2\/2023\/08\/tmp42ncoo7g.jpg\" alt=\"tmp42ncoo7g\"><\/p>\n<h2 id=\"balise_9\">Blaue Farbe tragen: Was bedeutet es, wenn ich sie in einem Traum getragen habe?<\/h2>\n<p>Tr\u00e4ume sind geheimnisvolle Bereiche, in denen Symbolik eine bedeutende Rolle spielt. Wenn man sich im Traum in Blau kleidet, kann dies darauf hindeuten, dass man Ruhe oder emotionale Stabilit\u00e4t im wachen Leben sucht. Alternativ k\u00f6nnte es Vertrauensw\u00fcrdigkeit oder Loyalit\u00e4t von den Menschen um einen herum symbolisieren.<\/p>\n<p>Bedenken Sie, dass Tr\u00e4ume subjektive Erlebnisse sind; pers\u00f6nliche Interpretationen haben mehr Gewicht als allgemeine Bedeutungen bei der Entschl\u00fcsselung ihrer Bedeutung!<\/p>\n<p>Abschlie\u00dfend l\u00e4sst uns das Tragen von Blau in seine beruhigende Aura eintauchen und Individualit\u00e4t durch modische Entscheidungen ausdr\u00fccken. Ob aus symbolischen Gr\u00fcnden oder rein \u00e4sthetischen Vorlieben &#8211; das Einbeziehen von Blaut\u00f6nen in die Garderobe er\u00f6ffnet unendliche M\u00f6glichkeiten zur Stilforschung!<\/p>\n","protected":false},"excerpt":{"rendered":"<p>Entfesseln Sie die Kraft des Blauen! Tauchen Sie ein in ein Meer aus Saphir, Kobalt und Azur. Dieser Artikel wird Ihnen zeigen, wie Sie jeden Farbton in Ihrer Garderobe meistern k\u00f6nnen.<\/p>\n","protected":false},"author":1,"featured_media":4993,"comment_status":"open","ping_status":"closed","sticky":false,"template":"","format":"standard","meta":{"_acf_changed":false,"_et_pb_use_builder":"","_et_pb_old_content":"","_et_gb_content_width":"","footnotes":""},"categories":[38],"tags":[],"class_list":["post-2938","post","type-post","status-publish","format-standard","has-post-thumbnail","hentry","category-look-style"],"acf":[],"yoast_head":"<!-- This site is optimized with the Yoast SEO plugin v27.5 - https:\/\/yoast.com\/product\/yoast-seo-wordpress\/ -->\n<title>Blau tragen: Kombinationen, Psychologie, usw | Belgae<\/title>\n<meta name=\"robots\" content=\"index, follow, max-snippet:-1, max-image-preview:large, max-video-preview:-1\" \/>\n<link rel=\"canonical\" href=\"https:\/\/www.belgae.be\/de\/blog\/traegt-blau\/\" \/>\n<meta property=\"og:locale\" content=\"de_DE\" \/>\n<meta property=\"og:type\" content=\"article\" \/>\n<meta property=\"og:title\" content=\"Blau tragen: Kombinationen, Psychologie, usw | Belgae\" \/>\n<meta property=\"og:description\" content=\"Entfesseln Sie die Kraft des Blauen! Tauchen Sie ein in ein Meer aus Saphir, Kobalt und Azur. Dieser Artikel wird Ihnen zeigen, wie Sie jeden Farbton in Ihrer Garderobe meistern k\u00f6nnen.\" \/>\n<meta property=\"og:url\" content=\"https:\/\/www.belgae.be\/de\/blog\/traegt-blau\/\" \/>\n<meta property=\"og:site_name\" content=\"Belgae\" \/>\n<meta property=\"article:published_time\" content=\"2023-08-03T13:38:48+00:00\" \/>\n<meta property=\"article:modified_time\" content=\"2023-08-04T10:43:46+00:00\" \/>\n<meta name=\"author\" content=\"Cyril Gendarme\" \/>\n<meta name=\"twitter:card\" content=\"summary_large_image\" \/>\n<meta name=\"twitter:label1\" content=\"Verfasst von\" \/>\n\t<meta name=\"twitter:data1\" content=\"Cyril Gendarme\" \/>\n\t<meta name=\"twitter:label2\" content=\"Gesch\u00e4tzte Lesezeit\" \/>\n\t<meta name=\"twitter:data2\" content=\"10\u00a0Minuten\" \/>\n<script type=\"application\/ld+json\" class=\"yoast-schema-graph\">{\"@context\":\"https:\\\/\\\/schema.org\",\"@graph\":[{\"@type\":\"Article\",\"@id\":\"https:\\\/\\\/www.belgae.be\\\/de\\\/blog\\\/traegt-blau\\\/#article\",\"isPartOf\":{\"@id\":\"https:\\\/\\\/www.belgae.be\\\/de\\\/blog\\\/traegt-blau\\\/\"},\"author\":{\"name\":\"Cyril Gendarme\",\"@id\":\"https:\\\/\\\/www.belgae.be\\\/de\\\/#\\\/schema\\\/person\\\/646b40b88212bc5335f9c4fa787df047\"},\"headline\":\"Blau tragen: Kombinationen, Psychologie, usw\",\"datePublished\":\"2023-08-03T13:38:48+00:00\",\"dateModified\":\"2023-08-04T10:43:46+00:00\",\"mainEntityOfPage\":{\"@id\":\"https:\\\/\\\/www.belgae.be\\\/de\\\/blog\\\/traegt-blau\\\/\"},\"wordCount\":1524,\"commentCount\":0,\"publisher\":{\"@id\":\"https:\\\/\\\/www.belgae.be\\\/de\\\/#organization\"},\"image\":{\"@id\":\"https:\\\/\\\/www.belgae.be\\\/de\\\/blog\\\/traegt-blau\\\/#primaryimage\"},\"thumbnailUrl\":\"https:\\\/\\\/www.belgae.be\\\/de\\\/wp-content\\\/uploads\\\/sites\\\/2\\\/2023\\\/08\\\/cyril_ge_miscellaneous_pieces_of_clothing_black_and_white_Franc_854a51eb-509a-4eff-a455-b50dc5c19f81-3.webp\",\"articleSection\":[\"Look &amp; Style\"],\"inLanguage\":\"de\",\"potentialAction\":[{\"@type\":\"CommentAction\",\"name\":\"Comment\",\"target\":[\"https:\\\/\\\/www.belgae.be\\\/de\\\/blog\\\/traegt-blau\\\/#respond\"]}]},{\"@type\":\"WebPage\",\"@id\":\"https:\\\/\\\/www.belgae.be\\\/de\\\/blog\\\/traegt-blau\\\/\",\"url\":\"https:\\\/\\\/www.belgae.be\\\/de\\\/blog\\\/traegt-blau\\\/\",\"name\":\"Blau tragen: Kombinationen, Psychologie, usw | Belgae\",\"isPartOf\":{\"@id\":\"https:\\\/\\\/www.belgae.be\\\/de\\\/#website\"},\"primaryImageOfPage\":{\"@id\":\"https:\\\/\\\/www.belgae.be\\\/de\\\/blog\\\/traegt-blau\\\/#primaryimage\"},\"image\":{\"@id\":\"https:\\\/\\\/www.belgae.be\\\/de\\\/blog\\\/traegt-blau\\\/#primaryimage\"},\"thumbnailUrl\":\"https:\\\/\\\/www.belgae.be\\\/de\\\/wp-content\\\/uploads\\\/sites\\\/2\\\/2023\\\/08\\\/cyril_ge_miscellaneous_pieces_of_clothing_black_and_white_Franc_854a51eb-509a-4eff-a455-b50dc5c19f81-3.webp\",\"datePublished\":\"2023-08-03T13:38:48+00:00\",\"dateModified\":\"2023-08-04T10:43:46+00:00\",\"breadcrumb\":{\"@id\":\"https:\\\/\\\/www.belgae.be\\\/de\\\/blog\\\/traegt-blau\\\/#breadcrumb\"},\"inLanguage\":\"de\",\"potentialAction\":[{\"@type\":\"ReadAction\",\"target\":[\"https:\\\/\\\/www.belgae.be\\\/de\\\/blog\\\/traegt-blau\\\/\"]}]},{\"@type\":\"ImageObject\",\"inLanguage\":\"de\",\"@id\":\"https:\\\/\\\/www.belgae.be\\\/de\\\/blog\\\/traegt-blau\\\/#primaryimage\",\"url\":\"https:\\\/\\\/www.belgae.be\\\/de\\\/wp-content\\\/uploads\\\/sites\\\/2\\\/2023\\\/08\\\/cyril_ge_miscellaneous_pieces_of_clothing_black_and_white_Franc_854a51eb-509a-4eff-a455-b50dc5c19f81-3.webp\",\"contentUrl\":\"https:\\\/\\\/www.belgae.be\\\/de\\\/wp-content\\\/uploads\\\/sites\\\/2\\\/2023\\\/08\\\/cyril_ge_miscellaneous_pieces_of_clothing_black_and_white_Franc_854a51eb-509a-4eff-a455-b50dc5c19f81-3.webp\"},{\"@type\":\"BreadcrumbList\",\"@id\":\"https:\\\/\\\/www.belgae.be\\\/de\\\/blog\\\/traegt-blau\\\/#breadcrumb\",\"itemListElement\":[{\"@type\":\"ListItem\",\"position\":1,\"name\":\"Accueil\",\"item\":\"https:\\\/\\\/www.belgae.be\\\/de\\\/\"},{\"@type\":\"ListItem\",\"position\":2,\"name\":\"Blau tragen: Kombinationen, Psychologie, usw\"}]},{\"@type\":\"WebSite\",\"@id\":\"https:\\\/\\\/www.belgae.be\\\/de\\\/#website\",\"url\":\"https:\\\/\\\/www.belgae.be\\\/de\\\/\",\"name\":\"Belgae\",\"description\":\"Belgische Kunst &amp; Mode\",\"publisher\":{\"@id\":\"https:\\\/\\\/www.belgae.be\\\/de\\\/#organization\"},\"potentialAction\":[{\"@type\":\"SearchAction\",\"target\":{\"@type\":\"EntryPoint\",\"urlTemplate\":\"https:\\\/\\\/www.belgae.be\\\/de\\\/?s={search_term_string}\"},\"query-input\":{\"@type\":\"PropertyValueSpecification\",\"valueRequired\":true,\"valueName\":\"search_term_string\"}}],\"inLanguage\":\"de\"},{\"@type\":\"Organization\",\"@id\":\"https:\\\/\\\/www.belgae.be\\\/de\\\/#organization\",\"name\":\"Belgae\",\"url\":\"https:\\\/\\\/www.belgae.be\\\/de\\\/\",\"logo\":{\"@type\":\"ImageObject\",\"inLanguage\":\"de\",\"@id\":\"https:\\\/\\\/www.belgae.be\\\/de\\\/#\\\/schema\\\/logo\\\/image\\\/\",\"url\":\"https:\\\/\\\/www.belgae.be\\\/de\\\/wp-content\\\/uploads\\\/sites\\\/2\\\/2023\\\/07\\\/Sans-titre1-Copie.png\",\"contentUrl\":\"https:\\\/\\\/www.belgae.be\\\/de\\\/wp-content\\\/uploads\\\/sites\\\/2\\\/2023\\\/07\\\/Sans-titre1-Copie.png\",\"width\":88,\"height\":88,\"caption\":\"Belgae\"},\"image\":{\"@id\":\"https:\\\/\\\/www.belgae.be\\\/de\\\/#\\\/schema\\\/logo\\\/image\\\/\"}},{\"@type\":\"Person\",\"@id\":\"https:\\\/\\\/www.belgae.be\\\/de\\\/#\\\/schema\\\/person\\\/646b40b88212bc5335f9c4fa787df047\",\"name\":\"Cyril Gendarme\",\"sameAs\":[\"https:\\\/\\\/www.belgae.be\"],\"url\":\"https:\\\/\\\/www.belgae.be\\\/de\\\/blog\\\/author\\\/cgen\\\/\"}]}<\/script>\n<!-- \/ Yoast SEO plugin. -->","yoast_head_json":{"title":"Blau tragen: Kombinationen, Psychologie, usw | Belgae","robots":{"index":"index","follow":"follow","max-snippet":"max-snippet:-1","max-image-preview":"max-image-preview:large","max-video-preview":"max-video-preview:-1"},"canonical":"https:\/\/www.belgae.be\/de\/blog\/traegt-blau\/","og_locale":"de_DE","og_type":"article","og_title":"Blau tragen: Kombinationen, Psychologie, usw | Belgae","og_description":"Entfesseln Sie die Kraft des Blauen! Tauchen Sie ein in ein Meer aus Saphir, Kobalt und Azur. Dieser Artikel wird Ihnen zeigen, wie Sie jeden Farbton in Ihrer Garderobe meistern k\u00f6nnen.","og_url":"https:\/\/www.belgae.be\/de\/blog\/traegt-blau\/","og_site_name":"Belgae","article_published_time":"2023-08-03T13:38:48+00:00","article_modified_time":"2023-08-04T10:43:46+00:00","author":"Cyril Gendarme","twitter_card":"summary_large_image","twitter_misc":{"Verfasst von":"Cyril Gendarme","Gesch\u00e4tzte Lesezeit":"10\u00a0Minuten"},"schema":{"@context":"https:\/\/schema.org","@graph":[{"@type":"Article","@id":"https:\/\/www.belgae.be\/de\/blog\/traegt-blau\/#article","isPartOf":{"@id":"https:\/\/www.belgae.be\/de\/blog\/traegt-blau\/"},"author":{"name":"Cyril Gendarme","@id":"https:\/\/www.belgae.be\/de\/#\/schema\/person\/646b40b88212bc5335f9c4fa787df047"},"headline":"Blau tragen: Kombinationen, Psychologie, usw","datePublished":"2023-08-03T13:38:48+00:00","dateModified":"2023-08-04T10:43:46+00:00","mainEntityOfPage":{"@id":"https:\/\/www.belgae.be\/de\/blog\/traegt-blau\/"},"wordCount":1524,"commentCount":0,"publisher":{"@id":"https:\/\/www.belgae.be\/de\/#organization"},"image":{"@id":"https:\/\/www.belgae.be\/de\/blog\/traegt-blau\/#primaryimage"},"thumbnailUrl":"https:\/\/www.belgae.be\/de\/wp-content\/uploads\/sites\/2\/2023\/08\/cyril_ge_miscellaneous_pieces_of_clothing_black_and_white_Franc_854a51eb-509a-4eff-a455-b50dc5c19f81-3.webp","articleSection":["Look &amp; Style"],"inLanguage":"de","potentialAction":[{"@type":"CommentAction","name":"Comment","target":["https:\/\/www.belgae.be\/de\/blog\/traegt-blau\/#respond"]}]},{"@type":"WebPage","@id":"https:\/\/www.belgae.be\/de\/blog\/traegt-blau\/","url":"https:\/\/www.belgae.be\/de\/blog\/traegt-blau\/","name":"Blau tragen: Kombinationen, Psychologie, usw | Belgae","isPartOf":{"@id":"https:\/\/www.belgae.be\/de\/#website"},"primaryImageOfPage":{"@id":"https:\/\/www.belgae.be\/de\/blog\/traegt-blau\/#primaryimage"},"image":{"@id":"https:\/\/www.belgae.be\/de\/blog\/traegt-blau\/#primaryimage"},"thumbnailUrl":"https:\/\/www.belgae.be\/de\/wp-content\/uploads\/sites\/2\/2023\/08\/cyril_ge_miscellaneous_pieces_of_clothing_black_and_white_Franc_854a51eb-509a-4eff-a455-b50dc5c19f81-3.webp","datePublished":"2023-08-03T13:38:48+00:00","dateModified":"2023-08-04T10:43:46+00:00","breadcrumb":{"@id":"https:\/\/www.belgae.be\/de\/blog\/traegt-blau\/#breadcrumb"},"inLanguage":"de","potentialAction":[{"@type":"ReadAction","target":["https:\/\/www.belgae.be\/de\/blog\/traegt-blau\/"]}]},{"@type":"ImageObject","inLanguage":"de","@id":"https:\/\/www.belgae.be\/de\/blog\/traegt-blau\/#primaryimage","url":"https:\/\/www.belgae.be\/de\/wp-content\/uploads\/sites\/2\/2023\/08\/cyril_ge_miscellaneous_pieces_of_clothing_black_and_white_Franc_854a51eb-509a-4eff-a455-b50dc5c19f81-3.webp","contentUrl":"https:\/\/www.belgae.be\/de\/wp-content\/uploads\/sites\/2\/2023\/08\/cyril_ge_miscellaneous_pieces_of_clothing_black_and_white_Franc_854a51eb-509a-4eff-a455-b50dc5c19f81-3.webp"},{"@type":"BreadcrumbList","@id":"https:\/\/www.belgae.be\/de\/blog\/traegt-blau\/#breadcrumb","itemListElement":[{"@type":"ListItem","position":1,"name":"Accueil","item":"https:\/\/www.belgae.be\/de\/"},{"@type":"ListItem","position":2,"name":"Blau tragen: Kombinationen, Psychologie, usw"}]},{"@type":"WebSite","@id":"https:\/\/www.belgae.be\/de\/#website","url":"https:\/\/www.belgae.be\/de\/","name":"Belgae","description":"Belgische Kunst &amp; Mode","publisher":{"@id":"https:\/\/www.belgae.be\/de\/#organization"},"potentialAction":[{"@type":"SearchAction","target":{"@type":"EntryPoint","urlTemplate":"https:\/\/www.belgae.be\/de\/?s={search_term_string}"},"query-input":{"@type":"PropertyValueSpecification","valueRequired":true,"valueName":"search_term_string"}}],"inLanguage":"de"},{"@type":"Organization","@id":"https:\/\/www.belgae.be\/de\/#organization","name":"Belgae","url":"https:\/\/www.belgae.be\/de\/","logo":{"@type":"ImageObject","inLanguage":"de","@id":"https:\/\/www.belgae.be\/de\/#\/schema\/logo\/image\/","url":"https:\/\/www.belgae.be\/de\/wp-content\/uploads\/sites\/2\/2023\/07\/Sans-titre1-Copie.png","contentUrl":"https:\/\/www.belgae.be\/de\/wp-content\/uploads\/sites\/2\/2023\/07\/Sans-titre1-Copie.png","width":88,"height":88,"caption":"Belgae"},"image":{"@id":"https:\/\/www.belgae.be\/de\/#\/schema\/logo\/image\/"}},{"@type":"Person","@id":"https:\/\/www.belgae.be\/de\/#\/schema\/person\/646b40b88212bc5335f9c4fa787df047","name":"Cyril Gendarme","sameAs":["https:\/\/www.belgae.be"],"url":"https:\/\/www.belgae.be\/de\/blog\/author\/cgen\/"}]}},"_links":{"self":[{"href":"https:\/\/www.belgae.be\/de\/wp-json\/wp\/v2\/posts\/2938","targetHints":{"allow":["GET"]}}],"collection":[{"href":"https:\/\/www.belgae.be\/de\/wp-json\/wp\/v2\/posts"}],"about":[{"href":"https:\/\/www.belgae.be\/de\/wp-json\/wp\/v2\/types\/post"}],"author":[{"embeddable":true,"href":"https:\/\/www.belgae.be\/de\/wp-json\/wp\/v2\/users\/1"}],"replies":[{"embeddable":true,"href":"https:\/\/www.belgae.be\/de\/wp-json\/wp\/v2\/comments?post=2938"}],"version-history":[{"count":0,"href":"https:\/\/www.belgae.be\/de\/wp-json\/wp\/v2\/posts\/2938\/revisions"}],"wp:featuredmedia":[{"embeddable":true,"href":"https:\/\/www.belgae.be\/de\/wp-json\/"}],"wp:attachment":[{"href":"https:\/\/www.belgae.be\/de\/wp-json\/wp\/v2\/media?parent=2938"}],"wp:term":[{"taxonomy":"category","embeddable":true,"href":"https:\/\/www.belgae.be\/de\/wp-json\/wp\/v2\/categories?post=2938"},{"taxonomy":"post_tag","embeddable":true,"href":"https:\/\/www.belgae.be\/de\/wp-json\/wp\/v2\/tags?post=2938"}],"curies":[{"name":"wp","href":"https:\/\/api.w.org\/{rel}","templated":true}]}}