{"id":2924,"date":"2023-08-02T17:23:40","date_gmt":"2023-08-02T17:23:40","guid":{"rendered":"https:\/\/www.belgae.be\/de\/blog\/bruessel-die-modehauptstadt-von-belgien-und-europa\/"},"modified":"2023-08-02T17:23:40","modified_gmt":"2023-08-02T17:23:40","slug":"bruessel-die-modehauptstadt-von-belgien-und-europa","status":"publish","type":"post","link":"https:\/\/www.belgae.be\/de\/blog\/bruessel-die-modehauptstadt-von-belgien-und-europa\/","title":{"rendered":"Br\u00fcssel: Die Modehauptstadt von Belgien und Europa"},"content":{"rendered":"<p>Schnallen Sie sich an, Modebegeisterte! Br\u00fcssel ist nicht nur die Hauptstadt Belgiens; es ist auch ein schillernder Laufsteg f\u00fcr den avantgardistischen Stil Europas.<\/p>\n<p>Tauchen Sie ein in die Stadt, in der Schick auf Exzentrik trifft und Tradition sich mit Innovation vermischt.<\/p>\n<p>Br\u00fcssel &#8211; Ihr n\u00e4chstes unverzichtbares Reiseziel auf der globalen Modenkarte.<\/p>\n<section class=\"contentTable_table\">\n<p class=\"contentTable_title\">Inhalt: <\/p>\n<p class=\"contentTable_elem\"><a href=\"#balise_0\">1. Einf\u00fchrung: Br\u00fcssel, eine emblematische Modestadt<\/a><\/p>\n<p class=\"contentTable_elem\"><a href=\"#balise_1\">2. Der Einfluss des Jugendstils auf die Br\u00fcsseler Mode<\/a><\/p>\n<p class=\"contentTable_elem\"><a href=\"#balise_2\">3. Modeviertel: Adressen, die man nicht verpassen sollte<\/a><\/p>\n<p class=\"contentTable_elem\"><a href=\"#balise_3\">4. Modeschulen in Br\u00fcssel<\/a><\/p>\n<p class=\"contentTable_elem\"><a href=\"#balise_4\">5. Ber\u00fchmte Designer aus Br\u00fcssel<\/a><\/p>\n<p class=\"contentTable_elem\"><a href=\"#balise_5\">6. Br\u00fcsseler Modewoche<\/a><\/p>\n<p class=\"contentTable_elem\"><a href=\"#balise_6\">7. Mode- &#038; Spitzenmuseum<\/a><\/p>\n<p class=\"contentTable_elem\"><a href=\"#balise_7\">8. Br\u00fcssel und seine historischen Textilien: von Leinen bis Spitze<\/a><\/p>\n<p class=\"contentTable_elem\"><a href=\"#balise_8\">9. Secondhand-L\u00e4den in Br\u00fcssel<\/a><\/p>\n<\/section>\n<p><img loading=\"lazy\" decoding=\"async\" class=\"lazyload articleImageSquare_CGEN\" height=\"400\" width=\"400\" src=\"https:\/\/www.belgae.be\/imageHolder\/\/wp-content\/uploads\/sites\/2\/2023\/07\/loading-spinner-belgae.gif\" data-src=\"https:\/\/www.belgae.be\/imageHolder\/\/wp-content\/uploads\/sites\/2\/2023\/08\/tmpf5v245nl.jpg\" alt=\"tmpf5v245nl\" \/><\/p>\n<h2 id=\"balise_0\">Einf\u00fchrung: Br\u00fcssel, eine emblematische Modestadt<\/h2>\n<p>Willkommen in der lebendigen und dynamischen Welt von Br\u00fcssel, einer Stadt, die Geschichte und zeitgen\u00f6ssischen Stil m\u00fchelos verbindet. Bekannt f\u00fcr ihre beeindruckende Architektur, k\u00f6stliche K\u00fcche und reiches kulturelles Erbe.<\/p>\n<p>Es ist kein Wunder, dass Br\u00fcssel in den letzten Jahren auch als bl\u00fchende Modemetropole hervorgetreten ist. Von avantgardistischen Designs bis hin zu klassischer Eleganz bietet dieser kosmopolitische Knotenpunkt etwas f\u00fcr jeden Mode-Enthusiasten.<\/p>\n<p>Die Stadt hat eine faszinierende Mischung aus historischem Charme und modernem Flair zu bieten. Mit ihren zahlreichen Museen, Kunstgalerien und Theatern wird Kultur hier gro\u00dfgeschrieben.<\/p>\n<p>Gleichzeitig hat sich Br\u00fcssel seinen ganz eigenen Charme bewahrt: Die vielen kleinen Caf\u00e9s laden zum Verweilen ein, w\u00e4hrend man dem bunten Treiben auf den Stra\u00dfen zusieht.<\/p>\n<p><img loading=\"lazy\" decoding=\"async\" class=\"lazyload articleImageSquare_CGEN\" height=\"400\" width=\"400\" src=\"https:\/\/www.belgae.be\/imageHolder\/\/wp-content\/uploads\/sites\/2\/2023\/07\/loading-spinner-belgae.gif\" data-src=\"https:\/\/www.belgae.be\/imageHolder\/\/wp-content\/uploads\/sites\/2\/2023\/08\/tmpvokat1i3.jpg\" alt=\"tmpvokat1i\" \/><\/p>\n<h2 id=\"balise_1\">Der Einfluss des Jugendstils auf die Br\u00fcsseler Mode<\/h2>\n<p>Die Begeisterung von Br\u00fcssel f\u00fcr Kunst geht \u00fcber Leinw\u00e4nde und Skulpturen hinaus &#8211; sie dringt auch in die Welt der Mode ein. Die ikonische Jugendstilbewegung hat eine unausl\u00f6schliche Spur in der modischen Landschaft der Stadt hinterlassen. Inspiriert von den organischen Formen und dem detaillierten Design der Natur, integrieren Designer diese Elemente heute in ihre Kreationen. Schlendern Sie durch Stra\u00dfen mit kunstvollen Fassaden oder betreten Sie Boutiquen, die \u00e4therische Kleider zeigen, die an diese einflussreiche k\u00fcnstlerische Epoche erinnern.<\/p>\n<p>Jugendstil ist nicht nur eine Kunstrichtung &#8211; er pr\u00e4gt auch das modebewusste Br\u00fcssel bis heute nachhaltig. Das Spiel mit nat\u00fcrlichen Formen und Detailverliebtheit findet sich wieder in den Entw\u00fcrfen zeitgen\u00f6ssischer Designer.<\/p>\n<p>Erkunden Sie Stra\u00dfen voller architektonischer Prachtwerke aus dieser Zeit oder entdecken Sie Boutiquen, deren Sortiment traumhafte Gew\u00e4nder im Stile des Jugendstils f\u00fchrt.<\/p>\n<p><img loading=\"lazy\" decoding=\"async\" class=\"lazyload articleImageSquare_CGEN\" height=\"400\" width=\"400\" src=\"https:\/\/www.belgae.be\/imageHolder\/\/wp-content\/uploads\/sites\/2\/2023\/07\/loading-spinner-belgae.gif\" data-src=\"https:\/\/www.belgae.be\/imageHolder\/\/wp-content\/uploads\/sites\/2\/2023\/08\/tmpsqhhmup8.jpg\" alt=\"tmpsqhhmup\" \/><\/p>\n<h2 id=\"balise_2\">Modeviertel: Adressen, die man nicht verpassen sollte<\/h2>\n<p>Um sich vollst\u00e4ndig in die modische Seite von Br\u00fcssel zu vertiefen, erkunden Sie seine vielf\u00e4ltigen Viertel voller einzigartiger Boutiquen und Konzeptl\u00e4den. Besuchen Sie die Rue Antoine Dansaert, wo avantgardistische belgische Designer ihre neuesten Kollektionen neben internationalen Marken pr\u00e4sentieren, die kreative Grenzen \u00fcberschreiten.<\/p>\n<p>Das Sablon-Viertel ist ein weiteres Muss f\u00fcr alle, die luxuri\u00f6se Fundst\u00fccke suchen &#8211; von High-End-Couture bis hin zu exquisiten Schmuckgesch\u00e4ften.<\/p>\n<p>F\u00fcr Vintage-Liebhaber auf der Suche nach erschwinglichen Einzelst\u00fccken bietet das Marolles-Viertel zahlreiche Secondhand-L\u00e4den zum Erkunden an.<\/p>\n<p><img loading=\"lazy\" decoding=\"async\" class=\"lazyload articleImageSquare_CGEN\" height=\"400\" width=\"400\" src=\"https:\/\/www.belgae.be\/imageHolder\/\/wp-content\/uploads\/sites\/2\/2023\/07\/loading-spinner-belgae.gif\" data-src=\"https:\/\/www.belgae.be\/imageHolder\/\/wp-content\/uploads\/sites\/2\/2023\/08\/tmp48l5glem.jpg\" alt=\"tmp48l5glem\" \/><\/p>\n<h2 id=\"balise_3\">Modeschulen in Br\u00fcssel<\/h2>\n<p>Br\u00fcssels Aufstieg zur Modehauptstadt w\u00e4re ohne die Erw\u00e4hnung seiner angesehenen Institutionen, die junge Talente f\u00f6rdern und die Trends von morgen pr\u00e4gen, nicht denkbar. Diese Schulen bieten umfassende Programme an, welche alles abdecken &#8211; von Designprinzipien und Schnitttechniken bis hin zu nachhaltigen Praktiken, die die Branche revolutionieren.<\/p>\n<p>Gef\u00fcllt mit Kreativit\u00e4t sind es gerade diese Absolventinnen und Absolventen dieser Einrichtungen, welche das Herz der Modeszene in Br\u00fcssel bilden. Sie werden durch ihre Arbeit kontinuierlich dazu beitragen, dass sich Br\u00fcssel als Modemetropole etabliert.<\/p>\n<p>Jedes Jahr treten neue Designer auf den Plan und tragen dazu bei, dass sich das Gesicht der Stadt st\u00e4ndig ver\u00e4ndert. Es ist eine spannende Zeit f\u00fcr alle Beteiligten in der Modebranche in Br\u00fcssel &#8211; ein Ort voller Dynamik und Innovation.<\/p>\n<p>Mit dem Fortschritt ihrer Karriere wird auch ihr Einfluss auf den globalen Modemarkt zunehmen. Sie werden weiterhin einen bedeutenden Beitrag zur Entwicklung des belgischen Designs leisten.<\/p>\n<p><img loading=\"lazy\" decoding=\"async\" class=\"lazyload articleImageSquare_CGEN\" height=\"400\" width=\"400\" src=\"https:\/\/www.belgae.be\/imageHolder\/\/wp-content\/uploads\/sites\/2\/2023\/07\/loading-spinner-belgae.gif\" data-src=\"https:\/\/www.belgae.be\/imageHolder\/\/wp-content\/uploads\/sites\/2\/2023\/08\/tmp3qh6xyw8.jpg\" alt=\"tmp3qh6xyw\" \/><\/p>\n<h2 id=\"balise_4\">Ber\u00fchmte Designer aus Br\u00fcssel<\/h2>\n<p>Br\u00fcssel war und ist ein N\u00e4hrboden f\u00fcr unglaubliches Design-Talent. Zahlreiche bekannte Namen stammen aus dieser Stadt. Die avantgardistischen Kreationen von Martin Margiela, die eklektischen Drucke von Dries Van Noten und die poetischen Silhouetten von Ann Demeulemeester &#8211; jeder Designer bringt seine einzigartige Perspektive auf die globale Modeb\u00fchne.<\/p>\n<p>Diese Vision\u00e4re haben es geschafft, Br\u00fcssel als Zentrum der Innovation und Kreativit\u00e4t in der Branche zu etablieren. Mit ihren individuellen Stilen hinterlassen sie einen bleibenden Eindruck im internationalen Modedesign. Sie tragen dazu bei, dass Br\u00fcssel sich als wichtiger Knotenpunkt in der global vernetzten Modewelt positioniert hat.<\/p>\n<p>Die Werke dieser Designer sind nicht nur Ausdruck ihrer k\u00fcnstlerischen F\u00e4higkeiten, sondern auch Zeugnis des pulsierenden kreativen Geistes einer Stadt, die kontinuierlich neue Talente hervorbringt. Es ist diese Mischung aus Tradition und Innovation, welche den besonderen Charme des Designs aus Br\u00fcssel ausmacht.<\/p>\n<p><img loading=\"lazy\" decoding=\"async\" class=\"lazyload articleImageSquare_CGEN\" height=\"400\" width=\"400\" src=\"https:\/\/www.belgae.be\/imageHolder\/\/wp-content\/uploads\/sites\/2\/2023\/07\/loading-spinner-belgae.gif\" data-src=\"https:\/\/www.belgae.be\/imageHolder\/\/wp-content\/uploads\/sites\/2\/2023\/08\/tmph8m77pdw.jpg\" alt=\"tmph8m77pdw\" \/><\/p>\n<h2 id=\"balise_5\">Br\u00fcsseler Modewoche<\/h2>\n<p>Wenn es darum geht, die Faszination der belgischen Mode hautnah zu erleben, f\u00fchrt kein Weg an der Br\u00fcsseler Modewoche vorbei. Diese halbj\u00e4hrliche Veranstaltung pr\u00e4sentiert aufstrebende Talente neben renommierten Designern durch Laufsteg-Shows, Pr\u00e4sentationen und Ausstellungen.<\/p>\n<p>Es handelt sich um eine spannende Plattform, die Vielfalt feiert und gleichzeitig zuk\u00fcnftige Trends sowohl auf lokalen als auch internationalen M\u00e4rkten pr\u00e4gt. Die Br\u00fcsseler Modewoche ist ein Muss f\u00fcr alle Modebegeisterten.<\/p>\n<p>Die Beliebtheit dieser Veranstaltung w\u00e4chst stetig und zieht Besucher aus aller Welt an. Dieses Event bietet eine einmalige Gelegenheit, den Puls der belgischen Modeszene zu sp\u00fcren. Bei jedem Besuch entdeckt man etwas Neues und Inspirierendes.<\/p>\n<p>Diese Modenschau repr\u00e4sentiert das Beste von dem was Belgien im Bereich Mode bieten kann &#8211; kreative Designs kombiniert mit exzellenter Handwerkskunst.<\/p>\n<p><img loading=\"lazy\" decoding=\"async\" class=\"lazyload articleImageSquare_CGEN\" height=\"400\" width=\"400\" src=\"https:\/\/www.belgae.be\/imageHolder\/\/wp-content\/uploads\/sites\/2\/2023\/07\/loading-spinner-belgae.gif\" data-src=\"https:\/\/www.belgae.be\/imageHolder\/\/wp-content\/uploads\/sites\/2\/2023\/08\/tmpc7a2e8za.jpg\" alt=\"tmpc7a2e8za\" \/><\/p>\n<h2 id=\"balise_6\">Mode- &#038; Spitzenmuseum<\/h2>\n<p>Tauchen Sie ein in eine Welt, in der Geschichte auf Haute Couture im Mode- und Spitzenmuseum in Br\u00fcssel trifft. Dieses Museum ehrt das reiche Textilerbe Belgiens durch die Pr\u00e4sentation von kompliziertem Spitzendesign.<\/p>\n<p>Es zeigt exquisite Kleidungsst\u00fccke und historische Artefakte. Es bietet Besuchern die M\u00f6glichkeit, tief in jahrhundertealte Techniken einzutauchen, w\u00e4hrend sie zeitgen\u00f6ssische Designs bewundern, die von Tradition inspiriert sind.<\/p>\n<p>Ein Besuch hier wird zweifellos dazu f\u00fchren, dass Sie sowohl Handwerkskunst als auch Innovation im Bereich der Mode sch\u00e4tzen lernen. Tauchen Sie ein ins Detail und erleben Sie den atemberaubenden Reichtum des belgischen Modedesigns hautnah.<\/p>\n<p><img loading=\"lazy\" decoding=\"async\" class=\"lazyload articleImageSquare_CGEN\" height=\"400\" width=\"400\" src=\"https:\/\/www.belgae.be\/imageHolder\/\/wp-content\/uploads\/sites\/2\/2023\/07\/loading-spinner-belgae.gif\" data-src=\"https:\/\/www.belgae.be\/imageHolder\/\/wp-content\/uploads\/sites\/2\/2023\/08\/tmp6rj4msd9.jpg\" alt=\"tmp6rj4msd\" \/><\/p>\n<h2 id=\"balise_7\">Br\u00fcssel und seine historischen Textilien: von Leinen bis Spitze<\/h2>\n<p>Belgien ist seit langem mit hochwertigen Textilien verbunden, was angesichts seiner ruhmreichen Vergangenheit keine \u00dcberraschung darstellt. Als einer der gr\u00f6\u00dften Produzenten von feinen Leinenwaren im mittelalterlichen Europa bis hin zur Verbindung mit delikater Spitzenproduktion, kann das Land eine beeindruckende Tradition vorweisen.<\/p>\n<p>Br\u00fcssel bleibt tief in diesem Erbe verwurzelt und gibt Anlass zu modernen Interpretationen kombiniert mit traditionellem Know-how. Das Ergebnis?<\/p>\n<p> Textilien, die Eleganz, Charme und Raffinesse ausstrahlen \u2013 alles Kennzeichen echter Br\u00fcsseler Mode.<\/p>\n<p><img loading=\"lazy\" decoding=\"async\" class=\"lazyload articleImageSquare_CGEN\" height=\"400\" width=\"400\" src=\"https:\/\/www.belgae.be\/imageHolder\/\/wp-content\/uploads\/sites\/2\/2023\/07\/loading-spinner-belgae.gif\" data-src=\"https:\/\/www.belgae.be\/imageHolder\/\/wp-content\/uploads\/sites\/2\/2023\/08\/tmp5mwzhg96.jpg\" alt=\"tmp5mwzhg\" \/><\/p>\n<h2 id=\"balise_8\">Secondhand-L\u00e4den in Br\u00fcssel<\/h2>\n<p>F\u00fcr alle, die nach einzigartiger und nachhaltiger Mode suchen, lohnt es sich, die Schatztruhe der Second-Hand-L\u00e4den in ganz Br\u00fcssel zu erkunden. Von Vintage-Boutiquen bis hin zu Tr\u00f6dell\u00e4den bieten diese versteckten Juwelen eine F\u00fclle von bereits geliebten Kleidungsst\u00fccken zum Entdecken an.<\/p>\n<p>Ob auf der Jagd nach Designerst\u00fccken zu Schn\u00e4ppchenpreisen oder auf der Suche nach Retro-Stilen, die auffallen &#8211; das Erkunden des pulsierenden Second-Hand-Szenarios dieser Stadt ist ein Abenteuer f\u00fcr sich.<\/p>\n<p>Wenn man tiefer in den Status Br\u00fcssels als Modemetropole eintaucht,<\/p>\n<p>wird klar, dass diese Stadt viel mehr zu bieten hat als nur ihren historischen Charme.<\/p>\n<p>Mit ihrer bl\u00fchenden Designergemeinschaft , trendigen Vierteln und reichem Textilerbe,<\/p>\n<p>beweist Br\u00fcssel immer wieder warum sie Anerkennung auf globaler B\u00fchne verdient hat.<\/p>\n<p>Tauchen Sie also in ihre k\u00fcnstlerische Energie ein und genie\u00dfen Sie alles von avantgardistischen Designs<\/p>\n<p>bis zur zeitlosen Eleganz \u2013 all dies innerhalb dieser lebhaften europ\u00e4ischen Metropole, bekannt als Belgiens modisches Juwel.<\/p>\n<section class=\"cgen-outboundLinksSection\">\n<h2>Um das Thema zu vertiefen<\/h2>\n<p>Einige Quellen, Ressourcen und Referenzen :<\/p>\n<ul>\n<li><a href=\"https:\/\/www.visit.brussels\/de\/besucher\/venue-details.Musee-Mode-et-Dentelle-Mode-und-Spitzenmuseum-Museen-der-Stadt-Brussel.1515\" target=\"_blank\" rel=\"nofollow noopener\">Mus\u00e9e Mode et Dentelle &#8211; Mode- und Spitzenmuseum (Museen der Stadt Br\u00fcssel) | Visit Brussels<\/a><\/li>\n<li><a href=\"https:\/\/www.visit.brussels\/de\/besucher\/unternehmungen\/brusseler-modedesignerinnen-ethische-und-nachhaltige-mode\" target=\"_blank\" rel=\"nofollow noopener\">Br\u00fcsseler Modedesignerinnen: ethische und nachhaltige Mode | Visit Brussels<\/a><\/li>\n<\/ul>\n<\/section>\n","protected":false},"excerpt":{"rendered":"<p>Schnallen Sie sich an, Modebegeisterte! Br\u00fcssel ist nicht nur die Hauptstadt Belgiens; es ist auch ein schillernder Laufsteg f\u00fcr den avantgardistischen Stil Europas.<\/p>\n","protected":false},"author":1,"featured_media":4617,"comment_status":"open","ping_status":"","sticky":false,"template":"","format":"standard","meta":{"_acf_changed":false,"_et_pb_use_builder":"","_et_pb_old_content":"","_et_gb_content_width":"","footnotes":""},"categories":[39],"tags":[],"class_list":["post-2924","post","type-post","status-publish","format-standard","has-post-thumbnail","hentry","category-belgium"],"acf":[],"yoast_head":"<!-- This site is optimized with the Yoast SEO plugin v27.5 - https:\/\/yoast.com\/product\/yoast-seo-wordpress\/ -->\n<title>Br\u00fcssel: Die Modehauptstadt von Belgien und Europa | Belgae<\/title>\n<meta name=\"robots\" content=\"index, follow, max-snippet:-1, max-image-preview:large, max-video-preview:-1\" \/>\n<link rel=\"canonical\" href=\"https:\/\/www.belgae.be\/de\/blog\/bruessel-die-modehauptstadt-von-belgien-und-europa\/\" \/>\n<meta property=\"og:locale\" content=\"de_DE\" \/>\n<meta property=\"og:type\" content=\"article\" \/>\n<meta property=\"og:title\" content=\"Br\u00fcssel: Die Modehauptstadt von Belgien und Europa | Belgae\" \/>\n<meta property=\"og:description\" content=\"Schnallen Sie sich an, Modebegeisterte! Br\u00fcssel ist nicht nur die Hauptstadt Belgiens; es ist auch ein schillernder Laufsteg f\u00fcr den avantgardistischen Stil Europas.\" \/>\n<meta property=\"og:url\" content=\"https:\/\/www.belgae.be\/de\/blog\/bruessel-die-modehauptstadt-von-belgien-und-europa\/\" \/>\n<meta property=\"og:site_name\" content=\"Belgae\" \/>\n<meta property=\"article:published_time\" content=\"2023-08-02T17:23:40+00:00\" \/>\n<meta property=\"og:image\" content=\"https:\/\/www.belgae.be\/imageHolder\/\/wp-content\/uploads\/sites\/2\/2023\/07\/loading-spinner-belgae.gif\" \/>\n<meta name=\"author\" content=\"Cyril Gendarme\" \/>\n<meta name=\"twitter:card\" content=\"summary_large_image\" \/>\n<meta name=\"twitter:label1\" content=\"Verfasst von\" \/>\n\t<meta name=\"twitter:data1\" content=\"Cyril Gendarme\" \/>\n\t<meta name=\"twitter:label2\" content=\"Gesch\u00e4tzte Lesezeit\" \/>\n\t<meta name=\"twitter:data2\" content=\"7\u00a0Minuten\" \/>\n<script type=\"application\/ld+json\" class=\"yoast-schema-graph\">{\"@context\":\"https:\\\/\\\/schema.org\",\"@graph\":[{\"@type\":\"Article\",\"@id\":\"https:\\\/\\\/www.belgae.be\\\/de\\\/blog\\\/bruessel-die-modehauptstadt-von-belgien-und-europa\\\/#article\",\"isPartOf\":{\"@id\":\"https:\\\/\\\/www.belgae.be\\\/de\\\/blog\\\/bruessel-die-modehauptstadt-von-belgien-und-europa\\\/\"},\"author\":{\"name\":\"Cyril Gendarme\",\"@id\":\"https:\\\/\\\/www.belgae.be\\\/de\\\/#\\\/schema\\\/person\\\/646b40b88212bc5335f9c4fa787df047\"},\"headline\":\"Br\u00fcssel: Die Modehauptstadt von Belgien und Europa\",\"datePublished\":\"2023-08-02T17:23:40+00:00\",\"mainEntityOfPage\":{\"@id\":\"https:\\\/\\\/www.belgae.be\\\/de\\\/blog\\\/bruessel-die-modehauptstadt-von-belgien-und-europa\\\/\"},\"wordCount\":1344,\"commentCount\":0,\"publisher\":{\"@id\":\"https:\\\/\\\/www.belgae.be\\\/de\\\/#organization\"},\"image\":{\"@id\":\"https:\\\/\\\/www.belgae.be\\\/de\\\/blog\\\/bruessel-die-modehauptstadt-von-belgien-und-europa\\\/#primaryimage\"},\"thumbnailUrl\":\"https:\\\/\\\/www.belgae.be\\\/de\\\/wp-content\\\/uploads\\\/sites\\\/2\\\/2023\\\/08\\\/cyril_ge_Brussel_place_black_and_white_Franco-Belgian_comic_sty_0fd28d57-4e0f-4e0a-b3e1-1705c05874b8-9-1024x568-1.webp\",\"articleSection\":[\"Belgium\"],\"inLanguage\":\"de\",\"potentialAction\":[{\"@type\":\"CommentAction\",\"name\":\"Comment\",\"target\":[\"https:\\\/\\\/www.belgae.be\\\/de\\\/blog\\\/bruessel-die-modehauptstadt-von-belgien-und-europa\\\/#respond\"]}]},{\"@type\":\"WebPage\",\"@id\":\"https:\\\/\\\/www.belgae.be\\\/de\\\/blog\\\/bruessel-die-modehauptstadt-von-belgien-und-europa\\\/\",\"url\":\"https:\\\/\\\/www.belgae.be\\\/de\\\/blog\\\/bruessel-die-modehauptstadt-von-belgien-und-europa\\\/\",\"name\":\"Br\u00fcssel: Die Modehauptstadt von Belgien und Europa | Belgae\",\"isPartOf\":{\"@id\":\"https:\\\/\\\/www.belgae.be\\\/de\\\/#website\"},\"primaryImageOfPage\":{\"@id\":\"https:\\\/\\\/www.belgae.be\\\/de\\\/blog\\\/bruessel-die-modehauptstadt-von-belgien-und-europa\\\/#primaryimage\"},\"image\":{\"@id\":\"https:\\\/\\\/www.belgae.be\\\/de\\\/blog\\\/bruessel-die-modehauptstadt-von-belgien-und-europa\\\/#primaryimage\"},\"thumbnailUrl\":\"https:\\\/\\\/www.belgae.be\\\/de\\\/wp-content\\\/uploads\\\/sites\\\/2\\\/2023\\\/08\\\/cyril_ge_Brussel_place_black_and_white_Franco-Belgian_comic_sty_0fd28d57-4e0f-4e0a-b3e1-1705c05874b8-9-1024x568-1.webp\",\"datePublished\":\"2023-08-02T17:23:40+00:00\",\"breadcrumb\":{\"@id\":\"https:\\\/\\\/www.belgae.be\\\/de\\\/blog\\\/bruessel-die-modehauptstadt-von-belgien-und-europa\\\/#breadcrumb\"},\"inLanguage\":\"de\",\"potentialAction\":[{\"@type\":\"ReadAction\",\"target\":[\"https:\\\/\\\/www.belgae.be\\\/de\\\/blog\\\/bruessel-die-modehauptstadt-von-belgien-und-europa\\\/\"]}]},{\"@type\":\"ImageObject\",\"inLanguage\":\"de\",\"@id\":\"https:\\\/\\\/www.belgae.be\\\/de\\\/blog\\\/bruessel-die-modehauptstadt-von-belgien-und-europa\\\/#primaryimage\",\"url\":\"https:\\\/\\\/www.belgae.be\\\/de\\\/wp-content\\\/uploads\\\/sites\\\/2\\\/2023\\\/08\\\/cyril_ge_Brussel_place_black_and_white_Franco-Belgian_comic_sty_0fd28d57-4e0f-4e0a-b3e1-1705c05874b8-9-1024x568-1.webp\",\"contentUrl\":\"https:\\\/\\\/www.belgae.be\\\/de\\\/wp-content\\\/uploads\\\/sites\\\/2\\\/2023\\\/08\\\/cyril_ge_Brussel_place_black_and_white_Franco-Belgian_comic_sty_0fd28d57-4e0f-4e0a-b3e1-1705c05874b8-9-1024x568-1.webp\"},{\"@type\":\"BreadcrumbList\",\"@id\":\"https:\\\/\\\/www.belgae.be\\\/de\\\/blog\\\/bruessel-die-modehauptstadt-von-belgien-und-europa\\\/#breadcrumb\",\"itemListElement\":[{\"@type\":\"ListItem\",\"position\":1,\"name\":\"Accueil\",\"item\":\"https:\\\/\\\/www.belgae.be\\\/de\\\/\"},{\"@type\":\"ListItem\",\"position\":2,\"name\":\"Br\u00fcssel: Die Modehauptstadt von Belgien und Europa\"}]},{\"@type\":\"WebSite\",\"@id\":\"https:\\\/\\\/www.belgae.be\\\/de\\\/#website\",\"url\":\"https:\\\/\\\/www.belgae.be\\\/de\\\/\",\"name\":\"Belgae\",\"description\":\"Belgische Kunst &amp; Mode\",\"publisher\":{\"@id\":\"https:\\\/\\\/www.belgae.be\\\/de\\\/#organization\"},\"potentialAction\":[{\"@type\":\"SearchAction\",\"target\":{\"@type\":\"EntryPoint\",\"urlTemplate\":\"https:\\\/\\\/www.belgae.be\\\/de\\\/?s={search_term_string}\"},\"query-input\":{\"@type\":\"PropertyValueSpecification\",\"valueRequired\":true,\"valueName\":\"search_term_string\"}}],\"inLanguage\":\"de\"},{\"@type\":\"Organization\",\"@id\":\"https:\\\/\\\/www.belgae.be\\\/de\\\/#organization\",\"name\":\"Belgae\",\"url\":\"https:\\\/\\\/www.belgae.be\\\/de\\\/\",\"logo\":{\"@type\":\"ImageObject\",\"inLanguage\":\"de\",\"@id\":\"https:\\\/\\\/www.belgae.be\\\/de\\\/#\\\/schema\\\/logo\\\/image\\\/\",\"url\":\"https:\\\/\\\/www.belgae.be\\\/de\\\/wp-content\\\/uploads\\\/sites\\\/2\\\/2023\\\/07\\\/Sans-titre1-Copie.png\",\"contentUrl\":\"https:\\\/\\\/www.belgae.be\\\/de\\\/wp-content\\\/uploads\\\/sites\\\/2\\\/2023\\\/07\\\/Sans-titre1-Copie.png\",\"width\":88,\"height\":88,\"caption\":\"Belgae\"},\"image\":{\"@id\":\"https:\\\/\\\/www.belgae.be\\\/de\\\/#\\\/schema\\\/logo\\\/image\\\/\"}},{\"@type\":\"Person\",\"@id\":\"https:\\\/\\\/www.belgae.be\\\/de\\\/#\\\/schema\\\/person\\\/646b40b88212bc5335f9c4fa787df047\",\"name\":\"Cyril Gendarme\",\"sameAs\":[\"https:\\\/\\\/www.belgae.be\"],\"url\":\"https:\\\/\\\/www.belgae.be\\\/de\\\/blog\\\/author\\\/cgen\\\/\"}]}<\/script>\n<!-- \/ Yoast SEO plugin. -->","yoast_head_json":{"title":"Br\u00fcssel: Die Modehauptstadt von Belgien und Europa | Belgae","robots":{"index":"index","follow":"follow","max-snippet":"max-snippet:-1","max-image-preview":"max-image-preview:large","max-video-preview":"max-video-preview:-1"},"canonical":"https:\/\/www.belgae.be\/de\/blog\/bruessel-die-modehauptstadt-von-belgien-und-europa\/","og_locale":"de_DE","og_type":"article","og_title":"Br\u00fcssel: Die Modehauptstadt von Belgien und Europa | Belgae","og_description":"Schnallen Sie sich an, Modebegeisterte! Br\u00fcssel ist nicht nur die Hauptstadt Belgiens; es ist auch ein schillernder Laufsteg f\u00fcr den avantgardistischen Stil Europas.","og_url":"https:\/\/www.belgae.be\/de\/blog\/bruessel-die-modehauptstadt-von-belgien-und-europa\/","og_site_name":"Belgae","article_published_time":"2023-08-02T17:23:40+00:00","og_image":[{"url":"https:\/\/www.belgae.be\/imageHolder\/\/wp-content\/uploads\/sites\/2\/2023\/07\/loading-spinner-belgae.gif","type":"","width":"","height":""}],"author":"Cyril Gendarme","twitter_card":"summary_large_image","twitter_misc":{"Verfasst von":"Cyril Gendarme","Gesch\u00e4tzte Lesezeit":"7\u00a0Minuten"},"schema":{"@context":"https:\/\/schema.org","@graph":[{"@type":"Article","@id":"https:\/\/www.belgae.be\/de\/blog\/bruessel-die-modehauptstadt-von-belgien-und-europa\/#article","isPartOf":{"@id":"https:\/\/www.belgae.be\/de\/blog\/bruessel-die-modehauptstadt-von-belgien-und-europa\/"},"author":{"name":"Cyril Gendarme","@id":"https:\/\/www.belgae.be\/de\/#\/schema\/person\/646b40b88212bc5335f9c4fa787df047"},"headline":"Br\u00fcssel: Die Modehauptstadt von Belgien und Europa","datePublished":"2023-08-02T17:23:40+00:00","mainEntityOfPage":{"@id":"https:\/\/www.belgae.be\/de\/blog\/bruessel-die-modehauptstadt-von-belgien-und-europa\/"},"wordCount":1344,"commentCount":0,"publisher":{"@id":"https:\/\/www.belgae.be\/de\/#organization"},"image":{"@id":"https:\/\/www.belgae.be\/de\/blog\/bruessel-die-modehauptstadt-von-belgien-und-europa\/#primaryimage"},"thumbnailUrl":"https:\/\/www.belgae.be\/de\/wp-content\/uploads\/sites\/2\/2023\/08\/cyril_ge_Brussel_place_black_and_white_Franco-Belgian_comic_sty_0fd28d57-4e0f-4e0a-b3e1-1705c05874b8-9-1024x568-1.webp","articleSection":["Belgium"],"inLanguage":"de","potentialAction":[{"@type":"CommentAction","name":"Comment","target":["https:\/\/www.belgae.be\/de\/blog\/bruessel-die-modehauptstadt-von-belgien-und-europa\/#respond"]}]},{"@type":"WebPage","@id":"https:\/\/www.belgae.be\/de\/blog\/bruessel-die-modehauptstadt-von-belgien-und-europa\/","url":"https:\/\/www.belgae.be\/de\/blog\/bruessel-die-modehauptstadt-von-belgien-und-europa\/","name":"Br\u00fcssel: Die Modehauptstadt von Belgien und Europa | Belgae","isPartOf":{"@id":"https:\/\/www.belgae.be\/de\/#website"},"primaryImageOfPage":{"@id":"https:\/\/www.belgae.be\/de\/blog\/bruessel-die-modehauptstadt-von-belgien-und-europa\/#primaryimage"},"image":{"@id":"https:\/\/www.belgae.be\/de\/blog\/bruessel-die-modehauptstadt-von-belgien-und-europa\/#primaryimage"},"thumbnailUrl":"https:\/\/www.belgae.be\/de\/wp-content\/uploads\/sites\/2\/2023\/08\/cyril_ge_Brussel_place_black_and_white_Franco-Belgian_comic_sty_0fd28d57-4e0f-4e0a-b3e1-1705c05874b8-9-1024x568-1.webp","datePublished":"2023-08-02T17:23:40+00:00","breadcrumb":{"@id":"https:\/\/www.belgae.be\/de\/blog\/bruessel-die-modehauptstadt-von-belgien-und-europa\/#breadcrumb"},"inLanguage":"de","potentialAction":[{"@type":"ReadAction","target":["https:\/\/www.belgae.be\/de\/blog\/bruessel-die-modehauptstadt-von-belgien-und-europa\/"]}]},{"@type":"ImageObject","inLanguage":"de","@id":"https:\/\/www.belgae.be\/de\/blog\/bruessel-die-modehauptstadt-von-belgien-und-europa\/#primaryimage","url":"https:\/\/www.belgae.be\/de\/wp-content\/uploads\/sites\/2\/2023\/08\/cyril_ge_Brussel_place_black_and_white_Franco-Belgian_comic_sty_0fd28d57-4e0f-4e0a-b3e1-1705c05874b8-9-1024x568-1.webp","contentUrl":"https:\/\/www.belgae.be\/de\/wp-content\/uploads\/sites\/2\/2023\/08\/cyril_ge_Brussel_place_black_and_white_Franco-Belgian_comic_sty_0fd28d57-4e0f-4e0a-b3e1-1705c05874b8-9-1024x568-1.webp"},{"@type":"BreadcrumbList","@id":"https:\/\/www.belgae.be\/de\/blog\/bruessel-die-modehauptstadt-von-belgien-und-europa\/#breadcrumb","itemListElement":[{"@type":"ListItem","position":1,"name":"Accueil","item":"https:\/\/www.belgae.be\/de\/"},{"@type":"ListItem","position":2,"name":"Br\u00fcssel: Die Modehauptstadt von Belgien und Europa"}]},{"@type":"WebSite","@id":"https:\/\/www.belgae.be\/de\/#website","url":"https:\/\/www.belgae.be\/de\/","name":"Belgae","description":"Belgische Kunst &amp; Mode","publisher":{"@id":"https:\/\/www.belgae.be\/de\/#organization"},"potentialAction":[{"@type":"SearchAction","target":{"@type":"EntryPoint","urlTemplate":"https:\/\/www.belgae.be\/de\/?s={search_term_string}"},"query-input":{"@type":"PropertyValueSpecification","valueRequired":true,"valueName":"search_term_string"}}],"inLanguage":"de"},{"@type":"Organization","@id":"https:\/\/www.belgae.be\/de\/#organization","name":"Belgae","url":"https:\/\/www.belgae.be\/de\/","logo":{"@type":"ImageObject","inLanguage":"de","@id":"https:\/\/www.belgae.be\/de\/#\/schema\/logo\/image\/","url":"https:\/\/www.belgae.be\/de\/wp-content\/uploads\/sites\/2\/2023\/07\/Sans-titre1-Copie.png","contentUrl":"https:\/\/www.belgae.be\/de\/wp-content\/uploads\/sites\/2\/2023\/07\/Sans-titre1-Copie.png","width":88,"height":88,"caption":"Belgae"},"image":{"@id":"https:\/\/www.belgae.be\/de\/#\/schema\/logo\/image\/"}},{"@type":"Person","@id":"https:\/\/www.belgae.be\/de\/#\/schema\/person\/646b40b88212bc5335f9c4fa787df047","name":"Cyril Gendarme","sameAs":["https:\/\/www.belgae.be"],"url":"https:\/\/www.belgae.be\/de\/blog\/author\/cgen\/"}]}},"_links":{"self":[{"href":"https:\/\/www.belgae.be\/de\/wp-json\/wp\/v2\/posts\/2924","targetHints":{"allow":["GET"]}}],"collection":[{"href":"https:\/\/www.belgae.be\/de\/wp-json\/wp\/v2\/posts"}],"about":[{"href":"https:\/\/www.belgae.be\/de\/wp-json\/wp\/v2\/types\/post"}],"author":[{"embeddable":true,"href":"https:\/\/www.belgae.be\/de\/wp-json\/wp\/v2\/users\/1"}],"replies":[{"embeddable":true,"href":"https:\/\/www.belgae.be\/de\/wp-json\/wp\/v2\/comments?post=2924"}],"version-history":[{"count":0,"href":"https:\/\/www.belgae.be\/de\/wp-json\/wp\/v2\/posts\/2924\/revisions"}],"wp:featuredmedia":[{"embeddable":true,"href":"https:\/\/www.belgae.be\/de\/wp-json\/"}],"wp:attachment":[{"href":"https:\/\/www.belgae.be\/de\/wp-json\/wp\/v2\/media?parent=2924"}],"wp:term":[{"taxonomy":"category","embeddable":true,"href":"https:\/\/www.belgae.be\/de\/wp-json\/wp\/v2\/categories?post=2924"},{"taxonomy":"post_tag","embeddable":true,"href":"https:\/\/www.belgae.be\/de\/wp-json\/wp\/v2\/tags?post=2924"}],"curies":[{"name":"wp","href":"https:\/\/api.w.org\/{rel}","templated":true}]}}