{"id":2917,"date":"2023-08-02T17:16:37","date_gmt":"2023-08-02T17:16:37","guid":{"rendered":"https:\/\/www.belgae.be\/de\/blog\/das-outfit-durch-belgischen-surrealismus-traum-und-vorstellungskraft\/"},"modified":"2023-08-02T17:16:37","modified_gmt":"2023-08-02T17:16:37","slug":"das-outfit-durch-belgischen-surrealismus-traum-und-vorstellungskraft","status":"publish","type":"post","link":"https:\/\/www.belgae.be\/de\/blog\/das-outfit-durch-belgischen-surrealismus-traum-und-vorstellungskraft\/","title":{"rendered":"Das Outfit durch belgischen Surrealismus: Traum und Vorstellungskraft"},"content":{"rendered":"<p>Entfesseln Sie Ihre Fantasie und tauchen Sie ein in die traumhaften Tiefen des belgischen Surrealismus! Dieser Artikel ist eine modische Erkundung, bei der Mode mit surrealistischer Kunst verwoben wird.<\/p>\n<p>Machen Sie sich bereit f\u00fcr Outfits, die der Logik trotzen, aber von Kreativit\u00e4t durchdrungen sind. Machen Sie sich auf eine unerwartete Reise durch skurrile Garderoben vorbereitet, inspiriert von den besten surrealistischen K\u00fcnstlern Belgiens.<\/p>\n<section class=\"contentTable_table\">\n<p class=\"contentTable_title\">Inhalt: <\/p>\n<p class=\"contentTable_elem\"><a href=\"#balise_0\">1. Der Einfluss des Surrealismus auf die belgische Mode: Eine Einf\u00fchrung<\/a><\/p>\n<p class=\"contentTable_elem\"><a href=\"#balise_1\">2. Belgische surrealistische K\u00fcnstler und ihre Auswirkungen auf die Mode<\/a><\/p>\n<p class=\"contentTable_elem\"><a href=\"#balise_2\">3. Surrealistische Motive in Stoff- und Druckdesign<\/a><\/p>\n<p class=\"contentTable_elem\"><a href=\"#balise_3\">4. Die Anwendung der Dekonstruktion in surrealistischen Modekreationen<\/a><\/p>\n<p class=\"contentTable_elem\"><a href=\"#balise_4\">5. Die Farben des Unwirklichen: die surrealistische Palette in der belgischen Mode<\/a><\/p>\n<p class=\"contentTable_elem\"><a href=\"#balise_5\">6. Die Symbolik von Tr\u00e4umen und Alptr\u00e4umen in der Kleidung<\/a><\/p>\n<p class=\"contentTable_elem\"><a href=\"#balise_6\">7. Belgische Mode: Ausdruck des kollektiven Unterbewusstseins<\/a><\/p>\n<p class=\"contentTable_elem\"><a href=\"#balise_7\">8. Surrealistische N\u00e4htechniken: jenseits von Konventionen<\/a><\/p>\n<p class=\"contentTable_elem\"><a href=\"#balise_8\">9. Die Verwendung von schwebenden Accessoires in surrealistischer Mode<\/a><\/p>\n<p class=\"contentTable_elem\"><a href=\"#balise_9\">10. Modelle als lebende Leinw\u00e4nde in surrealistischen Modenschauen<\/a><\/p>\n<p class=\"contentTable_elem\"><a href=\"#balise_10\">11. Die Wirkung des Absurden in belgischen Modekreationen<\/a><\/p>\n<p class=\"contentTable_elem\"><a href=\"#balise_11\">12. Der Einsatz von K\u00f6rperbemalung in Modenschauen<\/a><\/p>\n<\/section>\n<p><img loading=\"lazy\" decoding=\"async\" class=\"lazyload articleImageSquare_CGEN\" height=\"400\" width=\"400\" src=\"https:\/\/www.belgae.be\/imageHolder\/\/wp-content\/uploads\/sites\/2\/2023\/07\/loading-spinner-belgae.gif\" data-src=\"https:\/\/www.belgae.be\/imageHolder\/\/wp-content\/uploads\/sites\/2\/2023\/08\/tmp80gw5sp4.jpg\" alt=\"tmp80gw5sp\" \/><\/p>\n<h2 id=\"balise_0\">Der Einfluss des Surrealismus auf die belgische Mode: Eine Einf\u00fchrung<\/h2>\n<p>Surrealismus, eine revolution\u00e4re Kunstrichtung des fr\u00fchen 20. Jahrhunderts, hat auf verschiedene kreative Bereiche einen unausl\u00f6schlichen Einfluss hinterlassen. Eines dieser Gebiete ist die Mode.<\/p>\n<p>In der Modewelt sind surrealistische Elemente nahtlos in Designs eingeflochten worden. Dadurch entstehen fesselnde und zum Nachdenken anregende St\u00fccke.<\/p>\n<p>In diesem Blogbeitrag tauchen wir ein in die faszinierende Beziehung zwischen Mode und Surrealismus. Unser Fokus liegt dabei auf dem Kontext der belgischen Modeindustrie.<\/p>\n<p>Die Verbindung von Kunst und Kleidung er\u00f6ffnet neue Perspektiven f\u00fcr Designer und Betrachter gleicherma\u00dfen. Indem sie Grenzen \u00fcberschreiten und das Unerwartete umarmen, f\u00f6rdern sie Kreativit\u00e4t auf hohem Niveau.<\/p>\n<p>Abschlie\u00dfend l\u00e4sst sich sagen: Die Vermischung von Surrealismus mit Mode hat zu innovativen Designs gef\u00fchrt, welche die Branche weiterhin pr\u00e4gen werden.<\/p>\n<p><img loading=\"lazy\" decoding=\"async\" class=\"lazyload articleImageSquare_CGEN\" height=\"400\" width=\"400\" src=\"https:\/\/www.belgae.be\/imageHolder\/\/wp-content\/uploads\/sites\/2\/2023\/07\/loading-spinner-belgae.gif\" data-src=\"https:\/\/www.belgae.be\/imageHolder\/\/wp-content\/uploads\/sites\/2\/2023\/08\/tmpel_o2wvs.jpg\" alt=\"tmpel_o2wvs\" \/><\/p>\n<h2 id=\"balise_1\">Belgische surrealistische K\u00fcnstler und ihre Auswirkungen auf die Mode<\/h2>\n<p>Belgien ist stolz auf ein reiches k\u00fcnstlerisches Erbe, das weit \u00fcber seine ber\u00fchmte Schokolade und Waffeln hinausgeht. Surrealistische K\u00fcnstler des Landes wie Ren\u00e9 Magritte, Paul Delvaux und Marcel Mari\u00ebn haben die Kunstwelt stark beeinflusst.<\/p>\n<p>Dar\u00fcber hinaus hat ihre Arbeit auch Einfluss auf den Bereich der Mode gehabt. Ihre fantasievollen Visionen voller Juxtapositionen, traumhafter Landschaften und unerwarteter Elemente finden Resonanz in avantgardistischen Kleidungskreationen.<\/p>\n<p>Die starke Pr\u00e4senz dieser K\u00fcnstler im internationalen Kunstraum zeigt sich in ihrem Einfluss auf Designermode weltweit. Belgien wird daher nicht nur f\u00fcr seine kulinarischen K\u00f6stlichkeiten gesch\u00e4tzt, sondern auch f\u00fcr seinen Beitrag zur globalen Kunst- und Modewelt.<\/p>\n<p><img loading=\"lazy\" decoding=\"async\" class=\"lazyload articleImageSquare_CGEN\" height=\"400\" width=\"400\" src=\"https:\/\/www.belgae.be\/imageHolder\/\/wp-content\/uploads\/sites\/2\/2023\/07\/loading-spinner-belgae.gif\" data-src=\"https:\/\/www.belgae.be\/imageHolder\/\/wp-content\/uploads\/sites\/2\/2023\/08\/tmpnaasgpus.jpg\" alt=\"tmpnaasgpus\" \/><\/p>\n<h2 id=\"balise_2\">Surrealistische Motive in Stoff- und Druckdesign<\/h2>\n<p>Inspiriert von surrealistischen Kunstwerken, lassen Stoffdesigner unkonventionelle Muster in Kleidungsst\u00fccke einflie\u00dfen, die an Traumlandschafts\u00e4sthetik erinnern. Drucke mit schwebenden Objekten oder abstrakten Kompositionen, die an Salvador Dal\u00eds schmelzende Uhren erinnern, verleihen Outfits einen Hauch von Skurrilit\u00e4t und stellen dabei traditionelle Sch\u00f6nheitsideale in Frage.<\/p>\n<p>W\u00e4hrend sich einige Designer f\u00fcr eine subtilere Herangehensweise entscheiden und nur leichte Anspielungen auf das Surreale integrieren, gehen andere bis ans \u00c4u\u00dferste. Sie verwandeln ihre Designs in wandelnde Kunstwerke.<\/p>\n<p>Diese kreative Freiheit erm\u00f6glicht es den Designern nicht nur ihren eigenen Stil auszudr\u00fccken. Es fordert auch die Tr\u00e4gerinnen und Tr\u00e4ger heraus ihre eigene Definition von Sch\u00f6nheit zu \u00fcberdenken.<\/p>\n<p>Durch diese mutige Verbindung von Mode und Kunst werden Grenzen verschoben. Dies f\u00fchrt zu einer Erweiterung des g\u00e4ngigen Modediskurses &#8211; hin zu mehr Offenheit f\u00fcr neue Ideen und Konzepte.<\/p>\n<p><img loading=\"lazy\" decoding=\"async\" class=\"lazyload articleImageSquare_CGEN\" height=\"400\" width=\"400\" src=\"https:\/\/www.belgae.be\/imageHolder\/\/wp-content\/uploads\/sites\/2\/2023\/07\/loading-spinner-belgae.gif\" data-src=\"https:\/\/www.belgae.be\/imageHolder\/\/wp-content\/uploads\/sites\/2\/2023\/08\/tmp2bj37t5t.jpg\" alt=\"tmp2bj37t5t\" \/><\/p>\n<h2 id=\"balise_3\">Die Anwendung der Dekonstruktion in surrealistischen Modekreationen<\/h2>\n<p>Deconstruction dient als ein m\u00e4chtiges Werkzeug, um surrealistische Konzepte in greifbare Formen innerhalb zeitgen\u00f6ssischer Kleidungsdesigns zu \u00fcbersetzen. Durch das Zerlegen konventioneller Bekleidungsstrukturen oder das harmonische und doch unerwartete Zusammenf\u00fcgen verschiedener Elemente, rufen Designer Gef\u00fchle hervor, die denen \u00e4hneln, die man beim Betrachten surrealistischer Gem\u00e4lde erlebt &#8211; sie stellen die Realit\u00e4t selbst in Frage.<\/p>\n<p>In der Welt des modernen Design wird Deconstruction oft eingesetzt. Es ist eine Methode zum \u00dcbersetzen von Ideen aus dem Surrealismus in reale Objekte. Diese Technik erm\u00f6glicht es den Sch\u00f6pfern von Kleidungst\u00fccken, traditionelle Strukturen aufzubrechen oder verschiedene Teile auf neue und unvorhersehbare Weise zusammenzuf\u00fcgen.<\/p>\n<p>Diese Praktiken erzeugen Emotionen im Publikum wie bei der Betrachtung eines surrealen Kunstwerks. Sie fordern unsere Vorstellungen von Wirklichkeit heraus und zwingt uns dazu nachzudenken \u00fcber was wir sehen.<\/p>\n<p><img loading=\"lazy\" decoding=\"async\" class=\"lazyload articleImageSquare_CGEN\" height=\"400\" width=\"400\" src=\"https:\/\/www.belgae.be\/imageHolder\/\/wp-content\/uploads\/sites\/2\/2023\/07\/loading-spinner-belgae.gif\" data-src=\"https:\/\/www.belgae.be\/imageHolder\/\/wp-content\/uploads\/sites\/2\/2023\/08\/tmpn6t5ysnk.jpg\" alt=\"tmpn6t5ysnk\" \/><\/p>\n<h2 id=\"balise_4\">Die Farben des Unwirklichen: die surrealistische Palette in der belgischen Mode<\/h2>\n<p>Die Farbpaletten, die von vision\u00e4ren Designern aus Belgien verwendet werden, leiten sich oft direkt von surrealistischen Leinw\u00e4nden ab. Leuchtende Farbt\u00f6ne prallen mutig aufeinander oder werden subtil neben ged\u00e4mpften T\u00f6nen eingesetzt, um einen \u00fcberirdischen Einfluss zu erzeugen. Diese unkonventionellen Farbkombinationen verst\u00e4rken den surrealen Charakter der Modekreationen und faszinieren und stimulieren die Fantasie des Betrachters.<\/p>\n<p>Die Wahl dieser dynamischen und k\u00fchnen Nuancen ist kein Zufall. Sie sind sorgf\u00e4ltig ausgew\u00e4hlt, um eine einzigartige \u00c4sthetik zu schaffen. Jede Kreation ist ein Kunstwerk f\u00fcr sich.<\/p>\n<p>Es gibt eine tiefe Verbindung zwischen diesen Designern und der Welt des Surrealismus. Ihre Arbeit spiegelt ihre F\u00e4higkeit wider, das Gew\u00f6hnliche in etwas Au\u00dfergew\u00f6hnliches zu verwandeln.<\/p>\n<p>Diese Verwendung von kr\u00e4ftigen und subtilen T\u00f6nen wirkt zusammen mit ihren innovativen Designs hypnotisierend auf das Publikum.<\/p>\n<p>Insgesamt tragen diese Elemente dazu bei, dass belgische Designer in der Modewelt hervorstechenden.<\/p>\n<p><img loading=\"lazy\" decoding=\"async\" class=\"lazyload articleImageSquare_CGEN\" height=\"400\" width=\"400\" src=\"https:\/\/www.belgae.be\/imageHolder\/\/wp-content\/uploads\/sites\/2\/2023\/07\/loading-spinner-belgae.gif\" data-src=\"https:\/\/www.belgae.be\/imageHolder\/\/wp-content\/uploads\/sites\/2\/2023\/08\/tmpf2chf6rj.jpg\" alt=\"tmpf2chf6rj\" \/><\/p>\n<h2 id=\"balise_5\">Die Symbolik von Tr\u00e4umen und Alptr\u00e4umen in der Kleidung<\/h2>\n<p>Surrealismus ist stets fasziniert von der Erkundung der Bereiche Tr\u00e4ume und Albtr\u00e4ume. Belgische Modedesigner integrieren geschickt Symbole, die mit diesen Unterbewusstseinszust\u00e4nden verbunden sind, in ihre Kleidungsst\u00fccke. Sie erschaffen Ensembles, die Grenzen zwischen Realit\u00e4t und Fantasie verwischen.<\/p>\n<p>Kleidung wird zu einem Medium, durch das Tr\u00e4ger ihre innersten W\u00fcnsche oder \u00c4ngste ausdr\u00fccken k\u00f6nnen. Diese Art von Mode bringt eine einzigartige Perspektive auf unser Verst\u00e4ndnis des Selbst und unserer Identit\u00e4t hervor.<\/p>\n<p>Es geht darum, den Mut zu haben sich selbst durch seine Kleiderwahl auszudr\u00fccken. Es ist eine Einladung dazu unsere tiefsten Emotionen sichtbar zu machen &#8211; sei es Freude oder Angst.<\/p>\n<p>Diese belgischen Designer ermutigen uns dazu unseren eigenen Stil mutig zu leben und gleichzeitig \u00fcber das \u00dcbliche hinauszuschauen.<\/p>\n<p><img loading=\"lazy\" decoding=\"async\" class=\"lazyload articleImageSquare_CGEN\" height=\"400\" width=\"400\" src=\"https:\/\/www.belgae.be\/imageHolder\/\/wp-content\/uploads\/sites\/2\/2023\/07\/loading-spinner-belgae.gif\" data-src=\"https:\/\/www.belgae.be\/imageHolder\/\/wp-content\/uploads\/sites\/2\/2023\/08\/tmpfxf1bedg.jpg\" alt=\"tmpfxf1bedg\" \/><\/p>\n<h2 id=\"balise_6\">Belgische Mode: Ausdruck des kollektiven Unterbewusstseins<\/h2>\n<p>Ein faszinierender Aspekt der surrealistisch inspirierten belgischen Mode ist ihre F\u00e4higkeit, in das kollektive Unterbewusstsein der Menschheit einzudringen. Gemeinsame archetypische Bilder, Motive und Emotionen liegen tief in unserer Psyche verborgen.<\/p>\n<p>Mit avantgardistischen Designs, die gesellschaftliche Normen herausfordern, gibt diese Form von Mode unterdr\u00fcckten Gedanken eine Stimme. Gleichzeitig feiert sie die Individualit\u00e4t.<\/p>\n<p>Die belgische Mode hat es geschafft, sich einen Namen zu machen durch ihren einzigartigen Ansatz. Sie nutzt das Surrealismus-Konzept als Inspirationsquelle f\u00fcr ihre Kreationen.<\/p>\n<p>Eine tiefe Verbindung zwischen Kunst und Mode wird hier deutlich sichtbar. Diese Verkn\u00fcpfung erzeugt einen starken visuellen Impact und l\u00e4dt zum Nachdenken ein.<\/p>\n<p>Insgesamt bietet die belgische Modeszene mit ihrem surrealistischen Einfluss eine fruchtbare Plattform f\u00fcr kreative Ausdrucksformen.<\/p>\n<p><img loading=\"lazy\" decoding=\"async\" class=\"lazyload articleImageSquare_CGEN\" height=\"400\" width=\"400\" src=\"https:\/\/www.belgae.be\/imageHolder\/\/wp-content\/uploads\/sites\/2\/2023\/07\/loading-spinner-belgae.gif\" data-src=\"https:\/\/www.belgae.be\/imageHolder\/\/wp-content\/uploads\/sites\/2\/2023\/08\/tmpi6euw2ls.jpg\" alt=\"tmpi6euw2ls\" \/><\/p>\n<h2 id=\"balise_7\">Surrealistische N\u00e4htechniken: jenseits von Konventionen<\/h2>\n<p>Die Integration innovativer N\u00e4htechniken, die h\u00e4ufig aus Kunstinstallationen oder Skulpturen entlehnt werden, erm\u00f6glicht es Designern, in der surrealistischen Modegestaltung Grenzen zu \u00fcberschreiten. Asymmetrische Schnitte und unerwartete Stoffmanipulationen wie Falten oder Drapierungen erinnern an Magrittes schwebende Stofffiguren.<\/p>\n<p>Sie f\u00fcgen Kleidungsst\u00fccken Tiefe und Faszination hinzu und widersetzen sich dabei den traditionellen Schneidernormen. Diese Techniken erlauben eine neuartige Sicht auf Mode als Kunstform. Sie fordert g\u00e4ngige Konventionen heraus und stellt das Bekannte auf den Kopf.<\/p>\n<p>Innovative Ans\u00e4tze sind der Schl\u00fcssel zur Neuerfindung des Designs im zeitgen\u00f6ssischen Kontext. Die Verschmelzung von Kunst- und Modewelt bietet unbegrenzte M\u00f6glichkeiten f\u00fcr Kreativit\u00e4t und Einzigartigkeit in jedem Kleidungsst\u00fcck.<\/p>\n<p>Surreale Elemente verleihen jeder Kollektion einen Hauch von Phantastikum, w\u00e4hrend sie gleichzeitig neue Perspektiven auf Materialien, Formgebung sowie Verarbeitungstechniken bieten. Es ist dieser Blickwinkelwechsel, der die surrealistische Mode so spannend macht.<\/p>\n<p><img loading=\"lazy\" decoding=\"async\" class=\"lazyload articleImageSquare_CGEN\" height=\"400\" width=\"400\" src=\"https:\/\/www.belgae.be\/imageHolder\/\/wp-content\/uploads\/sites\/2\/2023\/07\/loading-spinner-belgae.gif\" data-src=\"https:\/\/www.belgae.be\/imageHolder\/\/wp-content\/uploads\/sites\/2\/2023\/08\/tmpn332f9j1.jpg\" alt=\"tmpn332f9j\" \/><\/p>\n<h2 id=\"balise_8\">Die Verwendung von schwebenden Accessoires in surrealistischer Mode<\/h2>\n<p>Zubeh\u00f6r ist entscheidend f\u00fcr die Vervollst\u00e4ndigung jedes Outfits. Bei surrealistisch inspirierter belgischer Mode gewinnen sie jedoch eine ganz neue Dimension. Schwebende H\u00fcte, von unsichtbaren F\u00e4den \u00fcber den K\u00f6pfen der Models suspendiert, oder \u00e4therische Schals, scheinbar unbeeinflusst von der Schwerkraft.<\/p>\n<p>Diese dienen als auff\u00e4llige Elemente und verst\u00e4rken noch mehr die traumhafte Qualit\u00e4t dieser Designs. Sie verleihen jeder Modekollektion einen einzigartigen Charakter und setzen Trends in der Modewelt. <\/p>\n<p>Die experimentelle Natur dieser Accessoires spiegelt das kreative Herz des belgischen Designs wider &#8211; immer auf dem neuesten Stand der Technik und doch tief verwurzelt in traditioneller Handwerkskunst.<\/p>\n<p>Immerhin geht es bei Mode nicht nur um Kleidung; es handelt sich auch darum, eine Aussage zu machen. Und mit diesen atemberaubenden St\u00fccken wird jede Aussage hervorgehoben und unverwechselbar gemacht.<\/p>\n<p><img loading=\"lazy\" decoding=\"async\" class=\"lazyload articleImageSquare_CGEN\" height=\"400\" width=\"400\" src=\"https:\/\/www.belgae.be\/imageHolder\/\/wp-content\/uploads\/sites\/2\/2023\/07\/loading-spinner-belgae.gif\" data-src=\"https:\/\/www.belgae.be\/imageHolder\/\/wp-content\/uploads\/sites\/2\/2023\/08\/tmp0emeelx7.jpg\" alt=\"tmp0emeelx\" \/><\/p>\n<h2 id=\"balise_9\">Modelle als lebende Leinw\u00e4nde in surrealistischen Modenschauen<\/h2>\n<p>Genauso wie Maler die Leinwand f\u00fcr ihre k\u00fcnstlerischen Ausdrucksformen nutzen, haben Belgier Modelle in lebende Leinw\u00e4nde w\u00e4hrend surrealistisch-thematisierten Laufstegshows verwandelt. Aufwendige K\u00f6rperbemalung, unkonventionelle Schminktechniken und sogar Prothesen werden verwendet, um die Grenze zwischen menschlicher Form und surrealistischer Kunst zu verwischen.<\/p>\n<p>Diese Verschmelzung von Mode mit Performance-Kunst schafft ein eindringliches Erlebnis sowohl f\u00fcr Zuschauer als auch Teilnehmer. Es ist diese einzigartige Mischung aus visueller \u00c4sthetik und theatralischem Drama, die den Betrachter fasziniert und fesselt.<\/p>\n<p>Die belgische Modeszene beweist Mut zur Einzigartigkeit &#8211; eine Eigenschaft, die das Land auf der internationalen B\u00fchne hervorhebt. Mit jedem Pinselstrich wird eine neue Dimension der Interpretation er\u00f6ffnet &#8211; ein wahrhaft multidimensionales Spektakel.<\/p>\n<p><img loading=\"lazy\" decoding=\"async\" class=\"lazyload articleImageSquare_CGEN\" height=\"400\" width=\"400\" src=\"https:\/\/www.belgae.be\/imageHolder\/\/wp-content\/uploads\/sites\/2\/2023\/07\/loading-spinner-belgae.gif\" data-src=\"https:\/\/www.belgae.be\/imageHolder\/\/wp-content\/uploads\/sites\/2\/2023\/08\/tmpjq3yyvmw.jpg\" alt=\"tmpjq3yyvmw\" \/><\/p>\n<h2 id=\"balise_10\">Die Wirkung des Absurden in belgischen Modekreationen<\/h2>\n<p>Absurdit\u00e4t ist ein immer wiederkehrendes Thema im Surrealismus. Sie stellt die Rationalit\u00e4t in Frage und f\u00f6rdert das Erforschen jenseits herk\u00f6mmlicher Normen. In der belgischen Mode, die von dieser Bewegung beeinflusst wird, umarmen Designer das Absurde durch unerwartete Silhouetten oder \u00fcbertriebene Proportionen.<\/p>\n<p>Diese kreativen Entscheidungen hinterfragen traditionelle Sch\u00f6nheitsideale und provozieren tiefsinnige Gespr\u00e4che \u00fcber gesellschaftliche Erwartungen. Der Mut zu solcher Kreativit\u00e4t zeigt sich deutlich in den Entw\u00fcrfen dieser Modesch\u00f6pfer.<\/p>\n<p>Es ist eine bewusste Abkehr von der Norm, ein Bekenntnis zum Ungew\u00f6hnlichen. Diese Einstellung reflektiert einen tiefgreifenden Wandel im Verst\u00e4ndnis von \u00c4sthetik und Sch\u00f6nheit innerhalb unserer Gesellschaft.<\/p>\n<p>Die Herausforderung bestehender Vorstellungen erm\u00f6glicht es uns allen, unsere eigenen Pr\u00e4missen zu hinterfragen und neue Perspektiven zu entdecken. Es er\u00f6ffnet R\u00e4ume f\u00fcr Diskussionen dar\u00fcber, was wir als &#8220;sch\u00f6n&#8221; betrachten &#8211; eine Debatte, die letztendlich unsere kollektive Wahrnehmung formt.<\/p>\n<p><img loading=\"lazy\" decoding=\"async\" class=\"lazyload articleImageSquare_CGEN\" height=\"400\" width=\"400\" src=\"https:\/\/www.belgae.be\/imageHolder\/\/wp-content\/uploads\/sites\/2\/2023\/07\/loading-spinner-belgae.gif\" data-src=\"https:\/\/www.belgae.be\/imageHolder\/\/wp-content\/uploads\/sites\/2\/2023\/08\/tmpzatpxwzz.jpg\" alt=\"tmpzatpxwzz\" \/><\/p>\n<h2 id=\"balise_11\">Der Einsatz von K\u00f6rperbemalung in Modenschauen<\/h2>\n<p>K\u00f6rperbemalung dient als weiteres Mittel f\u00fcr Designer, Grenzen in surrealistisch inspirierten Laufstegshows zu \u00fcberschreiten. Durch das Auftragen komplexer Muster direkt auf die Haut der Models verschwimmen Unterschiede zwischen Kleidung und K\u00f6rper &#8211; es entsteht ein faszinierendes visuelles Spektakel, bei dem Bekleidungsst\u00fccke Erweiterungen des eigenen physischen Seins werden.<\/p>\n<p>Zum Abschluss hat die belgische Mode Inspiration aus der k\u00fcnstlerischen Rebellion des Surrealismus gegen die Realit\u00e4t gesch\u00f6pft, um avantgardistische Designs zu kreieren, die unsere Vorstellungskraft fesseln. Mit Elementen wie Dekonstruktion, Traumsymbolik, schwebenden Accessoires und der Umarmung der Absurdit\u00e4t innerhalb surrealistischer \u00c4sthetik bleibt Belgien an vorderster Front im Bereich moderner Modedesigns.<\/p>\n<p>Die Verwendung von vertr\u00e4umten Symbolen und schwebenden Accessoires l\u00e4sst den Betrachter staunen. Die Akzeptanz von Absurdit\u00e4ten ist eine weitere Facette dieser einzigartigen \u00c4sthetik.<\/p>\n<p>Belgien setzt st\u00e4ndig neue Ma\u00dfst\u00e4be in Sachen Modeinnovation &#8211; immer mit einem Auge auf den Horizont gerichtet.<\/p>\n<section class=\"cgen-outboundLinksSection\">\n<h2>Um das Thema zu vertiefen<\/h2>\n<p>Einige Quellen, Ressourcen und Referenzen :<\/p>\n<ul>\n<li><a href=\"https:\/\/www.vrt.be\/vrtnws\/de\/2019\/11\/07\/der-mann-der-zuege-liebte-paul-delvaux-in-der-train-world\/\" target=\"_blank\" rel=\"nofollow noopener\">&#8220;Der Mann der Z\u00fcge liebte&#8221; &#8211; Paul Delvaux in der Train World | VRT NWS: nachrichten<\/a><\/li>\n<li><a href=\"https:\/\/www.smb.museum\/ausstellungen\/detail\/dekadenz-und-dunkle-traeume\/\" target=\"_blank\" rel=\"nofollow noopener\">Dekadenz und dunkle Tr\u00e4ume. Der belgische Symbolismus<\/a><\/li>\n<li><a href=\"https:\/\/www.kunstplaza.de\/kuenstler\/rene-magritte-der-magier-des-surrealismus\/\" target=\"_blank\" rel=\"nofollow noopener\">Ren\u00e9 Magritte &#8211; Der belgische Magier des Surrealismus<\/a><\/li>\n<\/ul>\n<\/section>\n","protected":false},"excerpt":{"rendered":"<p>Entfesseln Sie Ihre Fantasie und tauchen Sie ein in die traumhaften Tiefen des belgischen Surrealismus!<\/p>\n","protected":false},"author":1,"featured_media":4610,"comment_status":"open","ping_status":"","sticky":false,"template":"","format":"standard","meta":{"_acf_changed":false,"_et_pb_use_builder":"","_et_pb_old_content":"","_et_gb_content_width":"","footnotes":""},"categories":[39],"tags":[],"class_list":["post-2917","post","type-post","status-publish","format-standard","has-post-thumbnail","hentry","category-belgium"],"acf":[],"yoast_head":"<!-- This site is optimized with the Yoast SEO plugin v27.5 - https:\/\/yoast.com\/product\/yoast-seo-wordpress\/ -->\n<title>Das Outfit durch belgischen Surrealismus: Traum und Vorstellungskraft | Belgae<\/title>\n<meta name=\"robots\" content=\"index, follow, max-snippet:-1, max-image-preview:large, max-video-preview:-1\" \/>\n<link rel=\"canonical\" href=\"https:\/\/www.belgae.be\/de\/blog\/das-outfit-durch-belgischen-surrealismus-traum-und-vorstellungskraft\/\" \/>\n<meta property=\"og:locale\" content=\"de_DE\" \/>\n<meta property=\"og:type\" content=\"article\" \/>\n<meta property=\"og:title\" content=\"Das Outfit durch belgischen Surrealismus: Traum und Vorstellungskraft | Belgae\" \/>\n<meta property=\"og:description\" content=\"Entfesseln Sie Ihre Fantasie und tauchen Sie ein in die traumhaften Tiefen des belgischen Surrealismus!\" \/>\n<meta property=\"og:url\" content=\"https:\/\/www.belgae.be\/de\/blog\/das-outfit-durch-belgischen-surrealismus-traum-und-vorstellungskraft\/\" \/>\n<meta property=\"og:site_name\" content=\"Belgae\" \/>\n<meta property=\"article:published_time\" content=\"2023-08-02T17:16:37+00:00\" \/>\n<meta property=\"og:image\" content=\"https:\/\/www.belgae.be\/imageHolder\/\/wp-content\/uploads\/sites\/2\/2023\/07\/loading-spinner-belgae.gif\" \/>\n<meta name=\"author\" content=\"Cyril Gendarme\" \/>\n<meta name=\"twitter:card\" content=\"summary_large_image\" \/>\n<meta name=\"twitter:label1\" content=\"Verfasst von\" \/>\n\t<meta name=\"twitter:data1\" content=\"Cyril Gendarme\" \/>\n\t<meta name=\"twitter:label2\" content=\"Gesch\u00e4tzte Lesezeit\" \/>\n\t<meta name=\"twitter:data2\" content=\"10\u00a0Minuten\" \/>\n<script type=\"application\/ld+json\" class=\"yoast-schema-graph\">{\"@context\":\"https:\\\/\\\/schema.org\",\"@graph\":[{\"@type\":\"Article\",\"@id\":\"https:\\\/\\\/www.belgae.be\\\/de\\\/blog\\\/das-outfit-durch-belgischen-surrealismus-traum-und-vorstellungskraft\\\/#article\",\"isPartOf\":{\"@id\":\"https:\\\/\\\/www.belgae.be\\\/de\\\/blog\\\/das-outfit-durch-belgischen-surrealismus-traum-und-vorstellungskraft\\\/\"},\"author\":{\"name\":\"Cyril Gendarme\",\"@id\":\"https:\\\/\\\/www.belgae.be\\\/de\\\/#\\\/schema\\\/person\\\/646b40b88212bc5335f9c4fa787df047\"},\"headline\":\"Das Outfit durch belgischen Surrealismus: Traum und Vorstellungskraft\",\"datePublished\":\"2023-08-02T17:16:37+00:00\",\"mainEntityOfPage\":{\"@id\":\"https:\\\/\\\/www.belgae.be\\\/de\\\/blog\\\/das-outfit-durch-belgischen-surrealismus-traum-und-vorstellungskraft\\\/\"},\"wordCount\":1924,\"commentCount\":0,\"publisher\":{\"@id\":\"https:\\\/\\\/www.belgae.be\\\/de\\\/#organization\"},\"image\":{\"@id\":\"https:\\\/\\\/www.belgae.be\\\/de\\\/blog\\\/das-outfit-durch-belgischen-surrealismus-traum-und-vorstellungskraft\\\/#primaryimage\"},\"thumbnailUrl\":\"https:\\\/\\\/www.belgae.be\\\/de\\\/wp-content\\\/uploads\\\/sites\\\/2\\\/2023\\\/08\\\/cyril_ge_surrealism_art_Franco-Belgian_comic_style_black_and_wh_05ccb976-e057-4c17-b553-9228d97fd96e-Copie-1024x568-1.jpg\",\"articleSection\":[\"Belgium\"],\"inLanguage\":\"de\",\"potentialAction\":[{\"@type\":\"CommentAction\",\"name\":\"Comment\",\"target\":[\"https:\\\/\\\/www.belgae.be\\\/de\\\/blog\\\/das-outfit-durch-belgischen-surrealismus-traum-und-vorstellungskraft\\\/#respond\"]}]},{\"@type\":\"WebPage\",\"@id\":\"https:\\\/\\\/www.belgae.be\\\/de\\\/blog\\\/das-outfit-durch-belgischen-surrealismus-traum-und-vorstellungskraft\\\/\",\"url\":\"https:\\\/\\\/www.belgae.be\\\/de\\\/blog\\\/das-outfit-durch-belgischen-surrealismus-traum-und-vorstellungskraft\\\/\",\"name\":\"Das Outfit durch belgischen Surrealismus: Traum und Vorstellungskraft | Belgae\",\"isPartOf\":{\"@id\":\"https:\\\/\\\/www.belgae.be\\\/de\\\/#website\"},\"primaryImageOfPage\":{\"@id\":\"https:\\\/\\\/www.belgae.be\\\/de\\\/blog\\\/das-outfit-durch-belgischen-surrealismus-traum-und-vorstellungskraft\\\/#primaryimage\"},\"image\":{\"@id\":\"https:\\\/\\\/www.belgae.be\\\/de\\\/blog\\\/das-outfit-durch-belgischen-surrealismus-traum-und-vorstellungskraft\\\/#primaryimage\"},\"thumbnailUrl\":\"https:\\\/\\\/www.belgae.be\\\/de\\\/wp-content\\\/uploads\\\/sites\\\/2\\\/2023\\\/08\\\/cyril_ge_surrealism_art_Franco-Belgian_comic_style_black_and_wh_05ccb976-e057-4c17-b553-9228d97fd96e-Copie-1024x568-1.jpg\",\"datePublished\":\"2023-08-02T17:16:37+00:00\",\"breadcrumb\":{\"@id\":\"https:\\\/\\\/www.belgae.be\\\/de\\\/blog\\\/das-outfit-durch-belgischen-surrealismus-traum-und-vorstellungskraft\\\/#breadcrumb\"},\"inLanguage\":\"de\",\"potentialAction\":[{\"@type\":\"ReadAction\",\"target\":[\"https:\\\/\\\/www.belgae.be\\\/de\\\/blog\\\/das-outfit-durch-belgischen-surrealismus-traum-und-vorstellungskraft\\\/\"]}]},{\"@type\":\"ImageObject\",\"inLanguage\":\"de\",\"@id\":\"https:\\\/\\\/www.belgae.be\\\/de\\\/blog\\\/das-outfit-durch-belgischen-surrealismus-traum-und-vorstellungskraft\\\/#primaryimage\",\"url\":\"https:\\\/\\\/www.belgae.be\\\/de\\\/wp-content\\\/uploads\\\/sites\\\/2\\\/2023\\\/08\\\/cyril_ge_surrealism_art_Franco-Belgian_comic_style_black_and_wh_05ccb976-e057-4c17-b553-9228d97fd96e-Copie-1024x568-1.jpg\",\"contentUrl\":\"https:\\\/\\\/www.belgae.be\\\/de\\\/wp-content\\\/uploads\\\/sites\\\/2\\\/2023\\\/08\\\/cyril_ge_surrealism_art_Franco-Belgian_comic_style_black_and_wh_05ccb976-e057-4c17-b553-9228d97fd96e-Copie-1024x568-1.jpg\"},{\"@type\":\"BreadcrumbList\",\"@id\":\"https:\\\/\\\/www.belgae.be\\\/de\\\/blog\\\/das-outfit-durch-belgischen-surrealismus-traum-und-vorstellungskraft\\\/#breadcrumb\",\"itemListElement\":[{\"@type\":\"ListItem\",\"position\":1,\"name\":\"Accueil\",\"item\":\"https:\\\/\\\/www.belgae.be\\\/de\\\/\"},{\"@type\":\"ListItem\",\"position\":2,\"name\":\"Das Outfit durch belgischen Surrealismus: Traum und Vorstellungskraft\"}]},{\"@type\":\"WebSite\",\"@id\":\"https:\\\/\\\/www.belgae.be\\\/de\\\/#website\",\"url\":\"https:\\\/\\\/www.belgae.be\\\/de\\\/\",\"name\":\"Belgae\",\"description\":\"Belgische Kunst &amp; Mode\",\"publisher\":{\"@id\":\"https:\\\/\\\/www.belgae.be\\\/de\\\/#organization\"},\"potentialAction\":[{\"@type\":\"SearchAction\",\"target\":{\"@type\":\"EntryPoint\",\"urlTemplate\":\"https:\\\/\\\/www.belgae.be\\\/de\\\/?s={search_term_string}\"},\"query-input\":{\"@type\":\"PropertyValueSpecification\",\"valueRequired\":true,\"valueName\":\"search_term_string\"}}],\"inLanguage\":\"de\"},{\"@type\":\"Organization\",\"@id\":\"https:\\\/\\\/www.belgae.be\\\/de\\\/#organization\",\"name\":\"Belgae\",\"url\":\"https:\\\/\\\/www.belgae.be\\\/de\\\/\",\"logo\":{\"@type\":\"ImageObject\",\"inLanguage\":\"de\",\"@id\":\"https:\\\/\\\/www.belgae.be\\\/de\\\/#\\\/schema\\\/logo\\\/image\\\/\",\"url\":\"https:\\\/\\\/www.belgae.be\\\/de\\\/wp-content\\\/uploads\\\/sites\\\/2\\\/2023\\\/07\\\/Sans-titre1-Copie.png\",\"contentUrl\":\"https:\\\/\\\/www.belgae.be\\\/de\\\/wp-content\\\/uploads\\\/sites\\\/2\\\/2023\\\/07\\\/Sans-titre1-Copie.png\",\"width\":88,\"height\":88,\"caption\":\"Belgae\"},\"image\":{\"@id\":\"https:\\\/\\\/www.belgae.be\\\/de\\\/#\\\/schema\\\/logo\\\/image\\\/\"}},{\"@type\":\"Person\",\"@id\":\"https:\\\/\\\/www.belgae.be\\\/de\\\/#\\\/schema\\\/person\\\/646b40b88212bc5335f9c4fa787df047\",\"name\":\"Cyril Gendarme\",\"sameAs\":[\"https:\\\/\\\/www.belgae.be\"],\"url\":\"https:\\\/\\\/www.belgae.be\\\/de\\\/blog\\\/author\\\/cgen\\\/\"}]}<\/script>\n<!-- \/ Yoast SEO plugin. -->","yoast_head_json":{"title":"Das Outfit durch belgischen Surrealismus: Traum und Vorstellungskraft | Belgae","robots":{"index":"index","follow":"follow","max-snippet":"max-snippet:-1","max-image-preview":"max-image-preview:large","max-video-preview":"max-video-preview:-1"},"canonical":"https:\/\/www.belgae.be\/de\/blog\/das-outfit-durch-belgischen-surrealismus-traum-und-vorstellungskraft\/","og_locale":"de_DE","og_type":"article","og_title":"Das Outfit durch belgischen Surrealismus: Traum und Vorstellungskraft | Belgae","og_description":"Entfesseln Sie Ihre Fantasie und tauchen Sie ein in die traumhaften Tiefen des belgischen Surrealismus!","og_url":"https:\/\/www.belgae.be\/de\/blog\/das-outfit-durch-belgischen-surrealismus-traum-und-vorstellungskraft\/","og_site_name":"Belgae","article_published_time":"2023-08-02T17:16:37+00:00","og_image":[{"url":"https:\/\/www.belgae.be\/imageHolder\/\/wp-content\/uploads\/sites\/2\/2023\/07\/loading-spinner-belgae.gif","type":"","width":"","height":""}],"author":"Cyril Gendarme","twitter_card":"summary_large_image","twitter_misc":{"Verfasst von":"Cyril Gendarme","Gesch\u00e4tzte Lesezeit":"10\u00a0Minuten"},"schema":{"@context":"https:\/\/schema.org","@graph":[{"@type":"Article","@id":"https:\/\/www.belgae.be\/de\/blog\/das-outfit-durch-belgischen-surrealismus-traum-und-vorstellungskraft\/#article","isPartOf":{"@id":"https:\/\/www.belgae.be\/de\/blog\/das-outfit-durch-belgischen-surrealismus-traum-und-vorstellungskraft\/"},"author":{"name":"Cyril Gendarme","@id":"https:\/\/www.belgae.be\/de\/#\/schema\/person\/646b40b88212bc5335f9c4fa787df047"},"headline":"Das Outfit durch belgischen Surrealismus: Traum und Vorstellungskraft","datePublished":"2023-08-02T17:16:37+00:00","mainEntityOfPage":{"@id":"https:\/\/www.belgae.be\/de\/blog\/das-outfit-durch-belgischen-surrealismus-traum-und-vorstellungskraft\/"},"wordCount":1924,"commentCount":0,"publisher":{"@id":"https:\/\/www.belgae.be\/de\/#organization"},"image":{"@id":"https:\/\/www.belgae.be\/de\/blog\/das-outfit-durch-belgischen-surrealismus-traum-und-vorstellungskraft\/#primaryimage"},"thumbnailUrl":"https:\/\/www.belgae.be\/de\/wp-content\/uploads\/sites\/2\/2023\/08\/cyril_ge_surrealism_art_Franco-Belgian_comic_style_black_and_wh_05ccb976-e057-4c17-b553-9228d97fd96e-Copie-1024x568-1.jpg","articleSection":["Belgium"],"inLanguage":"de","potentialAction":[{"@type":"CommentAction","name":"Comment","target":["https:\/\/www.belgae.be\/de\/blog\/das-outfit-durch-belgischen-surrealismus-traum-und-vorstellungskraft\/#respond"]}]},{"@type":"WebPage","@id":"https:\/\/www.belgae.be\/de\/blog\/das-outfit-durch-belgischen-surrealismus-traum-und-vorstellungskraft\/","url":"https:\/\/www.belgae.be\/de\/blog\/das-outfit-durch-belgischen-surrealismus-traum-und-vorstellungskraft\/","name":"Das Outfit durch belgischen Surrealismus: Traum und Vorstellungskraft | Belgae","isPartOf":{"@id":"https:\/\/www.belgae.be\/de\/#website"},"primaryImageOfPage":{"@id":"https:\/\/www.belgae.be\/de\/blog\/das-outfit-durch-belgischen-surrealismus-traum-und-vorstellungskraft\/#primaryimage"},"image":{"@id":"https:\/\/www.belgae.be\/de\/blog\/das-outfit-durch-belgischen-surrealismus-traum-und-vorstellungskraft\/#primaryimage"},"thumbnailUrl":"https:\/\/www.belgae.be\/de\/wp-content\/uploads\/sites\/2\/2023\/08\/cyril_ge_surrealism_art_Franco-Belgian_comic_style_black_and_wh_05ccb976-e057-4c17-b553-9228d97fd96e-Copie-1024x568-1.jpg","datePublished":"2023-08-02T17:16:37+00:00","breadcrumb":{"@id":"https:\/\/www.belgae.be\/de\/blog\/das-outfit-durch-belgischen-surrealismus-traum-und-vorstellungskraft\/#breadcrumb"},"inLanguage":"de","potentialAction":[{"@type":"ReadAction","target":["https:\/\/www.belgae.be\/de\/blog\/das-outfit-durch-belgischen-surrealismus-traum-und-vorstellungskraft\/"]}]},{"@type":"ImageObject","inLanguage":"de","@id":"https:\/\/www.belgae.be\/de\/blog\/das-outfit-durch-belgischen-surrealismus-traum-und-vorstellungskraft\/#primaryimage","url":"https:\/\/www.belgae.be\/de\/wp-content\/uploads\/sites\/2\/2023\/08\/cyril_ge_surrealism_art_Franco-Belgian_comic_style_black_and_wh_05ccb976-e057-4c17-b553-9228d97fd96e-Copie-1024x568-1.jpg","contentUrl":"https:\/\/www.belgae.be\/de\/wp-content\/uploads\/sites\/2\/2023\/08\/cyril_ge_surrealism_art_Franco-Belgian_comic_style_black_and_wh_05ccb976-e057-4c17-b553-9228d97fd96e-Copie-1024x568-1.jpg"},{"@type":"BreadcrumbList","@id":"https:\/\/www.belgae.be\/de\/blog\/das-outfit-durch-belgischen-surrealismus-traum-und-vorstellungskraft\/#breadcrumb","itemListElement":[{"@type":"ListItem","position":1,"name":"Accueil","item":"https:\/\/www.belgae.be\/de\/"},{"@type":"ListItem","position":2,"name":"Das Outfit durch belgischen Surrealismus: Traum und Vorstellungskraft"}]},{"@type":"WebSite","@id":"https:\/\/www.belgae.be\/de\/#website","url":"https:\/\/www.belgae.be\/de\/","name":"Belgae","description":"Belgische Kunst &amp; Mode","publisher":{"@id":"https:\/\/www.belgae.be\/de\/#organization"},"potentialAction":[{"@type":"SearchAction","target":{"@type":"EntryPoint","urlTemplate":"https:\/\/www.belgae.be\/de\/?s={search_term_string}"},"query-input":{"@type":"PropertyValueSpecification","valueRequired":true,"valueName":"search_term_string"}}],"inLanguage":"de"},{"@type":"Organization","@id":"https:\/\/www.belgae.be\/de\/#organization","name":"Belgae","url":"https:\/\/www.belgae.be\/de\/","logo":{"@type":"ImageObject","inLanguage":"de","@id":"https:\/\/www.belgae.be\/de\/#\/schema\/logo\/image\/","url":"https:\/\/www.belgae.be\/de\/wp-content\/uploads\/sites\/2\/2023\/07\/Sans-titre1-Copie.png","contentUrl":"https:\/\/www.belgae.be\/de\/wp-content\/uploads\/sites\/2\/2023\/07\/Sans-titre1-Copie.png","width":88,"height":88,"caption":"Belgae"},"image":{"@id":"https:\/\/www.belgae.be\/de\/#\/schema\/logo\/image\/"}},{"@type":"Person","@id":"https:\/\/www.belgae.be\/de\/#\/schema\/person\/646b40b88212bc5335f9c4fa787df047","name":"Cyril Gendarme","sameAs":["https:\/\/www.belgae.be"],"url":"https:\/\/www.belgae.be\/de\/blog\/author\/cgen\/"}]}},"_links":{"self":[{"href":"https:\/\/www.belgae.be\/de\/wp-json\/wp\/v2\/posts\/2917","targetHints":{"allow":["GET"]}}],"collection":[{"href":"https:\/\/www.belgae.be\/de\/wp-json\/wp\/v2\/posts"}],"about":[{"href":"https:\/\/www.belgae.be\/de\/wp-json\/wp\/v2\/types\/post"}],"author":[{"embeddable":true,"href":"https:\/\/www.belgae.be\/de\/wp-json\/wp\/v2\/users\/1"}],"replies":[{"embeddable":true,"href":"https:\/\/www.belgae.be\/de\/wp-json\/wp\/v2\/comments?post=2917"}],"version-history":[{"count":0,"href":"https:\/\/www.belgae.be\/de\/wp-json\/wp\/v2\/posts\/2917\/revisions"}],"wp:featuredmedia":[{"embeddable":true,"href":"https:\/\/www.belgae.be\/de\/wp-json\/"}],"wp:attachment":[{"href":"https:\/\/www.belgae.be\/de\/wp-json\/wp\/v2\/media?parent=2917"}],"wp:term":[{"taxonomy":"category","embeddable":true,"href":"https:\/\/www.belgae.be\/de\/wp-json\/wp\/v2\/categories?post=2917"},{"taxonomy":"post_tag","embeddable":true,"href":"https:\/\/www.belgae.be\/de\/wp-json\/wp\/v2\/tags?post=2917"}],"curies":[{"name":"wp","href":"https:\/\/api.w.org\/{rel}","templated":true}]}}