{"id":2916,"date":"2023-08-02T17:15:29","date_gmt":"2023-08-02T17:15:29","guid":{"rendered":"https:\/\/www.belgae.be\/de\/blog\/geschichte-und-chronologie-der-belgischen-mode\/"},"modified":"2023-08-02T17:15:29","modified_gmt":"2023-08-02T17:15:29","slug":"geschichte-und-chronologie-der-belgischen-mode","status":"publish","type":"post","link":"https:\/\/www.belgae.be\/de\/blog\/geschichte-und-chronologie-der-belgischen-mode\/","title":{"rendered":"Geschichte und Chronologie der belgischen Mode"},"content":{"rendered":"<p>Hallo Modebegeisterte! Habt ihr euch jemals gefragt, woher die belgische Mode stammt?<\/p>\n<p> Lasst uns eine Reise in die Vergangenheit unternehmen. Wir werden enth\u00fcllen, wie diese kleine europ\u00e4ische Nation riesige Fortschritte im Stil gemacht hat und dabei globale Trends gepr\u00e4gt hat.<\/p>\n<p>Von bescheidenen Anf\u00e4ngen bis zur Haute Couture verraten wir alle Geheimnisse der schicken Chronologie Belgiens. Bereit f\u00fcr eine aufregende Zeitreise?<\/p>\n<p> Anschnallen!<\/p>\n<section class=\"contentTable_table\">\n<p class=\"contentTable_title\">Inhalt: <\/p>\n<p class=\"contentTable_elem\"><a href=\"#balise_0\">1. Die Urspr\u00fcnge der belgischen Mode: Von Webern zu ersten Couturiers<\/a><\/p>\n<p class=\"contentTable_elem\"><a href=\"#balise_1\">2. Die gro\u00dfen Namen der belgischen Mode im 1- Jahrhundert<\/a><\/p>\n<p class=\"contentTable_elem\"><a href=\"#balise_2\">3. Das goldene Zeitalter der belgischen Mode begann im fr\u00fchen 20. Jahrhundert<\/a><\/p>\n<p class=\"contentTable_elem\"><a href=\"#balise_3\">4. Die Auswirkungen von zwei Weltkriegen auf die belgische Modeindustrie<\/a><\/p>\n<p class=\"contentTable_elem\"><a href=\"#balise_4\">5. Die Ikonen der belgischen Mode aus den 1960er und 1970er Jahren<\/a><\/p>\n<p class=\"contentTable_elem\"><a href=\"#balise_5\">6. Das Aufkommen Belgiens als Hauptstadt der Avantgarde-Mode in den 1980er Jahren<\/a><\/p>\n<p class=\"contentTable_elem\"><a href=\"#balise_6\">7. Belgische Kreative, die die 1990er Jahre gepr\u00e4gt haben<\/a><\/p>\n<p class=\"contentTable_elem\"><a href=\"#balise_7\">8. Belgische Mode im einundzwanzigsten Jahrhundert: Zwischen Tradition und Innovation<\/a><\/p>\n<p class=\"contentTable_elem\"><a href=\"#balise_8\">9. Der aufstrebende Modeszene in Belgien: Neue vielversprechende Talente und Sch\u00f6pfer<\/a><\/p>\n<\/section>\n<p><img loading=\"lazy\" decoding=\"async\" class=\"lazyload articleImageSquare_CGEN\" height=\"400\" width=\"400\" src=\"https:\/\/www.belgae.be\/imageHolder\/\/wp-content\/uploads\/sites\/2\/2023\/07\/loading-spinner-belgae.gif\" data-src=\"https:\/\/www.belgae.be\/imageHolder\/\/wp-content\/uploads\/sites\/2\/2023\/08\/tmptv5k_3jr.jpg\" alt=\"tmptv5k_3jr\" \/><\/p>\n<h2 id=\"balise_0\">Die Urspr\u00fcnge der belgischen Mode: Von Webern zu ersten Couturiers<\/h2>\n<p>Die belgische Mode hat eine reiche und faszinierende Geschichte, die Jahrhunderte zur\u00fcckreicht. Alles begann mit den geschickten Webern, die das Fundament f\u00fcr eine sp\u00e4ter international anerkannte Industrie legten. Diese Handwerker waren bekannt f\u00fcr ihre au\u00dfergew\u00f6hnliche Textilproduktion, sie nutzten Techniken, die \u00fcber Generationen weitergegeben wurden.<\/p>\n<p>Mit der Zeit erlebte Belgien im 1- Jahrhundert das Aufkommen seiner ersten Couturiers. Diese vision\u00e4ren Designer brachten Innovation und Kreativit\u00e4t in die belgische Mode und etablierten sie als Kraft, mit der man rechnen musste. Sie stellten ihr exquisites handwerkliches K\u00f6nnen und ihre Liebe zum Detail durch aufwendige Designs zur Schau, welche sowohl lokale als auch internationale Publikum begeisterten.<\/p>\n<p><img loading=\"lazy\" decoding=\"async\" class=\"lazyload articleImageSquare_CGEN\" height=\"400\" width=\"400\" src=\"https:\/\/www.belgae.be\/imageHolder\/\/wp-content\/uploads\/sites\/2\/2023\/07\/loading-spinner-belgae.gif\" data-src=\"https:\/\/www.belgae.be\/imageHolder\/\/wp-content\/uploads\/sites\/2\/2023\/08\/tmpjx8h2d0v.jpg\" alt=\"tmpjx8h2d0v\" \/><\/p>\n<h2 id=\"balise_1\">Die gro\u00dfen Namen der belgischen Mode im 1- Jahrhundert<\/h2>\n<p>In dieser Zeit kamen mehrere gro\u00dfe Namen in der belgischen Modewelt auf. Designer wie Charles Frederick Worth leisteten bedeutende Beitr\u00e4ge, indem sie neue Silhouetten und luxuri\u00f6se Stoffe in ihre Kreationen einf\u00fchrten.<\/p>\n<p>Ihre Arbeit half nicht nur die belgische Mode zu formen, sondern beeinflusste auch globale Trends im gro\u00dfen Ma\u00dfstab. Diese Designer haben den Weg f\u00fcr zuk\u00fcnftige Generationen von Modebegeisterten geebnet.<\/p>\n<p>Sie setzten neue Standards und schufen innovative Designs, die bis heute Bestand haben. Ihre Einfl\u00fcsse sind nach wie vor sp\u00fcrbar und pr\u00e4gen das Bild der internationalen Modeszene.<\/p>\n<p>Die Bedeutung ihrer Arbeit kann gar nicht hoch genug eingesch\u00e4tzt werden. Sie waren Pioniere ihrer Zeit und ihr Erbe lebt bis heute fort. Die Welt der Mode verdankt ihnen viel.<\/p>\n<p><img loading=\"lazy\" decoding=\"async\" class=\"lazyload articleImageSquare_CGEN\" height=\"400\" width=\"400\" src=\"https:\/\/www.belgae.be\/imageHolder\/\/wp-content\/uploads\/sites\/2\/2023\/07\/loading-spinner-belgae.gif\" data-src=\"https:\/\/www.belgae.be\/imageHolder\/\/wp-content\/uploads\/sites\/2\/2023\/08\/tmpr0lu8ahe.jpg\" alt=\"tmpr0lu8ahe\" \/><\/p>\n<h2 id=\"balise_2\">Das goldene Zeitalter der belgischen Mode begann im fr\u00fchen 20. Jahrhundert<\/h2>\n<p>Das fr\u00fche 20. Jahrhundert markierte einen Wendepunkt f\u00fcr die belgische Modeindustrie &#8211; in dieser Zeit begann ihre wahre Bl\u00fctezeit. Das Land erlebte eine Explosion der Kreativit\u00e4t, angetrieben von innovativen Designern, die Grenzen wie nie zuvor sprengten.<\/p>\n<p>Diese Pioniere umarmten die Moderne und zollten gleichzeitig traditionellen Handwerkstechniken ihren Tribut, welche tief in Belgiens Erbe verwurzelt sind. Diese einzigartige Mischung resultierte in atemberaubenden Kleidungsst\u00fccken, gekennzeichnet durch makellose Schneiderei, auff\u00e4llige Farben und unerwartete Kombinationen \u2013 sie setzten sich damit deutlich von anderen internationalen Designzentren ab.<\/p>\n<p>Sie alle haben dazu beigetragen, dass Belgien als globales Zentrum f\u00fcr Modeinnovation anerkannt wird. Ihre Arbeit hat nicht nur den Lauf der Modewelt ver\u00e4ndert sondern auch den Weg f\u00fcr nachfolgende Generationen geebnet.<\/p>\n<p>Die Balance zwischen Tradition und Innovation macht das besondere Flair des belgischen Designs aus: Es ist diese F\u00e4higkeit zur Synthese verschiedener Elemente &#8211; alt und neu -, die es so fesselnd macht.<\/p>\n<p><img loading=\"lazy\" decoding=\"async\" class=\"lazyload articleImageSquare_CGEN\" height=\"400\" width=\"400\" src=\"https:\/\/www.belgae.be\/imageHolder\/\/wp-content\/uploads\/sites\/2\/2023\/07\/loading-spinner-belgae.gif\" data-src=\"https:\/\/www.belgae.be\/imageHolder\/\/wp-content\/uploads\/sites\/2\/2023\/08\/tmpwj1w8ask.jpg\" alt=\"tmpwj1w8ask\" \/><\/p>\n<h2 id=\"balise_3\">Die Auswirkungen von zwei Weltkriegen auf die belgische Modeindustrie<\/h2>\n<p>Leider hatte, wie in vielen Branchen zu dieser Zeit in Europa, auch der Erste Weltkrieg einen tiefgreifenden Einfluss auf die belgische Mode. Ressourcen wurden knapp aufgrund von Kriegsbeschr\u00e4nkungen, was dazu f\u00fchrte dass Designer nur begrenzten Zugang zu Materialien hatten und es kam zu einem R\u00fcckgang der Produktion.<\/p>\n<p>Trotzdem bewies die belgische Mode ihre Widerstandsf\u00e4higkeit durch ihr Comeback nach dem Ende des Krieges. Bedauerlicherweise brachte der Zweite Weltkrieg einen weiteren R\u00fcckschlag f\u00fcr Belgiens Modewirtschaft mit sich.<\/p>\n<p>Obwohl sie sich mit Schwierigkeiten konfrontierten sahen, fanden Designer Wege sich anzupassen und sogar unter schwierigen Umst\u00e4nden Innovationen voranzutreiben.<\/p>\n<p><img loading=\"lazy\" decoding=\"async\" class=\"lazyload articleImageSquare_CGEN\" height=\"400\" width=\"400\" src=\"https:\/\/www.belgae.be\/imageHolder\/\/wp-content\/uploads\/sites\/2\/2023\/07\/loading-spinner-belgae.gif\" data-src=\"https:\/\/www.belgae.be\/imageHolder\/\/wp-content\/uploads\/sites\/2\/2023\/08\/tmpvswyn7jv.jpg\" alt=\"tmpvswyn7jv\" \/><\/p>\n<h2 id=\"balise_4\">Die Ikonen der belgischen Mode aus den 1960er und 1970er Jahren<\/h2>\n<p>Die 1960er und 70er Jahre waren Zeugen einer Explosion der Kreativit\u00e4t in der belgischen Modeszene. Eine neue Generation trat mit avantgardistischen Ideen hervor, die Konventionen herausforderten und Individualit\u00e4t sowie Selbstdarstellung f\u00f6rderten.<\/p>\n<p>Designer wie Diane von Furstenberg erlangten w\u00e4hrend dieser Zeit internationale Anerkennung f\u00fcr ihre mutigen Designs. Diese st\u00e4rkten Frauen weltweit.<\/p>\n<p>Es war eine \u00c4ra des Wandels und der Innovation im Modedesign, angetrieben durch den Mut zur Ver\u00e4nderung. Die belgische Modeszene stand im Rampenlicht, strahlend vor Originalit\u00e4t und Einfluss.<\/p>\n<p>Diese Periode hat einen dauerhaften Einfluss auf die Modeindustrie hinterlassen. Sie bleibt ein leuchtendes Beispiel f\u00fcr kreative Freiheit und Expressionismus in einem oft konformistischen Markt.<\/p>\n<p><img loading=\"lazy\" decoding=\"async\" class=\"lazyload articleImageSquare_CGEN\" height=\"400\" width=\"400\" src=\"https:\/\/www.belgae.be\/imageHolder\/\/wp-content\/uploads\/sites\/2\/2023\/07\/loading-spinner-belgae.gif\" data-src=\"https:\/\/www.belgae.be\/imageHolder\/\/wp-content\/uploads\/sites\/2\/2023\/08\/tmpnimrybb9.jpg\" alt=\"tmpnimrybb\" \/><\/p>\n<h2 id=\"balise_5\">Das Aufkommen Belgiens als Hauptstadt der Avantgarde-Mode in den 1980er Jahren<\/h2>\n<p>Belgien etablierte sich wirklich als Hauptstadt der avantgardistischen Mode w\u00e4hrend des lebhaften Jahrzehnts, das als die 1980er Jahre bekannt ist. Diese \u00c4ra bezeugte bahnbrechende Bewegungen wie den Dekonstruktivismus, angef\u00fchrt von renommierten Designern Martin Margiela und Dries Van Noten.<\/p>\n<p>Beide Designer stellten traditionelle Sch\u00f6nheitsnormen durch unkonventionelle Silhouetten, experimentelle Stoffe und innovative Designtechniken in Frage. Ihr einzigartiger Ansatz revolutionierte die Modeindustrie und pr\u00e4gte nachhaltig den belgischen Modestil.<\/p>\n<p>Ihre Arbeit beeinflusste eine neue Generation von Designern weltweit. Ihre herausragenden Leistungen werden bis heute anerkannt und gelobt. Dies hat dazu gef\u00fchrt, dass Belgien weiterhin im internationalen Rampenlicht steht.<\/p>\n<p>Mit ihrem Mut zur Innovation haben diese Designer einen neuen Weg f\u00fcr kreative Ausdrucksformen in der Modebranche geebnet. Sie ermutigen andere dazu, Grenzen zu \u00fcberschreiten und ihre eigenen individuellen Stile zu schaffen.<\/p>\n<p><img loading=\"lazy\" decoding=\"async\" class=\"lazyload articleImageSquare_CGEN\" height=\"400\" width=\"400\" src=\"https:\/\/www.belgae.be\/imageHolder\/\/wp-content\/uploads\/sites\/2\/2023\/07\/loading-spinner-belgae.gif\" data-src=\"https:\/\/www.belgae.be\/imageHolder\/\/wp-content\/uploads\/sites\/2\/2023\/08\/tmpgd5ullxy.jpg\" alt=\"tmpgd5ullxy\" \/><\/p>\n<h2 id=\"balise_6\">Belgische Kreative, die die 1990er Jahre gepr\u00e4gt haben<\/h2>\n<p>Im n\u00e4chsten Jahrzehnt setzten mehrere talentierte Sch\u00f6pfer ihren Stempel auf die belgische Mode &#8211; ein bemerkenswertes Beispiel ist Raf Simons. Simons&#8217; minimalistische \u00c4sthetik, kombiniert mit seiner F\u00e4higkeit, Jugendkultur einzufangen, half dabei, zeitgen\u00f6ssische Herrenmode weltweit neu zu definieren und Belgien als Brutst\u00e4tte f\u00fcr bahnbrechendes Talent zu festigen.<\/p>\n<p>In der Welt der Mode hat Belgien einen soliden Ruf erworben. Dieser Ruf wurde durch das au\u00dfergew\u00f6hnliche Talent von Designern wie Raf Simons gepr\u00e4gt. Seine minimalistischen Designs haben dazu beigetragen, die globale Wahrnehmung von Herrenbekleidung neu zu gestalten.<\/p>\n<p>Simons hat nicht nur seinen eigenen unverwechselbaren Stil geschaffen, sondern auch den Weg f\u00fcr andere Talente aus seinem Land geebnet. Er repr\u00e4sentiert eine Generation von Designern in Belgien und dient als Inspiration f\u00fcr kommende Modemacher.<\/p>\n<p>Sein Verst\u00e4ndnis und seine Darstellung der Jugendkultur machen ihn besonders relevant in unserer heutigen Gesellschaft. Diese Kombination macht ihn zum Inbegriff eines modernen Modeschaffenden.<\/p>\n<p><img loading=\"lazy\" decoding=\"async\" class=\"lazyload articleImageSquare_CGEN\" height=\"400\" width=\"400\" src=\"https:\/\/www.belgae.be\/imageHolder\/\/wp-content\/uploads\/sites\/2\/2023\/07\/loading-spinner-belgae.gif\" data-src=\"https:\/\/www.belgae.be\/imageHolder\/\/wp-content\/uploads\/sites\/2\/2023\/08\/tmpditgvfnx.jpg\" alt=\"tmpditgvfnx\" \/><\/p>\n<h2 id=\"balise_7\">Belgische Mode im einundzwanzigsten Jahrhundert: Zwischen Tradition und Innovation<\/h2>\n<p>Mit dem Eintritt in das einundzwanzigste Jahrhundert bl\u00fchte die belgische Mode trotz st\u00e4ndig wechselnder Trends in der globalen Industrielandschaft weiterhin auf. Designer wie Ann Demeulemeester hielten an Traditionen fest und kombinierten diese mit modernem Empfinden &#8211; sie schufen Kleidungsst\u00fccke, die sowohl zeitlos als auch zukunftsorientiert waren.<\/p>\n<p>Die Modebranche ist bekannt f\u00fcr ihre Unbest\u00e4ndigkeit. Trotzdem hat Belgien es geschafft, seine Position zu behaupten und sich kontinuierlich weiterzuentwickeln. Dies ist vor allem den vision\u00e4ren Designern des Landes zu verdanken.<\/p>\n<p>Ann Demeulemeester steht beispielhaft f\u00fcr diesen kreativen Geist. Durch eine Kombination aus Respekt f\u00fcr das Erbe und einem Auge f\u00fcr Innovation hat sie einen unverwechselbaren Stil entwickelt.<\/p>\n<p>Ihre Designs sind mehr als nur modische Statements \u2013 sie sind Ausdruck eines zeitgem\u00e4\u00dfen Verst\u00e4ndnisses von Sch\u00f6nheit und Eleganz. Sie \u00fcberdauern Modetrends und setzen immer wieder neue Ma\u00dfst\u00e4be im Designbereich.<\/p>\n<p>Egal ob traditionell oder avantgardistisch: Die belgische Modeszene bleibt spannend.<\/p>\n<p><img loading=\"lazy\" decoding=\"async\" class=\"lazyload articleImageSquare_CGEN\" height=\"400\" width=\"400\" src=\"https:\/\/www.belgae.be\/imageHolder\/\/wp-content\/uploads\/sites\/2\/2023\/07\/loading-spinner-belgae.gif\" data-src=\"https:\/\/www.belgae.be\/imageHolder\/\/wp-content\/uploads\/sites\/2\/2023\/08\/tmpgwfhi8em.jpg\" alt=\"tmpgwfhi8em\" \/><\/p>\n<h2 id=\"balise_8\">Der aufstrebende Modeszene in Belgien: Neue vielversprechende Talente und Sch\u00f6pfer<\/h2>\n<p>Die Modeszene Belgiens bleibt ein Kreativit\u00e4tszentrum, das st\u00e4ndig neue vielversprechende Talente begr\u00fc\u00dft. Junge Designer wie Marine Serre und Glenn Martens erregen mit ihren einzigartigen Visionen Aufsehen und verschieben die Grenzen noch weiter.<\/p>\n<p>Mit ihrer reichen Geschichte, ihrem Avantgarde-Geist und ihrer Hingabe an Handwerkskunst fasziniert die belgische Mode weiterhin das weltweite Publikum. Die Zukunft scheint hell zu sein, da aufstrebende Talente frische Perspektiven beisteuern und auf den Fundamenten aufbauen, die von denen gelegt wurden, die vor ihnen kamen.<\/p>\n<section class=\"cgen-outboundLinksSection\">\n<h2>Um das Thema zu vertiefen<\/h2>\n<p>Einige Quellen, Ressourcen und Referenzen :<\/p>\n<ul>\n<li><a href=\"https:\/\/www.spiegel.de\/stil\/belgische-mode-avantgarde-the-antwerp-six-1-raf-simon-a-1046529.html\" target=\"_blank\" rel=\"nofollow noopener\">Belgische Mode-Avantgarde: The Antwerp Six+1, Raf Simon &#8211; DER SPIEGEL<\/a><\/li>\n<li><a href=\"https:\/\/www.welt.de\/reise\/article2581072\/Bruessel-als-Modestadt-das-ueberrascht-uns.html\" target=\"_blank\" rel=\"nofollow noopener\">Belgien: Br\u00fcssel als Modestadt \u2013 das \u00fcberrascht uns &#8211; WELT<\/a><\/li>\n<\/ul>\n<\/section>\n","protected":false},"excerpt":{"rendered":"<p>Hallo Modebegeisterte! Habt ihr euch jemals gefragt, woher die belgische Mode stammt? Lasst uns eine Reise in die Vergangenheit unternehmen.<\/p>\n","protected":false},"author":1,"featured_media":4609,"comment_status":"open","ping_status":"","sticky":false,"template":"","format":"standard","meta":{"_acf_changed":false,"_et_pb_use_builder":"","_et_pb_old_content":"","_et_gb_content_width":"","footnotes":""},"categories":[39],"tags":[],"class_list":["post-2916","post","type-post","status-publish","format-standard","has-post-thumbnail","hentry","category-belgium"],"acf":[],"yoast_head":"<!-- This site is optimized with the Yoast SEO plugin v27.5 - https:\/\/yoast.com\/product\/yoast-seo-wordpress\/ -->\n<title>Geschichte und Chronologie der belgischen Mode | Belgae<\/title>\n<meta name=\"robots\" content=\"index, follow, max-snippet:-1, max-image-preview:large, max-video-preview:-1\" \/>\n<link rel=\"canonical\" href=\"https:\/\/www.belgae.be\/de\/blog\/geschichte-und-chronologie-der-belgischen-mode\/\" \/>\n<meta property=\"og:locale\" content=\"de_DE\" \/>\n<meta property=\"og:type\" content=\"article\" \/>\n<meta property=\"og:title\" content=\"Geschichte und Chronologie der belgischen Mode | Belgae\" \/>\n<meta property=\"og:description\" content=\"Hallo Modebegeisterte! Habt ihr euch jemals gefragt, woher die belgische Mode stammt? Lasst uns eine Reise in die Vergangenheit unternehmen.\" \/>\n<meta property=\"og:url\" content=\"https:\/\/www.belgae.be\/de\/blog\/geschichte-und-chronologie-der-belgischen-mode\/\" \/>\n<meta property=\"og:site_name\" content=\"Belgae\" \/>\n<meta property=\"article:published_time\" content=\"2023-08-02T17:15:29+00:00\" \/>\n<meta property=\"og:image\" content=\"https:\/\/www.belgae.be\/imageHolder\/\/wp-content\/uploads\/sites\/2\/2023\/07\/loading-spinner-belgae.gif\" \/>\n<meta name=\"author\" content=\"Cyril Gendarme\" \/>\n<meta name=\"twitter:card\" content=\"summary_large_image\" \/>\n<meta name=\"twitter:label1\" content=\"Verfasst von\" \/>\n\t<meta name=\"twitter:data1\" content=\"Cyril Gendarme\" \/>\n\t<meta name=\"twitter:label2\" content=\"Gesch\u00e4tzte Lesezeit\" \/>\n\t<meta name=\"twitter:data2\" content=\"7\u00a0Minuten\" \/>\n<script type=\"application\/ld+json\" class=\"yoast-schema-graph\">{\"@context\":\"https:\\\/\\\/schema.org\",\"@graph\":[{\"@type\":\"Article\",\"@id\":\"https:\\\/\\\/www.belgae.be\\\/de\\\/blog\\\/geschichte-und-chronologie-der-belgischen-mode\\\/#article\",\"isPartOf\":{\"@id\":\"https:\\\/\\\/www.belgae.be\\\/de\\\/blog\\\/geschichte-und-chronologie-der-belgischen-mode\\\/\"},\"author\":{\"name\":\"Cyril Gendarme\",\"@id\":\"https:\\\/\\\/www.belgae.be\\\/de\\\/#\\\/schema\\\/person\\\/646b40b88212bc5335f9c4fa787df047\"},\"headline\":\"Geschichte und Chronologie der belgischen Mode\",\"datePublished\":\"2023-08-02T17:15:29+00:00\",\"mainEntityOfPage\":{\"@id\":\"https:\\\/\\\/www.belgae.be\\\/de\\\/blog\\\/geschichte-und-chronologie-der-belgischen-mode\\\/\"},\"wordCount\":1419,\"commentCount\":0,\"publisher\":{\"@id\":\"https:\\\/\\\/www.belgae.be\\\/de\\\/#organization\"},\"image\":{\"@id\":\"https:\\\/\\\/www.belgae.be\\\/de\\\/blog\\\/geschichte-und-chronologie-der-belgischen-mode\\\/#primaryimage\"},\"thumbnailUrl\":\"https:\\\/\\\/www.belgae.be\\\/de\\\/wp-content\\\/uploads\\\/sites\\\/2\\\/2023\\\/08\\\/cyril_ge_a_belgian_museum_Franco-Belgian_comic_style_black_and__6244042a-de00-46a1-b63b-a11e810d0663-Copie-1024x567-1.jpg\",\"articleSection\":[\"Belgium\"],\"inLanguage\":\"de\",\"potentialAction\":[{\"@type\":\"CommentAction\",\"name\":\"Comment\",\"target\":[\"https:\\\/\\\/www.belgae.be\\\/de\\\/blog\\\/geschichte-und-chronologie-der-belgischen-mode\\\/#respond\"]}]},{\"@type\":\"WebPage\",\"@id\":\"https:\\\/\\\/www.belgae.be\\\/de\\\/blog\\\/geschichte-und-chronologie-der-belgischen-mode\\\/\",\"url\":\"https:\\\/\\\/www.belgae.be\\\/de\\\/blog\\\/geschichte-und-chronologie-der-belgischen-mode\\\/\",\"name\":\"Geschichte und Chronologie der belgischen Mode | Belgae\",\"isPartOf\":{\"@id\":\"https:\\\/\\\/www.belgae.be\\\/de\\\/#website\"},\"primaryImageOfPage\":{\"@id\":\"https:\\\/\\\/www.belgae.be\\\/de\\\/blog\\\/geschichte-und-chronologie-der-belgischen-mode\\\/#primaryimage\"},\"image\":{\"@id\":\"https:\\\/\\\/www.belgae.be\\\/de\\\/blog\\\/geschichte-und-chronologie-der-belgischen-mode\\\/#primaryimage\"},\"thumbnailUrl\":\"https:\\\/\\\/www.belgae.be\\\/de\\\/wp-content\\\/uploads\\\/sites\\\/2\\\/2023\\\/08\\\/cyril_ge_a_belgian_museum_Franco-Belgian_comic_style_black_and__6244042a-de00-46a1-b63b-a11e810d0663-Copie-1024x567-1.jpg\",\"datePublished\":\"2023-08-02T17:15:29+00:00\",\"breadcrumb\":{\"@id\":\"https:\\\/\\\/www.belgae.be\\\/de\\\/blog\\\/geschichte-und-chronologie-der-belgischen-mode\\\/#breadcrumb\"},\"inLanguage\":\"de\",\"potentialAction\":[{\"@type\":\"ReadAction\",\"target\":[\"https:\\\/\\\/www.belgae.be\\\/de\\\/blog\\\/geschichte-und-chronologie-der-belgischen-mode\\\/\"]}]},{\"@type\":\"ImageObject\",\"inLanguage\":\"de\",\"@id\":\"https:\\\/\\\/www.belgae.be\\\/de\\\/blog\\\/geschichte-und-chronologie-der-belgischen-mode\\\/#primaryimage\",\"url\":\"https:\\\/\\\/www.belgae.be\\\/de\\\/wp-content\\\/uploads\\\/sites\\\/2\\\/2023\\\/08\\\/cyril_ge_a_belgian_museum_Franco-Belgian_comic_style_black_and__6244042a-de00-46a1-b63b-a11e810d0663-Copie-1024x567-1.jpg\",\"contentUrl\":\"https:\\\/\\\/www.belgae.be\\\/de\\\/wp-content\\\/uploads\\\/sites\\\/2\\\/2023\\\/08\\\/cyril_ge_a_belgian_museum_Franco-Belgian_comic_style_black_and__6244042a-de00-46a1-b63b-a11e810d0663-Copie-1024x567-1.jpg\"},{\"@type\":\"BreadcrumbList\",\"@id\":\"https:\\\/\\\/www.belgae.be\\\/de\\\/blog\\\/geschichte-und-chronologie-der-belgischen-mode\\\/#breadcrumb\",\"itemListElement\":[{\"@type\":\"ListItem\",\"position\":1,\"name\":\"Accueil\",\"item\":\"https:\\\/\\\/www.belgae.be\\\/de\\\/\"},{\"@type\":\"ListItem\",\"position\":2,\"name\":\"Geschichte und Chronologie der belgischen Mode\"}]},{\"@type\":\"WebSite\",\"@id\":\"https:\\\/\\\/www.belgae.be\\\/de\\\/#website\",\"url\":\"https:\\\/\\\/www.belgae.be\\\/de\\\/\",\"name\":\"Belgae\",\"description\":\"Belgische Kunst &amp; Mode\",\"publisher\":{\"@id\":\"https:\\\/\\\/www.belgae.be\\\/de\\\/#organization\"},\"potentialAction\":[{\"@type\":\"SearchAction\",\"target\":{\"@type\":\"EntryPoint\",\"urlTemplate\":\"https:\\\/\\\/www.belgae.be\\\/de\\\/?s={search_term_string}\"},\"query-input\":{\"@type\":\"PropertyValueSpecification\",\"valueRequired\":true,\"valueName\":\"search_term_string\"}}],\"inLanguage\":\"de\"},{\"@type\":\"Organization\",\"@id\":\"https:\\\/\\\/www.belgae.be\\\/de\\\/#organization\",\"name\":\"Belgae\",\"url\":\"https:\\\/\\\/www.belgae.be\\\/de\\\/\",\"logo\":{\"@type\":\"ImageObject\",\"inLanguage\":\"de\",\"@id\":\"https:\\\/\\\/www.belgae.be\\\/de\\\/#\\\/schema\\\/logo\\\/image\\\/\",\"url\":\"https:\\\/\\\/www.belgae.be\\\/de\\\/wp-content\\\/uploads\\\/sites\\\/2\\\/2023\\\/07\\\/Sans-titre1-Copie.png\",\"contentUrl\":\"https:\\\/\\\/www.belgae.be\\\/de\\\/wp-content\\\/uploads\\\/sites\\\/2\\\/2023\\\/07\\\/Sans-titre1-Copie.png\",\"width\":88,\"height\":88,\"caption\":\"Belgae\"},\"image\":{\"@id\":\"https:\\\/\\\/www.belgae.be\\\/de\\\/#\\\/schema\\\/logo\\\/image\\\/\"}},{\"@type\":\"Person\",\"@id\":\"https:\\\/\\\/www.belgae.be\\\/de\\\/#\\\/schema\\\/person\\\/646b40b88212bc5335f9c4fa787df047\",\"name\":\"Cyril Gendarme\",\"sameAs\":[\"https:\\\/\\\/www.belgae.be\"],\"url\":\"https:\\\/\\\/www.belgae.be\\\/de\\\/blog\\\/author\\\/cgen\\\/\"}]}<\/script>\n<!-- \/ Yoast SEO plugin. -->","yoast_head_json":{"title":"Geschichte und Chronologie der belgischen Mode | Belgae","robots":{"index":"index","follow":"follow","max-snippet":"max-snippet:-1","max-image-preview":"max-image-preview:large","max-video-preview":"max-video-preview:-1"},"canonical":"https:\/\/www.belgae.be\/de\/blog\/geschichte-und-chronologie-der-belgischen-mode\/","og_locale":"de_DE","og_type":"article","og_title":"Geschichte und Chronologie der belgischen Mode | Belgae","og_description":"Hallo Modebegeisterte! Habt ihr euch jemals gefragt, woher die belgische Mode stammt? Lasst uns eine Reise in die Vergangenheit unternehmen.","og_url":"https:\/\/www.belgae.be\/de\/blog\/geschichte-und-chronologie-der-belgischen-mode\/","og_site_name":"Belgae","article_published_time":"2023-08-02T17:15:29+00:00","og_image":[{"url":"https:\/\/www.belgae.be\/imageHolder\/\/wp-content\/uploads\/sites\/2\/2023\/07\/loading-spinner-belgae.gif","type":"","width":"","height":""}],"author":"Cyril Gendarme","twitter_card":"summary_large_image","twitter_misc":{"Verfasst von":"Cyril Gendarme","Gesch\u00e4tzte Lesezeit":"7\u00a0Minuten"},"schema":{"@context":"https:\/\/schema.org","@graph":[{"@type":"Article","@id":"https:\/\/www.belgae.be\/de\/blog\/geschichte-und-chronologie-der-belgischen-mode\/#article","isPartOf":{"@id":"https:\/\/www.belgae.be\/de\/blog\/geschichte-und-chronologie-der-belgischen-mode\/"},"author":{"name":"Cyril Gendarme","@id":"https:\/\/www.belgae.be\/de\/#\/schema\/person\/646b40b88212bc5335f9c4fa787df047"},"headline":"Geschichte und Chronologie der belgischen Mode","datePublished":"2023-08-02T17:15:29+00:00","mainEntityOfPage":{"@id":"https:\/\/www.belgae.be\/de\/blog\/geschichte-und-chronologie-der-belgischen-mode\/"},"wordCount":1419,"commentCount":0,"publisher":{"@id":"https:\/\/www.belgae.be\/de\/#organization"},"image":{"@id":"https:\/\/www.belgae.be\/de\/blog\/geschichte-und-chronologie-der-belgischen-mode\/#primaryimage"},"thumbnailUrl":"https:\/\/www.belgae.be\/de\/wp-content\/uploads\/sites\/2\/2023\/08\/cyril_ge_a_belgian_museum_Franco-Belgian_comic_style_black_and__6244042a-de00-46a1-b63b-a11e810d0663-Copie-1024x567-1.jpg","articleSection":["Belgium"],"inLanguage":"de","potentialAction":[{"@type":"CommentAction","name":"Comment","target":["https:\/\/www.belgae.be\/de\/blog\/geschichte-und-chronologie-der-belgischen-mode\/#respond"]}]},{"@type":"WebPage","@id":"https:\/\/www.belgae.be\/de\/blog\/geschichte-und-chronologie-der-belgischen-mode\/","url":"https:\/\/www.belgae.be\/de\/blog\/geschichte-und-chronologie-der-belgischen-mode\/","name":"Geschichte und Chronologie der belgischen Mode | Belgae","isPartOf":{"@id":"https:\/\/www.belgae.be\/de\/#website"},"primaryImageOfPage":{"@id":"https:\/\/www.belgae.be\/de\/blog\/geschichte-und-chronologie-der-belgischen-mode\/#primaryimage"},"image":{"@id":"https:\/\/www.belgae.be\/de\/blog\/geschichte-und-chronologie-der-belgischen-mode\/#primaryimage"},"thumbnailUrl":"https:\/\/www.belgae.be\/de\/wp-content\/uploads\/sites\/2\/2023\/08\/cyril_ge_a_belgian_museum_Franco-Belgian_comic_style_black_and__6244042a-de00-46a1-b63b-a11e810d0663-Copie-1024x567-1.jpg","datePublished":"2023-08-02T17:15:29+00:00","breadcrumb":{"@id":"https:\/\/www.belgae.be\/de\/blog\/geschichte-und-chronologie-der-belgischen-mode\/#breadcrumb"},"inLanguage":"de","potentialAction":[{"@type":"ReadAction","target":["https:\/\/www.belgae.be\/de\/blog\/geschichte-und-chronologie-der-belgischen-mode\/"]}]},{"@type":"ImageObject","inLanguage":"de","@id":"https:\/\/www.belgae.be\/de\/blog\/geschichte-und-chronologie-der-belgischen-mode\/#primaryimage","url":"https:\/\/www.belgae.be\/de\/wp-content\/uploads\/sites\/2\/2023\/08\/cyril_ge_a_belgian_museum_Franco-Belgian_comic_style_black_and__6244042a-de00-46a1-b63b-a11e810d0663-Copie-1024x567-1.jpg","contentUrl":"https:\/\/www.belgae.be\/de\/wp-content\/uploads\/sites\/2\/2023\/08\/cyril_ge_a_belgian_museum_Franco-Belgian_comic_style_black_and__6244042a-de00-46a1-b63b-a11e810d0663-Copie-1024x567-1.jpg"},{"@type":"BreadcrumbList","@id":"https:\/\/www.belgae.be\/de\/blog\/geschichte-und-chronologie-der-belgischen-mode\/#breadcrumb","itemListElement":[{"@type":"ListItem","position":1,"name":"Accueil","item":"https:\/\/www.belgae.be\/de\/"},{"@type":"ListItem","position":2,"name":"Geschichte und Chronologie der belgischen Mode"}]},{"@type":"WebSite","@id":"https:\/\/www.belgae.be\/de\/#website","url":"https:\/\/www.belgae.be\/de\/","name":"Belgae","description":"Belgische Kunst &amp; Mode","publisher":{"@id":"https:\/\/www.belgae.be\/de\/#organization"},"potentialAction":[{"@type":"SearchAction","target":{"@type":"EntryPoint","urlTemplate":"https:\/\/www.belgae.be\/de\/?s={search_term_string}"},"query-input":{"@type":"PropertyValueSpecification","valueRequired":true,"valueName":"search_term_string"}}],"inLanguage":"de"},{"@type":"Organization","@id":"https:\/\/www.belgae.be\/de\/#organization","name":"Belgae","url":"https:\/\/www.belgae.be\/de\/","logo":{"@type":"ImageObject","inLanguage":"de","@id":"https:\/\/www.belgae.be\/de\/#\/schema\/logo\/image\/","url":"https:\/\/www.belgae.be\/de\/wp-content\/uploads\/sites\/2\/2023\/07\/Sans-titre1-Copie.png","contentUrl":"https:\/\/www.belgae.be\/de\/wp-content\/uploads\/sites\/2\/2023\/07\/Sans-titre1-Copie.png","width":88,"height":88,"caption":"Belgae"},"image":{"@id":"https:\/\/www.belgae.be\/de\/#\/schema\/logo\/image\/"}},{"@type":"Person","@id":"https:\/\/www.belgae.be\/de\/#\/schema\/person\/646b40b88212bc5335f9c4fa787df047","name":"Cyril Gendarme","sameAs":["https:\/\/www.belgae.be"],"url":"https:\/\/www.belgae.be\/de\/blog\/author\/cgen\/"}]}},"_links":{"self":[{"href":"https:\/\/www.belgae.be\/de\/wp-json\/wp\/v2\/posts\/2916","targetHints":{"allow":["GET"]}}],"collection":[{"href":"https:\/\/www.belgae.be\/de\/wp-json\/wp\/v2\/posts"}],"about":[{"href":"https:\/\/www.belgae.be\/de\/wp-json\/wp\/v2\/types\/post"}],"author":[{"embeddable":true,"href":"https:\/\/www.belgae.be\/de\/wp-json\/wp\/v2\/users\/1"}],"replies":[{"embeddable":true,"href":"https:\/\/www.belgae.be\/de\/wp-json\/wp\/v2\/comments?post=2916"}],"version-history":[{"count":0,"href":"https:\/\/www.belgae.be\/de\/wp-json\/wp\/v2\/posts\/2916\/revisions"}],"wp:featuredmedia":[{"embeddable":true,"href":"https:\/\/www.belgae.be\/de\/wp-json\/"}],"wp:attachment":[{"href":"https:\/\/www.belgae.be\/de\/wp-json\/wp\/v2\/media?parent=2916"}],"wp:term":[{"taxonomy":"category","embeddable":true,"href":"https:\/\/www.belgae.be\/de\/wp-json\/wp\/v2\/categories?post=2916"},{"taxonomy":"post_tag","embeddable":true,"href":"https:\/\/www.belgae.be\/de\/wp-json\/wp\/v2\/tags?post=2916"}],"curies":[{"name":"wp","href":"https:\/\/api.w.org\/{rel}","templated":true}]}}