{"id":2911,"date":"2023-08-02T14:48:22","date_gmt":"2023-08-02T14:48:22","guid":{"rendered":"https:\/\/www.belgae.be\/de\/blog\/welches-modestueck-sollte-man-diesen-sommer-auf-einem-festival-tragen\/"},"modified":"2023-08-02T14:48:22","modified_gmt":"2023-08-02T14:48:22","slug":"welches-modestueck-sollte-man-diesen-sommer-auf-einem-festival-tragen","status":"publish","type":"post","link":"https:\/\/www.belgae.be\/de\/blog\/welches-modestueck-sollte-man-diesen-sommer-auf-einem-festival-tragen\/","title":{"rendered":"Welches Modest\u00fcck sollte man diesen Sommer auf einem Festival tragen?"},"content":{"rendered":"<p>Machen Sie sich bereit, in dieser Festival-Saison alle Blicke auf sich zu ziehen! Wir tauchen tief ein in die lebendige Welt der Sommermusikfestivals und erkunden die hei\u00dfesten Modetrends, die Sie aus jeder Menge hervorstechen lassen. <\/p>\n<p>Ob es sich um einen sonnenverw\u00f6hnten Tagesauftritt oder eine elektrisierende Nachtveranstaltung handelt, wir haben Ihren Stilf\u00fchrer im Griff. Lassen Sie uns beginnen, Ihre ultimative Festivalgarderobe f\u00fcr unvergessliche Sommererinnerungen zu kuratieren!<\/p>\n<section class=\"contentTable_table\">\n<p class=\"contentTable_title\">Inhalt: <\/p>\n<p class=\"contentTable_elem\"><a href=\"#balise_0\">1. Festival Stimmung: Wie man Kleidung ausw\u00e4hlt, die den Festivalgeist widerspiegelt<\/a><\/p>\n<p class=\"contentTable_elem\"><a href=\"#balise_1\">2. Mix &#038; Match: Kreieren Sie einzigartige Outfits, indem Sie verschiedene Teile kombinieren<\/a><\/p>\n<p class=\"contentTable_elem\"><a href=\"#balise_2\">3. Funkelnde Accessoires: Details, die Ihrem Aussehen Magie verleihen<\/a><\/p>\n<p class=\"contentTable_elem\"><a href=\"#balise_3\">4. Bequeme Schuhe: Die richtige Balance zwischen Stil und Praktikabilit\u00e4t finden<\/a><\/p>\n<p class=\"contentTable_elem\"><a href=\"#balise_4\">5. Atmungsaktive Kleidung: W\u00e4hlen Sie Materialien, die f\u00fcr lange Tage im Freien geeignet sind<\/a><\/p>\n<p class=\"contentTable_elem\"><a href=\"#balise_5\">6. Ethischer Modus beim Festival: Unterst\u00fctzung engagierter Initiativen<\/a><\/p>\n<p class=\"contentTable_elem\"><a href=\"#balise_6\">7. DIY: Gestalten Sie Ihre Kleidung f\u00fcr eine pers\u00f6nliche Note auf dem Festival<\/a><\/p>\n<p class=\"contentTable_elem\"><a href=\"#balise_7\">8. Rucks\u00e4cke: W\u00e4hlen Sie funktionale und trendige Taschen<\/a><\/p>\n<p class=\"contentTable_elem\"><a href=\"#balise_8\">9. Festivalh\u00fcte: Unverzichtbares Zubeh\u00f6r f\u00fcr Sonnenschutz<\/a><\/p>\n<p class=\"contentTable_elem\"><a href=\"#balise_9\">10. Regenbekleidung: Seien Sie bereit, Regenschauern zu trotzen und dabei elegant zu bleiben<\/a><\/p>\n<p class=\"contentTable_elem\"><a href=\"#balise_10\">11. Setzen Sie auf Minimalismus: W\u00e4hlen Sie Einfachheit und Effizienz bei Festivals<\/a><\/p>\n<\/section>\n<p><img loading=\"lazy\" decoding=\"async\" class=\"lazyload articleImageSquare_CGEN\" height=\"400\" width=\"400\" src=\"https:\/\/www.belgae.be\/imageHolder\/\/wp-content\/uploads\/sites\/2\/2023\/07\/loading-spinner-belgae.gif\" data-src=\"https:\/\/www.belgae.be\/imageHolder\/\/wp-content\/uploads\/sites\/2\/2023\/08\/tmprus6dxi3.jpg\" alt=\"tmprus6dxi\" \/><\/p>\n<h2 id=\"balise_0\">Festival Stimmung: Wie man Kleidung ausw\u00e4hlt, die den Festivalgeist widerspiegelt<\/h2>\n<p>Festivals verk\u00f6rpern Kreativit\u00e4t, Freiheit und Selbstausdruck. Bei der Auswahl des Festival-Outfits ist Fantasie gefragt! W\u00e4hlen Sie leuchtende Farben, mutige Muster und einzigartige Designs, die das Wesen des Events einfangen. Ob boh\u00e8me-chic oder urbaner Street-Style oder sogar eine Mischung aus beidem &#8211; bei der Festivalmode gibt es keine Regeln!<\/p>\n<p>Die Wahl des perfekten Outfits f\u00fcr ein Festival kann einen gro\u00dfen Unterschied machen. Es geht darum, sich in seiner Haut wohl zu f\u00fchlen und gleichzeitig die Stimmung des Festivals widerzuspiegeln.<\/p>\n<p>Lebendige Farbt\u00f6ne k\u00f6nnen den Geist eines Festivals zum Leben erwecken. Mutige Muster sind auch immer willkommen auf einem solchen Event.<\/p>\n<p>Einzigartigkeit sollte immer im Mittelpunkt stehen wenn es ums Styling geht. Jeder hat seinen eigenen Geschmack und Stil; dies macht jedes Outfit besonders.<\/p>\n<p>Ob Boho-Chic mit l\u00e4ssigen Sommervibes oder Street-Style mit modernem Flair: Die M\u00f6glichkeiten sind endlos! Und vergessen Sie nicht: Bei der Mode f\u00fcr Musikfestivals gibt es keine festgelegten Regeln.<\/p>\n<p><img loading=\"lazy\" decoding=\"async\" class=\"lazyload articleImageSquare_CGEN\" height=\"400\" width=\"400\" src=\"https:\/\/www.belgae.be\/imageHolder\/\/wp-content\/uploads\/sites\/2\/2023\/07\/loading-spinner-belgae.gif\" data-src=\"https:\/\/www.belgae.be\/imageHolder\/\/wp-content\/uploads\/sites\/2\/2023\/08\/tmpwukh6lmy.jpg\" alt=\"tmpwukh6lmy\" \/><\/p>\n<h2 id=\"balise_1\">Mix &#038; Match: Kreieren Sie einzigartige Outfits, indem Sie verschiedene Teile kombinieren<\/h2>\n<p>Eines der besten Dinge an Festivals ist das Experimentieren mit verschiedenen Stilen und das Kreieren einzigartiger Looks. Haben Sie keine Angst, verschiedene Teile aus Ihrer Garderobe zu kombinieren. Kombinieren Sie Vintage-Funde mit modernen Basics oder schichten Sie kontrastierende Texturen f\u00fcr ein vielseitiges Ensemble, das sich wirklich von der Masse abhebt.<\/p>\n<p>Festival-Outfits bieten die perfekte Plattform zum Ausdruck individueller \u00c4sthetik. Nutzen Sie diese Gelegenheit und lassen Sie Ihrer kreativen Ader freien Lauf! Verwandeln Sie Ihren pers\u00f6nlichen Stil in eine unverwechselbare Modeaussage.<\/p>\n<p>Spielen sie mit Farben und Mustern, um aufsehenerregende Outfits zu kreieren. Sei es eine mutige Neonjacke oder ein zarter Spitzenrock &#8211; alles kann Teil Ihres Festival-Looks sein! Vergessen sie nicht: Einzigartigkeit ist Ihr bestes Accessoire bei jedem Festival.<\/p>\n<p>Ob klassisch-elegant oder wild-unkonventionell: Mit dem richtigen Mix aus Alt und Neu wird jedes Outfit zum Hingucker auf jedem Festivalgel\u00e4nde. Lassen sie ihren modischen Fingerspitzengef\u00fchl spielen &#8211; Spa\u00df an Mode steht hierbei im Vordergrund!<\/p>\n<p><img loading=\"lazy\" decoding=\"async\" class=\"lazyload articleImageSquare_CGEN\" height=\"400\" width=\"400\" src=\"https:\/\/www.belgae.be\/imageHolder\/\/wp-content\/uploads\/sites\/2\/2023\/07\/loading-spinner-belgae.gif\" data-src=\"https:\/\/www.belgae.be\/imageHolder\/\/wp-content\/uploads\/sites\/2\/2023\/08\/tmp1q_ab_uw.jpg\" alt=\"tmp1q_ab_uw\" \/><\/p>\n<h2 id=\"balise_2\">Funkelnde Accessoires: Details, die Ihrem Aussehen Magie verleihen<\/h2>\n<p>Zubeh\u00f6r kann das Outfit bei jedem Festival aufwerten oder ruinieren. F\u00fcge etwas Glanz hinzu mit auff\u00e4lligen Schmuckst\u00fccken wie massiven Halsketten oder \u00fcbergro\u00dfen Ohrringen. Experimentiere mit tempor\u00e4ren Tattoos, K\u00f6rperketten und bunten Schals &#8211; alles ist m\u00f6glich! Diese kleinen Details werden dein Gesamtbild verbessern und eine pers\u00f6nliche Note hinzuf\u00fcgen.<\/p>\n<p>Ein weiterer Tipp: Sei nicht sch\u00fcchtern, wenn es um Farben geht. Leuchtende T\u00f6ne k\u00f6nnen deinem Outfit Frische verleihen und dich in der Menge abheben lassen. Egal ob du ein Neuling oder ein erfahrener Festivalbesucher bist, vergiss nicht die Bedeutung von Zubeh\u00f6r.<\/p>\n<p>Die richtige Auswahl an Accessoires kann dir dabei helfen, aus der Masse herauszustechen und unvergessliche Looks zu kreieren. Also trau dich ruhig mal was anderes auszuprobieren! Mit den passenden St\u00fccken wird jeder Tag zum Highlight auf dem Festivalgel\u00e4nde.<\/p>\n<p><img loading=\"lazy\" decoding=\"async\" class=\"lazyload articleImageSquare_CGEN\" height=\"400\" width=\"400\" src=\"https:\/\/www.belgae.be\/imageHolder\/\/wp-content\/uploads\/sites\/2\/2023\/07\/loading-spinner-belgae.gif\" data-src=\"https:\/\/www.belgae.be\/imageHolder\/\/wp-content\/uploads\/sites\/2\/2023\/08\/tmpe8oui8tw.jpg\" alt=\"tmpe8oui8tw\" \/><\/p>\n<h2 id=\"balise_3\">Bequeme Schuhe: Die richtige Balance zwischen Stil und Praktikabilit\u00e4t finden<\/h2>\n<p>Wenn den ganzen Tag unter der Sonne (oder den Sternen) getanzt wird, sind bequeme Schuhe unverzichtbar. Suchen Sie nach modischen Optionen wie Sneakers oder Sandalen aus atmungsaktiven Materialien wie Leinwand oder Leder, damit das Tanzerlebnis nicht auf Kosten des Komforts geht.<\/p>\n<p>F\u00fcr jeden Tanzliebhaber ist es wichtig, stilvolle und gleichzeitig komfortable Schuhe zu haben. Atmungsaktive Materialien erm\u00f6glichen ein angenehmes Tragegef\u00fchl auch bei l\u00e4ngeren Tanzsessions.<\/p>\n<p>Egal ob unter dem sengenden Sonnenlicht oder dem funkelnden Sternenhimmel &#8211; die Wahl des richtigen Schuhwerks kann einen gro\u00dfen Unterschied machen. Sei es ein Paar trendige Turnschuhe f\u00fcr hippe Stra\u00dfent\u00e4nze oder leichte Ledersandalen f\u00fcr sommerliche Strandpartys.<\/p>\n<p>Schlie\u00dflich sollte man beim Tanzen keine Kompromisse eingehen m\u00fcssen. Mit der richtigen Auswahl an Schuhen k\u00f6nnen Sie sich voll und ganz auf die Musik konzentrieren und Ihr Rhythmusgef\u00fchl voll ausspielen.<\/p>\n<p><img loading=\"lazy\" decoding=\"async\" class=\"lazyload articleImageSquare_CGEN\" height=\"400\" width=\"400\" src=\"https:\/\/www.belgae.be\/imageHolder\/\/wp-content\/uploads\/sites\/2\/2023\/07\/loading-spinner-belgae.gif\" data-src=\"https:\/\/www.belgae.be\/imageHolder\/\/wp-content\/uploads\/sites\/2\/2023\/08\/tmp2kwagigl.jpg\" alt=\"tmp2kwagigl\" \/><\/p>\n<h2 id=\"balise_4\">Atmungsaktive Kleidung: W\u00e4hlen Sie Materialien, die f\u00fcr lange Tage im Freien geeignet sind<\/h2>\n<p>Lange Stunden im Freien erfordern Kleidung aus leichten Stoffen, die den ganzen Tag \u00fcber Luftzirkulation erm\u00f6glichen. Denken Sie an Baumwollmischungen, Leinenkleider und locker sitzende Oberteile. Vermeiden Sie schwere synthetische Materialien, die w\u00e4hrend hei\u00dfer Sommerfestivals Unbehagen verursachen k\u00f6nnen.<\/p>\n<p>Wenn man viel Zeit drau\u00dfen verbringt, sind leichte Gewebe unverzichtbar. Diese sorgen f\u00fcr eine konstante Bel\u00fcftung des K\u00f6rpers: von Baumwollmischgeweben bis hin zu luftigen Leinenkleidern und locker geschnittenen Tops.<\/p>\n<p>Schwere Kunststoffmaterialien sollten vermieden werden. Insbesondere bei hei\u00dfen Sommerfestivals k\u00f6nnen sie f\u00fcr Unwohlsein sorgen.<\/p>\n<p>F\u00fcr Outdoor-Aktivit\u00e4ten w\u00e4hlen Sie am besten Kleidungsst\u00fccke aus Naturfasern wie Baumwolle oder Leinen. Diese Materialien sind nicht nur leicht und atmungsaktiv, sondern sehen auch modisch aus! <\/p>\n<p>Achten Sie auf lockere Passformen &#8211; sie bieten mehr Komfort in der Hitze als enge Kleidungsst\u00fccke.<\/p>\n<p>Die Wahl des richtigen Materials kann einen gro\u00dfen Unterschied machen &#8211; insbesondere wenn es um Sommerfeste geht!<\/p>\n<p><img loading=\"lazy\" decoding=\"async\" class=\"lazyload articleImageSquare_CGEN\" height=\"400\" width=\"400\" src=\"https:\/\/www.belgae.be\/imageHolder\/\/wp-content\/uploads\/sites\/2\/2023\/07\/loading-spinner-belgae.gif\" data-src=\"https:\/\/www.belgae.be\/imageHolder\/\/wp-content\/uploads\/sites\/2\/2023\/08\/tmp2jbsgjpd.jpg\" alt=\"tmp2jbsgjpd\" \/><\/p>\n<h2 id=\"balise_5\">Ethischer Modus beim Festival: Unterst\u00fctzung engagierter Initiativen<\/h2>\n<p>Als bewusster Festivalbesucher, warum nicht ethische Modemarken unterst\u00fctzen, die nachhaltige Praktiken priorisieren?<\/p>\n<p> Suchen Sie nach Kleidung aus biologischen oder recycelten Materialien. Durch die Wahl umweltfreundlicher Optionen k\u00f6nnen Sie die Festlichkeiten ohne Schuldgef\u00fchle genie\u00dfen und gleichzeitig einen positiven Beitrag zur Umwelt leisten.<\/p>\n<p>Ist es nicht an der Zeit, Verantwortung zu \u00fcbernehmen und sich f\u00fcr eine gr\u00fcnere Zukunft einzusetzen?<\/p>\n<p> Es ist m\u00f6glich, Spa\u00df zu haben und dabei noch auf unseren Planeten aufzupassen. Jede Entscheidung z\u00e4hlt!<\/p>\n<p>Es geht darum, den richtigen Weg zu gehen. Ein kleiner Schritt in Richtung eines verantwortlichen Lebensstils kann gro\u00dfe Ver\u00e4nderungen bewirken. Also warum warten?<\/p>\n<p> Mach mit bei dieser wichtigen Bewegung.<\/p>\n<p>Mit jedem Kauf sendest du eine Botschaft aus &#8211; lass sie z\u00e4hlen! Setze ein Zeichen gegen Verschwendung und \u00dcberkonsumption. Unterst\u00fctze Marken, die sich f\u00fcr Nachhaltigkeit engagieren.<\/p>\n<p>Erinnern wir uns daran: Wir sind alle Teil dieses sch\u00f6nen Planeten Erde. Die Wahl liegt bei uns allen &#8211; lasst uns sie weise treffen!<\/p>\n<p><img loading=\"lazy\" decoding=\"async\" class=\"lazyload articleImageSquare_CGEN\" height=\"400\" width=\"400\" src=\"https:\/\/www.belgae.be\/imageHolder\/\/wp-content\/uploads\/sites\/2\/2023\/07\/loading-spinner-belgae.gif\" data-src=\"https:\/\/www.belgae.be\/imageHolder\/\/wp-content\/uploads\/sites\/2\/2023\/08\/tmpr8yn2a80.jpg\" alt=\"tmpr8yn2a\" \/><\/p>\n<h2 id=\"balise_6\">DIY: Gestalten Sie Ihre Kleidung f\u00fcr eine pers\u00f6nliche Note auf dem Festival<\/h2>\n<p>M\u00f6chten Sie sich noch mehr hervorheben?<\/p>\n<p> Seien Sie kreativ und gestalten Sie Ihre Kleidung individuell! Versehen Sie Ihre Lieblings-Jeansjacke mit Patches, Nieten oder Stickereien. F\u00e4rben Sie alte T-Shirts in leuchtenden Farben tie-dye oder kreieren einzigartige Designs mit Stofffarbe.<\/p>\n<p>Die M\u00f6glichkeiten sind endlos, wenn es darum geht, eine pers\u00f6nliche Note hinzuzuf\u00fcgen! Es liegt alles in Ihren H\u00e4nden. Gestalten und entdecken &#8211; lassen sie Ihrer Kreativit\u00e4t freien Lauf!<\/p>\n<p>Ob verspielt oder stilvoll: Mit etwas Geschick und Fantasie wird jedes Kleidungsst\u00fcck zum Unikat. Die Individualisierung Ihrer Garderobe hat nie mehr Spa\u00df gemacht.<\/p>\n<p>Erfinden sie sich neu &#8211; jeden Tag aufs Neue! Machen sie den Unterschied deutlich sichtbar. Denn Mode ist Ausdruck von Pers\u00f6nlichkeit \u2013 zeigen sie der Welt wer sie sind!<\/p>\n<p><img loading=\"lazy\" decoding=\"async\" class=\"lazyload articleImageSquare_CGEN\" height=\"400\" width=\"400\" src=\"https:\/\/www.belgae.be\/imageHolder\/\/wp-content\/uploads\/sites\/2\/2023\/07\/loading-spinner-belgae.gif\" data-src=\"https:\/\/www.belgae.be\/imageHolder\/\/wp-content\/uploads\/sites\/2\/2023\/08\/tmpga566snb.jpg\" alt=\"tmpga566snb\" \/><\/p>\n<h2 id=\"balise_7\">Rucks\u00e4cke: W\u00e4hlen Sie funktionale und trendige Taschen<\/h2>\n<p>Ein Rucksack ist ein unverzichtbares Accessoire auf jedem Festival &#8211; er ist sowohl praktisch als auch modisch! W\u00e4hlen Sie einen mit mehreren F\u00e4chern, um Ihre Sachen den ganzen Tag \u00fcber ordentlich zu halten. Vergessen Sie nicht den Stil; entscheiden Sie sich f\u00fcr auff\u00e4llige Muster oder kr\u00e4ftige Farben, die zu Ihrem Outfit passen.<\/p>\n<p>In Bezug auf Funktionalit\u00e4t und Mode sind Rucks\u00e4cke eine gute Wahl f\u00fcr Festivals. Modelle mit mehreren Abteilungen helfen dabei, pers\u00f6nliche Gegenst\u00e4nde organisiert zu behalten. Der \u00e4sthetische Aspekt sollte ebenfalls ber\u00fccksichtigt werden.<\/p>\n<p>Vergessen wir nicht das Aussehen: Trendy Drucke und lebendige Farbt\u00f6ne k\u00f6nnen Ihr Outfit hervorheben. Ein gut ausgew\u00e4hlter Rucksack kann also ein echtes Statement setzen!<\/p>\n<p>Erinnern Sie sich daran: Bei einem Festival geht es nicht nur um Musik und Spa\u00df, sondern auch darum, stilvoll auszusehen. Mit dem richtigen Rucksack kombinieren sie Komfort und Style m\u00fchelos.<\/p>\n<p><img loading=\"lazy\" decoding=\"async\" class=\"lazyload articleImageSquare_CGEN\" height=\"400\" width=\"400\" src=\"https:\/\/www.belgae.be\/imageHolder\/\/wp-content\/uploads\/sites\/2\/2023\/07\/loading-spinner-belgae.gif\" data-src=\"https:\/\/www.belgae.be\/imageHolder\/\/wp-content\/uploads\/sites\/2\/2023\/08\/tmpdktrx6v4.jpg\" alt=\"tmpdktrx6v\" \/><\/p>\n<h2 id=\"balise_8\">Festivalh\u00fcte: Unverzichtbares Zubeh\u00f6r f\u00fcr Sonnenschutz<\/h2>\n<p>Sch\u00fctzen Sie sich an diesen hei\u00dfen Festivaltagen mit einem modischen Hut! Dieser sch\u00fctzt nicht nur vor sch\u00e4dlichen UV-Strahlen, sondern verleiht auch Ihrem Outfit das gewisse Etwas. <\/p>\n<p>Ob Sie breitkrempige H\u00fcte, l\u00e4ssig-luftige Boho-Stile oder klassische Baseballkappen bevorzugen &#8211; es gibt immer das passende Accessoire, um Ihren Look abzurunden.<\/p>\n<p>Denn ein gut ausgew\u00e4hlter Hut kann mehr als nur Schatten spenden. Er ist eine Aussage \u00fcber Ihre Pers\u00f6nlichkeit und Ihr Stilgef\u00fchl. Machen Sie also den n\u00e4chsten Schritt auf dem Weg zur perfekten Festivalgarderobe!<\/p>\n<p>Ein stilvoller Hut ist mehr als nur ein praktisches Kleidungsst\u00fcck f\u00fcr die sonnigen Tage im Freien. Es handelt sich um ein Modeaccessoire, welches jedem Outfit einen unverwechselbaren Charakter verleiht.<\/p>\n<p>Egal ob elegant oder entspannt: Mit dem richtigen Hut setzen Sie immer das perfekte Statement! Also z\u00f6gern sie nicht und finden ihren pers\u00f6nlichen Favoriten noch heute.<\/p>\n<p><img loading=\"lazy\" decoding=\"async\" class=\"lazyload articleImageSquare_CGEN\" height=\"400\" width=\"400\" src=\"https:\/\/www.belgae.be\/imageHolder\/\/wp-content\/uploads\/sites\/2\/2023\/07\/loading-spinner-belgae.gif\" data-src=\"https:\/\/www.belgae.be\/imageHolder\/\/wp-content\/uploads\/sites\/2\/2023\/08\/tmpnz6i8ur5.jpg\" alt=\"tmpnz6i8ur\" \/><\/p>\n<h2 id=\"balise_9\">Regenbekleidung: Seien Sie bereit, Regenschauern zu trotzen und dabei elegant zu bleiben<\/h2>\n<p>Regen muss unsere Stimmung w\u00e4hrend Festivals nicht tr\u00fcben, wenn wir gut vorbereitet sind! Investieren Sie in leichte Regenausr\u00fcstung wie wasserdichte Jacken und packbare Ponchos. So bleiben Sie trocken, ohne dabei auf Stil zu verzichten.<\/p>\n<p>Bunte Gummistiefel sollten Teil Ihrer Ausr\u00fcstung sein. Diese verwandeln das Pf\u00fctzenspringen in einen Spa\u00dfteil des Erlebnisses!<\/p>\n<p>Es ist wichtig sich daran zu erinnern, dass Vorbereitung der Schl\u00fcssel zum Erfolg ist &#8211; egal ob es regnet oder die Sonne scheint.<\/p>\n<p>Also lassen Sie sich durch ein wenig Niederschlag nicht entmutigen. Mit der richtigen Einstellung und Ausstattung wird jedes Festival unvergesslich sein!<\/p>\n<p><img loading=\"lazy\" decoding=\"async\" class=\"lazyload articleImageSquare_CGEN\" height=\"400\" width=\"400\" src=\"https:\/\/www.belgae.be\/imageHolder\/\/wp-content\/uploads\/sites\/2\/2023\/07\/loading-spinner-belgae.gif\" data-src=\"https:\/\/www.belgae.be\/imageHolder\/\/wp-content\/uploads\/sites\/2\/2023\/08\/tmpms7i5gjy.jpg\" alt=\"tmpms7i5gjy\" \/><\/p>\n<h2 id=\"balise_10\">Setzen Sie auf Minimalismus: W\u00e4hlen Sie Einfachheit und Effizienz bei Festivals<\/h2>\n<p>F\u00fcr manche Festivalbesucher ist weniger mehr. Setzen Sie auf den minimalistischen Ansatz, indem Sie bei Ihrer Outfit-Wahl auf Effizienz und Einfachheit achten. W\u00e4hlen Sie vielseitige Kleidungsst\u00fccke, die sich m\u00fchelos durch das gesamte Festival mischen und kombinieren lassen.<\/p>\n<p>Auf diese Weise verschwenden Sie weniger Zeit mit der Sorge um Ihre Garderobe und k\u00f6nnen jeden Moment des Events voll auskosten! Die Konzentration liegt ganz auf dem Erlebnis, nicht der Garderobe.<\/p>\n<p>Mit dieser Strategie wird das Packen zum Kinderspiel. Es geht darum, klug zu packen &#8211; nicht viel. Mit den richtigen St\u00fccken in Ihrem Gep\u00e4ck sind Sie f\u00fcr alles gewappnet.<\/p>\n<p>Erinnern wir uns an das Wesentliche: Ein Festival ist ein Ort des Feierns und der Freude. Machen wir es uns einfach leichter! Der Minimalismus kann auch beim Festivalspa\u00df eine gro\u00dfe Rolle spielen.<\/p>\n","protected":false},"excerpt":{"rendered":"<p>Machen Sie sich bereit, in dieser Festival-Saison alle Blicke auf sich zu ziehen!<\/p>\n","protected":false},"author":1,"featured_media":4401,"comment_status":"open","ping_status":"","sticky":false,"template":"","format":"standard","meta":{"_acf_changed":false,"_et_pb_use_builder":"","_et_pb_old_content":"","_et_gb_content_width":"","footnotes":""},"categories":[38],"tags":[],"class_list":["post-2911","post","type-post","status-publish","format-standard","has-post-thumbnail","hentry","category-look-style"],"acf":[],"yoast_head":"<!-- This site is optimized with the Yoast SEO plugin v27.5 - https:\/\/yoast.com\/product\/yoast-seo-wordpress\/ -->\n<title>Welches Modest\u00fcck sollte man diesen Sommer auf einem Festival tragen? | Belgae<\/title>\n<meta name=\"robots\" content=\"index, follow, max-snippet:-1, max-image-preview:large, max-video-preview:-1\" \/>\n<link rel=\"canonical\" href=\"https:\/\/www.belgae.be\/de\/blog\/welches-modestueck-sollte-man-diesen-sommer-auf-einem-festival-tragen\/\" \/>\n<meta property=\"og:locale\" content=\"de_DE\" \/>\n<meta property=\"og:type\" content=\"article\" \/>\n<meta property=\"og:title\" content=\"Welches Modest\u00fcck sollte man diesen Sommer auf einem Festival tragen? | Belgae\" \/>\n<meta property=\"og:description\" content=\"Machen Sie sich bereit, in dieser Festival-Saison alle Blicke auf sich zu ziehen!\" \/>\n<meta property=\"og:url\" content=\"https:\/\/www.belgae.be\/de\/blog\/welches-modestueck-sollte-man-diesen-sommer-auf-einem-festival-tragen\/\" \/>\n<meta property=\"og:site_name\" content=\"Belgae\" \/>\n<meta property=\"article:published_time\" content=\"2023-08-02T14:48:22+00:00\" \/>\n<meta property=\"og:image\" content=\"https:\/\/www.belgae.be\/imageHolder\/\/wp-content\/uploads\/sites\/2\/2023\/07\/loading-spinner-belgae.gif\" \/>\n<meta name=\"author\" content=\"Cyril Gendarme\" \/>\n<meta name=\"twitter:card\" content=\"summary_large_image\" \/>\n<meta name=\"twitter:label1\" content=\"Verfasst von\" \/>\n\t<meta name=\"twitter:data1\" content=\"Cyril Gendarme\" \/>\n\t<meta name=\"twitter:label2\" content=\"Gesch\u00e4tzte Lesezeit\" \/>\n\t<meta name=\"twitter:data2\" content=\"9\u00a0Minuten\" \/>\n<script type=\"application\/ld+json\" class=\"yoast-schema-graph\">{\"@context\":\"https:\\\/\\\/schema.org\",\"@graph\":[{\"@type\":\"Article\",\"@id\":\"https:\\\/\\\/www.belgae.be\\\/de\\\/blog\\\/welches-modestueck-sollte-man-diesen-sommer-auf-einem-festival-tragen\\\/#article\",\"isPartOf\":{\"@id\":\"https:\\\/\\\/www.belgae.be\\\/de\\\/blog\\\/welches-modestueck-sollte-man-diesen-sommer-auf-einem-festival-tragen\\\/\"},\"author\":{\"name\":\"Cyril Gendarme\",\"@id\":\"https:\\\/\\\/www.belgae.be\\\/de\\\/#\\\/schema\\\/person\\\/646b40b88212bc5335f9c4fa787df047\"},\"headline\":\"Welches Modest\u00fcck sollte man diesen Sommer auf einem Festival tragen?\",\"datePublished\":\"2023-08-02T14:48:22+00:00\",\"mainEntityOfPage\":{\"@id\":\"https:\\\/\\\/www.belgae.be\\\/de\\\/blog\\\/welches-modestueck-sollte-man-diesen-sommer-auf-einem-festival-tragen\\\/\"},\"wordCount\":1909,\"commentCount\":0,\"publisher\":{\"@id\":\"https:\\\/\\\/www.belgae.be\\\/de\\\/#organization\"},\"image\":{\"@id\":\"https:\\\/\\\/www.belgae.be\\\/de\\\/blog\\\/welches-modestueck-sollte-man-diesen-sommer-auf-einem-festival-tragen\\\/#primaryimage\"},\"thumbnailUrl\":\"https:\\\/\\\/www.belgae.be\\\/de\\\/wp-content\\\/uploads\\\/sites\\\/2\\\/2023\\\/08\\\/cyril_ge_a_techno_music_festival_Franco-Belgian_comic_style_bla_6ecb079c-7c4c-49e3-bc7a-fae395efd5e0-1024x568-1.jpg\",\"articleSection\":[\"Look &amp; Style\"],\"inLanguage\":\"de\",\"potentialAction\":[{\"@type\":\"CommentAction\",\"name\":\"Comment\",\"target\":[\"https:\\\/\\\/www.belgae.be\\\/de\\\/blog\\\/welches-modestueck-sollte-man-diesen-sommer-auf-einem-festival-tragen\\\/#respond\"]}]},{\"@type\":\"WebPage\",\"@id\":\"https:\\\/\\\/www.belgae.be\\\/de\\\/blog\\\/welches-modestueck-sollte-man-diesen-sommer-auf-einem-festival-tragen\\\/\",\"url\":\"https:\\\/\\\/www.belgae.be\\\/de\\\/blog\\\/welches-modestueck-sollte-man-diesen-sommer-auf-einem-festival-tragen\\\/\",\"name\":\"Welches Modest\u00fcck sollte man diesen Sommer auf einem Festival tragen? | Belgae\",\"isPartOf\":{\"@id\":\"https:\\\/\\\/www.belgae.be\\\/de\\\/#website\"},\"primaryImageOfPage\":{\"@id\":\"https:\\\/\\\/www.belgae.be\\\/de\\\/blog\\\/welches-modestueck-sollte-man-diesen-sommer-auf-einem-festival-tragen\\\/#primaryimage\"},\"image\":{\"@id\":\"https:\\\/\\\/www.belgae.be\\\/de\\\/blog\\\/welches-modestueck-sollte-man-diesen-sommer-auf-einem-festival-tragen\\\/#primaryimage\"},\"thumbnailUrl\":\"https:\\\/\\\/www.belgae.be\\\/de\\\/wp-content\\\/uploads\\\/sites\\\/2\\\/2023\\\/08\\\/cyril_ge_a_techno_music_festival_Franco-Belgian_comic_style_bla_6ecb079c-7c4c-49e3-bc7a-fae395efd5e0-1024x568-1.jpg\",\"datePublished\":\"2023-08-02T14:48:22+00:00\",\"breadcrumb\":{\"@id\":\"https:\\\/\\\/www.belgae.be\\\/de\\\/blog\\\/welches-modestueck-sollte-man-diesen-sommer-auf-einem-festival-tragen\\\/#breadcrumb\"},\"inLanguage\":\"de\",\"potentialAction\":[{\"@type\":\"ReadAction\",\"target\":[\"https:\\\/\\\/www.belgae.be\\\/de\\\/blog\\\/welches-modestueck-sollte-man-diesen-sommer-auf-einem-festival-tragen\\\/\"]}]},{\"@type\":\"ImageObject\",\"inLanguage\":\"de\",\"@id\":\"https:\\\/\\\/www.belgae.be\\\/de\\\/blog\\\/welches-modestueck-sollte-man-diesen-sommer-auf-einem-festival-tragen\\\/#primaryimage\",\"url\":\"https:\\\/\\\/www.belgae.be\\\/de\\\/wp-content\\\/uploads\\\/sites\\\/2\\\/2023\\\/08\\\/cyril_ge_a_techno_music_festival_Franco-Belgian_comic_style_bla_6ecb079c-7c4c-49e3-bc7a-fae395efd5e0-1024x568-1.jpg\",\"contentUrl\":\"https:\\\/\\\/www.belgae.be\\\/de\\\/wp-content\\\/uploads\\\/sites\\\/2\\\/2023\\\/08\\\/cyril_ge_a_techno_music_festival_Franco-Belgian_comic_style_bla_6ecb079c-7c4c-49e3-bc7a-fae395efd5e0-1024x568-1.jpg\"},{\"@type\":\"BreadcrumbList\",\"@id\":\"https:\\\/\\\/www.belgae.be\\\/de\\\/blog\\\/welches-modestueck-sollte-man-diesen-sommer-auf-einem-festival-tragen\\\/#breadcrumb\",\"itemListElement\":[{\"@type\":\"ListItem\",\"position\":1,\"name\":\"Accueil\",\"item\":\"https:\\\/\\\/www.belgae.be\\\/de\\\/\"},{\"@type\":\"ListItem\",\"position\":2,\"name\":\"Welches Modest\u00fcck sollte man diesen Sommer auf einem Festival tragen?\"}]},{\"@type\":\"WebSite\",\"@id\":\"https:\\\/\\\/www.belgae.be\\\/de\\\/#website\",\"url\":\"https:\\\/\\\/www.belgae.be\\\/de\\\/\",\"name\":\"Belgae\",\"description\":\"Belgische Kunst &amp; Mode\",\"publisher\":{\"@id\":\"https:\\\/\\\/www.belgae.be\\\/de\\\/#organization\"},\"potentialAction\":[{\"@type\":\"SearchAction\",\"target\":{\"@type\":\"EntryPoint\",\"urlTemplate\":\"https:\\\/\\\/www.belgae.be\\\/de\\\/?s={search_term_string}\"},\"query-input\":{\"@type\":\"PropertyValueSpecification\",\"valueRequired\":true,\"valueName\":\"search_term_string\"}}],\"inLanguage\":\"de\"},{\"@type\":\"Organization\",\"@id\":\"https:\\\/\\\/www.belgae.be\\\/de\\\/#organization\",\"name\":\"Belgae\",\"url\":\"https:\\\/\\\/www.belgae.be\\\/de\\\/\",\"logo\":{\"@type\":\"ImageObject\",\"inLanguage\":\"de\",\"@id\":\"https:\\\/\\\/www.belgae.be\\\/de\\\/#\\\/schema\\\/logo\\\/image\\\/\",\"url\":\"https:\\\/\\\/www.belgae.be\\\/de\\\/wp-content\\\/uploads\\\/sites\\\/2\\\/2023\\\/07\\\/Sans-titre1-Copie.png\",\"contentUrl\":\"https:\\\/\\\/www.belgae.be\\\/de\\\/wp-content\\\/uploads\\\/sites\\\/2\\\/2023\\\/07\\\/Sans-titre1-Copie.png\",\"width\":88,\"height\":88,\"caption\":\"Belgae\"},\"image\":{\"@id\":\"https:\\\/\\\/www.belgae.be\\\/de\\\/#\\\/schema\\\/logo\\\/image\\\/\"}},{\"@type\":\"Person\",\"@id\":\"https:\\\/\\\/www.belgae.be\\\/de\\\/#\\\/schema\\\/person\\\/646b40b88212bc5335f9c4fa787df047\",\"name\":\"Cyril Gendarme\",\"sameAs\":[\"https:\\\/\\\/www.belgae.be\"],\"url\":\"https:\\\/\\\/www.belgae.be\\\/de\\\/blog\\\/author\\\/cgen\\\/\"}]}<\/script>\n<!-- \/ Yoast SEO plugin. -->","yoast_head_json":{"title":"Welches Modest\u00fcck sollte man diesen Sommer auf einem Festival tragen? | Belgae","robots":{"index":"index","follow":"follow","max-snippet":"max-snippet:-1","max-image-preview":"max-image-preview:large","max-video-preview":"max-video-preview:-1"},"canonical":"https:\/\/www.belgae.be\/de\/blog\/welches-modestueck-sollte-man-diesen-sommer-auf-einem-festival-tragen\/","og_locale":"de_DE","og_type":"article","og_title":"Welches Modest\u00fcck sollte man diesen Sommer auf einem Festival tragen? | Belgae","og_description":"Machen Sie sich bereit, in dieser Festival-Saison alle Blicke auf sich zu ziehen!","og_url":"https:\/\/www.belgae.be\/de\/blog\/welches-modestueck-sollte-man-diesen-sommer-auf-einem-festival-tragen\/","og_site_name":"Belgae","article_published_time":"2023-08-02T14:48:22+00:00","og_image":[{"url":"https:\/\/www.belgae.be\/imageHolder\/\/wp-content\/uploads\/sites\/2\/2023\/07\/loading-spinner-belgae.gif","type":"","width":"","height":""}],"author":"Cyril Gendarme","twitter_card":"summary_large_image","twitter_misc":{"Verfasst von":"Cyril Gendarme","Gesch\u00e4tzte Lesezeit":"9\u00a0Minuten"},"schema":{"@context":"https:\/\/schema.org","@graph":[{"@type":"Article","@id":"https:\/\/www.belgae.be\/de\/blog\/welches-modestueck-sollte-man-diesen-sommer-auf-einem-festival-tragen\/#article","isPartOf":{"@id":"https:\/\/www.belgae.be\/de\/blog\/welches-modestueck-sollte-man-diesen-sommer-auf-einem-festival-tragen\/"},"author":{"name":"Cyril Gendarme","@id":"https:\/\/www.belgae.be\/de\/#\/schema\/person\/646b40b88212bc5335f9c4fa787df047"},"headline":"Welches Modest\u00fcck sollte man diesen Sommer auf einem Festival tragen?","datePublished":"2023-08-02T14:48:22+00:00","mainEntityOfPage":{"@id":"https:\/\/www.belgae.be\/de\/blog\/welches-modestueck-sollte-man-diesen-sommer-auf-einem-festival-tragen\/"},"wordCount":1909,"commentCount":0,"publisher":{"@id":"https:\/\/www.belgae.be\/de\/#organization"},"image":{"@id":"https:\/\/www.belgae.be\/de\/blog\/welches-modestueck-sollte-man-diesen-sommer-auf-einem-festival-tragen\/#primaryimage"},"thumbnailUrl":"https:\/\/www.belgae.be\/de\/wp-content\/uploads\/sites\/2\/2023\/08\/cyril_ge_a_techno_music_festival_Franco-Belgian_comic_style_bla_6ecb079c-7c4c-49e3-bc7a-fae395efd5e0-1024x568-1.jpg","articleSection":["Look &amp; Style"],"inLanguage":"de","potentialAction":[{"@type":"CommentAction","name":"Comment","target":["https:\/\/www.belgae.be\/de\/blog\/welches-modestueck-sollte-man-diesen-sommer-auf-einem-festival-tragen\/#respond"]}]},{"@type":"WebPage","@id":"https:\/\/www.belgae.be\/de\/blog\/welches-modestueck-sollte-man-diesen-sommer-auf-einem-festival-tragen\/","url":"https:\/\/www.belgae.be\/de\/blog\/welches-modestueck-sollte-man-diesen-sommer-auf-einem-festival-tragen\/","name":"Welches Modest\u00fcck sollte man diesen Sommer auf einem Festival tragen? | Belgae","isPartOf":{"@id":"https:\/\/www.belgae.be\/de\/#website"},"primaryImageOfPage":{"@id":"https:\/\/www.belgae.be\/de\/blog\/welches-modestueck-sollte-man-diesen-sommer-auf-einem-festival-tragen\/#primaryimage"},"image":{"@id":"https:\/\/www.belgae.be\/de\/blog\/welches-modestueck-sollte-man-diesen-sommer-auf-einem-festival-tragen\/#primaryimage"},"thumbnailUrl":"https:\/\/www.belgae.be\/de\/wp-content\/uploads\/sites\/2\/2023\/08\/cyril_ge_a_techno_music_festival_Franco-Belgian_comic_style_bla_6ecb079c-7c4c-49e3-bc7a-fae395efd5e0-1024x568-1.jpg","datePublished":"2023-08-02T14:48:22+00:00","breadcrumb":{"@id":"https:\/\/www.belgae.be\/de\/blog\/welches-modestueck-sollte-man-diesen-sommer-auf-einem-festival-tragen\/#breadcrumb"},"inLanguage":"de","potentialAction":[{"@type":"ReadAction","target":["https:\/\/www.belgae.be\/de\/blog\/welches-modestueck-sollte-man-diesen-sommer-auf-einem-festival-tragen\/"]}]},{"@type":"ImageObject","inLanguage":"de","@id":"https:\/\/www.belgae.be\/de\/blog\/welches-modestueck-sollte-man-diesen-sommer-auf-einem-festival-tragen\/#primaryimage","url":"https:\/\/www.belgae.be\/de\/wp-content\/uploads\/sites\/2\/2023\/08\/cyril_ge_a_techno_music_festival_Franco-Belgian_comic_style_bla_6ecb079c-7c4c-49e3-bc7a-fae395efd5e0-1024x568-1.jpg","contentUrl":"https:\/\/www.belgae.be\/de\/wp-content\/uploads\/sites\/2\/2023\/08\/cyril_ge_a_techno_music_festival_Franco-Belgian_comic_style_bla_6ecb079c-7c4c-49e3-bc7a-fae395efd5e0-1024x568-1.jpg"},{"@type":"BreadcrumbList","@id":"https:\/\/www.belgae.be\/de\/blog\/welches-modestueck-sollte-man-diesen-sommer-auf-einem-festival-tragen\/#breadcrumb","itemListElement":[{"@type":"ListItem","position":1,"name":"Accueil","item":"https:\/\/www.belgae.be\/de\/"},{"@type":"ListItem","position":2,"name":"Welches Modest\u00fcck sollte man diesen Sommer auf einem Festival tragen?"}]},{"@type":"WebSite","@id":"https:\/\/www.belgae.be\/de\/#website","url":"https:\/\/www.belgae.be\/de\/","name":"Belgae","description":"Belgische Kunst &amp; Mode","publisher":{"@id":"https:\/\/www.belgae.be\/de\/#organization"},"potentialAction":[{"@type":"SearchAction","target":{"@type":"EntryPoint","urlTemplate":"https:\/\/www.belgae.be\/de\/?s={search_term_string}"},"query-input":{"@type":"PropertyValueSpecification","valueRequired":true,"valueName":"search_term_string"}}],"inLanguage":"de"},{"@type":"Organization","@id":"https:\/\/www.belgae.be\/de\/#organization","name":"Belgae","url":"https:\/\/www.belgae.be\/de\/","logo":{"@type":"ImageObject","inLanguage":"de","@id":"https:\/\/www.belgae.be\/de\/#\/schema\/logo\/image\/","url":"https:\/\/www.belgae.be\/de\/wp-content\/uploads\/sites\/2\/2023\/07\/Sans-titre1-Copie.png","contentUrl":"https:\/\/www.belgae.be\/de\/wp-content\/uploads\/sites\/2\/2023\/07\/Sans-titre1-Copie.png","width":88,"height":88,"caption":"Belgae"},"image":{"@id":"https:\/\/www.belgae.be\/de\/#\/schema\/logo\/image\/"}},{"@type":"Person","@id":"https:\/\/www.belgae.be\/de\/#\/schema\/person\/646b40b88212bc5335f9c4fa787df047","name":"Cyril Gendarme","sameAs":["https:\/\/www.belgae.be"],"url":"https:\/\/www.belgae.be\/de\/blog\/author\/cgen\/"}]}},"_links":{"self":[{"href":"https:\/\/www.belgae.be\/de\/wp-json\/wp\/v2\/posts\/2911","targetHints":{"allow":["GET"]}}],"collection":[{"href":"https:\/\/www.belgae.be\/de\/wp-json\/wp\/v2\/posts"}],"about":[{"href":"https:\/\/www.belgae.be\/de\/wp-json\/wp\/v2\/types\/post"}],"author":[{"embeddable":true,"href":"https:\/\/www.belgae.be\/de\/wp-json\/wp\/v2\/users\/1"}],"replies":[{"embeddable":true,"href":"https:\/\/www.belgae.be\/de\/wp-json\/wp\/v2\/comments?post=2911"}],"version-history":[{"count":0,"href":"https:\/\/www.belgae.be\/de\/wp-json\/wp\/v2\/posts\/2911\/revisions"}],"wp:featuredmedia":[{"embeddable":true,"href":"https:\/\/www.belgae.be\/de\/wp-json\/"}],"wp:attachment":[{"href":"https:\/\/www.belgae.be\/de\/wp-json\/wp\/v2\/media?parent=2911"}],"wp:term":[{"taxonomy":"category","embeddable":true,"href":"https:\/\/www.belgae.be\/de\/wp-json\/wp\/v2\/categories?post=2911"},{"taxonomy":"post_tag","embeddable":true,"href":"https:\/\/www.belgae.be\/de\/wp-json\/wp\/v2\/tags?post=2911"}],"curies":[{"name":"wp","href":"https:\/\/api.w.org\/{rel}","templated":true}]}}