{"id":2907,"date":"2023-08-02T13:44:24","date_gmt":"2023-08-02T13:44:24","guid":{"rendered":"https:\/\/www.belgae.be\/de\/blog\/kurze-geschichte-der-textilindustrie-in-belgien\/"},"modified":"2023-08-02T13:44:24","modified_gmt":"2023-08-02T13:44:24","slug":"kurze-geschichte-der-textilindustrie-in-belgien","status":"publish","type":"post","link":"https:\/\/www.belgae.be\/de\/blog\/kurze-geschichte-der-textilindustrie-in-belgien\/","title":{"rendered":"Kurze Geschichte der Textilindustrie in Belgien"},"content":{"rendered":"<p>Tauchen Sie ein in die lebendigen F\u00e4den der belgischen Textilindustrie! Eine epische Geschichte, durch die Zeit gewoben, entfaltet eine reiche Bildwirkerei von Innovation und Kreativit\u00e4t. <\/p>\n<p>Belgien hat seit dem Mittelalter seine Magie in Textilien gesponnen und ist zu einer emblematischen Figur auf der globalen B\u00fchne geworden. Entdecken Sie diese kurze Geschichte, um herauszufinden, wie belgische Webst\u00fchle Tradition und Technologie verflochten haben, um Modemeisterwerke zu schaffen!<\/p>\n<section class=\"contentTable_table\">\n<p class=\"contentTable_title\">Inhalt: <\/p>\n<p class=\"contentTable_elem\"><a href=\"#balise_0\">1. Einf\u00fchrung: Die Bedeutung der Textilindustrie in Belgien<\/a><\/p>\n<p class=\"contentTable_elem\"><a href=\"#balise_1\">2. Textilien im belgischen Gallien: Bescheidene Anf\u00e4nge<\/a><\/p>\n<p class=\"contentTable_elem\"><a href=\"#balise_2\">3. Aufstieg der Textilien im Mittelalter: Die ersten Z\u00fcnfte und Gesellschaften<\/a><\/p>\n<p class=\"contentTable_elem\"><a href=\"#balise_3\">4. Die Industrielle Revolution in Belgien und ihre Auswirkungen auf den Textilsektor<\/a><\/p>\n<p class=\"contentTable_elem\"><a href=\"#balise_4\">5. Erste Textilfabriken in Belgien<\/a><\/p>\n<p class=\"contentTable_elem\"><a href=\"#balise_5\">6. Der Aufstieg der Baumwollindustrie in Belgien<\/a><\/p>\n<p class=\"contentTable_elem\"><a href=\"#balise_6\">7. Belgien, Pionier der Leinenindustrialisierung<\/a><\/p>\n<p class=\"contentTable_elem\"><a href=\"#balise_7\">8. Arbeitsbedingungen in Textilfabriken: Arbeiter und Arbeiterinnen<\/a><\/p>\n<p class=\"contentTable_elem\"><a href=\"#balise_8\">9. Technologische Innovationen in der belgischen Textilindustrie<\/a><\/p>\n<p class=\"contentTable_elem\"><a href=\"#balise_9\">10. Einfluss der Pariser Mode auf die Textilindustrie in Belgien<\/a><\/p>\n<p class=\"contentTable_elem\"><a href=\"#balise_10\">11. Die Herausforderungen und Chancen w\u00e4hrend der Weltkriege<\/a><\/p>\n<p class=\"contentTable_elem\"><a href=\"#balise_11\">12. Neue Trends und Innovationen in der zeitgen\u00f6ssischen belgischen Textilindustrie<\/a><\/p>\n<p class=\"contentTable_elem\"><a href=\"#balise_12\">13. Niedergang der belgischen Textilindustrie: Wirtschaftliche und soziale Faktoren<\/a><\/p>\n<p class=\"contentTable_elem\"><a href=\"#balise_13\">14. Neue Trends und Innovationen in zeitgen\u00f6ssischen belgischen Textilien<\/a><\/p>\n<\/section>\n<p><img loading=\"lazy\" decoding=\"async\" class=\"lazyload articleImageSquare_CGEN\" height=\"400\" width=\"400\" src=\"https:\/\/www.belgae.be\/imageHolder\/\/wp-content\/uploads\/sites\/2\/2023\/07\/loading-spinner-belgae.gif\" data-src=\"https:\/\/www.belgae.be\/imageHolder\/\/wp-content\/uploads\/sites\/2\/2023\/08\/tmpe17us2b5.jpg\" alt=\"tmpe17us2b\" \/><\/p>\n<h2 id=\"balise_0\">Einf\u00fchrung: Die Bedeutung der Textilindustrie in Belgien<\/h2>\n<p>Belgien, bekannt f\u00fcr sein reiches kulturelles Erbe und k\u00fcnstlerisches K\u00f6nnen, hat eine bedeutende Rolle in der Gestaltung der Textilindustrie gespielt. Von bescheidenen Anf\u00e4ngen bis hin zur Vorreiterrolle bei der Industrialisierung von Leinen und Baumwollproduktion hat Belgiens Textilsektor sowohl die Modegeschichte als auch die wirtschaftliche Entwicklung nachhaltig gepr\u00e4gt.<\/p>\n<p>Die Geschichte des belgischen Textilsektors ist faszinierend. Die Fortschritte in Technologie und Design haben es erm\u00f6glicht, dass das Land sich zu einem globalen Leader entwickeln konnte. Heute steht Belgien an vorderster Front moderner Innovationen im Bereich Mode und Bekleidung.<\/p>\n<p>Die Bedeutung dieses Sektors geht \u00fcber seine wirtschaftlichen Beitr\u00e4ge hinaus. Die Tradition des Landes im Handwerk zeigt sich deutlich in seiner beeindruckenden Vielfalt an Stoffdesigns und -qualit\u00e4ten. Diese sind ein Zeugnis f\u00fcr den unerm\u00fcdlichen Einfallsreichtum und das Engagement Belgiens f\u00fcr Exzellenz.<\/p>\n<p>Zusammengefasst kann man sagen: Der belgische Einfluss auf den weltweiten Modemarkt ist enorm \u2013 dank eines stark ausgepr\u00e4gten Sinns f\u00fcr Qualit\u00e4t, Kreativit\u00e4t sowie einer langj\u00e4hrigen Erfahrung in Produktionstechniken.<\/p>\n<p><img loading=\"lazy\" decoding=\"async\" class=\"lazyload articleImageSquare_CGEN\" height=\"400\" width=\"400\" src=\"https:\/\/www.belgae.be\/imageHolder\/\/wp-content\/uploads\/sites\/2\/2023\/07\/loading-spinner-belgae.gif\" data-src=\"https:\/\/www.belgae.be\/imageHolder\/\/wp-content\/uploads\/sites\/2\/2023\/08\/tmppetyana0.jpg\" alt=\"tmppetyana\" \/><\/p>\n<h2 id=\"balise_1\">Textilien im belgischen Gallien: Bescheidene Anf\u00e4nge<\/h2>\n<p>Schon zu Zeiten der R\u00f6mer hatten Textilien eine Bedeutung in dem, was heute das moderne Belgien ist. Die fr\u00fchen Belgier waren geschickte Weber, die Stoffe aus nat\u00fcrlichen Fasern wie Wolle und Flachs herstellten. Diese bescheidenen Anf\u00e4nge legten den Grundstein f\u00fcr zuk\u00fcnftige Fortschritte in der Branche.<\/p>\n<p>Die Textilbranche in Belgien hat ihre Wurzeln tief im Herzen des Landes verankert. Sie ist ein Symbol f\u00fcr Handwerkskunst und Tradition. Mit jedem gewebten Stoff wird ein Teil dieser reichen Geschichte weitergegeben.<\/p>\n<p>Der Einfluss dieser fr\u00fchen Weber auf die heutige Industrie ist unbestreitbar stark. Ihre Methoden haben sich \u00fcber Generationen hinweg bew\u00e4hrt und sind bis heute relevant geblieben.<\/p>\n<p>Insgesamt zeigt die belgische Textilbranche eine beeindruckende Best\u00e4ndigkeit gegen\u00fcber dem Wandel der Zeit. Sie steht f\u00fcr Qualit\u00e4t, Innovation und Nachhaltigkeit &#8211; Eigenschaften, die sie auf einem globalisierten Markt wettbewerbsf\u00e4hig halten.<\/p>\n<p><img loading=\"lazy\" decoding=\"async\" class=\"lazyload articleImageSquare_CGEN\" height=\"400\" width=\"400\" src=\"https:\/\/www.belgae.be\/imageHolder\/\/wp-content\/uploads\/sites\/2\/2023\/07\/loading-spinner-belgae.gif\" data-src=\"https:\/\/www.belgae.be\/imageHolder\/\/wp-content\/uploads\/sites\/2\/2023\/08\/tmp4zj_ei4g.jpg\" alt=\"tmp4zj_ei4g\" \/><\/p>\n<h2 id=\"balise_2\">Aufstieg der Textilien im Mittelalter: Die ersten Z\u00fcnfte und Gesellschaften<\/h2>\n<p>W\u00e4hrend des Mittelalters entstanden Z\u00fcnfte als wichtige Institutionen, die verschiedene Handwerke regulierten. In Belgien spielten diese Z\u00fcnfte eine entscheidende Rolle, indem sie Weber nach ihrem Fachwissen in K\u00f6rperschaften organisierten. Dadurch konnten Handwerker Wissen teilen und gleichzeitig Qualit\u00e4tsstandards in verschiedenen Regionen aufrechterhalten.<\/p>\n<p>Im Laufe der Zeit wurden diese belgischen Z\u00fcnfte zu einem Vorbild f\u00fcr andere europ\u00e4ische L\u00e4nder. Sie setzten Standards und f\u00f6rderten Best Practices im Webereihandwerk.<\/p>\n<p>Diese Organisationsform erm\u00f6glichte es den Kunsthandwerkern nicht nur, ihr K\u00f6nnen zu erweitern und ihre Fertigkeiten zu verbessern, sondern auch wirtschaftlich erfolgreich zu sein. Der Austausch von Informationen innerhalb der Gemeinschaft trug zur Verbesserung ihrer Produkte bei.<\/p>\n<p>Die Qualit\u00e4tssicherungspraktiken dieser Z\u00fcnfte pr\u00e4gen bis heute unsere Vorstellungen von handwerklicher Exzellenz und Professionalit\u00e4t. Ihr Erbe ist ein Zeugnis f\u00fcr die Bedeutung von Zusammenarbeit und gemeinsamen Standards in jedem Berufsfeld.<\/p>\n<p><img loading=\"lazy\" decoding=\"async\" class=\"lazyload articleImageSquare_CGEN\" height=\"400\" width=\"400\" src=\"https:\/\/www.belgae.be\/imageHolder\/\/wp-content\/uploads\/sites\/2\/2023\/07\/loading-spinner-belgae.gif\" data-src=\"https:\/\/www.belgae.be\/imageHolder\/\/wp-content\/uploads\/sites\/2\/2023\/08\/tmp3c97dptg.jpg\" alt=\"tmp3c97dptg\" \/><\/p>\n<h2 id=\"balise_3\">Die Industrielle Revolution in Belgien und ihre Auswirkungen auf den Textilsektor<\/h2>\n<p>Die Ankunft der Maschinerie f\u00fchrte weltweit zu monumentalen Ver\u00e4nderungen, einschlie\u00dflich in der belgischen Textilindustrie. Technologische Innovationen wie Spinnrahmen und Kraftwebst\u00fchle wurden w\u00e4hrend dieser Zeit Teil des Mainstream-Produktionsprozesses.<\/p>\n<p>Mit diesen neuen Ger\u00e4ten stiegen Effizienz und Produktionsniveaus sprunghaft an. Die Entwicklung war ein echtes Wunder der modernen Industriegeschichte. Es ver\u00e4nderte die Art und Weise, wie Unternehmen produzierten.<\/p>\n<p>Diese technologischen Fortschritte erm\u00f6glichten es den Herstellern, mehrere Prozesse gleichzeitig auszuf\u00fchren. Dies erh\u00f6hte nicht nur die Produktivit\u00e4t erheblich, sondern auch die Qualit\u00e4t der hergestellten Produkte.<\/p>\n<p>Infolgedessen erlebte Belgien einen beispiellosen Anstieg seiner wirtschaftlichen Leistungsf\u00e4higkeit im Textilsektor. Diese \u00c4ra markierte einen wichtigen Wendepunkt in ihrer industriellen Geschichte.<\/p>\n<p><img loading=\"lazy\" decoding=\"async\" class=\"lazyload articleImageSquare_CGEN\" height=\"400\" width=\"400\" src=\"https:\/\/www.belgae.be\/imageHolder\/\/wp-content\/uploads\/sites\/2\/2023\/07\/loading-spinner-belgae.gif\" data-src=\"https:\/\/www.belgae.be\/imageHolder\/\/wp-content\/uploads\/sites\/2\/2023\/08\/tmpv5e9pb60.jpg\" alt=\"tmpv5e9pb\" \/><\/p>\n<h2 id=\"balise_4\">Erste Textilfabriken in Belgien<\/h2>\n<p>Aufgrund der gesteigerten Produktivit\u00e4tsm\u00f6glichkeiten durch Maschinen stieg die Nachfrage. Unternehmer begannen damit, Gro\u00dffabriken ausschlie\u00dflich f\u00fcr die Textilproduktion zu gr\u00fcnden.<\/p>\n<p>Diese fr\u00fchen Einrichtungen markierten einen entscheidenden Moment. Hier kreuzten sich traditionelle Handwerkskunst und aufkommende industrielle Praktiken.<\/p>\n<p>Die Maschinennutzung erm\u00f6glichte eine erh\u00f6hte Produktion, was dazu f\u00fchrte, dass mehr Produkte verf\u00fcgbar waren. Dies f\u00fchrte unweigerlich zu einer steigenden Nachfrage in der Gesellschaft.<\/p>\n<p>Mit dem Aufkommen von Gro\u00dffabriken hat sich das Gesicht der Textilindustrie grundlegend ver\u00e4ndert. Sie wurden zum Symbol f\u00fcr den \u00dcbergang von traditionellen Methoden zur Industrieproduktion.<\/p>\n<p>Letztendlich repr\u00e4sentieren diese Fabriken nicht nur den Wandel in der Herstellungspraxis selbst. Sie symbolisieren auch das zunehmende Verlangen nach Massenwaren in einer immer globaler werdenden Welt.<\/p>\n<p><img loading=\"lazy\" decoding=\"async\" class=\"lazyload articleImageSquare_CGEN\" height=\"400\" width=\"400\" src=\"https:\/\/www.belgae.be\/imageHolder\/\/wp-content\/uploads\/sites\/2\/2023\/07\/loading-spinner-belgae.gif\" data-src=\"https:\/\/www.belgae.be\/imageHolder\/\/wp-content\/uploads\/sites\/2\/2023\/08\/tmpofgaczwn.jpg\" alt=\"tmpofgaczwn\" \/><\/p>\n<h2 id=\"balise_5\">Der Aufstieg der Baumwollindustrie in Belgien<\/h2>\n<p>Baumwolle wurde in dieser \u00c4ra zum K\u00f6nig, da sie bequemer war als die schweren Wollen oder Leinen, die typischerweise getragen wurden, bevor der maschinelle Webstuhl den europ\u00e4ischen Markt eroberte. Das machte sie sehr begehrt.<\/p>\n<p>Die Vorz\u00fcge der Baumwolle kamen im Vergleich zu anderen Materialien deutlich zur Geltung. Insbesondere im Hinblick auf Komfort und Tragegef\u00fchl konnte keine andere Faser mithalten.<\/p>\n<p>Mit dem Aufkommen des maschinellen Webstuhls \u00e4nderten sich auch die modischen Pr\u00e4ferenzen grundlegend. Die schweren Wollen und Leinenstoffe verloren ihre Dominanz auf dem Markt.<\/p>\n<p>Der Siegeszug der Baumwolle begann. Ihre Beliebtheit stieg rasant an und sie etablierte sich als das Textilmaterial Nummer eins in Europa \u2013 ein wahrer K\u00f6nig unter den Stoffarten! <\/p>\n<p>So hat es dazu gef\u00fchrt, dass Baumwolle heute nicht mehr wegzudenken ist aus unseren Kleiderschr\u00e4nken und Textilindustrien weltweit.<\/p>\n<p><img loading=\"lazy\" decoding=\"async\" class=\"lazyload articleImageSquare_CGEN\" height=\"400\" width=\"400\" src=\"https:\/\/www.belgae.be\/imageHolder\/\/wp-content\/uploads\/sites\/2\/2023\/07\/loading-spinner-belgae.gif\" data-src=\"https:\/\/www.belgae.be\/imageHolder\/\/wp-content\/uploads\/sites\/2\/2023\/08\/tmph5n85dti.jpg\" alt=\"tmph5n85dti\" \/><\/p>\n<h2 id=\"balise_6\">Belgien, Pionier der Leinenindustrialisierung<\/h2>\n<p>W\u00e4hrend Baumwolle an Beliebtheit gewann, behielt Belgien seinen Ruf als Vorreiter bei der Industrialisierung von Leinen. Das g\u00fcnstige Klima und der fruchtbare Boden des Landes waren ideal f\u00fcr den Anbau von Flachs &#8211; die Pflanze, aus der Leinen hergestellt wird.<\/p>\n<p>Belgische Leinent\u00fccher wurden weltweit f\u00fcr ihre \u00fcberlegene Qualit\u00e4t und Handwerkskunst bekannt. Sie setzten Ma\u00dfst\u00e4be in Sachen Langlebigkeit und Luxus. Ihre feine Textur und ihr nat\u00fcrlicher Glanz machten sie zur ersten Wahl f\u00fcr Haushalte auf der ganzen Welt.<\/p>\n<p>Durch Innovation hat Belgien seine Position als f\u00fchrender Hersteller von Premium-Leinen gefestigt. Mit einer Kombination aus traditionellen Techniken und moderner Technologie hat das Land eine einzigartige Kollektion erstellt, die ihresgleichen sucht.<\/p>\n<p>Insgesamt bleibt Belgien dank seiner Hingabe an Qualit\u00e4t unangefochten im Bereich des Leinengewebes.<\/p>\n<p><img loading=\"lazy\" decoding=\"async\" class=\"lazyload articleImageSquare_CGEN\" height=\"400\" width=\"400\" src=\"https:\/\/www.belgae.be\/imageHolder\/\/wp-content\/uploads\/sites\/2\/2023\/07\/loading-spinner-belgae.gif\" data-src=\"https:\/\/www.belgae.be\/imageHolder\/\/wp-content\/uploads\/sites\/2\/2023\/08\/tmp7qst1eij.jpg\" alt=\"tmp7qst1eij\" \/><\/p>\n<h2 id=\"balise_7\">Arbeitsbedingungen in Textilfabriken: Arbeiter und Arbeiterinnen<\/h2>\n<p>Mit dem Aufkommen von Fabriken kamen neue Herausforderungen in Bezug auf Arbeitsbedingungen. Textilfabriken besch\u00e4ftigten h\u00e4ufig eine gro\u00dfe Anzahl von Arbeitnehmern, einschlie\u00dflich Frauen, die ein integraler Bestandteil der Produktionsprozesse waren.<\/p>\n<p>Allerdings waren diese Fabrikarbeitspl\u00e4tze anstrengend mit langen Arbeitszeiten und harten Umgebungen, die sich negativ auf das Wohlbefinden der Arbeiter auswirkten.<\/p>\n<p><img loading=\"lazy\" decoding=\"async\" class=\"lazyload articleImageSquare_CGEN\" height=\"400\" width=\"400\" src=\"https:\/\/www.belgae.be\/imageHolder\/\/wp-content\/uploads\/sites\/2\/2023\/07\/loading-spinner-belgae.gif\" data-src=\"https:\/\/www.belgae.be\/imageHolder\/\/wp-content\/uploads\/sites\/2\/2023\/08\/tmptz93h2cc.jpg\" alt=\"tmptz93h2cc\" \/><\/p>\n<h2 id=\"balise_8\">Technologische Innovationen in der belgischen Textilindustrie<\/h2>\n<p>Belgische Textilhersteller suchten st\u00e4ndig nach Wegen, die Effizienz durch technologische Fortschritte zu steigern. Revolution\u00e4re Musterweberei dank Jacquard-Webst\u00fchlen und eine beschleunigte Produktionsrate durch dampfbetriebene Maschinen sind nur einige Beispiele.<\/p>\n<p>Innovation stand immer im Vordergrund der Entwicklung der belgischen Textilindustrie. Stets wurde nach neuen L\u00f6sungen gesucht, um die Herstellungsprozesse zu optimieren und wettbewerbsf\u00e4hig zu bleiben.<\/p>\n<p>Die Verwendung von Technologie hat in Belgien neue Ma\u00dfst\u00e4be gesetzt. Durch kontinuierliche Verbesserung und Anpassung an den sich \u00e4ndernden Markt konnte das Land seine Position als f\u00fchrender Textilproduzent festigen.<\/p>\n<p>Das Streben nach Effizienz ist tief verwurzelt in der Industriekultur Belgiens. Mit fortschrittlichen Technologien wie Jacquard-Webst\u00fchlen oder Dampfmaschinen zeigt das Land einmal mehr seinen innovativen Charakter.<\/p>\n<p>Die belgischen Hersteller haben es verstanden, mit dem Tempo des technologischen Wandels Schritt zu halten. Sie haben bewiesen, dass sie bereit sind, Risiken einzugehen und Neues ausprobieren &#8211; f\u00fcr den Fortschritt ihrer Branche sowie f\u00fcr ihre eigene Zukunftsf\u00e4higkeit.<\/p>\n<p><img loading=\"lazy\" decoding=\"async\" class=\"lazyload articleImageSquare_CGEN\" height=\"400\" width=\"400\" src=\"https:\/\/www.belgae.be\/imageHolder\/\/wp-content\/uploads\/sites\/2\/2023\/07\/loading-spinner-belgae.gif\" data-src=\"https:\/\/www.belgae.be\/imageHolder\/\/wp-content\/uploads\/sites\/2\/2023\/08\/tmpk255wt7_.jpg\" alt=\"tmpk255wt7_\" \/><\/p>\n<h2 id=\"balise_9\">Einfluss der Pariser Mode auf die Textilindustrie in Belgien<\/h2>\n<p>Paris gilt seit langem als globale Modehauptstadt, die Trends in Branchen weltweit beeinflusst. F\u00fcr belgische Textilien diente Paris sowohl als Inspiration als auch Markt; Designer orientierten sich an franz\u00f6sischen Stilen und exportierten Stoffe, um den wachsenden Appetit Europas auf modische Kleidungsst\u00fccke zu stillen.<\/p>\n<p>Die Bedeutung von Paris kann nicht untersch\u00e4tzt werden. Es ist der Leuchtturm f\u00fcr Modedesigner und -liebhaber gleicherma\u00dfen. Die Stadt hat einen unwiderlegbaren Einfluss auf das globale Modewesen.<\/p>\n<p>Belgien nimmt diesen Einfluss aktiv auf. Seine Textilindustrie nutzt die Pariser Laufstege sowohl zur Inspiration f\u00fcr neue Designs als auch zum Verkauf ihrer Produkte im Ausland.<\/p>\n<p>Europa hat einen uners\u00e4ttlichen Hunger nach Mode entwickelt, der durch den Export belgischer Stoffe gestillt wird. Diese Materialien werden verwendet, um eine Vielzahl von Outfits zu kreieren &#8211; alle mit einem Hauch des ber\u00fchmten franz\u00f6sischen Styles versehen.<\/p>\n<p><img loading=\"lazy\" decoding=\"async\" class=\"lazyload articleImageSquare_CGEN\" height=\"400\" width=\"400\" src=\"https:\/\/www.belgae.be\/imageHolder\/\/wp-content\/uploads\/sites\/2\/2023\/07\/loading-spinner-belgae.gif\" data-src=\"https:\/\/www.belgae.be\/imageHolder\/\/wp-content\/uploads\/sites\/2\/2023\/08\/tmpboeskzoo.jpg\" alt=\"tmpboeskzoo\" \/><\/p>\n<h2 id=\"balise_10\">Die Herausforderungen und Chancen w\u00e4hrend der Weltkriege<\/h2>\n<p>Sowohl der Erste als auch der Zweite Weltkrieg stellten gro\u00dfe Herausforderungen f\u00fcr alle Branchen dar, einschlie\u00dflich Textilien. Durch Kriegsanstrengungen wurden Ressourcen knapp, schufen aber auch M\u00f6glichkeiten.<\/p>\n<p>Sie regten die lokale Produktion auf abgeschotteten M\u00e4rkten an, auf denen Importe begrenzt oder vollst\u00e4ndig verboten waren. Der Mangel an Materialien f\u00fchrte zu innovativen L\u00f6sungsans\u00e4tzen und einem Aufschwung inl\u00e4ndischer Industrien.<\/p>\n<p>Die Kriege hatten weitreichende Auswirkungen auf den globalen Handel und die Wirtschaft insgesamt. Sie zwangen L\u00e4nder dazu, ihre Produktionsstrategien zu \u00fcberdenken und sich anzupassen.<\/p>\n<p>Dies resultierte in einer erh\u00f6hten Selbstversorgung mit G\u00fctern des t\u00e4glichen Bedarfs wie Textilprodukten. So entstanden neue Allianzen zwischen Herstellern und Lieferanten innerhalb nationaler Grenzen.<\/p>\n<p><img loading=\"lazy\" decoding=\"async\" class=\"lazyload articleImageSquare_CGEN\" height=\"400\" width=\"400\" src=\"https:\/\/www.belgae.be\/imageHolder\/\/wp-content\/uploads\/sites\/2\/2023\/07\/loading-spinner-belgae.gif\" data-src=\"https:\/\/www.belgae.be\/imageHolder\/\/wp-content\/uploads\/sites\/2\/2023\/08\/tmpomifcy7h.jpg\" alt=\"tmpomifcy7h\" \/><\/p>\n<h2 id=\"balise_11\">Neue Trends und Innovationen in der zeitgen\u00f6ssischen belgischen Textilindustrie<\/h2>\n<p>Die zeitgen\u00f6ssische belgische Textilindustrie setzt weiterhin Ma\u00dfst\u00e4be mit innovativen Techniken wie dem 3D-Druck auf Stoffoberfl\u00e4chen oder Experimenten mit unkonventionellen Materialien wie recyceltem Kunststoff.<\/p>\n<p>Belgien hat eine Vielzahl von einflussreichen K\u00fcnstlern und Designern hervorgebracht, die ihre Spuren auf der internationalen B\u00fchne hinterlassen haben. Von Modeikonen wie Martin Margiela bis hin zur vision\u00e4ren Textilk\u00fcnstlerin Christien Meindertsma, pr\u00e4gen belgische Kreative kontinuierlich die globale k\u00fcnstlerische Landschaft.<\/p>\n<p><img loading=\"lazy\" decoding=\"async\" class=\"lazyload articleImageSquare_CGEN\" height=\"400\" width=\"400\" src=\"https:\/\/www.belgae.be\/imageHolder\/\/wp-content\/uploads\/sites\/2\/2023\/07\/loading-spinner-belgae.gif\" data-src=\"https:\/\/www.belgae.be\/imageHolder\/\/wp-content\/uploads\/sites\/2\/2023\/08\/tmpvlk_597y.jpg\" alt=\"tmpvlk_597y\" \/><\/p>\n<h2 id=\"balise_12\">Niedergang der belgischen Textilindustrie: Wirtschaftliche und soziale Faktoren<\/h2>\n<p>In den letzten Jahrzehnten hat die Textilindustrie Belgiens wirtschaftliche Herausforderungen aufgrund der zunehmenden Konkurrenz aus kosteng\u00fcnstigen Produktionsl\u00e4ndern erlebt. Dieser R\u00fcckgang wurde durch das ver\u00e4nderte Kaufverhalten der Kunden hin zur Schnellmode verst\u00e4rkt, was einige traditionelle Hersteller vor Schwierigkeiten stellte, sich an die neuen Marktbedingungen anzupassen.<\/p>\n<p>Die globalisierten M\u00e4rkte und das wachsende Bewusstsein f\u00fcr nachhaltige Mode haben jedoch neue M\u00f6glichkeiten er\u00f6ffnet. Innovative Unternehmen setzen auf umweltfreundliche Materialien und Fertigungstechniken, um sich von der Masse abzuheben und eine Nische im hart umk\u00e4mpften Markt zu finden.<\/p>\n<p>Es gibt auch einen positiven Trend zur Wiederbelebung nationaler Industrien. Einheimische Marken gewinnen wieder an Bedeutung und Anerkennung bei Verbrauchern, die Qualit\u00e4t \u00fcber Quantit\u00e4t sch\u00e4tzen. <\/p>\n<p>Zuk\u00fcnftige Erfolge h\u00e4ngen davon ab, wie gut sie in der Lage sind, sich schnell an wechselnde Trends anzupassen und gleichzeitig ihre einzigartigen Merkmale beizubehalten.<\/p>\n<p><img loading=\"lazy\" decoding=\"async\" class=\"lazyload articleImageSquare_CGEN\" height=\"400\" width=\"400\" src=\"https:\/\/www.belgae.be\/imageHolder\/\/wp-content\/uploads\/sites\/2\/2023\/07\/loading-spinner-belgae.gif\" data-src=\"https:\/\/www.belgae.be\/imageHolder\/\/wp-content\/uploads\/sites\/2\/2023\/08\/tmpfeum5uaq.jpg\" alt=\"tmpfeum5uaq\" \/><\/p>\n<h2 id=\"balise_13\">Neue Trends und Innovationen in zeitgen\u00f6ssischen belgischen Textilien<\/h2>\n<p>Trotz aller R\u00fcckschl\u00e4ge hat die lebendige Kreativszene und der innovative Geist Belgiens eine Neugestaltung seiner Rolle innerhalb der Textilindustrie erm\u00f6glicht. Heutzutage erforschen zeitgen\u00f6ssische belgische Designer nachhaltige Praktiken und verbinden Technologie mit traditionellem Handwerk &#8211; sie hauchen dieser historisch bedeutsamen Industrie neues Leben ein.<\/p>\n<p>Wenn wir auf das reiche textilgeschichtliche Erbe Belgiens zur\u00fcckblicken, das im Laufe der Geschichte stets mit Innovation und Kreativit\u00e4t verwoben war, wird deutlich, dass dieser dynamische Sektor sich weiterentwickeln wird, solange es leidenschaftliche Handwerker gibt, die Grenzen \u00fcberschreiten und Ver\u00e4nderungen begr\u00fc\u00dfen. Die Zukunft h\u00e4lt spannende M\u00f6glichkeiten f\u00fcr die n\u00e4chste Generation von Wegbereitern in der belgischen Textilindustrie bereit!<\/p>\n","protected":false},"excerpt":{"rendered":"<p>Tauchen Sie ein in die lebendigen F\u00e4den der belgischen Textilindustrie! Eine epische Geschichte, durch die Zeit gewoben, entfaltet eine reiche Bildwirkerei von Innovation und Kreativit\u00e4t.<\/p>\n","protected":false},"author":1,"featured_media":4337,"comment_status":"open","ping_status":"","sticky":false,"template":"","format":"standard","meta":{"_acf_changed":false,"_et_pb_use_builder":"","_et_pb_old_content":"","_et_gb_content_width":"","footnotes":""},"categories":[39],"tags":[],"class_list":["post-2907","post","type-post","status-publish","format-standard","has-post-thumbnail","hentry","category-belgium"],"acf":[],"yoast_head":"<!-- This site is optimized with the Yoast SEO plugin v27.5 - https:\/\/yoast.com\/product\/yoast-seo-wordpress\/ -->\n<title>Kurze Geschichte der Textilindustrie in Belgien | Belgae<\/title>\n<meta name=\"robots\" content=\"index, follow, max-snippet:-1, max-image-preview:large, max-video-preview:-1\" \/>\n<link rel=\"canonical\" href=\"https:\/\/www.belgae.be\/de\/blog\/kurze-geschichte-der-textilindustrie-in-belgien\/\" \/>\n<meta property=\"og:locale\" content=\"de_DE\" \/>\n<meta property=\"og:type\" content=\"article\" \/>\n<meta property=\"og:title\" content=\"Kurze Geschichte der Textilindustrie in Belgien | Belgae\" \/>\n<meta property=\"og:description\" content=\"Tauchen Sie ein in die lebendigen F\u00e4den der belgischen Textilindustrie! Eine epische Geschichte, durch die Zeit gewoben, entfaltet eine reiche Bildwirkerei von Innovation und Kreativit\u00e4t.\" \/>\n<meta property=\"og:url\" content=\"https:\/\/www.belgae.be\/de\/blog\/kurze-geschichte-der-textilindustrie-in-belgien\/\" \/>\n<meta property=\"og:site_name\" content=\"Belgae\" \/>\n<meta property=\"article:published_time\" content=\"2023-08-02T13:44:24+00:00\" \/>\n<meta property=\"og:image\" content=\"https:\/\/www.belgae.be\/imageHolder\/\/wp-content\/uploads\/sites\/2\/2023\/07\/loading-spinner-belgae.gif\" \/>\n<meta name=\"author\" content=\"Cyril Gendarme\" \/>\n<meta name=\"twitter:card\" content=\"summary_large_image\" \/>\n<meta name=\"twitter:label1\" content=\"Verfasst von\" \/>\n\t<meta name=\"twitter:data1\" content=\"Cyril Gendarme\" \/>\n\t<meta name=\"twitter:label2\" content=\"Gesch\u00e4tzte Lesezeit\" \/>\n\t<meta name=\"twitter:data2\" content=\"10\u00a0Minuten\" \/>\n<script type=\"application\/ld+json\" class=\"yoast-schema-graph\">{\"@context\":\"https:\\\/\\\/schema.org\",\"@graph\":[{\"@type\":\"Article\",\"@id\":\"https:\\\/\\\/www.belgae.be\\\/de\\\/blog\\\/kurze-geschichte-der-textilindustrie-in-belgien\\\/#article\",\"isPartOf\":{\"@id\":\"https:\\\/\\\/www.belgae.be\\\/de\\\/blog\\\/kurze-geschichte-der-textilindustrie-in-belgien\\\/\"},\"author\":{\"name\":\"Cyril Gendarme\",\"@id\":\"https:\\\/\\\/www.belgae.be\\\/de\\\/#\\\/schema\\\/person\\\/646b40b88212bc5335f9c4fa787df047\"},\"headline\":\"Kurze Geschichte der Textilindustrie in Belgien\",\"datePublished\":\"2023-08-02T13:44:24+00:00\",\"mainEntityOfPage\":{\"@id\":\"https:\\\/\\\/www.belgae.be\\\/de\\\/blog\\\/kurze-geschichte-der-textilindustrie-in-belgien\\\/\"},\"wordCount\":2067,\"commentCount\":0,\"publisher\":{\"@id\":\"https:\\\/\\\/www.belgae.be\\\/de\\\/#organization\"},\"image\":{\"@id\":\"https:\\\/\\\/www.belgae.be\\\/de\\\/blog\\\/kurze-geschichte-der-textilindustrie-in-belgien\\\/#primaryimage\"},\"thumbnailUrl\":\"https:\\\/\\\/www.belgae.be\\\/de\\\/wp-content\\\/uploads\\\/sites\\\/2\\\/2023\\\/08\\\/cyril_ge_sewing_machine_Franco-Belgian_comic_style_black_and_wh_3df63401-61de-42ea-8a32-8e998e6c113d-1.jpg\",\"articleSection\":[\"Belgium\"],\"inLanguage\":\"de\",\"potentialAction\":[{\"@type\":\"CommentAction\",\"name\":\"Comment\",\"target\":[\"https:\\\/\\\/www.belgae.be\\\/de\\\/blog\\\/kurze-geschichte-der-textilindustrie-in-belgien\\\/#respond\"]}]},{\"@type\":\"WebPage\",\"@id\":\"https:\\\/\\\/www.belgae.be\\\/de\\\/blog\\\/kurze-geschichte-der-textilindustrie-in-belgien\\\/\",\"url\":\"https:\\\/\\\/www.belgae.be\\\/de\\\/blog\\\/kurze-geschichte-der-textilindustrie-in-belgien\\\/\",\"name\":\"Kurze Geschichte der Textilindustrie in Belgien | Belgae\",\"isPartOf\":{\"@id\":\"https:\\\/\\\/www.belgae.be\\\/de\\\/#website\"},\"primaryImageOfPage\":{\"@id\":\"https:\\\/\\\/www.belgae.be\\\/de\\\/blog\\\/kurze-geschichte-der-textilindustrie-in-belgien\\\/#primaryimage\"},\"image\":{\"@id\":\"https:\\\/\\\/www.belgae.be\\\/de\\\/blog\\\/kurze-geschichte-der-textilindustrie-in-belgien\\\/#primaryimage\"},\"thumbnailUrl\":\"https:\\\/\\\/www.belgae.be\\\/de\\\/wp-content\\\/uploads\\\/sites\\\/2\\\/2023\\\/08\\\/cyril_ge_sewing_machine_Franco-Belgian_comic_style_black_and_wh_3df63401-61de-42ea-8a32-8e998e6c113d-1.jpg\",\"datePublished\":\"2023-08-02T13:44:24+00:00\",\"breadcrumb\":{\"@id\":\"https:\\\/\\\/www.belgae.be\\\/de\\\/blog\\\/kurze-geschichte-der-textilindustrie-in-belgien\\\/#breadcrumb\"},\"inLanguage\":\"de\",\"potentialAction\":[{\"@type\":\"ReadAction\",\"target\":[\"https:\\\/\\\/www.belgae.be\\\/de\\\/blog\\\/kurze-geschichte-der-textilindustrie-in-belgien\\\/\"]}]},{\"@type\":\"ImageObject\",\"inLanguage\":\"de\",\"@id\":\"https:\\\/\\\/www.belgae.be\\\/de\\\/blog\\\/kurze-geschichte-der-textilindustrie-in-belgien\\\/#primaryimage\",\"url\":\"https:\\\/\\\/www.belgae.be\\\/de\\\/wp-content\\\/uploads\\\/sites\\\/2\\\/2023\\\/08\\\/cyril_ge_sewing_machine_Franco-Belgian_comic_style_black_and_wh_3df63401-61de-42ea-8a32-8e998e6c113d-1.jpg\",\"contentUrl\":\"https:\\\/\\\/www.belgae.be\\\/de\\\/wp-content\\\/uploads\\\/sites\\\/2\\\/2023\\\/08\\\/cyril_ge_sewing_machine_Franco-Belgian_comic_style_black_and_wh_3df63401-61de-42ea-8a32-8e998e6c113d-1.jpg\"},{\"@type\":\"BreadcrumbList\",\"@id\":\"https:\\\/\\\/www.belgae.be\\\/de\\\/blog\\\/kurze-geschichte-der-textilindustrie-in-belgien\\\/#breadcrumb\",\"itemListElement\":[{\"@type\":\"ListItem\",\"position\":1,\"name\":\"Accueil\",\"item\":\"https:\\\/\\\/www.belgae.be\\\/de\\\/\"},{\"@type\":\"ListItem\",\"position\":2,\"name\":\"Kurze Geschichte der Textilindustrie in Belgien\"}]},{\"@type\":\"WebSite\",\"@id\":\"https:\\\/\\\/www.belgae.be\\\/de\\\/#website\",\"url\":\"https:\\\/\\\/www.belgae.be\\\/de\\\/\",\"name\":\"Belgae\",\"description\":\"Belgische Kunst &amp; Mode\",\"publisher\":{\"@id\":\"https:\\\/\\\/www.belgae.be\\\/de\\\/#organization\"},\"potentialAction\":[{\"@type\":\"SearchAction\",\"target\":{\"@type\":\"EntryPoint\",\"urlTemplate\":\"https:\\\/\\\/www.belgae.be\\\/de\\\/?s={search_term_string}\"},\"query-input\":{\"@type\":\"PropertyValueSpecification\",\"valueRequired\":true,\"valueName\":\"search_term_string\"}}],\"inLanguage\":\"de\"},{\"@type\":\"Organization\",\"@id\":\"https:\\\/\\\/www.belgae.be\\\/de\\\/#organization\",\"name\":\"Belgae\",\"url\":\"https:\\\/\\\/www.belgae.be\\\/de\\\/\",\"logo\":{\"@type\":\"ImageObject\",\"inLanguage\":\"de\",\"@id\":\"https:\\\/\\\/www.belgae.be\\\/de\\\/#\\\/schema\\\/logo\\\/image\\\/\",\"url\":\"https:\\\/\\\/www.belgae.be\\\/de\\\/wp-content\\\/uploads\\\/sites\\\/2\\\/2023\\\/07\\\/Sans-titre1-Copie.png\",\"contentUrl\":\"https:\\\/\\\/www.belgae.be\\\/de\\\/wp-content\\\/uploads\\\/sites\\\/2\\\/2023\\\/07\\\/Sans-titre1-Copie.png\",\"width\":88,\"height\":88,\"caption\":\"Belgae\"},\"image\":{\"@id\":\"https:\\\/\\\/www.belgae.be\\\/de\\\/#\\\/schema\\\/logo\\\/image\\\/\"}},{\"@type\":\"Person\",\"@id\":\"https:\\\/\\\/www.belgae.be\\\/de\\\/#\\\/schema\\\/person\\\/646b40b88212bc5335f9c4fa787df047\",\"name\":\"Cyril Gendarme\",\"sameAs\":[\"https:\\\/\\\/www.belgae.be\"],\"url\":\"https:\\\/\\\/www.belgae.be\\\/de\\\/blog\\\/author\\\/cgen\\\/\"}]}<\/script>\n<!-- \/ Yoast SEO plugin. -->","yoast_head_json":{"title":"Kurze Geschichte der Textilindustrie in Belgien | Belgae","robots":{"index":"index","follow":"follow","max-snippet":"max-snippet:-1","max-image-preview":"max-image-preview:large","max-video-preview":"max-video-preview:-1"},"canonical":"https:\/\/www.belgae.be\/de\/blog\/kurze-geschichte-der-textilindustrie-in-belgien\/","og_locale":"de_DE","og_type":"article","og_title":"Kurze Geschichte der Textilindustrie in Belgien | Belgae","og_description":"Tauchen Sie ein in die lebendigen F\u00e4den der belgischen Textilindustrie! Eine epische Geschichte, durch die Zeit gewoben, entfaltet eine reiche Bildwirkerei von Innovation und Kreativit\u00e4t.","og_url":"https:\/\/www.belgae.be\/de\/blog\/kurze-geschichte-der-textilindustrie-in-belgien\/","og_site_name":"Belgae","article_published_time":"2023-08-02T13:44:24+00:00","og_image":[{"url":"https:\/\/www.belgae.be\/imageHolder\/\/wp-content\/uploads\/sites\/2\/2023\/07\/loading-spinner-belgae.gif","type":"","width":"","height":""}],"author":"Cyril Gendarme","twitter_card":"summary_large_image","twitter_misc":{"Verfasst von":"Cyril Gendarme","Gesch\u00e4tzte Lesezeit":"10\u00a0Minuten"},"schema":{"@context":"https:\/\/schema.org","@graph":[{"@type":"Article","@id":"https:\/\/www.belgae.be\/de\/blog\/kurze-geschichte-der-textilindustrie-in-belgien\/#article","isPartOf":{"@id":"https:\/\/www.belgae.be\/de\/blog\/kurze-geschichte-der-textilindustrie-in-belgien\/"},"author":{"name":"Cyril Gendarme","@id":"https:\/\/www.belgae.be\/de\/#\/schema\/person\/646b40b88212bc5335f9c4fa787df047"},"headline":"Kurze Geschichte der Textilindustrie in Belgien","datePublished":"2023-08-02T13:44:24+00:00","mainEntityOfPage":{"@id":"https:\/\/www.belgae.be\/de\/blog\/kurze-geschichte-der-textilindustrie-in-belgien\/"},"wordCount":2067,"commentCount":0,"publisher":{"@id":"https:\/\/www.belgae.be\/de\/#organization"},"image":{"@id":"https:\/\/www.belgae.be\/de\/blog\/kurze-geschichte-der-textilindustrie-in-belgien\/#primaryimage"},"thumbnailUrl":"https:\/\/www.belgae.be\/de\/wp-content\/uploads\/sites\/2\/2023\/08\/cyril_ge_sewing_machine_Franco-Belgian_comic_style_black_and_wh_3df63401-61de-42ea-8a32-8e998e6c113d-1.jpg","articleSection":["Belgium"],"inLanguage":"de","potentialAction":[{"@type":"CommentAction","name":"Comment","target":["https:\/\/www.belgae.be\/de\/blog\/kurze-geschichte-der-textilindustrie-in-belgien\/#respond"]}]},{"@type":"WebPage","@id":"https:\/\/www.belgae.be\/de\/blog\/kurze-geschichte-der-textilindustrie-in-belgien\/","url":"https:\/\/www.belgae.be\/de\/blog\/kurze-geschichte-der-textilindustrie-in-belgien\/","name":"Kurze Geschichte der Textilindustrie in Belgien | Belgae","isPartOf":{"@id":"https:\/\/www.belgae.be\/de\/#website"},"primaryImageOfPage":{"@id":"https:\/\/www.belgae.be\/de\/blog\/kurze-geschichte-der-textilindustrie-in-belgien\/#primaryimage"},"image":{"@id":"https:\/\/www.belgae.be\/de\/blog\/kurze-geschichte-der-textilindustrie-in-belgien\/#primaryimage"},"thumbnailUrl":"https:\/\/www.belgae.be\/de\/wp-content\/uploads\/sites\/2\/2023\/08\/cyril_ge_sewing_machine_Franco-Belgian_comic_style_black_and_wh_3df63401-61de-42ea-8a32-8e998e6c113d-1.jpg","datePublished":"2023-08-02T13:44:24+00:00","breadcrumb":{"@id":"https:\/\/www.belgae.be\/de\/blog\/kurze-geschichte-der-textilindustrie-in-belgien\/#breadcrumb"},"inLanguage":"de","potentialAction":[{"@type":"ReadAction","target":["https:\/\/www.belgae.be\/de\/blog\/kurze-geschichte-der-textilindustrie-in-belgien\/"]}]},{"@type":"ImageObject","inLanguage":"de","@id":"https:\/\/www.belgae.be\/de\/blog\/kurze-geschichte-der-textilindustrie-in-belgien\/#primaryimage","url":"https:\/\/www.belgae.be\/de\/wp-content\/uploads\/sites\/2\/2023\/08\/cyril_ge_sewing_machine_Franco-Belgian_comic_style_black_and_wh_3df63401-61de-42ea-8a32-8e998e6c113d-1.jpg","contentUrl":"https:\/\/www.belgae.be\/de\/wp-content\/uploads\/sites\/2\/2023\/08\/cyril_ge_sewing_machine_Franco-Belgian_comic_style_black_and_wh_3df63401-61de-42ea-8a32-8e998e6c113d-1.jpg"},{"@type":"BreadcrumbList","@id":"https:\/\/www.belgae.be\/de\/blog\/kurze-geschichte-der-textilindustrie-in-belgien\/#breadcrumb","itemListElement":[{"@type":"ListItem","position":1,"name":"Accueil","item":"https:\/\/www.belgae.be\/de\/"},{"@type":"ListItem","position":2,"name":"Kurze Geschichte der Textilindustrie in Belgien"}]},{"@type":"WebSite","@id":"https:\/\/www.belgae.be\/de\/#website","url":"https:\/\/www.belgae.be\/de\/","name":"Belgae","description":"Belgische Kunst &amp; Mode","publisher":{"@id":"https:\/\/www.belgae.be\/de\/#organization"},"potentialAction":[{"@type":"SearchAction","target":{"@type":"EntryPoint","urlTemplate":"https:\/\/www.belgae.be\/de\/?s={search_term_string}"},"query-input":{"@type":"PropertyValueSpecification","valueRequired":true,"valueName":"search_term_string"}}],"inLanguage":"de"},{"@type":"Organization","@id":"https:\/\/www.belgae.be\/de\/#organization","name":"Belgae","url":"https:\/\/www.belgae.be\/de\/","logo":{"@type":"ImageObject","inLanguage":"de","@id":"https:\/\/www.belgae.be\/de\/#\/schema\/logo\/image\/","url":"https:\/\/www.belgae.be\/de\/wp-content\/uploads\/sites\/2\/2023\/07\/Sans-titre1-Copie.png","contentUrl":"https:\/\/www.belgae.be\/de\/wp-content\/uploads\/sites\/2\/2023\/07\/Sans-titre1-Copie.png","width":88,"height":88,"caption":"Belgae"},"image":{"@id":"https:\/\/www.belgae.be\/de\/#\/schema\/logo\/image\/"}},{"@type":"Person","@id":"https:\/\/www.belgae.be\/de\/#\/schema\/person\/646b40b88212bc5335f9c4fa787df047","name":"Cyril Gendarme","sameAs":["https:\/\/www.belgae.be"],"url":"https:\/\/www.belgae.be\/de\/blog\/author\/cgen\/"}]}},"_links":{"self":[{"href":"https:\/\/www.belgae.be\/de\/wp-json\/wp\/v2\/posts\/2907","targetHints":{"allow":["GET"]}}],"collection":[{"href":"https:\/\/www.belgae.be\/de\/wp-json\/wp\/v2\/posts"}],"about":[{"href":"https:\/\/www.belgae.be\/de\/wp-json\/wp\/v2\/types\/post"}],"author":[{"embeddable":true,"href":"https:\/\/www.belgae.be\/de\/wp-json\/wp\/v2\/users\/1"}],"replies":[{"embeddable":true,"href":"https:\/\/www.belgae.be\/de\/wp-json\/wp\/v2\/comments?post=2907"}],"version-history":[{"count":0,"href":"https:\/\/www.belgae.be\/de\/wp-json\/wp\/v2\/posts\/2907\/revisions"}],"wp:featuredmedia":[{"embeddable":true,"href":"https:\/\/www.belgae.be\/de\/wp-json\/"}],"wp:attachment":[{"href":"https:\/\/www.belgae.be\/de\/wp-json\/wp\/v2\/media?parent=2907"}],"wp:term":[{"taxonomy":"category","embeddable":true,"href":"https:\/\/www.belgae.be\/de\/wp-json\/wp\/v2\/categories?post=2907"},{"taxonomy":"post_tag","embeddable":true,"href":"https:\/\/www.belgae.be\/de\/wp-json\/wp\/v2\/tags?post=2907"}],"curies":[{"name":"wp","href":"https:\/\/api.w.org\/{rel}","templated":true}]}}