{"id":2906,"date":"2023-08-02T13:44:08","date_gmt":"2023-08-02T13:44:08","guid":{"rendered":"https:\/\/www.belgae.be\/de\/blog\/der-belgische-minimalismus-in-der-mode-in-schwarz-und-weiss\/"},"modified":"2023-08-02T13:44:08","modified_gmt":"2023-08-02T13:44:08","slug":"der-belgische-minimalismus-in-der-mode-in-schwarz-und-weiss","status":"publish","type":"post","link":"https:\/\/www.belgae.be\/de\/blog\/der-belgische-minimalismus-in-der-mode-in-schwarz-und-weiss\/","title":{"rendered":"Der belgische Minimalismus in der Mode: In Schwarz und Wei\u00df"},"content":{"rendered":"<p>Entfesseln Sie Ihren inneren Chic mit &#8220;Belgischer Minimalismus in der Mode: In Schwarz und Wei\u00df&#8221;. Entdecken Sie, wie belgische Designer meisterhaft Einfachheit, Eleganz und Funktionalit\u00e4t verbinden.<\/p>\n<p>Tauchen Sie ein in eine Welt, in der weniger mehr ist. Erfahren Sie, warum monochrome Farbt\u00f6ne das Sinnbild f\u00fcr zeitlosen Stil in dieser Modewelt sind.<\/p>\n<p>Machen Sie sich bereit f\u00fcr eine minimalistische Revolution, die die globale Modeindustrie im Sturm erobert!<\/p>\n<section class=\"contentTable_table\">\n<p class=\"contentTable_title\">Inhalt: <\/p>\n<p class=\"contentTable_elem\"><a href=\"#balise_0\">1. Das Prinzip des Minimalismus in der Mode: Sch\u00f6nheit in der Einfachheit<\/a><\/p>\n<p class=\"contentTable_elem\"><a href=\"#balise_1\">2. Kurze Geschichte des belgischen Minimalismus<\/a><\/p>\n<p class=\"contentTable_elem\"><a href=\"#balise_2\">3. Die Rolle Belgiens in der europ\u00e4ischen Minimalismus-Bewegung<\/a><\/p>\n<p class=\"contentTable_elem\"><a href=\"#balise_3\">4. Die Pioniere des belgischen Minimalismus in der Grafikkunst<\/a><\/p>\n<p class=\"contentTable_elem\"><a href=\"#balise_4\">5. Der Einfluss der belgischen Architektur auf Minimalismus in der Mode<\/a><\/p>\n<p class=\"contentTable_elem\"><a href=\"#balise_5\">6. Verwendung von Schwarz und Wei\u00df zur Erstellung schlanker Silhouetten<\/a><\/p>\n<p class=\"contentTable_elem\"><a href=\"#balise_6\">7. Die bevorzugten Stoffe und Materialien in der minimalistischen Mode<\/a><\/p>\n<p class=\"contentTable_elem\"><a href=\"#balise_7\">8. Die ikonischen Sch\u00f6pfer des belgischen Minimalismus<\/a><\/p>\n<p class=\"contentTable_elem\"><a href=\"#balise_8\">9. Belgischer Minimalismus in der Mode: Ein diskreter Luxus<\/a><\/p>\n<p class=\"contentTable_elem\"><a href=\"#balise_9\">10. Belgischer Minimalismus und Nachhaltigkeit: Verantwortungsbewusste Praktiken in der Modebranche<\/a><\/p>\n<p class=\"contentTable_elem\"><a href=\"#balise_10\">11. Wissenschaft: Warum passen Schwarz und Wei\u00df so gut als Farben zusammen?<\/a><\/p>\n<p class=\"contentTable_elem\"><a href=\"#balise_11\">12. Minimalismus und Psychologie: Analyse der Auswirkungen von Schwarz und Wei\u00df auf den Geist<\/a><\/p>\n<p class=\"contentTable_elem\"><a href=\"#balise_12\">13. Die Zukunft des belgischen Minimalismus: Prognosen zur k\u00fcnftigen Bewegung<\/a><\/p>\n<\/section>\n<p><img loading=\"lazy\" decoding=\"async\" class=\"lazyload articleImageSquare_CGEN\" height=\"400\" width=\"400\" src=\"https:\/\/www.belgae.be\/imageHolder\/\/wp-content\/uploads\/sites\/2\/2023\/07\/loading-spinner-belgae.gif\" data-src=\"https:\/\/www.belgae.be\/imageHolder\/\/wp-content\/uploads\/sites\/2\/2023\/08\/tmpbuqafdau.jpg\" alt=\"tmpbuqafdau\" \/><\/p>\n<h2 id=\"balise_0\">Das Prinzip des Minimalismus in der Mode: Sch\u00f6nheit in der Einfachheit<\/h2>\n<p>Minimalismus ist mehr als nur eine Design\u00e4sthetik; es ist eine Lebensweise. In der Modewelt umarmt der Minimalismus die Einfachheit und saubere Linien, um zeitlose St\u00fccke zu kreieren, die Eleganz ausstrahlen. Der belgische Minimalismus erweitert dieses Konzept noch weiter, indem er in jedes Kleidungsst\u00fcck einen k\u00fcnstlerischen Touch einbringt.<\/p>\n<p>Mit dem Fokus auf Qualit\u00e4t statt Quantit\u00e4t hebt sich dieser Stil von anderen ab. Die schlichten Designs verleihen jedem Outfit einen Hauch von Raffinesse und Klasse. Jedes Teil wird mit Bedacht entworfen und gefertigt, wobei stets Wert auf Detailgenauigkeit gelegt wird.<\/p>\n<p>Belgien hat sich im Bereich des minimalistischen Designs durch seine einzigartigen Ans\u00e4tze hervorgetan. Es geht darum, weniger zu sein aber dennoch beeindruckend &#8211; das ist die Essenz des belgischen Minimalismus in der Mode.<\/p>\n<p>Die Sch\u00f6nheit liegt hierbei im Detail &#8211; bei sorgf\u00e4ltiger Betrachtung offenbaren diese simplen Kreationen ihre wahre Komplexit\u00e4t und Tiefe. Durch diese Herangehensweise werden modische Trends \u00fcberdauern k\u00f6nnen.<\/p>\n<p><img loading=\"lazy\" decoding=\"async\" class=\"lazyload articleImageSquare_CGEN\" height=\"400\" width=\"400\" src=\"https:\/\/www.belgae.be\/imageHolder\/\/wp-content\/uploads\/sites\/2\/2023\/07\/loading-spinner-belgae.gif\" data-src=\"https:\/\/www.belgae.be\/imageHolder\/\/wp-content\/uploads\/sites\/2\/2023\/08\/tmpctgg4veq.jpg\" alt=\"tmpctgg4veq\" \/><\/p>\n<h2 id=\"balise_1\">Kurze Geschichte des belgischen Minimalismus<\/h2>\n<p>Belgien gilt seit langem als Zentrum f\u00fcr Kreativit\u00e4t und Innovation, insbesondere im Bereich der Mode. Der Minimalismus in Belgien hat seine Wurzeln in den 1980er Jahren. Damals traten Designer wie Martin Margiela und Ann Demeulemeester mit ihrer avantgardistischen Herangehensweise auf den Plan.<\/p>\n<p>Die belgische Modeszene ist weltweit bekannt f\u00fcr ihren einzigartigen Stil. Diese Besonderheit l\u00e4sst sich auf die herausragenden Talente zur\u00fcckf\u00fchren, die das Land hervorbringt. Ihre Designs sind oft eine Mischung aus traditionellen Techniken und modernen Trends.<\/p>\n<p>Martin Margiela und Ann Demeulemeester haben wesentlich dazu beigetragen, dass Belgien heute als Wiege des minimalistischen Modedesigns angesehen wird. Ihre Arbeit pr\u00e4gte eine ganze Generation von Designern nach ihnen.<\/p>\n<p>Ihr mutiger Ansatz zeigte sich nicht nur in ihren Entw\u00fcrfen sondern auch durch ihre F\u00e4higkeit, gegen etablierte Konventionen zu rebellieren. Sie setzten neue Ma\u00dfst\u00e4be im Modedesign und inspirierten damit viele andere Designer rund um den Globus.<\/p>\n<p><img loading=\"lazy\" decoding=\"async\" class=\"lazyload articleImageSquare_CGEN\" height=\"400\" width=\"400\" src=\"https:\/\/www.belgae.be\/imageHolder\/\/wp-content\/uploads\/sites\/2\/2023\/07\/loading-spinner-belgae.gif\" data-src=\"https:\/\/www.belgae.be\/imageHolder\/\/wp-content\/uploads\/sites\/2\/2023\/08\/tmpbt_1xuns.jpg\" alt=\"tmpbt_1xuns\" \/><\/p>\n<h2 id=\"balise_2\">Die Rolle Belgiens in der europ\u00e4ischen Minimalismus-Bewegung<\/h2>\n<p>Mit seinem reichen kulturellen Erbe wurde Belgien schnell zu einem pr\u00e4genden Faktor f\u00fcr die europ\u00e4ische Minimalismus-Bewegung. Die einzigartige Mischung aus Kunstfertigkeit und Zur\u00fcckhaltung zog Aufmerksamkeit von allen Seiten auf sich, was es zu einer Brutst\u00e4tte f\u00fcr einige wirklich bemerkenswerte Talente machte.<\/p>\n<p>Die Bedeutung des belgischen Beitrags kann nicht genug betont werden. Es hat einen unverwechselbaren Stil geschaffen, der weltweit anerkannt und bewundert wird.<\/p>\n<p>Belgien ist mehr als nur ein Land; es ist eine Inspirationsquelle. Seine Auswirkungen sind weitreichend und haben das Gesicht der minimalistischen Kunst entscheidend gepr\u00e4gt.<\/p>\n<p>Insgesamt steht Belgien im Zentrum des europ\u00e4ischen Minimalismus &#8211; sowohl historisch als auch in der Gegenwart. Sein Einfluss bleibt stark und seine Rolle bei der Gestaltung dieser Bewegung ist unbestreitbar.<\/p>\n<p><img loading=\"lazy\" decoding=\"async\" class=\"lazyload articleImageSquare_CGEN\" height=\"400\" width=\"400\" src=\"https:\/\/www.belgae.be\/imageHolder\/\/wp-content\/uploads\/sites\/2\/2023\/07\/loading-spinner-belgae.gif\" data-src=\"https:\/\/www.belgae.be\/imageHolder\/\/wp-content\/uploads\/sites\/2\/2023\/08\/tmpsvc7kmep.jpg\" alt=\"tmpsvc7kmep\" \/><\/p>\n<h2 id=\"balise_3\">Die Pioniere des belgischen Minimalismus in der Grafikkunst<\/h2>\n<p>Belgische K\u00fcnstler wie Ren\u00e9 Magritte und Piet Mondrian legten zu Beginn des 20. Jahrhunderts den Grundstein f\u00fcr minimalistische Grafikkunst. Ihre Verwendung von einfachen Formen, kr\u00e4ftigen Farben und starken Kompositionen inspirierte kommende Generationen &#8211; einschlie\u00dflich derjenigen, die in der Modebranche t\u00e4tig waren.<\/p>\n<p>Ihre Arbeit war wegweisend in ihrer Einfachheit und Direktheit. Sie setzten auf klare Linienf\u00fchrung, mutige Farbgebung und schlichte Formensprache. Diese Elemente fanden sich sp\u00e4ter auch in anderen Bereichen wieder &#8211; insbesondere im Modedesign.<\/p>\n<p>Die Einfl\u00fcsse dieser beiden gro\u00dfen Meister sind noch heute sichtbar. In vielen modernen Designs werden ihre Prinzipien weitergef\u00fchrt und neu interpretiert \u2013 ein Beweis f\u00fcr ihren anhaltenden Einfluss.<\/p>\n<p>Insgesamt kann man sagen: Die Beitr\u00e4ge von Ren\u00e9 Magritte und Piet Mondrian zur Kunstgeschichte sind unbestreitbar bedeutend gewesen.<\/p>\n<p>Sie haben nicht nur die Art ver\u00e4ndert, wie wir Kunst sehen &#8211; sondern auch nachfolgende Generationene beeinflusst &#8211; besonders jene, die sich mit Mode besch\u00e4ftigt haben.<\/p>\n<p><img loading=\"lazy\" decoding=\"async\" class=\"lazyload articleImageSquare_CGEN\" height=\"400\" width=\"400\" src=\"https:\/\/www.belgae.be\/imageHolder\/\/wp-content\/uploads\/sites\/2\/2023\/07\/loading-spinner-belgae.gif\" data-src=\"https:\/\/www.belgae.be\/imageHolder\/\/wp-content\/uploads\/sites\/2\/2023\/08\/tmpnjwc6co7.jpg\" alt=\"tmpnjwc6co\" \/><\/p>\n<h2 id=\"balise_4\">Der Einfluss der belgischen Architektur auf Minimalismus in der Mode<\/h2>\n<p>Die architektonischen Wunder, die in ganz Belgien zu finden sind, haben einen tiefgreifenden Einfluss auf Modedesigner gehabt, die Inspiration aus ihrer Umgebung suchen. Saubere Linien, geometrische Formen und funktionale Designs sind alle Elemente, die von der Architektur entlehnt werden und ihren Weg in minimalistische Bekleidungskollektionen finden.<\/p>\n<p>In Belgien st\u00f6\u00dft man auf beeindruckende architektonische Meisterwerke. Diese dienen als Inspirationsquelle f\u00fcr Modedesigner. Die klaren Linien und geometrischen Formen dieser Bauten spiegeln sich in ihren minimalistischen Kollektionen wider.<\/p>\n<p>Belgien ist bekannt f\u00fcr seine einzigartige Architektur. Sie hat viele kreative K\u00f6pfe im Modebereich inspiriert. Ihre Arbeitsweise zeugt von einem starkem Einfluss durch diese Kunstform.<\/p>\n<p>Die belgische Architektur ist ein wahrer Schatz an Inspiration f\u00fcr Modedesigner weltweit. Ihre sauberen Linien und funktionalen Designs bilden oft das Herzst\u00fcck minimalistischer Kleidungsst\u00fccke.<\/p>\n<p>Diese beeindruckenden Bauwerke haben deutliche Spuren im Bereich des Minimalismus hinterlassen &#8211; eine Stilrichtung, deren Kennzeichen Einfachheit und Funktionalit\u00e4t sind.<\/p>\n<p><img loading=\"lazy\" decoding=\"async\" class=\"lazyload articleImageSquare_CGEN\" height=\"400\" width=\"400\" src=\"https:\/\/www.belgae.be\/imageHolder\/\/wp-content\/uploads\/sites\/2\/2023\/07\/loading-spinner-belgae.gif\" data-src=\"https:\/\/www.belgae.be\/imageHolder\/\/wp-content\/uploads\/sites\/2\/2023\/08\/tmpa4zc5_kq.jpg\" alt=\"tmpa4zc5_kq\" \/><\/p>\n<h2 id=\"balise_5\">Verwendung von Schwarz und Wei\u00df zur Erstellung schlanker Silhouetten<\/h2>\n<p>Minimalistische Mode ist undenkbar ohne die Anerkennung ihrer Affinit\u00e4t f\u00fcr Schwarz-Wei\u00df-Nuancen. Diese monochromatischen T\u00f6ne dienen als grundlegende Pfeiler, auf denen stromlinienf\u00f6rmige Silhouetten errichtet werden.<\/p>\n<p>Schwarz und Wei\u00df erm\u00f6glichen es, dass die Struktur des Kleidungsst\u00fccks im Mittelpunkt steht. Sie unterstreichen dessen makellose Schneiderarbeit.<\/p>\n<p>Die Faszination liegt in der Einfachheit dieser Farbpalette. Es geht nicht nur um \u00c4sthetik, sondern auch um Funktionalit\u00e4t. Minimalismus strebt nach Klarheit durch Reduzierung auf das Wesentliche.<\/p>\n<p>Diese Grundprinzipien definieren den minimalistischen Stil in der Modewelt. Ein sorgf\u00e4ltig konstruiertes Outfit kann mit wenigen Elementen eine starke Wirkung erzielen &#8211; alle dank der Macht von Schwarz und Wei\u00df.<\/p>\n<p><img loading=\"lazy\" decoding=\"async\" class=\"lazyload articleImageSquare_CGEN\" height=\"400\" width=\"400\" src=\"https:\/\/www.belgae.be\/imageHolder\/\/wp-content\/uploads\/sites\/2\/2023\/07\/loading-spinner-belgae.gif\" data-src=\"https:\/\/www.belgae.be\/imageHolder\/\/wp-content\/uploads\/sites\/2\/2023\/08\/tmpaq51hiaa.jpg\" alt=\"tmpaq51hiaa\" \/><\/p>\n<h2 id=\"balise_6\">Die bevorzugten Stoffe und Materialien in der minimalistischen Mode<\/h2>\n<p>Der belgische Minimalismus legt gro\u00dfen Wert auf hochwertige Materialien, die den Test der Zeit bestehen. Luxuri\u00f6se Stoffe wie feine Wolle, Seide und Kaschmir werden oft in minimalistischer Mode verwendet, um sowohl Komfort als auch Langlebigkeit zu gew\u00e4hrleisten.<\/p>\n<p>Nat\u00fcrliche Fasern spielen eine Schl\u00fcsselrolle bei der Erzielung eines raffinierten und doch m\u00fchelosen Aussehens. Diese Art von Design betont die Sch\u00f6nheit von Einfachheit und Funktion. Es ist weniger \u00fcber Masse und mehr \u00fcber Qualit\u00e4t.<\/p>\n<p>Diese Philosophie spiegelt sich in jedem Kleidungsst\u00fcck wider, das mit Sorgfalt gefertigt wird. Jedes Detail hat seinen Zweck und tr\u00e4gt zur Gesamt\u00e4sthetik bei. Das Ergebnis ist ein zeitloses St\u00fcck, das Jahre h\u00e4lt.<\/p>\n<p>Insgesamt zielt der belgische Minimalismus darauf ab, langlebige Kleidungsst\u00fccke zu schaffen, die sowohl stilvoll als auch praktisch sind. Dieser Ansatz f\u00f6rdert Nachhaltigkeit durch F\u00f6rderung der Haltbarkeit gegen\u00fcber schnellen Modetrends.<\/p>\n<p><img loading=\"lazy\" decoding=\"async\" class=\"lazyload articleImageSquare_CGEN\" height=\"400\" width=\"400\" src=\"https:\/\/www.belgae.be\/imageHolder\/\/wp-content\/uploads\/sites\/2\/2023\/07\/loading-spinner-belgae.gif\" data-src=\"https:\/\/www.belgae.be\/imageHolder\/\/wp-content\/uploads\/sites\/2\/2023\/08\/tmpja7pacse.jpg\" alt=\"tmpja7pacse\" \/><\/p>\n<h2 id=\"balise_7\">Die ikonischen Sch\u00f6pfer des belgischen Minimalismus<\/h2>\n<p>Einige Namen sind aufgrund ihrer bahnbrechenden Beitr\u00e4ge zum Synonym f\u00fcr belgischen Minimalismus geworden. Designer wie Raf Simons, Dries Van Noten und Haider Ackermann haben die Branche nachhaltig gepr\u00e4gt, indem sie neu definiert haben, was es bedeutet, Einfachheit zu umarmen und gleichzeitig kreative Grenzen zu verschieben.<\/p>\n<p>Diese Designer sind nicht nur Vorreiter in ihrem Bereich. Sie setzen neue Ma\u00dfst\u00e4be f\u00fcr zuk\u00fcnftige Generationen von Modeenthusiasten. Ihre Arbeit hat den Weg geebnet f\u00fcr eine neue \u00c4ra des Designs &#8211; einfach aber ausdrucksstark.<\/p>\n<p>Raf Simons, Dries Van Noten und Haider Ackermann haben ihren eigenen unverwechselbaren Stil geschaffen. Dieser Stil ist das Herzst\u00fcck ihres Erfolgs und wird weltweit anerkannt und bewundert.<\/p>\n<p>Die Wirkung dieser Designer geht \u00fcber die Modewelt hinaus. Sie beeinflussen unsere Sichtweise auf Sch\u00f6nheit sowie unser Verst\u00e4ndnis von Design im Allgemeinen.<\/p>\n<p>Jeder einzelne von ihnen repr\u00e4sentiert den Geist des belgischen Minimalismus in seiner reinsten Form \u2013 zur\u00fcckhaltend doch beeindruckend innovativ.<\/p>\n<p><img loading=\"lazy\" decoding=\"async\" class=\"lazyload articleImageSquare_CGEN\" height=\"400\" width=\"400\" src=\"https:\/\/www.belgae.be\/imageHolder\/\/wp-content\/uploads\/sites\/2\/2023\/07\/loading-spinner-belgae.gif\" data-src=\"https:\/\/www.belgae.be\/imageHolder\/\/wp-content\/uploads\/sites\/2\/2023\/08\/tmpkdswsj8f.jpg\" alt=\"tmpkdswsj8f\" \/><\/p>\n<h2 id=\"balise_8\">Belgischer Minimalismus in der Mode: Ein diskreter Luxus<\/h2>\n<p>Obwohl manche Luxus mit \u00dcberfluss oder Exzessivit\u00e4t verbinden, bietet belgischer Minimalismus eine andere Sichtweise &#8211; eine von zur\u00fcckhaltender Eleganz. Er feiert Handwerkskunst \u00fcber Logos und konzentriert sich auf die Schaffung von St\u00fccken, die fl\u00fcchtigen Trends durch zeitlose Designprinzipien standhalten.<\/p>\n<p>Die Betonung liegt hierbei auf Qualit\u00e4t statt Quantit\u00e4t. Jedes St\u00fcck wird sorgf\u00e4ltig entworfen und hergestellt, um Langlebigkeit zu gew\u00e4hrleisten. Es geht nicht darum, den neuesten Modetrends zu folgen oder das teuerste Etikett zu tragen.<\/p>\n<p>Stattdessen steht der Wunsch im Vordergrund, Artikel von dauerhaftem Wert zu besitzen. Dies kann nur erreicht werden durch ein tiefes Verst\u00e4ndnis f\u00fcr Materialien und Prozesse sowie einen Respekt vor dem handwerklichen K\u00f6nnen.<\/p>\n<p>Belgischer Minimalismus ist mehr als nur ein Designansatz &#8211; es ist eine Lebenseinstellung. Eine Haltung des bewussten Konsums und der Wertsch\u00e4tzung f\u00fcr Dinge gut gemacht \u2013 unabh\u00e4ngig vom Preis.<\/p>\n<p><img loading=\"lazy\" decoding=\"async\" class=\"lazyload articleImageSquare_CGEN\" height=\"400\" width=\"400\" src=\"https:\/\/www.belgae.be\/imageHolder\/\/wp-content\/uploads\/sites\/2\/2023\/07\/loading-spinner-belgae.gif\" data-src=\"https:\/\/www.belgae.be\/imageHolder\/\/wp-content\/uploads\/sites\/2\/2023\/08\/tmpz2mlcsne.jpg\" alt=\"tmpz2mlcsne\" \/><\/p>\n<h2 id=\"balise_9\">Belgischer Minimalismus und Nachhaltigkeit: Verantwortungsbewusste Praktiken in der Modebranche<\/h2>\n<p>In den letzten Jahren hat Nachhaltigkeit in der Modebranche immer mehr an Bedeutung gewonnen. Zahlreiche belgische Designer setzen sich f\u00fcr ethische Praktiken ein, indem sie umweltfreundliche Materialien verwenden und faire Arbeitsstandards durchsetzen.<\/p>\n<p>Sie f\u00f6rdern Konzepte der Slow Fashion, die \u00fcberm\u00e4\u00dfigen Konsum entmutigen. Solche Ans\u00e4tze sind entscheidend f\u00fcr eine verantwortungsvolle Gestaltung unserer Zukunft. Sie erm\u00f6glichen nicht nur einen bewussten Umgang mit Ressourcen, sondern sch\u00fctzen auch die Rechte von Arbeitern weltweit.<\/p>\n<p>Die F\u00f6rderung dieser Prinzipien durch belgische Modedesigner ist ein positiver Schritt in Richtung einer nachhaltigeren Branche. Es zeigt das Engagement dieser Kreativen f\u00fcr Ver\u00e4nderungen zum Besseren in allen Aspekten des Produktionsprozesses.<\/p>\n<p>Mit ihrem Einfluss k\u00f6nnen diese Designer dazu beitragen, dass ethisches Handeln zur Norm wird und das Bewusstsein f\u00fcr Umweltfragen gest\u00e4rkt wird &#8211; zum Vorteil aller und unseres Planeten.<\/p>\n<p><img loading=\"lazy\" decoding=\"async\" class=\"lazyload articleImageSquare_CGEN\" height=\"400\" width=\"400\" src=\"https:\/\/www.belgae.be\/imageHolder\/\/wp-content\/uploads\/sites\/2\/2023\/07\/loading-spinner-belgae.gif\" data-src=\"https:\/\/www.belgae.be\/imageHolder\/\/wp-content\/uploads\/sites\/2\/2023\/08\/tmp03jhsdik.jpg\" alt=\"tmp03jhsdik\" \/><\/p>\n<h2 id=\"balise_10\">Wissenschaft: Warum passen Schwarz und Wei\u00df so gut als Farben zusammen?<\/h2>\n<p>Die Wissenschaft hinter Schwarz und Wei\u00df liegt in ihrem gegens\u00e4tzlichen Charakter. Sie repr\u00e4sentieren die Extreme von Helligkeit und Dunkelheit im Farbspektrum.<\/p>\n<p>Dieser starke Kontrast erzeugt visuelle Auswirkungen, w\u00e4hrend andere Designelemente &#8211; wie Form oder Textur &#8211; uneingeschr\u00e4nkt gl\u00e4nzen k\u00f6nnen.<\/p>\n<p>Diese Faktoren tragen zu einer ausgepr\u00e4gten \u00c4sthetik bei, die sowohl auff\u00e4llig als auch ausgewogen ist. Es ist diese einzigartige Verbindung, die Schwarz und Wei\u00df so faszinierend macht.<\/p>\n<p>Zusammen genommen bieten sie eine Palette an M\u00f6glichkeiten f\u00fcr Designer auf der ganzen Welt. Ihre universelle Anziehungskraft spricht f\u00fcr ihre Einzigartigkeit und kraftvolle Pr\u00e4senz.<\/p>\n<p>Insgesamt bilden Schwarz und Wei\u00df einen wesentlichen Bestandteil des Designs; sie sind unverzichtbar in ihrer F\u00e4higkeit, Balance zu schaffen.<\/p>\n<p><img loading=\"lazy\" decoding=\"async\" class=\"lazyload articleImageSquare_CGEN\" height=\"400\" width=\"400\" src=\"https:\/\/www.belgae.be\/imageHolder\/\/wp-content\/uploads\/sites\/2\/2023\/07\/loading-spinner-belgae.gif\" data-src=\"https:\/\/www.belgae.be\/imageHolder\/\/wp-content\/uploads\/sites\/2\/2023\/08\/tmp6arqam8n.jpg\" alt=\"tmp6arqam8n\" \/><\/p>\n<h2 id=\"balise_11\">Minimalismus und Psychologie: Analyse der Auswirkungen von Schwarz und Wei\u00df auf den Geist<\/h2>\n<p>Psychologisch steht Schwarz f\u00fcr Macht, Raffinesse und Formalit\u00e4t. Es ruft ein Gef\u00fchl von Autorit\u00e4t und Eleganz hervor. Wei\u00df symbolisiert andererseits Reinheit, Einfachheit und Klarheit. Die Kombination dieser Farben in minimalistischer Mode kann eine harmonische Balance schaffen, die tief mit Personen resoniert, die nach raffinierter \u00c4sthetik suchen.<\/p>\n<p>In Bezug auf Psychologie vermittelt Schwarz St\u00e4rke sowie Ausdruckskraft und ist gleichzeitig formell. Dies erzeugt einen Hauch von Anmut sowie W\u00fcrde. Im Gegensatz dazu repr\u00e4sentiert Wei\u00df Unschuld zusammen mit Simplizit\u00e4t ebenso wie Deutlichkeit.<\/p>\n<p>Diese beiden Farbt\u00f6ne in der Minimalmode zu kombinieren erzeugt eine ausgewogene Harmonie.<\/p>\n<p>Dies findet bei Individuen Anklang, deren Ziel es ist, feine optische Reize zu entdecken.<\/p>\n<p>Schwarz bringt psychologisch gesehen Kraft zum Vorschein; zudem strahlt es Raffinesse aus und hat einen formalen Charakter.<\/p>\n<p>Es verspr\u00fcht ein Gef\u00fchl von Respektabilit\u00e4t plus Sch\u00f6nheit.<\/p>\n<p>Wei\u00df jedoch steht f\u00fcr Unber\u00fchrtheit gepaart mit Leichtigkeit auch Transparenz.<\/p>\n<p>Die Verschmelzung beider Nuancen innerhalb des minimalistischen Modestils ergibt eine ausgeglichene Symbiose.<\/p>\n<p>Das spricht Menschen an, welche sich nach einem gehobenen Geschmackserlebnis sehnen.<\/p>\n<p><img loading=\"lazy\" decoding=\"async\" class=\"lazyload articleImageSquare_CGEN\" height=\"400\" width=\"400\" src=\"https:\/\/www.belgae.be\/imageHolder\/\/wp-content\/uploads\/sites\/2\/2023\/07\/loading-spinner-belgae.gif\" data-src=\"https:\/\/www.belgae.be\/imageHolder\/\/wp-content\/uploads\/sites\/2\/2023\/08\/tmpka6av2_x.jpg\" alt=\"tmpka6av2_x\" \/><\/p>\n<h2 id=\"balise_12\">Die Zukunft des belgischen Minimalismus: Prognosen zur k\u00fcnftigen Bewegung<\/h2>\n<p>Belgischer Minimalismus zeigt keine Anzeichen einer Verlangsamung; er fasziniert weiterhin Publikum weltweit mit seiner einzigartigen Mischung aus Kunstfertigkeit und Zur\u00fcckhaltung. Da Nachhaltigkeit in der gesamten Branche immer wichtiger wird, k\u00f6nnen wir erwarten, dass belgische Designer die Initiative ergreifen und innovative, aber verantwortungsbewusste Kollektionen f\u00fcr die kommenden Jahre schaffen.<\/p>\n<p>Abschlie\u00dfend, Belgischer Minimalismus in der Mode repr\u00e4sentiert mehr als nur Kleidung &#8211; er verk\u00f6rpert eine k\u00fcnstlerische Bewegung, die auf Einfachheit und zeitlosen Designprinzipien basiert. Mit seiner reichen Geschichte in Architektur und Grafikdesign kombiniert mit vision\u00e4ren Designern, die kreative Grenzen \u00fcberschreiten und nachhaltige Praktiken umarmen &#8211; Belgien bleibt an vorderster Front dieser fesselnden \u00c4sthetik.<\/p>\n","protected":false},"excerpt":{"rendered":"<p>Entfesseln Sie Ihren inneren Chic mit &#8220;Belgischer Minimalismus in der Mode: In Schwarz und Wei\u00df&#8221;. Entdecken Sie, wie belgische Designer meisterhaft Einfachheit, Eleganz und Funktionalit\u00e4t verbinden.<\/p>\n","protected":false},"author":1,"featured_media":4336,"comment_status":"open","ping_status":"","sticky":false,"template":"","format":"standard","meta":{"_acf_changed":false,"_et_pb_use_builder":"","_et_pb_old_content":"","_et_gb_content_width":"","footnotes":""},"categories":[39],"tags":[],"class_list":["post-2906","post","type-post","status-publish","format-standard","has-post-thumbnail","hentry","category-belgium"],"acf":[],"yoast_head":"<!-- This site is optimized with the Yoast SEO plugin v27.5 - https:\/\/yoast.com\/product\/yoast-seo-wordpress\/ -->\n<title>Der belgische Minimalismus in der Mode: In Schwarz und Wei\u00df | Belgae<\/title>\n<meta name=\"robots\" content=\"index, follow, max-snippet:-1, max-image-preview:large, max-video-preview:-1\" \/>\n<link rel=\"canonical\" href=\"https:\/\/www.belgae.be\/de\/blog\/der-belgische-minimalismus-in-der-mode-in-schwarz-und-weiss\/\" \/>\n<meta property=\"og:locale\" content=\"de_DE\" \/>\n<meta property=\"og:type\" content=\"article\" \/>\n<meta property=\"og:title\" content=\"Der belgische Minimalismus in der Mode: In Schwarz und Wei\u00df | Belgae\" \/>\n<meta property=\"og:description\" content=\"Entfesseln Sie Ihren inneren Chic mit &quot;Belgischer Minimalismus in der Mode: In Schwarz und Wei\u00df&quot;. Entdecken Sie, wie belgische Designer meisterhaft Einfachheit, Eleganz und Funktionalit\u00e4t verbinden.\" \/>\n<meta property=\"og:url\" content=\"https:\/\/www.belgae.be\/de\/blog\/der-belgische-minimalismus-in-der-mode-in-schwarz-und-weiss\/\" \/>\n<meta property=\"og:site_name\" content=\"Belgae\" \/>\n<meta property=\"article:published_time\" content=\"2023-08-02T13:44:08+00:00\" \/>\n<meta property=\"og:image\" content=\"https:\/\/www.belgae.be\/imageHolder\/\/wp-content\/uploads\/sites\/2\/2023\/07\/loading-spinner-belgae.gif\" \/>\n<meta name=\"author\" content=\"Cyril Gendarme\" \/>\n<meta name=\"twitter:card\" content=\"summary_large_image\" \/>\n<meta name=\"twitter:label1\" content=\"Verfasst von\" \/>\n\t<meta name=\"twitter:data1\" content=\"Cyril Gendarme\" \/>\n\t<meta name=\"twitter:label2\" content=\"Gesch\u00e4tzte Lesezeit\" \/>\n\t<meta name=\"twitter:data2\" content=\"11\u00a0Minuten\" \/>\n<script type=\"application\/ld+json\" class=\"yoast-schema-graph\">{\"@context\":\"https:\\\/\\\/schema.org\",\"@graph\":[{\"@type\":\"Article\",\"@id\":\"https:\\\/\\\/www.belgae.be\\\/de\\\/blog\\\/der-belgische-minimalismus-in-der-mode-in-schwarz-und-weiss\\\/#article\",\"isPartOf\":{\"@id\":\"https:\\\/\\\/www.belgae.be\\\/de\\\/blog\\\/der-belgische-minimalismus-in-der-mode-in-schwarz-und-weiss\\\/\"},\"author\":{\"name\":\"Cyril Gendarme\",\"@id\":\"https:\\\/\\\/www.belgae.be\\\/de\\\/#\\\/schema\\\/person\\\/646b40b88212bc5335f9c4fa787df047\"},\"headline\":\"Der belgische Minimalismus in der Mode: In Schwarz und Wei\u00df\",\"datePublished\":\"2023-08-02T13:44:08+00:00\",\"mainEntityOfPage\":{\"@id\":\"https:\\\/\\\/www.belgae.be\\\/de\\\/blog\\\/der-belgische-minimalismus-in-der-mode-in-schwarz-und-weiss\\\/\"},\"wordCount\":2180,\"commentCount\":0,\"publisher\":{\"@id\":\"https:\\\/\\\/www.belgae.be\\\/de\\\/#organization\"},\"image\":{\"@id\":\"https:\\\/\\\/www.belgae.be\\\/de\\\/blog\\\/der-belgische-minimalismus-in-der-mode-in-schwarz-und-weiss\\\/#primaryimage\"},\"thumbnailUrl\":\"https:\\\/\\\/www.belgae.be\\\/de\\\/wp-content\\\/uploads\\\/sites\\\/2\\\/2023\\\/08\\\/cyril_ge_minimalism_geometrical_black_and_white_illustration_b2fbf619-566f-49bb-b96a-e6e0f379a5ba-Copie.jpg\",\"articleSection\":[\"Belgium\"],\"inLanguage\":\"de\",\"potentialAction\":[{\"@type\":\"CommentAction\",\"name\":\"Comment\",\"target\":[\"https:\\\/\\\/www.belgae.be\\\/de\\\/blog\\\/der-belgische-minimalismus-in-der-mode-in-schwarz-und-weiss\\\/#respond\"]}]},{\"@type\":\"WebPage\",\"@id\":\"https:\\\/\\\/www.belgae.be\\\/de\\\/blog\\\/der-belgische-minimalismus-in-der-mode-in-schwarz-und-weiss\\\/\",\"url\":\"https:\\\/\\\/www.belgae.be\\\/de\\\/blog\\\/der-belgische-minimalismus-in-der-mode-in-schwarz-und-weiss\\\/\",\"name\":\"Der belgische Minimalismus in der Mode: In Schwarz und Wei\u00df | Belgae\",\"isPartOf\":{\"@id\":\"https:\\\/\\\/www.belgae.be\\\/de\\\/#website\"},\"primaryImageOfPage\":{\"@id\":\"https:\\\/\\\/www.belgae.be\\\/de\\\/blog\\\/der-belgische-minimalismus-in-der-mode-in-schwarz-und-weiss\\\/#primaryimage\"},\"image\":{\"@id\":\"https:\\\/\\\/www.belgae.be\\\/de\\\/blog\\\/der-belgische-minimalismus-in-der-mode-in-schwarz-und-weiss\\\/#primaryimage\"},\"thumbnailUrl\":\"https:\\\/\\\/www.belgae.be\\\/de\\\/wp-content\\\/uploads\\\/sites\\\/2\\\/2023\\\/08\\\/cyril_ge_minimalism_geometrical_black_and_white_illustration_b2fbf619-566f-49bb-b96a-e6e0f379a5ba-Copie.jpg\",\"datePublished\":\"2023-08-02T13:44:08+00:00\",\"breadcrumb\":{\"@id\":\"https:\\\/\\\/www.belgae.be\\\/de\\\/blog\\\/der-belgische-minimalismus-in-der-mode-in-schwarz-und-weiss\\\/#breadcrumb\"},\"inLanguage\":\"de\",\"potentialAction\":[{\"@type\":\"ReadAction\",\"target\":[\"https:\\\/\\\/www.belgae.be\\\/de\\\/blog\\\/der-belgische-minimalismus-in-der-mode-in-schwarz-und-weiss\\\/\"]}]},{\"@type\":\"ImageObject\",\"inLanguage\":\"de\",\"@id\":\"https:\\\/\\\/www.belgae.be\\\/de\\\/blog\\\/der-belgische-minimalismus-in-der-mode-in-schwarz-und-weiss\\\/#primaryimage\",\"url\":\"https:\\\/\\\/www.belgae.be\\\/de\\\/wp-content\\\/uploads\\\/sites\\\/2\\\/2023\\\/08\\\/cyril_ge_minimalism_geometrical_black_and_white_illustration_b2fbf619-566f-49bb-b96a-e6e0f379a5ba-Copie.jpg\",\"contentUrl\":\"https:\\\/\\\/www.belgae.be\\\/de\\\/wp-content\\\/uploads\\\/sites\\\/2\\\/2023\\\/08\\\/cyril_ge_minimalism_geometrical_black_and_white_illustration_b2fbf619-566f-49bb-b96a-e6e0f379a5ba-Copie.jpg\"},{\"@type\":\"BreadcrumbList\",\"@id\":\"https:\\\/\\\/www.belgae.be\\\/de\\\/blog\\\/der-belgische-minimalismus-in-der-mode-in-schwarz-und-weiss\\\/#breadcrumb\",\"itemListElement\":[{\"@type\":\"ListItem\",\"position\":1,\"name\":\"Accueil\",\"item\":\"https:\\\/\\\/www.belgae.be\\\/de\\\/\"},{\"@type\":\"ListItem\",\"position\":2,\"name\":\"Der belgische Minimalismus in der Mode: In Schwarz und Wei\u00df\"}]},{\"@type\":\"WebSite\",\"@id\":\"https:\\\/\\\/www.belgae.be\\\/de\\\/#website\",\"url\":\"https:\\\/\\\/www.belgae.be\\\/de\\\/\",\"name\":\"Belgae\",\"description\":\"Belgische Kunst &amp; Mode\",\"publisher\":{\"@id\":\"https:\\\/\\\/www.belgae.be\\\/de\\\/#organization\"},\"potentialAction\":[{\"@type\":\"SearchAction\",\"target\":{\"@type\":\"EntryPoint\",\"urlTemplate\":\"https:\\\/\\\/www.belgae.be\\\/de\\\/?s={search_term_string}\"},\"query-input\":{\"@type\":\"PropertyValueSpecification\",\"valueRequired\":true,\"valueName\":\"search_term_string\"}}],\"inLanguage\":\"de\"},{\"@type\":\"Organization\",\"@id\":\"https:\\\/\\\/www.belgae.be\\\/de\\\/#organization\",\"name\":\"Belgae\",\"url\":\"https:\\\/\\\/www.belgae.be\\\/de\\\/\",\"logo\":{\"@type\":\"ImageObject\",\"inLanguage\":\"de\",\"@id\":\"https:\\\/\\\/www.belgae.be\\\/de\\\/#\\\/schema\\\/logo\\\/image\\\/\",\"url\":\"https:\\\/\\\/www.belgae.be\\\/de\\\/wp-content\\\/uploads\\\/sites\\\/2\\\/2023\\\/07\\\/Sans-titre1-Copie.png\",\"contentUrl\":\"https:\\\/\\\/www.belgae.be\\\/de\\\/wp-content\\\/uploads\\\/sites\\\/2\\\/2023\\\/07\\\/Sans-titre1-Copie.png\",\"width\":88,\"height\":88,\"caption\":\"Belgae\"},\"image\":{\"@id\":\"https:\\\/\\\/www.belgae.be\\\/de\\\/#\\\/schema\\\/logo\\\/image\\\/\"}},{\"@type\":\"Person\",\"@id\":\"https:\\\/\\\/www.belgae.be\\\/de\\\/#\\\/schema\\\/person\\\/646b40b88212bc5335f9c4fa787df047\",\"name\":\"Cyril Gendarme\",\"sameAs\":[\"https:\\\/\\\/www.belgae.be\"],\"url\":\"https:\\\/\\\/www.belgae.be\\\/de\\\/blog\\\/author\\\/cgen\\\/\"}]}<\/script>\n<!-- \/ Yoast SEO plugin. -->","yoast_head_json":{"title":"Der belgische Minimalismus in der Mode: In Schwarz und Wei\u00df | Belgae","robots":{"index":"index","follow":"follow","max-snippet":"max-snippet:-1","max-image-preview":"max-image-preview:large","max-video-preview":"max-video-preview:-1"},"canonical":"https:\/\/www.belgae.be\/de\/blog\/der-belgische-minimalismus-in-der-mode-in-schwarz-und-weiss\/","og_locale":"de_DE","og_type":"article","og_title":"Der belgische Minimalismus in der Mode: In Schwarz und Wei\u00df | Belgae","og_description":"Entfesseln Sie Ihren inneren Chic mit \"Belgischer Minimalismus in der Mode: In Schwarz und Wei\u00df\". Entdecken Sie, wie belgische Designer meisterhaft Einfachheit, Eleganz und Funktionalit\u00e4t verbinden.","og_url":"https:\/\/www.belgae.be\/de\/blog\/der-belgische-minimalismus-in-der-mode-in-schwarz-und-weiss\/","og_site_name":"Belgae","article_published_time":"2023-08-02T13:44:08+00:00","og_image":[{"url":"https:\/\/www.belgae.be\/imageHolder\/\/wp-content\/uploads\/sites\/2\/2023\/07\/loading-spinner-belgae.gif","type":"","width":"","height":""}],"author":"Cyril Gendarme","twitter_card":"summary_large_image","twitter_misc":{"Verfasst von":"Cyril Gendarme","Gesch\u00e4tzte Lesezeit":"11\u00a0Minuten"},"schema":{"@context":"https:\/\/schema.org","@graph":[{"@type":"Article","@id":"https:\/\/www.belgae.be\/de\/blog\/der-belgische-minimalismus-in-der-mode-in-schwarz-und-weiss\/#article","isPartOf":{"@id":"https:\/\/www.belgae.be\/de\/blog\/der-belgische-minimalismus-in-der-mode-in-schwarz-und-weiss\/"},"author":{"name":"Cyril Gendarme","@id":"https:\/\/www.belgae.be\/de\/#\/schema\/person\/646b40b88212bc5335f9c4fa787df047"},"headline":"Der belgische Minimalismus in der Mode: In Schwarz und Wei\u00df","datePublished":"2023-08-02T13:44:08+00:00","mainEntityOfPage":{"@id":"https:\/\/www.belgae.be\/de\/blog\/der-belgische-minimalismus-in-der-mode-in-schwarz-und-weiss\/"},"wordCount":2180,"commentCount":0,"publisher":{"@id":"https:\/\/www.belgae.be\/de\/#organization"},"image":{"@id":"https:\/\/www.belgae.be\/de\/blog\/der-belgische-minimalismus-in-der-mode-in-schwarz-und-weiss\/#primaryimage"},"thumbnailUrl":"https:\/\/www.belgae.be\/de\/wp-content\/uploads\/sites\/2\/2023\/08\/cyril_ge_minimalism_geometrical_black_and_white_illustration_b2fbf619-566f-49bb-b96a-e6e0f379a5ba-Copie.jpg","articleSection":["Belgium"],"inLanguage":"de","potentialAction":[{"@type":"CommentAction","name":"Comment","target":["https:\/\/www.belgae.be\/de\/blog\/der-belgische-minimalismus-in-der-mode-in-schwarz-und-weiss\/#respond"]}]},{"@type":"WebPage","@id":"https:\/\/www.belgae.be\/de\/blog\/der-belgische-minimalismus-in-der-mode-in-schwarz-und-weiss\/","url":"https:\/\/www.belgae.be\/de\/blog\/der-belgische-minimalismus-in-der-mode-in-schwarz-und-weiss\/","name":"Der belgische Minimalismus in der Mode: In Schwarz und Wei\u00df | Belgae","isPartOf":{"@id":"https:\/\/www.belgae.be\/de\/#website"},"primaryImageOfPage":{"@id":"https:\/\/www.belgae.be\/de\/blog\/der-belgische-minimalismus-in-der-mode-in-schwarz-und-weiss\/#primaryimage"},"image":{"@id":"https:\/\/www.belgae.be\/de\/blog\/der-belgische-minimalismus-in-der-mode-in-schwarz-und-weiss\/#primaryimage"},"thumbnailUrl":"https:\/\/www.belgae.be\/de\/wp-content\/uploads\/sites\/2\/2023\/08\/cyril_ge_minimalism_geometrical_black_and_white_illustration_b2fbf619-566f-49bb-b96a-e6e0f379a5ba-Copie.jpg","datePublished":"2023-08-02T13:44:08+00:00","breadcrumb":{"@id":"https:\/\/www.belgae.be\/de\/blog\/der-belgische-minimalismus-in-der-mode-in-schwarz-und-weiss\/#breadcrumb"},"inLanguage":"de","potentialAction":[{"@type":"ReadAction","target":["https:\/\/www.belgae.be\/de\/blog\/der-belgische-minimalismus-in-der-mode-in-schwarz-und-weiss\/"]}]},{"@type":"ImageObject","inLanguage":"de","@id":"https:\/\/www.belgae.be\/de\/blog\/der-belgische-minimalismus-in-der-mode-in-schwarz-und-weiss\/#primaryimage","url":"https:\/\/www.belgae.be\/de\/wp-content\/uploads\/sites\/2\/2023\/08\/cyril_ge_minimalism_geometrical_black_and_white_illustration_b2fbf619-566f-49bb-b96a-e6e0f379a5ba-Copie.jpg","contentUrl":"https:\/\/www.belgae.be\/de\/wp-content\/uploads\/sites\/2\/2023\/08\/cyril_ge_minimalism_geometrical_black_and_white_illustration_b2fbf619-566f-49bb-b96a-e6e0f379a5ba-Copie.jpg"},{"@type":"BreadcrumbList","@id":"https:\/\/www.belgae.be\/de\/blog\/der-belgische-minimalismus-in-der-mode-in-schwarz-und-weiss\/#breadcrumb","itemListElement":[{"@type":"ListItem","position":1,"name":"Accueil","item":"https:\/\/www.belgae.be\/de\/"},{"@type":"ListItem","position":2,"name":"Der belgische Minimalismus in der Mode: In Schwarz und Wei\u00df"}]},{"@type":"WebSite","@id":"https:\/\/www.belgae.be\/de\/#website","url":"https:\/\/www.belgae.be\/de\/","name":"Belgae","description":"Belgische Kunst &amp; Mode","publisher":{"@id":"https:\/\/www.belgae.be\/de\/#organization"},"potentialAction":[{"@type":"SearchAction","target":{"@type":"EntryPoint","urlTemplate":"https:\/\/www.belgae.be\/de\/?s={search_term_string}"},"query-input":{"@type":"PropertyValueSpecification","valueRequired":true,"valueName":"search_term_string"}}],"inLanguage":"de"},{"@type":"Organization","@id":"https:\/\/www.belgae.be\/de\/#organization","name":"Belgae","url":"https:\/\/www.belgae.be\/de\/","logo":{"@type":"ImageObject","inLanguage":"de","@id":"https:\/\/www.belgae.be\/de\/#\/schema\/logo\/image\/","url":"https:\/\/www.belgae.be\/de\/wp-content\/uploads\/sites\/2\/2023\/07\/Sans-titre1-Copie.png","contentUrl":"https:\/\/www.belgae.be\/de\/wp-content\/uploads\/sites\/2\/2023\/07\/Sans-titre1-Copie.png","width":88,"height":88,"caption":"Belgae"},"image":{"@id":"https:\/\/www.belgae.be\/de\/#\/schema\/logo\/image\/"}},{"@type":"Person","@id":"https:\/\/www.belgae.be\/de\/#\/schema\/person\/646b40b88212bc5335f9c4fa787df047","name":"Cyril Gendarme","sameAs":["https:\/\/www.belgae.be"],"url":"https:\/\/www.belgae.be\/de\/blog\/author\/cgen\/"}]}},"_links":{"self":[{"href":"https:\/\/www.belgae.be\/de\/wp-json\/wp\/v2\/posts\/2906","targetHints":{"allow":["GET"]}}],"collection":[{"href":"https:\/\/www.belgae.be\/de\/wp-json\/wp\/v2\/posts"}],"about":[{"href":"https:\/\/www.belgae.be\/de\/wp-json\/wp\/v2\/types\/post"}],"author":[{"embeddable":true,"href":"https:\/\/www.belgae.be\/de\/wp-json\/wp\/v2\/users\/1"}],"replies":[{"embeddable":true,"href":"https:\/\/www.belgae.be\/de\/wp-json\/wp\/v2\/comments?post=2906"}],"version-history":[{"count":0,"href":"https:\/\/www.belgae.be\/de\/wp-json\/wp\/v2\/posts\/2906\/revisions"}],"wp:featuredmedia":[{"embeddable":true,"href":"https:\/\/www.belgae.be\/de\/wp-json\/"}],"wp:attachment":[{"href":"https:\/\/www.belgae.be\/de\/wp-json\/wp\/v2\/media?parent=2906"}],"wp:term":[{"taxonomy":"category","embeddable":true,"href":"https:\/\/www.belgae.be\/de\/wp-json\/wp\/v2\/categories?post=2906"},{"taxonomy":"post_tag","embeddable":true,"href":"https:\/\/www.belgae.be\/de\/wp-json\/wp\/v2\/tags?post=2906"}],"curies":[{"name":"wp","href":"https:\/\/api.w.org\/{rel}","templated":true}]}}