{"id":2905,"date":"2023-08-02T13:43:53","date_gmt":"2023-08-02T13:43:53","guid":{"rendered":"https:\/\/www.belgae.be\/de\/blog\/belgische-models-und-mannequins-top-11\/"},"modified":"2023-08-02T13:43:53","modified_gmt":"2023-08-02T13:43:53","slug":"belgische-models-und-mannequins-top-11","status":"publish","type":"post","link":"https:\/\/www.belgae.be\/de\/blog\/belgische-models-und-mannequins-top-11\/","title":{"rendered":"Belgische Models und Mannequins (Top #11)"},"content":{"rendered":"<p>Machen Sie sich bereit, die Creme de la Creme der belgischen Sch\u00f6nheit zu bewundern! Wir tauchen kopf\u00fcber in die belgische Modewelt ein und stellen Ihnen unsere Top 11 Auswahl an herausragenden Models und Mannequins vor.<\/p>\n<p>Von Laufstegk\u00f6niginnen bis hin zu Editorial-Stars, diese Talente definieren globale Stilnormen neu. Schnallen Sie sich also an; es ist Zeit f\u00fcr eine stilvolle Reise durch Belgiens Feinste!<\/p>\n<section class=\"contentTable_table\">\n<p class=\"contentTable_title\">Inhalt: <\/p>\n<p class=\"contentTable_elem\"><a href=\"#balise_0\">1. Elise Crombez &#8211; \u00c4therische Silhouette, Lektion des anspruchsvollen Minimalismus<\/a><\/p>\n<p class=\"contentTable_elem\"><a href=\"#balise_1\">2. Cesar Casier &#8211; Das androgynische Icon, Revolutionierung der schicken M\u00e4nnlichkeit<\/a><\/p>\n<p class=\"contentTable_elem\"><a href=\"#balise_2\">3. Ingrid Seynhaeve &#8211; Umwerfende Laufsteg Diva, Verk\u00f6rperung des modernen Glamours<\/a><\/p>\n<p class=\"contentTable_elem\"><a href=\"#balise_3\">4. Rosemary Vandenbroucke &#8211; Anmutige Balance zwischen Mode und Philanthropie, High-Fashion Wohlt\u00e4tigkeit<\/a><\/p>\n<p class=\"contentTable_elem\"><a href=\"#balise_4\">5. Elodie Ou\u00e9draogo &#8211; Sprinten Richtung Mode, Athletin der Himmlischen Linien<\/a><\/p>\n<p class=\"contentTable_elem\"><a href=\"#balise_5\">6. Yumi Lambert &#8211; R\u00e4tselhafte Zauberin, Sinfonie der Engelsgesichter<\/a><\/p>\n<p class=\"contentTable_elem\"><a href=\"#balise_6\">7. Adinda Kennedy &#8211; Kreativer Wirbelwind, Globales Mediensturm<\/a><\/p>\n<p class=\"contentTable_elem\"><a href=\"#balise_7\">8. An Oost &#8211; Die flamboyante Muse, Aufsteigend zu den H\u00f6hen der Mode<\/a><\/p>\n<p class=\"contentTable_elem\"><a href=\"#balise_8\">9. Elisa Matilla &#8211; Lebende Leinwand Gro\u00dfer Designer, Gestickte Emotion<\/a><\/p>\n<p class=\"contentTable_elem\"><a href=\"#balise_9\">10. Kim Peers &#8211; Das Untergrundsymbol, Subversive Provokation der Codes<\/a><\/p>\n<p class=\"contentTable_elem\"><a href=\"#balise_10\">11. Ingrid Lederhaas-Okun &#8211; Botschafterin der Webkunst, Belgien im Faden der Eleganz<\/a><\/p>\n<\/section>\n<p><img loading=\"lazy\" decoding=\"async\" class=\"lazyload articleImageSquare_CGEN\" height=\"400\" width=\"400\" src=\"https:\/\/www.belgae.be\/imageHolder\/\/wp-content\/uploads\/sites\/2\/2023\/07\/loading-spinner-belgae.gif\" data-src=\"https:\/\/www.belgae.be\/imageHolder\/\/wp-content\/uploads\/sites\/2\/2023\/08\/tmpvhu5mavk.jpg\" alt=\"tmpvhu5mavk\" \/><\/p>\n<h2 id=\"balise_0\">Elise Crombez &#8211; \u00c4therische Silhouette, Lektion des anspruchsvollen Minimalismus<\/h2>\n<p>Belgien hat au\u00dfergew\u00f6hnliche Talente in der Modebranche hervorgebracht, und Elise Crombez ist keine Ausnahme. Mit ihrer \u00e4therischen Silhouette und fesselnden Pr\u00e4senz auf dem Laufsteg verk\u00f6rpert sie eine Lektion in anspruchsvoller Minimalismus.<\/p>\n<p>Ihre F\u00e4higkeit, Designs mit m\u00fcheloser Anmut und Haltung zur Schau zu stellen, macht sie zu einem wahren Symbol in der Welt des Modellierens. Ihre beeindruckenden Leistungen haben ihr einen festen Platz im Herzen von Modefans weltweit gesichert.<\/p>\n<p>Crombez&#8217; Einfluss geht \u00fcber die Grenzen des Laufstegs hinaus. Sie nutzt ihre Plattform um Bewusstsein f\u00fcr wichtige Themen zu schaffen. Ihr Engagement f\u00fcr soziale Gerechtigkeit unterstreicht ihren Status als inspirierende Pers\u00f6nlichkeit.<\/p>\n<p>In einer Branche voller Glanz und Glamour steht Crombez stets f\u00fcr Authentizit\u00e4t ein. Sie bleibt ihrem Stil treu, ohne Kompromisse bei Qualit\u00e4t oder \u00c4sthetik einzugehen.<\/p>\n<p><img loading=\"lazy\" decoding=\"async\" class=\"lazyload articleImageSquare_CGEN\" height=\"400\" width=\"400\" src=\"https:\/\/www.belgae.be\/imageHolder\/\/wp-content\/uploads\/sites\/2\/2023\/07\/loading-spinner-belgae.gif\" data-src=\"https:\/\/www.belgae.be\/imageHolder\/\/wp-content\/uploads\/sites\/2\/2023\/08\/tmpun8qdj77.jpg\" alt=\"tmpun8qdj\" \/><\/p>\n<h2 id=\"balise_1\">Cesar Casier &#8211; Das androgynische Icon, Revolutionierung der schicken M\u00e4nnlichkeit<\/h2>\n<p>Cesar Casier, ein belgisches Model, bricht Grenzen und definiert traditionelle Vorstellungen von M\u00e4nnlichkeit neu. Er sticht als androgynes Symbol hervor, das gesellschaftliche Normen durch seinen einzigartigen Stil mutig herausfordert.<\/p>\n<p>Durch die Revolutionierung der schicken M\u00e4nnlichkeit inspiriert er unz\u00e4hlige Individuen dazu, ihr authentisches Selbst zu umarmen ohne sich an Stereotypen anzupassen. <\/p>\n<p>Seine F\u00e4higkeit zur Neudefinition des herk\u00f6mmlichen Maskulinit\u00e4tsbildes macht ihn zu einer wahren Inspiration f\u00fcr viele Menschen weltweit. Seine k\u00fchne Herausforderung von Gesellschaftsnormen ist eine starke Botschaft der Selbstakzeptanz und Individualit\u00e4t.<\/p>\n<p>Casier steht f\u00fcr Mut und Originalit\u00e4t &#8211; Eigenschaften, die in unserer heutigen Welt unerl\u00e4sslich sind. Mit seinem starken Einfluss ver\u00e4ndert er die Wahrnehmung von Geschlechterrollen positiv und motiviert andere dazu, ihren eigenen Weg zu gehen.<\/p>\n<p><img loading=\"lazy\" decoding=\"async\" class=\"lazyload articleImageSquare_CGEN\" height=\"400\" width=\"400\" src=\"https:\/\/www.belgae.be\/imageHolder\/\/wp-content\/uploads\/sites\/2\/2023\/07\/loading-spinner-belgae.gif\" data-src=\"https:\/\/www.belgae.be\/imageHolder\/\/wp-content\/uploads\/sites\/2\/2023\/08\/tmpkvxtaevn.jpg\" alt=\"tmpkvxtaevn\" \/><\/p>\n<h2 id=\"balise_2\">Ingrid Seynhaeve &#8211; Umwerfende Laufsteg Diva, Verk\u00f6rperung des modernen Glamours<\/h2>\n<p>Wenn es darum geht, modernen Glamour auf den Laufstegen rund um die Welt zu verk\u00f6rpern, strahlt Ingrid Seynhaeve wie keine andere. Ihre blendende Pr\u00e4senz fasziniert das Publikum, w\u00e4hrend sie m\u00fchelos mit Selbstvertrauen und Eleganz \u00fcber den Laufsteg schreitet.<\/p>\n<p>Sie verk\u00f6rpert alles, was an der zeitgen\u00f6ssischen Mode glamour\u00f6s ist und hinterl\u00e4sst dabei einen bleibenden Eindruck wo immer sie hingeht. Sie ist ein Symbol f\u00fcr Stil und Anmut in der heutigen Modewelt. <\/p>\n<p>Mit ihrer nat\u00fcrlichen Sch\u00f6nheit und ihrem selbstbewussten Auftreten verzaubert Ingrid Seynhaeve Zuschauer weltweit. Mit jedem Auftritt definiert sie die moderne Auffassung von Glamour neu.<\/p>\n<p>In der dynamischen Welt der Mode bleibt ihr Einfluss unbestritten. Ihr Name steht synonym f\u00fcr zeitgem\u00e4\u00dfen Luxus und anspruchsvolle \u00c4sthetik in einer st\u00e4ndig wechselnden Branche.<\/p>\n<p><img loading=\"lazy\" decoding=\"async\" class=\"lazyload articleImageSquare_CGEN\" height=\"400\" width=\"400\" src=\"https:\/\/www.belgae.be\/imageHolder\/\/wp-content\/uploads\/sites\/2\/2023\/07\/loading-spinner-belgae.gif\" data-src=\"https:\/\/www.belgae.be\/imageHolder\/\/wp-content\/uploads\/sites\/2\/2023\/08\/tmpbe10c1nu.jpg\" alt=\"tmpbe10c1nu\" \/><\/p>\n<h2 id=\"balise_3\">Rosemary Vandenbroucke &#8211; Anmutige Balance zwischen Mode und Philanthropie, High-Fashion Wohlt\u00e4tigkeit<\/h2>\n<p>Rosemary Vandenbroucke ziert nicht nur High-Fashion-Magazine, sondern steht auch f\u00fcr philanthropische Bem\u00fchungen in der Branche. Durch ihre elegante Balance zwischen Modeverpflichtungen und wohlt\u00e4tigen Initiativen beweist Rosemary, dass Sch\u00f6nheit Hand in Hand mit einem positiven Einfluss auf die Gesellschaft gehen kann.<\/p>\n<p>Ihre Arbeit strahlt eine tiefe Leidenschaft aus, sowohl f\u00fcr die Modewelt als auch f\u00fcr gemeinn\u00fctzige Projekte. Sie ist ein gl\u00e4nzendes Beispiel daf\u00fcr, wie man erfolgreich sein und gleichzeitig einen Unterschied machen kann.<\/p>\n<p>In allen ihren Unternehmungen zeigt sie Eleganz und Engagement. Ihre Hingabe an soziale Ursachen hat einen bedeutenden Einfluss auf das Leben vieler Menschen gehabt.<\/p>\n<p>Durch ihr beispielloses Engagement setzt Rosemary neue Ma\u00dfst\u00e4be in der Fashion-Industrie. Sie verbindet Modebewusstsein mit sozialem Bewusstsein &#8211; eine Kombination, die selten zu finden ist.<\/p>\n<p>Die F\u00e4higkeit von Rosemary Vandenbroucke, ihre Karriere im Modeln mit ihrem Wunsch nach gesellschaftlichem Wandel zu verbinden, ist inspirierend. Ihr Beitrag zur Verbesserung unserer Welt sollte nicht \u00fcbersehen werden.<\/p>\n<p><img loading=\"lazy\" decoding=\"async\" class=\"lazyload articleImageSquare_CGEN\" height=\"400\" width=\"400\" src=\"https:\/\/www.belgae.be\/imageHolder\/\/wp-content\/uploads\/sites\/2\/2023\/07\/loading-spinner-belgae.gif\" data-src=\"https:\/\/www.belgae.be\/imageHolder\/\/wp-content\/uploads\/sites\/2\/2023\/08\/tmpe82b06bz.jpg\" alt=\"tmpe82b06bz\" \/><\/p>\n<h2 id=\"balise_4\">Elodie Ou\u00e9draogo &#8211; Sprinten Richtung Mode, Athletin der Himmlischen Linien<\/h2>\n<p>Elodie Ou\u00e9draogo, eine ehemalige Olympiateilnehmerin aus Belgien, hat sich in die Welt der Mode katapultiert. Mit himmlischen Linien, die ihren athletischen K\u00f6rper betonen und unbestreitbarem Charme, wechselt sie m\u00fchelos von der Laufbahn zu High-Fashion-Laufstegen. <\/p>\n<p>Die Reise von Elodie dient als Inspiration f\u00fcr alle, die an das furchtlose Verfolgen ihrer Leidenschaften glauben. Ihre Geschichte zeigt uns deutlich: Egal woher man kommt oder was man tut &#8211; es gibt immer Raum f\u00fcr Wachstum und Erfolg.<\/p>\n<p>Mit einem Blick auf ihre beeindruckende Karriere kann man erkennen: Der Weg mag vielleicht steinig sein, aber mit Ausdauer und Entschlossenheit ist alles m\u00f6glich. Jeder Schritt bringt uns n\u00e4her zu unseren Zielen.<\/p>\n<p>Dieser Mut zur Ver\u00e4nderung definiert Elodies einzigartige Position in der Modewelt \u2013 eine Sportlerin im Herzen mit dem Flair einer Fashionista.<\/p>\n<p><img loading=\"lazy\" decoding=\"async\" class=\"lazyload articleImageSquare_CGEN\" height=\"400\" width=\"400\" src=\"https:\/\/www.belgae.be\/imageHolder\/\/wp-content\/uploads\/sites\/2\/2023\/07\/loading-spinner-belgae.gif\" data-src=\"https:\/\/www.belgae.be\/imageHolder\/\/wp-content\/uploads\/sites\/2\/2023\/08\/tmp825wib0l.jpg\" alt=\"tmp825wib0l\" \/><\/p>\n<h2 id=\"balise_5\">Yumi Lambert &#8211; R\u00e4tselhafte Zauberin, Sinfonie der Engelsgesichter<\/h2>\n<p>Yumi Lambert besitzt eine r\u00e4tselhafte Anziehungskraft, die alle fesselt, die sie betrachten. Dieses belgische Modell ist bekannt daf\u00fcr, engelhafte Z\u00fcge mit jedem Schritt auf dem Laufsteg zu vereinen. Ihre einzigartige Sch\u00f6nheit und magnetische Pr\u00e4senz machen Yumi zu einer wahren Zauberin in der Modebranche.<\/p>\n<p>Die geheimnisvolle Verlockung von Yumi Lambert l\u00e4sst niemanden gleichg\u00fcltig. Sie ist ein belgisches Topmodel, das f\u00fcr seine F\u00e4higkeit bekannt ist, bei jedem Auftritt auf dem Catwalk himmlischen Charme auszustrahlen.<\/p>\n<p>Mit ihrer au\u00dfergew\u00f6hnlichen Sch\u00f6nheit und unwiderstehlichen Aura hat sich Yumi einen festen Platz in der Welt der Mode gesichert. Ihr Magnetismus macht sie zur unbestrittenen K\u00f6nigin des Laufstegs.<\/p>\n<p>Ihr Blick f\u00e4ngt jeden ein &#8211; so funktioniert der Zauber von Yumi Lambert. Als belgisches Model verzaubert sie nicht nur durch ihre Engelsgleichheit sondern auch durch ihr Charisma jedes Publikum.<\/p>\n<p>Jeder ihrer Auftritte auf den internationalen Laufstegen zeugt von ihrem Stilbewusstsein und ihrem Gesp\u00fcr f\u00fcr Mode.<\/p>\n<p><img loading=\"lazy\" decoding=\"async\" class=\"lazyload articleImageSquare_CGEN\" height=\"400\" width=\"400\" src=\"https:\/\/www.belgae.be\/imageHolder\/\/wp-content\/uploads\/sites\/2\/2023\/07\/loading-spinner-belgae.gif\" data-src=\"https:\/\/www.belgae.be\/imageHolder\/\/wp-content\/uploads\/sites\/2\/2023\/08\/tmpch6ba99p.jpg\" alt=\"tmpch6ba99p\" \/><\/p>\n<h2 id=\"balise_6\">Adinda Kennedy &#8211; Kreativer Wirbelwind, Globales Mediensturm<\/h2>\n<p>Adinda Kennedy ist nicht nur ein weiteres Gesicht in der Masse; sie ist ein kreativer Wirbelwind, der einen globalen Mediensturm verursacht. Als K\u00fcnstlerin und Model aus Belgien bringt Adinda Innovation und k\u00fcnstlerischen Ausdruck in jedes Projekt, das sie \u00fcbernimmt.<\/p>\n<p>Ihre F\u00e4higkeit, Aufmerksamkeit durch unkonventionelle Ans\u00e4tze zu erregen, unterscheidet sie als eines der aufregendsten Talente von heute. Sie hat eine nat\u00fcrliche Begabung daf\u00fcr entwickelt, die Grenzen des M\u00f6glichen zu \u00fcberschreiten und dabei immer authentisch zu bleiben.<\/p>\n<p>In einer Welt voller Nachahmer hebt sich Adinda ab. Ihre Arbeit spricht B\u00e4nde und ihr Engagement f\u00fcr Originalit\u00e4t ist unwiderlegbar. Sie bleibt ihrem Stil treu und trotzt den Normen &#8211; eine echte Inspiration f\u00fcr alle.<\/p>\n<p>Mit jedem Schritt setzt Adinda neue Ma\u00dfst\u00e4be im Bereich Kunst und Mode. Ihr Einfluss reicht weit \u00fcber ihre Heimat Belgien hinaus &#8211; sie ver\u00e4ndert die globale Medienszene nachhaltig.<\/p>\n<p><img loading=\"lazy\" decoding=\"async\" class=\"lazyload articleImageSquare_CGEN\" height=\"400\" width=\"400\" src=\"https:\/\/www.belgae.be\/imageHolder\/\/wp-content\/uploads\/sites\/2\/2023\/07\/loading-spinner-belgae.gif\" data-src=\"https:\/\/www.belgae.be\/imageHolder\/\/wp-content\/uploads\/sites\/2\/2023\/08\/tmp0x2g0uno.jpg\" alt=\"tmp0x2g0uno\" \/><\/p>\n<h2 id=\"balise_7\">An Oost &#8211; Die flamboyante Muse, Aufsteigend zu den H\u00f6hen der Mode<\/h2>\n<p>An Oost hebt sich als mehr hervor als nur eine Muse &#8211; sie verk\u00f6rpert Extravaganz wie keine andere. Mit atemberaubenden H\u00f6hen sowohl in Talent als auch in Stilentscheidungen, verschiebt An Grenzen.<\/p>\n<p>Sie inspiriert Designer weltweit mit ihrer fesselnden Pr\u00e4senz auf Laufstegen rund um den Globus. Ihre Einzigartigkeit und ihr k\u00fchnes Auftreten haben sie zu einem unverwechselbaren Gesicht in der Modewelt gemacht.<\/p>\n<p>Ihre F\u00e4higkeit, Trends zu setzen und gleichzeitig ihre individuelle \u00c4sthetik beizubehalten, hat dazu gef\u00fchrt, dass viele sie bewundern und nachahmen. Sie ist ein Leuchtfeuer f\u00fcr Kreativit\u00e4t und Innovation im Modebereich.<\/p>\n<p>Mit jedem Schritt auf dem Laufsteg bringt An Oost die Welt zum Staunen. Ihr au\u00dfergew\u00f6hnlicher Sinn f\u00fcr Mode bleibt unerreicht.<\/p>\n<p>Jedes Outfit spiegelt ihre Pers\u00f6nlichkeit wider &#8211; mutig, einzigartig und st\u00e4ndig neu definiert durch ihren unabl\u00e4ssigen Drang zur Selbstentfaltung.<\/p>\n<p><img loading=\"lazy\" decoding=\"async\" class=\"lazyload articleImageSquare_CGEN\" height=\"400\" width=\"400\" src=\"https:\/\/www.belgae.be\/imageHolder\/\/wp-content\/uploads\/sites\/2\/2023\/07\/loading-spinner-belgae.gif\" data-src=\"https:\/\/www.belgae.be\/imageHolder\/\/wp-content\/uploads\/sites\/2\/2023\/08\/tmp332pwb8s.jpg\" alt=\"tmp332pwb8s\" \/><\/p>\n<h2 id=\"balise_8\">Elisa Matilla &#8211; Lebende Leinwand Gro\u00dfer Designer, Gestickte Emotion<\/h2>\n<p>Belgien beherbergt viele talentierte Models, doch nur wenige k\u00f6nnen sich mit Elisa Matilla messen. Sie ist eine lebende Leinwand f\u00fcr die Kreationen gro\u00dfer Designer. Geschickt pr\u00e4sentiert sie komplexe Designs, in jedes Kleidungsst\u00fcck ist emotionale Stickerei eingewebt &#8211; ein Beweis f\u00fcr Elisas F\u00e4higkeit, Mode zum Leben zu erwecken.<\/p>\n<p>Elisa hat das seltene Talent, jeder Designersch\u00f6pfung Leben einzuhauchen und ihre Pers\u00f6nlichkeit auf subtile Weise durchscheinen zu lassen. Ihre Pr\u00e4senz auf dem Laufsteg zeugt von einem tiefen Verst\u00e4ndnis der Kunst des Modedesigns und ihrer Rolle als Model darin.<\/p>\n<p>Diese au\u00dfergew\u00f6hnliche Begabung macht sie unverkennbar und hebt sie von anderen Models ab. Sie verk\u00f6rpert die Vision der Designer perfekt und bringt dabei ihre eigene individuelle Note ein.<\/p>\n<p>Mit ihrem nat\u00fcrlichen Charme und ihrer Professionalit\u00e4t l\u00e4sst Elisa jedes St\u00fcck erleuchten. Ihr Beitrag zur Modewelt geht weit \u00fcber das blo\u00dfe Tragen sch\u00f6ner Kleider hinaus: Sie interpretiert jeden Entwurf neu &#8211; so wird aus Kleidung Kunst.<\/p>\n<p><img loading=\"lazy\" decoding=\"async\" class=\"lazyload articleImageSquare_CGEN\" height=\"400\" width=\"400\" src=\"https:\/\/www.belgae.be\/imageHolder\/\/wp-content\/uploads\/sites\/2\/2023\/07\/loading-spinner-belgae.gif\" data-src=\"https:\/\/www.belgae.be\/imageHolder\/\/wp-content\/uploads\/sites\/2\/2023\/08\/tmpvzlay18f.jpg\" alt=\"tmpvzlay18f\" \/><\/p>\n<h2 id=\"balise_9\">Kim Peers &#8211; Das Untergrundsymbol, Subversive Provokation der Codes<\/h2>\n<p>Kim Peers ist kein gew\u00f6hnliches Model; sie ist eine Underground-Ikone, die gesellschaftliche Normen durch ihren einzigartigen Stil mutig herausfordert. Mit einer Vorliebe f\u00fcr Subversion stellt Kim traditionelle Sch\u00f6nheitskonzepte in Frage und inspiriert andere dazu, ihre Individualit\u00e4t zu akzeptieren ohne den Mainstream-Erwartungen zu entsprechen.<\/p>\n<p>Mit ihrem eindrucksvollen Auftreten hat Kim einen bleibenden Eindruck in der Modewelt hinterlassen. Sie versteht es, mit ihren Looks das Publikum immer wieder aufs Neue zu \u00fcberraschen und gleichzeitig zum Nachdenken anzuregen.<\/p>\n<p>Ihre F\u00e4higkeit, sich st\u00e4ndig neu zu erfinden und dabei ihrer Linie treu zu bleiben, hat ihr Anerkennung und Respekt im Modezirkus eingebracht. Dabei geht es nicht nur um \u00c4sthetik &#8211; Kim setzt sich auch aktiv f\u00fcr mehr Vielfalt in dieser Branche ein.<\/p>\n<p>Es sind Pers\u00f6nlichkeiten wie Kim Peers, die den Mut haben gegen den Strom schwimmen \u2013 genau diese Menschen machen unsere Welt bunter und lebenswerter!<\/p>\n<p><img loading=\"lazy\" decoding=\"async\" class=\"lazyload articleImageSquare_CGEN\" height=\"400\" width=\"400\" src=\"https:\/\/www.belgae.be\/imageHolder\/\/wp-content\/uploads\/sites\/2\/2023\/07\/loading-spinner-belgae.gif\" data-src=\"https:\/\/www.belgae.be\/imageHolder\/\/wp-content\/uploads\/sites\/2\/2023\/08\/tmpkb9n6i96.jpg\" alt=\"tmpkb9n6i\" \/><\/p>\n<h2 id=\"balise_10\">Ingrid Lederhaas-Okun &#8211; Botschafterin der Webkunst, Belgien im Faden der Eleganz<\/h2>\n<p>Ingrid Lederhaas-Okun fungiert als Botschafterin des Webens. Sie repr\u00e4sentiert Belgien mit Eleganz, die in jeden Aspekt ihrer Arbeit eingewebt ist. Ihre F\u00e4higkeit, Mode und Kultur nahtlos zu vermischen, schafft ein Wandteppich, der das reiche Erbe Belgiens zur Schau stellt und gleichzeitig zeitgen\u00f6ssische Designtrends aufnimmt.<\/p>\n<p>Tradition und Innovation webt Ingrid zusammen. Sie hinterl\u00e4sst einen unausl\u00f6schlichen Eindruck in der Welt der Mode. Ihr Einfluss erstreckt sich \u00fcber Grenzen hinweg und bringt eine neue Dimension in den kulturellen Austausch zwischen Nationen ein.<\/p>\n<p>Mit jedem Stoffst\u00fcck erz\u00e4hlt sie eine Geschichte von belgischer Handwerkskunst und modernem Designanspruch. Durch ihre Arbeit wird die vielf\u00e4ltige Kultur Belgiens lebendig gemacht f\u00fcr alle sichtbar gemacht.<\/p>\n<p>Ingrids Werk spiegelt nicht nur ihr Talent wider, sondern auch ihre tiefe Wertsch\u00e4tzung f\u00fcr das Kunsthandwerk des Webens sowie ihre Hingabe an Qualit\u00e4t und Detailtreue.<\/p>\n","protected":false},"excerpt":{"rendered":"<p>Machen Sie sich bereit, die Creme de la Creme der belgischen Sch\u00f6nheit zu bewundern!<\/p>\n","protected":false},"author":1,"featured_media":4335,"comment_status":"open","ping_status":"","sticky":false,"template":"","format":"standard","meta":{"_acf_changed":false,"_et_pb_use_builder":"","_et_pb_old_content":"","_et_gb_content_width":"","footnotes":""},"categories":[39],"tags":[],"class_list":["post-2905","post","type-post","status-publish","format-standard","has-post-thumbnail","hentry","category-belgium"],"acf":[],"yoast_head":"<!-- This site is optimized with the Yoast SEO plugin v27.5 - https:\/\/yoast.com\/product\/yoast-seo-wordpress\/ -->\n<title>Belgische Models und Mannequins (Top #11) | Belgae<\/title>\n<meta name=\"robots\" content=\"index, follow, max-snippet:-1, max-image-preview:large, max-video-preview:-1\" \/>\n<link rel=\"canonical\" href=\"https:\/\/www.belgae.be\/de\/blog\/belgische-models-und-mannequins-top-11\/\" \/>\n<meta property=\"og:locale\" content=\"de_DE\" \/>\n<meta property=\"og:type\" content=\"article\" \/>\n<meta property=\"og:title\" content=\"Belgische Models und Mannequins (Top #11) | Belgae\" \/>\n<meta property=\"og:description\" content=\"Machen Sie sich bereit, die Creme de la Creme der belgischen Sch\u00f6nheit zu bewundern!\" \/>\n<meta property=\"og:url\" content=\"https:\/\/www.belgae.be\/de\/blog\/belgische-models-und-mannequins-top-11\/\" \/>\n<meta property=\"og:site_name\" content=\"Belgae\" \/>\n<meta property=\"article:published_time\" content=\"2023-08-02T13:43:53+00:00\" \/>\n<meta property=\"og:image\" content=\"https:\/\/www.belgae.be\/imageHolder\/\/wp-content\/uploads\/sites\/2\/2023\/07\/loading-spinner-belgae.gif\" \/>\n<meta name=\"author\" content=\"Cyril Gendarme\" \/>\n<meta name=\"twitter:card\" content=\"summary_large_image\" \/>\n<meta name=\"twitter:label1\" content=\"Verfasst von\" \/>\n\t<meta name=\"twitter:data1\" content=\"Cyril Gendarme\" \/>\n\t<meta name=\"twitter:label2\" content=\"Gesch\u00e4tzte Lesezeit\" \/>\n\t<meta name=\"twitter:data2\" content=\"9\u00a0Minuten\" \/>\n<script type=\"application\/ld+json\" class=\"yoast-schema-graph\">{\"@context\":\"https:\\\/\\\/schema.org\",\"@graph\":[{\"@type\":\"Article\",\"@id\":\"https:\\\/\\\/www.belgae.be\\\/de\\\/blog\\\/belgische-models-und-mannequins-top-11\\\/#article\",\"isPartOf\":{\"@id\":\"https:\\\/\\\/www.belgae.be\\\/de\\\/blog\\\/belgische-models-und-mannequins-top-11\\\/\"},\"author\":{\"name\":\"Cyril Gendarme\",\"@id\":\"https:\\\/\\\/www.belgae.be\\\/de\\\/#\\\/schema\\\/person\\\/646b40b88212bc5335f9c4fa787df047\"},\"headline\":\"Belgische Models und Mannequins (Top #11)\",\"datePublished\":\"2023-08-02T13:43:53+00:00\",\"mainEntityOfPage\":{\"@id\":\"https:\\\/\\\/www.belgae.be\\\/de\\\/blog\\\/belgische-models-und-mannequins-top-11\\\/\"},\"wordCount\":1907,\"commentCount\":0,\"publisher\":{\"@id\":\"https:\\\/\\\/www.belgae.be\\\/de\\\/#organization\"},\"image\":{\"@id\":\"https:\\\/\\\/www.belgae.be\\\/de\\\/blog\\\/belgische-models-und-mannequins-top-11\\\/#primaryimage\"},\"thumbnailUrl\":\"https:\\\/\\\/www.belgae.be\\\/de\\\/wp-content\\\/uploads\\\/sites\\\/2\\\/2023\\\/08\\\/cyril_ge_some_ultra_oversized_clothing_wore_by_models_in_an_ove_4c293d22-b6f7-46d6-991a-e9de0ca56de0.jpg\",\"articleSection\":[\"Belgium\"],\"inLanguage\":\"de\",\"potentialAction\":[{\"@type\":\"CommentAction\",\"name\":\"Comment\",\"target\":[\"https:\\\/\\\/www.belgae.be\\\/de\\\/blog\\\/belgische-models-und-mannequins-top-11\\\/#respond\"]}]},{\"@type\":\"WebPage\",\"@id\":\"https:\\\/\\\/www.belgae.be\\\/de\\\/blog\\\/belgische-models-und-mannequins-top-11\\\/\",\"url\":\"https:\\\/\\\/www.belgae.be\\\/de\\\/blog\\\/belgische-models-und-mannequins-top-11\\\/\",\"name\":\"Belgische Models und Mannequins (Top #11) | Belgae\",\"isPartOf\":{\"@id\":\"https:\\\/\\\/www.belgae.be\\\/de\\\/#website\"},\"primaryImageOfPage\":{\"@id\":\"https:\\\/\\\/www.belgae.be\\\/de\\\/blog\\\/belgische-models-und-mannequins-top-11\\\/#primaryimage\"},\"image\":{\"@id\":\"https:\\\/\\\/www.belgae.be\\\/de\\\/blog\\\/belgische-models-und-mannequins-top-11\\\/#primaryimage\"},\"thumbnailUrl\":\"https:\\\/\\\/www.belgae.be\\\/de\\\/wp-content\\\/uploads\\\/sites\\\/2\\\/2023\\\/08\\\/cyril_ge_some_ultra_oversized_clothing_wore_by_models_in_an_ove_4c293d22-b6f7-46d6-991a-e9de0ca56de0.jpg\",\"datePublished\":\"2023-08-02T13:43:53+00:00\",\"breadcrumb\":{\"@id\":\"https:\\\/\\\/www.belgae.be\\\/de\\\/blog\\\/belgische-models-und-mannequins-top-11\\\/#breadcrumb\"},\"inLanguage\":\"de\",\"potentialAction\":[{\"@type\":\"ReadAction\",\"target\":[\"https:\\\/\\\/www.belgae.be\\\/de\\\/blog\\\/belgische-models-und-mannequins-top-11\\\/\"]}]},{\"@type\":\"ImageObject\",\"inLanguage\":\"de\",\"@id\":\"https:\\\/\\\/www.belgae.be\\\/de\\\/blog\\\/belgische-models-und-mannequins-top-11\\\/#primaryimage\",\"url\":\"https:\\\/\\\/www.belgae.be\\\/de\\\/wp-content\\\/uploads\\\/sites\\\/2\\\/2023\\\/08\\\/cyril_ge_some_ultra_oversized_clothing_wore_by_models_in_an_ove_4c293d22-b6f7-46d6-991a-e9de0ca56de0.jpg\",\"contentUrl\":\"https:\\\/\\\/www.belgae.be\\\/de\\\/wp-content\\\/uploads\\\/sites\\\/2\\\/2023\\\/08\\\/cyril_ge_some_ultra_oversized_clothing_wore_by_models_in_an_ove_4c293d22-b6f7-46d6-991a-e9de0ca56de0.jpg\"},{\"@type\":\"BreadcrumbList\",\"@id\":\"https:\\\/\\\/www.belgae.be\\\/de\\\/blog\\\/belgische-models-und-mannequins-top-11\\\/#breadcrumb\",\"itemListElement\":[{\"@type\":\"ListItem\",\"position\":1,\"name\":\"Accueil\",\"item\":\"https:\\\/\\\/www.belgae.be\\\/de\\\/\"},{\"@type\":\"ListItem\",\"position\":2,\"name\":\"Belgische Models und Mannequins (Top #11)\"}]},{\"@type\":\"WebSite\",\"@id\":\"https:\\\/\\\/www.belgae.be\\\/de\\\/#website\",\"url\":\"https:\\\/\\\/www.belgae.be\\\/de\\\/\",\"name\":\"Belgae\",\"description\":\"Belgische Kunst &amp; Mode\",\"publisher\":{\"@id\":\"https:\\\/\\\/www.belgae.be\\\/de\\\/#organization\"},\"potentialAction\":[{\"@type\":\"SearchAction\",\"target\":{\"@type\":\"EntryPoint\",\"urlTemplate\":\"https:\\\/\\\/www.belgae.be\\\/de\\\/?s={search_term_string}\"},\"query-input\":{\"@type\":\"PropertyValueSpecification\",\"valueRequired\":true,\"valueName\":\"search_term_string\"}}],\"inLanguage\":\"de\"},{\"@type\":\"Organization\",\"@id\":\"https:\\\/\\\/www.belgae.be\\\/de\\\/#organization\",\"name\":\"Belgae\",\"url\":\"https:\\\/\\\/www.belgae.be\\\/de\\\/\",\"logo\":{\"@type\":\"ImageObject\",\"inLanguage\":\"de\",\"@id\":\"https:\\\/\\\/www.belgae.be\\\/de\\\/#\\\/schema\\\/logo\\\/image\\\/\",\"url\":\"https:\\\/\\\/www.belgae.be\\\/de\\\/wp-content\\\/uploads\\\/sites\\\/2\\\/2023\\\/07\\\/Sans-titre1-Copie.png\",\"contentUrl\":\"https:\\\/\\\/www.belgae.be\\\/de\\\/wp-content\\\/uploads\\\/sites\\\/2\\\/2023\\\/07\\\/Sans-titre1-Copie.png\",\"width\":88,\"height\":88,\"caption\":\"Belgae\"},\"image\":{\"@id\":\"https:\\\/\\\/www.belgae.be\\\/de\\\/#\\\/schema\\\/logo\\\/image\\\/\"}},{\"@type\":\"Person\",\"@id\":\"https:\\\/\\\/www.belgae.be\\\/de\\\/#\\\/schema\\\/person\\\/646b40b88212bc5335f9c4fa787df047\",\"name\":\"Cyril Gendarme\",\"sameAs\":[\"https:\\\/\\\/www.belgae.be\"],\"url\":\"https:\\\/\\\/www.belgae.be\\\/de\\\/blog\\\/author\\\/cgen\\\/\"}]}<\/script>\n<!-- \/ Yoast SEO plugin. -->","yoast_head_json":{"title":"Belgische Models und Mannequins (Top #11) | Belgae","robots":{"index":"index","follow":"follow","max-snippet":"max-snippet:-1","max-image-preview":"max-image-preview:large","max-video-preview":"max-video-preview:-1"},"canonical":"https:\/\/www.belgae.be\/de\/blog\/belgische-models-und-mannequins-top-11\/","og_locale":"de_DE","og_type":"article","og_title":"Belgische Models und Mannequins (Top #11) | Belgae","og_description":"Machen Sie sich bereit, die Creme de la Creme der belgischen Sch\u00f6nheit zu bewundern!","og_url":"https:\/\/www.belgae.be\/de\/blog\/belgische-models-und-mannequins-top-11\/","og_site_name":"Belgae","article_published_time":"2023-08-02T13:43:53+00:00","og_image":[{"url":"https:\/\/www.belgae.be\/imageHolder\/\/wp-content\/uploads\/sites\/2\/2023\/07\/loading-spinner-belgae.gif","type":"","width":"","height":""}],"author":"Cyril Gendarme","twitter_card":"summary_large_image","twitter_misc":{"Verfasst von":"Cyril Gendarme","Gesch\u00e4tzte Lesezeit":"9\u00a0Minuten"},"schema":{"@context":"https:\/\/schema.org","@graph":[{"@type":"Article","@id":"https:\/\/www.belgae.be\/de\/blog\/belgische-models-und-mannequins-top-11\/#article","isPartOf":{"@id":"https:\/\/www.belgae.be\/de\/blog\/belgische-models-und-mannequins-top-11\/"},"author":{"name":"Cyril Gendarme","@id":"https:\/\/www.belgae.be\/de\/#\/schema\/person\/646b40b88212bc5335f9c4fa787df047"},"headline":"Belgische Models und Mannequins (Top #11)","datePublished":"2023-08-02T13:43:53+00:00","mainEntityOfPage":{"@id":"https:\/\/www.belgae.be\/de\/blog\/belgische-models-und-mannequins-top-11\/"},"wordCount":1907,"commentCount":0,"publisher":{"@id":"https:\/\/www.belgae.be\/de\/#organization"},"image":{"@id":"https:\/\/www.belgae.be\/de\/blog\/belgische-models-und-mannequins-top-11\/#primaryimage"},"thumbnailUrl":"https:\/\/www.belgae.be\/de\/wp-content\/uploads\/sites\/2\/2023\/08\/cyril_ge_some_ultra_oversized_clothing_wore_by_models_in_an_ove_4c293d22-b6f7-46d6-991a-e9de0ca56de0.jpg","articleSection":["Belgium"],"inLanguage":"de","potentialAction":[{"@type":"CommentAction","name":"Comment","target":["https:\/\/www.belgae.be\/de\/blog\/belgische-models-und-mannequins-top-11\/#respond"]}]},{"@type":"WebPage","@id":"https:\/\/www.belgae.be\/de\/blog\/belgische-models-und-mannequins-top-11\/","url":"https:\/\/www.belgae.be\/de\/blog\/belgische-models-und-mannequins-top-11\/","name":"Belgische Models und Mannequins (Top #11) | Belgae","isPartOf":{"@id":"https:\/\/www.belgae.be\/de\/#website"},"primaryImageOfPage":{"@id":"https:\/\/www.belgae.be\/de\/blog\/belgische-models-und-mannequins-top-11\/#primaryimage"},"image":{"@id":"https:\/\/www.belgae.be\/de\/blog\/belgische-models-und-mannequins-top-11\/#primaryimage"},"thumbnailUrl":"https:\/\/www.belgae.be\/de\/wp-content\/uploads\/sites\/2\/2023\/08\/cyril_ge_some_ultra_oversized_clothing_wore_by_models_in_an_ove_4c293d22-b6f7-46d6-991a-e9de0ca56de0.jpg","datePublished":"2023-08-02T13:43:53+00:00","breadcrumb":{"@id":"https:\/\/www.belgae.be\/de\/blog\/belgische-models-und-mannequins-top-11\/#breadcrumb"},"inLanguage":"de","potentialAction":[{"@type":"ReadAction","target":["https:\/\/www.belgae.be\/de\/blog\/belgische-models-und-mannequins-top-11\/"]}]},{"@type":"ImageObject","inLanguage":"de","@id":"https:\/\/www.belgae.be\/de\/blog\/belgische-models-und-mannequins-top-11\/#primaryimage","url":"https:\/\/www.belgae.be\/de\/wp-content\/uploads\/sites\/2\/2023\/08\/cyril_ge_some_ultra_oversized_clothing_wore_by_models_in_an_ove_4c293d22-b6f7-46d6-991a-e9de0ca56de0.jpg","contentUrl":"https:\/\/www.belgae.be\/de\/wp-content\/uploads\/sites\/2\/2023\/08\/cyril_ge_some_ultra_oversized_clothing_wore_by_models_in_an_ove_4c293d22-b6f7-46d6-991a-e9de0ca56de0.jpg"},{"@type":"BreadcrumbList","@id":"https:\/\/www.belgae.be\/de\/blog\/belgische-models-und-mannequins-top-11\/#breadcrumb","itemListElement":[{"@type":"ListItem","position":1,"name":"Accueil","item":"https:\/\/www.belgae.be\/de\/"},{"@type":"ListItem","position":2,"name":"Belgische Models und Mannequins (Top #11)"}]},{"@type":"WebSite","@id":"https:\/\/www.belgae.be\/de\/#website","url":"https:\/\/www.belgae.be\/de\/","name":"Belgae","description":"Belgische Kunst &amp; Mode","publisher":{"@id":"https:\/\/www.belgae.be\/de\/#organization"},"potentialAction":[{"@type":"SearchAction","target":{"@type":"EntryPoint","urlTemplate":"https:\/\/www.belgae.be\/de\/?s={search_term_string}"},"query-input":{"@type":"PropertyValueSpecification","valueRequired":true,"valueName":"search_term_string"}}],"inLanguage":"de"},{"@type":"Organization","@id":"https:\/\/www.belgae.be\/de\/#organization","name":"Belgae","url":"https:\/\/www.belgae.be\/de\/","logo":{"@type":"ImageObject","inLanguage":"de","@id":"https:\/\/www.belgae.be\/de\/#\/schema\/logo\/image\/","url":"https:\/\/www.belgae.be\/de\/wp-content\/uploads\/sites\/2\/2023\/07\/Sans-titre1-Copie.png","contentUrl":"https:\/\/www.belgae.be\/de\/wp-content\/uploads\/sites\/2\/2023\/07\/Sans-titre1-Copie.png","width":88,"height":88,"caption":"Belgae"},"image":{"@id":"https:\/\/www.belgae.be\/de\/#\/schema\/logo\/image\/"}},{"@type":"Person","@id":"https:\/\/www.belgae.be\/de\/#\/schema\/person\/646b40b88212bc5335f9c4fa787df047","name":"Cyril Gendarme","sameAs":["https:\/\/www.belgae.be"],"url":"https:\/\/www.belgae.be\/de\/blog\/author\/cgen\/"}]}},"_links":{"self":[{"href":"https:\/\/www.belgae.be\/de\/wp-json\/wp\/v2\/posts\/2905","targetHints":{"allow":["GET"]}}],"collection":[{"href":"https:\/\/www.belgae.be\/de\/wp-json\/wp\/v2\/posts"}],"about":[{"href":"https:\/\/www.belgae.be\/de\/wp-json\/wp\/v2\/types\/post"}],"author":[{"embeddable":true,"href":"https:\/\/www.belgae.be\/de\/wp-json\/wp\/v2\/users\/1"}],"replies":[{"embeddable":true,"href":"https:\/\/www.belgae.be\/de\/wp-json\/wp\/v2\/comments?post=2905"}],"version-history":[{"count":0,"href":"https:\/\/www.belgae.be\/de\/wp-json\/wp\/v2\/posts\/2905\/revisions"}],"wp:featuredmedia":[{"embeddable":true,"href":"https:\/\/www.belgae.be\/de\/wp-json\/"}],"wp:attachment":[{"href":"https:\/\/www.belgae.be\/de\/wp-json\/wp\/v2\/media?parent=2905"}],"wp:term":[{"taxonomy":"category","embeddable":true,"href":"https:\/\/www.belgae.be\/de\/wp-json\/wp\/v2\/categories?post=2905"},{"taxonomy":"post_tag","embeddable":true,"href":"https:\/\/www.belgae.be\/de\/wp-json\/wp\/v2\/tags?post=2905"}],"curies":[{"name":"wp","href":"https:\/\/api.w.org\/{rel}","templated":true}]}}