{"id":2904,"date":"2023-08-02T13:11:10","date_gmt":"2023-08-02T13:11:10","guid":{"rendered":"https:\/\/www.belgae.be\/de\/blog\/modedesigner-belgien-eine-brutstaette-fuer-talente\/"},"modified":"2023-08-02T13:11:10","modified_gmt":"2023-08-02T13:11:10","slug":"modedesigner-belgien-eine-brutstaette-fuer-talente","status":"publish","type":"post","link":"https:\/\/www.belgae.be\/de\/blog\/modedesigner-belgien-eine-brutstaette-fuer-talente\/","title":{"rendered":"Modedesigner: Belgien, eine Brutst\u00e4tte f\u00fcr Talente"},"content":{"rendered":"<p>Hallo, Modefans! Habt ihr euch jemals gefragt, wo einige der avantgardistischsten Stile der Welt ihren Ursprung haben?<\/p>\n<p> Anschnallen bitte! Belgien ist nicht nur f\u00fcr Waffeln und Bier bekannt. Es ist ein Brutkasten f\u00fcr aufstrebende Talente in der Welt der Couture!<\/p>\n<p>Dieses kleine Land sorgt in internationalen Modekreisen f\u00fcr gro\u00dfes Aufsehen. Lasst uns eintauchen in diesen lebendigen Strudel und entdecken, was belgische Designer antreibt!<\/p>\n<section class=\"contentTable_table\">\n<p class=\"contentTable_title\">Inhalt: <\/p>\n<p class=\"contentTable_elem\"><a href=\"#balise_0\">1. Dries Van Noten: Meister der Muster und exzentrischen Eleganz<\/a><\/p>\n<p class=\"contentTable_elem\"><a href=\"#balise_1\">2. Raf Simons: Vision\u00e4rer Avantgarde-Modedesigner<\/a><\/p>\n<p class=\"contentTable_elem\"><a href=\"#balise_2\">3. Olivier Theyskens: Die Allianz von Romantik und K\u00fchnheit<\/a><\/p>\n<p class=\"contentTable_elem\"><a href=\"#balise_3\">4. Ann Demeulemeester: Die K\u00f6nigin des dunklen Minimalismus<\/a><\/p>\n<p class=\"contentTable_elem\"><a href=\"#balise_4\">5. Martin Margiela: Der r\u00e4tselhafte Pionier der dekonstruktiven Mode<\/a><\/p>\n<p class=\"contentTable_elem\"><a href=\"#balise_5\">6. A.F Vandevorst: Die perfekte Fusion von Punk und Chic<\/a><\/p>\n<p class=\"contentTable_elem\"><a href=\"#balise_6\">7. V\u00e9ronique Branquinho: Die Balance zwischen Weiblichkeit und N\u00fcchternheit<\/a><\/p>\n<p class=\"contentTable_elem\"><a href=\"#balise_7\">8. Christian Wijnants: Die Harmonie von Farben und Texturen<\/a><\/p>\n<p class=\"contentTable_elem\"><a href=\"#balise_8\">9. Dirk Van Saene: Flamboyanter Originalit\u00e4t<\/a><\/p>\n<p class=\"contentTable_elem\"><a href=\"#balise_9\">10. Bruno Pieters: Ethische und verantwortungsbewusste Mode<\/a><\/p>\n<p class=\"contentTable_elem\"><a href=\"#balise_10\">11. Cedric Charlier: Innovation in Bewegung<\/a><\/p>\n<p class=\"contentTable_elem\"><a href=\"#balise_11\">12. Jean-Paul Knott: Klassische Eleganz neu interpretiert<\/a><\/p>\n<p class=\"contentTable_elem\"><a href=\"#balise_12\">13. Anthony Vaccarello: Moderne Sinnlichkeit<\/a><\/p>\n<p class=\"contentTable_elem\"><a href=\"#balise_13\">14. Kris Van Assche: Wiederentdeckung der Herreneleganz<\/a><\/p>\n<p class=\"contentTable_elem\"><a href=\"#balise_14\">15. Marina Yee: Experimentelle Kreativit\u00e4t<\/a><\/p>\n<p class=\"contentTable_elem\"><a href=\"#balise_15\">16. Haider Ackermann: Verfeinerte Eleganz<\/a><\/p>\n<p class=\"contentTable_elem\"><a href=\"#balise_16\">17. Peter Pilotto: Grafische und farbenfrohe Drucke<\/a><\/p>\n<p class=\"contentTable_elem\"><a href=\"#balise_17\">18. Diane von Furstenberg: Die internationale Damenmarke (Belgisch-Amerikanisch)<\/a><\/p>\n<p class=\"contentTable_elem\"><a href=\"#balise_18\">19. Tim Van Steenbergen: Die Fusion von Luxus und Zeitgenossenschaft<\/a><\/p>\n<p class=\"contentTable_elem\"><a href=\"#balise_19\">20. Kaat Tilley: Poesie in der Mode<\/a><\/p>\n<\/section>\n<p><img loading=\"lazy\" decoding=\"async\" class=\"lazyload articleImageSquare_CGEN\" height=\"400\" width=\"400\" src=\"https:\/\/www.belgae.be\/imageHolder\/\/wp-content\/uploads\/sites\/2\/2023\/07\/loading-spinner-belgae.gif\" data-src=\"https:\/\/www.belgae.be\/imageHolder\/\/wp-content\/uploads\/sites\/2\/2023\/08\/tmpq4ig_90f.jpg\" alt=\"tmpq4ig_90f\" \/><\/p>\n<h2 id=\"balise_0\">Dries Van Noten: Meister der Muster und exzentrischen Eleganz<\/h2>\n<p>In der Welt belgischer Modedesigner ist Dries Van Noten ein Name, der nicht \u00fcbersehen werden kann. Er ist bekannt f\u00fcr seinen meisterhaften Einsatz von Mustern und exzentrischer Eleganz. Van Noten steht gleichbedeutend mit einzigartigen Designs, die Farben, Drucke und Texturen m\u00fchelos mischen. Seine Kollektionen sind eine wahre Feier der Individualit\u00e4t und Selbstausdrucks.<\/p>\n<p>Wenn es um avantgardistische Mode geht, hat sich kein anderer Designer so deutlich abgehoben wie Dries Van Noten. Mit einem scharfen Auge f\u00fcr Details und einer Leidenschaft f\u00fcr Kreativit\u00e4t hebt er sich von der Masse ab.<\/p>\n<p>Der Stil von Dries Van Noten ist unverwechselbar und authentisch in seiner \u00c4sthetik. Jedes Design spricht B\u00e4nde \u00fcber seine kreative Vision &#8211; eine Vision, die stets auf Originalit\u00e4t setzt.<\/p>\n<p>Van Notens Arbeiten sind mehr als nur Kleidungsst\u00fccke; sie sind Kunstwerke zum Tragen \u2013 jedes einzelne davon atmet Unabh\u00e4ngigkeit aus.<\/p>\n<p>Seine Entw\u00fcrfe strahlen immer einen Hauch Extravaganz aus ohne dabei jemals ihren Sinn f\u00fcr Klasse zu verlieren.<\/p>\n<p><img loading=\"lazy\" decoding=\"async\" class=\"lazyload articleImageSquare_CGEN\" height=\"400\" width=\"400\" src=\"https:\/\/www.belgae.be\/imageHolder\/\/wp-content\/uploads\/sites\/2\/2023\/07\/loading-spinner-belgae.gif\" data-src=\"https:\/\/www.belgae.be\/imageHolder\/\/wp-content\/uploads\/sites\/2\/2023\/08\/tmphceasdgr.jpg\" alt=\"tmphceasdgr\" \/><\/p>\n<h2 id=\"balise_1\">Raf Simons: Vision\u00e4rer Avantgarde-Modedesigner<\/h2>\n<p>Raf Simons verk\u00f6rpert avantgardistisches Modedesign in Belgien. Mit einem innovativen Ansatz zur Stil und Blick f\u00fcr Grenz\u00fcberschreitungen, verschmilzt er st\u00e4ndig Hochkunst mit Einfl\u00fcssen aus der Stra\u00dfenkultur. Seine Kreationen stellen herk\u00f6mmliche Normen in Frage, w\u00e4hrend sie ein Gef\u00fchl von tragbarem Luxus beibehalten.<\/p>\n<p>Er hat sich als ma\u00dfgeblicher Gestalter des modernen Looks etabliert. Sein unverwechselbarer Stil ist gepr\u00e4gt durch einen Mix aus zeitgen\u00f6ssischer \u00c4sthetik und subversiver Jugendkultur.<\/p>\n<p>Simons scheut nicht davor zur\u00fcck, den Status Quo zu hinterfragen. Er verbindet gekonnt Kunst und Mode &#8211; eine Synergie, die seine Designs aufregend frisch h\u00e4lt.<\/p>\n<p>Mit seinen Designs setzt Raf Simons neue Ma\u00dfst\u00e4be im Bereich der High Fashion. Sie sind mutig, kreativ und immer vorne dabei wenn es um aktuelle Trends geht.<\/p>\n<p>Seine Arbeit ist mehr als nur Kleidung &#8211; sie ist Ausdruck eines Lebensgef\u00fchls.<\/p>\n<p><img loading=\"lazy\" decoding=\"async\" class=\"lazyload articleImageSquare_CGEN\" height=\"400\" width=\"400\" src=\"https:\/\/www.belgae.be\/imageHolder\/\/wp-content\/uploads\/sites\/2\/2023\/07\/loading-spinner-belgae.gif\" data-src=\"https:\/\/www.belgae.be\/imageHolder\/\/wp-content\/uploads\/sites\/2\/2023\/08\/tmpfuihw_vm.jpg\" alt=\"tmpfuihw_vm\" \/><\/p>\n<h2 id=\"balise_2\">Olivier Theyskens: Die Allianz von Romantik und K\u00fchnheit<\/h2>\n<p>Olivier Theyskens verbindet Romantik und K\u00fchnheit in seinen Entw\u00fcrfen wie kein anderer Designer. Seine luftigen, doch gewagten Kreationen zeigen aufwendige Details, kombiniert mit unerwarteten Elementen, die weltweit faszinieren. Von roten Teppichkleidern bis hin zu tragfertigen St\u00fccken erz\u00e4hlt jedes Kleidungsst\u00fcck seine eigene Geschichte durch die perfekte Verschmelzung von zarter Weiblichkeit und furchtloser K\u00fchnheit.<\/p>\n<p>Das Talent dieses Designers ist einzigartig. Er schafft es immer wieder, uns zu begeistern mit seiner F\u00e4higkeit, Zartheit und Mut in seinen Arbeiten zu vereinen. Jedes Detail wird sorgf\u00e4ltig bedacht und ausgearbeitet.<\/p>\n<p>Seine Mode hat eine globale Fangemeinde gewonnen. Die Menschen sind von den \u00fcberraschenden Elementen seiner Designs gefesselt &#8211; sie k\u00f6nnen einfach nicht genug bekommen.<\/p>\n<p>Ob glamour\u00f6se Abendkleider oder alltagstaugliche Mode: Olivier Theyskens kreiert St\u00fccke f\u00fcr jede Gelegenheit. Und das Beste daran?<\/p>\n<p> Jedes einzelne davon erz\u00e4hlt eine ganz pers\u00f6nliche Geschichte.<\/p>\n<p><img loading=\"lazy\" decoding=\"async\" class=\"lazyload articleImageSquare_CGEN\" height=\"400\" width=\"400\" src=\"https:\/\/www.belgae.be\/imageHolder\/\/wp-content\/uploads\/sites\/2\/2023\/07\/loading-spinner-belgae.gif\" data-src=\"https:\/\/www.belgae.be\/imageHolder\/\/wp-content\/uploads\/sites\/2\/2023\/08\/tmphvu21hk4.jpg\" alt=\"tmphvu21hk\" \/><\/p>\n<h2 id=\"balise_3\">Ann Demeulemeester: Die K\u00f6nigin des dunklen Minimalismus<\/h2>\n<p>Ann Demeulemeester herrscht als K\u00f6nigin im Bereich des dunklen Minimalismus innerhalb der belgischen Modedesignkreise. Ihre charakteristische schwarze \u00c4sthetik verk\u00f6rpert zur\u00fcckhaltende Eleganz mit einer subtilen rebellischen Note.<\/p>\n<p>Durch ihre meisterhafte Handwerkskunst schafft sie es, Kleidungsst\u00fccke zu kreieren, die trotz ihrer Schlichtheit St\u00e4rke ausstrahlen. Dies macht sie einzigartig in der Branche.<\/p>\n<p>Sie gilt als unverwechselbarer Name in den Bereichen Mode und Design. Jedes von ihr geschaffene St\u00fcck spiegelt ihr Talent wider &#8211; eine Mischung aus sorgf\u00e4ltiger Handwerkskunst und k\u00fcnstlerischer Vision.<\/p>\n<p>Mit ihrem unvergleichlichen Sinn f\u00fcr Stil hat Ann Demeulemeester einen festen Platz in den Herzen von Modebegeisterten weltweit erobert. Ihr Einfluss reicht weit \u00fcber die Grenzen Belgiens hinaus und pr\u00e4gt das globale Modedesign nachhaltig.<\/p>\n<p><img loading=\"lazy\" decoding=\"async\" class=\"lazyload articleImageSquare_CGEN\" height=\"400\" width=\"400\" src=\"https:\/\/www.belgae.be\/imageHolder\/\/wp-content\/uploads\/sites\/2\/2023\/07\/loading-spinner-belgae.gif\" data-src=\"https:\/\/www.belgae.be\/imageHolder\/\/wp-content\/uploads\/sites\/2\/2023\/08\/tmpo9rzvhzb.jpg\" alt=\"tmpo9rzvhzb\" \/><\/p>\n<h2 id=\"balise_4\">Martin Margiela: Der r\u00e4tselhafte Pionier der dekonstruktiven Mode<\/h2>\n<p>Die r\u00e4tselhafte Pers\u00f6nlichkeit von Martin Margiela spiegelt seine bahnbrechende Arbeit in der dekonstruktiven Mode wider. Seine Entw\u00fcrfe stellen herk\u00f6mmliche Vorstellungen von Kleiderbau auf den Kopf, oft mit unkonventionellen Silhouetten und freiliegenden N\u00e4hten.<\/p>\n<p>Margielas avantgardistischer Ansatz hat einen unausl\u00f6schlichen Eindruck in der Modewelt hinterlassen. Er inspiriert unz\u00e4hlige Designer dazu, \u00fcber den Tellerrand hinauszudenken.<\/p>\n<p><img loading=\"lazy\" decoding=\"async\" class=\"lazyload articleImageSquare_CGEN\" height=\"400\" width=\"400\" src=\"https:\/\/www.belgae.be\/imageHolder\/\/wp-content\/uploads\/sites\/2\/2023\/07\/loading-spinner-belgae.gif\" data-src=\"https:\/\/www.belgae.be\/imageHolder\/\/wp-content\/uploads\/sites\/2\/2023\/08\/tmpa9l02sw4.jpg\" alt=\"tmpa9l02sw\" \/><\/p>\n<h2 id=\"balise_5\">A.F Vandevorst: Die perfekte Fusion von Punk und Chic<\/h2>\n<p>A.F Vandevorst verbindet m\u00fchelos Punk-\u00c4sthetik mit schicker Raffinesse in ihren Kollektionen. Bekannt f\u00fcr ihre kantigen, aber eleganten Kreationen, bringt dieses Designer-Duo eine einzigartige Mischung aus Rebellentum und Verfeinerung auf den Laufsteg.<\/p>\n<p>Ihre F\u00e4higkeit, kontrastierende Elemente nahtlos zu verschmelzen, l\u00e4sst sie unter anderen belgischen Designern hervorstechen. Dieses dynamische Duo ist stolz darauf, die Modewelt mit seiner unkonventionellen Herangehensweise an Mode zu bereichern.<\/p>\n<p>Mit einer starken Hingabe an Handwerkskunst und Qualit\u00e4t strahlt jede Kollektion von A.F Vandevorst einen Hauch von Avantgarde-Eleganz aus. Diese Marke setzt Ma\u00dfst\u00e4be in Sachen hochmoderner Couture und bleibt dabei ihrer rebellischen Wurzeln treu.<\/p>\n<p>Eine Sache steht fest: A.F Vandevorst verk\u00f6rpert den Geist des modernen Designs auf faszinierende Weise. Mit jedem St\u00fcck das sie kreieren hinterlassen sie einen bleibenden Eindruck in der Welt der Mode.<\/p>\n<p><img loading=\"lazy\" decoding=\"async\" class=\"lazyload articleImageSquare_CGEN\" height=\"400\" width=\"400\" src=\"https:\/\/www.belgae.be\/imageHolder\/\/wp-content\/uploads\/sites\/2\/2023\/07\/loading-spinner-belgae.gif\" data-src=\"https:\/\/www.belgae.be\/imageHolder\/\/wp-content\/uploads\/sites\/2\/2023\/08\/tmp0rck2sh9.jpg\" alt=\"tmp0rck2sh\" \/><\/p>\n<h2 id=\"balise_6\">V\u00e9ronique Branquinho: Die Balance zwischen Weiblichkeit und N\u00fcchternheit<\/h2>\n<p>V\u00e9ronique Branquinho findet in ihren Entw\u00fcrfen eine harmonische Balance zwischen Weiblichkeit und N\u00fcchternheit. Mit klaren Linien, makelloser Schneiderkunst und subtilen Details schafft sie Kleidungsst\u00fccke, die stille Selbstsicherheit ausstrahlen.<\/p>\n<p>Gleichzeitig feiern ihre Kreationen weibliche St\u00e4rke. Ihre zeitlosen St\u00fccke werden von Frauen geliebt, die unauff\u00e4llige Eleganz zu sch\u00e4tzen wissen.<\/p>\n<p>Branquinhos Arbeit ist bekannt f\u00fcr ihr Verst\u00e4ndnis von Mode als Kunstform. Sie entwirft jedes St\u00fcck mit Bedacht und Pr\u00e4zision, um ein Gleichgewicht zwischen Form und Funktion zu gew\u00e4hrleisten.<\/p>\n<p>Die Ergebnisse sind immer beeindruckend &#8211; Kleiderkollektionen voller Sch\u00f6nheit und Sinnlichkeit ohne unn\u00f6tigen Schnickschnack oder \u00fcbertriebene Gestaltungselemente.<\/p>\n<p><img loading=\"lazy\" decoding=\"async\" class=\"lazyload articleImageSquare_CGEN\" height=\"400\" width=\"400\" src=\"https:\/\/www.belgae.be\/imageHolder\/\/wp-content\/uploads\/sites\/2\/2023\/07\/loading-spinner-belgae.gif\" data-src=\"https:\/\/www.belgae.be\/imageHolder\/\/wp-content\/uploads\/sites\/2\/2023\/08\/tmpuvcxh_yr.jpg\" alt=\"tmpuvcxh_yr\" \/><\/p>\n<h2 id=\"balise_7\">Christian Wijnants: Die Harmonie von Farben und Texturen<\/h2>\n<p>Christian Wijnants ist bekannt f\u00fcr sein au\u00dfergew\u00f6hnliches Talent, Farben und Texturen nahtlos in seine Kollektionen zu integrieren. Leuchtende Drucke und taktile Stoffe kennzeichnen jedes seiner Werke. Jedes einzelne St\u00fcck erz\u00e4hlt durch sorgf\u00e4ltig zusammengestellte Paletten, die Emotionen wecken und die Sinne anregen, eine eigene lebendige Geschichte.<\/p>\n<p>Die Schaffenskraft von Christian Wijnants spiegelt sich in eindrucksvollen Designs wider. Seine Auswahl an Farbt\u00f6nen f\u00e4ngt das Auge ein und l\u00e4dt zum Tr\u00e4umen ein.<\/p>\n<p>Mit seiner Liebe zum Detail schafft er es immer wieder, atemberaubende Kunstwerke zu kreieren. Die Qualit\u00e4t der Materialien spricht f\u00fcr sich selbst &#8211; sie sind nicht nur sch\u00f6n anzusehen, sondern auch angenehm zu tragen.<\/p>\n<p>Jeder Aspekt seiner Arbeit strahlt Authentizit\u00e4t aus. Dies macht ihn nicht nur in der Modewelt beliebt, sondern hebt ihn auch auf einem globalen Markt hervor.<\/p>\n<p><img loading=\"lazy\" decoding=\"async\" class=\"lazyload articleImageSquare_CGEN\" height=\"400\" width=\"400\" src=\"https:\/\/www.belgae.be\/imageHolder\/\/wp-content\/uploads\/sites\/2\/2023\/07\/loading-spinner-belgae.gif\" data-src=\"https:\/\/www.belgae.be\/imageHolder\/\/wp-content\/uploads\/sites\/2\/2023\/08\/tmpv5my5o87.jpg\" alt=\"tmpv5my5o\" \/><\/p>\n<h2 id=\"balise_8\">Dirk Van Saene: Flamboyanter Originalit\u00e4t<\/h2>\n<p>Dirk Van Saene verk\u00f6rpert extravagante Originalit\u00e4t wie kein anderer Designer auf unserer Liste. Er experimentiert furchtlos mit Formen, Materialien und Mustern. Das Ergebnis sind verspielte Kreationen, die seine k\u00fcnstlerische Vision zeigen, ohne Tragbarkeit oder Komfort zu beeintr\u00e4chtigen.<\/p>\n<p>Er ist bekannt f\u00fcr seinen einzigartigen Stil und Mut zur Farbe. Seine Designs werden oft als mutig beschrieben &#8211; eine Mischung aus traditionellen Elementen und modernem Flair.<\/p>\n<p>Van Saenes Arbeit strahlt Selbstvertrauen aus. Jedes seiner Kleidungsst\u00fccke erz\u00e4hlt eine Geschichte von Individualit\u00e4t und Einzigartigkeit.<\/p>\n<p>Mit einem Auge f\u00fcr Details schafft er es immer wieder, den Betrachter zu \u00fcberraschen. Sein Gesp\u00fcr f\u00fcr das Unkonventionelle macht ihn zum Vorreiter in der Modewelt.<\/p>\n<p>Das Spiel mit Texturen geh\u00f6rt auch zu seinen Markenzeichen \u2013 es verleiht seinen Entw\u00fcrfen Tiefe und Dimensionalit\u00e4t.<\/p>\n<p>Seine Kollektionen sind stets ein optisches Fest voller \u00dcberraschungen \u2013 ein Beweis daf\u00fcr, dass Mode mehr sein kann als nur Kleidung.<\/p>\n<p><img loading=\"lazy\" decoding=\"async\" class=\"lazyload articleImageSquare_CGEN\" height=\"400\" width=\"400\" src=\"https:\/\/www.belgae.be\/imageHolder\/\/wp-content\/uploads\/sites\/2\/2023\/07\/loading-spinner-belgae.gif\" data-src=\"https:\/\/www.belgae.be\/imageHolder\/\/wp-content\/uploads\/sites\/2\/2023\/08\/tmp7jb79ccl.jpg\" alt=\"tmp7jb79ccl\" \/><\/p>\n<h2 id=\"balise_9\">Bruno Pieters: Ethische und verantwortungsbewusste Mode<\/h2>\n<p>Bruno Pieters setzt sich mit seiner gleichnamigen Marke \u00fcber die \u00c4sthetik hinaus f\u00fcr ethische Praktiken in der Modebranche ein. Er engagiert sich f\u00fcr Nachhaltigkeit und fairen Handel. So entwirft Pieters Kollektionen, die ebenso bewusst wie stilvoll sind. Seine Entw\u00fcrfe zeigen, dass Mode sowohl sch\u00f6n als auch verantwortungsbewusst sein kann.<\/p>\n<p>Mit einem starken Engagement f\u00fcr Ethik bringt seine Marke eine neue Dimension in die Modewelt. Jede Kollektion ist das Ergebnis von nachhaltiger Produktion und fairer Arbeitsteilung.<\/p>\n<p>Pieters glaubt fest daran, dass Verantwortungsbewusstsein nicht auf Kosten des Stils gehen muss. Er stellt sicher, dass jedes Kleidungsst\u00fcck seinen \u00e4sthetischen Anspr\u00fcchen entspricht und dabei umweltfreundlich ist.<\/p>\n<p>Dieser innovative Ansatz hat ihm Anerkennung eingebracht und zeigt den Weg zu einer besseren Zukunft in der Modeindustrie auf.<\/p>\n<p><img loading=\"lazy\" decoding=\"async\" class=\"lazyload articleImageSquare_CGEN\" height=\"400\" width=\"400\" src=\"https:\/\/www.belgae.be\/imageHolder\/\/wp-content\/uploads\/sites\/2\/2023\/07\/loading-spinner-belgae.gif\" data-src=\"https:\/\/www.belgae.be\/imageHolder\/\/wp-content\/uploads\/sites\/2\/2023\/08\/tmpxplmfqhs.jpg\" alt=\"tmpxplmfqhs\" \/><\/p>\n<h2 id=\"balise_10\">Cedric Charlier: Innovation in Bewegung<\/h2>\n<p>Cedric Charlier ist bekannt f\u00fcr seinen innovativen Ansatz im Design, insbesondere in Bezug auf Bewegung. Er verbindet nahtlos Struktur mit Fluidit\u00e4t und schafft Kleidungsst\u00fccke, die den K\u00f6rper anmutig drapieren und dabei eine zeitgem\u00e4\u00dfe Kante bewahren.<\/p>\n<p>Mit jeder Kollektion verschiebt er Grenzen und stellt traditionelle Vorstellungen von der Konstruktion von Kleidungsst\u00fccken in Frage. Sein unvergleichlicher Stil setzt neue Ma\u00dfst\u00e4be in der Modewelt. Die Eleganz seiner Designs l\u00e4sst sich nicht leugnen.<\/p>\n<p>Charliers Arbeit strahlt eine subtile Raffinesse aus. Sie zeichnet sich durch ihre F\u00e4higkeit aus, klassische Elemente neu zu interpretieren und ihnen einen modernen Twist zu geben. Dies macht ihn zu einem einzigartigen Designer seiner Generation.<\/p>\n<p>Seine Kollektionen sind immer frisch, dynamisch und avantgardistisch &#8211; ein wahres Spiegelbild seines kreativen Geistes.<\/p>\n<p><img loading=\"lazy\" decoding=\"async\" class=\"lazyload articleImageSquare_CGEN\" height=\"400\" width=\"400\" src=\"https:\/\/www.belgae.be\/imageHolder\/\/wp-content\/uploads\/sites\/2\/2023\/07\/loading-spinner-belgae.gif\" data-src=\"https:\/\/www.belgae.be\/imageHolder\/\/wp-content\/uploads\/sites\/2\/2023\/08\/tmp3a22ohsg.jpg\" alt=\"tmp3a22ohsg\" \/><\/p>\n<h2 id=\"balise_11\">Jean-Paul Knott: Klassische Eleganz neu interpretiert<\/h2>\n<p>Jean-Paul Knott verleiht klassischer Eleganz durch seine Neuinterpretation zeitloser Silhouetten eine neue Definition. Bekannt f\u00fcr sein makelloses Schneiderhandwerk und sein Auge f\u00fcr Details, haucht er ikonischen Stilen neues Leben ein. Er f\u00fcgt unerwartete Wendungen hinzu oder modernisiert traditionelle Elemente &#8211; das Ergebnis sind Kreationen, die mit einer frischen Perspektive Raffinesse ausstrahlen.<\/p>\n<p>Seine Arbeit ist gepr\u00e4gt von der F\u00e4higkeit, Altbew\u00e4hrtes neu zu gestalten und dabei den Charme des Originals zu bewahren. Durch geschickte Anpassung historischer Formen an moderne \u00c4sthetik schafft Jean-Paul Knott zeitlose Kunstwerke.<\/p>\n<p>Jedes einzelne seiner Designs zeugt von seinem handwerklichen K\u00f6nnen und seinem Sinn f\u00fcr Qualit\u00e4t. Mit jedem Detail zeigt er seinen Respekt vor dem Handwerk und setzt gleichzeitig innovative Akzente.<\/p>\n<p>Die Kreationen von Jean-Paul Knott verk\u00f6rpern sowohl Tradition als auch Innovation \u2013 sie sind Ausdruck seines kontinuierlichen Strebens nach Perfektion in Design und Ausf\u00fchrung.<\/p>\n<p><img loading=\"lazy\" decoding=\"async\" class=\"lazyload articleImageSquare_CGEN\" height=\"400\" width=\"400\" src=\"https:\/\/www.belgae.be\/imageHolder\/\/wp-content\/uploads\/sites\/2\/2023\/07\/loading-spinner-belgae.gif\" data-src=\"https:\/\/www.belgae.be\/imageHolder\/\/wp-content\/uploads\/sites\/2\/2023\/08\/tmpovd50qx3.jpg\" alt=\"tmpovd50qx\" \/><\/p>\n<h2 id=\"balise_12\">Anthony Vaccarello: Moderne Sinnlichkeit<\/h2>\n<p>Anthony Vaccarello ist in belgischen Modekreisen zum Synonym f\u00fcr moderne Sinnlichkeit geworden. Seine Designs zeichnen sich oft durch gewagte Schnitte, Asymmetrie und strategische Entbl\u00f6\u00dfung aus &#8211; sie erfassen m\u00fchelos die St\u00e4rke der Weiblichkeit und umarmen provokante \u00c4sthetik.<\/p>\n<p>Er hat einen einzigartigen Stil entwickelt, der seine Marke unverwechselbar macht. Die Kreationen von Vaccarello sind eine Hommage an die mutige, selbstbewusste Frau von heute.<\/p>\n<p>Sein Ansatz zur Mode ist erfrischend anders. Er spielt mit Formen und Texturen auf eine Art und Weise, die das Auge fesseln und den Betrachter herausfordern.<\/p>\n<p>Vaccarellos Arbeit ist mehr als nur Kleidung &#8211; es handelt sich um Kunstwerke, die dazu bestimmt sind, getragen zu werden. Sie spiegeln seinen kreativen Geist wider und dr\u00fccken zugleich etwas tiefgr\u00fcndig Menschliches aus.<\/p>\n<p><img loading=\"lazy\" decoding=\"async\" class=\"lazyload articleImageSquare_CGEN\" height=\"400\" width=\"400\" src=\"https:\/\/www.belgae.be\/imageHolder\/\/wp-content\/uploads\/sites\/2\/2023\/07\/loading-spinner-belgae.gif\" data-src=\"https:\/\/www.belgae.be\/imageHolder\/\/wp-content\/uploads\/sites\/2\/2023\/08\/tmpsarzfnic.jpg\" alt=\"tmpsarzfnic\" \/><\/p>\n<h2 id=\"balise_13\">Kris Van Assche: Wiederentdeckung der Herreneleganz<\/h2>\n<p>Kris Van Assche pr\u00e4sentiert eine frische Sicht auf die Eleganz des Mannes durch seine akribische Handwerkskunst und sein scharfes Auge f\u00fcr Details. Durch die Kombination klassischer Herrenbekleidungscodes mit zeitgen\u00f6ssischen Einfl\u00fcssen entstehen Kollektionen, die ma\u00dfgeschneiderte Raffinesse neu definieren, ohne Komfort oder M\u00e4nnlichkeit zu opfern.<\/p>\n<p>Die Arbeit von Kris Van Assche zeichnet sich durch Pr\u00e4zision und Liebe zum Detail aus. Seine Designs sind ein Balanceakt zwischen Tradition und Moderne. Dabei bleibt er stets seinem Bestreben treu, den Tragekomfort nicht au\u00dfer Acht zu lassen.<\/p>\n<p>Seine Kollektionen spiegeln diese Philosophie wider. Sie kombinieren Elemente klassischer Herrenmode mit aktuellen Trends. Das Resultat ist eine neue Definition von Eleganz \u2013 modern, anspruchsvoll und kompromisslos m\u00e4nnlich.<\/p>\n<p>Van Assches Ansatz bietet einen frischen Blickwinkel in der Welt der M\u00e4nnermode: Er verbindet traditionelle Codes mit zeitgen\u00f6ssischem Flair.<\/p>\n<p>In seinen H\u00e4nden wird Ma\u00dfschneiderarbeit zur Kunstform erhoben &#8211; immer im Fokus: Der moderne Mann von heute, der Wert auf Stil legt ohne dabei Komfort einzub\u00fc\u00dfen.<\/p>\n<p><img loading=\"lazy\" decoding=\"async\" class=\"lazyload articleImageSquare_CGEN\" height=\"400\" width=\"400\" src=\"https:\/\/www.belgae.be\/imageHolder\/\/wp-content\/uploads\/sites\/2\/2023\/07\/loading-spinner-belgae.gif\" data-src=\"https:\/\/www.belgae.be\/imageHolder\/\/wp-content\/uploads\/sites\/2\/2023\/08\/tmp5ubp33n_.jpg\" alt=\"tmp5ubp33n_\" \/><\/p>\n<h2 id=\"balise_14\">Marina Yee: Experimentelle Kreativit\u00e4t<\/h2>\n<p>Marina Yee wird f\u00fcr ihren experimentellen Ansatz zur Kreativit\u00e4t im Bereich der Modedesign gefeiert. Ihre Avantgarde-St\u00fccke stellen herk\u00f6mmliche Normen in Frage, indem sie unkonventionelle Materialien, Formen und Texturen erforscht &#8211; und Kleidungsst\u00fccke in tragbare Kunstwerke verwandelt, die zum Nachdenken anregen und individuellen Ausdruck inspirieren.<\/p>\n<p>Die Arbeit von Marina Yee ist eine k\u00fchne Abweichung vom traditionellen Modedesign. Sie nutzt ihre F\u00e4higkeiten als Designerin nicht nur um modische Trends zu setzen, sondern auch um den Status quo herauszufordern.<\/p>\n<p>Ihre Sch\u00f6pfungen sind mehr als nur Kleidung \u2013 sie sind Ausdruck eines einzigartigen Stils und einer tiefgr\u00fcndigen Botschaft. Jedes St\u00fcck ist sorgf\u00e4ltig durchdacht und handgefertigt aus au\u00dfergew\u00f6hnlichen Materialien mit einem besonderem Augenmerk auf Form und Textur.<\/p>\n<p>Diese avantgardistischen Designs provozieren Diskussionen \u00fcber Mode als Kunstform. Sie regt dazu an, \u00fcber die Rolle der Mode in unserer Gesellschaft nachzudenken &#8211; ein Einflussgeber f\u00fcr Individualit\u00e4t statt Uniformit\u00e4t.<\/p>\n<p><img loading=\"lazy\" decoding=\"async\" class=\"lazyload articleImageSquare_CGEN\" height=\"400\" width=\"400\" src=\"https:\/\/www.belgae.be\/imageHolder\/\/wp-content\/uploads\/sites\/2\/2023\/07\/loading-spinner-belgae.gif\" data-src=\"https:\/\/www.belgae.be\/imageHolder\/\/wp-content\/uploads\/sites\/2\/2023\/08\/tmpva6oz1b6.jpg\" alt=\"tmpva6oz1b\" \/><\/p>\n<h2 id=\"balise_15\">Haider Ackermann: Verfeinerte Eleganz<\/h2>\n<p>Haider Ackermann ist bekannt f\u00fcr seine verfeinerte Eleganz und tadellose Handwerkskunst. Seine Entw\u00fcrfe pr\u00e4sentieren eine perfekte Balance zwischen Flie\u00dff\u00e4higkeit und Struktur. Sie schaffen Kleidungsst\u00fccke, die m\u00fchelos die Silhouette des Tr\u00e4gers betonen, w\u00e4hrend sie zeitlose Eleganz ausstrahlen.<\/p>\n<p>Die St\u00e4rke seiner Designs liegt in der subtilen Verwendung von Farben und Texturen. Mit einem unverwechselbaren Stil hebt er sich deutlich ab. Jedes Detail wird sorgf\u00e4ltig \u00fcberlegt, um ein Gesamtbild zu schaffen, das sowohl modisch als auch zeitlos ist.<\/p>\n<p>Ackermanns Arbeit geht weit \u00fcber blo\u00dfe Mode hinaus; es handelt sich um Kunstwerke zum Tragen. Durch ihre Einzigartigkeit setzen sie neue Ma\u00dfst\u00e4be in der Modewelt.<\/p>\n<p>Sein Talent spiegelt sich nicht nur in seinen Kreationen wider, sondern auch im Respekt seiner Kollegen und Bewunderer weltweit.<\/p>\n<p>Mit jedem neuen Design bekr\u00e4ftigt Haider Ackermann seinen Platz an der Spitze der internationalen Modeszene \u2013 weiterhin mit einer Leidenschaft f\u00fcr Perfektionismus und innovatives Design.<\/p>\n<p><img loading=\"lazy\" decoding=\"async\" class=\"lazyload articleImageSquare_CGEN\" height=\"400\" width=\"400\" src=\"https:\/\/www.belgae.be\/imageHolder\/\/wp-content\/uploads\/sites\/2\/2023\/07\/loading-spinner-belgae.gif\" data-src=\"https:\/\/www.belgae.be\/imageHolder\/\/wp-content\/uploads\/sites\/2\/2023\/08\/tmpvop4viam.jpg\" alt=\"tmpvop4viam\" \/><\/p>\n<h2 id=\"balise_16\">Peter Pilotto: Grafische und farbenfrohe Drucke<\/h2>\n<p>Peter Pilotto steht f\u00fcr grafische und farbenfrohe Drucke, die Mut und Dynamik ausstrahlen. Bekannt f\u00fcr ihre einzigartigen Muster, dynamischen Formen und aufwendigen Details spiegelt jede ihrer Kreationen eine Feier der Individualit\u00e4t durch auff\u00e4llige Visuals wider.<\/p>\n<p>Sie sind bekannt daf\u00fcr, dass sie keine Angst haben, mit Farbe zu spielen. Ihr Stil ist unverwechselbar und f\u00e4ngt immer wieder die Aufmerksamkeit ein. Sie setzen Trends statt ihnen zu folgen.<\/p>\n<p>Die Marke Peter Pilotto hat sich einen Namen gemacht durch ihren Einsatz von lebendigem Design in jeder Kollektion. Ihre Arbeit spricht B\u00e4nde \u00fcber ihre F\u00e4higkeit zur Schaffung von Modekunstwerken.<\/p>\n<p>Jedes St\u00fcck wird sorgf\u00e4ltig entworfen um den Tr\u00e4ger zum Mittelpunkt der Aufmerksamkeit zu machen. Die Kleidungsst\u00fccke sind mehr als nur modische Statements; sie sind Ausdruck pers\u00f6nlicher Freiheit und Selbstbestimmung.<\/p>\n<p>In einer Welt voller Gleichheit bringt Peter Pilotto frischen Wind in das Modedesign &#8211; jedes Kleidungsst\u00fcck ist so individuell wie sein Tr\u00e4ger.<\/p>\n<p><img loading=\"lazy\" decoding=\"async\" class=\"lazyload articleImageSquare_CGEN\" height=\"400\" width=\"400\" src=\"https:\/\/www.belgae.be\/imageHolder\/\/wp-content\/uploads\/sites\/2\/2023\/07\/loading-spinner-belgae.gif\" data-src=\"https:\/\/www.belgae.be\/imageHolder\/\/wp-content\/uploads\/sites\/2\/2023\/08\/tmp2lt83clv.jpg\" alt=\"tmp2lt83clv\" \/><\/p>\n<h2 id=\"balise_17\">Diane von Furstenberg: Die internationale Damenmarke (Belgisch-Amerikanisch)<\/h2>\n<p>Diane von Furstenberg mag in Belgien geboren sein, doch ihre gleichnamige Marke ist zu einem internationalen Symbol f\u00fcr die St\u00e4rkung der Frau geworden. Bekannt f\u00fcr ihre ikonischen Wickelkleider und lebhaften Drucke, hat sie die Modeindustrie revolutioniert, indem sie Selbstdarstellung durch Kleidung f\u00f6rderte &#8211; jede Frau soll sich in ihrer eigenen Haut selbstbewusst f\u00fchlen.<\/p>\n<p>Ihre Designs sind nicht nur stilvoll und elegant, sondern auch ein Ausdruck weiblicher Kraft und Unabh\u00e4ngigkeit. Ihre Kreationen haben den Weg f\u00fcr Frauen geebnet, sich durch Mode auszudr\u00fccken und dabei Selbstvertrauen zu gewinnen.<\/p>\n<p>Die dynamischen Muster ihrer Kleidungsst\u00fccke sprechen eine universelle Sprache des Selbstausdrucks. Sie laden Frauen dazu ein, ihren individuellen Stil auszuleben und stolz auf ihr eigenes Ich zu sein.<\/p>\n<p>Weltweit sch\u00e4tzen Frauen Diane von Furstenberg f\u00fcr ihren unerm\u00fcdlichen Einsatz zur Bef\u00e4higung der Frau durch Mode. Ihre Marke steht als Zeichen daf\u00fcr, dass jeder seine Identit\u00e4t stolz pr\u00e4sentieren kann.<\/p>\n<p><img loading=\"lazy\" decoding=\"async\" class=\"lazyload articleImageSquare_CGEN\" height=\"400\" width=\"400\" src=\"https:\/\/www.belgae.be\/imageHolder\/\/wp-content\/uploads\/sites\/2\/2023\/07\/loading-spinner-belgae.gif\" data-src=\"https:\/\/www.belgae.be\/imageHolder\/\/wp-content\/uploads\/sites\/2\/2023\/08\/tmpyl7xioj0.jpg\" alt=\"tmpyl7xioj\" \/><\/p>\n<h2 id=\"balise_18\">Tim Van Steenbergen: Die Fusion von Luxus und Zeitgenossenschaft<\/h2>\n<p>Tim Van Steenbergen verbindet nahtlos Luxus mit zeitgem\u00e4\u00dfen Designelementen, um St\u00fccke zu kreieren, die sowohl opulent als auch zug\u00e4nglich sind. Mit akribischer Detailtreue und innovativen Techniken entwirft er Kollektionen, die die Grenze zwischen Kunst und Tragbarkeit verwischen.<\/p>\n<p>Mit einem unverwechselbaren Sinn f\u00fcr \u00c4sthetik bringt Tim Van Steenbergen einen Hauch von raffinierter Eleganz in jeden Kleiderschrank. Seine Designs verk\u00f6rpern eine Balance aus Erhabenheit und Alltagstauglichkeit.<\/p>\n<p>Seine einzigartigen Kreationen sind mehr als nur Mode &#8211; sie sind Ausdruck eines Lebensgef\u00fchls. Sie repr\u00e4sentieren den modernen Luxus auf h\u00f6chstem Niveau.<\/p>\n<p>Die sorgf\u00e4ltige Handwerkskunst hinter jedem einzelnen St\u00fcck spiegelt seine Leidenschaft f\u00fcr Qualit\u00e4t wider. Jedes Design zeugt von einer meisterhaften Beherrschung des Schneiderhandwerks.<\/p>\n<p>Van Steenbergens Kollektion ist nicht nur ein optisches Highlight, sondern auch ein Beweis daf\u00fcr, dass wahre Sch\u00f6nheit im Detail liegt.<\/p>\n<p><img loading=\"lazy\" decoding=\"async\" class=\"lazyload articleImageSquare_CGEN\" height=\"400\" width=\"400\" src=\"https:\/\/www.belgae.be\/imageHolder\/\/wp-content\/uploads\/sites\/2\/2023\/07\/loading-spinner-belgae.gif\" data-src=\"https:\/\/www.belgae.be\/imageHolder\/\/wp-content\/uploads\/sites\/2\/2023\/08\/tmprmwmht3o.jpg\" alt=\"tmprmwmht3o\" \/><\/p>\n<h2 id=\"balise_19\">Kaat Tilley: Poesie in der Mode<\/h2>\n<p>Kaat Tilley war nicht nur eine begabte Modedesignerin, sondern auch eine K\u00fcnstlerin, die Stoffe in poetische Meisterwerke verwandelte. Ihre \u00e4therischen Kreationen waren gepr\u00e4gt von zarter Drapierung, floralen Motiven und romantischen Silhouetten &#8211; Gef\u00fchle hervorrufend, vergleichbar mit dem Lesen von Versen aus einem sch\u00f6nen Gedicht.<\/p>\n<p>Abschlie\u00dfend kann man sagen,<\/p>\n<p>Diese belgischen Modedesigner haben mit ihren unverwechselbaren Stilen auf der globalen B\u00fchne einen unausl\u00f6schlichen Eindruck hinterlassen. Ihre Palette reicht vom dekonstruktiven Avantgarde-Stil bis hin zu dunklem Minimalismus oder auff\u00e4lliger Originalit\u00e4t. Jeder bringt etwas Einzigartiges auf den Tisch &#8211; sei es eine Fusion aus Punk und Chic, das Gleichgewicht zwischen Weiblichkeit und N\u00fcchternheit oder ein unbeugsames Engagement f\u00fcr ethische Mode.<\/p>\n<p>Mit ihren innovativen Ideen, ihrer makellosen Handwerkskunst und ihrer grenzenlosen Kreativit\u00e4t pr\u00e4gen diese Designer weiterhin die Zukunft der Mode. Die belgische Mode ist zweifelsohne in der Branche nicht zu \u00fcbersehen.<\/p>\n","protected":false},"excerpt":{"rendered":"<p>Hallo, Modefans! Habt ihr euch jemals gefragt, wo einige der avantgardistischsten Stile der Welt ihren Ursprung haben? Anschnallen bitte! Belgien ist nicht nur f\u00fcr Waffeln und Bier bekannt.<\/p>\n","protected":false},"author":1,"featured_media":4296,"comment_status":"open","ping_status":"","sticky":false,"template":"","format":"standard","meta":{"_acf_changed":false,"_et_pb_use_builder":"","_et_pb_old_content":"","_et_gb_content_width":"","footnotes":""},"categories":[39],"tags":[],"class_list":["post-2904","post","type-post","status-publish","format-standard","has-post-thumbnail","hentry","category-belgium"],"acf":[],"yoast_head":"<!-- This site is optimized with the Yoast SEO plugin v27.5 - https:\/\/yoast.com\/product\/yoast-seo-wordpress\/ -->\n<title>Modedesigner: Belgien, eine Brutst\u00e4tte f\u00fcr Talente | Belgae<\/title>\n<meta name=\"robots\" content=\"index, follow, max-snippet:-1, max-image-preview:large, max-video-preview:-1\" \/>\n<link rel=\"canonical\" href=\"https:\/\/www.belgae.be\/de\/blog\/modedesigner-belgien-eine-brutstaette-fuer-talente\/\" \/>\n<meta property=\"og:locale\" content=\"de_DE\" \/>\n<meta property=\"og:type\" content=\"article\" \/>\n<meta property=\"og:title\" content=\"Modedesigner: Belgien, eine Brutst\u00e4tte f\u00fcr Talente | Belgae\" \/>\n<meta property=\"og:description\" content=\"Hallo, Modefans! Habt ihr euch jemals gefragt, wo einige der avantgardistischsten Stile der Welt ihren Ursprung haben? Anschnallen bitte! Belgien ist nicht nur f\u00fcr Waffeln und Bier bekannt.\" \/>\n<meta property=\"og:url\" content=\"https:\/\/www.belgae.be\/de\/blog\/modedesigner-belgien-eine-brutstaette-fuer-talente\/\" \/>\n<meta property=\"og:site_name\" content=\"Belgae\" \/>\n<meta property=\"article:published_time\" content=\"2023-08-02T13:11:10+00:00\" \/>\n<meta property=\"og:image\" content=\"https:\/\/www.belgae.be\/imageHolder\/\/wp-content\/uploads\/sites\/2\/2023\/07\/loading-spinner-belgae.gif\" \/>\n<meta name=\"author\" content=\"Cyril Gendarme\" \/>\n<meta name=\"twitter:card\" content=\"summary_large_image\" \/>\n<meta name=\"twitter:label1\" content=\"Verfasst von\" \/>\n\t<meta name=\"twitter:data1\" content=\"Cyril Gendarme\" \/>\n\t<meta name=\"twitter:label2\" content=\"Gesch\u00e4tzte Lesezeit\" \/>\n\t<meta name=\"twitter:data2\" content=\"16\u00a0Minuten\" \/>\n<script type=\"application\/ld+json\" class=\"yoast-schema-graph\">{\"@context\":\"https:\\\/\\\/schema.org\",\"@graph\":[{\"@type\":\"Article\",\"@id\":\"https:\\\/\\\/www.belgae.be\\\/de\\\/blog\\\/modedesigner-belgien-eine-brutstaette-fuer-talente\\\/#article\",\"isPartOf\":{\"@id\":\"https:\\\/\\\/www.belgae.be\\\/de\\\/blog\\\/modedesigner-belgien-eine-brutstaette-fuer-talente\\\/\"},\"author\":{\"name\":\"Cyril Gendarme\",\"@id\":\"https:\\\/\\\/www.belgae.be\\\/de\\\/#\\\/schema\\\/person\\\/646b40b88212bc5335f9c4fa787df047\"},\"headline\":\"Modedesigner: Belgien, eine Brutst\u00e4tte f\u00fcr Talente\",\"datePublished\":\"2023-08-02T13:11:10+00:00\",\"mainEntityOfPage\":{\"@id\":\"https:\\\/\\\/www.belgae.be\\\/de\\\/blog\\\/modedesigner-belgien-eine-brutstaette-fuer-talente\\\/\"},\"wordCount\":3161,\"commentCount\":0,\"publisher\":{\"@id\":\"https:\\\/\\\/www.belgae.be\\\/de\\\/#organization\"},\"image\":{\"@id\":\"https:\\\/\\\/www.belgae.be\\\/de\\\/blog\\\/modedesigner-belgien-eine-brutstaette-fuer-talente\\\/#primaryimage\"},\"thumbnailUrl\":\"https:\\\/\\\/www.belgae.be\\\/de\\\/wp-content\\\/uploads\\\/sites\\\/2\\\/2023\\\/08\\\/cyril_ge_a_paint_palette_Franco-Belgian_comic_style_black_and_w_398eb956-38c1-402d-83e4-e5553a67f966.jpg\",\"articleSection\":[\"Belgium\"],\"inLanguage\":\"de\",\"potentialAction\":[{\"@type\":\"CommentAction\",\"name\":\"Comment\",\"target\":[\"https:\\\/\\\/www.belgae.be\\\/de\\\/blog\\\/modedesigner-belgien-eine-brutstaette-fuer-talente\\\/#respond\"]}]},{\"@type\":\"WebPage\",\"@id\":\"https:\\\/\\\/www.belgae.be\\\/de\\\/blog\\\/modedesigner-belgien-eine-brutstaette-fuer-talente\\\/\",\"url\":\"https:\\\/\\\/www.belgae.be\\\/de\\\/blog\\\/modedesigner-belgien-eine-brutstaette-fuer-talente\\\/\",\"name\":\"Modedesigner: Belgien, eine Brutst\u00e4tte f\u00fcr Talente | Belgae\",\"isPartOf\":{\"@id\":\"https:\\\/\\\/www.belgae.be\\\/de\\\/#website\"},\"primaryImageOfPage\":{\"@id\":\"https:\\\/\\\/www.belgae.be\\\/de\\\/blog\\\/modedesigner-belgien-eine-brutstaette-fuer-talente\\\/#primaryimage\"},\"image\":{\"@id\":\"https:\\\/\\\/www.belgae.be\\\/de\\\/blog\\\/modedesigner-belgien-eine-brutstaette-fuer-talente\\\/#primaryimage\"},\"thumbnailUrl\":\"https:\\\/\\\/www.belgae.be\\\/de\\\/wp-content\\\/uploads\\\/sites\\\/2\\\/2023\\\/08\\\/cyril_ge_a_paint_palette_Franco-Belgian_comic_style_black_and_w_398eb956-38c1-402d-83e4-e5553a67f966.jpg\",\"datePublished\":\"2023-08-02T13:11:10+00:00\",\"breadcrumb\":{\"@id\":\"https:\\\/\\\/www.belgae.be\\\/de\\\/blog\\\/modedesigner-belgien-eine-brutstaette-fuer-talente\\\/#breadcrumb\"},\"inLanguage\":\"de\",\"potentialAction\":[{\"@type\":\"ReadAction\",\"target\":[\"https:\\\/\\\/www.belgae.be\\\/de\\\/blog\\\/modedesigner-belgien-eine-brutstaette-fuer-talente\\\/\"]}]},{\"@type\":\"ImageObject\",\"inLanguage\":\"de\",\"@id\":\"https:\\\/\\\/www.belgae.be\\\/de\\\/blog\\\/modedesigner-belgien-eine-brutstaette-fuer-talente\\\/#primaryimage\",\"url\":\"https:\\\/\\\/www.belgae.be\\\/de\\\/wp-content\\\/uploads\\\/sites\\\/2\\\/2023\\\/08\\\/cyril_ge_a_paint_palette_Franco-Belgian_comic_style_black_and_w_398eb956-38c1-402d-83e4-e5553a67f966.jpg\",\"contentUrl\":\"https:\\\/\\\/www.belgae.be\\\/de\\\/wp-content\\\/uploads\\\/sites\\\/2\\\/2023\\\/08\\\/cyril_ge_a_paint_palette_Franco-Belgian_comic_style_black_and_w_398eb956-38c1-402d-83e4-e5553a67f966.jpg\"},{\"@type\":\"BreadcrumbList\",\"@id\":\"https:\\\/\\\/www.belgae.be\\\/de\\\/blog\\\/modedesigner-belgien-eine-brutstaette-fuer-talente\\\/#breadcrumb\",\"itemListElement\":[{\"@type\":\"ListItem\",\"position\":1,\"name\":\"Accueil\",\"item\":\"https:\\\/\\\/www.belgae.be\\\/de\\\/\"},{\"@type\":\"ListItem\",\"position\":2,\"name\":\"Modedesigner: Belgien, eine Brutst\u00e4tte f\u00fcr Talente\"}]},{\"@type\":\"WebSite\",\"@id\":\"https:\\\/\\\/www.belgae.be\\\/de\\\/#website\",\"url\":\"https:\\\/\\\/www.belgae.be\\\/de\\\/\",\"name\":\"Belgae\",\"description\":\"Belgische Kunst &amp; Mode\",\"publisher\":{\"@id\":\"https:\\\/\\\/www.belgae.be\\\/de\\\/#organization\"},\"potentialAction\":[{\"@type\":\"SearchAction\",\"target\":{\"@type\":\"EntryPoint\",\"urlTemplate\":\"https:\\\/\\\/www.belgae.be\\\/de\\\/?s={search_term_string}\"},\"query-input\":{\"@type\":\"PropertyValueSpecification\",\"valueRequired\":true,\"valueName\":\"search_term_string\"}}],\"inLanguage\":\"de\"},{\"@type\":\"Organization\",\"@id\":\"https:\\\/\\\/www.belgae.be\\\/de\\\/#organization\",\"name\":\"Belgae\",\"url\":\"https:\\\/\\\/www.belgae.be\\\/de\\\/\",\"logo\":{\"@type\":\"ImageObject\",\"inLanguage\":\"de\",\"@id\":\"https:\\\/\\\/www.belgae.be\\\/de\\\/#\\\/schema\\\/logo\\\/image\\\/\",\"url\":\"https:\\\/\\\/www.belgae.be\\\/de\\\/wp-content\\\/uploads\\\/sites\\\/2\\\/2023\\\/07\\\/Sans-titre1-Copie.png\",\"contentUrl\":\"https:\\\/\\\/www.belgae.be\\\/de\\\/wp-content\\\/uploads\\\/sites\\\/2\\\/2023\\\/07\\\/Sans-titre1-Copie.png\",\"width\":88,\"height\":88,\"caption\":\"Belgae\"},\"image\":{\"@id\":\"https:\\\/\\\/www.belgae.be\\\/de\\\/#\\\/schema\\\/logo\\\/image\\\/\"}},{\"@type\":\"Person\",\"@id\":\"https:\\\/\\\/www.belgae.be\\\/de\\\/#\\\/schema\\\/person\\\/646b40b88212bc5335f9c4fa787df047\",\"name\":\"Cyril Gendarme\",\"sameAs\":[\"https:\\\/\\\/www.belgae.be\"],\"url\":\"https:\\\/\\\/www.belgae.be\\\/de\\\/blog\\\/author\\\/cgen\\\/\"}]}<\/script>\n<!-- \/ Yoast SEO plugin. -->","yoast_head_json":{"title":"Modedesigner: Belgien, eine Brutst\u00e4tte f\u00fcr Talente | Belgae","robots":{"index":"index","follow":"follow","max-snippet":"max-snippet:-1","max-image-preview":"max-image-preview:large","max-video-preview":"max-video-preview:-1"},"canonical":"https:\/\/www.belgae.be\/de\/blog\/modedesigner-belgien-eine-brutstaette-fuer-talente\/","og_locale":"de_DE","og_type":"article","og_title":"Modedesigner: Belgien, eine Brutst\u00e4tte f\u00fcr Talente | Belgae","og_description":"Hallo, Modefans! Habt ihr euch jemals gefragt, wo einige der avantgardistischsten Stile der Welt ihren Ursprung haben? Anschnallen bitte! Belgien ist nicht nur f\u00fcr Waffeln und Bier bekannt.","og_url":"https:\/\/www.belgae.be\/de\/blog\/modedesigner-belgien-eine-brutstaette-fuer-talente\/","og_site_name":"Belgae","article_published_time":"2023-08-02T13:11:10+00:00","og_image":[{"url":"https:\/\/www.belgae.be\/imageHolder\/\/wp-content\/uploads\/sites\/2\/2023\/07\/loading-spinner-belgae.gif","type":"","width":"","height":""}],"author":"Cyril Gendarme","twitter_card":"summary_large_image","twitter_misc":{"Verfasst von":"Cyril Gendarme","Gesch\u00e4tzte Lesezeit":"16\u00a0Minuten"},"schema":{"@context":"https:\/\/schema.org","@graph":[{"@type":"Article","@id":"https:\/\/www.belgae.be\/de\/blog\/modedesigner-belgien-eine-brutstaette-fuer-talente\/#article","isPartOf":{"@id":"https:\/\/www.belgae.be\/de\/blog\/modedesigner-belgien-eine-brutstaette-fuer-talente\/"},"author":{"name":"Cyril Gendarme","@id":"https:\/\/www.belgae.be\/de\/#\/schema\/person\/646b40b88212bc5335f9c4fa787df047"},"headline":"Modedesigner: Belgien, eine Brutst\u00e4tte f\u00fcr Talente","datePublished":"2023-08-02T13:11:10+00:00","mainEntityOfPage":{"@id":"https:\/\/www.belgae.be\/de\/blog\/modedesigner-belgien-eine-brutstaette-fuer-talente\/"},"wordCount":3161,"commentCount":0,"publisher":{"@id":"https:\/\/www.belgae.be\/de\/#organization"},"image":{"@id":"https:\/\/www.belgae.be\/de\/blog\/modedesigner-belgien-eine-brutstaette-fuer-talente\/#primaryimage"},"thumbnailUrl":"https:\/\/www.belgae.be\/de\/wp-content\/uploads\/sites\/2\/2023\/08\/cyril_ge_a_paint_palette_Franco-Belgian_comic_style_black_and_w_398eb956-38c1-402d-83e4-e5553a67f966.jpg","articleSection":["Belgium"],"inLanguage":"de","potentialAction":[{"@type":"CommentAction","name":"Comment","target":["https:\/\/www.belgae.be\/de\/blog\/modedesigner-belgien-eine-brutstaette-fuer-talente\/#respond"]}]},{"@type":"WebPage","@id":"https:\/\/www.belgae.be\/de\/blog\/modedesigner-belgien-eine-brutstaette-fuer-talente\/","url":"https:\/\/www.belgae.be\/de\/blog\/modedesigner-belgien-eine-brutstaette-fuer-talente\/","name":"Modedesigner: Belgien, eine Brutst\u00e4tte f\u00fcr Talente | Belgae","isPartOf":{"@id":"https:\/\/www.belgae.be\/de\/#website"},"primaryImageOfPage":{"@id":"https:\/\/www.belgae.be\/de\/blog\/modedesigner-belgien-eine-brutstaette-fuer-talente\/#primaryimage"},"image":{"@id":"https:\/\/www.belgae.be\/de\/blog\/modedesigner-belgien-eine-brutstaette-fuer-talente\/#primaryimage"},"thumbnailUrl":"https:\/\/www.belgae.be\/de\/wp-content\/uploads\/sites\/2\/2023\/08\/cyril_ge_a_paint_palette_Franco-Belgian_comic_style_black_and_w_398eb956-38c1-402d-83e4-e5553a67f966.jpg","datePublished":"2023-08-02T13:11:10+00:00","breadcrumb":{"@id":"https:\/\/www.belgae.be\/de\/blog\/modedesigner-belgien-eine-brutstaette-fuer-talente\/#breadcrumb"},"inLanguage":"de","potentialAction":[{"@type":"ReadAction","target":["https:\/\/www.belgae.be\/de\/blog\/modedesigner-belgien-eine-brutstaette-fuer-talente\/"]}]},{"@type":"ImageObject","inLanguage":"de","@id":"https:\/\/www.belgae.be\/de\/blog\/modedesigner-belgien-eine-brutstaette-fuer-talente\/#primaryimage","url":"https:\/\/www.belgae.be\/de\/wp-content\/uploads\/sites\/2\/2023\/08\/cyril_ge_a_paint_palette_Franco-Belgian_comic_style_black_and_w_398eb956-38c1-402d-83e4-e5553a67f966.jpg","contentUrl":"https:\/\/www.belgae.be\/de\/wp-content\/uploads\/sites\/2\/2023\/08\/cyril_ge_a_paint_palette_Franco-Belgian_comic_style_black_and_w_398eb956-38c1-402d-83e4-e5553a67f966.jpg"},{"@type":"BreadcrumbList","@id":"https:\/\/www.belgae.be\/de\/blog\/modedesigner-belgien-eine-brutstaette-fuer-talente\/#breadcrumb","itemListElement":[{"@type":"ListItem","position":1,"name":"Accueil","item":"https:\/\/www.belgae.be\/de\/"},{"@type":"ListItem","position":2,"name":"Modedesigner: Belgien, eine Brutst\u00e4tte f\u00fcr Talente"}]},{"@type":"WebSite","@id":"https:\/\/www.belgae.be\/de\/#website","url":"https:\/\/www.belgae.be\/de\/","name":"Belgae","description":"Belgische Kunst &amp; Mode","publisher":{"@id":"https:\/\/www.belgae.be\/de\/#organization"},"potentialAction":[{"@type":"SearchAction","target":{"@type":"EntryPoint","urlTemplate":"https:\/\/www.belgae.be\/de\/?s={search_term_string}"},"query-input":{"@type":"PropertyValueSpecification","valueRequired":true,"valueName":"search_term_string"}}],"inLanguage":"de"},{"@type":"Organization","@id":"https:\/\/www.belgae.be\/de\/#organization","name":"Belgae","url":"https:\/\/www.belgae.be\/de\/","logo":{"@type":"ImageObject","inLanguage":"de","@id":"https:\/\/www.belgae.be\/de\/#\/schema\/logo\/image\/","url":"https:\/\/www.belgae.be\/de\/wp-content\/uploads\/sites\/2\/2023\/07\/Sans-titre1-Copie.png","contentUrl":"https:\/\/www.belgae.be\/de\/wp-content\/uploads\/sites\/2\/2023\/07\/Sans-titre1-Copie.png","width":88,"height":88,"caption":"Belgae"},"image":{"@id":"https:\/\/www.belgae.be\/de\/#\/schema\/logo\/image\/"}},{"@type":"Person","@id":"https:\/\/www.belgae.be\/de\/#\/schema\/person\/646b40b88212bc5335f9c4fa787df047","name":"Cyril Gendarme","sameAs":["https:\/\/www.belgae.be"],"url":"https:\/\/www.belgae.be\/de\/blog\/author\/cgen\/"}]}},"_links":{"self":[{"href":"https:\/\/www.belgae.be\/de\/wp-json\/wp\/v2\/posts\/2904","targetHints":{"allow":["GET"]}}],"collection":[{"href":"https:\/\/www.belgae.be\/de\/wp-json\/wp\/v2\/posts"}],"about":[{"href":"https:\/\/www.belgae.be\/de\/wp-json\/wp\/v2\/types\/post"}],"author":[{"embeddable":true,"href":"https:\/\/www.belgae.be\/de\/wp-json\/wp\/v2\/users\/1"}],"replies":[{"embeddable":true,"href":"https:\/\/www.belgae.be\/de\/wp-json\/wp\/v2\/comments?post=2904"}],"version-history":[{"count":0,"href":"https:\/\/www.belgae.be\/de\/wp-json\/wp\/v2\/posts\/2904\/revisions"}],"wp:featuredmedia":[{"embeddable":true,"href":"https:\/\/www.belgae.be\/de\/wp-json\/"}],"wp:attachment":[{"href":"https:\/\/www.belgae.be\/de\/wp-json\/wp\/v2\/media?parent=2904"}],"wp:term":[{"taxonomy":"category","embeddable":true,"href":"https:\/\/www.belgae.be\/de\/wp-json\/wp\/v2\/categories?post=2904"},{"taxonomy":"post_tag","embeddable":true,"href":"https:\/\/www.belgae.be\/de\/wp-json\/wp\/v2\/tags?post=2904"}],"curies":[{"name":"wp","href":"https:\/\/api.w.org\/{rel}","templated":true}]}}